
    {"id":19891,"date":"2025-11-10T21:53:04","date_gmt":"2025-11-10T21:53:04","guid":{"rendered":"https:\/\/lindstromgroup.com\/uk\/?p=19891"},"modified":"2025-11-18T13:02:27","modified_gmt":"2025-11-18T13:02:27","slug":"from-black-friday-to-circular-monday","status":"publish","type":"post","link":"https:\/\/lindstromgroup.com\/uk\/article\/from-black-friday-to-circular-monday\/","title":{"rendered":"From Black Friday to Circular Monday: When the way we think about consumption changes"},"content":{"rendered":"\n    <div\n        id=\"block_2bdb8f8c86aa686893a7b7e1e66c3edf\"\n        class=\"hero-sub hero-sub--block_2bdb8f8c86aa686893a7b7e1e66c3edf  flex flex-col-reverse lg:flex-row justify-between bg-dark-blue text-white\"\n    >        \n        <div class=\"flex flex-col gap-5 pt-10 pb-5 grow px-5 lg:px-20\">\n            <div class=\"flex flex-col justify-center gap-3 grow max-w-[var(--container-text-max)]\">\n                <h1 class=\"!mb-0 !text-white !text-title-medium lg:!text-title-large !font-bold hyphens-auto break-words\">\n                    From Black Friday to Circular Monday                <\/h1>\n    \n                <div class=\"hero-sub__description\">\n                    <p>When the way we think about consumption changes<\/p>\n                <\/div>\n    \n                                    <div class=\"flex flex-col flex-wrap gap-3 mt-3 md:flex-row\">\n                                                                                                <\/div>\n                \n                            <\/div>\n                            <div class=\"font-bold hero-sub__breadcrumb text-body-small\">\n                        <span><span><a href=\"https:\/\/lindstromgroup.com\/uk\/\">Home<\/a><\/span><\/span>                <\/div>\n                    <\/div>\n\n        <div class=\"[&#038;_picture]:w-full flex h-full lg:h-auto max-h-[350px] lg:max-h-none lg:min-h-full w-full lg:w-[650px]\">\n            <img decoding=\"async\"\n                class=\"object-cover w-full h-full\"\n                src=\"https:\/\/d2ris6qfzcz0wn.cloudfront.net\/wp-content\/uploads\/sites\/10\/2025\/11\/lindstrom-od-black-friday-k-circular-monday-112025-1-1024x694.jpg\"\n                alt=\"When the way we think about consumption changes\"\n            >\n        <\/div>\n    <\/div>\n\n\n\n        <div\n        id=\"block_c6bd92984b0acfe67f804b1bff77cbfb\" \n        class=\"anchor-link anchor-link--block_c6bd92984b0acfe67f804b1bff77cbfb \"\n        >\n            <div class=\"anchor-links__navbar lindstrom-container lindstrom-container--content has-scrolling-gradient\">\n                <ul>\n                                        <li class=\"navbar__item\">\n                        <a \n                            href=\"#From-discounts-to-responsibility\" \n                            onMouseOver=\"this.style.color='#003f72'\" \n                            onMouseOut=\"this.style.color='var(--color-grey-50)'\">\n                                From discounts to responsibility                        <\/a>\n                    <\/li>\n                                        <li class=\"navbar__item\">\n                        <a \n                            href=\"#Circular-Monday\" \n                            onMouseOver=\"this.style.color='#003f72'\" \n                            onMouseOut=\"this.style.color='var(--color-grey-50)'\">\n                                Circular Monday                        <\/a>\n                    <\/li>\n                                        <li class=\"navbar__item\">\n                        <a \n                            href=\"#Circular-economy-in-practice\" \n                            onMouseOver=\"this.style.color='#003f72'\" \n                            onMouseOut=\"this.style.color='var(--color-grey-50)'\">\n                                Circular economy in practice                        <\/a>\n                    <\/li>\n                                    <\/ul>\n            <\/div>\n        <\/div>\n    \n\n\n        <style>\n            .lindstrom-container--block_639cae17c9cb2c30babf206d9c0ea479 {                \n                padding-top: 35px;\n                padding-bottom: 35px;\n            }\n\n            @media screen and (min-width: 768px) {\n                .lindstrom-container--block_639cae17c9cb2c30babf206d9c0ea479 {\n                    padding-top: 35px;\n                    padding-bottom: 75px;\n                }\n            }\n        <\/style>\n    \n<div\n    class=\"lindstrom-container-wrapper lindstrom-container lindstrom-container--block_639cae17c9cb2c30babf206d9c0ea479 \"\n    id=\"block_639cae17c9cb2c30babf206d9c0ea479\"\n    style=\"background-color: #ffffff\"\n    >\n    <div class=\"lindstrom-container lindstrom-container--text items-stretch\">\n        \n\n        <div \n        id=\"Why-Brand-Matters\" \n        class=\"cta-country\"\n    >\n        <div class=\"flex flex-col gap-5\" style=\"align-items: flex-start\">\n                                        <div class=\"cta-text\"><p><strong><span dir=\"auto\">Black Friday is the biggest sale of the year. This \u201choliday\u201d originated in the US in the 1980s and today is a symbol not only of cheap Christmas gifts, but above all of excessive consumption, waste, misleading advertising and adverse environmental impacts. Try something different this year and join the Circular Monday initiative instead of Black Friday. Not only will you save yourself the stress of the shopping frenzy, but you will also reduce the impact of Christmas on the planet.<\/span><\/strong><\/p>\n<\/div>\n                        <div class=\"cta-button-container cta-button-container--row\">\n                            <\/div>\n        <\/div>\n    <\/div>\n    \n\n\n        <div \n        id=\"From-discounts-to-responsibility\" \n        class=\"cta-country\"\n    >\n        <div class=\"flex flex-col gap-5\" style=\"align-items: flex-start\">\n                            <h3 class='!text-title-subhead lg:!text-title-small !text-grey-100 !font-bold !my-0'>                    From discounts to responsibility                <\/h3>                                        <div class=\"cta-text\"><p><span dir=\"auto\">Christmas sales are attractive to some people, but\u00a0<\/span><span dir=\"auto\">more and more customers are seeing them negatively<\/span><span dir=\"auto\">\u00a0. Some of\u00a0<\/span><a href=\"https:\/\/www.climatepartner.com\/en\/knowledge\/blog\/black-friday-carbon-data\" target=\"_blank\" rel=\"noreferrer noopener\"><span dir=\"auto\">the data about Black Friday<\/span><\/a><span dir=\"auto\">\u00a0is truly worrying:<\/span><\/p>\n<ul class=\"wp-block-list\">\n<li><span dir=\"auto\">Up to 80% of products purchased during Black Friday are\u00a0<\/span><span dir=\"auto\">thrown away after a few uses<\/span><span dir=\"auto\">\u00a0.<\/span><\/li>\n<li><span dir=\"auto\">Up to 33% of purchased products are returned, which can generate up to\u00a0<\/span><span dir=\"auto\">30% more emissions<\/span><span dir=\"auto\">\u00a0per item than the original delivery.<\/span><\/li>\n<li><span dir=\"auto\">Between Black Friday and New Year&#8217;s,\u00a0<\/span><span dir=\"auto\">household waste in the US increases by 25%<\/span><span dir=\"auto\">\u00a0, with packaging often not being recycled.<\/span><\/li>\n<li><span dir=\"auto\">It is estimated that\u00a0<\/span><span dir=\"auto\">up to 429,000 tonnes of CO\u2082 will be emitted during Black Friday from product transport alone<\/span><span dir=\"auto\">\u00a0, the equivalent of 435 return flights from London to New York.<\/span><\/li>\n<\/ul>\n<p><a href=\"https:\/\/www.circularmonday.com\/\" target=\"_blank\" rel=\"noreferrer noopener\"><span dir=\"auto\">Circular Monday<\/span><\/a><span dir=\"auto\">\u00a0is a widely recognized global movement that originated in Sweden in response to the negative impacts of Christmas on the planet. It is celebrated every year on the Monday before Black Friday, this year on\u00a0<\/span><strong><span dir=\"auto\">November 24, 2025<\/span><span dir=\"auto\">\u00a0.<\/span><\/strong><\/p>\n<\/div>\n                        <div class=\"cta-button-container cta-button-container--row\">\n                            <\/div>\n        <\/div>\n    <\/div>\n    \n\n\n<div class=\"wp-block-columns is-layout-flex wp-container-core-columns-is-layout-28f84493 wp-block-columns-is-layout-flex\">\n<div class=\"wp-block-column is-layout-flow wp-block-column-is-layout-flow\">\n<p>Its main idea is\u00a0<strong>to reject excessive and linear consumption<\/strong>, which is promoted by Black Friday. Circular Monday, as the name suggests, is based on the idea of\u00a0<a href=\"https:\/\/lindstromgroup.com\/cz\/article\/cirkularni-ekonomika-aneb-odpad-jako-hodnotny-zdroj-surovin\/\">\u200b\u200ba circular economy<\/a>\u00a0and promotes responsible and moderate Christmas shopping and recycling.<\/p>\n\n\n\n<p><\/p>\n\n\n\n<p>Circular Monday aims to&nbsp;<strong>reduce waste during Christmas, reduce consumption and use resources more efficiently . During the day,&nbsp;<\/strong><a href=\"https:\/\/lindstromgroup.com\/cz\/article\/spolecenska-odpovednost-udrzitelnost-retailu\/\">responsible retailers<\/a>&nbsp;come together&nbsp;to offer their sustainable goods at a discount. You can buy recycled products, second-hand goods, or use repair, rental and sharing services.<\/p>\n<\/div>\n\n\n\n<div class=\"wp-block-column is-layout-flow wp-block-column-is-layout-flow\">\n<figure class=\"wp-block-gallery has-nested-images columns-default is-cropped wp-block-gallery-1 is-layout-flex wp-block-gallery-is-layout-flex\">\n<figure class=\"wp-block-image size-large has-custom-border\"><img decoding=\"async\" width=\"1024\" height=\"683\" data-id=\"19888\" src=\"https:\/\/d2ris6qfzcz0wn.cloudfront.net\/wp-content\/uploads\/sites\/10\/2025\/11\/lindstrom-od-black-friday-k-circular-monday-112025-2-1024x683.jpg\" alt=\"Black Friday is now a symbol of excessive consumerism that is devastating our planet.\" class=\"wp-image-19888\" style=\"border-radius:30px\" srcset=\"https:\/\/d2ris6qfzcz0wn.cloudfront.net\/wp-content\/uploads\/sites\/10\/2025\/11\/lindstrom-od-black-friday-k-circular-monday-112025-2-1024x683.jpg 1024w, https:\/\/d2ris6qfzcz0wn.cloudfront.net\/wp-content\/uploads\/sites\/10\/2025\/11\/lindstrom-od-black-friday-k-circular-monday-112025-2-300x200.jpg 300w, https:\/\/d2ris6qfzcz0wn.cloudfront.net\/wp-content\/uploads\/sites\/10\/2025\/11\/lindstrom-od-black-friday-k-circular-monday-112025-2-768x512.jpg 768w, https:\/\/d2ris6qfzcz0wn.cloudfront.net\/wp-content\/uploads\/sites\/10\/2025\/11\/lindstrom-od-black-friday-k-circular-monday-112025-2-1536x1024.jpg 1536w, https:\/\/d2ris6qfzcz0wn.cloudfront.net\/wp-content\/uploads\/sites\/10\/2025\/11\/lindstrom-od-black-friday-k-circular-monday-112025-2.jpg 1920w\" sizes=\"(max-width: 1024px) 100vw, 1024px\" \/><figcaption class=\"wp-element-caption\"><em>Black Friday is now a symbol of excessive consumerism that is devastating our planet.<\/em><\/figcaption><\/figure>\n<\/figure>\n<\/div>\n<\/div>\n\n\n\n<div style=\"height:23px\" aria-hidden=\"true\" class=\"wp-block-spacer\"><\/div>\n\n\n\n<p>Our company philosophy is also based on the principles of the circular economy.&nbsp;<br><a href=\"https:\/\/lindstromgroup.com\/cz\/servisni-sluzby\/pronajem-pracovnich-odevu\/\" target=\"_blank\" rel=\"noreferrer noopener\">Renting sustainable workwear<\/a>&nbsp;instead of buying it&nbsp;<strong>significantly reduces the amount of&nbsp;<a href=\"https:\/\/lindstromgroup.com\/cz\/article\/kde-konci-textilni-odpad-pet-lahve\/\">textile waste<\/a><\/strong>&nbsp;by allowing individual pieces to be used repeatedly. Thanks to our services, you don&#8217;t have to buy workwear or deal with what to do with unused or discarded pieces &#8211; we take care of everything for you, with maximum respect for the environment.<\/p>\n\n\n\n<div style=\"height:28px\" aria-hidden=\"true\" class=\"wp-block-spacer\"><\/div>\n\n\n\n        <div \n        id=\"Circular-Monday\" \n        class=\"cta-country\"\n    >\n        <div class=\"flex flex-col gap-5\" style=\"align-items: flex-start\">\n                            <h3 class='!text-title-subhead lg:!text-title-small !text-grey-100 !font-bold !my-0'>                    How to participate in Circular Monday?                <\/h3>                                        <div class=\"cta-text\"><p><span dir=\"auto\">Anyone can support this initiative by actively participating, purchasing from responsible companies and retailers, or\u00a0<\/span><span dir=\"auto\">sharing information with the hashtag #circularmonday<\/span><span dir=\"auto\">\u00a0.<\/span><\/p>\n<p><span dir=\"auto\">But data is an important step towards real change. You can calculate your carbon footprint with\u00a0<\/span><a href=\"https:\/\/climatehero.me\/\" target=\"_blank\" rel=\"noreferrer noopener\"><span dir=\"auto\">the Climate Hero personal calculator<\/span><\/a><span dir=\"auto\">\u00a0. Just enter a few details and within 5 minutes you will find out how your life impacts the environment and what you can easily improve. You may be surprised to learn that even a small change in your habits can have a significant impact on reducing greenhouse gas emissions.<\/span><\/p>\n<p><span dir=\"auto\">Of course, companies can also participate in Circular Monday\u00a0<\/span><span dir=\"auto\">, even if they do not offer eco-friendly products themselves<\/span><span dir=\"auto\"> . You can, for example, buy recycled corporate gifts for clients and employees, organise a Christmas swap, donate unwanted property to non-profit organisations or reuse platforms, or organise an educational seminar and <\/span><a href=\"https:\/\/lindstromgroup.com\/cz\/article\/diy-vanocni-dekorace\/\"><span dir=\"auto\">upcycling workshop<\/span><\/a><span dir=\"auto\">\u00a0for employees.<\/span><\/p>\n<p><span dir=\"auto\">Your suppliers are also key to sustainability. During Circular Monday, you can partner with a local zero-waste catering company or start\u00a0<\/span><span dir=\"auto\">renting equipment instead of buying it<\/span><span dir=\"auto\">\u00a0.<\/span><\/p>\n<p><span dir=\"auto\">If you decide to rent Lindstr\u00f6m workwear, you will not only demonstrably reduce your carbon footprint, but\u00a0<\/span><a href=\"https:\/\/lindstromgroup.com\/cz\/elindstrom-2\/\"><span dir=\"auto\">in the eLindstr\u00f6m application<\/span><\/a><span dir=\"auto\">\u00a0we\u00a0<\/span><a href=\"https:\/\/lindstromgroup.com\/cz\/article\/vice-transparentni-udaje-o-emisich-na-elindstrom\/\"><span dir=\"auto\">will also calculate the specific\u00a0<\/span><\/a><span dir=\"auto\">environmental\u00a0<\/span><span dir=\"auto\"><a href=\"https:\/\/lindstromgroup.com\/cz\/article\/vice-transparentni-udaje-o-emisich-na-elindstrom\/\">benefits of our services<\/a>\u00a0. Thanks to this, you will increase your reputation with customers and employees who care more about sustainability than you might think.<\/span><\/p>\n<\/div>\n                        <div class=\"cta-button-container cta-button-container--row\">\n                            <\/div>\n        <\/div>\n    <\/div>\n    \n\n\n        <div \n        id=\"Values-into-Motion\" \n        class=\"cta-country\"\n    >\n        <div class=\"flex flex-col gap-5\" style=\"align-items: flex-start\">\n                            <h3 class='!text-title-subhead lg:!text-title-small !text-grey-100 !font-bold !my-0'>                    Norstat study shows that employees demand higher environmental standards in the workplace                <\/h3>                                        <div class=\"cta-text\"><p><span dir=\"auto\">Companies and employers are interested in the findings of the Norstat agency, which conducted\u00a0<\/span><a href=\"https:\/\/lindstromgroup.com\/cz\/article\/studie-norstat-potravinarska-vyroba\/\"><span dir=\"auto\">an extensive survey<\/span><\/a><span dir=\"auto\"> among employees in 11 countries.\u00a0<\/span><\/p>\n<p><strong><span dir=\"auto\">At Lindstr\u00f6m, we produce, clean, maintain, repair and recycle<\/span><\/strong><span dir=\"auto\">\u00a0workwear in an environmentally friendly manner\u00a0, and we provide transparent data on all our processes. We are proud holders of the prestigious\u00a0<\/span><a href=\"https:\/\/lindstromgroup.com\/cz\/article\/lindstrom-ziskal-platinovou-medaili-ecovadis-za-vynikajici-vykon-v-oblasti-udrzitelnosti\/\"><span dir=\"auto\">Ecovadis Platinum Medal<\/span><\/a><span dir=\"auto\">, which places us among the top 1% of companies in the field of sustainability.<\/span><\/p>\n<\/div>\n                        <div class=\"cta-button-container cta-button-container--row\">\n                            <\/div>\n        <\/div>\n    <\/div>\n    \n\n\n<div class=\"wp-block-columns is-layout-flex wp-container-core-columns-is-layout-28f84493 wp-block-columns-is-layout-flex\">\n<div class=\"wp-block-column is-layout-flow wp-block-column-is-layout-flow\">\n<figure class=\"wp-block-gallery has-nested-images columns-default is-cropped wp-block-gallery-2 is-layout-flex wp-block-gallery-is-layout-flex\">\n<figure class=\"wp-block-image size-large has-custom-border is-style-rounded\"><img decoding=\"async\" width=\"1024\" height=\"683\" data-id=\"19468\" src=\"https:\/\/d2ris6qfzcz0wn.cloudfront.net\/wp-content\/uploads\/sites\/10\/2025\/07\/Lindstrom_WWS_Ammattilainen_Palveluksessasi_2025_Kati_Guttormssen-Rajala_highvis_2-1024x683.jpg\" alt=\"Lindstr\u00f6m workwear is functional, comfortable and sustainable\" class=\"wp-image-19468\" style=\"border-radius:30px\" srcset=\"https:\/\/d2ris6qfzcz0wn.cloudfront.net\/wp-content\/uploads\/sites\/10\/2025\/07\/Lindstrom_WWS_Ammattilainen_Palveluksessasi_2025_Kati_Guttormssen-Rajala_highvis_2-1024x683.jpg 1024w, https:\/\/d2ris6qfzcz0wn.cloudfront.net\/wp-content\/uploads\/sites\/10\/2025\/07\/Lindstrom_WWS_Ammattilainen_Palveluksessasi_2025_Kati_Guttormssen-Rajala_highvis_2-300x200.jpg 300w, https:\/\/d2ris6qfzcz0wn.cloudfront.net\/wp-content\/uploads\/sites\/10\/2025\/07\/Lindstrom_WWS_Ammattilainen_Palveluksessasi_2025_Kati_Guttormssen-Rajala_highvis_2-768x512.jpg 768w, https:\/\/d2ris6qfzcz0wn.cloudfront.net\/wp-content\/uploads\/sites\/10\/2025\/07\/Lindstrom_WWS_Ammattilainen_Palveluksessasi_2025_Kati_Guttormssen-Rajala_highvis_2.jpg 1499w\" sizes=\"(max-width: 1024px) 100vw, 1024px\" \/><figcaption class=\"wp-element-caption\"><em>Lindstr\u00f6m workwear is functional, comfortable and sustainable<\/em><\/figcaption><\/figure>\n<\/figure>\n<\/div>\n<\/div>\n\n\n\n        <div \n        id=\"Circular-economy-in-practice\" \n        class=\"cta-country\"\n    >\n        <div class=\"flex flex-col gap-5\" style=\"align-items: flex-start\">\n                            <h3 class='!text-title-subhead lg:!text-title-small !text-grey-100 !font-bold !my-0'>                    Circular economy in practice: every step counts                <\/h3>                                        <div class=\"cta-text\"><p><span dir=\"auto\">Black Friday is now a relic that has become a sad symbol of an irresponsible consumer society. Help create\u00a0<\/span><span dir=\"auto\">a new normal of conscious consumption<\/span><span dir=\"auto\">\u00a0and instead of impulsive Christmas shopping, join Circular Monday this year.<\/span><\/p>\n<p><span dir=\"auto\">Environmental responsibility is about long-term change and should not\u00a0<\/span><a href=\"https:\/\/lindstromgroup.com\/cz\/article\/diy-vanocni-dekorace\/\"><span dir=\"auto\">end at Christmas<\/span><\/a><span dir=\"auto\">\u00a0. Companies can consider\u00a0<\/span><span dir=\"auto\">using circular services<\/span><span dir=\"auto\">\u00a0, effectively monitor their emissions and educate their employees. Sustainability for companies is far from just a legislative obligation. By implementing circular economy and cost-effective practices,\u00a0<\/span><span dir=\"auto\">you save money and time and increase your competitiveness<\/span><span dir=\"auto\">\u00a0. More and more consumers prefer ecological brands and are willing to pay more for them.<\/span><\/p>\n<p><span dir=\"auto\">Everyone can act circularly and choose a sustainable lifestyle. All you need to do is calculate your\u00a0<\/span><a href=\"https:\/\/lindstromgroup.com\/cz\/article\/uhlikova-stopa-a-textilni-odpad\/\"><span dir=\"auto\">carbon footprint , learn to shop wisely, and\u00a0<\/span><\/a><span dir=\"auto\">repair, rent, or share<\/span><span dir=\"auto\">\u00a0things whenever possible\u00a0. Every step counts.<\/span><\/p>\n<\/div>\n                        <div class=\"cta-button-container cta-button-container--row\">\n                            <\/div>\n        <\/div>\n    <\/div>\n    \n\n    <\/div>\n<\/div>\n","protected":false},"excerpt":{"rendered":"","protected":false},"author":70,"featured_media":19889,"comment_status":"closed","ping_status":"closed","sticky":false,"template":"single-long-form.php","format":"standard","meta":{"_acf_changed":true,"inline_featured_image":false,"_eb_attr":"","site-sidebar-layout":"default","site-content-layout":"default","ast-site-content-layout":"default","site-content-style":"default","site-sidebar-style":"default","ast-global-header-display":"","ast-banner-title-visibility":"","ast-main-header-display":"","ast-hfb-above-header-display":"","ast-hfb-below-header-display":"","ast-hfb-mobile-header-display":"","site-post-title":"","ast-breadcrumbs-content":"","ast-featured-img":"","footer-sml-layout":"","ast-disable-related-posts":"","theme-transparent-header-meta":"","adv-header-id-meta":"","stick-header-meta":"","header-above-stick-meta":"","header-main-stick-meta":"","header-below-stick-meta":"","astra-migrate-meta-layouts":"set","ast-page-background-enabled":"default","ast-page-background-meta":{"desktop":{"background-color":"var(--ast-global-color-4)","background-image":"","background-repeat":"repeat","background-position":"center center","background-size":"auto","background-attachment":"scroll","background-type":"","background-media":"","overlay-type":"","overlay-color":"","overlay-opacity":"","overlay-gradient":""},"tablet":{"background-color":"","background-image":"","background-repeat":"repeat","background-position":"center center","background-size":"auto","background-attachment":"scroll","background-type":"","background-media":"","overlay-type":"","overlay-color":"","overlay-opacity":"","overlay-gradient":""},"mobile":{"background-color":"","background-image":"","background-repeat":"repeat","background-position":"center center","background-size":"auto","background-attachment":"scroll","background-type":"","background-media":"","overlay-type":"","overlay-color":"","overlay-opacity":"","overlay-gradient":""}},"ast-content-background-meta":{"desktop":{"background-color":"var(--ast-global-color-5)","background-image":"","background-repeat":"repeat","background-position":"center center","background-size":"auto","background-attachment":"scroll","background-type":"","background-media":"","overlay-type":"","overlay-color":"","overlay-opacity":"","overlay-gradient":""},"tablet":{"background-color":"var(--ast-global-color-5)","background-image":"","background-repeat":"repeat","background-position":"center center","background-size":"auto","background-attachment":"scroll","background-type":"","background-media":"","overlay-type":"","overlay-color":"","overlay-opacity":"","overlay-gradient":""},"mobile":{"background-color":"var(--ast-global-color-5)","background-image":"","background-repeat":"repeat","background-position":"center center","background-size":"auto","background-attachment":"scroll","background-type":"","background-media":"","overlay-type":"","overlay-color":"","overlay-opacity":"","overlay-gradient":""}},"footnotes":""},"categories":[1],"tags":[165,166,15],"coauthors":[25],"class_list":["post-19891","post","type-post","status-publish","format-standard","has-post-thumbnail","hentry","category-article","tag-christmas","tag-holidayseason","tag-sustainability"],"acf":[],"yoast_head":"<!-- This site is optimized with the Yoast SEO plugin v27.2 - https:\/\/yoast.com\/product\/yoast-seo-wordpress\/ -->\n<title>Black Friday to Circular Monday: How Circular Consumption Cuts Waste &amp; CO\u2082 | Lindstr\u00f6m UK<\/title>\n<meta name=\"description\" content=\"Skip the Black Friday overconsumption and choose Circular Monday instead. Discover how circular economy principles, rental workwear and smarter purchasing can reduce waste, lower CO\u2082 emissions and boost your company\u2019s sustainability credentials.\" \/>\n<meta name=\"robots\" content=\"index, follow, max-snippet:-1, max-image-preview:large, max-video-preview:-1\" \/>\n<meta property=\"og:locale\" content=\"en_GB\" \/>\n<meta property=\"og:type\" content=\"article\" \/>\n<meta property=\"og:title\" content=\"Black Friday to Circular Monday: How Circular Consumption Cuts Waste &amp; CO\u2082 | Lindstr\u00f6m UK\" \/>\n<meta property=\"og:description\" content=\"Skip the Black Friday overconsumption and choose Circular Monday instead. Discover how circular economy principles, rental workwear and smarter purchasing can reduce waste, lower CO\u2082 emissions and boost your company\u2019s sustainability credentials.\" \/>\n<meta property=\"og:url\" content=\"https:\/\/lindstromgroup.com\/uk\/article\/from-black-friday-to-circular-monday\/\" \/>\n<meta property=\"og:site_name\" content=\"Lindstr\u00f6m UK\" \/>\n<meta property=\"article:published_time\" content=\"2025-11-10T21:53:04+00:00\" \/>\n<meta property=\"article:modified_time\" content=\"2025-11-18T13:02:27+00:00\" \/>\n<meta property=\"og:image\" content=\"https:\/\/d2ris6qfzcz0wn.cloudfront.net\/wp-content\/uploads\/sites\/10\/2025\/11\/lindstrom-od-black-friday-k-circular-monday-112025-1.jpg\" \/>\n\t<meta property=\"og:image:width\" content=\"1920\" \/>\n\t<meta property=\"og:image:height\" content=\"1301\" \/>\n\t<meta property=\"og:image:type\" content=\"image\/jpeg\" \/>\n<meta name=\"author\" content=\"Pav Panesar\" \/>\n<meta name=\"twitter:card\" content=\"summary_large_image\" \/>\n<meta name=\"twitter:label1\" content=\"Written by\" \/>\n\t<meta name=\"twitter:data1\" content=\"Pav Panesar\" \/>\n\t<meta name=\"twitter:label2\" content=\"Estimated reading time\" \/>\n\t<meta name=\"twitter:data2\" content=\"2 minutes\" \/>\n<script type=\"application\/ld+json\" class=\"yoast-schema-graph\">{\"@context\":\"https:\/\/schema.org\",\"@graph\":[{\"@type\":\"Article\",\"@id\":\"https:\/\/lindstromgroup.com\/uk\/article\/from-black-friday-to-circular-monday\/#article\",\"isPartOf\":{\"@id\":\"https:\/\/lindstromgroup.com\/uk\/article\/from-black-friday-to-circular-monday\/\"},\"author\":{\"name\":\"Pav Panesar\",\"@id\":\"https:\/\/lindstromgroup.com\/uk\/#\/schema\/person\/5d7ab71b4eaa0aa255e64389faf65c89\"},\"headline\":\"From Black Friday to Circular Monday: When the way we think about consumption changes\",\"datePublished\":\"2025-11-10T21:53:04+00:00\",\"dateModified\":\"2025-11-18T13:02:27+00:00\",\"mainEntityOfPage\":{\"@id\":\"https:\/\/lindstromgroup.com\/uk\/article\/from-black-friday-to-circular-monday\/\"},\"wordCount\":200,\"publisher\":{\"@id\":\"https:\/\/lindstromgroup.com\/uk\/#organization\"},\"image\":{\"@id\":\"https:\/\/lindstromgroup.com\/uk\/article\/from-black-friday-to-circular-monday\/#primaryimage\"},\"thumbnailUrl\":\"https:\/\/d2ris6qfzcz0wn.cloudfront.net\/wp-content\/uploads\/sites\/10\/2025\/11\/lindstrom-od-black-friday-k-circular-monday-112025-1.jpg\",\"keywords\":[\"#Christmas\",\"#holidayseason\",\"#sustainability\"],\"articleSection\":[\"Article\"],\"inLanguage\":\"en-GB\"},{\"@type\":\"WebPage\",\"@id\":\"https:\/\/lindstromgroup.com\/uk\/article\/from-black-friday-to-circular-monday\/\",\"url\":\"https:\/\/lindstromgroup.com\/uk\/article\/from-black-friday-to-circular-monday\/\",\"name\":\"Black Friday to Circular Monday: How Circular Consumption Cuts Waste & CO\u2082 | Lindstr\u00f6m UK\",\"isPartOf\":{\"@id\":\"https:\/\/lindstromgroup.com\/uk\/#website\"},\"primaryImageOfPage\":{\"@id\":\"https:\/\/lindstromgroup.com\/uk\/article\/from-black-friday-to-circular-monday\/#primaryimage\"},\"image\":{\"@id\":\"https:\/\/lindstromgroup.com\/uk\/article\/from-black-friday-to-circular-monday\/#primaryimage\"},\"thumbnailUrl\":\"https:\/\/d2ris6qfzcz0wn.cloudfront.net\/wp-content\/uploads\/sites\/10\/2025\/11\/lindstrom-od-black-friday-k-circular-monday-112025-1.jpg\",\"datePublished\":\"2025-11-10T21:53:04+00:00\",\"dateModified\":\"2025-11-18T13:02:27+00:00\",\"description\":\"Skip the Black Friday overconsumption and choose Circular Monday instead. Discover how circular economy principles, rental workwear and smarter purchasing can reduce waste, lower CO\u2082 emissions and boost your company\u2019s sustainability credentials.\",\"breadcrumb\":{\"@id\":\"https:\/\/lindstromgroup.com\/uk\/article\/from-black-friday-to-circular-monday\/#breadcrumb\"},\"inLanguage\":\"en-GB\",\"potentialAction\":[{\"@type\":\"ReadAction\",\"target\":[\"https:\/\/lindstromgroup.com\/uk\/article\/from-black-friday-to-circular-monday\/\"]}]},{\"@type\":\"ImageObject\",\"inLanguage\":\"en-GB\",\"@id\":\"https:\/\/lindstromgroup.com\/uk\/article\/from-black-friday-to-circular-monday\/#primaryimage\",\"url\":\"https:\/\/d2ris6qfzcz0wn.cloudfront.net\/wp-content\/uploads\/sites\/10\/2025\/11\/lindstrom-od-black-friday-k-circular-monday-112025-1.jpg\",\"contentUrl\":\"https:\/\/d2ris6qfzcz0wn.cloudfront.net\/wp-content\/uploads\/sites\/10\/2025\/11\/lindstrom-od-black-friday-k-circular-monday-112025-1.jpg\",\"width\":1920,\"height\":1301,\"caption\":\"Udr\u017eiteln\u00e9 v\u00e1no\u010dn\u00ed d\u00e1rky - Lindstr\u00f6m Czech\"},{\"@type\":\"BreadcrumbList\",\"@id\":\"https:\/\/lindstromgroup.com\/uk\/article\/from-black-friday-to-circular-monday\/#breadcrumb\",\"itemListElement\":[{\"@type\":\"ListItem\",\"position\":1,\"name\":\"Home\",\"item\":\"https:\/\/lindstromgroup.com\/uk\/\"},{\"@type\":\"ListItem\",\"position\":2,\"name\":\"Article\",\"item\":\"https:\/\/lindstromgroup.com\/uk\/category\/article\/\"},{\"@type\":\"ListItem\",\"position\":3,\"name\":\"From Black Friday to Circular Monday: When the way we think about consumption changes\"}]},{\"@type\":\"WebSite\",\"@id\":\"https:\/\/lindstromgroup.com\/uk\/#website\",\"url\":\"https:\/\/lindstromgroup.com\/uk\/\",\"name\":\"Lindstr\u00f6m UK\",\"description\":\"\",\"publisher\":{\"@id\":\"https:\/\/lindstromgroup.com\/uk\/#organization\"},\"potentialAction\":[{\"@type\":\"SearchAction\",\"target\":{\"@type\":\"EntryPoint\",\"urlTemplate\":\"https:\/\/lindstromgroup.com\/uk\/?s={search_term_string}\"},\"query-input\":{\"@type\":\"PropertyValueSpecification\",\"valueRequired\":true,\"valueName\":\"search_term_string\"}}],\"inLanguage\":\"en-GB\"},{\"@type\":\"Organization\",\"@id\":\"https:\/\/lindstromgroup.com\/uk\/#organization\",\"name\":\"Lindstr\u00f6m UK\",\"url\":\"https:\/\/lindstromgroup.com\/uk\/\",\"logo\":{\"@type\":\"ImageObject\",\"inLanguage\":\"en-GB\",\"@id\":\"https:\/\/lindstromgroup.com\/uk\/#\/schema\/logo\/image\/\",\"url\":\"https:\/\/d2ris6qfzcz0wn.cloudfront.net\/wp-content\/uploads\/sites\/10\/2023\/10\/Logo512.png\",\"contentUrl\":\"https:\/\/d2ris6qfzcz0wn.cloudfront.net\/wp-content\/uploads\/sites\/10\/2023\/10\/Logo512.png\",\"width\":512,\"height\":109,\"caption\":\"Lindstr\u00f6m UK\"},\"image\":{\"@id\":\"https:\/\/lindstromgroup.com\/uk\/#\/schema\/logo\/image\/\"}},{\"@type\":\"Person\",\"@id\":\"https:\/\/lindstromgroup.com\/uk\/#\/schema\/person\/5d7ab71b4eaa0aa255e64389faf65c89\",\"name\":\"Pav Panesar\",\"image\":{\"@type\":\"ImageObject\",\"inLanguage\":\"en-GB\",\"@id\":\"https:\/\/d2ris6qfzcz0wn.cloudfront.net\/wp-content\/uploads\/sites\/10\/2024\/07\/1702878612466-150x150.jpg78c4f6ab60832ae9564a58c3b258c479\",\"url\":\"https:\/\/d2ris6qfzcz0wn.cloudfront.net\/wp-content\/uploads\/sites\/10\/2024\/07\/1702878612466-150x150.jpg\",\"contentUrl\":\"https:\/\/d2ris6qfzcz0wn.cloudfront.net\/wp-content\/uploads\/sites\/10\/2024\/07\/1702878612466-150x150.jpg\",\"caption\":\"Pav Panesar\"}}]}<\/script>\n<!-- \/ Yoast SEO plugin. -->","yoast_head_json":{"title":"Black Friday to Circular Monday: How Circular Consumption Cuts Waste & CO\u2082 | Lindstr\u00f6m UK","description":"Skip the Black Friday overconsumption and choose Circular Monday instead. Discover how circular economy principles, rental workwear and smarter purchasing can reduce waste, lower CO\u2082 emissions and boost your company\u2019s sustainability credentials.","robots":{"index":"index","follow":"follow","max-snippet":"max-snippet:-1","max-image-preview":"max-image-preview:large","max-video-preview":"max-video-preview:-1"},"og_locale":"en_GB","og_type":"article","og_title":"Black Friday to Circular Monday: How Circular Consumption Cuts Waste & CO\u2082 | Lindstr\u00f6m UK","og_description":"Skip the Black Friday overconsumption and choose Circular Monday instead. Discover how circular economy principles, rental workwear and smarter purchasing can reduce waste, lower CO\u2082 emissions and boost your company\u2019s sustainability credentials.","og_url":"https:\/\/lindstromgroup.com\/uk\/article\/from-black-friday-to-circular-monday\/","og_site_name":"Lindstr\u00f6m UK","article_published_time":"2025-11-10T21:53:04+00:00","article_modified_time":"2025-11-18T13:02:27+00:00","og_image":[{"width":1920,"height":1301,"url":"https:\/\/d2ris6qfzcz0wn.cloudfront.net\/wp-content\/uploads\/sites\/10\/2025\/11\/lindstrom-od-black-friday-k-circular-monday-112025-1.jpg","type":"image\/jpeg"}],"author":"Pav Panesar","twitter_card":"summary_large_image","twitter_misc":{"Written by":"Pav Panesar","Estimated reading time":"2 minutes"},"schema":{"@context":"https:\/\/schema.org","@graph":[{"@type":"Article","@id":"https:\/\/lindstromgroup.com\/uk\/article\/from-black-friday-to-circular-monday\/#article","isPartOf":{"@id":"https:\/\/lindstromgroup.com\/uk\/article\/from-black-friday-to-circular-monday\/"},"author":{"name":"Pav Panesar","@id":"https:\/\/lindstromgroup.com\/uk\/#\/schema\/person\/5d7ab71b4eaa0aa255e64389faf65c89"},"headline":"From Black Friday to Circular Monday: When the way we think about consumption changes","datePublished":"2025-11-10T21:53:04+00:00","dateModified":"2025-11-18T13:02:27+00:00","mainEntityOfPage":{"@id":"https:\/\/lindstromgroup.com\/uk\/article\/from-black-friday-to-circular-monday\/"},"wordCount":200,"publisher":{"@id":"https:\/\/lindstromgroup.com\/uk\/#organization"},"image":{"@id":"https:\/\/lindstromgroup.com\/uk\/article\/from-black-friday-to-circular-monday\/#primaryimage"},"thumbnailUrl":"https:\/\/d2ris6qfzcz0wn.cloudfront.net\/wp-content\/uploads\/sites\/10\/2025\/11\/lindstrom-od-black-friday-k-circular-monday-112025-1.jpg","keywords":["#Christmas","#holidayseason","#sustainability"],"articleSection":["Article"],"inLanguage":"en-GB"},{"@type":"WebPage","@id":"https:\/\/lindstromgroup.com\/uk\/article\/from-black-friday-to-circular-monday\/","url":"https:\/\/lindstromgroup.com\/uk\/article\/from-black-friday-to-circular-monday\/","name":"Black Friday to Circular Monday: How Circular Consumption Cuts Waste & CO\u2082 | Lindstr\u00f6m UK","isPartOf":{"@id":"https:\/\/lindstromgroup.com\/uk\/#website"},"primaryImageOfPage":{"@id":"https:\/\/lindstromgroup.com\/uk\/article\/from-black-friday-to-circular-monday\/#primaryimage"},"image":{"@id":"https:\/\/lindstromgroup.com\/uk\/article\/from-black-friday-to-circular-monday\/#primaryimage"},"thumbnailUrl":"https:\/\/d2ris6qfzcz0wn.cloudfront.net\/wp-content\/uploads\/sites\/10\/2025\/11\/lindstrom-od-black-friday-k-circular-monday-112025-1.jpg","datePublished":"2025-11-10T21:53:04+00:00","dateModified":"2025-11-18T13:02:27+00:00","description":"Skip the Black Friday overconsumption and choose Circular Monday instead. Discover how circular economy principles, rental workwear and smarter purchasing can reduce waste, lower CO\u2082 emissions and boost your company\u2019s sustainability credentials.","breadcrumb":{"@id":"https:\/\/lindstromgroup.com\/uk\/article\/from-black-friday-to-circular-monday\/#breadcrumb"},"inLanguage":"en-GB","potentialAction":[{"@type":"ReadAction","target":["https:\/\/lindstromgroup.com\/uk\/article\/from-black-friday-to-circular-monday\/"]}]},{"@type":"ImageObject","inLanguage":"en-GB","@id":"https:\/\/lindstromgroup.com\/uk\/article\/from-black-friday-to-circular-monday\/#primaryimage","url":"https:\/\/d2ris6qfzcz0wn.cloudfront.net\/wp-content\/uploads\/sites\/10\/2025\/11\/lindstrom-od-black-friday-k-circular-monday-112025-1.jpg","contentUrl":"https:\/\/d2ris6qfzcz0wn.cloudfront.net\/wp-content\/uploads\/sites\/10\/2025\/11\/lindstrom-od-black-friday-k-circular-monday-112025-1.jpg","width":1920,"height":1301,"caption":"Udr\u017eiteln\u00e9 v\u00e1no\u010dn\u00ed d\u00e1rky - Lindstr\u00f6m Czech"},{"@type":"BreadcrumbList","@id":"https:\/\/lindstromgroup.com\/uk\/article\/from-black-friday-to-circular-monday\/#breadcrumb","itemListElement":[{"@type":"ListItem","position":1,"name":"Home","item":"https:\/\/lindstromgroup.com\/uk\/"},{"@type":"ListItem","position":2,"name":"Article","item":"https:\/\/lindstromgroup.com\/uk\/category\/article\/"},{"@type":"ListItem","position":3,"name":"From Black Friday to Circular Monday: When the way we think about consumption changes"}]},{"@type":"WebSite","@id":"https:\/\/lindstromgroup.com\/uk\/#website","url":"https:\/\/lindstromgroup.com\/uk\/","name":"Lindstr\u00f6m UK","description":"","publisher":{"@id":"https:\/\/lindstromgroup.com\/uk\/#organization"},"potentialAction":[{"@type":"SearchAction","target":{"@type":"EntryPoint","urlTemplate":"https:\/\/lindstromgroup.com\/uk\/?s={search_term_string}"},"query-input":{"@type":"PropertyValueSpecification","valueRequired":true,"valueName":"search_term_string"}}],"inLanguage":"en-GB"},{"@type":"Organization","@id":"https:\/\/lindstromgroup.com\/uk\/#organization","name":"Lindstr\u00f6m UK","url":"https:\/\/lindstromgroup.com\/uk\/","logo":{"@type":"ImageObject","inLanguage":"en-GB","@id":"https:\/\/lindstromgroup.com\/uk\/#\/schema\/logo\/image\/","url":"https:\/\/d2ris6qfzcz0wn.cloudfront.net\/wp-content\/uploads\/sites\/10\/2023\/10\/Logo512.png","contentUrl":"https:\/\/d2ris6qfzcz0wn.cloudfront.net\/wp-content\/uploads\/sites\/10\/2023\/10\/Logo512.png","width":512,"height":109,"caption":"Lindstr\u00f6m UK"},"image":{"@id":"https:\/\/lindstromgroup.com\/uk\/#\/schema\/logo\/image\/"}},{"@type":"Person","@id":"https:\/\/lindstromgroup.com\/uk\/#\/schema\/person\/5d7ab71b4eaa0aa255e64389faf65c89","name":"Pav Panesar","image":{"@type":"ImageObject","inLanguage":"en-GB","@id":"https:\/\/d2ris6qfzcz0wn.cloudfront.net\/wp-content\/uploads\/sites\/10\/2024\/07\/1702878612466-150x150.jpg78c4f6ab60832ae9564a58c3b258c479","url":"https:\/\/d2ris6qfzcz0wn.cloudfront.net\/wp-content\/uploads\/sites\/10\/2024\/07\/1702878612466-150x150.jpg","contentUrl":"https:\/\/d2ris6qfzcz0wn.cloudfront.net\/wp-content\/uploads\/sites\/10\/2024\/07\/1702878612466-150x150.jpg","caption":"Pav Panesar"}}]}},"publishpress_future_workflow_manual_trigger":{"enabledWorkflows":[]},"distributor_meta":false,"distributor_terms":false,"distributor_media":false,"distributor_original_site_name":"Lindstr\u00f6m UK","distributor_original_site_url":"https:\/\/lindstromgroup.com\/uk","push-errors":false,"_links":{"self":[{"href":"https:\/\/lindstromgroup.com\/uk\/wp-json\/wp\/v2\/posts\/19891","targetHints":{"allow":["GET"]}}],"collection":[{"href":"https:\/\/lindstromgroup.com\/uk\/wp-json\/wp\/v2\/posts"}],"about":[{"href":"https:\/\/lindstromgroup.com\/uk\/wp-json\/wp\/v2\/types\/post"}],"author":[{"embeddable":true,"href":"https:\/\/lindstromgroup.com\/uk\/wp-json\/wp\/v2\/users\/70"}],"replies":[{"embeddable":true,"href":"https:\/\/lindstromgroup.com\/uk\/wp-json\/wp\/v2\/comments?post=19891"}],"version-history":[{"count":0,"href":"https:\/\/lindstromgroup.com\/uk\/wp-json\/wp\/v2\/posts\/19891\/revisions"}],"wp:featuredmedia":[{"embeddable":true,"href":"https:\/\/lindstromgroup.com\/uk\/wp-json\/wp\/v2\/media\/19889"}],"wp:attachment":[{"href":"https:\/\/lindstromgroup.com\/uk\/wp-json\/wp\/v2\/media?parent=19891"}],"wp:term":[{"taxonomy":"category","embeddable":true,"href":"https:\/\/lindstromgroup.com\/uk\/wp-json\/wp\/v2\/categories?post=19891"},{"taxonomy":"post_tag","embeddable":true,"href":"https:\/\/lindstromgroup.com\/uk\/wp-json\/wp\/v2\/tags?post=19891"},{"taxonomy":"author","embeddable":true,"href":"https:\/\/lindstromgroup.com\/uk\/wp-json\/wp\/v2\/coauthors?post=19891"}],"curies":[{"name":"wp","href":"https:\/\/api.w.org\/{rel}","templated":true}]}}