
    {"id":17504,"date":"2022-06-25T10:23:00","date_gmt":"2022-06-25T09:23:00","guid":{"rendered":"https:\/\/lindstromgroup.com\/sk\/?p=17504"},"modified":"2025-05-28T08:51:46","modified_gmt":"2025-05-28T07:51:46","slug":"ako-obliekat-v-lete-brigadnikov","status":"publish","type":"post","link":"https:\/\/lindstromgroup.com\/sk\/article\/ako-obliekat-v-lete-brigadnikov\/","title":{"rendered":"Ako oblieka\u0165 v lete brig\u00e1dnikov"},"content":{"rendered":"\n<p><strong>Leto je tu a s n\u00edm nielen dovolenky a pr\u00e1zdniny pri vode, ale taktie\u017e mo\u017enos\u0165 si privyrobi\u0165 na brig\u00e1de pri sez\u00f3nnych pr\u00e1cach. T\u00fato mo\u017enos\u0165 vyu\u017e\u00edvaj\u00fa predov\u0161etk\u00fdm \u0161tudenti, ktor\u00ed okrem zaroben\u00fdch pe\u0148az\u00ed z\u00edskaj\u00fa aj sk\u00fasenosti z pracovn\u00e9ho prostredia, ktor\u00e9 sa im bud\u00fa hodi\u0165 do \u017eivotopisu. S\u00fa v\u0161ak aj dospel\u00ed, ktor\u00ed h\u013eadaj\u00fa pr\u00e1cu, napr\u00edklad ako sez\u00f3nni robotn\u00edci na stavb\u00e1ch, pri zbere ovocia \u010di v st\u00e1nkoch s ob\u010derstven\u00edm.<\/strong><\/p>\n\n\n\n<h2 class=\"wp-block-heading\">Kedy mus\u00ed zamestn\u00e1vate\u013e poskytn\u00fa\u0165 pracovn\u00fd odev aj brig\u00e1dnikom<\/h2>\n\n\n\n<p>Pod\u013ea z\u00e1kona nez\u00e1le\u017e\u00ed na tom, v akom type pracovn\u00e9ho pomeru sa zamestnanec nach\u00e1dza. Je jedno, \u010di pracuje na hlavn\u00fd pracovn\u00fd pomer, ved\u013eaj\u0161\u00ed alebo na niektor\u00fa z doh\u00f4d. V\u017edy, ke\u010f nie je mo\u017en\u00e9 rizik\u00e1 spojen\u00e9 s v\u00fdkonom pr\u00e1ce odstr\u00e1ni\u0165, alebo im aspo\u0148 v\u00fdrazne zabr\u00e1ni\u0165, je zamestn\u00e1vate\u013e povinn\u00fd poskytn\u00fa\u0165 <strong>pracovn\u00fd odev<\/strong> a v\u0161etky \u010fal\u0161ie pom\u00f4cky, ktor\u00e9 zaistia patri\u010dn\u00fa bezpe\u010dnos\u0165.<\/p>\n\n\n\n<p>Z\u00e1le\u017e\u00ed na type pr\u00e1ce a na konkr\u00e9tnych pracovn\u00fdch \u00faloh\u00e1ch. V niektor\u00fdch odboroch sa jedn\u00e1 o <strong>osobn\u00e9 ochrann\u00e9 pom\u00f4cky<\/strong>, ktor\u00e9 maj\u00fa zmierni\u0165 rizik\u00e1 pri pr\u00e1ci. Napr\u00edklad pri pr\u00e1ci vo v\u00fd\u0161kach na stavb\u00e1ch alebo na verejn\u00fdch komunik\u00e1ci\u00e1ch je nutn\u00e9 zaisti\u0165 robotn\u00edkom dostato\u010dn\u00fa vidite\u013enos\u0165 reflexn\u00fdmi vestami, pr\u00edpadne ich chr\u00e1ni\u0165 aj pred otvoren\u00fdm oh\u0148om alebo \u00farazom elektrick\u00fdm pr\u00fadom.<\/p>\n\n\n\n<p>V tak\u00fdchto pr\u00edpadoch nehr\u00e1 \u017eiadnu \u00falohu, \u010di v danej firme zostane \u010dlovek pracova\u0165 do konca \u017eivota, alebo len jedin\u00fd de\u0148. <a href=\"https:\/\/lindstromgroup.com\/sk\/article\/pravidla-bezpecnost-prace\/\">Bezpe\u010dnos\u0165 je d\u00f4le\u017eit\u00e1 <\/a>v ka\u017edom okamihu, a preto zamestn\u00e1vate\u013e mus\u00ed <strong>poskytn\u00fa\u0165 <\/strong><a href=\"https:\/\/lindstromgroup.com\/sk\/sluzby\/servis-pracovneho-oblecenia\/\"><strong>\u0161peci\u00e1lny pracovn\u00fd odev<\/strong> <\/a>u\u017e v de\u0148 n\u00e1stupu. Pod\u013ea \u00a7 12 Z\u00e1kona o bezpe\u010dnosti a ochrane zdravia pri pr\u00e1ci je zamestnanec opr\u00e1vnen\u00fd odmietnu\u0165 v\u00fdkon pr\u00e1ce v pr\u00edpade, \u017ee bezprostredn\u00fdm a z\u00e1va\u017en\u00fdm sp\u00f4sobom ohrozuje jeho \u017eivot \u010di zdravie. Tak\u00e9 odmietnutie potom nie je pova\u017eovan\u00e9 za <strong>nesplnenie povinnosti zamestnanca<\/strong>.<\/p>\n\n\n\n<h2 class=\"wp-block-heading\">Bezpe\u010dnos\u0165 pr\u00e1ce a ochrana zdravia pri pr\u00e1ci vonku m\u00e1 svoje pravidl\u00e1<\/h2>\n\n\n\n<p>Aby sa zamestn\u00e1vatelia vyhli zbyto\u010dn\u00fdm \u00farazom a pokut\u00e1m, musia aj sez\u00f3nnych pracovn\u00edkov vybavi\u0165 vhodn\u00fdm oble\u010den\u00edm a <strong>osobn\u00fdmi ochrann\u00fdmi pom\u00f4ckami<\/strong>.<\/p>\n\n\n\n<p>Zamestn\u00e1vatelia aj zamestnanci maj\u00fa vzh\u013eadom na ochranu zdravia a pou\u017e\u00edvanie osobn\u00fdch ochrann\u00fdch pom\u00f4cok a prostriedkov (OOPP) svoje povinnosti. T\u00ed prv\u00ed musia pom\u00f4cky poskytn\u00fa\u0165. Druh\u00ed sa nechaj\u00fa za\u0161koli\u0165 v r\u00e1mci BOZP, a potom musia pom\u00f4cky pou\u017e\u00edva\u0165.<\/p>\n\n\n\n<p>Medzi osobn\u00e9 ochrann\u00e9 pracovn\u00e9 pom\u00f4cky okrem in\u00e9ho patria:<\/p>\n\n\n\n<ul class=\"wp-block-list\">\n<li>pracovn\u00e9 ochrann\u00e9 odevy a mont\u00e9rky<\/li>\n\n\n\n<li><strong>reflexn\u00e9 vesty<\/strong>, bundy a pod.<\/li>\n\n\n\n<li>ochrana hlavy, ako helma \u010di pracovn\u00e1 \u0161iltovka<\/li>\n\n\n\n<li>\u010fal\u0161ie \u0161pecifick\u00e9 pom\u00f4cky<\/li>\n<\/ul>\n\n\n\n<p>Typick\u00fdmi letn\u00fdmi pr\u00e1cami, pri ktor\u00fdch je nutn\u00e9 zaobera\u0165 sa <a href=\"https:\/\/lindstromgroup.com\/sk\/article\/pracovne-oblecenie-letne-zimne\/\">letn\u00fdmi ochrann\u00fdmi odevmi<\/a>, s\u00fa napr\u00edklad zber ovocia, pr\u00e1ce na stavbe, upratovanie vonkaj\u0161\u00edch priestorov alebo z\u00e1hradn\u00edcke pr\u00e1ce.<\/p>\n\n\n\n<figure class=\"wp-block-image aligncenter size-full is-resized\"><img decoding=\"async\" width=\"1024\" height=\"683\" src=\"https:\/\/d2ris6qfzcz0wn.cloudfront.net\/wp-content\/uploads\/sites\/22\/2024\/05\/Lindstrom-obleceni-pro-brigadniky-leto-02-1024x683-1.jpg\" alt=\"\" class=\"wp-image-17918\" style=\"width:673px;height:auto\" srcset=\"https:\/\/d2ris6qfzcz0wn.cloudfront.net\/wp-content\/uploads\/sites\/22\/2024\/05\/Lindstrom-obleceni-pro-brigadniky-leto-02-1024x683-1.jpg 1024w, https:\/\/d2ris6qfzcz0wn.cloudfront.net\/wp-content\/uploads\/sites\/22\/2024\/05\/Lindstrom-obleceni-pro-brigadniky-leto-02-1024x683-1-300x200.jpg 300w, https:\/\/d2ris6qfzcz0wn.cloudfront.net\/wp-content\/uploads\/sites\/22\/2024\/05\/Lindstrom-obleceni-pro-brigadniky-leto-02-1024x683-1-768x512.jpg 768w\" sizes=\"(max-width: 1024px) 100vw, 1024px\" \/><figcaption class=\"wp-element-caption\"><em>Obr\u00e1zok: V stavebn\u00edctve pracovn\u00e9 odevy zais\u0165uj\u00fa bezpe\u010dnos\u0165 a rozl\u00ed\u0161enie pracovn\u00edkov.<\/em><\/figcaption><\/figure>\n\n\n\n<h2 class=\"wp-block-heading\">P\u00e1r pr\u00edkladov pracovn\u00fdch odevov v r\u00f4znych prev\u00e1dzkach<\/h2>\n\n\n\n<p>Ak\u00e9 ochrann\u00e9 odevy zamestn\u00e1vatelia typicky poskytuj\u00fa svojim zamestnancom v r\u00f4znych odboroch?<\/p>\n\n\n\n<h3 class=\"wp-block-heading\">V\u00fdroba potrav\u00edn<\/h3>\n\n\n\n<ul class=\"wp-block-list\">\n<li>Biely pracovn\u00fd pl\u00e1\u0161\u0165<\/li>\n\n\n\n<li>\u0160atka alebo \u010diapka proti padaniu vlasov<\/li>\n\n\n\n<li><strong>Pracovn\u00e1 z\u00e1stera<\/strong><\/li>\n\n\n\n<li>Pracovn\u00e9 tri\u010dko<\/li>\n\n\n\n<li>Pracovn\u00e9 nohavice<\/li>\n<\/ul>\n\n\n\n<h3 class=\"wp-block-heading\">Chladn\u00e9 prostredie<\/h3>\n\n\n\n<p>(napr\u00edklad mraziarne)<\/p>\n\n\n\n<ul class=\"wp-block-list\">\n<li>Softshellov\u00e9 nohavice<\/li>\n\n\n\n<li>Rukavice s teplou vlo\u017ekou<\/li>\n\n\n\n<li>Obuv s teplou vlo\u017ekou<\/li>\n\n\n\n<li>\u010ciapka<\/li>\n\n\n\n<li>Zimn\u00e1 pracovn\u00e1 bunda \u010di kab\u00e1t so zatep\u013eovacou vlo\u017ekou<\/li>\n\n\n\n<li><strong>Pracovn\u00e1 mikina<\/strong><\/li>\n<\/ul>\n\n\n\n<h3 class=\"wp-block-heading\">Stavba<\/h3>\n\n\n\n<ul class=\"wp-block-list\">\n<li>Pracovn\u00e1 bl\u00faza<\/li>\n\n\n\n<li><strong>Mont\u00e9rky<\/strong><\/li>\n\n\n\n<li>Pracovn\u00e9 rukavice<\/li>\n\n\n\n<li>Reflexn\u00e1 vesta<\/li>\n<\/ul>\n\n\n\n<h3 class=\"wp-block-heading\">Zv\u00e1ranie<\/h3>\n\n\n\n<ul class=\"wp-block-list\">\n<li>Zv\u00e1ra\u010dsk\u00e9 ko\u017een\u00e9 rukavice<\/li>\n\n\n\n<li>Oh\u0148ovzdorn\u00fd oblek<\/li>\n\n\n\n<li>Pracovn\u00e1 obuv<\/li>\n\n\n\n<li>Zv\u00e1ra\u010dsk\u00e1 z\u00e1stera<\/li>\n<\/ul>\n\n\n\n<h3 class=\"wp-block-heading\">Sez\u00f3nne pr\u00e1ce v sade alebo na poli<\/h3>\n\n\n\n<ul class=\"wp-block-list\">\n<li><a href=\"https:\/\/lindstromgroup.com\/sk\/sluzby\/servis-pracovneho-oblecenia\/pracovne-nohavice-nohavice-s-trakmi-kombinezy\/\">Pracovn\u00e9 nohavice<\/a> so zosilnenou l\u00e1tkou v sede a na kolen\u00e1ch s odop\u00ednac\u00edmi spodn\u00fdmi dielmi (odopnut\u00edm vznikn\u00fa pracovn\u00e9 \u0161ortky)<\/li>\n\n\n\n<li>\u013dahk\u00e9 pracovn\u00e9 tri\u010dk\u00e1<\/li>\n\n\n\n<li>Pracovn\u00e9 mikiny<\/li>\n<\/ul>\n\n\n\n<h2 class=\"wp-block-heading\">Reprezentat\u00edvne prostredie, kde s\u00fa brig\u00e1dnici na o\u010diach<\/h2>\n\n\n\n<p>V st\u00e1nku so zmrzlinou, v kaviarni, v supermarkete a na \u010fal\u0161\u00edch podobn\u00fdch miestach s\u00fa brig\u00e1dnici v priamom kontakte so z\u00e1kazn\u00edkmi. Nie je to nebezpe\u010dn\u00e1 pr\u00e1ca, tak\u017ee na pracovn\u00e9 odevy nemaj\u00fa n\u00e1rok a \u010dasto si nosia svoje oble\u010denie. Z\u00e1le\u017e\u00ed len na konkr\u00e9tnej firme alebo podnikate\u013eovi, \u010di si praje, aby to jeho zamestnancom pristalo a aby reprezentovali jeho firmu <strong>v pracovn\u00fdch odevoch vo firemn\u00fdch farb\u00e1ch a s logom<\/strong>. Niekedy sta\u010d\u00ed iba firemn\u00e9 pracovn\u00e9 tri\u010dko.<\/p>\n\n\n\n<p>V ka\u017edej profesii je r\u00f4zne riziko za\u0161pinenia sa a je potrebn\u00e1 r\u00f4zna frekvencia prania (v lete vy\u0161\u0161ia aj kv\u00f4li teplot\u00e1m a hygiene). V tomto pr\u00edpade nejde o ochrann\u00e9 pracovn\u00e9 prostriedky, ale zamestn\u00e1vate\u013e toto oble\u010denie a jeho \u00fadr\u017ebu m\u00f4\u017ee zais\u0165ova\u0165 na svoje n\u00e1klady.<\/p>\n\n\n\n<figure class=\"wp-block-image aligncenter size-full is-resized\"><img decoding=\"async\" width=\"1024\" height=\"685\" src=\"https:\/\/d2ris6qfzcz0wn.cloudfront.net\/wp-content\/uploads\/sites\/22\/2024\/05\/Lindstrom-obleceni-pro-brigadniky-leto-03-1024x685-1.jpg\" alt=\"\" class=\"wp-image-17919\" srcset=\"https:\/\/d2ris6qfzcz0wn.cloudfront.net\/wp-content\/uploads\/sites\/22\/2024\/05\/Lindstrom-obleceni-pro-brigadniky-leto-03-1024x685-1.jpg 1024w, https:\/\/d2ris6qfzcz0wn.cloudfront.net\/wp-content\/uploads\/sites\/22\/2024\/05\/Lindstrom-obleceni-pro-brigadniky-leto-03-1024x685-1-300x201.jpg 300w, https:\/\/d2ris6qfzcz0wn.cloudfront.net\/wp-content\/uploads\/sites\/22\/2024\/05\/Lindstrom-obleceni-pro-brigadniky-leto-03-1024x685-1-768x514.jpg 768w\" sizes=\"(max-width: 1024px) 100vw, 1024px\" \/><figcaption class=\"wp-element-caption\"><em>Obr\u00e1zok: Brig\u00e1dnikov v\u00eddame \u010dasto v re\u0161taur\u00e1ci\u00e1ch a kaviar\u0148ach. Zdroj: Pixabay.com<\/em><\/figcaption><\/figure>\n\n\n\n<h2 class=\"wp-block-heading\">M\u00e1 zamestnanec n\u00e1rok na pranie pracovn\u00fdch odevov?<\/h2>\n\n\n\n<p>Z\u00e1sadn\u00fa \u00falohu zohr\u00e1va rozl\u00ed\u0161enie, \u010di sa jedn\u00e1 len o \u201epracovn\u00fd odev&#8220;, alebo o <strong>osobn\u00e9 ochrann\u00e9 pracovn\u00e9 prostriedky<\/strong> (OOPP). V pr\u00edpade OOPP zamestn\u00e1vate\u013e mus\u00ed zabezpe\u010di\u0165 \u010distenie \u010di pranie, v prvom pr\u00edpade k tomu nie je viazan\u00fd z\u00e1konom \u010di nariaden\u00edm. V niektor\u00fdch spolo\u010dnostiach, ktor\u00e9 maj\u00fa z\u00e1ujem, aby ich zamestnanci boli upraven\u00ed, hygienicky \u010dist\u00ed a dobre reprezentovali, je pranie a \u010distenie pracovn\u00fdch odevov jedn\u00fdm z poskytovan\u00fdch benefitov.<\/p>\n\n\n\n<h3 class=\"wp-block-heading\">Koniec pracovn\u00e9ho pomeru a vr\u00e1tenie pracovn\u00e9ho odevu<\/h3>\n\n\n\n<p>Po skon\u010den\u00ed brig\u00e1dy by mal pracovn\u00edk pracovn\u00e9 oble\u010denie a obuv vr\u00e1ti\u0165 (ak nimi bol firmou vybaven\u00fd). Na \u010do v\u0161ak zamestn\u00e1vate\u013e nem\u00e1 pr\u00e1vo, je vr\u00e1tenie t\u00fdchto predmetov v stave, v akom boli pri odovzdan\u00ed. Ke\u010f\u017ee boli <strong>pracovn\u00e9 odevy<\/strong> pou\u017eit\u00e9 na v\u00fdkon pr\u00e1ce, je pochopite\u013en\u00e9, \u017ee do\u0161lo k ich opotrebovaniu. Iba v pr\u00edpade, \u017ee brig\u00e1dnik dostal firemn\u00e9 tri\u010dko v r\u00e1mci odmeny (na tom by sa mali so zamestn\u00e1vate\u013eom jasne dohodn\u00fa\u0165, aby nedo\u0161lo k nedorozumeniu), si ho m\u00f4\u017ee necha\u0165.<\/p>\n\n\n\n<p>M\u00f4\u017ee d\u00f4js\u0165 aj k tomu, \u017ee zamestnanec odch\u00e1dza a pracovn\u00e9 odevy chce odk\u00fapi\u0165. To je na jeho dohovore so zamestn\u00e1vate\u013eom. Op\u00e4\u0165 by malo \u00eds\u0165 o cenu, ktor\u00e1 zoh\u013ead\u0148uje stupe\u0148 opotrebovania. Ide o dobrovo\u013en\u00fa dohodu oboch str\u00e1n.<\/p>\n\n\n\n<figure class=\"wp-block-image aligncenter size-full is-resized\"><img decoding=\"async\" width=\"600\" height=\"400\" src=\"https:\/\/d2ris6qfzcz0wn.cloudfront.net\/wp-content\/uploads\/sites\/22\/2024\/05\/lindstrom-nurmo-20-600x400-1.jpg\" alt=\"\" class=\"wp-image-18072\" srcset=\"https:\/\/d2ris6qfzcz0wn.cloudfront.net\/wp-content\/uploads\/sites\/22\/2024\/05\/lindstrom-nurmo-20-600x400-1.jpg 600w, https:\/\/d2ris6qfzcz0wn.cloudfront.net\/wp-content\/uploads\/sites\/22\/2024\/05\/lindstrom-nurmo-20-600x400-1-300x200.jpg 300w\" sizes=\"(max-width: 600px) 100vw, 600px\" \/><figcaption class=\"wp-element-caption\"><em>Obr\u00e1zok: V Lindstr\u00f6m sa o pracovn\u00e9 odevy kompletne postar\u00e1me.<\/em><\/figcaption><\/figure>\n\n\n\n<h2 class=\"wp-block-heading\">Pren\u00e1jom a priemyseln\u00e9 pranie pracovn\u00e9ho oble\u010denia<\/h2>\n\n\n\n<p>Naj\u010dastej\u0161ie zamestn\u00e1vatelia pracovn\u00e9 odevy a ochrann\u00e9 pom\u00f4cky nakupuj\u00fa sami a zais\u0165uj\u00fa ich pranie, \u017eehlenie, v\u00fdmenu, opravy a nakoniec aj likvid\u00e1ciu. Niekde si e\u0161te st\u00e1le pracovn\u00edci per\u00fa pracovn\u00e9 odevy sami. Modernou a efekt\u00edvnou mo\u017enos\u0165ou je tie\u017e <a href=\"https:\/\/lindstromgroup.com\/sk\/sluzby\/servis-pracovneho-oblecenia\/\">pren\u00e1jom pracovn\u00fdch odevov<\/a>, na Slovensku ho poskytuje aj na\u0161a spolo\u010dnos\u0165 Lindstr\u00f6m.<\/p>\n\n\n\n<p>Fungujeme v s\u00falade s udr\u017eate\u013en\u00fdm podnikan\u00edm, umo\u017e\u0148ujeme podnikom <strong>outsourcova\u0165<\/strong> v\u0161etky rie\u0161enia \u010distenia a kontroly stavu pracovn\u00e9ho oble\u010denia \u2013 pranie, \u017eehlenie, opravy alebo pr\u00edpadn\u00e9 v\u00fdmeny, \u010do okrem in\u00e9ho zni\u017euje spotrebu pracovn\u00fdch odevov, preto\u017ee predl\u017euje ich \u017eivotnos\u0165.<\/p>\n\n\n\n<p>Pozn\u00e1me pravidl\u00e1 bezpe\u010dnosti pr\u00e1ce v ka\u017edom odvetv\u00ed, tak\u017ee dok\u00e1\u017eeme vybra\u0165 a odporu\u010di\u0165 <strong>ide\u00e1lne pracovn\u00e9 odevy<\/strong>. Pre pracovn\u00e9 oble\u010denie si pravidelne prich\u00e1dzame, odv\u00e1\u017eame \u0161pinav\u00e9 a vraciame \u010dist\u00e9. Ak s\u00fa odevy zni\u010den\u00e9, postar\u00e1me sa o ich opravu, pr\u00edpadne ich nahrad\u00edme \u00faplne nov\u00fdm kusom. Medzi na\u0161ich spokojn\u00fdch z\u00e1kazn\u00edkov patr\u00ed napr\u00edklad <a href=\"https:\/\/lindstromgroup.com\/sk\/article\/pracovna-kolekcia-pre-lekarne-dr-max\/\">Dr. Max<\/a>, BENU lek\u00e1re\u0148, Rohl\u00edk.cz, Penny Market, Zeman m\u00e4so-\u00fadeniny, Pro-Doma a \u010fal\u0161\u00ed.<\/p>\n\n\n\n<p>Tento sp\u00f4sob starostlivosti o pracovn\u00e9 odevy je ide\u00e1lny aj pre sez\u00f3nnych brig\u00e1dnikov, preto\u017ee zamestn\u00e1vate\u013e nemus\u00ed oble\u010denie nakupova\u0165. Po skon\u010den\u00ed pracovn\u00e9ho pomeru s brig\u00e1dnikom si jeho pracovn\u00fd odev jednoducho odvezieme a poskytneme in\u00e9mu klientovi.<\/p>\n\n\n\n<p><a href=\"https:\/\/lindstromgroup.com\/sk\/kontaktny-formular\/\">Kontaktujte n\u00e1s<\/a> a my v\u00e1m radi priprav\u00edme ponuku na mieru va\u0161im potreb\u00e1m.<\/p>\n","protected":false},"excerpt":{"rendered":"<p>Leto je tu a s n\u00edm nielen dovolenky a pr\u00e1zdniny pri vode, ale taktie\u017e mo\u017enos\u0165 si privyrobi\u0165 na brig\u00e1de pri sez\u00f3nnych pr\u00e1cach. T\u00fato mo\u017enos\u0165 vyu\u017e\u00edvaj\u00fa&#8230;<\/p>\n","protected":false},"author":14,"featured_media":17505,"comment_status":"closed","ping_status":"open","sticky":false,"template":"","format":"standard","meta":{"_acf_changed":false,"inline_featured_image":false,"_eb_attr":"","site-sidebar-layout":"default","site-content-layout":"","ast-site-content-layout":"default","site-content-style":"default","site-sidebar-style":"default","ast-global-header-display":"","ast-banner-title-visibility":"","ast-main-header-display":"","ast-hfb-above-header-display":"","ast-hfb-below-header-display":"","ast-hfb-mobile-header-display":"","site-post-title":"","ast-breadcrumbs-content":"","ast-featured-img":"","footer-sml-layout":"","ast-disable-related-posts":"","theme-transparent-header-meta":"","adv-header-id-meta":"","stick-header-meta":"","header-above-stick-meta":"","header-main-stick-meta":"","header-below-stick-meta":"","astra-migrate-meta-layouts":"default","ast-page-background-enabled":"default","ast-page-background-meta":{"desktop":{"background-color":"var(--ast-global-color-4)","background-image":"","background-repeat":"repeat","background-position":"center center","background-size":"auto","background-attachment":"scroll","background-type":"","background-media":"","overlay-type":"","overlay-color":"","overlay-opacity":"","overlay-gradient":""},"tablet":{"background-color":"","background-image":"","background-repeat":"repeat","background-position":"center center","background-size":"auto","background-attachment":"scroll","background-type":"","background-media":"","overlay-type":"","overlay-color":"","overlay-opacity":"","overlay-gradient":""},"mobile":{"background-color":"","background-image":"","background-repeat":"repeat","background-position":"center center","background-size":"auto","background-attachment":"scroll","background-type":"","background-media":"","overlay-type":"","overlay-color":"","overlay-opacity":"","overlay-gradient":""}},"ast-content-background-meta":{"desktop":{"background-color":"var(--ast-global-color-5)","background-image":"","background-repeat":"repeat","background-position":"center center","background-size":"auto","background-attachment":"scroll","background-type":"","background-media":"","overlay-type":"","overlay-color":"","overlay-opacity":"","overlay-gradient":""},"tablet":{"background-color":"var(--ast-global-color-5)","background-image":"","background-repeat":"repeat","background-position":"center center","background-size":"auto","background-attachment":"scroll","background-type":"","background-media":"","overlay-type":"","overlay-color":"","overlay-opacity":"","overlay-gradient":""},"mobile":{"background-color":"var(--ast-global-color-5)","background-image":"","background-repeat":"repeat","background-position":"center center","background-size":"auto","background-attachment":"scroll","background-type":"","background-media":"","overlay-type":"","overlay-color":"","overlay-opacity":"","overlay-gradient":""}},"footnotes":""},"categories":[14],"tags":[33],"coauthors":[20],"class_list":["post-17504","post","type-post","status-publish","format-standard","has-post-thumbnail","hentry","category-article","tag-pracovne-oblecenie"],"acf":[],"yoast_head":"<!-- This site is optimized with the Yoast SEO plugin v27.2 - https:\/\/yoast.com\/product\/yoast-seo-wordpress\/ -->\n<title>Ako oblieka\u0165 v lete brig\u00e1dnikov - Lindstr\u00f6m Slovakia<\/title>\n<meta name=\"description\" content=\"Leto je tu a s n\u00edm mo\u017enos\u0165 si privyrobi\u0165 na brig\u00e1de pri sez\u00f3nnych pr\u00e1cach. Kedy mus\u00ed zamestn\u00e1vate\u013e poskytn\u00fa\u0165 pracovn\u00fd odev aj brig\u00e1dnikom?\" \/>\n<meta name=\"robots\" content=\"index, follow, max-snippet:-1, max-image-preview:large, max-video-preview:-1\" \/>\n<meta property=\"og:locale\" content=\"sk_SK\" \/>\n<meta property=\"og:type\" content=\"article\" \/>\n<meta property=\"og:title\" content=\"Ako oblieka\u0165 v lete brig\u00e1dnikov - Lindstr\u00f6m Slovakia\" \/>\n<meta property=\"og:description\" content=\"Leto je tu a s n\u00edm mo\u017enos\u0165 si privyrobi\u0165 na brig\u00e1de pri sez\u00f3nnych pr\u00e1cach. Kedy mus\u00ed zamestn\u00e1vate\u013e poskytn\u00fa\u0165 pracovn\u00fd odev aj brig\u00e1dnikom?\" \/>\n<meta property=\"og:url\" content=\"https:\/\/lindstromgroup.com\/sk\/article\/ako-obliekat-v-lete-brigadnikov\/\" \/>\n<meta property=\"og:site_name\" content=\"Lindstr\u00f6m Slovakia\" \/>\n<meta property=\"article:published_time\" content=\"2022-06-25T09:23:00+00:00\" \/>\n<meta property=\"article:modified_time\" content=\"2025-05-28T07:51:46+00:00\" \/>\n<meta property=\"og:image\" content=\"https:\/\/lindstrom-sites.s3.eu-north-1.amazonaws.com\/wp-content\/uploads\/sites\/22\/2024\/04\/Lindstrom-jak-oblekat-v-lete-brigadniky-042024-1.jpg\" \/>\n\t<meta property=\"og:image:width\" content=\"1024\" \/>\n\t<meta property=\"og:image:height\" content=\"683\" \/>\n\t<meta property=\"og:image:type\" content=\"image\/jpeg\" \/>\n<meta name=\"author\" content=\"Lindstr\u00f6m Group\" \/>\n<meta name=\"twitter:card\" content=\"summary_large_image\" \/>\n<meta name=\"twitter:label1\" content=\"Autor\" \/>\n\t<meta name=\"twitter:data1\" content=\"Lindstr\u00f6m Group\" \/>\n\t<meta name=\"twitter:label2\" content=\"Predpokladan\u00fd \u010das \u010d\u00edtania\" \/>\n\t<meta name=\"twitter:data2\" content=\"7 min\u00fat\" \/>\n\t<meta name=\"twitter:label3\" content=\"Written by\" \/>\n\t<meta name=\"twitter:data3\" content=\"Lindstr\u00f6m Group\" \/>\n<script type=\"application\/ld+json\" class=\"yoast-schema-graph\">{\"@context\":\"https:\/\/schema.org\",\"@graph\":[{\"@type\":\"Article\",\"@id\":\"https:\/\/lindstromgroup.com\/sk\/article\/ako-obliekat-v-lete-brigadnikov\/#article\",\"isPartOf\":{\"@id\":\"https:\/\/lindstromgroup.com\/sk\/article\/ako-obliekat-v-lete-brigadnikov\/\"},\"author\":{\"name\":\"Lindstr\u00f6m Group\",\"@id\":\"https:\/\/lindstromgroup.com\/sk\/#\/schema\/person\/9111900e3f15be99cf4a104112bf0bc3\"},\"headline\":\"Ako oblieka\u0165 v lete brig\u00e1dnikov\",\"datePublished\":\"2022-06-25T09:23:00+00:00\",\"dateModified\":\"2025-05-28T07:51:46+00:00\",\"mainEntityOfPage\":{\"@id\":\"https:\/\/lindstromgroup.com\/sk\/article\/ako-obliekat-v-lete-brigadnikov\/\"},\"wordCount\":1382,\"publisher\":{\"@id\":\"https:\/\/lindstromgroup.com\/sk\/#organization\"},\"image\":{\"@id\":\"https:\/\/lindstromgroup.com\/sk\/article\/ako-obliekat-v-lete-brigadnikov\/#primaryimage\"},\"thumbnailUrl\":\"https:\/\/d2ris6qfzcz0wn.cloudfront.net\/wp-content\/uploads\/sites\/22\/2024\/04\/Lindstrom-jak-oblekat-v-lete-brigadniky-042024-1.jpg\",\"keywords\":[\"#pracovn\u00e9 oble\u010denie\"],\"articleSection\":[\"\u010cl\u00e1nky\"],\"inLanguage\":\"sk-SK\"},{\"@type\":\"WebPage\",\"@id\":\"https:\/\/lindstromgroup.com\/sk\/article\/ako-obliekat-v-lete-brigadnikov\/\",\"url\":\"https:\/\/lindstromgroup.com\/sk\/article\/ako-obliekat-v-lete-brigadnikov\/\",\"name\":\"Ako oblieka\u0165 v lete brig\u00e1dnikov - Lindstr\u00f6m Slovakia\",\"isPartOf\":{\"@id\":\"https:\/\/lindstromgroup.com\/sk\/#website\"},\"primaryImageOfPage\":{\"@id\":\"https:\/\/lindstromgroup.com\/sk\/article\/ako-obliekat-v-lete-brigadnikov\/#primaryimage\"},\"image\":{\"@id\":\"https:\/\/lindstromgroup.com\/sk\/article\/ako-obliekat-v-lete-brigadnikov\/#primaryimage\"},\"thumbnailUrl\":\"https:\/\/d2ris6qfzcz0wn.cloudfront.net\/wp-content\/uploads\/sites\/22\/2024\/04\/Lindstrom-jak-oblekat-v-lete-brigadniky-042024-1.jpg\",\"datePublished\":\"2022-06-25T09:23:00+00:00\",\"dateModified\":\"2025-05-28T07:51:46+00:00\",\"description\":\"Leto je tu a s n\u00edm mo\u017enos\u0165 si privyrobi\u0165 na brig\u00e1de pri sez\u00f3nnych pr\u00e1cach. Kedy mus\u00ed zamestn\u00e1vate\u013e poskytn\u00fa\u0165 pracovn\u00fd odev aj brig\u00e1dnikom?\",\"breadcrumb\":{\"@id\":\"https:\/\/lindstromgroup.com\/sk\/article\/ako-obliekat-v-lete-brigadnikov\/#breadcrumb\"},\"inLanguage\":\"sk-SK\",\"potentialAction\":[{\"@type\":\"ReadAction\",\"target\":[\"https:\/\/lindstromgroup.com\/sk\/article\/ako-obliekat-v-lete-brigadnikov\/\"]}]},{\"@type\":\"ImageObject\",\"inLanguage\":\"sk-SK\",\"@id\":\"https:\/\/lindstromgroup.com\/sk\/article\/ako-obliekat-v-lete-brigadnikov\/#primaryimage\",\"url\":\"https:\/\/d2ris6qfzcz0wn.cloudfront.net\/wp-content\/uploads\/sites\/22\/2024\/04\/Lindstrom-jak-oblekat-v-lete-brigadniky-042024-1.jpg\",\"contentUrl\":\"https:\/\/d2ris6qfzcz0wn.cloudfront.net\/wp-content\/uploads\/sites\/22\/2024\/04\/Lindstrom-jak-oblekat-v-lete-brigadniky-042024-1.jpg\",\"width\":1024,\"height\":683},{\"@type\":\"BreadcrumbList\",\"@id\":\"https:\/\/lindstromgroup.com\/sk\/article\/ako-obliekat-v-lete-brigadnikov\/#breadcrumb\",\"itemListElement\":[{\"@type\":\"ListItem\",\"position\":1,\"name\":\"Home\",\"item\":\"https:\/\/lindstromgroup.com\/sk\/\"},{\"@type\":\"ListItem\",\"position\":2,\"name\":\"\u010cl\u00e1nky\",\"item\":\"https:\/\/lindstromgroup.com\/sk\/category\/article\/\"},{\"@type\":\"ListItem\",\"position\":3,\"name\":\"Ako oblieka\u0165 v lete brig\u00e1dnikov\"}]},{\"@type\":\"WebSite\",\"@id\":\"https:\/\/lindstromgroup.com\/sk\/#website\",\"url\":\"https:\/\/lindstromgroup.com\/sk\/\",\"name\":\"Lindstr\u00f6m Slovakia\",\"description\":\"\",\"publisher\":{\"@id\":\"https:\/\/lindstromgroup.com\/sk\/#organization\"},\"potentialAction\":[{\"@type\":\"SearchAction\",\"target\":{\"@type\":\"EntryPoint\",\"urlTemplate\":\"https:\/\/lindstromgroup.com\/sk\/?s={search_term_string}\"},\"query-input\":{\"@type\":\"PropertyValueSpecification\",\"valueRequired\":true,\"valueName\":\"search_term_string\"}}],\"inLanguage\":\"sk-SK\"},{\"@type\":\"Organization\",\"@id\":\"https:\/\/lindstromgroup.com\/sk\/#organization\",\"name\":\"Lindstr\u00f6m Slovakia\",\"url\":\"https:\/\/lindstromgroup.com\/sk\/\",\"logo\":{\"@type\":\"ImageObject\",\"inLanguage\":\"sk-SK\",\"@id\":\"https:\/\/lindstromgroup.com\/sk\/#\/schema\/logo\/image\/\",\"url\":\"https:\/\/d2ris6qfzcz0wn.cloudfront.net\/wp-content\/uploads\/sites\/22\/2023\/10\/Logo512.png\",\"contentUrl\":\"https:\/\/d2ris6qfzcz0wn.cloudfront.net\/wp-content\/uploads\/sites\/22\/2023\/10\/Logo512.png\",\"width\":512,\"height\":109,\"caption\":\"Lindstr\u00f6m Slovakia\"},\"image\":{\"@id\":\"https:\/\/lindstromgroup.com\/sk\/#\/schema\/logo\/image\/\"}},{\"@type\":\"Person\",\"@id\":\"https:\/\/lindstromgroup.com\/sk\/#\/schema\/person\/9111900e3f15be99cf4a104112bf0bc3\",\"name\":\"Lindstr\u00f6m Group\",\"image\":{\"@type\":\"ImageObject\",\"inLanguage\":\"sk-SK\",\"@id\":\"https:\/\/secure.gravatar.com\/avatar\/db72e9a46e0f7c5c437401114209c070c0ed0871f3f73ed82792b5cf14c95b5c?s=96&d=mm&r=g93dbf206f3a4403aba72a0da0a795367\",\"url\":\"https:\/\/secure.gravatar.com\/avatar\/db72e9a46e0f7c5c437401114209c070c0ed0871f3f73ed82792b5cf14c95b5c?s=96&d=mm&r=g\",\"contentUrl\":\"https:\/\/secure.gravatar.com\/avatar\/db72e9a46e0f7c5c437401114209c070c0ed0871f3f73ed82792b5cf14c95b5c?s=96&d=mm&r=g\",\"caption\":\"Lindstr\u00f6m Group\"}}]}<\/script>\n<!-- \/ Yoast SEO plugin. -->","yoast_head_json":{"title":"Ako oblieka\u0165 v lete brig\u00e1dnikov - Lindstr\u00f6m Slovakia","description":"Leto je tu a s n\u00edm mo\u017enos\u0165 si privyrobi\u0165 na brig\u00e1de pri sez\u00f3nnych pr\u00e1cach. Kedy mus\u00ed zamestn\u00e1vate\u013e poskytn\u00fa\u0165 pracovn\u00fd odev aj brig\u00e1dnikom?","robots":{"index":"index","follow":"follow","max-snippet":"max-snippet:-1","max-image-preview":"max-image-preview:large","max-video-preview":"max-video-preview:-1"},"og_locale":"sk_SK","og_type":"article","og_title":"Ako oblieka\u0165 v lete brig\u00e1dnikov - Lindstr\u00f6m Slovakia","og_description":"Leto je tu a s n\u00edm mo\u017enos\u0165 si privyrobi\u0165 na brig\u00e1de pri sez\u00f3nnych pr\u00e1cach. Kedy mus\u00ed zamestn\u00e1vate\u013e poskytn\u00fa\u0165 pracovn\u00fd odev aj brig\u00e1dnikom?","og_url":"https:\/\/lindstromgroup.com\/sk\/article\/ako-obliekat-v-lete-brigadnikov\/","og_site_name":"Lindstr\u00f6m Slovakia","article_published_time":"2022-06-25T09:23:00+00:00","article_modified_time":"2025-05-28T07:51:46+00:00","og_image":[{"width":1024,"height":683,"url":"https:\/\/lindstrom-sites.s3.eu-north-1.amazonaws.com\/wp-content\/uploads\/sites\/22\/2024\/04\/Lindstrom-jak-oblekat-v-lete-brigadniky-042024-1.jpg","type":"image\/jpeg"}],"author":"Lindstr\u00f6m Group","twitter_card":"summary_large_image","twitter_misc":{"Autor":"Lindstr\u00f6m Group","Predpokladan\u00fd \u010das \u010d\u00edtania":"7 min\u00fat","Written by":"Lindstr\u00f6m Group"},"schema":{"@context":"https:\/\/schema.org","@graph":[{"@type":"Article","@id":"https:\/\/lindstromgroup.com\/sk\/article\/ako-obliekat-v-lete-brigadnikov\/#article","isPartOf":{"@id":"https:\/\/lindstromgroup.com\/sk\/article\/ako-obliekat-v-lete-brigadnikov\/"},"author":{"name":"Lindstr\u00f6m Group","@id":"https:\/\/lindstromgroup.com\/sk\/#\/schema\/person\/9111900e3f15be99cf4a104112bf0bc3"},"headline":"Ako oblieka\u0165 v lete brig\u00e1dnikov","datePublished":"2022-06-25T09:23:00+00:00","dateModified":"2025-05-28T07:51:46+00:00","mainEntityOfPage":{"@id":"https:\/\/lindstromgroup.com\/sk\/article\/ako-obliekat-v-lete-brigadnikov\/"},"wordCount":1382,"publisher":{"@id":"https:\/\/lindstromgroup.com\/sk\/#organization"},"image":{"@id":"https:\/\/lindstromgroup.com\/sk\/article\/ako-obliekat-v-lete-brigadnikov\/#primaryimage"},"thumbnailUrl":"https:\/\/d2ris6qfzcz0wn.cloudfront.net\/wp-content\/uploads\/sites\/22\/2024\/04\/Lindstrom-jak-oblekat-v-lete-brigadniky-042024-1.jpg","keywords":["#pracovn\u00e9 oble\u010denie"],"articleSection":["\u010cl\u00e1nky"],"inLanguage":"sk-SK"},{"@type":"WebPage","@id":"https:\/\/lindstromgroup.com\/sk\/article\/ako-obliekat-v-lete-brigadnikov\/","url":"https:\/\/lindstromgroup.com\/sk\/article\/ako-obliekat-v-lete-brigadnikov\/","name":"Ako oblieka\u0165 v lete brig\u00e1dnikov - Lindstr\u00f6m Slovakia","isPartOf":{"@id":"https:\/\/lindstromgroup.com\/sk\/#website"},"primaryImageOfPage":{"@id":"https:\/\/lindstromgroup.com\/sk\/article\/ako-obliekat-v-lete-brigadnikov\/#primaryimage"},"image":{"@id":"https:\/\/lindstromgroup.com\/sk\/article\/ako-obliekat-v-lete-brigadnikov\/#primaryimage"},"thumbnailUrl":"https:\/\/d2ris6qfzcz0wn.cloudfront.net\/wp-content\/uploads\/sites\/22\/2024\/04\/Lindstrom-jak-oblekat-v-lete-brigadniky-042024-1.jpg","datePublished":"2022-06-25T09:23:00+00:00","dateModified":"2025-05-28T07:51:46+00:00","description":"Leto je tu a s n\u00edm mo\u017enos\u0165 si privyrobi\u0165 na brig\u00e1de pri sez\u00f3nnych pr\u00e1cach. Kedy mus\u00ed zamestn\u00e1vate\u013e poskytn\u00fa\u0165 pracovn\u00fd odev aj brig\u00e1dnikom?","breadcrumb":{"@id":"https:\/\/lindstromgroup.com\/sk\/article\/ako-obliekat-v-lete-brigadnikov\/#breadcrumb"},"inLanguage":"sk-SK","potentialAction":[{"@type":"ReadAction","target":["https:\/\/lindstromgroup.com\/sk\/article\/ako-obliekat-v-lete-brigadnikov\/"]}]},{"@type":"ImageObject","inLanguage":"sk-SK","@id":"https:\/\/lindstromgroup.com\/sk\/article\/ako-obliekat-v-lete-brigadnikov\/#primaryimage","url":"https:\/\/d2ris6qfzcz0wn.cloudfront.net\/wp-content\/uploads\/sites\/22\/2024\/04\/Lindstrom-jak-oblekat-v-lete-brigadniky-042024-1.jpg","contentUrl":"https:\/\/d2ris6qfzcz0wn.cloudfront.net\/wp-content\/uploads\/sites\/22\/2024\/04\/Lindstrom-jak-oblekat-v-lete-brigadniky-042024-1.jpg","width":1024,"height":683},{"@type":"BreadcrumbList","@id":"https:\/\/lindstromgroup.com\/sk\/article\/ako-obliekat-v-lete-brigadnikov\/#breadcrumb","itemListElement":[{"@type":"ListItem","position":1,"name":"Home","item":"https:\/\/lindstromgroup.com\/sk\/"},{"@type":"ListItem","position":2,"name":"\u010cl\u00e1nky","item":"https:\/\/lindstromgroup.com\/sk\/category\/article\/"},{"@type":"ListItem","position":3,"name":"Ako oblieka\u0165 v lete brig\u00e1dnikov"}]},{"@type":"WebSite","@id":"https:\/\/lindstromgroup.com\/sk\/#website","url":"https:\/\/lindstromgroup.com\/sk\/","name":"Lindstr\u00f6m Slovakia","description":"","publisher":{"@id":"https:\/\/lindstromgroup.com\/sk\/#organization"},"potentialAction":[{"@type":"SearchAction","target":{"@type":"EntryPoint","urlTemplate":"https:\/\/lindstromgroup.com\/sk\/?s={search_term_string}"},"query-input":{"@type":"PropertyValueSpecification","valueRequired":true,"valueName":"search_term_string"}}],"inLanguage":"sk-SK"},{"@type":"Organization","@id":"https:\/\/lindstromgroup.com\/sk\/#organization","name":"Lindstr\u00f6m Slovakia","url":"https:\/\/lindstromgroup.com\/sk\/","logo":{"@type":"ImageObject","inLanguage":"sk-SK","@id":"https:\/\/lindstromgroup.com\/sk\/#\/schema\/logo\/image\/","url":"https:\/\/d2ris6qfzcz0wn.cloudfront.net\/wp-content\/uploads\/sites\/22\/2023\/10\/Logo512.png","contentUrl":"https:\/\/d2ris6qfzcz0wn.cloudfront.net\/wp-content\/uploads\/sites\/22\/2023\/10\/Logo512.png","width":512,"height":109,"caption":"Lindstr\u00f6m Slovakia"},"image":{"@id":"https:\/\/lindstromgroup.com\/sk\/#\/schema\/logo\/image\/"}},{"@type":"Person","@id":"https:\/\/lindstromgroup.com\/sk\/#\/schema\/person\/9111900e3f15be99cf4a104112bf0bc3","name":"Lindstr\u00f6m Group","image":{"@type":"ImageObject","inLanguage":"sk-SK","@id":"https:\/\/secure.gravatar.com\/avatar\/db72e9a46e0f7c5c437401114209c070c0ed0871f3f73ed82792b5cf14c95b5c?s=96&d=mm&r=g93dbf206f3a4403aba72a0da0a795367","url":"https:\/\/secure.gravatar.com\/avatar\/db72e9a46e0f7c5c437401114209c070c0ed0871f3f73ed82792b5cf14c95b5c?s=96&d=mm&r=g","contentUrl":"https:\/\/secure.gravatar.com\/avatar\/db72e9a46e0f7c5c437401114209c070c0ed0871f3f73ed82792b5cf14c95b5c?s=96&d=mm&r=g","caption":"Lindstr\u00f6m Group"}}]}},"publishpress_future_workflow_manual_trigger":{"enabledWorkflows":[]},"distributor_meta":false,"distributor_terms":false,"distributor_media":false,"distributor_original_site_name":"Lindstr\u00f6m Slovakia","distributor_original_site_url":"https:\/\/lindstromgroup.com\/sk","push-errors":false,"_links":{"self":[{"href":"https:\/\/lindstromgroup.com\/sk\/wp-json\/wp\/v2\/posts\/17504","targetHints":{"allow":["GET"]}}],"collection":[{"href":"https:\/\/lindstromgroup.com\/sk\/wp-json\/wp\/v2\/posts"}],"about":[{"href":"https:\/\/lindstromgroup.com\/sk\/wp-json\/wp\/v2\/types\/post"}],"author":[{"embeddable":true,"href":"https:\/\/lindstromgroup.com\/sk\/wp-json\/wp\/v2\/users\/14"}],"replies":[{"embeddable":true,"href":"https:\/\/lindstromgroup.com\/sk\/wp-json\/wp\/v2\/comments?post=17504"}],"version-history":[{"count":0,"href":"https:\/\/lindstromgroup.com\/sk\/wp-json\/wp\/v2\/posts\/17504\/revisions"}],"wp:featuredmedia":[{"embeddable":true,"href":"https:\/\/lindstromgroup.com\/sk\/wp-json\/wp\/v2\/media\/17505"}],"wp:attachment":[{"href":"https:\/\/lindstromgroup.com\/sk\/wp-json\/wp\/v2\/media?parent=17504"}],"wp:term":[{"taxonomy":"category","embeddable":true,"href":"https:\/\/lindstromgroup.com\/sk\/wp-json\/wp\/v2\/categories?post=17504"},{"taxonomy":"post_tag","embeddable":true,"href":"https:\/\/lindstromgroup.com\/sk\/wp-json\/wp\/v2\/tags?post=17504"},{"taxonomy":"author","embeddable":true,"href":"https:\/\/lindstromgroup.com\/sk\/wp-json\/wp\/v2\/coauthors?post=17504"}],"curies":[{"name":"wp","href":"https:\/\/api.w.org\/{rel}","templated":true}]}}