
    {"id":17353,"date":"2021-10-13T15:43:00","date_gmt":"2021-10-13T14:43:00","guid":{"rendered":"https:\/\/lindstromgroup.com\/sk\/?p=17353"},"modified":"2025-05-30T13:03:13","modified_gmt":"2025-05-30T12:03:13","slug":"prenajom-odevov-a-cipy","status":"publish","type":"post","link":"https:\/\/lindstromgroup.com\/sk\/article\/prenajom-odevov-a-cipy\/","title":{"rendered":"Ako pom\u00f4\u017ee pren\u00e1jom pracovn\u00fdch odevov pri s\u00fa\u010dasn\u00fdch probl\u00e9moch s \u010dipmi"},"content":{"rendered":"\n<p>V s\u00favislosti s pand\u00e9miou koronav\u00edrusu prin\u00e1\u0161aj\u00fa telev\u00edzne spr\u00e1vy ka\u017ed\u00fd de\u0148 inform\u00e1cie o jeho dopadoch na priemysel a na be\u017en\u00fd \u017eivot. \u0160t\u00e1tna spr\u00e1va aj s\u00fakromn\u00e9 firmy boli n\u00faten\u00e9 ur\u00fdchli\u0165 digitaliz\u00e1ciu. Celosvetov\u00e9 uzatv\u00e1ranie spolo\u010dnosti viedlo \u013eud\u00ed k ove\u013ea v\u00e4\u010d\u0161iemu n\u00e1kupu spotrebnej elektroniky (notebookov, telev\u00edzorov, mobiln\u00fdch telef\u00f3nov at\u010f.), ako sa predpokladalo. Pod\u013ea spolo\u010dnosti Gartner bolo len za rok 2020 predan\u00fdch viac ako 275 mili\u00f3nov osobn\u00fdch po\u010d\u00edta\u010dov. To je oproti predch\u00e1dzaj\u00facemu roku takmer p\u00e4\u0165percentn\u00fd n\u00e1rast.<\/p>\n\n\n\n<figure class=\"wp-block-image size-full alignnone\"><img decoding=\"async\" width=\"600\" height=\"400\" src=\"https:\/\/d2ris6qfzcz0wn.cloudfront.net\/wp-content\/uploads\/sites\/22\/2024\/05\/lindstrom-nedostatek-cipu-pronajem-obleceni-600x400-1.jpg\" alt=\"\" class=\"wp-image-17873\" srcset=\"https:\/\/d2ris6qfzcz0wn.cloudfront.net\/wp-content\/uploads\/sites\/22\/2024\/05\/lindstrom-nedostatek-cipu-pronajem-obleceni-600x400-1.jpg 600w, https:\/\/d2ris6qfzcz0wn.cloudfront.net\/wp-content\/uploads\/sites\/22\/2024\/05\/lindstrom-nedostatek-cipu-pronajem-obleceni-600x400-1-300x200.jpg 300w\" sizes=\"(max-width: 600px) 100vw, 600px\" \/><figcaption class=\"wp-element-caption\">Obr\u00e1zok: Bez \u010dipov sa dnes nezaob\u00eddeme.<\/figcaption><\/figure>\n\n\n\n<h2 class=\"wp-block-heading\">\u010cipy: nen\u00e1padn\u00fd, ale k\u013e\u00fa\u010dov\u00fd komponent<\/h2>\n\n\n\n<p>V\u0161etky po\u010d\u00edta\u010de aj v\u0161etka spotrebn\u00e1 elektronika s\u00fa dnes z\u00e1visl\u00e9 na <strong>polovodi\u010dov\u00fdch \u010dipoch<\/strong>. A pr\u00e1ve na t\u00fato nen\u00e1padn\u00fa komoditu mala a doteraz m\u00e1 ve\u013ek\u00fd vplyv pand\u00e9mia. Pod\u013ea vyjadrenia expertov m\u00f4\u017ee ich v\u00fdpadok trva\u0165 najmenej rok, ale m\u00f4\u017ee to by\u0165 aj ove\u013ea dlh\u0161ie. Ich nedostatok m\u00e1 v\u00e1\u017ene d\u00f4sledky na svetov\u00fa ekonomiku.<\/p>\n\n\n\n<p>\u010cipy s\u00fa s\u00fa\u010das\u0165ou integrovan\u00fdch obvodov a <strong>patria k z\u00e1kladn\u00fdm komponentom pre v\u00fdrobcov po\u010d\u00edta\u010dov<\/strong>, chytr\u00fdch telef\u00f3nov, videohern\u00fdch konzol, automobilov a \u010fal\u0161\u00edch v\u00fdrobkov spotrebnej elektroniky, ako s\u00fa pr\u00e1\u010dky, chladni\u010dky, um\u00fdva\u010dky, su\u0161i\u010dky, bud\u00edky at\u010f.<\/p>\n\n\n\n<p>Po\u010d\u00edta\u010dov\u00e9 \u010dipy s\u00fa \u010dasti, ktor\u00e9 robia elektronick\u00e9 zariadenia inteligentn\u00fdmi. \u010cipy m\u00f4\u017eu zabezpe\u010dova\u0165 nieko\u013eko funkci\u00ed. <strong>Jednoduch\u0161ie pam\u00e4\u0165ov\u00e9 \u010dipy uchov\u00e1vaj\u00fa d\u00e1ta<\/strong>. Komplexnej\u0161ie a drah\u0161ie logick\u00e9 \u010dipy sa spr\u00e1vaj\u00fa ako <strong>mozog zariadenia<\/strong> &#8211; \u0161tartuj\u00fa a udr\u017euj\u00fa v chode jednotliv\u00e9 aplik\u00e1cie. Pr\u00e1ve tieto \u010dipy \u010dasto nes\u00fa n\u00e1zvy svetov\u00fdch gigantov ako Apple, Nvidia \u010di Qualcomm, av\u0161ak tieto spolo\u010dnosti s\u00fa len dizajn\u00e9rmi, nie priamymi v\u00fdrobcami.<\/p>\n\n\n\n<h2 class=\"wp-block-heading\">Vysok\u00fd dopyt a kr\u00edza dod\u00e1vate\u013esk\u00fdch re\u0165azcov<\/h2>\n\n\n\n<p>Pr\u00ed\u010dinu panuj\u00faceho nedostatku vysvet\u013euje fakt, \u017ee v\u00e4\u010d\u0161ina svetovej v\u00fdroby je z\u00e1visl\u00e1 iba na dvoch spolo\u010dnostiach. Jedn\u00e1 sa o taiwansk\u00fa firmu TSMC (Taiwan Semiconductor Manufacturing Company) a juhok\u00f3rejsk\u00fa firmu Samsung Foundry, ktor\u00e9 vyr\u00e1baj\u00fa spolo\u010dnostiam ako Apple, AMD \u010di Nvidia nimi nadesignovan\u00e9 \u010dipy. Probl\u00e9m tkvie v tom, \u017ee <strong>v\u00fdroba \u010dipu trv\u00e1 nieko\u013eko mesiacov<\/strong>. Spolo\u010dnosti tak musia odhadova\u0165 nieko\u013eko mesiacov dopredu, ko\u013eko tovaru predaj\u00fa. Tomu potom prisp\u00f4sobuj\u00fa svoju v\u00fdrobn\u00fa kapacitu. Za norm\u00e1lnych okolnost\u00ed tov\u00e1rne pracuj\u00fa pribli\u017ene na 85% svojej maxim\u00e1lnej kapacity, a ak m\u00e1 nejak\u00fd z ich z\u00e1kazn\u00edkov vy\u0161\u0161\u00ed dopyt po svojich produktoch, tak si \u010das\u0165 tejto nevyu\u017eitej kapacity zak\u00fapi. V s\u00fa\u010dasnej situ\u00e1cii v\u0161ak tov\u00e1rne u\u017e vyu\u017e\u00edvaj\u00fa v\u0161etku svoju kapacitu. Firmy si tak nem\u00f4\u017eu zak\u00fapi\u0165 vy\u0161\u0161ie mno\u017estvo, ne\u017e si predobjednali, a preto nie s\u00fa schopn\u00e9 reagova\u0165 na nezvy\u010dajne vysok\u00fd dopyt.<\/p>\n\n\n\n<h3 class=\"wp-block-heading\">\u010cipy a dopad na automobilov\u00fd priemysel<\/h3>\n\n\n\n<p>Najviac bol zasiahnut\u00fd <a href=\"https:\/\/lindstromgroup.com\/sk\/priemyselne-odvetvia\/pracovne-odevy-pre-automobilovy-a-montazny-priemysel-a-strojarstvo\/\" target=\"_blank\" rel=\"noreferrer noopener\"><strong>automobilov\u00fd priemysel<\/strong><\/a>, preto\u017ee automobilky skladuj\u00fa v\u00e4\u010d\u0161inou len ve\u013emi mal\u00e9 mno\u017estvo s\u00fa\u010diastok. Takmer v\u0161etky si nech\u00e1vaj\u00fa komponenty doviez\u0165 presne vo chv\u00edli, ke\u010f ich potrebuj\u00fa na v\u00fdrobnej linke. Zni\u017euj\u00fa tak celkov\u00e9 n\u00e1klady, ale takisto sa spoliehaj\u00fa na dod\u00e1vate\u013esk\u00e9 re\u0165azce. Ak\u00e9ko\u013evek me\u0161kanie potom vedie k naru\u0161eniu cel\u00e9ho v\u00fdrobn\u00e9ho procesu.<\/p>\n\n\n\n<figure class=\"wp-block-image size-large alignnone\"><img decoding=\"async\" width=\"1024\" height=\"576\" src=\"https:\/\/d2ris6qfzcz0wn.cloudfront.net\/wp-content\/uploads\/sites\/22\/2024\/05\/lindstrom-nedostatek-cipu-pronajem-obleceni-2-1024x576.jpg\" alt=\"\" class=\"wp-image-17874\" srcset=\"https:\/\/d2ris6qfzcz0wn.cloudfront.net\/wp-content\/uploads\/sites\/22\/2024\/05\/lindstrom-nedostatek-cipu-pronajem-obleceni-2-1024x576.jpg 1024w, https:\/\/d2ris6qfzcz0wn.cloudfront.net\/wp-content\/uploads\/sites\/22\/2024\/05\/lindstrom-nedostatek-cipu-pronajem-obleceni-2-300x169.jpg 300w, https:\/\/d2ris6qfzcz0wn.cloudfront.net\/wp-content\/uploads\/sites\/22\/2024\/05\/lindstrom-nedostatek-cipu-pronajem-obleceni-2-768x432.jpg 768w, https:\/\/d2ris6qfzcz0wn.cloudfront.net\/wp-content\/uploads\/sites\/22\/2024\/05\/lindstrom-nedostatek-cipu-pronajem-obleceni-2.jpg 1280w\" sizes=\"(max-width: 1024px) 100vw, 1024px\" \/><figcaption class=\"wp-element-caption\">Obr\u00e1zok: Probl\u00e9my v automobilovom priemysle pretrv\u00e1vaj\u00fa.<\/figcaption><\/figure>\n\n\n\n<p>Na za\u010diatku roka 2020 za\u010dali <strong>predaje automobilov prudko klesa\u0165<\/strong>, a tak automobilky zru\u0161ili \u010das\u0165 svojich objedn\u00e1vok \u010dipov.<\/p>\n\n\n\n<p>T\u00e1to vo\u013en\u00e1 tov\u00e1rensk\u00e9 kapacita bola okam\u017eite zak\u00fapen\u00e1 firmami vyr\u00e1baj\u00facimi spotrebn\u00fa elektroniku. Dopyt po automobiloch sa v\u0161ak vr\u00e1til do norm\u00e1lu ove\u013ea r\u00fdchlej\u0161ie, ne\u017e sa predpokladalo. V\u00e4\u010d\u0161ina svetov\u00fdch aj slovensk\u00fdch automobiliek tak bola tento rok n\u00faten\u00e1 spomali\u0165 \u010di dokonca pozastavi\u0165 svoje v\u00fdrobn\u00e9 linky, preto\u017ee nemali naskladnen\u00e9 takmer \u017eiadne \u010dipy, a tento stav st\u00e1le trv\u00e1.<\/p>\n\n\n\n<h2 class=\"wp-block-heading\">N\u00e1klady na pozastaven\u00fa prev\u00e1dzku m\u00f4\u017ee zn\u00ed\u017ei\u0165 pren\u00e1jom pracovn\u00e9ho oble\u010denia<\/h2>\n\n\n\n<p>D\u00f4sledky prechodn\u00e9ho zastavovania a utlmovania v\u00fdroby (nielen v automobilovom priemysle, ale aj v in\u00fdch odvetviach) kv\u00f4li nedostatku \u010dipov m\u00f4\u017ee \u010diasto\u010dne zmierni\u0165 <a href=\"https:\/\/lindstromgroup.com\/sk\/priemyselne-odvetvia\/pracovne-odevy-pre-automobilovy-a-montazny-priemysel-a-strojarstvo\/\"><strong>flexibiln\u00e1 slu\u017eba pren\u00e1jmu pracovn\u00fdch odevov<\/strong><\/a>, ktor\u00e1 pom\u00f4\u017ee zn\u00ed\u017ei\u0165 n\u00e1klady.<\/p>\n\n\n\n<p>Lindstr\u00f6m toti\u017e m\u00f4\u017ee nevyu\u017eit\u00e9 <strong>pracovn\u00e9 odevy v \u010dase preru\u0161enia v\u00fdroby prechodne uskladni\u0165<\/strong> a v pr\u00edpade potreby ich zase r\u00fdchlo vr\u00e1ti\u0165 do obehu. A vieme to aj obr\u00e1tene. Pokia\u013e z\u00e1kazn\u00edk roz\u0161\u00edri v\u00fdrobu, postav\u00ed nov\u00fd sklad \u010di pr\u00edjme brig\u00e1dnikov na sez\u00f3nne pr\u00e1ce, Lindstr\u00f6m r\u00fdchlo reaguje na nov\u00fa situ\u00e1ciu a pracovn\u00e9 odevy okam\u017eite dopln\u00ed.<\/p>\n\n\n\n<figure class=\"wp-block-image size-full alignnone\"><img decoding=\"async\" width=\"600\" height=\"338\" src=\"https:\/\/d2ris6qfzcz0wn.cloudfront.net\/wp-content\/uploads\/sites\/22\/2024\/05\/lindstrom-pracovni-odevy-ruzne-600x338-1.jpg\" alt=\"\" class=\"wp-image-17876\" srcset=\"https:\/\/d2ris6qfzcz0wn.cloudfront.net\/wp-content\/uploads\/sites\/22\/2024\/05\/lindstrom-pracovni-odevy-ruzne-600x338-1.jpg 600w, https:\/\/d2ris6qfzcz0wn.cloudfront.net\/wp-content\/uploads\/sites\/22\/2024\/05\/lindstrom-pracovni-odevy-ruzne-600x338-1-300x169.jpg 300w\" sizes=\"(max-width: 600px) 100vw, 600px\" \/><figcaption class=\"wp-element-caption\">Obr\u00e1zok: Pren\u00e1jom pracovn\u00fdch odevov \u010diasto\u010dne vyrie\u0161i probl\u00e9my. Zdroj: Lindstr\u00f6mgroup.com<\/figcaption><\/figure>\n\n\n\n<p>Sledovanie, lokaliz\u00e1cia a <strong>pl\u00e1novanie potrieb pracovn\u00fdch odevov<\/strong> a text\u00edli\u00ed m\u00f4\u017ee by\u0165 dos\u0165 n\u00e1ro\u010dn\u00e9, ak nem\u00e1te digit\u00e1lne podporovan\u00e9 rie\u0161enie, ktor\u00e9 v\u00e1m umo\u017en\u00ed kontrolova\u0165 pou\u017e\u00edvan\u00e9 text\u00edlie a pl\u00e1nova\u0165 pod\u013ea v\u00fdkyvov dopytu. Jedine s n\u00edm bude cel\u00fd proces \u013eahko ovl\u00e1date\u013en\u00fd, transparentn\u00fd a efekt\u00edvnej\u0161\u00ed.<\/p>\n\n\n\n<p>Digit\u00e1lna slu\u017eba pren\u00e1jmu text\u00edli\u00ed s RFID k\u00f3dom v\u00e1m umo\u017en\u00ed vyhn\u00fa\u0165 sa zbyto\u010dn\u00fdm hromad\u00e1m z\u00e1sob, u\u0161etri\u0165 peniaze a tie\u017e zabezpe\u010di\u0165 najlep\u0161iu hygienick\u00fa \u010distotu pracovn\u00e9ho oble\u010denia va\u0161ich zamestnancov. V dlhodobom horizonte \u00fadaje zhroma\u017eden\u00e9 a analyzovan\u00e9 za ur\u010dit\u00e9 \u010dasov\u00e9 obdobie poskytuj\u00fa predv\u00eddate\u013enos\u0165 a umo\u017e\u0148uj\u00fa optimaliz\u00e1ciu pracovn\u00fdch odevov v obehu, s\u00fa n\u00e1kladovo efekt\u00edvne a zlep\u0161uj\u00fa riadenie z\u00e1sob.<\/p>\n\n\n\n<p>To znamen\u00e1, \u017ee <strong>na\u0161e pracovn\u00e9 odevy s\u00fa tie\u017e inteligentn\u00e9<\/strong>. Ka\u017ed\u00fd kus pracovn\u00e9ho odevu m\u00e1 svoj <strong>RFID k\u00f3d<\/strong>, ktor\u00fd sa na\u010d\u00edta do syst\u00e9mu a my tak vieme, kde sa pr\u00e1ve nach\u00e1dza, ko\u013eko prac\u00edch cyklov m\u00e1 za sebou, ak\u00e9 pracovn\u00e9 oble\u010denie m\u00e1 konkr\u00e9tny pracovn\u00edk pri sebe, ko\u013eko nov\u00fdch kusov je potrebn\u00e9 objedna\u0165 at\u010f. Pri prevzat\u00ed \u0161pinav\u00fdch odevov od z\u00e1kazn\u00edka vodi\u010d jednoducho pomocou \u010d\u00edta\u010dky na\u010d\u00edta prevzat\u00e9 kusy priamo do syst\u00e9mu eLindstr\u00f6m. V syst\u00e9me sa tieto odevy objavia ako \u201ena ceste\u201c. Akon\u00e1hle dorazia do pr\u00e1\u010dovne, rovnakou \u010d\u00edta\u010dkou sa na\u010d\u00edtaj\u00fa ako \u201ev pr\u00e1\u010dovni\u201c a pri vyskladnen\u00ed \u010dist\u00fdch odevov sa na\u010d\u00edtaj\u00fa znova ako \u201ena ceste\u201c. Pri dodan\u00ed \u010dist\u00fdch odevov sa zaeviduj\u00fa ako \u201eu z\u00e1kazn\u00edka\u201c.<\/p>\n\n\n\n<p>Preh\u013ead o tom, kde sa ktor\u00e9 tri\u010dko alebo nohavice nach\u00e1dzaj\u00fa, je tak dokonale zabezpe\u010den\u00fd. Nemus\u00edte ni\u010d po\u010d\u00edta\u0165, riziko chyby sa zni\u017euje a \u00faspora \u010dasu je ve\u013ek\u00e1. Na\u0161i z\u00e1kazn\u00edci m\u00f4\u017eu evidenciu stavu svojich pracovn\u00fdch odevov <strong>sledova\u0165 online pomocou aplik\u00e1cie <a href=\"https:\/\/lindstromgroup.com\/sk\/elindstrom\/\">eLindstr\u00f6m<\/a><\/strong>.<\/p>\n\n\n\n<figure class=\"wp-block-image size-full alignnone\"><img decoding=\"async\" width=\"600\" height=\"600\" src=\"https:\/\/d2ris6qfzcz0wn.cloudfront.net\/wp-content\/uploads\/sites\/22\/2024\/05\/lindstrom-LI_ctecka_3-600x600-1.jpg\" alt=\"\" class=\"wp-image-17877\" srcset=\"https:\/\/d2ris6qfzcz0wn.cloudfront.net\/wp-content\/uploads\/sites\/22\/2024\/05\/lindstrom-LI_ctecka_3-600x600-1.jpg 600w, https:\/\/d2ris6qfzcz0wn.cloudfront.net\/wp-content\/uploads\/sites\/22\/2024\/05\/lindstrom-LI_ctecka_3-600x600-1-300x300.jpg 300w, https:\/\/d2ris6qfzcz0wn.cloudfront.net\/wp-content\/uploads\/sites\/22\/2024\/05\/lindstrom-LI_ctecka_3-600x600-1-150x150.jpg 150w\" sizes=\"(max-width: 600px) 100vw, 600px\" \/><figcaption class=\"wp-element-caption\">\u010c\u00edta\u010dka RFID \u010dipov pre jednoduch\u0161iu a efekt\u00edvnej\u0161iu evidenciu pracovn\u00fdch odevov.<\/figcaption><\/figure>\n\n\n\n<h2 class=\"wp-block-heading\">Pracovn\u00e9 odevy od Lindstr\u00f6m s\u00fa bezpe\u010dn\u00e9 a vzh\u013eadn\u00e9<\/h2>\n\n\n\n<p>Pracovn\u00e9 ochrann\u00e9 odevy sa m\u00f4\u017eu ve\u013emi l\u00ed\u0161i\u0165, ak ide o kvalitu a splnenie bezpe\u010dnostn\u00fdch noriem. V\u0161etky pracovn\u00e9 odevy v\u0161ak navrhujeme tak, aby sp\u013a\u0148ali z\u00e1konn\u00e9 povinnosti a \u0161tandardy, ako s\u00fa ochrann\u00e9 vlastnosti a hygienick\u00e9 po\u017eiadavky r\u00f4znych priemyseln\u00fdch odvetv\u00ed. Pon\u00fakame v\u00e1m tak\u00e9 rie\u0161enie pracovn\u00e9ho odevu, ktor\u00e9 je vhodn\u00e9 pr\u00e1ve pre va\u0161e potreby. M\u00f4\u017eete si by\u0165 ist\u00ed, \u017ee <strong><a href=\"https:\/\/lindstromgroup.com\/sk\/services\/\">pracovn\u00e9 odevy a doplnky Lindstr\u00f6m<\/a> s\u00fa vyroben\u00e9<\/strong> z preveren\u00fdch, trvanliv\u00fdch a bezpe\u010dn\u00fdch materi\u00e1lov.<\/p>\n\n\n\n<p>Na\u0161e existuj\u00face kolekcie pracovn\u00fdch odevov mo\u017eno plne prisp\u00f4sobi\u0165, \u010di u\u017e chcete na pracovn\u00e9 mont\u00e9rky prida\u0165 vrecko alebo na\u0161i\u0165 va\u0161e logo. Ak va\u0161a spolo\u010dnos\u0165 vy\u017eaduje \u0161peci\u00e1lne rie\u0161enie pracovn\u00e9ho oble\u010denia, n\u00e1\u0161 n\u00e1vrh\u00e1rsky t\u00edm v\u00e1m pom\u00f4\u017ee vytvori\u0165 jedine\u010dn\u00e9 <a href=\"https:\/\/lindstromgroup.com\/sk\/sluzby\/servis-pracovneho-oblecenia\/\"><strong>firemn\u00e9 pracovn\u00e9 oble\u010denie<\/strong><\/a> \u0161peci\u00e1lne navrhnut\u00e9 pre va\u0161e potreby. Db\u00e1me aj na udr\u017eate\u013enos\u0165 a \u017eivotnos\u0165 na\u0161ich produktov sa sna\u017e\u00edme \u010do najviac pred\u013a\u017ei\u0165.<\/p>\n","protected":false},"excerpt":{"rendered":"<p>V s\u00favislosti s pand\u00e9miou koronav\u00edrusu prin\u00e1\u0161aj\u00fa telev\u00edzne spr\u00e1vy ka\u017ed\u00fd de\u0148 inform\u00e1cie o jeho dopadoch na priemysel a na be\u017en\u00fd \u017eivot. \u0160t\u00e1tna spr\u00e1va aj s\u00fakromn\u00e9 firmy&#8230;<\/p>\n","protected":false},"author":14,"featured_media":17354,"comment_status":"closed","ping_status":"open","sticky":false,"template":"","format":"standard","meta":{"_acf_changed":false,"inline_featured_image":false,"_eb_attr":"","site-sidebar-layout":"default","site-content-layout":"","ast-site-content-layout":"default","site-content-style":"default","site-sidebar-style":"default","ast-global-header-display":"","ast-banner-title-visibility":"","ast-main-header-display":"","ast-hfb-above-header-display":"","ast-hfb-below-header-display":"","ast-hfb-mobile-header-display":"","site-post-title":"","ast-breadcrumbs-content":"","ast-featured-img":"","footer-sml-layout":"","ast-disable-related-posts":"","theme-transparent-header-meta":"","adv-header-id-meta":"","stick-header-meta":"","header-above-stick-meta":"","header-main-stick-meta":"","header-below-stick-meta":"","astra-migrate-meta-layouts":"default","ast-page-background-enabled":"default","ast-page-background-meta":{"desktop":{"background-color":"var(--ast-global-color-4)","background-image":"","background-repeat":"repeat","background-position":"center center","background-size":"auto","background-attachment":"scroll","background-type":"","background-media":"","overlay-type":"","overlay-color":"","overlay-opacity":"","overlay-gradient":""},"tablet":{"background-color":"","background-image":"","background-repeat":"repeat","background-position":"center center","background-size":"auto","background-attachment":"scroll","background-type":"","background-media":"","overlay-type":"","overlay-color":"","overlay-opacity":"","overlay-gradient":""},"mobile":{"background-color":"","background-image":"","background-repeat":"repeat","background-position":"center center","background-size":"auto","background-attachment":"scroll","background-type":"","background-media":"","overlay-type":"","overlay-color":"","overlay-opacity":"","overlay-gradient":""}},"ast-content-background-meta":{"desktop":{"background-color":"var(--ast-global-color-5)","background-image":"","background-repeat":"repeat","background-position":"center center","background-size":"auto","background-attachment":"scroll","background-type":"","background-media":"","overlay-type":"","overlay-color":"","overlay-opacity":"","overlay-gradient":""},"tablet":{"background-color":"var(--ast-global-color-5)","background-image":"","background-repeat":"repeat","background-position":"center center","background-size":"auto","background-attachment":"scroll","background-type":"","background-media":"","overlay-type":"","overlay-color":"","overlay-opacity":"","overlay-gradient":""},"mobile":{"background-color":"var(--ast-global-color-5)","background-image":"","background-repeat":"repeat","background-position":"center center","background-size":"auto","background-attachment":"scroll","background-type":"","background-media":"","overlay-type":"","overlay-color":"","overlay-opacity":"","overlay-gradient":""}},"footnotes":""},"categories":[14],"tags":[54,33,53],"coauthors":[20],"class_list":["post-17353","post","type-post","status-publish","format-standard","has-post-thumbnail","hentry","category-article","tag-automobilovypriemysel","tag-pracovne-oblecenie","tag-vyroba"],"acf":[],"yoast_head":"<!-- This site is optimized with the Yoast SEO plugin v27.2 - https:\/\/yoast.com\/product\/yoast-seo-wordpress\/ -->\n<title>Ako pom\u00f4\u017ee pren\u00e1jom pracovn\u00fdch odevov pri s\u00fa\u010dasn\u00fdch probl\u00e9moch s \u010dipmi - Lindstr\u00f6m Slovakia<\/title>\n<meta name=\"robots\" content=\"index, follow, max-snippet:-1, max-image-preview:large, max-video-preview:-1\" \/>\n<meta property=\"og:locale\" content=\"sk_SK\" \/>\n<meta property=\"og:type\" content=\"article\" \/>\n<meta property=\"og:title\" content=\"Ako pom\u00f4\u017ee pren\u00e1jom pracovn\u00fdch odevov pri s\u00fa\u010dasn\u00fdch probl\u00e9moch s \u010dipmi - Lindstr\u00f6m Slovakia\" \/>\n<meta property=\"og:description\" content=\"V s\u00favislosti s pand\u00e9miou koronav\u00edrusu prin\u00e1\u0161aj\u00fa telev\u00edzne spr\u00e1vy ka\u017ed\u00fd de\u0148 inform\u00e1cie o jeho dopadoch na priemysel a na be\u017en\u00fd \u017eivot. \u0160t\u00e1tna spr\u00e1va aj s\u00fakromn\u00e9 firmy...\" \/>\n<meta property=\"og:url\" content=\"https:\/\/lindstromgroup.com\/sk\/article\/prenajom-odevov-a-cipy\/\" \/>\n<meta property=\"og:site_name\" content=\"Lindstr\u00f6m Slovakia\" \/>\n<meta property=\"article:published_time\" content=\"2021-10-13T14:43:00+00:00\" \/>\n<meta property=\"article:modified_time\" content=\"2025-05-30T12:03:13+00:00\" \/>\n<meta property=\"og:image\" content=\"https:\/\/lindstrom-sites.s3.eu-north-1.amazonaws.com\/wp-content\/uploads\/sites\/22\/2024\/04\/lindstrom-pronajem-pracovnich-odevu-pri-nedostatku-cipu-042024-1.jpg\" \/>\n\t<meta property=\"og:image:width\" content=\"1024\" \/>\n\t<meta property=\"og:image:height\" content=\"576\" \/>\n\t<meta property=\"og:image:type\" content=\"image\/jpeg\" \/>\n<meta name=\"author\" content=\"Lindstr\u00f6m Group\" \/>\n<meta name=\"twitter:card\" content=\"summary_large_image\" \/>\n<meta name=\"twitter:label1\" content=\"Autor\" \/>\n\t<meta name=\"twitter:data1\" content=\"Lindstr\u00f6m Group\" \/>\n\t<meta name=\"twitter:label2\" content=\"Predpokladan\u00fd \u010das \u010d\u00edtania\" \/>\n\t<meta name=\"twitter:data2\" content=\"7 min\u00fat\" \/>\n\t<meta name=\"twitter:label3\" content=\"Written by\" \/>\n\t<meta name=\"twitter:data3\" content=\"Lindstr\u00f6m Group\" \/>\n<script type=\"application\/ld+json\" class=\"yoast-schema-graph\">{\"@context\":\"https:\/\/schema.org\",\"@graph\":[{\"@type\":\"Article\",\"@id\":\"https:\/\/lindstromgroup.com\/sk\/article\/prenajom-odevov-a-cipy\/#article\",\"isPartOf\":{\"@id\":\"https:\/\/lindstromgroup.com\/sk\/article\/prenajom-odevov-a-cipy\/\"},\"author\":{\"name\":\"Lindstr\u00f6m Group\",\"@id\":\"https:\/\/lindstromgroup.com\/sk\/#\/schema\/person\/9111900e3f15be99cf4a104112bf0bc3\"},\"headline\":\"Ako pom\u00f4\u017ee pren\u00e1jom pracovn\u00fdch odevov pri s\u00fa\u010dasn\u00fdch probl\u00e9moch s \u010dipmi\",\"datePublished\":\"2021-10-13T14:43:00+00:00\",\"dateModified\":\"2025-05-30T12:03:13+00:00\",\"mainEntityOfPage\":{\"@id\":\"https:\/\/lindstromgroup.com\/sk\/article\/prenajom-odevov-a-cipy\/\"},\"wordCount\":1376,\"publisher\":{\"@id\":\"https:\/\/lindstromgroup.com\/sk\/#organization\"},\"image\":{\"@id\":\"https:\/\/lindstromgroup.com\/sk\/article\/prenajom-odevov-a-cipy\/#primaryimage\"},\"thumbnailUrl\":\"https:\/\/d2ris6qfzcz0wn.cloudfront.net\/wp-content\/uploads\/sites\/22\/2024\/04\/lindstrom-pronajem-pracovnich-odevu-pri-nedostatku-cipu-042024-1.jpg\",\"keywords\":[\"#automobilov\u00fdpriemysel\",\"#pracovn\u00e9 oble\u010denie\",\"#v\u00fdroba\"],\"articleSection\":[\"\u010cl\u00e1nky\"],\"inLanguage\":\"sk-SK\"},{\"@type\":\"WebPage\",\"@id\":\"https:\/\/lindstromgroup.com\/sk\/article\/prenajom-odevov-a-cipy\/\",\"url\":\"https:\/\/lindstromgroup.com\/sk\/article\/prenajom-odevov-a-cipy\/\",\"name\":\"Ako pom\u00f4\u017ee pren\u00e1jom pracovn\u00fdch odevov pri s\u00fa\u010dasn\u00fdch probl\u00e9moch s \u010dipmi - Lindstr\u00f6m Slovakia\",\"isPartOf\":{\"@id\":\"https:\/\/lindstromgroup.com\/sk\/#website\"},\"primaryImageOfPage\":{\"@id\":\"https:\/\/lindstromgroup.com\/sk\/article\/prenajom-odevov-a-cipy\/#primaryimage\"},\"image\":{\"@id\":\"https:\/\/lindstromgroup.com\/sk\/article\/prenajom-odevov-a-cipy\/#primaryimage\"},\"thumbnailUrl\":\"https:\/\/d2ris6qfzcz0wn.cloudfront.net\/wp-content\/uploads\/sites\/22\/2024\/04\/lindstrom-pronajem-pracovnich-odevu-pri-nedostatku-cipu-042024-1.jpg\",\"datePublished\":\"2021-10-13T14:43:00+00:00\",\"dateModified\":\"2025-05-30T12:03:13+00:00\",\"breadcrumb\":{\"@id\":\"https:\/\/lindstromgroup.com\/sk\/article\/prenajom-odevov-a-cipy\/#breadcrumb\"},\"inLanguage\":\"sk-SK\",\"potentialAction\":[{\"@type\":\"ReadAction\",\"target\":[\"https:\/\/lindstromgroup.com\/sk\/article\/prenajom-odevov-a-cipy\/\"]}]},{\"@type\":\"ImageObject\",\"inLanguage\":\"sk-SK\",\"@id\":\"https:\/\/lindstromgroup.com\/sk\/article\/prenajom-odevov-a-cipy\/#primaryimage\",\"url\":\"https:\/\/d2ris6qfzcz0wn.cloudfront.net\/wp-content\/uploads\/sites\/22\/2024\/04\/lindstrom-pronajem-pracovnich-odevu-pri-nedostatku-cipu-042024-1.jpg\",\"contentUrl\":\"https:\/\/d2ris6qfzcz0wn.cloudfront.net\/wp-content\/uploads\/sites\/22\/2024\/04\/lindstrom-pronajem-pracovnich-odevu-pri-nedostatku-cipu-042024-1.jpg\",\"width\":1024,\"height\":576},{\"@type\":\"BreadcrumbList\",\"@id\":\"https:\/\/lindstromgroup.com\/sk\/article\/prenajom-odevov-a-cipy\/#breadcrumb\",\"itemListElement\":[{\"@type\":\"ListItem\",\"position\":1,\"name\":\"Home\",\"item\":\"https:\/\/lindstromgroup.com\/sk\/\"},{\"@type\":\"ListItem\",\"position\":2,\"name\":\"\u010cl\u00e1nky\",\"item\":\"https:\/\/lindstromgroup.com\/sk\/category\/article\/\"},{\"@type\":\"ListItem\",\"position\":3,\"name\":\"Ako pom\u00f4\u017ee pren\u00e1jom pracovn\u00fdch odevov pri s\u00fa\u010dasn\u00fdch probl\u00e9moch s \u010dipmi\"}]},{\"@type\":\"WebSite\",\"@id\":\"https:\/\/lindstromgroup.com\/sk\/#website\",\"url\":\"https:\/\/lindstromgroup.com\/sk\/\",\"name\":\"Lindstr\u00f6m Slovakia\",\"description\":\"\",\"publisher\":{\"@id\":\"https:\/\/lindstromgroup.com\/sk\/#organization\"},\"potentialAction\":[{\"@type\":\"SearchAction\",\"target\":{\"@type\":\"EntryPoint\",\"urlTemplate\":\"https:\/\/lindstromgroup.com\/sk\/?s={search_term_string}\"},\"query-input\":{\"@type\":\"PropertyValueSpecification\",\"valueRequired\":true,\"valueName\":\"search_term_string\"}}],\"inLanguage\":\"sk-SK\"},{\"@type\":\"Organization\",\"@id\":\"https:\/\/lindstromgroup.com\/sk\/#organization\",\"name\":\"Lindstr\u00f6m Slovakia\",\"url\":\"https:\/\/lindstromgroup.com\/sk\/\",\"logo\":{\"@type\":\"ImageObject\",\"inLanguage\":\"sk-SK\",\"@id\":\"https:\/\/lindstromgroup.com\/sk\/#\/schema\/logo\/image\/\",\"url\":\"https:\/\/d2ris6qfzcz0wn.cloudfront.net\/wp-content\/uploads\/sites\/22\/2023\/10\/Logo512.png\",\"contentUrl\":\"https:\/\/d2ris6qfzcz0wn.cloudfront.net\/wp-content\/uploads\/sites\/22\/2023\/10\/Logo512.png\",\"width\":512,\"height\":109,\"caption\":\"Lindstr\u00f6m Slovakia\"},\"image\":{\"@id\":\"https:\/\/lindstromgroup.com\/sk\/#\/schema\/logo\/image\/\"}},{\"@type\":\"Person\",\"@id\":\"https:\/\/lindstromgroup.com\/sk\/#\/schema\/person\/9111900e3f15be99cf4a104112bf0bc3\",\"name\":\"Lindstr\u00f6m Group\",\"image\":{\"@type\":\"ImageObject\",\"inLanguage\":\"sk-SK\",\"@id\":\"https:\/\/secure.gravatar.com\/avatar\/db72e9a46e0f7c5c437401114209c070c0ed0871f3f73ed82792b5cf14c95b5c?s=96&d=mm&r=g93dbf206f3a4403aba72a0da0a795367\",\"url\":\"https:\/\/secure.gravatar.com\/avatar\/db72e9a46e0f7c5c437401114209c070c0ed0871f3f73ed82792b5cf14c95b5c?s=96&d=mm&r=g\",\"contentUrl\":\"https:\/\/secure.gravatar.com\/avatar\/db72e9a46e0f7c5c437401114209c070c0ed0871f3f73ed82792b5cf14c95b5c?s=96&d=mm&r=g\",\"caption\":\"Lindstr\u00f6m Group\"}}]}<\/script>\n<!-- \/ Yoast SEO plugin. -->","yoast_head_json":{"title":"Ako pom\u00f4\u017ee pren\u00e1jom pracovn\u00fdch odevov pri s\u00fa\u010dasn\u00fdch probl\u00e9moch s \u010dipmi - Lindstr\u00f6m Slovakia","robots":{"index":"index","follow":"follow","max-snippet":"max-snippet:-1","max-image-preview":"max-image-preview:large","max-video-preview":"max-video-preview:-1"},"og_locale":"sk_SK","og_type":"article","og_title":"Ako pom\u00f4\u017ee pren\u00e1jom pracovn\u00fdch odevov pri s\u00fa\u010dasn\u00fdch probl\u00e9moch s \u010dipmi - Lindstr\u00f6m Slovakia","og_description":"V s\u00favislosti s pand\u00e9miou koronav\u00edrusu prin\u00e1\u0161aj\u00fa telev\u00edzne spr\u00e1vy ka\u017ed\u00fd de\u0148 inform\u00e1cie o jeho dopadoch na priemysel a na be\u017en\u00fd \u017eivot. \u0160t\u00e1tna spr\u00e1va aj s\u00fakromn\u00e9 firmy...","og_url":"https:\/\/lindstromgroup.com\/sk\/article\/prenajom-odevov-a-cipy\/","og_site_name":"Lindstr\u00f6m Slovakia","article_published_time":"2021-10-13T14:43:00+00:00","article_modified_time":"2025-05-30T12:03:13+00:00","og_image":[{"width":1024,"height":576,"url":"https:\/\/lindstrom-sites.s3.eu-north-1.amazonaws.com\/wp-content\/uploads\/sites\/22\/2024\/04\/lindstrom-pronajem-pracovnich-odevu-pri-nedostatku-cipu-042024-1.jpg","type":"image\/jpeg"}],"author":"Lindstr\u00f6m Group","twitter_card":"summary_large_image","twitter_misc":{"Autor":"Lindstr\u00f6m Group","Predpokladan\u00fd \u010das \u010d\u00edtania":"7 min\u00fat","Written by":"Lindstr\u00f6m Group"},"schema":{"@context":"https:\/\/schema.org","@graph":[{"@type":"Article","@id":"https:\/\/lindstromgroup.com\/sk\/article\/prenajom-odevov-a-cipy\/#article","isPartOf":{"@id":"https:\/\/lindstromgroup.com\/sk\/article\/prenajom-odevov-a-cipy\/"},"author":{"name":"Lindstr\u00f6m Group","@id":"https:\/\/lindstromgroup.com\/sk\/#\/schema\/person\/9111900e3f15be99cf4a104112bf0bc3"},"headline":"Ako pom\u00f4\u017ee pren\u00e1jom pracovn\u00fdch odevov pri s\u00fa\u010dasn\u00fdch probl\u00e9moch s \u010dipmi","datePublished":"2021-10-13T14:43:00+00:00","dateModified":"2025-05-30T12:03:13+00:00","mainEntityOfPage":{"@id":"https:\/\/lindstromgroup.com\/sk\/article\/prenajom-odevov-a-cipy\/"},"wordCount":1376,"publisher":{"@id":"https:\/\/lindstromgroup.com\/sk\/#organization"},"image":{"@id":"https:\/\/lindstromgroup.com\/sk\/article\/prenajom-odevov-a-cipy\/#primaryimage"},"thumbnailUrl":"https:\/\/d2ris6qfzcz0wn.cloudfront.net\/wp-content\/uploads\/sites\/22\/2024\/04\/lindstrom-pronajem-pracovnich-odevu-pri-nedostatku-cipu-042024-1.jpg","keywords":["#automobilov\u00fdpriemysel","#pracovn\u00e9 oble\u010denie","#v\u00fdroba"],"articleSection":["\u010cl\u00e1nky"],"inLanguage":"sk-SK"},{"@type":"WebPage","@id":"https:\/\/lindstromgroup.com\/sk\/article\/prenajom-odevov-a-cipy\/","url":"https:\/\/lindstromgroup.com\/sk\/article\/prenajom-odevov-a-cipy\/","name":"Ako pom\u00f4\u017ee pren\u00e1jom pracovn\u00fdch odevov pri s\u00fa\u010dasn\u00fdch probl\u00e9moch s \u010dipmi - Lindstr\u00f6m Slovakia","isPartOf":{"@id":"https:\/\/lindstromgroup.com\/sk\/#website"},"primaryImageOfPage":{"@id":"https:\/\/lindstromgroup.com\/sk\/article\/prenajom-odevov-a-cipy\/#primaryimage"},"image":{"@id":"https:\/\/lindstromgroup.com\/sk\/article\/prenajom-odevov-a-cipy\/#primaryimage"},"thumbnailUrl":"https:\/\/d2ris6qfzcz0wn.cloudfront.net\/wp-content\/uploads\/sites\/22\/2024\/04\/lindstrom-pronajem-pracovnich-odevu-pri-nedostatku-cipu-042024-1.jpg","datePublished":"2021-10-13T14:43:00+00:00","dateModified":"2025-05-30T12:03:13+00:00","breadcrumb":{"@id":"https:\/\/lindstromgroup.com\/sk\/article\/prenajom-odevov-a-cipy\/#breadcrumb"},"inLanguage":"sk-SK","potentialAction":[{"@type":"ReadAction","target":["https:\/\/lindstromgroup.com\/sk\/article\/prenajom-odevov-a-cipy\/"]}]},{"@type":"ImageObject","inLanguage":"sk-SK","@id":"https:\/\/lindstromgroup.com\/sk\/article\/prenajom-odevov-a-cipy\/#primaryimage","url":"https:\/\/d2ris6qfzcz0wn.cloudfront.net\/wp-content\/uploads\/sites\/22\/2024\/04\/lindstrom-pronajem-pracovnich-odevu-pri-nedostatku-cipu-042024-1.jpg","contentUrl":"https:\/\/d2ris6qfzcz0wn.cloudfront.net\/wp-content\/uploads\/sites\/22\/2024\/04\/lindstrom-pronajem-pracovnich-odevu-pri-nedostatku-cipu-042024-1.jpg","width":1024,"height":576},{"@type":"BreadcrumbList","@id":"https:\/\/lindstromgroup.com\/sk\/article\/prenajom-odevov-a-cipy\/#breadcrumb","itemListElement":[{"@type":"ListItem","position":1,"name":"Home","item":"https:\/\/lindstromgroup.com\/sk\/"},{"@type":"ListItem","position":2,"name":"\u010cl\u00e1nky","item":"https:\/\/lindstromgroup.com\/sk\/category\/article\/"},{"@type":"ListItem","position":3,"name":"Ako pom\u00f4\u017ee pren\u00e1jom pracovn\u00fdch odevov pri s\u00fa\u010dasn\u00fdch probl\u00e9moch s \u010dipmi"}]},{"@type":"WebSite","@id":"https:\/\/lindstromgroup.com\/sk\/#website","url":"https:\/\/lindstromgroup.com\/sk\/","name":"Lindstr\u00f6m Slovakia","description":"","publisher":{"@id":"https:\/\/lindstromgroup.com\/sk\/#organization"},"potentialAction":[{"@type":"SearchAction","target":{"@type":"EntryPoint","urlTemplate":"https:\/\/lindstromgroup.com\/sk\/?s={search_term_string}"},"query-input":{"@type":"PropertyValueSpecification","valueRequired":true,"valueName":"search_term_string"}}],"inLanguage":"sk-SK"},{"@type":"Organization","@id":"https:\/\/lindstromgroup.com\/sk\/#organization","name":"Lindstr\u00f6m Slovakia","url":"https:\/\/lindstromgroup.com\/sk\/","logo":{"@type":"ImageObject","inLanguage":"sk-SK","@id":"https:\/\/lindstromgroup.com\/sk\/#\/schema\/logo\/image\/","url":"https:\/\/d2ris6qfzcz0wn.cloudfront.net\/wp-content\/uploads\/sites\/22\/2023\/10\/Logo512.png","contentUrl":"https:\/\/d2ris6qfzcz0wn.cloudfront.net\/wp-content\/uploads\/sites\/22\/2023\/10\/Logo512.png","width":512,"height":109,"caption":"Lindstr\u00f6m Slovakia"},"image":{"@id":"https:\/\/lindstromgroup.com\/sk\/#\/schema\/logo\/image\/"}},{"@type":"Person","@id":"https:\/\/lindstromgroup.com\/sk\/#\/schema\/person\/9111900e3f15be99cf4a104112bf0bc3","name":"Lindstr\u00f6m Group","image":{"@type":"ImageObject","inLanguage":"sk-SK","@id":"https:\/\/secure.gravatar.com\/avatar\/db72e9a46e0f7c5c437401114209c070c0ed0871f3f73ed82792b5cf14c95b5c?s=96&d=mm&r=g93dbf206f3a4403aba72a0da0a795367","url":"https:\/\/secure.gravatar.com\/avatar\/db72e9a46e0f7c5c437401114209c070c0ed0871f3f73ed82792b5cf14c95b5c?s=96&d=mm&r=g","contentUrl":"https:\/\/secure.gravatar.com\/avatar\/db72e9a46e0f7c5c437401114209c070c0ed0871f3f73ed82792b5cf14c95b5c?s=96&d=mm&r=g","caption":"Lindstr\u00f6m Group"}}]}},"publishpress_future_workflow_manual_trigger":{"enabledWorkflows":[]},"distributor_meta":false,"distributor_terms":false,"distributor_media":false,"distributor_original_site_name":"Lindstr\u00f6m Slovakia","distributor_original_site_url":"https:\/\/lindstromgroup.com\/sk","push-errors":false,"_links":{"self":[{"href":"https:\/\/lindstromgroup.com\/sk\/wp-json\/wp\/v2\/posts\/17353","targetHints":{"allow":["GET"]}}],"collection":[{"href":"https:\/\/lindstromgroup.com\/sk\/wp-json\/wp\/v2\/posts"}],"about":[{"href":"https:\/\/lindstromgroup.com\/sk\/wp-json\/wp\/v2\/types\/post"}],"author":[{"embeddable":true,"href":"https:\/\/lindstromgroup.com\/sk\/wp-json\/wp\/v2\/users\/14"}],"replies":[{"embeddable":true,"href":"https:\/\/lindstromgroup.com\/sk\/wp-json\/wp\/v2\/comments?post=17353"}],"version-history":[{"count":0,"href":"https:\/\/lindstromgroup.com\/sk\/wp-json\/wp\/v2\/posts\/17353\/revisions"}],"wp:featuredmedia":[{"embeddable":true,"href":"https:\/\/lindstromgroup.com\/sk\/wp-json\/wp\/v2\/media\/17354"}],"wp:attachment":[{"href":"https:\/\/lindstromgroup.com\/sk\/wp-json\/wp\/v2\/media?parent=17353"}],"wp:term":[{"taxonomy":"category","embeddable":true,"href":"https:\/\/lindstromgroup.com\/sk\/wp-json\/wp\/v2\/categories?post=17353"},{"taxonomy":"post_tag","embeddable":true,"href":"https:\/\/lindstromgroup.com\/sk\/wp-json\/wp\/v2\/tags?post=17353"},{"taxonomy":"author","embeddable":true,"href":"https:\/\/lindstromgroup.com\/sk\/wp-json\/wp\/v2\/coauthors?post=17353"}],"curies":[{"name":"wp","href":"https:\/\/api.w.org\/{rel}","templated":true}]}}