
    {"id":17273,"date":"2020-11-20T13:29:00","date_gmt":"2020-11-20T12:29:00","guid":{"rendered":"https:\/\/lindstromgroup.com\/sk\/?p=17273"},"modified":"2025-05-28T11:18:05","modified_gmt":"2025-05-28T10:18:05","slug":"uhlikova-stopa-a-textilny-odpad","status":"publish","type":"post","link":"https:\/\/lindstromgroup.com\/sk\/article\/uhlikova-stopa-a-textilny-odpad\/","title":{"rendered":"Uhl\u00edkov\u00e1 stopa a textiln\u00fd odpad"},"content":{"rendered":"\n<p><span style=\"font-weight: 400;\">V tomto zvl\u00e1\u0161tnom obdob\u00ed \u010doraz v\u00e4\u010d\u0161ej \u010dasti \u013eud\u00ed doch\u00e1dza, \u017ee mus\u00edme zmeni\u0165 svoje myslenie, svoj pr\u00edstup k pr\u00edrode a plan\u00e9te, aby sme mali pred sebou nejak\u00fa bud\u00facnos\u0165. \u0160t\u00e1ty, firmy aj jednotlivci sa sna\u017eia zmeni\u0165 nielen svoje postoje, ale aj spr\u00e1vanie &#8211; zni\u017eova\u0165 nadmern\u00fa spotrebu, zamera\u0165 sa na aktivity, ktor\u00e9 \u013eu\u010fom prospievaj\u00fa, chr\u00e1ni\u0165 \u017eivotn\u00e9 prostredie.<\/span><\/p>\n\n\n\n<p><span style=\"font-weight: 400;\">Jedn\u00fdm z k\u013e\u00fa\u010dov\u00fdch indik\u00e1torov udr\u017eate\u013en\u00e9ho rozvoja je <\/span><b>uhl\u00edkov\u00e1 stopa<\/b><span style=\"font-weight: 400;\">. V\u00fdhodou tohto ukazovate\u013ea je univerz\u00e1lnos\u0165, preto\u017ee ju mo\u017eno stanovi\u0165 na r\u00f4znych \u00farovniach &#8211; od medzin\u00e1rodnej cez n\u00e1rodn\u00fa a miestnu a\u017e po \u00farove\u0148 jednotlivcov \u010di v\u00fdrobkov a slu\u017eieb.<\/span><\/p>\n\n\n\n<figure class=\"wp-block-image size-full alignnone wp-image-5615 lazyloaded\"><img decoding=\"async\" width=\"1024\" height=\"636\" src=\"https:\/\/d2ris6qfzcz0wn.cloudfront.net\/wp-content\/uploads\/sites\/22\/2024\/04\/lindstrom-uhlikova-stopa-a-textilny-odpad-042024-1.jpg\" alt=\"\" class=\"wp-image-17275\" srcset=\"https:\/\/d2ris6qfzcz0wn.cloudfront.net\/wp-content\/uploads\/sites\/22\/2024\/04\/lindstrom-uhlikova-stopa-a-textilny-odpad-042024-1.jpg 1024w, https:\/\/d2ris6qfzcz0wn.cloudfront.net\/wp-content\/uploads\/sites\/22\/2024\/04\/lindstrom-uhlikova-stopa-a-textilny-odpad-042024-1-300x186.jpg 300w, https:\/\/d2ris6qfzcz0wn.cloudfront.net\/wp-content\/uploads\/sites\/22\/2024\/04\/lindstrom-uhlikova-stopa-a-textilny-odpad-042024-1-768x477.jpg 768w\" sizes=\"(max-width: 1024px) 100vw, 1024px\" \/><figcaption class=\"wp-element-caption\">Ka\u017ed\u00e1 \u010dinnos\u0165 zanech\u00e1va svoju uhl\u00edkov\u00fa stopu.<\/figcaption><\/figure>\n\n\n\n<h2 class=\"wp-block-heading\"><b>Zni\u017eovanie uhl\u00edkovej stopy<\/b><\/h2>\n\n\n\n<p><span style=\"font-weight: 400;\">D\u00f4le\u017eitou vecou, ktor\u00fa m\u00f4\u017eeme mera\u0165 a vedome robi\u0165, je <\/span><b>zni\u017eovanie uhl\u00edkovej stopy.<\/b><span style=\"font-weight: 400;\"> Uhl\u00edkov\u00e1 stopa je ukazovate\u013e, ktor\u00fd ud\u00e1va mno\u017estvo emisi\u00ed CO\u2082 vyprodukovan\u00fdch po\u010das jednotliv\u00fdch \u013eudsk\u00fdch aktiv\u00edt, tzn. s\u00fahrnn\u00fa spotrebu energi\u00ed (najm\u00e4 fos\u00edlnych pal\u00edv), materi\u00e1lov a slu\u017eieb. Meria mno\u017estvo <\/span><b>sklen\u00edkov\u00fdch plynov<\/b><span style=\"font-weight: 400;\">, ktor\u00e9 zodpovedaj\u00fa ur\u010ditej aktivite a je vyjadren\u00e1 v ekvivalentoch CO\u2082 (CO\u2082e). V pr\u00edpade firmy stanovuje anal\u00fdza mno\u017estvo sklen\u00edkov\u00fdch plynov, ktor\u00e9 s\u00favisia s \u010dinnos\u0165ou podniku.<\/span><\/p>\n\n\n\n<h2 class=\"wp-block-heading\"><b>Ro\u010dn\u00e1 uhl\u00edkov\u00e1 stopa jednotlivca<\/b><\/h2>\n\n\n\n<p><span style=\"font-weight: 400;\">\u010co konkr\u00e9tne si predstavi\u0165 pod pojmom <\/span><b>ro\u010dn\u00e1 uhl\u00edkov\u00e1 stopa<\/b><span style=\"font-weight: 400;\">? Predstavte si, \u017ee sa d\u00e1 napr\u00edklad vypo\u010d\u00edta\u0165 dopad na \u017eivotn\u00e9 prostredie (mno\u017estvo vyprodukovan\u00e9ho CO\u2082 ) va\u0161ej cesty do pr\u00e1ce a porovna\u0165 medzi sebou r\u00f4zne alternat\u00edvy (cestu pe\u0161o, jazdu MHD alebo autom). Rovnak\u00fdm sp\u00f4sobom m\u00f4\u017eete porovn\u00e1va\u0165 r\u00f4zne oblasti v\u00e1\u0161ho \u017eivota, napr\u00edklad \u010do si d\u00e1te na ra\u0148ajky a je \u0161etrnej\u0161ie &#8211; dom\u00e1ce vaj\u00ed\u010dko alebo priemyselne vyroben\u00e1 ovsen\u00e1 ka\u0161a. Skr\u00e1tka v\u0161etko, \u010do rob\u00edme, za sebou zanech\u00e1va uhl\u00edkov\u00fa stopu.<\/span><\/p>\n\n\n\n<p><span style=\"font-weight: 400;\">Zauj\u00edmav\u00e9 s\u00fa <\/span><b>v\u00fdpo\u010dty uhl\u00edkovej stopy<\/b><span style=\"font-weight: 400;\"> b\u00fdvania, dopravy, jedla, produkovan\u00fdch odpadov a textilu na obyvate\u013ea Prahy. Pod\u013ea nich si m\u00f4\u017eeme urobi\u0165 orienta\u010dn\u00fa predstavu. Najvy\u0161\u0161ia uhl\u00edkov\u00e1 stopa vy\u0161la pri jedle, asi 2 t CO<\/span><span style=\"font-weight: 400;\">2<\/span><span style=\"font-weight: 400;\"> e\/ob\u010dan\/rok. Na druhom mieste bola uhl\u00edkov\u00e1 stopa b\u00fdvania, cca 1,5 t <\/span><span style=\"font-weight: 400;\">CO<\/span><span style=\"font-weight: 400;\">2<\/span><span style=\"font-weight: 400;\"> e\/ob\/rok. Na tre\u0165om mieste sa umiestnila doprava s uhl\u00edkovou stopou cca 1 t <\/span><span style=\"font-weight: 400;\">CO<\/span><span style=\"font-weight: 400;\">2<\/span><span style=\"font-weight: 400;\"> e\/ob\/rok. Pri odpade vy\u0161la uhl\u00edkov\u00e1 stopa cca 750 kg CO<\/span><span style=\"font-weight: 400;\">2<\/span><span style=\"font-weight: 400;\"> e\/ob\/rok. Samotn\u00e9 <\/span><b>nakladanie s odpadmi<\/b><span style=\"font-weight: 400;\"> a ich recykl\u00e1cia s\u00fa zodpovedn\u00e9 za cca 15% tejto hodnoty.<\/span><\/p>\n\n\n\n<p><span style=\"font-weight: 400;\">Najv\u00e4\u010d\u0161\u00ed vplyv na \u017eivotn\u00e9 prostredie m\u00e1 spotreba a nakladanie s plastami. Vysok\u00fa uhl\u00edkov\u00fa stopu v\u0161ak m\u00e1 aj <\/span><a href=\"https:\/\/lindstromgroup.com\/sk\/article\/kde-konci-pouzity-textil-pet-flase\/\"><b>oble\u010denie a \u010fal\u0161ie textiln\u00e9 v\u00fdrobky<\/b><\/a><span style=\"font-weight: 400;\">. V pr\u00edpade, \u017ee v \u010cR skuto\u010dne na jedn\u00e9ho obyvate\u013ea spotrebuje 20 kg oble\u010denia, textilu a kobercov za rok, uhl\u00edkov\u00e1 stopa tejto spotreby je 500 kg CO2 e\/ob\/rok. Pritom jeden priemern\u00fd strom za 100 rokov absorbuje iba 1 tonu CO2.<\/span><\/p>\n\n\n\n<h2 class=\"wp-block-heading\"><b>Ro\u010dn\u00e1 uhl\u00edkov\u00e1 stopa firiem<\/b><\/h2>\n\n\n\n<p><span style=\"font-weight: 400;\">Uhl\u00edkov\u00e1 stopa podniku zodpoved\u00e1 priamym a nepriamym emisi\u00e1m spojen\u00fdm s fungovan\u00edm firmy. Pri jej \u010dinnostiach je d\u00f4le\u017eit\u00e1 <\/span><b>uhl\u00edkov\u00e1 stopa produktu<\/b><span style=\"font-weight: 400;\">, ktor\u00e1 zah\u0155\u0148a emisie sklen\u00edkov\u00fdch plynov po\u010das \u017eivotn\u00e9ho cyklu v\u00fdrobku &#8211; od v\u00fdroby po likvid\u00e1ciu. K hodnoteniu s\u00fa potrebn\u00e9 d\u00e1ta z pos\u00fadenia \u017eivotn\u00e9ho cyklu v\u00fdrobkov. V\u00fdsledky je mo\u017en\u00e9 pou\u017ei\u0165 na porovn\u00e1vanie jednotliv\u00fdch produktov z h\u013eadiska <\/span><b>udr\u017eate\u013en\u00e9ho rozvoja<\/b><span style=\"font-weight: 400;\">.<\/span><\/p>\n\n\n\n<figure class=\"wp-block-image size-large alignnone lazyload wp-image-5616 size-full\"><img decoding=\"async\" width=\"1024\" height=\"678\" src=\"https:\/\/d2ris6qfzcz0wn.cloudfront.net\/wp-content\/uploads\/sites\/22\/2020\/11\/lindstromgroup-znecistene-zivotni-prostredi-1024x678.jpg\" alt=\"\" class=\"wp-image-17809\" srcset=\"https:\/\/d2ris6qfzcz0wn.cloudfront.net\/wp-content\/uploads\/sites\/22\/2020\/11\/lindstromgroup-znecistene-zivotni-prostredi-1024x678.jpg 1024w, https:\/\/d2ris6qfzcz0wn.cloudfront.net\/wp-content\/uploads\/sites\/22\/2020\/11\/lindstromgroup-znecistene-zivotni-prostredi-300x199.jpg 300w, https:\/\/d2ris6qfzcz0wn.cloudfront.net\/wp-content\/uploads\/sites\/22\/2020\/11\/lindstromgroup-znecistene-zivotni-prostredi-768x508.jpg 768w, https:\/\/d2ris6qfzcz0wn.cloudfront.net\/wp-content\/uploads\/sites\/22\/2020\/11\/lindstromgroup-znecistene-zivotni-prostredi.jpg 1280w\" sizes=\"(max-width: 1024px) 100vw, 1024px\" \/><figcaption class=\"wp-element-caption\">Zne\u010disten\u00e9 \u017eivotn\u00e9 prostredie<\/figcaption><\/figure>\n\n\n\n<h2 class=\"wp-block-heading\"><b>Na\u0161a firma Lindstr\u00f6m a udr\u017eate\u013enos\u0165<\/b><\/h2>\n\n\n\n<p><span style=\"font-weight: 400;\">Na\u0161a firma pon\u00faka <\/span><a href=\"https:\/\/lindstromgroup.com\/sk\/sluzby\/servis-pracovneho-oblecenia\/\"><span style=\"font-weight: 400;\">slu\u017eby pren\u00e1jmu textilu<\/span><\/a><span style=\"font-weight: 400;\">, medzi ktor\u00e9 patr\u00ed v\u00fdber textilu, navrhovanie a zadanie v\u00fdroby pracovn\u00fdch odevov, spr\u00e1va z\u00e1sob, logistika a dod\u00e1vka, ekologick\u00e1 starostlivos\u0165 o firemn\u00e9 text\u00edlie a ich \u00fadr\u017eba. K prenaj\u00edman\u00fdm text\u00edli\u00e1m patria <\/span><b>firemn\u00e9 pracovn\u00e9 odevy<\/b><span style=\"font-weight: 400;\">, text\u00edlie pre hotely, re\u0161taur\u00e1cie a o\u0161etrovate\u013esk\u00e9 domy, podlahov\u00e9 roho\u017ee a priemyseln\u00e9 utierky.<\/span><\/p>\n\n\n\n<p><span style=\"font-weight: 400;\">V s\u00fa\u010dasnom obdob\u00ed <\/span><a href=\"https:\/\/lindstromgroup.com\/sk\/article\/ako-ovplyvnil-koronavirus-hygienu-v-potravinarstve-a-v-obchodoch-s-potravinami\/\"><span style=\"font-weight: 400;\">koronav\u00edrusovej pand\u00e9mie<\/span><\/a><span style=\"font-weight: 400;\"> firmy a podnikatelia e\u0161te viac oce\u0148uj\u00fa v\u00fdhody na\u0161ich slu\u017eieb (<\/span><b>prenaj\u00edmanie a hygienick\u00e9 \u010distenie pracovn\u00fdch odevov<\/b><span style=\"font-weight: 400;\"> a \u010fal\u0161\u00edch firemn\u00fdch text\u00edli\u00ed, napr\u00edklad prate\u013en\u00fdch <\/span><a href=\"https:\/\/lindstromgroup.com\/sk\/services\/\"><span style=\"font-weight: 400;\">hygienick\u00fdch r\u00fa\u0161ok<\/span><\/a><span style=\"font-weight: 400;\">). Hygienick\u00e1 a v\u010dasn\u00e1 dod\u00e1vka je e\u0161te d\u00f4le\u017eitej\u0161ia ako predt\u00fdm. Najm\u00e4 pre v dne\u0161nej dobe exponovan\u00e9 odvetvia, ako je zdravotn\u00edctvo, starostlivos\u0165 o seniorov, spracovanie potrav\u00edn &#8211; proste v\u0161etky, ktor\u00e9 zabezpe\u010duj\u00fa starostlivos\u0165 o chor\u00fdch a nevyhnutn\u00fd chod spolo\u010dnosti. Opakovane pou\u017eite\u013en\u00e9 materi\u00e1ly s\u00fa navy\u0161e <\/span><a href=\"https:\/\/lindstromgroup.com\/sk\/udrzatelnost\/\"><span style=\"font-weight: 400;\">\u0161etrnej\u0161ie k \u017eivotn\u00e9mu prostrediu<\/span><\/a><span style=\"font-weight: 400;\"> a <\/span><b>minimalizuj\u00fa uhl\u00edkov\u00fa stopu textilnej produkcie.<\/b><\/p>\n\n\n\n<figure class=\"wp-block-image size-full alignnone lazyload wp-image-5614\"><img decoding=\"async\" width=\"1000\" height=\"667\" src=\"https:\/\/d2ris6qfzcz0wn.cloudfront.net\/wp-content\/uploads\/sites\/22\/2024\/05\/Triedenie-firemnej-bielizne-v-pracovni.jpg\" alt=\"\" class=\"wp-image-17800\" srcset=\"https:\/\/d2ris6qfzcz0wn.cloudfront.net\/wp-content\/uploads\/sites\/22\/2024\/05\/Triedenie-firemnej-bielizne-v-pracovni.jpg 1000w, https:\/\/d2ris6qfzcz0wn.cloudfront.net\/wp-content\/uploads\/sites\/22\/2024\/05\/Triedenie-firemnej-bielizne-v-pracovni-300x200.jpg 300w, https:\/\/d2ris6qfzcz0wn.cloudfront.net\/wp-content\/uploads\/sites\/22\/2024\/05\/Triedenie-firemnej-bielizne-v-pracovni-768x512.jpg 768w\" sizes=\"(max-width: 1000px) 100vw, 1000px\" \/><figcaption class=\"wp-element-caption\">Hygienick\u00e9 a ekologick\u00e9 pranie bielizne v na\u0161ej firme.<\/figcaption><\/figure>\n\n\n\n<h3 class=\"wp-block-heading\"><b>\u010clenstvo v medzin\u00e1rodnej organiz\u00e1cii ETSA<\/b><\/h3>\n\n\n\n<p><span style=\"font-weight: 400;\">Sme s\u00fa\u010das\u0165ou poprednej eur\u00f3pskej asoci\u00e1cie pre po\u017ei\u010dovne textilu a n\u00e1rodnej asoci\u00e1cie textiln\u00fdch slu\u017eieb v Eur\u00f3pe <\/span><a href=\"https:\/\/www.textile-services.eu\/\" target=\"_blank\" rel=\"noopener noreferrer\"><b>ETSA<\/b><\/a><span style=\"font-weight: 400;\">, ktor\u00e1 je platformou pre vytv\u00e1ranie siet\u00ed a zdie\u013eanie osved\u010den\u00fdch postupov na vy\u0161\u0161ej \u00farovni. ETSA zastupuje spolo\u010dnosti eur\u00f3pskeho <\/span><b>odvetvia textiln\u00fdch slu\u017eieb<\/b><span style=\"font-weight: 400;\">, pre ktor\u00e9 s\u00fa udr\u017eate\u013enos\u0165 a spolo\u010densk\u00e1 zodpovednos\u0165 z\u00e1kladn\u00fdmi stavebn\u00fdmi kame\u0148mi ich obchodnej strat\u00e9gie a ziskovosti spolo\u010dnosti.<\/span><\/p>\n\n\n\n<p><span style=\"font-weight: 400;\">\u010cinnosti firiem poskytuj\u00facich textiln\u00e9 slu\u017eby s\u00fa certifikovan\u00e9 v s\u00falade s medzin\u00e1rodn\u00fdmi syst\u00e9mami riadenia, ako s\u00fa ISO 9001 (mana\u017ement kvality) a ISO 14001 (environment\u00e1lny mana\u017ement). \u010clenovia ETSA musia tie\u017e dodr\u017eiava\u0165 pr\u00edsne pr\u00e1vne predpisy E\u00da a normy CEN.<\/span><\/p>\n\n\n\n<h2 class=\"wp-block-heading\"><b>Udr\u017eate\u013enos\u0165 ako jedin\u00e1 spr\u00e1vna cesta<\/b><\/h2>\n\n\n\n<p><a href=\"https:\/\/lindstromgroup.com\/sk\/udrzatelnost\/\"><span style=\"font-weight: 400;\">Udr\u017eate\u013en\u00e1 spolo\u010dnos\u0165<\/span><\/a><span style=\"font-weight: 400;\"> mus\u00ed by\u0165 vybudovan\u00e1 tak, aby jej \u017eivotn\u00fd \u0161t\u00fdl a podnikanie neboli v rozpore so <\/span><b>schopnos\u0165ou pr\u00edrody udr\u017ea\u0165 \u017eivot<\/b><span style=\"font-weight: 400;\">. Udr\u017eate\u013enos\u0165 nie je mo\u017en\u00e1, ak \u013eudsk\u00e1 spolo\u010dnos\u0165 dob\u00fdva a rozpty\u013euje l\u00e1tky r\u00fdchlej\u0161ie, ne\u017e sa vracaj\u00fa sp\u00e4\u0165 do zemskej k\u00f4ry (ropa, uhlie, kovy), produkuje l\u00e1tky r\u00fdchlej\u0161ie, ne\u017e m\u00f4\u017eu by\u0165 rozlo\u017een\u00e9 pr\u00edrodn\u00fdmi procesmi a progres\u00edvne ni\u010d\u00ed ekosyst\u00e9my&#8230;<\/span><\/p>\n\n\n\n<p><b>Trvalo udr\u017eate\u013en\u00fd rozvoj <\/b><span style=\"font-weight: 400;\">je sp\u00f4sob rozvoja \u013eudskej spolo\u010dnosti, ktor\u00fd uv\u00e1dza do s\u00faladu hospod\u00e1rsky a spolo\u010densk\u00fd pokrok s plnohodnotn\u00fdm zachovan\u00edm \u017eivotn\u00e9ho prostredia. Trvalo udr\u017eate\u013en\u00fd rozvoj v skuto\u010dnosti neznamen\u00e1 ni\u010d viac ne\u017e ekologicky citlivej\u0161\u00ed rast. Je tak\u00fdm rozvojom, ktor\u00fd nap\u013a\u0148a potreby pr\u00edtomn\u00fdch gener\u00e1ci\u00ed bez toho, aby ohrozil schopnos\u0165 nap\u013a\u0148a\u0165 ich aj gener\u00e1ci\u00e1m bud\u00facim.<\/span><\/p>\n\n\n\n<p><span style=\"font-weight: 400;\">Mottom udr\u017eate\u013en\u00e9ho rozvoja je cit\u00e1t Antoina de Saint-Exup\u00e9ry: \u201e<\/span><i><span style=\"font-weight: 400;\">Neded\u00edme Zem po na\u0161ich predkoch, ale po\u017ei\u010diavame si ju od na\u0161ich det\u00ed<\/span><\/i><span style=\"font-weight: 400;\">.\u201c<\/span><\/p>\n","protected":false},"excerpt":{"rendered":"<p>V tomto zvl\u00e1\u0161tnom obdob\u00ed \u010doraz v\u00e4\u010d\u0161ej \u010dasti \u013eud\u00ed doch\u00e1dza, \u017ee mus\u00edme zmeni\u0165 svoje myslenie, svoj pr\u00edstup k pr\u00edrode a plan\u00e9te, aby sme mali pred sebou&#8230;<\/p>\n","protected":false},"author":14,"featured_media":17275,"comment_status":"closed","ping_status":"open","sticky":false,"template":"","format":"standard","meta":{"_acf_changed":false,"inline_featured_image":false,"_eb_attr":"","site-sidebar-layout":"default","site-content-layout":"","ast-site-content-layout":"default","site-content-style":"default","site-sidebar-style":"default","ast-global-header-display":"","ast-banner-title-visibility":"","ast-main-header-display":"","ast-hfb-above-header-display":"","ast-hfb-below-header-display":"","ast-hfb-mobile-header-display":"","site-post-title":"","ast-breadcrumbs-content":"","ast-featured-img":"","footer-sml-layout":"","ast-disable-related-posts":"","theme-transparent-header-meta":"","adv-header-id-meta":"","stick-header-meta":"","header-above-stick-meta":"","header-main-stick-meta":"","header-below-stick-meta":"","astra-migrate-meta-layouts":"default","ast-page-background-enabled":"default","ast-page-background-meta":{"desktop":{"background-color":"var(--ast-global-color-4)","background-image":"","background-repeat":"repeat","background-position":"center center","background-size":"auto","background-attachment":"scroll","background-type":"","background-media":"","overlay-type":"","overlay-color":"","overlay-opacity":"","overlay-gradient":""},"tablet":{"background-color":"","background-image":"","background-repeat":"repeat","background-position":"center center","background-size":"auto","background-attachment":"scroll","background-type":"","background-media":"","overlay-type":"","overlay-color":"","overlay-opacity":"","overlay-gradient":""},"mobile":{"background-color":"","background-image":"","background-repeat":"repeat","background-position":"center center","background-size":"auto","background-attachment":"scroll","background-type":"","background-media":"","overlay-type":"","overlay-color":"","overlay-opacity":"","overlay-gradient":""}},"ast-content-background-meta":{"desktop":{"background-color":"var(--ast-global-color-5)","background-image":"","background-repeat":"repeat","background-position":"center center","background-size":"auto","background-attachment":"scroll","background-type":"","background-media":"","overlay-type":"","overlay-color":"","overlay-opacity":"","overlay-gradient":""},"tablet":{"background-color":"var(--ast-global-color-5)","background-image":"","background-repeat":"repeat","background-position":"center center","background-size":"auto","background-attachment":"scroll","background-type":"","background-media":"","overlay-type":"","overlay-color":"","overlay-opacity":"","overlay-gradient":""},"mobile":{"background-color":"var(--ast-global-color-5)","background-image":"","background-repeat":"repeat","background-position":"center center","background-size":"auto","background-attachment":"scroll","background-type":"","background-media":"","overlay-type":"","overlay-color":"","overlay-opacity":"","overlay-gradient":""}},"footnotes":""},"categories":[14],"tags":[33,51],"coauthors":[20],"class_list":["post-17273","post","type-post","status-publish","format-standard","has-post-thumbnail","hentry","category-article","tag-pracovne-oblecenie","tag-udrzatelnost"],"acf":[],"yoast_head":"<!-- This site is optimized with the Yoast SEO plugin v27.2 - https:\/\/yoast.com\/product\/yoast-seo-wordpress\/ -->\n<title>Uhl\u00edkov\u00e1 stopa a textiln\u00fd odpad - Lindstr\u00f6m Slovakia<\/title>\n<meta name=\"robots\" content=\"index, follow, max-snippet:-1, max-image-preview:large, max-video-preview:-1\" \/>\n<meta property=\"og:locale\" content=\"sk_SK\" \/>\n<meta property=\"og:type\" content=\"article\" \/>\n<meta property=\"og:title\" content=\"Uhl\u00edkov\u00e1 stopa a textiln\u00fd odpad - Lindstr\u00f6m Slovakia\" \/>\n<meta property=\"og:description\" content=\"V tomto zvl\u00e1\u0161tnom obdob\u00ed \u010doraz v\u00e4\u010d\u0161ej \u010dasti \u013eud\u00ed doch\u00e1dza, \u017ee mus\u00edme zmeni\u0165 svoje myslenie, svoj pr\u00edstup k pr\u00edrode a plan\u00e9te, aby sme mali pred sebou...\" \/>\n<meta property=\"og:url\" content=\"https:\/\/lindstromgroup.com\/sk\/article\/uhlikova-stopa-a-textilny-odpad\/\" \/>\n<meta property=\"og:site_name\" content=\"Lindstr\u00f6m Slovakia\" \/>\n<meta property=\"article:published_time\" content=\"2020-11-20T12:29:00+00:00\" \/>\n<meta property=\"article:modified_time\" content=\"2025-05-28T10:18:05+00:00\" \/>\n<meta property=\"og:image\" content=\"https:\/\/lindstrom-sites.s3.eu-north-1.amazonaws.com\/wp-content\/uploads\/sites\/22\/2024\/04\/lindstrom-uhlikova-stopa-a-textilny-odpad-042024-1.jpg\" \/>\n\t<meta property=\"og:image:width\" content=\"1024\" \/>\n\t<meta property=\"og:image:height\" content=\"636\" \/>\n\t<meta property=\"og:image:type\" content=\"image\/jpeg\" \/>\n<meta name=\"author\" content=\"Lindstr\u00f6m Group\" \/>\n<meta name=\"twitter:card\" content=\"summary_large_image\" \/>\n<meta name=\"twitter:label1\" content=\"Autor\" \/>\n\t<meta name=\"twitter:data1\" content=\"Lindstr\u00f6m Group\" \/>\n\t<meta name=\"twitter:label2\" content=\"Predpokladan\u00fd \u010das \u010d\u00edtania\" \/>\n\t<meta name=\"twitter:data2\" content=\"6 min\u00fat\" \/>\n\t<meta name=\"twitter:label3\" content=\"Written by\" \/>\n\t<meta name=\"twitter:data3\" content=\"Lindstr\u00f6m Group\" \/>\n<script type=\"application\/ld+json\" class=\"yoast-schema-graph\">{\"@context\":\"https:\/\/schema.org\",\"@graph\":[{\"@type\":\"Article\",\"@id\":\"https:\/\/lindstromgroup.com\/sk\/article\/uhlikova-stopa-a-textilny-odpad\/#article\",\"isPartOf\":{\"@id\":\"https:\/\/lindstromgroup.com\/sk\/article\/uhlikova-stopa-a-textilny-odpad\/\"},\"author\":{\"name\":\"Lindstr\u00f6m Group\",\"@id\":\"https:\/\/lindstromgroup.com\/sk\/#\/schema\/person\/9111900e3f15be99cf4a104112bf0bc3\"},\"headline\":\"Uhl\u00edkov\u00e1 stopa a textiln\u00fd odpad\",\"datePublished\":\"2020-11-20T12:29:00+00:00\",\"dateModified\":\"2025-05-28T10:18:05+00:00\",\"mainEntityOfPage\":{\"@id\":\"https:\/\/lindstromgroup.com\/sk\/article\/uhlikova-stopa-a-textilny-odpad\/\"},\"wordCount\":1150,\"publisher\":{\"@id\":\"https:\/\/lindstromgroup.com\/sk\/#organization\"},\"image\":{\"@id\":\"https:\/\/lindstromgroup.com\/sk\/article\/uhlikova-stopa-a-textilny-odpad\/#primaryimage\"},\"thumbnailUrl\":\"https:\/\/d2ris6qfzcz0wn.cloudfront.net\/wp-content\/uploads\/sites\/22\/2024\/04\/lindstrom-uhlikova-stopa-a-textilny-odpad-042024-1.jpg\",\"keywords\":[\"#pracovn\u00e9 oble\u010denie\",\"#udr\u017eate\u013enos\u0165\"],\"articleSection\":[\"\u010cl\u00e1nky\"],\"inLanguage\":\"sk-SK\"},{\"@type\":\"WebPage\",\"@id\":\"https:\/\/lindstromgroup.com\/sk\/article\/uhlikova-stopa-a-textilny-odpad\/\",\"url\":\"https:\/\/lindstromgroup.com\/sk\/article\/uhlikova-stopa-a-textilny-odpad\/\",\"name\":\"Uhl\u00edkov\u00e1 stopa a textiln\u00fd odpad - Lindstr\u00f6m Slovakia\",\"isPartOf\":{\"@id\":\"https:\/\/lindstromgroup.com\/sk\/#website\"},\"primaryImageOfPage\":{\"@id\":\"https:\/\/lindstromgroup.com\/sk\/article\/uhlikova-stopa-a-textilny-odpad\/#primaryimage\"},\"image\":{\"@id\":\"https:\/\/lindstromgroup.com\/sk\/article\/uhlikova-stopa-a-textilny-odpad\/#primaryimage\"},\"thumbnailUrl\":\"https:\/\/d2ris6qfzcz0wn.cloudfront.net\/wp-content\/uploads\/sites\/22\/2024\/04\/lindstrom-uhlikova-stopa-a-textilny-odpad-042024-1.jpg\",\"datePublished\":\"2020-11-20T12:29:00+00:00\",\"dateModified\":\"2025-05-28T10:18:05+00:00\",\"breadcrumb\":{\"@id\":\"https:\/\/lindstromgroup.com\/sk\/article\/uhlikova-stopa-a-textilny-odpad\/#breadcrumb\"},\"inLanguage\":\"sk-SK\",\"potentialAction\":[{\"@type\":\"ReadAction\",\"target\":[\"https:\/\/lindstromgroup.com\/sk\/article\/uhlikova-stopa-a-textilny-odpad\/\"]}]},{\"@type\":\"ImageObject\",\"inLanguage\":\"sk-SK\",\"@id\":\"https:\/\/lindstromgroup.com\/sk\/article\/uhlikova-stopa-a-textilny-odpad\/#primaryimage\",\"url\":\"https:\/\/d2ris6qfzcz0wn.cloudfront.net\/wp-content\/uploads\/sites\/22\/2024\/04\/lindstrom-uhlikova-stopa-a-textilny-odpad-042024-1.jpg\",\"contentUrl\":\"https:\/\/d2ris6qfzcz0wn.cloudfront.net\/wp-content\/uploads\/sites\/22\/2024\/04\/lindstrom-uhlikova-stopa-a-textilny-odpad-042024-1.jpg\",\"width\":1024,\"height\":636},{\"@type\":\"BreadcrumbList\",\"@id\":\"https:\/\/lindstromgroup.com\/sk\/article\/uhlikova-stopa-a-textilny-odpad\/#breadcrumb\",\"itemListElement\":[{\"@type\":\"ListItem\",\"position\":1,\"name\":\"Home\",\"item\":\"https:\/\/lindstromgroup.com\/sk\/\"},{\"@type\":\"ListItem\",\"position\":2,\"name\":\"\u010cl\u00e1nky\",\"item\":\"https:\/\/lindstromgroup.com\/sk\/category\/article\/\"},{\"@type\":\"ListItem\",\"position\":3,\"name\":\"Uhl\u00edkov\u00e1 stopa a textiln\u00fd odpad\"}]},{\"@type\":\"WebSite\",\"@id\":\"https:\/\/lindstromgroup.com\/sk\/#website\",\"url\":\"https:\/\/lindstromgroup.com\/sk\/\",\"name\":\"Lindstr\u00f6m Slovakia\",\"description\":\"\",\"publisher\":{\"@id\":\"https:\/\/lindstromgroup.com\/sk\/#organization\"},\"potentialAction\":[{\"@type\":\"SearchAction\",\"target\":{\"@type\":\"EntryPoint\",\"urlTemplate\":\"https:\/\/lindstromgroup.com\/sk\/?s={search_term_string}\"},\"query-input\":{\"@type\":\"PropertyValueSpecification\",\"valueRequired\":true,\"valueName\":\"search_term_string\"}}],\"inLanguage\":\"sk-SK\"},{\"@type\":\"Organization\",\"@id\":\"https:\/\/lindstromgroup.com\/sk\/#organization\",\"name\":\"Lindstr\u00f6m Slovakia\",\"url\":\"https:\/\/lindstromgroup.com\/sk\/\",\"logo\":{\"@type\":\"ImageObject\",\"inLanguage\":\"sk-SK\",\"@id\":\"https:\/\/lindstromgroup.com\/sk\/#\/schema\/logo\/image\/\",\"url\":\"https:\/\/d2ris6qfzcz0wn.cloudfront.net\/wp-content\/uploads\/sites\/22\/2023\/10\/Logo512.png\",\"contentUrl\":\"https:\/\/d2ris6qfzcz0wn.cloudfront.net\/wp-content\/uploads\/sites\/22\/2023\/10\/Logo512.png\",\"width\":512,\"height\":109,\"caption\":\"Lindstr\u00f6m Slovakia\"},\"image\":{\"@id\":\"https:\/\/lindstromgroup.com\/sk\/#\/schema\/logo\/image\/\"}},{\"@type\":\"Person\",\"@id\":\"https:\/\/lindstromgroup.com\/sk\/#\/schema\/person\/9111900e3f15be99cf4a104112bf0bc3\",\"name\":\"Lindstr\u00f6m Group\",\"image\":{\"@type\":\"ImageObject\",\"inLanguage\":\"sk-SK\",\"@id\":\"https:\/\/secure.gravatar.com\/avatar\/db72e9a46e0f7c5c437401114209c070c0ed0871f3f73ed82792b5cf14c95b5c?s=96&d=mm&r=g93dbf206f3a4403aba72a0da0a795367\",\"url\":\"https:\/\/secure.gravatar.com\/avatar\/db72e9a46e0f7c5c437401114209c070c0ed0871f3f73ed82792b5cf14c95b5c?s=96&d=mm&r=g\",\"contentUrl\":\"https:\/\/secure.gravatar.com\/avatar\/db72e9a46e0f7c5c437401114209c070c0ed0871f3f73ed82792b5cf14c95b5c?s=96&d=mm&r=g\",\"caption\":\"Lindstr\u00f6m Group\"}}]}<\/script>\n<!-- \/ Yoast SEO plugin. -->","yoast_head_json":{"title":"Uhl\u00edkov\u00e1 stopa a textiln\u00fd odpad - Lindstr\u00f6m Slovakia","robots":{"index":"index","follow":"follow","max-snippet":"max-snippet:-1","max-image-preview":"max-image-preview:large","max-video-preview":"max-video-preview:-1"},"og_locale":"sk_SK","og_type":"article","og_title":"Uhl\u00edkov\u00e1 stopa a textiln\u00fd odpad - Lindstr\u00f6m Slovakia","og_description":"V tomto zvl\u00e1\u0161tnom obdob\u00ed \u010doraz v\u00e4\u010d\u0161ej \u010dasti \u013eud\u00ed doch\u00e1dza, \u017ee mus\u00edme zmeni\u0165 svoje myslenie, svoj pr\u00edstup k pr\u00edrode a plan\u00e9te, aby sme mali pred sebou...","og_url":"https:\/\/lindstromgroup.com\/sk\/article\/uhlikova-stopa-a-textilny-odpad\/","og_site_name":"Lindstr\u00f6m Slovakia","article_published_time":"2020-11-20T12:29:00+00:00","article_modified_time":"2025-05-28T10:18:05+00:00","og_image":[{"width":1024,"height":636,"url":"https:\/\/lindstrom-sites.s3.eu-north-1.amazonaws.com\/wp-content\/uploads\/sites\/22\/2024\/04\/lindstrom-uhlikova-stopa-a-textilny-odpad-042024-1.jpg","type":"image\/jpeg"}],"author":"Lindstr\u00f6m Group","twitter_card":"summary_large_image","twitter_misc":{"Autor":"Lindstr\u00f6m Group","Predpokladan\u00fd \u010das \u010d\u00edtania":"6 min\u00fat","Written by":"Lindstr\u00f6m Group"},"schema":{"@context":"https:\/\/schema.org","@graph":[{"@type":"Article","@id":"https:\/\/lindstromgroup.com\/sk\/article\/uhlikova-stopa-a-textilny-odpad\/#article","isPartOf":{"@id":"https:\/\/lindstromgroup.com\/sk\/article\/uhlikova-stopa-a-textilny-odpad\/"},"author":{"name":"Lindstr\u00f6m Group","@id":"https:\/\/lindstromgroup.com\/sk\/#\/schema\/person\/9111900e3f15be99cf4a104112bf0bc3"},"headline":"Uhl\u00edkov\u00e1 stopa a textiln\u00fd odpad","datePublished":"2020-11-20T12:29:00+00:00","dateModified":"2025-05-28T10:18:05+00:00","mainEntityOfPage":{"@id":"https:\/\/lindstromgroup.com\/sk\/article\/uhlikova-stopa-a-textilny-odpad\/"},"wordCount":1150,"publisher":{"@id":"https:\/\/lindstromgroup.com\/sk\/#organization"},"image":{"@id":"https:\/\/lindstromgroup.com\/sk\/article\/uhlikova-stopa-a-textilny-odpad\/#primaryimage"},"thumbnailUrl":"https:\/\/d2ris6qfzcz0wn.cloudfront.net\/wp-content\/uploads\/sites\/22\/2024\/04\/lindstrom-uhlikova-stopa-a-textilny-odpad-042024-1.jpg","keywords":["#pracovn\u00e9 oble\u010denie","#udr\u017eate\u013enos\u0165"],"articleSection":["\u010cl\u00e1nky"],"inLanguage":"sk-SK"},{"@type":"WebPage","@id":"https:\/\/lindstromgroup.com\/sk\/article\/uhlikova-stopa-a-textilny-odpad\/","url":"https:\/\/lindstromgroup.com\/sk\/article\/uhlikova-stopa-a-textilny-odpad\/","name":"Uhl\u00edkov\u00e1 stopa a textiln\u00fd odpad - Lindstr\u00f6m Slovakia","isPartOf":{"@id":"https:\/\/lindstromgroup.com\/sk\/#website"},"primaryImageOfPage":{"@id":"https:\/\/lindstromgroup.com\/sk\/article\/uhlikova-stopa-a-textilny-odpad\/#primaryimage"},"image":{"@id":"https:\/\/lindstromgroup.com\/sk\/article\/uhlikova-stopa-a-textilny-odpad\/#primaryimage"},"thumbnailUrl":"https:\/\/d2ris6qfzcz0wn.cloudfront.net\/wp-content\/uploads\/sites\/22\/2024\/04\/lindstrom-uhlikova-stopa-a-textilny-odpad-042024-1.jpg","datePublished":"2020-11-20T12:29:00+00:00","dateModified":"2025-05-28T10:18:05+00:00","breadcrumb":{"@id":"https:\/\/lindstromgroup.com\/sk\/article\/uhlikova-stopa-a-textilny-odpad\/#breadcrumb"},"inLanguage":"sk-SK","potentialAction":[{"@type":"ReadAction","target":["https:\/\/lindstromgroup.com\/sk\/article\/uhlikova-stopa-a-textilny-odpad\/"]}]},{"@type":"ImageObject","inLanguage":"sk-SK","@id":"https:\/\/lindstromgroup.com\/sk\/article\/uhlikova-stopa-a-textilny-odpad\/#primaryimage","url":"https:\/\/d2ris6qfzcz0wn.cloudfront.net\/wp-content\/uploads\/sites\/22\/2024\/04\/lindstrom-uhlikova-stopa-a-textilny-odpad-042024-1.jpg","contentUrl":"https:\/\/d2ris6qfzcz0wn.cloudfront.net\/wp-content\/uploads\/sites\/22\/2024\/04\/lindstrom-uhlikova-stopa-a-textilny-odpad-042024-1.jpg","width":1024,"height":636},{"@type":"BreadcrumbList","@id":"https:\/\/lindstromgroup.com\/sk\/article\/uhlikova-stopa-a-textilny-odpad\/#breadcrumb","itemListElement":[{"@type":"ListItem","position":1,"name":"Home","item":"https:\/\/lindstromgroup.com\/sk\/"},{"@type":"ListItem","position":2,"name":"\u010cl\u00e1nky","item":"https:\/\/lindstromgroup.com\/sk\/category\/article\/"},{"@type":"ListItem","position":3,"name":"Uhl\u00edkov\u00e1 stopa a textiln\u00fd odpad"}]},{"@type":"WebSite","@id":"https:\/\/lindstromgroup.com\/sk\/#website","url":"https:\/\/lindstromgroup.com\/sk\/","name":"Lindstr\u00f6m Slovakia","description":"","publisher":{"@id":"https:\/\/lindstromgroup.com\/sk\/#organization"},"potentialAction":[{"@type":"SearchAction","target":{"@type":"EntryPoint","urlTemplate":"https:\/\/lindstromgroup.com\/sk\/?s={search_term_string}"},"query-input":{"@type":"PropertyValueSpecification","valueRequired":true,"valueName":"search_term_string"}}],"inLanguage":"sk-SK"},{"@type":"Organization","@id":"https:\/\/lindstromgroup.com\/sk\/#organization","name":"Lindstr\u00f6m Slovakia","url":"https:\/\/lindstromgroup.com\/sk\/","logo":{"@type":"ImageObject","inLanguage":"sk-SK","@id":"https:\/\/lindstromgroup.com\/sk\/#\/schema\/logo\/image\/","url":"https:\/\/d2ris6qfzcz0wn.cloudfront.net\/wp-content\/uploads\/sites\/22\/2023\/10\/Logo512.png","contentUrl":"https:\/\/d2ris6qfzcz0wn.cloudfront.net\/wp-content\/uploads\/sites\/22\/2023\/10\/Logo512.png","width":512,"height":109,"caption":"Lindstr\u00f6m Slovakia"},"image":{"@id":"https:\/\/lindstromgroup.com\/sk\/#\/schema\/logo\/image\/"}},{"@type":"Person","@id":"https:\/\/lindstromgroup.com\/sk\/#\/schema\/person\/9111900e3f15be99cf4a104112bf0bc3","name":"Lindstr\u00f6m Group","image":{"@type":"ImageObject","inLanguage":"sk-SK","@id":"https:\/\/secure.gravatar.com\/avatar\/db72e9a46e0f7c5c437401114209c070c0ed0871f3f73ed82792b5cf14c95b5c?s=96&d=mm&r=g93dbf206f3a4403aba72a0da0a795367","url":"https:\/\/secure.gravatar.com\/avatar\/db72e9a46e0f7c5c437401114209c070c0ed0871f3f73ed82792b5cf14c95b5c?s=96&d=mm&r=g","contentUrl":"https:\/\/secure.gravatar.com\/avatar\/db72e9a46e0f7c5c437401114209c070c0ed0871f3f73ed82792b5cf14c95b5c?s=96&d=mm&r=g","caption":"Lindstr\u00f6m Group"}}]}},"publishpress_future_workflow_manual_trigger":{"enabledWorkflows":[]},"distributor_meta":false,"distributor_terms":false,"distributor_media":false,"distributor_original_site_name":"Lindstr\u00f6m Slovakia","distributor_original_site_url":"https:\/\/lindstromgroup.com\/sk","push-errors":false,"_links":{"self":[{"href":"https:\/\/lindstromgroup.com\/sk\/wp-json\/wp\/v2\/posts\/17273","targetHints":{"allow":["GET"]}}],"collection":[{"href":"https:\/\/lindstromgroup.com\/sk\/wp-json\/wp\/v2\/posts"}],"about":[{"href":"https:\/\/lindstromgroup.com\/sk\/wp-json\/wp\/v2\/types\/post"}],"author":[{"embeddable":true,"href":"https:\/\/lindstromgroup.com\/sk\/wp-json\/wp\/v2\/users\/14"}],"replies":[{"embeddable":true,"href":"https:\/\/lindstromgroup.com\/sk\/wp-json\/wp\/v2\/comments?post=17273"}],"version-history":[{"count":0,"href":"https:\/\/lindstromgroup.com\/sk\/wp-json\/wp\/v2\/posts\/17273\/revisions"}],"wp:featuredmedia":[{"embeddable":true,"href":"https:\/\/lindstromgroup.com\/sk\/wp-json\/wp\/v2\/media\/17275"}],"wp:attachment":[{"href":"https:\/\/lindstromgroup.com\/sk\/wp-json\/wp\/v2\/media?parent=17273"}],"wp:term":[{"taxonomy":"category","embeddable":true,"href":"https:\/\/lindstromgroup.com\/sk\/wp-json\/wp\/v2\/categories?post=17273"},{"taxonomy":"post_tag","embeddable":true,"href":"https:\/\/lindstromgroup.com\/sk\/wp-json\/wp\/v2\/tags?post=17273"},{"taxonomy":"author","embeddable":true,"href":"https:\/\/lindstromgroup.com\/sk\/wp-json\/wp\/v2\/coauthors?post=17273"}],"curies":[{"name":"wp","href":"https:\/\/api.w.org\/{rel}","templated":true}]}}