
    {"id":17811,"date":"2024-12-13T13:11:29","date_gmt":"2024-12-13T13:11:29","guid":{"rendered":"https:\/\/lindstromgroup.com\/se\/?p=17811"},"modified":"2025-12-20T18:14:04","modified_gmt":"2025-12-20T18:14:04","slug":"optimera-arbetskladeslogistiken-for-effektivitet-och-hallbarhet","status":"publish","type":"post","link":"https:\/\/lindstromgroup.com\/se\/articles\/optimera-arbetskladeslogistiken-for-effektivitet-och-hallbarhet\/","title":{"rendered":"Optimera arbetskl\u00e4deslogistiken f\u00f6r effektivitet och h\u00e5llbarhet"},"content":{"rendered":"\n<p><\/p>\n\n\n\n        <style>\n            .lindstrom-container--block_0c1de8f1c3d39847915179a286128d15 {                \n                padding-top: 35px;\n                padding-bottom: 35px;\n            }\n\n            @media screen and (min-width: 768px) {\n                .lindstrom-container--block_0c1de8f1c3d39847915179a286128d15 {\n                    padding-top: 35px;\n                    padding-bottom: 75px;\n                }\n            }\n        <\/style>\n    \n<div\n    class=\"lindstrom-container-wrapper lindstrom-container lindstrom-container--block_0c1de8f1c3d39847915179a286128d15 \"\n    id=\"block_0c1de8f1c3d39847915179a286128d15\"\n    style=\"background-color: #ffffff\"\n    >\n    <div class=\"lindstrom-container lindstrom-container--text items-stretch\">\n        \n\n<p>Att fatta sv\u00e5ra beslut om arbetskl\u00e4der \u00e4r avg\u00f6rande f\u00f6r ditt f\u00f6retags dagliga verksamhet. <a href=\"https:\/\/lindstromgroup.com\/choosing-the-right-workwear-management-solution\/\">Att v\u00e4lja r\u00e4tt l\u00f6sning f\u00f6r hantering av arbetskl\u00e4der<\/a> \u00e4r d\u00e4rf\u00f6r en av de viktigaste besluten du kan ta. Oavsett om du \u00f6vervakar produktionen vid en <a href=\"https:\/\/lindstromgroup.com\/se\/tjanster\/arbetskladerstjanst-for-livsmedelsproduktion\/\">livsmedelsfabrik<\/a> eller hanterar ink\u00f6p p\u00e5 ett <a href=\"https:\/\/lindstromgroup.com\/services\/pharma\/\">l\u00e4kemedelsf\u00f6retag<\/a>, \u00e4r det avg\u00f6rande att h\u00e5lla arbetskl\u00e4der rena och s\u00e4kra f\u00f6r en h\u00e4lsosam arbetsmilj\u00f6.<\/p>\n\n\n\n<p>Dessutom \u00e4r arbetskl\u00e4deslogistiken \u2013 hur du samlar in och transporterar dina textilier \u2013 viktig f\u00f6r b\u00e5de h\u00e5llbarhet och ditt f\u00f6retags operativa effektivitet.<\/p>\n\n\n\n<p>T\u00e4nk p\u00e5 resan som arbetskl\u00e4der vanligtvis tar. I b\u00f6rjan av varje skift h\u00e4mtar medarbetare rena arbetskl\u00e4der i <a href=\"https:\/\/lindstromgroup.com\/changing-room-design-in-food-manufacturing-6-top-tips\/\">omkl\u00e4dningsrummet<\/a>, byter om och anv\u00e4nder dem under arbetsdagen. N\u00e4r skiftet \u00e4r \u00f6ver l\u00e4ggs kl\u00e4derna i avsedda tv\u00e4ttkorgar. D\u00e4refter transporteras de smutsiga kl\u00e4derna till dedikerade tv\u00e4ttanl\u00e4ggningar d\u00e4r de tv\u00e4ttas och inspekteras. Uniformerna transporteras sedan tillbaka och placeras i f\u00f6rvaring, redo att anv\u00e4ndas igen i n\u00e4sta arbetscykel.<\/p>\n\n\n\n<p>Om din organisation hanterar textillogistik p\u00e5 egen hand har ni f\u00f6rmodligen en medarbetare som transporterar dessa textilier till och fr\u00e5n tv\u00e4ttanl\u00e4ggningen. Efter en tid kan du m\u00e4rka att detta inte \u00e4r den mest optimala l\u00f6sningen.<\/p>\n\n\n\n<p class=\"has-h-2-font-size\"><strong>Fyra utmaningar med egenhanterad arbetskl\u00e4deslogistik<\/strong><\/p>\n\n\n\n<ol class=\"wp-block-list\">\n<li><strong>Otillr\u00e4cklig kapacitet:<\/strong> \n<ul class=\"wp-block-list\">\n<li>Ist\u00e4llet f\u00f6r att fylla transportbilen optimalt varje g\u00e5ng finns det ofta inte tillr\u00e4ckligt med textilier f\u00f6r att effektivisera leveranserna. Det inneb\u00e4r inte bara mycket outnyttjad plats utan \u00e4ven sl\u00f6seri med br\u00e4nsle och arbetskraft. Slutresultatet blir fler resor och h\u00f6gre transportkostnader.<\/li>\n<\/ul>\n<\/li>\n\n\n\n<li><strong>Negativ p\u00e5verkan p\u00e5 produktiviteten:<\/strong> \n<ul class=\"wp-block-list\">\n<li>Medarbetare vars huvudsakliga arbetsuppgifter inte \u00e4r logistik kan dras bort fr\u00e5n sina huvuduppgifter. Att l\u00e4gga tid och energi p\u00e5 arbetskl\u00e4deslogistik kan p\u00e5verka f\u00f6retagets totala produktivitet och effektivitet negativt.<\/li>\n<\/ul>\n<\/li>\n\n\n\n<li><strong>Risk f\u00f6r textilf\u00f6rlust:<\/strong>\n<ul class=\"wp-block-list\">\n<li>Utan ett sp\u00e5rningssystem f\u00f6r plagg finns det risk att textilier f\u00f6rsvinner eller tappas bort under logistiken. Det blir ocks\u00e5 sv\u00e5rt att s\u00e4kerst\u00e4lla att alla textilier har tv\u00e4ttats och hanterats korrekt. Detta leder till f\u00f6rseningar och st\u00f6rningar, \u00e4ventyrar hygienstandarder och \u00f6kar s\u00e4kerhetsrisker.<\/li>\n<\/ul>\n<\/li>\n\n\n\n<li><strong>H\u00e5llbarhetsutmaningar:<\/strong>\n<ul class=\"wp-block-list\">\n<li>Att hantera logistiken sj\u00e4lv \u00e4r s\u00e4llan det mest milj\u00f6v\u00e4nliga alternativet. Den frekventa anv\u00e4ndningen av f\u00f6retagsfordon f\u00f6r textiltransport bidrar till koldioxidutsl\u00e4pp och br\u00e4nslef\u00f6rbrukning, vilket sannolikt strider mot f\u00f6retagets \u00e5tagande f\u00f6r h\u00e5llbarhet.<\/li>\n<\/ul>\n<\/li>\n<\/ol>\n\n\n\n<p>Om du k\u00e4nner igen ineffektiviteten och utmaningarna i din nuvarande arbetskl\u00e4destransport kan du \u00f6verv\u00e4ga alternativa l\u00f6sningar. Det \u00e4r h\u00e4r vi kan hj\u00e4lpa dig.<\/p>\n\n\n\n<p class=\"has-h-2-font-size\"><strong>Hyra arbetskl\u00e4der erbjuder en skr\u00e4ddarsydd logistisk l\u00f6sning<\/strong><\/p>\n\n\n\n<p>Vi optimerar leveransrutterna f\u00f6r att transportera textilier effektivt och kostnadseffektivt. Genom att maximera kapaciteten i v\u00e5ra transportbilar och strategiskt planera rutter f\u00f6r att betj\u00e4na flera kunder, minimerar vi enhetskostnaderna f\u00f6r ditt f\u00f6retag. Med detta tillv\u00e4gag\u00e5ngss\u00e4tt sparar ditt f\u00f6retag \u00e4ven p\u00e5 br\u00e4nsle- och fordonsunderh\u00e5llskostnader. V\u00e5r str\u00f6mlinjeformade logistik s\u00e4kerst\u00e4ller snabb och effektiv leverans av arbetskl\u00e4der, vilket minimerar st\u00f6rningar i verksamheten. Slutresultatet blir f\u00f6rb\u00e4ttrade arbetsfl\u00f6den och h\u00f6gre produktivitet f\u00f6r ditt f\u00f6retag.<\/p>\n\n\n\n<p>Naturligtvis anv\u00e4nder vi v\u00e5ra egna f\u00f6rare f\u00f6r att transportera textilier, vilket inneb\u00e4r att dina medarbetare inte beh\u00f6ver ta p\u00e5 sig extrajobb. Dessutom g\u00e5r vi l\u00e4ngre \u00e4n traditionella leveransmetoder genom att erbjuda direktservice till medarbetares sk\u00e5p och omkl\u00e4dningsrum. Detta frig\u00f6r ytterligare tid f\u00f6r dina anst\u00e4llda att fokusera p\u00e5 sina k\u00e4rnuppgifter.<\/p>\n\n\n\n<p>Vi m\u00e4rker ocks\u00e5 alla v\u00e5ra plagg med taggar, s\u00e5 att du kan sp\u00e5ra var de befinner sig n\u00e4r som helst. Du kan \u00e4ven samla in data om n\u00e4r plagget tv\u00e4ttades, eventuella reparationer och annan viktig information.<\/p>\n\n\n\n<p>Med v\u00e5r logistikl\u00f6sning kan du vara s\u00e4ker p\u00e5 att vi hanterar dina behov av arbetskl\u00e4deslogistik med snabbhet, noggrannhet, transparens och p\u00e5litlighet.<\/p>\n\n\n\n<p class=\"has-h-2-font-size\"><strong>Fr\u00e4mja h\u00e5llbarhet inom logistiken<\/strong><\/p>\n\n\n\n<p>N\u00e4r du t\u00e4nker p\u00e5 ditt f\u00f6retags framtida verksamhet \u00e4r h\u00e5llbarhet sannolikt en viktig faktor. Vi delar dina ambitioner. Att minimera milj\u00f6p\u00e5verkan \u00e4r ocks\u00e5 en av v\u00e5ra k\u00e4rnv\u00e4rderingar, och vi str\u00e4var efter att anv\u00e4nda resurser ansvarsfullt i varje steg av arbetskl\u00e4desprocessen.<\/p>\n\n\n\n<p>Vi optimerar last och rutter f\u00f6r att minimera tid och resurser som kr\u00e4vs f\u00f6r att transportera textilier till och fr\u00e5n dina anl\u00e4ggningar. Denna effektivitet minskar den totala br\u00e4nslef\u00f6rbrukningen. Dessutom placerar vi strategiskt v\u00e5ra tv\u00e4ttanl\u00e4ggningar n\u00e4rmare kundernas anl\u00e4ggningar, vilket minimerar transportavst\u00e5nd samtidigt som vi s\u00e4kerst\u00e4ller effektiv service. Vi anv\u00e4nder ocks\u00e5 l\u00e5gemissionsfordon.<\/p>\n\n\n\n<p>Fram\u00e5t arbetar vi mot \u00e5tervinningsm\u00e5l p\u00e5 100 % till 2025 och v\u00e5r m\u00e5ls\u00e4ttning \u00e4r att uppn\u00e5 nettonollutsl\u00e4pp till 2050.<\/p>\n\n\n\n<p class=\"has-h-2-font-size\"><strong>F\u00f6rb\u00e4ttrad textillogistik i olika sektorer<\/strong><\/p>\n\n\n\n<p>Vi arbetar h\u00e5rt f\u00f6r att f\u00f6rb\u00e4ttra arbetskl\u00e4deslogistiken f\u00f6r m\u00e5nga olika f\u00f6retag inom olika sektorer. Med flera \u00e5rs erfarenhet av att betj\u00e4na branscher som tillverkning, sjukv\u00e5rd, hotell och l\u00e4kemedel, tillf\u00f6r vi v\u00e4rdefull expertis till varje partnerskap. Genom att f\u00f6rst\u00e5 de unika utmaningarna i varje bransch levererar vi skr\u00e4ddarsydda l\u00f6sningar som \u00f6kar effektivitet, p\u00e5litlighet och h\u00e5llbarhet \u00f6ver hela linjen.<\/p>\n\n\n\n<p>En viktig del av Lindstr\u00f6ms strategi \u00e4r att v\u00e4gleda kunder mot st\u00f6rre h\u00e5llbarhet. Vi g\u00f6r detta genom l\u00e4ttanv\u00e4nda textiltj\u00e4nster som vi levererar med passion, omsorg och en personlig touch. Genom att f\u00f6rdjupa v\u00e5ra branschinsikter och anv\u00e4nda digital teknik str\u00e4var vi efter att minska v\u00e5rt koldioxidavtryck, \u00e5tervinna alla uttj\u00e4nta textilier och erbjuda transparenta, optimerade l\u00f6sningar. Vi fokuserar p\u00e5 att effektivisera v\u00e5ra kunders processer och st\u00e4rka deras engagemang f\u00f6r h\u00e5llbarhet. Vi tror p\u00e5 l\u00e5ngsiktiga relationer och tillv\u00e4xt, samtidigt som vi hj\u00e4lper v\u00e5ra kunder \u2013 i 23 l\u00e4nder \u2013 att blomstra p\u00e5 ett h\u00e5llbart s\u00e4tt.<\/p>\n\n\n    <\/div>\n<\/div>\n\n\n\n<p><\/p>\n","protected":false},"excerpt":{"rendered":"<p>Att fatta sv\u00e5ra beslut om arbetskl\u00e4der \u00e4r avg\u00f6rande f\u00f6r ditt f\u00f6retags dagliga verksamhet. Att v\u00e4lja r\u00e4tt l\u00f6sning f\u00f6r hantering av arbetskl\u00e4der \u00e4r d\u00e4rf\u00f6r en av de viktigaste besluten du kan ta. Oavsett om du \u00f6vervakar produktionen vid en livsmedelsfabrik eller hanterar ink\u00f6p p\u00e5 ett l\u00e4kemedelsf\u00f6retag, \u00e4r det avg\u00f6rande att h\u00e5lla arbetskl\u00e4der rena och s\u00e4kra f\u00f6r en h\u00e4lsosam arbetsmilj\u00f6.<\/p>\n","protected":false},"author":14,"featured_media":17812,"comment_status":"closed","ping_status":"open","sticky":false,"template":"","format":"standard","meta":{"_acf_changed":false,"inline_featured_image":false,"_eb_attr":"","site-sidebar-layout":"default","site-content-layout":"","ast-site-content-layout":"default","site-content-style":"default","site-sidebar-style":"default","ast-global-header-display":"","ast-banner-title-visibility":"","ast-main-header-display":"","ast-hfb-above-header-display":"","ast-hfb-below-header-display":"","ast-hfb-mobile-header-display":"","site-post-title":"","ast-breadcrumbs-content":"","ast-featured-img":"","footer-sml-layout":"","ast-disable-related-posts":"","theme-transparent-header-meta":"","adv-header-id-meta":"","stick-header-meta":"","header-above-stick-meta":"","header-main-stick-meta":"","header-below-stick-meta":"","astra-migrate-meta-layouts":"set","ast-page-background-enabled":"default","ast-page-background-meta":{"desktop":{"background-color":"var(--ast-global-color-4)","background-image":"","background-repeat":"repeat","background-position":"center center","background-size":"auto","background-attachment":"scroll","background-type":"","background-media":"","overlay-type":"","overlay-color":"","overlay-opacity":"","overlay-gradient":""},"tablet":{"background-color":"","background-image":"","background-repeat":"repeat","background-position":"center center","background-size":"auto","background-attachment":"scroll","background-type":"","background-media":"","overlay-type":"","overlay-color":"","overlay-opacity":"","overlay-gradient":""},"mobile":{"background-color":"","background-image":"","background-repeat":"repeat","background-position":"center center","background-size":"auto","background-attachment":"scroll","background-type":"","background-media":"","overlay-type":"","overlay-color":"","overlay-opacity":"","overlay-gradient":""}},"ast-content-background-meta":{"desktop":{"background-color":"var(--ast-global-color-5)","background-image":"","background-repeat":"repeat","background-position":"center center","background-size":"auto","background-attachment":"scroll","background-type":"","background-media":"","overlay-type":"","overlay-color":"","overlay-opacity":"","overlay-gradient":""},"tablet":{"background-color":"var(--ast-global-color-5)","background-image":"","background-repeat":"repeat","background-position":"center center","background-size":"auto","background-attachment":"scroll","background-type":"","background-media":"","overlay-type":"","overlay-color":"","overlay-opacity":"","overlay-gradient":""},"mobile":{"background-color":"var(--ast-global-color-5)","background-image":"","background-repeat":"repeat","background-position":"center center","background-size":"auto","background-attachment":"scroll","background-type":"","background-media":"","overlay-type":"","overlay-color":"","overlay-opacity":"","overlay-gradient":""}},"footnotes":""},"categories":[14],"tags":[43,47,49],"coauthors":[20],"class_list":["post-17811","post","type-post","status-publish","format-standard","has-post-thumbnail","hentry","category-articles","tag-arbetsklader","tag-hygien","tag-kvalitet"],"acf":[],"yoast_head":"<!-- This site is optimized with the Yoast SEO plugin v27.2 - https:\/\/yoast.com\/product\/yoast-seo-wordpress\/ -->\n<title>Optimera arbetskl\u00e4deslogistiken f\u00f6r effektivitet och h\u00e5llbarhet - Lindstr\u00f6m Sverige<\/title>\n<meta name=\"description\" content=\"L\u00e4s mer om hur du g\u00f6r f\u00f6r att b\u00e4st optimera arbetskl\u00e4deslogistiken f\u00f6r att n\u00e5 h\u00e5llbarhet och effektivitet.\" \/>\n<meta name=\"robots\" content=\"index, follow, max-snippet:-1, max-image-preview:large, max-video-preview:-1\" \/>\n<meta property=\"og:locale\" content=\"sv_SE\" \/>\n<meta property=\"og:type\" content=\"article\" \/>\n<meta property=\"og:title\" content=\"Optimera arbetskl\u00e4deslogistiken f\u00f6r effektivitet och h\u00e5llbarhet - Lindstr\u00f6m Sverige\" \/>\n<meta property=\"og:description\" content=\"L\u00e4s mer om hur du g\u00f6r f\u00f6r att b\u00e4st optimera arbetskl\u00e4deslogistiken f\u00f6r att n\u00e5 h\u00e5llbarhet och effektivitet.\" \/>\n<meta property=\"og:url\" content=\"https:\/\/lindstromgroup.com\/se\/articles\/optimera-arbetskladeslogistiken-for-effektivitet-och-hallbarhet\/\" \/>\n<meta property=\"og:site_name\" content=\"Lindstr\u00f6m Sverige\" \/>\n<meta property=\"article:published_time\" content=\"2024-12-13T13:11:29+00:00\" \/>\n<meta property=\"article:modified_time\" content=\"2025-12-20T18:14:04+00:00\" \/>\n<meta property=\"og:image\" content=\"https:\/\/d2ris6qfzcz0wn.cloudfront.net\/wp-content\/uploads\/sites\/34\/2024\/12\/Deliver-vehicle_008_Lindstrom-scaled-1.jpg\" \/>\n\t<meta property=\"og:image:width\" content=\"2048\" \/>\n\t<meta property=\"og:image:height\" content=\"1367\" \/>\n\t<meta property=\"og:image:type\" content=\"image\/jpeg\" \/>\n<meta name=\"author\" content=\"Lindstr\u00f6m Group\" \/>\n<meta name=\"twitter:card\" content=\"summary_large_image\" \/>\n<meta name=\"twitter:label1\" content=\"Skriven av\" \/>\n\t<meta name=\"twitter:data1\" content=\"Lindstr\u00f6m Group\" \/>\n\t<meta name=\"twitter:label2\" content=\"Ber\u00e4knad l\u00e4stid\" \/>\n\t<meta name=\"twitter:data2\" content=\"9 minuter\" \/>\n<script type=\"application\/ld+json\" class=\"yoast-schema-graph\">{\"@context\":\"https:\/\/schema.org\",\"@graph\":[{\"@type\":\"Article\",\"@id\":\"https:\/\/lindstromgroup.com\/se\/articles\/optimera-arbetskladeslogistiken-for-effektivitet-och-hallbarhet\/#article\",\"isPartOf\":{\"@id\":\"https:\/\/lindstromgroup.com\/se\/articles\/optimera-arbetskladeslogistiken-for-effektivitet-och-hallbarhet\/\"},\"author\":{\"name\":\"Lindstr\u00f6m Group\",\"@id\":\"https:\/\/lindstromgroup.com\/se\/#\/schema\/person\/9111900e3f15be99cf4a104112bf0bc3\"},\"headline\":\"Optimera arbetskl\u00e4deslogistiken f\u00f6r effektivitet och h\u00e5llbarhet\",\"datePublished\":\"2024-12-13T13:11:29+00:00\",\"dateModified\":\"2025-12-20T18:14:04+00:00\",\"mainEntityOfPage\":{\"@id\":\"https:\/\/lindstromgroup.com\/se\/articles\/optimera-arbetskladeslogistiken-for-effektivitet-och-hallbarhet\/\"},\"wordCount\":1038,\"publisher\":{\"@id\":\"https:\/\/lindstromgroup.com\/se\/#organization\"},\"image\":{\"@id\":\"https:\/\/lindstromgroup.com\/se\/articles\/optimera-arbetskladeslogistiken-for-effektivitet-och-hallbarhet\/#primaryimage\"},\"thumbnailUrl\":\"https:\/\/d2ris6qfzcz0wn.cloudfront.net\/wp-content\/uploads\/sites\/34\/2024\/12\/Deliver-vehicle_008_Lindstrom-scaled-1.jpg\",\"keywords\":[\"#arbetskl\u00e4der\",\"#hygien\",\"#kvalitet\"],\"articleSection\":[\"Artiklar\"],\"inLanguage\":\"sv-SE\"},{\"@type\":\"WebPage\",\"@id\":\"https:\/\/lindstromgroup.com\/se\/articles\/optimera-arbetskladeslogistiken-for-effektivitet-och-hallbarhet\/\",\"url\":\"https:\/\/lindstromgroup.com\/se\/articles\/optimera-arbetskladeslogistiken-for-effektivitet-och-hallbarhet\/\",\"name\":\"Optimera arbetskl\u00e4deslogistiken f\u00f6r effektivitet och h\u00e5llbarhet - Lindstr\u00f6m Sverige\",\"isPartOf\":{\"@id\":\"https:\/\/lindstromgroup.com\/se\/#website\"},\"primaryImageOfPage\":{\"@id\":\"https:\/\/lindstromgroup.com\/se\/articles\/optimera-arbetskladeslogistiken-for-effektivitet-och-hallbarhet\/#primaryimage\"},\"image\":{\"@id\":\"https:\/\/lindstromgroup.com\/se\/articles\/optimera-arbetskladeslogistiken-for-effektivitet-och-hallbarhet\/#primaryimage\"},\"thumbnailUrl\":\"https:\/\/d2ris6qfzcz0wn.cloudfront.net\/wp-content\/uploads\/sites\/34\/2024\/12\/Deliver-vehicle_008_Lindstrom-scaled-1.jpg\",\"datePublished\":\"2024-12-13T13:11:29+00:00\",\"dateModified\":\"2025-12-20T18:14:04+00:00\",\"description\":\"L\u00e4s mer om hur du g\u00f6r f\u00f6r att b\u00e4st optimera arbetskl\u00e4deslogistiken f\u00f6r att n\u00e5 h\u00e5llbarhet och effektivitet.\",\"breadcrumb\":{\"@id\":\"https:\/\/lindstromgroup.com\/se\/articles\/optimera-arbetskladeslogistiken-for-effektivitet-och-hallbarhet\/#breadcrumb\"},\"inLanguage\":\"sv-SE\",\"potentialAction\":[{\"@type\":\"ReadAction\",\"target\":[\"https:\/\/lindstromgroup.com\/se\/articles\/optimera-arbetskladeslogistiken-for-effektivitet-och-hallbarhet\/\"]}]},{\"@type\":\"ImageObject\",\"inLanguage\":\"sv-SE\",\"@id\":\"https:\/\/lindstromgroup.com\/se\/articles\/optimera-arbetskladeslogistiken-for-effektivitet-och-hallbarhet\/#primaryimage\",\"url\":\"https:\/\/d2ris6qfzcz0wn.cloudfront.net\/wp-content\/uploads\/sites\/34\/2024\/12\/Deliver-vehicle_008_Lindstrom-scaled-1.jpg\",\"contentUrl\":\"https:\/\/d2ris6qfzcz0wn.cloudfront.net\/wp-content\/uploads\/sites\/34\/2024\/12\/Deliver-vehicle_008_Lindstrom-scaled-1.jpg\",\"width\":2048,\"height\":1367},{\"@type\":\"BreadcrumbList\",\"@id\":\"https:\/\/lindstromgroup.com\/se\/articles\/optimera-arbetskladeslogistiken-for-effektivitet-och-hallbarhet\/#breadcrumb\",\"itemListElement\":[{\"@type\":\"ListItem\",\"position\":1,\"name\":\"Lindstr\u00f6m\",\"item\":\"https:\/\/lindstromgroup.com\/se\/\"},{\"@type\":\"ListItem\",\"position\":2,\"name\":\"Artiklar\",\"item\":\"https:\/\/lindstromgroup.com\/se\/category\/articles\/\"},{\"@type\":\"ListItem\",\"position\":3,\"name\":\"Optimera arbetskl\u00e4deslogistiken f\u00f6r effektivitet och h\u00e5llbarhet\"}]},{\"@type\":\"WebSite\",\"@id\":\"https:\/\/lindstromgroup.com\/se\/#website\",\"url\":\"https:\/\/lindstromgroup.com\/se\/\",\"name\":\"Lindstr\u00f6m Sverige\",\"description\":\"Lindstr\u00f6m Group - Textilservice och Tv\u00e4ttservice\",\"publisher\":{\"@id\":\"https:\/\/lindstromgroup.com\/se\/#organization\"},\"potentialAction\":[{\"@type\":\"SearchAction\",\"target\":{\"@type\":\"EntryPoint\",\"urlTemplate\":\"https:\/\/lindstromgroup.com\/se\/?s={search_term_string}\"},\"query-input\":{\"@type\":\"PropertyValueSpecification\",\"valueRequired\":true,\"valueName\":\"search_term_string\"}}],\"inLanguage\":\"sv-SE\"},{\"@type\":\"Organization\",\"@id\":\"https:\/\/lindstromgroup.com\/se\/#organization\",\"name\":\"Lindstr\u00f6m Sverige\",\"url\":\"https:\/\/lindstromgroup.com\/se\/\",\"logo\":{\"@type\":\"ImageObject\",\"inLanguage\":\"sv-SE\",\"@id\":\"https:\/\/lindstromgroup.com\/se\/#\/schema\/logo\/image\/\",\"url\":\"https:\/\/d2ris6qfzcz0wn.cloudfront.net\/wp-content\/uploads\/sites\/3\/2023\/10\/Logo512.png\",\"contentUrl\":\"https:\/\/d2ris6qfzcz0wn.cloudfront.net\/wp-content\/uploads\/sites\/3\/2023\/10\/Logo512.png\",\"width\":512,\"height\":109,\"caption\":\"Lindstr\u00f6m Sverige\"},\"image\":{\"@id\":\"https:\/\/lindstromgroup.com\/se\/#\/schema\/logo\/image\/\"}},{\"@type\":\"Person\",\"@id\":\"https:\/\/lindstromgroup.com\/se\/#\/schema\/person\/9111900e3f15be99cf4a104112bf0bc3\",\"name\":\"Lindstr\u00f6m Group\",\"image\":{\"@type\":\"ImageObject\",\"inLanguage\":\"sv-SE\",\"@id\":\"https:\/\/d2ris6qfzcz0wn.cloudfront.net\/wp-content\/uploads\/sites\/3\/2024\/04\/logo_Red_V01-150x150-1.pngd4ec76dbb5fec87c1c14df0c0e80cfe5\",\"url\":\"https:\/\/d2ris6qfzcz0wn.cloudfront.net\/wp-content\/uploads\/sites\/3\/2024\/04\/logo_Red_V01-150x150-1.png\",\"contentUrl\":\"https:\/\/d2ris6qfzcz0wn.cloudfront.net\/wp-content\/uploads\/sites\/3\/2024\/04\/logo_Red_V01-150x150-1.png\",\"caption\":\"Lindstr\u00f6m Group\"},\"url\":\"https:\/\/lindstromgroup.com\/se\/author\/lindstrom-group\/\"}]}<\/script>\n<!-- \/ Yoast SEO plugin. -->","yoast_head_json":{"title":"Optimera arbetskl\u00e4deslogistiken f\u00f6r effektivitet och h\u00e5llbarhet - Lindstr\u00f6m Sverige","description":"L\u00e4s mer om hur du g\u00f6r f\u00f6r att b\u00e4st optimera arbetskl\u00e4deslogistiken f\u00f6r att n\u00e5 h\u00e5llbarhet och effektivitet.","robots":{"index":"index","follow":"follow","max-snippet":"max-snippet:-1","max-image-preview":"max-image-preview:large","max-video-preview":"max-video-preview:-1"},"og_locale":"sv_SE","og_type":"article","og_title":"Optimera arbetskl\u00e4deslogistiken f\u00f6r effektivitet och h\u00e5llbarhet - Lindstr\u00f6m Sverige","og_description":"L\u00e4s mer om hur du g\u00f6r f\u00f6r att b\u00e4st optimera arbetskl\u00e4deslogistiken f\u00f6r att n\u00e5 h\u00e5llbarhet och effektivitet.","og_url":"https:\/\/lindstromgroup.com\/se\/articles\/optimera-arbetskladeslogistiken-for-effektivitet-och-hallbarhet\/","og_site_name":"Lindstr\u00f6m Sverige","article_published_time":"2024-12-13T13:11:29+00:00","article_modified_time":"2025-12-20T18:14:04+00:00","og_image":[{"width":2048,"height":1367,"url":"https:\/\/d2ris6qfzcz0wn.cloudfront.net\/wp-content\/uploads\/sites\/34\/2024\/12\/Deliver-vehicle_008_Lindstrom-scaled-1.jpg","type":"image\/jpeg"}],"author":"Lindstr\u00f6m Group","twitter_card":"summary_large_image","twitter_misc":{"Skriven av":"Lindstr\u00f6m Group","Ber\u00e4knad l\u00e4stid":"9 minuter"},"schema":{"@context":"https:\/\/schema.org","@graph":[{"@type":"Article","@id":"https:\/\/lindstromgroup.com\/se\/articles\/optimera-arbetskladeslogistiken-for-effektivitet-och-hallbarhet\/#article","isPartOf":{"@id":"https:\/\/lindstromgroup.com\/se\/articles\/optimera-arbetskladeslogistiken-for-effektivitet-och-hallbarhet\/"},"author":{"name":"Lindstr\u00f6m Group","@id":"https:\/\/lindstromgroup.com\/se\/#\/schema\/person\/9111900e3f15be99cf4a104112bf0bc3"},"headline":"Optimera arbetskl\u00e4deslogistiken f\u00f6r effektivitet och h\u00e5llbarhet","datePublished":"2024-12-13T13:11:29+00:00","dateModified":"2025-12-20T18:14:04+00:00","mainEntityOfPage":{"@id":"https:\/\/lindstromgroup.com\/se\/articles\/optimera-arbetskladeslogistiken-for-effektivitet-och-hallbarhet\/"},"wordCount":1038,"publisher":{"@id":"https:\/\/lindstromgroup.com\/se\/#organization"},"image":{"@id":"https:\/\/lindstromgroup.com\/se\/articles\/optimera-arbetskladeslogistiken-for-effektivitet-och-hallbarhet\/#primaryimage"},"thumbnailUrl":"https:\/\/d2ris6qfzcz0wn.cloudfront.net\/wp-content\/uploads\/sites\/34\/2024\/12\/Deliver-vehicle_008_Lindstrom-scaled-1.jpg","keywords":["#arbetskl\u00e4der","#hygien","#kvalitet"],"articleSection":["Artiklar"],"inLanguage":"sv-SE"},{"@type":"WebPage","@id":"https:\/\/lindstromgroup.com\/se\/articles\/optimera-arbetskladeslogistiken-for-effektivitet-och-hallbarhet\/","url":"https:\/\/lindstromgroup.com\/se\/articles\/optimera-arbetskladeslogistiken-for-effektivitet-och-hallbarhet\/","name":"Optimera arbetskl\u00e4deslogistiken f\u00f6r effektivitet och h\u00e5llbarhet - Lindstr\u00f6m Sverige","isPartOf":{"@id":"https:\/\/lindstromgroup.com\/se\/#website"},"primaryImageOfPage":{"@id":"https:\/\/lindstromgroup.com\/se\/articles\/optimera-arbetskladeslogistiken-for-effektivitet-och-hallbarhet\/#primaryimage"},"image":{"@id":"https:\/\/lindstromgroup.com\/se\/articles\/optimera-arbetskladeslogistiken-for-effektivitet-och-hallbarhet\/#primaryimage"},"thumbnailUrl":"https:\/\/d2ris6qfzcz0wn.cloudfront.net\/wp-content\/uploads\/sites\/34\/2024\/12\/Deliver-vehicle_008_Lindstrom-scaled-1.jpg","datePublished":"2024-12-13T13:11:29+00:00","dateModified":"2025-12-20T18:14:04+00:00","description":"L\u00e4s mer om hur du g\u00f6r f\u00f6r att b\u00e4st optimera arbetskl\u00e4deslogistiken f\u00f6r att n\u00e5 h\u00e5llbarhet och effektivitet.","breadcrumb":{"@id":"https:\/\/lindstromgroup.com\/se\/articles\/optimera-arbetskladeslogistiken-for-effektivitet-och-hallbarhet\/#breadcrumb"},"inLanguage":"sv-SE","potentialAction":[{"@type":"ReadAction","target":["https:\/\/lindstromgroup.com\/se\/articles\/optimera-arbetskladeslogistiken-for-effektivitet-och-hallbarhet\/"]}]},{"@type":"ImageObject","inLanguage":"sv-SE","@id":"https:\/\/lindstromgroup.com\/se\/articles\/optimera-arbetskladeslogistiken-for-effektivitet-och-hallbarhet\/#primaryimage","url":"https:\/\/d2ris6qfzcz0wn.cloudfront.net\/wp-content\/uploads\/sites\/34\/2024\/12\/Deliver-vehicle_008_Lindstrom-scaled-1.jpg","contentUrl":"https:\/\/d2ris6qfzcz0wn.cloudfront.net\/wp-content\/uploads\/sites\/34\/2024\/12\/Deliver-vehicle_008_Lindstrom-scaled-1.jpg","width":2048,"height":1367},{"@type":"BreadcrumbList","@id":"https:\/\/lindstromgroup.com\/se\/articles\/optimera-arbetskladeslogistiken-for-effektivitet-och-hallbarhet\/#breadcrumb","itemListElement":[{"@type":"ListItem","position":1,"name":"Lindstr\u00f6m","item":"https:\/\/lindstromgroup.com\/se\/"},{"@type":"ListItem","position":2,"name":"Artiklar","item":"https:\/\/lindstromgroup.com\/se\/category\/articles\/"},{"@type":"ListItem","position":3,"name":"Optimera arbetskl\u00e4deslogistiken f\u00f6r effektivitet och h\u00e5llbarhet"}]},{"@type":"WebSite","@id":"https:\/\/lindstromgroup.com\/se\/#website","url":"https:\/\/lindstromgroup.com\/se\/","name":"Lindstr\u00f6m Sverige","description":"Lindstr\u00f6m Group - Textilservice och Tv\u00e4ttservice","publisher":{"@id":"https:\/\/lindstromgroup.com\/se\/#organization"},"potentialAction":[{"@type":"SearchAction","target":{"@type":"EntryPoint","urlTemplate":"https:\/\/lindstromgroup.com\/se\/?s={search_term_string}"},"query-input":{"@type":"PropertyValueSpecification","valueRequired":true,"valueName":"search_term_string"}}],"inLanguage":"sv-SE"},{"@type":"Organization","@id":"https:\/\/lindstromgroup.com\/se\/#organization","name":"Lindstr\u00f6m Sverige","url":"https:\/\/lindstromgroup.com\/se\/","logo":{"@type":"ImageObject","inLanguage":"sv-SE","@id":"https:\/\/lindstromgroup.com\/se\/#\/schema\/logo\/image\/","url":"https:\/\/d2ris6qfzcz0wn.cloudfront.net\/wp-content\/uploads\/sites\/3\/2023\/10\/Logo512.png","contentUrl":"https:\/\/d2ris6qfzcz0wn.cloudfront.net\/wp-content\/uploads\/sites\/3\/2023\/10\/Logo512.png","width":512,"height":109,"caption":"Lindstr\u00f6m Sverige"},"image":{"@id":"https:\/\/lindstromgroup.com\/se\/#\/schema\/logo\/image\/"}},{"@type":"Person","@id":"https:\/\/lindstromgroup.com\/se\/#\/schema\/person\/9111900e3f15be99cf4a104112bf0bc3","name":"Lindstr\u00f6m Group","image":{"@type":"ImageObject","inLanguage":"sv-SE","@id":"https:\/\/d2ris6qfzcz0wn.cloudfront.net\/wp-content\/uploads\/sites\/3\/2024\/04\/logo_Red_V01-150x150-1.pngd4ec76dbb5fec87c1c14df0c0e80cfe5","url":"https:\/\/d2ris6qfzcz0wn.cloudfront.net\/wp-content\/uploads\/sites\/3\/2024\/04\/logo_Red_V01-150x150-1.png","contentUrl":"https:\/\/d2ris6qfzcz0wn.cloudfront.net\/wp-content\/uploads\/sites\/3\/2024\/04\/logo_Red_V01-150x150-1.png","caption":"Lindstr\u00f6m Group"},"url":"https:\/\/lindstromgroup.com\/se\/author\/lindstrom-group\/"}]}},"publishpress_future_workflow_manual_trigger":{"enabledWorkflows":[]},"distributor_meta":false,"distributor_terms":false,"distributor_media":false,"distributor_original_site_name":"Lindstr\u00f6m Sverige","distributor_original_site_url":"https:\/\/lindstromgroup.com\/se","push-errors":false,"_links":{"self":[{"href":"https:\/\/lindstromgroup.com\/se\/wp-json\/wp\/v2\/posts\/17811","targetHints":{"allow":["GET"]}}],"collection":[{"href":"https:\/\/lindstromgroup.com\/se\/wp-json\/wp\/v2\/posts"}],"about":[{"href":"https:\/\/lindstromgroup.com\/se\/wp-json\/wp\/v2\/types\/post"}],"author":[{"embeddable":true,"href":"https:\/\/lindstromgroup.com\/se\/wp-json\/wp\/v2\/users\/14"}],"replies":[{"embeddable":true,"href":"https:\/\/lindstromgroup.com\/se\/wp-json\/wp\/v2\/comments?post=17811"}],"version-history":[{"count":0,"href":"https:\/\/lindstromgroup.com\/se\/wp-json\/wp\/v2\/posts\/17811\/revisions"}],"wp:featuredmedia":[{"embeddable":true,"href":"https:\/\/lindstromgroup.com\/se\/wp-json\/wp\/v2\/media\/17812"}],"wp:attachment":[{"href":"https:\/\/lindstromgroup.com\/se\/wp-json\/wp\/v2\/media?parent=17811"}],"wp:term":[{"taxonomy":"category","embeddable":true,"href":"https:\/\/lindstromgroup.com\/se\/wp-json\/wp\/v2\/categories?post=17811"},{"taxonomy":"post_tag","embeddable":true,"href":"https:\/\/lindstromgroup.com\/se\/wp-json\/wp\/v2\/tags?post=17811"},{"taxonomy":"author","embeddable":true,"href":"https:\/\/lindstromgroup.com\/se\/wp-json\/wp\/v2\/coauthors?post=17811"}],"curies":[{"name":"wp","href":"https:\/\/api.w.org\/{rel}","templated":true}]}}