
    {"id":17785,"date":"2025-01-08T08:27:34","date_gmt":"2025-01-08T08:27:34","guid":{"rendered":"https:\/\/lindstromgroup.com\/se\/?p=17785"},"modified":"2025-12-18T08:34:06","modified_gmt":"2025-12-18T08:34:06","slug":"hogsta-prioriteringar-for-arbetsklader-inom-varden-sakerhet-och-komfort","status":"publish","type":"post","link":"https:\/\/lindstromgroup.com\/se\/articles\/hogsta-prioriteringar-for-arbetsklader-inom-varden-sakerhet-och-komfort\/","title":{"rendered":"H\u00f6gsta prioriteringar f\u00f6r arbetskl\u00e4der inom v\u00e5rden: s\u00e4kerhet och komfort"},"content":{"rendered":"\n        <style>\n            .lindstrom-container--block_8a2f9297cac9d73d678e17868af1bc2c {                \n                padding-top: 35px;\n                padding-bottom: 35px;\n            }\n\n            @media screen and (min-width: 768px) {\n                .lindstrom-container--block_8a2f9297cac9d73d678e17868af1bc2c {\n                    padding-top: 35px;\n                    padding-bottom: 75px;\n                }\n            }\n        <\/style>\n    \n<div\n    class=\"lindstrom-container-wrapper lindstrom-container lindstrom-container--block_8a2f9297cac9d73d678e17868af1bc2c \"\n    id=\"block_8a2f9297cac9d73d678e17868af1bc2c\"\n    style=\"background-color: #ffffff\"\n    >\n    <div class=\"lindstrom-container lindstrom-container--text items-stretch\">\n        \n\n<div class=\"wp-block-columns is-layout-flex wp-container-core-columns-is-layout-28f84493 wp-block-columns-is-layout-flex\">\n<div class=\"wp-block-column is-layout-flow wp-block-column-is-layout-flow\" style=\"flex-basis:66.66%\">\n<p>I denna artikel delar Lindstr\u00f6ms Healthcare Director, <a href=\"https:\/\/lindstromgroup.com\/staff\/aniruddha-banerjee\/\">Aniruddha Banerjee<\/a>, sina insikter om hur v\u00e5rduniformer bidrar till en f\u00f6rstklassig v\u00e5rdupplevelse.<\/p>\n\n\n\n<p>Arbetskl\u00e4der inom v\u00e5rden spelar en nyckelroll i medicinska milj\u00f6er genom att s\u00e4kerst\u00e4lla s\u00e4kerheten f\u00f6r b\u00e5de patienter och v\u00e5rdpersonal samt fr\u00e4mja komfort och professionalitet. Vid val av v\u00e5rdkl\u00e4der m\u00e5ste flera viktiga faktorer beaktas, inklusive infektionskontroll, komfort, h\u00e5llbarhet, enkel identifiering och ett professionellt utseende.<\/p>\n<\/div>\n\n\n\n<div class=\"wp-block-column is-layout-flow wp-block-column-is-layout-flow\" style=\"flex-basis:33.33%\">\n<figure class=\"wp-block-image size-full\"><img decoding=\"async\" width=\"1024\" height=\"1024\" src=\"https:\/\/d2ris6qfzcz0wn.cloudfront.net\/wp-content\/uploads\/sites\/34\/2024\/12\/230816_AniruddhaBanerjee_V03-1024x1024-1.jpg\" alt=\"\" class=\"wp-image-17786\" srcset=\"https:\/\/d2ris6qfzcz0wn.cloudfront.net\/wp-content\/uploads\/sites\/34\/2024\/12\/230816_AniruddhaBanerjee_V03-1024x1024-1.jpg 1024w, https:\/\/d2ris6qfzcz0wn.cloudfront.net\/wp-content\/uploads\/sites\/34\/2024\/12\/230816_AniruddhaBanerjee_V03-1024x1024-1-300x300.jpg 300w, https:\/\/d2ris6qfzcz0wn.cloudfront.net\/wp-content\/uploads\/sites\/34\/2024\/12\/230816_AniruddhaBanerjee_V03-1024x1024-1-150x150.jpg 150w, https:\/\/d2ris6qfzcz0wn.cloudfront.net\/wp-content\/uploads\/sites\/34\/2024\/12\/230816_AniruddhaBanerjee_V03-1024x1024-1-768x768.jpg 768w\" sizes=\"(max-width: 1024px) 100vw, 1024px\" \/><\/figure>\n<\/div>\n<\/div>\n\n\n\n<h3 class=\"wp-block-heading\"><strong>Infektionskontroll: v\u00e5rdkl\u00e4der som f\u00f6rsta f\u00f6rsvarslinje<\/strong><\/h3>\n\n\n\n<p>Infektionskontroll \u00e4r en central aspekt av v\u00e5rdkl\u00e4der. Medicinska milj\u00f6er har en h\u00f6g risk f\u00f6r smittspridning, vilket g\u00f6r det avg\u00f6rande att uniformerna bidrar till att minimera denna risk. Tyger som anv\u00e4nds i personalens arbetskl\u00e4der och patientkl\u00e4der b\u00f6r t\u00e5la h\u00f6ga tv\u00e4ttemperaturer utan att f\u00f6rs\u00e4mras. Detta s\u00e4kerst\u00e4ller att f\u00f6roreningar effektivt avl\u00e4gsnas vid tv\u00e4tt. Vissa v\u00e5rdinr\u00e4ttningar anv\u00e4nder ocks\u00e5 f\u00e4rgkodning f\u00f6r olika avdelningar f\u00f6r att ytterligare minska risken f\u00f6r korskontaminering.<\/p>\n\n\n\n<h3 class=\"wp-block-heading\"><strong>Komfort och r\u00f6rlighet f\u00f6r v\u00e5rdpersonal<\/strong><\/h3>\n\n\n\n<p>Ergonomiska designdetaljer, s\u00e5som elastiska midjeband, justerbara kn\u00e4ppningar och strategiskt placerade fickor, f\u00f6rb\u00e4ttrar uniformernas funktionalitet och komfort. En v\u00e4l utformad uniform g\u00f6r att v\u00e5rdpersonal kan fokusera p\u00e5 sina arbetsuppgifter utan att distraheras av obehag eller begr\u00e4nsad r\u00f6relse.<\/p>\n\n\n\n<p><\/p>\n\n\n\n<p><strong><strong>Kundber\u00e4ttelse<\/strong><\/strong><\/p>\n\n\n\n<blockquote class=\"wp-block-quote is-layout-flow wp-block-quote-is-layout-flow\">\n<p><em>Kl\u00e4derna \u00e4r bekv\u00e4ma att b\u00e4ra. De \u00e4r mjuka och har en h\u00f6gkvalitativ k\u00e4nsla. Jag skulle definitivt rekommendera Lindstr\u00f6m som leverant\u00f6r av arbetskl\u00e4der.<\/em><\/p>\n\n\n\n<p>Tarja Mietola-Koivisto, Katriina Hospital in Finland I\u00a0<a href=\"https:\/\/lindstromgroup.com\/making-managing-workwear-easier\/\">L\u00e4s mer om kundber\u00e4ttelsen h\u00e4r<\/a><\/p>\n<\/blockquote>\n\n\n\n<h3 class=\"wp-block-heading\"><br><strong>H\u00e5llbarhet och enkel sk\u00f6tsel<\/strong><\/h3>\n\n\n\n<p>V\u00e5rdkl\u00e4der m\u00e5ste vara h\u00e5llbara nog f\u00f6r att klara daglig anv\u00e4ndning och frekvent tv\u00e4tt. Robusta material och h\u00f6gkvalitativ produktion \u00e4r avg\u00f6rande f\u00f6r att bevara uniformernas utseende och funktion \u00f6ver tid. Arbetskl\u00e4der som snabbt tappar formen eller f\u00f6rs\u00e4mras kan p\u00e5verka v\u00e5rdpersonalens professionella framtoning och \u00e4ventyra infektionskontrollen.<\/p>\n\n\n\n<p>Dessutom beh\u00f6ver v\u00e5rdpersonal arbetskl\u00e4der som \u00e4r enkla att underh\u00e5lla. En p\u00e5litlig textilpartner kan hj\u00e4lpa dig att hantera v\u00e5rdtextilier, inklusive arbetskl\u00e4der, patientkl\u00e4der och s\u00e4nglinne. Lindstr\u00f6ms tj\u00e4nst f\u00f6r arbetskl\u00e4der s\u00e4kerst\u00e4ller att v\u00e5rdpersonal alltid har tillg\u00e5ng till hygieniskt rena plagg n\u00e4r de beh\u00f6ver dem. <strong>CarePro-kollektionen<\/strong> har designats i samarbete med v\u00e5rdproffs f\u00f6r att skapa den perfekta kombinationen av design, komfort och funktionalitet \u2013 och beh\u00e5ller sitt utseende tv\u00e4tt efter tv\u00e4tt.<\/p>\n\n\n\n<h3 class=\"wp-block-heading\"><strong>Att t\u00e4nka p\u00e5 vid val av v\u00e5rdkl\u00e4der:<\/strong><\/h3>\n\n\n\n<ul class=\"wp-block-list\">\n<li>Komfort och funktionalitet \u00e4r avg\u00f6rande, d\u00e5 v\u00e5rdarbete ofta \u00e4r fysiskt kr\u00e4vande.<\/li>\n\n\n\n<li>V\u00e4lj arbetskl\u00e4der som h\u00e5ller h\u00f6g kvalitet och ser bra ut \u00e4ven efter regelbunden tv\u00e4tt.<\/li>\n\n\n\n<li>V\u00e4lj plagg som \u00e4r enkla att matcha beroende p\u00e5 arbetsuppgifter under arbetsveckan.<\/li>\n\n\n\n<li>Stretchiga och andningsbara material k\u00e4nns bra mot huden och st\u00f6djer personalen i deras arbetsuppgifter.<\/li>\n<\/ul>\n\n\n\n<div class=\"wp-block-columns is-layout-flex wp-container-core-columns-is-layout-28f84493 wp-block-columns-is-layout-flex\">\n<div class=\"wp-block-column is-layout-flow wp-block-column-is-layout-flow\" style=\"flex-basis:66.66%\">\n<h3 class=\"wp-block-heading\"><strong>V\u00e5rdkl\u00e4der som st\u00f6djer identifiering och professionalism<\/strong><\/h3>\n\n\n\n<p>F\u00f6rm\u00e5gan att enkelt identifiera v\u00e5rdpersonal \u00e4r en annan viktig faktor i designen av arbetskl\u00e4der. Tydliga skillnader mellan roller och avdelningar hj\u00e4lper till att effektivisera kommunikationen och s\u00e4kerst\u00e4lla att patienter f\u00e5r r\u00e4tt v\u00e5rd. F\u00e4rgkodning, broderade m\u00e4rken eller namnskyltar kan alla bidra till identifieringen.<\/p>\n\n\n\n<p>Att uppr\u00e4tth\u00e5lla ett professionellt utseende \u00e4r lika viktigt. Rena, v\u00e4lsittande uniformer skapar en k\u00e4nsla av f\u00f6rtroende och kompetens bland patienter och kollegor. I v\u00e5rden, d\u00e4r f\u00f6rsta intrycket \u00e4r avg\u00f6rande, kan ett prydligt och professionellt utseende ha stor betydelse f\u00f6r patientupplevelsen.<\/p>\n<\/div>\n\n\n\n<div class=\"wp-block-column is-layout-flow wp-block-column-is-layout-flow\" style=\"flex-basis:33.33%\">\n<figure class=\"wp-block-image size-full\"><img decoding=\"async\" width=\"819\" height=\"1024\" src=\"https:\/\/d2ris6qfzcz0wn.cloudfront.net\/wp-content\/uploads\/sites\/34\/2024\/12\/0R8A8703-819x1024-1.jpg\" alt=\"\" class=\"wp-image-17787\" srcset=\"https:\/\/d2ris6qfzcz0wn.cloudfront.net\/wp-content\/uploads\/sites\/34\/2024\/12\/0R8A8703-819x1024-1.jpg 819w, https:\/\/d2ris6qfzcz0wn.cloudfront.net\/wp-content\/uploads\/sites\/34\/2024\/12\/0R8A8703-819x1024-1-240x300.jpg 240w, https:\/\/d2ris6qfzcz0wn.cloudfront.net\/wp-content\/uploads\/sites\/34\/2024\/12\/0R8A8703-819x1024-1-768x960.jpg 768w\" sizes=\"(max-width: 819px) 100vw, 819px\" \/><\/figure>\n<\/div>\n<\/div>\n\n\n\n<h3 class=\"wp-block-heading\"><strong>Efterlevnad av v\u00e5rdstandarder<\/strong><\/h3>\n\n\n\n<p>V\u00e5rdkl\u00e4der m\u00e5ste ocks\u00e5 uppfylla branschstandarder och regelverk som finns f\u00f6r att s\u00e4kerst\u00e4lla s\u00e4kerheten och v\u00e4lbefinnandet f\u00f6r b\u00e5de v\u00e5rdpersonal och patienter. Dessa regler kan st\u00e4lla specifika krav p\u00e5 tygkvalitet, s\u00e4kerhetsfunktioner och hygienprotokoll som arbetskl\u00e4derna m\u00e5ste uppfylla. Att h\u00e5lla sig uppdaterad om de senaste kraven s\u00e4kerst\u00e4ller att v\u00e5rdkl\u00e4derna b\u00e5de \u00e4r regelr\u00e4tta och effektiva i sin roll.<\/p>\n\n\n\n<p><strong><strong>Kundber\u00e4ttelse<\/strong><\/strong><\/p>\n\n\n\n<blockquote class=\"wp-block-quote is-layout-flow wp-block-quote-is-layout-flow\">\n<p>It\u2019s great that with smart technology, the circulation of work clothes can be tracked and responded to in order to ensure that there are enough of the right sizes. If necessary, it is possible to monitor workwear use down to the user level. I have a feeling that with the new workwear service, clothes are now changed frequently enough because they are more easily accessible and do not need to be searched around for up and down the corridors. This is a good thing from a hygiene point of view.<\/p>\n\n\n\n<p>Pirkko M\u00e4\u00e4tt\u00e4, Head Nurse at Kuusamo Health Centre, Finland I\u00a0<a href=\"https:\/\/lindstromgroup.com\/kuusamo-health-centre-satisfied-with-workwear\/\">L\u00e4s mer om kundber\u00e4ttelsen h\u00e4r.<\/a><\/p>\n<\/blockquote>\n\n\n\n<h3 class=\"wp-block-heading\"><strong>Prioritera r\u00e4tt egenskaper i v\u00e5rdkl\u00e4der<\/strong><\/h3>\n\n\n\n<p>Design och val av v\u00e5rdkl\u00e4der b\u00f6r alltid prioritera infektionskontroll, komfort, h\u00e5llbarhet, enkel identifiering och professionalism. Dessa faktorer bidrar till s\u00e4kerheten och effektiviteten f\u00f6r v\u00e5rdpersonal och till den \u00f6vergripande upplevelsen f\u00f6r patienterna. I takt med att v\u00e5rdbranschen utvecklas, g\u00f6r \u00e4ven v\u00e5rdkl\u00e4dernas egenskaper och funktioner det \u2013 f\u00f6r att forts\u00e4tta m\u00f6ta v\u00e5rdpersonalens behov.<\/p>\n\n\n    <\/div>\n<\/div>\n\n\n\n<p><\/p>\n","protected":false},"excerpt":{"rendered":"<p>Arbetskl\u00e4der inom v\u00e5rden spelar en nyckelroll i medicinska milj\u00f6er genom att s\u00e4kerst\u00e4lla s\u00e4kerheten f\u00f6r b\u00e5de patienter och v\u00e5rdpersonal samt fr\u00e4mja komfort och professionalitet. Vid val av v\u00e5rdkl\u00e4der m\u00e5ste flera viktiga faktorer beaktas, inklusive infektionskontroll, komfort, h\u00e5llbarhet, enkel identifiering och ett professionellt utseende.<\/p>\n","protected":false},"author":14,"featured_media":17788,"comment_status":"closed","ping_status":"open","sticky":false,"template":"","format":"standard","meta":{"_acf_changed":false,"inline_featured_image":false,"_eb_attr":"","site-sidebar-layout":"default","site-content-layout":"","ast-site-content-layout":"default","site-content-style":"default","site-sidebar-style":"default","ast-global-header-display":"","ast-banner-title-visibility":"","ast-main-header-display":"","ast-hfb-above-header-display":"","ast-hfb-below-header-display":"","ast-hfb-mobile-header-display":"","site-post-title":"","ast-breadcrumbs-content":"","ast-featured-img":"","footer-sml-layout":"","ast-disable-related-posts":"","theme-transparent-header-meta":"","adv-header-id-meta":"","stick-header-meta":"","header-above-stick-meta":"","header-main-stick-meta":"","header-below-stick-meta":"","astra-migrate-meta-layouts":"set","ast-page-background-enabled":"default","ast-page-background-meta":{"desktop":{"background-color":"var(--ast-global-color-4)","background-image":"","background-repeat":"repeat","background-position":"center center","background-size":"auto","background-attachment":"scroll","background-type":"","background-media":"","overlay-type":"","overlay-color":"","overlay-opacity":"","overlay-gradient":""},"tablet":{"background-color":"","background-image":"","background-repeat":"repeat","background-position":"center center","background-size":"auto","background-attachment":"scroll","background-type":"","background-media":"","overlay-type":"","overlay-color":"","overlay-opacity":"","overlay-gradient":""},"mobile":{"background-color":"","background-image":"","background-repeat":"repeat","background-position":"center center","background-size":"auto","background-attachment":"scroll","background-type":"","background-media":"","overlay-type":"","overlay-color":"","overlay-opacity":"","overlay-gradient":""}},"ast-content-background-meta":{"desktop":{"background-color":"var(--ast-global-color-5)","background-image":"","background-repeat":"repeat","background-position":"center center","background-size":"auto","background-attachment":"scroll","background-type":"","background-media":"","overlay-type":"","overlay-color":"","overlay-opacity":"","overlay-gradient":""},"tablet":{"background-color":"var(--ast-global-color-5)","background-image":"","background-repeat":"repeat","background-position":"center center","background-size":"auto","background-attachment":"scroll","background-type":"","background-media":"","overlay-type":"","overlay-color":"","overlay-opacity":"","overlay-gradient":""},"mobile":{"background-color":"var(--ast-global-color-5)","background-image":"","background-repeat":"repeat","background-position":"center center","background-size":"auto","background-attachment":"scroll","background-type":"","background-media":"","overlay-type":"","overlay-color":"","overlay-opacity":"","overlay-gradient":""}},"footnotes":""},"categories":[14],"tags":[43,47,46],"coauthors":[20],"class_list":["post-17785","post","type-post","status-publish","format-standard","has-post-thumbnail","hentry","category-articles","tag-arbetsklader","tag-hygien","tag-halsovard"],"acf":[],"yoast_head":"<!-- This site is optimized with the Yoast SEO plugin v27.2 - https:\/\/yoast.com\/product\/yoast-seo-wordpress\/ -->\n<title>Prioriteringar f\u00f6r arbetskl\u00e4der inom v\u00e5rden \u2013 S\u00e4kerhet och komfort - Lindstr\u00f6m Sverige<\/title>\n<meta name=\"description\" content=\"Ta del av faktorer vid val av v\u00e5rdkl\u00e4der, s\u00e5som infektionskontroll och r\u00f6rlighet. Vi f\u00f6rklarar hur uniformen fungerar som ett professionellt verktyg i medicinska milj\u00f6er.\" \/>\n<meta name=\"robots\" content=\"index, follow, max-snippet:-1, max-image-preview:large, max-video-preview:-1\" \/>\n<meta property=\"og:locale\" content=\"sv_SE\" \/>\n<meta property=\"og:type\" content=\"article\" \/>\n<meta property=\"og:title\" content=\"Prioriteringar f\u00f6r arbetskl\u00e4der inom v\u00e5rden \u2013 S\u00e4kerhet och komfort - Lindstr\u00f6m Sverige\" \/>\n<meta property=\"og:description\" content=\"Ta del av faktorer vid val av v\u00e5rdkl\u00e4der, s\u00e5som infektionskontroll och r\u00f6rlighet. Vi f\u00f6rklarar hur uniformen fungerar som ett professionellt verktyg i medicinska milj\u00f6er.\" \/>\n<meta property=\"og:url\" content=\"https:\/\/lindstromgroup.com\/se\/articles\/hogsta-prioriteringar-for-arbetsklader-inom-varden-sakerhet-och-komfort\/\" \/>\n<meta property=\"og:site_name\" content=\"Lindstr\u00f6m Sverige\" \/>\n<meta property=\"article:published_time\" content=\"2025-01-08T08:27:34+00:00\" \/>\n<meta property=\"article:modified_time\" content=\"2025-12-18T08:34:06+00:00\" \/>\n<meta property=\"og:image\" content=\"https:\/\/d2ris6qfzcz0wn.cloudfront.net\/wp-content\/uploads\/sites\/34\/2024\/12\/0R8A8999.jpg\" \/>\n\t<meta property=\"og:image:width\" content=\"2048\" \/>\n\t<meta property=\"og:image:height\" content=\"620\" \/>\n\t<meta property=\"og:image:type\" content=\"image\/jpeg\" \/>\n<meta name=\"author\" content=\"Lindstr\u00f6m Group\" \/>\n<meta name=\"twitter:card\" content=\"summary_large_image\" \/>\n<meta name=\"twitter:label1\" content=\"Skriven av\" \/>\n\t<meta name=\"twitter:data1\" content=\"Lindstr\u00f6m Group\" \/>\n\t<meta name=\"twitter:label2\" content=\"Ber\u00e4knad l\u00e4stid\" \/>\n\t<meta name=\"twitter:data2\" content=\"7 minuter\" \/>\n<script type=\"application\/ld+json\" class=\"yoast-schema-graph\">{\"@context\":\"https:\/\/schema.org\",\"@graph\":[{\"@type\":\"Article\",\"@id\":\"https:\/\/lindstromgroup.com\/se\/articles\/hogsta-prioriteringar-for-arbetsklader-inom-varden-sakerhet-och-komfort\/#article\",\"isPartOf\":{\"@id\":\"https:\/\/lindstromgroup.com\/se\/articles\/hogsta-prioriteringar-for-arbetsklader-inom-varden-sakerhet-och-komfort\/\"},\"author\":{\"name\":\"Lindstr\u00f6m Group\",\"@id\":\"https:\/\/lindstromgroup.com\/se\/#\/schema\/person\/9111900e3f15be99cf4a104112bf0bc3\"},\"headline\":\"H\u00f6gsta prioriteringar f\u00f6r arbetskl\u00e4der inom v\u00e5rden: s\u00e4kerhet och komfort\",\"datePublished\":\"2025-01-08T08:27:34+00:00\",\"dateModified\":\"2025-12-18T08:34:06+00:00\",\"mainEntityOfPage\":{\"@id\":\"https:\/\/lindstromgroup.com\/se\/articles\/hogsta-prioriteringar-for-arbetsklader-inom-varden-sakerhet-och-komfort\/\"},\"wordCount\":902,\"publisher\":{\"@id\":\"https:\/\/lindstromgroup.com\/se\/#organization\"},\"image\":{\"@id\":\"https:\/\/lindstromgroup.com\/se\/articles\/hogsta-prioriteringar-for-arbetsklader-inom-varden-sakerhet-och-komfort\/#primaryimage\"},\"thumbnailUrl\":\"https:\/\/d2ris6qfzcz0wn.cloudfront.net\/wp-content\/uploads\/sites\/34\/2024\/12\/0R8A8999.jpg\",\"keywords\":[\"#arbetskl\u00e4der\",\"#hygien\",\"#h\u00e4lsov\u00e5rd\"],\"articleSection\":[\"Artiklar\"],\"inLanguage\":\"sv-SE\"},{\"@type\":\"WebPage\",\"@id\":\"https:\/\/lindstromgroup.com\/se\/articles\/hogsta-prioriteringar-for-arbetsklader-inom-varden-sakerhet-och-komfort\/\",\"url\":\"https:\/\/lindstromgroup.com\/se\/articles\/hogsta-prioriteringar-for-arbetsklader-inom-varden-sakerhet-och-komfort\/\",\"name\":\"Prioriteringar f\u00f6r arbetskl\u00e4der inom v\u00e5rden \u2013 S\u00e4kerhet och komfort - Lindstr\u00f6m Sverige\",\"isPartOf\":{\"@id\":\"https:\/\/lindstromgroup.com\/se\/#website\"},\"primaryImageOfPage\":{\"@id\":\"https:\/\/lindstromgroup.com\/se\/articles\/hogsta-prioriteringar-for-arbetsklader-inom-varden-sakerhet-och-komfort\/#primaryimage\"},\"image\":{\"@id\":\"https:\/\/lindstromgroup.com\/se\/articles\/hogsta-prioriteringar-for-arbetsklader-inom-varden-sakerhet-och-komfort\/#primaryimage\"},\"thumbnailUrl\":\"https:\/\/d2ris6qfzcz0wn.cloudfront.net\/wp-content\/uploads\/sites\/34\/2024\/12\/0R8A8999.jpg\",\"datePublished\":\"2025-01-08T08:27:34+00:00\",\"dateModified\":\"2025-12-18T08:34:06+00:00\",\"description\":\"Ta del av faktorer vid val av v\u00e5rdkl\u00e4der, s\u00e5som infektionskontroll och r\u00f6rlighet. Vi f\u00f6rklarar hur uniformen fungerar som ett professionellt verktyg i medicinska milj\u00f6er.\",\"breadcrumb\":{\"@id\":\"https:\/\/lindstromgroup.com\/se\/articles\/hogsta-prioriteringar-for-arbetsklader-inom-varden-sakerhet-och-komfort\/#breadcrumb\"},\"inLanguage\":\"sv-SE\",\"potentialAction\":[{\"@type\":\"ReadAction\",\"target\":[\"https:\/\/lindstromgroup.com\/se\/articles\/hogsta-prioriteringar-for-arbetsklader-inom-varden-sakerhet-och-komfort\/\"]}]},{\"@type\":\"ImageObject\",\"inLanguage\":\"sv-SE\",\"@id\":\"https:\/\/lindstromgroup.com\/se\/articles\/hogsta-prioriteringar-for-arbetsklader-inom-varden-sakerhet-och-komfort\/#primaryimage\",\"url\":\"https:\/\/d2ris6qfzcz0wn.cloudfront.net\/wp-content\/uploads\/sites\/34\/2024\/12\/0R8A8999.jpg\",\"contentUrl\":\"https:\/\/d2ris6qfzcz0wn.cloudfront.net\/wp-content\/uploads\/sites\/34\/2024\/12\/0R8A8999.jpg\",\"width\":2048,\"height\":620},{\"@type\":\"BreadcrumbList\",\"@id\":\"https:\/\/lindstromgroup.com\/se\/articles\/hogsta-prioriteringar-for-arbetsklader-inom-varden-sakerhet-och-komfort\/#breadcrumb\",\"itemListElement\":[{\"@type\":\"ListItem\",\"position\":1,\"name\":\"Lindstr\u00f6m\",\"item\":\"https:\/\/lindstromgroup.com\/se\/\"},{\"@type\":\"ListItem\",\"position\":2,\"name\":\"Artiklar\",\"item\":\"https:\/\/lindstromgroup.com\/se\/category\/articles\/\"},{\"@type\":\"ListItem\",\"position\":3,\"name\":\"H\u00f6gsta prioriteringar f\u00f6r arbetskl\u00e4der inom v\u00e5rden: s\u00e4kerhet och komfort\"}]},{\"@type\":\"WebSite\",\"@id\":\"https:\/\/lindstromgroup.com\/se\/#website\",\"url\":\"https:\/\/lindstromgroup.com\/se\/\",\"name\":\"Lindstr\u00f6m Sverige\",\"description\":\"Lindstr\u00f6m Group - Textilservice och Tv\u00e4ttservice\",\"publisher\":{\"@id\":\"https:\/\/lindstromgroup.com\/se\/#organization\"},\"potentialAction\":[{\"@type\":\"SearchAction\",\"target\":{\"@type\":\"EntryPoint\",\"urlTemplate\":\"https:\/\/lindstromgroup.com\/se\/?s={search_term_string}\"},\"query-input\":{\"@type\":\"PropertyValueSpecification\",\"valueRequired\":true,\"valueName\":\"search_term_string\"}}],\"inLanguage\":\"sv-SE\"},{\"@type\":\"Organization\",\"@id\":\"https:\/\/lindstromgroup.com\/se\/#organization\",\"name\":\"Lindstr\u00f6m Sverige\",\"url\":\"https:\/\/lindstromgroup.com\/se\/\",\"logo\":{\"@type\":\"ImageObject\",\"inLanguage\":\"sv-SE\",\"@id\":\"https:\/\/lindstromgroup.com\/se\/#\/schema\/logo\/image\/\",\"url\":\"https:\/\/d2ris6qfzcz0wn.cloudfront.net\/wp-content\/uploads\/sites\/3\/2023\/10\/Logo512.png\",\"contentUrl\":\"https:\/\/d2ris6qfzcz0wn.cloudfront.net\/wp-content\/uploads\/sites\/3\/2023\/10\/Logo512.png\",\"width\":512,\"height\":109,\"caption\":\"Lindstr\u00f6m Sverige\"},\"image\":{\"@id\":\"https:\/\/lindstromgroup.com\/se\/#\/schema\/logo\/image\/\"}},{\"@type\":\"Person\",\"@id\":\"https:\/\/lindstromgroup.com\/se\/#\/schema\/person\/9111900e3f15be99cf4a104112bf0bc3\",\"name\":\"Lindstr\u00f6m Group\",\"image\":{\"@type\":\"ImageObject\",\"inLanguage\":\"sv-SE\",\"@id\":\"https:\/\/d2ris6qfzcz0wn.cloudfront.net\/wp-content\/uploads\/sites\/3\/2024\/04\/logo_Red_V01-150x150-1.pngd4ec76dbb5fec87c1c14df0c0e80cfe5\",\"url\":\"https:\/\/d2ris6qfzcz0wn.cloudfront.net\/wp-content\/uploads\/sites\/3\/2024\/04\/logo_Red_V01-150x150-1.png\",\"contentUrl\":\"https:\/\/d2ris6qfzcz0wn.cloudfront.net\/wp-content\/uploads\/sites\/3\/2024\/04\/logo_Red_V01-150x150-1.png\",\"caption\":\"Lindstr\u00f6m Group\"},\"url\":\"https:\/\/lindstromgroup.com\/se\/author\/lindstrom-group\/\"}]}<\/script>\n<!-- \/ Yoast SEO plugin. -->","yoast_head_json":{"title":"Prioriteringar f\u00f6r arbetskl\u00e4der inom v\u00e5rden \u2013 S\u00e4kerhet och komfort - Lindstr\u00f6m Sverige","description":"Ta del av faktorer vid val av v\u00e5rdkl\u00e4der, s\u00e5som infektionskontroll och r\u00f6rlighet. Vi f\u00f6rklarar hur uniformen fungerar som ett professionellt verktyg i medicinska milj\u00f6er.","robots":{"index":"index","follow":"follow","max-snippet":"max-snippet:-1","max-image-preview":"max-image-preview:large","max-video-preview":"max-video-preview:-1"},"og_locale":"sv_SE","og_type":"article","og_title":"Prioriteringar f\u00f6r arbetskl\u00e4der inom v\u00e5rden \u2013 S\u00e4kerhet och komfort - Lindstr\u00f6m Sverige","og_description":"Ta del av faktorer vid val av v\u00e5rdkl\u00e4der, s\u00e5som infektionskontroll och r\u00f6rlighet. Vi f\u00f6rklarar hur uniformen fungerar som ett professionellt verktyg i medicinska milj\u00f6er.","og_url":"https:\/\/lindstromgroup.com\/se\/articles\/hogsta-prioriteringar-for-arbetsklader-inom-varden-sakerhet-och-komfort\/","og_site_name":"Lindstr\u00f6m Sverige","article_published_time":"2025-01-08T08:27:34+00:00","article_modified_time":"2025-12-18T08:34:06+00:00","og_image":[{"width":2048,"height":620,"url":"https:\/\/d2ris6qfzcz0wn.cloudfront.net\/wp-content\/uploads\/sites\/34\/2024\/12\/0R8A8999.jpg","type":"image\/jpeg"}],"author":"Lindstr\u00f6m Group","twitter_card":"summary_large_image","twitter_misc":{"Skriven av":"Lindstr\u00f6m Group","Ber\u00e4knad l\u00e4stid":"7 minuter"},"schema":{"@context":"https:\/\/schema.org","@graph":[{"@type":"Article","@id":"https:\/\/lindstromgroup.com\/se\/articles\/hogsta-prioriteringar-for-arbetsklader-inom-varden-sakerhet-och-komfort\/#article","isPartOf":{"@id":"https:\/\/lindstromgroup.com\/se\/articles\/hogsta-prioriteringar-for-arbetsklader-inom-varden-sakerhet-och-komfort\/"},"author":{"name":"Lindstr\u00f6m Group","@id":"https:\/\/lindstromgroup.com\/se\/#\/schema\/person\/9111900e3f15be99cf4a104112bf0bc3"},"headline":"H\u00f6gsta prioriteringar f\u00f6r arbetskl\u00e4der inom v\u00e5rden: s\u00e4kerhet och komfort","datePublished":"2025-01-08T08:27:34+00:00","dateModified":"2025-12-18T08:34:06+00:00","mainEntityOfPage":{"@id":"https:\/\/lindstromgroup.com\/se\/articles\/hogsta-prioriteringar-for-arbetsklader-inom-varden-sakerhet-och-komfort\/"},"wordCount":902,"publisher":{"@id":"https:\/\/lindstromgroup.com\/se\/#organization"},"image":{"@id":"https:\/\/lindstromgroup.com\/se\/articles\/hogsta-prioriteringar-for-arbetsklader-inom-varden-sakerhet-och-komfort\/#primaryimage"},"thumbnailUrl":"https:\/\/d2ris6qfzcz0wn.cloudfront.net\/wp-content\/uploads\/sites\/34\/2024\/12\/0R8A8999.jpg","keywords":["#arbetskl\u00e4der","#hygien","#h\u00e4lsov\u00e5rd"],"articleSection":["Artiklar"],"inLanguage":"sv-SE"},{"@type":"WebPage","@id":"https:\/\/lindstromgroup.com\/se\/articles\/hogsta-prioriteringar-for-arbetsklader-inom-varden-sakerhet-och-komfort\/","url":"https:\/\/lindstromgroup.com\/se\/articles\/hogsta-prioriteringar-for-arbetsklader-inom-varden-sakerhet-och-komfort\/","name":"Prioriteringar f\u00f6r arbetskl\u00e4der inom v\u00e5rden \u2013 S\u00e4kerhet och komfort - Lindstr\u00f6m Sverige","isPartOf":{"@id":"https:\/\/lindstromgroup.com\/se\/#website"},"primaryImageOfPage":{"@id":"https:\/\/lindstromgroup.com\/se\/articles\/hogsta-prioriteringar-for-arbetsklader-inom-varden-sakerhet-och-komfort\/#primaryimage"},"image":{"@id":"https:\/\/lindstromgroup.com\/se\/articles\/hogsta-prioriteringar-for-arbetsklader-inom-varden-sakerhet-och-komfort\/#primaryimage"},"thumbnailUrl":"https:\/\/d2ris6qfzcz0wn.cloudfront.net\/wp-content\/uploads\/sites\/34\/2024\/12\/0R8A8999.jpg","datePublished":"2025-01-08T08:27:34+00:00","dateModified":"2025-12-18T08:34:06+00:00","description":"Ta del av faktorer vid val av v\u00e5rdkl\u00e4der, s\u00e5som infektionskontroll och r\u00f6rlighet. Vi f\u00f6rklarar hur uniformen fungerar som ett professionellt verktyg i medicinska milj\u00f6er.","breadcrumb":{"@id":"https:\/\/lindstromgroup.com\/se\/articles\/hogsta-prioriteringar-for-arbetsklader-inom-varden-sakerhet-och-komfort\/#breadcrumb"},"inLanguage":"sv-SE","potentialAction":[{"@type":"ReadAction","target":["https:\/\/lindstromgroup.com\/se\/articles\/hogsta-prioriteringar-for-arbetsklader-inom-varden-sakerhet-och-komfort\/"]}]},{"@type":"ImageObject","inLanguage":"sv-SE","@id":"https:\/\/lindstromgroup.com\/se\/articles\/hogsta-prioriteringar-for-arbetsklader-inom-varden-sakerhet-och-komfort\/#primaryimage","url":"https:\/\/d2ris6qfzcz0wn.cloudfront.net\/wp-content\/uploads\/sites\/34\/2024\/12\/0R8A8999.jpg","contentUrl":"https:\/\/d2ris6qfzcz0wn.cloudfront.net\/wp-content\/uploads\/sites\/34\/2024\/12\/0R8A8999.jpg","width":2048,"height":620},{"@type":"BreadcrumbList","@id":"https:\/\/lindstromgroup.com\/se\/articles\/hogsta-prioriteringar-for-arbetsklader-inom-varden-sakerhet-och-komfort\/#breadcrumb","itemListElement":[{"@type":"ListItem","position":1,"name":"Lindstr\u00f6m","item":"https:\/\/lindstromgroup.com\/se\/"},{"@type":"ListItem","position":2,"name":"Artiklar","item":"https:\/\/lindstromgroup.com\/se\/category\/articles\/"},{"@type":"ListItem","position":3,"name":"H\u00f6gsta prioriteringar f\u00f6r arbetskl\u00e4der inom v\u00e5rden: s\u00e4kerhet och komfort"}]},{"@type":"WebSite","@id":"https:\/\/lindstromgroup.com\/se\/#website","url":"https:\/\/lindstromgroup.com\/se\/","name":"Lindstr\u00f6m Sverige","description":"Lindstr\u00f6m Group - Textilservice och Tv\u00e4ttservice","publisher":{"@id":"https:\/\/lindstromgroup.com\/se\/#organization"},"potentialAction":[{"@type":"SearchAction","target":{"@type":"EntryPoint","urlTemplate":"https:\/\/lindstromgroup.com\/se\/?s={search_term_string}"},"query-input":{"@type":"PropertyValueSpecification","valueRequired":true,"valueName":"search_term_string"}}],"inLanguage":"sv-SE"},{"@type":"Organization","@id":"https:\/\/lindstromgroup.com\/se\/#organization","name":"Lindstr\u00f6m Sverige","url":"https:\/\/lindstromgroup.com\/se\/","logo":{"@type":"ImageObject","inLanguage":"sv-SE","@id":"https:\/\/lindstromgroup.com\/se\/#\/schema\/logo\/image\/","url":"https:\/\/d2ris6qfzcz0wn.cloudfront.net\/wp-content\/uploads\/sites\/3\/2023\/10\/Logo512.png","contentUrl":"https:\/\/d2ris6qfzcz0wn.cloudfront.net\/wp-content\/uploads\/sites\/3\/2023\/10\/Logo512.png","width":512,"height":109,"caption":"Lindstr\u00f6m Sverige"},"image":{"@id":"https:\/\/lindstromgroup.com\/se\/#\/schema\/logo\/image\/"}},{"@type":"Person","@id":"https:\/\/lindstromgroup.com\/se\/#\/schema\/person\/9111900e3f15be99cf4a104112bf0bc3","name":"Lindstr\u00f6m Group","image":{"@type":"ImageObject","inLanguage":"sv-SE","@id":"https:\/\/d2ris6qfzcz0wn.cloudfront.net\/wp-content\/uploads\/sites\/3\/2024\/04\/logo_Red_V01-150x150-1.pngd4ec76dbb5fec87c1c14df0c0e80cfe5","url":"https:\/\/d2ris6qfzcz0wn.cloudfront.net\/wp-content\/uploads\/sites\/3\/2024\/04\/logo_Red_V01-150x150-1.png","contentUrl":"https:\/\/d2ris6qfzcz0wn.cloudfront.net\/wp-content\/uploads\/sites\/3\/2024\/04\/logo_Red_V01-150x150-1.png","caption":"Lindstr\u00f6m Group"},"url":"https:\/\/lindstromgroup.com\/se\/author\/lindstrom-group\/"}]}},"publishpress_future_workflow_manual_trigger":{"enabledWorkflows":[]},"distributor_meta":false,"distributor_terms":false,"distributor_media":false,"distributor_original_site_name":"Lindstr\u00f6m Sverige","distributor_original_site_url":"https:\/\/lindstromgroup.com\/se","push-errors":false,"_links":{"self":[{"href":"https:\/\/lindstromgroup.com\/se\/wp-json\/wp\/v2\/posts\/17785","targetHints":{"allow":["GET"]}}],"collection":[{"href":"https:\/\/lindstromgroup.com\/se\/wp-json\/wp\/v2\/posts"}],"about":[{"href":"https:\/\/lindstromgroup.com\/se\/wp-json\/wp\/v2\/types\/post"}],"author":[{"embeddable":true,"href":"https:\/\/lindstromgroup.com\/se\/wp-json\/wp\/v2\/users\/14"}],"replies":[{"embeddable":true,"href":"https:\/\/lindstromgroup.com\/se\/wp-json\/wp\/v2\/comments?post=17785"}],"version-history":[{"count":0,"href":"https:\/\/lindstromgroup.com\/se\/wp-json\/wp\/v2\/posts\/17785\/revisions"}],"wp:featuredmedia":[{"embeddable":true,"href":"https:\/\/lindstromgroup.com\/se\/wp-json\/wp\/v2\/media\/17788"}],"wp:attachment":[{"href":"https:\/\/lindstromgroup.com\/se\/wp-json\/wp\/v2\/media?parent=17785"}],"wp:term":[{"taxonomy":"category","embeddable":true,"href":"https:\/\/lindstromgroup.com\/se\/wp-json\/wp\/v2\/categories?post=17785"},{"taxonomy":"post_tag","embeddable":true,"href":"https:\/\/lindstromgroup.com\/se\/wp-json\/wp\/v2\/tags?post=17785"},{"taxonomy":"author","embeddable":true,"href":"https:\/\/lindstromgroup.com\/se\/wp-json\/wp\/v2\/coauthors?post=17785"}],"curies":[{"name":"wp","href":"https:\/\/api.w.org\/{rel}","templated":true}]}}