
    {"id":20236,"date":"2026-04-30T17:17:46","date_gmt":"2026-04-30T15:17:46","guid":{"rendered":"https:\/\/lindstromgroup.com\/rs\/?p=20236"},"modified":"2026-04-30T17:17:47","modified_gmt":"2026-04-30T15:17:47","slug":"kupovina-ili-iznajmljivanje-radne-odece","status":"publish","type":"post","link":"https:\/\/lindstromgroup.com\/rs\/clanci\/kupovina-ili-iznajmljivanje-radne-odece\/","title":{"rendered":"Kupovina ili iznajmljivanje radne ode\u0107e: \u0161ta kompaniju zaista ko\u0161ta manje?"},"content":{"rendered":"\n<p class=\"has-white-color has-turquoise-background-color has-text-color has-background has-link-color wp-elements-c3e93a38d0dbdf675fa5561bc0038164\"><strong>Kada se pokrene tema kupovina ili iznajmljivanje radne ode\u0107e, ve\u0107ina kompanija prvo analizira cenu po komadu. Me\u0111utim, stvarni tro\u0161ak krije se mnogo dublje: u zalihama, pranju, o\u0161te\u0107enjima, zameni, administraciji i vremenu koje zaposleni tro\u0161e na sporedne zadatke. <\/strong><br><strong>U ovom tekstu analiziramo \u0161ta je zaista isplativije za preduze\u0107e i za\u0161to se radna ode\u0107a sve \u010de\u0161\u0107e posmatra kao deo \u0161ireg operativnog sistema, a ne kao obi\u010dna nabavka.<\/strong><\/p>\n\n\n\n<p><\/p>\n\n\n\n<p>Postoje tro\u0161kovi koje svako preduze\u0107e jasno vidi odmah i sve vreme. To su veliki, o\u010digledni tro\u0161kovi: sirovine, energenti, logistika, plate, ma\u0161ine, rokovi isporuke i zastoji u proizvodnji. O njima se govori na sastancima, oni ulaze u tabele, porede se iz meseca u mesec i tra\u017ee se na\u010dini da se optimizuju.<\/p>\n\n\n\n<p>Ipak, postoje i oni drugi. Slabo primetni, ali svakodnevni. Oni ne upadaju odmah u o\u010di, ali se vremenom akumuliraju i tro\u0161e novac, sate rada i \u017eivce mnogo vi\u0161e nego \u0161to deluje na prvi pogled.<\/p>\n\n\n\n<p><strong>Upravljanje radnom ode\u0107om<\/strong> \u010desto spada upravo u tu drugu grupu.<\/p>\n\n\n\n<p>Na papiru, sve deluje jednostavno. Kompanija kupi uniforme, podeli ih zaposlenima i stvar je re\u0161ena. U praksi, tek tada po\u010dinje ceo niz pitanja koja se retko razmatraju unapred. \u0160ta kada zaposleni promeni veli\u010dinu? \u0160ta kada do\u0111u novi ljudi? Kada ode\u0107a vi\u0161e ne izgleda reprezentativno? \u0160ta kada LZO izgubi za\u0161titna svojstva? Ako se odre\u0111eni model vi\u0161e ne proizvodi? I \u0161ta kada se ispostavi da se radna ode\u0107a pere kod ku\u0107e, na pogre\u0161noj temperaturi, pogre\u0161nim deterd\u017eentom i bez ikakve kontrole nad higijenom i trajno\u0161\u0107u? Upravo te svakodnevne situacije \u010dine sr\u017e problema kojim se bavi ovaj tekst.<\/p>\n\n\n\n<p><strong><a href=\"https:\/\/lindstromgroup.com\/rs\/zasto-iznajmljivanje\/\" target=\"_blank\" rel=\"noreferrer noopener\">Kupovina ili iznajmljivanje radne ode\u0107e<\/a><\/strong> nije pitanje jednog tro\u0161ka. Mnogo je kompleksnije nego \u0161to na prvi pogled deluje. Pitanje je celog sistema koji stoji iza radne ode\u0107e: nabavke, zaliha, pranja, odr\u017eavanja, zamene, uskla\u0111enosti, bezbednosti zaposlenih i operativne efikasnosti.<\/p>\n\n\n\n<figure class=\"wp-block-image size-large\"><img decoding=\"async\" width=\"1024\" height=\"683\" src=\"https:\/\/d2ris6qfzcz0wn.cloudfront.net\/wp-content\/uploads\/sites\/18\/2026\/04\/ART_0836-LR-1024x683.jpg\" alt=\"\" class=\"wp-image-20249\" srcset=\"https:\/\/d2ris6qfzcz0wn.cloudfront.net\/wp-content\/uploads\/sites\/18\/2026\/04\/ART_0836-LR-1024x683.jpg 1024w, https:\/\/d2ris6qfzcz0wn.cloudfront.net\/wp-content\/uploads\/sites\/18\/2026\/04\/ART_0836-LR-300x200.jpg 300w, https:\/\/d2ris6qfzcz0wn.cloudfront.net\/wp-content\/uploads\/sites\/18\/2026\/04\/ART_0836-LR-768x512.jpg 768w, https:\/\/d2ris6qfzcz0wn.cloudfront.net\/wp-content\/uploads\/sites\/18\/2026\/04\/ART_0836-LR.jpg 1500w\" sizes=\"(max-width: 1024px) 100vw, 1024px\" \/><\/figure>\n\n\n\n<h2 class=\"wp-block-heading\">Za\u0161to kupovina radne ode\u0107e \u010desto deluje jeftinije nego \u0161to zaista jeste<\/h2>\n\n\n\n<p>Kada kompanija kupuje radnu ode\u0107u, naj\u010de\u0161\u0107e posmatra cenu po komadu i to je razumljivo. Lako je uporediti ponude, izra\u010dunati koliko ko\u0161ta 30 ili 100 kompleta i ste\u0107i utisak da je ta odluka racionalna.<\/p>\n\n\n\n<p>Ali, problem je u tome \u0161to ta kupovina gotovo nikada ne ostaje samo &#8211; kupovina.<\/p>\n\n\n\n<p>Ve\u0107 posle prve isporuke pojavljuju se dodatni slojevi posla. Nekome u kompaniji pripada obaveza da prati ko je \u0161ta zadu\u017eio, ko je vratio opremu, kome treba novi broj pantalona, kome treba zamena, ko je do\u0161ao, ko oti\u0161ao, \u0161ta nedostaje, \u0161ta je pocepano, \u0161ta vi\u0161e nije bezbedno za no\u0161enje i \u0161ta treba hitno naru\u010diti. U praksi taj posao \u010desto zavr\u0161i kod HR-a, operative, administracije ili nabavke, iako to nikome od njih nije klju\u010dni deo posla. Dakle, radna ode\u0107a se u mnogim preduze\u0107ima tretira kao sporedna operativna stavka, pa se njen stvarni tro\u0161ak vidi tek kada problem eskalira.<\/p>\n\n\n\n<p>Tu se krije i jedna va\u017ena gre\u0161ka u razmi\u0161ljanju: kompanija ne pla\u0107a samo jaknu, pantalone ili mantil. Ona pla\u0107a i <strong>vreme <\/strong>ljudi koji se time bave. Pla\u0107a <strong>prekide u radu<\/strong> kada ne\u0161to nedostaje. Nervozu kada zaposleni nema ispravnu opremu. Hitne, male (i \u010desto cenovno nepovoljne) <strong>dopunske porud\u017ebine<\/strong>. Pla\u0107a <strong>prostor za skladi\u0161tenje<\/strong> rezervnih veli\u010dina. Pla\u0107a neuskla\u0111enost boja i modela kada se dobavlja\u010d promeni. Pla\u0107a i situacije u kojima deo ode\u0107e postoji, ali vi\u0161e nije upotrebljiv.<\/p>\n\n\n\n<p>To su tro\u0161kovi koje mnoga preduze\u0107a ne vide odmah, zbog \u010dega im model kupovine deluje jeftinije nego \u0161to jeste.<\/p>\n\n\n\n<p>Dobar na\u010din da se to razume jeste pore\u0111enje sa takozvanom \u201evampirskom potro\u0161njom\u201c energije. Ure\u0111aj je na <em>stend-baju<\/em> i ne radi, ali i dalje &#8222;tiho&#8220; tro\u0161i struju. Sli\u010dno tome i upravljanje radnom ode\u0107om ume da izgleda kao sitnica, a u pozadini stalno tro\u0161i radne sate, pa\u017enju i bud\u017eet.<\/p>\n\n\n\n<figure class=\"wp-block-image size-large\"><img decoding=\"async\" width=\"1024\" height=\"683\" src=\"https:\/\/d2ris6qfzcz0wn.cloudfront.net\/wp-content\/uploads\/sites\/18\/2026\/03\/ART_0927-LR-1024x683.jpg\" alt=\"\" class=\"wp-image-20121\" srcset=\"https:\/\/d2ris6qfzcz0wn.cloudfront.net\/wp-content\/uploads\/sites\/18\/2026\/03\/ART_0927-LR-1024x683.jpg 1024w, https:\/\/d2ris6qfzcz0wn.cloudfront.net\/wp-content\/uploads\/sites\/18\/2026\/03\/ART_0927-LR-300x200.jpg 300w, https:\/\/d2ris6qfzcz0wn.cloudfront.net\/wp-content\/uploads\/sites\/18\/2026\/03\/ART_0927-LR-768x512.jpg 768w, https:\/\/d2ris6qfzcz0wn.cloudfront.net\/wp-content\/uploads\/sites\/18\/2026\/03\/ART_0927-LR.jpg 1500w\" sizes=\"(max-width: 1024px) 100vw, 1024px\" \/><\/figure>\n\n\n\n<h2 class=\"wp-block-heading\">Kada problem prestane da bude estetski i postane operativni<\/h2>\n\n\n\n<p>Pocepan rukav, trajna fleka od ulja, neispravna reflektuju\u0107a traka, pokvaren rajsfer\u0161lus ili pohaban materijal mogu da deluju kao sitnice. Me\u0111utim, na terenu to \u010desto i nije ba\u0161 tako mali problem.<\/p>\n\n\n\n<p>U proizvodnji, logistici, prehrambenoj industriji, hemijskoj industriji ili poslovima sa pove\u0107anim bezbednosnim zahtevima, radna ode\u0107a je deo radnog alata. Ako nije \u010dista, funkcionalna i bezbedna, ona ne slu\u017ei svojoj svrsi. Zaposleni tada ne dobija samo lo\u0161iju uniformu, ve\u0107 i lo\u0161ije uslove za rad.<\/p>\n\n\n\n<p>To dalje uti\u010de na produktivnost, ali i na ose\u0107aj po\u0161tovanja i zadovoljstvo poslom. Kada zaposleni danima ili nedeljama radi u ode\u0107i koja mu ne odgovara, koja je o\u0161te\u0107ena ili neprijatna za no\u0161enje, poruka koju kompanija \u0161alje nije bezazlena. Ona glasi da ta tema nikome nije prioritet. Sitne, ali \u010deste frustracije koje zaposleni trpe lako mogu da prerastu u ose\u0107aj da kompanija ne vodi dovoljno ra\u010duna o njima.<\/p>\n\n\n\n<p>Drugim re\u010dima, radna ode\u0107a jeste operativna tema, ali je istovremeno i <strong>tema iskustva i zadovoljstva zaposlenih<\/strong>. I za to postoje jaki dokazi u <strong><a href=\"https:\/\/lindstromgroup.com\/rs\/clanci\/studija-pokazuje-da-radna-odeca-utice-na-zadovoljstvo-zaposlenih\/\">studiji proizvodnih industrija<\/a><\/strong> iz 2025.<\/p>\n\n\n\n<p>To je posebno va\u017eno kada kompanije \u017eele da zadr\u017ee ljude, smanje izvore frustracije i stvore radno okru\u017eenje koje funkcioni\u0161e bez nepotrebnog trenja.<\/p>\n\n\n\n<figure class=\"wp-block-image size-large\"><img decoding=\"async\" width=\"1024\" height=\"683\" src=\"https:\/\/d2ris6qfzcz0wn.cloudfront.net\/wp-content\/uploads\/sites\/18\/2026\/03\/PRODEM_workwear_factory_Latvia_0007-1024x683.jpg\" alt=\"\" class=\"wp-image-20049\" srcset=\"https:\/\/d2ris6qfzcz0wn.cloudfront.net\/wp-content\/uploads\/sites\/18\/2026\/03\/PRODEM_workwear_factory_Latvia_0007-1024x683.jpg 1024w, https:\/\/d2ris6qfzcz0wn.cloudfront.net\/wp-content\/uploads\/sites\/18\/2026\/03\/PRODEM_workwear_factory_Latvia_0007-300x200.jpg 300w, https:\/\/d2ris6qfzcz0wn.cloudfront.net\/wp-content\/uploads\/sites\/18\/2026\/03\/PRODEM_workwear_factory_Latvia_0007-768x512.jpg 768w, https:\/\/d2ris6qfzcz0wn.cloudfront.net\/wp-content\/uploads\/sites\/18\/2026\/03\/PRODEM_workwear_factory_Latvia_0007.jpg 1500w\" sizes=\"(max-width: 1024px) 100vw, 1024px\" \/><\/figure>\n\n\n\n<h2 class=\"wp-block-heading\">Ku\u0107no pranje radne ode\u0107e: navika koja otvara ozbiljna pitanja<\/h2>\n\n\n\n<p>Jedna od najpotcenjenijih ta\u010daka u celoj pri\u010di jeste <strong>pranje radne ode\u0107e kod ku\u0107e<\/strong>.<\/p>\n\n\n\n<p>Na prvi pogled, deluje jednostavno i logi\u010dno. Zaposleni ponese ode\u0107u, opere je i vrati je slede\u0107eg dana ili u slede\u0107oj smeni. Me\u0111utim, u praksi tu nastaje \u010ditav niz rizika.<\/p>\n\n\n\n<p>Prvi je <strong>tehni\u010dki<\/strong>. Ku\u0107ne ma\u0161ine, deterd\u017eenti i re\u017eimi pranja nisu prilago\u0111eni industrijskim ne\u010disto\u0107ama, uljima, hemikalijama ili zahtevima specijalnih materijala. Radna ode\u0107a sa za\u0161titnim svojstvima mo\u017ee da izgubi te karakteristike ako se pere na pogre\u0161an na\u010din, naro\u010dito kada se koriste visoke temperature i komercijalni omek\u0161iva\u010di. U drugim slu\u010dajevima, kao npr. u prehrambenoj industrijiniske temperature mogu biti problem.<\/p>\n\n\n\n<p>Drugi rizik je <strong>higijenski<\/strong>. U odre\u0111enim industrijama, posebno u prehrambenoj, farmaceutskoj i drugim osetljivim okru\u017eenjima, pitanje \u010disto\u0107e nije pitanje utiska, ve\u0107 kontrole biokontaminacije. Lindstr\u00f6m u svom modelu usluge isti\u010de uskla\u0111enost sa standardom <strong><a href=\"https:\/\/lindstromgroup.com\/rs\/clanci\/en-14065-obezbedjivanje-mikrobioloske-bezbednosti-u-obradi-tekstila\/\" target=\"_blank\" rel=\"noreferrer noopener\">EN 14065<\/a><\/strong>, koji se odnosi na higijenu i kontrolu biokontaminacije u procesu odr\u017eavanja tekstila, uz sertifikovane sisteme upravljanja kvalitetom, za\u0161titom \u017eivotne sredine i bezbedno\u0161\u0107u. U ovim industrijama ku\u0107no pranje mo\u017ee predstavljati ozbiljan higijenski rizik. Na to su nas podsetili i ponovo opomenuli i <strong><a href=\"https:\/\/lindstromgroup.com\/rs\/clanci\/studija-otkriva-rizike-po-bezbednost-hrane-u-prehrambenoj-industriji\/\" target=\"_blank\" rel=\"noreferrer noopener\">rezultati studije iz 2025.<\/a><\/strong><\/p>\n\n\n\n<p>Tre\u0107i rizik je <strong>ljudski<\/strong>. Radna ode\u0107a koju zaposleni nosi ku\u0107i prestaje da bude samo poslovna oprema i postaje dodatna privatna obaveza. To zna\u010di jo\u0161 jednu stvar o kojoj mora da misli van posla: da li je oprana, da li se osu\u0161ila, da li je spremna, da li je fleka skinuta, da li ne\u0161to treba popraviti. Za kompaniju to mo\u017eda deluje kao &#8222;mala stvar&#8220;, ali za zaposlenog je to jo\u0161 jedan zadatak koji nije deo njegovog posla.<\/p>\n\n\n\n<p><\/p>\n\n\n\n<figure class=\"wp-block-image size-large\"><img decoding=\"async\" width=\"1024\" height=\"512\" src=\"https:\/\/d2ris6qfzcz0wn.cloudfront.net\/wp-content\/uploads\/sites\/18\/2026\/04\/226614678_m-1024x512.jpg\" alt=\"\" class=\"wp-image-20250\" srcset=\"https:\/\/d2ris6qfzcz0wn.cloudfront.net\/wp-content\/uploads\/sites\/18\/2026\/04\/226614678_m-1024x512.jpg 1024w, https:\/\/d2ris6qfzcz0wn.cloudfront.net\/wp-content\/uploads\/sites\/18\/2026\/04\/226614678_m-300x150.jpg 300w, https:\/\/d2ris6qfzcz0wn.cloudfront.net\/wp-content\/uploads\/sites\/18\/2026\/04\/226614678_m-768x384.jpg 768w, https:\/\/d2ris6qfzcz0wn.cloudfront.net\/wp-content\/uploads\/sites\/18\/2026\/04\/226614678_m.jpg 1500w\" sizes=\"(max-width: 1024px) 100vw, 1024px\" \/><\/figure>\n\n\n\n<h2 class=\"wp-block-heading\">Kupovina ili iznajmljivanje radne ode\u0107e: gde se zapravo pravi razlika?<\/h2>\n\n\n\n<p>Prava razlika izme\u0111u ova dva modela ne svodi se na vlasni\u0161tvo nad tekstilom. Razlika je u tome da li kompanija kupuje komade ode\u0107e ili kupuje funkcionalan sistem.<\/p>\n\n\n\n<p>Kod kupovine, preduze\u0107e preuzima odgovornost za gotovo sve: planiranje koli\u010dina, rezervne zalihe, nabavku novih komada, zamene, odr\u017eavanje, pra\u0107enje stanja, re\u0161avanje reklamacija, prilago\u0111avanje promenama u timu i brigu o tome da zaposleni u svakom trenutku ima odgovaraju\u0107u i ispravnu opremu.<\/p>\n\n\n\n<p>Kod iznajmljivanja, odnosno tamo gde postoji <strong><a href=\"https:\/\/lindstromgroup.com\/rs\/usluge\/iznajmljivanje-radne-odece\/\" target=\"_blank\" rel=\"noreferrer noopener\">kompletna usluga upravljanja radnom ode\u0107om<\/a><\/strong>, fokus se pomera sa posedovanja na rezultat. A rezultat je vrlo konkretan: zaposleni ima \u010distu, bezbednu i dostupnu radnu ode\u0107u onda kada mu je potrebna.<\/p>\n\n\n\n<p>To je su\u0161tinska razlika.<\/p>\n\n\n\n<p>Kada kompanija kupi ve\u0107u koli\u010dinu uniformi unapred, deo kapitala ostaje vezan u zalihama. U praksi to zna\u010di da se novac zamrzava u garderobi koja mo\u017eda trenutno nije ni potrebna. Ako se pojave nove potrebe, dodatne porud\u017ebine su \u010desto manje i skuplje. Ako se struktura zaposlenih promeni, odre\u0111eni komadi ostaju neiskori\u0161\u0107eni. Ako do\u0111e sezonski talas zapo\u0161ljavanja, kompanija mora brzo da reaguje i \u010desto improvizuje. Sve to je vrlo jasno opisano i u polaznom transkriptu.<\/p>\n\n\n\n<p>Nasuprot tome, servisni model omogu\u0107ava da se ode\u0107a obezbe\u0111uje prema stvarnim potrebama, uz odr\u017eavanje, popravke i zamene kao deo jedne celine. Lindstr\u00f6mova usluga pokriva nabavku tekstila, pranje, odr\u017eavanje i recikla\u017eu, dok klijent mo\u017ee da se fokusira na osnovnu delatnost. Ispod su neki od klju\u010dnih rezultata politike odr\u017eivosti u 2025.<\/p>\n\n\n\n<div class=\"wp-block-columns is-layout-flex wp-container-core-columns-is-layout-28f84493 wp-block-columns-is-layout-flex\">\n<div class=\"wp-block-column is-layout-flow wp-block-column-is-layout-flow\">\n<figure class=\"wp-block-image size-large\"><img decoding=\"async\" width=\"1024\" height=\"1024\" src=\"https:\/\/d2ris6qfzcz0wn.cloudfront.net\/wp-content\/uploads\/sites\/18\/2026\/04\/SustainabilityReport2025-textile-waste-recycling-keeping-textiles-in-circulation-1024x1024.jpg\" alt=\"\" class=\"wp-image-20251\" srcset=\"https:\/\/d2ris6qfzcz0wn.cloudfront.net\/wp-content\/uploads\/sites\/18\/2026\/04\/SustainabilityReport2025-textile-waste-recycling-keeping-textiles-in-circulation-1024x1024.jpg 1024w, https:\/\/d2ris6qfzcz0wn.cloudfront.net\/wp-content\/uploads\/sites\/18\/2026\/04\/SustainabilityReport2025-textile-waste-recycling-keeping-textiles-in-circulation-300x300.jpg 300w, https:\/\/d2ris6qfzcz0wn.cloudfront.net\/wp-content\/uploads\/sites\/18\/2026\/04\/SustainabilityReport2025-textile-waste-recycling-keeping-textiles-in-circulation-150x150.jpg 150w, https:\/\/d2ris6qfzcz0wn.cloudfront.net\/wp-content\/uploads\/sites\/18\/2026\/04\/SustainabilityReport2025-textile-waste-recycling-keeping-textiles-in-circulation-768x768.jpg 768w, https:\/\/d2ris6qfzcz0wn.cloudfront.net\/wp-content\/uploads\/sites\/18\/2026\/04\/SustainabilityReport2025-textile-waste-recycling-keeping-textiles-in-circulation.jpg 1080w\" sizes=\"(max-width: 1024px) 100vw, 1024px\" \/><\/figure>\n<\/div>\n\n\n\n<div class=\"wp-block-column is-layout-flow wp-block-column-is-layout-flow\">\n<figure class=\"wp-block-image size-large\"><img decoding=\"async\" width=\"1024\" height=\"1024\" src=\"https:\/\/d2ris6qfzcz0wn.cloudfront.net\/wp-content\/uploads\/sites\/18\/2026\/04\/SustainabilityReport2025-using-recycled-or-bio-based-materials-1024x1024.jpg\" alt=\"\" class=\"wp-image-20252\" srcset=\"https:\/\/d2ris6qfzcz0wn.cloudfront.net\/wp-content\/uploads\/sites\/18\/2026\/04\/SustainabilityReport2025-using-recycled-or-bio-based-materials-1024x1024.jpg 1024w, https:\/\/d2ris6qfzcz0wn.cloudfront.net\/wp-content\/uploads\/sites\/18\/2026\/04\/SustainabilityReport2025-using-recycled-or-bio-based-materials-300x300.jpg 300w, https:\/\/d2ris6qfzcz0wn.cloudfront.net\/wp-content\/uploads\/sites\/18\/2026\/04\/SustainabilityReport2025-using-recycled-or-bio-based-materials-150x150.jpg 150w, https:\/\/d2ris6qfzcz0wn.cloudfront.net\/wp-content\/uploads\/sites\/18\/2026\/04\/SustainabilityReport2025-using-recycled-or-bio-based-materials-768x768.jpg 768w, https:\/\/d2ris6qfzcz0wn.cloudfront.net\/wp-content\/uploads\/sites\/18\/2026\/04\/SustainabilityReport2025-using-recycled-or-bio-based-materials.jpg 1080w\" sizes=\"(max-width: 1024px) 100vw, 1024px\" \/><\/figure>\n<\/div>\n\n\n\n<div class=\"wp-block-column is-layout-flow wp-block-column-is-layout-flow\">\n<figure class=\"wp-block-image size-large\"><img decoding=\"async\" width=\"1024\" height=\"1024\" src=\"https:\/\/d2ris6qfzcz0wn.cloudfront.net\/wp-content\/uploads\/sites\/18\/2026\/04\/SustainabilityReport2025-following-circular-economy-principles-by-repairing-textiles-1024x1024.jpg\" alt=\"\" class=\"wp-image-20253\" srcset=\"https:\/\/d2ris6qfzcz0wn.cloudfront.net\/wp-content\/uploads\/sites\/18\/2026\/04\/SustainabilityReport2025-following-circular-economy-principles-by-repairing-textiles-1024x1024.jpg 1024w, https:\/\/d2ris6qfzcz0wn.cloudfront.net\/wp-content\/uploads\/sites\/18\/2026\/04\/SustainabilityReport2025-following-circular-economy-principles-by-repairing-textiles-300x300.jpg 300w, https:\/\/d2ris6qfzcz0wn.cloudfront.net\/wp-content\/uploads\/sites\/18\/2026\/04\/SustainabilityReport2025-following-circular-economy-principles-by-repairing-textiles-150x150.jpg 150w, https:\/\/d2ris6qfzcz0wn.cloudfront.net\/wp-content\/uploads\/sites\/18\/2026\/04\/SustainabilityReport2025-following-circular-economy-principles-by-repairing-textiles-768x768.jpg 768w, https:\/\/d2ris6qfzcz0wn.cloudfront.net\/wp-content\/uploads\/sites\/18\/2026\/04\/SustainabilityReport2025-following-circular-economy-principles-by-repairing-textiles.jpg 1080w\" sizes=\"(max-width: 1024px) 100vw, 1024px\" \/><\/figure>\n<\/div>\n<\/div>\n\n\n\n<h2 class=\"wp-block-heading\">\u0160ta se menja kada radna ode\u0107a postane ure\u0111ena usluga, a ne stalan interni zadatak<\/h2>\n\n\n\n<p>Najve\u0107a prednost dobro organizovane usluge nije u tome \u0161to ne\u0161to \u201eprebacujete na drugoga\u201c. Prednost je u tome \u0161to se uklanja trenje iz svakodnevice.<\/p>\n\n\n\n<p>U modelu kompletne usluge upravljanja radnom ode\u0107om, zaposleni koristi ode\u0107u kao alat za rad, a ne kao privatnu obavezu. O\u0161te\u0107eni ili prljavi komadi se odla\u017eu u predvi\u0111en sistem prikupljanja, zatim se preuzimaju, peru, proveravaju, popravljaju ili zamenjuju, pa se vra\u0107aju spremni za upotrebu. Upravo takvu logiku opisuju materijali na osnovu kojih je pisan ovaj tekst: zaposleni ne mora da vodi dodatnu administraciju, da nosi ode\u0107u ku\u0107i niti da moli za svaku zamenu, jer sistem prepoznaje potrebu za popravkom ili zamenom.<\/p>\n\n\n\n<p>To menja vi\u0161e stvari odjednom:<\/p>\n\n\n\n<div class=\"wp-block-media-text is-stacked-on-mobile\" style=\"grid-template-columns:17% auto\"><figure class=\"wp-block-media-text__media\"><img decoding=\"async\" width=\"201\" height=\"281\" src=\"https:\/\/d2ris6qfzcz0wn.cloudfront.net\/wp-content\/uploads\/sites\/18\/2024\/08\/1Screenshot-2024-03-22-123537.webp\" alt=\"\" class=\"wp-image-17441 size-full\"\/><\/figure><div class=\"wp-block-media-text__content\">\n<p>Prvo, <strong>skida teret sa HR-a, administracije, operative i nabavke.<\/strong><\/p>\n<\/div><\/div>\n\n\n\n<div class=\"wp-block-media-text is-stacked-on-mobile\" style=\"grid-template-columns:23% auto\"><figure class=\"wp-block-media-text__media\"><img decoding=\"async\" width=\"266\" height=\"302\" src=\"https:\/\/d2ris6qfzcz0wn.cloudfront.net\/wp-content\/uploads\/sites\/18\/2024\/08\/2Screenshot-2024-03-22-123552.webp\" alt=\"\" class=\"wp-image-17442 size-full\" srcset=\"https:\/\/d2ris6qfzcz0wn.cloudfront.net\/wp-content\/uploads\/sites\/18\/2024\/08\/2Screenshot-2024-03-22-123552.webp 266w, https:\/\/d2ris6qfzcz0wn.cloudfront.net\/wp-content\/uploads\/sites\/18\/2024\/08\/2Screenshot-2024-03-22-123552-264x300.webp 264w\" sizes=\"(max-width: 266px) 100vw, 266px\" \/><\/figure><div class=\"wp-block-media-text__content\">\n<p>Drugo, <strong>smanjuje rizik da zaposleni ostanu bez adekvatne opreme.<\/strong><\/p>\n<\/div><\/div>\n\n\n\n<div class=\"wp-block-media-text is-stacked-on-mobile\" style=\"grid-template-columns:19% auto\"><figure class=\"wp-block-media-text__media\"><img decoding=\"async\" width=\"216\" height=\"296\" src=\"https:\/\/d2ris6qfzcz0wn.cloudfront.net\/wp-content\/uploads\/sites\/18\/2024\/08\/3Screenshot-2024-03-22-123624.webp\" alt=\"\" class=\"wp-image-17443 size-full\"\/><\/figure><div class=\"wp-block-media-text__content\">\n<p>Tre\u0107e, <strong>uvodi predvidivost u proces koji je ina\u010de pun improvizacije.<\/strong><\/p>\n<\/div><\/div>\n\n\n\n<div class=\"wp-block-media-text is-stacked-on-mobile\" style=\"grid-template-columns:15% auto\"><figure class=\"wp-block-media-text__media\"><img decoding=\"async\" width=\"258\" height=\"400\" src=\"https:\/\/d2ris6qfzcz0wn.cloudfront.net\/wp-content\/uploads\/sites\/18\/2026\/04\/Lindstrom_illustration_numbers_4_V01.jpg\" alt=\"\" class=\"wp-image-20255 size-full\" srcset=\"https:\/\/d2ris6qfzcz0wn.cloudfront.net\/wp-content\/uploads\/sites\/18\/2026\/04\/Lindstrom_illustration_numbers_4_V01.jpg 258w, https:\/\/d2ris6qfzcz0wn.cloudfront.net\/wp-content\/uploads\/sites\/18\/2026\/04\/Lindstrom_illustration_numbers_4_V01-194x300.jpg 194w\" sizes=\"(max-width: 258px) 100vw, 258px\" \/><\/figure><div class=\"wp-block-media-text__content\">\n<p>\u010cetvrto, <strong>podi\u017ee nivo profesionalnosti<\/strong> u o\u010dima zaposlenih, ali i klijenata\/kupaca, posetilaca i partnera koji svakodnevno vi\u0111aju va\u0161e zaposlene na terenu.<\/p>\n<\/div><\/div>\n\n\n\n<p><\/p>\n\n\n\n<figure class=\"wp-block-image size-large\"><img decoding=\"async\" width=\"1024\" height=\"683\" src=\"https:\/\/d2ris6qfzcz0wn.cloudfront.net\/wp-content\/uploads\/sites\/18\/2026\/04\/Lindstrom-Katriinan-sairaala-Still4-1024x683.jpg\" alt=\"\" class=\"wp-image-20254\" srcset=\"https:\/\/d2ris6qfzcz0wn.cloudfront.net\/wp-content\/uploads\/sites\/18\/2026\/04\/Lindstrom-Katriinan-sairaala-Still4-1024x683.jpg 1024w, https:\/\/d2ris6qfzcz0wn.cloudfront.net\/wp-content\/uploads\/sites\/18\/2026\/04\/Lindstrom-Katriinan-sairaala-Still4-300x200.jpg 300w, https:\/\/d2ris6qfzcz0wn.cloudfront.net\/wp-content\/uploads\/sites\/18\/2026\/04\/Lindstrom-Katriinan-sairaala-Still4-768x512.jpg 768w, https:\/\/d2ris6qfzcz0wn.cloudfront.net\/wp-content\/uploads\/sites\/18\/2026\/04\/Lindstrom-Katriinan-sairaala-Still4.jpg 1500w\" sizes=\"(max-width: 1024px) 100vw, 1024px\" \/><\/figure>\n\n\n\n<h2 class=\"wp-block-heading\">Fleksibilnost je va\u017enija nego \u0161to deluje, posebno kada kompanija raste<\/h2>\n\n\n\n<p>Mnogi sistemi dobro rade dok je preduze\u0107e malo. Problemi kre\u0107u kada po\u010dne rast.<\/p>\n\n\n\n<p>Tada se vi\u0161e ne radi o samo nekoliko zaposlenih \u010dije potrebe svi znaju napamet. U igru ulaze i dodatne smene, vi\u0161e veli\u010dina, sezonska radna snaga, promena pozicija, ve\u0107i broj lokacija, vi\u0161e ta\u010daka isporuke i mnogo vi\u0161e prostora za gre\u0161ku.<\/p>\n\n\n\n<p>Upravo u tom trenutku kupovina radne ode\u0107e \u010desto po\u010dinje da pokazuje svoja ograni\u010denja. Ne\u0161to \u0161to se ranije re\u0161avalo po principu &#8222;sna\u0107i \u0107emo se&#8220; postaje ozbiljan operativni problem.<\/p>\n\n\n\n<p>Poseban izazov predstavljaju sezonski &#8222;\u0161picevi&#8220; i naglo <strong><a href=\"https:\/\/lindstromgroup.com\/rs\/clanci\/sezonsko-zaposljavanje-uz-manje-briga-fleksibilno-upravljanje-radnom-odecom\/\" target=\"_blank\" rel=\"noreferrer noopener\">zapo\u0161ljavanje ve\u0107eg broja &#8222;sezonaca&#8220;<\/a><\/strong> na ograni\u010den period. U takvim situacijama fleksibilnost modela postaje presudna. Lindstr\u00f6m kao re\u0161enje nudi <a href=\"https:\/\/lindstromgroup.com\/rs\/kompanijske-vesti\/novi-workwear-flex-model-upravljanje-radnom-odecom-bez-problema\/\" target=\"_blank\" rel=\"noreferrer noopener\">Workwear Flex<\/a> &#8211; uslugu prilagodljivu sezonskim promenama i oscilacijama, kao i online platformu za jednostavna pode\u0161avanja ove usluge.<\/p>\n\n\n\n<p>To zna\u010di da pitanje kupovine ili iznajmljivanja radne ode\u0107e postaje jo\u0161 va\u017enije ba\u0161 onda kada biznis raste. Tada nije dobro tra\u017eiti najni\u017eu cenu po komadu, ve\u0107 <strong>model koji ne\u0107e ko\u010diti razvoj poslovanja<\/strong>.<\/p>\n\n\n\n<h2 class=\"wp-block-heading\">Tehnologija kao podr\u0161ka, a ne kao nadzor<\/h2>\n\n\n\n<p>Kada se u pri\u010di o radnoj ode\u0107i pomenu portal, digitalno upravljanje i RFID tagove, prvi utisak kod nekih ljudi mo\u017ee biti nelagoda. Da li se time prate zaposleni? Da li to vodi ka nepotrebnom nadzoru?<\/p>\n\n\n\n<p>Va\u017eno je razdvojiti dve stvari.<\/p>\n\n\n\n<p><a href=\"https:\/\/lindstromgroup.com\/rs\/clanci\/pojednostavite-radnu-odecu-pomocu-digitalno-podrzanog-resenja\/\" target=\"_blank\" rel=\"noreferrer noopener\">RFID u ovom kontekstu slu\u017ei pra\u0107enju tekstila<\/a>, odnosno pojedina\u010dnih komada ode\u0107e u procesu odr\u017eavanja i evidencije, a ne pra\u0107enju kretanja zaposlenih po pogonu. \u010cita\u010di funkcioni\u0161u u okviru procesa servisiranja tekstila, sa ciljem da se zna gde je odre\u0111eni komad, koliko je puta opran i kada mu se pribli\u017eava kraj upotrebnog veka.<\/p>\n\n\n\n<p>Kada se tehnologija koristi na pravi na\u010din, njena vrednost je veoma prakti\u010dna: manje gubljenja ode\u0107e, bolja kontrola inventara, ta\u010dnije planiranje zamena i pouzdaniji trag o tome \u0161ta je pro\u0161lo kroz proces odr\u017eavanja. To je posebno va\u017eno u industrijama u kojima higijena i sledljivost nisu administrativni luksuz, ve\u0107 operativni standard.<\/p>\n\n\n\n<p>Pra\u0107enje svega navedenog i kreiranje korisnih izve\u0161taja omogu\u0107ava <a href=\"https:\/\/lindstromgroup.com\/rs\/clanci\/elindstrom-transparentnost-i-kontrola-vama-na-dohvat-ruke\/\" target=\"_blank\" rel=\"noreferrer noopener\">Lindstr\u00f6mov portal: eLindstr\u00f6m<\/a>. <\/p>\n\n\n\n<figure class=\"wp-block-image size-large\"><img decoding=\"async\" width=\"1024\" height=\"768\" src=\"https:\/\/d2ris6qfzcz0wn.cloudfront.net\/wp-content\/uploads\/sites\/18\/2026\/03\/SS-9090-with-Flex-UI-2-1536x1152.jpg-1024x768.webp\" alt=\"\" class=\"wp-image-20184\" srcset=\"https:\/\/d2ris6qfzcz0wn.cloudfront.net\/wp-content\/uploads\/sites\/18\/2026\/03\/SS-9090-with-Flex-UI-2-1536x1152.jpg-1024x768.webp 1024w, https:\/\/d2ris6qfzcz0wn.cloudfront.net\/wp-content\/uploads\/sites\/18\/2026\/03\/SS-9090-with-Flex-UI-2-1536x1152.jpg-300x225.webp 300w, https:\/\/d2ris6qfzcz0wn.cloudfront.net\/wp-content\/uploads\/sites\/18\/2026\/03\/SS-9090-with-Flex-UI-2-1536x1152.jpg-768x576.webp 768w, https:\/\/d2ris6qfzcz0wn.cloudfront.net\/wp-content\/uploads\/sites\/18\/2026\/03\/SS-9090-with-Flex-UI-2-1536x1152.jpg.webp 1536w\" sizes=\"(max-width: 1024px) 100vw, 1024px\" \/><\/figure>\n\n\n\n<h2 class=\"wp-block-heading\">Odr\u017eivost vi\u0161e nije sporedna tema ni kod radne ode\u0107e<\/h2>\n\n\n\n<p>Radna ode\u0107a se dugo tretirala kao i ve\u0107ina sredstava za rad, linearno: kupi, koristi, potro\u0161i, baci. Danas takav model sve te\u017ee prolazi, ne samo finansijski, nego i reputaciono.<\/p>\n\n\n\n<p>Kompanije sve vi\u0161e paze na to koliko resursa tro\u0161e, koliko otpada stvaraju i <a href=\"https:\/\/lindstromgroup.com\/rs\/kompanijske-vesti\/iza-kulisa-naseg-procesa-revizije-dobavljaca\/\" target=\"_blank\" rel=\"noreferrer noopener\">koliko njihovi dobavlja\u010di mogu da doprinesu odr\u017eivijem poslovanju<\/a>. U tom kontekstu, na\u010din upravljanja radnom ode\u0107om postaje mnogo zna\u010dajniji nego ranije.<\/p>\n\n\n\n<p>Lindstr\u00f6mov cirkularni model smanjuje prekomernu proizvodnju tekstila tako \u0161to produ\u017eava vek trajanja ode\u0107e kroz popravke i ponovnu upotrebu, a <a href=\"https:\/\/lindstromgroup.com\/rs\/clanci\/prodem-model-proizvodnje-brzo-fleksibilno-i-100-posto-obnovljivo\/\" target=\"_blank\" rel=\"noreferrer noopener\">nova se proizvodi samo po potrebi<\/a>. Neke klju\u010dne rezultate iz 2025. videli ste iznad, a mo\u017eete pogledati i ceo Izve\u0161taj o odr\u017eivosti ili bro\u0161uru (skra\u0107enu verziju)<\/p>\n\n\n\n<p>Za klijente to zna\u010di nekoliko va\u017enih stvari:<\/p>\n\n\n\n<ul class=\"wp-block-list\">\n<li>Ne gomilaju se nepotrebne zalihe.<\/li>\n\n\n\n<li>Produ\u017eava se \u017eivotni vek ode\u0107e.<\/li>\n\n\n\n<li>Smanjuje se koli\u010dina otpada.<\/li>\n\n\n\n<li>Lak\u0161e je povezati svakodnevne operativne odluke sa \u0161irim <a href=\"https:\/\/lindstromgroup.com\/rs\/clanci\/veca-transparentnost-podataka-o-emisijama-na-nasem-onlajn-portalu\/\" target=\"_blank\" rel=\"noreferrer noopener\">ESG i odr\u017eivim ciljevima<\/a>.<\/li>\n<\/ul>\n\n\n\n<p>Drugim re\u010dima, dobro re\u0161eno upravljanje radnom ode\u0107om mo\u017ee istovremeno da bude racionalnije za poslovanje i odgovornije prema resursima.<\/p>\n\n\n\n<h2 class=\"wp-block-heading\">Za\u0161to ovo nije \u201emalo operativno pitanje\u201c, ve\u0107 pitanje poslovnog fokusa<\/h2>\n\n\n\n<p>Postoji jednostavan test koji poma\u017ee da se ova tema sagleda trezvenije. Treba se zapitati: <\/p>\n\n\n\n<p class=\"has-white-color has-red-background-color has-text-color has-background has-link-color wp-elements-5a3cd80fbbc72c9d282488e3bf0e3b4a\"><strong>Da li je cilj ove kompanije da se bavi svojom proizvodnjom\/uslugom i rastom, ili da razvija internu ekspertizu za tekstil, pranje, skladi\u0161tenje, zamene i logistiku radne ode\u0107e?<\/strong><\/p>\n\n\n\n<p>Ako je preduze\u0107e vrhunsko u svojoj oblasti, njegov fokus bi trebalo i da ostane na toj oblasti. Kada previ\u0161e interne energije odlazi na sporedne, repetitivne operativne zadatke, tro\u0161i se tamo gde ne donosi najve\u0107u vrednost.<\/p>\n\n\n\n<p>Upravo zato se model kompletne usluge upravljanja radnom ode\u0107om sve \u010de\u0161\u0107e posmatra kao strate\u0161ki, a ne samo kao prakti\u010dan izbor. On kompaniji ne prodaje jaknu ili mantil. On joj vra\u0107a fokus.<\/p>\n\n\n\n<p>To je mo\u017eda i najva\u017enija razlika u dilemi: <strong>kupovina ili iznajmljivanje radne ode\u0107e<\/strong>. Kupovina deluje kao jednokratna odluka.znajmljivanje, kada je deo sveobuhvatne usluge, re\u0161ava ceo proces.<\/p>\n\n\n\n<figure class=\"wp-block-image alignfull size-full\"><img decoding=\"async\" width=\"768\" height=\"565\" src=\"https:\/\/d2ris6qfzcz0wn.cloudfront.net\/wp-content\/uploads\/sites\/18\/2025\/08\/Vo-vyrobe-768x565-1.webp\" alt=\"\" class=\"wp-image-19270\" srcset=\"https:\/\/d2ris6qfzcz0wn.cloudfront.net\/wp-content\/uploads\/sites\/18\/2025\/08\/Vo-vyrobe-768x565-1.webp 768w, https:\/\/d2ris6qfzcz0wn.cloudfront.net\/wp-content\/uploads\/sites\/18\/2025\/08\/Vo-vyrobe-768x565-1-300x221.webp 300w\" sizes=\"(max-width: 768px) 100vw, 768px\" \/><\/figure>\n\n\n\n<h2 class=\"wp-block-heading\">Gde je u svemu tome Lindstr\u00f6m?<\/h2>\n\n\n\n<p>Tek kada se sagleda \u0161ira slika, postaje jasno za\u0161to se Lindstr\u00f6mov model ne svodi samo na &#8222;iznajmljivanje uniformi&#8220;.<\/p>\n\n\n\n<p>Lindstr\u00f6m ovu oblast postavlja kao kompletnu uslugu upravljanja radnim uniformama: od obezbe\u0111ivanja odgovaraju\u0107ih komada ode\u0107e, preko profesionalnog pranja i odr\u017eavanja, do popravki, zamena, digitalnog pra\u0107enja i recikla\u017ee na kraju \u017eivotnog ciklusa tekstila. Transparentnost, prilagodljivost sezonskim promenama, podr\u0161ka korisni\u010dkog servisa i uskla\u0111enost sa relevantnim standardima za higijenu i bezbednost su podrazumevani segmenti usluge.<\/p>\n\n\n\n<p>Va\u017eno je i to \u0161to se ovakav model uklapa u realne potrebe savremenih kompanija da imaju manje skrivenih tro\u0161kova, otpada i administrativnog optere\u0107enja. Uz to, dobijaju sigurnost da \u0107e njihovi zaposleni u svakom trenutku imati ono \u0161to im je potrebno za rad.<\/p>\n\n\n\n<p>Zato Lindstr\u00f6m nije &#8222;samo jo\u0161 jedan dobavlja\u010d ode\u0107e&#8220;, ve\u0107 partner koji poma\u017ee da tema radne ode\u0107e prestane da bude izvor improvizacije.<\/p>\n\n\n\n<figure class=\"wp-block-image size-large\"><img decoding=\"async\" width=\"1024\" height=\"382\" src=\"https:\/\/d2ris6qfzcz0wn.cloudfront.net\/wp-content\/uploads\/sites\/18\/2025\/10\/WWS-kombinovano-1024x382.jpg\" alt=\"\" class=\"wp-image-19645\" srcset=\"https:\/\/d2ris6qfzcz0wn.cloudfront.net\/wp-content\/uploads\/sites\/18\/2025\/10\/WWS-kombinovano-1024x382.jpg 1024w, https:\/\/d2ris6qfzcz0wn.cloudfront.net\/wp-content\/uploads\/sites\/18\/2025\/10\/WWS-kombinovano-300x112.jpg 300w, https:\/\/d2ris6qfzcz0wn.cloudfront.net\/wp-content\/uploads\/sites\/18\/2025\/10\/WWS-kombinovano-768x287.jpg 768w, https:\/\/d2ris6qfzcz0wn.cloudfront.net\/wp-content\/uploads\/sites\/18\/2025\/10\/WWS-kombinovano-1536x573.jpg 1536w, https:\/\/d2ris6qfzcz0wn.cloudfront.net\/wp-content\/uploads\/sites\/18\/2025\/10\/WWS-kombinovano.jpg 1993w\" sizes=\"(max-width: 1024px) 100vw, 1024px\" \/><\/figure>\n\n\n\n<h2 class=\"wp-block-heading\">Zaklju\u010dak: pravo pitanje nije \u0161ta je jeftinije po komadu, ve\u0107 \u0161ta je pametnije re\u0161enje za ceo sistem<\/h2>\n\n\n\n<p>Kada se vodi rasprava o tome da li je bolja kupovina ili <a href=\"https:\/\/bif.rs\/2025\/10\/zasto-preduzeca-unajmljuju-radnu-odecu\/\" target=\"_blank\" rel=\"noreferrer noopener\">iznajmljivanje radne ode\u0107e<\/a>, lako je zadr\u017eati se na povr\u0161ini. Cena po komadu jeste va\u017ena, ali ona ne govori dovoljno.<\/p>\n\n\n\n<p>Mnogo vi\u0161e govore <strong>pitanja koja se pojavljuju posle inicijalne kupovine<\/strong>:<\/p>\n\n\n\n<ul class=\"wp-block-list\">\n<li>Ko vodi evidenciju?<\/li>\n\n\n\n<li>Ko tra\u017ei nove dobavlja\u010de?<\/li>\n\n\n\n<li>Ko organizuje zamene i re\u0161ava manjkove?<\/li>\n\n\n\n<li>Ko brine o pranju i po\u0161tovanju standarda?<\/li>\n\n\n\n<li>Ko proverava da li ode\u0107a i dalje ispunjava svoju funkciju?<\/li>\n\n\n\n<li>I ko snosi posledice kada ceo proces po\u010dne da &#8222;\u0161kripi&#8220;?<\/li>\n<\/ul>\n\n\n\n<p class=\"has-white-color has-red-background-color has-text-color has-background has-link-color wp-elements-1c21843bbde8de0a21a78b886744f987\">Zato je za mnoga preduze\u0107a pravo pitanje zapravo slede\u0107e: <br><strong>Da li \u017eele da poseduju tekstil ili da imaju pouzdan sistem u kome zaposleni uvek imaju \u010distu, bezbednu i odgovaraju\u0107u radnu ode\u0107u, bez dodatnog internog optere\u0107enja?<\/strong><\/p>\n\n\n\n<p>Kada se stvari tako postave, do odgovora se dolazi lak\u0161e jer i izbori postaju mnogo jasniji.<\/p>\n\n\n\n<hr class=\"wp-block-separator has-alpha-channel-opacity\"\/>\n\n\n\n<h2 class=\"wp-block-heading\">Kako da proverite da li je upravljanje radnom ode\u0107om problem i za va\u0161e preduze\u0107e?<\/h2>\n\n\n\n<div class=\"wp-block-media-text is-stacked-on-mobile\" style=\"grid-template-columns:47% auto\"><figure class=\"wp-block-media-text__media\"><img decoding=\"async\" width=\"1024\" height=\"683\" src=\"https:\/\/d2ris6qfzcz0wn.cloudfront.net\/wp-content\/uploads\/sites\/18\/2026\/04\/20231108_Lindstrom_1005-1024x683.jpg\" alt=\"\" class=\"wp-image-20256 size-full\" srcset=\"https:\/\/d2ris6qfzcz0wn.cloudfront.net\/wp-content\/uploads\/sites\/18\/2026\/04\/20231108_Lindstrom_1005-1024x683.jpg 1024w, https:\/\/d2ris6qfzcz0wn.cloudfront.net\/wp-content\/uploads\/sites\/18\/2026\/04\/20231108_Lindstrom_1005-300x200.jpg 300w, https:\/\/d2ris6qfzcz0wn.cloudfront.net\/wp-content\/uploads\/sites\/18\/2026\/04\/20231108_Lindstrom_1005-768x512.jpg 768w, https:\/\/d2ris6qfzcz0wn.cloudfront.net\/wp-content\/uploads\/sites\/18\/2026\/04\/20231108_Lindstrom_1005.jpg 1500w\" sizes=\"(max-width: 1024px) 100vw, 1024px\" \/><\/figure><div class=\"wp-block-media-text__content\">\n<p>Ukoliko jo\u0161 uvek niste na\u010disto sa tim da imate neke (ili sve) navedene skrivene tro\u0161kove i organizacione probleme, predla\u017eemo <a href=\"https:\/\/lindstromgroup.com\/rs\/clanci\/izbor-pravog-resenja-za-upravljanje-radnom-odecom\/#kviz\" target=\"_blank\" rel=\"noreferrer noopener\">da pro\u0111ete kroz ovaj kratki kviz<\/a>. On \u0107e vam pomo\u0107i da shvatite da li je efikasnije da sami upravljate radnom ode\u0107om, ili da taj posao prepustite pouzdanom partneru.<\/p>\n<\/div><\/div>\n\n\n\n<div class=\"wp-block-media-text has-media-on-the-right is-stacked-on-mobile\" style=\"grid-template-columns:auto 51%\"><div class=\"wp-block-media-text__content\">\n<p>Ako i kod vas radna ode\u0107a tro\u0161i vi\u0161e vremena, novca i pa\u017enje nego \u0161to bi trebalo, <a href=\"https:\/\/group.lindstromgroup.com\/vodic-kroz-resenja-za-upravljanje-radnom-odecom\" target=\"_blank\" rel=\"noreferrer noopener\">preuzmite Lindstr\u00f6mov besplatni eVodi\u010d<\/a> i pogledajte kako kompletna usluga upravljanja radnom ode\u0107om mo\u017ee da rastereti poslovanje.<\/p>\n\n\n\n<p><\/p>\n\n\n\n<p>Uvek nam se mo\u017eete obratiti i radi <a href=\"https:\/\/lindstromgroup.com\/rs\/besplatne-konsultacije-po-pitanju-vaseg-resenja-radnih-uniformi\/\" target=\"_blank\" rel=\"noreferrer noopener\">besplatnih konsultacija<\/a> po pitanju va\u0161eg trenutnog i\/ili \u017eeljenog budu\u0107eg re\u0161enja upravljanja radnim uniformama.<\/p>\n<\/div><figure class=\"wp-block-media-text__media\"><img decoding=\"async\" width=\"1024\" height=\"576\" src=\"https:\/\/d2ris6qfzcz0wn.cloudfront.net\/wp-content\/uploads\/sites\/18\/2025\/10\/RS_eVodic-Izbor-pravog-resenja-za-upravljanje-radnom-odecom-Cover-1024x576.jpg\" alt=\"\" class=\"wp-image-19375 size-full\" srcset=\"https:\/\/d2ris6qfzcz0wn.cloudfront.net\/wp-content\/uploads\/sites\/18\/2025\/10\/RS_eVodic-Izbor-pravog-resenja-za-upravljanje-radnom-odecom-Cover-1024x576.jpg 1024w, https:\/\/d2ris6qfzcz0wn.cloudfront.net\/wp-content\/uploads\/sites\/18\/2025\/10\/RS_eVodic-Izbor-pravog-resenja-za-upravljanje-radnom-odecom-Cover-300x169.jpg 300w, https:\/\/d2ris6qfzcz0wn.cloudfront.net\/wp-content\/uploads\/sites\/18\/2025\/10\/RS_eVodic-Izbor-pravog-resenja-za-upravljanje-radnom-odecom-Cover-768x432.jpg 768w, https:\/\/d2ris6qfzcz0wn.cloudfront.net\/wp-content\/uploads\/sites\/18\/2025\/10\/RS_eVodic-Izbor-pravog-resenja-za-upravljanje-radnom-odecom-Cover-1536x864.jpg 1536w, https:\/\/d2ris6qfzcz0wn.cloudfront.net\/wp-content\/uploads\/sites\/18\/2025\/10\/RS_eVodic-Izbor-pravog-resenja-za-upravljanje-radnom-odecom-Cover.jpg 1920w\" sizes=\"(max-width: 1024px) 100vw, 1024px\" \/><\/figure><\/div>\n\n\n\n<h2 class=\"wp-block-heading\">Mo\u017eda \u0107e vas zanimati i ovo:<\/h2>\n\n\n\n<style>\n    @media only screen and (max-width: 1200px) {\n        #block_2801a284d1d73be82384d8eb6a4e639a .blogposts__container {\n            grid-template-columns: repeat(4, 1fr);\n        }\n    }\n<\/style>\n\n            <div \n            id=\"block_2801a284d1d73be82384d8eb6a4e639a\" \n            class=\"blogposts blogposts--block_2801a284d1d73be82384d8eb6a4e639a \"\n        >\n            <div class=\"blogposts\">\n                <div class=\"blogposts__container post-row\">\n                    \n        <div class='post-card relative' data-index='19592'>\n            <img\n                class='post-card__image' \n                src='https:\/\/d2ris6qfzcz0wn.cloudfront.net\/wp-content\/uploads\/sites\/18\/2025\/10\/action-adult-auto-401800-682x1024.jpg' \n                alt='10 najva\u017enijih kriterijuma pri izboru radne ode\u0107e' \n            \/>\n            <div class='post-card__content'>\n                <div class='post-card__categories z-20'>\n            <a\n                class='post-card__category'\n                href='https:\/\/lindstromgroup.com\/rs\/category\/clanci\/'\n            >\n                \u010clanci\n            <\/a><\/div>\n                <div class='post-card__title'>\n                    10 najva\u017enijih kriterijuma pri izboru radne ode\u0107e\n                <\/div>\n                <p class='post-card__excerpt'>\n                    Kako izabrati radnu ode\u0107u: bezbednost, higijena, vidljivost, izdr\u017eljivost i udobnost. Saznajte i za\u0161to je najam prakti\u010dniji i isplativiji.\n                <\/p>\n                <div class='post-card__tags z-20'>\n            <a\n                class='post-card__tag'\n                href='https:\/\/lindstromgroup.com\/rs\/tag\/bezbednost\/'\n                style='border: 1px solid ; color: ;'\n            >\n                #bezbednost\n            <\/a>\n            <a\n                class='post-card__tag'\n                href='https:\/\/lindstromgroup.com\/rs\/tag\/iznajmljivanje-umesto-kupovine\/'\n                style='border: 1px solid ; color: ;'\n            >\n                #iznajmljivanje umesto kupovine\n            <\/a>\n            <a\n                class='post-card__tag'\n                href='https:\/\/lindstromgroup.com\/rs\/tag\/radna-odela\/'\n                style='border: 1px solid ; color: ;'\n            >\n                #radna odela\n            <\/a>\n            <a\n                class='post-card__tag'\n                href='https:\/\/lindstromgroup.com\/rs\/tag\/zdravlje-i-bezbednost-na-radu\/'\n                style='border: 1px solid ; color: ;'\n            >\n                #zdravlje i bezbednost na radu\n            <\/a><\/div>\n            <\/div>\n            <a href='\/rs\/clanci\/10-najvaznijih-kriterijuma-pri-izboru-radne-odece\/' class='absolute inset-0 w-full h-full z-10'><\/a>\n        <\/div>\n    \n        <div class='post-card relative' data-index='18895'>\n            <img\n                class='post-card__image' \n                src='https:\/\/d2ris6qfzcz0wn.cloudfront.net\/wp-content\/uploads\/sites\/18\/2024\/05\/Lindstrom-Katriinan-sairaala-Still5-1024x683.jpg' \n                alt='Radna ode\u0107a: skriveni tro\u0161ak i posao koji ne \u017eelite na svojoj listi zadataka' \n            \/>\n            <div class='post-card__content'>\n                <div class='post-card__categories z-20'>\n            <a\n                class='post-card__category'\n                href='https:\/\/lindstromgroup.com\/rs\/category\/clanci\/'\n            >\n                \u010clanci\n            <\/a><\/div>\n                <div class='post-card__title'>\n                    Radna ode\u0107a: skriveni tro\u0161ak i posao koji ne \u017eelite na svojoj listi zadataka\n                <\/div>\n                <p class='post-card__excerpt'>\n                    Neke obaveze u firmama, kao npr. upravljanje radnom ode\u0107om \u010desto prolaze nezapa\u017eeno. Sve dok ne postanu izvor frustracije i visokih tro\u0161kova.\n                <\/p>\n                <div class='post-card__tags z-20'>\n            <a\n                class='post-card__tag'\n                href='https:\/\/lindstromgroup.com\/rs\/tag\/bezbednost\/'\n                style='border: 1px solid ; color: ;'\n            >\n                #bezbednost\n            <\/a>\n            <a\n                class='post-card__tag'\n                href='https:\/\/lindstromgroup.com\/rs\/tag\/efikasnost\/'\n                style='border: 1px solid ; color: ;'\n            >\n                #efikasnost\n            <\/a>\n            <a\n                class='post-card__tag'\n                href='https:\/\/lindstromgroup.com\/rs\/tag\/higijena\/'\n                style='border: 1px solid ; color: ;'\n            >\n                #higijena\n            <\/a>\n            <a\n                class='post-card__tag'\n                href='https:\/\/lindstromgroup.com\/rs\/tag\/korisnicko-iskustvo\/'\n                style='border: 1px solid ; color: ;'\n            >\n                #korisni\u010dko iskustvo\n            <\/a>\n            <a\n                class='post-card__tag'\n                href='https:\/\/lindstromgroup.com\/rs\/tag\/radna-odela\/'\n                style='border: 1px solid ; color: ;'\n            >\n                #radna odela\n            <\/a><\/div>\n            <\/div>\n            <a href='\/rs\/clanci\/radna-odeca-skriveni-trosak-i-posao-koji-ne-zelite\/' class='absolute inset-0 w-full h-full z-10'><\/a>\n        <\/div>\n    \n        <div class='post-card relative' data-index='17322'>\n            <img\n                class='post-card__image' \n                src='https:\/\/d2ris6qfzcz0wn.cloudfront.net\/wp-content\/uploads\/sites\/18\/2024\/08\/Lindstrom-isporuka-1024x340.jpg' \n                alt='Izbor pravog re\u0161enja za upravljanje radnom ode\u0107om' \n            \/>\n            <div class='post-card__content'>\n                <div class='post-card__categories z-20'>\n            <a\n                class='post-card__category'\n                href='https:\/\/lindstromgroup.com\/rs\/category\/clanci\/'\n            >\n                \u010clanci\n            <\/a><\/div>\n                <div class='post-card__title'>\n                    Izbor pravog re\u0161enja za upravljanje radnom ode\u0107om\n                <\/div>\n                <p class='post-card__excerpt'>\n                    Kada odlu\u010dujete o pravom re\u0161enju za upravljanje radnom odec\u0301om za va\u0161u organizaciju, pred vama su tri puta. Treba da razmislite o nekoliko klju\u010dnih faktora kako biste obezbedili efikasnost, isplativost i uskla\u0111enost sa ciljevima va\u0161e kompanije. Ovaj tekst \u0107e vam pomo\u0107i u tome.\n                <\/p>\n                <div class='post-card__tags z-20'>\n            <a\n                class='post-card__tag'\n                href='https:\/\/lindstromgroup.com\/rs\/tag\/radna-odela\/'\n                style='border: 1px solid ; color: ;'\n            >\n                #radna odela\n            <\/a><\/div>\n            <\/div>\n            <a href='\/rs\/clanci\/izbor-pravog-resenja-za-upravljanje-radnom-odecom\/' class='absolute inset-0 w-full h-full z-10'><\/a>\n        <\/div>\n                    <\/div>\n                <div class=\"post-row-mobile-carousel\"><\/div>\n            <\/div>\n        <\/div>\n    ","protected":false},"excerpt":{"rendered":"<p>Kada se otvori tema: kupovina ili iznajmljivanje radne ode\u0107e, u ve\u0107ini kompanija prvo razmatraju cenu po komadu. Me\u0111utim, stvarni tro\u0161ak krije se mnogo dublje: u zalihama, pranju, o\u0161te\u0107enjima, zameni, administraciji i vremenu koje zaposleni tro\u0161e na sporedne zadatke. U ovom tekstu analiziramo \u0161ta je zaista isplativije za preduze\u0107a i za\u0161to se radna ode\u0107a sve \u010de\u0161\u0107e posmatra kao deo \u0161ireg operativnog sistema, a ne kao obi\u010dna nabavka.<\/p>\n","protected":false},"author":83,"featured_media":0,"comment_status":"closed","ping_status":"open","sticky":false,"template":"","format":"standard","meta":{"_acf_changed":true,"inline_featured_image":false,"_eb_attr":"","site-sidebar-layout":"default","site-content-layout":"","ast-site-content-layout":"default","site-content-style":"default","site-sidebar-style":"default","ast-global-header-display":"","ast-banner-title-visibility":"","ast-main-header-display":"","ast-hfb-above-header-display":"","ast-hfb-below-header-display":"","ast-hfb-mobile-header-display":"","site-post-title":"","ast-breadcrumbs-content":"","ast-featured-img":"","footer-sml-layout":"","ast-disable-related-posts":"","theme-transparent-header-meta":"","adv-header-id-meta":"","stick-header-meta":"","header-above-stick-meta":"","header-main-stick-meta":"","header-below-stick-meta":"","astra-migrate-meta-layouts":"set","ast-page-background-enabled":"default","ast-page-background-meta":{"desktop":{"background-color":"var(--ast-global-color-4)","background-image":"","background-repeat":"repeat","background-position":"center center","background-size":"auto","background-attachment":"scroll","background-type":"","background-media":"","overlay-type":"","overlay-color":"","overlay-opacity":"","overlay-gradient":""},"tablet":{"background-color":"","background-image":"","background-repeat":"repeat","background-position":"center center","background-size":"auto","background-attachment":"scroll","background-type":"","background-media":"","overlay-type":"","overlay-color":"","overlay-opacity":"","overlay-gradient":""},"mobile":{"background-color":"","background-image":"","background-repeat":"repeat","background-position":"center center","background-size":"auto","background-attachment":"scroll","background-type":"","background-media":"","overlay-type":"","overlay-color":"","overlay-opacity":"","overlay-gradient":""}},"ast-content-background-meta":{"desktop":{"background-color":"var(--ast-global-color-5)","background-image":"","background-repeat":"repeat","background-position":"center center","background-size":"auto","background-attachment":"scroll","background-type":"","background-media":"","overlay-type":"","overlay-color":"","overlay-opacity":"","overlay-gradient":""},"tablet":{"background-color":"var(--ast-global-color-5)","background-image":"","background-repeat":"repeat","background-position":"center center","background-size":"auto","background-attachment":"scroll","background-type":"","background-media":"","overlay-type":"","overlay-color":"","overlay-opacity":"","overlay-gradient":""},"mobile":{"background-color":"var(--ast-global-color-5)","background-image":"","background-repeat":"repeat","background-position":"center center","background-size":"auto","background-attachment":"scroll","background-type":"","background-media":"","overlay-type":"","overlay-color":"","overlay-opacity":"","overlay-gradient":""}},"footnotes":""},"categories":[100],"tags":[81,58,46],"coauthors":[112],"class_list":["post-20236","post","type-post","status-publish","format-standard","hentry","category-clanci","tag-iznajmljivanje-umesto-kupovine","tag-odrzivost","tag-radna-odela"],"acf":[],"yoast_head":"<!-- This site is optimized with the Yoast SEO plugin v27.2 - https:\/\/yoast.com\/product\/yoast-seo-wordpress\/ -->\n<title>Kupovina ili iznajmljivanje radne ode\u0107e: \u0161ta kompaniju zaista ko\u0161ta manje? - Lindstr\u00f6m Serbia<\/title>\n<meta name=\"description\" content=\"Kupovina ili iznajmljivanje radne ode\u0107e? To nije samo pitanje cene. Saznajte koliko zaista ko\u0161taju zalihe, pranje, zamene i skriveni gubici.\" \/>\n<meta name=\"robots\" content=\"index, follow, max-snippet:-1, max-image-preview:large, max-video-preview:-1\" \/>\n<meta property=\"og:locale\" content=\"sr_RS\" \/>\n<meta property=\"og:type\" content=\"article\" \/>\n<meta property=\"og:title\" content=\"Kupovina ili iznajmljivanje radne ode\u0107e: \u0161ta kompaniju zaista ko\u0161ta manje? - Lindstr\u00f6m Serbia\" \/>\n<meta property=\"og:description\" content=\"Kupovina ili iznajmljivanje radne ode\u0107e? To nije samo pitanje cene. Saznajte koliko zaista ko\u0161taju zalihe, pranje, zamene i skriveni gubici.\" \/>\n<meta property=\"og:url\" content=\"https:\/\/lindstromgroup.com\/rs\/clanci\/kupovina-ili-iznajmljivanje-radne-odece\/\" \/>\n<meta property=\"og:site_name\" content=\"Lindstr\u00f6m Serbia\" \/>\n<meta property=\"article:published_time\" content=\"2026-04-30T15:17:46+00:00\" \/>\n<meta property=\"article:modified_time\" content=\"2026-04-30T15:17:47+00:00\" \/>\n<meta property=\"og:image\" content=\"https:\/\/lindstromgroup.com\/rs\/wp-content\/uploads\/sites\/18\/2026\/04\/ART_0836-LR-1024x683.jpg\" \/>\n<meta name=\"author\" content=\"ognjensestic\" \/>\n<meta name=\"twitter:card\" content=\"summary_large_image\" \/>\n<meta name=\"twitter:label1\" content=\"\u041d\u0430\u043f\u0438\u0441\u0430\u043d\u043e \u043e\u0434\" \/>\n\t<meta name=\"twitter:data1\" content=\"ognjensestic\" \/>\n\t<meta name=\"twitter:label2\" content=\"\u041f\u0440\u043e\u0446\u0435\u045a\u0435\u043d\u043e \u0432\u0440\u0435\u043c\u0435 \u0447\u0438\u0442\u0430\u045a\u0430\" \/>\n\t<meta name=\"twitter:data2\" content=\"19 \u043c\u0438\u043d\u0443\u0442\u0430\" \/>\n\t<meta name=\"twitter:label3\" content=\"Written by\" \/>\n\t<meta name=\"twitter:data3\" content=\"ognjensestic\" \/>\n<script type=\"application\/ld+json\" class=\"yoast-schema-graph\">{\"@context\":\"https:\/\/schema.org\",\"@graph\":[{\"@type\":\"Article\",\"@id\":\"https:\/\/lindstromgroup.com\/rs\/clanci\/kupovina-ili-iznajmljivanje-radne-odece\/#article\",\"isPartOf\":{\"@id\":\"https:\/\/lindstromgroup.com\/rs\/clanci\/kupovina-ili-iznajmljivanje-radne-odece\/\"},\"author\":{\"name\":\"ognjensestic\",\"@id\":\"https:\/\/lindstromgroup.com\/rs\/#\/schema\/person\/b283ce6c5c2822171d97b4fbe913e5ef\"},\"headline\":\"Kupovina ili iznajmljivanje radne ode\u0107e: \u0161ta kompaniju zaista ko\u0161ta manje?\",\"datePublished\":\"2026-04-30T15:17:46+00:00\",\"dateModified\":\"2026-04-30T15:17:47+00:00\",\"mainEntityOfPage\":{\"@id\":\"https:\/\/lindstromgroup.com\/rs\/clanci\/kupovina-ili-iznajmljivanje-radne-odece\/\"},\"wordCount\":2883,\"publisher\":{\"@id\":\"https:\/\/lindstromgroup.com\/rs\/#organization\"},\"image\":{\"@id\":\"https:\/\/lindstromgroup.com\/rs\/clanci\/kupovina-ili-iznajmljivanje-radne-odece\/#primaryimage\"},\"thumbnailUrl\":\"https:\/\/lindstromgroup.com\/rs\/wp-content\/uploads\/sites\/18\/2026\/04\/ART_0836-LR-1024x683.jpg\",\"keywords\":[\"#iznajmljivanje umesto kupovine\",\"#odr\u017eivost\",\"#radna odela\"],\"articleSection\":[\"\u010clanci\"],\"inLanguage\":\"sr-RS\"},{\"@type\":\"WebPage\",\"@id\":\"https:\/\/lindstromgroup.com\/rs\/clanci\/kupovina-ili-iznajmljivanje-radne-odece\/\",\"url\":\"https:\/\/lindstromgroup.com\/rs\/clanci\/kupovina-ili-iznajmljivanje-radne-odece\/\",\"name\":\"Kupovina ili iznajmljivanje radne ode\u0107e: \u0161ta kompaniju zaista ko\u0161ta manje? - Lindstr\u00f6m Serbia\",\"isPartOf\":{\"@id\":\"https:\/\/lindstromgroup.com\/rs\/#website\"},\"primaryImageOfPage\":{\"@id\":\"https:\/\/lindstromgroup.com\/rs\/clanci\/kupovina-ili-iznajmljivanje-radne-odece\/#primaryimage\"},\"image\":{\"@id\":\"https:\/\/lindstromgroup.com\/rs\/clanci\/kupovina-ili-iznajmljivanje-radne-odece\/#primaryimage\"},\"thumbnailUrl\":\"https:\/\/lindstromgroup.com\/rs\/wp-content\/uploads\/sites\/18\/2026\/04\/ART_0836-LR-1024x683.jpg\",\"datePublished\":\"2026-04-30T15:17:46+00:00\",\"dateModified\":\"2026-04-30T15:17:47+00:00\",\"description\":\"Kupovina ili iznajmljivanje radne ode\u0107e? To nije samo pitanje cene. Saznajte koliko zaista ko\u0161taju zalihe, pranje, zamene i skriveni gubici.\",\"breadcrumb\":{\"@id\":\"https:\/\/lindstromgroup.com\/rs\/clanci\/kupovina-ili-iznajmljivanje-radne-odece\/#breadcrumb\"},\"inLanguage\":\"sr-RS\",\"potentialAction\":[{\"@type\":\"ReadAction\",\"target\":[\"https:\/\/lindstromgroup.com\/rs\/clanci\/kupovina-ili-iznajmljivanje-radne-odece\/\"]}]},{\"@type\":\"ImageObject\",\"inLanguage\":\"sr-RS\",\"@id\":\"https:\/\/lindstromgroup.com\/rs\/clanci\/kupovina-ili-iznajmljivanje-radne-odece\/#primaryimage\",\"url\":\"https:\/\/d2ris6qfzcz0wn.cloudfront.net\/wp-content\/uploads\/sites\/18\/2026\/04\/ART_0836-LR.jpg\",\"contentUrl\":\"https:\/\/d2ris6qfzcz0wn.cloudfront.net\/wp-content\/uploads\/sites\/18\/2026\/04\/ART_0836-LR.jpg\",\"width\":1500,\"height\":1000},{\"@type\":\"BreadcrumbList\",\"@id\":\"https:\/\/lindstromgroup.com\/rs\/clanci\/kupovina-ili-iznajmljivanje-radne-odece\/#breadcrumb\",\"itemListElement\":[{\"@type\":\"ListItem\",\"position\":1,\"name\":\"Home\",\"item\":\"https:\/\/lindstromgroup.com\/rs\/\"},{\"@type\":\"ListItem\",\"position\":2,\"name\":\"\u010clanci\",\"item\":\"https:\/\/lindstromgroup.com\/rs\/category\/clanci\/\"},{\"@type\":\"ListItem\",\"position\":3,\"name\":\"Kupovina ili iznajmljivanje radne ode\u0107e: \u0161ta kompaniju zaista ko\u0161ta manje?\"}]},{\"@type\":\"WebSite\",\"@id\":\"https:\/\/lindstromgroup.com\/rs\/#website\",\"url\":\"https:\/\/lindstromgroup.com\/rs\/\",\"name\":\"Lindstr\u00f6m Serbia\",\"description\":\"\",\"publisher\":{\"@id\":\"https:\/\/lindstromgroup.com\/rs\/#organization\"},\"potentialAction\":[{\"@type\":\"SearchAction\",\"target\":{\"@type\":\"EntryPoint\",\"urlTemplate\":\"https:\/\/lindstromgroup.com\/rs\/?s={search_term_string}\"},\"query-input\":{\"@type\":\"PropertyValueSpecification\",\"valueRequired\":true,\"valueName\":\"search_term_string\"}}],\"inLanguage\":\"sr-RS\"},{\"@type\":\"Organization\",\"@id\":\"https:\/\/lindstromgroup.com\/rs\/#organization\",\"name\":\"Lindstr\u00f6m Serbia\",\"url\":\"https:\/\/lindstromgroup.com\/rs\/\",\"logo\":{\"@type\":\"ImageObject\",\"inLanguage\":\"sr-RS\",\"@id\":\"https:\/\/lindstromgroup.com\/rs\/#\/schema\/logo\/image\/\",\"url\":\"https:\/\/d2ris6qfzcz0wn.cloudfront.net\/wp-content\/uploads\/sites\/12\/2023\/10\/Logo512.png\",\"contentUrl\":\"https:\/\/d2ris6qfzcz0wn.cloudfront.net\/wp-content\/uploads\/sites\/12\/2023\/10\/Logo512.png\",\"width\":512,\"height\":109,\"caption\":\"Lindstr\u00f6m Serbia\"},\"image\":{\"@id\":\"https:\/\/lindstromgroup.com\/rs\/#\/schema\/logo\/image\/\"}},{\"@type\":\"Person\",\"@id\":\"https:\/\/lindstromgroup.com\/rs\/#\/schema\/person\/b283ce6c5c2822171d97b4fbe913e5ef\",\"name\":\"ognjensestic\",\"image\":{\"@type\":\"ImageObject\",\"inLanguage\":\"sr-RS\",\"@id\":\"https:\/\/secure.gravatar.com\/avatar\/b91252db56dc73cc476c026ba85a3b0c2c076165365dff2c91f135edc5ba7a64?s=96&d=mm&r=gf80b947ddf291e0b57a12ae39768813e\",\"url\":\"https:\/\/secure.gravatar.com\/avatar\/b91252db56dc73cc476c026ba85a3b0c2c076165365dff2c91f135edc5ba7a64?s=96&d=mm&r=g\",\"contentUrl\":\"https:\/\/secure.gravatar.com\/avatar\/b91252db56dc73cc476c026ba85a3b0c2c076165365dff2c91f135edc5ba7a64?s=96&d=mm&r=g\",\"caption\":\"ognjensestic\"}}]}<\/script>\n<!-- \/ Yoast SEO plugin. -->","yoast_head_json":{"title":"Kupovina ili iznajmljivanje radne ode\u0107e: \u0161ta kompaniju zaista ko\u0161ta manje? - Lindstr\u00f6m Serbia","description":"Kupovina ili iznajmljivanje radne ode\u0107e? To nije samo pitanje cene. Saznajte koliko zaista ko\u0161taju zalihe, pranje, zamene i skriveni gubici.","robots":{"index":"index","follow":"follow","max-snippet":"max-snippet:-1","max-image-preview":"max-image-preview:large","max-video-preview":"max-video-preview:-1"},"og_locale":"sr_RS","og_type":"article","og_title":"Kupovina ili iznajmljivanje radne ode\u0107e: \u0161ta kompaniju zaista ko\u0161ta manje? - Lindstr\u00f6m Serbia","og_description":"Kupovina ili iznajmljivanje radne ode\u0107e? To nije samo pitanje cene. Saznajte koliko zaista ko\u0161taju zalihe, pranje, zamene i skriveni gubici.","og_url":"https:\/\/lindstromgroup.com\/rs\/clanci\/kupovina-ili-iznajmljivanje-radne-odece\/","og_site_name":"Lindstr\u00f6m Serbia","article_published_time":"2026-04-30T15:17:46+00:00","article_modified_time":"2026-04-30T15:17:47+00:00","og_image":[{"url":"https:\/\/lindstromgroup.com\/rs\/wp-content\/uploads\/sites\/18\/2026\/04\/ART_0836-LR-1024x683.jpg","type":"","width":"","height":""}],"author":"ognjensestic","twitter_card":"summary_large_image","twitter_misc":{"\u041d\u0430\u043f\u0438\u0441\u0430\u043d\u043e \u043e\u0434":"ognjensestic","\u041f\u0440\u043e\u0446\u0435\u045a\u0435\u043d\u043e \u0432\u0440\u0435\u043c\u0435 \u0447\u0438\u0442\u0430\u045a\u0430":"19 \u043c\u0438\u043d\u0443\u0442\u0430","Written by":"ognjensestic"},"schema":{"@context":"https:\/\/schema.org","@graph":[{"@type":"Article","@id":"https:\/\/lindstromgroup.com\/rs\/clanci\/kupovina-ili-iznajmljivanje-radne-odece\/#article","isPartOf":{"@id":"https:\/\/lindstromgroup.com\/rs\/clanci\/kupovina-ili-iznajmljivanje-radne-odece\/"},"author":{"name":"ognjensestic","@id":"https:\/\/lindstromgroup.com\/rs\/#\/schema\/person\/b283ce6c5c2822171d97b4fbe913e5ef"},"headline":"Kupovina ili iznajmljivanje radne ode\u0107e: \u0161ta kompaniju zaista ko\u0161ta manje?","datePublished":"2026-04-30T15:17:46+00:00","dateModified":"2026-04-30T15:17:47+00:00","mainEntityOfPage":{"@id":"https:\/\/lindstromgroup.com\/rs\/clanci\/kupovina-ili-iznajmljivanje-radne-odece\/"},"wordCount":2883,"publisher":{"@id":"https:\/\/lindstromgroup.com\/rs\/#organization"},"image":{"@id":"https:\/\/lindstromgroup.com\/rs\/clanci\/kupovina-ili-iznajmljivanje-radne-odece\/#primaryimage"},"thumbnailUrl":"https:\/\/lindstromgroup.com\/rs\/wp-content\/uploads\/sites\/18\/2026\/04\/ART_0836-LR-1024x683.jpg","keywords":["#iznajmljivanje umesto kupovine","#odr\u017eivost","#radna odela"],"articleSection":["\u010clanci"],"inLanguage":"sr-RS"},{"@type":"WebPage","@id":"https:\/\/lindstromgroup.com\/rs\/clanci\/kupovina-ili-iznajmljivanje-radne-odece\/","url":"https:\/\/lindstromgroup.com\/rs\/clanci\/kupovina-ili-iznajmljivanje-radne-odece\/","name":"Kupovina ili iznajmljivanje radne ode\u0107e: \u0161ta kompaniju zaista ko\u0161ta manje? - Lindstr\u00f6m Serbia","isPartOf":{"@id":"https:\/\/lindstromgroup.com\/rs\/#website"},"primaryImageOfPage":{"@id":"https:\/\/lindstromgroup.com\/rs\/clanci\/kupovina-ili-iznajmljivanje-radne-odece\/#primaryimage"},"image":{"@id":"https:\/\/lindstromgroup.com\/rs\/clanci\/kupovina-ili-iznajmljivanje-radne-odece\/#primaryimage"},"thumbnailUrl":"https:\/\/lindstromgroup.com\/rs\/wp-content\/uploads\/sites\/18\/2026\/04\/ART_0836-LR-1024x683.jpg","datePublished":"2026-04-30T15:17:46+00:00","dateModified":"2026-04-30T15:17:47+00:00","description":"Kupovina ili iznajmljivanje radne ode\u0107e? To nije samo pitanje cene. Saznajte koliko zaista ko\u0161taju zalihe, pranje, zamene i skriveni gubici.","breadcrumb":{"@id":"https:\/\/lindstromgroup.com\/rs\/clanci\/kupovina-ili-iznajmljivanje-radne-odece\/#breadcrumb"},"inLanguage":"sr-RS","potentialAction":[{"@type":"ReadAction","target":["https:\/\/lindstromgroup.com\/rs\/clanci\/kupovina-ili-iznajmljivanje-radne-odece\/"]}]},{"@type":"ImageObject","inLanguage":"sr-RS","@id":"https:\/\/lindstromgroup.com\/rs\/clanci\/kupovina-ili-iznajmljivanje-radne-odece\/#primaryimage","url":"https:\/\/d2ris6qfzcz0wn.cloudfront.net\/wp-content\/uploads\/sites\/18\/2026\/04\/ART_0836-LR.jpg","contentUrl":"https:\/\/d2ris6qfzcz0wn.cloudfront.net\/wp-content\/uploads\/sites\/18\/2026\/04\/ART_0836-LR.jpg","width":1500,"height":1000},{"@type":"BreadcrumbList","@id":"https:\/\/lindstromgroup.com\/rs\/clanci\/kupovina-ili-iznajmljivanje-radne-odece\/#breadcrumb","itemListElement":[{"@type":"ListItem","position":1,"name":"Home","item":"https:\/\/lindstromgroup.com\/rs\/"},{"@type":"ListItem","position":2,"name":"\u010clanci","item":"https:\/\/lindstromgroup.com\/rs\/category\/clanci\/"},{"@type":"ListItem","position":3,"name":"Kupovina ili iznajmljivanje radne ode\u0107e: \u0161ta kompaniju zaista ko\u0161ta manje?"}]},{"@type":"WebSite","@id":"https:\/\/lindstromgroup.com\/rs\/#website","url":"https:\/\/lindstromgroup.com\/rs\/","name":"Lindstr\u00f6m Serbia","description":"","publisher":{"@id":"https:\/\/lindstromgroup.com\/rs\/#organization"},"potentialAction":[{"@type":"SearchAction","target":{"@type":"EntryPoint","urlTemplate":"https:\/\/lindstromgroup.com\/rs\/?s={search_term_string}"},"query-input":{"@type":"PropertyValueSpecification","valueRequired":true,"valueName":"search_term_string"}}],"inLanguage":"sr-RS"},{"@type":"Organization","@id":"https:\/\/lindstromgroup.com\/rs\/#organization","name":"Lindstr\u00f6m Serbia","url":"https:\/\/lindstromgroup.com\/rs\/","logo":{"@type":"ImageObject","inLanguage":"sr-RS","@id":"https:\/\/lindstromgroup.com\/rs\/#\/schema\/logo\/image\/","url":"https:\/\/d2ris6qfzcz0wn.cloudfront.net\/wp-content\/uploads\/sites\/12\/2023\/10\/Logo512.png","contentUrl":"https:\/\/d2ris6qfzcz0wn.cloudfront.net\/wp-content\/uploads\/sites\/12\/2023\/10\/Logo512.png","width":512,"height":109,"caption":"Lindstr\u00f6m Serbia"},"image":{"@id":"https:\/\/lindstromgroup.com\/rs\/#\/schema\/logo\/image\/"}},{"@type":"Person","@id":"https:\/\/lindstromgroup.com\/rs\/#\/schema\/person\/b283ce6c5c2822171d97b4fbe913e5ef","name":"ognjensestic","image":{"@type":"ImageObject","inLanguage":"sr-RS","@id":"https:\/\/secure.gravatar.com\/avatar\/b91252db56dc73cc476c026ba85a3b0c2c076165365dff2c91f135edc5ba7a64?s=96&d=mm&r=gf80b947ddf291e0b57a12ae39768813e","url":"https:\/\/secure.gravatar.com\/avatar\/b91252db56dc73cc476c026ba85a3b0c2c076165365dff2c91f135edc5ba7a64?s=96&d=mm&r=g","contentUrl":"https:\/\/secure.gravatar.com\/avatar\/b91252db56dc73cc476c026ba85a3b0c2c076165365dff2c91f135edc5ba7a64?s=96&d=mm&r=g","caption":"ognjensestic"}}]}},"publishpress_future_workflow_manual_trigger":{"enabledWorkflows":[]},"distributor_meta":false,"distributor_terms":false,"distributor_media":false,"distributor_original_site_name":"Lindstr\u00f6m Serbia","distributor_original_site_url":"https:\/\/lindstromgroup.com\/rs","push-errors":false,"_links":{"self":[{"href":"https:\/\/lindstromgroup.com\/rs\/wp-json\/wp\/v2\/posts\/20236","targetHints":{"allow":["GET"]}}],"collection":[{"href":"https:\/\/lindstromgroup.com\/rs\/wp-json\/wp\/v2\/posts"}],"about":[{"href":"https:\/\/lindstromgroup.com\/rs\/wp-json\/wp\/v2\/types\/post"}],"author":[{"embeddable":true,"href":"https:\/\/lindstromgroup.com\/rs\/wp-json\/wp\/v2\/users\/83"}],"replies":[{"embeddable":true,"href":"https:\/\/lindstromgroup.com\/rs\/wp-json\/wp\/v2\/comments?post=20236"}],"version-history":[{"count":0,"href":"https:\/\/lindstromgroup.com\/rs\/wp-json\/wp\/v2\/posts\/20236\/revisions"}],"wp:attachment":[{"href":"https:\/\/lindstromgroup.com\/rs\/wp-json\/wp\/v2\/media?parent=20236"}],"wp:term":[{"taxonomy":"category","embeddable":true,"href":"https:\/\/lindstromgroup.com\/rs\/wp-json\/wp\/v2\/categories?post=20236"},{"taxonomy":"post_tag","embeddable":true,"href":"https:\/\/lindstromgroup.com\/rs\/wp-json\/wp\/v2\/tags?post=20236"},{"taxonomy":"author","embeddable":true,"href":"https:\/\/lindstromgroup.com\/rs\/wp-json\/wp\/v2\/coauthors?post=20236"}],"curies":[{"name":"wp","href":"https:\/\/api.w.org\/{rel}","templated":true}]}}