
    {"id":19856,"date":"2026-01-22T13:58:04","date_gmt":"2026-01-22T11:58:04","guid":{"rendered":"https:\/\/lindstromgroup.com\/rs\/?p=19856"},"modified":"2026-01-22T13:58:05","modified_gmt":"2026-01-22T11:58:05","slug":"radna-odeca-na-medjunarodnom-aerodromu-riga-podrzava-strateske-ciljeve","status":"publish","type":"post","link":"https:\/\/lindstromgroup.com\/rs\/price-nasih-klijenata\/radna-odeca-na-medjunarodnom-aerodromu-riga-podrzava-strateske-ciljeve\/","title":{"rendered":"Radna ode\u0107a na Me\u0111unarodnom aerodromu Riga podr\u017eava strate\u0161ke ciljeve"},"content":{"rendered":"\n<p class=\"has-body-font-size\">Kao zamenik direktora za razvoj poslovanja u sektoru zemaljskog opslu\u017eivanja na <a href=\"https:\/\/www.riga-airport.com\/en\" target=\"_blank\" rel=\"noreferrer noopener\">Me\u0111unarodnom aerodromu Riga<\/a>, <strong>M\u0101rti\u0146\u0161 Mikstans<\/strong> stalno tra\u017ei re\u0161enja koja ja\u010daju operativnu izvrsnost i strate\u0161ki fokus. M\u0101rti\u0146\u0161 navodi da je saradnja sa Lindstr\u00f6mom zapo\u010dela 2021. kao pilot-projekat. Rezultati tog projekta su bili jak argument da se postepeno opredele za Lindstr\u00f6movu uslugu Workwear Flex.<\/p>\n\n\n\n<p class=\"has-body-font-size\">\u201eImamo stroge smernice i politike u vezi sa nabavkom, a po\u010detna motivacija bila je to \u0161to \u0107e nam usluga <a href=\"https:\/\/lindstromgroup.com\/rs\/usluge\/iznajmljivanje-radne-odece\/\">Workwear <\/a>Flex pomo\u0107i da optimizujemo optere\u0107enje nabavke\u201c, obja\u0161njava M\u0101rti\u0146\u0161. U po\u010detku je postojala bojazan da bi, uz nepredvidiv rast broja zaposlenih u zemaljskom opslu\u017eivanju, potrebe za radnom ode\u0107om mogle da porastu br\u017ee nego \u0161to bi nabavka uspela da isprati. Standardni bezbednosni zahtevi na aerodromu nala\u017eu odgovaraju\u0107u klasu i koli\u010dinu reflektuju\u0107eg materijala na <a href=\"https:\/\/lindstromgroup.com\/rs\/clanci\/opasnosti-od-nenosenja-radne-odece-visoke-vidljivosti\/\" target=\"_blank\" rel=\"noreferrer noopener\">ode\u0107i visoke vidljivosti<\/a> za osoblje zemaljskog opslu\u017eivanja. \u201eSa 30 ljudi u pilot fazi pre\u0161li smo na vi\u0161e od 200 \u010dlanova na\u0161eg osoblja koji koriste uslugu Workwear Flex, \u0161to najbolje pokazuje fleksibilnost usluge. Mo\u017eemo da ra\u010dunamo na Lindstr\u00f6m da \u0107e obezbediti dovoljnu koli\u010dinu radne ode\u0107e u skladu s na\u0161im rastu\u0107im potrebama. \u0160tavi\u0161e, <a href=\"https:\/\/lindstromgroup.com\/rs\/clanci\/elindstrom-transparentnost-i-kontrola-vama-na-dohvat-ruke\/\" target=\"_blank\" rel=\"noreferrer noopener\">inteligentna digitalna re\u0161enja<\/a> nam pru\u017eaju uvid u to \u0161ta pla\u0107amo, \u010dime se unapre\u0111uje operativna efikasnost\u201c, dodaje M\u0101rti\u0146\u0161.<\/p>\n\n\n\n<figure class=\"wp-block-image size-large\"><img decoding=\"async\" width=\"1024\" height=\"683\" src=\"https:\/\/d2ris6qfzcz0wn.cloudfront.net\/wp-content\/uploads\/sites\/18\/2026\/01\/Lindstrom-High-Visibility-Workwear-1024x683.jpg\" alt=\"\" class=\"wp-image-19863\" srcset=\"https:\/\/d2ris6qfzcz0wn.cloudfront.net\/wp-content\/uploads\/sites\/18\/2026\/01\/Lindstrom-High-Visibility-Workwear-1024x683.jpg 1024w, https:\/\/d2ris6qfzcz0wn.cloudfront.net\/wp-content\/uploads\/sites\/18\/2026\/01\/Lindstrom-High-Visibility-Workwear-300x200.jpg 300w, https:\/\/d2ris6qfzcz0wn.cloudfront.net\/wp-content\/uploads\/sites\/18\/2026\/01\/Lindstrom-High-Visibility-Workwear-768x512.jpg 768w, https:\/\/d2ris6qfzcz0wn.cloudfront.net\/wp-content\/uploads\/sites\/18\/2026\/01\/Lindstrom-High-Visibility-Workwear.jpg 1500w\" sizes=\"(max-width: 1024px) 100vw, 1024px\" \/><\/figure>\n\n\n\n<h2 class=\"wp-block-heading has-body-font-size\"><strong>Zajedni\u010dka vizija odr\u017eivosti<\/strong><\/h2>\n\n\n\n<p class=\"has-body-font-size\">Me\u0111unarodni aerodrom Riga odgovoran je \u010dlan Me\u0111unarodnog saveta aerodroma i priklju\u010dio se inicijativi <a href=\"https:\/\/www.net-zero-initiative.com\/en\" target=\"_blank\" rel=\"noreferrer noopener\">Net Zero 2050<\/a>. Govore\u0107i o tome kako Lindstr\u00f6m doprinosi njihovom strate\u0161kom cilju smanjenja emisija, M\u0101rti\u0146\u0161 ka\u017ee: \u201eKao aerodrom, svesni smo svojih aktivnosti i promi\u0161ljenih izbora koji poma\u017eu da smanjimo uticaj na \u017eivotnu sredinu. Lindstr\u00f6m pru\u017ea svoje usluge na na\u010din koji je uskla\u0111en s na\u0161im ciljevima odr\u017eivosti.\u201c <\/p>\n\n\n\n<p class=\"has-body-font-size\">Obja\u0161njava i da su se ranije interno bavili upravljanjem radnom ode\u0107om, pranjem i odr\u017eavanjem, \u0161to nije bilo najbolje re\u0161enje u pogledu potro\u0161nje vode i efikasnosti, a stvaralo je i izazove u zbrinjavanju otpadnih voda. \u201eLindstr\u00f6m re\u0161ava taj problem komercijalnim pranjem i popravkom ode\u0107e, a istovremeno unapre\u0111uje na\u0161 korporativni imid\u017e odr\u017eavanjem odevnih predmeta u dobrom stanju i urednim izgledom\u201c, dodaje M\u0101rti\u0146\u0161.<\/p>\n\n\n\n<figure class=\"wp-block-image size-large\"><img decoding=\"async\" width=\"1024\" height=\"683\" src=\"https:\/\/d2ris6qfzcz0wn.cloudfront.net\/wp-content\/uploads\/sites\/18\/2026\/01\/021_Lindstrom_Tyovaate_hires-1024x683.jpg\" alt=\"\" class=\"wp-image-19864\" srcset=\"https:\/\/d2ris6qfzcz0wn.cloudfront.net\/wp-content\/uploads\/sites\/18\/2026\/01\/021_Lindstrom_Tyovaate_hires-1024x683.jpg 1024w, https:\/\/d2ris6qfzcz0wn.cloudfront.net\/wp-content\/uploads\/sites\/18\/2026\/01\/021_Lindstrom_Tyovaate_hires-300x200.jpg 300w, https:\/\/d2ris6qfzcz0wn.cloudfront.net\/wp-content\/uploads\/sites\/18\/2026\/01\/021_Lindstrom_Tyovaate_hires-768x513.jpg 768w, https:\/\/d2ris6qfzcz0wn.cloudfront.net\/wp-content\/uploads\/sites\/18\/2026\/01\/021_Lindstrom_Tyovaate_hires.jpg 1500w\" sizes=\"(max-width: 1024px) 100vw, 1024px\" \/><\/figure>\n\n\n\n<h2 class=\"wp-block-heading has-body-font-size\"><strong>Partnerstvo spremno za budu\u0107nost<\/strong><\/h2>\n\n\n\n<p class=\"has-body-font-size\">M\u0101rti\u0146\u0161 isti\u010de da je posebno zadovoljan besprekornom realizacijom integracionog projekta uspostavljanja internog magacina radne ode\u0107e na Aerodromu Riga. \u201eObi\u010dno je integracija razli\u010ditih sistema i tehnologija dve kompanije mukotrpan proces, ali je Lindstr\u00f6m sve u\u010dinio jednostavnim i besprekoranim. Interni magacin obezbe\u0111uje efikasno kori\u0161\u0107enje radne ode\u0107e i po\u0161tovanje bezbednosnih protokola aerodroma\u201c, obja\u0161njava M\u0101rti\u0146\u0161. <\/p>\n\n\n\n<p class=\"has-body-font-size\">Oskars Didza, stariji menad\u017eer prodaje u Lindstr\u00f6mu, o\u010dekuje da \u0107e potra\u017enja za radnom ode\u0107om za osoblje zemaljskog opslu\u017eivanja rasti i ubudu\u0107e. \u201eKori\u0161\u0107enjem analiza podataka i digitalnih izve\u0161taja mo\u017eemo da optimizujemo koli\u010dine radne ode\u0107e, tako da su uvek dostupne odgovaraju\u0107e veli\u010dine u pravom broju.\u201c<\/p>\n\n\n\n<div style=\"height:24px\" aria-hidden=\"true\" class=\"wp-block-spacer\"><\/div>\n\n\n\n    <div \n        id=\"cta-with-image-block_4ec4e5f2bf9cf4b86eee9f73f81c678e\" \n        class=\"cta-with-image\"\n    >\n        <div class=\"cta__content\" style=\"color: #ffffff; background-color: #003f72\">\n            <div class=\"content__title\">\u017delite li besplatnu probu na\u0161e usluge?<\/div>\n            <div class=\"content__description\">Besplatna proba usluge iznajmljivanja radne ode\u0107e: uverite se li\u010dno u kvalitet na\u0161e usluge.<\/div>\n            <div class=\"content__button-links\">\n                                    <div class=\"button-link\">\n                        <a \n                            href=\"https:\/\/lindstromgroup.com\/rs\/besplatna-proba-usluge-iznajmljivanja-radnih-uniformi\/#contact\" \n                            style=\"background-color: #003f72; color: #ffffff; border: 2px solid \"\n                        >\n                            Po\u0161aljite zahtev za besplatni probni period                        <\/a>\n                    <\/div>\n                            <\/div>\n        <\/div>\n        <div class=\"cta__image\"><img decoding=\"async\" src=\"https:\/\/d2ris6qfzcz0wn.cloudfront.net\/wp-content\/uploads\/sites\/18\/2024\/10\/Service-representative_with-customer_007_Lindstrom-1-768x513-1.jpg\" alt=\"\" \/><\/div>\n    <\/div>\n\n\n\n<p><\/p>\n\n\n\n<h2 class=\"wp-block-heading\">Mo\u017eda \u0107e vas zanimati i ovo:<\/h2>\n\n\n\n<style>\n    @media only screen and (max-width: 1200px) {\n        #block_c64db1ed4bb96f4c1a5a4a071495bdd3 .blogposts__container {\n            grid-template-columns: repeat(4, 1fr);\n        }\n    }\n<\/style>\n\n            <div \n            id=\"block_c64db1ed4bb96f4c1a5a4a071495bdd3\" \n            class=\"blogposts blogposts--block_c64db1ed4bb96f4c1a5a4a071495bdd3 \"\n        >\n            <div class=\"blogposts\">\n                <div class=\"blogposts__container post-row\">\n                    \n        <div class='post-card relative' data-index='19916'>\n            <img\n                class='post-card__image' \n                src='https:\/\/d2ris6qfzcz0wn.cloudfront.net\/wp-content\/uploads\/sites\/18\/2026\/02\/027_Lindstrom_Tyovaate_hires-1024x683.jpg' \n                alt='Radna ode\u0107a kao LZO: pametan put do vidljivosti, uskla\u0111enosti i bezbednosti na radu' \n            \/>\n            <div class='post-card__content'>\n                <div class='post-card__categories z-20'>\n            <a\n                class='post-card__category'\n                href='https:\/\/lindstromgroup.com\/rs\/category\/clanci\/'\n            >\n                \u010clanci\n            <\/a><\/div>\n                <div class='post-card__title'>\n                    Radna ode\u0107a kao LZO: pametan put do vidljivosti, uskla\u0111enosti i bezbednosti na radu\n                <\/div>\n                <p class='post-card__excerpt'>\n                    Vodi\u010d za izbor i negu Hi-Vis i za\u0161titne radne ode\u0107e kao LZO: jasni standardi, korisni saveti i brze provere za bolju bezbednost i uskla\u0111enost.\n                <\/p>\n                <div class='post-card__tags z-20'>\n            <a\n                class='post-card__tag'\n                href='https:\/\/lindstromgroup.com\/rs\/tag\/bezbednost\/'\n                style='border: 1px solid ; color: ;'\n            >\n                #bezbednost\n            <\/a>\n            <a\n                class='post-card__tag'\n                href='https:\/\/lindstromgroup.com\/rs\/tag\/lzo\/'\n                style='border: 1px solid ; color: ;'\n            >\n                #LZO\n            <\/a>\n            <a\n                class='post-card__tag'\n                href='https:\/\/lindstromgroup.com\/rs\/tag\/radna-odela\/'\n                style='border: 1px solid ; color: ;'\n            >\n                #radna odela\n            <\/a>\n            <a\n                class='post-card__tag'\n                href='https:\/\/lindstromgroup.com\/rs\/tag\/visoka-vidljivost\/'\n                style='border: 1px solid ; color: ;'\n            >\n                #visoka vidljivost\n            <\/a>\n            <a\n                class='post-card__tag'\n                href='https:\/\/lindstromgroup.com\/rs\/tag\/zdravlje-i-bezbednost-na-radu\/'\n                style='border: 1px solid ; color: ;'\n            >\n                #zdravlje i bezbednost na radu\n            <\/a><\/div>\n            <\/div>\n            <a href='\/rs\/clanci\/radna-odeca-kao-lzo-vodic\/' class='absolute inset-0 w-full h-full z-10'><\/a>\n        <\/div>\n    \n        <div class='post-card relative' data-index='19858'>\n            <img\n                class='post-card__image' \n                src='https:\/\/d2ris6qfzcz0wn.cloudfront.net\/wp-content\/uploads\/sites\/18\/2026\/01\/DSC7072-1024x683.jpg' \n                alt='Zimska radna ode\u0107a napravljena od plasti\u010dnih fla\u0161a' \n            \/>\n            <div class='post-card__content'>\n                <div class='post-card__categories z-20'>\n            <a\n                class='post-card__category'\n                href='https:\/\/lindstromgroup.com\/rs\/category\/clanci\/'\n            >\n                \u010clanci\n            <\/a><\/div>\n                <div class='post-card__title'>\n                    Zimska radna ode\u0107a napravljena od plasti\u010dnih fla\u0161a\n                <\/div>\n                <p class='post-card__excerpt'>\n                    Zimska radna ode\u0107a od recikliranih plasti\u010dnih boca \u0161titi na -20\u00b0C, traje du\u017ee i smanjuje otisak CO\u2082 i uvek je dostupna uz Lindstr\u00f6movu uslugu\n                <\/p>\n                <div class='post-card__tags z-20'>\n            <a\n                class='post-card__tag'\n                href='https:\/\/lindstromgroup.com\/rs\/tag\/neto-nula\/'\n                style='border: 1px solid ; color: ;'\n            >\n                #neto-nula\n            <\/a>\n            <a\n                class='post-card__tag'\n                href='https:\/\/lindstromgroup.com\/rs\/tag\/odrzivost\/'\n                style='border: 1px solid ; color: ;'\n            >\n                #odr\u017eivost\n            <\/a>\n            <a\n                class='post-card__tag'\n                href='https:\/\/lindstromgroup.com\/rs\/tag\/radna-odela\/'\n                style='border: 1px solid ; color: ;'\n            >\n                #radna odela\n            <\/a>\n            <a\n                class='post-card__tag'\n                href='https:\/\/lindstromgroup.com\/rs\/tag\/visoka-vidljivost\/'\n                style='border: 1px solid ; color: ;'\n            >\n                #visoka vidljivost\n            <\/a><\/div>\n            <\/div>\n            <a href='\/rs\/clanci\/zimska-radna-odeca-napravljena-od-plasticnih-flasa\/' class='absolute inset-0 w-full h-full z-10'><\/a>\n        <\/div>\n    \n        <div class='post-card relative' data-index='19627'>\n            <img\n                class='post-card__image' \n                src='https:\/\/d2ris6qfzcz0wn.cloudfront.net\/wp-content\/uploads\/sites\/18\/2025\/10\/D0B2D0B8D0B4D0B8-D181D0BFD0B5D186D0BED0B4D18FD0B3D183-1024x683.jpg' \n                alt='Opasnosti od neno\u0161enja radne ode\u0107e visoke vidljivosti' \n            \/>\n            <div class='post-card__content'>\n                <div class='post-card__categories z-20'>\n            <a\n                class='post-card__category'\n                href='https:\/\/lindstromgroup.com\/rs\/category\/clanci\/'\n            >\n                \u010clanci\n            <\/a><\/div>\n                <div class='post-card__title'>\n                    Opasnosti od neno\u0161enja radne ode\u0107e visoke vidljivosti\n                <\/div>\n                <p class='post-card__excerpt'>\n                    Nevidljivost je najve\u0107i rizik mnogih radnika. Hi-vis ode\u0107a u modelu iznajmljivanja zna\u010di manje nezgoda i birokratije, a vi\u0161e produktivnosti.\n                <\/p>\n                <div class='post-card__tags z-20'>\n            <a\n                class='post-card__tag'\n                href='https:\/\/lindstromgroup.com\/rs\/tag\/licna-zastitna-oprema\/'\n                style='border: 1px solid ; color: ;'\n            >\n                #li\u010dna za\u0161titna oprema\n            <\/a>\n            <a\n                class='post-card__tag'\n                href='https:\/\/lindstromgroup.com\/rs\/tag\/lzo\/'\n                style='border: 1px solid ; color: ;'\n            >\n                #LZO\n            <\/a>\n            <a\n                class='post-card__tag'\n                href='https:\/\/lindstromgroup.com\/rs\/tag\/visoka-vidljivost\/'\n                style='border: 1px solid ; color: ;'\n            >\n                #visoka vidljivost\n            <\/a>\n            <a\n                class='post-card__tag'\n                href='https:\/\/lindstromgroup.com\/rs\/tag\/zdravlje-i-bezbednost-na-radu\/'\n                style='border: 1px solid ; color: ;'\n            >\n                #zdravlje i bezbednost na radu\n            <\/a><\/div>\n            <\/div>\n            <a href='\/rs\/clanci\/opasnosti-od-nenosenja-radne-odece-visoke-vidljivosti\/' class='absolute inset-0 w-full h-full z-10'><\/a>\n        <\/div>\n                    <\/div>\n                <div class=\"post-row-mobile-carousel\"><\/div>\n            <\/div>\n        <\/div>\n    ","protected":false},"excerpt":{"rendered":"<p>Me\u0111unarodni aerodrom u Rigi mo\u017ee da ra\u010duna na Lindstr\u00f6m koji uvek obezbe\u0111uje dovoljnu koli\u010dinu radne ode\u0107e, u skladu sa rastu\u0107im potrebama.<\/p>\n","protected":false},"author":14,"featured_media":19857,"comment_status":"closed","ping_status":"open","sticky":false,"template":"","format":"standard","meta":{"_acf_changed":false,"inline_featured_image":false,"_eb_attr":"","site-sidebar-layout":"default","site-content-layout":"","ast-site-content-layout":"default","site-content-style":"default","site-sidebar-style":"default","ast-global-header-display":"","ast-banner-title-visibility":"","ast-main-header-display":"","ast-hfb-above-header-display":"","ast-hfb-below-header-display":"","ast-hfb-mobile-header-display":"","site-post-title":"","ast-breadcrumbs-content":"","ast-featured-img":"","footer-sml-layout":"","ast-disable-related-posts":"","theme-transparent-header-meta":"","adv-header-id-meta":"","stick-header-meta":"","header-above-stick-meta":"","header-main-stick-meta":"","header-below-stick-meta":"","astra-migrate-meta-layouts":"set","ast-page-background-enabled":"default","ast-page-background-meta":{"desktop":{"background-color":"var(--ast-global-color-4)","background-image":"","background-repeat":"repeat","background-position":"center center","background-size":"auto","background-attachment":"scroll","background-type":"","background-media":"","overlay-type":"","overlay-color":"","overlay-opacity":"","overlay-gradient":""},"tablet":{"background-color":"","background-image":"","background-repeat":"repeat","background-position":"center center","background-size":"auto","background-attachment":"scroll","background-type":"","background-media":"","overlay-type":"","overlay-color":"","overlay-opacity":"","overlay-gradient":""},"mobile":{"background-color":"","background-image":"","background-repeat":"repeat","background-position":"center center","background-size":"auto","background-attachment":"scroll","background-type":"","background-media":"","overlay-type":"","overlay-color":"","overlay-opacity":"","overlay-gradient":""}},"ast-content-background-meta":{"desktop":{"background-color":"var(--ast-global-color-5)","background-image":"","background-repeat":"repeat","background-position":"center center","background-size":"auto","background-attachment":"scroll","background-type":"","background-media":"","overlay-type":"","overlay-color":"","overlay-opacity":"","overlay-gradient":""},"tablet":{"background-color":"var(--ast-global-color-5)","background-image":"","background-repeat":"repeat","background-position":"center center","background-size":"auto","background-attachment":"scroll","background-type":"","background-media":"","overlay-type":"","overlay-color":"","overlay-opacity":"","overlay-gradient":""},"mobile":{"background-color":"var(--ast-global-color-5)","background-image":"","background-repeat":"repeat","background-position":"center center","background-size":"auto","background-attachment":"scroll","background-type":"","background-media":"","overlay-type":"","overlay-color":"","overlay-opacity":"","overlay-gradient":""}},"footnotes":""},"categories":[55],"tags":[72,78,46,90],"coauthors":[20],"class_list":["post-19856","post","type-post","status-publish","format-standard","has-post-thumbnail","hentry","category-price-nasih-klijenata","tag-bezbednost","tag-korisnicko-iskustvo","tag-radna-odela","tag-visoka-vidljivost"],"acf":[],"yoast_head":"<!-- This site is optimized with the Yoast SEO plugin v27.2 - https:\/\/yoast.com\/product\/yoast-seo-wordpress\/ -->\n<title>Radna ode\u0107a na Me\u0111unarodnom aerodromu Riga podr\u017eava strate\u0161ke ciljeve - Lindstr\u00f6m Serbia<\/title>\n<meta name=\"description\" content=\"Me\u0111unarodni aerodrom Riga mo\u017ee da ra\u010duna na Lindstr\u00f6m koji uvek obezbe\u0111uje dovoljnu koli\u010dinu radne ode\u0107e, u skladu sa rastu\u0107im potrebama.\" \/>\n<meta name=\"robots\" content=\"index, follow, max-snippet:-1, max-image-preview:large, max-video-preview:-1\" \/>\n<meta property=\"og:locale\" content=\"sr_RS\" \/>\n<meta property=\"og:type\" content=\"article\" \/>\n<meta property=\"og:title\" content=\"Radna ode\u0107a na Me\u0111unarodnom aerodromu Riga podr\u017eava strate\u0161ke ciljeve - Lindstr\u00f6m Serbia\" \/>\n<meta property=\"og:description\" content=\"Me\u0111unarodni aerodrom Riga mo\u017ee da ra\u010duna na Lindstr\u00f6m koji uvek obezbe\u0111uje dovoljnu koli\u010dinu radne ode\u0107e, u skladu sa rastu\u0107im potrebama.\" \/>\n<meta property=\"og:url\" content=\"https:\/\/lindstromgroup.com\/rs\/price-nasih-klijenata\/radna-odeca-na-medjunarodnom-aerodromu-riga-podrzava-strateske-ciljeve\/\" \/>\n<meta property=\"og:site_name\" content=\"Lindstr\u00f6m Serbia\" \/>\n<meta property=\"article:published_time\" content=\"2026-01-22T11:58:04+00:00\" \/>\n<meta property=\"article:modified_time\" content=\"2026-01-22T11:58:05+00:00\" \/>\n<meta property=\"og:image\" content=\"https:\/\/d2ris6qfzcz0wn.cloudfront.net\/wp-content\/uploads\/sites\/18\/2026\/01\/Lindstrom_IMG_1888_MM.jpg\" \/>\n\t<meta property=\"og:image:width\" content=\"1500\" \/>\n\t<meta property=\"og:image:height\" content=\"914\" \/>\n\t<meta property=\"og:image:type\" content=\"image\/jpeg\" \/>\n<meta name=\"author\" content=\"Lindstr\u00f6m Group\" \/>\n<meta name=\"twitter:card\" content=\"summary_large_image\" \/>\n<meta name=\"twitter:label1\" content=\"\u041d\u0430\u043f\u0438\u0441\u0430\u043d\u043e \u043e\u0434\" \/>\n\t<meta name=\"twitter:data1\" content=\"Lindstr\u00f6m Group\" \/>\n\t<meta name=\"twitter:label2\" content=\"\u041f\u0440\u043e\u0446\u0435\u045a\u0435\u043d\u043e \u0432\u0440\u0435\u043c\u0435 \u0447\u0438\u0442\u0430\u045a\u0430\" \/>\n\t<meta name=\"twitter:data2\" content=\"5 \u043c\u0438\u043d\u0443\u0442\u0430\" \/>\n\t<meta name=\"twitter:label3\" content=\"Written by\" \/>\n\t<meta name=\"twitter:data3\" content=\"Lindstr\u00f6m Group\" \/>\n<script type=\"application\/ld+json\" class=\"yoast-schema-graph\">{\"@context\":\"https:\/\/schema.org\",\"@graph\":[{\"@type\":\"Article\",\"@id\":\"https:\/\/lindstromgroup.com\/rs\/price-nasih-klijenata\/radna-odeca-na-medjunarodnom-aerodromu-riga-podrzava-strateske-ciljeve\/#article\",\"isPartOf\":{\"@id\":\"https:\/\/lindstromgroup.com\/rs\/price-nasih-klijenata\/radna-odeca-na-medjunarodnom-aerodromu-riga-podrzava-strateske-ciljeve\/\"},\"author\":{\"name\":\"Lindstr\u00f6m Group\",\"@id\":\"https:\/\/lindstromgroup.com\/rs\/#\/schema\/person\/9111900e3f15be99cf4a104112bf0bc3\"},\"headline\":\"Radna ode\u0107a na Me\u0111unarodnom aerodromu Riga podr\u017eava strate\u0161ke ciljeve\",\"datePublished\":\"2026-01-22T11:58:04+00:00\",\"dateModified\":\"2026-01-22T11:58:05+00:00\",\"mainEntityOfPage\":{\"@id\":\"https:\/\/lindstromgroup.com\/rs\/price-nasih-klijenata\/radna-odeca-na-medjunarodnom-aerodromu-riga-podrzava-strateske-ciljeve\/\"},\"wordCount\":527,\"publisher\":{\"@id\":\"https:\/\/lindstromgroup.com\/rs\/#organization\"},\"image\":{\"@id\":\"https:\/\/lindstromgroup.com\/rs\/price-nasih-klijenata\/radna-odeca-na-medjunarodnom-aerodromu-riga-podrzava-strateske-ciljeve\/#primaryimage\"},\"thumbnailUrl\":\"https:\/\/d2ris6qfzcz0wn.cloudfront.net\/wp-content\/uploads\/sites\/18\/2026\/01\/Lindstrom_IMG_1888_MM.jpg\",\"keywords\":[\"#bezbednost\",\"#korisni\u010dko iskustvo\",\"#radna odela\",\"#visoka vidljivost\"],\"articleSection\":[\"Pri\u010de na\u0161ih klijenata\"],\"inLanguage\":\"sr-RS\"},{\"@type\":\"WebPage\",\"@id\":\"https:\/\/lindstromgroup.com\/rs\/price-nasih-klijenata\/radna-odeca-na-medjunarodnom-aerodromu-riga-podrzava-strateske-ciljeve\/\",\"url\":\"https:\/\/lindstromgroup.com\/rs\/price-nasih-klijenata\/radna-odeca-na-medjunarodnom-aerodromu-riga-podrzava-strateske-ciljeve\/\",\"name\":\"Radna ode\u0107a na Me\u0111unarodnom aerodromu Riga podr\u017eava strate\u0161ke ciljeve - Lindstr\u00f6m Serbia\",\"isPartOf\":{\"@id\":\"https:\/\/lindstromgroup.com\/rs\/#website\"},\"primaryImageOfPage\":{\"@id\":\"https:\/\/lindstromgroup.com\/rs\/price-nasih-klijenata\/radna-odeca-na-medjunarodnom-aerodromu-riga-podrzava-strateske-ciljeve\/#primaryimage\"},\"image\":{\"@id\":\"https:\/\/lindstromgroup.com\/rs\/price-nasih-klijenata\/radna-odeca-na-medjunarodnom-aerodromu-riga-podrzava-strateske-ciljeve\/#primaryimage\"},\"thumbnailUrl\":\"https:\/\/d2ris6qfzcz0wn.cloudfront.net\/wp-content\/uploads\/sites\/18\/2026\/01\/Lindstrom_IMG_1888_MM.jpg\",\"datePublished\":\"2026-01-22T11:58:04+00:00\",\"dateModified\":\"2026-01-22T11:58:05+00:00\",\"description\":\"Me\u0111unarodni aerodrom Riga mo\u017ee da ra\u010duna na Lindstr\u00f6m koji uvek obezbe\u0111uje dovoljnu koli\u010dinu radne ode\u0107e, u skladu sa rastu\u0107im potrebama.\",\"breadcrumb\":{\"@id\":\"https:\/\/lindstromgroup.com\/rs\/price-nasih-klijenata\/radna-odeca-na-medjunarodnom-aerodromu-riga-podrzava-strateske-ciljeve\/#breadcrumb\"},\"inLanguage\":\"sr-RS\",\"potentialAction\":[{\"@type\":\"ReadAction\",\"target\":[\"https:\/\/lindstromgroup.com\/rs\/price-nasih-klijenata\/radna-odeca-na-medjunarodnom-aerodromu-riga-podrzava-strateske-ciljeve\/\"]}]},{\"@type\":\"ImageObject\",\"inLanguage\":\"sr-RS\",\"@id\":\"https:\/\/lindstromgroup.com\/rs\/price-nasih-klijenata\/radna-odeca-na-medjunarodnom-aerodromu-riga-podrzava-strateske-ciljeve\/#primaryimage\",\"url\":\"https:\/\/d2ris6qfzcz0wn.cloudfront.net\/wp-content\/uploads\/sites\/18\/2026\/01\/Lindstrom_IMG_1888_MM.jpg\",\"contentUrl\":\"https:\/\/d2ris6qfzcz0wn.cloudfront.net\/wp-content\/uploads\/sites\/18\/2026\/01\/Lindstrom_IMG_1888_MM.jpg\",\"width\":1500,\"height\":914},{\"@type\":\"BreadcrumbList\",\"@id\":\"https:\/\/lindstromgroup.com\/rs\/price-nasih-klijenata\/radna-odeca-na-medjunarodnom-aerodromu-riga-podrzava-strateske-ciljeve\/#breadcrumb\",\"itemListElement\":[{\"@type\":\"ListItem\",\"position\":1,\"name\":\"Home\",\"item\":\"https:\/\/lindstromgroup.com\/rs\/\"},{\"@type\":\"ListItem\",\"position\":2,\"name\":\"Pri\u010de na\u0161ih klijenata\",\"item\":\"https:\/\/lindstromgroup.com\/rs\/category\/price-nasih-klijenata\/\"},{\"@type\":\"ListItem\",\"position\":3,\"name\":\"Radna ode\u0107a na Me\u0111unarodnom aerodromu Riga podr\u017eava strate\u0161ke ciljeve\"}]},{\"@type\":\"WebSite\",\"@id\":\"https:\/\/lindstromgroup.com\/rs\/#website\",\"url\":\"https:\/\/lindstromgroup.com\/rs\/\",\"name\":\"Lindstr\u00f6m Serbia\",\"description\":\"\",\"publisher\":{\"@id\":\"https:\/\/lindstromgroup.com\/rs\/#organization\"},\"potentialAction\":[{\"@type\":\"SearchAction\",\"target\":{\"@type\":\"EntryPoint\",\"urlTemplate\":\"https:\/\/lindstromgroup.com\/rs\/?s={search_term_string}\"},\"query-input\":{\"@type\":\"PropertyValueSpecification\",\"valueRequired\":true,\"valueName\":\"search_term_string\"}}],\"inLanguage\":\"sr-RS\"},{\"@type\":\"Organization\",\"@id\":\"https:\/\/lindstromgroup.com\/rs\/#organization\",\"name\":\"Lindstr\u00f6m Serbia\",\"url\":\"https:\/\/lindstromgroup.com\/rs\/\",\"logo\":{\"@type\":\"ImageObject\",\"inLanguage\":\"sr-RS\",\"@id\":\"https:\/\/lindstromgroup.com\/rs\/#\/schema\/logo\/image\/\",\"url\":\"https:\/\/d2ris6qfzcz0wn.cloudfront.net\/wp-content\/uploads\/sites\/12\/2023\/10\/Logo512.png\",\"contentUrl\":\"https:\/\/d2ris6qfzcz0wn.cloudfront.net\/wp-content\/uploads\/sites\/12\/2023\/10\/Logo512.png\",\"width\":512,\"height\":109,\"caption\":\"Lindstr\u00f6m Serbia\"},\"image\":{\"@id\":\"https:\/\/lindstromgroup.com\/rs\/#\/schema\/logo\/image\/\"}},{\"@type\":\"Person\",\"@id\":\"https:\/\/lindstromgroup.com\/rs\/#\/schema\/person\/9111900e3f15be99cf4a104112bf0bc3\",\"name\":\"Lindstr\u00f6m Group\",\"image\":{\"@type\":\"ImageObject\",\"inLanguage\":\"sr-RS\",\"@id\":\"https:\/\/d2ris6qfzcz0wn.cloudfront.net\/wp-content\/uploads\/sites\/12\/2024\/05\/logo_Red_V01-150x150.png4e6931f6b0730f03230376f66a842988\",\"url\":\"https:\/\/d2ris6qfzcz0wn.cloudfront.net\/wp-content\/uploads\/sites\/12\/2024\/05\/logo_Red_V01-150x150.png\",\"contentUrl\":\"https:\/\/d2ris6qfzcz0wn.cloudfront.net\/wp-content\/uploads\/sites\/12\/2024\/05\/logo_Red_V01-150x150.png\",\"caption\":\"Lindstr\u00f6m Group\"}}]}<\/script>\n<!-- \/ Yoast SEO plugin. -->","yoast_head_json":{"title":"Radna ode\u0107a na Me\u0111unarodnom aerodromu Riga podr\u017eava strate\u0161ke ciljeve - Lindstr\u00f6m Serbia","description":"Me\u0111unarodni aerodrom Riga mo\u017ee da ra\u010duna na Lindstr\u00f6m koji uvek obezbe\u0111uje dovoljnu koli\u010dinu radne ode\u0107e, u skladu sa rastu\u0107im potrebama.","robots":{"index":"index","follow":"follow","max-snippet":"max-snippet:-1","max-image-preview":"max-image-preview:large","max-video-preview":"max-video-preview:-1"},"og_locale":"sr_RS","og_type":"article","og_title":"Radna ode\u0107a na Me\u0111unarodnom aerodromu Riga podr\u017eava strate\u0161ke ciljeve - Lindstr\u00f6m Serbia","og_description":"Me\u0111unarodni aerodrom Riga mo\u017ee da ra\u010duna na Lindstr\u00f6m koji uvek obezbe\u0111uje dovoljnu koli\u010dinu radne ode\u0107e, u skladu sa rastu\u0107im potrebama.","og_url":"https:\/\/lindstromgroup.com\/rs\/price-nasih-klijenata\/radna-odeca-na-medjunarodnom-aerodromu-riga-podrzava-strateske-ciljeve\/","og_site_name":"Lindstr\u00f6m Serbia","article_published_time":"2026-01-22T11:58:04+00:00","article_modified_time":"2026-01-22T11:58:05+00:00","og_image":[{"width":1500,"height":914,"url":"https:\/\/d2ris6qfzcz0wn.cloudfront.net\/wp-content\/uploads\/sites\/18\/2026\/01\/Lindstrom_IMG_1888_MM.jpg","type":"image\/jpeg"}],"author":"Lindstr\u00f6m Group","twitter_card":"summary_large_image","twitter_misc":{"\u041d\u0430\u043f\u0438\u0441\u0430\u043d\u043e \u043e\u0434":"Lindstr\u00f6m Group","\u041f\u0440\u043e\u0446\u0435\u045a\u0435\u043d\u043e \u0432\u0440\u0435\u043c\u0435 \u0447\u0438\u0442\u0430\u045a\u0430":"5 \u043c\u0438\u043d\u0443\u0442\u0430","Written by":"Lindstr\u00f6m Group"},"schema":{"@context":"https:\/\/schema.org","@graph":[{"@type":"Article","@id":"https:\/\/lindstromgroup.com\/rs\/price-nasih-klijenata\/radna-odeca-na-medjunarodnom-aerodromu-riga-podrzava-strateske-ciljeve\/#article","isPartOf":{"@id":"https:\/\/lindstromgroup.com\/rs\/price-nasih-klijenata\/radna-odeca-na-medjunarodnom-aerodromu-riga-podrzava-strateske-ciljeve\/"},"author":{"name":"Lindstr\u00f6m Group","@id":"https:\/\/lindstromgroup.com\/rs\/#\/schema\/person\/9111900e3f15be99cf4a104112bf0bc3"},"headline":"Radna ode\u0107a na Me\u0111unarodnom aerodromu Riga podr\u017eava strate\u0161ke ciljeve","datePublished":"2026-01-22T11:58:04+00:00","dateModified":"2026-01-22T11:58:05+00:00","mainEntityOfPage":{"@id":"https:\/\/lindstromgroup.com\/rs\/price-nasih-klijenata\/radna-odeca-na-medjunarodnom-aerodromu-riga-podrzava-strateske-ciljeve\/"},"wordCount":527,"publisher":{"@id":"https:\/\/lindstromgroup.com\/rs\/#organization"},"image":{"@id":"https:\/\/lindstromgroup.com\/rs\/price-nasih-klijenata\/radna-odeca-na-medjunarodnom-aerodromu-riga-podrzava-strateske-ciljeve\/#primaryimage"},"thumbnailUrl":"https:\/\/d2ris6qfzcz0wn.cloudfront.net\/wp-content\/uploads\/sites\/18\/2026\/01\/Lindstrom_IMG_1888_MM.jpg","keywords":["#bezbednost","#korisni\u010dko iskustvo","#radna odela","#visoka vidljivost"],"articleSection":["Pri\u010de na\u0161ih klijenata"],"inLanguage":"sr-RS"},{"@type":"WebPage","@id":"https:\/\/lindstromgroup.com\/rs\/price-nasih-klijenata\/radna-odeca-na-medjunarodnom-aerodromu-riga-podrzava-strateske-ciljeve\/","url":"https:\/\/lindstromgroup.com\/rs\/price-nasih-klijenata\/radna-odeca-na-medjunarodnom-aerodromu-riga-podrzava-strateske-ciljeve\/","name":"Radna ode\u0107a na Me\u0111unarodnom aerodromu Riga podr\u017eava strate\u0161ke ciljeve - Lindstr\u00f6m Serbia","isPartOf":{"@id":"https:\/\/lindstromgroup.com\/rs\/#website"},"primaryImageOfPage":{"@id":"https:\/\/lindstromgroup.com\/rs\/price-nasih-klijenata\/radna-odeca-na-medjunarodnom-aerodromu-riga-podrzava-strateske-ciljeve\/#primaryimage"},"image":{"@id":"https:\/\/lindstromgroup.com\/rs\/price-nasih-klijenata\/radna-odeca-na-medjunarodnom-aerodromu-riga-podrzava-strateske-ciljeve\/#primaryimage"},"thumbnailUrl":"https:\/\/d2ris6qfzcz0wn.cloudfront.net\/wp-content\/uploads\/sites\/18\/2026\/01\/Lindstrom_IMG_1888_MM.jpg","datePublished":"2026-01-22T11:58:04+00:00","dateModified":"2026-01-22T11:58:05+00:00","description":"Me\u0111unarodni aerodrom Riga mo\u017ee da ra\u010duna na Lindstr\u00f6m koji uvek obezbe\u0111uje dovoljnu koli\u010dinu radne ode\u0107e, u skladu sa rastu\u0107im potrebama.","breadcrumb":{"@id":"https:\/\/lindstromgroup.com\/rs\/price-nasih-klijenata\/radna-odeca-na-medjunarodnom-aerodromu-riga-podrzava-strateske-ciljeve\/#breadcrumb"},"inLanguage":"sr-RS","potentialAction":[{"@type":"ReadAction","target":["https:\/\/lindstromgroup.com\/rs\/price-nasih-klijenata\/radna-odeca-na-medjunarodnom-aerodromu-riga-podrzava-strateske-ciljeve\/"]}]},{"@type":"ImageObject","inLanguage":"sr-RS","@id":"https:\/\/lindstromgroup.com\/rs\/price-nasih-klijenata\/radna-odeca-na-medjunarodnom-aerodromu-riga-podrzava-strateske-ciljeve\/#primaryimage","url":"https:\/\/d2ris6qfzcz0wn.cloudfront.net\/wp-content\/uploads\/sites\/18\/2026\/01\/Lindstrom_IMG_1888_MM.jpg","contentUrl":"https:\/\/d2ris6qfzcz0wn.cloudfront.net\/wp-content\/uploads\/sites\/18\/2026\/01\/Lindstrom_IMG_1888_MM.jpg","width":1500,"height":914},{"@type":"BreadcrumbList","@id":"https:\/\/lindstromgroup.com\/rs\/price-nasih-klijenata\/radna-odeca-na-medjunarodnom-aerodromu-riga-podrzava-strateske-ciljeve\/#breadcrumb","itemListElement":[{"@type":"ListItem","position":1,"name":"Home","item":"https:\/\/lindstromgroup.com\/rs\/"},{"@type":"ListItem","position":2,"name":"Pri\u010de na\u0161ih klijenata","item":"https:\/\/lindstromgroup.com\/rs\/category\/price-nasih-klijenata\/"},{"@type":"ListItem","position":3,"name":"Radna ode\u0107a na Me\u0111unarodnom aerodromu Riga podr\u017eava strate\u0161ke ciljeve"}]},{"@type":"WebSite","@id":"https:\/\/lindstromgroup.com\/rs\/#website","url":"https:\/\/lindstromgroup.com\/rs\/","name":"Lindstr\u00f6m Serbia","description":"","publisher":{"@id":"https:\/\/lindstromgroup.com\/rs\/#organization"},"potentialAction":[{"@type":"SearchAction","target":{"@type":"EntryPoint","urlTemplate":"https:\/\/lindstromgroup.com\/rs\/?s={search_term_string}"},"query-input":{"@type":"PropertyValueSpecification","valueRequired":true,"valueName":"search_term_string"}}],"inLanguage":"sr-RS"},{"@type":"Organization","@id":"https:\/\/lindstromgroup.com\/rs\/#organization","name":"Lindstr\u00f6m Serbia","url":"https:\/\/lindstromgroup.com\/rs\/","logo":{"@type":"ImageObject","inLanguage":"sr-RS","@id":"https:\/\/lindstromgroup.com\/rs\/#\/schema\/logo\/image\/","url":"https:\/\/d2ris6qfzcz0wn.cloudfront.net\/wp-content\/uploads\/sites\/12\/2023\/10\/Logo512.png","contentUrl":"https:\/\/d2ris6qfzcz0wn.cloudfront.net\/wp-content\/uploads\/sites\/12\/2023\/10\/Logo512.png","width":512,"height":109,"caption":"Lindstr\u00f6m Serbia"},"image":{"@id":"https:\/\/lindstromgroup.com\/rs\/#\/schema\/logo\/image\/"}},{"@type":"Person","@id":"https:\/\/lindstromgroup.com\/rs\/#\/schema\/person\/9111900e3f15be99cf4a104112bf0bc3","name":"Lindstr\u00f6m Group","image":{"@type":"ImageObject","inLanguage":"sr-RS","@id":"https:\/\/d2ris6qfzcz0wn.cloudfront.net\/wp-content\/uploads\/sites\/12\/2024\/05\/logo_Red_V01-150x150.png4e6931f6b0730f03230376f66a842988","url":"https:\/\/d2ris6qfzcz0wn.cloudfront.net\/wp-content\/uploads\/sites\/12\/2024\/05\/logo_Red_V01-150x150.png","contentUrl":"https:\/\/d2ris6qfzcz0wn.cloudfront.net\/wp-content\/uploads\/sites\/12\/2024\/05\/logo_Red_V01-150x150.png","caption":"Lindstr\u00f6m Group"}}]}},"publishpress_future_workflow_manual_trigger":{"enabledWorkflows":[]},"distributor_meta":false,"distributor_terms":false,"distributor_media":false,"distributor_original_site_name":"Lindstr\u00f6m Serbia","distributor_original_site_url":"https:\/\/lindstromgroup.com\/rs","push-errors":false,"_links":{"self":[{"href":"https:\/\/lindstromgroup.com\/rs\/wp-json\/wp\/v2\/posts\/19856","targetHints":{"allow":["GET"]}}],"collection":[{"href":"https:\/\/lindstromgroup.com\/rs\/wp-json\/wp\/v2\/posts"}],"about":[{"href":"https:\/\/lindstromgroup.com\/rs\/wp-json\/wp\/v2\/types\/post"}],"author":[{"embeddable":true,"href":"https:\/\/lindstromgroup.com\/rs\/wp-json\/wp\/v2\/users\/14"}],"replies":[{"embeddable":true,"href":"https:\/\/lindstromgroup.com\/rs\/wp-json\/wp\/v2\/comments?post=19856"}],"version-history":[{"count":0,"href":"https:\/\/lindstromgroup.com\/rs\/wp-json\/wp\/v2\/posts\/19856\/revisions"}],"wp:featuredmedia":[{"embeddable":true,"href":"https:\/\/lindstromgroup.com\/rs\/wp-json\/wp\/v2\/media\/19857"}],"wp:attachment":[{"href":"https:\/\/lindstromgroup.com\/rs\/wp-json\/wp\/v2\/media?parent=19856"}],"wp:term":[{"taxonomy":"category","embeddable":true,"href":"https:\/\/lindstromgroup.com\/rs\/wp-json\/wp\/v2\/categories?post=19856"},{"taxonomy":"post_tag","embeddable":true,"href":"https:\/\/lindstromgroup.com\/rs\/wp-json\/wp\/v2\/tags?post=19856"},{"taxonomy":"author","embeddable":true,"href":"https:\/\/lindstromgroup.com\/rs\/wp-json\/wp\/v2\/coauthors?post=19856"}],"curies":[{"name":"wp","href":"https:\/\/api.w.org\/{rel}","templated":true}]}}