
    {"id":19258,"date":"2025-08-26T12:50:51","date_gmt":"2025-08-26T10:50:51","guid":{"rendered":"https:\/\/lindstromgroup.com\/rs\/?p=19258"},"modified":"2025-08-26T12:51:40","modified_gmt":"2025-08-26T10:51:40","slug":"gohr-10-godina-koriscenja-iznajmljene-radne-odece","status":"publish","type":"post","link":"https:\/\/lindstromgroup.com\/rs\/price-nasih-klijenata\/gohr-10-godina-koriscenja-iznajmljene-radne-odece\/","title":{"rendered":"GOHR \u2013 10 godina kori\u0161\u0107enja iznajmljene radne ode\u0107e \u00a0"},"content":{"rendered":"\n<p>U proizvodnji \u010deli\u010dnih konstrukcija, bezbednost, udobnost i efikasnost radne odec\u0301e su klju\u010dni za uspe\u0161no poslovanje. GOHR s.r.o, <a href=\"https:\/\/www.eng.gohr.sk\/\" target=\"_blank\" rel=\"noreferrer noopener\">slova\u010dka kompanija specijalizovana za te\u0161ke \u010deli\u010dne konstrukcije<\/a>, ima dugogodi\u0161nje iskustvo sa uslugama iznajmljivanja radne odec\u0301e kompanije Lindstr\u00f6m.<\/p>\n\n\n\n<p>Usluge iznajmljivanja radne odec\u0301e omoguc\u0301ile su GOHR-u da pobolj\u0161a operativne procese, obezbedi zaposlenima pouzdanu za\u0161titu i osigura visok standard radnog okru\u017eenja. Za kompanije koje posluju u automobilskoj, ili ma\u0161inskoj industriji, iskustvo GOHR s.r.o. slu\u017ei kao odli\u010dan primer kako vam ulaganje u kvalitetnu radnu odec\u0301u mo\u017ee doneti veoma vredne koristi.<\/p>\n\n\n\n<div style=\"height:27px\" aria-hidden=\"true\" class=\"wp-block-spacer\"><\/div>\n\n\n\n<figure class=\"wp-block-embed is-type-video is-provider-youtube wp-block-embed-youtube wp-embed-aspect-16-9 wp-has-aspect-ratio\"><div class=\"wp-block-embed__wrapper\">\n<iframe loading=\"lazy\" title=\"10+ years of trusted partnership with GOHR s.r.o. | Lindstr\u00f6m\" width=\"500\" height=\"281\" src=\"https:\/\/www.youtube.com\/embed\/3cDar6Cvc50?feature=oembed&#038;enablejsapi=1&#038;origin=https:\/\/lindstromgroup.com\" frameborder=\"0\" allow=\"accelerometer; autoplay; clipboard-write; encrypted-media; gyroscope; picture-in-picture; web-share\" referrerpolicy=\"strict-origin-when-cross-origin\" allowfullscreen><\/iframe>\n<\/div><\/figure>\n\n\n\n<div style=\"height:27px\" aria-hidden=\"true\" class=\"wp-block-spacer\"><\/div>\n\n\n\n<h3 class=\"wp-block-heading\"><strong>GOHR-u je bilo potrebno pouzdano i efikasno re\u0161enje za radnu odec\u0301u<\/strong><\/h3>\n\n\n\n<p>Pre deset godina, kompanija GOHR s.r.o. je odlu\u010dila da promeni dobavlja\u010da radne odec\u0301e, jer njen prethodni sistem nije ispunjavao svoju svrhu. Radni uslovi u GOHR-u zahtevaju \u010desto pranje, popravke i redovnu zamenu odec\u0301e. \u0160tavi\u0161e, kompanija je morala da uspostavi vec\u0301u transparentnost i da obezbedi da svi zaposleni imaju stalni pristup \u010distoj i funkcionalnoj radnoj odec\u0301i.<\/p>\n\n\n\n<div style=\"height:27px\" aria-hidden=\"true\" class=\"wp-block-spacer\"><\/div>\n\n\n\n<figure class=\"wp-block-image size-full is-resized\"><img decoding=\"async\" width=\"768\" height=\"565\" src=\"https:\/\/d2ris6qfzcz0wn.cloudfront.net\/wp-content\/uploads\/sites\/18\/2025\/08\/Vo-vyrobe-768x565-1.webp\" alt=\"\" class=\"wp-image-19270\" style=\"width:940px;height:auto\" srcset=\"https:\/\/d2ris6qfzcz0wn.cloudfront.net\/wp-content\/uploads\/sites\/18\/2025\/08\/Vo-vyrobe-768x565-1.webp 768w, https:\/\/d2ris6qfzcz0wn.cloudfront.net\/wp-content\/uploads\/sites\/18\/2025\/08\/Vo-vyrobe-768x565-1-300x221.webp 300w\" sizes=\"(max-width: 768px) 100vw, 768px\" \/><\/figure>\n\n\n\n<h3 class=\"wp-block-heading\"><strong>Dokazani kvalitet i pouzdanost<\/strong><\/h3>\n\n\n\n<p>Lindstr\u00f6m je preuzeo odgovornost za pranje, zamenu i popravku radne odec\u0301e po\u010dev\u0161i od 2014. godine.<\/p>\n\n\n\n<p>Od tada, zaposleni imaju pristup \u010distoj, funkcionalnoj i bezbednoj odec\u0301i, koja se redovno servisira bez potrebe za dugotrajnim internim odr\u017eavanjem. Lindstr\u00f6m obezbe\u0111uje besprekoran proces zamene odec\u0301e, popravki i logistike, zna\u010dajno pojednostavljujuc\u0301i upravljanje radnom odec\u0301om.<\/p>\n\n\n\n<h3 class=\"wp-block-heading\"><strong>Tehnolo\u0161ka podr\u0161ka i transparentnost<\/strong><\/h3>\n\n\n\n<p>Lindstr\u00f6mova usluga iznajmljivanja radne odec\u0301e tako\u0111e uklju\u010duje i prac\u0301enje cirkulacije odec\u0301e putem RFID \u010dipova koji su ugra\u0111eni u svaki komad odec\u0301e. Mese\u010dni pregledi inventara poma\u017eu GOHR-u da odr\u017ei jasan pregled  i uvid u dostupnost odec\u0301e, \u0161to zna\u010dajno doprinosi efikasnom upravljanju zalihama.<\/p>\n\n\n\n<p>\u201eSvakog meseca vr\u0161imo preglede inventara, kako bismo proverili status odec\u0301e korisnika. Ova usluga tako\u0111e uklju\u010duje ugradnju \u010dipova u kombinezone, \u0161to nam daje ta\u010dan pregled kada je radna odec\u0301a u upotrebi ili u perionici ode\u0107e\u201c, obja\u0161njava g. Roko\u0161ni. Ovaj nivo transparentnosti i automatizacije, putem <a href=\"https:\/\/lindstromgroup.com\/rs\/clanci\/elindstrom-transparentnost-i-kontrola-vama-na-dohvat-ruke\/\" target=\"_blank\" rel=\"noreferrer noopener\">digitalne platforme eLindstr\u00f6m<\/a>, predstavlja veliku prednost za menad\u017eere u industrijama u kojima je neophodno stalno prac\u0301enje materijala i opreme.<\/p>\n\n\n\n<div style=\"height:27px\" aria-hidden=\"true\" class=\"wp-block-spacer\"><\/div>\n\n\n\n<figure class=\"wp-block-image size-full\"><img decoding=\"async\" width=\"1024\" height=\"492\" src=\"https:\/\/d2ris6qfzcz0wn.cloudfront.net\/wp-content\/uploads\/sites\/18\/2025\/08\/zavaranie-1024x492-1.jpg\" alt=\"\" class=\"wp-image-19271\" srcset=\"https:\/\/d2ris6qfzcz0wn.cloudfront.net\/wp-content\/uploads\/sites\/18\/2025\/08\/zavaranie-1024x492-1.jpg 1024w, https:\/\/d2ris6qfzcz0wn.cloudfront.net\/wp-content\/uploads\/sites\/18\/2025\/08\/zavaranie-1024x492-1-300x144.jpg 300w, https:\/\/d2ris6qfzcz0wn.cloudfront.net\/wp-content\/uploads\/sites\/18\/2025\/08\/zavaranie-1024x492-1-768x369.jpg 768w\" sizes=\"(max-width: 1024px) 100vw, 1024px\" \/><\/figure>\n\n\n\n<h3 class=\"wp-block-heading\"><strong>Udobnost i za\u0161tita zaposlenih<\/strong><\/h3>\n\n\n\n<p>Zaposleni u GOHR-u hvale udobnost i za\u0161titu koju pru\u017ea njihova radna odec\u0301a. &#8222;Iskreno, ne mogu ni da zamislim kako bi bilo da moram sam da brinem o radnoj odec\u0301i kod kuc\u0301e&#8220;, ka\u017ee Pavol Dvor\u0161\u010dak, predradnik.<\/p>\n\n\n\n<blockquote class=\"wp-block-quote is-layout-flow wp-block-quote-is-layout-flow\">\n<p>Bio sam iznena\u0111en jer ova ode\u0107a nije samo udobna, vec\u0301 i funkcionalna, dizajnirana da me za\u0161titi u rizi\u010dnim situacijama.<\/p>\n\n\n\n<p><strong>Pavol Dvor\u0161\u010d\u00e1k, predradnik u GOHR s.r.o.<\/strong><\/p>\n<\/blockquote>\n\n\n\n<p><a href=\"https:\/\/lindstromgroup.com\/rs\/usluge\/iznajmljivanje-radne-odece\/\" target=\"_blank\" rel=\"noreferrer noopener\">Lindstr\u00f6mova radna odec\u0301a<\/a> je dizajnirana imajuc\u0301i u vidu bezbednost prilikom rada sa te\u0161kim ma\u0161inama, a istovremeno pru\u017ea i visok nivo udobnosti. Odec\u0301a je sertifikovana prema strogim standardima, kako bi za\u0161titila korisnike od rizika tokom zavarivanja i drugih opasnih aktivnosti. Zahvaljujuc\u0301i ovoj odec\u0301i, zaposleni u GOHR-u znaju da radna odec\u0301a ne samo da ih \u0161titi, vec\u0301 im i omoguc\u0301ava i efikasan i udoban rad.<\/p>\n\n\n\n<h2 class=\"wp-block-heading\">Rezultati: pobolj\u0161ana efikasnost, bezbednost i zadovoljstvo zaposlenih<\/h2>\n\n\n\n    <div \n        id=\"block_29d99fb1d674406af6fd69fe58fb770e\"\n        class=\"value-props value-props--block_29d99fb1d674406af6fd69fe58fb770e \"\n    >\n                                <div class=\"value-props__cards\">\n                            <div class=\"value-props__card\" style=\"border: 1px solid #003f72\">\n                    <div class=\"card__content\">\n                        \n        <div class='content__circle' style='background-color: #003f72'>\n            <div class='circle__number'>\n                1\n            <\/div>\n        <\/div>\n                                <div class=\"content__title\" style=\"color: \">\n                            Bezbednost i udobnost                        <\/div>\n                                                    <div class=\"content__description\" style=\"color: \">\n                                Zaposleni u GOHR-u cene udobnost i pouzdanost koju im radna odec\u0301a pru\u017ea. Dizajnirana je imajuc\u0301i u vidu te\u0161ke uslove rada i nudi sertifikovanu za\u0161titu od rizika kao \u0161to su plamen i vrelina.                            <\/div>\n                                            <\/div>\n                <\/div>\n                            <div class=\"value-props__card\" style=\"border: 1px solid #003f72\">\n                    <div class=\"card__content\">\n                        \n        <div class='content__circle' style='background-color: #003f72'>\n            <div class='circle__number'>\n                2\n            <\/div>\n        <\/div>\n                                <div class=\"content__title\" style=\"color: \">\n                            U\u0161tede vremena i efikasnost                        <\/div>\n                                                    <div class=\"content__description\" style=\"color: \">\n                                Uz Lindstr\u00f6movo holisti\u010dko upravljanjem radnom odec\u0301om, GOHR mo\u017ee da se koncentri\u0161e na svoje osnovno poslovanje. Zahvaljujuc\u0301i redovnom odr\u017eavanju, odec\u0301a spremna za upotrebu je uvek dostupna, \u0161to smanjuje gubitak vremena zbog nedostupnosti \u010diste radne odec\u0301e.                            <\/div>\n                                            <\/div>\n                <\/div>\n                            <div class=\"value-props__card\" style=\"border: 1px solid #003f72\">\n                    <div class=\"card__content\">\n                        \n        <div class='content__circle' style='background-color: #003f72'>\n            <div class='circle__number'>\n                3\n            <\/div>\n        <\/div>\n                                <div class=\"content__title\" style=\"color: \">\n                            Transparentnost i kontrola                        <\/div>\n                                                    <div class=\"content__description\" style=\"color: \">\n                                Pametna i digitalna re\u0161enja za upravljanje radnom odec\u0301om pru\u017eaju transparentnost. Mese\u010dni inventar i elektronski sistem za prac\u0301enje odec\u0301e daju ta\u010dne informacije o lokaciji svakog komada ode\u0107e, \u0161to znatno olak\u0161ava upravljanje i eliminisanje gubitaka.                            <\/div>\n                                            <\/div>\n                <\/div>\n                        <\/div>\n            <\/div>\n\n\n\n<h2 class=\"wp-block-heading\"><strong>Zadovoljstvo zaposlenih je visoko uz udobnu i prakti\u010dnu radnu odec\u0301u<\/strong><\/h2>\n\n\n\n<div class=\"wp-block-columns is-layout-flex wp-container-core-columns-is-layout-28f84493 wp-block-columns-is-layout-flex\">\n<div class=\"wp-block-column is-layout-flow wp-block-column-is-layout-flow\">\n<figure class=\"wp-block-image size-full\"><img decoding=\"async\" width=\"768\" height=\"768\" src=\"https:\/\/d2ris6qfzcz0wn.cloudfront.net\/wp-content\/uploads\/sites\/18\/2025\/08\/image-1-768x768-1.jpeg\" alt=\"\" class=\"wp-image-19272\" srcset=\"https:\/\/d2ris6qfzcz0wn.cloudfront.net\/wp-content\/uploads\/sites\/18\/2025\/08\/image-1-768x768-1.jpeg 768w, https:\/\/d2ris6qfzcz0wn.cloudfront.net\/wp-content\/uploads\/sites\/18\/2025\/08\/image-1-768x768-1-300x300.jpeg 300w, https:\/\/d2ris6qfzcz0wn.cloudfront.net\/wp-content\/uploads\/sites\/18\/2025\/08\/image-1-768x768-1-150x150.jpeg 150w\" sizes=\"(max-width: 768px) 100vw, 768px\" \/><\/figure>\n<\/div>\n\n\n\n<div class=\"wp-block-column is-vertically-aligned-center is-layout-flow wp-block-column-is-layout-flow\">\n<blockquote class=\"wp-block-quote is-layout-flow wp-block-quote-is-layout-flow\">\n<p>U su\u0161tini, kombinezoni radnika su uvek \u010disti, tako da je to odli\u010dna usluga.<\/p>\n\n\n\n<p><strong>Jaroslav \u0160arvan, \u0161ef tehnolo\u0161ke pripreme proizvodnje, GOHR, sro\u00a0<\/strong><\/p>\n<\/blockquote>\n\n\n\n<p>&#8222;Ulaganje u iznajmljivanje radne odec\u0301e nije samo stvar udobnosti i bezbednosti, vec\u0301 i sveukupnog pobolj\u0161anja operacija i poslovanja kompanije&#8220;,\u00a0dodaje Jaroslav \u0160arvan.<\/p>\n<\/div>\n<\/div>\n\n\n\n<h2 class=\"wp-block-heading\"><strong>GOHR toplo preporu\u010duje Lindstr\u00f6m svim kompanijama iz ove industrije<\/strong><\/h2>\n\n\n\n<div class=\"wp-block-columns is-layout-flex wp-container-core-columns-is-layout-28f84493 wp-block-columns-is-layout-flex\">\n<div class=\"wp-block-column is-vertically-aligned-center is-layout-flow wp-block-column-is-layout-flow\">\n<blockquote class=\"wp-block-quote is-layout-flow wp-block-quote-is-layout-flow\">\n<p>Preporu\u010dili bismo Lindstr\u00f6movu uslugu svim kompanijama kojima je stalo do bezbednosti, kvaliteta i odr\u017eavanja radne odec\u0301e bez po muke i bez brige.<\/p>\n\n\n\n<p><strong>Miroslav Roko\u0161n\u00fd, MBA, HR menad\u017eer, GOHR<\/strong><\/p>\n<\/blockquote>\n<\/div>\n\n\n\n<div class=\"wp-block-column is-layout-flow wp-block-column-is-layout-flow\">\n<figure class=\"wp-block-image size-full\"><img decoding=\"async\" width=\"768\" height=\"768\" src=\"https:\/\/d2ris6qfzcz0wn.cloudfront.net\/wp-content\/uploads\/sites\/18\/2025\/08\/image-768x768-1.jpeg\" alt=\"\" class=\"wp-image-19273\" srcset=\"https:\/\/d2ris6qfzcz0wn.cloudfront.net\/wp-content\/uploads\/sites\/18\/2025\/08\/image-768x768-1.jpeg 768w, https:\/\/d2ris6qfzcz0wn.cloudfront.net\/wp-content\/uploads\/sites\/18\/2025\/08\/image-768x768-1-300x300.jpeg 300w, https:\/\/d2ris6qfzcz0wn.cloudfront.net\/wp-content\/uploads\/sites\/18\/2025\/08\/image-768x768-1-150x150.jpeg 150w\" sizes=\"(max-width: 768px) 100vw, 768px\" \/><\/figure>\n<\/div>\n<\/div>\n\n\n\n<p>Za GOHR, Lindstr\u00f6mova usluga iznajmljivanja je bila prekretnica, jer je pobolj\u0161ala bezbednost, efikasnost i zadovoljstvo zaposlenih.<\/p>\n\n\n\n<p>Prepu\u0161tanjem kompletne usluge u vezi sa radnom odec\u0301om pouzdanom eksternom partneru kao \u0161to je Lindstr\u00f6m, kompanije u te\u0161koj industriji, proizvodnji i drugim zahtevnim sektorima mogu da elimini\u0161u nepotrebne komplikacije, poput vremena i truda ulo\u017eenih u pranje, popravke i zamene radne odec\u0301e i da pobolj\u0161aju svoju operativnu efikasnost.<\/p>\n\n\n\n<div style=\"height:17px\" aria-hidden=\"true\" class=\"wp-block-spacer\"><\/div>\n\n\n\n    <div \n        id=\"cta-with-image-block_b7c23f039b40bb891fb279cde8911a56\" \n        class=\"cta-with-image\"\n    >\n        <div class=\"cta__content\" style=\"color: #ffffff; background-color: #003f72\">\n            <div class=\"content__title\">\u017delite li besplatnu probu na\u0161e usluge?<\/div>\n            <div class=\"content__description\">Besplatna proba usluge iznajmljivanja radne ode\u0107e: uverite se li\u010dno u kvalitet na\u0161e usluge.<\/div>\n            <div class=\"content__button-links\">\n                                    <div class=\"button-link\">\n                        <a \n                            href=\"https:\/\/lindstromgroup.com\/rs\/besplatna-proba-usluge-iznajmljivanja-radnih-uniformi\/#contact\" \n                            style=\"background-color: #003f72; color: #ffffff; border: 2px solid \"\n                        >\n                            Po\u0161aljite zahtev za besplatni probni period                        <\/a>\n                    <\/div>\n                            <\/div>\n        <\/div>\n        <div class=\"cta__image\"><img decoding=\"async\" src=\"https:\/\/d2ris6qfzcz0wn.cloudfront.net\/wp-content\/uploads\/sites\/18\/2024\/10\/Service-representative_with-customer_007_Lindstrom-1-768x513-1.jpg\" alt=\"\" \/><\/div>\n    <\/div>\n\n\n\n<p><\/p>\n\n\n\n<h2 class=\"wp-block-heading\">Mo\u017eda \u0107e vas zanimati i ovo:<\/h2>\n\n\n\n<style>\n    @media only screen and (max-width: 1200px) {\n        #block_7c0b34f40f8598cd7f503f8110c5ebc2 .blogposts__container {\n            grid-template-columns: repeat(4, 1fr);\n        }\n    }\n<\/style>\n\n            <div \n            id=\"block_7c0b34f40f8598cd7f503f8110c5ebc2\" \n            class=\"blogposts blogposts--block_7c0b34f40f8598cd7f503f8110c5ebc2 \"\n        >\n            <div class=\"blogposts\">\n                <div class=\"blogposts__container post-row\">\n                    \n        <div class='post-card relative' data-index='19741'>\n            <img\n                class='post-card__image' \n                src='https:\/\/d2ris6qfzcz0wn.cloudfront.net\/wp-content\/uploads\/sites\/18\/2025\/11\/Narezano.00_00_26_14.Still008-1024x576.jpg' \n                alt='Radne uniforme za metalnu industriju: kako Tehnika MB standardizuje kvalitet i bezbednost zavariva\u010da i bravara uz Lindstr\u00f6m' \n            \/>\n            <div class='post-card__content'>\n                <div class='post-card__categories z-20'>\n            <a\n                class='post-card__category'\n                href='https:\/\/lindstromgroup.com\/rs\/category\/price-nasih-klijenata\/'\n            >\n                Pri\u010de na\u0161ih klijenata\n            <\/a><\/div>\n                <div class='post-card__title'>\n                    Radne uniforme za metalnu industriju: kako Tehnika MB standardizuje kvalitet i bezbednost zavariva\u010da i bravara uz Lindstr\u00f6m\n                <\/div>\n                <p class='post-card__excerpt'>\n                    Kako Tehnika MB standardizuje kvalitet i bezbednost zavariva\u010da i bravara uz Lindstr\u00f6m WelderPro uniforme i odr\u017eivo upravlja radnom ode\u0107om.\n                <\/p>\n                <div class='post-card__tags z-20'>\n            <a\n                class='post-card__tag'\n                href='https:\/\/lindstromgroup.com\/rs\/tag\/bezbednost\/'\n                style='border: 1px solid ; color: ;'\n            >\n                #bezbednost\n            <\/a>\n            <a\n                class='post-card__tag'\n                href='https:\/\/lindstromgroup.com\/rs\/tag\/korisnicko-iskustvo\/'\n                style='border: 1px solid ; color: ;'\n            >\n                #korisni\u010dko iskustvo\n            <\/a>\n            <a\n                class='post-card__tag'\n                href='https:\/\/lindstromgroup.com\/rs\/tag\/metalna-industrija\/'\n                style='border: 1px solid ; color: ;'\n            >\n                #metalna industrija\n            <\/a>\n            <a\n                class='post-card__tag'\n                href='https:\/\/lindstromgroup.com\/rs\/tag\/radna-odela\/'\n                style='border: 1px solid ; color: ;'\n            >\n                #radna odela\n            <\/a>\n            <a\n                class='post-card__tag'\n                href='https:\/\/lindstromgroup.com\/rs\/tag\/welderpro-2\/'\n                style='border: 1px solid ; color: ;'\n            >\n                #welderpro\n            <\/a><\/div>\n            <\/div>\n            <a href='\/rs\/price-nasih-klijenata\/kako-tehnika-mb-standardizuje-kvalitet-i-bezbednost-zavarivaca-i-bravara\/' class='absolute inset-0 w-full h-full z-10'><\/a>\n        <\/div>\n    \n        <div class='post-card relative' data-index='17769'>\n            <img\n                class='post-card__image' \n                src='https:\/\/d2ris6qfzcz0wn.cloudfront.net\/wp-content\/uploads\/sites\/18\/2024\/10\/OMCO-Metals-Slovenia-2-1024x576-c.jpg' \n                alt='Kako OMCO Metals Slovenija obezbe\u0111uje vrhunsko radno okru\u017eenje i za\u0161titu zaposlenih' \n            \/>\n            <div class='post-card__content'>\n                <div class='post-card__categories z-20'>\n            <a\n                class='post-card__category'\n                href='https:\/\/lindstromgroup.com\/rs\/category\/price-nasih-klijenata\/'\n            >\n                Pri\u010de na\u0161ih klijenata\n            <\/a><\/div>\n                <div class='post-card__title'>\n                    Kako OMCO Metals Slovenija obezbe\u0111uje vrhunsko radno okru\u017eenje i za\u0161titu zaposlenih\n                <\/div>\n                <p class='post-card__excerpt'>\n                    U OMCO Metals Slovenija optimalni radni uslovi za zaposlene su od ogromne va\u017enosti, ne bi li kompanija zadr\u017eala konkurentsku prednost. Fleksibilnost Lindstr\u00f6move usluge im mnogo poma\u017ee u kreiranju bezbednog i atraktivnog radnog mesta.\n                <\/p>\n                <div class='post-card__tags z-20'>\n            <a\n                class='post-card__tag'\n                href='https:\/\/lindstromgroup.com\/rs\/tag\/dizajn-staze\/'\n                style='border: 1px solid ; color: ;'\n            >\n                #dizajn staze\n            <\/a>\n            <a\n                class='post-card__tag'\n                href='https:\/\/lindstromgroup.com\/rs\/tag\/masinska-industrija\/'\n                style='border: 1px solid ; color: ;'\n            >\n                #ma\u0161inska industrija\n            <\/a>\n            <a\n                class='post-card__tag'\n                href='https:\/\/lindstromgroup.com\/rs\/tag\/metalna-industrija\/'\n                style='border: 1px solid ; color: ;'\n            >\n                #metalna industrija\n            <\/a>\n            <a\n                class='post-card__tag'\n                href='https:\/\/lindstromgroup.com\/rs\/tag\/radna-odela\/'\n                style='border: 1px solid ; color: ;'\n            >\n                #radna odela\n            <\/a>\n            <a\n                class='post-card__tag'\n                href='https:\/\/lindstromgroup.com\/rs\/tag\/staze-i-otiraci\/'\n                style='border: 1px solid ; color: ;'\n            >\n                #staze i otira\u010di\n            <\/a><\/div>\n            <\/div>\n            <a href='\/rs\/price-nasih-klijenata\/kako-omco-metals-slovenija-obezbedjuje-vrhunsko-radno-okruzenje-i-zastitu-zaposlenih\/' class='absolute inset-0 w-full h-full z-10'><\/a>\n        <\/div>\n    \n        <div class='post-card relative' data-index='17020'>\n            <img\n                class='post-card__image' \n                src='https:\/\/d2ris6qfzcz0wn.cloudfront.net\/wp-content\/uploads\/sites\/18\/2024\/05\/004_Lindstrom_2016_hires_final-1024x684.jpg' \n                alt='Mikrotec Optika &#8211; primarna delatnost u fokusu' \n            \/>\n            <div class='post-card__content'>\n                <div class='post-card__categories z-20'>\n            <a\n                class='post-card__category'\n                href='https:\/\/lindstromgroup.com\/rs\/category\/price-nasih-klijenata\/'\n            >\n                Pri\u010de na\u0161ih klijenata\n            <\/a><\/div>\n                <div class='post-card__title'>\n                    Mikrotec Optika &#8211; primarna delatnost u fokusu\n                <\/div>\n                <p class='post-card__excerpt'>\n                    Mikrotec Optika je k\u0107erka firma kompanije Mikrop AG iz \u0160vajcarske. Lindstr\u00f6mova usluga iznajmljivanja staza i otira\u010da odr\u017eava njihove zaposlene bezbednim, a prostorije \u010distim.\n                <\/p>\n                <div class='post-card__tags z-20'>\n            <a\n                class='post-card__tag'\n                href='https:\/\/lindstromgroup.com\/rs\/tag\/medicina\/'\n                style='border: 1px solid ; color: ;'\n            >\n                #medicina\n            <\/a>\n            <a\n                class='post-card__tag'\n                href='https:\/\/lindstromgroup.com\/rs\/tag\/proizvodna-industrija\/'\n                style='border: 1px solid ; color: ;'\n            >\n                #proizvodna industrija\n            <\/a>\n            <a\n                class='post-card__tag'\n                href='https:\/\/lindstromgroup.com\/rs\/tag\/staze-i-otiraci\/'\n                style='border: 1px solid ; color: ;'\n            >\n                #staze i otira\u010di\n            <\/a><\/div>\n            <\/div>\n            <a href='\/rs\/price-nasih-klijenata\/mikrotec-optika-primarna-delatnost-u-fokusu\/' class='absolute inset-0 w-full h-full z-10'><\/a>\n        <\/div>\n                    <\/div>\n                <div class=\"post-row-mobile-carousel\"><\/div>\n            <\/div>\n        <\/div>\n    ","protected":false},"excerpt":{"rendered":"<p>Otkrijte kako je GOHR pobolj\u0161ao bezbednost, efikasnost i zadovoljstvo zaposlenih Lindstr\u00f6movom uslugom radne odec\u0301e u metalskoj industriji.<\/p>\n","protected":false},"author":14,"featured_media":19259,"comment_status":"closed","ping_status":"open","sticky":false,"template":"","format":"standard","meta":{"_acf_changed":false,"inline_featured_image":false,"_eb_attr":"","site-sidebar-layout":"default","site-content-layout":"default","ast-site-content-layout":"default","site-content-style":"default","site-sidebar-style":"default","ast-global-header-display":"","ast-banner-title-visibility":"","ast-main-header-display":"","ast-hfb-above-header-display":"","ast-hfb-below-header-display":"","ast-hfb-mobile-header-display":"","site-post-title":"","ast-breadcrumbs-content":"","ast-featured-img":"","footer-sml-layout":"","ast-disable-related-posts":"","theme-transparent-header-meta":"","adv-header-id-meta":"","stick-header-meta":"","header-above-stick-meta":"","header-main-stick-meta":"","header-below-stick-meta":"","astra-migrate-meta-layouts":"set","ast-page-background-enabled":"default","ast-page-background-meta":{"desktop":{"background-color":"var(--ast-global-color-4)","background-image":"","background-repeat":"repeat","background-position":"center center","background-size":"auto","background-attachment":"scroll","background-type":"","background-media":"","overlay-type":"","overlay-color":"","overlay-opacity":"","overlay-gradient":""},"tablet":{"background-color":"","background-image":"","background-repeat":"repeat","background-position":"center center","background-size":"auto","background-attachment":"scroll","background-type":"","background-media":"","overlay-type":"","overlay-color":"","overlay-opacity":"","overlay-gradient":""},"mobile":{"background-color":"","background-image":"","background-repeat":"repeat","background-position":"center center","background-size":"auto","background-attachment":"scroll","background-type":"","background-media":"","overlay-type":"","overlay-color":"","overlay-opacity":"","overlay-gradient":""}},"ast-content-background-meta":{"desktop":{"background-color":"var(--ast-global-color-5)","background-image":"","background-repeat":"repeat","background-position":"center center","background-size":"auto","background-attachment":"scroll","background-type":"","background-media":"","overlay-type":"","overlay-color":"","overlay-opacity":"","overlay-gradient":""},"tablet":{"background-color":"var(--ast-global-color-5)","background-image":"","background-repeat":"repeat","background-position":"center center","background-size":"auto","background-attachment":"scroll","background-type":"","background-media":"","overlay-type":"","overlay-color":"","overlay-opacity":"","overlay-gradient":""},"mobile":{"background-color":"var(--ast-global-color-5)","background-image":"","background-repeat":"repeat","background-position":"center center","background-size":"auto","background-attachment":"scroll","background-type":"","background-media":"","overlay-type":"","overlay-color":"","overlay-opacity":"","overlay-gradient":""}},"footnotes":""},"categories":[55],"tags":[78,88,46],"coauthors":[20],"class_list":["post-19258","post","type-post","status-publish","format-standard","has-post-thumbnail","hentry","category-price-nasih-klijenata","tag-korisnicko-iskustvo","tag-metalna-industrija","tag-radna-odela"],"acf":[],"yoast_head":"<!-- This site is optimized with the Yoast SEO plugin v27.2 - https:\/\/yoast.com\/product\/yoast-seo-wordpress\/ -->\n<title>GOHR \u2013 10 godina kori\u0161\u0107enja iznajmljene radne ode\u0107e \u00a0 - Lindstr\u00f6m Serbia<\/title>\n<meta name=\"description\" content=\"Otkrijte kako je GOHR pobolj\u0161ao bezbednost, efikasnost i zadovoljstvo zaposlenih Lindstr\u00f6movom uslugom radne odec\u0301e u metalskoj industriji.\" \/>\n<meta name=\"robots\" content=\"index, follow, max-snippet:-1, max-image-preview:large, max-video-preview:-1\" \/>\n<meta property=\"og:locale\" content=\"sr_RS\" \/>\n<meta property=\"og:type\" content=\"article\" \/>\n<meta property=\"og:title\" content=\"GOHR \u2013 10 godina kori\u0161\u0107enja iznajmljene radne ode\u0107e \u00a0 - Lindstr\u00f6m Serbia\" \/>\n<meta property=\"og:description\" content=\"Otkrijte kako je GOHR pobolj\u0161ao bezbednost, efikasnost i zadovoljstvo zaposlenih Lindstr\u00f6movom uslugom radne odec\u0301e u metalskoj industriji.\" \/>\n<meta property=\"og:url\" content=\"https:\/\/lindstromgroup.com\/rs\/price-nasih-klijenata\/gohr-10-godina-koriscenja-iznajmljene-radne-odece\/\" \/>\n<meta property=\"og:site_name\" content=\"Lindstr\u00f6m Serbia\" \/>\n<meta property=\"article:published_time\" content=\"2025-08-26T10:50:51+00:00\" \/>\n<meta property=\"article:modified_time\" content=\"2025-08-26T10:51:40+00:00\" \/>\n<meta property=\"og:image\" content=\"https:\/\/d2ris6qfzcz0wn.cloudfront.net\/wp-content\/uploads\/sites\/18\/2025\/08\/detail.jpg\" \/>\n\t<meta property=\"og:image:width\" content=\"1471\" \/>\n\t<meta property=\"og:image:height\" content=\"879\" \/>\n\t<meta property=\"og:image:type\" content=\"image\/jpeg\" \/>\n<meta name=\"author\" content=\"Lindstr\u00f6m Group\" \/>\n<meta name=\"twitter:card\" content=\"summary_large_image\" \/>\n<meta name=\"twitter:label1\" content=\"\u041d\u0430\u043f\u0438\u0441\u0430\u043d\u043e \u043e\u0434\" \/>\n\t<meta name=\"twitter:data1\" content=\"Lindstr\u00f6m Group\" \/>\n\t<meta name=\"twitter:label2\" content=\"\u041f\u0440\u043e\u0446\u0435\u045a\u0435\u043d\u043e \u0432\u0440\u0435\u043c\u0435 \u0447\u0438\u0442\u0430\u045a\u0430\" \/>\n\t<meta name=\"twitter:data2\" content=\"7 \u043c\u0438\u043d\u0443\u0442\u0430\" \/>\n\t<meta name=\"twitter:label3\" content=\"Written by\" \/>\n\t<meta name=\"twitter:data3\" content=\"Lindstr\u00f6m Group\" \/>\n<script type=\"application\/ld+json\" class=\"yoast-schema-graph\">{\"@context\":\"https:\/\/schema.org\",\"@graph\":[{\"@type\":\"Article\",\"@id\":\"https:\/\/lindstromgroup.com\/rs\/price-nasih-klijenata\/gohr-10-godina-koriscenja-iznajmljene-radne-odece\/#article\",\"isPartOf\":{\"@id\":\"https:\/\/lindstromgroup.com\/rs\/price-nasih-klijenata\/gohr-10-godina-koriscenja-iznajmljene-radne-odece\/\"},\"author\":{\"name\":\"Lindstr\u00f6m Group\",\"@id\":\"https:\/\/lindstromgroup.com\/rs\/#\/schema\/person\/9111900e3f15be99cf4a104112bf0bc3\"},\"headline\":\"GOHR \u2013 10 godina kori\u0161\u0107enja iznajmljene radne ode\u0107e \u00a0\",\"datePublished\":\"2025-08-26T10:50:51+00:00\",\"dateModified\":\"2025-08-26T10:51:40+00:00\",\"mainEntityOfPage\":{\"@id\":\"https:\/\/lindstromgroup.com\/rs\/price-nasih-klijenata\/gohr-10-godina-koriscenja-iznajmljene-radne-odece\/\"},\"wordCount\":745,\"publisher\":{\"@id\":\"https:\/\/lindstromgroup.com\/rs\/#organization\"},\"image\":{\"@id\":\"https:\/\/lindstromgroup.com\/rs\/price-nasih-klijenata\/gohr-10-godina-koriscenja-iznajmljene-radne-odece\/#primaryimage\"},\"thumbnailUrl\":\"https:\/\/d2ris6qfzcz0wn.cloudfront.net\/wp-content\/uploads\/sites\/18\/2025\/08\/detail.jpg\",\"keywords\":[\"#korisni\u010dko iskustvo\",\"#metalna industrija\",\"#radna odela\"],\"articleSection\":[\"Pri\u010de na\u0161ih klijenata\"],\"inLanguage\":\"sr-RS\"},{\"@type\":\"WebPage\",\"@id\":\"https:\/\/lindstromgroup.com\/rs\/price-nasih-klijenata\/gohr-10-godina-koriscenja-iznajmljene-radne-odece\/\",\"url\":\"https:\/\/lindstromgroup.com\/rs\/price-nasih-klijenata\/gohr-10-godina-koriscenja-iznajmljene-radne-odece\/\",\"name\":\"GOHR \u2013 10 godina kori\u0161\u0107enja iznajmljene radne ode\u0107e \u00a0 - Lindstr\u00f6m Serbia\",\"isPartOf\":{\"@id\":\"https:\/\/lindstromgroup.com\/rs\/#website\"},\"primaryImageOfPage\":{\"@id\":\"https:\/\/lindstromgroup.com\/rs\/price-nasih-klijenata\/gohr-10-godina-koriscenja-iznajmljene-radne-odece\/#primaryimage\"},\"image\":{\"@id\":\"https:\/\/lindstromgroup.com\/rs\/price-nasih-klijenata\/gohr-10-godina-koriscenja-iznajmljene-radne-odece\/#primaryimage\"},\"thumbnailUrl\":\"https:\/\/d2ris6qfzcz0wn.cloudfront.net\/wp-content\/uploads\/sites\/18\/2025\/08\/detail.jpg\",\"datePublished\":\"2025-08-26T10:50:51+00:00\",\"dateModified\":\"2025-08-26T10:51:40+00:00\",\"description\":\"Otkrijte kako je GOHR pobolj\u0161ao bezbednost, efikasnost i zadovoljstvo zaposlenih Lindstr\u00f6movom uslugom radne odec\u0301e u metalskoj industriji.\",\"breadcrumb\":{\"@id\":\"https:\/\/lindstromgroup.com\/rs\/price-nasih-klijenata\/gohr-10-godina-koriscenja-iznajmljene-radne-odece\/#breadcrumb\"},\"inLanguage\":\"sr-RS\",\"potentialAction\":[{\"@type\":\"ReadAction\",\"target\":[\"https:\/\/lindstromgroup.com\/rs\/price-nasih-klijenata\/gohr-10-godina-koriscenja-iznajmljene-radne-odece\/\"]}]},{\"@type\":\"ImageObject\",\"inLanguage\":\"sr-RS\",\"@id\":\"https:\/\/lindstromgroup.com\/rs\/price-nasih-klijenata\/gohr-10-godina-koriscenja-iznajmljene-radne-odece\/#primaryimage\",\"url\":\"https:\/\/d2ris6qfzcz0wn.cloudfront.net\/wp-content\/uploads\/sites\/18\/2025\/08\/detail.jpg\",\"contentUrl\":\"https:\/\/d2ris6qfzcz0wn.cloudfront.net\/wp-content\/uploads\/sites\/18\/2025\/08\/detail.jpg\",\"width\":1471,\"height\":879},{\"@type\":\"BreadcrumbList\",\"@id\":\"https:\/\/lindstromgroup.com\/rs\/price-nasih-klijenata\/gohr-10-godina-koriscenja-iznajmljene-radne-odece\/#breadcrumb\",\"itemListElement\":[{\"@type\":\"ListItem\",\"position\":1,\"name\":\"Home\",\"item\":\"https:\/\/lindstromgroup.com\/rs\/\"},{\"@type\":\"ListItem\",\"position\":2,\"name\":\"Pri\u010de na\u0161ih klijenata\",\"item\":\"https:\/\/lindstromgroup.com\/rs\/category\/price-nasih-klijenata\/\"},{\"@type\":\"ListItem\",\"position\":3,\"name\":\"GOHR \u2013 10 godina kori\u0161\u0107enja iznajmljene radne ode\u0107e \u00a0\"}]},{\"@type\":\"WebSite\",\"@id\":\"https:\/\/lindstromgroup.com\/rs\/#website\",\"url\":\"https:\/\/lindstromgroup.com\/rs\/\",\"name\":\"Lindstr\u00f6m Serbia\",\"description\":\"\",\"publisher\":{\"@id\":\"https:\/\/lindstromgroup.com\/rs\/#organization\"},\"potentialAction\":[{\"@type\":\"SearchAction\",\"target\":{\"@type\":\"EntryPoint\",\"urlTemplate\":\"https:\/\/lindstromgroup.com\/rs\/?s={search_term_string}\"},\"query-input\":{\"@type\":\"PropertyValueSpecification\",\"valueRequired\":true,\"valueName\":\"search_term_string\"}}],\"inLanguage\":\"sr-RS\"},{\"@type\":\"Organization\",\"@id\":\"https:\/\/lindstromgroup.com\/rs\/#organization\",\"name\":\"Lindstr\u00f6m Serbia\",\"url\":\"https:\/\/lindstromgroup.com\/rs\/\",\"logo\":{\"@type\":\"ImageObject\",\"inLanguage\":\"sr-RS\",\"@id\":\"https:\/\/lindstromgroup.com\/rs\/#\/schema\/logo\/image\/\",\"url\":\"https:\/\/d2ris6qfzcz0wn.cloudfront.net\/wp-content\/uploads\/sites\/12\/2023\/10\/Logo512.png\",\"contentUrl\":\"https:\/\/d2ris6qfzcz0wn.cloudfront.net\/wp-content\/uploads\/sites\/12\/2023\/10\/Logo512.png\",\"width\":512,\"height\":109,\"caption\":\"Lindstr\u00f6m Serbia\"},\"image\":{\"@id\":\"https:\/\/lindstromgroup.com\/rs\/#\/schema\/logo\/image\/\"}},{\"@type\":\"Person\",\"@id\":\"https:\/\/lindstromgroup.com\/rs\/#\/schema\/person\/9111900e3f15be99cf4a104112bf0bc3\",\"name\":\"Lindstr\u00f6m Group\",\"image\":{\"@type\":\"ImageObject\",\"inLanguage\":\"sr-RS\",\"@id\":\"https:\/\/d2ris6qfzcz0wn.cloudfront.net\/wp-content\/uploads\/sites\/12\/2024\/05\/logo_Red_V01-150x150.png4e6931f6b0730f03230376f66a842988\",\"url\":\"https:\/\/d2ris6qfzcz0wn.cloudfront.net\/wp-content\/uploads\/sites\/12\/2024\/05\/logo_Red_V01-150x150.png\",\"contentUrl\":\"https:\/\/d2ris6qfzcz0wn.cloudfront.net\/wp-content\/uploads\/sites\/12\/2024\/05\/logo_Red_V01-150x150.png\",\"caption\":\"Lindstr\u00f6m Group\"}}]}<\/script>\n<!-- \/ Yoast SEO plugin. -->","yoast_head_json":{"title":"GOHR \u2013 10 godina kori\u0161\u0107enja iznajmljene radne ode\u0107e \u00a0 - Lindstr\u00f6m Serbia","description":"Otkrijte kako je GOHR pobolj\u0161ao bezbednost, efikasnost i zadovoljstvo zaposlenih Lindstr\u00f6movom uslugom radne odec\u0301e u metalskoj industriji.","robots":{"index":"index","follow":"follow","max-snippet":"max-snippet:-1","max-image-preview":"max-image-preview:large","max-video-preview":"max-video-preview:-1"},"og_locale":"sr_RS","og_type":"article","og_title":"GOHR \u2013 10 godina kori\u0161\u0107enja iznajmljene radne ode\u0107e \u00a0 - Lindstr\u00f6m Serbia","og_description":"Otkrijte kako je GOHR pobolj\u0161ao bezbednost, efikasnost i zadovoljstvo zaposlenih Lindstr\u00f6movom uslugom radne odec\u0301e u metalskoj industriji.","og_url":"https:\/\/lindstromgroup.com\/rs\/price-nasih-klijenata\/gohr-10-godina-koriscenja-iznajmljene-radne-odece\/","og_site_name":"Lindstr\u00f6m Serbia","article_published_time":"2025-08-26T10:50:51+00:00","article_modified_time":"2025-08-26T10:51:40+00:00","og_image":[{"width":1471,"height":879,"url":"https:\/\/d2ris6qfzcz0wn.cloudfront.net\/wp-content\/uploads\/sites\/18\/2025\/08\/detail.jpg","type":"image\/jpeg"}],"author":"Lindstr\u00f6m Group","twitter_card":"summary_large_image","twitter_misc":{"\u041d\u0430\u043f\u0438\u0441\u0430\u043d\u043e \u043e\u0434":"Lindstr\u00f6m Group","\u041f\u0440\u043e\u0446\u0435\u045a\u0435\u043d\u043e \u0432\u0440\u0435\u043c\u0435 \u0447\u0438\u0442\u0430\u045a\u0430":"7 \u043c\u0438\u043d\u0443\u0442\u0430","Written by":"Lindstr\u00f6m Group"},"schema":{"@context":"https:\/\/schema.org","@graph":[{"@type":"Article","@id":"https:\/\/lindstromgroup.com\/rs\/price-nasih-klijenata\/gohr-10-godina-koriscenja-iznajmljene-radne-odece\/#article","isPartOf":{"@id":"https:\/\/lindstromgroup.com\/rs\/price-nasih-klijenata\/gohr-10-godina-koriscenja-iznajmljene-radne-odece\/"},"author":{"name":"Lindstr\u00f6m Group","@id":"https:\/\/lindstromgroup.com\/rs\/#\/schema\/person\/9111900e3f15be99cf4a104112bf0bc3"},"headline":"GOHR \u2013 10 godina kori\u0161\u0107enja iznajmljene radne ode\u0107e \u00a0","datePublished":"2025-08-26T10:50:51+00:00","dateModified":"2025-08-26T10:51:40+00:00","mainEntityOfPage":{"@id":"https:\/\/lindstromgroup.com\/rs\/price-nasih-klijenata\/gohr-10-godina-koriscenja-iznajmljene-radne-odece\/"},"wordCount":745,"publisher":{"@id":"https:\/\/lindstromgroup.com\/rs\/#organization"},"image":{"@id":"https:\/\/lindstromgroup.com\/rs\/price-nasih-klijenata\/gohr-10-godina-koriscenja-iznajmljene-radne-odece\/#primaryimage"},"thumbnailUrl":"https:\/\/d2ris6qfzcz0wn.cloudfront.net\/wp-content\/uploads\/sites\/18\/2025\/08\/detail.jpg","keywords":["#korisni\u010dko iskustvo","#metalna industrija","#radna odela"],"articleSection":["Pri\u010de na\u0161ih klijenata"],"inLanguage":"sr-RS"},{"@type":"WebPage","@id":"https:\/\/lindstromgroup.com\/rs\/price-nasih-klijenata\/gohr-10-godina-koriscenja-iznajmljene-radne-odece\/","url":"https:\/\/lindstromgroup.com\/rs\/price-nasih-klijenata\/gohr-10-godina-koriscenja-iznajmljene-radne-odece\/","name":"GOHR \u2013 10 godina kori\u0161\u0107enja iznajmljene radne ode\u0107e \u00a0 - Lindstr\u00f6m Serbia","isPartOf":{"@id":"https:\/\/lindstromgroup.com\/rs\/#website"},"primaryImageOfPage":{"@id":"https:\/\/lindstromgroup.com\/rs\/price-nasih-klijenata\/gohr-10-godina-koriscenja-iznajmljene-radne-odece\/#primaryimage"},"image":{"@id":"https:\/\/lindstromgroup.com\/rs\/price-nasih-klijenata\/gohr-10-godina-koriscenja-iznajmljene-radne-odece\/#primaryimage"},"thumbnailUrl":"https:\/\/d2ris6qfzcz0wn.cloudfront.net\/wp-content\/uploads\/sites\/18\/2025\/08\/detail.jpg","datePublished":"2025-08-26T10:50:51+00:00","dateModified":"2025-08-26T10:51:40+00:00","description":"Otkrijte kako je GOHR pobolj\u0161ao bezbednost, efikasnost i zadovoljstvo zaposlenih Lindstr\u00f6movom uslugom radne odec\u0301e u metalskoj industriji.","breadcrumb":{"@id":"https:\/\/lindstromgroup.com\/rs\/price-nasih-klijenata\/gohr-10-godina-koriscenja-iznajmljene-radne-odece\/#breadcrumb"},"inLanguage":"sr-RS","potentialAction":[{"@type":"ReadAction","target":["https:\/\/lindstromgroup.com\/rs\/price-nasih-klijenata\/gohr-10-godina-koriscenja-iznajmljene-radne-odece\/"]}]},{"@type":"ImageObject","inLanguage":"sr-RS","@id":"https:\/\/lindstromgroup.com\/rs\/price-nasih-klijenata\/gohr-10-godina-koriscenja-iznajmljene-radne-odece\/#primaryimage","url":"https:\/\/d2ris6qfzcz0wn.cloudfront.net\/wp-content\/uploads\/sites\/18\/2025\/08\/detail.jpg","contentUrl":"https:\/\/d2ris6qfzcz0wn.cloudfront.net\/wp-content\/uploads\/sites\/18\/2025\/08\/detail.jpg","width":1471,"height":879},{"@type":"BreadcrumbList","@id":"https:\/\/lindstromgroup.com\/rs\/price-nasih-klijenata\/gohr-10-godina-koriscenja-iznajmljene-radne-odece\/#breadcrumb","itemListElement":[{"@type":"ListItem","position":1,"name":"Home","item":"https:\/\/lindstromgroup.com\/rs\/"},{"@type":"ListItem","position":2,"name":"Pri\u010de na\u0161ih klijenata","item":"https:\/\/lindstromgroup.com\/rs\/category\/price-nasih-klijenata\/"},{"@type":"ListItem","position":3,"name":"GOHR \u2013 10 godina kori\u0161\u0107enja iznajmljene radne ode\u0107e \u00a0"}]},{"@type":"WebSite","@id":"https:\/\/lindstromgroup.com\/rs\/#website","url":"https:\/\/lindstromgroup.com\/rs\/","name":"Lindstr\u00f6m Serbia","description":"","publisher":{"@id":"https:\/\/lindstromgroup.com\/rs\/#organization"},"potentialAction":[{"@type":"SearchAction","target":{"@type":"EntryPoint","urlTemplate":"https:\/\/lindstromgroup.com\/rs\/?s={search_term_string}"},"query-input":{"@type":"PropertyValueSpecification","valueRequired":true,"valueName":"search_term_string"}}],"inLanguage":"sr-RS"},{"@type":"Organization","@id":"https:\/\/lindstromgroup.com\/rs\/#organization","name":"Lindstr\u00f6m Serbia","url":"https:\/\/lindstromgroup.com\/rs\/","logo":{"@type":"ImageObject","inLanguage":"sr-RS","@id":"https:\/\/lindstromgroup.com\/rs\/#\/schema\/logo\/image\/","url":"https:\/\/d2ris6qfzcz0wn.cloudfront.net\/wp-content\/uploads\/sites\/12\/2023\/10\/Logo512.png","contentUrl":"https:\/\/d2ris6qfzcz0wn.cloudfront.net\/wp-content\/uploads\/sites\/12\/2023\/10\/Logo512.png","width":512,"height":109,"caption":"Lindstr\u00f6m Serbia"},"image":{"@id":"https:\/\/lindstromgroup.com\/rs\/#\/schema\/logo\/image\/"}},{"@type":"Person","@id":"https:\/\/lindstromgroup.com\/rs\/#\/schema\/person\/9111900e3f15be99cf4a104112bf0bc3","name":"Lindstr\u00f6m Group","image":{"@type":"ImageObject","inLanguage":"sr-RS","@id":"https:\/\/d2ris6qfzcz0wn.cloudfront.net\/wp-content\/uploads\/sites\/12\/2024\/05\/logo_Red_V01-150x150.png4e6931f6b0730f03230376f66a842988","url":"https:\/\/d2ris6qfzcz0wn.cloudfront.net\/wp-content\/uploads\/sites\/12\/2024\/05\/logo_Red_V01-150x150.png","contentUrl":"https:\/\/d2ris6qfzcz0wn.cloudfront.net\/wp-content\/uploads\/sites\/12\/2024\/05\/logo_Red_V01-150x150.png","caption":"Lindstr\u00f6m Group"}}]}},"publishpress_future_workflow_manual_trigger":{"enabledWorkflows":[]},"distributor_meta":false,"distributor_terms":false,"distributor_media":false,"distributor_original_site_name":"Lindstr\u00f6m Serbia","distributor_original_site_url":"https:\/\/lindstromgroup.com\/rs","push-errors":false,"_links":{"self":[{"href":"https:\/\/lindstromgroup.com\/rs\/wp-json\/wp\/v2\/posts\/19258","targetHints":{"allow":["GET"]}}],"collection":[{"href":"https:\/\/lindstromgroup.com\/rs\/wp-json\/wp\/v2\/posts"}],"about":[{"href":"https:\/\/lindstromgroup.com\/rs\/wp-json\/wp\/v2\/types\/post"}],"author":[{"embeddable":true,"href":"https:\/\/lindstromgroup.com\/rs\/wp-json\/wp\/v2\/users\/14"}],"replies":[{"embeddable":true,"href":"https:\/\/lindstromgroup.com\/rs\/wp-json\/wp\/v2\/comments?post=19258"}],"version-history":[{"count":0,"href":"https:\/\/lindstromgroup.com\/rs\/wp-json\/wp\/v2\/posts\/19258\/revisions"}],"wp:featuredmedia":[{"embeddable":true,"href":"https:\/\/lindstromgroup.com\/rs\/wp-json\/wp\/v2\/media\/19259"}],"wp:attachment":[{"href":"https:\/\/lindstromgroup.com\/rs\/wp-json\/wp\/v2\/media?parent=19258"}],"wp:term":[{"taxonomy":"category","embeddable":true,"href":"https:\/\/lindstromgroup.com\/rs\/wp-json\/wp\/v2\/categories?post=19258"},{"taxonomy":"post_tag","embeddable":true,"href":"https:\/\/lindstromgroup.com\/rs\/wp-json\/wp\/v2\/tags?post=19258"},{"taxonomy":"author","embeddable":true,"href":"https:\/\/lindstromgroup.com\/rs\/wp-json\/wp\/v2\/coauthors?post=19258"}],"curies":[{"name":"wp","href":"https:\/\/api.w.org\/{rel}","templated":true}]}}