
    {"id":18294,"date":"2025-01-22T14:30:52","date_gmt":"2025-01-22T12:30:52","guid":{"rendered":"https:\/\/lindstromgroup.com\/rs\/?p=18294"},"modified":"2025-07-25T14:52:42","modified_gmt":"2025-07-25T12:52:42","slug":"black-burner-je-nasao-savrsen-kroj-u-lindstromovoj-kolekciji-workerpro","status":"publish","type":"post","link":"https:\/\/lindstromgroup.com\/rs\/price-nasih-klijenata\/black-burner-je-nasao-savrsen-kroj-u-lindstromovoj-kolekciji-workerpro\/","title":{"rendered":"Black Burner je na\u0161ao svoj savr\u0161en kroj u Lindstr\u00f6movoj kolekciji WorkerPro"},"content":{"rendered":"\n<p><em>Black Burner, proizvo\u0111a\u010d modularnih zgrada sa sedi\u0161tem u Letoniji, otkrio je idealno re\u0161enje za radnu odec\u0301u u Lindstr\u00f6movoj WorkerPro kolekciji. Po\u0161to kombinuje funkcionalnost, udobnost i profesionalan izgled, WorkerPro linija je skrojena tako da zadovolji razli\u010dite potrebe svojih korisnika, \u0161to je \u010dini odli\u010dnim izborom za profesionalce gra\u0111evinske industrije u Black Burneru.<\/em><\/p>\n\n\n\n<p><\/p>\n\n\n\n<figure class=\"wp-block-embed is-type-video is-provider-youtube wp-block-embed-youtube wp-embed-aspect-16-9 wp-has-aspect-ratio\"><div class=\"wp-block-embed__wrapper\">\n<iframe loading=\"lazy\" title=\"Black Burner je na\u0161ao svoj savr\u0161en kroj u Lindstr\u00f6movoj kolekciji WorkerPro\" width=\"500\" height=\"281\" src=\"https:\/\/www.youtube.com\/embed\/Pn-F7dCIY7k?feature=oembed&#038;enablejsapi=1&#038;origin=https:\/\/lindstromgroup.com\" frameborder=\"0\" allow=\"accelerometer; autoplay; clipboard-write; encrypted-media; gyroscope; picture-in-picture; web-share\" referrerpolicy=\"strict-origin-when-cross-origin\" allowfullscreen><\/iframe>\n<\/div><figcaption class=\"wp-element-caption\">Pri\u010da kompanije Black Burner<\/figcaption><\/figure>\n\n\n\n<h2 class=\"wp-block-heading\"><strong>O kompaniji Black Burner<\/strong><\/h2>\n\n\n\n<p>Black Burner je firma specijalizovana za kreiranje modularnih objekata, od sauna povr\u0161ine 50 kvadratnih metara, do ku\u0107a od 200 kvadrata, i koristi visokokvalitetno drvo u svim svojim projektima. Zaposleni u kompaniji su obu\u010deni u radnu ode\u0107u iz kolekcije WorkerPro, koja se obezbe\u0111uje i kojom se upravlja preko Lindstr\u00f6move usluge iznajmljivanja radne ode\u0107e.<\/p>\n\n\n\n<h2 class=\"wp-block-heading\"><strong>Besprekorno re\u0161enje radne ode\u0107e<\/strong><\/h2>\n\n\n\n<p>Rolands Bijubens, osniva\u010d kompanije, saznao je za Lindstr\u00f6m preko poslovnog partnera i odmah ga je privukla inovativna usluga iznajmljivanja i upravljanja radnom odec\u0301om.<\/p>\n\n\n\n<p><\/p>\n\n\n\n<p>\u201eNikada ranije nisam \u010duo za takvu opciju i odmah smo rekli da. To je veoma dobra usluga za nas, jer ne moramo sami da kupujemo odec\u0301u. Moji radnici dobijaju odec\u0301u sa na\u0161im logom\u201c, rekao je Bijubens.<\/p>\n\n\n\n<p><\/p>\n\n\n\n<p>Iznajmljivanjem od Lindstr\u00f6ma, Black Burner elimini\u0161e muke oko kupovine, odr\u017eavanja i zamene radne odec\u0301e, \u0161to ovoj kompaniji ostavlja slobodu i vreme da se fokusira na svoj osnovni posao.<\/p>\n\n\n\n<h2 class=\"wp-block-heading\"><strong>Forma i funkcija<\/strong><\/h2>\n\n\n\n<p>WorkerPro kolekcija je promi\u0161ljeno dizajnirana imajuc\u0301i na umu zahteve gra\u0111evinske industrije. Karakteristike kao \u0161to su rastegljivi paneli pobolj\u0161avaju pokretljivost, dok multifunkcionalni d\u017eepovi na pantalonama omoguc\u0301avaju sme\u0161tanje raznih alata. Odevni predmeti su tako\u0111e napravljeni tako da dugo traju, sa izdr\u017eljivo\u0161c\u0301u i mogu\u0107no\u0161\u0107u popravke na prvom mestu, \u0161to je u skladu sa posvec\u0301eno\u0161c\u0301u Black Burnera odr\u017eivosti.<\/p>\n\n\n\n<p>\u201eOdec\u0301a deluje elasti\u010dno i ima mnogo d\u017eepova u koje mo\u017eete staviti radni alat. Problem sa nekim drugim radnim odevnim predmetima je \u0161to su ili preveliki, ili neudobni. Moji radnici su zadovoljni i krojem i materijalom\u201c, objasnio je Bijubens.<\/p>\n\n\n\n<h2 class=\"wp-block-heading\"><strong>Profesionalan izgled<\/strong><\/h2>\n\n\n\n<p>Pored prakti\u010dnosti, radna ode\u0107a iz kolekcije WorkerPro obezbe\u0111uje ugla\u0111en, jedinstven i uniformni izgled zaposlenih. Za Black Burner, ovaj profesionalni imid\u017e igra klju\u010dnu ulogu i u interakciji sa kupcima i u prisustvu brenda na dru\u0161tvenim medijima.<\/p>\n\n\n\n<blockquote class=\"wp-block-quote is-layout-flow wp-block-quote-is-layout-flow\">\n<p>Kada na\u0161i klijenti vide na\u0161e radnike u sli\u010dnoj odec\u0301i i vide da izgledaju lepo i \u010disto, znaju da smo dobra kompanija koja brine o svojim radnicima.<\/p>\n<\/blockquote>\n\n\n\n<figure class=\"wp-block-image size-large is-resized\"><img decoding=\"async\" width=\"1024\" height=\"768\" src=\"https:\/\/d2ris6qfzcz0wn.cloudfront.net\/wp-content\/uploads\/sites\/18\/2025\/01\/IMG_8207-1-1024x768.jpeg\" alt=\"\" class=\"wp-image-18304\" style=\"width:943px;height:auto\" srcset=\"https:\/\/d2ris6qfzcz0wn.cloudfront.net\/wp-content\/uploads\/sites\/18\/2025\/01\/IMG_8207-1-1024x768.jpeg 1024w, https:\/\/d2ris6qfzcz0wn.cloudfront.net\/wp-content\/uploads\/sites\/18\/2025\/01\/IMG_8207-1-300x225.jpeg 300w, https:\/\/d2ris6qfzcz0wn.cloudfront.net\/wp-content\/uploads\/sites\/18\/2025\/01\/IMG_8207-1-768x576.jpeg 768w, https:\/\/d2ris6qfzcz0wn.cloudfront.net\/wp-content\/uploads\/sites\/18\/2025\/01\/IMG_8207-1-1536x1152.jpeg 1536w, https:\/\/d2ris6qfzcz0wn.cloudfront.net\/wp-content\/uploads\/sites\/18\/2025\/01\/IMG_8207-1.jpeg 2048w\" sizes=\"(max-width: 1024px) 100vw, 1024px\" \/><figcaption class=\"wp-element-caption\">Lindstr\u00f6mova radna ode\u0107a iz kolekcije WorkerPro se isporu\u010duje u prostorije Black Burnera.<\/figcaption><\/figure>\n\n\n\n    <div \n        id=\"cta-with-image-block_6243448557b92e220a8af21824e06c90\" \n        class=\"cta-with-image\"\n    >\n        <div class=\"cta__content\" style=\"color: #ffffff; background-color: #003f72\">\n            <div class=\"content__title\">Pogledajte kolekciju Worker Pro 2<\/div>\n            <div class=\"content__description\">Kreirana u saradnji sa vama koji je nosite svakodnevno, ova ode\u0107a radi marljivo kao i vi.\r\nKlju\u010dni element je funkcionalnost, u kombinaciji sa izgledom inspirisanim urbanom ode\u0107om, \u0161to osigurava da \u0107e ova kolekcija biti vanvremenska.<\/div>\n            <div class=\"content__button-links\">\n                                    <div class=\"button-link\">\n                        <a \n                            href=\"https:\/\/lindstromgroup.com\/rs\/usluge\/workerpro-kolekcija\/\" \n                            style=\"background-color: #ffffff; color: #003f72; border: 2px solid #003f72\"\n                        >\n                            Saznajte vi\u0161e o kolekciji WorkerPro 2                        <\/a>\n                    <\/div>\n                            <\/div>\n        <\/div>\n        <div class=\"cta__image\"><img decoding=\"async\" src=\"https:\/\/d2ris6qfzcz0wn.cloudfront.net\/wp-content\/uploads\/sites\/18\/2024\/04\/20240819_Lindstrom21539-1024x683.jpg\" alt=\"\" \/><\/div>\n    <\/div>\n\n\n\n<h2 class=\"wp-block-heading\"><strong>Usluga kojoj nema ravne<\/strong><\/h2>\n\n\n\n<p>Od kvaliteta odevnih predmeta do besprekornog iskustva sa uslugom, Lindstr\u00f6m je postao nezamenljiv partner za Black Burner. Lindstr\u00f6mov proaktivni pristup osigurava da se svi problemi, kao \u0161to su artikli koji nedostaju, ili ka\u0161njenja isporuke, odmah re\u0161avaju.<\/p>\n\n\n\n<p>\u201eLindstr\u00f6m nas uvek proverava da bi se uverio da je sve u redu. Ako ne\u0161to nedostaje, ili isporuka kasni, oni to uvek nadoknade\u201c, rekao je Bijubens.<\/p>\n\n\n\n<blockquote class=\"wp-block-quote is-layout-flow wp-block-quote-is-layout-flow\">\n<p>Moje celokupno iskustvo sa Lindstr\u00f6mom je veoma dobro. Imamo dobro partnerstvo i ose\u0107am da \u0107emo tako nastaviti.<\/p>\n<\/blockquote>\n\n\n\n    <div \n        id=\"cta-with-image-block_9db165bd7d0d2b0adbe341da218b2541\" \n        class=\"cta-with-image\"\n    >\n        <div class=\"cta__content\" style=\"color: #ffffff; background-color: #003f72\">\n            <div class=\"content__title\">\u017delite li besplatnu probu na\u0161e usluge?<\/div>\n            <div class=\"content__description\">Besplatna proba usluge iznajmljivanja radne ode\u0107e: uverite se li\u010dno u kvalitet na\u0161e usluge.<\/div>\n            <div class=\"content__button-links\">\n                                    <div class=\"button-link\">\n                        <a \n                            href=\"https:\/\/lindstromgroup.com\/rs\/besplatna-proba-usluge-iznajmljivanja-radnih-uniformi\/#contact\" \n                            style=\"background-color: #003f72; color: #ffffff; border: 2px solid \"\n                        >\n                            Po\u0161aljite zahtev za besplatni probni period                        <\/a>\n                    <\/div>\n                            <\/div>\n        <\/div>\n        <div class=\"cta__image\"><img decoding=\"async\" src=\"https:\/\/d2ris6qfzcz0wn.cloudfront.net\/wp-content\/uploads\/sites\/18\/2024\/10\/Service-representative_with-customer_007_Lindstrom-1-768x513-1.jpg\" alt=\"\" \/><\/div>\n    <\/div>\n\n\n\n<h2 class=\"wp-block-heading\">Mo\u017eda \u0107e vas zanimati i<\/h2>\n\n\n\n<style>\n    @media only screen and (max-width: 1200px) {\n        #block_d892723235d7f180b22c66b70106e848 .blogposts__container {\n            grid-template-columns: repeat(4, 1fr);\n        }\n    }\n<\/style>\n\n            <div \n            id=\"block_d892723235d7f180b22c66b70106e848\" \n            class=\"blogposts blogposts--block_d892723235d7f180b22c66b70106e848 \"\n        >\n            <div class=\"blogposts\">\n                <div class=\"blogposts__container post-row\">\n                    \n        <div class='post-card relative' data-index='17147'>\n            <img\n                class='post-card__image' \n                src='https:\/\/d2ris6qfzcz0wn.cloudfront.net\/wp-content\/uploads\/sites\/18\/2024\/05\/image-1-1024x683.jpg' \n                alt='Primenom usluge iznajmljivanja i odr\u017eavanja radnih uniformi povec\u0301ano je zadovoljstvo zaposlenih' \n            \/>\n            <div class='post-card__content'>\n                <div class='post-card__categories z-20'>\n            <a\n                class='post-card__category'\n                href='https:\/\/lindstromgroup.com\/rs\/category\/clanci\/'\n            >\n                \u010clanci\n            <\/a><\/div>\n                <div class='post-card__title'>\n                    Primenom usluge iznajmljivanja i odr\u017eavanja radnih uniformi povec\u0301ano je zadovoljstvo zaposlenih\n                <\/div>\n                <p class='post-card__excerpt'>\n                    Prema jednom Lindstr\u00f6movom istra\u017eivanju, vec\u0301ina ispitanika koristi radnu odec\u0301u koju obezbe\u0111uje poslodavac, a odr\u017eavaju sami zaposleni. Iskustvo nekih od najve\u0107ih proizvo\u0111a\u010da u prehrambenoj industriji pokazalo je da ovo nije najbolja praksa.\n                <\/p>\n                <div class='post-card__tags z-20'>\n            <a\n                class='post-card__tag'\n                href='https:\/\/lindstromgroup.com\/rs\/tag\/korisnicko-iskustvo\/'\n                style='border: 1px solid ; color: ;'\n            >\n                #korisni\u010dko iskustvo\n            <\/a>\n            <a\n                class='post-card__tag'\n                href='https:\/\/lindstromgroup.com\/rs\/tag\/radna-odela\/'\n                style='border: 1px solid ; color: ;'\n            >\n                #radna odela\n            <\/a><\/div>\n            <\/div>\n            <a href='\/rs\/clanci\/primenom-usluge-iznajmljivanja-i-odrzavanja-radnih-uniformi-povecano-je-zadovoljstvo-zaposlenih\/' class='absolute inset-0 w-full h-full z-10'><\/a>\n        <\/div>\n    \n        <div class='post-card relative' data-index='17085'>\n            <img\n                class='post-card__image' \n                src='https:\/\/d2ris6qfzcz0wn.cloudfront.net\/wp-content\/uploads\/sites\/18\/2024\/05\/011_Lindstrom_Horeca_hires-1024x683-1.jpg' \n                alt='Da li je iznajmljivanje radne ode\u0107e dobra opcija za moj posao?' \n            \/>\n            <div class='post-card__content'>\n                <div class='post-card__categories z-20'>\n            <a\n                class='post-card__category'\n                href='https:\/\/lindstromgroup.com\/rs\/category\/clanci\/'\n            >\n                \u010clanci\n            <\/a><\/div>\n                <div class='post-card__title'>\n                    Da li je iznajmljivanje radne ode\u0107e dobra opcija za moj posao?\n                <\/div>\n                <p class='post-card__excerpt'>\n                    Radna ode\u0107a je va\u017ena. Kvalitetna ode\u0107a omogu\u0107ava zaposlenima da uspeju u svojim zadacima, obezbe\u0111uju\u0107i im sigurnost i zadovoljstvo na poslu.\n                <\/p>\n                <div class='post-card__tags z-20'>\n            <a\n                class='post-card__tag'\n                href='https:\/\/lindstromgroup.com\/rs\/tag\/radna-odela\/'\n                style='border: 1px solid ; color: ;'\n            >\n                #radna odela\n            <\/a><\/div>\n            <\/div>\n            <a href='\/rs\/clanci\/da-li-je-iznajmljivanje-radne-odece-dobra-opcija-za-moj-posao\/' class='absolute inset-0 w-full h-full z-10'><\/a>\n        <\/div>\n    \n        <div class='post-card relative' data-index='17009'>\n            <img\n                class='post-card__image' \n                src='https:\/\/d2ris6qfzcz0wn.cloudfront.net\/wp-content\/uploads\/sites\/18\/2024\/05\/153491421_xl-1024x576.jpg' \n                alt='Baby Food Factory: radna odela kao odgovor na izazove prehrambene industrije' \n            \/>\n            <div class='post-card__content'>\n                <div class='post-card__categories z-20'>\n            <a\n                class='post-card__category'\n                href='https:\/\/lindstromgroup.com\/rs\/category\/price-nasih-klijenata\/'\n            >\n                Pri\u010de na\u0161ih klijenata\n            <\/a><\/div>\n                <div class='post-card__title'>\n                    Baby Food Factory: radna odela kao odgovor na izazove prehrambene industrije\n                <\/div>\n                <p class='post-card__excerpt'>\n                    BFF je moderna fabrika de\u010dje hrane koja je po\u010dela da radi 2018. godine kao najve\u0107a doma\u0107a greenfield investicija. Lindstr\u00f6m joj poma\u017ee u za\u0161titi radnika, proizvoda i proizvodnog procesa od kontaminacije.\n                <\/p>\n                <div class='post-card__tags z-20'>\n            <a\n                class='post-card__tag'\n                href='https:\/\/lindstromgroup.com\/rs\/tag\/prehrambena-industrija\/'\n                style='border: 1px solid ; color: ;'\n            >\n                #prehrambena industrija\n            <\/a>\n            <a\n                class='post-card__tag'\n                href='https:\/\/lindstromgroup.com\/rs\/tag\/radna-odela\/'\n                style='border: 1px solid ; color: ;'\n            >\n                #radna odela\n            <\/a><\/div>\n            <\/div>\n            <a href='\/rs\/price-nasih-klijenata\/baby-food-factory-radna-odela-kao-odgovor-na-izazove-prehrambene-industrije\/' class='absolute inset-0 w-full h-full z-10'><\/a>\n        <\/div>\n                    <\/div>\n                <div class=\"post-row-mobile-carousel\"><\/div>\n            <\/div>\n        <\/div>\n    ","protected":false},"excerpt":{"rendered":"<p>Black Burner, letonski proizvo\u0111a\u010d modularnih zgrada, otkrio je idealno re\u0161enje za radnu odec\u0301u u Lindstr\u00f6movoj kolekciji WorkerPro. Od kvaliteta odevnih predmeta do besprekornog iskustva sa uslugom, Lindstr\u00f6m je, zbog svog proaktivnog pristupa, postao nezamenljiv partner za Black Burner.<\/p>\n","protected":false},"author":14,"featured_media":18295,"comment_status":"closed","ping_status":"open","sticky":false,"template":"","format":"standard","meta":{"_acf_changed":false,"inline_featured_image":false,"_eb_attr":"","site-sidebar-layout":"default","site-content-layout":"default","ast-site-content-layout":"default","site-content-style":"default","site-sidebar-style":"default","ast-global-header-display":"","ast-banner-title-visibility":"","ast-main-header-display":"","ast-hfb-above-header-display":"","ast-hfb-below-header-display":"","ast-hfb-mobile-header-display":"","site-post-title":"","ast-breadcrumbs-content":"","ast-featured-img":"","footer-sml-layout":"","ast-disable-related-posts":"","theme-transparent-header-meta":"","adv-header-id-meta":"","stick-header-meta":"","header-above-stick-meta":"","header-main-stick-meta":"","header-below-stick-meta":"","astra-migrate-meta-layouts":"default","ast-page-background-enabled":"default","ast-page-background-meta":{"desktop":{"background-color":"var(--ast-global-color-4)","background-image":"","background-repeat":"repeat","background-position":"center center","background-size":"auto","background-attachment":"scroll","background-type":"","background-media":"","overlay-type":"","overlay-color":"","overlay-opacity":"","overlay-gradient":""},"tablet":{"background-color":"","background-image":"","background-repeat":"repeat","background-position":"center center","background-size":"auto","background-attachment":"scroll","background-type":"","background-media":"","overlay-type":"","overlay-color":"","overlay-opacity":"","overlay-gradient":""},"mobile":{"background-color":"","background-image":"","background-repeat":"repeat","background-position":"center center","background-size":"auto","background-attachment":"scroll","background-type":"","background-media":"","overlay-type":"","overlay-color":"","overlay-opacity":"","overlay-gradient":""}},"ast-content-background-meta":{"desktop":{"background-color":"var(--ast-global-color-5)","background-image":"","background-repeat":"repeat","background-position":"center center","background-size":"auto","background-attachment":"scroll","background-type":"","background-media":"","overlay-type":"","overlay-color":"","overlay-opacity":"","overlay-gradient":""},"tablet":{"background-color":"var(--ast-global-color-5)","background-image":"","background-repeat":"repeat","background-position":"center center","background-size":"auto","background-attachment":"scroll","background-type":"","background-media":"","overlay-type":"","overlay-color":"","overlay-opacity":"","overlay-gradient":""},"mobile":{"background-color":"var(--ast-global-color-5)","background-image":"","background-repeat":"repeat","background-position":"center center","background-size":"auto","background-attachment":"scroll","background-type":"","background-media":"","overlay-type":"","overlay-color":"","overlay-opacity":"","overlay-gradient":""}},"footnotes":""},"categories":[55],"tags":[78,46,115],"coauthors":[20],"class_list":["post-18294","post","type-post","status-publish","format-standard","has-post-thumbnail","hentry","category-price-nasih-klijenata","tag-korisnicko-iskustvo","tag-radna-odela","tag-workerpro"],"acf":[],"yoast_head":"<!-- This site is optimized with the Yoast SEO plugin v27.2 - https:\/\/yoast.com\/product\/yoast-seo-wordpress\/ -->\n<title>Black Burner je na\u0161ao svoj savr\u0161en kroj u Lindstr\u00f6movoj kolekciji WorkerPro - Lindstr\u00f6m Serbia<\/title>\n<meta name=\"description\" content=\"Black Burner, letonski proizvo\u0111a\u010d modularnih zgrada, otkrio je idealno re\u0161enje za radnu odec\u0301u u Lindstr\u00f6movoj kolekciji WorkerPro.\" \/>\n<meta name=\"robots\" content=\"index, follow, max-snippet:-1, max-image-preview:large, max-video-preview:-1\" \/>\n<meta property=\"og:locale\" content=\"sr_RS\" \/>\n<meta property=\"og:type\" content=\"article\" \/>\n<meta property=\"og:title\" content=\"Black Burner je na\u0161ao svoj savr\u0161en kroj u Lindstr\u00f6movoj kolekciji WorkerPro - Lindstr\u00f6m Serbia\" \/>\n<meta property=\"og:description\" content=\"Black Burner, letonski proizvo\u0111a\u010d modularnih zgrada, otkrio je idealno re\u0161enje za radnu odec\u0301u u Lindstr\u00f6movoj kolekciji WorkerPro.\" \/>\n<meta property=\"og:url\" content=\"https:\/\/lindstromgroup.com\/rs\/price-nasih-klijenata\/black-burner-je-nasao-savrsen-kroj-u-lindstromovoj-kolekciji-workerpro\/\" \/>\n<meta property=\"og:site_name\" content=\"Lindstr\u00f6m Serbia\" \/>\n<meta property=\"article:published_time\" content=\"2025-01-22T12:30:52+00:00\" \/>\n<meta property=\"article:modified_time\" content=\"2025-07-25T12:52:42+00:00\" \/>\n<meta property=\"og:image\" content=\"https:\/\/d2ris6qfzcz0wn.cloudfront.net\/wp-content\/uploads\/sites\/18\/2025\/01\/IMG_8207.jpeg\" \/>\n\t<meta property=\"og:image:width\" content=\"2048\" \/>\n\t<meta property=\"og:image:height\" content=\"1536\" \/>\n\t<meta property=\"og:image:type\" content=\"image\/jpeg\" \/>\n<meta name=\"author\" content=\"Lindstr\u00f6m Group\" \/>\n<meta name=\"twitter:card\" content=\"summary_large_image\" \/>\n<meta name=\"twitter:label1\" content=\"\u041d\u0430\u043f\u0438\u0441\u0430\u043d\u043e \u043e\u0434\" \/>\n\t<meta name=\"twitter:data1\" content=\"Lindstr\u00f6m Group\" \/>\n\t<meta name=\"twitter:label2\" content=\"\u041f\u0440\u043e\u0446\u0435\u045a\u0435\u043d\u043e \u0432\u0440\u0435\u043c\u0435 \u0447\u0438\u0442\u0430\u045a\u0430\" \/>\n\t<meta name=\"twitter:data2\" content=\"1 \u043c\u0438\u043d\u0443\u0442\" \/>\n\t<meta name=\"twitter:label3\" content=\"Written by\" \/>\n\t<meta name=\"twitter:data3\" content=\"Lindstr\u00f6m Group\" \/>\n<script type=\"application\/ld+json\" class=\"yoast-schema-graph\">{\"@context\":\"https:\/\/schema.org\",\"@graph\":[{\"@type\":\"Article\",\"@id\":\"https:\/\/lindstromgroup.com\/rs\/price-nasih-klijenata\/black-burner-je-nasao-savrsen-kroj-u-lindstromovoj-kolekciji-workerpro\/#article\",\"isPartOf\":{\"@id\":\"https:\/\/lindstromgroup.com\/rs\/price-nasih-klijenata\/black-burner-je-nasao-savrsen-kroj-u-lindstromovoj-kolekciji-workerpro\/\"},\"author\":{\"name\":\"Lindstr\u00f6m Group\",\"@id\":\"https:\/\/lindstromgroup.com\/rs\/#\/schema\/person\/9111900e3f15be99cf4a104112bf0bc3\"},\"headline\":\"Black Burner je na\u0161ao svoj savr\u0161en kroj u Lindstr\u00f6movoj kolekciji WorkerPro\",\"datePublished\":\"2025-01-22T12:30:52+00:00\",\"dateModified\":\"2025-07-25T12:52:42+00:00\",\"mainEntityOfPage\":{\"@id\":\"https:\/\/lindstromgroup.com\/rs\/price-nasih-klijenata\/black-burner-je-nasao-savrsen-kroj-u-lindstromovoj-kolekciji-workerpro\/\"},\"wordCount\":548,\"publisher\":{\"@id\":\"https:\/\/lindstromgroup.com\/rs\/#organization\"},\"image\":{\"@id\":\"https:\/\/lindstromgroup.com\/rs\/price-nasih-klijenata\/black-burner-je-nasao-savrsen-kroj-u-lindstromovoj-kolekciji-workerpro\/#primaryimage\"},\"thumbnailUrl\":\"https:\/\/d2ris6qfzcz0wn.cloudfront.net\/wp-content\/uploads\/sites\/18\/2025\/01\/IMG_8207.jpeg\",\"keywords\":[\"#korisni\u010dko iskustvo\",\"#radna odela\",\"#WorkerPro\"],\"articleSection\":[\"Pri\u010de na\u0161ih klijenata\"],\"inLanguage\":\"sr-RS\"},{\"@type\":\"WebPage\",\"@id\":\"https:\/\/lindstromgroup.com\/rs\/price-nasih-klijenata\/black-burner-je-nasao-savrsen-kroj-u-lindstromovoj-kolekciji-workerpro\/\",\"url\":\"https:\/\/lindstromgroup.com\/rs\/price-nasih-klijenata\/black-burner-je-nasao-savrsen-kroj-u-lindstromovoj-kolekciji-workerpro\/\",\"name\":\"Black Burner je na\u0161ao svoj savr\u0161en kroj u Lindstr\u00f6movoj kolekciji WorkerPro - Lindstr\u00f6m Serbia\",\"isPartOf\":{\"@id\":\"https:\/\/lindstromgroup.com\/rs\/#website\"},\"primaryImageOfPage\":{\"@id\":\"https:\/\/lindstromgroup.com\/rs\/price-nasih-klijenata\/black-burner-je-nasao-savrsen-kroj-u-lindstromovoj-kolekciji-workerpro\/#primaryimage\"},\"image\":{\"@id\":\"https:\/\/lindstromgroup.com\/rs\/price-nasih-klijenata\/black-burner-je-nasao-savrsen-kroj-u-lindstromovoj-kolekciji-workerpro\/#primaryimage\"},\"thumbnailUrl\":\"https:\/\/d2ris6qfzcz0wn.cloudfront.net\/wp-content\/uploads\/sites\/18\/2025\/01\/IMG_8207.jpeg\",\"datePublished\":\"2025-01-22T12:30:52+00:00\",\"dateModified\":\"2025-07-25T12:52:42+00:00\",\"description\":\"Black Burner, letonski proizvo\u0111a\u010d modularnih zgrada, otkrio je idealno re\u0161enje za radnu odec\u0301u u Lindstr\u00f6movoj kolekciji WorkerPro.\",\"breadcrumb\":{\"@id\":\"https:\/\/lindstromgroup.com\/rs\/price-nasih-klijenata\/black-burner-je-nasao-savrsen-kroj-u-lindstromovoj-kolekciji-workerpro\/#breadcrumb\"},\"inLanguage\":\"sr-RS\",\"potentialAction\":[{\"@type\":\"ReadAction\",\"target\":[\"https:\/\/lindstromgroup.com\/rs\/price-nasih-klijenata\/black-burner-je-nasao-savrsen-kroj-u-lindstromovoj-kolekciji-workerpro\/\"]}]},{\"@type\":\"ImageObject\",\"inLanguage\":\"sr-RS\",\"@id\":\"https:\/\/lindstromgroup.com\/rs\/price-nasih-klijenata\/black-burner-je-nasao-savrsen-kroj-u-lindstromovoj-kolekciji-workerpro\/#primaryimage\",\"url\":\"https:\/\/d2ris6qfzcz0wn.cloudfront.net\/wp-content\/uploads\/sites\/18\/2025\/01\/IMG_8207.jpeg\",\"contentUrl\":\"https:\/\/d2ris6qfzcz0wn.cloudfront.net\/wp-content\/uploads\/sites\/18\/2025\/01\/IMG_8207.jpeg\",\"width\":2048,\"height\":1536},{\"@type\":\"BreadcrumbList\",\"@id\":\"https:\/\/lindstromgroup.com\/rs\/price-nasih-klijenata\/black-burner-je-nasao-savrsen-kroj-u-lindstromovoj-kolekciji-workerpro\/#breadcrumb\",\"itemListElement\":[{\"@type\":\"ListItem\",\"position\":1,\"name\":\"Home\",\"item\":\"https:\/\/lindstromgroup.com\/rs\/\"},{\"@type\":\"ListItem\",\"position\":2,\"name\":\"Pri\u010de na\u0161ih klijenata\",\"item\":\"https:\/\/lindstromgroup.com\/rs\/category\/price-nasih-klijenata\/\"},{\"@type\":\"ListItem\",\"position\":3,\"name\":\"Black Burner je na\u0161ao svoj savr\u0161en kroj u Lindstr\u00f6movoj kolekciji WorkerPro\"}]},{\"@type\":\"WebSite\",\"@id\":\"https:\/\/lindstromgroup.com\/rs\/#website\",\"url\":\"https:\/\/lindstromgroup.com\/rs\/\",\"name\":\"Lindstr\u00f6m Serbia\",\"description\":\"\",\"publisher\":{\"@id\":\"https:\/\/lindstromgroup.com\/rs\/#organization\"},\"potentialAction\":[{\"@type\":\"SearchAction\",\"target\":{\"@type\":\"EntryPoint\",\"urlTemplate\":\"https:\/\/lindstromgroup.com\/rs\/?s={search_term_string}\"},\"query-input\":{\"@type\":\"PropertyValueSpecification\",\"valueRequired\":true,\"valueName\":\"search_term_string\"}}],\"inLanguage\":\"sr-RS\"},{\"@type\":\"Organization\",\"@id\":\"https:\/\/lindstromgroup.com\/rs\/#organization\",\"name\":\"Lindstr\u00f6m Serbia\",\"url\":\"https:\/\/lindstromgroup.com\/rs\/\",\"logo\":{\"@type\":\"ImageObject\",\"inLanguage\":\"sr-RS\",\"@id\":\"https:\/\/lindstromgroup.com\/rs\/#\/schema\/logo\/image\/\",\"url\":\"https:\/\/d2ris6qfzcz0wn.cloudfront.net\/wp-content\/uploads\/sites\/12\/2023\/10\/Logo512.png\",\"contentUrl\":\"https:\/\/d2ris6qfzcz0wn.cloudfront.net\/wp-content\/uploads\/sites\/12\/2023\/10\/Logo512.png\",\"width\":512,\"height\":109,\"caption\":\"Lindstr\u00f6m Serbia\"},\"image\":{\"@id\":\"https:\/\/lindstromgroup.com\/rs\/#\/schema\/logo\/image\/\"}},{\"@type\":\"Person\",\"@id\":\"https:\/\/lindstromgroup.com\/rs\/#\/schema\/person\/9111900e3f15be99cf4a104112bf0bc3\",\"name\":\"Lindstr\u00f6m Group\",\"image\":{\"@type\":\"ImageObject\",\"inLanguage\":\"sr-RS\",\"@id\":\"https:\/\/d2ris6qfzcz0wn.cloudfront.net\/wp-content\/uploads\/sites\/12\/2024\/05\/logo_Red_V01-150x150.png4e6931f6b0730f03230376f66a842988\",\"url\":\"https:\/\/d2ris6qfzcz0wn.cloudfront.net\/wp-content\/uploads\/sites\/12\/2024\/05\/logo_Red_V01-150x150.png\",\"contentUrl\":\"https:\/\/d2ris6qfzcz0wn.cloudfront.net\/wp-content\/uploads\/sites\/12\/2024\/05\/logo_Red_V01-150x150.png\",\"caption\":\"Lindstr\u00f6m Group\"}}]}<\/script>\n<!-- \/ Yoast SEO plugin. -->","yoast_head_json":{"title":"Black Burner je na\u0161ao svoj savr\u0161en kroj u Lindstr\u00f6movoj kolekciji WorkerPro - Lindstr\u00f6m Serbia","description":"Black Burner, letonski proizvo\u0111a\u010d modularnih zgrada, otkrio je idealno re\u0161enje za radnu odec\u0301u u Lindstr\u00f6movoj kolekciji WorkerPro.","robots":{"index":"index","follow":"follow","max-snippet":"max-snippet:-1","max-image-preview":"max-image-preview:large","max-video-preview":"max-video-preview:-1"},"og_locale":"sr_RS","og_type":"article","og_title":"Black Burner je na\u0161ao svoj savr\u0161en kroj u Lindstr\u00f6movoj kolekciji WorkerPro - Lindstr\u00f6m Serbia","og_description":"Black Burner, letonski proizvo\u0111a\u010d modularnih zgrada, otkrio je idealno re\u0161enje za radnu odec\u0301u u Lindstr\u00f6movoj kolekciji WorkerPro.","og_url":"https:\/\/lindstromgroup.com\/rs\/price-nasih-klijenata\/black-burner-je-nasao-savrsen-kroj-u-lindstromovoj-kolekciji-workerpro\/","og_site_name":"Lindstr\u00f6m Serbia","article_published_time":"2025-01-22T12:30:52+00:00","article_modified_time":"2025-07-25T12:52:42+00:00","og_image":[{"width":2048,"height":1536,"url":"https:\/\/d2ris6qfzcz0wn.cloudfront.net\/wp-content\/uploads\/sites\/18\/2025\/01\/IMG_8207.jpeg","type":"image\/jpeg"}],"author":"Lindstr\u00f6m Group","twitter_card":"summary_large_image","twitter_misc":{"\u041d\u0430\u043f\u0438\u0441\u0430\u043d\u043e \u043e\u0434":"Lindstr\u00f6m Group","\u041f\u0440\u043e\u0446\u0435\u045a\u0435\u043d\u043e \u0432\u0440\u0435\u043c\u0435 \u0447\u0438\u0442\u0430\u045a\u0430":"1 \u043c\u0438\u043d\u0443\u0442","Written by":"Lindstr\u00f6m Group"},"schema":{"@context":"https:\/\/schema.org","@graph":[{"@type":"Article","@id":"https:\/\/lindstromgroup.com\/rs\/price-nasih-klijenata\/black-burner-je-nasao-savrsen-kroj-u-lindstromovoj-kolekciji-workerpro\/#article","isPartOf":{"@id":"https:\/\/lindstromgroup.com\/rs\/price-nasih-klijenata\/black-burner-je-nasao-savrsen-kroj-u-lindstromovoj-kolekciji-workerpro\/"},"author":{"name":"Lindstr\u00f6m Group","@id":"https:\/\/lindstromgroup.com\/rs\/#\/schema\/person\/9111900e3f15be99cf4a104112bf0bc3"},"headline":"Black Burner je na\u0161ao svoj savr\u0161en kroj u Lindstr\u00f6movoj kolekciji WorkerPro","datePublished":"2025-01-22T12:30:52+00:00","dateModified":"2025-07-25T12:52:42+00:00","mainEntityOfPage":{"@id":"https:\/\/lindstromgroup.com\/rs\/price-nasih-klijenata\/black-burner-je-nasao-savrsen-kroj-u-lindstromovoj-kolekciji-workerpro\/"},"wordCount":548,"publisher":{"@id":"https:\/\/lindstromgroup.com\/rs\/#organization"},"image":{"@id":"https:\/\/lindstromgroup.com\/rs\/price-nasih-klijenata\/black-burner-je-nasao-savrsen-kroj-u-lindstromovoj-kolekciji-workerpro\/#primaryimage"},"thumbnailUrl":"https:\/\/d2ris6qfzcz0wn.cloudfront.net\/wp-content\/uploads\/sites\/18\/2025\/01\/IMG_8207.jpeg","keywords":["#korisni\u010dko iskustvo","#radna odela","#WorkerPro"],"articleSection":["Pri\u010de na\u0161ih klijenata"],"inLanguage":"sr-RS"},{"@type":"WebPage","@id":"https:\/\/lindstromgroup.com\/rs\/price-nasih-klijenata\/black-burner-je-nasao-savrsen-kroj-u-lindstromovoj-kolekciji-workerpro\/","url":"https:\/\/lindstromgroup.com\/rs\/price-nasih-klijenata\/black-burner-je-nasao-savrsen-kroj-u-lindstromovoj-kolekciji-workerpro\/","name":"Black Burner je na\u0161ao svoj savr\u0161en kroj u Lindstr\u00f6movoj kolekciji WorkerPro - Lindstr\u00f6m Serbia","isPartOf":{"@id":"https:\/\/lindstromgroup.com\/rs\/#website"},"primaryImageOfPage":{"@id":"https:\/\/lindstromgroup.com\/rs\/price-nasih-klijenata\/black-burner-je-nasao-savrsen-kroj-u-lindstromovoj-kolekciji-workerpro\/#primaryimage"},"image":{"@id":"https:\/\/lindstromgroup.com\/rs\/price-nasih-klijenata\/black-burner-je-nasao-savrsen-kroj-u-lindstromovoj-kolekciji-workerpro\/#primaryimage"},"thumbnailUrl":"https:\/\/d2ris6qfzcz0wn.cloudfront.net\/wp-content\/uploads\/sites\/18\/2025\/01\/IMG_8207.jpeg","datePublished":"2025-01-22T12:30:52+00:00","dateModified":"2025-07-25T12:52:42+00:00","description":"Black Burner, letonski proizvo\u0111a\u010d modularnih zgrada, otkrio je idealno re\u0161enje za radnu odec\u0301u u Lindstr\u00f6movoj kolekciji WorkerPro.","breadcrumb":{"@id":"https:\/\/lindstromgroup.com\/rs\/price-nasih-klijenata\/black-burner-je-nasao-savrsen-kroj-u-lindstromovoj-kolekciji-workerpro\/#breadcrumb"},"inLanguage":"sr-RS","potentialAction":[{"@type":"ReadAction","target":["https:\/\/lindstromgroup.com\/rs\/price-nasih-klijenata\/black-burner-je-nasao-savrsen-kroj-u-lindstromovoj-kolekciji-workerpro\/"]}]},{"@type":"ImageObject","inLanguage":"sr-RS","@id":"https:\/\/lindstromgroup.com\/rs\/price-nasih-klijenata\/black-burner-je-nasao-savrsen-kroj-u-lindstromovoj-kolekciji-workerpro\/#primaryimage","url":"https:\/\/d2ris6qfzcz0wn.cloudfront.net\/wp-content\/uploads\/sites\/18\/2025\/01\/IMG_8207.jpeg","contentUrl":"https:\/\/d2ris6qfzcz0wn.cloudfront.net\/wp-content\/uploads\/sites\/18\/2025\/01\/IMG_8207.jpeg","width":2048,"height":1536},{"@type":"BreadcrumbList","@id":"https:\/\/lindstromgroup.com\/rs\/price-nasih-klijenata\/black-burner-je-nasao-savrsen-kroj-u-lindstromovoj-kolekciji-workerpro\/#breadcrumb","itemListElement":[{"@type":"ListItem","position":1,"name":"Home","item":"https:\/\/lindstromgroup.com\/rs\/"},{"@type":"ListItem","position":2,"name":"Pri\u010de na\u0161ih klijenata","item":"https:\/\/lindstromgroup.com\/rs\/category\/price-nasih-klijenata\/"},{"@type":"ListItem","position":3,"name":"Black Burner je na\u0161ao svoj savr\u0161en kroj u Lindstr\u00f6movoj kolekciji WorkerPro"}]},{"@type":"WebSite","@id":"https:\/\/lindstromgroup.com\/rs\/#website","url":"https:\/\/lindstromgroup.com\/rs\/","name":"Lindstr\u00f6m Serbia","description":"","publisher":{"@id":"https:\/\/lindstromgroup.com\/rs\/#organization"},"potentialAction":[{"@type":"SearchAction","target":{"@type":"EntryPoint","urlTemplate":"https:\/\/lindstromgroup.com\/rs\/?s={search_term_string}"},"query-input":{"@type":"PropertyValueSpecification","valueRequired":true,"valueName":"search_term_string"}}],"inLanguage":"sr-RS"},{"@type":"Organization","@id":"https:\/\/lindstromgroup.com\/rs\/#organization","name":"Lindstr\u00f6m Serbia","url":"https:\/\/lindstromgroup.com\/rs\/","logo":{"@type":"ImageObject","inLanguage":"sr-RS","@id":"https:\/\/lindstromgroup.com\/rs\/#\/schema\/logo\/image\/","url":"https:\/\/d2ris6qfzcz0wn.cloudfront.net\/wp-content\/uploads\/sites\/12\/2023\/10\/Logo512.png","contentUrl":"https:\/\/d2ris6qfzcz0wn.cloudfront.net\/wp-content\/uploads\/sites\/12\/2023\/10\/Logo512.png","width":512,"height":109,"caption":"Lindstr\u00f6m Serbia"},"image":{"@id":"https:\/\/lindstromgroup.com\/rs\/#\/schema\/logo\/image\/"}},{"@type":"Person","@id":"https:\/\/lindstromgroup.com\/rs\/#\/schema\/person\/9111900e3f15be99cf4a104112bf0bc3","name":"Lindstr\u00f6m Group","image":{"@type":"ImageObject","inLanguage":"sr-RS","@id":"https:\/\/d2ris6qfzcz0wn.cloudfront.net\/wp-content\/uploads\/sites\/12\/2024\/05\/logo_Red_V01-150x150.png4e6931f6b0730f03230376f66a842988","url":"https:\/\/d2ris6qfzcz0wn.cloudfront.net\/wp-content\/uploads\/sites\/12\/2024\/05\/logo_Red_V01-150x150.png","contentUrl":"https:\/\/d2ris6qfzcz0wn.cloudfront.net\/wp-content\/uploads\/sites\/12\/2024\/05\/logo_Red_V01-150x150.png","caption":"Lindstr\u00f6m Group"}}]}},"publishpress_future_workflow_manual_trigger":{"enabledWorkflows":[]},"distributor_meta":false,"distributor_terms":false,"distributor_media":false,"distributor_original_site_name":"Lindstr\u00f6m Serbia","distributor_original_site_url":"https:\/\/lindstromgroup.com\/rs","push-errors":false,"_links":{"self":[{"href":"https:\/\/lindstromgroup.com\/rs\/wp-json\/wp\/v2\/posts\/18294","targetHints":{"allow":["GET"]}}],"collection":[{"href":"https:\/\/lindstromgroup.com\/rs\/wp-json\/wp\/v2\/posts"}],"about":[{"href":"https:\/\/lindstromgroup.com\/rs\/wp-json\/wp\/v2\/types\/post"}],"author":[{"embeddable":true,"href":"https:\/\/lindstromgroup.com\/rs\/wp-json\/wp\/v2\/users\/14"}],"replies":[{"embeddable":true,"href":"https:\/\/lindstromgroup.com\/rs\/wp-json\/wp\/v2\/comments?post=18294"}],"version-history":[{"count":0,"href":"https:\/\/lindstromgroup.com\/rs\/wp-json\/wp\/v2\/posts\/18294\/revisions"}],"wp:featuredmedia":[{"embeddable":true,"href":"https:\/\/lindstromgroup.com\/rs\/wp-json\/wp\/v2\/media\/18295"}],"wp:attachment":[{"href":"https:\/\/lindstromgroup.com\/rs\/wp-json\/wp\/v2\/media?parent=18294"}],"wp:term":[{"taxonomy":"category","embeddable":true,"href":"https:\/\/lindstromgroup.com\/rs\/wp-json\/wp\/v2\/categories?post=18294"},{"taxonomy":"post_tag","embeddable":true,"href":"https:\/\/lindstromgroup.com\/rs\/wp-json\/wp\/v2\/tags?post=18294"},{"taxonomy":"author","embeddable":true,"href":"https:\/\/lindstromgroup.com\/rs\/wp-json\/wp\/v2\/coauthors?post=18294"}],"curies":[{"name":"wp","href":"https:\/\/api.w.org\/{rel}","templated":true}]}}