
    {"id":18091,"date":"2024-11-28T18:02:58","date_gmt":"2024-11-28T16:02:58","guid":{"rendered":"https:\/\/lindstromgroup.com\/rs\/?p=18091"},"modified":"2025-05-13T13:43:31","modified_gmt":"2025-05-13T11:43:31","slug":"cirkularna-ekonomija-u-tekstilu-pokrece-poslovanje","status":"publish","type":"post","link":"https:\/\/lindstromgroup.com\/rs\/clanci\/cirkularna-ekonomija-u-tekstilu-pokrece-poslovanje\/","title":{"rendered":"Cirkularna ekonomija u tekstilu pokrec\u0301e poslovanje"},"content":{"rendered":"\n<p>Iako je cirkularna (ili kru\u017ena) ekonomija jo\u0161 uvek relativno nov koncept, za mnoga preduze\u0107a jako brzo postaje neophodno da prihvate cirkularne principe.<\/p>\n\n\n\n<p>Prema najnovijem <a href=\"https:\/\/www.vttresearch.com\/en\/news-and-ideas\/vtts-trend-report-2024-features-global-megatrends-and-technologies-disrupting\" target=\"_blank\" rel=\"noreferrer noopener\">izve\u0161taju o trendovima VTT-a<\/a>, cirkularna ekonomija je sada megatrend, i kompanije u razli\u010ditim industrijama sara\u0111uju kako bi unapredile cirkularnost. <a href=\"https:\/\/environment.ec.europa.eu\/strategy\/textiles-strategy_en\" target=\"_blank\" rel=\"noreferrer noopener\">Strategija EU za odr\u017eivi i cirkularni tekstil<\/a> tako\u0111e podsti\u010de kompanije da unaprede svoju cirkularnost i moguc\u0301nost recikla\u017ee tekstilnih proizvoda.<\/p>\n\n\n\n<p>U Lindstr\u00f6mu, na\u0161e poslovanje je izgra\u0111eno na <a href=\"https:\/\/lindstromgroup.com\/rs\/odrzivost\/kako-mozemo-da-povecamo-odrzivost-u-tekstilnoj-industriji\/\" target=\"_blank\" rel=\"noreferrer noopener\">principima cirkularne ekonomije<\/a>. Svesni smo da je tekstilni otpad globalni problem, sa oko <a href=\"https:\/\/earth.org\/statistics-about-fast-fashion-waste\/\" target=\"_blank\" rel=\"noreferrer noopener\">100 milijardi proizvedenih komada tekstila<\/a> i 92 miliona tona tekstilnog otpada koji se generi\u0161u na godi\u0161njem nivou. Na\u0161 cirkularni pristup se fokusira na produ\u017eavanje \u017eivotnog veka tekstila \u0161to je moguc\u0301e du\u017ee i na proizvodnju novih tekstilnih proizvoda samo onda kada je to potrebno. Pronalazimo inovativne na\u010dine da recikliramo i zatvorimo krug, smanjujuc\u0301i prekomernu proizvodnju tekstila i \u010duvajuc\u0301i prirodne resurse.<\/p>\n\n\n\n<p>Radimo du\u017ee od jednog veka sa na\u0161im modelom tekstila kao usluge, postavljajuc\u0301i cirkularnost u prvi plan i u centar svega \u0161to radimo. U ovom \u010dlanku, <a href=\"https:\/\/lindstromgroup.com\/staff\/kati-pallasaho\/\" target=\"_blank\" rel=\"noreferrer noopener\">Kati Pallasaho<\/a>, <strong>vi\u0161a potpredsednica za strategiju i odr\u017eivost<\/strong> u Lindstr\u00f6mu, pri\u010da o tome kako praktikujemo ove principe dok sara\u0111ujemo sa internim i eksternim zainteresovanim stranama, i koje smo lekcije nau\u010dili usput.<\/p>\n\n\n\n<!-- HTML -->\n            <div\n            id=\"block_fb11a881c435a26e8e6fbdf29dd1833b\"\n            class=\"banner-cta banner-cta--block_fb11a881c435a26e8e6fbdf29dd1833b  relative\"\n        >\n            <div class=\"banner-cta__background\" style=\"background-color: #006f86\"><\/div>\n            <div\n                class=\"flex gap-3 min-h-[100px] content-center self-stretch flex-wrap lindstrom-container lindstrom-container--content banner-cta__content banner-cta__content--horizontal\">\n                <div class=\"flex-grow flex-shrink-0 basis-0 min-w-[270px] w-full banner-cta__text\">\n                                            <h3 class=\"font-bold mt-0 !mb-1 !text-white text-title-small\">\n                            Slu\u0161ajte podkast &#8222;Circular Coffee Break&#8220;:                        <\/h3>\n                                                            <p class=\"m-0 !text-white !text-body\">\n                        Kati Pallasaho i voditelj podkasta Michael Hanf raspravljaju o odr\u017eivosti u tekstilnoj industriji i istra\u017euju Lindstr\u00f6mov pristup cirkularnoj ekonomiji.\r\n                    <\/p>\n                                    <\/div>\n                \n                                    <div class=\"flex flex-wrap items-start gap-4\">\n                                            <div class=\"flex h-10 border-2 border-white rounded-full banner-cta__button button-outlined--white\">\n                            <a\n                                class=\"!no-underline !text-white bg-transparent py-3 px-5 pr-4 font-bold text-[15px]\/[21px] flex items-center gap-3\"\n                                href=\"https:\/\/www.youtube.com\/watch?v=V_wb8Ep89nQ\"\n                                target=\"_self\"\n                            >\n                                                                                                    <span class=\"material-symbols-outlined !text-[35px]\">arrow_right_alt<\/span>\n                                                            <\/a>\n                        <\/div>\n                                                                <\/div>\n                            <\/div>\n        <\/div>\n    \n\n\n<h2 class=\"wp-block-heading\">Kako principi cirkularne ekonomije oblikuju na\u0161u strategiju<\/h2>\n\n\n\n<div class=\"wp-block-columns is-layout-flex wp-container-core-columns-is-layout-28f84493 wp-block-columns-is-layout-flex\">\n<div class=\"wp-block-column is-vertically-aligned-center is-layout-flow wp-block-column-is-layout-flow\">\n<p>Sve po\u010dinje od dizajna proizvoda i usluga. Mi svojim klijentima ne nudimo samo tekstil \u2013 mi im pru\u017eamo kompletan model usluge. Dizajniramo svoje proizvode tako da budu dugove\u010dni, da se mogu ponovo koristiti, popravljati i reciklirati.<\/p>\n\n\n\n<blockquote class=\"wp-block-quote is-layout-flow wp-block-quote-is-layout-flow\">\n<p>Postoji velika prilika da se napravi mudriji izbor za planetu po pitanju dizajna proizvoda i izbora materijala.<\/p>\n<cite>Kati Pallasaho, Vi\u0161a potpredsednica za strategiju i odr\u017eivost<\/cite><\/blockquote>\n<\/div>\n\n\n\n<div class=\"wp-block-column is-layout-flow wp-block-column-is-layout-flow\">\n<figure class=\"wp-block-image size-full\"><img decoding=\"async\" width=\"768\" height=\"768\" src=\"https:\/\/d2ris6qfzcz0wn.cloudfront.net\/wp-content\/uploads\/sites\/18\/2024\/11\/221212_GMT-KatiPallasaho_V01-768x768-1-1.jpg\" alt=\"\" class=\"wp-image-18166\" srcset=\"https:\/\/d2ris6qfzcz0wn.cloudfront.net\/wp-content\/uploads\/sites\/18\/2024\/11\/221212_GMT-KatiPallasaho_V01-768x768-1-1.jpg 768w, https:\/\/d2ris6qfzcz0wn.cloudfront.net\/wp-content\/uploads\/sites\/18\/2024\/11\/221212_GMT-KatiPallasaho_V01-768x768-1-1-300x300.jpg 300w, https:\/\/d2ris6qfzcz0wn.cloudfront.net\/wp-content\/uploads\/sites\/18\/2024\/11\/221212_GMT-KatiPallasaho_V01-768x768-1-1-150x150.jpg 150w\" sizes=\"(max-width: 768px) 100vw, 768px\" \/><\/figure>\n<\/div>\n<\/div>\n\n\n\n<p>Na\u0161e <em>end-to-end<\/em> usluge, uklju\u010dujuc\u0301i isporuku tekstila, pranje, odr\u017eavanje i popravke, \u010dine pogodnim za na\u0161e klijente da usvoje principe cirkularne ekonomije kao deo svog poslovanja. Tako\u0111e nudimo re\u0161enja za razli\u010dite scenarije po zavr\u0161etku \u017eivotnog veka tekstila, kao \u0161to su recikla\u017ea, ponovna upotreba ili upotreba tekstila kao sirovine za neke druge proizvode.<\/p>\n\n\n\n<p>Odr\u017eivost, cirkularnost, mogu\u0107nost popravke i ponovna upotreba su <a href=\"https:\/\/www.viima.com\/blog\/circular-economy#linds\" target=\"_blank\" rel=\"noreferrer noopener\">klju\u010dni kriterijumi za dono\u0161enje odluka za na\u0161e klijente<\/a>. Oni su svesni ekolo\u0161kog opterec\u0301enja koje odre\u0111ena tekstilna vlakna mogu imati. Kati napominje: \u201eMnogi na\u0161i dugogodi\u0161nji kupci izabrali su nas jer smo u moguc\u0301nosti da produ\u017eimo \u017eivotni ciklus tekstila, smanjimo prekomernu potro\u0161nju i sa\u010duvamo prirodne resurse.\u201c<\/p>\n\n\n\n<p>Na\u0161a posvec\u0301enost principima cirkularne ekonomije oblikuje i razvoj na\u0161ih usluga i uti\u010de na to kako upravljamo na\u0161im perionicama, uslugama isporuke i kako razvijamo nove ponude.<\/p>\n\n\n\n<p>Kati isti\u010de na\u0161 holisti\u010dki pristup: \u201eMoramo razmotriti sve iz klimatske perspektive, kako bismo smanjili svoj otisak i pomogli na\u0161im klijentima da postanu odr\u017eiviji.\u201c<\/p>\n\n\n\n<h2 class=\"wp-block-heading\">Merenje uticaja cirkularnosti<\/h2>\n\n\n\n<p>Postavili smo dva strate\u0161ka indikatora u\u010dinka cirkularnosti da bismo pratili svoj napredak u ovoj oblasti:<\/p>\n\n\n\n<div class=\"wp-block-columns is-layout-flex wp-container-core-columns-is-layout-28f84493 wp-block-columns-is-layout-flex\">\n<div class=\"wp-block-column is-layout-flow wp-block-column-is-layout-flow\">\n<figure class=\"wp-block-image aligncenter size-full is-resized\"><img decoding=\"async\" width=\"300\" height=\"300\" src=\"https:\/\/d2ris6qfzcz0wn.cloudfront.net\/wp-content\/uploads\/sites\/18\/2024\/11\/leaf-recycle_Purple_V01.png\" alt=\"\" class=\"wp-image-18168\" style=\"width:186px;height:auto\" srcset=\"https:\/\/d2ris6qfzcz0wn.cloudfront.net\/wp-content\/uploads\/sites\/18\/2024\/11\/leaf-recycle_Purple_V01.png 300w, https:\/\/d2ris6qfzcz0wn.cloudfront.net\/wp-content\/uploads\/sites\/18\/2024\/11\/leaf-recycle_Purple_V01-150x150.png 150w\" sizes=\"(max-width: 300px) 100vw, 300px\" \/><\/figure>\n\n\n\n<h3 class=\"wp-block-heading\"><strong>1.<\/strong> <strong>Recikliranje tekstila na kraju \u017eivotnog veka<\/strong><\/h3>\n\n\n\n<p><strong>Cilj nam je da recikliramo 100% na\u0161eg tekstila na kraju njegovog \u017eivotnog veka do 2025. Pro\u0161le godine smo dostigli stopu recikliranja od 74%, \u0161to je veliki skok sa 0% u 2019.<br><\/strong><\/p>\n<\/div>\n\n\n\n<div class=\"wp-block-column is-layout-flow wp-block-column-is-layout-flow\">\n<figure class=\"wp-block-image aligncenter size-full is-resized\"><img decoding=\"async\" width=\"300\" height=\"300\" src=\"https:\/\/d2ris6qfzcz0wn.cloudfront.net\/wp-content\/uploads\/sites\/18\/2024\/11\/CustomMat2_Purple_V01-1.png\" alt=\"\" class=\"wp-image-18169\" style=\"width:185px;height:auto\" srcset=\"https:\/\/d2ris6qfzcz0wn.cloudfront.net\/wp-content\/uploads\/sites\/18\/2024\/11\/CustomMat2_Purple_V01-1.png 300w, https:\/\/d2ris6qfzcz0wn.cloudfront.net\/wp-content\/uploads\/sites\/18\/2024\/11\/CustomMat2_Purple_V01-1-150x150.png 150w\" sizes=\"(max-width: 300px) 100vw, 300px\" \/><\/figure>\n\n\n\n<h3 class=\"wp-block-heading\"><strong>2. Kori\u0161c\u0301enje recikliranih ili bio-baziranih vlakana<\/strong><\/h3>\n\n\n\n<p><strong><a href=\"https:\/\/lindstromgroup.com\/recycled-bio-based-or-beyond-2\/\" target=\"_blank\" rel=\"noreferrer noopener\">Na\u0161 cilj<\/a> je da 30% novog tekstila koji kupujemo uklju\u010duje reciklirana ili bio-bazirana vlakna do 2025. godine. U 2023. je 18% tekstila koji smo kupili sadr\u017ealo reciklirane materijale. Jedan jasan primer na\u0161eg napretka su <a href=\"https:\/\/lindstromgroup.com\/rs\/staze-i-otiraci\/isto-to-samo-odrzivije-standardni-otiraci-od-recikliranih-vlakana-i-gume\/\" target=\"_blank\" rel=\"noreferrer noopener\">na\u0161e prostirke (staze i otira\u010di)<\/a>, koje su sada napravljene od 75% recikliranih vlakana.<\/strong><\/p>\n<\/div>\n<\/div>\n\n\n\n<p>Cirkularnost vode c\u0301e tako\u0111e biti klju\u010dna ta\u010dka u buduc\u0301nosti. Vec\u0301 smo napravili korake u Indiji u o\u010duvanju ovog oskudnog resursa, kroz pilot projekat <a href=\"https:\/\/lindstromgroup.com\/aquaest-partnering-with-nalco-water-to-optimise-water-usage-in-india\/\" target=\"_blank\" rel=\"noreferrer noopener\">recikla\u017ee vode u na\u0161oj industrijskoj perionici ve\u0161a<\/a>, zajedno sa na\u0161im partnerom, kompanijom Nalco Water. U sklopu ovog projekta, uspe\u0161no smo povratili 74% vode iz procesa reverzne osmoze u roku od 13 meseci. Koristili smo 56% reciklirane vode, a potro\u0161nju sve\u017ee vode smo ograni\u010dili na 44% u procesu pranja.<\/p>\n\n\n\n<p>Pored toga, gradimo i jednu sveobuhvatnu mapu, plan puta za smanjenje emisija, kako bismo ispunili svoje klimatske ciljeve. Ovo uklju\u010duje i ispitivanje celog na\u0161eg modela usluga \u2014 od dizajna proizvoda, do pranja ve\u0161a \u2014 da bismo minimizovali svoj otisak.<\/p>\n\n\n\n<h2 class=\"wp-block-heading\">Saradnja vi\u0161e strana gura cirkularnost napred<\/h2>\n\n\n\n<p>Da bismo ispunili svoje ciljeve po pitanju cirkularne ekonomije, neophodna je saradnja \u2013 kako unutar Lindstr\u00f6ma, tako i sa eksternim partnerima u celom na\u0161em lancu vrednosti, pa i \u0161ire.<\/p>\n\n\n\n<p>Unutar kompanije, na\u0161i timovi za razvoj proizvoda i usluga blisko sara\u0111uju sa na\u0161im timovima za upravljanje lancem snabdevanja i nabavke, kako bi osigurali da svi na\u0161i materijali ispunjavaju standarde kvaliteta i \u017eivotne sredine.<\/p>\n\n\n\n<p>\u0160to se ti\u010de recikliranih materijala za radnu odec\u0301u, u\u010destvujemo u vi\u0161estranoj saradnji sa kompanijama za recikla\u017eu, proizvo\u0111a\u010dima tkanina i proizvo\u0111a\u010dima gotovih proizvoda. Tako\u0111e smo uspostavili partnersku mre\u017eu &#8211; u skoro sve 23 zemlje u kojima poslujemo &#8211; za recikliranje razli\u010ditih proizvoda na kraju njihovog \u017eivotnog veka. Nedavno, na\u0161e <a href=\"https:\/\/lindstromgroup.com\/lindstrom-and-infinity-mat-recycling-in-partnership\/\" target=\"_blank\" rel=\"noreferrer noopener\">partnerstvo sa Infinity-jem<\/a> omoguc\u0301ilo nam je da recikliramo otira\u010de sa finskog tr\u017ei\u0161ta na kraju radnog veka. To predstavlja veliku prekretnicu, jer je prostirke posebno te\u0161ko reciklirati.<\/p>\n\n\n\n<p>Kati rezimira: \u201eOdr\u017eavamo dugotrajne odnose sa dobavlja\u010dima i u\u010destvujemo u otvorenoj saradnji kako bismo razvili inovativne materijale.\u201c<\/p>\n\n\n\n<h2 class=\"wp-block-heading\">Potrebna je sistemska promena da bi cirkularnost postala norma<\/h2>\n\n\n\n<p>U pore\u0111enju sa linearnom ekonomijom, cirkularnost je jedan potpuno nov na\u010din poslovanja koji zahteva promenu na\u010dina razmi\u0161ljanja. Da bi se podstakao dalji napredak u primeni principa cirkularne ekonomije, su\u0161tinske su sistemske promene. A to prevazilazi napore bilo koje kompanije.<\/p>\n\n\n\n<blockquote class=\"wp-block-quote is-layout-flow wp-block-quote-is-layout-flow\">\n<p>Da li dovoljno brzo pravimo promene u poslovnim modelima kompanija? Ja mislim da ne. Jer, ako pogledate izve\u0161taje o <a href=\"https:\/\/circulareconomy.europa.eu\/platform\/en\/knowledge\/circularity-gap-report-2024\" target=\"_blank\" rel=\"noreferrer noopener\">nedostacima u cirkularnosti<\/a>, vi\u0161e od 90% materijala koje koristimo se ne reciklira. Bacamo mnogo toga.<\/p>\n<cite>Kati Pallasaho, Vi\u0161a potpredsednica za strategiju i odr\u017eivost<\/cite><\/blockquote>\n\n\n\n<p class=\"is-style-default has-grey-100-color has-text-color has-link-color wp-elements-30bda52eec5e476bc2e38766e32ae643\">Kati apeluje na donosioce odluka u kompanijama da razmotre iznajmljivanje proizvoda kada je to moguc\u0301e, umesto posedovanja, da nastave da izazivaju i dovode u pitanje postojec\u0301e poslovne modele i da glasno govore o potrebi za promenama. U Lindstr\u00f6mu, na primer, mi otvoreno razgovaramo o na\u0161em cirkularnom poslovnom modelu i nudimo prakti\u010dne uvide kako bismo inspirisali i druge kompanije da preduzmu neke akcije po tom pitanju.<\/p>\n\n\n\n<p><\/p>\n\n\n\n    <div \n        id=\"cta-with-image-block_c9ef3e3c20b76e20f62bfa83a6752688\" \n        class=\"cta-with-image\"\n    >\n        <div class=\"cta__content\" style=\"color: #222222; background-color: #ffffff\">\n            <div class=\"content__title\">Smanjite. Ponovo koristite. Reciklirajte.<\/div>\n            <div class=\"content__description\">Popravkom i ponovnom upotrebom izbegavamo nepotrebnu proizvodnju miliona kilograma tekstila.\r\n<\/div>\n            <div class=\"content__button-links\">\n                                    <div class=\"button-link\">\n                        <a \n                            href=\"https:\/\/lindstromgroup.com\/rs\/odrzivost\/kako-mozemo-da-povecamo-odrzivost-u-tekstilnoj-industriji\/\" \n                            style=\"background-color: #006f86; color: #FFFFFF; border: 2px solid \"\n                        >\n                            Saznajte vi\u0161e.                        <\/a>\n                    <\/div>\n                            <\/div>\n        <\/div>\n        <div class=\"cta__image\"><img decoding=\"async\" src=\"https:\/\/d2ris6qfzcz0wn.cloudfront.net\/wp-content\/uploads\/sites\/18\/2024\/11\/DSC6663_orig-768x512-1.jpg\" alt=\"\" \/><\/div>\n    <\/div>\n\n\n\n<p><\/p>\n\n\n\n<h3 class=\"wp-block-heading\">Mo\u017eda \u0107e vas zanimati i:<\/h3>\n\n\n\n<style>\n    @media only screen and (max-width: 1200px) {\n        #block_1c94a50acb1d37d6f6e0879dc006f7af .blogposts__container {\n            grid-template-columns: repeat(4, 1fr);\n        }\n    }\n<\/style>\n\n            <div \n            id=\"block_1c94a50acb1d37d6f6e0879dc006f7af\" \n            class=\"blogposts blogposts--block_1c94a50acb1d37d6f6e0879dc006f7af \"\n        >\n            <div class=\"blogposts\">\n                <div class=\"blogposts__container post-row\">\n                    \n        <div class='post-card relative' data-index='18089'>\n            <img\n                class='post-card__image' \n                src='https:\/\/d2ris6qfzcz0wn.cloudfront.net\/wp-content\/uploads\/sites\/18\/2024\/11\/DSC6684-1-1024x683.jpg' \n                alt='Kako mo\u017eemo da pove\u0107amo odr\u017eivost u tekstilnoj industriji?' \n            \/>\n            <div class='post-card__content'>\n                <div class='post-card__categories z-20'>\n            <a\n                class='post-card__category'\n                href='https:\/\/lindstromgroup.com\/rs\/category\/clanci\/'\n            >\n                \u010clanci\n            <\/a><\/div>\n                <div class='post-card__title'>\n                    Kako mo\u017eemo da pove\u0107amo odr\u017eivost u tekstilnoj industriji?\n                <\/div>\n                <p class='post-card__excerpt'>\n                    Izbegavamo milione kilograma nepotrebnog tekstila popravkom i ponovnom upotrebom odevnih predmeta. Saznajte vi\u0161e o odr\u017eivosti u tekstilnoj industriji i kako je unaprediti.\n                <\/p>\n                <div class='post-card__tags z-20'>\n            <a\n                class='post-card__tag'\n                href='https:\/\/lindstromgroup.com\/rs\/tag\/cirkularna-ekonomija\/'\n                style='border: 1px solid ; color: ;'\n            >\n                #cirkularna ekonomija\n            <\/a>\n            <a\n                class='post-card__tag'\n                href='https:\/\/lindstromgroup.com\/rs\/tag\/odrzivost\/'\n                style='border: 1px solid ; color: ;'\n            >\n                #odr\u017eivost\n            <\/a>\n            <a\n                class='post-card__tag'\n                href='https:\/\/lindstromgroup.com\/rs\/tag\/radna-odela\/'\n                style='border: 1px solid ; color: ;'\n            >\n                #radna odela\n            <\/a><\/div>\n            <\/div>\n            <a href='\/rs\/clanci\/kako-mozemo-da-povecamo-odrzivost-u-tekstilnoj-industriji\/' class='absolute inset-0 w-full h-full z-10'><\/a>\n        <\/div>\n    \n        <div class='post-card relative' data-index='17612'>\n            <img\n                class='post-card__image' \n                src='https:\/\/d2ris6qfzcz0wn.cloudfront.net\/wp-content\/uploads\/sites\/18\/2024\/09\/230824_RecycledMaterial_V30-1024x683.jpg' \n                alt='Cirkularna ekonomija bi trebalo da bude nova norma u tekstilnoj industriji' \n            \/>\n            <div class='post-card__content'>\n                <div class='post-card__categories z-20'>\n            <a\n                class='post-card__category'\n                href='https:\/\/lindstromgroup.com\/rs\/category\/clanci\/'\n            >\n                \u010clanci\n            <\/a><\/div>\n                <div class='post-card__title'>\n                    Cirkularna ekonomija bi trebalo da bude nova norma u tekstilnoj industriji\n                <\/div>\n                <p class='post-card__excerpt'>\n                    U dana\u0161njem linearnom svetu uspeh se gradi na rastu, \u0161to obi\u010dno zna\u010di vi\u0161e proizvodnje, sirovina, otpada i zaga\u0111enja. Ni tekstilna industrija nije izuzetak. Mi u Lindstr\u00f6mu mislimo da bi cirkularna ekonomija trebalo da postane nova norma u tekstilnoj industriji.\n                <\/p>\n                <div class='post-card__tags z-20'>\n            <a\n                class='post-card__tag'\n                href='https:\/\/lindstromgroup.com\/rs\/tag\/cirkularna-ekonomija\/'\n                style='border: 1px solid ; color: ;'\n            >\n                #cirkularna ekonomija\n            <\/a>\n            <a\n                class='post-card__tag'\n                href='https:\/\/lindstromgroup.com\/rs\/tag\/odrzivost\/'\n                style='border: 1px solid ; color: ;'\n            >\n                #odr\u017eivost\n            <\/a><\/div>\n            <\/div>\n            <a href='\/rs\/clanci\/cirkularna-ekonomija-bi-trebalo-da-bude-nova-norma-u-tekstilnoj-industriji\/' class='absolute inset-0 w-full h-full z-10'><\/a>\n        <\/div>\n    \n        <div class='post-card relative' data-index='17448'>\n            <img\n                class='post-card__image' \n                src='https:\/\/d2ris6qfzcz0wn.cloudfront.net\/wp-content\/uploads\/sites\/18\/2024\/08\/1-2-2048x904.png-1024x452.webp' \n                alt='Isto to, samo odr\u017eivije &#8211; standardni otira\u010di od recikliranih vlakana i gume' \n            \/>\n            <div class='post-card__content'>\n                <div class='post-card__categories z-20'>\n            <a\n                class='post-card__category'\n                href='https:\/\/lindstromgroup.com\/rs\/category\/clanci\/'\n            >\n                \u010clanci\n            <\/a><\/div>\n                <div class='post-card__title'>\n                    Isto to, samo odr\u017eivije &#8211; standardni otira\u010di od recikliranih vlakana i gume\n                <\/div>\n                <p class='post-card__excerpt'>\n                    Lindstr\u00f6mova kolekcija standardnih otira\u010da napravila je ogroman skok ka odr\u017eivosti, jer se svi otira\u010di po\u010dev\u0161i od jeseni 2023. prave od 75% recikliranih vlakana i gume bez ftalata.\n                <\/p>\n                <div class='post-card__tags z-20'>\n            <a\n                class='post-card__tag'\n                href='https:\/\/lindstromgroup.com\/rs\/tag\/cirkularna-ekonomija\/'\n                style='border: 1px solid ; color: ;'\n            >\n                #cirkularna ekonomija\n            <\/a>\n            <a\n                class='post-card__tag'\n                href='https:\/\/lindstromgroup.com\/rs\/tag\/neto-nula\/'\n                style='border: 1px solid ; color: ;'\n            >\n                #neto-nula\n            <\/a>\n            <a\n                class='post-card__tag'\n                href='https:\/\/lindstromgroup.com\/rs\/tag\/odrzivost\/'\n                style='border: 1px solid ; color: ;'\n            >\n                #odr\u017eivost\n            <\/a>\n            <a\n                class='post-card__tag'\n                href='https:\/\/lindstromgroup.com\/rs\/tag\/standardne-staze\/'\n                style='border: 1px solid ; color: ;'\n            >\n                #standardne staze\n            <\/a>\n            <a\n                class='post-card__tag'\n                href='https:\/\/lindstromgroup.com\/rs\/tag\/staze-i-otiraci\/'\n                style='border: 1px solid ; color: ;'\n            >\n                #staze i otira\u010di\n            <\/a><\/div>\n            <\/div>\n            <a href='\/rs\/clanci\/isto-to-samo-odrzivije-standardni-otiraci-od-recikliranih-vlakana-i-gume\/' class='absolute inset-0 w-full h-full z-10'><\/a>\n        <\/div>\n                    <\/div>\n                <div class=\"post-row-mobile-carousel\"><\/div>\n            <\/div>\n        <\/div>\n    ","protected":false},"excerpt":{"rendered":"<p>Kati Pallasaho govori o tome kako u Lindstr\u00f6mu razmatramo cirkularnost tekstila i o lekcijama koje smo nau\u010dili tokom na\u0161ih 175+ godina poslovanja.<\/p>\n","protected":false},"author":14,"featured_media":18092,"comment_status":"closed","ping_status":"open","sticky":false,"template":"","format":"standard","meta":{"_acf_changed":false,"inline_featured_image":false,"_eb_attr":"","site-sidebar-layout":"default","site-content-layout":"","ast-site-content-layout":"default","site-content-style":"default","site-sidebar-style":"default","ast-global-header-display":"","ast-banner-title-visibility":"","ast-main-header-display":"","ast-hfb-above-header-display":"","ast-hfb-below-header-display":"","ast-hfb-mobile-header-display":"","site-post-title":"","ast-breadcrumbs-content":"","ast-featured-img":"","footer-sml-layout":"","ast-disable-related-posts":"","theme-transparent-header-meta":"","adv-header-id-meta":"","stick-header-meta":"","header-above-stick-meta":"","header-main-stick-meta":"","header-below-stick-meta":"","astra-migrate-meta-layouts":"default","ast-page-background-enabled":"default","ast-page-background-meta":{"desktop":{"background-color":"var(--ast-global-color-4)","background-image":"","background-repeat":"repeat","background-position":"center center","background-size":"auto","background-attachment":"scroll","background-type":"","background-media":"","overlay-type":"","overlay-color":"","overlay-opacity":"","overlay-gradient":""},"tablet":{"background-color":"","background-image":"","background-repeat":"repeat","background-position":"center center","background-size":"auto","background-attachment":"scroll","background-type":"","background-media":"","overlay-type":"","overlay-color":"","overlay-opacity":"","overlay-gradient":""},"mobile":{"background-color":"","background-image":"","background-repeat":"repeat","background-position":"center center","background-size":"auto","background-attachment":"scroll","background-type":"","background-media":"","overlay-type":"","overlay-color":"","overlay-opacity":"","overlay-gradient":""}},"ast-content-background-meta":{"desktop":{"background-color":"var(--ast-global-color-5)","background-image":"","background-repeat":"repeat","background-position":"center center","background-size":"auto","background-attachment":"scroll","background-type":"","background-media":"","overlay-type":"","overlay-color":"","overlay-opacity":"","overlay-gradient":""},"tablet":{"background-color":"var(--ast-global-color-5)","background-image":"","background-repeat":"repeat","background-position":"center center","background-size":"auto","background-attachment":"scroll","background-type":"","background-media":"","overlay-type":"","overlay-color":"","overlay-opacity":"","overlay-gradient":""},"mobile":{"background-color":"var(--ast-global-color-5)","background-image":"","background-repeat":"repeat","background-position":"center center","background-size":"auto","background-attachment":"scroll","background-type":"","background-media":"","overlay-type":"","overlay-color":"","overlay-opacity":"","overlay-gradient":""}},"footnotes":""},"categories":[100],"tags":[65,58],"coauthors":[20],"class_list":["post-18091","post","type-post","status-publish","format-standard","has-post-thumbnail","hentry","category-clanci","tag-cirkularna-ekonomija","tag-odrzivost"],"acf":[],"yoast_head":"<!-- This site is optimized with the Yoast SEO plugin v27.2 - https:\/\/yoast.com\/product\/yoast-seo-wordpress\/ -->\n<title>Cirkularna ekonomija u tekstilu pokrec\u0301e poslovanje - Lindstr\u00f6m Serbia<\/title>\n<meta name=\"description\" content=\"Kati Pallasaho govori o tome kako u Lindstr\u00f6mu razmatramo cirkularnost tekstila i o lekcijama koje smo nau\u010dili tokom na\u0161ih 175+ godina poslovanja.\" \/>\n<meta name=\"robots\" content=\"index, follow, max-snippet:-1, max-image-preview:large, max-video-preview:-1\" \/>\n<meta property=\"og:locale\" content=\"sr_RS\" \/>\n<meta property=\"og:type\" content=\"article\" \/>\n<meta property=\"og:title\" content=\"Cirkularna ekonomija u tekstilu pokrec\u0301e poslovanje - Lindstr\u00f6m Serbia\" \/>\n<meta property=\"og:description\" content=\"Kati Pallasaho govori o tome kako u Lindstr\u00f6mu razmatramo cirkularnost tekstila i o lekcijama koje smo nau\u010dili tokom na\u0161ih 175+ godina poslovanja.\" \/>\n<meta property=\"og:url\" content=\"https:\/\/lindstromgroup.com\/rs\/clanci\/cirkularna-ekonomija-u-tekstilu-pokrece-poslovanje\/\" \/>\n<meta property=\"og:site_name\" content=\"Lindstr\u00f6m Serbia\" \/>\n<meta property=\"article:published_time\" content=\"2024-11-28T16:02:58+00:00\" \/>\n<meta property=\"article:modified_time\" content=\"2025-05-13T11:43:31+00:00\" \/>\n<meta property=\"og:image\" content=\"https:\/\/d2ris6qfzcz0wn.cloudfront.net\/wp-content\/uploads\/sites\/18\/2024\/11\/Service-representative_Workwear-service_012_Lindstrom.jpg\" \/>\n\t<meta property=\"og:image:width\" content=\"1500\" \/>\n\t<meta property=\"og:image:height\" content=\"1001\" \/>\n\t<meta property=\"og:image:type\" content=\"image\/jpeg\" \/>\n<meta name=\"author\" content=\"Lindstr\u00f6m Group\" \/>\n<meta name=\"twitter:card\" content=\"summary_large_image\" \/>\n<meta name=\"twitter:label1\" content=\"\u041d\u0430\u043f\u0438\u0441\u0430\u043d\u043e \u043e\u0434\" \/>\n\t<meta name=\"twitter:data1\" content=\"Lindstr\u00f6m Group\" \/>\n\t<meta name=\"twitter:label2\" content=\"\u041f\u0440\u043e\u0446\u0435\u045a\u0435\u043d\u043e \u0432\u0440\u0435\u043c\u0435 \u0447\u0438\u0442\u0430\u045a\u0430\" \/>\n\t<meta name=\"twitter:data2\" content=\"8 \u043c\u0438\u043d\u0443\u0442\u0430\" \/>\n\t<meta name=\"twitter:label3\" content=\"Written by\" \/>\n\t<meta name=\"twitter:data3\" content=\"Lindstr\u00f6m Group\" \/>\n<script type=\"application\/ld+json\" class=\"yoast-schema-graph\">{\"@context\":\"https:\/\/schema.org\",\"@graph\":[{\"@type\":\"Article\",\"@id\":\"https:\/\/lindstromgroup.com\/rs\/clanci\/cirkularna-ekonomija-u-tekstilu-pokrece-poslovanje\/#article\",\"isPartOf\":{\"@id\":\"https:\/\/lindstromgroup.com\/rs\/clanci\/cirkularna-ekonomija-u-tekstilu-pokrece-poslovanje\/\"},\"author\":{\"name\":\"Lindstr\u00f6m Group\",\"@id\":\"https:\/\/lindstromgroup.com\/rs\/#\/schema\/person\/9111900e3f15be99cf4a104112bf0bc3\"},\"headline\":\"Cirkularna ekonomija u tekstilu pokrec\u0301e poslovanje\",\"datePublished\":\"2024-11-28T16:02:58+00:00\",\"dateModified\":\"2025-05-13T11:43:31+00:00\",\"mainEntityOfPage\":{\"@id\":\"https:\/\/lindstromgroup.com\/rs\/clanci\/cirkularna-ekonomija-u-tekstilu-pokrece-poslovanje\/\"},\"wordCount\":1076,\"publisher\":{\"@id\":\"https:\/\/lindstromgroup.com\/rs\/#organization\"},\"image\":{\"@id\":\"https:\/\/lindstromgroup.com\/rs\/clanci\/cirkularna-ekonomija-u-tekstilu-pokrece-poslovanje\/#primaryimage\"},\"thumbnailUrl\":\"https:\/\/d2ris6qfzcz0wn.cloudfront.net\/wp-content\/uploads\/sites\/18\/2024\/11\/Service-representative_Workwear-service_012_Lindstrom.jpg\",\"keywords\":[\"#cirkularna ekonomija\",\"#odr\u017eivost\"],\"articleSection\":[\"\u010clanci\"],\"inLanguage\":\"sr-RS\"},{\"@type\":\"WebPage\",\"@id\":\"https:\/\/lindstromgroup.com\/rs\/clanci\/cirkularna-ekonomija-u-tekstilu-pokrece-poslovanje\/\",\"url\":\"https:\/\/lindstromgroup.com\/rs\/clanci\/cirkularna-ekonomija-u-tekstilu-pokrece-poslovanje\/\",\"name\":\"Cirkularna ekonomija u tekstilu pokrec\u0301e poslovanje - Lindstr\u00f6m Serbia\",\"isPartOf\":{\"@id\":\"https:\/\/lindstromgroup.com\/rs\/#website\"},\"primaryImageOfPage\":{\"@id\":\"https:\/\/lindstromgroup.com\/rs\/clanci\/cirkularna-ekonomija-u-tekstilu-pokrece-poslovanje\/#primaryimage\"},\"image\":{\"@id\":\"https:\/\/lindstromgroup.com\/rs\/clanci\/cirkularna-ekonomija-u-tekstilu-pokrece-poslovanje\/#primaryimage\"},\"thumbnailUrl\":\"https:\/\/d2ris6qfzcz0wn.cloudfront.net\/wp-content\/uploads\/sites\/18\/2024\/11\/Service-representative_Workwear-service_012_Lindstrom.jpg\",\"datePublished\":\"2024-11-28T16:02:58+00:00\",\"dateModified\":\"2025-05-13T11:43:31+00:00\",\"description\":\"Kati Pallasaho govori o tome kako u Lindstr\u00f6mu razmatramo cirkularnost tekstila i o lekcijama koje smo nau\u010dili tokom na\u0161ih 175+ godina poslovanja.\",\"breadcrumb\":{\"@id\":\"https:\/\/lindstromgroup.com\/rs\/clanci\/cirkularna-ekonomija-u-tekstilu-pokrece-poslovanje\/#breadcrumb\"},\"inLanguage\":\"sr-RS\",\"potentialAction\":[{\"@type\":\"ReadAction\",\"target\":[\"https:\/\/lindstromgroup.com\/rs\/clanci\/cirkularna-ekonomija-u-tekstilu-pokrece-poslovanje\/\"]}]},{\"@type\":\"ImageObject\",\"inLanguage\":\"sr-RS\",\"@id\":\"https:\/\/lindstromgroup.com\/rs\/clanci\/cirkularna-ekonomija-u-tekstilu-pokrece-poslovanje\/#primaryimage\",\"url\":\"https:\/\/d2ris6qfzcz0wn.cloudfront.net\/wp-content\/uploads\/sites\/18\/2024\/11\/Service-representative_Workwear-service_012_Lindstrom.jpg\",\"contentUrl\":\"https:\/\/d2ris6qfzcz0wn.cloudfront.net\/wp-content\/uploads\/sites\/18\/2024\/11\/Service-representative_Workwear-service_012_Lindstrom.jpg\",\"width\":1500,\"height\":1001,\"caption\":\"Optimising Workwear Procurement: How to Achieve Cost Savings and Quality Assurance\"},{\"@type\":\"BreadcrumbList\",\"@id\":\"https:\/\/lindstromgroup.com\/rs\/clanci\/cirkularna-ekonomija-u-tekstilu-pokrece-poslovanje\/#breadcrumb\",\"itemListElement\":[{\"@type\":\"ListItem\",\"position\":1,\"name\":\"Home\",\"item\":\"https:\/\/lindstromgroup.com\/rs\/\"},{\"@type\":\"ListItem\",\"position\":2,\"name\":\"\u010clanci\",\"item\":\"https:\/\/lindstromgroup.com\/rs\/category\/clanci\/\"},{\"@type\":\"ListItem\",\"position\":3,\"name\":\"Cirkularna ekonomija u tekstilu pokrec\u0301e poslovanje\"}]},{\"@type\":\"WebSite\",\"@id\":\"https:\/\/lindstromgroup.com\/rs\/#website\",\"url\":\"https:\/\/lindstromgroup.com\/rs\/\",\"name\":\"Lindstr\u00f6m Serbia\",\"description\":\"\",\"publisher\":{\"@id\":\"https:\/\/lindstromgroup.com\/rs\/#organization\"},\"potentialAction\":[{\"@type\":\"SearchAction\",\"target\":{\"@type\":\"EntryPoint\",\"urlTemplate\":\"https:\/\/lindstromgroup.com\/rs\/?s={search_term_string}\"},\"query-input\":{\"@type\":\"PropertyValueSpecification\",\"valueRequired\":true,\"valueName\":\"search_term_string\"}}],\"inLanguage\":\"sr-RS\"},{\"@type\":\"Organization\",\"@id\":\"https:\/\/lindstromgroup.com\/rs\/#organization\",\"name\":\"Lindstr\u00f6m Serbia\",\"url\":\"https:\/\/lindstromgroup.com\/rs\/\",\"logo\":{\"@type\":\"ImageObject\",\"inLanguage\":\"sr-RS\",\"@id\":\"https:\/\/lindstromgroup.com\/rs\/#\/schema\/logo\/image\/\",\"url\":\"https:\/\/d2ris6qfzcz0wn.cloudfront.net\/wp-content\/uploads\/sites\/12\/2023\/10\/Logo512.png\",\"contentUrl\":\"https:\/\/d2ris6qfzcz0wn.cloudfront.net\/wp-content\/uploads\/sites\/12\/2023\/10\/Logo512.png\",\"width\":512,\"height\":109,\"caption\":\"Lindstr\u00f6m Serbia\"},\"image\":{\"@id\":\"https:\/\/lindstromgroup.com\/rs\/#\/schema\/logo\/image\/\"}},{\"@type\":\"Person\",\"@id\":\"https:\/\/lindstromgroup.com\/rs\/#\/schema\/person\/9111900e3f15be99cf4a104112bf0bc3\",\"name\":\"Lindstr\u00f6m Group\",\"image\":{\"@type\":\"ImageObject\",\"inLanguage\":\"sr-RS\",\"@id\":\"https:\/\/d2ris6qfzcz0wn.cloudfront.net\/wp-content\/uploads\/sites\/12\/2024\/05\/logo_Red_V01-150x150.png4e6931f6b0730f03230376f66a842988\",\"url\":\"https:\/\/d2ris6qfzcz0wn.cloudfront.net\/wp-content\/uploads\/sites\/12\/2024\/05\/logo_Red_V01-150x150.png\",\"contentUrl\":\"https:\/\/d2ris6qfzcz0wn.cloudfront.net\/wp-content\/uploads\/sites\/12\/2024\/05\/logo_Red_V01-150x150.png\",\"caption\":\"Lindstr\u00f6m Group\"}}]}<\/script>\n<!-- \/ Yoast SEO plugin. -->","yoast_head_json":{"title":"Cirkularna ekonomija u tekstilu pokrec\u0301e poslovanje - Lindstr\u00f6m Serbia","description":"Kati Pallasaho govori o tome kako u Lindstr\u00f6mu razmatramo cirkularnost tekstila i o lekcijama koje smo nau\u010dili tokom na\u0161ih 175+ godina poslovanja.","robots":{"index":"index","follow":"follow","max-snippet":"max-snippet:-1","max-image-preview":"max-image-preview:large","max-video-preview":"max-video-preview:-1"},"og_locale":"sr_RS","og_type":"article","og_title":"Cirkularna ekonomija u tekstilu pokrec\u0301e poslovanje - Lindstr\u00f6m Serbia","og_description":"Kati Pallasaho govori o tome kako u Lindstr\u00f6mu razmatramo cirkularnost tekstila i o lekcijama koje smo nau\u010dili tokom na\u0161ih 175+ godina poslovanja.","og_url":"https:\/\/lindstromgroup.com\/rs\/clanci\/cirkularna-ekonomija-u-tekstilu-pokrece-poslovanje\/","og_site_name":"Lindstr\u00f6m Serbia","article_published_time":"2024-11-28T16:02:58+00:00","article_modified_time":"2025-05-13T11:43:31+00:00","og_image":[{"width":1500,"height":1001,"url":"https:\/\/d2ris6qfzcz0wn.cloudfront.net\/wp-content\/uploads\/sites\/18\/2024\/11\/Service-representative_Workwear-service_012_Lindstrom.jpg","type":"image\/jpeg"}],"author":"Lindstr\u00f6m Group","twitter_card":"summary_large_image","twitter_misc":{"\u041d\u0430\u043f\u0438\u0441\u0430\u043d\u043e \u043e\u0434":"Lindstr\u00f6m Group","\u041f\u0440\u043e\u0446\u0435\u045a\u0435\u043d\u043e \u0432\u0440\u0435\u043c\u0435 \u0447\u0438\u0442\u0430\u045a\u0430":"8 \u043c\u0438\u043d\u0443\u0442\u0430","Written by":"Lindstr\u00f6m Group"},"schema":{"@context":"https:\/\/schema.org","@graph":[{"@type":"Article","@id":"https:\/\/lindstromgroup.com\/rs\/clanci\/cirkularna-ekonomija-u-tekstilu-pokrece-poslovanje\/#article","isPartOf":{"@id":"https:\/\/lindstromgroup.com\/rs\/clanci\/cirkularna-ekonomija-u-tekstilu-pokrece-poslovanje\/"},"author":{"name":"Lindstr\u00f6m Group","@id":"https:\/\/lindstromgroup.com\/rs\/#\/schema\/person\/9111900e3f15be99cf4a104112bf0bc3"},"headline":"Cirkularna ekonomija u tekstilu pokrec\u0301e poslovanje","datePublished":"2024-11-28T16:02:58+00:00","dateModified":"2025-05-13T11:43:31+00:00","mainEntityOfPage":{"@id":"https:\/\/lindstromgroup.com\/rs\/clanci\/cirkularna-ekonomija-u-tekstilu-pokrece-poslovanje\/"},"wordCount":1076,"publisher":{"@id":"https:\/\/lindstromgroup.com\/rs\/#organization"},"image":{"@id":"https:\/\/lindstromgroup.com\/rs\/clanci\/cirkularna-ekonomija-u-tekstilu-pokrece-poslovanje\/#primaryimage"},"thumbnailUrl":"https:\/\/d2ris6qfzcz0wn.cloudfront.net\/wp-content\/uploads\/sites\/18\/2024\/11\/Service-representative_Workwear-service_012_Lindstrom.jpg","keywords":["#cirkularna ekonomija","#odr\u017eivost"],"articleSection":["\u010clanci"],"inLanguage":"sr-RS"},{"@type":"WebPage","@id":"https:\/\/lindstromgroup.com\/rs\/clanci\/cirkularna-ekonomija-u-tekstilu-pokrece-poslovanje\/","url":"https:\/\/lindstromgroup.com\/rs\/clanci\/cirkularna-ekonomija-u-tekstilu-pokrece-poslovanje\/","name":"Cirkularna ekonomija u tekstilu pokrec\u0301e poslovanje - Lindstr\u00f6m Serbia","isPartOf":{"@id":"https:\/\/lindstromgroup.com\/rs\/#website"},"primaryImageOfPage":{"@id":"https:\/\/lindstromgroup.com\/rs\/clanci\/cirkularna-ekonomija-u-tekstilu-pokrece-poslovanje\/#primaryimage"},"image":{"@id":"https:\/\/lindstromgroup.com\/rs\/clanci\/cirkularna-ekonomija-u-tekstilu-pokrece-poslovanje\/#primaryimage"},"thumbnailUrl":"https:\/\/d2ris6qfzcz0wn.cloudfront.net\/wp-content\/uploads\/sites\/18\/2024\/11\/Service-representative_Workwear-service_012_Lindstrom.jpg","datePublished":"2024-11-28T16:02:58+00:00","dateModified":"2025-05-13T11:43:31+00:00","description":"Kati Pallasaho govori o tome kako u Lindstr\u00f6mu razmatramo cirkularnost tekstila i o lekcijama koje smo nau\u010dili tokom na\u0161ih 175+ godina poslovanja.","breadcrumb":{"@id":"https:\/\/lindstromgroup.com\/rs\/clanci\/cirkularna-ekonomija-u-tekstilu-pokrece-poslovanje\/#breadcrumb"},"inLanguage":"sr-RS","potentialAction":[{"@type":"ReadAction","target":["https:\/\/lindstromgroup.com\/rs\/clanci\/cirkularna-ekonomija-u-tekstilu-pokrece-poslovanje\/"]}]},{"@type":"ImageObject","inLanguage":"sr-RS","@id":"https:\/\/lindstromgroup.com\/rs\/clanci\/cirkularna-ekonomija-u-tekstilu-pokrece-poslovanje\/#primaryimage","url":"https:\/\/d2ris6qfzcz0wn.cloudfront.net\/wp-content\/uploads\/sites\/18\/2024\/11\/Service-representative_Workwear-service_012_Lindstrom.jpg","contentUrl":"https:\/\/d2ris6qfzcz0wn.cloudfront.net\/wp-content\/uploads\/sites\/18\/2024\/11\/Service-representative_Workwear-service_012_Lindstrom.jpg","width":1500,"height":1001,"caption":"Optimising Workwear Procurement: How to Achieve Cost Savings and Quality Assurance"},{"@type":"BreadcrumbList","@id":"https:\/\/lindstromgroup.com\/rs\/clanci\/cirkularna-ekonomija-u-tekstilu-pokrece-poslovanje\/#breadcrumb","itemListElement":[{"@type":"ListItem","position":1,"name":"Home","item":"https:\/\/lindstromgroup.com\/rs\/"},{"@type":"ListItem","position":2,"name":"\u010clanci","item":"https:\/\/lindstromgroup.com\/rs\/category\/clanci\/"},{"@type":"ListItem","position":3,"name":"Cirkularna ekonomija u tekstilu pokrec\u0301e poslovanje"}]},{"@type":"WebSite","@id":"https:\/\/lindstromgroup.com\/rs\/#website","url":"https:\/\/lindstromgroup.com\/rs\/","name":"Lindstr\u00f6m Serbia","description":"","publisher":{"@id":"https:\/\/lindstromgroup.com\/rs\/#organization"},"potentialAction":[{"@type":"SearchAction","target":{"@type":"EntryPoint","urlTemplate":"https:\/\/lindstromgroup.com\/rs\/?s={search_term_string}"},"query-input":{"@type":"PropertyValueSpecification","valueRequired":true,"valueName":"search_term_string"}}],"inLanguage":"sr-RS"},{"@type":"Organization","@id":"https:\/\/lindstromgroup.com\/rs\/#organization","name":"Lindstr\u00f6m Serbia","url":"https:\/\/lindstromgroup.com\/rs\/","logo":{"@type":"ImageObject","inLanguage":"sr-RS","@id":"https:\/\/lindstromgroup.com\/rs\/#\/schema\/logo\/image\/","url":"https:\/\/d2ris6qfzcz0wn.cloudfront.net\/wp-content\/uploads\/sites\/12\/2023\/10\/Logo512.png","contentUrl":"https:\/\/d2ris6qfzcz0wn.cloudfront.net\/wp-content\/uploads\/sites\/12\/2023\/10\/Logo512.png","width":512,"height":109,"caption":"Lindstr\u00f6m Serbia"},"image":{"@id":"https:\/\/lindstromgroup.com\/rs\/#\/schema\/logo\/image\/"}},{"@type":"Person","@id":"https:\/\/lindstromgroup.com\/rs\/#\/schema\/person\/9111900e3f15be99cf4a104112bf0bc3","name":"Lindstr\u00f6m Group","image":{"@type":"ImageObject","inLanguage":"sr-RS","@id":"https:\/\/d2ris6qfzcz0wn.cloudfront.net\/wp-content\/uploads\/sites\/12\/2024\/05\/logo_Red_V01-150x150.png4e6931f6b0730f03230376f66a842988","url":"https:\/\/d2ris6qfzcz0wn.cloudfront.net\/wp-content\/uploads\/sites\/12\/2024\/05\/logo_Red_V01-150x150.png","contentUrl":"https:\/\/d2ris6qfzcz0wn.cloudfront.net\/wp-content\/uploads\/sites\/12\/2024\/05\/logo_Red_V01-150x150.png","caption":"Lindstr\u00f6m Group"}}]}},"publishpress_future_workflow_manual_trigger":{"enabledWorkflows":[]},"distributor_meta":false,"distributor_terms":false,"distributor_media":false,"distributor_original_site_name":"Lindstr\u00f6m Serbia","distributor_original_site_url":"https:\/\/lindstromgroup.com\/rs","push-errors":false,"_links":{"self":[{"href":"https:\/\/lindstromgroup.com\/rs\/wp-json\/wp\/v2\/posts\/18091","targetHints":{"allow":["GET"]}}],"collection":[{"href":"https:\/\/lindstromgroup.com\/rs\/wp-json\/wp\/v2\/posts"}],"about":[{"href":"https:\/\/lindstromgroup.com\/rs\/wp-json\/wp\/v2\/types\/post"}],"author":[{"embeddable":true,"href":"https:\/\/lindstromgroup.com\/rs\/wp-json\/wp\/v2\/users\/14"}],"replies":[{"embeddable":true,"href":"https:\/\/lindstromgroup.com\/rs\/wp-json\/wp\/v2\/comments?post=18091"}],"version-history":[{"count":0,"href":"https:\/\/lindstromgroup.com\/rs\/wp-json\/wp\/v2\/posts\/18091\/revisions"}],"wp:featuredmedia":[{"embeddable":true,"href":"https:\/\/lindstromgroup.com\/rs\/wp-json\/wp\/v2\/media\/18092"}],"wp:attachment":[{"href":"https:\/\/lindstromgroup.com\/rs\/wp-json\/wp\/v2\/media?parent=18091"}],"wp:term":[{"taxonomy":"category","embeddable":true,"href":"https:\/\/lindstromgroup.com\/rs\/wp-json\/wp\/v2\/categories?post=18091"},{"taxonomy":"post_tag","embeddable":true,"href":"https:\/\/lindstromgroup.com\/rs\/wp-json\/wp\/v2\/tags?post=18091"},{"taxonomy":"author","embeddable":true,"href":"https:\/\/lindstromgroup.com\/rs\/wp-json\/wp\/v2\/coauthors?post=18091"}],"curies":[{"name":"wp","href":"https:\/\/api.w.org\/{rel}","templated":true}]}}