
    {"id":17556,"date":"2024-09-11T15:48:41","date_gmt":"2024-09-11T13:48:41","guid":{"rendered":"https:\/\/lindstromgroup.com\/rs\/?p=17556"},"modified":"2025-09-29T14:24:09","modified_gmt":"2025-09-29T12:24:09","slug":"skola-za-osnovno-i-srednje-obrazovanje-milan-petrovic-novi-sad","status":"publish","type":"post","link":"https:\/\/lindstromgroup.com\/rs\/price-nasih-klijenata\/skola-za-osnovno-i-srednje-obrazovanje-milan-petrovic-novi-sad\/","title":{"rendered":"\u0160kola za osnovno i srednje obrazovanje &#8222;Milan Petrovi\u0107&#8220; Novi Sad"},"content":{"rendered":"\n<p><a href=\"https:\/\/smp.edu.rs\/\" target=\"_blank\" rel=\"noreferrer noopener\">\u0160kola za osnovno i srednje obrazovanje \u201eMilan Petrovi\u0107\u201c<\/a> u Novom Sadu ima istoriju dugu skoro 100 godina: jo\u0161 od 1932. i \u201eDr\u017eavne pomo\u0107ne \u0161kole\u201c, preko 1969. i preseljenja u novi objekat u kome se zna\u010dajan deo ove ustanove nalazi i danas, zatim 1995. kada dobija i aktuelno ime i funkciju, pa sve do ekspanzije tokom 2000-ih. U\u010denici sa smetnjama u razvoju i invaliditetom u ovoj obrazovnoj instituciji imaju najbolje mogu\u0107e uslove za u\u010denje i usavr\u0161avanje, me\u0111u kojima je i <a href=\"https:\/\/novisad.com\/vesti\/senzorni-vrt-za-skolu-milan-petrovic-1015\" target=\"_blank\" rel=\"noreferrer noopener\">senzorni vrt<\/a>, prvi svoje vrste na Balkanu.<\/p>\n\n\n\n<p><\/p>\n\n\n\n<p>Sa vi\u0161e od 500 zaposlenih, \u0161kola realizuje svoje programe na 20 lokacija u Novom Sadu, u 10 izdvojenih odeljenja i u edukativnom kampu na \u010ceneju i koristi neke od najsavremenijih metoda nastave i vannastavnih aktivnosti.<\/p>\n\n\n\n<h2 class=\"wp-block-heading\">Otkud Lindstr\u00f6m u \u0161kolama?<\/h2>\n\n\n\n<div class=\"wp-block-media-text has-media-on-the-right is-stacked-on-mobile\" style=\"grid-template-columns:auto 54%\"><div class=\"wp-block-media-text__content\">\n<p class=\"has-text-align-left\">S obzirom na to da kroz sve objekte ove institucije pro\u0111e i po 2000 u\u010denika dnevno, prirodno je o\u010dekivati da \u0107e se to (negativno) odraziti i na \u010disto\u0107u podova.<\/p>\n\n\n\n<p><\/p>\n\n\n\n<p class=\"has-text-align-left\">Isto tako, prirodno, je po\u010dela i saradnja \u0160OSO \u201eMilan Petrovi\u0107\u201c i Lindstr\u00f6ma.<\/p>\n\n\n\n<blockquote class=\"wp-block-quote has-text-align-left is-layout-flow wp-block-quote-is-layout-flow\">\n<p>\u201eTra\u017eili smo na\u010din kako da postignemo da nam podovi \u0161kola budu \u010distiji bez stalnog brisanja i \u010di\u0161\u0107enja. <\/p>\n\n\n\n<p><\/p>\n\n\n\n<p>Ne mo\u017eemo da dozvolimo da podovi budu klizavi kada deca krenu na mali ili veliki odmor, a to se de\u0161ava, manje-vi\u0161e, na svakih 45 minuta.\u201c<\/p>\n<cite><strong>Jelena Prentovi\u0107, sekretar \u0160OSO \u201eMilan Petrovi\u0107\u201c<\/strong><\/cite><\/blockquote>\n<\/div><figure class=\"wp-block-media-text__media\"><img decoding=\"async\" width=\"768\" height=\"1024\" src=\"https:\/\/d2ris6qfzcz0wn.cloudfront.net\/wp-content\/uploads\/sites\/18\/2024\/09\/1726045824303-768x1024.jpg\" alt=\"\" class=\"wp-image-17558 size-full\" srcset=\"https:\/\/d2ris6qfzcz0wn.cloudfront.net\/wp-content\/uploads\/sites\/18\/2024\/09\/1726045824303-768x1024.jpg 768w, https:\/\/d2ris6qfzcz0wn.cloudfront.net\/wp-content\/uploads\/sites\/18\/2024\/09\/1726045824303-225x300.jpg 225w, https:\/\/d2ris6qfzcz0wn.cloudfront.net\/wp-content\/uploads\/sites\/18\/2024\/09\/1726045824303-1152x1536.jpg 1152w, https:\/\/d2ris6qfzcz0wn.cloudfront.net\/wp-content\/uploads\/sites\/18\/2024\/09\/1726045824303.jpg 1200w\" sizes=\"(max-width: 768px) 100vw, 768px\" \/><\/figure><\/div>\n\n\n\n<h2 class=\"wp-block-heading\">Njihovo je samo da u\u010de<\/h2>\n\n\n\n<p>Na deci je samo da u\u010de, a na\u0161a obaveza je da im za to stvorimo sve uslove.<\/p>\n\n\n\n<p><\/p>\n\n\n\n<p><a href=\"https:\/\/lindstromgroup.com\/rs\/staze-i-otiraci\/povratak-u-skolske-klupe-preko-otiraca\/\" target=\"_blank\" rel=\"noreferrer noopener\">\u010cisto\u0107a u \u0161kolama<\/a> je jedan od jako va\u017enih aspekata. Kada znamo koliko vazduh napolju ume da bude zaga\u0111en, va\u017eno je da makar unutra on ne bude dodatno kontaminiran prljav\u0161tinom, \u010diji najve\u0107i deo (\u010dak 80%) u objekte sti\u017ee kroz ulazna vrata.<\/p>\n\n\n\n<p>Standardne staze i otira\u010di koje Lindstr\u00f6m nudi pokazale su se kao odli\u010dno re\u0161enje ovog problema, jer zadr\u017eavaju svu ne\u010disto\u0107u, vlagu, blato i ostale oblike ne\u010disto\u0107e koje nastavnici, deca, roditelji i ostali posetioci \u0161kole donose na \u0111onovima svojih cipela.<\/p>\n\n\n\n<p>Celokupna usluga podrazumeva redovnu zamenu i odr\u017eavanje otira\u010da od strane ove kompanije i to tako da zaposleni i deca u \u0161koli to prakti\u010dno ni ne prime\u0107uju. Va\u017eno je da se poslovni proces &#8211; a u ovom slu\u010daju nastava &#8211; ne remeti i ne prekida. Prljavi otira\u010di se odnose na pranje, a istovremeno na njihova mesta sti\u017eu novi, \u010disti. Za to vreme, nastavnici i u\u010denici ne prekidaju svoj put obrazovanja.<\/p>\n\n\n\n<p><\/p>\n\n\n\n<div class=\"wp-block-media-text is-stacked-on-mobile\" style=\"grid-template-columns:49% auto\"><figure class=\"wp-block-media-text__media\"><img decoding=\"async\" width=\"768\" height=\"1024\" src=\"https:\/\/d2ris6qfzcz0wn.cloudfront.net\/wp-content\/uploads\/sites\/18\/2024\/09\/1726045824217-768x1024.jpg\" alt=\"\" class=\"wp-image-17560 size-full\" srcset=\"https:\/\/d2ris6qfzcz0wn.cloudfront.net\/wp-content\/uploads\/sites\/18\/2024\/09\/1726045824217-768x1024.jpg 768w, https:\/\/d2ris6qfzcz0wn.cloudfront.net\/wp-content\/uploads\/sites\/18\/2024\/09\/1726045824217-225x300.jpg 225w, https:\/\/d2ris6qfzcz0wn.cloudfront.net\/wp-content\/uploads\/sites\/18\/2024\/09\/1726045824217-1152x1536.jpg 1152w, https:\/\/d2ris6qfzcz0wn.cloudfront.net\/wp-content\/uploads\/sites\/18\/2024\/09\/1726045824217.jpg 1200w\" sizes=\"(max-width: 768px) 100vw, 768px\" \/><\/figure><div class=\"wp-block-media-text__content\">\n<blockquote class=\"wp-block-quote is-layout-flow wp-block-quote-is-layout-flow\">\n<p>\u201eKoristimo ove otira\u010de i u dnevnom boravku i zadovoljni smo rezultatima, jer su podovi mnogo \u010distiji, posebno tokom ki\u0161nih dana. <\/p>\n\n\n\n<p><\/p>\n\n\n\n<p>Svi mi volimo da boravimo u \u010distom prostoru, a koleginice koje \u010diste su tako\u0111e sre\u0107ne jer ovako ipak imaju lak\u0161i posao.\u201c<\/p>\n<cite><strong>Jelena Prentovi\u0107, sekretar \u0160OSO \u201eMilan Petrovi\u0107\u201c<\/strong><\/cite><\/blockquote>\n<\/div><\/div>\n\n\n\n<h2 class=\"wp-block-heading\">Samo jo\u0161 ovo, pre nego \u0161to zvoni<\/h2>\n\n\n\n<p>Pored preno\u0161enja znanja i ve\u0161tina u\u010denicima, jedan od zadataka \u2013 ili bolje re\u010deno, preduslova &#8211; obrazovnih ustanova je i da omogu\u0107e se u njima deca ose\u0107aju prijatno i bezbedno. U \u0161koli \u201eMilan Petrovi\u0107\u201c u Novom Sadu ovo posti\u017eu dobrim pristupom, savremenim metodama nastave, ali i prijatnim ambijentom u samim objektima.<\/p>\n\n\n\n<p>I kompanija Lindstr\u00f6m ima \u010dast da bude zaslu\u017ena za deli\u0107 tog ambijenta. U\u010denje i odrastanje su ve\u0107 sami po sebi dovoljno zahtevni za decu, a preno\u0161enje znanja i vaspitavanje za odrasle. Mi se trudimo da ih bar za nijansu olak\u0161amo. Na\u0161e usluge su skoro pa neprimetne &#8211; ali tako i treba da bude.<\/p>\n\n\n\n<p><\/p>\n\n\n\n<figure class=\"wp-block-image size-large is-resized\"><img decoding=\"async\" width=\"768\" height=\"1024\" src=\"https:\/\/d2ris6qfzcz0wn.cloudfront.net\/wp-content\/uploads\/sites\/18\/2024\/09\/1726045824323-768x1024.jpg\" alt=\"\" class=\"wp-image-17561\" style=\"width:685px;height:auto\" srcset=\"https:\/\/d2ris6qfzcz0wn.cloudfront.net\/wp-content\/uploads\/sites\/18\/2024\/09\/1726045824323-768x1024.jpg 768w, https:\/\/d2ris6qfzcz0wn.cloudfront.net\/wp-content\/uploads\/sites\/18\/2024\/09\/1726045824323-225x300.jpg 225w, https:\/\/d2ris6qfzcz0wn.cloudfront.net\/wp-content\/uploads\/sites\/18\/2024\/09\/1726045824323-1152x1536.jpg 1152w, https:\/\/d2ris6qfzcz0wn.cloudfront.net\/wp-content\/uploads\/sites\/18\/2024\/09\/1726045824323.jpg 1200w\" sizes=\"(max-width: 768px) 100vw, 768px\" \/><figcaption class=\"wp-element-caption\">\u0160kola za osnovno i srednje obrazovanje \u201eMilan Petrovi\u0107\u201c u Novom Sadu po\u010dela je sa radom jo\u0161 1932. godine<\/figcaption><\/figure>\n\n\n\n<p><\/p>\n\n\n\n<p>Pogledajte kratki <a href=\"https:\/\/youtu.be\/ZIF6SZM-otI?si=RshsjO95urJ6ZLuk\">video<\/a>, kliknite na donji link da saznate sve o uslugama i <a href=\"https:\/\/lindstromgroup.com\/rs\/usluge\/iznajmljvanje-staza-i-otiraca\/#contact\">slobodno nas kontaktirajte<\/a>!<\/p>\n\n\n\n<p><\/p>\n\n\n\n<p><\/p>\n\n\n\n    <div \n        id=\"cta-with-image-block_5ad61f944eb6520307cbf7d9848388af\" \n        class=\"cta-with-image\"\n    >\n        <div class=\"cta__content\" style=\"color: #222222; background-color: \">\n            <div class=\"content__title\">Saznajte vi\u0161e o na\u0161oj usluzi iznajmljivanja otira\u010da<\/div>\n            <div class=\"content__description\"><\/div>\n            <div class=\"content__button-links\">\n                                    <div class=\"button-link\">\n                        <a \n                            href=\"https:\/\/lindstromgroup.com\/rs\/usluge\/iznajmljvanje-staza-i-otiraca\/\" \n                            style=\"background-color: #003f72; color: #FFFFFF; border: 2px solid \"\n                        >\n                            Pro\u010ditajte vi\u0161e                         <\/a>\n                    <\/div>\n                            <\/div>\n        <\/div>\n        <div class=\"cta__image\"><img decoding=\"async\" src=\"https:\/\/d2ris6qfzcz0wn.cloudfront.net\/wp-content\/uploads\/sites\/18\/2024\/08\/Dizajn-staza-u-skoli-1-1024x931.jpg\" alt=\"\" \/><\/div>\n    <\/div>\n\n\n\n<p><\/p>\n","protected":false},"excerpt":{"rendered":"<p>\u0160kola za osnovno i srednje obrazovanje \u201eMilan Petrovi\u0107\u201c u Novom Sadu ima istoriju dugu skoro 100 godina. Danas, u\u010denici sa smetnjama u razvoju i invaliditetom u ovoj obrazovnoj instituciji imaju najbolje mogu\u0107e uslove za u\u010denje i usavr\u0161avanje. Kako im Lindstr\u00f6m poma\u017ee u tome svojom uslugom iznajmljivanja otira\u010da, saznajte iz teksta.<\/p>\n","protected":false},"author":14,"featured_media":17558,"comment_status":"closed","ping_status":"open","sticky":false,"template":"","format":"standard","meta":{"_acf_changed":false,"inline_featured_image":false,"_eb_attr":"","site-sidebar-layout":"default","site-content-layout":"","ast-site-content-layout":"default","site-content-style":"default","site-sidebar-style":"default","ast-global-header-display":"","ast-banner-title-visibility":"","ast-main-header-display":"","ast-hfb-above-header-display":"","ast-hfb-below-header-display":"","ast-hfb-mobile-header-display":"","site-post-title":"","ast-breadcrumbs-content":"","ast-featured-img":"","footer-sml-layout":"","ast-disable-related-posts":"","theme-transparent-header-meta":"","adv-header-id-meta":"","stick-header-meta":"","header-above-stick-meta":"","header-main-stick-meta":"","header-below-stick-meta":"","astra-migrate-meta-layouts":"set","ast-page-background-enabled":"default","ast-page-background-meta":{"desktop":{"background-color":"var(--ast-global-color-4)","background-image":"","background-repeat":"repeat","background-position":"center center","background-size":"auto","background-attachment":"scroll","background-type":"","background-media":"","overlay-type":"","overlay-color":"","overlay-opacity":"","overlay-gradient":""},"tablet":{"background-color":"","background-image":"","background-repeat":"repeat","background-position":"center center","background-size":"auto","background-attachment":"scroll","background-type":"","background-media":"","overlay-type":"","overlay-color":"","overlay-opacity":"","overlay-gradient":""},"mobile":{"background-color":"","background-image":"","background-repeat":"repeat","background-position":"center center","background-size":"auto","background-attachment":"scroll","background-type":"","background-media":"","overlay-type":"","overlay-color":"","overlay-opacity":"","overlay-gradient":""}},"ast-content-background-meta":{"desktop":{"background-color":"var(--ast-global-color-5)","background-image":"","background-repeat":"repeat","background-position":"center center","background-size":"auto","background-attachment":"scroll","background-type":"","background-media":"","overlay-type":"","overlay-color":"","overlay-opacity":"","overlay-gradient":""},"tablet":{"background-color":"var(--ast-global-color-5)","background-image":"","background-repeat":"repeat","background-position":"center center","background-size":"auto","background-attachment":"scroll","background-type":"","background-media":"","overlay-type":"","overlay-color":"","overlay-opacity":"","overlay-gradient":""},"mobile":{"background-color":"var(--ast-global-color-5)","background-image":"","background-repeat":"repeat","background-position":"center center","background-size":"auto","background-attachment":"scroll","background-type":"","background-media":"","overlay-type":"","overlay-color":"","overlay-opacity":"","overlay-gradient":""}},"footnotes":""},"categories":[55],"tags":[189,52,75],"coauthors":[20],"class_list":["post-17556","post","type-post","status-publish","format-standard","has-post-thumbnail","hentry","category-price-nasih-klijenata","tag-skole","tag-standardne-staze","tag-staze-i-otiraci"],"acf":[],"yoast_head":"<!-- This site is optimized with the Yoast SEO plugin v27.2 - https:\/\/yoast.com\/product\/yoast-seo-wordpress\/ -->\n<title>\u0160kola za osnovno i srednje obrazovanje &quot;Milan Petrovi\u0107&quot; Novi Sad - Lindstr\u00f6m Serbia<\/title>\n<meta name=\"description\" content=\"\u0160kola za osnovno i srednje obrazovanje \u201eMilan Petrovi\u0107\u201c u Novom Sadu ima istoriju dugu skoro 100 godina. Danas, u\u010denici sa smetnjama u razvoju i invaliditetom u ovoj obrazovnoj instituciji imaju najbolje mogu\u0107e uslove za u\u010denje i usavr\u0161avanje. Kako im Lindstr\u00f6m poma\u017ee u tome svojom uslugom iznajmljivanja otira\u010da, saznajte iz teksta.\" \/>\n<meta name=\"robots\" content=\"index, follow, max-snippet:-1, max-image-preview:large, max-video-preview:-1\" \/>\n<meta property=\"og:locale\" content=\"sr_RS\" \/>\n<meta property=\"og:type\" content=\"article\" \/>\n<meta property=\"og:title\" content=\"\u0160kola za osnovno i srednje obrazovanje &quot;Milan Petrovi\u0107&quot; Novi Sad - Lindstr\u00f6m Serbia\" \/>\n<meta property=\"og:description\" content=\"\u0160kola za osnovno i srednje obrazovanje \u201eMilan Petrovi\u0107\u201c u Novom Sadu ima istoriju dugu skoro 100 godina. Danas, u\u010denici sa smetnjama u razvoju i invaliditetom u ovoj obrazovnoj instituciji imaju najbolje mogu\u0107e uslove za u\u010denje i usavr\u0161avanje. Kako im Lindstr\u00f6m poma\u017ee u tome svojom uslugom iznajmljivanja otira\u010da, saznajte iz teksta.\" \/>\n<meta property=\"og:url\" content=\"https:\/\/lindstromgroup.com\/rs\/price-nasih-klijenata\/skola-za-osnovno-i-srednje-obrazovanje-milan-petrovic-novi-sad\/\" \/>\n<meta property=\"og:site_name\" content=\"Lindstr\u00f6m Serbia\" \/>\n<meta property=\"article:published_time\" content=\"2024-09-11T13:48:41+00:00\" \/>\n<meta property=\"article:modified_time\" content=\"2025-09-29T12:24:09+00:00\" \/>\n<meta property=\"og:image\" content=\"https:\/\/d2ris6qfzcz0wn.cloudfront.net\/wp-content\/uploads\/sites\/18\/2024\/09\/1726045824303.jpg\" \/>\n\t<meta property=\"og:image:width\" content=\"1200\" \/>\n\t<meta property=\"og:image:height\" content=\"1600\" \/>\n\t<meta property=\"og:image:type\" content=\"image\/jpeg\" \/>\n<meta name=\"author\" content=\"Lindstr\u00f6m Group\" \/>\n<meta name=\"twitter:card\" content=\"summary_large_image\" \/>\n<meta name=\"twitter:label1\" content=\"\u041d\u0430\u043f\u0438\u0441\u0430\u043d\u043e \u043e\u0434\" \/>\n\t<meta name=\"twitter:data1\" content=\"Lindstr\u00f6m Group\" \/>\n\t<meta name=\"twitter:label2\" content=\"\u041f\u0440\u043e\u0446\u0435\u045a\u0435\u043d\u043e \u0432\u0440\u0435\u043c\u0435 \u0447\u0438\u0442\u0430\u045a\u0430\" \/>\n\t<meta name=\"twitter:data2\" content=\"4 \u043c\u0438\u043d\u0443\u0442\u0430\" \/>\n\t<meta name=\"twitter:label3\" content=\"Written by\" \/>\n\t<meta name=\"twitter:data3\" content=\"Lindstr\u00f6m Group\" \/>\n<script type=\"application\/ld+json\" class=\"yoast-schema-graph\">{\"@context\":\"https:\/\/schema.org\",\"@graph\":[{\"@type\":\"Article\",\"@id\":\"https:\/\/lindstromgroup.com\/rs\/price-nasih-klijenata\/skola-za-osnovno-i-srednje-obrazovanje-milan-petrovic-novi-sad\/#article\",\"isPartOf\":{\"@id\":\"https:\/\/lindstromgroup.com\/rs\/price-nasih-klijenata\/skola-za-osnovno-i-srednje-obrazovanje-milan-petrovic-novi-sad\/\"},\"author\":{\"name\":\"Lindstr\u00f6m Group\",\"@id\":\"https:\/\/lindstromgroup.com\/rs\/#\/schema\/person\/9111900e3f15be99cf4a104112bf0bc3\"},\"headline\":\"\u0160kola za osnovno i srednje obrazovanje &#8222;Milan Petrovi\u0107&#8220; Novi Sad\",\"datePublished\":\"2024-09-11T13:48:41+00:00\",\"dateModified\":\"2025-09-29T12:24:09+00:00\",\"mainEntityOfPage\":{\"@id\":\"https:\/\/lindstromgroup.com\/rs\/price-nasih-klijenata\/skola-za-osnovno-i-srednje-obrazovanje-milan-petrovic-novi-sad\/\"},\"wordCount\":641,\"publisher\":{\"@id\":\"https:\/\/lindstromgroup.com\/rs\/#organization\"},\"image\":{\"@id\":\"https:\/\/lindstromgroup.com\/rs\/price-nasih-klijenata\/skola-za-osnovno-i-srednje-obrazovanje-milan-petrovic-novi-sad\/#primaryimage\"},\"thumbnailUrl\":\"https:\/\/d2ris6qfzcz0wn.cloudfront.net\/wp-content\/uploads\/sites\/18\/2024\/09\/1726045824303.jpg\",\"keywords\":[\"#\u0161kole\",\"#standardne staze\",\"#staze i otira\u010di\"],\"articleSection\":[\"Pri\u010de na\u0161ih klijenata\"],\"inLanguage\":\"sr-RS\"},{\"@type\":\"WebPage\",\"@id\":\"https:\/\/lindstromgroup.com\/rs\/price-nasih-klijenata\/skola-za-osnovno-i-srednje-obrazovanje-milan-petrovic-novi-sad\/\",\"url\":\"https:\/\/lindstromgroup.com\/rs\/price-nasih-klijenata\/skola-za-osnovno-i-srednje-obrazovanje-milan-petrovic-novi-sad\/\",\"name\":\"\u0160kola za osnovno i srednje obrazovanje \\\"Milan Petrovi\u0107\\\" Novi Sad - Lindstr\u00f6m Serbia\",\"isPartOf\":{\"@id\":\"https:\/\/lindstromgroup.com\/rs\/#website\"},\"primaryImageOfPage\":{\"@id\":\"https:\/\/lindstromgroup.com\/rs\/price-nasih-klijenata\/skola-za-osnovno-i-srednje-obrazovanje-milan-petrovic-novi-sad\/#primaryimage\"},\"image\":{\"@id\":\"https:\/\/lindstromgroup.com\/rs\/price-nasih-klijenata\/skola-za-osnovno-i-srednje-obrazovanje-milan-petrovic-novi-sad\/#primaryimage\"},\"thumbnailUrl\":\"https:\/\/d2ris6qfzcz0wn.cloudfront.net\/wp-content\/uploads\/sites\/18\/2024\/09\/1726045824303.jpg\",\"datePublished\":\"2024-09-11T13:48:41+00:00\",\"dateModified\":\"2025-09-29T12:24:09+00:00\",\"description\":\"\u0160kola za osnovno i srednje obrazovanje \u201eMilan Petrovi\u0107\u201c u Novom Sadu ima istoriju dugu skoro 100 godina. Danas, u\u010denici sa smetnjama u razvoju i invaliditetom u ovoj obrazovnoj instituciji imaju najbolje mogu\u0107e uslove za u\u010denje i usavr\u0161avanje. Kako im Lindstr\u00f6m poma\u017ee u tome svojom uslugom iznajmljivanja otira\u010da, saznajte iz teksta.\",\"breadcrumb\":{\"@id\":\"https:\/\/lindstromgroup.com\/rs\/price-nasih-klijenata\/skola-za-osnovno-i-srednje-obrazovanje-milan-petrovic-novi-sad\/#breadcrumb\"},\"inLanguage\":\"sr-RS\",\"potentialAction\":[{\"@type\":\"ReadAction\",\"target\":[\"https:\/\/lindstromgroup.com\/rs\/price-nasih-klijenata\/skola-za-osnovno-i-srednje-obrazovanje-milan-petrovic-novi-sad\/\"]}]},{\"@type\":\"ImageObject\",\"inLanguage\":\"sr-RS\",\"@id\":\"https:\/\/lindstromgroup.com\/rs\/price-nasih-klijenata\/skola-za-osnovno-i-srednje-obrazovanje-milan-petrovic-novi-sad\/#primaryimage\",\"url\":\"https:\/\/d2ris6qfzcz0wn.cloudfront.net\/wp-content\/uploads\/sites\/18\/2024\/09\/1726045824303.jpg\",\"contentUrl\":\"https:\/\/d2ris6qfzcz0wn.cloudfront.net\/wp-content\/uploads\/sites\/18\/2024\/09\/1726045824303.jpg\",\"width\":1200,\"height\":1600},{\"@type\":\"BreadcrumbList\",\"@id\":\"https:\/\/lindstromgroup.com\/rs\/price-nasih-klijenata\/skola-za-osnovno-i-srednje-obrazovanje-milan-petrovic-novi-sad\/#breadcrumb\",\"itemListElement\":[{\"@type\":\"ListItem\",\"position\":1,\"name\":\"Home\",\"item\":\"https:\/\/lindstromgroup.com\/rs\/\"},{\"@type\":\"ListItem\",\"position\":2,\"name\":\"Pri\u010de na\u0161ih klijenata\",\"item\":\"https:\/\/lindstromgroup.com\/rs\/category\/price-nasih-klijenata\/\"},{\"@type\":\"ListItem\",\"position\":3,\"name\":\"\u0160kola za osnovno i srednje obrazovanje &#8220;Milan Petrovi\u0107&#8221; Novi Sad\"}]},{\"@type\":\"WebSite\",\"@id\":\"https:\/\/lindstromgroup.com\/rs\/#website\",\"url\":\"https:\/\/lindstromgroup.com\/rs\/\",\"name\":\"Lindstr\u00f6m Serbia\",\"description\":\"\",\"publisher\":{\"@id\":\"https:\/\/lindstromgroup.com\/rs\/#organization\"},\"potentialAction\":[{\"@type\":\"SearchAction\",\"target\":{\"@type\":\"EntryPoint\",\"urlTemplate\":\"https:\/\/lindstromgroup.com\/rs\/?s={search_term_string}\"},\"query-input\":{\"@type\":\"PropertyValueSpecification\",\"valueRequired\":true,\"valueName\":\"search_term_string\"}}],\"inLanguage\":\"sr-RS\"},{\"@type\":\"Organization\",\"@id\":\"https:\/\/lindstromgroup.com\/rs\/#organization\",\"name\":\"Lindstr\u00f6m Serbia\",\"url\":\"https:\/\/lindstromgroup.com\/rs\/\",\"logo\":{\"@type\":\"ImageObject\",\"inLanguage\":\"sr-RS\",\"@id\":\"https:\/\/lindstromgroup.com\/rs\/#\/schema\/logo\/image\/\",\"url\":\"https:\/\/d2ris6qfzcz0wn.cloudfront.net\/wp-content\/uploads\/sites\/12\/2023\/10\/Logo512.png\",\"contentUrl\":\"https:\/\/d2ris6qfzcz0wn.cloudfront.net\/wp-content\/uploads\/sites\/12\/2023\/10\/Logo512.png\",\"width\":512,\"height\":109,\"caption\":\"Lindstr\u00f6m Serbia\"},\"image\":{\"@id\":\"https:\/\/lindstromgroup.com\/rs\/#\/schema\/logo\/image\/\"}},{\"@type\":\"Person\",\"@id\":\"https:\/\/lindstromgroup.com\/rs\/#\/schema\/person\/9111900e3f15be99cf4a104112bf0bc3\",\"name\":\"Lindstr\u00f6m Group\",\"image\":{\"@type\":\"ImageObject\",\"inLanguage\":\"sr-RS\",\"@id\":\"https:\/\/d2ris6qfzcz0wn.cloudfront.net\/wp-content\/uploads\/sites\/12\/2024\/05\/logo_Red_V01-150x150.png4e6931f6b0730f03230376f66a842988\",\"url\":\"https:\/\/d2ris6qfzcz0wn.cloudfront.net\/wp-content\/uploads\/sites\/12\/2024\/05\/logo_Red_V01-150x150.png\",\"contentUrl\":\"https:\/\/d2ris6qfzcz0wn.cloudfront.net\/wp-content\/uploads\/sites\/12\/2024\/05\/logo_Red_V01-150x150.png\",\"caption\":\"Lindstr\u00f6m Group\"}}]}<\/script>\n<!-- \/ Yoast SEO plugin. -->","yoast_head_json":{"title":"\u0160kola za osnovno i srednje obrazovanje \"Milan Petrovi\u0107\" Novi Sad - Lindstr\u00f6m Serbia","description":"\u0160kola za osnovno i srednje obrazovanje \u201eMilan Petrovi\u0107\u201c u Novom Sadu ima istoriju dugu skoro 100 godina. Danas, u\u010denici sa smetnjama u razvoju i invaliditetom u ovoj obrazovnoj instituciji imaju najbolje mogu\u0107e uslove za u\u010denje i usavr\u0161avanje. Kako im Lindstr\u00f6m poma\u017ee u tome svojom uslugom iznajmljivanja otira\u010da, saznajte iz teksta.","robots":{"index":"index","follow":"follow","max-snippet":"max-snippet:-1","max-image-preview":"max-image-preview:large","max-video-preview":"max-video-preview:-1"},"og_locale":"sr_RS","og_type":"article","og_title":"\u0160kola za osnovno i srednje obrazovanje \"Milan Petrovi\u0107\" Novi Sad - Lindstr\u00f6m Serbia","og_description":"\u0160kola za osnovno i srednje obrazovanje \u201eMilan Petrovi\u0107\u201c u Novom Sadu ima istoriju dugu skoro 100 godina. Danas, u\u010denici sa smetnjama u razvoju i invaliditetom u ovoj obrazovnoj instituciji imaju najbolje mogu\u0107e uslove za u\u010denje i usavr\u0161avanje. Kako im Lindstr\u00f6m poma\u017ee u tome svojom uslugom iznajmljivanja otira\u010da, saznajte iz teksta.","og_url":"https:\/\/lindstromgroup.com\/rs\/price-nasih-klijenata\/skola-za-osnovno-i-srednje-obrazovanje-milan-petrovic-novi-sad\/","og_site_name":"Lindstr\u00f6m Serbia","article_published_time":"2024-09-11T13:48:41+00:00","article_modified_time":"2025-09-29T12:24:09+00:00","og_image":[{"width":1200,"height":1600,"url":"https:\/\/d2ris6qfzcz0wn.cloudfront.net\/wp-content\/uploads\/sites\/18\/2024\/09\/1726045824303.jpg","type":"image\/jpeg"}],"author":"Lindstr\u00f6m Group","twitter_card":"summary_large_image","twitter_misc":{"\u041d\u0430\u043f\u0438\u0441\u0430\u043d\u043e \u043e\u0434":"Lindstr\u00f6m Group","\u041f\u0440\u043e\u0446\u0435\u045a\u0435\u043d\u043e \u0432\u0440\u0435\u043c\u0435 \u0447\u0438\u0442\u0430\u045a\u0430":"4 \u043c\u0438\u043d\u0443\u0442\u0430","Written by":"Lindstr\u00f6m Group"},"schema":{"@context":"https:\/\/schema.org","@graph":[{"@type":"Article","@id":"https:\/\/lindstromgroup.com\/rs\/price-nasih-klijenata\/skola-za-osnovno-i-srednje-obrazovanje-milan-petrovic-novi-sad\/#article","isPartOf":{"@id":"https:\/\/lindstromgroup.com\/rs\/price-nasih-klijenata\/skola-za-osnovno-i-srednje-obrazovanje-milan-petrovic-novi-sad\/"},"author":{"name":"Lindstr\u00f6m Group","@id":"https:\/\/lindstromgroup.com\/rs\/#\/schema\/person\/9111900e3f15be99cf4a104112bf0bc3"},"headline":"\u0160kola za osnovno i srednje obrazovanje &#8222;Milan Petrovi\u0107&#8220; Novi Sad","datePublished":"2024-09-11T13:48:41+00:00","dateModified":"2025-09-29T12:24:09+00:00","mainEntityOfPage":{"@id":"https:\/\/lindstromgroup.com\/rs\/price-nasih-klijenata\/skola-za-osnovno-i-srednje-obrazovanje-milan-petrovic-novi-sad\/"},"wordCount":641,"publisher":{"@id":"https:\/\/lindstromgroup.com\/rs\/#organization"},"image":{"@id":"https:\/\/lindstromgroup.com\/rs\/price-nasih-klijenata\/skola-za-osnovno-i-srednje-obrazovanje-milan-petrovic-novi-sad\/#primaryimage"},"thumbnailUrl":"https:\/\/d2ris6qfzcz0wn.cloudfront.net\/wp-content\/uploads\/sites\/18\/2024\/09\/1726045824303.jpg","keywords":["#\u0161kole","#standardne staze","#staze i otira\u010di"],"articleSection":["Pri\u010de na\u0161ih klijenata"],"inLanguage":"sr-RS"},{"@type":"WebPage","@id":"https:\/\/lindstromgroup.com\/rs\/price-nasih-klijenata\/skola-za-osnovno-i-srednje-obrazovanje-milan-petrovic-novi-sad\/","url":"https:\/\/lindstromgroup.com\/rs\/price-nasih-klijenata\/skola-za-osnovno-i-srednje-obrazovanje-milan-petrovic-novi-sad\/","name":"\u0160kola za osnovno i srednje obrazovanje \"Milan Petrovi\u0107\" Novi Sad - Lindstr\u00f6m Serbia","isPartOf":{"@id":"https:\/\/lindstromgroup.com\/rs\/#website"},"primaryImageOfPage":{"@id":"https:\/\/lindstromgroup.com\/rs\/price-nasih-klijenata\/skola-za-osnovno-i-srednje-obrazovanje-milan-petrovic-novi-sad\/#primaryimage"},"image":{"@id":"https:\/\/lindstromgroup.com\/rs\/price-nasih-klijenata\/skola-za-osnovno-i-srednje-obrazovanje-milan-petrovic-novi-sad\/#primaryimage"},"thumbnailUrl":"https:\/\/d2ris6qfzcz0wn.cloudfront.net\/wp-content\/uploads\/sites\/18\/2024\/09\/1726045824303.jpg","datePublished":"2024-09-11T13:48:41+00:00","dateModified":"2025-09-29T12:24:09+00:00","description":"\u0160kola za osnovno i srednje obrazovanje \u201eMilan Petrovi\u0107\u201c u Novom Sadu ima istoriju dugu skoro 100 godina. Danas, u\u010denici sa smetnjama u razvoju i invaliditetom u ovoj obrazovnoj instituciji imaju najbolje mogu\u0107e uslove za u\u010denje i usavr\u0161avanje. Kako im Lindstr\u00f6m poma\u017ee u tome svojom uslugom iznajmljivanja otira\u010da, saznajte iz teksta.","breadcrumb":{"@id":"https:\/\/lindstromgroup.com\/rs\/price-nasih-klijenata\/skola-za-osnovno-i-srednje-obrazovanje-milan-petrovic-novi-sad\/#breadcrumb"},"inLanguage":"sr-RS","potentialAction":[{"@type":"ReadAction","target":["https:\/\/lindstromgroup.com\/rs\/price-nasih-klijenata\/skola-za-osnovno-i-srednje-obrazovanje-milan-petrovic-novi-sad\/"]}]},{"@type":"ImageObject","inLanguage":"sr-RS","@id":"https:\/\/lindstromgroup.com\/rs\/price-nasih-klijenata\/skola-za-osnovno-i-srednje-obrazovanje-milan-petrovic-novi-sad\/#primaryimage","url":"https:\/\/d2ris6qfzcz0wn.cloudfront.net\/wp-content\/uploads\/sites\/18\/2024\/09\/1726045824303.jpg","contentUrl":"https:\/\/d2ris6qfzcz0wn.cloudfront.net\/wp-content\/uploads\/sites\/18\/2024\/09\/1726045824303.jpg","width":1200,"height":1600},{"@type":"BreadcrumbList","@id":"https:\/\/lindstromgroup.com\/rs\/price-nasih-klijenata\/skola-za-osnovno-i-srednje-obrazovanje-milan-petrovic-novi-sad\/#breadcrumb","itemListElement":[{"@type":"ListItem","position":1,"name":"Home","item":"https:\/\/lindstromgroup.com\/rs\/"},{"@type":"ListItem","position":2,"name":"Pri\u010de na\u0161ih klijenata","item":"https:\/\/lindstromgroup.com\/rs\/category\/price-nasih-klijenata\/"},{"@type":"ListItem","position":3,"name":"\u0160kola za osnovno i srednje obrazovanje &#8220;Milan Petrovi\u0107&#8221; Novi Sad"}]},{"@type":"WebSite","@id":"https:\/\/lindstromgroup.com\/rs\/#website","url":"https:\/\/lindstromgroup.com\/rs\/","name":"Lindstr\u00f6m Serbia","description":"","publisher":{"@id":"https:\/\/lindstromgroup.com\/rs\/#organization"},"potentialAction":[{"@type":"SearchAction","target":{"@type":"EntryPoint","urlTemplate":"https:\/\/lindstromgroup.com\/rs\/?s={search_term_string}"},"query-input":{"@type":"PropertyValueSpecification","valueRequired":true,"valueName":"search_term_string"}}],"inLanguage":"sr-RS"},{"@type":"Organization","@id":"https:\/\/lindstromgroup.com\/rs\/#organization","name":"Lindstr\u00f6m Serbia","url":"https:\/\/lindstromgroup.com\/rs\/","logo":{"@type":"ImageObject","inLanguage":"sr-RS","@id":"https:\/\/lindstromgroup.com\/rs\/#\/schema\/logo\/image\/","url":"https:\/\/d2ris6qfzcz0wn.cloudfront.net\/wp-content\/uploads\/sites\/12\/2023\/10\/Logo512.png","contentUrl":"https:\/\/d2ris6qfzcz0wn.cloudfront.net\/wp-content\/uploads\/sites\/12\/2023\/10\/Logo512.png","width":512,"height":109,"caption":"Lindstr\u00f6m Serbia"},"image":{"@id":"https:\/\/lindstromgroup.com\/rs\/#\/schema\/logo\/image\/"}},{"@type":"Person","@id":"https:\/\/lindstromgroup.com\/rs\/#\/schema\/person\/9111900e3f15be99cf4a104112bf0bc3","name":"Lindstr\u00f6m Group","image":{"@type":"ImageObject","inLanguage":"sr-RS","@id":"https:\/\/d2ris6qfzcz0wn.cloudfront.net\/wp-content\/uploads\/sites\/12\/2024\/05\/logo_Red_V01-150x150.png4e6931f6b0730f03230376f66a842988","url":"https:\/\/d2ris6qfzcz0wn.cloudfront.net\/wp-content\/uploads\/sites\/12\/2024\/05\/logo_Red_V01-150x150.png","contentUrl":"https:\/\/d2ris6qfzcz0wn.cloudfront.net\/wp-content\/uploads\/sites\/12\/2024\/05\/logo_Red_V01-150x150.png","caption":"Lindstr\u00f6m Group"}}]}},"publishpress_future_workflow_manual_trigger":{"enabledWorkflows":[]},"distributor_meta":false,"distributor_terms":false,"distributor_media":false,"distributor_original_site_name":"Lindstr\u00f6m Serbia","distributor_original_site_url":"https:\/\/lindstromgroup.com\/rs","push-errors":false,"_links":{"self":[{"href":"https:\/\/lindstromgroup.com\/rs\/wp-json\/wp\/v2\/posts\/17556","targetHints":{"allow":["GET"]}}],"collection":[{"href":"https:\/\/lindstromgroup.com\/rs\/wp-json\/wp\/v2\/posts"}],"about":[{"href":"https:\/\/lindstromgroup.com\/rs\/wp-json\/wp\/v2\/types\/post"}],"author":[{"embeddable":true,"href":"https:\/\/lindstromgroup.com\/rs\/wp-json\/wp\/v2\/users\/14"}],"replies":[{"embeddable":true,"href":"https:\/\/lindstromgroup.com\/rs\/wp-json\/wp\/v2\/comments?post=17556"}],"version-history":[{"count":0,"href":"https:\/\/lindstromgroup.com\/rs\/wp-json\/wp\/v2\/posts\/17556\/revisions"}],"wp:featuredmedia":[{"embeddable":true,"href":"https:\/\/lindstromgroup.com\/rs\/wp-json\/wp\/v2\/media\/17558"}],"wp:attachment":[{"href":"https:\/\/lindstromgroup.com\/rs\/wp-json\/wp\/v2\/media?parent=17556"}],"wp:term":[{"taxonomy":"category","embeddable":true,"href":"https:\/\/lindstromgroup.com\/rs\/wp-json\/wp\/v2\/categories?post=17556"},{"taxonomy":"post_tag","embeddable":true,"href":"https:\/\/lindstromgroup.com\/rs\/wp-json\/wp\/v2\/tags?post=17556"},{"taxonomy":"author","embeddable":true,"href":"https:\/\/lindstromgroup.com\/rs\/wp-json\/wp\/v2\/coauthors?post=17556"}],"curies":[{"name":"wp","href":"https:\/\/api.w.org\/{rel}","templated":true}]}}