
    {"id":17127,"date":"2017-04-14T17:01:00","date_gmt":"2017-04-14T15:01:00","guid":{"rendered":"https:\/\/lindstromgroup.com\/rs\/?p=17127"},"modified":"2025-05-13T13:38:30","modified_gmt":"2025-05-13T11:38:30","slug":"lindstrom-na-safety-health-sajmu-u-beogradu","status":"publish","type":"post","link":"https:\/\/lindstromgroup.com\/rs\/kompanijske-vesti\/lindstrom-na-safety-health-sajmu-u-beogradu\/","title":{"rendered":"Lindstr\u00f6m na Safety &amp; Health sajmu u Beogradu"},"content":{"rendered":"\n<p>Lindstr\u00f6m je uzeo u\u010de\u0161\u0107e na 40. Me\u0111unarodnom sajmu prevencije i reagovanja u vanrednim situacijama koji je odr\u017ean na beogradskom sajmu od 11. do 14. oktobra 2016. godine.<\/p>\n\n\n\n<h2 class=\"wp-block-heading\">Za\u0161to da kupujete kada mo\u017eete da iznajmite?<\/h2>\n\n\n\n<p>Zainteresovanim posetiocima smo predstavili prednosti na\u0161e\u00a0usluge iznajmljivanja i odr\u017eavanja radnih odela i uniformi, staza i otira\u010da. Nagla\u0161eno\u00a0je da se kori\u0161\u0107enjem Lindstr\u00f6m usluga ostvaruje u\u0161teda u novcu i \u00a0vremenu a istakli smo\u00a0i druge prednosti:<\/p>\n\n\n\n<ul class=\"wp-block-list\">\n<li>Iznajmljivanje podrazumeva manje posla za vas\u00a0i bolju za\u0161titu \u017eivotne sredine<\/li>\n\n\n\n<li>Kori\u0161\u0107enjem na\u0161ih usluga ne dobijate samo radna odela i uniforme, staze i otira\u010de, mi ih tako\u0111e peremo, odr\u017eavamo, popravljamo, obnavljamo, \u010dak ih i skladi\u0161timo umesto vas.<\/li>\n\n\n\n<li>Iznajmljivanje tako\u0111e zna\u010di da ne morate da investirate puno novca u lager radnih odela<\/li>\n\n\n\n<li>Uvek imate na raspolaganju, spremnu za upotrebu, optimalnu koli\u010dinu \u010distih, bezbednih i elegantnih radnih odela<\/li>\n\n\n\n<li>Sa sezonskim promenama radne snage, na\u0161a usluga se mo\u017ee lako prilagoditi novonastalim potrebama<\/li>\n\n\n\n<li>Na\u0161e kolekcije su kreirane tako da \u0161to du\u017ee zadr\u017ee \u010disto\u0107u i udobnost ujedno omogu\u0107avaju\u0107i najvi\u0161i stepen za\u0161tite na radu<\/li>\n\n\n\n<li>Na\u0161a radna odela i uniforme garantuju najvi\u0161i nivo higijene, \u0161to zna\u010di da va\u0161i zaposleni mogu bezbedno i efikasno da obavljaju svoj posao dok proizvodnja nesmetano te\u010de.<\/li>\n\n\n\n<li>Staze i otira\u010di doprinose \u010disto\u0107i prostorija, pove\u0107avaju bezbednost i udobnost i \u010dine enterijere lep\u0161im<\/li>\n\n\n\n<li>Mi se staramo o svemu, od izbora odgovaraju\u0107e staze i otira\u010da za va\u0161u kompaniju do obezbe\u0111ivanja njihovog redovnog \u010di\u0161\u0107enja<\/li>\n\n\n\n<li>Isporu\u010dujemo \u010diste staze i otira\u010de direktno na va\u0161 pod po ugovorenoj dinamici zamene<\/li>\n<\/ul>\n\n\n\n<p>Tokom trajanja sajma ostvarili\u00a0smo zna\u010dajan broj kontakata koji \u0107e doprineti\u00a0da se pri\u010da o\u00a0pozitivnom iskustvu i na\u0161im zadovoljnim klijentima \u0161iri i dalje.<\/p>\n\n\n\n<p><\/p>\n\n\n\n<p><\/p>\n\n\n\n<p><\/p>\n","protected":false},"excerpt":{"rendered":"<p>Lindstr\u00f6m je uzeo u\u010de\u0161\u0107e na 40. Me\u0111unarodnom sajmu prevencije i reagovanja u vanrednim situacijama od 11. do 14. oktobra 2016.<\/p>\n","protected":false},"author":14,"featured_media":17132,"comment_status":"closed","ping_status":"open","sticky":false,"template":"","format":"standard","meta":{"_acf_changed":true,"inline_featured_image":false,"_eb_attr":"","site-sidebar-layout":"default","site-content-layout":"","ast-site-content-layout":"default","site-content-style":"default","site-sidebar-style":"default","ast-global-header-display":"","ast-banner-title-visibility":"","ast-main-header-display":"","ast-hfb-above-header-display":"","ast-hfb-below-header-display":"","ast-hfb-mobile-header-display":"","site-post-title":"","ast-breadcrumbs-content":"","ast-featured-img":"","footer-sml-layout":"","ast-disable-related-posts":"","theme-transparent-header-meta":"","adv-header-id-meta":"","stick-header-meta":"","header-above-stick-meta":"","header-main-stick-meta":"","header-below-stick-meta":"","astra-migrate-meta-layouts":"default","ast-page-background-enabled":"default","ast-page-background-meta":{"desktop":{"background-color":"var(--ast-global-color-4)","background-image":"","background-repeat":"repeat","background-position":"center center","background-size":"auto","background-attachment":"scroll","background-type":"","background-media":"","overlay-type":"","overlay-color":"","overlay-opacity":"","overlay-gradient":""},"tablet":{"background-color":"","background-image":"","background-repeat":"repeat","background-position":"center center","background-size":"auto","background-attachment":"scroll","background-type":"","background-media":"","overlay-type":"","overlay-color":"","overlay-opacity":"","overlay-gradient":""},"mobile":{"background-color":"","background-image":"","background-repeat":"repeat","background-position":"center center","background-size":"auto","background-attachment":"scroll","background-type":"","background-media":"","overlay-type":"","overlay-color":"","overlay-opacity":"","overlay-gradient":""}},"ast-content-background-meta":{"desktop":{"background-color":"var(--ast-global-color-5)","background-image":"","background-repeat":"repeat","background-position":"center center","background-size":"auto","background-attachment":"scroll","background-type":"","background-media":"","overlay-type":"","overlay-color":"","overlay-opacity":"","overlay-gradient":""},"tablet":{"background-color":"var(--ast-global-color-5)","background-image":"","background-repeat":"repeat","background-position":"center center","background-size":"auto","background-attachment":"scroll","background-type":"","background-media":"","overlay-type":"","overlay-color":"","overlay-opacity":"","overlay-gradient":""},"mobile":{"background-color":"var(--ast-global-color-5)","background-image":"","background-repeat":"repeat","background-position":"center center","background-size":"auto","background-attachment":"scroll","background-type":"","background-media":"","overlay-type":"","overlay-color":"","overlay-opacity":"","overlay-gradient":""}},"footnotes":""},"categories":[69],"tags":[58,46],"coauthors":[20],"class_list":["post-17127","post","type-post","status-publish","format-standard","has-post-thumbnail","hentry","category-kompanijske-vesti","tag-odrzivost","tag-radna-odela"],"acf":[],"yoast_head":"<!-- This site is optimized with the Yoast SEO plugin v27.2 - https:\/\/yoast.com\/product\/yoast-seo-wordpress\/ -->\n<title>Lindstr\u00f6m na Safety &amp; Health sajmu u Beogradu - Lindstr\u00f6m Serbia<\/title>\n<meta name=\"description\" content=\"Lindstr\u00f6m je uzeo u\u010de\u0161\u0107e na 40. Me\u0111unarodnom sajmu prevencije i reagovanja u vanrednim situacijama od 11. do 14. oktobra 2016.\" \/>\n<meta name=\"robots\" content=\"index, follow, max-snippet:-1, max-image-preview:large, max-video-preview:-1\" \/>\n<meta property=\"og:locale\" content=\"sr_RS\" \/>\n<meta property=\"og:type\" content=\"article\" \/>\n<meta property=\"og:title\" content=\"Lindstr\u00f6m na Safety &amp; Health sajmu u Beogradu - Lindstr\u00f6m Serbia\" \/>\n<meta property=\"og:description\" content=\"Lindstr\u00f6m je uzeo u\u010de\u0161\u0107e na 40. Me\u0111unarodnom sajmu prevencije i reagovanja u vanrednim situacijama od 11. do 14. oktobra 2016.\" \/>\n<meta property=\"og:url\" content=\"https:\/\/lindstromgroup.com\/rs\/kompanijske-vesti\/lindstrom-na-safety-health-sajmu-u-beogradu\/\" \/>\n<meta property=\"og:site_name\" content=\"Lindstr\u00f6m Serbia\" \/>\n<meta property=\"article:published_time\" content=\"2017-04-14T15:01:00+00:00\" \/>\n<meta property=\"article:modified_time\" content=\"2025-05-13T11:38:30+00:00\" \/>\n<meta property=\"og:image\" content=\"https:\/\/d2ris6qfzcz0wn.cloudfront.net\/wp-content\/uploads\/sites\/18\/2017\/04\/Kid.jpg\" \/>\n\t<meta property=\"og:image:width\" content=\"2048\" \/>\n\t<meta property=\"og:image:height\" content=\"1493\" \/>\n\t<meta property=\"og:image:type\" content=\"image\/jpeg\" \/>\n<meta name=\"author\" content=\"Lindstr\u00f6m Group\" \/>\n<meta name=\"twitter:card\" content=\"summary_large_image\" \/>\n<meta name=\"twitter:label1\" content=\"\u041d\u0430\u043f\u0438\u0441\u0430\u043d\u043e \u043e\u0434\" \/>\n\t<meta name=\"twitter:data1\" content=\"Lindstr\u00f6m Group\" \/>\n\t<meta name=\"twitter:label2\" content=\"\u041f\u0440\u043e\u0446\u0435\u045a\u0435\u043d\u043e \u0432\u0440\u0435\u043c\u0435 \u0447\u0438\u0442\u0430\u045a\u0430\" \/>\n\t<meta name=\"twitter:data2\" content=\"2 \u043c\u0438\u043d\u0443\u0442\u0430\" \/>\n\t<meta name=\"twitter:label3\" content=\"Written by\" \/>\n\t<meta name=\"twitter:data3\" content=\"Lindstr\u00f6m Group\" \/>\n<script type=\"application\/ld+json\" class=\"yoast-schema-graph\">{\"@context\":\"https:\/\/schema.org\",\"@graph\":[{\"@type\":\"Article\",\"@id\":\"https:\/\/lindstromgroup.com\/rs\/kompanijske-vesti\/lindstrom-na-safety-health-sajmu-u-beogradu\/#article\",\"isPartOf\":{\"@id\":\"https:\/\/lindstromgroup.com\/rs\/kompanijske-vesti\/lindstrom-na-safety-health-sajmu-u-beogradu\/\"},\"author\":{\"name\":\"Lindstr\u00f6m Group\",\"@id\":\"https:\/\/lindstromgroup.com\/rs\/#\/schema\/person\/9111900e3f15be99cf4a104112bf0bc3\"},\"headline\":\"Lindstr\u00f6m na Safety &amp; Health sajmu u Beogradu\",\"datePublished\":\"2017-04-14T15:01:00+00:00\",\"dateModified\":\"2025-05-13T11:38:30+00:00\",\"mainEntityOfPage\":{\"@id\":\"https:\/\/lindstromgroup.com\/rs\/kompanijske-vesti\/lindstrom-na-safety-health-sajmu-u-beogradu\/\"},\"wordCount\":322,\"publisher\":{\"@id\":\"https:\/\/lindstromgroup.com\/rs\/#organization\"},\"image\":{\"@id\":\"https:\/\/lindstromgroup.com\/rs\/kompanijske-vesti\/lindstrom-na-safety-health-sajmu-u-beogradu\/#primaryimage\"},\"thumbnailUrl\":\"https:\/\/d2ris6qfzcz0wn.cloudfront.net\/wp-content\/uploads\/sites\/18\/2017\/04\/Kid.jpg\",\"keywords\":[\"#odr\u017eivost\",\"#radna odela\"],\"articleSection\":[\"Kompanijske vesti\"],\"inLanguage\":\"sr-RS\"},{\"@type\":\"WebPage\",\"@id\":\"https:\/\/lindstromgroup.com\/rs\/kompanijske-vesti\/lindstrom-na-safety-health-sajmu-u-beogradu\/\",\"url\":\"https:\/\/lindstromgroup.com\/rs\/kompanijske-vesti\/lindstrom-na-safety-health-sajmu-u-beogradu\/\",\"name\":\"Lindstr\u00f6m na Safety &amp; Health sajmu u Beogradu - Lindstr\u00f6m Serbia\",\"isPartOf\":{\"@id\":\"https:\/\/lindstromgroup.com\/rs\/#website\"},\"primaryImageOfPage\":{\"@id\":\"https:\/\/lindstromgroup.com\/rs\/kompanijske-vesti\/lindstrom-na-safety-health-sajmu-u-beogradu\/#primaryimage\"},\"image\":{\"@id\":\"https:\/\/lindstromgroup.com\/rs\/kompanijske-vesti\/lindstrom-na-safety-health-sajmu-u-beogradu\/#primaryimage\"},\"thumbnailUrl\":\"https:\/\/d2ris6qfzcz0wn.cloudfront.net\/wp-content\/uploads\/sites\/18\/2017\/04\/Kid.jpg\",\"datePublished\":\"2017-04-14T15:01:00+00:00\",\"dateModified\":\"2025-05-13T11:38:30+00:00\",\"description\":\"Lindstr\u00f6m je uzeo u\u010de\u0161\u0107e na 40. Me\u0111unarodnom sajmu prevencije i reagovanja u vanrednim situacijama od 11. do 14. oktobra 2016.\",\"breadcrumb\":{\"@id\":\"https:\/\/lindstromgroup.com\/rs\/kompanijske-vesti\/lindstrom-na-safety-health-sajmu-u-beogradu\/#breadcrumb\"},\"inLanguage\":\"sr-RS\",\"potentialAction\":[{\"@type\":\"ReadAction\",\"target\":[\"https:\/\/lindstromgroup.com\/rs\/kompanijske-vesti\/lindstrom-na-safety-health-sajmu-u-beogradu\/\"]}]},{\"@type\":\"ImageObject\",\"inLanguage\":\"sr-RS\",\"@id\":\"https:\/\/lindstromgroup.com\/rs\/kompanijske-vesti\/lindstrom-na-safety-health-sajmu-u-beogradu\/#primaryimage\",\"url\":\"https:\/\/d2ris6qfzcz0wn.cloudfront.net\/wp-content\/uploads\/sites\/18\/2017\/04\/Kid.jpg\",\"contentUrl\":\"https:\/\/d2ris6qfzcz0wn.cloudfront.net\/wp-content\/uploads\/sites\/18\/2017\/04\/Kid.jpg\",\"width\":2048,\"height\":1493},{\"@type\":\"BreadcrumbList\",\"@id\":\"https:\/\/lindstromgroup.com\/rs\/kompanijske-vesti\/lindstrom-na-safety-health-sajmu-u-beogradu\/#breadcrumb\",\"itemListElement\":[{\"@type\":\"ListItem\",\"position\":1,\"name\":\"Home\",\"item\":\"https:\/\/lindstromgroup.com\/rs\/\"},{\"@type\":\"ListItem\",\"position\":2,\"name\":\"Kompanijske vesti\",\"item\":\"https:\/\/lindstromgroup.com\/rs\/category\/kompanijske-vesti\/\"},{\"@type\":\"ListItem\",\"position\":3,\"name\":\"Lindstr\u00f6m na Safety &amp; Health sajmu u Beogradu\"}]},{\"@type\":\"WebSite\",\"@id\":\"https:\/\/lindstromgroup.com\/rs\/#website\",\"url\":\"https:\/\/lindstromgroup.com\/rs\/\",\"name\":\"Lindstr\u00f6m Serbia\",\"description\":\"\",\"publisher\":{\"@id\":\"https:\/\/lindstromgroup.com\/rs\/#organization\"},\"potentialAction\":[{\"@type\":\"SearchAction\",\"target\":{\"@type\":\"EntryPoint\",\"urlTemplate\":\"https:\/\/lindstromgroup.com\/rs\/?s={search_term_string}\"},\"query-input\":{\"@type\":\"PropertyValueSpecification\",\"valueRequired\":true,\"valueName\":\"search_term_string\"}}],\"inLanguage\":\"sr-RS\"},{\"@type\":\"Organization\",\"@id\":\"https:\/\/lindstromgroup.com\/rs\/#organization\",\"name\":\"Lindstr\u00f6m Serbia\",\"url\":\"https:\/\/lindstromgroup.com\/rs\/\",\"logo\":{\"@type\":\"ImageObject\",\"inLanguage\":\"sr-RS\",\"@id\":\"https:\/\/lindstromgroup.com\/rs\/#\/schema\/logo\/image\/\",\"url\":\"https:\/\/d2ris6qfzcz0wn.cloudfront.net\/wp-content\/uploads\/sites\/12\/2023\/10\/Logo512.png\",\"contentUrl\":\"https:\/\/d2ris6qfzcz0wn.cloudfront.net\/wp-content\/uploads\/sites\/12\/2023\/10\/Logo512.png\",\"width\":512,\"height\":109,\"caption\":\"Lindstr\u00f6m Serbia\"},\"image\":{\"@id\":\"https:\/\/lindstromgroup.com\/rs\/#\/schema\/logo\/image\/\"}},{\"@type\":\"Person\",\"@id\":\"https:\/\/lindstromgroup.com\/rs\/#\/schema\/person\/9111900e3f15be99cf4a104112bf0bc3\",\"name\":\"Lindstr\u00f6m Group\",\"image\":{\"@type\":\"ImageObject\",\"inLanguage\":\"sr-RS\",\"@id\":\"https:\/\/d2ris6qfzcz0wn.cloudfront.net\/wp-content\/uploads\/sites\/12\/2024\/05\/logo_Red_V01-150x150.png4e6931f6b0730f03230376f66a842988\",\"url\":\"https:\/\/d2ris6qfzcz0wn.cloudfront.net\/wp-content\/uploads\/sites\/12\/2024\/05\/logo_Red_V01-150x150.png\",\"contentUrl\":\"https:\/\/d2ris6qfzcz0wn.cloudfront.net\/wp-content\/uploads\/sites\/12\/2024\/05\/logo_Red_V01-150x150.png\",\"caption\":\"Lindstr\u00f6m Group\"}}]}<\/script>\n<!-- \/ Yoast SEO plugin. -->","yoast_head_json":{"title":"Lindstr\u00f6m na Safety &amp; Health sajmu u Beogradu - Lindstr\u00f6m Serbia","description":"Lindstr\u00f6m je uzeo u\u010de\u0161\u0107e na 40. Me\u0111unarodnom sajmu prevencije i reagovanja u vanrednim situacijama od 11. do 14. oktobra 2016.","robots":{"index":"index","follow":"follow","max-snippet":"max-snippet:-1","max-image-preview":"max-image-preview:large","max-video-preview":"max-video-preview:-1"},"og_locale":"sr_RS","og_type":"article","og_title":"Lindstr\u00f6m na Safety &amp; Health sajmu u Beogradu - Lindstr\u00f6m Serbia","og_description":"Lindstr\u00f6m je uzeo u\u010de\u0161\u0107e na 40. Me\u0111unarodnom sajmu prevencije i reagovanja u vanrednim situacijama od 11. do 14. oktobra 2016.","og_url":"https:\/\/lindstromgroup.com\/rs\/kompanijske-vesti\/lindstrom-na-safety-health-sajmu-u-beogradu\/","og_site_name":"Lindstr\u00f6m Serbia","article_published_time":"2017-04-14T15:01:00+00:00","article_modified_time":"2025-05-13T11:38:30+00:00","og_image":[{"width":2048,"height":1493,"url":"https:\/\/d2ris6qfzcz0wn.cloudfront.net\/wp-content\/uploads\/sites\/18\/2017\/04\/Kid.jpg","type":"image\/jpeg"}],"author":"Lindstr\u00f6m Group","twitter_card":"summary_large_image","twitter_misc":{"\u041d\u0430\u043f\u0438\u0441\u0430\u043d\u043e \u043e\u0434":"Lindstr\u00f6m Group","\u041f\u0440\u043e\u0446\u0435\u045a\u0435\u043d\u043e \u0432\u0440\u0435\u043c\u0435 \u0447\u0438\u0442\u0430\u045a\u0430":"2 \u043c\u0438\u043d\u0443\u0442\u0430","Written by":"Lindstr\u00f6m Group"},"schema":{"@context":"https:\/\/schema.org","@graph":[{"@type":"Article","@id":"https:\/\/lindstromgroup.com\/rs\/kompanijske-vesti\/lindstrom-na-safety-health-sajmu-u-beogradu\/#article","isPartOf":{"@id":"https:\/\/lindstromgroup.com\/rs\/kompanijske-vesti\/lindstrom-na-safety-health-sajmu-u-beogradu\/"},"author":{"name":"Lindstr\u00f6m Group","@id":"https:\/\/lindstromgroup.com\/rs\/#\/schema\/person\/9111900e3f15be99cf4a104112bf0bc3"},"headline":"Lindstr\u00f6m na Safety &amp; Health sajmu u Beogradu","datePublished":"2017-04-14T15:01:00+00:00","dateModified":"2025-05-13T11:38:30+00:00","mainEntityOfPage":{"@id":"https:\/\/lindstromgroup.com\/rs\/kompanijske-vesti\/lindstrom-na-safety-health-sajmu-u-beogradu\/"},"wordCount":322,"publisher":{"@id":"https:\/\/lindstromgroup.com\/rs\/#organization"},"image":{"@id":"https:\/\/lindstromgroup.com\/rs\/kompanijske-vesti\/lindstrom-na-safety-health-sajmu-u-beogradu\/#primaryimage"},"thumbnailUrl":"https:\/\/d2ris6qfzcz0wn.cloudfront.net\/wp-content\/uploads\/sites\/18\/2017\/04\/Kid.jpg","keywords":["#odr\u017eivost","#radna odela"],"articleSection":["Kompanijske vesti"],"inLanguage":"sr-RS"},{"@type":"WebPage","@id":"https:\/\/lindstromgroup.com\/rs\/kompanijske-vesti\/lindstrom-na-safety-health-sajmu-u-beogradu\/","url":"https:\/\/lindstromgroup.com\/rs\/kompanijske-vesti\/lindstrom-na-safety-health-sajmu-u-beogradu\/","name":"Lindstr\u00f6m na Safety &amp; Health sajmu u Beogradu - Lindstr\u00f6m Serbia","isPartOf":{"@id":"https:\/\/lindstromgroup.com\/rs\/#website"},"primaryImageOfPage":{"@id":"https:\/\/lindstromgroup.com\/rs\/kompanijske-vesti\/lindstrom-na-safety-health-sajmu-u-beogradu\/#primaryimage"},"image":{"@id":"https:\/\/lindstromgroup.com\/rs\/kompanijske-vesti\/lindstrom-na-safety-health-sajmu-u-beogradu\/#primaryimage"},"thumbnailUrl":"https:\/\/d2ris6qfzcz0wn.cloudfront.net\/wp-content\/uploads\/sites\/18\/2017\/04\/Kid.jpg","datePublished":"2017-04-14T15:01:00+00:00","dateModified":"2025-05-13T11:38:30+00:00","description":"Lindstr\u00f6m je uzeo u\u010de\u0161\u0107e na 40. Me\u0111unarodnom sajmu prevencije i reagovanja u vanrednim situacijama od 11. do 14. oktobra 2016.","breadcrumb":{"@id":"https:\/\/lindstromgroup.com\/rs\/kompanijske-vesti\/lindstrom-na-safety-health-sajmu-u-beogradu\/#breadcrumb"},"inLanguage":"sr-RS","potentialAction":[{"@type":"ReadAction","target":["https:\/\/lindstromgroup.com\/rs\/kompanijske-vesti\/lindstrom-na-safety-health-sajmu-u-beogradu\/"]}]},{"@type":"ImageObject","inLanguage":"sr-RS","@id":"https:\/\/lindstromgroup.com\/rs\/kompanijske-vesti\/lindstrom-na-safety-health-sajmu-u-beogradu\/#primaryimage","url":"https:\/\/d2ris6qfzcz0wn.cloudfront.net\/wp-content\/uploads\/sites\/18\/2017\/04\/Kid.jpg","contentUrl":"https:\/\/d2ris6qfzcz0wn.cloudfront.net\/wp-content\/uploads\/sites\/18\/2017\/04\/Kid.jpg","width":2048,"height":1493},{"@type":"BreadcrumbList","@id":"https:\/\/lindstromgroup.com\/rs\/kompanijske-vesti\/lindstrom-na-safety-health-sajmu-u-beogradu\/#breadcrumb","itemListElement":[{"@type":"ListItem","position":1,"name":"Home","item":"https:\/\/lindstromgroup.com\/rs\/"},{"@type":"ListItem","position":2,"name":"Kompanijske vesti","item":"https:\/\/lindstromgroup.com\/rs\/category\/kompanijske-vesti\/"},{"@type":"ListItem","position":3,"name":"Lindstr\u00f6m na Safety &amp; Health sajmu u Beogradu"}]},{"@type":"WebSite","@id":"https:\/\/lindstromgroup.com\/rs\/#website","url":"https:\/\/lindstromgroup.com\/rs\/","name":"Lindstr\u00f6m Serbia","description":"","publisher":{"@id":"https:\/\/lindstromgroup.com\/rs\/#organization"},"potentialAction":[{"@type":"SearchAction","target":{"@type":"EntryPoint","urlTemplate":"https:\/\/lindstromgroup.com\/rs\/?s={search_term_string}"},"query-input":{"@type":"PropertyValueSpecification","valueRequired":true,"valueName":"search_term_string"}}],"inLanguage":"sr-RS"},{"@type":"Organization","@id":"https:\/\/lindstromgroup.com\/rs\/#organization","name":"Lindstr\u00f6m Serbia","url":"https:\/\/lindstromgroup.com\/rs\/","logo":{"@type":"ImageObject","inLanguage":"sr-RS","@id":"https:\/\/lindstromgroup.com\/rs\/#\/schema\/logo\/image\/","url":"https:\/\/d2ris6qfzcz0wn.cloudfront.net\/wp-content\/uploads\/sites\/12\/2023\/10\/Logo512.png","contentUrl":"https:\/\/d2ris6qfzcz0wn.cloudfront.net\/wp-content\/uploads\/sites\/12\/2023\/10\/Logo512.png","width":512,"height":109,"caption":"Lindstr\u00f6m Serbia"},"image":{"@id":"https:\/\/lindstromgroup.com\/rs\/#\/schema\/logo\/image\/"}},{"@type":"Person","@id":"https:\/\/lindstromgroup.com\/rs\/#\/schema\/person\/9111900e3f15be99cf4a104112bf0bc3","name":"Lindstr\u00f6m Group","image":{"@type":"ImageObject","inLanguage":"sr-RS","@id":"https:\/\/d2ris6qfzcz0wn.cloudfront.net\/wp-content\/uploads\/sites\/12\/2024\/05\/logo_Red_V01-150x150.png4e6931f6b0730f03230376f66a842988","url":"https:\/\/d2ris6qfzcz0wn.cloudfront.net\/wp-content\/uploads\/sites\/12\/2024\/05\/logo_Red_V01-150x150.png","contentUrl":"https:\/\/d2ris6qfzcz0wn.cloudfront.net\/wp-content\/uploads\/sites\/12\/2024\/05\/logo_Red_V01-150x150.png","caption":"Lindstr\u00f6m Group"}}]}},"publishpress_future_workflow_manual_trigger":{"enabledWorkflows":[]},"distributor_meta":false,"distributor_terms":false,"distributor_media":false,"distributor_original_site_name":"Lindstr\u00f6m Serbia","distributor_original_site_url":"https:\/\/lindstromgroup.com\/rs","push-errors":false,"_links":{"self":[{"href":"https:\/\/lindstromgroup.com\/rs\/wp-json\/wp\/v2\/posts\/17127","targetHints":{"allow":["GET"]}}],"collection":[{"href":"https:\/\/lindstromgroup.com\/rs\/wp-json\/wp\/v2\/posts"}],"about":[{"href":"https:\/\/lindstromgroup.com\/rs\/wp-json\/wp\/v2\/types\/post"}],"author":[{"embeddable":true,"href":"https:\/\/lindstromgroup.com\/rs\/wp-json\/wp\/v2\/users\/14"}],"replies":[{"embeddable":true,"href":"https:\/\/lindstromgroup.com\/rs\/wp-json\/wp\/v2\/comments?post=17127"}],"version-history":[{"count":0,"href":"https:\/\/lindstromgroup.com\/rs\/wp-json\/wp\/v2\/posts\/17127\/revisions"}],"wp:featuredmedia":[{"embeddable":true,"href":"https:\/\/lindstromgroup.com\/rs\/wp-json\/wp\/v2\/media\/17132"}],"wp:attachment":[{"href":"https:\/\/lindstromgroup.com\/rs\/wp-json\/wp\/v2\/media?parent=17127"}],"wp:term":[{"taxonomy":"category","embeddable":true,"href":"https:\/\/lindstromgroup.com\/rs\/wp-json\/wp\/v2\/categories?post=17127"},{"taxonomy":"post_tag","embeddable":true,"href":"https:\/\/lindstromgroup.com\/rs\/wp-json\/wp\/v2\/tags?post=17127"},{"taxonomy":"author","embeddable":true,"href":"https:\/\/lindstromgroup.com\/rs\/wp-json\/wp\/v2\/coauthors?post=17127"}],"curies":[{"name":"wp","href":"https:\/\/api.w.org\/{rel}","templated":true}]}}