
    {"id":17058,"date":"2015-12-01T10:04:00","date_gmt":"2015-12-01T08:04:00","guid":{"rendered":"https:\/\/lindstromgroup.com\/rs\/?p=17058"},"modified":"2025-06-02T13:32:31","modified_gmt":"2025-06-02T11:32:31","slug":"najam-radnih-odela-i-uniformi-garantuje-bezbednost-ljudi-i-procesa","status":"publish","type":"post","link":"https:\/\/lindstromgroup.com\/rs\/clanci\/najam-radnih-odela-i-uniformi-garantuje-bezbednost-ljudi-i-procesa\/","title":{"rendered":"Najam radnih odela i uniformi garantuje bezbednost ljudi i procesa"},"content":{"rendered":"\n<p>Za godinu dana poslovanja u Srbiji kompanija Lindstr\u00f6m ostvarila je saradnju sa vi\u0161e od 800 klijenata na vi\u0161e od 1.300 lokacija \u0161irom Srbije. Finska kompanija, koja ve\u0107 decenijama pru\u017ea usluge iznajmljivanja i odr\u017eavanja radne ode\u0107e i staza u 24 zemlje i dnevno obezbe\u0111uje radnu ode\u0107u za vi\u0161e od milion ljudi \u0161irom sveta, ima velike planove za srpsko tr\u017ei\u0161te.<\/p>\n\n\n\n<p><\/p>\n\n\n\n<p>U decembru pro\u0161le godine, kada su zvani\u010dno po\u010deli da servisiraju klijente, preuzeli su poslovanje lokalne servisne kompanije za staze \u201eHWS Hygiene Solutions\u201c, a kako je ekskluzivno za \u201eeKapiju\u201c rekao direktor kompanije Lindstr\u00f6m d.o.o. Nenad Bo\u017eovi\u0107, od 1. decembra 2015. preuzimaju i usluge servisiranja staza\/otira\u010da klijenata lokalne firme \u201eProfi Clean Management\u201c.<\/p>\n\n\n\n<div class=\"wp-block-media-text is-stacked-on-mobile\" style=\"grid-template-columns:33% auto\"><figure class=\"wp-block-media-text__media\"><img decoding=\"async\" width=\"350\" height=\"467\" src=\"https:\/\/d2ris6qfzcz0wn.cloudfront.net\/wp-content\/uploads\/sites\/18\/2024\/05\/nenad_bozovic-350x467-1.jpg\" alt=\"\" class=\"wp-image-17059 size-full\" srcset=\"https:\/\/d2ris6qfzcz0wn.cloudfront.net\/wp-content\/uploads\/sites\/18\/2024\/05\/nenad_bozovic-350x467-1.jpg 350w, https:\/\/d2ris6qfzcz0wn.cloudfront.net\/wp-content\/uploads\/sites\/18\/2024\/05\/nenad_bozovic-350x467-1-225x300.jpg 225w\" sizes=\"(max-width: 350px) 100vw, 350px\" \/><\/figure><div class=\"wp-block-media-text__content\">\n<p>\u2013 Inovativni koncept usluga menad\u017ementa radnih odela i uniformi relativno je nov u Srbiji. U kombinaciji sa uslugama najma i odr\u017eavanja staza i otira\u010da, usluga iznajmljivanja radnih odela garantuje zdravlje, higijenu i bezbednost ljudi i procesa, a ujedno doprinosi i ja\u010danju korporativnog imid\u017ea. Zadovoljni smo po\u010detkom poslovanja na na\u0161em tr\u017ei\u0161tu \u0161to nam daje podstrek za dalji razvoj i na\u0161e dugoro\u010dne planove \u2013 ka\u017ee Bo\u017eovi\u0107 u razgovoru za \u201eeKapiju\u201c.<\/p>\n\n\n\n<p><\/p>\n\n\n\n<p><strong>eKapija: Kakva su va\u0161a iskustva, koliko pa\u017enje kompanije u Srbiji posve\u0107uju bezbednosti i zdravlju, kako svojih zaposlenih tako i samih poslovnih procesa?<\/strong><\/p>\n\n\n\n<p><\/p>\n\n\n\n<p>\u2013 Kompanije u EU mnogo vi\u0161e pa\u017enje posve\u0107uju za\u0161titi procesa i zaposlenih, i na\u0161a usluga se tamo mnogo vi\u0161e koristi nego u Srbiji jer se pokazala kao najbolji na\u010din za odr\u017eivo upravljanje uniformama. Na\u017ealost, veliki broj poslodavaca u Srbiji gleda na uniforme kao na tro\u0161ak, a ne neophodnu investiciju pa \u010desto primenjuju re\u0161enja koja im ne omogu\u0107avaju u potpunosti adekvatnu za\u0161titu zaposlenih i procesa proizvodnje.<\/p>\n<\/div><\/div>\n\n\n\n<p><\/p>\n\n\n\n<p>Do sada je ve\u0107ina kompanija u Srbiji, u nedostatku boljih opcija, prihvatala re\u0161enja koja su im bila dostupna a to je kupovina uniformi i eventualno organizovanje internog ili eksternog pranja uniformi ili su sami radnici zadu\u017eeni za odr\u017eavanje, \u0161to ote\u017eava organizaciju i kontrolu da uniforme budu u skladu sa higijenskim i bezbednosnim normama. Me\u0111utim, firme u Srbiji polako uvi\u0111aju mnogobrojne prednosti na\u0161e usluge koja omogu\u0107ava sve na jednom mestu, dok strane kompanije koje ih ve\u0107 koriste u drugim zemljama, koriste i u na\u0161oj zemlji.<\/p>\n\n\n\n<p><\/p>\n\n\n\n<p><strong>eKapija: Kako funkcioni\u0161e Lindstr\u00f6m usluga za iznajmljivanje radnih odela i uniformi?<\/strong><\/p>\n\n\n\n<p><\/p>\n\n\n\n<figure class=\"wp-block-embed is-type-video is-provider-youtube wp-block-embed-youtube wp-embed-aspect-16-9 wp-has-aspect-ratio\"><div class=\"wp-block-embed__wrapper\">\n<iframe loading=\"lazy\" title=\"Kako funkcionise nasa usluga najma i odrzavanja radnih odela\" width=\"500\" height=\"281\" src=\"https:\/\/www.youtube.com\/embed\/hkGT11WYTUE?feature=oembed&#038;enablejsapi=1&#038;origin=https:\/\/lindstromgroup.com\" frameborder=\"0\" allow=\"accelerometer; autoplay; clipboard-write; encrypted-media; gyroscope; picture-in-picture; web-share\" referrerpolicy=\"strict-origin-when-cross-origin\" allowfullscreen><\/iframe>\n<\/div><figcaption class=\"wp-element-caption\">Kako funkcioni\u0161e Lindstr\u00f6mova usluga iznajmljivanja i odr\u017eavanja radnih odela.<\/figcaption><\/figure>\n\n\n\n<p><\/p>\n\n\n\n<p>\u2013 Lindstr\u00f6m se zasniva na konceptu takozvanog \u201eoutsourcing\u201c menad\u017ementa radnih odela i uniformi na osnovu potreba svojih klijenata. Lindstr\u00f6m re\u0161enja kompletne usluge pokrivaju ceo \u017eivotni ciklus radne ode\u0107e \u2013 od kupovine, uzimanja mera i prekrajanja, do iznajmljivanja, pranja i odr\u017eavanja, nedeljnih isporuka klijentima i skladi\u0161tenja, kao i njenu zamenu i odlaganje. Lindstr\u00f6m obezbe\u0111uje, kao dodatnu uslugu, i ormari\u0107e koji omogu\u0107avaju da svaki zaposleni, jednom nedeljno, dobija svoju \u010distu radnu ode\u0107u isporu\u010denu direktno u li\u010dni ormari\u0107. Lindstr\u00f6move fleksibilne usluge tako\u0111e omogu\u0107avaju korekcije koli\u010dina uniformi u skladu sa promenama broja zaposlenih. Na taj na\u010din klijenti i njihovi zaposleni uvek imaju odgovaraju\u0107i broj radnih odela, dok se izbegavaju nepotrebne nabavke i skladi\u0161tenje. Napla\u0107uje se samo ona koli\u010dina uniformi koja se koristi u dogovorenim intervalima, ne zahtevaju\u0107i velike inicijalne investicije od klijenta.<\/p>\n\n\n\n<p><\/p>\n\n\n\n<p>Osim uniformi visokog kvaliteta, najve\u0107a prednost na\u0161e usluge je sertifikovan servis i procesi odr\u017eavanja koji omogu\u0107avaju mikrobiolo\u0161ku ispravnost uniformi, \u0161to je naro\u010dito bitno kod proizvodnje hrane i u restoranima, ali i funkcionalnost uniformi \u0161to omogu\u0107ava bolju bezbednost zaposlenih gde uslovi rada to zahtevaju.<\/p>\n\n\n\n<p><\/p>\n\n\n\n<p><strong>eKapija: Ko su va\u0161i klijenti i iz kojih industrija oni dolaze?<\/strong><\/p>\n\n\n\n<p><\/p>\n\n\n\n<p>\u2013 Usluge iznajmljivanja i odr\u017eavanja radne ode\u0107e pru\u017eamo kompanijama svih industrija i veli\u010dina, a najvi\u0161e u prehrambenoj proizvodnji, HoReCa sektoru, maloprodaji, logisti\u010dkim kompanijama, ali i farmaceutskoj, metalnoj, drvnoj, gra\u0111evinskoj, auto i mnogim drugim proizvodnim industrijama. Na\u0161e uniforme i servis omogu\u0107avaju re\u0161enja svim industrijskim granama bilo da su u pitanju potrebe za\u0161tite procesa proizvodnje ili samih zaposlenih, i bez obzira na broj zaposlenih.<\/p>\n\n\n\n<p><\/p>\n\n\n\n    <div \n        id=\"cta-with-image-block_29427c3fc09b57c0d1a8755c3d24cbf1\" \n        class=\"cta-with-image\"\n    >\n        <div class=\"cta__content\" style=\"color: #ffffff; background-color: #006f86\">\n            <div class=\"content__title\">Studija: Kako kori\u0161\u0107enje radne ode\u0107e uti\u010de na bezbednost hrane    <\/div>\n            <div class=\"content__description\">Studija koju je u 11 evropskih zemalja u februaru 2025. sproveo Norstat, vodec\u0301i nezavisni evropski sakuplja\u010d podataka za istra\u017eivanje tr\u017ei\u0161ta, pokazala je da u prehrambenoj industriji postoje neki rizici po bezbednost hrane povezani sa svakodnevnom praksom kori\u0161\u0107enja, pranja i odr\u017eavanja radnih uniformi.\r\n<\/div>\n            <div class=\"content__button-links\">\n                                    <div class=\"button-link\">\n                        <a \n                            href=\"https:\/\/group.lindstromgroup.com\/studija-prehrambene-industrije\" \n                            style=\"background-color: #bd5a00; color: #FFFFFF; border: 2px solid \"\n                        >\n                            Preuzmite studiju                        <\/a>\n                    <\/div>\n                            <\/div>\n        <\/div>\n        <div class=\"cta__image\"><img decoding=\"async\" src=\"https:\/\/d2ris6qfzcz0wn.cloudfront.net\/wp-content\/uploads\/sites\/18\/2024\/04\/ART_1045-LR-683x1024.jpg\" alt=\"\" \/><\/div>\n    <\/div>\n\n\n\n<p><\/p>\n\n\n\n<p><strong>eKapija: Kako vidimo, u Lindstr\u00f6mu pola\u017eete mnogo pa\u017enje na higijenu, mogu li higijenske potrebe odr\u017eavanja uniformi biti ispunjene ku\u0107nim pranjem?<\/strong><\/p>\n\n\n\n<p><\/p>\n\n\n\n<p>\u2013 Prema anketi koju je naru\u010dilo Evropsko udru\u017eenje proizvo\u0111a\u010da tekstilne robe (ETSA), radne uniforme se ne smeju prati kod ku\u0107e.<\/p>\n\n\n\n<p><\/p>\n\n\n\n<div class=\"wp-block-media-text has-media-on-the-right is-stacked-on-mobile\" style=\"grid-template-columns:auto 34%\"><div class=\"wp-block-media-text__content\">\n<p>Praksa ku\u0107nog pranja mo\u017ee delimi\u010dno ili u potpunosti smanjiti efikasnost za\u0161titnih svojstava radnih uniformi, pa i time ugroziti bezbednost osobe koja je nosi. Pored toga, prilikom ku\u0107nog pranja ne broji se koliko puta je uniforma oprana ili koliko je pohabana od no\u0161enja, \u0161to nama sa druge strane daje zna\u010dajne informacije o tome kada se mora zameniti radna uniforma.<\/p>\n\n\n\n<p><\/p>\n\n\n\n<p>Ku\u0107no pranje ne daje garancije za adekvatnu bezbednost i higijenu zaposlenih, jer se \u010desto koriste neadekvatni deterd\u017eenti koji u kombinaciji sa drugim stvarima prilikom pranja ne garantuju dovoljnu mikrobiolo\u0161ku ispravnost. S druge strane, uniforme se br\u017ee uni\u0161te ako se peru kod ku\u0107e na klasi\u010dan na\u010din. Na\u0161i kvalitetni proizvodi i sertifikovani procesi pranja i odr\u017eavanja koji podrazumevaju kori\u0161\u0107enje profesionalnih deterd\u017eenata, konkretno \u201eEcolab\u201c sisteme, i tim ljudi zadu\u017eenih za odr\u017eavanje omogu\u0107avaju da uniforme budu funkcionalne i adekvatne u smislu bezbednosti i higijene zaposlenih i samih procesa proizvodnje.<\/p>\n<\/div><figure class=\"wp-block-media-text__media\"><img decoding=\"async\" width=\"225\" height=\"300\" src=\"https:\/\/d2ris6qfzcz0wn.cloudfront.net\/wp-content\/uploads\/sites\/18\/2024\/05\/lindstrom_2_231115-1.jpg\" alt=\"\" class=\"wp-image-17062 size-full\"\/><\/figure><\/div>\n\n\n\n<p><\/p>\n\n\n\n<p><strong>eKapija: Od kojih materijala su izra\u0111ene Lindstr\u00f6m uniforme, kako se to odra\u017eava na bezbednost zaposlenih?<\/strong><\/p>\n\n\n\n<p><\/p>\n\n\n\n<p>\u2013 Kompanije vrednuju pravu za\u0161titu, higijenu i vizuelni izgled njihovih radnih uniformi.<\/p>\n\n\n\n<p><\/p>\n\n\n\n<p>U skladu sa potreba klijenata, na\u0161e uniforme se prave od kvalitetnih i ispitanih materijala koji omogu\u0107avaju dugotrajniju za\u0161titu i bezbednost zaposlenih. Osim standardnih potreba uniformi, zadovoljavamo i potrebe radnih mesta koja zahtevaju ve\u0107u za\u0161titu i bezbednost \u2013 na primer, antistati\u010dka odela, odela za varioce ili za pozicije sa pove\u0107anim temperaturama rada, kao i za pozicije koje zahtevaju veliku vidljivost zaposlenih \u2013 sve u skladu sa EU standardima. Osim materijala, jako bitan faktor je proces odr\u017eavanja uniformi, gde na\u0161i sertifikovani procesi omogu\u0107avaju odli\u010dno odr\u017eavanje i bolju kontrolu funkcionalnosti uniformi, samim tim i bolju bezbednost zaposlenih.<\/p>\n\n\n\n<p><\/p>\n\n\n\n<p>Trajnost materijala, kvalitet rada i funkcionalnost ode\u0107e \u2013 ne zaboravljaju\u0107i na balans izme\u0111u cene i kvaliteta \u2013 su jasna vodilja Lindstr\u00f6movog poslovanja.<\/p>\n\n\n\n<p><\/p>\n\n\n\n<p><strong>eKapija: Na koji na\u010din inovativni koncept usluga koje pru\u017eate doprinosi unapre\u0111enju svakodnevnog poslovanja va\u0161ih klijenata?<\/strong><\/p>\n\n\n\n<p><\/p>\n\n\n\n<p>\u2013 Pametno, funkcionalno dizajnirana ode\u0107a je va\u017ean faktor bezbednosti i udobnosti na radu. Radna ode\u0107a \u0161alje poruku o na\u010dinu poslovanja kompanije i usluzi koju pru\u017ea svojim korisnicima. Ona ja\u010da imid\u017e kompanije, kako u o\u010dima njihovih klijenata, tako i zaposlenih.<\/p>\n\n\n\n<p><\/p>\n\n\n\n<p>Lindstr\u00f6m nudi jedinstvenu uslugu iznajmljivanja radne ode\u0107e koja je uvek dostupna na vreme za pravu osobu na pravom mestu. Kvalitetna ode\u0107a i sertifikovan servis osiguravaju zdravlje, higijenu i bezbednost ljudi i procesa i odr\u017eavaju dobar korporativni imid\u017e. Fleksibilnost usluge poma\u017ee lak\u0161e upravljanje fluktuacije zaposlenih i omogu\u0107ava bolju kontrolu tro\u0161kova, dok ne zahteva velike po\u010detne investicije od klijenata.<\/p>\n\n\n\n<p><\/p>\n\n\n\n<div class=\"wp-block-media-text is-stacked-on-mobile\" style=\"grid-template-columns:34% auto\"><figure class=\"wp-block-media-text__media\"><img decoding=\"async\" width=\"300\" height=\"225\" src=\"https:\/\/d2ris6qfzcz0wn.cloudfront.net\/wp-content\/uploads\/sites\/18\/2024\/05\/lindstrom_3_231115.jpg\" alt=\"\" class=\"wp-image-17063 size-full\"\/><\/figure><div class=\"wp-block-media-text__content\">\n<p>Na\u0161 korisni\u010dki servis omogu\u0107ava kompanijama fleksibilan, bezbri\u017ean i ekonomi\u010dan na\u010din upravljanja radnim uniformama, tako da kompanije i njihovi menad\u017eeri mogu da se fokusiraju na svoje osnovne delatnosti. Su\u0161tina je da svaka firma svoje resurse treba da fokusira na svoje osnovne delatnosti i unapre\u0111enje istih, dok segmente poslovanja kao \u0161to je upravljanje ili menad\u017ement radnih uniformi treba prepustiti stru\u010dnjacima kao \u0161to je Lindstr\u00f6m.<\/p>\n<\/div><\/div>\n\n\n\n<p><\/p>\n\n\n\n<p><strong>eKapija: U asortimanu Lindstr\u00f6m proizvoda na globalnom nivou nalaze se i za\u0161titna oprema, aparati za higijenu, tekstilna galanterija za hotele i restorane. Mo\u017eemo li uskoro o\u010dekivati ove proizvode i na srpskom tr\u017ei\u0161tu?<\/strong><\/p>\n\n\n\n<p><\/p>\n\n\n\n<p>\u2013 Na\u0161 trenutni fokus i prioritet je razvijanje servisne mre\u017ee i klijenata u domenu uniformi i staza. Mi svakako pratimo potrebe tr\u017ei\u0161ta i u skladu sa tim \u0107emo dalje razvijati na\u0161e poslovanje i \u0161iriti ponudu.<\/p>\n\n\n\n<p><\/p>\n\n\n\n<p><strong>eKapija: U decembru pro\u0161le godine preuzeli ste poslovanje lokalne servisne kompanije \u201eHWS Hygiene Solutions\u201c. Ho\u0107e li biti novih akvizicija u Srbiji?<\/strong><\/p>\n\n\n\n<p><\/p>\n\n\n\n<p>\u2013 Jedna od strategija Lindstr\u00f6ma su akvizicije, odnosno preuzimanje poslovanja i klijenata firmi koje se bave na\u0161im uslugama. U skladu sa tim, Lindstr\u00f6m stalno prati de\u0161avanja na tr\u017ei\u0161tu i reaguje ukoliko se pru\u017ei adekvatna prilika. Koristim priliku da objavim da smo od 1.12.2015. preuzeli poslovanje, odnosno uslugu servisiranja staza\/otira\u010da klijenata lokalne firme \u201eProfi Clean Management\u201c \u0161to nam omogu\u0107ava dalje \u0161irenje mre\u017ee klijenata, ali i da pru\u017eimo jo\u0161 bolji kvalitet na\u0161ih usluga, kako novim tako i postoje\u0107im klijentima.<\/p>\n\n\n\n<p><\/p>\n\n\n\n<p><strong>eKapija: Koji su poslovni planovi za 2016. godinu? Lindstr\u00f6m za sada zapo\u0161ljava 17 radnika u Srbiji, mo\u017eemo li o\u010dekivati pove\u0107anje broja zaposlenih?<\/strong><\/p>\n\n\n\n<p><\/p>\n\n\n\n<p>\u2013 Plan nam je da dalje \u0161irimo mre\u017eu klijenata \u0161irom Srbije, a u skladu sa tim planiramo da pove\u0107avamo na\u0161e servisne kapacitete i da zaposlimo nove ljude raznih profila u skladu sa potrebama razvoja poslovanja.<\/p>\n\n\n\n<p><\/p>\n\n\n\n<p><strong>Ivana Bezarevi\u0107<\/strong><\/p>\n\n\n\n<p><\/p>\n\n\n\n<p><strong>Izvor: <a href=\"https:\/\/www.ekapija.com\/people\/1294331\/circular-economy\/real-estate\/news\">eKapija<\/a><\/strong><\/p>\n\n\n\n<p><\/p>\n\n\n\n<p><\/p>\n","protected":false},"excerpt":{"rendered":"<p>Kako Lindstr\u00f6m omogu\u0107ava kompanijama da iznajmljivanjem radnih odela i uniformi osiguraju bezbednost svojih zaposlenih i svojih procesa.<\/p>\n","protected":false},"author":14,"featured_media":17064,"comment_status":"closed","ping_status":"open","sticky":false,"template":"","format":"standard","meta":{"_acf_changed":false,"inline_featured_image":false,"_eb_attr":"","site-sidebar-layout":"default","site-content-layout":"","ast-site-content-layout":"default","site-content-style":"default","site-sidebar-style":"default","ast-global-header-display":"","ast-banner-title-visibility":"","ast-main-header-display":"","ast-hfb-above-header-display":"","ast-hfb-below-header-display":"","ast-hfb-mobile-header-display":"","site-post-title":"","ast-breadcrumbs-content":"","ast-featured-img":"","footer-sml-layout":"","ast-disable-related-posts":"","theme-transparent-header-meta":"","adv-header-id-meta":"","stick-header-meta":"","header-above-stick-meta":"","header-main-stick-meta":"","header-below-stick-meta":"","astra-migrate-meta-layouts":"default","ast-page-background-enabled":"default","ast-page-background-meta":{"desktop":{"background-color":"var(--ast-global-color-4)","background-image":"","background-repeat":"repeat","background-position":"center center","background-size":"auto","background-attachment":"scroll","background-type":"","background-media":"","overlay-type":"","overlay-color":"","overlay-opacity":"","overlay-gradient":""},"tablet":{"background-color":"","background-image":"","background-repeat":"repeat","background-position":"center center","background-size":"auto","background-attachment":"scroll","background-type":"","background-media":"","overlay-type":"","overlay-color":"","overlay-opacity":"","overlay-gradient":""},"mobile":{"background-color":"","background-image":"","background-repeat":"repeat","background-position":"center center","background-size":"auto","background-attachment":"scroll","background-type":"","background-media":"","overlay-type":"","overlay-color":"","overlay-opacity":"","overlay-gradient":""}},"ast-content-background-meta":{"desktop":{"background-color":"var(--ast-global-color-5)","background-image":"","background-repeat":"repeat","background-position":"center center","background-size":"auto","background-attachment":"scroll","background-type":"","background-media":"","overlay-type":"","overlay-color":"","overlay-opacity":"","overlay-gradient":""},"tablet":{"background-color":"var(--ast-global-color-5)","background-image":"","background-repeat":"repeat","background-position":"center center","background-size":"auto","background-attachment":"scroll","background-type":"","background-media":"","overlay-type":"","overlay-color":"","overlay-opacity":"","overlay-gradient":""},"mobile":{"background-color":"var(--ast-global-color-5)","background-image":"","background-repeat":"repeat","background-position":"center center","background-size":"auto","background-attachment":"scroll","background-type":"","background-media":"","overlay-type":"","overlay-color":"","overlay-opacity":"","overlay-gradient":""}},"footnotes":""},"categories":[100],"tags":[65,35,39,58,71,67,46,33],"coauthors":[20],"class_list":["post-17058","post","type-post","status-publish","format-standard","has-post-thumbnail","hentry","category-clanci","tag-cirkularna-ekonomija","tag-farmacija","tag-horeca","tag-odrzivost","tag-prehrambena-industrija","tag-proizvodna-industrija","tag-radna-odela","tag-zdravstvo"],"acf":[],"yoast_head":"<!-- This site is optimized with the Yoast SEO plugin v27.2 - https:\/\/yoast.com\/product\/yoast-seo-wordpress\/ -->\n<title>Najam radnih odela i uniformi garantuje bezbednost ljudi i procesa - Lindstr\u00f6m Serbia<\/title>\n<meta name=\"description\" content=\"Kako Lindstr\u00f6m omogu\u0107ava kompanijama da iznajmljivanjem radnih odela i uniformi osiguraju bezbednost svojih zaposlenih i svojih procesa.\" \/>\n<meta name=\"robots\" content=\"index, follow, max-snippet:-1, max-image-preview:large, max-video-preview:-1\" \/>\n<meta property=\"og:locale\" content=\"sr_RS\" \/>\n<meta property=\"og:type\" content=\"article\" \/>\n<meta property=\"og:title\" content=\"Najam radnih odela i uniformi garantuje bezbednost ljudi i procesa - Lindstr\u00f6m Serbia\" \/>\n<meta property=\"og:description\" content=\"Kako Lindstr\u00f6m omogu\u0107ava kompanijama da iznajmljivanjem radnih odela i uniformi osiguraju bezbednost svojih zaposlenih i svojih procesa.\" \/>\n<meta property=\"og:url\" content=\"https:\/\/lindstromgroup.com\/rs\/clanci\/najam-radnih-odela-i-uniformi-garantuje-bezbednost-ljudi-i-procesa\/\" \/>\n<meta property=\"og:site_name\" content=\"Lindstr\u00f6m Serbia\" \/>\n<meta property=\"article:published_time\" content=\"2015-12-01T08:04:00+00:00\" \/>\n<meta property=\"article:modified_time\" content=\"2025-06-02T11:32:31+00:00\" \/>\n<meta property=\"og:image\" content=\"https:\/\/d2ris6qfzcz0wn.cloudfront.net\/wp-content\/uploads\/sites\/18\/2024\/05\/WWS_highvispro_2015-6421.jpg\" \/>\n\t<meta property=\"og:image:width\" content=\"2048\" \/>\n\t<meta property=\"og:image:height\" content=\"1365\" \/>\n\t<meta property=\"og:image:type\" content=\"image\/jpeg\" \/>\n<meta name=\"author\" content=\"Lindstr\u00f6m Group\" \/>\n<meta name=\"twitter:card\" content=\"summary_large_image\" \/>\n<meta name=\"twitter:label1\" content=\"\u041d\u0430\u043f\u0438\u0441\u0430\u043d\u043e \u043e\u0434\" \/>\n\t<meta name=\"twitter:data1\" content=\"Lindstr\u00f6m Group\" \/>\n\t<meta name=\"twitter:label2\" content=\"\u041f\u0440\u043e\u0446\u0435\u045a\u0435\u043d\u043e \u0432\u0440\u0435\u043c\u0435 \u0447\u0438\u0442\u0430\u045a\u0430\" \/>\n\t<meta name=\"twitter:data2\" content=\"17 \u043c\u0438\u043d\u0443\u0442\u0430\" \/>\n\t<meta name=\"twitter:label3\" content=\"Written by\" \/>\n\t<meta name=\"twitter:data3\" content=\"Lindstr\u00f6m Group\" \/>\n<script type=\"application\/ld+json\" class=\"yoast-schema-graph\">{\"@context\":\"https:\/\/schema.org\",\"@graph\":[{\"@type\":\"Article\",\"@id\":\"https:\/\/lindstromgroup.com\/rs\/clanci\/najam-radnih-odela-i-uniformi-garantuje-bezbednost-ljudi-i-procesa\/#article\",\"isPartOf\":{\"@id\":\"https:\/\/lindstromgroup.com\/rs\/clanci\/najam-radnih-odela-i-uniformi-garantuje-bezbednost-ljudi-i-procesa\/\"},\"author\":{\"name\":\"Lindstr\u00f6m Group\",\"@id\":\"https:\/\/lindstromgroup.com\/rs\/#\/schema\/person\/9111900e3f15be99cf4a104112bf0bc3\"},\"headline\":\"Najam radnih odela i uniformi garantuje bezbednost ljudi i procesa\",\"datePublished\":\"2015-12-01T08:04:00+00:00\",\"dateModified\":\"2025-06-02T11:32:31+00:00\",\"mainEntityOfPage\":{\"@id\":\"https:\/\/lindstromgroup.com\/rs\/clanci\/najam-radnih-odela-i-uniformi-garantuje-bezbednost-ljudi-i-procesa\/\"},\"wordCount\":1554,\"publisher\":{\"@id\":\"https:\/\/lindstromgroup.com\/rs\/#organization\"},\"image\":{\"@id\":\"https:\/\/lindstromgroup.com\/rs\/clanci\/najam-radnih-odela-i-uniformi-garantuje-bezbednost-ljudi-i-procesa\/#primaryimage\"},\"thumbnailUrl\":\"https:\/\/d2ris6qfzcz0wn.cloudfront.net\/wp-content\/uploads\/sites\/18\/2024\/05\/WWS_highvispro_2015-6421.jpg\",\"keywords\":[\"#cirkularna ekonomija\",\"#farmacija\",\"#HoReCa\",\"#odr\u017eivost\",\"#prehrambena industrija\",\"#proizvodna industrija\",\"#radna odela\",\"#zdravstvo\"],\"articleSection\":[\"\u010clanci\"],\"inLanguage\":\"sr-RS\"},{\"@type\":\"WebPage\",\"@id\":\"https:\/\/lindstromgroup.com\/rs\/clanci\/najam-radnih-odela-i-uniformi-garantuje-bezbednost-ljudi-i-procesa\/\",\"url\":\"https:\/\/lindstromgroup.com\/rs\/clanci\/najam-radnih-odela-i-uniformi-garantuje-bezbednost-ljudi-i-procesa\/\",\"name\":\"Najam radnih odela i uniformi garantuje bezbednost ljudi i procesa - Lindstr\u00f6m Serbia\",\"isPartOf\":{\"@id\":\"https:\/\/lindstromgroup.com\/rs\/#website\"},\"primaryImageOfPage\":{\"@id\":\"https:\/\/lindstromgroup.com\/rs\/clanci\/najam-radnih-odela-i-uniformi-garantuje-bezbednost-ljudi-i-procesa\/#primaryimage\"},\"image\":{\"@id\":\"https:\/\/lindstromgroup.com\/rs\/clanci\/najam-radnih-odela-i-uniformi-garantuje-bezbednost-ljudi-i-procesa\/#primaryimage\"},\"thumbnailUrl\":\"https:\/\/d2ris6qfzcz0wn.cloudfront.net\/wp-content\/uploads\/sites\/18\/2024\/05\/WWS_highvispro_2015-6421.jpg\",\"datePublished\":\"2015-12-01T08:04:00+00:00\",\"dateModified\":\"2025-06-02T11:32:31+00:00\",\"description\":\"Kako Lindstr\u00f6m omogu\u0107ava kompanijama da iznajmljivanjem radnih odela i uniformi osiguraju bezbednost svojih zaposlenih i svojih procesa.\",\"breadcrumb\":{\"@id\":\"https:\/\/lindstromgroup.com\/rs\/clanci\/najam-radnih-odela-i-uniformi-garantuje-bezbednost-ljudi-i-procesa\/#breadcrumb\"},\"inLanguage\":\"sr-RS\",\"potentialAction\":[{\"@type\":\"ReadAction\",\"target\":[\"https:\/\/lindstromgroup.com\/rs\/clanci\/najam-radnih-odela-i-uniformi-garantuje-bezbednost-ljudi-i-procesa\/\"]}]},{\"@type\":\"ImageObject\",\"inLanguage\":\"sr-RS\",\"@id\":\"https:\/\/lindstromgroup.com\/rs\/clanci\/najam-radnih-odela-i-uniformi-garantuje-bezbednost-ljudi-i-procesa\/#primaryimage\",\"url\":\"https:\/\/d2ris6qfzcz0wn.cloudfront.net\/wp-content\/uploads\/sites\/18\/2024\/05\/WWS_highvispro_2015-6421.jpg\",\"contentUrl\":\"https:\/\/d2ris6qfzcz0wn.cloudfront.net\/wp-content\/uploads\/sites\/18\/2024\/05\/WWS_highvispro_2015-6421.jpg\",\"width\":2048,\"height\":1365},{\"@type\":\"BreadcrumbList\",\"@id\":\"https:\/\/lindstromgroup.com\/rs\/clanci\/najam-radnih-odela-i-uniformi-garantuje-bezbednost-ljudi-i-procesa\/#breadcrumb\",\"itemListElement\":[{\"@type\":\"ListItem\",\"position\":1,\"name\":\"Home\",\"item\":\"https:\/\/lindstromgroup.com\/rs\/\"},{\"@type\":\"ListItem\",\"position\":2,\"name\":\"\u010clanci\",\"item\":\"https:\/\/lindstromgroup.com\/rs\/category\/clanci\/\"},{\"@type\":\"ListItem\",\"position\":3,\"name\":\"Najam radnih odela i uniformi garantuje bezbednost ljudi i procesa\"}]},{\"@type\":\"WebSite\",\"@id\":\"https:\/\/lindstromgroup.com\/rs\/#website\",\"url\":\"https:\/\/lindstromgroup.com\/rs\/\",\"name\":\"Lindstr\u00f6m Serbia\",\"description\":\"\",\"publisher\":{\"@id\":\"https:\/\/lindstromgroup.com\/rs\/#organization\"},\"potentialAction\":[{\"@type\":\"SearchAction\",\"target\":{\"@type\":\"EntryPoint\",\"urlTemplate\":\"https:\/\/lindstromgroup.com\/rs\/?s={search_term_string}\"},\"query-input\":{\"@type\":\"PropertyValueSpecification\",\"valueRequired\":true,\"valueName\":\"search_term_string\"}}],\"inLanguage\":\"sr-RS\"},{\"@type\":\"Organization\",\"@id\":\"https:\/\/lindstromgroup.com\/rs\/#organization\",\"name\":\"Lindstr\u00f6m Serbia\",\"url\":\"https:\/\/lindstromgroup.com\/rs\/\",\"logo\":{\"@type\":\"ImageObject\",\"inLanguage\":\"sr-RS\",\"@id\":\"https:\/\/lindstromgroup.com\/rs\/#\/schema\/logo\/image\/\",\"url\":\"https:\/\/d2ris6qfzcz0wn.cloudfront.net\/wp-content\/uploads\/sites\/12\/2023\/10\/Logo512.png\",\"contentUrl\":\"https:\/\/d2ris6qfzcz0wn.cloudfront.net\/wp-content\/uploads\/sites\/12\/2023\/10\/Logo512.png\",\"width\":512,\"height\":109,\"caption\":\"Lindstr\u00f6m Serbia\"},\"image\":{\"@id\":\"https:\/\/lindstromgroup.com\/rs\/#\/schema\/logo\/image\/\"}},{\"@type\":\"Person\",\"@id\":\"https:\/\/lindstromgroup.com\/rs\/#\/schema\/person\/9111900e3f15be99cf4a104112bf0bc3\",\"name\":\"Lindstr\u00f6m Group\",\"image\":{\"@type\":\"ImageObject\",\"inLanguage\":\"sr-RS\",\"@id\":\"https:\/\/d2ris6qfzcz0wn.cloudfront.net\/wp-content\/uploads\/sites\/12\/2024\/05\/logo_Red_V01-150x150.png4e6931f6b0730f03230376f66a842988\",\"url\":\"https:\/\/d2ris6qfzcz0wn.cloudfront.net\/wp-content\/uploads\/sites\/12\/2024\/05\/logo_Red_V01-150x150.png\",\"contentUrl\":\"https:\/\/d2ris6qfzcz0wn.cloudfront.net\/wp-content\/uploads\/sites\/12\/2024\/05\/logo_Red_V01-150x150.png\",\"caption\":\"Lindstr\u00f6m Group\"}}]}<\/script>\n<!-- \/ Yoast SEO plugin. -->","yoast_head_json":{"title":"Najam radnih odela i uniformi garantuje bezbednost ljudi i procesa - Lindstr\u00f6m Serbia","description":"Kako Lindstr\u00f6m omogu\u0107ava kompanijama da iznajmljivanjem radnih odela i uniformi osiguraju bezbednost svojih zaposlenih i svojih procesa.","robots":{"index":"index","follow":"follow","max-snippet":"max-snippet:-1","max-image-preview":"max-image-preview:large","max-video-preview":"max-video-preview:-1"},"og_locale":"sr_RS","og_type":"article","og_title":"Najam radnih odela i uniformi garantuje bezbednost ljudi i procesa - Lindstr\u00f6m Serbia","og_description":"Kako Lindstr\u00f6m omogu\u0107ava kompanijama da iznajmljivanjem radnih odela i uniformi osiguraju bezbednost svojih zaposlenih i svojih procesa.","og_url":"https:\/\/lindstromgroup.com\/rs\/clanci\/najam-radnih-odela-i-uniformi-garantuje-bezbednost-ljudi-i-procesa\/","og_site_name":"Lindstr\u00f6m Serbia","article_published_time":"2015-12-01T08:04:00+00:00","article_modified_time":"2025-06-02T11:32:31+00:00","og_image":[{"width":2048,"height":1365,"url":"https:\/\/d2ris6qfzcz0wn.cloudfront.net\/wp-content\/uploads\/sites\/18\/2024\/05\/WWS_highvispro_2015-6421.jpg","type":"image\/jpeg"}],"author":"Lindstr\u00f6m Group","twitter_card":"summary_large_image","twitter_misc":{"\u041d\u0430\u043f\u0438\u0441\u0430\u043d\u043e \u043e\u0434":"Lindstr\u00f6m Group","\u041f\u0440\u043e\u0446\u0435\u045a\u0435\u043d\u043e \u0432\u0440\u0435\u043c\u0435 \u0447\u0438\u0442\u0430\u045a\u0430":"17 \u043c\u0438\u043d\u0443\u0442\u0430","Written by":"Lindstr\u00f6m Group"},"schema":{"@context":"https:\/\/schema.org","@graph":[{"@type":"Article","@id":"https:\/\/lindstromgroup.com\/rs\/clanci\/najam-radnih-odela-i-uniformi-garantuje-bezbednost-ljudi-i-procesa\/#article","isPartOf":{"@id":"https:\/\/lindstromgroup.com\/rs\/clanci\/najam-radnih-odela-i-uniformi-garantuje-bezbednost-ljudi-i-procesa\/"},"author":{"name":"Lindstr\u00f6m Group","@id":"https:\/\/lindstromgroup.com\/rs\/#\/schema\/person\/9111900e3f15be99cf4a104112bf0bc3"},"headline":"Najam radnih odela i uniformi garantuje bezbednost ljudi i procesa","datePublished":"2015-12-01T08:04:00+00:00","dateModified":"2025-06-02T11:32:31+00:00","mainEntityOfPage":{"@id":"https:\/\/lindstromgroup.com\/rs\/clanci\/najam-radnih-odela-i-uniformi-garantuje-bezbednost-ljudi-i-procesa\/"},"wordCount":1554,"publisher":{"@id":"https:\/\/lindstromgroup.com\/rs\/#organization"},"image":{"@id":"https:\/\/lindstromgroup.com\/rs\/clanci\/najam-radnih-odela-i-uniformi-garantuje-bezbednost-ljudi-i-procesa\/#primaryimage"},"thumbnailUrl":"https:\/\/d2ris6qfzcz0wn.cloudfront.net\/wp-content\/uploads\/sites\/18\/2024\/05\/WWS_highvispro_2015-6421.jpg","keywords":["#cirkularna ekonomija","#farmacija","#HoReCa","#odr\u017eivost","#prehrambena industrija","#proizvodna industrija","#radna odela","#zdravstvo"],"articleSection":["\u010clanci"],"inLanguage":"sr-RS"},{"@type":"WebPage","@id":"https:\/\/lindstromgroup.com\/rs\/clanci\/najam-radnih-odela-i-uniformi-garantuje-bezbednost-ljudi-i-procesa\/","url":"https:\/\/lindstromgroup.com\/rs\/clanci\/najam-radnih-odela-i-uniformi-garantuje-bezbednost-ljudi-i-procesa\/","name":"Najam radnih odela i uniformi garantuje bezbednost ljudi i procesa - Lindstr\u00f6m Serbia","isPartOf":{"@id":"https:\/\/lindstromgroup.com\/rs\/#website"},"primaryImageOfPage":{"@id":"https:\/\/lindstromgroup.com\/rs\/clanci\/najam-radnih-odela-i-uniformi-garantuje-bezbednost-ljudi-i-procesa\/#primaryimage"},"image":{"@id":"https:\/\/lindstromgroup.com\/rs\/clanci\/najam-radnih-odela-i-uniformi-garantuje-bezbednost-ljudi-i-procesa\/#primaryimage"},"thumbnailUrl":"https:\/\/d2ris6qfzcz0wn.cloudfront.net\/wp-content\/uploads\/sites\/18\/2024\/05\/WWS_highvispro_2015-6421.jpg","datePublished":"2015-12-01T08:04:00+00:00","dateModified":"2025-06-02T11:32:31+00:00","description":"Kako Lindstr\u00f6m omogu\u0107ava kompanijama da iznajmljivanjem radnih odela i uniformi osiguraju bezbednost svojih zaposlenih i svojih procesa.","breadcrumb":{"@id":"https:\/\/lindstromgroup.com\/rs\/clanci\/najam-radnih-odela-i-uniformi-garantuje-bezbednost-ljudi-i-procesa\/#breadcrumb"},"inLanguage":"sr-RS","potentialAction":[{"@type":"ReadAction","target":["https:\/\/lindstromgroup.com\/rs\/clanci\/najam-radnih-odela-i-uniformi-garantuje-bezbednost-ljudi-i-procesa\/"]}]},{"@type":"ImageObject","inLanguage":"sr-RS","@id":"https:\/\/lindstromgroup.com\/rs\/clanci\/najam-radnih-odela-i-uniformi-garantuje-bezbednost-ljudi-i-procesa\/#primaryimage","url":"https:\/\/d2ris6qfzcz0wn.cloudfront.net\/wp-content\/uploads\/sites\/18\/2024\/05\/WWS_highvispro_2015-6421.jpg","contentUrl":"https:\/\/d2ris6qfzcz0wn.cloudfront.net\/wp-content\/uploads\/sites\/18\/2024\/05\/WWS_highvispro_2015-6421.jpg","width":2048,"height":1365},{"@type":"BreadcrumbList","@id":"https:\/\/lindstromgroup.com\/rs\/clanci\/najam-radnih-odela-i-uniformi-garantuje-bezbednost-ljudi-i-procesa\/#breadcrumb","itemListElement":[{"@type":"ListItem","position":1,"name":"Home","item":"https:\/\/lindstromgroup.com\/rs\/"},{"@type":"ListItem","position":2,"name":"\u010clanci","item":"https:\/\/lindstromgroup.com\/rs\/category\/clanci\/"},{"@type":"ListItem","position":3,"name":"Najam radnih odela i uniformi garantuje bezbednost ljudi i procesa"}]},{"@type":"WebSite","@id":"https:\/\/lindstromgroup.com\/rs\/#website","url":"https:\/\/lindstromgroup.com\/rs\/","name":"Lindstr\u00f6m Serbia","description":"","publisher":{"@id":"https:\/\/lindstromgroup.com\/rs\/#organization"},"potentialAction":[{"@type":"SearchAction","target":{"@type":"EntryPoint","urlTemplate":"https:\/\/lindstromgroup.com\/rs\/?s={search_term_string}"},"query-input":{"@type":"PropertyValueSpecification","valueRequired":true,"valueName":"search_term_string"}}],"inLanguage":"sr-RS"},{"@type":"Organization","@id":"https:\/\/lindstromgroup.com\/rs\/#organization","name":"Lindstr\u00f6m Serbia","url":"https:\/\/lindstromgroup.com\/rs\/","logo":{"@type":"ImageObject","inLanguage":"sr-RS","@id":"https:\/\/lindstromgroup.com\/rs\/#\/schema\/logo\/image\/","url":"https:\/\/d2ris6qfzcz0wn.cloudfront.net\/wp-content\/uploads\/sites\/12\/2023\/10\/Logo512.png","contentUrl":"https:\/\/d2ris6qfzcz0wn.cloudfront.net\/wp-content\/uploads\/sites\/12\/2023\/10\/Logo512.png","width":512,"height":109,"caption":"Lindstr\u00f6m Serbia"},"image":{"@id":"https:\/\/lindstromgroup.com\/rs\/#\/schema\/logo\/image\/"}},{"@type":"Person","@id":"https:\/\/lindstromgroup.com\/rs\/#\/schema\/person\/9111900e3f15be99cf4a104112bf0bc3","name":"Lindstr\u00f6m Group","image":{"@type":"ImageObject","inLanguage":"sr-RS","@id":"https:\/\/d2ris6qfzcz0wn.cloudfront.net\/wp-content\/uploads\/sites\/12\/2024\/05\/logo_Red_V01-150x150.png4e6931f6b0730f03230376f66a842988","url":"https:\/\/d2ris6qfzcz0wn.cloudfront.net\/wp-content\/uploads\/sites\/12\/2024\/05\/logo_Red_V01-150x150.png","contentUrl":"https:\/\/d2ris6qfzcz0wn.cloudfront.net\/wp-content\/uploads\/sites\/12\/2024\/05\/logo_Red_V01-150x150.png","caption":"Lindstr\u00f6m Group"}}]}},"publishpress_future_workflow_manual_trigger":{"enabledWorkflows":[]},"distributor_meta":false,"distributor_terms":false,"distributor_media":false,"distributor_original_site_name":"Lindstr\u00f6m Serbia","distributor_original_site_url":"https:\/\/lindstromgroup.com\/rs","push-errors":false,"_links":{"self":[{"href":"https:\/\/lindstromgroup.com\/rs\/wp-json\/wp\/v2\/posts\/17058","targetHints":{"allow":["GET"]}}],"collection":[{"href":"https:\/\/lindstromgroup.com\/rs\/wp-json\/wp\/v2\/posts"}],"about":[{"href":"https:\/\/lindstromgroup.com\/rs\/wp-json\/wp\/v2\/types\/post"}],"author":[{"embeddable":true,"href":"https:\/\/lindstromgroup.com\/rs\/wp-json\/wp\/v2\/users\/14"}],"replies":[{"embeddable":true,"href":"https:\/\/lindstromgroup.com\/rs\/wp-json\/wp\/v2\/comments?post=17058"}],"version-history":[{"count":0,"href":"https:\/\/lindstromgroup.com\/rs\/wp-json\/wp\/v2\/posts\/17058\/revisions"}],"wp:featuredmedia":[{"embeddable":true,"href":"https:\/\/lindstromgroup.com\/rs\/wp-json\/wp\/v2\/media\/17064"}],"wp:attachment":[{"href":"https:\/\/lindstromgroup.com\/rs\/wp-json\/wp\/v2\/media?parent=17058"}],"wp:term":[{"taxonomy":"category","embeddable":true,"href":"https:\/\/lindstromgroup.com\/rs\/wp-json\/wp\/v2\/categories?post=17058"},{"taxonomy":"post_tag","embeddable":true,"href":"https:\/\/lindstromgroup.com\/rs\/wp-json\/wp\/v2\/tags?post=17058"},{"taxonomy":"author","embeddable":true,"href":"https:\/\/lindstromgroup.com\/rs\/wp-json\/wp\/v2\/coauthors?post=17058"}],"curies":[{"name":"wp","href":"https:\/\/api.w.org\/{rel}","templated":true}]}}