
    {"id":19421,"date":"2024-05-23T14:11:20","date_gmt":"2024-05-23T13:11:20","guid":{"rendered":"https:\/\/lindstromgroup.com\/pl\/?p=19421"},"modified":"2024-10-16T19:37:36","modified_gmt":"2024-10-16T18:37:36","slug":"nasza-kolekcja-odziezy-roboczej-horeca-wychodzi-naprzeciw-wyzwaniom-zwiazanym-z-celami-klimatycznymi","status":"publish","type":"post","link":"https:\/\/lindstromgroup.com\/pl\/artykuly\/nasza-kolekcja-odziezy-roboczej-horeca-wychodzi-naprzeciw-wyzwaniom-zwiazanym-z-celami-klimatycznymi\/","title":{"rendered":"Nasza kolekcja odzie\u017cy roboczej HoReCa wychodzi naprzeciw wyzwaniom zwi\u0105zanym z celami klimatycznymi"},"content":{"rendered":"\n<p><a href=\"https:\/\/lindstromgroup.com\/tag\/circulareconomy\/\" target=\"_blank\" rel=\"noreferrer noopener\"><\/a><\/p>\n\n\n\n<p><strong>Kiedy we\u017amiemy pod uwag\u0119 nasze ambitne&nbsp;<a href=\"https:\/\/lindstromgroup.com\/sustainability\/net-zero\/\">cele klimatyczne<\/a>&nbsp;, 25 procent tych redukcji musi wynika\u0107 z \u015bladu tekstyli\u00f3w. Wielu czytelnik\u00f3w i klient\u00f3w mo\u017ce nie zdawa\u0107 sobie sprawy, jak ambitne s\u0105 te cele w kontek\u015bcie z\u0142o\u017conych proces\u00f3w tekstylnych. W tym artykule przeprowadzamy wywiad z&nbsp;Elin\u0105 Harjanne&nbsp;, starsz\u0105 menad\u017cerk\u0105 naszych kolekcji odzie\u017cy roboczej i Soile Pakarinen, projektantk\u0105 naszej odzie\u017cy dla HoReCa, aby dowiedzie\u0107 si\u0119, co tak naprawd\u0119 oznacza osi\u0105gni\u0119cie tych cel\u00f3w i jak bezpo\u015brednio radz\u0105 sobie z wyzwaniami.&nbsp;<\/strong><\/p>\n\n\n\n<p><strong>Droga do bardziej zr\u00f3wnowa\u017conego przemys\u0142u<\/strong><\/p>\n\n\n\n<p>Mimo \u017ce niekt\u00f3re firmy realizuj\u0105 post\u0119powy program <a href=\"https:\/\/lindstromgroup.com\/pl\/zrownowazony-rozwoj\/\">zr\u00f3wnowa\u017conego rozwoju<\/a>, przemys\u0142 tekstylny jako ca\u0142o\u015b\u0107 pozostaje w tyle. \u201eKiedy zaczyna\u0142em prac\u0119 w tej bran\u017cy, najwa\u017cniejsza by\u0142a \u201eszybka moda\u201d. Przyj\u0119t\u0105 norm\u0105 by\u0142o mo\u017cliwie najszybsze organizowanie zbi\u00f3rki po zbi\u00f3rce, przy niewielkim lub \u017cadnym zwracaniu uwagi na powstaj\u0105ce <a href=\"https:\/\/lindstromgroup.com\/pl\/artykuly\/gdzie-trafiaja-odpady-tekstylne-i-butelki-pet\/\">odpady<\/a>\u201d \u2013 wyja\u015bnia Pakarinen.&nbsp;&nbsp;<\/p>\n\n\n\n<p>Szacuje si\u0119, \u017ce na ca\u0142ym \u015bwiecie <a href=\"https:\/\/lindstromgroup.com\/pl\/artykuly\/redukcja-odpadow-tekstylnych-a-ochrona-zasobow\/\">przemys\u0142 tekstylny <\/a>jest odpowiedzialny za oko\u0142o&nbsp;<a href=\"https:\/\/www.worldbank.org\/en\/news\/feature\/2019\/09\/23\/costo-moda-medio-ambiente\">10 procent rocznej globalnej emisji gaz\u00f3w cieplarnianych<\/a>&nbsp;, a oczekuje si\u0119, \u017ce liczba ta znacznie wzro\u015bnie w nadchodz\u0105cych latach. Rosn\u0105cy zr\u00f3wnowa\u017cony rozw\u00f3j kolekcji produkowanych przez Pakarinen i Harjanne, wraz z og\u00f3ln\u0105 prac\u0105 firmy, b\u0119d\u0105 mia\u0142y wp\u0142yw na \u015blad ekologiczny naszego \u0142a\u0144cucha warto\u015bci i, miejmy nadziej\u0119, wywo\u0142aj\u0105 efekt domina w szerszej bran\u017cy.&nbsp;<\/p>\n\n\n\n<p><strong>D\u0105\u017cenie do przejrzysto\u015bci w ca\u0142ym \u0142a\u0144cuchu warto\u015bci<\/strong><\/p>\n\n\n\n<p>Jedn\u0105 z najwi\u0119kszych trudno\u015bci jest uzyskanie danych umo\u017cliwiaj\u0105cych ocen\u0119 rzeczywistych wynik\u00f3w w zakresie redukcji emisji. \u201eOd pola bawe\u0142ny po dostaw\u0119 \u2013 uzyskanie kompletnych zestaw\u00f3w danych z ca\u0142ego \u0142a\u0144cucha warto\u015bci to prawdziwe wyzwanie. Ca\u0142a bran\u017ca dopiero stosunkowo niedawno zacz\u0119\u0142a dostrzega\u0107 ten problem\u201d \u2013 podkre\u015bla Harjanne.&nbsp;<\/p>\n\n\n\n<p>Pomimo braku danych nale\u017cy zauwa\u017cy\u0107, \u017ce Harjanne i zesp\u00f3\u0142 wsp\u00f3\u0142pracowali z&nbsp;partnerami takimi jak Carrington, aby pod\u0105\u017ca\u0107 we w\u0142a\u015bciwym kierunku&nbsp;. \u201eW \u0142a\u0144cuchu produkcji <a href=\"https:\/\/lindstromgroup.com\/pl\/artykuly\/korzysci-z-zarzadzania-zapasami-w-tekstyliach\/\">tekstyli\u00f3w <\/a>uczestniczy wielu graczy, dlatego blisko wsp\u00f3\u0142pracujemy z producentami tkanin. Otwarta komunikacja jest kluczem do przejrzystych \u0142a\u0144cuch\u00f3w dostaw w przysz\u0142o\u015bci\u201d \u2013 podkre\u015bla Harjanne.<\/p>\n\n\n\n<p><strong>Kluczem do sukcesu jest zapewnienie trwa\u0142o\u015bci<\/strong><\/p>\n\n\n\n<p>S\u0142owem kluczowym jest tutaj trwa\u0142o\u015b\u0107, je\u015bli przyjrzymy si\u0119, jak zr\u00f3wnowa\u017cony rozw\u00f3j wp\u0142yn\u0105\u0142 na proces projektowania. Przyt\u0142aczaj\u0105ca wiadomo\u015b\u0107 dla klient\u00f3w firmy Harjanne i zespo\u0142u brzmi: \u201eNie rezygnuj z trwa\u0142o\u015bci!\u201d \u201eNawet je\u015bli emisje s\u0105 wy\u017csze w przypadku produktu wykorzystuj\u0105cego wi\u0119cej w\u0142\u00f3kien pierwotnych, jego d\u0142u\u017cszy cykl \u017cycia mo\u017ce oznacza\u0107, \u017ce jest on znacznie bardziej zr\u00f3wnowa\u017cony\u201d. Opr\u00f3cz emisji bierzemy pod uwag\u0119 tak\u017ce szerszy wp\u0142yw na \u015brodowisko, na przyk\u0142ad intensywne wykorzystanie grunt\u00f3w i wody do produkcji bawe\u0142ny.<\/p>\n\n\n\n<p>W procesie projektowania kolekcji <a href=\"https:\/\/lindstromgroup.com\/pl\/serwis\/odziez-robocza\/odziez-robocza-dla-gastronomii\/\">odzie\u017cy roboczej dla<\/a> <a href=\"https:\/\/lindstromgroup.com\/pl\/serwis\/odziez-robocza\/odziez-robocza-dla-gastronomii\/\">HoReCa <\/a>zr\u00f3wnowa\u017cony rozw\u00f3j by\u0142 uwzgl\u0119dniany na r\u00f3\u017cne sposoby. Po pierwsze, zesp\u00f3\u0142 ma du\u017ce do\u015bwiadczenie we wsp\u00f3\u0142tworzeniu trwa\u0142o\u015bci emocjonalnej z klientami takimi jak&nbsp;S-Group&nbsp;. To d\u0142ugoterminowe my\u015blenie wymaga nawi\u0105zania bardziej opartej na wsp\u00f3\u0142pracy relacji z klientem i jego personelem, aby pom\u00f3c im zmieni\u0107 spos\u00f3b my\u015blenia i podej\u015bcie do odzie\u017cy.&nbsp;<\/p>\n\n\n\n<blockquote class=\"wp-block-quote has-grey-25-background-color has-background is-layout-flow wp-block-quote-is-layout-flow\">\n<p>\u201eMi\u0142y i nieprzewidziany przyk\u0142ad przywi\u0105zania, jakie ludzie mog\u0105 rozwin\u0105\u0107 w stosunku do odzie\u017cy, pokazuje, jak pracownicy jednej firmy rywalizowali o najcz\u0119\u015bciej u\u017cywan\u0105 i najmilsz\u0105 odzie\u017c, gdy zwracali\u015bmy j\u0105 z prania. To nas ca\u0142kowicie zaskoczy\u0142o\u201d<\/p>\n<cite>\u015bmieje si\u0119 Pakarinen.<\/cite><\/blockquote>\n\n\n\n<figure class=\"wp-block-gallery has-nested-images columns-default is-cropped wp-block-gallery-1 is-layout-flex wp-block-gallery-is-layout-flex\">\n<figure class=\"wp-block-image size-full\"><img decoding=\"async\" width=\"1024\" height=\"538\" data-id=\"17492\" src=\"https:\/\/d2ris6qfzcz0wn.cloudfront.net\/wp-content\/uploads\/sites\/20\/2024\/04\/RTS_Lindstrom_001_Horeca_1200x630-1024x538-1.jpg\" alt=\"\" class=\"wp-image-17492\" srcset=\"https:\/\/d2ris6qfzcz0wn.cloudfront.net\/wp-content\/uploads\/sites\/20\/2024\/04\/RTS_Lindstrom_001_Horeca_1200x630-1024x538-1.jpg 1024w, https:\/\/d2ris6qfzcz0wn.cloudfront.net\/wp-content\/uploads\/sites\/20\/2024\/04\/RTS_Lindstrom_001_Horeca_1200x630-1024x538-1-300x158.jpg 300w, https:\/\/d2ris6qfzcz0wn.cloudfront.net\/wp-content\/uploads\/sites\/20\/2024\/04\/RTS_Lindstrom_001_Horeca_1200x630-1024x538-1-768x404.jpg 768w\" sizes=\"(max-width: 1024px) 100vw, 1024px\" \/><\/figure>\n\n\n\n<figure class=\"wp-block-image size-full\"><img decoding=\"async\" width=\"1024\" height=\"683\" data-id=\"19135\" src=\"https:\/\/d2ris6qfzcz0wn.cloudfront.net\/wp-content\/uploads\/sites\/20\/2024\/05\/007_Lindstrom_2016_hires_final-1024x683-1.jpg\" alt=\"\" class=\"wp-image-19135\" srcset=\"https:\/\/d2ris6qfzcz0wn.cloudfront.net\/wp-content\/uploads\/sites\/20\/2024\/05\/007_Lindstrom_2016_hires_final-1024x683-1.jpg 1024w, https:\/\/d2ris6qfzcz0wn.cloudfront.net\/wp-content\/uploads\/sites\/20\/2024\/05\/007_Lindstrom_2016_hires_final-1024x683-1-300x200.jpg 300w, https:\/\/d2ris6qfzcz0wn.cloudfront.net\/wp-content\/uploads\/sites\/20\/2024\/05\/007_Lindstrom_2016_hires_final-1024x683-1-768x512.jpg 768w\" sizes=\"(max-width: 1024px) 100vw, 1024px\" \/><\/figure>\n\n\n\n<figure class=\"wp-block-image size-large\"><img decoding=\"async\" width=\"1024\" height=\"685\" data-id=\"19119\" src=\"https:\/\/d2ris6qfzcz0wn.cloudfront.net\/wp-content\/uploads\/sites\/20\/2024\/05\/bar-768564_1920-1400x937-1-1024x685.jpg\" alt=\"\" class=\"wp-image-19119\" srcset=\"https:\/\/d2ris6qfzcz0wn.cloudfront.net\/wp-content\/uploads\/sites\/20\/2024\/05\/bar-768564_1920-1400x937-1-1024x685.jpg 1024w, https:\/\/d2ris6qfzcz0wn.cloudfront.net\/wp-content\/uploads\/sites\/20\/2024\/05\/bar-768564_1920-1400x937-1-300x201.jpg 300w, https:\/\/d2ris6qfzcz0wn.cloudfront.net\/wp-content\/uploads\/sites\/20\/2024\/05\/bar-768564_1920-1400x937-1-768x514.jpg 768w, https:\/\/d2ris6qfzcz0wn.cloudfront.net\/wp-content\/uploads\/sites\/20\/2024\/05\/bar-768564_1920-1400x937-1.jpg 1400w\" sizes=\"(max-width: 1024px) 100vw, 1024px\" \/><\/figure>\n<\/figure>\n\n\n\n<p><strong>Zaprojektowany z my\u015bl\u0105 o trwa\u0142o\u015bci&nbsp;<\/strong><\/p>\n\n\n\n<p>Podobnie jak inne kolekcje, odzie\u017c robocza dla bran\u017cy HoReCa musi by\u0107 wystarczaj\u0105co trwa\u0142a, aby wytrzyma\u0107 intensywne czyszczenie i wymagaj\u0105ce prace fizyczne, do kt\u00f3rych jest u\u017cywana. \u201eW przypadku sektor\u00f3w takich jak \u017cywno\u015b\u0107 i opieka zdrowotna wa\u017cne jest, aby nasze us\u0142ugi pralnicze by\u0142y zgodne z norm\u0105 UE<a href=\"https:\/\/lindstromgroup.com\/pl\/artykuly\/en-14065-zapewnienie-bezpieczenstwa-mikrobiologicznego-w-przetworstwie-tekstyliow\/\"> EN-14065<\/a>, aby zapewni\u0107 wymagany poziom higieny w ca\u0142ym procesie \u015bwiadczenia us\u0142ug. Oznacza to, \u017ce odzie\u017c musi by\u0107 bardziej trwa\u0142a i zr\u00f3wnowa\u017cona\u201d \u2013 wyja\u015bnia Harjanne, po czym podkre\u015bla, \u017ce \u200b\u200b\u201etrwa\u0142o\u015b\u0107 nie jest czym\u015b, z czym mo\u017cna p\u00f3j\u015b\u0107 na kompromis\u201d.&nbsp;<\/p>\n\n\n\n<p>Wymagaj\u0105cy proces prania oznacza, \u017ce \u200b\u200bw\u0142\u00f3kna maj\u0105 d\u0142u\u017cszy okres \u017cywotno\u015bci ni\u017c ich alternatywy. Nasza us\u0142uga konserwacji obejmuje napraw\u0119 odzie\u017cy, kt\u00f3ra ma wp\u0142yw na styl, poniewa\u017c odzie\u017c jest wyposa\u017cona w regulowane elementy lub wzmocniona naszywkami w miejscach nara\u017conych na du\u017ce obci\u0105\u017cenia.<\/p>\n\n\n\n<p>Jednym z przyk\u0142ad\u00f3w, kt\u00f3ry szczeg\u00f3lnie si\u0119 wyr\u00f3\u017cnia, jest <a href=\"https:\/\/lindstromgroup.com\/pl\/serwis\/odziez-robocza\/odziez-robocza-dla-gastronomii\/fartuchy-kucharskie-zapaski\/\">fartuch <\/a>minimalizuj\u0105cy odpady. Pakarinen i zesp\u00f3\u0142 projektowy znale\u017ali sposoby na optymalizacj\u0119 wykorzystania tkaniny poprzez minimalizacj\u0119 ilo\u015bci odpad\u00f3w powsta\u0142ych podczas produkcji. \u201eObliczyli\u015bmy, \u017ce \u015brednio uda\u0142o nam si\u0119 wykorzysta\u0107 92%, a w przypadku niekt\u00f3rych kawa\u0142k\u00f3w materia\u0142u a\u017c 97%\u201d \u2013 zachwyca si\u0119 Pakarinen. <a href=\"https:\/\/lindstromgroup.com\/pl\/serwis\/odziez-robocza\/odziez-robocza-dla-gastronomii\/\">Odzie\u017c HoReCa jest ustandaryzowana,<\/a> dzi\u0119ki czemu proces naprawy jest uwzgl\u0119dniony ju\u017c na etapie projektowania. Cechy, kt\u00f3re mo\u017cna \u0142atwo naprawi\u0107, charakteryzuj\u0105 nasze kolekcje, poniewa\u017c szukamy sposob\u00f3w, aby nasze ubrania s\u0142u\u017cy\u0142y d\u0142u\u017cej.&nbsp;&nbsp;<\/p>\n\n\n\n<p>Og\u00f3lnie rzecz bior\u0105c, w przemy\u015ble tekstylnym oko\u0142o 15 do 20% zakupionego materia\u0142u traci si\u0119 w procesie krojenia odzie\u017cy i trafia na sk\u0142adowiska, spalane, ponownie wykorzystywane lub poddawane recyklingowi. Mo\u017cliwo\u015bci ograniczenia marnotrawienia tkanin nale\u017cy szuka\u0107 w<a href=\"https:\/\/lindstromgroup.com\/pl\/artykuly\/jak-mozemy-poprawic-zrownowazony-rozwoj-w-przemysle-tekstylnym\/\"> procesie projektowania i rozwoju odzie\u017cy.<\/a> Ma to r\u00f3wnie\u017c istotny wp\u0142yw na generowanie przychod\u00f3w w d\u0142u\u017cszej perspektywie.<\/p>\n\n\n\n<h2 class=\"wp-block-heading\"><strong>Narz\u0119dzia dla bardziej zr\u00f3wnowa\u017conej przysz\u0142o\u015bci<\/strong><\/h2>\n\n\n\n<p>Kolekcja <a href=\"https:\/\/lindstromgroup.com\/pl\/artykuly\/w-segmencie-horeca-korzystnie-jest-miec-jednego-dostawce-na-uslugi\/\">odzie\u017cy roboczej HoReCa<\/a> to pierwsza ca\u0142a kolekcja wykorzystuj\u0105ca materia\u0142y pochodz\u0105ce z recyklingu. W szczeg\u00f3lno\u015bci jest to przyk\u0142ad recyklingu w \u201ep\u0119tli zamkni\u0119tej\u201d. \u201eOpr\u00f3cz ponownego wykorzystania wszelkiego rodzaju innych materia\u0142\u00f3w nadaj\u0105cych si\u0119 do recyklingu, na przyk\u0142ad plastikowych butelek, uda\u0142o nam si\u0119 r\u00f3wnie\u017c wykorzysta\u0107 w\u0142\u00f3kna pochodz\u0105ce z recyklingu z naszej starej odzie\u017cy jako surowiec do produkcji nowej odzie\u017cy\u201d \u2013 stwierdza Harjanne.&nbsp;<\/p>\n\n\n\n<p>W procesie zamkni\u0119tym wykorzystuje si\u0119 <a href=\"https:\/\/lindstromgroup.com\/pl\/serwis\/odziez-robocza\/odziez-robocza-dla-gastronomii\/\">odzie\u017c <\/a>wycofan\u0105 z eksploatacji, kt\u00f3ra jest najpierw oddzielana przez dzia\u0142 pralni. Po przetworzeniu ich na nowe w\u0142\u00f3kna nasi producenci tkanin przetwarzaj\u0105 je na nowy materia\u0142.&nbsp;&nbsp;<\/p>\n\n\n\n<p>Jednak\u017ce starszy mened\u017cer szybko si\u0119 kwalifikuje, poniewa\u017c trwa\u0142o\u015b\u0107 jest priorytetem; obecnie materia\u0142y o <a href=\"https:\/\/lindstromgroup.com\/pl\/artykuly\/jak-tekstylia-wielokrotnego-uzytku-sa-modelem-zrownowazonej-gospodarki-o-obiegu-zamknietym-w-usuwaniu-odpadow\/\">obiegu zamkni\u0119tym<\/a> stanowi\u0105 jedynie 10 procent u\u017cywanej gotowej tkaniny. Jednak\u017ce r\u00f3\u017cne technologie recyklingu ogromnie si\u0119 rozwijaj\u0105 i Harjanne ma nadziej\u0119, \u017ce w przysz\u0142o\u015bci b\u0119dzie mo\u017cna zastosowa\u0107 wi\u0119cej materia\u0142\u00f3w o obiegu zamkni\u0119tym.<\/p>\n\n\n\n<p>Ponadto Pakarinen jest podekscytowany potencja\u0142em, jaki technologia 3D mo\u017ce wnie\u015b\u0107 do procesu projektowania, szczeg\u00f3lnie w zakresie ograniczenia strat materia\u0142\u00f3w na etapie testowania i na hali ci\u0119cia. Oczywi\u015bcie do wykorzystania tej technologii potrzeba jeszcze troch\u0119 czasu, ale jest to kolejny przyk\u0142ad tego, jak mo\u017cemy jeszcze bardziej przesun\u0105\u0107 tarcz\u0119 w stron\u0119 bardziej<a href=\"https:\/\/lindstromgroup.com\/pl\/artykuly\/ekologia-przemyslowa-a-gospodarka-odpadami\/\"> zr\u00f3wnowa\u017conej przysz\u0142o\u015bci.&nbsp;<\/a><\/p>\n\n\n\n<div aria-hidden=\"true\" class=\"wp-block-fsb-flexible-spacer fsb-flexible-spacer\"><div class=\"fsb-flexible-spacer__device fsb-flexible-spacer__device--lg\" style=\"height:50px\"><\/div><div class=\"fsb-flexible-spacer__device fsb-flexible-spacer__device--md\" style=\"height:50px\"><\/div><div class=\"fsb-flexible-spacer__device fsb-flexible-spacer__device--sm\" style=\"height:50px\"><\/div><\/div>\n\n\n\n<p><a href=\"https:\/\/lindstromgroup.com\/tag\/circulareconomy\/\" target=\"_blank\" rel=\"noreferrer noopener\"><\/a><\/p>\n\n\n\n    <div id=\"hubspot-contact-form-block_e1c710f74bf98aa4629e6b57fca6b39b\" class=\"hubspot-contact-form\">\n                    <h3 class=\"mt-0 !mb-5 lg:!mb-10 font-bold !text-title-small\">\n                Profesjonalna odzie\u017c robocza, maty i czy\u015bciwa &#8211; dostarczone prosto do Twojej firmy.            <\/h3>\n        \n                    <p class=\"!-mt-4 lg:!-mt-8 !mb-5 lg:!mb-10 !text-body-small\">\n                Zam\u00f3w bezp\u0142atn\u0105 konsultacj\u0119 ju\u017c dzi\u015b! Wype\u0142nij formularz poni\u017cej lub zadzwo\u0144: 22 614-24-05            <\/p>\n        \n        <div class=\"form-wrapper\"><\/div>\n        <div class=\"editor-message\">\n            Please set a valid form ID.\n        <\/div>\n    <\/div>\n\n<script>\n    \/**\n     * Generate dynamic init form function name to prevent it get re-initialized if there are multiple forms in a page\n     *\/\n    function initForm_69efa5e075c4f() {\n        \/\/ retry until hubspot script is initialized\n        if (typeof hbspt !== \"undefined\") {\n            hbspt.forms.create({\n                region: \"eu1\",\n                portalId: \"2758505\",\n                formId: \"23183be9-8980-45a2-81ba-cddd25a15a46\",\n                target: `#hubspot-contact-form-block_e1c710f74bf98aa4629e6b57fca6b39b .form-wrapper`,\n                onFormReady: (arg) => {\n                    const hasFeaturedField = 0;\n                    if (!hasFeaturedField) {\n                        return\n                    }\n    \n                    \/\/ in case the featured field is not available in the form\n                    const featuredField = document.querySelector(`#hubspot-contact-form-block_e1c710f74bf98aa4629e6b57fca6b39b .none`);\n                    if (!featuredField) {\n                        return\n                    }\n    \n                    \/\/ only support checkbox field for now\n                    convertCheckboxFeaturedField(featuredField)                \n                }\n            });\n            return;\n        }\n\n        setTimeout(initForm_69efa5e075c4f, 250);\n    }\n\n    function convertCheckboxFeaturedField(featuredField) {\n        const fieldsetWrapper = featuredField.parentElement\n        \n        \/\/ add the featured field class to the wrapper fieldset element\n        \/\/ transform the featured field's UI via CSS\n        fieldsetWrapper.classList.add('featured-field')\n\n        \/\/ calculate and add enough space to display the featured field on top of the form\n        calculateFeaturedFieldSize(fieldsetWrapper)\n        window.addEventListener('resize', () => {\n            calculateFeaturedFieldSize(fieldsetWrapper)\n        })\n    }\n    \n    function calculateFeaturedFieldSize (fieldsetWrapper) {\n        fieldsetWrapper\n            .closest('.hubspot-contact-form--has-featured-field')\n            .style\n            .paddingTop = fieldsetWrapper.offsetHeight + 50 + 'px';\n    }    \n\n    initForm_69efa5e075c4f();\n<\/script>\n","protected":false},"excerpt":{"rendered":"<p>Kiedy we\u017amiemy pod uwag\u0119 nasze ambitne&nbsp;cele klimatyczne&nbsp;, 25 procent tych redukcji musi wynika\u0107 z \u015bladu tekstyli\u00f3w. Wielu czytelnik\u00f3w i klient\u00f3w mo\u017ce nie zdawa\u0107 sobie sprawy,&#8230;<\/p>\n","protected":false},"author":14,"featured_media":19422,"comment_status":"closed","ping_status":"closed","sticky":false,"template":"","format":"standard","meta":{"_acf_changed":true,"inline_featured_image":false,"_eb_attr":"","site-sidebar-layout":"default","site-content-layout":"","ast-site-content-layout":"default","site-content-style":"default","site-sidebar-style":"default","ast-global-header-display":"","ast-banner-title-visibility":"","ast-main-header-display":"","ast-hfb-above-header-display":"","ast-hfb-below-header-display":"","ast-hfb-mobile-header-display":"","site-post-title":"","ast-breadcrumbs-content":"","ast-featured-img":"","footer-sml-layout":"","ast-disable-related-posts":"","theme-transparent-header-meta":"","adv-header-id-meta":"","stick-header-meta":"","header-above-stick-meta":"","header-main-stick-meta":"","header-below-stick-meta":"","astra-migrate-meta-layouts":"default","ast-page-background-enabled":"default","ast-page-background-meta":{"desktop":{"background-color":"var(--ast-global-color-4)","background-image":"","background-repeat":"repeat","background-position":"center center","background-size":"auto","background-attachment":"scroll","background-type":"","background-media":"","overlay-type":"","overlay-color":"","overlay-opacity":"","overlay-gradient":""},"tablet":{"background-color":"","background-image":"","background-repeat":"repeat","background-position":"center center","background-size":"auto","background-attachment":"scroll","background-type":"","background-media":"","overlay-type":"","overlay-color":"","overlay-opacity":"","overlay-gradient":""},"mobile":{"background-color":"","background-image":"","background-repeat":"repeat","background-position":"center center","background-size":"auto","background-attachment":"scroll","background-type":"","background-media":"","overlay-type":"","overlay-color":"","overlay-opacity":"","overlay-gradient":""}},"ast-content-background-meta":{"desktop":{"background-color":"var(--ast-global-color-5)","background-image":"","background-repeat":"repeat","background-position":"center center","background-size":"auto","background-attachment":"scroll","background-type":"","background-media":"","overlay-type":"","overlay-color":"","overlay-opacity":"","overlay-gradient":""},"tablet":{"background-color":"var(--ast-global-color-5)","background-image":"","background-repeat":"repeat","background-position":"center center","background-size":"auto","background-attachment":"scroll","background-type":"","background-media":"","overlay-type":"","overlay-color":"","overlay-opacity":"","overlay-gradient":""},"mobile":{"background-color":"var(--ast-global-color-5)","background-image":"","background-repeat":"repeat","background-position":"center center","background-size":"auto","background-attachment":"scroll","background-type":"","background-media":"","overlay-type":"","overlay-color":"","overlay-opacity":"","overlay-gradient":""}},"footnotes":""},"categories":[14],"tags":[69,44,45,63],"coauthors":[20],"class_list":["post-19421","post","type-post","status-publish","format-standard","has-post-thumbnail","hentry","category-artykuly","tag-horeca","tag-lindstrom","tag-recykling","tag-zrownowazony-rozwoj"],"acf":[],"yoast_head":"<!-- This site is optimized with the Yoast SEO plugin v27.2 - https:\/\/yoast.com\/product\/yoast-seo-wordpress\/ -->\n<title>Nasza kolekcja odzie\u017cy roboczej HoReCa wychodzi naprzeciw wyzwaniom zwi\u0105zanym z celami klimatycznymi - Lindstr\u00f6m Poland<\/title>\n<meta name=\"description\" content=\"Odkryj nasz\u0105 kolekcj\u0119 odzie\u017cy roboczej HORECA, kt\u00f3ra odpowiada na wyzwania zwi\u0105zane z celami klimatycznymi.\" \/>\n<meta name=\"robots\" content=\"index, follow, max-snippet:-1, max-image-preview:large, max-video-preview:-1\" \/>\n<meta property=\"og:locale\" content=\"pl_PL\" \/>\n<meta property=\"og:type\" content=\"article\" \/>\n<meta property=\"og:title\" content=\"Nasza kolekcja odzie\u017cy roboczej HoReCa wychodzi naprzeciw wyzwaniom zwi\u0105zanym z celami klimatycznymi - Lindstr\u00f6m Poland\" \/>\n<meta property=\"og:description\" content=\"Odkryj nasz\u0105 kolekcj\u0119 odzie\u017cy roboczej HORECA, kt\u00f3ra odpowiada na wyzwania zwi\u0105zane z celami klimatycznymi.\" \/>\n<meta property=\"og:url\" content=\"https:\/\/lindstromgroup.com\/pl\/artykuly\/nasza-kolekcja-odziezy-roboczej-horeca-wychodzi-naprzeciw-wyzwaniom-zwiazanym-z-celami-klimatycznymi\/\" \/>\n<meta property=\"og:site_name\" content=\"Lindstr\u00f6m Poland\" \/>\n<meta property=\"article:published_time\" content=\"2024-05-23T13:11:20+00:00\" \/>\n<meta property=\"article:modified_time\" content=\"2024-10-16T18:37:36+00:00\" \/>\n<meta property=\"og:image\" content=\"https:\/\/lindstrom-sites.s3.eu-north-1.amazonaws.com\/wp-content\/uploads\/sites\/20\/2024\/05\/HoReCa_Chef1-e1699951681124.jpg\" \/>\n\t<meta property=\"og:image:width\" content=\"1500\" \/>\n\t<meta property=\"og:image:height\" content=\"835\" \/>\n\t<meta property=\"og:image:type\" content=\"image\/jpeg\" \/>\n<meta name=\"author\" content=\"Lindstr\u00f6m Group\" \/>\n<meta name=\"twitter:card\" content=\"summary_large_image\" \/>\n<meta name=\"twitter:label1\" content=\"Napisane przez\" \/>\n\t<meta name=\"twitter:data1\" content=\"Lindstr\u00f6m Group\" \/>\n\t<meta name=\"twitter:label2\" content=\"Szacowany czas czytania\" \/>\n\t<meta name=\"twitter:data2\" content=\"7 minut\" \/>\n\t<meta name=\"twitter:label3\" content=\"Written by\" \/>\n\t<meta name=\"twitter:data3\" content=\"Lindstr\u00f6m Group\" \/>\n<script type=\"application\/ld+json\" class=\"yoast-schema-graph\">{\"@context\":\"https:\/\/schema.org\",\"@graph\":[{\"@type\":\"Article\",\"@id\":\"https:\/\/lindstromgroup.com\/pl\/artykuly\/nasza-kolekcja-odziezy-roboczej-horeca-wychodzi-naprzeciw-wyzwaniom-zwiazanym-z-celami-klimatycznymi\/#article\",\"isPartOf\":{\"@id\":\"https:\/\/lindstromgroup.com\/pl\/artykuly\/nasza-kolekcja-odziezy-roboczej-horeca-wychodzi-naprzeciw-wyzwaniom-zwiazanym-z-celami-klimatycznymi\/\"},\"author\":{\"name\":\"Lindstr\u00f6m Group\",\"@id\":\"https:\/\/lindstromgroup.com\/pl\/#\/schema\/person\/9111900e3f15be99cf4a104112bf0bc3\"},\"headline\":\"Nasza kolekcja odzie\u017cy roboczej HoReCa wychodzi naprzeciw wyzwaniom zwi\u0105zanym z celami klimatycznymi\",\"datePublished\":\"2024-05-23T13:11:20+00:00\",\"dateModified\":\"2024-10-16T18:37:36+00:00\",\"mainEntityOfPage\":{\"@id\":\"https:\/\/lindstromgroup.com\/pl\/artykuly\/nasza-kolekcja-odziezy-roboczej-horeca-wychodzi-naprzeciw-wyzwaniom-zwiazanym-z-celami-klimatycznymi\/\"},\"wordCount\":1205,\"publisher\":{\"@id\":\"https:\/\/lindstromgroup.com\/pl\/#organization\"},\"image\":{\"@id\":\"https:\/\/lindstromgroup.com\/pl\/artykuly\/nasza-kolekcja-odziezy-roboczej-horeca-wychodzi-naprzeciw-wyzwaniom-zwiazanym-z-celami-klimatycznymi\/#primaryimage\"},\"thumbnailUrl\":\"https:\/\/d2ris6qfzcz0wn.cloudfront.net\/wp-content\/uploads\/sites\/20\/2024\/05\/HoReCa_Chef1-e1699951681124.jpg\",\"keywords\":[\"#horeca\",\"#lindstrom\",\"#recykling\",\"#zr\u00f3wnowa\u017cony rozw\u00f3j\"],\"articleSection\":[\"Artyku\u0142y\"],\"inLanguage\":\"pl-PL\"},{\"@type\":\"WebPage\",\"@id\":\"https:\/\/lindstromgroup.com\/pl\/artykuly\/nasza-kolekcja-odziezy-roboczej-horeca-wychodzi-naprzeciw-wyzwaniom-zwiazanym-z-celami-klimatycznymi\/\",\"url\":\"https:\/\/lindstromgroup.com\/pl\/artykuly\/nasza-kolekcja-odziezy-roboczej-horeca-wychodzi-naprzeciw-wyzwaniom-zwiazanym-z-celami-klimatycznymi\/\",\"name\":\"Nasza kolekcja odzie\u017cy roboczej HoReCa wychodzi naprzeciw wyzwaniom zwi\u0105zanym z celami klimatycznymi - Lindstr\u00f6m Poland\",\"isPartOf\":{\"@id\":\"https:\/\/lindstromgroup.com\/pl\/#website\"},\"primaryImageOfPage\":{\"@id\":\"https:\/\/lindstromgroup.com\/pl\/artykuly\/nasza-kolekcja-odziezy-roboczej-horeca-wychodzi-naprzeciw-wyzwaniom-zwiazanym-z-celami-klimatycznymi\/#primaryimage\"},\"image\":{\"@id\":\"https:\/\/lindstromgroup.com\/pl\/artykuly\/nasza-kolekcja-odziezy-roboczej-horeca-wychodzi-naprzeciw-wyzwaniom-zwiazanym-z-celami-klimatycznymi\/#primaryimage\"},\"thumbnailUrl\":\"https:\/\/d2ris6qfzcz0wn.cloudfront.net\/wp-content\/uploads\/sites\/20\/2024\/05\/HoReCa_Chef1-e1699951681124.jpg\",\"datePublished\":\"2024-05-23T13:11:20+00:00\",\"dateModified\":\"2024-10-16T18:37:36+00:00\",\"description\":\"Odkryj nasz\u0105 kolekcj\u0119 odzie\u017cy roboczej HORECA, kt\u00f3ra odpowiada na wyzwania zwi\u0105zane z celami klimatycznymi.\",\"breadcrumb\":{\"@id\":\"https:\/\/lindstromgroup.com\/pl\/artykuly\/nasza-kolekcja-odziezy-roboczej-horeca-wychodzi-naprzeciw-wyzwaniom-zwiazanym-z-celami-klimatycznymi\/#breadcrumb\"},\"inLanguage\":\"pl-PL\",\"potentialAction\":[{\"@type\":\"ReadAction\",\"target\":[\"https:\/\/lindstromgroup.com\/pl\/artykuly\/nasza-kolekcja-odziezy-roboczej-horeca-wychodzi-naprzeciw-wyzwaniom-zwiazanym-z-celami-klimatycznymi\/\"]}]},{\"@type\":\"ImageObject\",\"inLanguage\":\"pl-PL\",\"@id\":\"https:\/\/lindstromgroup.com\/pl\/artykuly\/nasza-kolekcja-odziezy-roboczej-horeca-wychodzi-naprzeciw-wyzwaniom-zwiazanym-z-celami-klimatycznymi\/#primaryimage\",\"url\":\"https:\/\/d2ris6qfzcz0wn.cloudfront.net\/wp-content\/uploads\/sites\/20\/2024\/05\/HoReCa_Chef1-e1699951681124.jpg\",\"contentUrl\":\"https:\/\/d2ris6qfzcz0wn.cloudfront.net\/wp-content\/uploads\/sites\/20\/2024\/05\/HoReCa_Chef1-e1699951681124.jpg\",\"width\":1500,\"height\":835},{\"@type\":\"BreadcrumbList\",\"@id\":\"https:\/\/lindstromgroup.com\/pl\/artykuly\/nasza-kolekcja-odziezy-roboczej-horeca-wychodzi-naprzeciw-wyzwaniom-zwiazanym-z-celami-klimatycznymi\/#breadcrumb\",\"itemListElement\":[{\"@type\":\"ListItem\",\"position\":1,\"name\":\"Lindstr\u00f6m\",\"item\":\"https:\/\/lindstromgroup.com\/pl\/\"},{\"@type\":\"ListItem\",\"position\":2,\"name\":\"Artyku\u0142y\",\"item\":\"https:\/\/lindstromgroup.com\/pl\/category\/artykuly\/\"},{\"@type\":\"ListItem\",\"position\":3,\"name\":\"Nasza kolekcja odzie\u017cy roboczej HoReCa wychodzi naprzeciw wyzwaniom zwi\u0105zanym z celami klimatycznymi\"}]},{\"@type\":\"WebSite\",\"@id\":\"https:\/\/lindstromgroup.com\/pl\/#website\",\"url\":\"https:\/\/lindstromgroup.com\/pl\/\",\"name\":\"Lindstr\u00f6m Poland\",\"description\":\"\",\"publisher\":{\"@id\":\"https:\/\/lindstromgroup.com\/pl\/#organization\"},\"potentialAction\":[{\"@type\":\"SearchAction\",\"target\":{\"@type\":\"EntryPoint\",\"urlTemplate\":\"https:\/\/lindstromgroup.com\/pl\/?s={search_term_string}\"},\"query-input\":{\"@type\":\"PropertyValueSpecification\",\"valueRequired\":true,\"valueName\":\"search_term_string\"}}],\"inLanguage\":\"pl-PL\"},{\"@type\":\"Organization\",\"@id\":\"https:\/\/lindstromgroup.com\/pl\/#organization\",\"name\":\"Lindstr\u00f6m Poland\",\"url\":\"https:\/\/lindstromgroup.com\/pl\/\",\"logo\":{\"@type\":\"ImageObject\",\"inLanguage\":\"pl-PL\",\"@id\":\"https:\/\/lindstromgroup.com\/pl\/#\/schema\/logo\/image\/\",\"url\":\"https:\/\/d2ris6qfzcz0wn.cloudfront.net\/wp-content\/uploads\/sites\/20\/2023\/10\/Logo512.png\",\"contentUrl\":\"https:\/\/d2ris6qfzcz0wn.cloudfront.net\/wp-content\/uploads\/sites\/20\/2023\/10\/Logo512.png\",\"width\":512,\"height\":109,\"caption\":\"Lindstr\u00f6m Poland\"},\"image\":{\"@id\":\"https:\/\/lindstromgroup.com\/pl\/#\/schema\/logo\/image\/\"}},{\"@type\":\"Person\",\"@id\":\"https:\/\/lindstromgroup.com\/pl\/#\/schema\/person\/9111900e3f15be99cf4a104112bf0bc3\",\"name\":\"Lindstr\u00f6m Group\",\"image\":{\"@type\":\"ImageObject\",\"inLanguage\":\"pl-PL\",\"@id\":\"https:\/\/d2ris6qfzcz0wn.cloudfront.net\/wp-content\/uploads\/sites\/20\/2024\/04\/logo_Red_V01-150x150.png896d61bec3352f6ef054d94e9b255177\",\"url\":\"https:\/\/d2ris6qfzcz0wn.cloudfront.net\/wp-content\/uploads\/sites\/20\/2024\/04\/logo_Red_V01-150x150.png\",\"contentUrl\":\"https:\/\/d2ris6qfzcz0wn.cloudfront.net\/wp-content\/uploads\/sites\/20\/2024\/04\/logo_Red_V01-150x150.png\",\"caption\":\"Lindstr\u00f6m Group\"}}]}<\/script>\n<!-- \/ Yoast SEO plugin. -->","yoast_head_json":{"title":"Nasza kolekcja odzie\u017cy roboczej HoReCa wychodzi naprzeciw wyzwaniom zwi\u0105zanym z celami klimatycznymi - Lindstr\u00f6m Poland","description":"Odkryj nasz\u0105 kolekcj\u0119 odzie\u017cy roboczej HORECA, kt\u00f3ra odpowiada na wyzwania zwi\u0105zane z celami klimatycznymi.","robots":{"index":"index","follow":"follow","max-snippet":"max-snippet:-1","max-image-preview":"max-image-preview:large","max-video-preview":"max-video-preview:-1"},"og_locale":"pl_PL","og_type":"article","og_title":"Nasza kolekcja odzie\u017cy roboczej HoReCa wychodzi naprzeciw wyzwaniom zwi\u0105zanym z celami klimatycznymi - Lindstr\u00f6m Poland","og_description":"Odkryj nasz\u0105 kolekcj\u0119 odzie\u017cy roboczej HORECA, kt\u00f3ra odpowiada na wyzwania zwi\u0105zane z celami klimatycznymi.","og_url":"https:\/\/lindstromgroup.com\/pl\/artykuly\/nasza-kolekcja-odziezy-roboczej-horeca-wychodzi-naprzeciw-wyzwaniom-zwiazanym-z-celami-klimatycznymi\/","og_site_name":"Lindstr\u00f6m Poland","article_published_time":"2024-05-23T13:11:20+00:00","article_modified_time":"2024-10-16T18:37:36+00:00","og_image":[{"width":1500,"height":835,"url":"https:\/\/lindstrom-sites.s3.eu-north-1.amazonaws.com\/wp-content\/uploads\/sites\/20\/2024\/05\/HoReCa_Chef1-e1699951681124.jpg","type":"image\/jpeg"}],"author":"Lindstr\u00f6m Group","twitter_card":"summary_large_image","twitter_misc":{"Napisane przez":"Lindstr\u00f6m Group","Szacowany czas czytania":"7 minut","Written by":"Lindstr\u00f6m Group"},"schema":{"@context":"https:\/\/schema.org","@graph":[{"@type":"Article","@id":"https:\/\/lindstromgroup.com\/pl\/artykuly\/nasza-kolekcja-odziezy-roboczej-horeca-wychodzi-naprzeciw-wyzwaniom-zwiazanym-z-celami-klimatycznymi\/#article","isPartOf":{"@id":"https:\/\/lindstromgroup.com\/pl\/artykuly\/nasza-kolekcja-odziezy-roboczej-horeca-wychodzi-naprzeciw-wyzwaniom-zwiazanym-z-celami-klimatycznymi\/"},"author":{"name":"Lindstr\u00f6m Group","@id":"https:\/\/lindstromgroup.com\/pl\/#\/schema\/person\/9111900e3f15be99cf4a104112bf0bc3"},"headline":"Nasza kolekcja odzie\u017cy roboczej HoReCa wychodzi naprzeciw wyzwaniom zwi\u0105zanym z celami klimatycznymi","datePublished":"2024-05-23T13:11:20+00:00","dateModified":"2024-10-16T18:37:36+00:00","mainEntityOfPage":{"@id":"https:\/\/lindstromgroup.com\/pl\/artykuly\/nasza-kolekcja-odziezy-roboczej-horeca-wychodzi-naprzeciw-wyzwaniom-zwiazanym-z-celami-klimatycznymi\/"},"wordCount":1205,"publisher":{"@id":"https:\/\/lindstromgroup.com\/pl\/#organization"},"image":{"@id":"https:\/\/lindstromgroup.com\/pl\/artykuly\/nasza-kolekcja-odziezy-roboczej-horeca-wychodzi-naprzeciw-wyzwaniom-zwiazanym-z-celami-klimatycznymi\/#primaryimage"},"thumbnailUrl":"https:\/\/d2ris6qfzcz0wn.cloudfront.net\/wp-content\/uploads\/sites\/20\/2024\/05\/HoReCa_Chef1-e1699951681124.jpg","keywords":["#horeca","#lindstrom","#recykling","#zr\u00f3wnowa\u017cony rozw\u00f3j"],"articleSection":["Artyku\u0142y"],"inLanguage":"pl-PL"},{"@type":"WebPage","@id":"https:\/\/lindstromgroup.com\/pl\/artykuly\/nasza-kolekcja-odziezy-roboczej-horeca-wychodzi-naprzeciw-wyzwaniom-zwiazanym-z-celami-klimatycznymi\/","url":"https:\/\/lindstromgroup.com\/pl\/artykuly\/nasza-kolekcja-odziezy-roboczej-horeca-wychodzi-naprzeciw-wyzwaniom-zwiazanym-z-celami-klimatycznymi\/","name":"Nasza kolekcja odzie\u017cy roboczej HoReCa wychodzi naprzeciw wyzwaniom zwi\u0105zanym z celami klimatycznymi - Lindstr\u00f6m Poland","isPartOf":{"@id":"https:\/\/lindstromgroup.com\/pl\/#website"},"primaryImageOfPage":{"@id":"https:\/\/lindstromgroup.com\/pl\/artykuly\/nasza-kolekcja-odziezy-roboczej-horeca-wychodzi-naprzeciw-wyzwaniom-zwiazanym-z-celami-klimatycznymi\/#primaryimage"},"image":{"@id":"https:\/\/lindstromgroup.com\/pl\/artykuly\/nasza-kolekcja-odziezy-roboczej-horeca-wychodzi-naprzeciw-wyzwaniom-zwiazanym-z-celami-klimatycznymi\/#primaryimage"},"thumbnailUrl":"https:\/\/d2ris6qfzcz0wn.cloudfront.net\/wp-content\/uploads\/sites\/20\/2024\/05\/HoReCa_Chef1-e1699951681124.jpg","datePublished":"2024-05-23T13:11:20+00:00","dateModified":"2024-10-16T18:37:36+00:00","description":"Odkryj nasz\u0105 kolekcj\u0119 odzie\u017cy roboczej HORECA, kt\u00f3ra odpowiada na wyzwania zwi\u0105zane z celami klimatycznymi.","breadcrumb":{"@id":"https:\/\/lindstromgroup.com\/pl\/artykuly\/nasza-kolekcja-odziezy-roboczej-horeca-wychodzi-naprzeciw-wyzwaniom-zwiazanym-z-celami-klimatycznymi\/#breadcrumb"},"inLanguage":"pl-PL","potentialAction":[{"@type":"ReadAction","target":["https:\/\/lindstromgroup.com\/pl\/artykuly\/nasza-kolekcja-odziezy-roboczej-horeca-wychodzi-naprzeciw-wyzwaniom-zwiazanym-z-celami-klimatycznymi\/"]}]},{"@type":"ImageObject","inLanguage":"pl-PL","@id":"https:\/\/lindstromgroup.com\/pl\/artykuly\/nasza-kolekcja-odziezy-roboczej-horeca-wychodzi-naprzeciw-wyzwaniom-zwiazanym-z-celami-klimatycznymi\/#primaryimage","url":"https:\/\/d2ris6qfzcz0wn.cloudfront.net\/wp-content\/uploads\/sites\/20\/2024\/05\/HoReCa_Chef1-e1699951681124.jpg","contentUrl":"https:\/\/d2ris6qfzcz0wn.cloudfront.net\/wp-content\/uploads\/sites\/20\/2024\/05\/HoReCa_Chef1-e1699951681124.jpg","width":1500,"height":835},{"@type":"BreadcrumbList","@id":"https:\/\/lindstromgroup.com\/pl\/artykuly\/nasza-kolekcja-odziezy-roboczej-horeca-wychodzi-naprzeciw-wyzwaniom-zwiazanym-z-celami-klimatycznymi\/#breadcrumb","itemListElement":[{"@type":"ListItem","position":1,"name":"Lindstr\u00f6m","item":"https:\/\/lindstromgroup.com\/pl\/"},{"@type":"ListItem","position":2,"name":"Artyku\u0142y","item":"https:\/\/lindstromgroup.com\/pl\/category\/artykuly\/"},{"@type":"ListItem","position":3,"name":"Nasza kolekcja odzie\u017cy roboczej HoReCa wychodzi naprzeciw wyzwaniom zwi\u0105zanym z celami klimatycznymi"}]},{"@type":"WebSite","@id":"https:\/\/lindstromgroup.com\/pl\/#website","url":"https:\/\/lindstromgroup.com\/pl\/","name":"Lindstr\u00f6m Poland","description":"","publisher":{"@id":"https:\/\/lindstromgroup.com\/pl\/#organization"},"potentialAction":[{"@type":"SearchAction","target":{"@type":"EntryPoint","urlTemplate":"https:\/\/lindstromgroup.com\/pl\/?s={search_term_string}"},"query-input":{"@type":"PropertyValueSpecification","valueRequired":true,"valueName":"search_term_string"}}],"inLanguage":"pl-PL"},{"@type":"Organization","@id":"https:\/\/lindstromgroup.com\/pl\/#organization","name":"Lindstr\u00f6m Poland","url":"https:\/\/lindstromgroup.com\/pl\/","logo":{"@type":"ImageObject","inLanguage":"pl-PL","@id":"https:\/\/lindstromgroup.com\/pl\/#\/schema\/logo\/image\/","url":"https:\/\/d2ris6qfzcz0wn.cloudfront.net\/wp-content\/uploads\/sites\/20\/2023\/10\/Logo512.png","contentUrl":"https:\/\/d2ris6qfzcz0wn.cloudfront.net\/wp-content\/uploads\/sites\/20\/2023\/10\/Logo512.png","width":512,"height":109,"caption":"Lindstr\u00f6m Poland"},"image":{"@id":"https:\/\/lindstromgroup.com\/pl\/#\/schema\/logo\/image\/"}},{"@type":"Person","@id":"https:\/\/lindstromgroup.com\/pl\/#\/schema\/person\/9111900e3f15be99cf4a104112bf0bc3","name":"Lindstr\u00f6m Group","image":{"@type":"ImageObject","inLanguage":"pl-PL","@id":"https:\/\/d2ris6qfzcz0wn.cloudfront.net\/wp-content\/uploads\/sites\/20\/2024\/04\/logo_Red_V01-150x150.png896d61bec3352f6ef054d94e9b255177","url":"https:\/\/d2ris6qfzcz0wn.cloudfront.net\/wp-content\/uploads\/sites\/20\/2024\/04\/logo_Red_V01-150x150.png","contentUrl":"https:\/\/d2ris6qfzcz0wn.cloudfront.net\/wp-content\/uploads\/sites\/20\/2024\/04\/logo_Red_V01-150x150.png","caption":"Lindstr\u00f6m Group"}}]}},"publishpress_future_workflow_manual_trigger":{"enabledWorkflows":[]},"distributor_meta":false,"distributor_terms":false,"distributor_media":false,"distributor_original_site_name":"Lindstr\u00f6m Poland","distributor_original_site_url":"https:\/\/lindstromgroup.com\/pl","push-errors":false,"_links":{"self":[{"href":"https:\/\/lindstromgroup.com\/pl\/wp-json\/wp\/v2\/posts\/19421","targetHints":{"allow":["GET"]}}],"collection":[{"href":"https:\/\/lindstromgroup.com\/pl\/wp-json\/wp\/v2\/posts"}],"about":[{"href":"https:\/\/lindstromgroup.com\/pl\/wp-json\/wp\/v2\/types\/post"}],"author":[{"embeddable":true,"href":"https:\/\/lindstromgroup.com\/pl\/wp-json\/wp\/v2\/users\/14"}],"replies":[{"embeddable":true,"href":"https:\/\/lindstromgroup.com\/pl\/wp-json\/wp\/v2\/comments?post=19421"}],"version-history":[{"count":0,"href":"https:\/\/lindstromgroup.com\/pl\/wp-json\/wp\/v2\/posts\/19421\/revisions"}],"wp:featuredmedia":[{"embeddable":true,"href":"https:\/\/lindstromgroup.com\/pl\/wp-json\/wp\/v2\/media\/19422"}],"wp:attachment":[{"href":"https:\/\/lindstromgroup.com\/pl\/wp-json\/wp\/v2\/media?parent=19421"}],"wp:term":[{"taxonomy":"category","embeddable":true,"href":"https:\/\/lindstromgroup.com\/pl\/wp-json\/wp\/v2\/categories?post=19421"},{"taxonomy":"post_tag","embeddable":true,"href":"https:\/\/lindstromgroup.com\/pl\/wp-json\/wp\/v2\/tags?post=19421"},{"taxonomy":"author","embeddable":true,"href":"https:\/\/lindstromgroup.com\/pl\/wp-json\/wp\/v2\/coauthors?post=19421"}],"curies":[{"name":"wp","href":"https:\/\/api.w.org\/{rel}","templated":true}]}}