
    {"id":19164,"date":"2024-05-10T08:31:16","date_gmt":"2024-05-10T07:31:16","guid":{"rendered":"https:\/\/lindstromgroup.com\/pl\/?p=19164"},"modified":"2025-06-02T13:19:42","modified_gmt":"2025-06-02T12:19:42","slug":"w-obliczu-przedluzajacej-sie-wojny-na-ukrainie","status":"publish","type":"post","link":"https:\/\/lindstromgroup.com\/pl\/artykuly\/w-obliczu-przedluzajacej-sie-wojny-na-ukrainie\/","title":{"rendered":"W obliczu przed\u0142u\u017caj\u0105cej si\u0119 wojny na Ukrainie"},"content":{"rendered":"\n<p><a href=\"https:\/\/lindstromgroup.com\/ee\/tag\/tooriided\/\" target=\"_blank\" rel=\"noreferrer noopener\"><\/a><\/p>\n\n\n\n<p>W wyniku inwazji Rosji i rozpocz\u0119cia wojny na Ukrainie w lutym 2022 r. <a href=\"https:\/\/lindstromgroup.com\/pl\/o-lindstrom\/\">Lindstr\u00f6m <\/a>podj\u0105\u0142 decyzj\u0119 o wycofaniu wszystkich swoich operacji z Rosji i Bia\u0142orusi. Sprzeda\u017c naszych bia\u0142oruskich oddzia\u0142\u00f3w zako\u0144czyli\u015bmy w grudniu 2022 roku. Po uzyskaniu zgody w\u0142adz rosyjskich na wyj\u015bcie i dope\u0142nieniu formalno\u015bci rejestracyjnych w kraju, w kwietniu 2023 roku uda\u0142o nam si\u0119 r\u00f3wnie\u017c sfinalizowa\u0107 sprzeda\u017c naszego rosyjskiego biznesu. Dzi\u0119ki tym transakcjom Lindstr\u00f6m zako\u0144czy\u0142a obecnie ca\u0142\u0105 nasz\u0105 dzia\u0142alno\u015b\u0107 lokaln\u0105 w tych dw\u00f3ch krajach.<\/p>\n\n\n\n<p>Dzia\u0142ania wojenne na Ukrainie trwa\u0142y przez ca\u0142y rok 2023. Opr\u00f3cz widocznego zagro\u017cenia bezpiecze\u0144stwa, komplikowa\u0142y one warunki \u017cycia ludno\u015bci kraju na wiele innych sposob\u00f3w. Na przyk\u0142ad infrastruktura kraju zosta\u0142a powa\u017cnie zniszczona. Dosz\u0142o do niedobor\u00f3w artyku\u0142\u00f3w codziennego u\u017cytku i przerw w dystrybucji energii elektrycznej. Spowodowa\u0142o to przerwy w dostawie ogrzewania i ciep\u0142ej wody.<\/p>\n\n\n\n<p>Pomimo trudno\u015bci i niewyobra\u017calnego ludzkiego stresu Ukrai\u0144cy wytrwale dbaj\u0105 o funkcjonowanie podstawowych funkcji swojego spo\u0142ecze\u0144stwa. Dzi\u0119ki temu nasze jednostki biznesowe na Ukrainie, w Dnieprze i Kijowie zdo\u0142a\u0142y przynajmniej cz\u0119\u015bciowo kontynuowa\u0107 dzia\u0142alno\u015b\u0107 przez ca\u0142y okres wojny. Ponadto korzystali\u015bmy z us\u0142ug pralni zewn\u0119trznych, aby zapewni\u0107 ci\u0105g\u0142o\u015b\u0107 \u015bwiadczenia naszych us\u0142ug. W ten spos\u00f3b mo\u017cemy pom\u00f3c w utrzymaniu infrastruktury krytycznej kraju w dzia\u0142aniu.<\/p>\n\n\n\n<h2 class=\"wp-block-heading\"><strong>Trening mentalny w skupieniu<\/strong><\/h2>\n\n\n\n<p>Ukrai\u0144ski zesp\u00f3\u0142 zarz\u0105dzaj\u0105cy, na kt\u00f3rego czele stoi dyrektor zarz\u0105dzaj\u0105ca&nbsp;Inna Novikova, wykaza\u0142 si\u0119 pomys\u0142owo\u015bci\u0105 i zaanga\u017cowaniem. Nieustannie poszukiwali r\u00f3\u017cnych opcji utrzymania i reorganizacji dzia\u0142alno\u015bci. Oczywi\u015bcie podzi\u0119kowania za tak wyj\u0105tkowe wyniki kierujemy do wszystkich ukrai\u0144skich pracownik\u00f3w. W dow\u00f3d naszej wdzi\u0119czno\u015bci i wsparcia finansowego w obliczu rosn\u0105cych koszt\u00f3w \u017cycia w kraju rozdartym wojn\u0105, w maju i pa\u017adzierniku 2023 r. zwi\u0119kszono pensje wszystkich naszych ukrai\u0144skich koleg\u00f3w.<\/p>\n\n\n\n<p>Kontynuacja obs\u0142ugi klienta i dostaw by\u0142a dla naszego ukrai\u0144skiego kierownictwa r\u00f3wnie wa\u017cna, jak priorytetem by\u0142o bezpiecze\u0144stwo i dobro naszych koleg\u00f3w w kraju. Ukrai\u0144cy musieli nauczy\u0107 si\u0119 radzi\u0107 sobie z ci\u0105g\u0142ymi zagro\u017ceniami dla bezpiecze\u0144stwa fizycznego, a przed\u0142u\u017caj\u0105ca si\u0119 wojna obci\u0105\u017ca tak\u017ce zdrowie psychiczne narodu.<\/p>\n\n\n\n<p>Aby wspiera\u0107 odporno\u015b\u0107 psychiczn\u0105 i dobre samopoczucie ludzi, zorganizowali\u015bmy szkolenia dotycz\u0105ce radzenia sobie w r\u00f3\u017cnych sytuacjach kryzysowych. W 2023 roku we wsp\u00f3\u0142pracy z ekspertem zewn\u0119trznym przeprowadzili\u015bmy warsztaty dla ca\u0142ej ukrai\u0144skiej kadry. W ten spos\u00f3b wsp\u00f3lnie rozmawiali\u015bmy o tym, jak z\u0142agodzi\u0107 traum\u0119 psychiczn\u0105 w czasie wojny. Dodatkowo przeprowadzili\u015bmy osobne szkolenia dla superwizor\u00f3w. Tematyka dotyczy\u0142a tego, jak przewodzi\u0107, motywowa\u0107 i wspiera\u0107 ludzi w nieproduktywnych stanach psychiki.<\/p>\n\n\n\n<p>Sesje coachingowe dla ca\u0142ej kadry b\u0119d\u0105 kontynuowane w styczniu i lutym 2024 roku. Podczas tych szkole\u0144 b\u0119dziemy zag\u0142\u0119bia\u0107 si\u0119 w r\u00f3\u017cne metody zapobiegania i radzenia sobie z zespo\u0142em wypalenia emocjonalnego (EBS). EBS mo\u017ce by\u0107 spowodowane d\u0142ugotrwa\u0142ym stresem. Skupimy si\u0119 r\u00f3wnie\u017c na tym, jak lepiej konfrontowa\u0107 si\u0119 i wspiera\u0107 nawzajem. Zw\u0142aszcza po\u015br\u00f3d bolesnych emocji wynikaj\u0105cych z wojny na Ukrainie, takich jak \u017cal i z\u0142o\u015b\u0107.<\/p>\n\n\n\n<h2 class=\"wp-block-heading\"><strong>Duch We Care nieprzerwanie trwa pomimo wojny na Ukrainie<\/strong><\/h2>\n\n\n\n<p>Z punktu widzenia bezpiecze\u0144stwa psychicznego kluczowy jest ci\u0105g\u0142y dialog z personelem. Na Ukrainie jednoczymy ludzi i na bie\u017c\u0105co informujemy o stanie bie\u017c\u0105cych spraw. O tym, jak dobrze radzimy sobie jako firma, informujemy r\u00f3wnie\u017c poprzez regularne Urz\u0119dy Miejskie. W ten spos\u00f3b budujemy poczucie, \u017ce ludzie s\u0105 chronieni w tym sensie, \u017ce ich miejsce pracy jest bezpieczne. Dodatkowo informuj\u0119, \u017ce firma ma solidne wyniki finansowe, a to g\u0142\u00f3wnie dzi\u0119ki ich wk\u0142adowi jako cz\u0142onk\u00f3w zespo\u0142u. W pa\u017adzierniku 2023 zorganizowali\u015bmy tak\u017ce osobne wydarzenie na \u017cywo. Tam cz\u0142onkowie&nbsp;kadry zarz\u0105dzaj\u0105cej Grupy&nbsp;om\u00f3wili i udzielili odpowiedzi na pytania zadawane przez ukrai\u0144sk\u0105 za\u0142og\u0119.<\/p>\n\n\n\n<p>Dla dobra ludzi okazjonalne przerwy od codziennego \u017cycia rozdartego wojn\u0105 s\u0105 niezwykle wa\u017cne. Latem 2023 wynaj\u0119li\u015bmy pokoje w ma\u0142ym hotelu na terenie kurortu Karpaty. Umo\u017cliwili\u015bmy ca\u0142emu naszemu ukrai\u0144skiemu personelowi przyjazd i rekonwalescencj\u0119 na tydzie\u0144 z cz\u0142onkiem rodziny na \u0142onie natury i w obszarze, gdzie naloty by\u0142y do\u015b\u0107 rzadkie. Zespo\u0142om bardzo si\u0119 to podoba\u0142o; by\u0142o wiele pozytywnych opinii i sporo zdj\u0119\u0107.<\/p>\n\n\n\n<p>Wszystkie wydzia\u0142y organizowa\u0142y tak\u017ce w\u0142asne wycieczki i zaj\u0119cia integracyjne. By\u0142y to wydarzenia takie jak pikniki, wieczory przy kr\u0119glach lub wycieczki na baseny, kt\u00f3re mia\u0142y pom\u00f3c ludziom otrz\u0105sn\u0105\u0107 si\u0119 ze stresu.<\/p>\n\n\n\n<p>Gdy rok 2023 dobiega\u0142 ko\u0144ca, sta\u0142o si\u0119 jasne, \u017ce tradycyjne \u015bwi\u0119towanie Nowego Roku w gronie za\u0142ogi z wielu powod\u00f3w nie jest mo\u017cliwe. Naloty ograniczy\u0142y du\u017ce zgromadzenia ze wzgl\u0119d\u00f3w bezpiecze\u0144stwa, a z drugiej strony ludzie nie byli w zbyt \u015bwi\u0105tecznym nastroju. Zamiast wsp\u00f3lnych uroczysto\u015bci lokalna dyrekcja postanowi\u0142a powita\u0107 pracownik\u00f3w bonami do ekskluzywnych sieci supermarket\u00f3w. W ten spos\u00f3b przyczyniamy si\u0119 do tworzenia pozytywnej atmosfery podczas uroczysto\u015bci domowych pracownik\u00f3w, w gronie ich rodzin i przyjaci\u00f3\u0142.<\/p>\n\n\n\n<div aria-hidden=\"true\" class=\"wp-block-fsb-flexible-spacer fsb-flexible-spacer\"><div class=\"fsb-flexible-spacer__device fsb-flexible-spacer__device--lg\" style=\"height:50px\"><\/div><div class=\"fsb-flexible-spacer__device fsb-flexible-spacer__device--md\" style=\"height:50px\"><\/div><div class=\"fsb-flexible-spacer__device fsb-flexible-spacer__device--sm\" style=\"height:50px\"><\/div><\/div>\n\n\n\n    <div id=\"hubspot-contact-form-block_1141d4f0eff5c339663c844484a9b43b\" class=\"hubspot-contact-form\">\n                    <h3 class=\"mt-0 !mb-5 lg:!mb-10 font-bold !text-title-small\">\n                Profesjonalna odzie\u017c robocza, maty i czy\u015bciwa &#8211; dostarczone prosto do Twojej firmy.            <\/h3>\n        \n                    <p class=\"!-mt-4 lg:!-mt-8 !mb-5 lg:!mb-10 !text-body-small\">\n                Zam\u00f3w bezp\u0142atn\u0105 konsultacj\u0119 ju\u017c dzi\u015b! Wype\u0142nij formularz poni\u017cej lub zadzwo\u0144: 22 614-24-05            <\/p>\n        \n        <div class=\"form-wrapper\"><\/div>\n        <div class=\"editor-message\">\n            Please set a valid form ID.\n        <\/div>\n    <\/div>\n\n<script>\n    \/**\n     * Generate dynamic init form function name to prevent it get re-initialized if there are multiple forms in a page\n     *\/\n    function initForm_69f426df6da65() {\n        \/\/ retry until hubspot script is initialized\n        if (typeof hbspt !== \"undefined\") {\n            hbspt.forms.create({\n                region: \"eu1\",\n                portalId: \"2758505\",\n                formId: \"c7453664-87bd-4d42-93c6-e5cbd586f5c7\",\n                target: `#hubspot-contact-form-block_1141d4f0eff5c339663c844484a9b43b .form-wrapper`,\n                onFormReady: (arg) => {\n                    const hasFeaturedField = 0;\n                    if (!hasFeaturedField) {\n                        return\n                    }\n    \n                    \/\/ in case the featured field is not available in the form\n                    const featuredField = document.querySelector(`#hubspot-contact-form-block_1141d4f0eff5c339663c844484a9b43b .none`);\n                    if (!featuredField) {\n                        return\n                    }\n    \n                    \/\/ only support checkbox field for now\n                    convertCheckboxFeaturedField(featuredField)                \n                }\n            });\n            return;\n        }\n\n        setTimeout(initForm_69f426df6da65, 250);\n    }\n\n    function convertCheckboxFeaturedField(featuredField) {\n        const fieldsetWrapper = featuredField.parentElement\n        \n        \/\/ add the featured field class to the wrapper fieldset element\n        \/\/ transform the featured field's UI via CSS\n        fieldsetWrapper.classList.add('featured-field')\n\n        \/\/ calculate and add enough space to display the featured field on top of the form\n        calculateFeaturedFieldSize(fieldsetWrapper)\n        window.addEventListener('resize', () => {\n            calculateFeaturedFieldSize(fieldsetWrapper)\n        })\n    }\n    \n    function calculateFeaturedFieldSize (fieldsetWrapper) {\n        fieldsetWrapper\n            .closest('.hubspot-contact-form--has-featured-field')\n            .style\n            .paddingTop = fieldsetWrapper.offsetHeight + 50 + 'px';\n    }    \n\n    initForm_69f426df6da65();\n<\/script>\n","protected":false},"excerpt":{"rendered":"<p>W wyniku inwazji Rosji i rozpocz\u0119cia wojny na Ukrainie w lutym 2022 r. Lindstr\u00f6m podj\u0105\u0142 decyzj\u0119 o wycofaniu wszystkich swoich operacji z Rosji i Bia\u0142orusi&#8230;.<\/p>\n","protected":false},"author":14,"featured_media":19166,"comment_status":"closed","ping_status":"closed","sticky":false,"template":"","format":"standard","meta":{"_acf_changed":true,"inline_featured_image":false,"_eb_attr":"","site-sidebar-layout":"default","site-content-layout":"default","ast-site-content-layout":"default","site-content-style":"default","site-sidebar-style":"default","ast-global-header-display":"","ast-banner-title-visibility":"","ast-main-header-display":"","ast-hfb-above-header-display":"","ast-hfb-below-header-display":"","ast-hfb-mobile-header-display":"","site-post-title":"","ast-breadcrumbs-content":"","ast-featured-img":"","footer-sml-layout":"","ast-disable-related-posts":"","theme-transparent-header-meta":"","adv-header-id-meta":"","stick-header-meta":"","header-above-stick-meta":"","header-main-stick-meta":"","header-below-stick-meta":"","astra-migrate-meta-layouts":"default","ast-page-background-enabled":"default","ast-page-background-meta":{"desktop":{"background-color":"var(--ast-global-color-4)","background-image":"","background-repeat":"repeat","background-position":"center center","background-size":"auto","background-attachment":"scroll","background-type":"","background-media":"","overlay-type":"","overlay-color":"","overlay-opacity":"","overlay-gradient":""},"tablet":{"background-color":"","background-image":"","background-repeat":"repeat","background-position":"center center","background-size":"auto","background-attachment":"scroll","background-type":"","background-media":"","overlay-type":"","overlay-color":"","overlay-opacity":"","overlay-gradient":""},"mobile":{"background-color":"","background-image":"","background-repeat":"repeat","background-position":"center center","background-size":"auto","background-attachment":"scroll","background-type":"","background-media":"","overlay-type":"","overlay-color":"","overlay-opacity":"","overlay-gradient":""}},"ast-content-background-meta":{"desktop":{"background-color":"var(--ast-global-color-5)","background-image":"","background-repeat":"repeat","background-position":"center center","background-size":"auto","background-attachment":"scroll","background-type":"","background-media":"","overlay-type":"","overlay-color":"","overlay-opacity":"","overlay-gradient":""},"tablet":{"background-color":"var(--ast-global-color-5)","background-image":"","background-repeat":"repeat","background-position":"center center","background-size":"auto","background-attachment":"scroll","background-type":"","background-media":"","overlay-type":"","overlay-color":"","overlay-opacity":"","overlay-gradient":""},"mobile":{"background-color":"var(--ast-global-color-5)","background-image":"","background-repeat":"repeat","background-position":"center center","background-size":"auto","background-attachment":"scroll","background-type":"","background-media":"","overlay-type":"","overlay-color":"","overlay-opacity":"","overlay-gradient":""}},"footnotes":""},"categories":[14],"tags":[108,44],"coauthors":[20],"class_list":["post-19164","post","type-post","status-publish","format-standard","has-post-thumbnail","hentry","category-artykuly","tag-kariera","tag-lindstrom"],"acf":[],"yoast_head":"<!-- This site is optimized with the Yoast SEO plugin v27.2 - https:\/\/yoast.com\/product\/yoast-seo-wordpress\/ -->\n<title>W obliczu przed\u0142u\u017caj\u0105cej si\u0119 wojny na Ukrainie - Lindstr\u00f6m Poland<\/title>\n<meta name=\"description\" content=\"Odkryj, jak przed\u0142u\u017caj\u0105ca si\u0119 wojna na Ukrainie wp\u0142ywa na r\u00f3\u017cne aspekty \u017cycia spo\u0142ecznego i gospodarczego.\" \/>\n<meta name=\"robots\" content=\"index, follow, max-snippet:-1, max-image-preview:large, max-video-preview:-1\" \/>\n<meta property=\"og:locale\" content=\"pl_PL\" \/>\n<meta property=\"og:type\" content=\"article\" \/>\n<meta property=\"og:title\" content=\"W obliczu przed\u0142u\u017caj\u0105cej si\u0119 wojny na Ukrainie - Lindstr\u00f6m Poland\" \/>\n<meta property=\"og:description\" content=\"Odkryj, jak przed\u0142u\u017caj\u0105ca si\u0119 wojna na Ukrainie wp\u0142ywa na r\u00f3\u017cne aspekty \u017cycia spo\u0142ecznego i gospodarczego.\" \/>\n<meta property=\"og:url\" content=\"https:\/\/lindstromgroup.com\/pl\/artykuly\/w-obliczu-przedluzajacej-sie-wojny-na-ukrainie\/\" \/>\n<meta property=\"og:site_name\" content=\"Lindstr\u00f6m Poland\" \/>\n<meta property=\"article:published_time\" content=\"2024-05-10T07:31:16+00:00\" \/>\n<meta property=\"article:modified_time\" content=\"2025-06-02T12:19:42+00:00\" \/>\n<meta property=\"og:image\" content=\"https:\/\/lindstrom-sites.s3.eu-north-1.amazonaws.com\/wp-content\/uploads\/sites\/20\/2024\/05\/pexels-heyho-6143369.jpg\" \/>\n\t<meta property=\"og:image:width\" content=\"2048\" \/>\n\t<meta property=\"og:image:height\" content=\"1367\" \/>\n\t<meta property=\"og:image:type\" content=\"image\/jpeg\" \/>\n<meta name=\"author\" content=\"Lindstr\u00f6m Group\" \/>\n<meta name=\"twitter:card\" content=\"summary_large_image\" \/>\n<meta name=\"twitter:label1\" content=\"Napisane przez\" \/>\n\t<meta name=\"twitter:data1\" content=\"Lindstr\u00f6m Group\" \/>\n\t<meta name=\"twitter:label2\" content=\"Szacowany czas czytania\" \/>\n\t<meta name=\"twitter:data2\" content=\"5 minut\" \/>\n\t<meta name=\"twitter:label3\" content=\"Written by\" \/>\n\t<meta name=\"twitter:data3\" content=\"Lindstr\u00f6m Group\" \/>\n<script type=\"application\/ld+json\" class=\"yoast-schema-graph\">{\"@context\":\"https:\/\/schema.org\",\"@graph\":[{\"@type\":\"Article\",\"@id\":\"https:\/\/lindstromgroup.com\/pl\/artykuly\/w-obliczu-przedluzajacej-sie-wojny-na-ukrainie\/#article\",\"isPartOf\":{\"@id\":\"https:\/\/lindstromgroup.com\/pl\/artykuly\/w-obliczu-przedluzajacej-sie-wojny-na-ukrainie\/\"},\"author\":{\"name\":\"Lindstr\u00f6m Group\",\"@id\":\"https:\/\/lindstromgroup.com\/pl\/#\/schema\/person\/9111900e3f15be99cf4a104112bf0bc3\"},\"headline\":\"W obliczu przed\u0142u\u017caj\u0105cej si\u0119 wojny na Ukrainie\",\"datePublished\":\"2024-05-10T07:31:16+00:00\",\"dateModified\":\"2025-06-02T12:19:42+00:00\",\"mainEntityOfPage\":{\"@id\":\"https:\/\/lindstromgroup.com\/pl\/artykuly\/w-obliczu-przedluzajacej-sie-wojny-na-ukrainie\/\"},\"wordCount\":890,\"publisher\":{\"@id\":\"https:\/\/lindstromgroup.com\/pl\/#organization\"},\"image\":{\"@id\":\"https:\/\/lindstromgroup.com\/pl\/artykuly\/w-obliczu-przedluzajacej-sie-wojny-na-ukrainie\/#primaryimage\"},\"thumbnailUrl\":\"https:\/\/d2ris6qfzcz0wn.cloudfront.net\/wp-content\/uploads\/sites\/20\/2024\/05\/pexels-heyho-6143369.jpg\",\"keywords\":[\"#kariera\",\"#lindstrom\"],\"articleSection\":[\"Artyku\u0142y\"],\"inLanguage\":\"pl-PL\"},{\"@type\":\"WebPage\",\"@id\":\"https:\/\/lindstromgroup.com\/pl\/artykuly\/w-obliczu-przedluzajacej-sie-wojny-na-ukrainie\/\",\"url\":\"https:\/\/lindstromgroup.com\/pl\/artykuly\/w-obliczu-przedluzajacej-sie-wojny-na-ukrainie\/\",\"name\":\"W obliczu przed\u0142u\u017caj\u0105cej si\u0119 wojny na Ukrainie - Lindstr\u00f6m Poland\",\"isPartOf\":{\"@id\":\"https:\/\/lindstromgroup.com\/pl\/#website\"},\"primaryImageOfPage\":{\"@id\":\"https:\/\/lindstromgroup.com\/pl\/artykuly\/w-obliczu-przedluzajacej-sie-wojny-na-ukrainie\/#primaryimage\"},\"image\":{\"@id\":\"https:\/\/lindstromgroup.com\/pl\/artykuly\/w-obliczu-przedluzajacej-sie-wojny-na-ukrainie\/#primaryimage\"},\"thumbnailUrl\":\"https:\/\/d2ris6qfzcz0wn.cloudfront.net\/wp-content\/uploads\/sites\/20\/2024\/05\/pexels-heyho-6143369.jpg\",\"datePublished\":\"2024-05-10T07:31:16+00:00\",\"dateModified\":\"2025-06-02T12:19:42+00:00\",\"description\":\"Odkryj, jak przed\u0142u\u017caj\u0105ca si\u0119 wojna na Ukrainie wp\u0142ywa na r\u00f3\u017cne aspekty \u017cycia spo\u0142ecznego i gospodarczego.\",\"breadcrumb\":{\"@id\":\"https:\/\/lindstromgroup.com\/pl\/artykuly\/w-obliczu-przedluzajacej-sie-wojny-na-ukrainie\/#breadcrumb\"},\"inLanguage\":\"pl-PL\",\"potentialAction\":[{\"@type\":\"ReadAction\",\"target\":[\"https:\/\/lindstromgroup.com\/pl\/artykuly\/w-obliczu-przedluzajacej-sie-wojny-na-ukrainie\/\"]}]},{\"@type\":\"ImageObject\",\"inLanguage\":\"pl-PL\",\"@id\":\"https:\/\/lindstromgroup.com\/pl\/artykuly\/w-obliczu-przedluzajacej-sie-wojny-na-ukrainie\/#primaryimage\",\"url\":\"https:\/\/d2ris6qfzcz0wn.cloudfront.net\/wp-content\/uploads\/sites\/20\/2024\/05\/pexels-heyho-6143369.jpg\",\"contentUrl\":\"https:\/\/d2ris6qfzcz0wn.cloudfront.net\/wp-content\/uploads\/sites\/20\/2024\/05\/pexels-heyho-6143369.jpg\",\"width\":2048,\"height\":1367},{\"@type\":\"BreadcrumbList\",\"@id\":\"https:\/\/lindstromgroup.com\/pl\/artykuly\/w-obliczu-przedluzajacej-sie-wojny-na-ukrainie\/#breadcrumb\",\"itemListElement\":[{\"@type\":\"ListItem\",\"position\":1,\"name\":\"Lindstr\u00f6m\",\"item\":\"https:\/\/lindstromgroup.com\/pl\/\"},{\"@type\":\"ListItem\",\"position\":2,\"name\":\"Artyku\u0142y\",\"item\":\"https:\/\/lindstromgroup.com\/pl\/category\/artykuly\/\"},{\"@type\":\"ListItem\",\"position\":3,\"name\":\"W obliczu przed\u0142u\u017caj\u0105cej si\u0119 wojny na Ukrainie\"}]},{\"@type\":\"WebSite\",\"@id\":\"https:\/\/lindstromgroup.com\/pl\/#website\",\"url\":\"https:\/\/lindstromgroup.com\/pl\/\",\"name\":\"Lindstr\u00f6m Poland\",\"description\":\"\",\"publisher\":{\"@id\":\"https:\/\/lindstromgroup.com\/pl\/#organization\"},\"potentialAction\":[{\"@type\":\"SearchAction\",\"target\":{\"@type\":\"EntryPoint\",\"urlTemplate\":\"https:\/\/lindstromgroup.com\/pl\/?s={search_term_string}\"},\"query-input\":{\"@type\":\"PropertyValueSpecification\",\"valueRequired\":true,\"valueName\":\"search_term_string\"}}],\"inLanguage\":\"pl-PL\"},{\"@type\":\"Organization\",\"@id\":\"https:\/\/lindstromgroup.com\/pl\/#organization\",\"name\":\"Lindstr\u00f6m Poland\",\"url\":\"https:\/\/lindstromgroup.com\/pl\/\",\"logo\":{\"@type\":\"ImageObject\",\"inLanguage\":\"pl-PL\",\"@id\":\"https:\/\/lindstromgroup.com\/pl\/#\/schema\/logo\/image\/\",\"url\":\"https:\/\/d2ris6qfzcz0wn.cloudfront.net\/wp-content\/uploads\/sites\/20\/2023\/10\/Logo512.png\",\"contentUrl\":\"https:\/\/d2ris6qfzcz0wn.cloudfront.net\/wp-content\/uploads\/sites\/20\/2023\/10\/Logo512.png\",\"width\":512,\"height\":109,\"caption\":\"Lindstr\u00f6m Poland\"},\"image\":{\"@id\":\"https:\/\/lindstromgroup.com\/pl\/#\/schema\/logo\/image\/\"}},{\"@type\":\"Person\",\"@id\":\"https:\/\/lindstromgroup.com\/pl\/#\/schema\/person\/9111900e3f15be99cf4a104112bf0bc3\",\"name\":\"Lindstr\u00f6m Group\",\"image\":{\"@type\":\"ImageObject\",\"inLanguage\":\"pl-PL\",\"@id\":\"https:\/\/d2ris6qfzcz0wn.cloudfront.net\/wp-content\/uploads\/sites\/20\/2024\/04\/logo_Red_V01-150x150.png896d61bec3352f6ef054d94e9b255177\",\"url\":\"https:\/\/d2ris6qfzcz0wn.cloudfront.net\/wp-content\/uploads\/sites\/20\/2024\/04\/logo_Red_V01-150x150.png\",\"contentUrl\":\"https:\/\/d2ris6qfzcz0wn.cloudfront.net\/wp-content\/uploads\/sites\/20\/2024\/04\/logo_Red_V01-150x150.png\",\"caption\":\"Lindstr\u00f6m Group\"}}]}<\/script>\n<!-- \/ Yoast SEO plugin. -->","yoast_head_json":{"title":"W obliczu przed\u0142u\u017caj\u0105cej si\u0119 wojny na Ukrainie - Lindstr\u00f6m Poland","description":"Odkryj, jak przed\u0142u\u017caj\u0105ca si\u0119 wojna na Ukrainie wp\u0142ywa na r\u00f3\u017cne aspekty \u017cycia spo\u0142ecznego i gospodarczego.","robots":{"index":"index","follow":"follow","max-snippet":"max-snippet:-1","max-image-preview":"max-image-preview:large","max-video-preview":"max-video-preview:-1"},"og_locale":"pl_PL","og_type":"article","og_title":"W obliczu przed\u0142u\u017caj\u0105cej si\u0119 wojny na Ukrainie - Lindstr\u00f6m Poland","og_description":"Odkryj, jak przed\u0142u\u017caj\u0105ca si\u0119 wojna na Ukrainie wp\u0142ywa na r\u00f3\u017cne aspekty \u017cycia spo\u0142ecznego i gospodarczego.","og_url":"https:\/\/lindstromgroup.com\/pl\/artykuly\/w-obliczu-przedluzajacej-sie-wojny-na-ukrainie\/","og_site_name":"Lindstr\u00f6m Poland","article_published_time":"2024-05-10T07:31:16+00:00","article_modified_time":"2025-06-02T12:19:42+00:00","og_image":[{"width":2048,"height":1367,"url":"https:\/\/lindstrom-sites.s3.eu-north-1.amazonaws.com\/wp-content\/uploads\/sites\/20\/2024\/05\/pexels-heyho-6143369.jpg","type":"image\/jpeg"}],"author":"Lindstr\u00f6m Group","twitter_card":"summary_large_image","twitter_misc":{"Napisane przez":"Lindstr\u00f6m Group","Szacowany czas czytania":"5 minut","Written by":"Lindstr\u00f6m Group"},"schema":{"@context":"https:\/\/schema.org","@graph":[{"@type":"Article","@id":"https:\/\/lindstromgroup.com\/pl\/artykuly\/w-obliczu-przedluzajacej-sie-wojny-na-ukrainie\/#article","isPartOf":{"@id":"https:\/\/lindstromgroup.com\/pl\/artykuly\/w-obliczu-przedluzajacej-sie-wojny-na-ukrainie\/"},"author":{"name":"Lindstr\u00f6m Group","@id":"https:\/\/lindstromgroup.com\/pl\/#\/schema\/person\/9111900e3f15be99cf4a104112bf0bc3"},"headline":"W obliczu przed\u0142u\u017caj\u0105cej si\u0119 wojny na Ukrainie","datePublished":"2024-05-10T07:31:16+00:00","dateModified":"2025-06-02T12:19:42+00:00","mainEntityOfPage":{"@id":"https:\/\/lindstromgroup.com\/pl\/artykuly\/w-obliczu-przedluzajacej-sie-wojny-na-ukrainie\/"},"wordCount":890,"publisher":{"@id":"https:\/\/lindstromgroup.com\/pl\/#organization"},"image":{"@id":"https:\/\/lindstromgroup.com\/pl\/artykuly\/w-obliczu-przedluzajacej-sie-wojny-na-ukrainie\/#primaryimage"},"thumbnailUrl":"https:\/\/d2ris6qfzcz0wn.cloudfront.net\/wp-content\/uploads\/sites\/20\/2024\/05\/pexels-heyho-6143369.jpg","keywords":["#kariera","#lindstrom"],"articleSection":["Artyku\u0142y"],"inLanguage":"pl-PL"},{"@type":"WebPage","@id":"https:\/\/lindstromgroup.com\/pl\/artykuly\/w-obliczu-przedluzajacej-sie-wojny-na-ukrainie\/","url":"https:\/\/lindstromgroup.com\/pl\/artykuly\/w-obliczu-przedluzajacej-sie-wojny-na-ukrainie\/","name":"W obliczu przed\u0142u\u017caj\u0105cej si\u0119 wojny na Ukrainie - Lindstr\u00f6m Poland","isPartOf":{"@id":"https:\/\/lindstromgroup.com\/pl\/#website"},"primaryImageOfPage":{"@id":"https:\/\/lindstromgroup.com\/pl\/artykuly\/w-obliczu-przedluzajacej-sie-wojny-na-ukrainie\/#primaryimage"},"image":{"@id":"https:\/\/lindstromgroup.com\/pl\/artykuly\/w-obliczu-przedluzajacej-sie-wojny-na-ukrainie\/#primaryimage"},"thumbnailUrl":"https:\/\/d2ris6qfzcz0wn.cloudfront.net\/wp-content\/uploads\/sites\/20\/2024\/05\/pexels-heyho-6143369.jpg","datePublished":"2024-05-10T07:31:16+00:00","dateModified":"2025-06-02T12:19:42+00:00","description":"Odkryj, jak przed\u0142u\u017caj\u0105ca si\u0119 wojna na Ukrainie wp\u0142ywa na r\u00f3\u017cne aspekty \u017cycia spo\u0142ecznego i gospodarczego.","breadcrumb":{"@id":"https:\/\/lindstromgroup.com\/pl\/artykuly\/w-obliczu-przedluzajacej-sie-wojny-na-ukrainie\/#breadcrumb"},"inLanguage":"pl-PL","potentialAction":[{"@type":"ReadAction","target":["https:\/\/lindstromgroup.com\/pl\/artykuly\/w-obliczu-przedluzajacej-sie-wojny-na-ukrainie\/"]}]},{"@type":"ImageObject","inLanguage":"pl-PL","@id":"https:\/\/lindstromgroup.com\/pl\/artykuly\/w-obliczu-przedluzajacej-sie-wojny-na-ukrainie\/#primaryimage","url":"https:\/\/d2ris6qfzcz0wn.cloudfront.net\/wp-content\/uploads\/sites\/20\/2024\/05\/pexels-heyho-6143369.jpg","contentUrl":"https:\/\/d2ris6qfzcz0wn.cloudfront.net\/wp-content\/uploads\/sites\/20\/2024\/05\/pexels-heyho-6143369.jpg","width":2048,"height":1367},{"@type":"BreadcrumbList","@id":"https:\/\/lindstromgroup.com\/pl\/artykuly\/w-obliczu-przedluzajacej-sie-wojny-na-ukrainie\/#breadcrumb","itemListElement":[{"@type":"ListItem","position":1,"name":"Lindstr\u00f6m","item":"https:\/\/lindstromgroup.com\/pl\/"},{"@type":"ListItem","position":2,"name":"Artyku\u0142y","item":"https:\/\/lindstromgroup.com\/pl\/category\/artykuly\/"},{"@type":"ListItem","position":3,"name":"W obliczu przed\u0142u\u017caj\u0105cej si\u0119 wojny na Ukrainie"}]},{"@type":"WebSite","@id":"https:\/\/lindstromgroup.com\/pl\/#website","url":"https:\/\/lindstromgroup.com\/pl\/","name":"Lindstr\u00f6m Poland","description":"","publisher":{"@id":"https:\/\/lindstromgroup.com\/pl\/#organization"},"potentialAction":[{"@type":"SearchAction","target":{"@type":"EntryPoint","urlTemplate":"https:\/\/lindstromgroup.com\/pl\/?s={search_term_string}"},"query-input":{"@type":"PropertyValueSpecification","valueRequired":true,"valueName":"search_term_string"}}],"inLanguage":"pl-PL"},{"@type":"Organization","@id":"https:\/\/lindstromgroup.com\/pl\/#organization","name":"Lindstr\u00f6m Poland","url":"https:\/\/lindstromgroup.com\/pl\/","logo":{"@type":"ImageObject","inLanguage":"pl-PL","@id":"https:\/\/lindstromgroup.com\/pl\/#\/schema\/logo\/image\/","url":"https:\/\/d2ris6qfzcz0wn.cloudfront.net\/wp-content\/uploads\/sites\/20\/2023\/10\/Logo512.png","contentUrl":"https:\/\/d2ris6qfzcz0wn.cloudfront.net\/wp-content\/uploads\/sites\/20\/2023\/10\/Logo512.png","width":512,"height":109,"caption":"Lindstr\u00f6m Poland"},"image":{"@id":"https:\/\/lindstromgroup.com\/pl\/#\/schema\/logo\/image\/"}},{"@type":"Person","@id":"https:\/\/lindstromgroup.com\/pl\/#\/schema\/person\/9111900e3f15be99cf4a104112bf0bc3","name":"Lindstr\u00f6m Group","image":{"@type":"ImageObject","inLanguage":"pl-PL","@id":"https:\/\/d2ris6qfzcz0wn.cloudfront.net\/wp-content\/uploads\/sites\/20\/2024\/04\/logo_Red_V01-150x150.png896d61bec3352f6ef054d94e9b255177","url":"https:\/\/d2ris6qfzcz0wn.cloudfront.net\/wp-content\/uploads\/sites\/20\/2024\/04\/logo_Red_V01-150x150.png","contentUrl":"https:\/\/d2ris6qfzcz0wn.cloudfront.net\/wp-content\/uploads\/sites\/20\/2024\/04\/logo_Red_V01-150x150.png","caption":"Lindstr\u00f6m Group"}}]}},"publishpress_future_workflow_manual_trigger":{"enabledWorkflows":[]},"distributor_meta":false,"distributor_terms":false,"distributor_media":false,"distributor_original_site_name":"Lindstr\u00f6m Poland","distributor_original_site_url":"https:\/\/lindstromgroup.com\/pl","push-errors":false,"_links":{"self":[{"href":"https:\/\/lindstromgroup.com\/pl\/wp-json\/wp\/v2\/posts\/19164","targetHints":{"allow":["GET"]}}],"collection":[{"href":"https:\/\/lindstromgroup.com\/pl\/wp-json\/wp\/v2\/posts"}],"about":[{"href":"https:\/\/lindstromgroup.com\/pl\/wp-json\/wp\/v2\/types\/post"}],"author":[{"embeddable":true,"href":"https:\/\/lindstromgroup.com\/pl\/wp-json\/wp\/v2\/users\/14"}],"replies":[{"embeddable":true,"href":"https:\/\/lindstromgroup.com\/pl\/wp-json\/wp\/v2\/comments?post=19164"}],"version-history":[{"count":0,"href":"https:\/\/lindstromgroup.com\/pl\/wp-json\/wp\/v2\/posts\/19164\/revisions"}],"wp:featuredmedia":[{"embeddable":true,"href":"https:\/\/lindstromgroup.com\/pl\/wp-json\/wp\/v2\/media\/19166"}],"wp:attachment":[{"href":"https:\/\/lindstromgroup.com\/pl\/wp-json\/wp\/v2\/media?parent=19164"}],"wp:term":[{"taxonomy":"category","embeddable":true,"href":"https:\/\/lindstromgroup.com\/pl\/wp-json\/wp\/v2\/categories?post=19164"},{"taxonomy":"post_tag","embeddable":true,"href":"https:\/\/lindstromgroup.com\/pl\/wp-json\/wp\/v2\/tags?post=19164"},{"taxonomy":"author","embeddable":true,"href":"https:\/\/lindstromgroup.com\/pl\/wp-json\/wp\/v2\/coauthors?post=19164"}],"curies":[{"name":"wp","href":"https:\/\/api.w.org\/{rel}","templated":true}]}}