
    {"id":17144,"date":"2024-03-29T14:51:22","date_gmt":"2024-03-29T13:51:22","guid":{"rendered":"https:\/\/lindstromgroup.com\/pl\/?p=17144"},"modified":"2025-03-26T09:03:26","modified_gmt":"2025-03-26T08:03:26","slug":"przygotuj-sie-na-europejski-tydzien-bezpieczenstwa","status":"publish","type":"post","link":"https:\/\/lindstromgroup.com\/pl\/artykuly\/przygotuj-sie-na-europejski-tydzien-bezpieczenstwa\/","title":{"rendered":"Przygotuj si\u0119 na Europejski Tydzie\u0144 Bezpiecze\u0144stwa i rozpocz\u0119cie kampanii \u201eZdrowe miejsce pracy\u201d."},"content":{"rendered":"\n<p><strong>Bezpiecze\u0144stwo i ochrona zdrowia w pracy to jeden z obszar\u00f3w stale monitorowanych w Unii Europejskiej, kt\u00f3ra co roku za po\u015brednictwem swojej agencji w Bilbao organizuje w krajach cz\u0142onkowskich tzw. Europejski Tydzie\u0144 Bezpiecze\u0144stwa i Ochrony Zdrowia.<\/strong><\/p>\n\n\n\n<p>Wydarzenie organizowane jest przez agencj\u0119 EU-OSHA i jej partner\u00f3w i odbywa si\u0119 co roku pod koniec pa\u017adziernika (dok\u0142adnie w 43. tygodniu kalendarzowym). W jego trakcie odbywaj\u0105 si\u0119 setki wydarze\u0144 edukacyjnych na terenie ca\u0142ej UE i innych kraj\u00f3w. <strong>Tydzie\u0144 Bezpiecze\u0144stwa cieszy si\u0119 du\u017cym zainteresowaniem medi\u00f3w, co czyni go idealn\u0105 okazj\u0105 do zaanga\u017cowania si\u0119 w kampani\u0119 tak\u017ce dla Twojej firmy.<\/strong> Co roku UE przedstawia inny temat (<em>m\u0142odzi ludzie, dobre praktyki, zaburzenia uk\u0142adu mi\u0119\u015bniowo-szkieletowego, substancje niebezpieczne itp<\/em>.).<\/p>\n\n\n\n<p><br><strong>Europejski Tydzie\u0144 Bezpiecze\u0144stwa i Zdrowia w Pracy<\/strong> odb\u0119dzie si\u0119 w tym roku w dniach <strong>23\u201327 pa\u017adziernika<\/strong> i ma na celu podniesienie \u015bwiadomo\u015bci na temat nadchodz\u0105cej kampanii \u201eZdrowe miejsce pracy 2023\u20132025\u201d. Jego celem jest zwr\u00f3cenie uwagi na znaczenie aktywnego zarz\u0105dzania bezpiecze\u0144stwem i ochron\u0105 zdrowia w miejscu pracy. Podczas Tygodnia uczestnicy dowiedz\u0105 si\u0119, jak lepiej dba\u0107 o zdrowie, bezpiecze\u0144stwo i dobre samopoczucie nie tylko w pracy, ale tak\u017ce podczas uprawiania sportu i innych aktywno\u015bci.<\/p>\n\n\n\n<p>EU-OSHA wsp\u00f3\u0142pracuje z rozleg\u0142\u0105 sieci\u0105 krajowych punkt\u00f3w kontaktowych, oficjalnymi partnerami kampanii, partnerami medialnymi i ambasadorami BHP z europejskiej sieci przedsi\u0119biorstw. Wsp\u00f3\u0142pracuj\u0105 na rzecz <strong>podnoszenia \u015bwiadomo\u015bci podczas Tygodnia Europy i organizuj\u0105 wiele wydarze\u0144, w tym konferencje, konkursy, szkolenia, wystawy oraz wydarzenia s\u0142u\u017c\u0105ce tworzeniu sieci kontakt\u00f3w i najlepszym praktykom.<\/strong><br>Istnieje wiele mo\u017cliwo\u015bci zaanga\u017cowania si\u0119 w kampani\u0119. <strong>Jest to szansa dla firm i przedsi\u0119biorc\u00f3w na zaprezentowanie si\u0119.<\/strong><\/p>\n\n\n\n<h2 class=\"wp-block-heading\">Znaczenie bezpiecze\u0144stwa i higieny pracy<\/h2>\n\n\n\n<p>Bezpiecze\u0144stwo i higiena pracy obejmuje ca\u0142y szereg obszar\u00f3w i zagadnie\u0144. <\/p>\n\n\n\n<p><strong>S\u0105 to w szczeg\u00f3lno\u015bci:<\/strong><br>\u2022 zarz\u0105dzanie ryzykiem w pracy, czyli poszukiwanie i ocena ryzyka w pracy, w tym okre\u015blenie miernik\u00f3w i kategoryzacja pracy,<br>\u2022 wymagania techniczne i organizacyjne dotycz\u0105ce \u015brodowiska pracy, organizacji pracy i procedur pracy,<br>\u2022 higiena pracy,<br>\u2022 prace zabronione i miejsca pracy zabronione (prace zabronione og\u00f3lnie oraz stanowiska i stanowiska pracy zabronione okre\u015blonym grupom pracownik\u00f3w),<br>\u2022 bezpiecze\u0144stwo urz\u0105dze\u0144 technicznych (zastrze\u017conych, tj. urz\u0105dze\u0144 elektrycznych, gazowych, ci\u015bnieniowych, d\u017awigowych i innych),<br>\u2022 opiek\u0119 zdrowotn\u0105 w miejscu pracy (kontrole zak\u0142ad\u00f3w pracy, badania lekarskie pracownik\u00f3w, szkolenia itp.),<br>\u2022 zapewnienie \u015brodk\u00f3w ochrony indywidualnej, \u015brodk\u00f3w myj\u0105cych, czyszcz\u0105cych i dezynfekcyjnych oraz napoj\u00f3w ochronnych,<br>\u2022 ergonomia pracy,<br>\u2022 oznaczenia i sygna\u0142y bezpiecze\u0144stwa,<br>\u2022 szkolenie pracownik\u00f3w i innych os\u00f3b,<br>\u2022 wypadki przy pracy i choroby zawodowe.<br>Ochrona przeciwpo\u017carowa, zarz\u0105dzanie kryzysowe, a w niewielkim stopniu tak\u017ce ekologia korporacyjna (ochrona \u015brodowiska u pracodawcy) znajduj\u0105 tak\u017ce swoje odzwierciedlenie w problematyce bezpiecze\u0144stwa i higieny pracy.<\/p>\n\n\n\n<figure class=\"wp-block-image aligncenter size-full is-resized\"><img decoding=\"async\" width=\"700\" height=\"500\" src=\"https:\/\/d2ris6qfzcz0wn.cloudfront.net\/wp-content\/uploads\/sites\/20\/2024\/03\/obieg-zamkniety-w-lindstrom.png\" alt=\"\" class=\"wp-image-16995\" style=\"width:500px\" srcset=\"https:\/\/d2ris6qfzcz0wn.cloudfront.net\/wp-content\/uploads\/sites\/20\/2024\/03\/obieg-zamkniety-w-lindstrom.png 700w, https:\/\/d2ris6qfzcz0wn.cloudfront.net\/wp-content\/uploads\/sites\/20\/2024\/03\/obieg-zamkniety-w-lindstrom-300x214.png 300w\" sizes=\"(max-width: 700px) 100vw, 700px\" \/><\/figure>\n\n\n\n<h2 class=\"wp-block-heading\">Jak ochronna odzie\u017c robocza i maty ergonomiczne Lindstr\u00f6m przyczyniaj\u0105 si\u0119 do bezpiecze\u0144stwa w miejscu pracy<\/h2>\n\n\n\n<p>W ka\u017cdej bran\u017cy pracownicy nara\u017ceni s\u0105 na r\u00f3\u017cne niebezpiecze\u0144stwa w postaci ryzyka odniesienia obra\u017ce\u0144 w miejscu pracy na skutek oparze\u0144, oparze\u0144, skalecze\u0144, infekcji, przezi\u0119bie\u0144, upadk\u00f3w itp. Nie wszystkie s\u0105 oczywiste na pierwszy rzut oka.<br>Nasza szyta na miar\u0119 odzie\u017c robocza chroni konkretnych pracownik\u00f3w przed r\u00f3\u017cnymi zagro\u017ceniami w bran\u017cy budowlanej, spo\u017cywczej, motoryzacyjnej, w zarz\u0105dzaniu budynkami itp.<br>Przeznaczone s\u0105 np. do pracy na zewn\u0105trz na budowach z elementami odblaskowymi, do spawania, pracownik potrzebuje odzie\u017cy niepalnej, do pracy w deszczu, odzie\u017cy wodoodpornej, w gastronomii, odzie\u017c robocz\u0105 nale\u017cy regularnie zmienia\u0107 i zawsze nosi\u0107 by\u0107 higienicznie czystym. W Lindstr\u00f6m dbamy o wszystkie wymogi prawne obowi\u0105zuj\u0105ce w Twojej bran\u017cy podczas wynajmu odzie\u017cy roboczej. Odzie\u017c Lindstr\u00f6m spe\u0142nia normy ISO 9001, ISO 14001, HACCP i inne.<\/p>\n\n\n\n        <div \n        id=\"cta-country-block_a34810cc1b56e8d2cde43b6cb91dbc66\" \n        class=\"cta-country\"\n    >\n        <div class=\"flex flex-col gap-5\" style=\"align-items: center\">\n                            <h2 class='!text-title-small lg:!text-title-medium !text-grey-100 !font-bold !my-0'>                    Kolekcja odzie\u017cy roboczej                <\/h2>                                    <div class=\"cta-button-container cta-button-container--row\">\n                                                                                        <div class=\"flex rounded-full h-10 min-w-[150px] mt-auto cta-button button-solid--blue\">\n                                <a \n                                    class=\"flex flex-grow !no-underline py-3 px-5 font-bold text-[15px]\/[21px] justify-center items-center gap-2 text-center border-2 rounded-full cta-button__inner\" \n                                    href=\"https:\/\/lindstromgroup.com\/pl\/kolekcje-odziezowe\/\"\n                                    style=\"border-color: #003F72; background-color: #003F72; color: #FFFFFF;\"\n                                    target=\"_self\"\n                                >\n                                    Kolekcje odzie\u017cowe                                                                            <div class=\"flex justify-center items-center w-[35px] h-[35px] cta-button__inner-icon\">\n                                                                                                <span class=\"!text-[35px] material-symbols-outlined\" style=\"color: #FFFFFF\">arrow_right_alt<\/span>\n                                                                                    <\/div>\n                                                                    <\/a>\n                            <\/div>\n                                                                        <\/div>\n        <\/div>\n    <\/div>\n    \n\n\n<div aria-hidden=\"true\" class=\"wp-block-fsb-flexible-spacer fsb-flexible-spacer\"><div class=\"fsb-flexible-spacer__device fsb-flexible-spacer__device--lg\" style=\"height:35px\"><\/div><div class=\"fsb-flexible-spacer__device fsb-flexible-spacer__device--md\" style=\"height:35px\"><\/div><div class=\"fsb-flexible-spacer__device fsb-flexible-spacer__device--sm\" style=\"height:35px\"><\/div><\/div>\n\n\n\n<p>Praca na stoj\u0105co jest powszechna w r\u00f3\u017cnych bran\u017cach, dotyczy tak\u017ce wszystkich pracownik\u00f3w sklep\u00f3w, fryzjer\u00f3w, kucharzy itp. Na skutek statycznego napi\u0119cia mi\u0119\u015bni i braku ruchu dochodzi do szeregu problem\u00f3w zdrowotnych, kt\u00f3re pog\u0142\u0119biaj\u0105 twarde pod\u0142ogi. Rozwi\u0105zaniem jest mata ergonomiczna, <strong>kt\u00f3ra jest mi\u0119kka i dzi\u0119ki swojej specjalnej powierzchni wymusza na pracowniku ci\u0105g\u0142e, drobne ruchy.<\/strong><\/p>\n\n\n\n<p><br>To w\u0142a\u015bnie ci\u0105g\u0142y ruch, kt\u00f3rego pracownik nawet nie zauwa\u017ca, p<strong>omaga zachowa\u0107 dobre kr\u0105\u017cenie krwi i prawid\u0142ow\u0105, zdrow\u0105 postaw\u0119. <\/strong><em>Fi\u0144ski Instytut Higieny Pracy<\/em> zaleca stosowanie ergonomicznych mat, aby <strong>zmniejszy\u0107 obci\u0105\u017cenie n\u00f3g podczas d\u0142ugotrwa\u0142ej pracy na stoj\u0105co.<\/strong><\/p>\n\n\n\n<h2 class=\"wp-block-heading\">Jak mo\u017cesz zaanga\u017cowa\u0107 si\u0119 w Tydzie\u0144 Bezpiecze\u0144stwa?<\/h2>\n\n\n\n<p>Bezpiecze\u0144stwo i higiena pracy nie jest najpopularniejszym tematem rozm\u00f3w. Ale tylko do czasu, a\u017c co\u015b si\u0119 wydarzy i wydarzenie pojawi si\u0119 w mediach. A \u017caden przedsi\u0119biorca nie zas\u0142uguje na tak\u0105 uwag\u0119, dlatego warto zapobiega\u0107 niechcianym przekazom medialnym. Europejski Tydzie\u0144 BHP jest jedn\u0105 z mo\u017cliwo\u015bci nieformalnego podej\u015bcia do tego zagadnienia, nawet do tych, kt\u00f3rzy jeszcze nie zauwa\u017cyli, jak wa\u017cna jest bezpieczna praca, profilaktyka i ochrona zdrowia.<br>By\u0107 mo\u017ce ju\u017c zastanawiasz si\u0119, co mo\u017cna by zrobi\u0107 w Twojej firmie podczas Tygodnia Bezpiecze\u0144stwa, aby zwr\u00f3ci\u0107 uwag\u0119 na znaczenie profilaktyki, jakich obszar\u00f3w w Twojej firmie konkretnie ona dotyczy. Podpowiadamy, co przygotowa\u0107 dla pracownik\u00f3w w tym tygodniu.<\/p>\n\n\n\n<h3 class=\"wp-block-heading\">Kwestionariusz dotycz\u0105cy odzie\u017cy roboczej<\/h3>\n\n\n\n<p>Wymy\u015bl kilka pyta\u0144 i popro\u015b pracownik\u00f3w o wype\u0142nienie ankiety dotycz\u0105cej odzie\u017cy roboczej. Zapytaj ich, jak bardzo s\u0105 zadowoleni z projektowania i konserwacji swojej obecnej odzie\u017cy roboczej oraz jakie ulepszenia zaproponowaliby, aby u\u0142atwi\u0107 im prac\u0119.<\/p>\n\n\n\n<h3 class=\"wp-block-heading\">Prezentacja nowych modeli odzie\u017cy roboczej<\/h3>\n\n\n\n<p>Popro\u015b o materia\u0142y promocyjne lub um\u00f3w si\u0119 na bezpo\u015bredni\u0105 wizyt\u0119 naszego eksperta z <a href=\"https:\/\/lindstromgroup.com\/pl\/o-lindstrom\/\">Lindstr\u00f6m<\/a>, <strong>kt\u00f3ry poka\u017ce Ci kroje i materia\u0142y odpowiednie dla Twojej firmy oraz wyja\u015bni korzy\u015bci p\u0142yn\u0105ce z <a href=\"https:\/\/lindstromgroup.com\/pl\/dlaczego-warto-wynajac-tekstylia\/\">wynajmu odzie\u017cy roboczej.<\/a><\/strong><\/p>\n\n\n\n<h3 class=\"wp-block-heading\"><strong><a href=\"https:\/\/old.lindstromgroup.com\/pl\/7-dni-bez-zobowiazan-test\/\">Bezp\u0142atny okres pr\u00f3bny cotygodniowego wynajmu mat wej\u015bciowych<\/a><\/strong><\/h3>\n\n\n\n<p>Bezp\u0142atny test maty wej\u015bciowej przez ca\u0142y rok. <strong>Opr\u00f3cz zapobiegania przedostawaniu si\u0119 brudu z zewn\u0105trz do wn\u0119trza, zmniejszaj\u0105 r\u00f3wnie\u017c ryzyko po\u015blizgu na mokrej pod\u0142odze<\/strong>.<br><\/p>\n\n\n\n<h3 class=\"wp-block-heading\">Ciekawe warsztaty i seminaria<\/h3>\n\n\n\n<p>Zorganizuj ciekawe interaktywne wydarzenie dla swoich pracownik\u00f3w. Nudne wyk\u0142ady zazwyczaj nie przynosz\u0105 wi\u0119kszego efektu i s\u0105 po prostu strat\u0105 czasu. Spr\u00f3buj podej\u015b\u0107 do tematu szerzej i skupi\u0107 si\u0119 tak\u017ce na <a href=\"https:\/\/lindstromgroup.com\/pl\/artykuly\/optymalizacja-logistyki-odziezy-roboczej-pod-katem-wydajnosci-i-zrownowazonego-rozwoju\/\">zr\u00f3wnowa\u017conym rozwoju<\/a>, z kt\u00f3rym w Lindstr\u00f6m wraz z naszymi klientami mamy du\u017ce do\u015bwiadczenie.<br>Czy ju\u017c wiesz jak wykorzystasz tegoroczny Europejski Tydzie\u0144 Bezpiecze\u0144stwa?<\/p>\n\n\n\n<p>Nadal mo\u017cesz to zrobi\u0107 dzi\u0119ki naszym pomys\u0142om.<\/p>\n\n\n\n<div aria-hidden=\"true\" class=\"wp-block-fsb-flexible-spacer fsb-flexible-spacer\"><div class=\"fsb-flexible-spacer__device fsb-flexible-spacer__device--lg\" style=\"height:50px\"><\/div><div class=\"fsb-flexible-spacer__device fsb-flexible-spacer__device--md\" style=\"height:50px\"><\/div><div class=\"fsb-flexible-spacer__device fsb-flexible-spacer__device--sm\" style=\"height:50px\"><\/div><\/div>\n\n\n\n    <div id=\"hubspot-contact-form-block_9f4d8e424246202a1a5ec29894875f2b\" class=\"hubspot-contact-form\">\n                    <h3 class=\"mt-0 !mb-5 lg:!mb-10 font-bold !text-title-small\">\n                Profesjonalna odzie\u017c robocza, maty i czy\u015bciwa &#8211; dostarczone prosto do Twojej firmy.            <\/h3>\n        \n                    <p class=\"!-mt-4 lg:!-mt-8 !mb-5 lg:!mb-10 !text-body-small\">\n                Zam\u00f3w bezp\u0142atn\u0105 konsultacj\u0119 ju\u017c dzi\u015b! Wype\u0142nij formularz poni\u017cej lub zadzwo\u0144: 22 614-24-05            <\/p>\n        \n        <div class=\"form-wrapper\"><\/div>\n        <div class=\"editor-message\">\n            Please set a valid form ID.\n        <\/div>\n    <\/div>\n\n<script>\n    \/**\n     * Generate dynamic init form function name to prevent it get re-initialized if there are multiple forms in a page\n     *\/\n    function initForm_69f724d99530a() {\n        \/\/ retry until hubspot script is initialized\n        if (typeof hbspt !== \"undefined\") {\n            hbspt.forms.create({\n                region: \"eu1\",\n                portalId: \"2758505\",\n                formId: \"23183be9-8980-45a2-81ba-cddd25a15a46\",\n                target: `#hubspot-contact-form-block_9f4d8e424246202a1a5ec29894875f2b .form-wrapper`,\n                onFormReady: (arg) => {\n                    const hasFeaturedField = 0;\n                    if (!hasFeaturedField) {\n                        return\n                    }\n    \n                    \/\/ in case the featured field is not available in the form\n                    const featuredField = document.querySelector(`#hubspot-contact-form-block_9f4d8e424246202a1a5ec29894875f2b .none`);\n                    if (!featuredField) {\n                        return\n                    }\n    \n                    \/\/ only support checkbox field for now\n                    convertCheckboxFeaturedField(featuredField)                \n                }\n            });\n            return;\n        }\n\n        setTimeout(initForm_69f724d99530a, 250);\n    }\n\n    function convertCheckboxFeaturedField(featuredField) {\n        const fieldsetWrapper = featuredField.parentElement\n        \n        \/\/ add the featured field class to the wrapper fieldset element\n        \/\/ transform the featured field's UI via CSS\n        fieldsetWrapper.classList.add('featured-field')\n\n        \/\/ calculate and add enough space to display the featured field on top of the form\n        calculateFeaturedFieldSize(fieldsetWrapper)\n        window.addEventListener('resize', () => {\n            calculateFeaturedFieldSize(fieldsetWrapper)\n        })\n    }\n    \n    function calculateFeaturedFieldSize (fieldsetWrapper) {\n        fieldsetWrapper\n            .closest('.hubspot-contact-form--has-featured-field')\n            .style\n            .paddingTop = fieldsetWrapper.offsetHeight + 50 + 'px';\n    }    \n\n    initForm_69f724d99530a();\n<\/script>\n","protected":false},"excerpt":{"rendered":"<p>Bezpiecze\u0144stwo i ochrona zdrowia w pracy to jeden z obszar\u00f3w stale monitorowanych w Unii Europejskiej, kt\u00f3ra co roku za po\u015brednictwem swojej agencji w Bilbao organizuje&#8230;<\/p>\n","protected":false},"author":14,"featured_media":17160,"comment_status":"closed","ping_status":"open","sticky":false,"template":"","format":"standard","meta":{"_acf_changed":true,"inline_featured_image":false,"_eb_attr":"","site-sidebar-layout":"default","site-content-layout":"default","ast-site-content-layout":"default","site-content-style":"default","site-sidebar-style":"default","ast-global-header-display":"","ast-banner-title-visibility":"","ast-main-header-display":"","ast-hfb-above-header-display":"","ast-hfb-below-header-display":"","ast-hfb-mobile-header-display":"","site-post-title":"","ast-breadcrumbs-content":"","ast-featured-img":"","footer-sml-layout":"","ast-disable-related-posts":"","theme-transparent-header-meta":"","adv-header-id-meta":"","stick-header-meta":"","header-above-stick-meta":"","header-main-stick-meta":"","header-below-stick-meta":"","astra-migrate-meta-layouts":"default","ast-page-background-enabled":"default","ast-page-background-meta":{"desktop":{"background-color":"var(--ast-global-color-4)","background-image":"","background-repeat":"repeat","background-position":"center center","background-size":"auto","background-attachment":"scroll","background-type":"","background-media":"","overlay-type":"","overlay-color":"","overlay-opacity":"","overlay-gradient":""},"tablet":{"background-color":"","background-image":"","background-repeat":"repeat","background-position":"center center","background-size":"auto","background-attachment":"scroll","background-type":"","background-media":"","overlay-type":"","overlay-color":"","overlay-opacity":"","overlay-gradient":""},"mobile":{"background-color":"","background-image":"","background-repeat":"repeat","background-position":"center center","background-size":"auto","background-attachment":"scroll","background-type":"","background-media":"","overlay-type":"","overlay-color":"","overlay-opacity":"","overlay-gradient":""}},"ast-content-background-meta":{"desktop":{"background-color":"var(--ast-global-color-5)","background-image":"","background-repeat":"repeat","background-position":"center center","background-size":"auto","background-attachment":"scroll","background-type":"","background-media":"","overlay-type":"","overlay-color":"","overlay-opacity":"","overlay-gradient":""},"tablet":{"background-color":"var(--ast-global-color-5)","background-image":"","background-repeat":"repeat","background-position":"center center","background-size":"auto","background-attachment":"scroll","background-type":"","background-media":"","overlay-type":"","overlay-color":"","overlay-opacity":"","overlay-gradient":""},"mobile":{"background-color":"var(--ast-global-color-5)","background-image":"","background-repeat":"repeat","background-position":"center center","background-size":"auto","background-attachment":"scroll","background-type":"","background-media":"","overlay-type":"","overlay-color":"","overlay-opacity":"","overlay-gradient":""}},"footnotes":""},"categories":[14],"tags":[25],"coauthors":[20],"class_list":["post-17144","post","type-post","status-publish","format-standard","has-post-thumbnail","hentry","category-artykuly","tag-bezpieczenstwo"],"acf":[],"yoast_head":"<!-- This site is optimized with the Yoast SEO plugin v27.2 - https:\/\/yoast.com\/product\/yoast-seo-wordpress\/ -->\n<title>Przygotuj si\u0119 na Europejski Tydzie\u0144 Bezpiecze\u0144stwa i rozpocz\u0119cie kampanii \u201eZdrowe miejsce pracy\u201d. - Lindstr\u00f6m Poland<\/title>\n<meta name=\"description\" content=\"Bezpiecze\u0144stwo i ochrona zdrowia w pracy to jeden z obszar\u00f3w stale monitorowanych w Unii Europejskiej. Zadbaj o to u siebie.\" \/>\n<meta name=\"robots\" content=\"index, follow, max-snippet:-1, max-image-preview:large, max-video-preview:-1\" \/>\n<meta property=\"og:locale\" content=\"pl_PL\" \/>\n<meta property=\"og:type\" content=\"article\" \/>\n<meta property=\"og:title\" content=\"Przygotuj si\u0119 na Europejski Tydzie\u0144 Bezpiecze\u0144stwa i rozpocz\u0119cie kampanii \u201eZdrowe miejsce pracy\u201d. - Lindstr\u00f6m Poland\" \/>\n<meta property=\"og:description\" content=\"Bezpiecze\u0144stwo i ochrona zdrowia w pracy to jeden z obszar\u00f3w stale monitorowanych w Unii Europejskiej. Zadbaj o to u siebie.\" \/>\n<meta property=\"og:url\" content=\"https:\/\/lindstromgroup.com\/pl\/artykuly\/przygotuj-sie-na-europejski-tydzien-bezpieczenstwa\/\" \/>\n<meta property=\"og:site_name\" content=\"Lindstr\u00f6m Poland\" \/>\n<meta property=\"article:published_time\" content=\"2024-03-29T13:51:22+00:00\" \/>\n<meta property=\"article:modified_time\" content=\"2025-03-26T08:03:26+00:00\" \/>\n<meta property=\"og:image\" content=\"https:\/\/lindstrom-sites.s3.eu-north-1.amazonaws.com\/wp-content\/uploads\/sites\/20\/2024\/03\/WWS_highvispro_2015-7193-2-scaled-1.jpg\" \/>\n\t<meta property=\"og:image:width\" content=\"2000\" \/>\n\t<meta property=\"og:image:height\" content=\"1333\" \/>\n\t<meta property=\"og:image:type\" content=\"image\/jpeg\" \/>\n<meta name=\"author\" content=\"Lindstr\u00f6m Group\" \/>\n<meta name=\"twitter:card\" content=\"summary_large_image\" \/>\n<meta name=\"twitter:label1\" content=\"Napisane przez\" \/>\n\t<meta name=\"twitter:data1\" content=\"Lindstr\u00f6m Group\" \/>\n\t<meta name=\"twitter:label2\" content=\"Szacowany czas czytania\" \/>\n\t<meta name=\"twitter:data2\" content=\"7 minut\" \/>\n\t<meta name=\"twitter:label3\" content=\"Written by\" \/>\n\t<meta name=\"twitter:data3\" content=\"Lindstr\u00f6m Group\" \/>\n<script type=\"application\/ld+json\" class=\"yoast-schema-graph\">{\"@context\":\"https:\/\/schema.org\",\"@graph\":[{\"@type\":\"Article\",\"@id\":\"https:\/\/lindstromgroup.com\/pl\/artykuly\/przygotuj-sie-na-europejski-tydzien-bezpieczenstwa\/#article\",\"isPartOf\":{\"@id\":\"https:\/\/lindstromgroup.com\/pl\/artykuly\/przygotuj-sie-na-europejski-tydzien-bezpieczenstwa\/\"},\"author\":{\"name\":\"Lindstr\u00f6m Group\",\"@id\":\"https:\/\/lindstromgroup.com\/pl\/#\/schema\/person\/9111900e3f15be99cf4a104112bf0bc3\"},\"headline\":\"Przygotuj si\u0119 na Europejski Tydzie\u0144 Bezpiecze\u0144stwa i rozpocz\u0119cie kampanii \u201eZdrowe miejsce pracy\u201d.\",\"datePublished\":\"2024-03-29T13:51:22+00:00\",\"dateModified\":\"2025-03-26T08:03:26+00:00\",\"mainEntityOfPage\":{\"@id\":\"https:\/\/lindstromgroup.com\/pl\/artykuly\/przygotuj-sie-na-europejski-tydzien-bezpieczenstwa\/\"},\"wordCount\":1105,\"publisher\":{\"@id\":\"https:\/\/lindstromgroup.com\/pl\/#organization\"},\"image\":{\"@id\":\"https:\/\/lindstromgroup.com\/pl\/artykuly\/przygotuj-sie-na-europejski-tydzien-bezpieczenstwa\/#primaryimage\"},\"thumbnailUrl\":\"https:\/\/d2ris6qfzcz0wn.cloudfront.net\/wp-content\/uploads\/sites\/20\/2024\/03\/WWS_highvispro_2015-7193-2-scaled-1.jpg\",\"keywords\":[\"#bezpiecze\u0144stwo\"],\"articleSection\":[\"Artyku\u0142y\"],\"inLanguage\":\"pl-PL\"},{\"@type\":\"WebPage\",\"@id\":\"https:\/\/lindstromgroup.com\/pl\/artykuly\/przygotuj-sie-na-europejski-tydzien-bezpieczenstwa\/\",\"url\":\"https:\/\/lindstromgroup.com\/pl\/artykuly\/przygotuj-sie-na-europejski-tydzien-bezpieczenstwa\/\",\"name\":\"Przygotuj si\u0119 na Europejski Tydzie\u0144 Bezpiecze\u0144stwa i rozpocz\u0119cie kampanii \u201eZdrowe miejsce pracy\u201d. - Lindstr\u00f6m Poland\",\"isPartOf\":{\"@id\":\"https:\/\/lindstromgroup.com\/pl\/#website\"},\"primaryImageOfPage\":{\"@id\":\"https:\/\/lindstromgroup.com\/pl\/artykuly\/przygotuj-sie-na-europejski-tydzien-bezpieczenstwa\/#primaryimage\"},\"image\":{\"@id\":\"https:\/\/lindstromgroup.com\/pl\/artykuly\/przygotuj-sie-na-europejski-tydzien-bezpieczenstwa\/#primaryimage\"},\"thumbnailUrl\":\"https:\/\/d2ris6qfzcz0wn.cloudfront.net\/wp-content\/uploads\/sites\/20\/2024\/03\/WWS_highvispro_2015-7193-2-scaled-1.jpg\",\"datePublished\":\"2024-03-29T13:51:22+00:00\",\"dateModified\":\"2025-03-26T08:03:26+00:00\",\"description\":\"Bezpiecze\u0144stwo i ochrona zdrowia w pracy to jeden z obszar\u00f3w stale monitorowanych w Unii Europejskiej. Zadbaj o to u siebie.\",\"breadcrumb\":{\"@id\":\"https:\/\/lindstromgroup.com\/pl\/artykuly\/przygotuj-sie-na-europejski-tydzien-bezpieczenstwa\/#breadcrumb\"},\"inLanguage\":\"pl-PL\",\"potentialAction\":[{\"@type\":\"ReadAction\",\"target\":[\"https:\/\/lindstromgroup.com\/pl\/artykuly\/przygotuj-sie-na-europejski-tydzien-bezpieczenstwa\/\"]}]},{\"@type\":\"ImageObject\",\"inLanguage\":\"pl-PL\",\"@id\":\"https:\/\/lindstromgroup.com\/pl\/artykuly\/przygotuj-sie-na-europejski-tydzien-bezpieczenstwa\/#primaryimage\",\"url\":\"https:\/\/d2ris6qfzcz0wn.cloudfront.net\/wp-content\/uploads\/sites\/20\/2024\/03\/WWS_highvispro_2015-7193-2-scaled-1.jpg\",\"contentUrl\":\"https:\/\/d2ris6qfzcz0wn.cloudfront.net\/wp-content\/uploads\/sites\/20\/2024\/03\/WWS_highvispro_2015-7193-2-scaled-1.jpg\",\"width\":2000,\"height\":1333},{\"@type\":\"BreadcrumbList\",\"@id\":\"https:\/\/lindstromgroup.com\/pl\/artykuly\/przygotuj-sie-na-europejski-tydzien-bezpieczenstwa\/#breadcrumb\",\"itemListElement\":[{\"@type\":\"ListItem\",\"position\":1,\"name\":\"Lindstr\u00f6m\",\"item\":\"https:\/\/lindstromgroup.com\/pl\/\"},{\"@type\":\"ListItem\",\"position\":2,\"name\":\"Artyku\u0142y\",\"item\":\"https:\/\/lindstromgroup.com\/pl\/category\/artykuly\/\"},{\"@type\":\"ListItem\",\"position\":3,\"name\":\"Przygotuj si\u0119 na Europejski Tydzie\u0144 Bezpiecze\u0144stwa i rozpocz\u0119cie kampanii \u201eZdrowe miejsce pracy\u201d.\"}]},{\"@type\":\"WebSite\",\"@id\":\"https:\/\/lindstromgroup.com\/pl\/#website\",\"url\":\"https:\/\/lindstromgroup.com\/pl\/\",\"name\":\"Lindstr\u00f6m Poland\",\"description\":\"\",\"publisher\":{\"@id\":\"https:\/\/lindstromgroup.com\/pl\/#organization\"},\"potentialAction\":[{\"@type\":\"SearchAction\",\"target\":{\"@type\":\"EntryPoint\",\"urlTemplate\":\"https:\/\/lindstromgroup.com\/pl\/?s={search_term_string}\"},\"query-input\":{\"@type\":\"PropertyValueSpecification\",\"valueRequired\":true,\"valueName\":\"search_term_string\"}}],\"inLanguage\":\"pl-PL\"},{\"@type\":\"Organization\",\"@id\":\"https:\/\/lindstromgroup.com\/pl\/#organization\",\"name\":\"Lindstr\u00f6m Poland\",\"url\":\"https:\/\/lindstromgroup.com\/pl\/\",\"logo\":{\"@type\":\"ImageObject\",\"inLanguage\":\"pl-PL\",\"@id\":\"https:\/\/lindstromgroup.com\/pl\/#\/schema\/logo\/image\/\",\"url\":\"https:\/\/d2ris6qfzcz0wn.cloudfront.net\/wp-content\/uploads\/sites\/20\/2023\/10\/Logo512.png\",\"contentUrl\":\"https:\/\/d2ris6qfzcz0wn.cloudfront.net\/wp-content\/uploads\/sites\/20\/2023\/10\/Logo512.png\",\"width\":512,\"height\":109,\"caption\":\"Lindstr\u00f6m Poland\"},\"image\":{\"@id\":\"https:\/\/lindstromgroup.com\/pl\/#\/schema\/logo\/image\/\"}},{\"@type\":\"Person\",\"@id\":\"https:\/\/lindstromgroup.com\/pl\/#\/schema\/person\/9111900e3f15be99cf4a104112bf0bc3\",\"name\":\"Lindstr\u00f6m Group\",\"image\":{\"@type\":\"ImageObject\",\"inLanguage\":\"pl-PL\",\"@id\":\"https:\/\/d2ris6qfzcz0wn.cloudfront.net\/wp-content\/uploads\/sites\/20\/2024\/04\/logo_Red_V01-150x150.png896d61bec3352f6ef054d94e9b255177\",\"url\":\"https:\/\/d2ris6qfzcz0wn.cloudfront.net\/wp-content\/uploads\/sites\/20\/2024\/04\/logo_Red_V01-150x150.png\",\"contentUrl\":\"https:\/\/d2ris6qfzcz0wn.cloudfront.net\/wp-content\/uploads\/sites\/20\/2024\/04\/logo_Red_V01-150x150.png\",\"caption\":\"Lindstr\u00f6m Group\"}}]}<\/script>\n<!-- \/ Yoast SEO plugin. -->","yoast_head_json":{"title":"Przygotuj si\u0119 na Europejski Tydzie\u0144 Bezpiecze\u0144stwa i rozpocz\u0119cie kampanii \u201eZdrowe miejsce pracy\u201d. - Lindstr\u00f6m Poland","description":"Bezpiecze\u0144stwo i ochrona zdrowia w pracy to jeden z obszar\u00f3w stale monitorowanych w Unii Europejskiej. Zadbaj o to u siebie.","robots":{"index":"index","follow":"follow","max-snippet":"max-snippet:-1","max-image-preview":"max-image-preview:large","max-video-preview":"max-video-preview:-1"},"og_locale":"pl_PL","og_type":"article","og_title":"Przygotuj si\u0119 na Europejski Tydzie\u0144 Bezpiecze\u0144stwa i rozpocz\u0119cie kampanii \u201eZdrowe miejsce pracy\u201d. - Lindstr\u00f6m Poland","og_description":"Bezpiecze\u0144stwo i ochrona zdrowia w pracy to jeden z obszar\u00f3w stale monitorowanych w Unii Europejskiej. Zadbaj o to u siebie.","og_url":"https:\/\/lindstromgroup.com\/pl\/artykuly\/przygotuj-sie-na-europejski-tydzien-bezpieczenstwa\/","og_site_name":"Lindstr\u00f6m Poland","article_published_time":"2024-03-29T13:51:22+00:00","article_modified_time":"2025-03-26T08:03:26+00:00","og_image":[{"width":2000,"height":1333,"url":"https:\/\/lindstrom-sites.s3.eu-north-1.amazonaws.com\/wp-content\/uploads\/sites\/20\/2024\/03\/WWS_highvispro_2015-7193-2-scaled-1.jpg","type":"image\/jpeg"}],"author":"Lindstr\u00f6m Group","twitter_card":"summary_large_image","twitter_misc":{"Napisane przez":"Lindstr\u00f6m Group","Szacowany czas czytania":"7 minut","Written by":"Lindstr\u00f6m Group"},"schema":{"@context":"https:\/\/schema.org","@graph":[{"@type":"Article","@id":"https:\/\/lindstromgroup.com\/pl\/artykuly\/przygotuj-sie-na-europejski-tydzien-bezpieczenstwa\/#article","isPartOf":{"@id":"https:\/\/lindstromgroup.com\/pl\/artykuly\/przygotuj-sie-na-europejski-tydzien-bezpieczenstwa\/"},"author":{"name":"Lindstr\u00f6m Group","@id":"https:\/\/lindstromgroup.com\/pl\/#\/schema\/person\/9111900e3f15be99cf4a104112bf0bc3"},"headline":"Przygotuj si\u0119 na Europejski Tydzie\u0144 Bezpiecze\u0144stwa i rozpocz\u0119cie kampanii \u201eZdrowe miejsce pracy\u201d.","datePublished":"2024-03-29T13:51:22+00:00","dateModified":"2025-03-26T08:03:26+00:00","mainEntityOfPage":{"@id":"https:\/\/lindstromgroup.com\/pl\/artykuly\/przygotuj-sie-na-europejski-tydzien-bezpieczenstwa\/"},"wordCount":1105,"publisher":{"@id":"https:\/\/lindstromgroup.com\/pl\/#organization"},"image":{"@id":"https:\/\/lindstromgroup.com\/pl\/artykuly\/przygotuj-sie-na-europejski-tydzien-bezpieczenstwa\/#primaryimage"},"thumbnailUrl":"https:\/\/d2ris6qfzcz0wn.cloudfront.net\/wp-content\/uploads\/sites\/20\/2024\/03\/WWS_highvispro_2015-7193-2-scaled-1.jpg","keywords":["#bezpiecze\u0144stwo"],"articleSection":["Artyku\u0142y"],"inLanguage":"pl-PL"},{"@type":"WebPage","@id":"https:\/\/lindstromgroup.com\/pl\/artykuly\/przygotuj-sie-na-europejski-tydzien-bezpieczenstwa\/","url":"https:\/\/lindstromgroup.com\/pl\/artykuly\/przygotuj-sie-na-europejski-tydzien-bezpieczenstwa\/","name":"Przygotuj si\u0119 na Europejski Tydzie\u0144 Bezpiecze\u0144stwa i rozpocz\u0119cie kampanii \u201eZdrowe miejsce pracy\u201d. - Lindstr\u00f6m Poland","isPartOf":{"@id":"https:\/\/lindstromgroup.com\/pl\/#website"},"primaryImageOfPage":{"@id":"https:\/\/lindstromgroup.com\/pl\/artykuly\/przygotuj-sie-na-europejski-tydzien-bezpieczenstwa\/#primaryimage"},"image":{"@id":"https:\/\/lindstromgroup.com\/pl\/artykuly\/przygotuj-sie-na-europejski-tydzien-bezpieczenstwa\/#primaryimage"},"thumbnailUrl":"https:\/\/d2ris6qfzcz0wn.cloudfront.net\/wp-content\/uploads\/sites\/20\/2024\/03\/WWS_highvispro_2015-7193-2-scaled-1.jpg","datePublished":"2024-03-29T13:51:22+00:00","dateModified":"2025-03-26T08:03:26+00:00","description":"Bezpiecze\u0144stwo i ochrona zdrowia w pracy to jeden z obszar\u00f3w stale monitorowanych w Unii Europejskiej. Zadbaj o to u siebie.","breadcrumb":{"@id":"https:\/\/lindstromgroup.com\/pl\/artykuly\/przygotuj-sie-na-europejski-tydzien-bezpieczenstwa\/#breadcrumb"},"inLanguage":"pl-PL","potentialAction":[{"@type":"ReadAction","target":["https:\/\/lindstromgroup.com\/pl\/artykuly\/przygotuj-sie-na-europejski-tydzien-bezpieczenstwa\/"]}]},{"@type":"ImageObject","inLanguage":"pl-PL","@id":"https:\/\/lindstromgroup.com\/pl\/artykuly\/przygotuj-sie-na-europejski-tydzien-bezpieczenstwa\/#primaryimage","url":"https:\/\/d2ris6qfzcz0wn.cloudfront.net\/wp-content\/uploads\/sites\/20\/2024\/03\/WWS_highvispro_2015-7193-2-scaled-1.jpg","contentUrl":"https:\/\/d2ris6qfzcz0wn.cloudfront.net\/wp-content\/uploads\/sites\/20\/2024\/03\/WWS_highvispro_2015-7193-2-scaled-1.jpg","width":2000,"height":1333},{"@type":"BreadcrumbList","@id":"https:\/\/lindstromgroup.com\/pl\/artykuly\/przygotuj-sie-na-europejski-tydzien-bezpieczenstwa\/#breadcrumb","itemListElement":[{"@type":"ListItem","position":1,"name":"Lindstr\u00f6m","item":"https:\/\/lindstromgroup.com\/pl\/"},{"@type":"ListItem","position":2,"name":"Artyku\u0142y","item":"https:\/\/lindstromgroup.com\/pl\/category\/artykuly\/"},{"@type":"ListItem","position":3,"name":"Przygotuj si\u0119 na Europejski Tydzie\u0144 Bezpiecze\u0144stwa i rozpocz\u0119cie kampanii \u201eZdrowe miejsce pracy\u201d."}]},{"@type":"WebSite","@id":"https:\/\/lindstromgroup.com\/pl\/#website","url":"https:\/\/lindstromgroup.com\/pl\/","name":"Lindstr\u00f6m Poland","description":"","publisher":{"@id":"https:\/\/lindstromgroup.com\/pl\/#organization"},"potentialAction":[{"@type":"SearchAction","target":{"@type":"EntryPoint","urlTemplate":"https:\/\/lindstromgroup.com\/pl\/?s={search_term_string}"},"query-input":{"@type":"PropertyValueSpecification","valueRequired":true,"valueName":"search_term_string"}}],"inLanguage":"pl-PL"},{"@type":"Organization","@id":"https:\/\/lindstromgroup.com\/pl\/#organization","name":"Lindstr\u00f6m Poland","url":"https:\/\/lindstromgroup.com\/pl\/","logo":{"@type":"ImageObject","inLanguage":"pl-PL","@id":"https:\/\/lindstromgroup.com\/pl\/#\/schema\/logo\/image\/","url":"https:\/\/d2ris6qfzcz0wn.cloudfront.net\/wp-content\/uploads\/sites\/20\/2023\/10\/Logo512.png","contentUrl":"https:\/\/d2ris6qfzcz0wn.cloudfront.net\/wp-content\/uploads\/sites\/20\/2023\/10\/Logo512.png","width":512,"height":109,"caption":"Lindstr\u00f6m Poland"},"image":{"@id":"https:\/\/lindstromgroup.com\/pl\/#\/schema\/logo\/image\/"}},{"@type":"Person","@id":"https:\/\/lindstromgroup.com\/pl\/#\/schema\/person\/9111900e3f15be99cf4a104112bf0bc3","name":"Lindstr\u00f6m Group","image":{"@type":"ImageObject","inLanguage":"pl-PL","@id":"https:\/\/d2ris6qfzcz0wn.cloudfront.net\/wp-content\/uploads\/sites\/20\/2024\/04\/logo_Red_V01-150x150.png896d61bec3352f6ef054d94e9b255177","url":"https:\/\/d2ris6qfzcz0wn.cloudfront.net\/wp-content\/uploads\/sites\/20\/2024\/04\/logo_Red_V01-150x150.png","contentUrl":"https:\/\/d2ris6qfzcz0wn.cloudfront.net\/wp-content\/uploads\/sites\/20\/2024\/04\/logo_Red_V01-150x150.png","caption":"Lindstr\u00f6m Group"}}]}},"publishpress_future_workflow_manual_trigger":{"enabledWorkflows":[]},"distributor_meta":false,"distributor_terms":false,"distributor_media":false,"distributor_original_site_name":"Lindstr\u00f6m Poland","distributor_original_site_url":"https:\/\/lindstromgroup.com\/pl","push-errors":false,"_links":{"self":[{"href":"https:\/\/lindstromgroup.com\/pl\/wp-json\/wp\/v2\/posts\/17144","targetHints":{"allow":["GET"]}}],"collection":[{"href":"https:\/\/lindstromgroup.com\/pl\/wp-json\/wp\/v2\/posts"}],"about":[{"href":"https:\/\/lindstromgroup.com\/pl\/wp-json\/wp\/v2\/types\/post"}],"author":[{"embeddable":true,"href":"https:\/\/lindstromgroup.com\/pl\/wp-json\/wp\/v2\/users\/14"}],"replies":[{"embeddable":true,"href":"https:\/\/lindstromgroup.com\/pl\/wp-json\/wp\/v2\/comments?post=17144"}],"version-history":[{"count":0,"href":"https:\/\/lindstromgroup.com\/pl\/wp-json\/wp\/v2\/posts\/17144\/revisions"}],"wp:featuredmedia":[{"embeddable":true,"href":"https:\/\/lindstromgroup.com\/pl\/wp-json\/wp\/v2\/media\/17160"}],"wp:attachment":[{"href":"https:\/\/lindstromgroup.com\/pl\/wp-json\/wp\/v2\/media?parent=17144"}],"wp:term":[{"taxonomy":"category","embeddable":true,"href":"https:\/\/lindstromgroup.com\/pl\/wp-json\/wp\/v2\/categories?post=17144"},{"taxonomy":"post_tag","embeddable":true,"href":"https:\/\/lindstromgroup.com\/pl\/wp-json\/wp\/v2\/tags?post=17144"},{"taxonomy":"author","embeddable":true,"href":"https:\/\/lindstromgroup.com\/pl\/wp-json\/wp\/v2\/coauthors?post=17144"}],"curies":[{"name":"wp","href":"https:\/\/api.w.org\/{rel}","templated":true}]}}