
    {"id":20281,"date":"2025-12-09T17:48:00","date_gmt":"2025-12-09T16:48:00","guid":{"rendered":"https:\/\/lindstromgroup.com\/hu\/?p=20281"},"modified":"2026-01-09T18:01:59","modified_gmt":"2026-01-09T17:01:59","slug":"fenntarthato-munkaruha-megoldas-kornyezetbarat-megoldasok-a-ceges-textiliak-vilagaban","status":"publish","type":"post","link":"https:\/\/lindstromgroup.com\/hu\/cikkek\/fenntarthato-munkaruha-megoldas-kornyezetbarat-megoldasok-a-ceges-textiliak-vilagaban\/","title":{"rendered":"Fenntarthat\u00f3 munkaruha megold\u00e1s: k\u00f6rnyezetbar\u00e1t megold\u00e1sok a c\u00e9ges text\u00edli\u00e1k vil\u00e1g\u00e1ban"},"content":{"rendered":"\n<p>A <a href=\"https:\/\/lindstromgroup.com\/hu\/cikkek\/torodes-minden-cernaszalban-a-lindstrom-2030-as-strategiaja\/\">fenntarthat\u00f3 munkaruha<\/a> fogalm\u00e1val egyre s\u0171r\u0171bben tal\u00e1lkozhatunk. A k\u00f6rnyezettudatoss\u00e1g ugyanis a c\u00e9ges kult\u00fara egyre alapvet\u0151bb elv\u00e1r\u00e1sa. De mit\u0151l lesz fenntarthat\u00f3 \u00e9ppen a munkaruha?&nbsp;<\/p>\n\n\n\n<p>El\u00e1ruljuk, nem csak az anyagv\u00e1laszt\u00e1st\u00f3l. Ha \u00e9rdekel a t\u00f6bbi szempont is, tarts vel\u00fcnk!<\/p>\n\n\n\n<h2 class=\"wp-block-heading\"><strong>Mit jelent a fenntarthat\u00f3 munkaruha megold\u00e1s?<\/strong><\/h2>\n\n\n\n<h3 class=\"wp-block-heading\"><strong>A fenntarthat\u00f3s\u00e1g t\u00f6bbdimenzi\u00f3s megk\u00f6zel\u00edt\u00e9se<\/strong><\/h3>\n\n\n\n<p>A fenntarthat\u00f3 munkaruha megold\u00e1s l\u00e9nyege abban rejlik, hogy minden elem\u00e9t (az alapanyagokat, a gy\u00e1rt\u00e1si folyamatokat, a sz\u00e1ll\u00edt\u00e1st, a haszn\u00e1lat m\u00f3dj\u00e1t \u00e9s v\u00e9g\u00fcl a megsemmis\u00edt\u00e9st) a lehet\u0151 legkisebb k\u00f6rnyezeti hat\u00e1ssal tervezz\u00e9k meg.&nbsp;<\/p>\n\n\n\n<p>Az ilyen ruh\u00e1k nemcsak etikus forr\u00e1sb\u00f3l sz\u00e1rmaznak, hanem \u00fagy k\u00e9sz\u00fclnek, hogy tart\u00f3sak \u00e9s k\u00f6nnyen <a href=\"https:\/\/lindstromgroup.com\/hu\/uncategorized\/munkaruha-ujrahasznositas-mit-kezdhetunk-a-leselejtezett-ruhakkal\/\">\u00fajrahasznos\u00edthat\u00f3k<\/a> legyenek.<\/p>\n\n\n\n<h3 class=\"wp-block-heading\"><strong>Anyagok: mi sz\u00e1m\u00edt fenntarthat\u00f3nak?<\/strong><\/h3>\n\n\n\n<p>Az alapanyag az egyik legfontosabb t\u00e9nyez\u0151, ha fenntarthat\u00f3s\u00e1gr\u00f3l van sz\u00f3. A hagyom\u00e1nyos pamut p\u00e9ld\u00e1ul hatalmas mennyis\u00e9g\u0171 vizet ig\u00e9nyel &#8211; ak\u00e1r 10 000 literre is sz\u00fcks\u00e9g lehet egyetlen p\u00f3l\u00f3hoz. Ezzel szemben a biopamut, amelyet vegyszermentesen termesztenek, sokkal k\u00f6rnyezetk\u00edm\u00e9l\u0151bb.<\/p>\n\n\n\n<h3 class=\"wp-block-heading\"><strong>Tart\u00f3ss\u00e1g \u00e9s \u00e9lettartam fontoss\u00e1ga<\/strong><\/h3>\n\n\n\n<p>Ha valami gyorsan elhaszn\u00e1l\u00f3dik, azt \u00fajra kell venni, ami \u00fajabb gy\u00e1rt\u00e1ssal, sz\u00e1ll\u00edt\u00e1ssal \u00e9s hullad\u00e9kkal j\u00e1r. A fenntarthat\u00f3 munkaruh\u00e1zat kulcsa a hossz\u00fa \u00e9lettartam. A strapab\u00edr\u00f3, k\u00f6nnyen jav\u00edthat\u00f3 munkaruh\u00e1k ritk\u00e1bban ker\u00fclnek lecser\u00e9l\u00e9sre, \u00edgy cs\u00f6kken a gy\u00e1rt\u00e1s k\u00f6rnyezetterhel\u00e9se.<\/p>\n\n\n\n<h2 class=\"wp-block-heading\"><strong>Fenntarthat\u00f3 gy\u00e1rt\u00e1si \u00e9s kezel\u00e9si folyamatok<\/strong><\/h2>\n\n\n\n<p>Az anyag csak az els\u0151 l\u00e9p\u00e9s. Legal\u00e1bb ennyire fontos, mennyire k\u00f6rnyezetk\u00edm\u00e9l\u0151en k\u00e9sz\u00fcl el a ruha. Ez azt jelenti, hogy a gy\u00e1rt\u00f3k minimaliz\u00e1lj\u00e1k a v\u00edzfogyaszt\u00e1st, cs\u00f6kkentik az energiaig\u00e9nyt, \u00e9s m\u00e9rs\u00e9klik a gy\u00e1rt\u00e1s sor\u00e1n keletkez\u0151 sz\u00e9n-dioxid kibocs\u00e1t\u00e1st.<\/p>\n\n\n\n<h3 class=\"wp-block-heading\"><strong>Logisztikai el\u0151ny\u00f6k \u00e9s r\u00e9gi\u00f3s el\u0151\u00e1ll\u00edt\u00e1s<\/strong><\/h3>\n\n\n\n<p>A r\u00e9gi\u00f3s gy\u00e1rt\u00e1s, vagyis a f\u00f6ldrajzilag k\u00f6zelebbi el\u0151\u00e1ll\u00edt\u00e1s egy \u00fajabb kulcseleme a fenntarthat\u00f3 textiliparnak. Min\u00e9l t\u00e1volabbr\u00f3l sz\u00e1rmazik egy munkaruha, ann\u00e1l nagyobb az \u00f6kol\u00f3giai l\u00e1bnyoma, f\u0151k\u00e9nt a sz\u00e1ll\u00edt\u00e1sb\u00f3l fakad\u00f3 kibocs\u00e1t\u00e1sok miatt.&nbsp;<\/p>\n\n\n\n<p>A Lindstr\u00f6m p\u00e9ld\u00e1ull magyarorsz\u00e1gi sz\u00fcks\u00e9gleteit a kazincbarcikai \u00fczem\u00e9b\u0151l, a Prodem Hungaryb\u0151l l\u00e1tja el. Ez nemcsak k\u00f6rnyezetv\u00e9delmi szempontb\u00f3l el\u0151ny\u00f6s, hanem logisztikai oldalr\u00f3l is: gyorsabb sz\u00e1ll\u00edt\u00e1s, kisebb rakt\u00e1rk\u00e9szlet, jobb min\u0151s\u00e9gellen\u0151rz\u00e9s.&nbsp;<\/p>\n\n\n\n<h2 class=\"wp-block-heading\"><strong>Textilb\u00e9rl\u00e9s \u00e9s k\u00f6rforg\u00e1sos modellek c\u00e9geknek<\/strong><\/h2>\n\n\n\n<p>A munkaruha-b\u00e9rl\u00e9s m\u00e1ra nemcsak k\u00e9nyelmi megold\u00e1s, hanem egyben a fenntarthat\u00f3s\u00e1g kulcseleme is. A b\u00e9rleti szolg\u00e1ltat\u00e1s l\u00e9nyege, hogy a c\u00e9gek nem v\u00e1s\u00e1rolj\u00e1k meg v\u00e9glegesen a munkaruh\u00e1kat, hanem havid\u00edjas rendszerben b\u00e9rlik azokat.<\/p>\n\n\n\n<p>Ez nem csup\u00e1n k\u00f6lts\u00e9ghat\u00e9konys\u00e1got jelent a v\u00e1llalatok sz\u00e1m\u00e1ra, hanem jelent\u0151sen cs\u00f6kkenti a ruh\u00e1k el\u0151\u00e1ll\u00edt\u00e1s\u00e1b\u00f3l \u00e9s hullad\u00e9kk\u00e9nt val\u00f3 megsemmis\u00edt\u00e9s\u00e9b\u0151l fakad\u00f3 k\u00f6rnyezeti terhel\u00e9st is. Hiszen a munkaruh\u00e1k rendszeres ellen\u0151rz\u00e9sen esnek \u00e1t, jelent\u0151sen n\u00f6velve ezzel az \u00e9lettartamukat.<\/p>\n\n\n\n<h3 class=\"wp-block-heading\"><strong>Mi az a k\u00f6rforg\u00e1sos modell?<\/strong><\/h3>\n\n\n\n<p>A ruh\u00e1k \u00e1llapot\u00e1t folyamatosan nyomon k\u00f6vetik. Amikor elhaszn\u00e1l\u00f3dnak, jav\u00edtj\u00e1k \u0151ket, ha pedig t\u00f6bb\u00e9 nincs lehet\u0151s\u00e9g r\u00e1, akkor \u00fajrahasznos\u00edtj\u00e1k \u0151ket m\u00e1s c\u00e9lokra. \u00cdgy ahelyett, hogy a c\u00e9gek folyamatosan \u00faj munkaruh\u00e1kat v\u00e1s\u00e1roln\u00e1nak \u00e9s dobn\u00e1nak ki, egy z\u00e1rt k\u00f6rfolyamat val\u00f3sul meg.<\/p>\n\n\n\n<p>A k\u00f6rforg\u00e1sos modell alkalmaz\u00e1s\u00e1ban \u00e9len j\u00e1r\u00f3 Lindstr\u00f6m \u00e9ppen ez\u00e9rt t\u0171zte ki c\u00e9lul, hogy 2025-re el\u00e9ri a 100%-os textilhullad\u00e9k \u00fajrahasznos\u00edt\u00e1st. Ez azt jelenti, hogy minden leselejtezett ruhadarab \u00faj \u00e9letet kap, ahelyett, hogy kidob\u00e1sra ker\u00fclne.&nbsp;<\/p>\n\n\n\n<p>Ez \u00f3ri\u00e1si el\u0151ny nemcsak \u00f6kol\u00f3giai szempontb\u00f3l, hanem a k\u00f6lts\u00e9gek \u00e9s&nbsp; a logisztika ter\u00e9n is.<\/p>\n\n\n\n<figure class=\"wp-block-image size-full\"><img decoding=\"async\" width=\"933\" height=\"565\" src=\"https:\/\/d2ris6qfzcz0wn.cloudfront.net\/wp-content\/uploads\/sites\/24\/2026\/01\/korforgasos-textilipari-szolgaltatasok.jpg\" alt=\"k\u00f6rforg\u00e1sos textilipari szolg\u00e1ltat\u00e1sok\" class=\"wp-image-20282\" srcset=\"https:\/\/d2ris6qfzcz0wn.cloudfront.net\/wp-content\/uploads\/sites\/24\/2026\/01\/korforgasos-textilipari-szolgaltatasok.jpg 933w, https:\/\/d2ris6qfzcz0wn.cloudfront.net\/wp-content\/uploads\/sites\/24\/2026\/01\/korforgasos-textilipari-szolgaltatasok-300x182.jpg 300w, https:\/\/d2ris6qfzcz0wn.cloudfront.net\/wp-content\/uploads\/sites\/24\/2026\/01\/korforgasos-textilipari-szolgaltatasok-768x465.jpg 768w\" sizes=\"(max-width: 933px) 100vw, 933px\" \/><\/figure>\n\n\n\n<h2 class=\"wp-block-heading\"><strong>\u00dajrahasznos\u00edt\u00e1s \u00e9s haszn\u00e1lat ut\u00e1ni feldolgoz\u00e1s<\/strong><\/h2>\n\n\n\n<h3 class=\"wp-block-heading\"><strong>Hogyan t\u00f6rt\u00e9nik a munkaruh\u00e1k \u00fajrahasznos\u00edt\u00e1sa?<\/strong><\/h3>\n\n\n\n<p>A ruh\u00e1k leselejtez\u00e9s\u00e9t szigor\u00fa szort\u00edroz\u00e1si folyamat el\u0151zi meg, ahol megvizsg\u00e1lj\u00e1k, mi hasznos\u00edthat\u00f3 \u00fajra k\u00f6zvetlen\u00fcl, \u00e9s mi ker\u00fcl \u00e1talak\u00edt\u00e1sra. A szabv\u00e1nyok \u00e9s a higi\u00e9niai el\u0151\u00edr\u00e1sok itt k\u00fcl\u00f6n\u00f6sen fontosak, mivel az ipari k\u00f6rnyezet m\u00e1s felt\u00e9teleket ig\u00e9nyel, mint p\u00e9ld\u00e1ul a lakoss\u00e1gi \u00fajrahasznos\u00edt\u00e1s.<\/p>\n\n\n\n<p>Az \u00fajrahasznos\u00edt\u00e1sra alkalmas textilb\u0151l t\u00f6bb minden k\u00e9sz\u00fclhet. Pl.:<\/p>\n\n\n\n<ul class=\"wp-block-list\">\n<li><strong>G\u00e9prongy<\/strong>: Az iparban nagy mennyis\u00e9gben haszn\u00e1lj\u00e1k ezeket <a href=\"https:\/\/lindstromgroup.com\/hu\/szolgaltatasok\/ipari-torlokendo-szolgaltatas\/\">t\u00f6rl\u00e9shez, tiszt\u00edt\u00e1shoz<\/a>.<\/li>\n\n\n\n<li><strong>T\u00f6lt\u0151anyag<\/strong>: A ruh\u00e1zati anyagok dar\u00e1l\u00e1ssal szigetel\u0151k\u00e9nt vagy b\u00e9l\u00e9sanyagk\u00e9nt szolg\u00e1lhatnak.<\/li>\n\n\n\n<li><strong>\u00daj sz\u00f6vet<\/strong>: Az anyagok \u00fajrasz\u00f6v\u00e9se is lehets\u00e9ges bizonyos textilt\u00edpusokn\u00e1l.<\/li>\n<\/ul>\n\n\n\n<p>A textilipar vil\u00e1gszerte az egyik legnagyobb hullad\u00e9ktermel\u0151 ipar\u00e1g. \u00c9pp ez\u00e9rt kulcsfontoss\u00e1g\u00fa, hogy a Lindstr\u00f6m mellett m\u00e1s v\u00e1llalatok is felismerj\u00e9k a haszn\u00e1lat ut\u00e1ni feldolgoz\u00e1s lehet\u0151s\u00e9geit \u00e9s el\u0151nyeit.<\/p>\n\n\n\n<h3 class=\"wp-block-heading\"><strong>Fenntarthat\u00f3 c\u00e9ges m\u0171k\u00f6d\u00e9s t\u00e1mogat\u00e1sa<\/strong><\/h3>\n\n\n\n<p>Az \u00fajrahasznos\u00edt\u00e1sba val\u00f3 bekapcsol\u00f3d\u00e1s nemcsak k\u00f6rnyezeti, hanem strat\u00e9giai el\u0151ny is lehet. A fenntarthat\u00f3s\u00e1gi riportokban szerepl\u0151 hullad\u00e9kcs\u00f6kkent\u00e9si mutat\u00f3k, a sz\u00e9n-dioxid-kibocs\u00e1t\u00e1s minimaliz\u00e1l\u00e1sa \u00e9s az ESG-megfelel\u0151s\u00e9g ma m\u00e1r egyre t\u00f6bb ipar\u00e1gban jogszab\u00e1lyi elv\u00e1r\u00e1s.<\/p>\n\n\n\n<p>R\u00e1ad\u00e1sul a munkav\u00e1llal\u00f3k is egyre tudatosabbak. Az \u00fajrahasznos\u00edt\u00e1sr\u00f3l sz\u00f3l\u00f3 kommunik\u00e1ci\u00f3 \u00e9s a folyamat \u00e1tl\u00e1that\u00f3s\u00e1ga seg\u00edti a transzparenci\u00e1t \u00e9s er\u0151s\u00edti a v\u00e1llalati im\u00e1zst is.<\/p>\n\n\n\n<h2 class=\"wp-block-heading\"><strong>A textil nem hullad\u00e9k, hanem lehet\u0151s\u00e9g<\/strong><\/h2>\n\n\n\n<p>Minden leselejtezett munkaruha egy \u00fajabb lehet\u0151s\u00e9g arra, hogy valami \u00faj sz\u00fclessen. Ahelyett, hogy a kuk\u00e1ban v\u00e9gezn\u00e9k, ezek a ruhadarabok \u00e9rt\u00e9ket teremthetnek, gazdas\u00e1gilag, t\u00e1rsadalmilag \u00e9s k\u00f6rnyezetileg egyar\u00e1nt. A v\u00e1llalatoknak \u00e9rdemes ezt tudatosan be\u00e9p\u00edteni\u00fck m\u0171k\u00f6d\u00e9s\u00fckbe, mert a j\u00f6v\u0151 nem a pazarl\u00e1sr\u00f3l, hanem az <strong>\u00fajrahasznos\u00edt\u00e1sban rejl\u0151 lehet\u0151s\u00e9gekr\u0151l <\/strong>sz\u00f3l.<\/p>\n\n\n\n<h3 class=\"wp-block-heading\"><strong>Most rajtad a sor!<\/strong><\/h3>\n\n\n\n<p>Tedd meg az els\u0151 l\u00e9p\u00e9st a fenntarthat\u00f3 v\u00e1llalati m\u0171k\u00f6d\u00e9s fel\u00e9! L\u00e9pj <a href=\"https:\/\/lindstromgroup.com\/hu\/kapcsolatfelvetel\/\">kapcsolatba<\/a> a Lindstr\u00f6mmel, \u00e9s v\u00e1lassz olyan ruh\u00e1zati megold\u00e1sokat, amelyek nemcsak a jelennek, hanem a j\u00f6v\u0151nek is megfelelnek!<\/p>\n","protected":false},"excerpt":{"rendered":"<p>A fenntarthat\u00f3 munkaruha fogalm\u00e1val egyre s\u0171r\u0171bben tal\u00e1lkozhatunk. A k\u00f6rnyezettudatoss\u00e1g ugyanis a c\u00e9ges kult\u00fara egyre alapvet\u0151bb elv\u00e1r\u00e1sa. De mit\u0151l lesz fenntarthat\u00f3 \u00e9ppen a munkaruha?&nbsp; El\u00e1ruljuk, nem&#8230;<\/p>\n","protected":false},"author":14,"featured_media":20283,"comment_status":"closed","ping_status":"open","sticky":false,"template":"","format":"standard","meta":{"_acf_changed":false,"inline_featured_image":false,"_eb_attr":"","site-sidebar-layout":"default","site-content-layout":"","ast-site-content-layout":"default","site-content-style":"default","site-sidebar-style":"default","ast-global-header-display":"","ast-banner-title-visibility":"","ast-main-header-display":"","ast-hfb-above-header-display":"","ast-hfb-below-header-display":"","ast-hfb-mobile-header-display":"","site-post-title":"","ast-breadcrumbs-content":"","ast-featured-img":"","footer-sml-layout":"","ast-disable-related-posts":"","theme-transparent-header-meta":"","adv-header-id-meta":"","stick-header-meta":"","header-above-stick-meta":"","header-main-stick-meta":"","header-below-stick-meta":"","astra-migrate-meta-layouts":"set","ast-page-background-enabled":"default","ast-page-background-meta":{"desktop":{"background-color":"var(--ast-global-color-4)","background-image":"","background-repeat":"repeat","background-position":"center center","background-size":"auto","background-attachment":"scroll","background-type":"","background-media":"","overlay-type":"","overlay-color":"","overlay-opacity":"","overlay-gradient":""},"tablet":{"background-color":"","background-image":"","background-repeat":"repeat","background-position":"center center","background-size":"auto","background-attachment":"scroll","background-type":"","background-media":"","overlay-type":"","overlay-color":"","overlay-opacity":"","overlay-gradient":""},"mobile":{"background-color":"","background-image":"","background-repeat":"repeat","background-position":"center center","background-size":"auto","background-attachment":"scroll","background-type":"","background-media":"","overlay-type":"","overlay-color":"","overlay-opacity":"","overlay-gradient":""}},"ast-content-background-meta":{"desktop":{"background-color":"var(--ast-global-color-5)","background-image":"","background-repeat":"repeat","background-position":"center center","background-size":"auto","background-attachment":"scroll","background-type":"","background-media":"","overlay-type":"","overlay-color":"","overlay-opacity":"","overlay-gradient":""},"tablet":{"background-color":"var(--ast-global-color-5)","background-image":"","background-repeat":"repeat","background-position":"center center","background-size":"auto","background-attachment":"scroll","background-type":"","background-media":"","overlay-type":"","overlay-color":"","overlay-opacity":"","overlay-gradient":""},"mobile":{"background-color":"var(--ast-global-color-5)","background-image":"","background-repeat":"repeat","background-position":"center center","background-size":"auto","background-attachment":"scroll","background-type":"","background-media":"","overlay-type":"","overlay-color":"","overlay-opacity":"","overlay-gradient":""}},"footnotes":""},"categories":[14],"tags":[],"coauthors":[20],"class_list":["post-20281","post","type-post","status-publish","format-standard","has-post-thumbnail","hentry","category-cikkek"],"acf":[],"yoast_head":"<!-- This site is optimized with the Yoast SEO plugin v27.2 - https:\/\/yoast.com\/product\/yoast-seo-wordpress\/ -->\n<title>Fenntarthat\u00f3 munkaruha megold\u00e1s: k\u00f6rnyezetbar\u00e1t megold\u00e1sok a c\u00e9ges text\u00edli\u00e1k vil\u00e1g\u00e1ban - Lindstr\u00f6m Magyarorsz\u00e1g<\/title>\n<meta name=\"robots\" content=\"index, follow, max-snippet:-1, max-image-preview:large, max-video-preview:-1\" \/>\n<meta property=\"og:locale\" content=\"hu_HU\" \/>\n<meta property=\"og:type\" content=\"article\" \/>\n<meta property=\"og:title\" content=\"Fenntarthat\u00f3 munkaruha megold\u00e1s: k\u00f6rnyezetbar\u00e1t megold\u00e1sok a c\u00e9ges text\u00edli\u00e1k vil\u00e1g\u00e1ban - Lindstr\u00f6m Magyarorsz\u00e1g\" \/>\n<meta property=\"og:description\" content=\"A fenntarthat\u00f3 munkaruha fogalm\u00e1val egyre s\u0171r\u0171bben tal\u00e1lkozhatunk. A k\u00f6rnyezettudatoss\u00e1g ugyanis a c\u00e9ges kult\u00fara egyre alapvet\u0151bb elv\u00e1r\u00e1sa. De mit\u0151l lesz fenntarthat\u00f3 \u00e9ppen a munkaruha?&nbsp; El\u00e1ruljuk, nem...\" \/>\n<meta property=\"og:url\" content=\"https:\/\/lindstromgroup.com\/hu\/cikkek\/fenntarthato-munkaruha-megoldas-kornyezetbarat-megoldasok-a-ceges-textiliak-vilagaban\/\" \/>\n<meta property=\"og:site_name\" content=\"Lindstr\u00f6m Magyarorsz\u00e1g\" \/>\n<meta property=\"article:published_time\" content=\"2025-12-09T16:48:00+00:00\" \/>\n<meta property=\"article:modified_time\" content=\"2026-01-09T17:01:59+00:00\" \/>\n<meta property=\"og:image\" content=\"https:\/\/d2ris6qfzcz0wn.cloudfront.net\/wp-content\/uploads\/sites\/24\/2026\/01\/fenntarthato-munkaruha.jpg\" \/>\n\t<meta property=\"og:image:width\" content=\"1000\" \/>\n\t<meta property=\"og:image:height\" content=\"666\" \/>\n\t<meta property=\"og:image:type\" content=\"image\/jpeg\" \/>\n<meta name=\"author\" content=\"Lindstr\u00f6m Group\" \/>\n<meta name=\"twitter:card\" content=\"summary_large_image\" \/>\n<meta name=\"twitter:label1\" content=\"Szerz\u0151:\" \/>\n\t<meta name=\"twitter:data1\" content=\"Lindstr\u00f6m Group\" \/>\n\t<meta name=\"twitter:label2\" content=\"Becs\u00fclt olvas\u00e1si id\u0151\" \/>\n\t<meta name=\"twitter:data2\" content=\"5 perc\" \/>\n\t<meta name=\"twitter:label3\" content=\"Written by\" \/>\n\t<meta name=\"twitter:data3\" content=\"Lindstr\u00f6m Group\" \/>\n<script type=\"application\/ld+json\" class=\"yoast-schema-graph\">{\"@context\":\"https:\/\/schema.org\",\"@graph\":[{\"@type\":\"Article\",\"@id\":\"https:\/\/lindstromgroup.com\/hu\/cikkek\/fenntarthato-munkaruha-megoldas-kornyezetbarat-megoldasok-a-ceges-textiliak-vilagaban\/#article\",\"isPartOf\":{\"@id\":\"https:\/\/lindstromgroup.com\/hu\/cikkek\/fenntarthato-munkaruha-megoldas-kornyezetbarat-megoldasok-a-ceges-textiliak-vilagaban\/\"},\"author\":{\"name\":\"Lindstr\u00f6m Group\",\"@id\":\"https:\/\/lindstromgroup.com\/hu\/#\/schema\/person\/9111900e3f15be99cf4a104112bf0bc3\"},\"headline\":\"Fenntarthat\u00f3 munkaruha megold\u00e1s: k\u00f6rnyezetbar\u00e1t megold\u00e1sok a c\u00e9ges text\u00edli\u00e1k vil\u00e1g\u00e1ban\",\"datePublished\":\"2025-12-09T16:48:00+00:00\",\"dateModified\":\"2026-01-09T17:01:59+00:00\",\"mainEntityOfPage\":{\"@id\":\"https:\/\/lindstromgroup.com\/hu\/cikkek\/fenntarthato-munkaruha-megoldas-kornyezetbarat-megoldasok-a-ceges-textiliak-vilagaban\/\"},\"wordCount\":1172,\"publisher\":{\"@id\":\"https:\/\/lindstromgroup.com\/hu\/#organization\"},\"image\":{\"@id\":\"https:\/\/lindstromgroup.com\/hu\/cikkek\/fenntarthato-munkaruha-megoldas-kornyezetbarat-megoldasok-a-ceges-textiliak-vilagaban\/#primaryimage\"},\"thumbnailUrl\":\"https:\/\/d2ris6qfzcz0wn.cloudfront.net\/wp-content\/uploads\/sites\/24\/2026\/01\/fenntarthato-munkaruha.jpg\",\"articleSection\":[\"Cikkek\"],\"inLanguage\":\"hu\"},{\"@type\":\"WebPage\",\"@id\":\"https:\/\/lindstromgroup.com\/hu\/cikkek\/fenntarthato-munkaruha-megoldas-kornyezetbarat-megoldasok-a-ceges-textiliak-vilagaban\/\",\"url\":\"https:\/\/lindstromgroup.com\/hu\/cikkek\/fenntarthato-munkaruha-megoldas-kornyezetbarat-megoldasok-a-ceges-textiliak-vilagaban\/\",\"name\":\"Fenntarthat\u00f3 munkaruha megold\u00e1s: k\u00f6rnyezetbar\u00e1t megold\u00e1sok a c\u00e9ges text\u00edli\u00e1k vil\u00e1g\u00e1ban - Lindstr\u00f6m Magyarorsz\u00e1g\",\"isPartOf\":{\"@id\":\"https:\/\/lindstromgroup.com\/hu\/#website\"},\"primaryImageOfPage\":{\"@id\":\"https:\/\/lindstromgroup.com\/hu\/cikkek\/fenntarthato-munkaruha-megoldas-kornyezetbarat-megoldasok-a-ceges-textiliak-vilagaban\/#primaryimage\"},\"image\":{\"@id\":\"https:\/\/lindstromgroup.com\/hu\/cikkek\/fenntarthato-munkaruha-megoldas-kornyezetbarat-megoldasok-a-ceges-textiliak-vilagaban\/#primaryimage\"},\"thumbnailUrl\":\"https:\/\/d2ris6qfzcz0wn.cloudfront.net\/wp-content\/uploads\/sites\/24\/2026\/01\/fenntarthato-munkaruha.jpg\",\"datePublished\":\"2025-12-09T16:48:00+00:00\",\"dateModified\":\"2026-01-09T17:01:59+00:00\",\"breadcrumb\":{\"@id\":\"https:\/\/lindstromgroup.com\/hu\/cikkek\/fenntarthato-munkaruha-megoldas-kornyezetbarat-megoldasok-a-ceges-textiliak-vilagaban\/#breadcrumb\"},\"inLanguage\":\"hu\",\"potentialAction\":[{\"@type\":\"ReadAction\",\"target\":[\"https:\/\/lindstromgroup.com\/hu\/cikkek\/fenntarthato-munkaruha-megoldas-kornyezetbarat-megoldasok-a-ceges-textiliak-vilagaban\/\"]}]},{\"@type\":\"ImageObject\",\"inLanguage\":\"hu\",\"@id\":\"https:\/\/lindstromgroup.com\/hu\/cikkek\/fenntarthato-munkaruha-megoldas-kornyezetbarat-megoldasok-a-ceges-textiliak-vilagaban\/#primaryimage\",\"url\":\"https:\/\/d2ris6qfzcz0wn.cloudfront.net\/wp-content\/uploads\/sites\/24\/2026\/01\/fenntarthato-munkaruha.jpg\",\"contentUrl\":\"https:\/\/d2ris6qfzcz0wn.cloudfront.net\/wp-content\/uploads\/sites\/24\/2026\/01\/fenntarthato-munkaruha.jpg\",\"width\":1000,\"height\":666,\"caption\":\"fenntarthat\u00f3 b\u00e9rtextil megold\u00e1sok\"},{\"@type\":\"BreadcrumbList\",\"@id\":\"https:\/\/lindstromgroup.com\/hu\/cikkek\/fenntarthato-munkaruha-megoldas-kornyezetbarat-megoldasok-a-ceges-textiliak-vilagaban\/#breadcrumb\",\"itemListElement\":[{\"@type\":\"ListItem\",\"position\":1,\"name\":\"Home\",\"item\":\"https:\/\/lindstromgroup.com\/hu\/\"},{\"@type\":\"ListItem\",\"position\":2,\"name\":\"Cikkek\",\"item\":\"https:\/\/lindstromgroup.com\/hu\/category\/cikkek\/\"},{\"@type\":\"ListItem\",\"position\":3,\"name\":\"Fenntarthat\u00f3 munkaruha megold\u00e1s: k\u00f6rnyezetbar\u00e1t megold\u00e1sok a c\u00e9ges text\u00edli\u00e1k vil\u00e1g\u00e1ban\"}]},{\"@type\":\"WebSite\",\"@id\":\"https:\/\/lindstromgroup.com\/hu\/#website\",\"url\":\"https:\/\/lindstromgroup.com\/hu\/\",\"name\":\"Lindstr\u00f6m Magyarorsz\u00e1g\",\"description\":\"\",\"publisher\":{\"@id\":\"https:\/\/lindstromgroup.com\/hu\/#organization\"},\"potentialAction\":[{\"@type\":\"SearchAction\",\"target\":{\"@type\":\"EntryPoint\",\"urlTemplate\":\"https:\/\/lindstromgroup.com\/hu\/?s={search_term_string}\"},\"query-input\":{\"@type\":\"PropertyValueSpecification\",\"valueRequired\":true,\"valueName\":\"search_term_string\"}}],\"inLanguage\":\"hu\"},{\"@type\":\"Organization\",\"@id\":\"https:\/\/lindstromgroup.com\/hu\/#organization\",\"name\":\"Lindstr\u00f6m Magyarorsz\u00e1g\",\"url\":\"https:\/\/lindstromgroup.com\/hu\/\",\"logo\":{\"@type\":\"ImageObject\",\"inLanguage\":\"hu\",\"@id\":\"https:\/\/lindstromgroup.com\/hu\/#\/schema\/logo\/image\/\",\"url\":\"https:\/\/d2ris6qfzcz0wn.cloudfront.net\/wp-content\/uploads\/sites\/24\/2023\/10\/Logo512.png\",\"contentUrl\":\"https:\/\/d2ris6qfzcz0wn.cloudfront.net\/wp-content\/uploads\/sites\/24\/2023\/10\/Logo512.png\",\"width\":512,\"height\":109,\"caption\":\"Lindstr\u00f6m Magyarorsz\u00e1g\"},\"image\":{\"@id\":\"https:\/\/lindstromgroup.com\/hu\/#\/schema\/logo\/image\/\"}},{\"@type\":\"Person\",\"@id\":\"https:\/\/lindstromgroup.com\/hu\/#\/schema\/person\/9111900e3f15be99cf4a104112bf0bc3\",\"name\":\"Lindstr\u00f6m Group\",\"image\":{\"@type\":\"ImageObject\",\"inLanguage\":\"hu\",\"@id\":\"https:\/\/d2ris6qfzcz0wn.cloudfront.net\/wp-content\/uploads\/sites\/24\/2024\/10\/logo_Red_V01-150x150.pnga8369e4b862ae7e557e8b3dbe56c1712\",\"url\":\"https:\/\/d2ris6qfzcz0wn.cloudfront.net\/wp-content\/uploads\/sites\/24\/2024\/10\/logo_Red_V01-150x150.png\",\"contentUrl\":\"https:\/\/d2ris6qfzcz0wn.cloudfront.net\/wp-content\/uploads\/sites\/24\/2024\/10\/logo_Red_V01-150x150.png\",\"caption\":\"Lindstr\u00f6m Group\"}}]}<\/script>\n<!-- \/ Yoast SEO plugin. -->","yoast_head_json":{"title":"Fenntarthat\u00f3 munkaruha megold\u00e1s: k\u00f6rnyezetbar\u00e1t megold\u00e1sok a c\u00e9ges text\u00edli\u00e1k vil\u00e1g\u00e1ban - Lindstr\u00f6m Magyarorsz\u00e1g","robots":{"index":"index","follow":"follow","max-snippet":"max-snippet:-1","max-image-preview":"max-image-preview:large","max-video-preview":"max-video-preview:-1"},"og_locale":"hu_HU","og_type":"article","og_title":"Fenntarthat\u00f3 munkaruha megold\u00e1s: k\u00f6rnyezetbar\u00e1t megold\u00e1sok a c\u00e9ges text\u00edli\u00e1k vil\u00e1g\u00e1ban - Lindstr\u00f6m Magyarorsz\u00e1g","og_description":"A fenntarthat\u00f3 munkaruha fogalm\u00e1val egyre s\u0171r\u0171bben tal\u00e1lkozhatunk. A k\u00f6rnyezettudatoss\u00e1g ugyanis a c\u00e9ges kult\u00fara egyre alapvet\u0151bb elv\u00e1r\u00e1sa. De mit\u0151l lesz fenntarthat\u00f3 \u00e9ppen a munkaruha?&nbsp; El\u00e1ruljuk, nem...","og_url":"https:\/\/lindstromgroup.com\/hu\/cikkek\/fenntarthato-munkaruha-megoldas-kornyezetbarat-megoldasok-a-ceges-textiliak-vilagaban\/","og_site_name":"Lindstr\u00f6m Magyarorsz\u00e1g","article_published_time":"2025-12-09T16:48:00+00:00","article_modified_time":"2026-01-09T17:01:59+00:00","og_image":[{"width":1000,"height":666,"url":"https:\/\/d2ris6qfzcz0wn.cloudfront.net\/wp-content\/uploads\/sites\/24\/2026\/01\/fenntarthato-munkaruha.jpg","type":"image\/jpeg"}],"author":"Lindstr\u00f6m Group","twitter_card":"summary_large_image","twitter_misc":{"Szerz\u0151:":"Lindstr\u00f6m Group","Becs\u00fclt olvas\u00e1si id\u0151":"5 perc","Written by":"Lindstr\u00f6m Group"},"schema":{"@context":"https:\/\/schema.org","@graph":[{"@type":"Article","@id":"https:\/\/lindstromgroup.com\/hu\/cikkek\/fenntarthato-munkaruha-megoldas-kornyezetbarat-megoldasok-a-ceges-textiliak-vilagaban\/#article","isPartOf":{"@id":"https:\/\/lindstromgroup.com\/hu\/cikkek\/fenntarthato-munkaruha-megoldas-kornyezetbarat-megoldasok-a-ceges-textiliak-vilagaban\/"},"author":{"name":"Lindstr\u00f6m Group","@id":"https:\/\/lindstromgroup.com\/hu\/#\/schema\/person\/9111900e3f15be99cf4a104112bf0bc3"},"headline":"Fenntarthat\u00f3 munkaruha megold\u00e1s: k\u00f6rnyezetbar\u00e1t megold\u00e1sok a c\u00e9ges text\u00edli\u00e1k vil\u00e1g\u00e1ban","datePublished":"2025-12-09T16:48:00+00:00","dateModified":"2026-01-09T17:01:59+00:00","mainEntityOfPage":{"@id":"https:\/\/lindstromgroup.com\/hu\/cikkek\/fenntarthato-munkaruha-megoldas-kornyezetbarat-megoldasok-a-ceges-textiliak-vilagaban\/"},"wordCount":1172,"publisher":{"@id":"https:\/\/lindstromgroup.com\/hu\/#organization"},"image":{"@id":"https:\/\/lindstromgroup.com\/hu\/cikkek\/fenntarthato-munkaruha-megoldas-kornyezetbarat-megoldasok-a-ceges-textiliak-vilagaban\/#primaryimage"},"thumbnailUrl":"https:\/\/d2ris6qfzcz0wn.cloudfront.net\/wp-content\/uploads\/sites\/24\/2026\/01\/fenntarthato-munkaruha.jpg","articleSection":["Cikkek"],"inLanguage":"hu"},{"@type":"WebPage","@id":"https:\/\/lindstromgroup.com\/hu\/cikkek\/fenntarthato-munkaruha-megoldas-kornyezetbarat-megoldasok-a-ceges-textiliak-vilagaban\/","url":"https:\/\/lindstromgroup.com\/hu\/cikkek\/fenntarthato-munkaruha-megoldas-kornyezetbarat-megoldasok-a-ceges-textiliak-vilagaban\/","name":"Fenntarthat\u00f3 munkaruha megold\u00e1s: k\u00f6rnyezetbar\u00e1t megold\u00e1sok a c\u00e9ges text\u00edli\u00e1k vil\u00e1g\u00e1ban - Lindstr\u00f6m Magyarorsz\u00e1g","isPartOf":{"@id":"https:\/\/lindstromgroup.com\/hu\/#website"},"primaryImageOfPage":{"@id":"https:\/\/lindstromgroup.com\/hu\/cikkek\/fenntarthato-munkaruha-megoldas-kornyezetbarat-megoldasok-a-ceges-textiliak-vilagaban\/#primaryimage"},"image":{"@id":"https:\/\/lindstromgroup.com\/hu\/cikkek\/fenntarthato-munkaruha-megoldas-kornyezetbarat-megoldasok-a-ceges-textiliak-vilagaban\/#primaryimage"},"thumbnailUrl":"https:\/\/d2ris6qfzcz0wn.cloudfront.net\/wp-content\/uploads\/sites\/24\/2026\/01\/fenntarthato-munkaruha.jpg","datePublished":"2025-12-09T16:48:00+00:00","dateModified":"2026-01-09T17:01:59+00:00","breadcrumb":{"@id":"https:\/\/lindstromgroup.com\/hu\/cikkek\/fenntarthato-munkaruha-megoldas-kornyezetbarat-megoldasok-a-ceges-textiliak-vilagaban\/#breadcrumb"},"inLanguage":"hu","potentialAction":[{"@type":"ReadAction","target":["https:\/\/lindstromgroup.com\/hu\/cikkek\/fenntarthato-munkaruha-megoldas-kornyezetbarat-megoldasok-a-ceges-textiliak-vilagaban\/"]}]},{"@type":"ImageObject","inLanguage":"hu","@id":"https:\/\/lindstromgroup.com\/hu\/cikkek\/fenntarthato-munkaruha-megoldas-kornyezetbarat-megoldasok-a-ceges-textiliak-vilagaban\/#primaryimage","url":"https:\/\/d2ris6qfzcz0wn.cloudfront.net\/wp-content\/uploads\/sites\/24\/2026\/01\/fenntarthato-munkaruha.jpg","contentUrl":"https:\/\/d2ris6qfzcz0wn.cloudfront.net\/wp-content\/uploads\/sites\/24\/2026\/01\/fenntarthato-munkaruha.jpg","width":1000,"height":666,"caption":"fenntarthat\u00f3 b\u00e9rtextil megold\u00e1sok"},{"@type":"BreadcrumbList","@id":"https:\/\/lindstromgroup.com\/hu\/cikkek\/fenntarthato-munkaruha-megoldas-kornyezetbarat-megoldasok-a-ceges-textiliak-vilagaban\/#breadcrumb","itemListElement":[{"@type":"ListItem","position":1,"name":"Home","item":"https:\/\/lindstromgroup.com\/hu\/"},{"@type":"ListItem","position":2,"name":"Cikkek","item":"https:\/\/lindstromgroup.com\/hu\/category\/cikkek\/"},{"@type":"ListItem","position":3,"name":"Fenntarthat\u00f3 munkaruha megold\u00e1s: k\u00f6rnyezetbar\u00e1t megold\u00e1sok a c\u00e9ges text\u00edli\u00e1k vil\u00e1g\u00e1ban"}]},{"@type":"WebSite","@id":"https:\/\/lindstromgroup.com\/hu\/#website","url":"https:\/\/lindstromgroup.com\/hu\/","name":"Lindstr\u00f6m Magyarorsz\u00e1g","description":"","publisher":{"@id":"https:\/\/lindstromgroup.com\/hu\/#organization"},"potentialAction":[{"@type":"SearchAction","target":{"@type":"EntryPoint","urlTemplate":"https:\/\/lindstromgroup.com\/hu\/?s={search_term_string}"},"query-input":{"@type":"PropertyValueSpecification","valueRequired":true,"valueName":"search_term_string"}}],"inLanguage":"hu"},{"@type":"Organization","@id":"https:\/\/lindstromgroup.com\/hu\/#organization","name":"Lindstr\u00f6m Magyarorsz\u00e1g","url":"https:\/\/lindstromgroup.com\/hu\/","logo":{"@type":"ImageObject","inLanguage":"hu","@id":"https:\/\/lindstromgroup.com\/hu\/#\/schema\/logo\/image\/","url":"https:\/\/d2ris6qfzcz0wn.cloudfront.net\/wp-content\/uploads\/sites\/24\/2023\/10\/Logo512.png","contentUrl":"https:\/\/d2ris6qfzcz0wn.cloudfront.net\/wp-content\/uploads\/sites\/24\/2023\/10\/Logo512.png","width":512,"height":109,"caption":"Lindstr\u00f6m Magyarorsz\u00e1g"},"image":{"@id":"https:\/\/lindstromgroup.com\/hu\/#\/schema\/logo\/image\/"}},{"@type":"Person","@id":"https:\/\/lindstromgroup.com\/hu\/#\/schema\/person\/9111900e3f15be99cf4a104112bf0bc3","name":"Lindstr\u00f6m Group","image":{"@type":"ImageObject","inLanguage":"hu","@id":"https:\/\/d2ris6qfzcz0wn.cloudfront.net\/wp-content\/uploads\/sites\/24\/2024\/10\/logo_Red_V01-150x150.pnga8369e4b862ae7e557e8b3dbe56c1712","url":"https:\/\/d2ris6qfzcz0wn.cloudfront.net\/wp-content\/uploads\/sites\/24\/2024\/10\/logo_Red_V01-150x150.png","contentUrl":"https:\/\/d2ris6qfzcz0wn.cloudfront.net\/wp-content\/uploads\/sites\/24\/2024\/10\/logo_Red_V01-150x150.png","caption":"Lindstr\u00f6m Group"}}]}},"publishpress_future_workflow_manual_trigger":{"enabledWorkflows":[]},"distributor_meta":false,"distributor_terms":false,"distributor_media":false,"distributor_original_site_name":"Lindstr\u00f6m Magyarorsz\u00e1g","distributor_original_site_url":"https:\/\/lindstromgroup.com\/hu","push-errors":false,"_links":{"self":[{"href":"https:\/\/lindstromgroup.com\/hu\/wp-json\/wp\/v2\/posts\/20281","targetHints":{"allow":["GET"]}}],"collection":[{"href":"https:\/\/lindstromgroup.com\/hu\/wp-json\/wp\/v2\/posts"}],"about":[{"href":"https:\/\/lindstromgroup.com\/hu\/wp-json\/wp\/v2\/types\/post"}],"author":[{"embeddable":true,"href":"https:\/\/lindstromgroup.com\/hu\/wp-json\/wp\/v2\/users\/14"}],"replies":[{"embeddable":true,"href":"https:\/\/lindstromgroup.com\/hu\/wp-json\/wp\/v2\/comments?post=20281"}],"version-history":[{"count":0,"href":"https:\/\/lindstromgroup.com\/hu\/wp-json\/wp\/v2\/posts\/20281\/revisions"}],"wp:featuredmedia":[{"embeddable":true,"href":"https:\/\/lindstromgroup.com\/hu\/wp-json\/wp\/v2\/media\/20283"}],"wp:attachment":[{"href":"https:\/\/lindstromgroup.com\/hu\/wp-json\/wp\/v2\/media?parent=20281"}],"wp:term":[{"taxonomy":"category","embeddable":true,"href":"https:\/\/lindstromgroup.com\/hu\/wp-json\/wp\/v2\/categories?post=20281"},{"taxonomy":"post_tag","embeddable":true,"href":"https:\/\/lindstromgroup.com\/hu\/wp-json\/wp\/v2\/tags?post=20281"},{"taxonomy":"author","embeddable":true,"href":"https:\/\/lindstromgroup.com\/hu\/wp-json\/wp\/v2\/coauthors?post=20281"}],"curies":[{"name":"wp","href":"https:\/\/api.w.org\/{rel}","templated":true}]}}