
    {"id":19519,"date":"2025-05-06T05:05:54","date_gmt":"2025-05-06T04:05:54","guid":{"rendered":"https:\/\/lindstromgroup.com\/hu\/?p=19519"},"modified":"2025-05-06T11:51:10","modified_gmt":"2025-05-06T10:51:10","slug":"bemutatkozik-a-workwear-alarm","status":"publish","type":"post","link":"https:\/\/lindstromgroup.com\/hu\/cikkek\/bemutatkozik-a-workwear-alarm\/","title":{"rendered":"Bemutatkozik az Alarm monitoring, a higi\u00e9nikus \u00e9s biztons\u00e1gos munkaruh\u00e1zat kulcsa"},"content":{"rendered":"\n<p><strong>Belef\u00e1radt m\u00e1r a hi\u00e1nyz\u00f3 munkaruh\u00e1k kutat\u00e1s\u00e1ba? Agg\u00f3dik a higi\u00e9niai el\u0151\u00edr\u00e1sok betart\u00e1sa miatt? A munkaruh\u00e1zat kezel\u00e9se az olyan szab\u00e1lyozott ipar\u00e1gakban, mint p\u00e9ld\u00e1ul az \u00e9lelmiszer-el\u0151\u00e1ll\u00edt\u00e1s, \u00e9ppen el\u00e9g nagy kih\u00edv\u00e1s \u2013 nem kell, hogy m\u00e9g a munkaruh\u00e1zat elveszt\u00e9se \u00e9s az auditokon val\u00f3 megfelel\u00e9s is b\u0151v\u00edtse az aggodalmak sor\u00e1t.<\/strong><\/p>\n\n\n\n<p><\/p>\n\n\n\n<p>Itt j\u00f6n k\u00e9pbe a <strong>Workwear Alarm<\/strong>. Ez az \u00faj monitoring rendszer biztos\u00edtja, hogy az munkav\u00e1llal\u00f3k ne vigy\u00e9k ki a munkaruh\u00e1zatot a telephelyr\u0151l, \u00e9s hogy minden munkaruha szakszer\u0171en legyen tiszt\u00edtva \u00e9s karbantartva. Nincs t\u00f6bb\u00e9 elveszett egyenruha hajkur\u00e1sz\u00e1s, a higi\u00e9nia megs\u00e9rt\u00e9s\u00e9nek kock\u00e1zata vagy k\u00f6lts\u00e9ges fennakad\u00e1sok: csak z\u00f6kken\u0151mentes munkaruha-k\u00f6vet\u00e9s \u00e9s a teljes lelki nyugalom.<\/p>\n\n\n\n<p><strong>Ilari Laitinen,<\/strong> <strong>Service Designer&nbsp;<\/strong>a Lindstr\u00f6mn\u00e9l, elmagyar\u00e1zza, hogyan m\u0171k\u00f6dik, kiknek sz\u00f3l, \u00e9s milyen el\u0151ny\u00f6kkel j\u00e1r.<\/p>\n\n\n\n<h2 class=\"wp-block-heading\">A Workwear Alarm riaszt\u00e1s l\u00e9nyege:<\/h2>\n\n\n\n    <div \n        id=\"block_d453b9c94196594aeb90af3fb956b094\"\n        class=\"value-props value-props--block_d453b9c94196594aeb90af3fb956b094 \"\n    >\n                                <div class=\"value-props__cards\">\n                            <div class=\"value-props__card\" style=\"border: 1px solid #003f72\">\n                    <div class=\"card__content\">\n                        <span class='icon-check-circle' style='font-size: 30px;color: #003f72;'><\/span>                        <div class=\"content__title\" style=\"color: \">\n                            Megakad\u00e1lyozza a munkaruha elveszt\u00e9s\u00e9t                        <\/div>\n                                                    <div class=\"content__description\" style=\"color: \">\n                                A munkaruh\u00e1zatot val\u00f3s id\u0151ben k\u00f6veti, \u00e9s figyelmezteti a szem\u00e9lyzetet, ha a ruh\u00e1zat elhagyja az \u00e9p\u00fcletet.                            <\/div>\n                                            <\/div>\n                <\/div>\n                            <div class=\"value-props__card\" style=\"border: 1px solid #003f72\">\n                    <div class=\"card__content\">\n                        <span class='icon-check-circle' style='font-size: 30px;color: #003f72;'><\/span>                        <div class=\"content__title\" style=\"color: \">\n                            Biztos\u00edtja a megfelel\u0151 tiszt\u00edt\u00e1st                        <\/div>\n                                                    <div class=\"content__description\" style=\"color: \">\n                                A higi\u00e9nia \u00e9s a biztons\u00e1g \u00e9rdek\u00e9ben a helysz\u00ednen tartja \u00e9s megfelel\u0151en karbantartja a munkaruh\u00e1zatot.                            <\/div>\n                                            <\/div>\n                <\/div>\n                            <div class=\"value-props__card\" style=\"border: 1px solid #003f72\">\n                    <div class=\"card__content\">\n                        <span class='icon-check-circle' style='font-size: 30px;color: #003f72;'><\/span>                        <div class=\"content__title\" style=\"color: \">\n                            Egyszer\u0171s\u00edti a megfelel\u0151s\u00e9get                        <\/div>\n                                                    <div class=\"content__description\" style=\"color: \">\n                                R\u00e9szletes jelent\u00e9seket kap a digit\u00e1lisan t\u00e1mogatott munkaruh\u00e1zati szolg\u00e1ltat\u00e1sunk r\u00e9szek\u00e9nt.                            <\/div>\n                                            <\/div>\n                <\/div>\n                        <\/div>\n            <\/div>\n\n\n\n<h2 class=\"wp-block-heading\"><strong>Hogyan tartja a Workwear Alarm a munkaruh\u00e1zatot ott, ahov\u00e1 val\u00f3?<\/strong><\/h2>\n\n\n\n<p>A Workwear Alarm a Lindstr\u00f6m minden egyes ruhadarabj\u00e1ba <a href=\"https:\/\/lindstromgroup.com\/hu\/cikkek\/rfid-chip-munkaruha\/\">be\u00e1gyazott RFID technol\u00f3gi\u00e1ra<\/a> t\u00e1maszkodik.<\/p>\n\n\n\n<p>Ha egy megjel\u00f6lt ruhadarabot elt\u00e1vol\u00edtanak egy kijel\u00f6lt ter\u00fcletr\u0151l, a rendszer f\u00e9ny- \u00e9s\/vagy hangjelz\u00e9st ad. Ilari megjegyzi:<\/p>\n\n\n\n<blockquote class=\"wp-block-quote is-layout-flow wp-block-quote-is-layout-flow\">\n<p>A Workwear Alarm k\u00e9z a k\u00e9zben j\u00e1r a digit\u00e1lisan t\u00e1mogatott munkaruh\u00e1zatunkkal. A minden Lindstr\u00f6m ruhadarabban tal\u00e1lhat\u00f3 egyedi RFID-c\u00edmk\u00e9k teszik lehet\u0151v\u00e9 ezt a szolg\u00e1ltat\u00e1st.<\/p>\n<\/blockquote>\n\n\n\n<figure class=\"wp-block-image size-full\"><img decoding=\"async\" width=\"1414\" height=\"904\" src=\"https:\/\/d2ris6qfzcz0wn.cloudfront.net\/wp-content\/uploads\/sites\/24\/2025\/05\/HU_Alarm_abra.png\" alt=\"\" class=\"wp-image-19799\" srcset=\"https:\/\/d2ris6qfzcz0wn.cloudfront.net\/wp-content\/uploads\/sites\/24\/2025\/05\/HU_Alarm_abra.png 1414w, https:\/\/d2ris6qfzcz0wn.cloudfront.net\/wp-content\/uploads\/sites\/24\/2025\/05\/HU_Alarm_abra-300x192.png 300w, https:\/\/d2ris6qfzcz0wn.cloudfront.net\/wp-content\/uploads\/sites\/24\/2025\/05\/HU_Alarm_abra-1024x655.png 1024w, https:\/\/d2ris6qfzcz0wn.cloudfront.net\/wp-content\/uploads\/sites\/24\/2025\/05\/HU_Alarm_abra-768x491.png 768w\" sizes=\"(max-width: 1414px) 100vw, 1414px\" \/><\/figure>\n\n\n\n<div class=\"wp-block-columns is-layout-flex wp-container-core-columns-is-layout-28f84493 wp-block-columns-is-layout-flex\">\n<div class=\"wp-block-column is-layout-flow wp-block-column-is-layout-flow\">\n<figure class=\"wp-block-image aligncenter size-full is-resized\"><img decoding=\"async\" width=\"300\" height=\"300\" src=\"https:\/\/d2ris6qfzcz0wn.cloudfront.net\/wp-content\/uploads\/sites\/24\/2025\/05\/magnifying_blue_V01.png\" alt=\"\" class=\"wp-image-19762\" style=\"width:132px;height:auto\" srcset=\"https:\/\/d2ris6qfzcz0wn.cloudfront.net\/wp-content\/uploads\/sites\/24\/2025\/05\/magnifying_blue_V01.png 300w, https:\/\/d2ris6qfzcz0wn.cloudfront.net\/wp-content\/uploads\/sites\/24\/2025\/05\/magnifying_blue_V01-150x150.png 150w\" sizes=\"(max-width: 300px) 100vw, 300px\" \/><\/figure>\n\n\n\n<h3 class=\"wp-block-heading has-text-align-center\">RFID szkennel\u00e9s<\/h3>\n\n\n\n<p class=\"has-text-align-center\">A Lindstr\u00f6m ruhadarabokat a nap 24 \u00f3r\u00e1j\u00e1ban \u00e9szleli.<\/p>\n<\/div>\n\n\n\n<div class=\"wp-block-column is-layout-flow wp-block-column-is-layout-flow\">\n<figure class=\"wp-block-image aligncenter size-large is-resized\"><img decoding=\"async\" src=\"https:\/\/d2ris6qfzcz0wn.cloudfront.net\/wp-content\/uploads\/sites\/24\/2025\/03\/alarm_blue_v01-1.svg\" alt=\"workwear alarm\" class=\"wp-image-19521\" style=\"width:137px;height:auto\"\/><\/figure>\n\n\n\n<h3 class=\"wp-block-heading has-text-align-center\">Riaszt\u00f3f\u00e9ny<\/h3>\n\n\n\n<p class=\"has-text-align-center\">F\u00e9ny- vagy hangjelz\u00e9st v\u00e1lt ki, ha a munkaruh\u00e1k elhagyj\u00e1k a ter\u00fcletet.<\/p>\n<\/div>\n\n\n\n<div class=\"wp-block-column is-layout-flow wp-block-column-is-layout-flow\">\n<figure class=\"wp-block-image aligncenter size-full is-resized\"><img decoding=\"async\" width=\"300\" height=\"300\" src=\"https:\/\/d2ris6qfzcz0wn.cloudfront.net\/wp-content\/uploads\/sites\/24\/2025\/05\/tasklist_blue_V01.png\" alt=\"\" class=\"wp-image-19763\" style=\"width:137px;height:auto\" srcset=\"https:\/\/d2ris6qfzcz0wn.cloudfront.net\/wp-content\/uploads\/sites\/24\/2025\/05\/tasklist_blue_V01.png 300w, https:\/\/d2ris6qfzcz0wn.cloudfront.net\/wp-content\/uploads\/sites\/24\/2025\/05\/tasklist_blue_V01-150x150.png 150w\" sizes=\"(max-width: 300px) 100vw, 300px\" \/><\/figure>\n\n\n\n<h3 class=\"wp-block-heading has-text-align-center\">Biztons\u00e1gi reakci\u00f3<\/h3>\n\n\n\n<p class=\"has-text-align-center\">\u00dcgyfeleink kik\u00e9pezhetik csapataikat a megfelel\u0151 reakci\u00f3ra.<\/p>\n<\/div>\n\n\n\n<div class=\"wp-block-column is-layout-flow wp-block-column-is-layout-flow\">\n<figure class=\"wp-block-image aligncenter size-full is-resized\"><img decoding=\"async\" width=\"300\" height=\"300\" src=\"https:\/\/d2ris6qfzcz0wn.cloudfront.net\/wp-content\/uploads\/sites\/24\/2025\/05\/magnifying_blue_V01-1.png\" alt=\"\" class=\"wp-image-19764\" style=\"width:140px;height:auto\" srcset=\"https:\/\/d2ris6qfzcz0wn.cloudfront.net\/wp-content\/uploads\/sites\/24\/2025\/05\/magnifying_blue_V01-1.png 300w, https:\/\/d2ris6qfzcz0wn.cloudfront.net\/wp-content\/uploads\/sites\/24\/2025\/05\/magnifying_blue_V01-1-150x150.png 150w\" sizes=\"(max-width: 300px) 100vw, 300px\" \/><\/figure>\n\n\n\n<h3 class=\"wp-block-heading has-text-align-center\">Adatjelent\u00e9s<\/h3>\n\n\n\n<p class=\"has-text-align-center\">Napl\u00f3zza az \u00f6sszes esem\u00e9nyt, k\u00e9sz jelent\u00e9seket k\u00e9sz\u00edt.<\/p>\n<\/div>\n<\/div>\n\n\n\n<p class=\"has-text-align-center has-white-color has-dark-blue-background-color has-text-color has-background has-link-color has-link-small-font-size wp-elements-d32c5ba6563324f5c28f2b1366bb07f1\"><strong>A Workwear Alarm alapcsomag tartalmaz egy rendszeregys\u00e9get, egy riaszt\u00e1si modult (f\u00e9ny- \u00e9s hangfunkci\u00f3val) \u00e9s egy RFID-antenn\u00e1t, amely nagyobb ter\u00fcletekhez b\u0151v\u00edthet\u0151. Biztons\u00e1gi okokb\u00f3l a riaszt\u00e1si modul csak a f\u00e9nyfunkci\u00f3t haszn\u00e1lja belt\u00e9ren, m\u00edg k\u00fclt\u00e9ri haszn\u00e1latra a hangjelz\u00e9s is enged\u00e9lyezhet\u0151. A rendszer gyorsan telep\u00edthet\u0151, integr\u00e1lhat\u00f3 a megl\u00e9v\u0151 munkafolyamatokba, \u00e9s minim\u00e1lis m\u0171szaki szak\u00e9rtelmet ig\u00e9nyel. <\/strong><\/p>\n\n\n\n<div aria-hidden=\"true\" class=\"wp-block-fsb-flexible-spacer fsb-flexible-spacer\"><div class=\"fsb-flexible-spacer__device fsb-flexible-spacer__device--lg\" style=\"height:48px\"><\/div><div class=\"fsb-flexible-spacer__device fsb-flexible-spacer__device--md\" style=\"height:50px\"><\/div><div class=\"fsb-flexible-spacer__device fsb-flexible-spacer__device--sm\" style=\"height:51px\"><\/div><\/div>\n\n\n\n<p>Ilari hangs\u00falyozza, hogy a Workwear Alarm akt\u00edv k\u00f6zrem\u0171k\u00f6d\u00e9st ig\u00e9nyel az \u00fcgyfelek r\u00e9sz\u00e9r\u0151l. <\/p>\n\n\n\n<blockquote class=\"wp-block-quote is-layout-flow wp-block-quote-is-layout-flow\">\n<p>\u201eA rendszer adatokat gy\u0171jt, \u00e9s jelzi a helyis\u00e9geket elhagy\u00f3 ruhadarabokat, de az \u00fcgyfeleken m\u00falik, hogy d\u00f6ntsenek arr\u00f3l, hogyan cselekednek az inform\u00e1ci\u00f3 alapj\u00e1n.\u201d<\/p>\n<\/blockquote>\n\n\n\n<p>Gyakran f\u00e9lre\u00e9rt\u00e9sek mer\u00fclnek fel, amikor az alkalmazottak nem tudj\u00e1k, hogyan m\u0171k\u00f6dik a Lindstr\u00f6m munkaruha szolg\u00e1ltat\u00e1sa. Ez\u00e9rt kulcsfontoss\u00e1g\u00fa az alkalmazottak tudatoss\u00e1ga &#8211; a csapatoknak meg kell \u00e9rteni\u00fck, hogy a ruh\u00e1kat nem arra sz\u00e1nj\u00e1k, hogy hazavigy\u00e9k \u0151ket. Ha a biztons\u00e1gi szem\u00e9lyzetet is bevonj\u00e1k, megfelel\u0151 k\u00e9pz\u00e9st kell kapniuk a beavatkoz\u00e1sok kezel\u00e9s\u00e9r\u0151l.<\/p>\n\n\n\n<div class=\"inherit-container-width wp-block-group is-style-default has-border-color has-dark-blue-border-color is-layout-constrained wp-container-core-group-is-layout-d0ad648c wp-block-group-is-layout-constrained\" style=\"border-width:3px;margin-top:var(--wp--preset--spacing--60);margin-bottom:var(--wp--preset--spacing--60);padding-top:0;padding-right:var(--wp--preset--spacing--80);padding-bottom:0;padding-left:var(--wp--preset--spacing--80)\">\n<h3 class=\"wp-block-heading\" style=\"padding-top:0;padding-bottom:0\"><strong>Pilot tapasztalatok: <\/strong><\/h3>\n\n\n\n<p class=\"has-green-color has-text-color has-link-color has-title-font-size wp-elements-12b6cc1c65f6ccacc8c51d5a680e5b86\"><strong>A Workwear Alarm 60%-kal cs\u00f6kkentette a munkaruha vesztes\u00e9get<\/strong><\/p>\n\n\n\n<p>2024-ben munkaruh\u00e1zati csapatunk egy csehorsz\u00e1gi \u00e9lelmiszeripari v\u00e1llalatn\u00e1l k\u00eds\u00e9rleti jelleggel hat h\u00f3napon kereszt\u00fcl tesztelte a Workwear Alarm rendszert \u00e9s annak megb\u00edzhat\u00f3s\u00e1g\u00e1t. <\/p>\n\n\n\n<div style=\"height:30px\" aria-hidden=\"true\" class=\"wp-block-spacer\"><\/div>\n\n\n\n<blockquote class=\"wp-block-quote is-layout-flow wp-block-quote-is-layout-flow\">\n<p>\u201eA <a href=\"https:\/\/lindstromgroup.com\/hu\/szolgaltatasok\/alarm-munkaruha-monitoring\/\">Workwear Alarm bevezet\u00e9se hatalmas m\u00e9rf\u00f6ldk\u0151<\/a>, mivel ezt a technol\u00f3gi\u00e1t h\u00e1zon bel\u00fcl fejlesztett\u00fck ki, \u00e9s a k\u00eds\u00e9rleti projekt meger\u0151s\u00edtette a megval\u00f3s\u00edthat\u00f3s\u00e1g\u00e1t.\u201d &#8211; mondja Ilari.<\/p>\n<\/blockquote>\n\n\n\n<div style=\"height:30px\" aria-hidden=\"true\" class=\"wp-block-spacer\"><\/div>\n\n\n\n<p>Egy vihar okozta \u00e1ramsz\u00fcnet p\u00e9ld\u00e1ul \u00e1tmenetileg megzavarta az adatgy\u0171jt\u00e9st a k\u00eds\u00e9rleti helysz\u00ednen, de a rendszer egy t\u00e1voli \u00fajraind\u00edt\u00e1ssal gyorsan teljes m\u00e9rt\u00e9kben m\u0171k\u00f6d\u0151k\u00e9pess\u00e9 v\u00e1lt, \u00e9s minden kritikus adatot meg\u0151rz\u00f6tt.<\/p>\n\n\n\n<p>A pilot projekt azt is megmutatta, hogy a Workwear Alarm milyen hat\u00e9konyan k\u00e9pes megoldani az \u00fcgyf\u00e9l elveszett munkaruh\u00e1kkal kapcsolatos kih\u00edv\u00e1s\u00e1t:<\/p>\n\n\n\n<div style=\"height:30px\" aria-hidden=\"true\" class=\"wp-block-spacer\"><\/div>\n\n\n\n<blockquote class=\"wp-block-quote is-layout-flow wp-block-quote-is-layout-flow\">\n<p>Az els\u0151 h\u00e9ten a rendszer ugyan m\u00e1r m\u0171k\u00f6d\u00f6tt, de a dolgoz\u00f3k nem tudtak r\u00f3la, \u00e9s a biztons\u00e1giak sem reag\u00e1ltak. Ekkor naponta ak\u00e1r 160 ruhanem\u0171 is ki-be mozgott. Amint a rendszer teljes m\u00e9rt\u00e9kben elindult, a dolgoz\u00f3kat t\u00e1j\u00e9koztatt\u00e1k, \u00e9s a biztons\u00e1giak elkezdtek reag\u00e1lni a riaszt\u00e1sokra. Ezut\u00e1n ez a sz\u00e1m mind\u00f6ssze napi 20 ruhadarabra cs\u00f6kkent.<\/p>\n<\/blockquote>\n\n\n\n<div style=\"height:30px\" aria-hidden=\"true\" class=\"wp-block-spacer\"><\/div>\n<\/div>\n\n\n\n<h2 class=\"wp-block-heading\"><strong>A Workwear Alarm legf\u0151bb el\u0151nyei<\/strong>&nbsp;<\/h2>\n\n\n\n            <div \n            id=\"accordions-block_d4f90eed5fadd2dfe35231f70e9cf56c\" \n            class=\"accordions\"\n        >\n                            \n        <div class='accordion__item'>\n            <div class='item__header'>\n            <span class='header__icon material-symbols-outlined'>add<\/span>\n                <h4 class='header__title'>\n                    A ruhadarabok elveszt\u00e9s\u00e9nek megel\u0151z\u00e9se \n                <\/h4>                                \n            <\/div>\n            <div class='item__content item__content--open'>\n                <div class='content__description'>\n                    <p>Ha t\u00fal sok id\u0151t t\u00f6lt a hi\u00e1nyz\u00f3 ruhadarabok nyomon k\u00f6vet\u00e9s\u00e9vel, a Workwear Alarm egyszer\u0171 megold\u00e1st k\u00edn\u00e1l. Cs\u00f6kkenti a munkaruh\u00e1k elvitel\u00e9nek kock\u00e1zat\u00e1t, \u00e9s seg\u00edt azonos\u00edtani, hogy hol lehet probl\u00e9ma.<\/p>\n<p>\u201eA ruhaveszt\u00e9s gyakori jele, hogy az alkalmazottak panaszkodnak a tiszta munkaruh\u00e1zat hi\u00e1ny\u00e1ra, ami arra k\u00e9szteti az \u00fcgyfelet, hogy feleslegesen rendeljen p\u00f3tl\u00e1st\u201d &#8211; mondja Ilari.<\/p>\n<p>Ha a Lindstr\u00f6m ruhadarabok elt\u0171nnek, az \u00fcgyfelek felel\u0151sek a p\u00f3tl\u00e1si d\u00edjak\u00e9rt. A Workwear Alarm seg\u00edts\u00e9g\u00e9vel azonban \u00e1tl\u00e1that\u00f3s\u00e1got nyerhet a ruh\u00e1zati cikkek nyomon k\u00f6vet\u00e9s\u00e9hez \u00e9s annak biztos\u00edt\u00e1s\u00e1hoz, hogy azok mindig rendelkez\u00e9sre \u00e1lljanak, \u00edgy cs\u00f6kkentheti a hi\u00e1nyz\u00f3 ruhadarabok visszat\u00e9r\u00edt\u00e9si k\u00f6lts\u00e9geit.<\/p>\n\n                <\/div>\n            <\/div>\n        <\/div>\n                                \n        <div class='accordion__item'>\n            <div class='item__header'>\n            <span class='header__icon material-symbols-outlined'>add<\/span>\n                <h4 class='header__title'>\n                    A higi\u00e9niai el\u0151\u00edr\u00e1sok betart\u00e1sa \n                <\/h4>                                \n            <\/div>\n            <div class='item__content item__content--open'>\n                <div class='content__description'>\n                    <p>B\u00e1r a munkaruh\u00e1k elt\u0171nhetnek, ez nem mindig jelenti azt, hogy ellopt\u00e1k \u0151ket. \u201eLehet, hogy otthon kimost\u00e1k \u0151ket &#8211; vagy egy\u00e1ltal\u00e1n nem most\u00e1k ki -, ami vesz\u00e9lyezteti a tisztas\u00e1got, \u00e9s s\u00falyos k\u00f6vetkezm\u00e9nyekkel j\u00e1rhat.\u201d &#8211; mondja Ilari. Minden egyes alkalommal, amikor a ruhadarabokat hazaviszik, majd visszaviszik a gy\u00e1rt\u00e1si ter\u00fcletre, az vesz\u00e9lyezteti a higi\u00e9niai \u00e9s gy\u00e1rt\u00e1si szabv\u00e1nyokat.&#8221;<\/p>\n<p>A Workwear Alarm biztos\u00edtja, hogy a ruhadarabokat szakszer\u0171en tiszt\u00edts\u00e1k \u00e9s csak a helysz\u00ednen viselj\u00e9k. Emellett egy\u00e9rtelm\u0171, ellen\u0151rizhet\u0151 nyilv\u00e1ntart\u00e1st vezet a ruhadarabok kezel\u00e9s\u00e9r\u0151l, biztos\u00edtva a higi\u00e9niai el\u0151\u00edr\u00e1soknak \u00e9s az olyan ipar\u00e1gi szabv\u00e1nyoknak val\u00f3 megfelel\u00e9st, mint a Nemzetk\u00f6zi Kiemelt Szabv\u00e1ny (<a href=\"https:\/\/www.nsf.org\/food-beverage\/ifs\">International Featured Standard &#8211; IFS<\/a>).<\/p>\n<p>Az el\u0151\u00edr\u00e1sok betart\u00e1s\u00e1n t\u00fal a Workwear Alarm a fogyaszt\u00f3k biztons\u00e1ga \u00e9s a term\u00e9kmin\u0151s\u00e9g ir\u00e1nti elk\u00f6telezetts\u00e9g\u00e9t is mutatja.<\/p>\n\n                <\/div>\n            <\/div>\n        <\/div>\n                                \n        <div class='accordion__item'>\n            <div class='item__header'>\n            <span class='header__icon material-symbols-outlined'>add<\/span>\n                <h4 class='header__title'>\n                    Tartsa biztons\u00e1gban az alkalmazottakat\n                <\/h4>                                \n            <\/div>\n            <div class='item__content item__content--open'>\n                <div class='content__description'>\n                    <p>A Workwear Alarm megakad\u00e1lyozza, hogy a dolgoz\u00f3k otthon moss\u00e1k munkaruh\u00e1ikat, \u00edgy biztos\u00edtva, hogy a ruh\u00e1zat v\u00e9d\u0151funkci\u00f3i s\u00e9rtetlenek maradjanak, ami a nagy kock\u00e1zat\u00fa ipar\u00e1gakban l\u00e9tfontoss\u00e1g\u00fa. &#8222;Az olyan k\u00f6rnyezetekben, mint p\u00e9ld\u00e1ul a gy\u00e1rak, ahol az alkalmazottak hegeszt\u00e9ssel foglalkoznak, a ruh\u00e1zat gyakran l\u00e1ng\u00e1ll\u00f3 kezel\u00e9ssel van ell\u00e1tva, amelyet a professzion\u00e1lis mos\u00e1s sor\u00e1n megfelel\u0151en kell kezelni. En\u00e9lk\u00fcl az alkalmazottak biztons\u00e1ga vesz\u00e9lyben van.&#8221; &#8211; mondja Ilari.<\/p>\n<p>Ha a munkaruh\u00e1t az utas\u00edt\u00e1soknak megfelel\u0151en haszn\u00e1lj\u00e1k, a Lindstr\u00f6m biztos\u00edtja a megfelel\u0151 \u00e9s id\u0151ben t\u00f6rt\u00e9n\u0151 tiszt\u00edt\u00e1st, \u00edgy seg\u00edt betartani a biztons\u00e1gi el\u0151\u00edr\u00e1sokat, \u00e9s megv\u00e9di az alkalmazottakat a munkahelyi vesz\u00e9lyekt\u0151l. A rendszeres ellen\u0151rz\u00e9s \u00e9s karbantart\u00e1s azt is megakad\u00e1lyozza, hogy a mindennapi kop\u00e1s vesz\u00e9lyeztesse a biztons\u00e1got.<\/p>\n\n                <\/div>\n            <\/div>\n        <\/div>\n                                \n        <div class='accordion__item'>\n            <div class='item__header'>\n            <span class='header__icon material-symbols-outlined'>add<\/span>\n                <h4 class='header__title'>\n                    Jav\u00edtja a fenntarthat\u00f3s\u00e1got \n                <\/h4>                                \n            <\/div>\n            <div class='item__content item__content--open'>\n                <div class='content__description'>\n                    <p>A fenntarthat\u00f3s\u00e1g egyre fontosabb \u00fcgyfeleink sz\u00e1m\u00e1ra, \u00e9s mi elk\u00f6telezettek vagyunk amellett, hogy minden, amit tesz\u00fcnk, <a href=\"https:\/\/lindstromgroup.com\/hu\/felelossegvallalas\/\">seg\u00edts\u00fck \u00fcgyfeleinket a fenntarthat\u00f3 fejl\u0151d\u00e9sben<\/a>. A Workwear Alarm a ruh\u00e1zati cikkek \u00e9lettartam\u00e1nak meghosszabb\u00edt\u00e1s\u00e1val t\u00e1mogatja ezt. A megfelel\u0151 tiszt\u00edt\u00e1s \u00e9s karbantart\u00e1s biztos\u00edt\u00e1s\u00e1val cs\u00f6kkentheti a gyakori cser\u00e9k sz\u00fcks\u00e9gess\u00e9g\u00e9t.<\/p>\n<p>A megfelel\u0151 mos\u00f3szerek \u00e9s elj\u00e1r\u00e1sok haszn\u00e1lata szint\u00e9n seg\u00edt meg\u0151rizni a munkaruh\u00e1t, minimaliz\u00e1lja a hullad\u00e9kot \u00e9s t\u00e1mogatja fenntarthat\u00f3s\u00e1gi c\u00e9ljait.<\/p>\n<p><strong>\u00a0<\/strong><\/p>\n\n                <\/div>\n            <\/div>\n        <\/div>\n                        <\/div>\n    \n\n\n<h2 class=\"wp-block-heading\"><\/h2>\n\n\n\n<div style=\"height:50px\" aria-hidden=\"true\" class=\"wp-block-spacer\"><\/div>\n\n\n\n    <div \n        id=\"cta-with-image-block_8bb6c00c8e9f4375f60adcc5cd726652\" \n        class=\"cta-with-image\"\n    >\n        <div class=\"cta__content\" style=\"color: #222222; background-color: #ffffff\">\n            <div class=\"content__title\">Munkaruha, ami \u00d6n\u00e9rt dolgozik. <\/div>\n            <div class=\"content__description\">Tartsa mindig munkaruh\u00e1j\u00e1t a megfelel\u0151 helyen, ahov\u00e1 val\u00f3 &#8211; a helysz\u00ednen, tiszt\u00e1n \u00e9s haszn\u00e1latra k\u00e9szen.<\/div>\n            <div class=\"content__button-links\">\n                                    <div class=\"button-link\">\n                        <a \n                            href=\"https:\/\/lindstromgroup.com\/hu\/szolgaltatasok\/munkaruha-szolgaltatas\/\" \n                            style=\"background-color: #e52330; color: #FFFFFF; border: 2px solid \"\n                        >\n                            Megn\u00e9zem!                        <\/a>\n                    <\/div>\n                            <\/div>\n        <\/div>\n        <div class=\"cta__image\"><img decoding=\"async\" src=\"https:\/\/d2ris6qfzcz0wn.cloudfront.net\/wp-content\/uploads\/sites\/24\/2024\/12\/rfid-munkaruha.jpg\" alt=\"\" \/><\/div>\n    <\/div>\n\n\n\n<div aria-hidden=\"true\" class=\"wp-block-fsb-flexible-spacer fsb-flexible-spacer\"><div class=\"fsb-flexible-spacer__device fsb-flexible-spacer__device--lg\" style=\"height:50px\"><\/div><div class=\"fsb-flexible-spacer__device fsb-flexible-spacer__device--md\" style=\"height:51px\"><\/div><div class=\"fsb-flexible-spacer__device fsb-flexible-spacer__device--sm\" style=\"height:53px\"><\/div><\/div>\n\n\n\n<p><\/p>\n","protected":false},"excerpt":{"rendered":"<p>Belef\u00e1radt m\u00e1r a hi\u00e1nyz\u00f3 munkaruh\u00e1k kutat\u00e1s\u00e1ba? Agg\u00f3dik a higi\u00e9niai el\u0151\u00edr\u00e1sok betart\u00e1sa miatt? A munkaruh\u00e1zat kezel\u00e9se az olyan szab\u00e1lyozott ipar\u00e1gakban, mint p\u00e9ld\u00e1ul az \u00e9lelmiszer-el\u0151\u00e1ll\u00edt\u00e1s, \u00e9ppen el\u00e9g&#8230;<\/p>\n","protected":false},"author":14,"featured_media":19805,"comment_status":"closed","ping_status":"open","sticky":false,"template":"","format":"standard","meta":{"_acf_changed":false,"inline_featured_image":false,"_eb_attr":"","site-sidebar-layout":"default","site-content-layout":"default","ast-site-content-layout":"default","site-content-style":"default","site-sidebar-style":"default","ast-global-header-display":"","ast-banner-title-visibility":"","ast-main-header-display":"","ast-hfb-above-header-display":"","ast-hfb-below-header-display":"","ast-hfb-mobile-header-display":"","site-post-title":"","ast-breadcrumbs-content":"","ast-featured-img":"","footer-sml-layout":"","ast-disable-related-posts":"","theme-transparent-header-meta":"","adv-header-id-meta":"","stick-header-meta":"","header-above-stick-meta":"","header-main-stick-meta":"","header-below-stick-meta":"","astra-migrate-meta-layouts":"default","ast-page-background-enabled":"default","ast-page-background-meta":{"desktop":{"background-color":"var(--ast-global-color-4)","background-image":"","background-repeat":"repeat","background-position":"center center","background-size":"auto","background-attachment":"scroll","background-type":"","background-media":"","overlay-type":"","overlay-color":"","overlay-opacity":"","overlay-gradient":""},"tablet":{"background-color":"","background-image":"","background-repeat":"repeat","background-position":"center center","background-size":"auto","background-attachment":"scroll","background-type":"","background-media":"","overlay-type":"","overlay-color":"","overlay-opacity":"","overlay-gradient":""},"mobile":{"background-color":"","background-image":"","background-repeat":"repeat","background-position":"center center","background-size":"auto","background-attachment":"scroll","background-type":"","background-media":"","overlay-type":"","overlay-color":"","overlay-opacity":"","overlay-gradient":""}},"ast-content-background-meta":{"desktop":{"background-color":"var(--ast-global-color-5)","background-image":"","background-repeat":"repeat","background-position":"center center","background-size":"auto","background-attachment":"scroll","background-type":"","background-media":"","overlay-type":"","overlay-color":"","overlay-opacity":"","overlay-gradient":""},"tablet":{"background-color":"var(--ast-global-color-5)","background-image":"","background-repeat":"repeat","background-position":"center center","background-size":"auto","background-attachment":"scroll","background-type":"","background-media":"","overlay-type":"","overlay-color":"","overlay-opacity":"","overlay-gradient":""},"mobile":{"background-color":"var(--ast-global-color-5)","background-image":"","background-repeat":"repeat","background-position":"center center","background-size":"auto","background-attachment":"scroll","background-type":"","background-media":"","overlay-type":"","overlay-color":"","overlay-opacity":"","overlay-gradient":""}},"footnotes":""},"categories":[14],"tags":[60,59,33,32],"coauthors":[20],"class_list":["post-19519","post","type-post","status-publish","format-standard","has-post-thumbnail","hentry","category-cikkek","tag-biztonsag","tag-elindstrom","tag-higienia","tag-munkaruha"],"acf":[],"yoast_head":"<!-- This site is optimized with the Yoast SEO plugin v27.2 - https:\/\/yoast.com\/product\/yoast-seo-wordpress\/ -->\n<title>Bemutatkozik az Alarm monitoring, a higi\u00e9nikus \u00e9s biztons\u00e1gos munkaruh\u00e1zat kulcsa - Lindstr\u00f6m Magyarorsz\u00e1g<\/title>\n<meta name=\"description\" content=\"\u00daj rendszer\u00fcnk biztos\u00edtja, hogy az munkav\u00e1llal\u00f3k ne vigy\u00e9k ki a munkaruh\u00e1zatot a telephelyr\u0151l, \u00e9s hogy minden munkaruha szakszer\u0171en legyen tiszt\u00edtva \u00e9s karbantartva.\" \/>\n<meta name=\"robots\" content=\"index, follow, max-snippet:-1, max-image-preview:large, max-video-preview:-1\" \/>\n<meta property=\"og:locale\" content=\"hu_HU\" \/>\n<meta property=\"og:type\" content=\"article\" \/>\n<meta property=\"og:title\" content=\"Bemutatkozik az Alarm monitoring, a higi\u00e9nikus \u00e9s biztons\u00e1gos munkaruh\u00e1zat kulcsa - Lindstr\u00f6m Magyarorsz\u00e1g\" \/>\n<meta property=\"og:description\" content=\"\u00daj rendszer\u00fcnk biztos\u00edtja, hogy az munkav\u00e1llal\u00f3k ne vigy\u00e9k ki a munkaruh\u00e1zatot a telephelyr\u0151l, \u00e9s hogy minden munkaruha szakszer\u0171en legyen tiszt\u00edtva \u00e9s karbantartva.\" \/>\n<meta property=\"og:url\" content=\"https:\/\/lindstromgroup.com\/hu\/cikkek\/bemutatkozik-a-workwear-alarm\/\" \/>\n<meta property=\"og:site_name\" content=\"Lindstr\u00f6m Magyarorsz\u00e1g\" \/>\n<meta property=\"article:published_time\" content=\"2025-05-06T04:05:54+00:00\" \/>\n<meta property=\"article:modified_time\" content=\"2025-05-06T10:51:10+00:00\" \/>\n<meta property=\"og:image\" content=\"https:\/\/lindstrom-sites.s3.eu-north-1.amazonaws.com\/wp-content\/uploads\/sites\/24\/2025\/05\/HU_Linet_header.png\" \/>\n\t<meta property=\"og:image:width\" content=\"1920\" \/>\n\t<meta property=\"og:image:height\" content=\"480\" \/>\n\t<meta property=\"og:image:type\" content=\"image\/png\" \/>\n<meta name=\"author\" content=\"Lindstr\u00f6m Group\" \/>\n<meta name=\"twitter:card\" content=\"summary_large_image\" \/>\n<meta name=\"twitter:label1\" content=\"Szerz\u0151:\" \/>\n\t<meta name=\"twitter:data1\" content=\"Lindstr\u00f6m Group\" \/>\n\t<meta name=\"twitter:label2\" content=\"Becs\u00fclt olvas\u00e1si id\u0151\" \/>\n\t<meta name=\"twitter:data2\" content=\"6 perc\" \/>\n\t<meta name=\"twitter:label3\" content=\"Written by\" \/>\n\t<meta name=\"twitter:data3\" content=\"Lindstr\u00f6m Group\" \/>\n<script type=\"application\/ld+json\" class=\"yoast-schema-graph\">{\"@context\":\"https:\/\/schema.org\",\"@graph\":[{\"@type\":\"Article\",\"@id\":\"https:\/\/lindstromgroup.com\/hu\/cikkek\/bemutatkozik-a-workwear-alarm\/#article\",\"isPartOf\":{\"@id\":\"https:\/\/lindstromgroup.com\/hu\/cikkek\/bemutatkozik-a-workwear-alarm\/\"},\"author\":{\"name\":\"Lindstr\u00f6m Group\",\"@id\":\"https:\/\/lindstromgroup.com\/hu\/#\/schema\/person\/9111900e3f15be99cf4a104112bf0bc3\"},\"headline\":\"Bemutatkozik az Alarm monitoring, a higi\u00e9nikus \u00e9s biztons\u00e1gos munkaruh\u00e1zat kulcsa\",\"datePublished\":\"2025-05-06T04:05:54+00:00\",\"dateModified\":\"2025-05-06T10:51:10+00:00\",\"mainEntityOfPage\":{\"@id\":\"https:\/\/lindstromgroup.com\/hu\/cikkek\/bemutatkozik-a-workwear-alarm\/\"},\"wordCount\":789,\"publisher\":{\"@id\":\"https:\/\/lindstromgroup.com\/hu\/#organization\"},\"image\":{\"@id\":\"https:\/\/lindstromgroup.com\/hu\/cikkek\/bemutatkozik-a-workwear-alarm\/#primaryimage\"},\"thumbnailUrl\":\"https:\/\/d2ris6qfzcz0wn.cloudfront.net\/wp-content\/uploads\/sites\/24\/2025\/05\/HU_Linet_header.png\",\"keywords\":[\"#biztons\u00e1g\",\"#eLindstr\u00f6m\",\"#higi\u00e9nia\",\"#munkaruha\"],\"articleSection\":[\"Cikkek\"],\"inLanguage\":\"hu\"},{\"@type\":\"WebPage\",\"@id\":\"https:\/\/lindstromgroup.com\/hu\/cikkek\/bemutatkozik-a-workwear-alarm\/\",\"url\":\"https:\/\/lindstromgroup.com\/hu\/cikkek\/bemutatkozik-a-workwear-alarm\/\",\"name\":\"Bemutatkozik az Alarm monitoring, a higi\u00e9nikus \u00e9s biztons\u00e1gos munkaruh\u00e1zat kulcsa - Lindstr\u00f6m Magyarorsz\u00e1g\",\"isPartOf\":{\"@id\":\"https:\/\/lindstromgroup.com\/hu\/#website\"},\"primaryImageOfPage\":{\"@id\":\"https:\/\/lindstromgroup.com\/hu\/cikkek\/bemutatkozik-a-workwear-alarm\/#primaryimage\"},\"image\":{\"@id\":\"https:\/\/lindstromgroup.com\/hu\/cikkek\/bemutatkozik-a-workwear-alarm\/#primaryimage\"},\"thumbnailUrl\":\"https:\/\/d2ris6qfzcz0wn.cloudfront.net\/wp-content\/uploads\/sites\/24\/2025\/05\/HU_Linet_header.png\",\"datePublished\":\"2025-05-06T04:05:54+00:00\",\"dateModified\":\"2025-05-06T10:51:10+00:00\",\"description\":\"\u00daj rendszer\u00fcnk biztos\u00edtja, hogy az munkav\u00e1llal\u00f3k ne vigy\u00e9k ki a munkaruh\u00e1zatot a telephelyr\u0151l, \u00e9s hogy minden munkaruha szakszer\u0171en legyen tiszt\u00edtva \u00e9s karbantartva.\",\"breadcrumb\":{\"@id\":\"https:\/\/lindstromgroup.com\/hu\/cikkek\/bemutatkozik-a-workwear-alarm\/#breadcrumb\"},\"inLanguage\":\"hu\",\"potentialAction\":[{\"@type\":\"ReadAction\",\"target\":[\"https:\/\/lindstromgroup.com\/hu\/cikkek\/bemutatkozik-a-workwear-alarm\/\"]}]},{\"@type\":\"ImageObject\",\"inLanguage\":\"hu\",\"@id\":\"https:\/\/lindstromgroup.com\/hu\/cikkek\/bemutatkozik-a-workwear-alarm\/#primaryimage\",\"url\":\"https:\/\/d2ris6qfzcz0wn.cloudfront.net\/wp-content\/uploads\/sites\/24\/2025\/05\/HU_Linet_header.png\",\"contentUrl\":\"https:\/\/d2ris6qfzcz0wn.cloudfront.net\/wp-content\/uploads\/sites\/24\/2025\/05\/HU_Linet_header.png\",\"width\":1920,\"height\":480},{\"@type\":\"BreadcrumbList\",\"@id\":\"https:\/\/lindstromgroup.com\/hu\/cikkek\/bemutatkozik-a-workwear-alarm\/#breadcrumb\",\"itemListElement\":[{\"@type\":\"ListItem\",\"position\":1,\"name\":\"Home\",\"item\":\"https:\/\/lindstromgroup.com\/hu\/\"},{\"@type\":\"ListItem\",\"position\":2,\"name\":\"Cikkek\",\"item\":\"https:\/\/lindstromgroup.com\/hu\/category\/cikkek\/\"},{\"@type\":\"ListItem\",\"position\":3,\"name\":\"Bemutatkozik az Alarm monitoring, a higi\u00e9nikus \u00e9s biztons\u00e1gos munkaruh\u00e1zat kulcsa\"}]},{\"@type\":\"WebSite\",\"@id\":\"https:\/\/lindstromgroup.com\/hu\/#website\",\"url\":\"https:\/\/lindstromgroup.com\/hu\/\",\"name\":\"Lindstr\u00f6m Magyarorsz\u00e1g\",\"description\":\"\",\"publisher\":{\"@id\":\"https:\/\/lindstromgroup.com\/hu\/#organization\"},\"potentialAction\":[{\"@type\":\"SearchAction\",\"target\":{\"@type\":\"EntryPoint\",\"urlTemplate\":\"https:\/\/lindstromgroup.com\/hu\/?s={search_term_string}\"},\"query-input\":{\"@type\":\"PropertyValueSpecification\",\"valueRequired\":true,\"valueName\":\"search_term_string\"}}],\"inLanguage\":\"hu\"},{\"@type\":\"Organization\",\"@id\":\"https:\/\/lindstromgroup.com\/hu\/#organization\",\"name\":\"Lindstr\u00f6m Magyarorsz\u00e1g\",\"url\":\"https:\/\/lindstromgroup.com\/hu\/\",\"logo\":{\"@type\":\"ImageObject\",\"inLanguage\":\"hu\",\"@id\":\"https:\/\/lindstromgroup.com\/hu\/#\/schema\/logo\/image\/\",\"url\":\"https:\/\/d2ris6qfzcz0wn.cloudfront.net\/wp-content\/uploads\/sites\/24\/2023\/10\/Logo512.png\",\"contentUrl\":\"https:\/\/d2ris6qfzcz0wn.cloudfront.net\/wp-content\/uploads\/sites\/24\/2023\/10\/Logo512.png\",\"width\":512,\"height\":109,\"caption\":\"Lindstr\u00f6m Magyarorsz\u00e1g\"},\"image\":{\"@id\":\"https:\/\/lindstromgroup.com\/hu\/#\/schema\/logo\/image\/\"}},{\"@type\":\"Person\",\"@id\":\"https:\/\/lindstromgroup.com\/hu\/#\/schema\/person\/9111900e3f15be99cf4a104112bf0bc3\",\"name\":\"Lindstr\u00f6m Group\",\"image\":{\"@type\":\"ImageObject\",\"inLanguage\":\"hu\",\"@id\":\"https:\/\/d2ris6qfzcz0wn.cloudfront.net\/wp-content\/uploads\/sites\/24\/2024\/10\/logo_Red_V01-150x150.pnga8369e4b862ae7e557e8b3dbe56c1712\",\"url\":\"https:\/\/d2ris6qfzcz0wn.cloudfront.net\/wp-content\/uploads\/sites\/24\/2024\/10\/logo_Red_V01-150x150.png\",\"contentUrl\":\"https:\/\/d2ris6qfzcz0wn.cloudfront.net\/wp-content\/uploads\/sites\/24\/2024\/10\/logo_Red_V01-150x150.png\",\"caption\":\"Lindstr\u00f6m Group\"}}]}<\/script>\n<!-- \/ Yoast SEO plugin. -->","yoast_head_json":{"title":"Bemutatkozik az Alarm monitoring, a higi\u00e9nikus \u00e9s biztons\u00e1gos munkaruh\u00e1zat kulcsa - Lindstr\u00f6m Magyarorsz\u00e1g","description":"\u00daj rendszer\u00fcnk biztos\u00edtja, hogy az munkav\u00e1llal\u00f3k ne vigy\u00e9k ki a munkaruh\u00e1zatot a telephelyr\u0151l, \u00e9s hogy minden munkaruha szakszer\u0171en legyen tiszt\u00edtva \u00e9s karbantartva.","robots":{"index":"index","follow":"follow","max-snippet":"max-snippet:-1","max-image-preview":"max-image-preview:large","max-video-preview":"max-video-preview:-1"},"og_locale":"hu_HU","og_type":"article","og_title":"Bemutatkozik az Alarm monitoring, a higi\u00e9nikus \u00e9s biztons\u00e1gos munkaruh\u00e1zat kulcsa - Lindstr\u00f6m Magyarorsz\u00e1g","og_description":"\u00daj rendszer\u00fcnk biztos\u00edtja, hogy az munkav\u00e1llal\u00f3k ne vigy\u00e9k ki a munkaruh\u00e1zatot a telephelyr\u0151l, \u00e9s hogy minden munkaruha szakszer\u0171en legyen tiszt\u00edtva \u00e9s karbantartva.","og_url":"https:\/\/lindstromgroup.com\/hu\/cikkek\/bemutatkozik-a-workwear-alarm\/","og_site_name":"Lindstr\u00f6m Magyarorsz\u00e1g","article_published_time":"2025-05-06T04:05:54+00:00","article_modified_time":"2025-05-06T10:51:10+00:00","og_image":[{"width":1920,"height":480,"url":"https:\/\/lindstrom-sites.s3.eu-north-1.amazonaws.com\/wp-content\/uploads\/sites\/24\/2025\/05\/HU_Linet_header.png","type":"image\/png"}],"author":"Lindstr\u00f6m Group","twitter_card":"summary_large_image","twitter_misc":{"Szerz\u0151:":"Lindstr\u00f6m Group","Becs\u00fclt olvas\u00e1si id\u0151":"6 perc","Written by":"Lindstr\u00f6m Group"},"schema":{"@context":"https:\/\/schema.org","@graph":[{"@type":"Article","@id":"https:\/\/lindstromgroup.com\/hu\/cikkek\/bemutatkozik-a-workwear-alarm\/#article","isPartOf":{"@id":"https:\/\/lindstromgroup.com\/hu\/cikkek\/bemutatkozik-a-workwear-alarm\/"},"author":{"name":"Lindstr\u00f6m Group","@id":"https:\/\/lindstromgroup.com\/hu\/#\/schema\/person\/9111900e3f15be99cf4a104112bf0bc3"},"headline":"Bemutatkozik az Alarm monitoring, a higi\u00e9nikus \u00e9s biztons\u00e1gos munkaruh\u00e1zat kulcsa","datePublished":"2025-05-06T04:05:54+00:00","dateModified":"2025-05-06T10:51:10+00:00","mainEntityOfPage":{"@id":"https:\/\/lindstromgroup.com\/hu\/cikkek\/bemutatkozik-a-workwear-alarm\/"},"wordCount":789,"publisher":{"@id":"https:\/\/lindstromgroup.com\/hu\/#organization"},"image":{"@id":"https:\/\/lindstromgroup.com\/hu\/cikkek\/bemutatkozik-a-workwear-alarm\/#primaryimage"},"thumbnailUrl":"https:\/\/d2ris6qfzcz0wn.cloudfront.net\/wp-content\/uploads\/sites\/24\/2025\/05\/HU_Linet_header.png","keywords":["#biztons\u00e1g","#eLindstr\u00f6m","#higi\u00e9nia","#munkaruha"],"articleSection":["Cikkek"],"inLanguage":"hu"},{"@type":"WebPage","@id":"https:\/\/lindstromgroup.com\/hu\/cikkek\/bemutatkozik-a-workwear-alarm\/","url":"https:\/\/lindstromgroup.com\/hu\/cikkek\/bemutatkozik-a-workwear-alarm\/","name":"Bemutatkozik az Alarm monitoring, a higi\u00e9nikus \u00e9s biztons\u00e1gos munkaruh\u00e1zat kulcsa - Lindstr\u00f6m Magyarorsz\u00e1g","isPartOf":{"@id":"https:\/\/lindstromgroup.com\/hu\/#website"},"primaryImageOfPage":{"@id":"https:\/\/lindstromgroup.com\/hu\/cikkek\/bemutatkozik-a-workwear-alarm\/#primaryimage"},"image":{"@id":"https:\/\/lindstromgroup.com\/hu\/cikkek\/bemutatkozik-a-workwear-alarm\/#primaryimage"},"thumbnailUrl":"https:\/\/d2ris6qfzcz0wn.cloudfront.net\/wp-content\/uploads\/sites\/24\/2025\/05\/HU_Linet_header.png","datePublished":"2025-05-06T04:05:54+00:00","dateModified":"2025-05-06T10:51:10+00:00","description":"\u00daj rendszer\u00fcnk biztos\u00edtja, hogy az munkav\u00e1llal\u00f3k ne vigy\u00e9k ki a munkaruh\u00e1zatot a telephelyr\u0151l, \u00e9s hogy minden munkaruha szakszer\u0171en legyen tiszt\u00edtva \u00e9s karbantartva.","breadcrumb":{"@id":"https:\/\/lindstromgroup.com\/hu\/cikkek\/bemutatkozik-a-workwear-alarm\/#breadcrumb"},"inLanguage":"hu","potentialAction":[{"@type":"ReadAction","target":["https:\/\/lindstromgroup.com\/hu\/cikkek\/bemutatkozik-a-workwear-alarm\/"]}]},{"@type":"ImageObject","inLanguage":"hu","@id":"https:\/\/lindstromgroup.com\/hu\/cikkek\/bemutatkozik-a-workwear-alarm\/#primaryimage","url":"https:\/\/d2ris6qfzcz0wn.cloudfront.net\/wp-content\/uploads\/sites\/24\/2025\/05\/HU_Linet_header.png","contentUrl":"https:\/\/d2ris6qfzcz0wn.cloudfront.net\/wp-content\/uploads\/sites\/24\/2025\/05\/HU_Linet_header.png","width":1920,"height":480},{"@type":"BreadcrumbList","@id":"https:\/\/lindstromgroup.com\/hu\/cikkek\/bemutatkozik-a-workwear-alarm\/#breadcrumb","itemListElement":[{"@type":"ListItem","position":1,"name":"Home","item":"https:\/\/lindstromgroup.com\/hu\/"},{"@type":"ListItem","position":2,"name":"Cikkek","item":"https:\/\/lindstromgroup.com\/hu\/category\/cikkek\/"},{"@type":"ListItem","position":3,"name":"Bemutatkozik az Alarm monitoring, a higi\u00e9nikus \u00e9s biztons\u00e1gos munkaruh\u00e1zat kulcsa"}]},{"@type":"WebSite","@id":"https:\/\/lindstromgroup.com\/hu\/#website","url":"https:\/\/lindstromgroup.com\/hu\/","name":"Lindstr\u00f6m Magyarorsz\u00e1g","description":"","publisher":{"@id":"https:\/\/lindstromgroup.com\/hu\/#organization"},"potentialAction":[{"@type":"SearchAction","target":{"@type":"EntryPoint","urlTemplate":"https:\/\/lindstromgroup.com\/hu\/?s={search_term_string}"},"query-input":{"@type":"PropertyValueSpecification","valueRequired":true,"valueName":"search_term_string"}}],"inLanguage":"hu"},{"@type":"Organization","@id":"https:\/\/lindstromgroup.com\/hu\/#organization","name":"Lindstr\u00f6m Magyarorsz\u00e1g","url":"https:\/\/lindstromgroup.com\/hu\/","logo":{"@type":"ImageObject","inLanguage":"hu","@id":"https:\/\/lindstromgroup.com\/hu\/#\/schema\/logo\/image\/","url":"https:\/\/d2ris6qfzcz0wn.cloudfront.net\/wp-content\/uploads\/sites\/24\/2023\/10\/Logo512.png","contentUrl":"https:\/\/d2ris6qfzcz0wn.cloudfront.net\/wp-content\/uploads\/sites\/24\/2023\/10\/Logo512.png","width":512,"height":109,"caption":"Lindstr\u00f6m Magyarorsz\u00e1g"},"image":{"@id":"https:\/\/lindstromgroup.com\/hu\/#\/schema\/logo\/image\/"}},{"@type":"Person","@id":"https:\/\/lindstromgroup.com\/hu\/#\/schema\/person\/9111900e3f15be99cf4a104112bf0bc3","name":"Lindstr\u00f6m Group","image":{"@type":"ImageObject","inLanguage":"hu","@id":"https:\/\/d2ris6qfzcz0wn.cloudfront.net\/wp-content\/uploads\/sites\/24\/2024\/10\/logo_Red_V01-150x150.pnga8369e4b862ae7e557e8b3dbe56c1712","url":"https:\/\/d2ris6qfzcz0wn.cloudfront.net\/wp-content\/uploads\/sites\/24\/2024\/10\/logo_Red_V01-150x150.png","contentUrl":"https:\/\/d2ris6qfzcz0wn.cloudfront.net\/wp-content\/uploads\/sites\/24\/2024\/10\/logo_Red_V01-150x150.png","caption":"Lindstr\u00f6m Group"}}]}},"publishpress_future_workflow_manual_trigger":{"enabledWorkflows":[]},"distributor_meta":false,"distributor_terms":false,"distributor_media":false,"distributor_original_site_name":"Lindstr\u00f6m Magyarorsz\u00e1g","distributor_original_site_url":"https:\/\/lindstromgroup.com\/hu","push-errors":false,"_links":{"self":[{"href":"https:\/\/lindstromgroup.com\/hu\/wp-json\/wp\/v2\/posts\/19519","targetHints":{"allow":["GET"]}}],"collection":[{"href":"https:\/\/lindstromgroup.com\/hu\/wp-json\/wp\/v2\/posts"}],"about":[{"href":"https:\/\/lindstromgroup.com\/hu\/wp-json\/wp\/v2\/types\/post"}],"author":[{"embeddable":true,"href":"https:\/\/lindstromgroup.com\/hu\/wp-json\/wp\/v2\/users\/14"}],"replies":[{"embeddable":true,"href":"https:\/\/lindstromgroup.com\/hu\/wp-json\/wp\/v2\/comments?post=19519"}],"version-history":[{"count":0,"href":"https:\/\/lindstromgroup.com\/hu\/wp-json\/wp\/v2\/posts\/19519\/revisions"}],"wp:featuredmedia":[{"embeddable":true,"href":"https:\/\/lindstromgroup.com\/hu\/wp-json\/wp\/v2\/media\/19805"}],"wp:attachment":[{"href":"https:\/\/lindstromgroup.com\/hu\/wp-json\/wp\/v2\/media?parent=19519"}],"wp:term":[{"taxonomy":"category","embeddable":true,"href":"https:\/\/lindstromgroup.com\/hu\/wp-json\/wp\/v2\/categories?post=19519"},{"taxonomy":"post_tag","embeddable":true,"href":"https:\/\/lindstromgroup.com\/hu\/wp-json\/wp\/v2\/tags?post=19519"},{"taxonomy":"author","embeddable":true,"href":"https:\/\/lindstromgroup.com\/hu\/wp-json\/wp\/v2\/coauthors?post=19519"}],"curies":[{"name":"wp","href":"https:\/\/api.w.org\/{rel}","templated":true}]}}