
    {"id":19364,"date":"2024-12-23T08:00:26","date_gmt":"2024-12-23T07:00:26","guid":{"rendered":"https:\/\/lindstromgroup.com\/hu\/?p=19364"},"modified":"2025-08-25T04:32:35","modified_gmt":"2025-08-25T03:32:35","slug":"markos-balint-uj-lendulet-a-keleti-nagyvallalati-ertekesitesben-30-ev-30-tortenet","status":"publish","type":"post","link":"https:\/\/lindstromgroup.com\/hu\/30-ev-30-tortenet\/markos-balint-uj-lendulet-a-keleti-nagyvallalati-ertekesitesben-30-ev-30-tortenet\/","title":{"rendered":"Markos B\u00e1lint \u2013 \u00daj lend\u00fclet a keleti nagyv\u00e1llalati \u00e9rt\u00e9kes\u00edt\u00e9sben \/\/ 30 \u00e9v \u2013 30 t\u00f6rt\u00e9net"},"content":{"rendered":"\n<h2 class=\"wp-block-heading\"><strong>Egy friss n\u00e9z\u0151pont a csapat \u00e9l\u00e9n<\/strong><\/h2>\n\n\n\n<p>Markos B\u00e1lint 2023 november\u00e9ben csatlakozott a Lindstr\u00f6m csapat\u00e1hoz, \u00e9s r\u00f6gt\u00f6n komoly kih\u00edv\u00e1ssal tal\u00e1lta szemben mag\u00e1t: \u00faj vezet\u0151k\u00e9nt kellett egy nagyr\u00e9szt \u00faj csapatot fel\u00e9p\u00edtenie \u00e9s \u00f6sszefognia a keleti nagyv\u00e1llalati \u00e9rt\u00e9kes\u00edt\u00e9si ter\u00fcleten. <\/p>\n\n\n\n<div class=\"wp-block-media-text is-stacked-on-mobile\" style=\"grid-template-columns:33% auto\"><figure class=\"wp-block-media-text__media\"><img decoding=\"async\" width=\"819\" height=\"1024\" src=\"https:\/\/d2ris6qfzcz0wn.cloudfront.net\/wp-content\/uploads\/sites\/24\/2024\/12\/MB-5-1-819x1024.jpg\" alt=\"\" class=\"wp-image-19366 size-full\" srcset=\"https:\/\/d2ris6qfzcz0wn.cloudfront.net\/wp-content\/uploads\/sites\/24\/2024\/12\/MB-5-1-819x1024.jpg 819w, https:\/\/d2ris6qfzcz0wn.cloudfront.net\/wp-content\/uploads\/sites\/24\/2024\/12\/MB-5-1-240x300.jpg 240w, https:\/\/d2ris6qfzcz0wn.cloudfront.net\/wp-content\/uploads\/sites\/24\/2024\/12\/MB-5-1-768x960.jpg 768w, https:\/\/d2ris6qfzcz0wn.cloudfront.net\/wp-content\/uploads\/sites\/24\/2024\/12\/MB-5-1.jpg 1080w\" sizes=\"(max-width: 819px) 100vw, 819px\" \/><\/figure><div class=\"wp-block-media-text__content\">\n<blockquote class=\"wp-block-quote is-layout-flow wp-block-quote-is-layout-flow\">\n<p>\u201eNagyon pozit\u00edv \u00e9lm\u00e9ny volt az \u00e9rkez\u00e9semkor, hogy ebben a k\u00f6zel 400 f\u0151s csapatban mindenki kedvesen \u00e9s sz\u00edvesen seg\u00edtett. J\u00f3 \u00e9rezni, hogy t\u00e1mogat\u00f3 f\u0151n\u00f6keink vannak \u00e9s egy \u00f6sszetart\u00f3 k\u00f6zeg vesz k\u00f6r\u00fcl.\u201d<\/p>\n<\/blockquote>\n\n\n\n<p>Kiemeli, hogy a <a href=\"https:\/\/lindstromgroup.com\/hu\/30-ev-30-tortenet\/todor-soo-katalin-karrier-csalad-lindstrom-30-ev-30-tortenet\/\">HR csapat<\/a> \u00e1ltal szervezett kiscsoportos \u00e9s teljes c\u00e9ges csapat\u00e9p\u00edt\u0151k, valamint a vezet\u0151i k\u00e9pz\u00e9sek mind hozz\u00e1j\u00e1rultak a gyors beilleszked\u00e9shez \u00e9s felz\u00e1rk\u00f3z\u00e1shoz.<\/p>\n\n\n\n<p><\/p>\n\n\n\n<p>A Lindstr\u00f6m \u00e9rt\u00e9kes\u00edt\u00e9si filoz\u00f3fi\u00e1j\u00e1ban B\u00e1lint egyb\u0151l megtal\u00e1lta, amit keresett: a partneri seg\u00edt\u0151 sz\u00e1nd\u00e9kot. Az \u0151 vezet\u00e9se alatt a csapat k\u00f6z\u00e9ppontba helyezi a t\u00e1mogat\u00e1st \u00e9s az \u00fcgyf\u00e9lig\u00e9nyek alapos felt\u00e9rk\u00e9pez\u00e9s\u00e9t, mert <strong>\u201esoha nem siet\u00fcnk el az \u00fcgyf\u00e9lt\u0151l. Min\u00e9l t\u00f6bb k\u00e9rd\u00e9st tesz\u00fcnk fel, ann\u00e1l ink\u00e1bb tudunk v\u00e1laszokat \u00e9s megold\u00e1sokat adni.\u201d<\/strong><\/p>\n<\/div><\/div>\n\n\n\n<h2 class=\"wp-block-heading\"><strong>A keleti r\u00e9gi\u00f3 k\u00fcl\u00f6nlegess\u00e9ge<\/strong><\/h2>\n\n\n\n<p>A nagyv\u00e1llalati munkaruha, sz\u0151nyeg \u00e9s ipari t\u00f6rl\u0151kend\u0151 szolg\u00e1ltat\u00e1s \u00e9rt\u00e9kes\u00edt\u00e9se B\u00e1lint szerint sokszor \u00f6sszetettebb kih\u00edv\u00e1sokkal j\u00e1r. <\/p>\n\n\n\n<blockquote class=\"wp-block-quote is-layout-flow wp-block-quote-is-layout-flow\">\n<p>\u201eA keleti r\u00e9gi\u00f3 <a href=\"https:\/\/lindstromgroup.com\/hu\/30-ev-30-tortenet\/kovacs-rahoi-csilla-120-az-elelmiszeriparban-30-ev-30-tortenet\/\">\u00e9lelmiszeripari<\/a> \u00e9s mez\u0151gazdas\u00e1gi f\u00f3kusza k\u00fcl\u00f6nleges figyelmet ig\u00e9nyel. Minden \u00fcgyf\u00e9l egyedi, \u00e9s csak akkor tudunk kiemelked\u0151 szolg\u00e1ltat\u00e1st ny\u00fajtani, ha ezt meg\u00e9rtj\u00fck \u00e9s r\u00e1juk szabjuk a megold\u00e1sainkat.\u201d <\/p>\n<\/blockquote>\n\n\n\n<p>A Lindstr\u00f6m b\u00e9rtext\u00edlia-szolg\u00e1ltat\u00e1sa olyan terheket vesz le a v\u00e1llalatok v\u00e1ll\u00e1r\u00f3l, amelyek hossz\u00fa t\u00e1von hat\u00e9konys\u00e1got \u00e9s megtakar\u00edt\u00e1st eredm\u00e9nyeznek.<\/p>\n\n\n\n<h2 class=\"wp-block-heading\"><strong>Emberk\u00f6zpont\u00fa vezet\u00e9s<\/strong><\/h2>\n\n\n\n<p>B\u00e1lint sz\u00e1m\u00e1ra a vezet\u00e9s nemcsak szakmai, hanem emberi t\u00e1mogat\u00e1st is jelent. <\/p>\n\n\n\n<blockquote class=\"wp-block-quote is-layout-flow wp-block-quote-is-layout-flow\">\n<p>\u201eSokat utazom a csapatommal, egy\u00fctt megy\u00fcnk partnereikhez, mindig hagyom, hogy \u00e9rv\u00e9nyes\u00fcljenek. A t\u00e1rgyal\u00e1sok ut\u00e1n le\u00fcl\u00fcnk, kielemezz\u00fck, hogy mi ment j\u00f3l \u00e9s min \u00e9rdemes m\u00e9g dolgozni. Fontos, hogy szakmailag \u00e9s lelkileg is ott legyek mellett\u00fck, mert a fejl\u0151d\u00e9snek ez a kulcsa.\u201d<\/p>\n<\/blockquote>\n\n\n\n<h2 class=\"wp-block-heading\"><strong>\u00c9rt\u00e9kek, amelyek motiv\u00e1lnak<\/strong><\/h2>\n\n\n\n<p>B\u00e1lint kitart\u00e1sa, agilit\u00e1s \u00e9s szem\u00e9lyes elhivatotts\u00e1ga meghat\u00e1rozza csapata lend\u00fclet\u00e9t is. A Lindstr\u00f6m \u00e9rt\u00e9kei \u2013 a fenntarthat\u00f3s\u00e1g, a magas min\u0151s\u00e9g \u00e9s a hossz\u00fa t\u00e1v\u00fa kapcsolatok \u00e9p\u00edt\u00e9se \u2013 minden t\u00e1rgyal\u00e1s \u00e9s megold\u00e1s alapj\u00e1t k\u00e9pezik. <\/p>\n\n\n\n<blockquote class=\"wp-block-quote is-layout-flow wp-block-quote-is-layout-flow\">\n<p>\u201eJ\u00f3 \u00e9rz\u00e9s \u00fagy menni az \u00fcgyf\u00e9lhez, hogy t\u00e9nyleg hiszek abban, amit k\u00edn\u00e1lunk, \u00e9s tudom, hogy a Lindstr\u00f6m min\u0151s\u00e9ge m\u00f6g\u00f6tt ott \u00e1ll egy csapat, amely b\u00e1rmilyen kih\u00edv\u00e1sra megold\u00e1st tal\u00e1l.\u201d<\/p>\n<\/blockquote>\n","protected":false},"excerpt":{"rendered":"<p>Egy friss n\u00e9z\u0151pont a csapat \u00e9l\u00e9n Markos B\u00e1lint 2023 november\u00e9ben csatlakozott a Lindstr\u00f6m csapat\u00e1hoz, \u00e9s r\u00f6gt\u00f6n komoly kih\u00edv\u00e1ssal tal\u00e1lta szemben mag\u00e1t: \u00faj vezet\u0151k\u00e9nt kellett egy&#8230;<\/p>\n","protected":false},"author":14,"featured_media":19201,"comment_status":"closed","ping_status":"open","sticky":false,"template":"","format":"standard","meta":{"_acf_changed":false,"inline_featured_image":false,"_eb_attr":"","site-sidebar-layout":"default","site-content-layout":"","ast-site-content-layout":"default","site-content-style":"default","site-sidebar-style":"default","ast-global-header-display":"","ast-banner-title-visibility":"","ast-main-header-display":"","ast-hfb-above-header-display":"","ast-hfb-below-header-display":"","ast-hfb-mobile-header-display":"","site-post-title":"","ast-breadcrumbs-content":"","ast-featured-img":"","footer-sml-layout":"","ast-disable-related-posts":"","theme-transparent-header-meta":"","adv-header-id-meta":"","stick-header-meta":"","header-above-stick-meta":"","header-main-stick-meta":"","header-below-stick-meta":"","astra-migrate-meta-layouts":"default","ast-page-background-enabled":"default","ast-page-background-meta":{"desktop":{"background-color":"var(--ast-global-color-4)","background-image":"","background-repeat":"repeat","background-position":"center center","background-size":"auto","background-attachment":"scroll","background-type":"","background-media":"","overlay-type":"","overlay-color":"","overlay-opacity":"","overlay-gradient":""},"tablet":{"background-color":"","background-image":"","background-repeat":"repeat","background-position":"center center","background-size":"auto","background-attachment":"scroll","background-type":"","background-media":"","overlay-type":"","overlay-color":"","overlay-opacity":"","overlay-gradient":""},"mobile":{"background-color":"","background-image":"","background-repeat":"repeat","background-position":"center center","background-size":"auto","background-attachment":"scroll","background-type":"","background-media":"","overlay-type":"","overlay-color":"","overlay-opacity":"","overlay-gradient":""}},"ast-content-background-meta":{"desktop":{"background-color":"var(--ast-global-color-5)","background-image":"","background-repeat":"repeat","background-position":"center center","background-size":"auto","background-attachment":"scroll","background-type":"","background-media":"","overlay-type":"","overlay-color":"","overlay-opacity":"","overlay-gradient":""},"tablet":{"background-color":"var(--ast-global-color-5)","background-image":"","background-repeat":"repeat","background-position":"center center","background-size":"auto","background-attachment":"scroll","background-type":"","background-media":"","overlay-type":"","overlay-color":"","overlay-opacity":"","overlay-gradient":""},"mobile":{"background-color":"var(--ast-global-color-5)","background-image":"","background-repeat":"repeat","background-position":"center center","background-size":"auto","background-attachment":"scroll","background-type":"","background-media":"","overlay-type":"","overlay-color":"","overlay-opacity":"","overlay-gradient":""}},"footnotes":""},"categories":[38],"tags":[50,29],"coauthors":[20],"class_list":["post-19364","post","type-post","status-publish","format-standard","has-post-thumbnail","hentry","category-30-ev-30-tortenet","tag-30ev30tortenet","tag-karriertortenet"],"acf":[],"yoast_head":"<!-- This site is optimized with the Yoast SEO plugin v27.2 - https:\/\/yoast.com\/product\/yoast-seo-wordpress\/ -->\n<title>Markos B\u00e1lint \u2013 \u00daj lend\u00fclet a keleti nagyv\u00e1llalati \u00e9rt\u00e9kes\u00edt\u00e9sben \/\/ 30 \u00e9v \u2013 30 t\u00f6rt\u00e9net - Lindstr\u00f6m Magyarorsz\u00e1g<\/title>\n<meta name=\"robots\" content=\"index, follow, max-snippet:-1, max-image-preview:large, max-video-preview:-1\" \/>\n<meta property=\"og:locale\" content=\"hu_HU\" \/>\n<meta property=\"og:type\" content=\"article\" \/>\n<meta property=\"og:title\" content=\"Markos B\u00e1lint \u2013 \u00daj lend\u00fclet a keleti nagyv\u00e1llalati \u00e9rt\u00e9kes\u00edt\u00e9sben \/\/ 30 \u00e9v \u2013 30 t\u00f6rt\u00e9net - Lindstr\u00f6m Magyarorsz\u00e1g\" \/>\n<meta property=\"og:description\" content=\"Egy friss n\u00e9z\u0151pont a csapat \u00e9l\u00e9n Markos B\u00e1lint 2023 november\u00e9ben csatlakozott a Lindstr\u00f6m csapat\u00e1hoz, \u00e9s r\u00f6gt\u00f6n komoly kih\u00edv\u00e1ssal tal\u00e1lta szemben mag\u00e1t: \u00faj vezet\u0151k\u00e9nt kellett egy...\" \/>\n<meta property=\"og:url\" content=\"https:\/\/lindstromgroup.com\/hu\/30-ev-30-tortenet\/markos-balint-uj-lendulet-a-keleti-nagyvallalati-ertekesitesben-30-ev-30-tortenet\/\" \/>\n<meta property=\"og:site_name\" content=\"Lindstr\u00f6m Magyarorsz\u00e1g\" \/>\n<meta property=\"article:published_time\" content=\"2024-12-23T07:00:26+00:00\" \/>\n<meta property=\"article:modified_time\" content=\"2025-08-25T03:32:35+00:00\" \/>\n<meta property=\"og:image\" content=\"https:\/\/d2ris6qfzcz0wn.cloudfront.net\/wp-content\/uploads\/sites\/24\/2024\/11\/30ev_30tortenet-2.png\" \/>\n\t<meta property=\"og:image:width\" content=\"1700\" \/>\n\t<meta property=\"og:image:height\" content=\"600\" \/>\n\t<meta property=\"og:image:type\" content=\"image\/png\" \/>\n<meta name=\"author\" content=\"Lindstr\u00f6m Group\" \/>\n<meta name=\"twitter:card\" content=\"summary_large_image\" \/>\n<meta name=\"twitter:label1\" content=\"Szerz\u0151:\" \/>\n\t<meta name=\"twitter:data1\" content=\"Lindstr\u00f6m Group\" \/>\n\t<meta name=\"twitter:label2\" content=\"Becs\u00fclt olvas\u00e1si id\u0151\" \/>\n\t<meta name=\"twitter:data2\" content=\"2 perc\" \/>\n\t<meta name=\"twitter:label3\" content=\"Written by\" \/>\n\t<meta name=\"twitter:data3\" content=\"Lindstr\u00f6m Group\" \/>\n<script type=\"application\/ld+json\" class=\"yoast-schema-graph\">{\"@context\":\"https:\/\/schema.org\",\"@graph\":[{\"@type\":\"Article\",\"@id\":\"https:\/\/lindstromgroup.com\/hu\/30-ev-30-tortenet\/markos-balint-uj-lendulet-a-keleti-nagyvallalati-ertekesitesben-30-ev-30-tortenet\/#article\",\"isPartOf\":{\"@id\":\"https:\/\/lindstromgroup.com\/hu\/30-ev-30-tortenet\/markos-balint-uj-lendulet-a-keleti-nagyvallalati-ertekesitesben-30-ev-30-tortenet\/\"},\"author\":{\"name\":\"Lindstr\u00f6m Group\",\"@id\":\"https:\/\/lindstromgroup.com\/hu\/#\/schema\/person\/9111900e3f15be99cf4a104112bf0bc3\"},\"headline\":\"Markos B\u00e1lint \u2013 \u00daj lend\u00fclet a keleti nagyv\u00e1llalati \u00e9rt\u00e9kes\u00edt\u00e9sben \/\/ 30 \u00e9v \u2013 30 t\u00f6rt\u00e9net\",\"datePublished\":\"2024-12-23T07:00:26+00:00\",\"dateModified\":\"2025-08-25T03:32:35+00:00\",\"mainEntityOfPage\":{\"@id\":\"https:\/\/lindstromgroup.com\/hu\/30-ev-30-tortenet\/markos-balint-uj-lendulet-a-keleti-nagyvallalati-ertekesitesben-30-ev-30-tortenet\/\"},\"wordCount\":523,\"publisher\":{\"@id\":\"https:\/\/lindstromgroup.com\/hu\/#organization\"},\"image\":{\"@id\":\"https:\/\/lindstromgroup.com\/hu\/30-ev-30-tortenet\/markos-balint-uj-lendulet-a-keleti-nagyvallalati-ertekesitesben-30-ev-30-tortenet\/#primaryimage\"},\"thumbnailUrl\":\"https:\/\/d2ris6qfzcz0wn.cloudfront.net\/wp-content\/uploads\/sites\/24\/2024\/11\/30ev_30tortenet-2.png\",\"keywords\":[\"#30\u00e9v30t\u00f6rt\u00e9net\",\"#karriert\u00f6rt\u00e9net\"],\"articleSection\":[\"30 \u00e9v, 30 t\u00f6rt\u00e9net\"],\"inLanguage\":\"hu\"},{\"@type\":\"WebPage\",\"@id\":\"https:\/\/lindstromgroup.com\/hu\/30-ev-30-tortenet\/markos-balint-uj-lendulet-a-keleti-nagyvallalati-ertekesitesben-30-ev-30-tortenet\/\",\"url\":\"https:\/\/lindstromgroup.com\/hu\/30-ev-30-tortenet\/markos-balint-uj-lendulet-a-keleti-nagyvallalati-ertekesitesben-30-ev-30-tortenet\/\",\"name\":\"Markos B\u00e1lint \u2013 \u00daj lend\u00fclet a keleti nagyv\u00e1llalati \u00e9rt\u00e9kes\u00edt\u00e9sben \/\/ 30 \u00e9v \u2013 30 t\u00f6rt\u00e9net - Lindstr\u00f6m Magyarorsz\u00e1g\",\"isPartOf\":{\"@id\":\"https:\/\/lindstromgroup.com\/hu\/#website\"},\"primaryImageOfPage\":{\"@id\":\"https:\/\/lindstromgroup.com\/hu\/30-ev-30-tortenet\/markos-balint-uj-lendulet-a-keleti-nagyvallalati-ertekesitesben-30-ev-30-tortenet\/#primaryimage\"},\"image\":{\"@id\":\"https:\/\/lindstromgroup.com\/hu\/30-ev-30-tortenet\/markos-balint-uj-lendulet-a-keleti-nagyvallalati-ertekesitesben-30-ev-30-tortenet\/#primaryimage\"},\"thumbnailUrl\":\"https:\/\/d2ris6qfzcz0wn.cloudfront.net\/wp-content\/uploads\/sites\/24\/2024\/11\/30ev_30tortenet-2.png\",\"datePublished\":\"2024-12-23T07:00:26+00:00\",\"dateModified\":\"2025-08-25T03:32:35+00:00\",\"breadcrumb\":{\"@id\":\"https:\/\/lindstromgroup.com\/hu\/30-ev-30-tortenet\/markos-balint-uj-lendulet-a-keleti-nagyvallalati-ertekesitesben-30-ev-30-tortenet\/#breadcrumb\"},\"inLanguage\":\"hu\",\"potentialAction\":[{\"@type\":\"ReadAction\",\"target\":[\"https:\/\/lindstromgroup.com\/hu\/30-ev-30-tortenet\/markos-balint-uj-lendulet-a-keleti-nagyvallalati-ertekesitesben-30-ev-30-tortenet\/\"]}]},{\"@type\":\"ImageObject\",\"inLanguage\":\"hu\",\"@id\":\"https:\/\/lindstromgroup.com\/hu\/30-ev-30-tortenet\/markos-balint-uj-lendulet-a-keleti-nagyvallalati-ertekesitesben-30-ev-30-tortenet\/#primaryimage\",\"url\":\"https:\/\/d2ris6qfzcz0wn.cloudfront.net\/wp-content\/uploads\/sites\/24\/2024\/11\/30ev_30tortenet-2.png\",\"contentUrl\":\"https:\/\/d2ris6qfzcz0wn.cloudfront.net\/wp-content\/uploads\/sites\/24\/2024\/11\/30ev_30tortenet-2.png\",\"width\":1700,\"height\":600},{\"@type\":\"BreadcrumbList\",\"@id\":\"https:\/\/lindstromgroup.com\/hu\/30-ev-30-tortenet\/markos-balint-uj-lendulet-a-keleti-nagyvallalati-ertekesitesben-30-ev-30-tortenet\/#breadcrumb\",\"itemListElement\":[{\"@type\":\"ListItem\",\"position\":1,\"name\":\"Home\",\"item\":\"https:\/\/lindstromgroup.com\/hu\/\"},{\"@type\":\"ListItem\",\"position\":2,\"name\":\"30 \u00e9v, 30 t\u00f6rt\u00e9net\",\"item\":\"https:\/\/lindstromgroup.com\/hu\/category\/30-ev-30-tortenet\/\"},{\"@type\":\"ListItem\",\"position\":3,\"name\":\"Markos B\u00e1lint \u2013 \u00daj lend\u00fclet a keleti nagyv\u00e1llalati \u00e9rt\u00e9kes\u00edt\u00e9sben \/\/ 30 \u00e9v \u2013 30 t\u00f6rt\u00e9net\"}]},{\"@type\":\"WebSite\",\"@id\":\"https:\/\/lindstromgroup.com\/hu\/#website\",\"url\":\"https:\/\/lindstromgroup.com\/hu\/\",\"name\":\"Lindstr\u00f6m Magyarorsz\u00e1g\",\"description\":\"\",\"publisher\":{\"@id\":\"https:\/\/lindstromgroup.com\/hu\/#organization\"},\"potentialAction\":[{\"@type\":\"SearchAction\",\"target\":{\"@type\":\"EntryPoint\",\"urlTemplate\":\"https:\/\/lindstromgroup.com\/hu\/?s={search_term_string}\"},\"query-input\":{\"@type\":\"PropertyValueSpecification\",\"valueRequired\":true,\"valueName\":\"search_term_string\"}}],\"inLanguage\":\"hu\"},{\"@type\":\"Organization\",\"@id\":\"https:\/\/lindstromgroup.com\/hu\/#organization\",\"name\":\"Lindstr\u00f6m Magyarorsz\u00e1g\",\"url\":\"https:\/\/lindstromgroup.com\/hu\/\",\"logo\":{\"@type\":\"ImageObject\",\"inLanguage\":\"hu\",\"@id\":\"https:\/\/lindstromgroup.com\/hu\/#\/schema\/logo\/image\/\",\"url\":\"https:\/\/d2ris6qfzcz0wn.cloudfront.net\/wp-content\/uploads\/sites\/24\/2023\/10\/Logo512.png\",\"contentUrl\":\"https:\/\/d2ris6qfzcz0wn.cloudfront.net\/wp-content\/uploads\/sites\/24\/2023\/10\/Logo512.png\",\"width\":512,\"height\":109,\"caption\":\"Lindstr\u00f6m Magyarorsz\u00e1g\"},\"image\":{\"@id\":\"https:\/\/lindstromgroup.com\/hu\/#\/schema\/logo\/image\/\"}},{\"@type\":\"Person\",\"@id\":\"https:\/\/lindstromgroup.com\/hu\/#\/schema\/person\/9111900e3f15be99cf4a104112bf0bc3\",\"name\":\"Lindstr\u00f6m Group\",\"image\":{\"@type\":\"ImageObject\",\"inLanguage\":\"hu\",\"@id\":\"https:\/\/d2ris6qfzcz0wn.cloudfront.net\/wp-content\/uploads\/sites\/24\/2024\/10\/logo_Red_V01-150x150.pnga8369e4b862ae7e557e8b3dbe56c1712\",\"url\":\"https:\/\/d2ris6qfzcz0wn.cloudfront.net\/wp-content\/uploads\/sites\/24\/2024\/10\/logo_Red_V01-150x150.png\",\"contentUrl\":\"https:\/\/d2ris6qfzcz0wn.cloudfront.net\/wp-content\/uploads\/sites\/24\/2024\/10\/logo_Red_V01-150x150.png\",\"caption\":\"Lindstr\u00f6m Group\"}}]}<\/script>\n<!-- \/ Yoast SEO plugin. -->","yoast_head_json":{"title":"Markos B\u00e1lint \u2013 \u00daj lend\u00fclet a keleti nagyv\u00e1llalati \u00e9rt\u00e9kes\u00edt\u00e9sben \/\/ 30 \u00e9v \u2013 30 t\u00f6rt\u00e9net - Lindstr\u00f6m Magyarorsz\u00e1g","robots":{"index":"index","follow":"follow","max-snippet":"max-snippet:-1","max-image-preview":"max-image-preview:large","max-video-preview":"max-video-preview:-1"},"og_locale":"hu_HU","og_type":"article","og_title":"Markos B\u00e1lint \u2013 \u00daj lend\u00fclet a keleti nagyv\u00e1llalati \u00e9rt\u00e9kes\u00edt\u00e9sben \/\/ 30 \u00e9v \u2013 30 t\u00f6rt\u00e9net - Lindstr\u00f6m Magyarorsz\u00e1g","og_description":"Egy friss n\u00e9z\u0151pont a csapat \u00e9l\u00e9n Markos B\u00e1lint 2023 november\u00e9ben csatlakozott a Lindstr\u00f6m csapat\u00e1hoz, \u00e9s r\u00f6gt\u00f6n komoly kih\u00edv\u00e1ssal tal\u00e1lta szemben mag\u00e1t: \u00faj vezet\u0151k\u00e9nt kellett egy...","og_url":"https:\/\/lindstromgroup.com\/hu\/30-ev-30-tortenet\/markos-balint-uj-lendulet-a-keleti-nagyvallalati-ertekesitesben-30-ev-30-tortenet\/","og_site_name":"Lindstr\u00f6m Magyarorsz\u00e1g","article_published_time":"2024-12-23T07:00:26+00:00","article_modified_time":"2025-08-25T03:32:35+00:00","og_image":[{"width":1700,"height":600,"url":"https:\/\/d2ris6qfzcz0wn.cloudfront.net\/wp-content\/uploads\/sites\/24\/2024\/11\/30ev_30tortenet-2.png","type":"image\/png"}],"author":"Lindstr\u00f6m Group","twitter_card":"summary_large_image","twitter_misc":{"Szerz\u0151:":"Lindstr\u00f6m Group","Becs\u00fclt olvas\u00e1si id\u0151":"2 perc","Written by":"Lindstr\u00f6m Group"},"schema":{"@context":"https:\/\/schema.org","@graph":[{"@type":"Article","@id":"https:\/\/lindstromgroup.com\/hu\/30-ev-30-tortenet\/markos-balint-uj-lendulet-a-keleti-nagyvallalati-ertekesitesben-30-ev-30-tortenet\/#article","isPartOf":{"@id":"https:\/\/lindstromgroup.com\/hu\/30-ev-30-tortenet\/markos-balint-uj-lendulet-a-keleti-nagyvallalati-ertekesitesben-30-ev-30-tortenet\/"},"author":{"name":"Lindstr\u00f6m Group","@id":"https:\/\/lindstromgroup.com\/hu\/#\/schema\/person\/9111900e3f15be99cf4a104112bf0bc3"},"headline":"Markos B\u00e1lint \u2013 \u00daj lend\u00fclet a keleti nagyv\u00e1llalati \u00e9rt\u00e9kes\u00edt\u00e9sben \/\/ 30 \u00e9v \u2013 30 t\u00f6rt\u00e9net","datePublished":"2024-12-23T07:00:26+00:00","dateModified":"2025-08-25T03:32:35+00:00","mainEntityOfPage":{"@id":"https:\/\/lindstromgroup.com\/hu\/30-ev-30-tortenet\/markos-balint-uj-lendulet-a-keleti-nagyvallalati-ertekesitesben-30-ev-30-tortenet\/"},"wordCount":523,"publisher":{"@id":"https:\/\/lindstromgroup.com\/hu\/#organization"},"image":{"@id":"https:\/\/lindstromgroup.com\/hu\/30-ev-30-tortenet\/markos-balint-uj-lendulet-a-keleti-nagyvallalati-ertekesitesben-30-ev-30-tortenet\/#primaryimage"},"thumbnailUrl":"https:\/\/d2ris6qfzcz0wn.cloudfront.net\/wp-content\/uploads\/sites\/24\/2024\/11\/30ev_30tortenet-2.png","keywords":["#30\u00e9v30t\u00f6rt\u00e9net","#karriert\u00f6rt\u00e9net"],"articleSection":["30 \u00e9v, 30 t\u00f6rt\u00e9net"],"inLanguage":"hu"},{"@type":"WebPage","@id":"https:\/\/lindstromgroup.com\/hu\/30-ev-30-tortenet\/markos-balint-uj-lendulet-a-keleti-nagyvallalati-ertekesitesben-30-ev-30-tortenet\/","url":"https:\/\/lindstromgroup.com\/hu\/30-ev-30-tortenet\/markos-balint-uj-lendulet-a-keleti-nagyvallalati-ertekesitesben-30-ev-30-tortenet\/","name":"Markos B\u00e1lint \u2013 \u00daj lend\u00fclet a keleti nagyv\u00e1llalati \u00e9rt\u00e9kes\u00edt\u00e9sben \/\/ 30 \u00e9v \u2013 30 t\u00f6rt\u00e9net - Lindstr\u00f6m Magyarorsz\u00e1g","isPartOf":{"@id":"https:\/\/lindstromgroup.com\/hu\/#website"},"primaryImageOfPage":{"@id":"https:\/\/lindstromgroup.com\/hu\/30-ev-30-tortenet\/markos-balint-uj-lendulet-a-keleti-nagyvallalati-ertekesitesben-30-ev-30-tortenet\/#primaryimage"},"image":{"@id":"https:\/\/lindstromgroup.com\/hu\/30-ev-30-tortenet\/markos-balint-uj-lendulet-a-keleti-nagyvallalati-ertekesitesben-30-ev-30-tortenet\/#primaryimage"},"thumbnailUrl":"https:\/\/d2ris6qfzcz0wn.cloudfront.net\/wp-content\/uploads\/sites\/24\/2024\/11\/30ev_30tortenet-2.png","datePublished":"2024-12-23T07:00:26+00:00","dateModified":"2025-08-25T03:32:35+00:00","breadcrumb":{"@id":"https:\/\/lindstromgroup.com\/hu\/30-ev-30-tortenet\/markos-balint-uj-lendulet-a-keleti-nagyvallalati-ertekesitesben-30-ev-30-tortenet\/#breadcrumb"},"inLanguage":"hu","potentialAction":[{"@type":"ReadAction","target":["https:\/\/lindstromgroup.com\/hu\/30-ev-30-tortenet\/markos-balint-uj-lendulet-a-keleti-nagyvallalati-ertekesitesben-30-ev-30-tortenet\/"]}]},{"@type":"ImageObject","inLanguage":"hu","@id":"https:\/\/lindstromgroup.com\/hu\/30-ev-30-tortenet\/markos-balint-uj-lendulet-a-keleti-nagyvallalati-ertekesitesben-30-ev-30-tortenet\/#primaryimage","url":"https:\/\/d2ris6qfzcz0wn.cloudfront.net\/wp-content\/uploads\/sites\/24\/2024\/11\/30ev_30tortenet-2.png","contentUrl":"https:\/\/d2ris6qfzcz0wn.cloudfront.net\/wp-content\/uploads\/sites\/24\/2024\/11\/30ev_30tortenet-2.png","width":1700,"height":600},{"@type":"BreadcrumbList","@id":"https:\/\/lindstromgroup.com\/hu\/30-ev-30-tortenet\/markos-balint-uj-lendulet-a-keleti-nagyvallalati-ertekesitesben-30-ev-30-tortenet\/#breadcrumb","itemListElement":[{"@type":"ListItem","position":1,"name":"Home","item":"https:\/\/lindstromgroup.com\/hu\/"},{"@type":"ListItem","position":2,"name":"30 \u00e9v, 30 t\u00f6rt\u00e9net","item":"https:\/\/lindstromgroup.com\/hu\/category\/30-ev-30-tortenet\/"},{"@type":"ListItem","position":3,"name":"Markos B\u00e1lint \u2013 \u00daj lend\u00fclet a keleti nagyv\u00e1llalati \u00e9rt\u00e9kes\u00edt\u00e9sben \/\/ 30 \u00e9v \u2013 30 t\u00f6rt\u00e9net"}]},{"@type":"WebSite","@id":"https:\/\/lindstromgroup.com\/hu\/#website","url":"https:\/\/lindstromgroup.com\/hu\/","name":"Lindstr\u00f6m Magyarorsz\u00e1g","description":"","publisher":{"@id":"https:\/\/lindstromgroup.com\/hu\/#organization"},"potentialAction":[{"@type":"SearchAction","target":{"@type":"EntryPoint","urlTemplate":"https:\/\/lindstromgroup.com\/hu\/?s={search_term_string}"},"query-input":{"@type":"PropertyValueSpecification","valueRequired":true,"valueName":"search_term_string"}}],"inLanguage":"hu"},{"@type":"Organization","@id":"https:\/\/lindstromgroup.com\/hu\/#organization","name":"Lindstr\u00f6m Magyarorsz\u00e1g","url":"https:\/\/lindstromgroup.com\/hu\/","logo":{"@type":"ImageObject","inLanguage":"hu","@id":"https:\/\/lindstromgroup.com\/hu\/#\/schema\/logo\/image\/","url":"https:\/\/d2ris6qfzcz0wn.cloudfront.net\/wp-content\/uploads\/sites\/24\/2023\/10\/Logo512.png","contentUrl":"https:\/\/d2ris6qfzcz0wn.cloudfront.net\/wp-content\/uploads\/sites\/24\/2023\/10\/Logo512.png","width":512,"height":109,"caption":"Lindstr\u00f6m Magyarorsz\u00e1g"},"image":{"@id":"https:\/\/lindstromgroup.com\/hu\/#\/schema\/logo\/image\/"}},{"@type":"Person","@id":"https:\/\/lindstromgroup.com\/hu\/#\/schema\/person\/9111900e3f15be99cf4a104112bf0bc3","name":"Lindstr\u00f6m Group","image":{"@type":"ImageObject","inLanguage":"hu","@id":"https:\/\/d2ris6qfzcz0wn.cloudfront.net\/wp-content\/uploads\/sites\/24\/2024\/10\/logo_Red_V01-150x150.pnga8369e4b862ae7e557e8b3dbe56c1712","url":"https:\/\/d2ris6qfzcz0wn.cloudfront.net\/wp-content\/uploads\/sites\/24\/2024\/10\/logo_Red_V01-150x150.png","contentUrl":"https:\/\/d2ris6qfzcz0wn.cloudfront.net\/wp-content\/uploads\/sites\/24\/2024\/10\/logo_Red_V01-150x150.png","caption":"Lindstr\u00f6m Group"}}]}},"publishpress_future_workflow_manual_trigger":{"enabledWorkflows":[]},"distributor_meta":false,"distributor_terms":false,"distributor_media":false,"distributor_original_site_name":"Lindstr\u00f6m Magyarorsz\u00e1g","distributor_original_site_url":"https:\/\/lindstromgroup.com\/hu","push-errors":false,"_links":{"self":[{"href":"https:\/\/lindstromgroup.com\/hu\/wp-json\/wp\/v2\/posts\/19364","targetHints":{"allow":["GET"]}}],"collection":[{"href":"https:\/\/lindstromgroup.com\/hu\/wp-json\/wp\/v2\/posts"}],"about":[{"href":"https:\/\/lindstromgroup.com\/hu\/wp-json\/wp\/v2\/types\/post"}],"author":[{"embeddable":true,"href":"https:\/\/lindstromgroup.com\/hu\/wp-json\/wp\/v2\/users\/14"}],"replies":[{"embeddable":true,"href":"https:\/\/lindstromgroup.com\/hu\/wp-json\/wp\/v2\/comments?post=19364"}],"version-history":[{"count":0,"href":"https:\/\/lindstromgroup.com\/hu\/wp-json\/wp\/v2\/posts\/19364\/revisions"}],"wp:featuredmedia":[{"embeddable":true,"href":"https:\/\/lindstromgroup.com\/hu\/wp-json\/wp\/v2\/media\/19201"}],"wp:attachment":[{"href":"https:\/\/lindstromgroup.com\/hu\/wp-json\/wp\/v2\/media?parent=19364"}],"wp:term":[{"taxonomy":"category","embeddable":true,"href":"https:\/\/lindstromgroup.com\/hu\/wp-json\/wp\/v2\/categories?post=19364"},{"taxonomy":"post_tag","embeddable":true,"href":"https:\/\/lindstromgroup.com\/hu\/wp-json\/wp\/v2\/tags?post=19364"},{"taxonomy":"author","embeddable":true,"href":"https:\/\/lindstromgroup.com\/hu\/wp-json\/wp\/v2\/coauthors?post=19364"}],"curies":[{"name":"wp","href":"https:\/\/api.w.org\/{rel}","templated":true}]}}