
    {"id":19034,"date":"2024-08-29T08:28:18","date_gmt":"2024-08-29T07:28:18","guid":{"rendered":"https:\/\/lindstromgroup.com\/hu\/?p=19034"},"modified":"2025-05-11T21:15:53","modified_gmt":"2025-05-11T20:15:53","slug":"a-lindstrom-es-a-parkolo-parade-osszefonodasa-ipari-torlokendok-es-egy-legendas-subaru-a-rally-vilagaban","status":"publish","type":"post","link":"https:\/\/lindstromgroup.com\/hu\/cikkek\/a-lindstrom-es-a-parkolo-parade-osszefonodasa-ipari-torlokendok-es-egy-legendas-subaru-a-rally-vilagaban\/","title":{"rendered":"A Lindstr\u00f6m \u00e9s a Parkol\u00f3 Par\u00e1d\u00e9 \u00f6sszefon\u00f3d\u00e1sa: Ipari t\u00f6rl\u0151kend\u0151k \u00e9s egy legend\u00e1s Subaru a rally vil\u00e1g\u00e1ban"},"content":{"rendered":"\n<p><strong>A Lindstr\u00f6m ipari t\u00f6rl\u0151kend\u0151 szolg\u00e1ltat\u00e1s\u00e1val m\u00e1r r\u00e9g\u00f3ta jelen van az aut\u00f3iparban, de most egy k\u00fcl\u00f6nleges esem\u00e9ny keret\u00e9ben emelj\u00fck ezt a kapcsolatot \u00faj szintre. A <a href=\"https:\/\/indaevents.hu\/e\/parkoloparade2024szeptember\">Totalcar \u00e1ltal szervezett Parkol\u00f3 Par\u00e1d\u00e9<\/a> rendezv\u00e9nyen nemcsak szolg\u00e1ltat\u00e1sainkat mutatjuk be, hanem egy igaz\u00e1n k\u00fcl\u00f6nleges aut\u00f3t is, amely egyszerre k\u00e9pviseli a gyorsas\u00e1got, az er\u0151t \u00e9s a szenved\u00e9lyt \u2013 mindazt, ami a Lindstr\u00f6m \u00e9s a rally vil\u00e1g\u00e1ban k\u00f6z\u00f6s.<\/strong><\/p>\n\n\n\n<h2 class=\"wp-block-heading\"><strong>Egy ikonikus Subaru a Lindstr\u00f6m standj\u00e1n<\/strong><\/h2>\n\n\n\n<div class=\"wp-block-media-text is-stacked-on-mobile\" style=\"grid-template-columns:34% auto\"><figure class=\"wp-block-media-text__media\"><img decoding=\"async\" width=\"768\" height=\"1024\" src=\"https:\/\/d2ris6qfzcz0wn.cloudfront.net\/wp-content\/uploads\/sites\/24\/2024\/08\/Rallyauto_Lindstrom_4-768x1024.jpg\" alt=\"\" class=\"wp-image-19035 size-full\" srcset=\"https:\/\/d2ris6qfzcz0wn.cloudfront.net\/wp-content\/uploads\/sites\/24\/2024\/08\/Rallyauto_Lindstrom_4-768x1024.jpg 768w, https:\/\/d2ris6qfzcz0wn.cloudfront.net\/wp-content\/uploads\/sites\/24\/2024\/08\/Rallyauto_Lindstrom_4-225x300.jpg 225w, https:\/\/d2ris6qfzcz0wn.cloudfront.net\/wp-content\/uploads\/sites\/24\/2024\/08\/Rallyauto_Lindstrom_4-1152x1536.jpg 1152w, https:\/\/d2ris6qfzcz0wn.cloudfront.net\/wp-content\/uploads\/sites\/24\/2024\/08\/Rallyauto_Lindstrom_4.jpg 1536w\" sizes=\"(max-width: 768px) 100vw, 768px\" \/><\/figure><div class=\"wp-block-media-text__content\">\n<p><strong>A Lindstr\u00f6m standj\u00e1nak k\u00f6zponti eleme egy legend\u00e1s Subaru rally aut\u00f3 lesz,<\/strong> amelyet k\u00e9t lelkes koll\u00e9g\u00e1nk rallys p\u00e1lyafut\u00e1sa tesz igaz\u00e1n k\u00fcl\u00f6nlegess\u00e9. <strong>Kovacsics Petra, a Lindstr\u00f6m \u00e9rt\u00e9kes\u00edt\u0151je<\/strong>, 10 \u00e9ve van otthon a rally vil\u00e1g\u00e1ban, \u00e9s most a p\u00e1rj\u00e1val, Kiss P\u00e9terrel k\u00f6z\u00f6sen haszn\u00e1lj\u00e1k ezt a k\u00fcl\u00f6nleges aut\u00f3t. A Subaru, amely a standunkon l\u00e1that\u00f3 lesz, nem csup\u00e1n egy versenyaut\u00f3, hanem egy igazi ikon, amely a rally szerelmeseinek azonnal ismer\u0151s lesz.<\/p>\n<\/div><\/div>\n\n\n\n<p><\/p>\n\n\n\n<p>Ez a Subaru a h\u00edres magyar rallyversenyz\u0151, Ranga L\u00e1szl\u00f3 egykori aut\u00f3j\u00e1nak k\u00fcllem\u00e9t \u00e9s dekor\u00e1ci\u00f3j\u00e1t id\u00e9zi, ezzel is tisztelegve a sport\u00e1g hagyom\u00e1nyai el\u0151tt. A 270 l\u00f3er\u0151s, \u00f6sszker\u00e9k meghajt\u00e1s\u00fa kocsi a napokban deb\u00fct\u00e1lt el\u0151sz\u00f6r a B\u00e1ny\u00e1sznapi Oroszl\u00e1ny rally-n, ahol a negyedik helyet szerezte meg. Az aut\u00f3 ereje \u00e9s megb\u00edzhat\u00f3s\u00e1ga t\u00f6k\u00e9letes szimb\u00f3luma annak a min\u0151s\u00e9gnek \u00e9s hat\u00e9konys\u00e1gnak, amit a Lindstr\u00f6m ipari t\u00f6rl\u0151kend\u0151i, munkaruh\u00e1i \u00e9s szennyfog\u00f3 sz\u0151nyegei is k\u00e9pviselnek.<\/p>\n\n\n\n<figure class=\"wp-block-image size-large\"><img decoding=\"async\" width=\"1024\" height=\"684\" src=\"https:\/\/d2ris6qfzcz0wn.cloudfront.net\/wp-content\/uploads\/sites\/24\/2024\/08\/Rallyauto_Lindstrom_2-1024x684.jpg\" alt=\"\" class=\"wp-image-19038\" srcset=\"https:\/\/d2ris6qfzcz0wn.cloudfront.net\/wp-content\/uploads\/sites\/24\/2024\/08\/Rallyauto_Lindstrom_2-1024x684.jpg 1024w, https:\/\/d2ris6qfzcz0wn.cloudfront.net\/wp-content\/uploads\/sites\/24\/2024\/08\/Rallyauto_Lindstrom_2-300x200.jpg 300w, https:\/\/d2ris6qfzcz0wn.cloudfront.net\/wp-content\/uploads\/sites\/24\/2024\/08\/Rallyauto_Lindstrom_2-768x513.jpg 768w, https:\/\/d2ris6qfzcz0wn.cloudfront.net\/wp-content\/uploads\/sites\/24\/2024\/08\/Rallyauto_Lindstrom_2.jpg 1080w\" sizes=\"(max-width: 1024px) 100vw, 1024px\" \/><\/figure>\n\n\n\n<h2 class=\"wp-block-heading\"><strong>Rally szenved\u00e9ly a Lindstr\u00f6mn\u00e9l<\/strong><\/h2>\n\n\n\n<p><strong>Petra<\/strong> sz\u00e1m\u00e1ra ez az aut\u00f3 t\u00f6bb, mint egy j\u00e1rm\u0171. Gyerekkora \u00f3ta vonz\u00f3dik az aut\u00f3khoz, \u00e9s a rally vil\u00e1ga a szenved\u00e9ly\u00e9v\u00e9 v\u00e1lt. B\u00e1r most navig\u00e1tork\u00e9nt seg\u00edti p\u00e1rj\u00e1t, a vezet\u00e9s szeretete \u00e9s az adrenalin hajszol\u00e1sa mindennapjait is meghat\u00e1rozza. Az aut\u00f3ipar \u00e9s a rally ir\u00e1nti rajong\u00e1sa pedig t\u00f6k\u00e9letesen \u00f6sszekapcsol\u00f3dik a Lindstr\u00f6mn\u00e9l v\u00e9gzett munk\u00e1j\u00e1val. Az aut\u00f3szerel\u0151 m\u0171helyek sz\u00e1m\u00e1ra ny\u00fajtott ipari t\u00f6rl\u0151kend\u0151 szolg\u00e1ltat\u00e1s k\u00fcl\u00f6n\u00f6sen k\u00f6zel \u00e1ll hozz\u00e1, hiszen Petra \u00edgy munk\u00e1ja sor\u00e1n is azt csin\u00e1lhatja, amit igaz\u00e1n szeret.<\/p>\n\n\n\n<div class=\"wp-block-media-text is-stacked-on-mobile\" style=\"grid-template-columns:24% auto\"><figure class=\"wp-block-media-text__media\"><img decoding=\"async\" width=\"319\" height=\"666\" src=\"https:\/\/d2ris6qfzcz0wn.cloudfront.net\/wp-content\/uploads\/sites\/24\/2024\/08\/Totalcar_Hungaroring_Hrivnak_Karoly_Lindstrom.jpg\" alt=\"\" class=\"wp-image-19037 size-full\" srcset=\"https:\/\/d2ris6qfzcz0wn.cloudfront.net\/wp-content\/uploads\/sites\/24\/2024\/08\/Totalcar_Hungaroring_Hrivnak_Karoly_Lindstrom.jpg 319w, https:\/\/d2ris6qfzcz0wn.cloudfront.net\/wp-content\/uploads\/sites\/24\/2024\/08\/Totalcar_Hungaroring_Hrivnak_Karoly_Lindstrom-144x300.jpg 144w\" sizes=\"(max-width: 319px) 100vw, 319px\" \/><\/figure><div class=\"wp-block-media-text__content\">\n<p><a href=\"https:\/\/lindstromgroup.com\/hu\/cikkek\/textil-torokendo-papirtekercs-helyett\/\"><strong>Hrivn\u00e1k K\u00e1roly<\/strong>, a Lindstr\u00f6m sales menedzsere<\/a>, szint\u00e9n szorosan k\u00f6t\u0151dik az aut\u00f3sporthoz. B\u00e1r k\u00e9s\u0151bb kezdett el komolyabban foglalkozni vele, m\u00e1ra m\u00e1r tapasztalt versenyb\u00edr\u00f3k\u00e9nt tartj\u00e1k sz\u00e1mon. K\u00e1roly sz\u00e1m\u00e1ra a versenyek izgalma \u00e9s a kih\u00edv\u00e1sok jelentik a vonzer\u0151t. A COVID-j\u00e1rv\u00e1ny k\u00e9sleltette ugyan a versenyb\u00edr\u00f3i vizsg\u00e1j\u00e1t, de 2022 \u00f3ta m\u00e1r harmadik szezonj\u00e1t t\u00f6lti b\u00edr\u00f3k\u00e9nt. K\u00fcl\u00f6n\u00f6sen b\u00fcszke arra, hogy h\u00e1rom rally Eur\u00f3pa-bajnoki futamon is r\u00e9szt vett, ahol r\u00e1di\u00f3s sportb\u00edr\u00f3k\u00e9nt \u00e9s az FIA Nemzetk\u00f6zi Automobil Sz\u00f6vets\u00e9g egyik \u00f6sszek\u00f6t\u0151jek\u00e9nt is helyt \u00e1llt seg\u00edtve a rajtol\u00e1si proced\u00far\u00e1t, mely elt\u00e9r a hazai bajnoks\u00e1g gyakorlat\u00e1t\u00f3l. K\u00e1roly nemcsak rally-n, hanem gyorsas\u00e1gi versenyeken is tev\u00e9kenykedik, bele\u00e9rtve a Forma-1-es futamokat is, ahol id\u00e9n gyalogos beavatkoz\u00f3k\u00e9nt dolgozott a Hungaroringen.<\/p>\n<\/div><\/div>\n\n\n\n<h2 class=\"wp-block-heading\"><strong>A Lindstr\u00f6m ipari t\u00f6rl\u0151kend\u0151k \u00e9s az aut\u00f3k vil\u00e1g\u00e1nak k\u00f6z\u00f6s \u00fatja<\/strong><\/h2>\n\n\n\n<p>A Lindstr\u00f6m ipari t\u00f6rl\u0151kend\u0151i nem csup\u00e1n a h\u00e9tk\u00f6znapi <a href=\"https:\/\/lindstromgroup.com\/hu\/cikkek\/lindstrom-ipari-torlokendok-az-autoszerelok-legjobb-valasztasa\/\">aut\u00f3szerel\u0151 m\u0171helyek<\/a> sz\u00e1m\u00e1ra elengedhetetlenek, hanem a versenyp\u00e1ly\u00e1n is bizony\u00edtanak. A tisztas\u00e1g, a hat\u00e9konys\u00e1g \u00e9s a precizit\u00e1s kulcsfontoss\u00e1g\u00fa az aut\u00f3sportban, \u00e9s a Lindstr\u00f6m ezen a t\u00e9ren is partnerek\u00e9nt \u00e1ll a szakemberek mellett. A Parkol\u00f3 Par\u00e1d\u00e9 remek alkalom arra, hogy bemutassuk, hogyan fon\u00f3dik \u00f6ssze a Lindstr\u00f6m b\u00e9rtext\u00edlia szolg\u00e1ltat\u00e1sa az aut\u00f3k vil\u00e1g\u00e1val.<\/p>\n\n\n\n<h2 class=\"wp-block-heading\"><strong>Egyedi \u00e9lm\u00e9ny a Parkol\u00f3 Par\u00e1d\u00e9n<\/strong><\/h2>\n\n\n\n<div class=\"wp-block-media-text has-media-on-the-right is-stacked-on-mobile\" style=\"grid-template-columns:auto 37%\"><div class=\"wp-block-media-text__content\">\n<p>Ne hagyja ki a lehet\u0151s\u00e9get, hogy testk\u00f6zelb\u0151l l\u00e1ssa ezt a k\u00fcl\u00f6nleges Subarut, amely a Lindstr\u00f6m standj\u00e1nak \u00e9ke lesz. Az aut\u00f3 megtekint\u00e9se nem csup\u00e1n a motorsport szerelmeseinek ny\u00fajt izgalmas \u00e9lm\u00e9nyt, de bepillant\u00e1st enged abba is, hogyan kapcsol\u00f3dnak a Lindstr\u00f6m munkaruha, ipari t\u00f6rl\u0151kend\u0151 \u00e9s szennyfog\u00f3 sz\u0151nyeg szolg\u00e1ltat\u00e1sai a rally vil\u00e1g\u00e1hoz. Petra \u00e9s K\u00e1roly szem\u00e9lyes t\u00f6rt\u00e9netei pedig m\u00e9g k\u00f6zelebb hozz\u00e1k a l\u00e1togat\u00f3khoz azt az elk\u00f6telezetts\u00e9get \u00e9s szenved\u00e9lyt, amelyet a Lindstr\u00f6m k\u00e9pvisel.<\/p>\n<\/div><figure class=\"wp-block-media-text__media\"><img decoding=\"async\" width=\"1024\" height=\"1024\" src=\"https:\/\/d2ris6qfzcz0wn.cloudfront.net\/wp-content\/uploads\/sites\/24\/2024\/09\/20240902_0904311-1024x1024.jpg\" alt=\"\" class=\"wp-image-19042 size-full\" srcset=\"https:\/\/d2ris6qfzcz0wn.cloudfront.net\/wp-content\/uploads\/sites\/24\/2024\/09\/20240902_0904311-1024x1024.jpg 1024w, https:\/\/d2ris6qfzcz0wn.cloudfront.net\/wp-content\/uploads\/sites\/24\/2024\/09\/20240902_0904311-300x300.jpg 300w, https:\/\/d2ris6qfzcz0wn.cloudfront.net\/wp-content\/uploads\/sites\/24\/2024\/09\/20240902_0904311-150x150.jpg 150w, https:\/\/d2ris6qfzcz0wn.cloudfront.net\/wp-content\/uploads\/sites\/24\/2024\/09\/20240902_0904311-768x768.jpg 768w, https:\/\/d2ris6qfzcz0wn.cloudfront.net\/wp-content\/uploads\/sites\/24\/2024\/09\/20240902_0904311-1536x1536.jpg 1536w, https:\/\/d2ris6qfzcz0wn.cloudfront.net\/wp-content\/uploads\/sites\/24\/2024\/09\/20240902_0904311.jpg 2048w\" sizes=\"(max-width: 1024px) 100vw, 1024px\" \/><\/figure><\/div>\n\n\n\n<p><\/p>\n\n\n\n<p><strong><strong>Csatlakozzon hozz\u00e1nk a Parkol\u00f3 Par\u00e1d\u00e9n, \u00e9s fedezze fel, hogyan tal\u00e1lkozik a rally \u00e9s az ipari t\u00f6rl\u0151kend\u0151 szolg\u00e1ltat\u00e1s vil\u00e1ga! Tesztelje <a href=\"https:\/\/lindstromgroup.com\/hu\/szolgaltatasok\/ipari-torlokendo-szolgaltatas\/\">ipari t\u00f6rl\u0151kend\u0151inket<\/a>, vegyen r\u00e9szt a Lindstr\u00f6m OlajStop Kih\u00edv\u00e1sban \u00e9s nyerjen t\u00f6rl\u0151kend\u0151t vagy Nespresso k\u00e1v\u00e9f\u0151z\u0151t!! Tal\u00e1lkozzunk szeptember 8-\u00e1n a Hungexpon!<\/strong><\/strong><\/p>\n","protected":false},"excerpt":{"rendered":"<p>A Lindstr\u00f6m ipari t\u00f6rl\u0151kend\u0151 szolg\u00e1ltat\u00e1s\u00e1val m\u00e1r r\u00e9g\u00f3ta jelen van az aut\u00f3iparban, de most egy k\u00fcl\u00f6nleges esem\u00e9ny keret\u00e9ben emelj\u00fck ezt a kapcsolatot \u00faj szintre. A Totalcar&#8230;<\/p>\n","protected":false},"author":14,"featured_media":19040,"comment_status":"closed","ping_status":"open","sticky":false,"template":"","format":"standard","meta":{"_acf_changed":false,"inline_featured_image":false,"_eb_attr":"","site-sidebar-layout":"default","site-content-layout":"","ast-site-content-layout":"default","site-content-style":"default","site-sidebar-style":"default","ast-global-header-display":"","ast-banner-title-visibility":"","ast-main-header-display":"","ast-hfb-above-header-display":"","ast-hfb-below-header-display":"","ast-hfb-mobile-header-display":"","site-post-title":"","ast-breadcrumbs-content":"","ast-featured-img":"","footer-sml-layout":"","ast-disable-related-posts":"","theme-transparent-header-meta":"","adv-header-id-meta":"","stick-header-meta":"","header-above-stick-meta":"","header-main-stick-meta":"","header-below-stick-meta":"","astra-migrate-meta-layouts":"default","ast-page-background-enabled":"default","ast-page-background-meta":{"desktop":{"background-color":"var(--ast-global-color-4)","background-image":"","background-repeat":"repeat","background-position":"center center","background-size":"auto","background-attachment":"scroll","background-type":"","background-media":"","overlay-type":"","overlay-color":"","overlay-opacity":"","overlay-gradient":""},"tablet":{"background-color":"","background-image":"","background-repeat":"repeat","background-position":"center center","background-size":"auto","background-attachment":"scroll","background-type":"","background-media":"","overlay-type":"","overlay-color":"","overlay-opacity":"","overlay-gradient":""},"mobile":{"background-color":"","background-image":"","background-repeat":"repeat","background-position":"center center","background-size":"auto","background-attachment":"scroll","background-type":"","background-media":"","overlay-type":"","overlay-color":"","overlay-opacity":"","overlay-gradient":""}},"ast-content-background-meta":{"desktop":{"background-color":"var(--ast-global-color-5)","background-image":"","background-repeat":"repeat","background-position":"center center","background-size":"auto","background-attachment":"scroll","background-type":"","background-media":"","overlay-type":"","overlay-color":"","overlay-opacity":"","overlay-gradient":""},"tablet":{"background-color":"var(--ast-global-color-5)","background-image":"","background-repeat":"repeat","background-position":"center center","background-size":"auto","background-attachment":"scroll","background-type":"","background-media":"","overlay-type":"","overlay-color":"","overlay-opacity":"","overlay-gradient":""},"mobile":{"background-color":"var(--ast-global-color-5)","background-image":"","background-repeat":"repeat","background-position":"center center","background-size":"auto","background-attachment":"scroll","background-type":"","background-media":"","overlay-type":"","overlay-color":"","overlay-opacity":"","overlay-gradient":""}},"footnotes":""},"categories":[14],"tags":[45,42,44,46],"coauthors":[20],"class_list":["post-19034","post","type-post","status-publish","format-standard","has-post-thumbnail","hentry","category-cikkek","tag-autoszereles","tag-iparitorlokendo","tag-parkoloparade","tag-rally"],"acf":[],"yoast_head":"<!-- This site is optimized with the Yoast SEO plugin v27.2 - https:\/\/yoast.com\/product\/yoast-seo-wordpress\/ -->\n<title>A Lindstr\u00f6m \u00e9s a Parkol\u00f3 Par\u00e1d\u00e9 \u00f6sszefon\u00f3d\u00e1sa: Ipari t\u00f6rl\u0151kend\u0151k \u00e9s egy legend\u00e1s Subaru a rally vil\u00e1g\u00e1ban - Lindstr\u00f6m Magyarorsz\u00e1g<\/title>\n<meta name=\"robots\" content=\"index, follow, max-snippet:-1, max-image-preview:large, max-video-preview:-1\" \/>\n<meta property=\"og:locale\" content=\"hu_HU\" \/>\n<meta property=\"og:type\" content=\"article\" \/>\n<meta property=\"og:title\" content=\"A Lindstr\u00f6m \u00e9s a Parkol\u00f3 Par\u00e1d\u00e9 \u00f6sszefon\u00f3d\u00e1sa: Ipari t\u00f6rl\u0151kend\u0151k \u00e9s egy legend\u00e1s Subaru a rally vil\u00e1g\u00e1ban - Lindstr\u00f6m Magyarorsz\u00e1g\" \/>\n<meta property=\"og:description\" content=\"A Lindstr\u00f6m ipari t\u00f6rl\u0151kend\u0151 szolg\u00e1ltat\u00e1s\u00e1val m\u00e1r r\u00e9g\u00f3ta jelen van az aut\u00f3iparban, de most egy k\u00fcl\u00f6nleges esem\u00e9ny keret\u00e9ben emelj\u00fck ezt a kapcsolatot \u00faj szintre. A Totalcar...\" \/>\n<meta property=\"og:url\" content=\"https:\/\/lindstromgroup.com\/hu\/cikkek\/a-lindstrom-es-a-parkolo-parade-osszefonodasa-ipari-torlokendok-es-egy-legendas-subaru-a-rally-vilagaban\/\" \/>\n<meta property=\"og:site_name\" content=\"Lindstr\u00f6m Magyarorsz\u00e1g\" \/>\n<meta property=\"article:published_time\" content=\"2024-08-29T07:28:18+00:00\" \/>\n<meta property=\"article:modified_time\" content=\"2025-05-11T20:15:53+00:00\" \/>\n<meta property=\"og:image\" content=\"https:\/\/lindstrom-sites.s3.eu-north-1.amazonaws.com\/wp-content\/uploads\/sites\/24\/2024\/08\/Rallyauto_Lindstrom.jpg\" \/>\n\t<meta property=\"og:image:width\" content=\"2048\" \/>\n\t<meta property=\"og:image:height\" content=\"1365\" \/>\n\t<meta property=\"og:image:type\" content=\"image\/jpeg\" \/>\n<meta name=\"author\" content=\"Lindstr\u00f6m Group\" \/>\n<meta name=\"twitter:card\" content=\"summary_large_image\" \/>\n<meta name=\"twitter:label1\" content=\"Szerz\u0151:\" \/>\n\t<meta name=\"twitter:data1\" content=\"Lindstr\u00f6m Group\" \/>\n\t<meta name=\"twitter:label2\" content=\"Becs\u00fclt olvas\u00e1si id\u0151\" \/>\n\t<meta name=\"twitter:data2\" content=\"5 perc\" \/>\n\t<meta name=\"twitter:label3\" content=\"Written by\" \/>\n\t<meta name=\"twitter:data3\" content=\"Lindstr\u00f6m Group\" \/>\n<script type=\"application\/ld+json\" class=\"yoast-schema-graph\">{\"@context\":\"https:\/\/schema.org\",\"@graph\":[{\"@type\":\"Article\",\"@id\":\"https:\/\/lindstromgroup.com\/hu\/cikkek\/a-lindstrom-es-a-parkolo-parade-osszefonodasa-ipari-torlokendok-es-egy-legendas-subaru-a-rally-vilagaban\/#article\",\"isPartOf\":{\"@id\":\"https:\/\/lindstromgroup.com\/hu\/cikkek\/a-lindstrom-es-a-parkolo-parade-osszefonodasa-ipari-torlokendok-es-egy-legendas-subaru-a-rally-vilagaban\/\"},\"author\":{\"name\":\"Lindstr\u00f6m Group\",\"@id\":\"https:\/\/lindstromgroup.com\/hu\/#\/schema\/person\/9111900e3f15be99cf4a104112bf0bc3\"},\"headline\":\"A Lindstr\u00f6m \u00e9s a Parkol\u00f3 Par\u00e1d\u00e9 \u00f6sszefon\u00f3d\u00e1sa: Ipari t\u00f6rl\u0151kend\u0151k \u00e9s egy legend\u00e1s Subaru a rally vil\u00e1g\u00e1ban\",\"datePublished\":\"2024-08-29T07:28:18+00:00\",\"dateModified\":\"2025-05-11T20:15:53+00:00\",\"mainEntityOfPage\":{\"@id\":\"https:\/\/lindstromgroup.com\/hu\/cikkek\/a-lindstrom-es-a-parkolo-parade-osszefonodasa-ipari-torlokendok-es-egy-legendas-subaru-a-rally-vilagaban\/\"},\"wordCount\":912,\"publisher\":{\"@id\":\"https:\/\/lindstromgroup.com\/hu\/#organization\"},\"image\":{\"@id\":\"https:\/\/lindstromgroup.com\/hu\/cikkek\/a-lindstrom-es-a-parkolo-parade-osszefonodasa-ipari-torlokendok-es-egy-legendas-subaru-a-rally-vilagaban\/#primaryimage\"},\"thumbnailUrl\":\"https:\/\/d2ris6qfzcz0wn.cloudfront.net\/wp-content\/uploads\/sites\/24\/2024\/08\/Rallyauto_Lindstrom.jpg\",\"keywords\":[\"#aut\u00f3szerel\u00e9s\",\"#iparit\u00f6rl\u0151kend\u0151\",\"#Parkol\u00f3Par\u00e1d\u00e9\",\"#rally\"],\"articleSection\":[\"Cikkek\"],\"inLanguage\":\"hu\"},{\"@type\":\"WebPage\",\"@id\":\"https:\/\/lindstromgroup.com\/hu\/cikkek\/a-lindstrom-es-a-parkolo-parade-osszefonodasa-ipari-torlokendok-es-egy-legendas-subaru-a-rally-vilagaban\/\",\"url\":\"https:\/\/lindstromgroup.com\/hu\/cikkek\/a-lindstrom-es-a-parkolo-parade-osszefonodasa-ipari-torlokendok-es-egy-legendas-subaru-a-rally-vilagaban\/\",\"name\":\"A Lindstr\u00f6m \u00e9s a Parkol\u00f3 Par\u00e1d\u00e9 \u00f6sszefon\u00f3d\u00e1sa: Ipari t\u00f6rl\u0151kend\u0151k \u00e9s egy legend\u00e1s Subaru a rally vil\u00e1g\u00e1ban - Lindstr\u00f6m Magyarorsz\u00e1g\",\"isPartOf\":{\"@id\":\"https:\/\/lindstromgroup.com\/hu\/#website\"},\"primaryImageOfPage\":{\"@id\":\"https:\/\/lindstromgroup.com\/hu\/cikkek\/a-lindstrom-es-a-parkolo-parade-osszefonodasa-ipari-torlokendok-es-egy-legendas-subaru-a-rally-vilagaban\/#primaryimage\"},\"image\":{\"@id\":\"https:\/\/lindstromgroup.com\/hu\/cikkek\/a-lindstrom-es-a-parkolo-parade-osszefonodasa-ipari-torlokendok-es-egy-legendas-subaru-a-rally-vilagaban\/#primaryimage\"},\"thumbnailUrl\":\"https:\/\/d2ris6qfzcz0wn.cloudfront.net\/wp-content\/uploads\/sites\/24\/2024\/08\/Rallyauto_Lindstrom.jpg\",\"datePublished\":\"2024-08-29T07:28:18+00:00\",\"dateModified\":\"2025-05-11T20:15:53+00:00\",\"breadcrumb\":{\"@id\":\"https:\/\/lindstromgroup.com\/hu\/cikkek\/a-lindstrom-es-a-parkolo-parade-osszefonodasa-ipari-torlokendok-es-egy-legendas-subaru-a-rally-vilagaban\/#breadcrumb\"},\"inLanguage\":\"hu\",\"potentialAction\":[{\"@type\":\"ReadAction\",\"target\":[\"https:\/\/lindstromgroup.com\/hu\/cikkek\/a-lindstrom-es-a-parkolo-parade-osszefonodasa-ipari-torlokendok-es-egy-legendas-subaru-a-rally-vilagaban\/\"]}]},{\"@type\":\"ImageObject\",\"inLanguage\":\"hu\",\"@id\":\"https:\/\/lindstromgroup.com\/hu\/cikkek\/a-lindstrom-es-a-parkolo-parade-osszefonodasa-ipari-torlokendok-es-egy-legendas-subaru-a-rally-vilagaban\/#primaryimage\",\"url\":\"https:\/\/d2ris6qfzcz0wn.cloudfront.net\/wp-content\/uploads\/sites\/24\/2024\/08\/Rallyauto_Lindstrom.jpg\",\"contentUrl\":\"https:\/\/d2ris6qfzcz0wn.cloudfront.net\/wp-content\/uploads\/sites\/24\/2024\/08\/Rallyauto_Lindstrom.jpg\",\"width\":2048,\"height\":1365},{\"@type\":\"BreadcrumbList\",\"@id\":\"https:\/\/lindstromgroup.com\/hu\/cikkek\/a-lindstrom-es-a-parkolo-parade-osszefonodasa-ipari-torlokendok-es-egy-legendas-subaru-a-rally-vilagaban\/#breadcrumb\",\"itemListElement\":[{\"@type\":\"ListItem\",\"position\":1,\"name\":\"Home\",\"item\":\"https:\/\/lindstromgroup.com\/hu\/\"},{\"@type\":\"ListItem\",\"position\":2,\"name\":\"Cikkek\",\"item\":\"https:\/\/lindstromgroup.com\/hu\/category\/cikkek\/\"},{\"@type\":\"ListItem\",\"position\":3,\"name\":\"A Lindstr\u00f6m \u00e9s a Parkol\u00f3 Par\u00e1d\u00e9 \u00f6sszefon\u00f3d\u00e1sa: Ipari t\u00f6rl\u0151kend\u0151k \u00e9s egy legend\u00e1s Subaru a rally vil\u00e1g\u00e1ban\"}]},{\"@type\":\"WebSite\",\"@id\":\"https:\/\/lindstromgroup.com\/hu\/#website\",\"url\":\"https:\/\/lindstromgroup.com\/hu\/\",\"name\":\"Lindstr\u00f6m Magyarorsz\u00e1g\",\"description\":\"\",\"publisher\":{\"@id\":\"https:\/\/lindstromgroup.com\/hu\/#organization\"},\"potentialAction\":[{\"@type\":\"SearchAction\",\"target\":{\"@type\":\"EntryPoint\",\"urlTemplate\":\"https:\/\/lindstromgroup.com\/hu\/?s={search_term_string}\"},\"query-input\":{\"@type\":\"PropertyValueSpecification\",\"valueRequired\":true,\"valueName\":\"search_term_string\"}}],\"inLanguage\":\"hu\"},{\"@type\":\"Organization\",\"@id\":\"https:\/\/lindstromgroup.com\/hu\/#organization\",\"name\":\"Lindstr\u00f6m Magyarorsz\u00e1g\",\"url\":\"https:\/\/lindstromgroup.com\/hu\/\",\"logo\":{\"@type\":\"ImageObject\",\"inLanguage\":\"hu\",\"@id\":\"https:\/\/lindstromgroup.com\/hu\/#\/schema\/logo\/image\/\",\"url\":\"https:\/\/d2ris6qfzcz0wn.cloudfront.net\/wp-content\/uploads\/sites\/24\/2023\/10\/Logo512.png\",\"contentUrl\":\"https:\/\/d2ris6qfzcz0wn.cloudfront.net\/wp-content\/uploads\/sites\/24\/2023\/10\/Logo512.png\",\"width\":512,\"height\":109,\"caption\":\"Lindstr\u00f6m Magyarorsz\u00e1g\"},\"image\":{\"@id\":\"https:\/\/lindstromgroup.com\/hu\/#\/schema\/logo\/image\/\"}},{\"@type\":\"Person\",\"@id\":\"https:\/\/lindstromgroup.com\/hu\/#\/schema\/person\/9111900e3f15be99cf4a104112bf0bc3\",\"name\":\"Lindstr\u00f6m Group\",\"image\":{\"@type\":\"ImageObject\",\"inLanguage\":\"hu\",\"@id\":\"https:\/\/d2ris6qfzcz0wn.cloudfront.net\/wp-content\/uploads\/sites\/24\/2024\/10\/logo_Red_V01-150x150.pnga8369e4b862ae7e557e8b3dbe56c1712\",\"url\":\"https:\/\/d2ris6qfzcz0wn.cloudfront.net\/wp-content\/uploads\/sites\/24\/2024\/10\/logo_Red_V01-150x150.png\",\"contentUrl\":\"https:\/\/d2ris6qfzcz0wn.cloudfront.net\/wp-content\/uploads\/sites\/24\/2024\/10\/logo_Red_V01-150x150.png\",\"caption\":\"Lindstr\u00f6m Group\"}}]}<\/script>\n<!-- \/ Yoast SEO plugin. -->","yoast_head_json":{"title":"A Lindstr\u00f6m \u00e9s a Parkol\u00f3 Par\u00e1d\u00e9 \u00f6sszefon\u00f3d\u00e1sa: Ipari t\u00f6rl\u0151kend\u0151k \u00e9s egy legend\u00e1s Subaru a rally vil\u00e1g\u00e1ban - Lindstr\u00f6m Magyarorsz\u00e1g","robots":{"index":"index","follow":"follow","max-snippet":"max-snippet:-1","max-image-preview":"max-image-preview:large","max-video-preview":"max-video-preview:-1"},"og_locale":"hu_HU","og_type":"article","og_title":"A Lindstr\u00f6m \u00e9s a Parkol\u00f3 Par\u00e1d\u00e9 \u00f6sszefon\u00f3d\u00e1sa: Ipari t\u00f6rl\u0151kend\u0151k \u00e9s egy legend\u00e1s Subaru a rally vil\u00e1g\u00e1ban - Lindstr\u00f6m Magyarorsz\u00e1g","og_description":"A Lindstr\u00f6m ipari t\u00f6rl\u0151kend\u0151 szolg\u00e1ltat\u00e1s\u00e1val m\u00e1r r\u00e9g\u00f3ta jelen van az aut\u00f3iparban, de most egy k\u00fcl\u00f6nleges esem\u00e9ny keret\u00e9ben emelj\u00fck ezt a kapcsolatot \u00faj szintre. A Totalcar...","og_url":"https:\/\/lindstromgroup.com\/hu\/cikkek\/a-lindstrom-es-a-parkolo-parade-osszefonodasa-ipari-torlokendok-es-egy-legendas-subaru-a-rally-vilagaban\/","og_site_name":"Lindstr\u00f6m Magyarorsz\u00e1g","article_published_time":"2024-08-29T07:28:18+00:00","article_modified_time":"2025-05-11T20:15:53+00:00","og_image":[{"width":2048,"height":1365,"url":"https:\/\/lindstrom-sites.s3.eu-north-1.amazonaws.com\/wp-content\/uploads\/sites\/24\/2024\/08\/Rallyauto_Lindstrom.jpg","type":"image\/jpeg"}],"author":"Lindstr\u00f6m Group","twitter_card":"summary_large_image","twitter_misc":{"Szerz\u0151:":"Lindstr\u00f6m Group","Becs\u00fclt olvas\u00e1si id\u0151":"5 perc","Written by":"Lindstr\u00f6m Group"},"schema":{"@context":"https:\/\/schema.org","@graph":[{"@type":"Article","@id":"https:\/\/lindstromgroup.com\/hu\/cikkek\/a-lindstrom-es-a-parkolo-parade-osszefonodasa-ipari-torlokendok-es-egy-legendas-subaru-a-rally-vilagaban\/#article","isPartOf":{"@id":"https:\/\/lindstromgroup.com\/hu\/cikkek\/a-lindstrom-es-a-parkolo-parade-osszefonodasa-ipari-torlokendok-es-egy-legendas-subaru-a-rally-vilagaban\/"},"author":{"name":"Lindstr\u00f6m Group","@id":"https:\/\/lindstromgroup.com\/hu\/#\/schema\/person\/9111900e3f15be99cf4a104112bf0bc3"},"headline":"A Lindstr\u00f6m \u00e9s a Parkol\u00f3 Par\u00e1d\u00e9 \u00f6sszefon\u00f3d\u00e1sa: Ipari t\u00f6rl\u0151kend\u0151k \u00e9s egy legend\u00e1s Subaru a rally vil\u00e1g\u00e1ban","datePublished":"2024-08-29T07:28:18+00:00","dateModified":"2025-05-11T20:15:53+00:00","mainEntityOfPage":{"@id":"https:\/\/lindstromgroup.com\/hu\/cikkek\/a-lindstrom-es-a-parkolo-parade-osszefonodasa-ipari-torlokendok-es-egy-legendas-subaru-a-rally-vilagaban\/"},"wordCount":912,"publisher":{"@id":"https:\/\/lindstromgroup.com\/hu\/#organization"},"image":{"@id":"https:\/\/lindstromgroup.com\/hu\/cikkek\/a-lindstrom-es-a-parkolo-parade-osszefonodasa-ipari-torlokendok-es-egy-legendas-subaru-a-rally-vilagaban\/#primaryimage"},"thumbnailUrl":"https:\/\/d2ris6qfzcz0wn.cloudfront.net\/wp-content\/uploads\/sites\/24\/2024\/08\/Rallyauto_Lindstrom.jpg","keywords":["#aut\u00f3szerel\u00e9s","#iparit\u00f6rl\u0151kend\u0151","#Parkol\u00f3Par\u00e1d\u00e9","#rally"],"articleSection":["Cikkek"],"inLanguage":"hu"},{"@type":"WebPage","@id":"https:\/\/lindstromgroup.com\/hu\/cikkek\/a-lindstrom-es-a-parkolo-parade-osszefonodasa-ipari-torlokendok-es-egy-legendas-subaru-a-rally-vilagaban\/","url":"https:\/\/lindstromgroup.com\/hu\/cikkek\/a-lindstrom-es-a-parkolo-parade-osszefonodasa-ipari-torlokendok-es-egy-legendas-subaru-a-rally-vilagaban\/","name":"A Lindstr\u00f6m \u00e9s a Parkol\u00f3 Par\u00e1d\u00e9 \u00f6sszefon\u00f3d\u00e1sa: Ipari t\u00f6rl\u0151kend\u0151k \u00e9s egy legend\u00e1s Subaru a rally vil\u00e1g\u00e1ban - Lindstr\u00f6m Magyarorsz\u00e1g","isPartOf":{"@id":"https:\/\/lindstromgroup.com\/hu\/#website"},"primaryImageOfPage":{"@id":"https:\/\/lindstromgroup.com\/hu\/cikkek\/a-lindstrom-es-a-parkolo-parade-osszefonodasa-ipari-torlokendok-es-egy-legendas-subaru-a-rally-vilagaban\/#primaryimage"},"image":{"@id":"https:\/\/lindstromgroup.com\/hu\/cikkek\/a-lindstrom-es-a-parkolo-parade-osszefonodasa-ipari-torlokendok-es-egy-legendas-subaru-a-rally-vilagaban\/#primaryimage"},"thumbnailUrl":"https:\/\/d2ris6qfzcz0wn.cloudfront.net\/wp-content\/uploads\/sites\/24\/2024\/08\/Rallyauto_Lindstrom.jpg","datePublished":"2024-08-29T07:28:18+00:00","dateModified":"2025-05-11T20:15:53+00:00","breadcrumb":{"@id":"https:\/\/lindstromgroup.com\/hu\/cikkek\/a-lindstrom-es-a-parkolo-parade-osszefonodasa-ipari-torlokendok-es-egy-legendas-subaru-a-rally-vilagaban\/#breadcrumb"},"inLanguage":"hu","potentialAction":[{"@type":"ReadAction","target":["https:\/\/lindstromgroup.com\/hu\/cikkek\/a-lindstrom-es-a-parkolo-parade-osszefonodasa-ipari-torlokendok-es-egy-legendas-subaru-a-rally-vilagaban\/"]}]},{"@type":"ImageObject","inLanguage":"hu","@id":"https:\/\/lindstromgroup.com\/hu\/cikkek\/a-lindstrom-es-a-parkolo-parade-osszefonodasa-ipari-torlokendok-es-egy-legendas-subaru-a-rally-vilagaban\/#primaryimage","url":"https:\/\/d2ris6qfzcz0wn.cloudfront.net\/wp-content\/uploads\/sites\/24\/2024\/08\/Rallyauto_Lindstrom.jpg","contentUrl":"https:\/\/d2ris6qfzcz0wn.cloudfront.net\/wp-content\/uploads\/sites\/24\/2024\/08\/Rallyauto_Lindstrom.jpg","width":2048,"height":1365},{"@type":"BreadcrumbList","@id":"https:\/\/lindstromgroup.com\/hu\/cikkek\/a-lindstrom-es-a-parkolo-parade-osszefonodasa-ipari-torlokendok-es-egy-legendas-subaru-a-rally-vilagaban\/#breadcrumb","itemListElement":[{"@type":"ListItem","position":1,"name":"Home","item":"https:\/\/lindstromgroup.com\/hu\/"},{"@type":"ListItem","position":2,"name":"Cikkek","item":"https:\/\/lindstromgroup.com\/hu\/category\/cikkek\/"},{"@type":"ListItem","position":3,"name":"A Lindstr\u00f6m \u00e9s a Parkol\u00f3 Par\u00e1d\u00e9 \u00f6sszefon\u00f3d\u00e1sa: Ipari t\u00f6rl\u0151kend\u0151k \u00e9s egy legend\u00e1s Subaru a rally vil\u00e1g\u00e1ban"}]},{"@type":"WebSite","@id":"https:\/\/lindstromgroup.com\/hu\/#website","url":"https:\/\/lindstromgroup.com\/hu\/","name":"Lindstr\u00f6m Magyarorsz\u00e1g","description":"","publisher":{"@id":"https:\/\/lindstromgroup.com\/hu\/#organization"},"potentialAction":[{"@type":"SearchAction","target":{"@type":"EntryPoint","urlTemplate":"https:\/\/lindstromgroup.com\/hu\/?s={search_term_string}"},"query-input":{"@type":"PropertyValueSpecification","valueRequired":true,"valueName":"search_term_string"}}],"inLanguage":"hu"},{"@type":"Organization","@id":"https:\/\/lindstromgroup.com\/hu\/#organization","name":"Lindstr\u00f6m Magyarorsz\u00e1g","url":"https:\/\/lindstromgroup.com\/hu\/","logo":{"@type":"ImageObject","inLanguage":"hu","@id":"https:\/\/lindstromgroup.com\/hu\/#\/schema\/logo\/image\/","url":"https:\/\/d2ris6qfzcz0wn.cloudfront.net\/wp-content\/uploads\/sites\/24\/2023\/10\/Logo512.png","contentUrl":"https:\/\/d2ris6qfzcz0wn.cloudfront.net\/wp-content\/uploads\/sites\/24\/2023\/10\/Logo512.png","width":512,"height":109,"caption":"Lindstr\u00f6m Magyarorsz\u00e1g"},"image":{"@id":"https:\/\/lindstromgroup.com\/hu\/#\/schema\/logo\/image\/"}},{"@type":"Person","@id":"https:\/\/lindstromgroup.com\/hu\/#\/schema\/person\/9111900e3f15be99cf4a104112bf0bc3","name":"Lindstr\u00f6m Group","image":{"@type":"ImageObject","inLanguage":"hu","@id":"https:\/\/d2ris6qfzcz0wn.cloudfront.net\/wp-content\/uploads\/sites\/24\/2024\/10\/logo_Red_V01-150x150.pnga8369e4b862ae7e557e8b3dbe56c1712","url":"https:\/\/d2ris6qfzcz0wn.cloudfront.net\/wp-content\/uploads\/sites\/24\/2024\/10\/logo_Red_V01-150x150.png","contentUrl":"https:\/\/d2ris6qfzcz0wn.cloudfront.net\/wp-content\/uploads\/sites\/24\/2024\/10\/logo_Red_V01-150x150.png","caption":"Lindstr\u00f6m Group"}}]}},"publishpress_future_workflow_manual_trigger":{"enabledWorkflows":[]},"distributor_meta":false,"distributor_terms":false,"distributor_media":false,"distributor_original_site_name":"Lindstr\u00f6m Magyarorsz\u00e1g","distributor_original_site_url":"https:\/\/lindstromgroup.com\/hu","push-errors":false,"_links":{"self":[{"href":"https:\/\/lindstromgroup.com\/hu\/wp-json\/wp\/v2\/posts\/19034","targetHints":{"allow":["GET"]}}],"collection":[{"href":"https:\/\/lindstromgroup.com\/hu\/wp-json\/wp\/v2\/posts"}],"about":[{"href":"https:\/\/lindstromgroup.com\/hu\/wp-json\/wp\/v2\/types\/post"}],"author":[{"embeddable":true,"href":"https:\/\/lindstromgroup.com\/hu\/wp-json\/wp\/v2\/users\/14"}],"replies":[{"embeddable":true,"href":"https:\/\/lindstromgroup.com\/hu\/wp-json\/wp\/v2\/comments?post=19034"}],"version-history":[{"count":0,"href":"https:\/\/lindstromgroup.com\/hu\/wp-json\/wp\/v2\/posts\/19034\/revisions"}],"wp:featuredmedia":[{"embeddable":true,"href":"https:\/\/lindstromgroup.com\/hu\/wp-json\/wp\/v2\/media\/19040"}],"wp:attachment":[{"href":"https:\/\/lindstromgroup.com\/hu\/wp-json\/wp\/v2\/media?parent=19034"}],"wp:term":[{"taxonomy":"category","embeddable":true,"href":"https:\/\/lindstromgroup.com\/hu\/wp-json\/wp\/v2\/categories?post=19034"},{"taxonomy":"post_tag","embeddable":true,"href":"https:\/\/lindstromgroup.com\/hu\/wp-json\/wp\/v2\/tags?post=19034"},{"taxonomy":"author","embeddable":true,"href":"https:\/\/lindstromgroup.com\/hu\/wp-json\/wp\/v2\/coauthors?post=19034"}],"curies":[{"name":"wp","href":"https:\/\/api.w.org\/{rel}","templated":true}]}}