
    {"id":9892,"date":"2025-03-13T13:37:38","date_gmt":"2025-03-13T11:37:38","guid":{"rendered":"https:\/\/lindstromgroup.com\/fi\/?p=9892"},"modified":"2025-03-13T13:37:39","modified_gmt":"2025-03-13T11:37:39","slug":"lindstrom-kaynnistaa-muutosneuvottelut-turun-ja-hameenlinnan-palvelukeskuksissa","status":"publish","type":"post","link":"https:\/\/lindstromgroup.com\/fi\/tiedotteet\/lindstrom-kaynnistaa-muutosneuvottelut-turun-ja-hameenlinnan-palvelukeskuksissa\/","title":{"rendered":"Lindstr\u00f6m k\u00e4ynnist\u00e4\u00e4 muutosneuvottelut Turun ja H\u00e4meenlinnan palvelukeskuksissa"},"content":{"rendered":"\n<p>Lindstr\u00f6m aloittaa muutosneuvottelut Turun ja H\u00e4meenlinnan palvelukeskuksissa. Turussa neuvottelut koskevat ty\u00f6vaatepesulassa ty\u00f6skentelevi\u00e4 tekstiilihuoltajia ja esihenkil\u00f6it\u00e4 ja H\u00e4meenlinnassa neuvottelujen piiriin kuuluvat ty\u00f6vaate- ja teollisuuspyyhepesulassa ty\u00f6skentelev\u00e4t tekstiilihuoltajat. Ty\u00f6nantajan arvion mukaan v\u00e4hennystarve on Turussa enint\u00e4\u00e4n 10 ty\u00f6paikkaa ja H\u00e4meenlinnassa enint\u00e4\u00e4n 15.<\/p>\n\n\n\n<p>Neuvottelujen taustalla on tilanne, jossa palvelukeskuksilta poistuu merkitt\u00e4vi\u00e4 kunta- ja terveydenhuollon asiakkuuksia vuoden 2025 aikana. Esimerkiksi Varsinais-Suomen, Pirkanmaan ja H\u00e4meen hyvinvointialueet siirt\u00e4v\u00e4t tekstiilihuoltonsa hyvinvointialueiden nimellisesti omistamille pesuloille.<\/p>\n\n\n\n<p>\u201cOlemme todella huolissamme t\u00e4st\u00e4 kehityksest\u00e4, jossa hyvinvointialueet ja kunnat yksipuolisella p\u00e4\u00e4t\u00f6ksell\u00e4 siirt\u00e4v\u00e4t tekstiilihuoltonsa ilman kilpailutusta pesuloille, joissa niill\u00e4 on nimellinen omistusosuus. Meid\u00e4n n\u00e4kemyksemme mukaan on veronmaksajien etu, ett\u00e4 julkisten palveluiden hankkimisesta j\u00e4rjestet\u00e4\u00e4n aina kilpailutus, jolla varmistetaan julkisten varojen paras ja kustannustehokkain k\u00e4ytt\u00f6 sek\u00e4 p\u00e4\u00e4t\u00f6ksenteon l\u00e4pin\u00e4kyvyys. Kilpailutuksen kautta tehdyt hankinnat edist\u00e4v\u00e4t my\u00f6s laadukkaiden ja kest\u00e4vien ratkaisujen valintaa niiden tuottamiseen erikoistuneilta palveluntarjoajilta\u201d, Lindstr\u00f6m Suomen maajohtaja <strong>Pasi Saarinen<\/strong> sanoo.<\/p>\n\n\n\n<p>Muutosneuvottelujen kesto on kuusi viikkoa, ellei neuvotteluissa sovita toisenlaisesta aikataulusta. Mahdolliset muutokset tullaan ty\u00f6nantajan arvion mukaan toteuttamaan toukokuussa 2025. Suunnitelluilla muutoksilla ei ole vaikutusta palvelukeskusten muiden asiakkaiden palveluun.\u202f<\/p>\n\n\n\n<p><strong>Lis\u00e4tietoja:\u202f\u202f<\/strong><\/p>\n\n\n\n<p>Pasi Saarinen, Vice President Finland,<br>p. 040\u202f836 6172, pasi.saarinen@lindstromgroup.com<\/p>\n\n\n\n<div aria-hidden=\"true\" class=\"wp-block-fsb-flexible-spacer fsb-flexible-spacer\"><div class=\"fsb-flexible-spacer__device fsb-flexible-spacer__device--lg\" style=\"height:35px\"><\/div><div class=\"fsb-flexible-spacer__device fsb-flexible-spacer__device--md\" style=\"height:35px\"><\/div><div class=\"fsb-flexible-spacer__device fsb-flexible-spacer__device--sm\" style=\"height:20px\"><\/div><\/div>\n\n\n\n<p><strong>Lindstr\u00f6m Group<\/strong><\/p>\n\n\n\n<p><em>Lindstr\u00f6m on perheomisteinen tekstiilipalveluyritys, jonka toiminta perustuu kiertotalouteen. Palvelumme kattavat ty\u00f6vaatteet, puhdastilatekstiilit, matot, teollisuuspyyhkeet ja WC-tilapalvelun sek\u00e4 hotelli-, ravintola- ja terveydenhuoltoalojen tekstiilit. 4700 omistautuneen ty\u00f6ntekij\u00e4mme avulla tarjoamme vastuullisia ja helppok\u00e4ytt\u00f6isi\u00e4 tekstiilipalveluita asiakkaillemme Euroopassa ja Aasiassa. Vuonna 2023 Lindstr\u00f6m Groupin liikevaihto oli 506 miljoonaa euroa.\u202f<\/em><\/p>\n\n\n\n<p><a href=\"http:\/\/www.lindstromgroup.com\/fi\">www.lindstromgroup.com\/fi<\/a><\/p>\n","protected":false},"excerpt":{"rendered":"<p>Lindstr\u00f6m aloittaa muutosneuvottelut Turun ja H\u00e4meenlinnan palvelukeskuksissa. Turussa neuvottelut koskevat ty\u00f6vaatepesulassa ty\u00f6skentelevi\u00e4 tekstiilihuoltajia ja esihenkil\u00f6it\u00e4 ja H\u00e4meenlinnassa neuvottelujen piiriin kuuluvat ty\u00f6vaate- ja teollisuuspyyhepesulassa ty\u00f6skentelev\u00e4t tekstiilihuoltajat&#8230;.<\/p>\n","protected":false},"author":33,"featured_media":8868,"comment_status":"closed","ping_status":"open","sticky":false,"template":"","format":"standard","meta":{"_acf_changed":false,"inline_featured_image":false,"_eb_attr":"","site-sidebar-layout":"default","site-content-layout":"default","ast-site-content-layout":"default","site-content-style":"default","site-sidebar-style":"default","ast-global-header-display":"","ast-banner-title-visibility":"","ast-main-header-display":"","ast-hfb-above-header-display":"","ast-hfb-below-header-display":"","ast-hfb-mobile-header-display":"","site-post-title":"","ast-breadcrumbs-content":"","ast-featured-img":"","footer-sml-layout":"","ast-disable-related-posts":"","theme-transparent-header-meta":"","adv-header-id-meta":"","stick-header-meta":"","header-above-stick-meta":"","header-main-stick-meta":"","header-below-stick-meta":"","astra-migrate-meta-layouts":"default","ast-page-background-enabled":"default","ast-page-background-meta":{"desktop":{"background-color":"var(--ast-global-color-4)","background-image":"","background-repeat":"repeat","background-position":"center center","background-size":"auto","background-attachment":"scroll","background-type":"","background-media":"","overlay-type":"","overlay-color":"","overlay-opacity":"","overlay-gradient":""},"tablet":{"background-color":"","background-image":"","background-repeat":"repeat","background-position":"center center","background-size":"auto","background-attachment":"scroll","background-type":"","background-media":"","overlay-type":"","overlay-color":"","overlay-opacity":"","overlay-gradient":""},"mobile":{"background-color":"","background-image":"","background-repeat":"repeat","background-position":"center center","background-size":"auto","background-attachment":"scroll","background-type":"","background-media":"","overlay-type":"","overlay-color":"","overlay-opacity":"","overlay-gradient":""}},"ast-content-background-meta":{"desktop":{"background-color":"var(--ast-global-color-5)","background-image":"","background-repeat":"repeat","background-position":"center center","background-size":"auto","background-attachment":"scroll","background-type":"","background-media":"","overlay-type":"","overlay-color":"","overlay-opacity":"","overlay-gradient":""},"tablet":{"background-color":"var(--ast-global-color-5)","background-image":"","background-repeat":"repeat","background-position":"center center","background-size":"auto","background-attachment":"scroll","background-type":"","background-media":"","overlay-type":"","overlay-color":"","overlay-opacity":"","overlay-gradient":""},"mobile":{"background-color":"var(--ast-global-color-5)","background-image":"","background-repeat":"repeat","background-position":"center center","background-size":"auto","background-attachment":"scroll","background-type":"","background-media":"","overlay-type":"","overlay-color":"","overlay-opacity":"","overlay-gradient":""}},"footnotes":""},"categories":[18],"tags":[],"post_folder":[],"coauthors":[48],"class_list":["post-9892","post","type-post","status-publish","format-standard","has-post-thumbnail","hentry","category-tiedotteet"],"acf":[],"yoast_head":"<!-- This site is optimized with the Yoast SEO plugin v27.2 - https:\/\/yoast.com\/product\/yoast-seo-wordpress\/ -->\n<title>Lindstr\u00f6m k\u00e4ynnist\u00e4\u00e4 muutosneuvottelut Turun ja H\u00e4meenlinnan palvelukeskuksissa - Lindstr\u00f6m Suomi<\/title>\n<meta name=\"description\" content=\"Lindstr\u00f6m aloittaa muutosneuvottelut Turun ja H\u00e4meenlinnan palvelukeskuksissa. Turussa neuvottelut koskevat ty\u00f6vaatepesulassa ty\u00f6skentelevi\u00e4 tekstiilihuoltajia ja esihenkil\u00f6it\u00e4 ja H\u00e4meenlinnassa neuvottelujen piiriin kuuluvat ty\u00f6vaate- ja teollisuuspyyhepesulassa ty\u00f6skentelev\u00e4t tekstiilihuoltajat.\" \/>\n<meta name=\"robots\" content=\"index, follow, max-snippet:-1, max-image-preview:large, max-video-preview:-1\" \/>\n<meta property=\"og:locale\" content=\"fi_FI\" \/>\n<meta property=\"og:type\" content=\"article\" \/>\n<meta property=\"og:title\" content=\"Lindstr\u00f6m k\u00e4ynnist\u00e4\u00e4 muutosneuvottelut Turun ja H\u00e4meenlinnan palvelukeskuksissa\" \/>\n<meta property=\"og:description\" content=\"Lindstr\u00f6m aloittaa muutosneuvottelut Turun ja H\u00e4meenlinnan palvelukeskuksissa. Turussa neuvottelut koskevat ty\u00f6vaatepesulassa ty\u00f6skentelevi\u00e4 tekstiilihuoltajia ja esihenkil\u00f6it\u00e4 ja H\u00e4meenlinnassa neuvottelujen piiriin kuuluvat ty\u00f6vaate- ja teollisuuspyyhepesulassa ty\u00f6skentelev\u00e4t tekstiilihuoltajat.\" \/>\n<meta property=\"og:url\" content=\"https:\/\/lindstromgroup.com\/fi\/tiedotteet\/lindstrom-kaynnistaa-muutosneuvottelut-turun-ja-hameenlinnan-palvelukeskuksissa\/\" \/>\n<meta property=\"og:site_name\" content=\"Lindstr\u00f6m Suomi\" \/>\n<meta property=\"article:publisher\" content=\"https:\/\/www.facebook.com\/lindstromsuomi\" \/>\n<meta property=\"article:published_time\" content=\"2025-03-13T11:37:38+00:00\" \/>\n<meta property=\"article:modified_time\" content=\"2025-03-13T11:37:39+00:00\" \/>\n<meta property=\"og:image\" content=\"https:\/\/lindstrom-sites.s3.eu-north-1.amazonaws.com\/wp-content\/uploads\/sites\/8\/2024\/08\/Lindstrom-Comforta-logot-1200x630-1.jpg\" \/>\n\t<meta property=\"og:image:width\" content=\"1200\" \/>\n\t<meta property=\"og:image:height\" content=\"630\" \/>\n\t<meta property=\"og:image:type\" content=\"image\/jpeg\" \/>\n<meta name=\"author\" content=\"Lindstr\u00f6m\" \/>\n<meta name=\"twitter:card\" content=\"summary_large_image\" \/>\n<meta name=\"twitter:label1\" content=\"Kirjoittanut\" \/>\n\t<meta name=\"twitter:data1\" content=\"Elina Czajkowski\" \/>\n\t<meta name=\"twitter:label2\" content=\"Arvioitu lukuaika\" \/>\n\t<meta name=\"twitter:data2\" content=\"2 minuuttia\" \/>\n\t<meta name=\"twitter:label3\" content=\"Written by\" \/>\n\t<meta name=\"twitter:data3\" content=\"Lindstr\u00f6m\" \/>\n<script type=\"application\/ld+json\" class=\"yoast-schema-graph\">{\"@context\":\"https:\/\/schema.org\",\"@graph\":[{\"@type\":\"Article\",\"@id\":\"https:\/\/lindstromgroup.com\/fi\/tiedotteet\/lindstrom-kaynnistaa-muutosneuvottelut-turun-ja-hameenlinnan-palvelukeskuksissa\/#article\",\"isPartOf\":{\"@id\":\"https:\/\/lindstromgroup.com\/fi\/tiedotteet\/lindstrom-kaynnistaa-muutosneuvottelut-turun-ja-hameenlinnan-palvelukeskuksissa\/\"},\"author\":{\"name\":\"Elina Czajkowski\",\"@id\":\"https:\/\/lindstromgroup.com\/fi\/#\/schema\/person\/b88c0befe28662eaf97f95d869b337f7\"},\"headline\":\"Lindstr\u00f6m k\u00e4ynnist\u00e4\u00e4 muutosneuvottelut Turun ja H\u00e4meenlinnan palvelukeskuksissa\",\"datePublished\":\"2025-03-13T11:37:38+00:00\",\"dateModified\":\"2025-03-13T11:37:39+00:00\",\"mainEntityOfPage\":{\"@id\":\"https:\/\/lindstromgroup.com\/fi\/tiedotteet\/lindstrom-kaynnistaa-muutosneuvottelut-turun-ja-hameenlinnan-palvelukeskuksissa\/\"},\"wordCount\":271,\"publisher\":{\"@id\":\"https:\/\/lindstromgroup.com\/fi\/#organization\"},\"image\":{\"@id\":\"https:\/\/lindstromgroup.com\/fi\/tiedotteet\/lindstrom-kaynnistaa-muutosneuvottelut-turun-ja-hameenlinnan-palvelukeskuksissa\/#primaryimage\"},\"thumbnailUrl\":\"https:\/\/d2ris6qfzcz0wn.cloudfront.net\/wp-content\/uploads\/sites\/8\/2024\/08\/Lindstrom-Comforta-logot-1600x900v2.jpg\",\"articleSection\":[\"Tiedotteet\"],\"inLanguage\":\"fi\"},{\"@type\":\"WebPage\",\"@id\":\"https:\/\/lindstromgroup.com\/fi\/tiedotteet\/lindstrom-kaynnistaa-muutosneuvottelut-turun-ja-hameenlinnan-palvelukeskuksissa\/\",\"url\":\"https:\/\/lindstromgroup.com\/fi\/tiedotteet\/lindstrom-kaynnistaa-muutosneuvottelut-turun-ja-hameenlinnan-palvelukeskuksissa\/\",\"name\":\"Lindstr\u00f6m k\u00e4ynnist\u00e4\u00e4 muutosneuvottelut Turun ja H\u00e4meenlinnan palvelukeskuksissa - Lindstr\u00f6m Suomi\",\"isPartOf\":{\"@id\":\"https:\/\/lindstromgroup.com\/fi\/#website\"},\"primaryImageOfPage\":{\"@id\":\"https:\/\/lindstromgroup.com\/fi\/tiedotteet\/lindstrom-kaynnistaa-muutosneuvottelut-turun-ja-hameenlinnan-palvelukeskuksissa\/#primaryimage\"},\"image\":{\"@id\":\"https:\/\/lindstromgroup.com\/fi\/tiedotteet\/lindstrom-kaynnistaa-muutosneuvottelut-turun-ja-hameenlinnan-palvelukeskuksissa\/#primaryimage\"},\"thumbnailUrl\":\"https:\/\/d2ris6qfzcz0wn.cloudfront.net\/wp-content\/uploads\/sites\/8\/2024\/08\/Lindstrom-Comforta-logot-1600x900v2.jpg\",\"datePublished\":\"2025-03-13T11:37:38+00:00\",\"dateModified\":\"2025-03-13T11:37:39+00:00\",\"description\":\"Lindstr\u00f6m aloittaa muutosneuvottelut Turun ja H\u00e4meenlinnan palvelukeskuksissa. Turussa neuvottelut koskevat ty\u00f6vaatepesulassa ty\u00f6skentelevi\u00e4 tekstiilihuoltajia ja esihenkil\u00f6it\u00e4 ja H\u00e4meenlinnassa neuvottelujen piiriin kuuluvat ty\u00f6vaate- ja teollisuuspyyhepesulassa ty\u00f6skentelev\u00e4t tekstiilihuoltajat.\",\"breadcrumb\":{\"@id\":\"https:\/\/lindstromgroup.com\/fi\/tiedotteet\/lindstrom-kaynnistaa-muutosneuvottelut-turun-ja-hameenlinnan-palvelukeskuksissa\/#breadcrumb\"},\"inLanguage\":\"fi\",\"potentialAction\":[{\"@type\":\"ReadAction\",\"target\":[\"https:\/\/lindstromgroup.com\/fi\/tiedotteet\/lindstrom-kaynnistaa-muutosneuvottelut-turun-ja-hameenlinnan-palvelukeskuksissa\/\"]}]},{\"@type\":\"ImageObject\",\"inLanguage\":\"fi\",\"@id\":\"https:\/\/lindstromgroup.com\/fi\/tiedotteet\/lindstrom-kaynnistaa-muutosneuvottelut-turun-ja-hameenlinnan-palvelukeskuksissa\/#primaryimage\",\"url\":\"https:\/\/d2ris6qfzcz0wn.cloudfront.net\/wp-content\/uploads\/sites\/8\/2024\/08\/Lindstrom-Comforta-logot-1600x900v2.jpg\",\"contentUrl\":\"https:\/\/d2ris6qfzcz0wn.cloudfront.net\/wp-content\/uploads\/sites\/8\/2024\/08\/Lindstrom-Comforta-logot-1600x900v2.jpg\",\"width\":1600,\"height\":600},{\"@type\":\"BreadcrumbList\",\"@id\":\"https:\/\/lindstromgroup.com\/fi\/tiedotteet\/lindstrom-kaynnistaa-muutosneuvottelut-turun-ja-hameenlinnan-palvelukeskuksissa\/#breadcrumb\",\"itemListElement\":[{\"@type\":\"ListItem\",\"position\":1,\"name\":\"Kotisivu\",\"item\":\"https:\/\/lindstromgroup.com\/fi\/\"},{\"@type\":\"ListItem\",\"position\":2,\"name\":\"Tiedotteet\",\"item\":\"https:\/\/lindstromgroup.com\/fi\/category\/tiedotteet\/\"},{\"@type\":\"ListItem\",\"position\":3,\"name\":\"Lindstr\u00f6m k\u00e4ynnist\u00e4\u00e4 muutosneuvottelut Turun ja H\u00e4meenlinnan palvelukeskuksissa\"}]},{\"@type\":\"WebSite\",\"@id\":\"https:\/\/lindstromgroup.com\/fi\/#website\",\"url\":\"https:\/\/lindstromgroup.com\/fi\/\",\"name\":\"Lindstr\u00f6m Suomi\",\"description\":\"\",\"publisher\":{\"@id\":\"https:\/\/lindstromgroup.com\/fi\/#organization\"},\"potentialAction\":[{\"@type\":\"SearchAction\",\"target\":{\"@type\":\"EntryPoint\",\"urlTemplate\":\"https:\/\/lindstromgroup.com\/fi\/?s={search_term_string}\"},\"query-input\":{\"@type\":\"PropertyValueSpecification\",\"valueRequired\":true,\"valueName\":\"search_term_string\"}}],\"inLanguage\":\"fi\"},{\"@type\":\"Organization\",\"@id\":\"https:\/\/lindstromgroup.com\/fi\/#organization\",\"name\":\"Lindstr\u00f6m Suomi\",\"url\":\"https:\/\/lindstromgroup.com\/fi\/\",\"logo\":{\"@type\":\"ImageObject\",\"inLanguage\":\"fi\",\"@id\":\"https:\/\/lindstromgroup.com\/fi\/#\/schema\/logo\/image\/\",\"url\":\"https:\/\/d2ris6qfzcz0wn.cloudfront.net\/wp-content\/uploads\/sites\/8\/2023\/10\/Logo512.png\",\"contentUrl\":\"https:\/\/d2ris6qfzcz0wn.cloudfront.net\/wp-content\/uploads\/sites\/8\/2023\/10\/Logo512.png\",\"width\":512,\"height\":109,\"caption\":\"Lindstr\u00f6m Suomi\"},\"image\":{\"@id\":\"https:\/\/lindstromgroup.com\/fi\/#\/schema\/logo\/image\/\"},\"sameAs\":[\"https:\/\/www.facebook.com\/lindstromsuomi\"]},{\"@type\":\"Person\",\"@id\":\"https:\/\/lindstromgroup.com\/fi\/#\/schema\/person\/b88c0befe28662eaf97f95d869b337f7\",\"name\":\"Elina Czajkowski\",\"image\":{\"@type\":\"ImageObject\",\"inLanguage\":\"fi\",\"@id\":\"https:\/\/secure.gravatar.com\/avatar\/60de6276c15bb2916221d6508ba470f259b96cf9472b76a5b5ccc1ba5c0d42b3?s=96&d=mm&r=g96371503a6270863df507e45a7809e8d\",\"url\":\"https:\/\/secure.gravatar.com\/avatar\/60de6276c15bb2916221d6508ba470f259b96cf9472b76a5b5ccc1ba5c0d42b3?s=96&d=mm&r=g\",\"contentUrl\":\"https:\/\/secure.gravatar.com\/avatar\/60de6276c15bb2916221d6508ba470f259b96cf9472b76a5b5ccc1ba5c0d42b3?s=96&d=mm&r=g\",\"caption\":\"Elina Czajkowski\"},\"url\":\"https:\/\/lindstromgroup.com\/fi\/author\/elinaczajkowski\/\"}]}<\/script>\n<!-- \/ Yoast SEO plugin. -->","yoast_head_json":{"title":"Lindstr\u00f6m k\u00e4ynnist\u00e4\u00e4 muutosneuvottelut Turun ja H\u00e4meenlinnan palvelukeskuksissa - Lindstr\u00f6m Suomi","description":"Lindstr\u00f6m aloittaa muutosneuvottelut Turun ja H\u00e4meenlinnan palvelukeskuksissa. Turussa neuvottelut koskevat ty\u00f6vaatepesulassa ty\u00f6skentelevi\u00e4 tekstiilihuoltajia ja esihenkil\u00f6it\u00e4 ja H\u00e4meenlinnassa neuvottelujen piiriin kuuluvat ty\u00f6vaate- ja teollisuuspyyhepesulassa ty\u00f6skentelev\u00e4t tekstiilihuoltajat.","robots":{"index":"index","follow":"follow","max-snippet":"max-snippet:-1","max-image-preview":"max-image-preview:large","max-video-preview":"max-video-preview:-1"},"og_locale":"fi_FI","og_type":"article","og_title":"Lindstr\u00f6m k\u00e4ynnist\u00e4\u00e4 muutosneuvottelut Turun ja H\u00e4meenlinnan palvelukeskuksissa","og_description":"Lindstr\u00f6m aloittaa muutosneuvottelut Turun ja H\u00e4meenlinnan palvelukeskuksissa. Turussa neuvottelut koskevat ty\u00f6vaatepesulassa ty\u00f6skentelevi\u00e4 tekstiilihuoltajia ja esihenkil\u00f6it\u00e4 ja H\u00e4meenlinnassa neuvottelujen piiriin kuuluvat ty\u00f6vaate- ja teollisuuspyyhepesulassa ty\u00f6skentelev\u00e4t tekstiilihuoltajat.","og_url":"https:\/\/lindstromgroup.com\/fi\/tiedotteet\/lindstrom-kaynnistaa-muutosneuvottelut-turun-ja-hameenlinnan-palvelukeskuksissa\/","og_site_name":"Lindstr\u00f6m Suomi","article_publisher":"https:\/\/www.facebook.com\/lindstromsuomi","article_published_time":"2025-03-13T11:37:38+00:00","article_modified_time":"2025-03-13T11:37:39+00:00","og_image":[{"width":1200,"height":630,"url":"https:\/\/lindstrom-sites.s3.eu-north-1.amazonaws.com\/wp-content\/uploads\/sites\/8\/2024\/08\/Lindstrom-Comforta-logot-1200x630-1.jpg","type":"image\/jpeg"}],"author":"Lindstr\u00f6m","twitter_card":"summary_large_image","twitter_misc":{"Kirjoittanut":"Elina Czajkowski","Arvioitu lukuaika":"2 minuuttia","Written by":"Lindstr\u00f6m"},"schema":{"@context":"https:\/\/schema.org","@graph":[{"@type":"Article","@id":"https:\/\/lindstromgroup.com\/fi\/tiedotteet\/lindstrom-kaynnistaa-muutosneuvottelut-turun-ja-hameenlinnan-palvelukeskuksissa\/#article","isPartOf":{"@id":"https:\/\/lindstromgroup.com\/fi\/tiedotteet\/lindstrom-kaynnistaa-muutosneuvottelut-turun-ja-hameenlinnan-palvelukeskuksissa\/"},"author":{"name":"Elina Czajkowski","@id":"https:\/\/lindstromgroup.com\/fi\/#\/schema\/person\/b88c0befe28662eaf97f95d869b337f7"},"headline":"Lindstr\u00f6m k\u00e4ynnist\u00e4\u00e4 muutosneuvottelut Turun ja H\u00e4meenlinnan palvelukeskuksissa","datePublished":"2025-03-13T11:37:38+00:00","dateModified":"2025-03-13T11:37:39+00:00","mainEntityOfPage":{"@id":"https:\/\/lindstromgroup.com\/fi\/tiedotteet\/lindstrom-kaynnistaa-muutosneuvottelut-turun-ja-hameenlinnan-palvelukeskuksissa\/"},"wordCount":271,"publisher":{"@id":"https:\/\/lindstromgroup.com\/fi\/#organization"},"image":{"@id":"https:\/\/lindstromgroup.com\/fi\/tiedotteet\/lindstrom-kaynnistaa-muutosneuvottelut-turun-ja-hameenlinnan-palvelukeskuksissa\/#primaryimage"},"thumbnailUrl":"https:\/\/d2ris6qfzcz0wn.cloudfront.net\/wp-content\/uploads\/sites\/8\/2024\/08\/Lindstrom-Comforta-logot-1600x900v2.jpg","articleSection":["Tiedotteet"],"inLanguage":"fi"},{"@type":"WebPage","@id":"https:\/\/lindstromgroup.com\/fi\/tiedotteet\/lindstrom-kaynnistaa-muutosneuvottelut-turun-ja-hameenlinnan-palvelukeskuksissa\/","url":"https:\/\/lindstromgroup.com\/fi\/tiedotteet\/lindstrom-kaynnistaa-muutosneuvottelut-turun-ja-hameenlinnan-palvelukeskuksissa\/","name":"Lindstr\u00f6m k\u00e4ynnist\u00e4\u00e4 muutosneuvottelut Turun ja H\u00e4meenlinnan palvelukeskuksissa - Lindstr\u00f6m Suomi","isPartOf":{"@id":"https:\/\/lindstromgroup.com\/fi\/#website"},"primaryImageOfPage":{"@id":"https:\/\/lindstromgroup.com\/fi\/tiedotteet\/lindstrom-kaynnistaa-muutosneuvottelut-turun-ja-hameenlinnan-palvelukeskuksissa\/#primaryimage"},"image":{"@id":"https:\/\/lindstromgroup.com\/fi\/tiedotteet\/lindstrom-kaynnistaa-muutosneuvottelut-turun-ja-hameenlinnan-palvelukeskuksissa\/#primaryimage"},"thumbnailUrl":"https:\/\/d2ris6qfzcz0wn.cloudfront.net\/wp-content\/uploads\/sites\/8\/2024\/08\/Lindstrom-Comforta-logot-1600x900v2.jpg","datePublished":"2025-03-13T11:37:38+00:00","dateModified":"2025-03-13T11:37:39+00:00","description":"Lindstr\u00f6m aloittaa muutosneuvottelut Turun ja H\u00e4meenlinnan palvelukeskuksissa. Turussa neuvottelut koskevat ty\u00f6vaatepesulassa ty\u00f6skentelevi\u00e4 tekstiilihuoltajia ja esihenkil\u00f6it\u00e4 ja H\u00e4meenlinnassa neuvottelujen piiriin kuuluvat ty\u00f6vaate- ja teollisuuspyyhepesulassa ty\u00f6skentelev\u00e4t tekstiilihuoltajat.","breadcrumb":{"@id":"https:\/\/lindstromgroup.com\/fi\/tiedotteet\/lindstrom-kaynnistaa-muutosneuvottelut-turun-ja-hameenlinnan-palvelukeskuksissa\/#breadcrumb"},"inLanguage":"fi","potentialAction":[{"@type":"ReadAction","target":["https:\/\/lindstromgroup.com\/fi\/tiedotteet\/lindstrom-kaynnistaa-muutosneuvottelut-turun-ja-hameenlinnan-palvelukeskuksissa\/"]}]},{"@type":"ImageObject","inLanguage":"fi","@id":"https:\/\/lindstromgroup.com\/fi\/tiedotteet\/lindstrom-kaynnistaa-muutosneuvottelut-turun-ja-hameenlinnan-palvelukeskuksissa\/#primaryimage","url":"https:\/\/d2ris6qfzcz0wn.cloudfront.net\/wp-content\/uploads\/sites\/8\/2024\/08\/Lindstrom-Comforta-logot-1600x900v2.jpg","contentUrl":"https:\/\/d2ris6qfzcz0wn.cloudfront.net\/wp-content\/uploads\/sites\/8\/2024\/08\/Lindstrom-Comforta-logot-1600x900v2.jpg","width":1600,"height":600},{"@type":"BreadcrumbList","@id":"https:\/\/lindstromgroup.com\/fi\/tiedotteet\/lindstrom-kaynnistaa-muutosneuvottelut-turun-ja-hameenlinnan-palvelukeskuksissa\/#breadcrumb","itemListElement":[{"@type":"ListItem","position":1,"name":"Kotisivu","item":"https:\/\/lindstromgroup.com\/fi\/"},{"@type":"ListItem","position":2,"name":"Tiedotteet","item":"https:\/\/lindstromgroup.com\/fi\/category\/tiedotteet\/"},{"@type":"ListItem","position":3,"name":"Lindstr\u00f6m k\u00e4ynnist\u00e4\u00e4 muutosneuvottelut Turun ja H\u00e4meenlinnan palvelukeskuksissa"}]},{"@type":"WebSite","@id":"https:\/\/lindstromgroup.com\/fi\/#website","url":"https:\/\/lindstromgroup.com\/fi\/","name":"Lindstr\u00f6m Suomi","description":"","publisher":{"@id":"https:\/\/lindstromgroup.com\/fi\/#organization"},"potentialAction":[{"@type":"SearchAction","target":{"@type":"EntryPoint","urlTemplate":"https:\/\/lindstromgroup.com\/fi\/?s={search_term_string}"},"query-input":{"@type":"PropertyValueSpecification","valueRequired":true,"valueName":"search_term_string"}}],"inLanguage":"fi"},{"@type":"Organization","@id":"https:\/\/lindstromgroup.com\/fi\/#organization","name":"Lindstr\u00f6m Suomi","url":"https:\/\/lindstromgroup.com\/fi\/","logo":{"@type":"ImageObject","inLanguage":"fi","@id":"https:\/\/lindstromgroup.com\/fi\/#\/schema\/logo\/image\/","url":"https:\/\/d2ris6qfzcz0wn.cloudfront.net\/wp-content\/uploads\/sites\/8\/2023\/10\/Logo512.png","contentUrl":"https:\/\/d2ris6qfzcz0wn.cloudfront.net\/wp-content\/uploads\/sites\/8\/2023\/10\/Logo512.png","width":512,"height":109,"caption":"Lindstr\u00f6m Suomi"},"image":{"@id":"https:\/\/lindstromgroup.com\/fi\/#\/schema\/logo\/image\/"},"sameAs":["https:\/\/www.facebook.com\/lindstromsuomi"]},{"@type":"Person","@id":"https:\/\/lindstromgroup.com\/fi\/#\/schema\/person\/b88c0befe28662eaf97f95d869b337f7","name":"Elina Czajkowski","image":{"@type":"ImageObject","inLanguage":"fi","@id":"https:\/\/secure.gravatar.com\/avatar\/60de6276c15bb2916221d6508ba470f259b96cf9472b76a5b5ccc1ba5c0d42b3?s=96&d=mm&r=g96371503a6270863df507e45a7809e8d","url":"https:\/\/secure.gravatar.com\/avatar\/60de6276c15bb2916221d6508ba470f259b96cf9472b76a5b5ccc1ba5c0d42b3?s=96&d=mm&r=g","contentUrl":"https:\/\/secure.gravatar.com\/avatar\/60de6276c15bb2916221d6508ba470f259b96cf9472b76a5b5ccc1ba5c0d42b3?s=96&d=mm&r=g","caption":"Elina Czajkowski"},"url":"https:\/\/lindstromgroup.com\/fi\/author\/elinaczajkowski\/"}]}},"publishpress_future_workflow_manual_trigger":{"enabledWorkflows":[]},"distributor_meta":false,"distributor_terms":false,"distributor_media":false,"distributor_original_site_name":"Lindstr\u00f6m Suomi","distributor_original_site_url":"https:\/\/lindstromgroup.com\/fi","push-errors":false,"_links":{"self":[{"href":"https:\/\/lindstromgroup.com\/fi\/wp-json\/wp\/v2\/posts\/9892","targetHints":{"allow":["GET"]}}],"collection":[{"href":"https:\/\/lindstromgroup.com\/fi\/wp-json\/wp\/v2\/posts"}],"about":[{"href":"https:\/\/lindstromgroup.com\/fi\/wp-json\/wp\/v2\/types\/post"}],"author":[{"embeddable":true,"href":"https:\/\/lindstromgroup.com\/fi\/wp-json\/wp\/v2\/users\/33"}],"replies":[{"embeddable":true,"href":"https:\/\/lindstromgroup.com\/fi\/wp-json\/wp\/v2\/comments?post=9892"}],"version-history":[{"count":0,"href":"https:\/\/lindstromgroup.com\/fi\/wp-json\/wp\/v2\/posts\/9892\/revisions"}],"wp:featuredmedia":[{"embeddable":true,"href":"https:\/\/lindstromgroup.com\/fi\/wp-json\/wp\/v2\/media\/8868"}],"wp:attachment":[{"href":"https:\/\/lindstromgroup.com\/fi\/wp-json\/wp\/v2\/media?parent=9892"}],"wp:term":[{"taxonomy":"category","embeddable":true,"href":"https:\/\/lindstromgroup.com\/fi\/wp-json\/wp\/v2\/categories?post=9892"},{"taxonomy":"post_tag","embeddable":true,"href":"https:\/\/lindstromgroup.com\/fi\/wp-json\/wp\/v2\/tags?post=9892"},{"taxonomy":"post_folder","embeddable":true,"href":"https:\/\/lindstromgroup.com\/fi\/wp-json\/wp\/v2\/post_folder?post=9892"},{"taxonomy":"author","embeddable":true,"href":"https:\/\/lindstromgroup.com\/fi\/wp-json\/wp\/v2\/coauthors?post=9892"}],"curies":[{"name":"wp","href":"https:\/\/api.w.org\/{rel}","templated":true}]}}