
    {"id":438,"date":"2020-02-25T09:27:00","date_gmt":"2020-02-25T07:27:00","guid":{"rendered":"https:\/\/lindstromgroup.com\/fi\/?p=438"},"modified":"2025-01-03T11:50:47","modified_gmt":"2025-01-03T09:50:47","slug":"tauko-berliinin-muotiviikoilla-designvaatteita-ylijaamatekstiileista","status":"publish","type":"post","link":"https:\/\/lindstromgroup.com\/fi\/artikkelit\/tauko-berliinin-muotiviikoilla-designvaatteita-ylijaamatekstiileista\/","title":{"rendered":"TAUKO Berliinin muotiviikoilla \u2013 designvaatteita ylij\u00e4\u00e4m\u00e4tekstiileist\u00e4"},"content":{"rendered":"\n<p><strong>Uusin TAUKO-mallisto julkistettiin Berliinin muotiviikkojen Seek-messuilla tammikuussa 2020. Touch-mallistossa on mukana my\u00f6s Lindstr\u00f6min ylij\u00e4\u00e4m\u00e4tekstiileit\u00e4.<\/strong><\/p>\n\n\n\n<p>Vuonna 2008 perustettu TAUKO on kehitt\u00e4nyt k\u00e4ytettyjen vuokratekstiilien uudelleenk\u00e4yt\u00f6st\u00e4 oman taiteenlajinsa. Tuloksena syntyy ainutlaatuisia pohjoismaisia designvaatteita naisille. Noin 90% kaikista TAUKO designin tuotteista on tehty paikallisista kierr\u00e4tystekstiileist\u00e4.<\/p>\n\n\n\n<p class=\"has-h-3-font-size\">Millaisesta tekstiilist\u00e4 voi tehd\u00e4 muotia?<\/p>\n\n\n\n<figure class=\"wp-block-pullquote has-link-font-size\"><blockquote><p><em>Kierr\u00e4tystekstiileiss\u00e4 meit\u00e4 kiinnostavat mahdollisimman isot pinnat; lakanat, pussilakanat, varastopoistot. Tekstiilin alkuper\u00e4 ei n\u00e4y vaatteessa, mutta se on meill\u00e4 tiedossa.<br><\/em><\/p><cite><strong>TAUKOdesign Oy:n toinen perustaja ja Head of Design Kaisa Rissanen,<br><\/strong><\/cite><\/blockquote><\/figure>\n\n\n\n<p>Vuodesta 2019 alkaen TAUKO on k\u00e4ytt\u00e4nyt tuotannossaan Lindstr\u00f6min ylij\u00e4\u00e4m\u00e4kankaita. Jatkossa TAUKO hy\u00f6dynt\u00e4\u00e4 mallistoissaan my\u00f6s Comfortan hotellitekstiileit\u00e4.<\/p>\n\n\n\n<p>Berliiniss\u00e4 julkistetussa TOUCH-mallistossa meid\u00e4n varastopoistojamme on yhteens\u00e4 kahdeksassa eri tuotteessa. Mallisto tulee kuluttajille myyntiin ensi syksyksi.<\/p>\n\n\n\n<p>Voisiko seuraavista l\u00f6yty\u00e4 sinun valintasi? Vaatemallisto, joka ei tingi ekologisuudesta, eettisyydest\u00e4 eik\u00e4 designista.<\/p>\n\n\n\n<figure class=\"wp-block-gallery has-nested-images columns-default is-cropped wp-block-gallery-1 is-layout-flex wp-block-gallery-is-layout-flex\">\n<figure class=\"wp-block-image size-large\"><img decoding=\"async\" width=\"300\" height=\"300\" data-id=\"1174\" src=\"https:\/\/d2ris6qfzcz0wn.cloudfront.net\/wp-content\/uploads\/sites\/8\/2023\/11\/tauko-touch-2-mallia-beiget-housut-Lindstrom-300x300-1.jpg\" alt=\"\" class=\"wp-image-1174\" srcset=\"https:\/\/d2ris6qfzcz0wn.cloudfront.net\/wp-content\/uploads\/sites\/8\/2023\/11\/tauko-touch-2-mallia-beiget-housut-Lindstrom-300x300-1.jpg 300w, https:\/\/d2ris6qfzcz0wn.cloudfront.net\/wp-content\/uploads\/sites\/8\/2023\/11\/tauko-touch-2-mallia-beiget-housut-Lindstrom-300x300-1-150x150.jpg 150w\" sizes=\"(max-width: 300px) 100vw, 300px\" \/><\/figure>\n\n\n\n<figure class=\"wp-block-image size-large\"><img decoding=\"async\" width=\"300\" height=\"300\" data-id=\"1185\" src=\"https:\/\/d2ris6qfzcz0wn.cloudfront.net\/wp-content\/uploads\/sites\/8\/2023\/11\/tauko-touch-malli-sininen-paita-587-Lindstrom-300x300-1.jpg\" alt=\"\" class=\"wp-image-1185\" srcset=\"https:\/\/d2ris6qfzcz0wn.cloudfront.net\/wp-content\/uploads\/sites\/8\/2023\/11\/tauko-touch-malli-sininen-paita-587-Lindstrom-300x300-1.jpg 300w, https:\/\/d2ris6qfzcz0wn.cloudfront.net\/wp-content\/uploads\/sites\/8\/2023\/11\/tauko-touch-malli-sininen-paita-587-Lindstrom-300x300-1-150x150.jpg 150w\" sizes=\"(max-width: 300px) 100vw, 300px\" \/><\/figure>\n\n\n\n<figure class=\"wp-block-image size-large\"><img decoding=\"async\" width=\"300\" height=\"300\" data-id=\"1186\" src=\"https:\/\/d2ris6qfzcz0wn.cloudfront.net\/wp-content\/uploads\/sites\/8\/2023\/11\/tauko-touch-malli-takki-326-Lindstrom-300x300-1.jpg\" alt=\"\" class=\"wp-image-1186\" srcset=\"https:\/\/d2ris6qfzcz0wn.cloudfront.net\/wp-content\/uploads\/sites\/8\/2023\/11\/tauko-touch-malli-takki-326-Lindstrom-300x300-1.jpg 300w, https:\/\/d2ris6qfzcz0wn.cloudfront.net\/wp-content\/uploads\/sites\/8\/2023\/11\/tauko-touch-malli-takki-326-Lindstrom-300x300-1-150x150.jpg 150w\" sizes=\"(max-width: 300px) 100vw, 300px\" \/><\/figure>\n\n\n\n<figure class=\"wp-block-image size-large\"><img decoding=\"async\" width=\"300\" height=\"300\" data-id=\"1184\" src=\"https:\/\/d2ris6qfzcz0wn.cloudfront.net\/wp-content\/uploads\/sites\/8\/2023\/11\/tauko-touch-malli-huivi-604-Lindstrom-300x300-1.jpg\" alt=\"\" class=\"wp-image-1184\" srcset=\"https:\/\/d2ris6qfzcz0wn.cloudfront.net\/wp-content\/uploads\/sites\/8\/2023\/11\/tauko-touch-malli-huivi-604-Lindstrom-300x300-1.jpg 300w, https:\/\/d2ris6qfzcz0wn.cloudfront.net\/wp-content\/uploads\/sites\/8\/2023\/11\/tauko-touch-malli-huivi-604-Lindstrom-300x300-1-150x150.jpg 150w\" sizes=\"(max-width: 300px) 100vw, 300px\" \/><\/figure>\n\n\n\n<figure class=\"wp-block-image size-large\"><img decoding=\"async\" width=\"300\" height=\"300\" data-id=\"1177\" src=\"https:\/\/d2ris6qfzcz0wn.cloudfront.net\/wp-content\/uploads\/sites\/8\/2023\/11\/tauko-touch-beige-laukku-279-Lindstrom-300x300-1.jpg\" alt=\"\" class=\"wp-image-1177\" srcset=\"https:\/\/d2ris6qfzcz0wn.cloudfront.net\/wp-content\/uploads\/sites\/8\/2023\/11\/tauko-touch-beige-laukku-279-Lindstrom-300x300-1.jpg 300w, https:\/\/d2ris6qfzcz0wn.cloudfront.net\/wp-content\/uploads\/sites\/8\/2023\/11\/tauko-touch-beige-laukku-279-Lindstrom-300x300-1-150x150.jpg 150w\" sizes=\"(max-width: 300px) 100vw, 300px\" \/><\/figure>\n\n\n\n<figure class=\"wp-block-image size-large\"><img decoding=\"async\" width=\"300\" height=\"300\" data-id=\"1178\" src=\"https:\/\/d2ris6qfzcz0wn.cloudfront.net\/wp-content\/uploads\/sites\/8\/2023\/11\/tauko-touch-beiget-housut-335-Lindstrom-300x300-1.jpg\" alt=\"\" class=\"wp-image-1178\" srcset=\"https:\/\/d2ris6qfzcz0wn.cloudfront.net\/wp-content\/uploads\/sites\/8\/2023\/11\/tauko-touch-beiget-housut-335-Lindstrom-300x300-1.jpg 300w, https:\/\/d2ris6qfzcz0wn.cloudfront.net\/wp-content\/uploads\/sites\/8\/2023\/11\/tauko-touch-beiget-housut-335-Lindstrom-300x300-1-150x150.jpg 150w\" sizes=\"(max-width: 300px) 100vw, 300px\" \/><\/figure>\n<\/figure>\n\n\n\n<p class=\"has-h-3-font-size\">Arvaatko mitk\u00e4 n\u00e4ist\u00e4 TOUCH-malliston vaatteista on tuotettu meid\u00e4n kankaistamme?<\/p>\n\n\n\n<figure class=\"wp-block-gallery has-nested-images columns-default is-cropped wp-block-gallery-2 is-layout-flex wp-block-gallery-is-layout-flex\">\n<figure class=\"wp-block-image size-large\"><img decoding=\"async\" width=\"300\" height=\"300\" data-id=\"1183\" src=\"https:\/\/d2ris6qfzcz0wn.cloudfront.net\/wp-content\/uploads\/sites\/8\/2023\/11\/tauko-touch-laukku-ja-hame-112-Lindstrom-300x300-1.jpg\" alt=\"\" class=\"wp-image-1183\" srcset=\"https:\/\/d2ris6qfzcz0wn.cloudfront.net\/wp-content\/uploads\/sites\/8\/2023\/11\/tauko-touch-laukku-ja-hame-112-Lindstrom-300x300-1.jpg 300w, https:\/\/d2ris6qfzcz0wn.cloudfront.net\/wp-content\/uploads\/sites\/8\/2023\/11\/tauko-touch-laukku-ja-hame-112-Lindstrom-300x300-1-150x150.jpg 150w\" sizes=\"(max-width: 300px) 100vw, 300px\" \/><\/figure>\n\n\n\n<figure class=\"wp-block-image size-large\"><img decoding=\"async\" width=\"300\" height=\"300\" data-id=\"1188\" src=\"https:\/\/d2ris6qfzcz0wn.cloudfront.net\/wp-content\/uploads\/sites\/8\/2023\/11\/tauko-touch-punainen-laukku-121-Lindstrom-300x300-1.jpg\" alt=\"\" class=\"wp-image-1188\" srcset=\"https:\/\/d2ris6qfzcz0wn.cloudfront.net\/wp-content\/uploads\/sites\/8\/2023\/11\/tauko-touch-punainen-laukku-121-Lindstrom-300x300-1.jpg 300w, https:\/\/d2ris6qfzcz0wn.cloudfront.net\/wp-content\/uploads\/sites\/8\/2023\/11\/tauko-touch-punainen-laukku-121-Lindstrom-300x300-1-150x150.jpg 150w\" sizes=\"(max-width: 300px) 100vw, 300px\" \/><\/figure>\n\n\n\n<figure class=\"wp-block-image size-large\"><img decoding=\"async\" width=\"300\" height=\"300\" data-id=\"1176\" src=\"https:\/\/d2ris6qfzcz0wn.cloudfront.net\/wp-content\/uploads\/sites\/8\/2023\/11\/tauko-touch-beige-laukku-2-275-Lindstrom-300x300-1.jpg\" alt=\"\" class=\"wp-image-1176\" srcset=\"https:\/\/d2ris6qfzcz0wn.cloudfront.net\/wp-content\/uploads\/sites\/8\/2023\/11\/tauko-touch-beige-laukku-2-275-Lindstrom-300x300-1.jpg 300w, https:\/\/d2ris6qfzcz0wn.cloudfront.net\/wp-content\/uploads\/sites\/8\/2023\/11\/tauko-touch-beige-laukku-2-275-Lindstrom-300x300-1-150x150.jpg 150w\" sizes=\"(max-width: 300px) 100vw, 300px\" \/><\/figure>\n\n\n\n<figure class=\"wp-block-image size-large\"><img decoding=\"async\" width=\"300\" height=\"300\" data-id=\"1187\" src=\"https:\/\/d2ris6qfzcz0wn.cloudfront.net\/wp-content\/uploads\/sites\/8\/2023\/11\/tauko-touch-punainen-laukku-2-118-Lindstrom-300x300-1.jpg\" alt=\"\" class=\"wp-image-1187\" srcset=\"https:\/\/d2ris6qfzcz0wn.cloudfront.net\/wp-content\/uploads\/sites\/8\/2023\/11\/tauko-touch-punainen-laukku-2-118-Lindstrom-300x300-1.jpg 300w, https:\/\/d2ris6qfzcz0wn.cloudfront.net\/wp-content\/uploads\/sites\/8\/2023\/11\/tauko-touch-punainen-laukku-2-118-Lindstrom-300x300-1-150x150.jpg 150w\" sizes=\"(max-width: 300px) 100vw, 300px\" \/><\/figure>\n\n\n\n<figure class=\"wp-block-image size-large\"><img decoding=\"async\" width=\"300\" height=\"300\" data-id=\"1175\" src=\"https:\/\/d2ris6qfzcz0wn.cloudfront.net\/wp-content\/uploads\/sites\/8\/2023\/11\/tauko-touch-beige-hame-455-Lindstrom-300x300-1.jpg\" alt=\"\" class=\"wp-image-1175\" srcset=\"https:\/\/d2ris6qfzcz0wn.cloudfront.net\/wp-content\/uploads\/sites\/8\/2023\/11\/tauko-touch-beige-hame-455-Lindstrom-300x300-1.jpg 300w, https:\/\/d2ris6qfzcz0wn.cloudfront.net\/wp-content\/uploads\/sites\/8\/2023\/11\/tauko-touch-beige-hame-455-Lindstrom-300x300-1-150x150.jpg 150w\" sizes=\"(max-width: 300px) 100vw, 300px\" \/><\/figure>\n\n\n\n<figure class=\"wp-block-image size-large\"><img decoding=\"async\" width=\"300\" height=\"300\" data-id=\"1189\" src=\"https:\/\/d2ris6qfzcz0wn.cloudfront.net\/wp-content\/uploads\/sites\/8\/2023\/11\/tauko-touch-punaiset-housut-600-Lindstrom-300x300-1.jpg\" alt=\"\" class=\"wp-image-1189\" srcset=\"https:\/\/d2ris6qfzcz0wn.cloudfront.net\/wp-content\/uploads\/sites\/8\/2023\/11\/tauko-touch-punaiset-housut-600-Lindstrom-300x300-1.jpg 300w, https:\/\/d2ris6qfzcz0wn.cloudfront.net\/wp-content\/uploads\/sites\/8\/2023\/11\/tauko-touch-punaiset-housut-600-Lindstrom-300x300-1-150x150.jpg 150w\" sizes=\"(max-width: 300px) 100vw, 300px\" \/><\/figure>\n<\/figure>\n\n\n\n<p class=\"has-h-3-font-size\">Kiertotalouden pieni &amp; kaunis ammattilainen<\/p>\n\n\n\n<p>TAUKO on muodin konseptina ammattitaitoinen kokonaisuus, jonka ratkaisut perustuvat huolelliseen valintaan. Tiedot tuotteiden alkuper\u00e4st\u00e4, materiaalin jatkojalostuksesta ja aiheeseen liittyv\u00e4st\u00e4 tutkimuksesta on avattu yrityksen websivustolla. Jokaisen tuotteen elinkaari on kuluttajan tiedossa.<\/p>\n\n\n\n<p>Tuotteiden materiaaleista p\u00e4\u00e4osa on polyesteri-puuvillaa. Polyesterin ja puuvillan sekoitus on vahva ja kest\u00e4v\u00e4 materiaali, joka tuntuu miellytt\u00e4v\u00e4lt\u00e4 ja n\u00e4ytt\u00e4\u00e4 hyv\u00e4lt\u00e4. Se pysyy ryhdikk\u00e4\u00e4n\u00e4 ja s\u00e4ilytt\u00e4\u00e4 muotonsa k\u00e4ytt\u00f6kerrasta toiseen.<\/p>\n\n\n\n<p>Ent\u00e4 TAUKOn missio?<\/p>\n\n\n\n<p>\u201d Maailman pelastaminen aktiivisin toimin\u201d Kaisa Rissanen tiivist\u00e4\u00e4 nauraen, ja tarkentaa: \u201dKaikki tarvitsevat vaatteita. Miksemme t\u00e4ytt\u00e4isi tarvetta niin, ett\u00e4 vaate n\u00e4ytt\u00e4\u00e4 hyv\u00e4lt\u00e4, tuntuu hyv\u00e4lt\u00e4 ja on tehty kest\u00e4vin perustein, ymp\u00e4rist\u00f6\u00e4 huomioiden.\u201d<\/p>\n\n\n\n<figure class=\"wp-block-image size-large\"><img decoding=\"async\" width=\"1024\" height=\"768\" src=\"https:\/\/d2ris6qfzcz0wn.cloudfront.net\/wp-content\/uploads\/sites\/8\/2023\/11\/tauko-touch-berlin-vaatteet-Lindstrom-general-post-1600x1200-1-1024x768.jpg\" alt=\"\" class=\"wp-image-1182\" srcset=\"https:\/\/d2ris6qfzcz0wn.cloudfront.net\/wp-content\/uploads\/sites\/8\/2023\/11\/tauko-touch-berlin-vaatteet-Lindstrom-general-post-1600x1200-1-1024x768.jpg 1024w, https:\/\/d2ris6qfzcz0wn.cloudfront.net\/wp-content\/uploads\/sites\/8\/2023\/11\/tauko-touch-berlin-vaatteet-Lindstrom-general-post-1600x1200-1-300x225.jpg 300w, https:\/\/d2ris6qfzcz0wn.cloudfront.net\/wp-content\/uploads\/sites\/8\/2023\/11\/tauko-touch-berlin-vaatteet-Lindstrom-general-post-1600x1200-1-768x576.jpg 768w, https:\/\/d2ris6qfzcz0wn.cloudfront.net\/wp-content\/uploads\/sites\/8\/2023\/11\/tauko-touch-berlin-vaatteet-Lindstrom-general-post-1600x1200-1-1536x1152.jpg 1536w, https:\/\/d2ris6qfzcz0wn.cloudfront.net\/wp-content\/uploads\/sites\/8\/2023\/11\/tauko-touch-berlin-vaatteet-Lindstrom-general-post-1600x1200-1.jpg 1600w\" sizes=\"(max-width: 1024px) 100vw, 1024px\" \/><\/figure>\n\n\n\n<p>Tulevaisuus n\u00e4ytt\u00e4\u00e4 lupaavalta. Maaliskuussa 2019 British Council listasi TAUKOn viiden parhaan vastuullisen muotiprojektin joukkoon (the Best Sustainable Fashion Project by British Council). Valenciassa, Espanjassa, TAUKO taas valittiin 80 ehdokkaan joukosta parhaaksi vastuulliseksi muotiprojektiksi. Kev\u00e4\u00e4ll\u00e4 2020 TAUKO on esill\u00e4 esimerkiksi Pariisin ja Milanon muotimessuilla.<\/p>\n\n\n\n<p>Palkittuja designluomuksia myyd\u00e4\u00e4n Helsingin TAUKO -myym\u00e4l\u00f6iss\u00e4 K\u00e4mp Galleriassa ja Katajanokalla, sek\u00e4 verkkokaupassa ja valikoiduissa myym\u00e4l\u00f6iss\u00e4 ymp\u00e4ri maailmaa.<\/p>\n\n\n\n<p>Uusi TAUKO-mallisto ilmestyy kaksi kertaa vuodessa. Berliiniss\u00e4 esitelty TOUCH-mallisto (kuvissa) tulee kuluttajamyyntiin ensi syksyn\u00e4.<\/p>\n\n\n\n<p>Psst, muuten:<\/p>\n\n\n\n<p>Arvasitko jo mitk\u00e4 gallerian asusteista on tehty meid\u00e4n kankaistamme? TAUKOn Kaisa Rissanen antoi kysymykseen yksiselitteisen vastauksen:<\/p>\n\n\n\n<p>&#8221;Poolopaitaa lukuunottamatta kaikki kuvien tuotteet on tehty Lindstr\u00f6min ylij\u00e4\u00e4m\u00e4kankaista.&#8221;<\/p>\n\n\n\n<p class=\"has-h-3-font-size\">Lis\u00e4tiedot:<\/p>\n\n\n\n<ul class=\"wp-block-list\">\n<li><a href=\"https:\/\/lindstromgroup.com\/fi\/artikkeli\/uusia-vaatteita-ja-planeettamme-suojelua-kylla-kiitos\/\" target=\"_blank\" rel=\"noreferrer noopener\">TAUKO ja Lindstr\u00f6m yhteisty\u00f6ss\u00e4 (7\/2019<\/a><a href=\"https:\/\/lindstromgroup.com\/fi\/artikkelit\/tauko-design-vaatteita-ja-planeettamme-suojelua\/\" target=\"_blank\" rel=\"noreferrer noopener\">)<\/a><\/li>\n\n\n\n<li><a href=\"https:\/\/taukodesign.com\/\" target=\"_blank\" rel=\"noreferrer noopener\">TAUKO webpage<\/a><\/li>\n<\/ul>\n\n\n\n<p class=\"has-h-3-font-size\">Kuvat:<\/p>\n\n\n\n<ul class=\"wp-block-list\">\n<li>TAUKODESIGN OY<\/li>\n<\/ul>\n","protected":false},"excerpt":{"rendered":"<p>Uusin TAUKO-mallisto julkistettiin Berliinin muotiviikkojen Seek-messuilla tammikuussa 2020. Touch-mallistossa on mukana my\u00f6s Lindstr\u00f6min ylij\u00e4\u00e4m\u00e4tekstiileit\u00e4. Vuonna 2008 perustettu TAUKO on kehitt\u00e4nyt k\u00e4ytettyjen vuokratekstiilien uudelleenk\u00e4yt\u00f6st\u00e4 oman taiteenlajinsa&#8230;.<\/p>\n","protected":false},"author":34,"featured_media":1180,"comment_status":"closed","ping_status":"open","sticky":false,"template":"","format":"standard","meta":{"_acf_changed":true,"inline_featured_image":false,"_eb_attr":"","site-sidebar-layout":"default","site-content-layout":"default","ast-site-content-layout":"default","site-content-style":"default","site-sidebar-style":"default","ast-global-header-display":"","ast-banner-title-visibility":"","ast-main-header-display":"","ast-hfb-above-header-display":"","ast-hfb-below-header-display":"","ast-hfb-mobile-header-display":"","site-post-title":"","ast-breadcrumbs-content":"","ast-featured-img":"","footer-sml-layout":"","ast-disable-related-posts":"","theme-transparent-header-meta":"","adv-header-id-meta":"","stick-header-meta":"","header-above-stick-meta":"","header-main-stick-meta":"","header-below-stick-meta":"","astra-migrate-meta-layouts":"default","ast-page-background-enabled":"default","ast-page-background-meta":{"desktop":{"background-color":"var(--ast-global-color-4)","background-image":"","background-repeat":"repeat","background-position":"center center","background-size":"auto","background-attachment":"scroll","background-type":"","background-media":"","overlay-type":"","overlay-color":"","overlay-opacity":"","overlay-gradient":""},"tablet":{"background-color":"","background-image":"","background-repeat":"repeat","background-position":"center center","background-size":"auto","background-attachment":"scroll","background-type":"","background-media":"","overlay-type":"","overlay-color":"","overlay-opacity":"","overlay-gradient":""},"mobile":{"background-color":"","background-image":"","background-repeat":"repeat","background-position":"center center","background-size":"auto","background-attachment":"scroll","background-type":"","background-media":"","overlay-type":"","overlay-color":"","overlay-opacity":"","overlay-gradient":""}},"ast-content-background-meta":{"desktop":{"background-color":"var(--ast-global-color-5)","background-image":"","background-repeat":"repeat","background-position":"center center","background-size":"auto","background-attachment":"scroll","background-type":"","background-media":"","overlay-type":"","overlay-color":"","overlay-opacity":"","overlay-gradient":""},"tablet":{"background-color":"var(--ast-global-color-5)","background-image":"","background-repeat":"repeat","background-position":"center center","background-size":"auto","background-attachment":"scroll","background-type":"","background-media":"","overlay-type":"","overlay-color":"","overlay-opacity":"","overlay-gradient":""},"mobile":{"background-color":"var(--ast-global-color-5)","background-image":"","background-repeat":"repeat","background-position":"center center","background-size":"auto","background-attachment":"scroll","background-type":"","background-media":"","overlay-type":"","overlay-color":"","overlay-opacity":"","overlay-gradient":""}},"footnotes":""},"categories":[21],"tags":[39],"post_folder":[],"coauthors":[48],"class_list":["post-438","post","type-post","status-publish","format-standard","has-post-thumbnail","hentry","category-artikkelit","tag-vastuullisuus"],"acf":[],"yoast_head":"<!-- This site is optimized with the Yoast SEO plugin v27.2 - https:\/\/yoast.com\/product\/yoast-seo-wordpress\/ -->\n<title>TAUKO Berliinin muotiviikoilla \u2013 designvaatteita ylij\u00e4\u00e4m\u00e4tekstiileist\u00e4 - Lindstr\u00f6m Suomi<\/title>\n<meta name=\"description\" content=\"Uusin TAUKO-mallisto julkistettiin Berliinin muotiviikkojen Seek-messuilla tammikuussa 2020. Mallisto on tehty Lindstr\u00f6min ylij\u00e4\u00e4m\u00e4tekstiileit\u00e4.\" \/>\n<meta name=\"robots\" content=\"index, follow, max-snippet:-1, max-image-preview:large, max-video-preview:-1\" \/>\n<meta property=\"og:locale\" content=\"fi_FI\" \/>\n<meta property=\"og:type\" content=\"article\" \/>\n<meta property=\"og:title\" content=\"TAUKO Berliinin muotiviikoilla \u2013 designvaatteita ylij\u00e4\u00e4m\u00e4tekstiileist\u00e4 - Lindstr\u00f6m Suomi\" \/>\n<meta property=\"og:description\" content=\"Uusin TAUKO-mallisto julkistettiin Berliinin muotiviikkojen Seek-messuilla tammikuussa 2020. Mallisto on tehty Lindstr\u00f6min ylij\u00e4\u00e4m\u00e4tekstiileit\u00e4.\" \/>\n<meta property=\"og:url\" content=\"https:\/\/lindstromgroup.com\/fi\/artikkelit\/tauko-berliinin-muotiviikoilla-designvaatteita-ylijaamatekstiileista\/\" \/>\n<meta property=\"og:site_name\" content=\"Lindstr\u00f6m Suomi\" \/>\n<meta property=\"article:publisher\" content=\"https:\/\/www.facebook.com\/lindstromsuomi\" \/>\n<meta property=\"article:published_time\" content=\"2020-02-25T07:27:00+00:00\" \/>\n<meta property=\"article:modified_time\" content=\"2025-01-03T09:50:47+00:00\" \/>\n<meta property=\"og:image\" content=\"https:\/\/lindstrom-sites.s3.eu-north-1.amazonaws.com\/wp-content\/uploads\/sites\/8\/2023\/11\/tauko-touch-berlin-kirja-Facebook-shared-link-1200x630-1.jpg\" \/>\n\t<meta property=\"og:image:width\" content=\"1200\" \/>\n\t<meta property=\"og:image:height\" content=\"630\" \/>\n\t<meta property=\"og:image:type\" content=\"image\/jpeg\" \/>\n<meta name=\"author\" content=\"Lindstr\u00f6m\" \/>\n<meta name=\"twitter:card\" content=\"summary_large_image\" \/>\n<meta name=\"twitter:image\" content=\"https:\/\/d2ris6qfzcz0wn.cloudfront.net\/wp-content\/uploads\/sites\/8\/2023\/11\/tauko-touch-berlin-kirja-Facebook-shared-link-1200x630-1.jpg\" \/>\n<meta name=\"twitter:label1\" content=\"Kirjoittanut\" \/>\n\t<meta name=\"twitter:data1\" content=\"Nea Myllynen\" \/>\n\t<meta name=\"twitter:label2\" content=\"Arvioitu lukuaika\" \/>\n\t<meta name=\"twitter:data2\" content=\"5 minuuttia\" \/>\n\t<meta name=\"twitter:label3\" content=\"Written by\" \/>\n\t<meta name=\"twitter:data3\" content=\"Lindstr\u00f6m\" \/>\n<script type=\"application\/ld+json\" class=\"yoast-schema-graph\">{\"@context\":\"https:\/\/schema.org\",\"@graph\":[{\"@type\":\"Article\",\"@id\":\"https:\/\/lindstromgroup.com\/fi\/artikkelit\/tauko-berliinin-muotiviikoilla-designvaatteita-ylijaamatekstiileista\/#article\",\"isPartOf\":{\"@id\":\"https:\/\/lindstromgroup.com\/fi\/artikkelit\/tauko-berliinin-muotiviikoilla-designvaatteita-ylijaamatekstiileista\/\"},\"author\":{\"name\":\"Nea Myllynen\",\"@id\":\"https:\/\/lindstromgroup.com\/fi\/#\/schema\/person\/89e6d35d52e407a3682ebd7654b883a0\"},\"headline\":\"TAUKO Berliinin muotiviikoilla \u2013 designvaatteita ylij\u00e4\u00e4m\u00e4tekstiileist\u00e4\",\"datePublished\":\"2020-02-25T07:27:00+00:00\",\"dateModified\":\"2025-01-03T09:50:47+00:00\",\"mainEntityOfPage\":{\"@id\":\"https:\/\/lindstromgroup.com\/fi\/artikkelit\/tauko-berliinin-muotiviikoilla-designvaatteita-ylijaamatekstiileista\/\"},\"wordCount\":394,\"publisher\":{\"@id\":\"https:\/\/lindstromgroup.com\/fi\/#organization\"},\"image\":{\"@id\":\"https:\/\/lindstromgroup.com\/fi\/artikkelit\/tauko-berliinin-muotiviikoilla-designvaatteita-ylijaamatekstiileista\/#primaryimage\"},\"thumbnailUrl\":\"https:\/\/d2ris6qfzcz0wn.cloudfront.net\/wp-content\/uploads\/sites\/8\/2023\/11\/tauko-touch-berlin-kirja-Lindstrom-hero-post-narrow-1600x600-1.jpg\",\"keywords\":[\"#vastuullisuus\"],\"articleSection\":[\"Artikkelit\"],\"inLanguage\":\"fi\"},{\"@type\":\"WebPage\",\"@id\":\"https:\/\/lindstromgroup.com\/fi\/artikkelit\/tauko-berliinin-muotiviikoilla-designvaatteita-ylijaamatekstiileista\/\",\"url\":\"https:\/\/lindstromgroup.com\/fi\/artikkelit\/tauko-berliinin-muotiviikoilla-designvaatteita-ylijaamatekstiileista\/\",\"name\":\"TAUKO Berliinin muotiviikoilla \u2013 designvaatteita ylij\u00e4\u00e4m\u00e4tekstiileist\u00e4 - Lindstr\u00f6m Suomi\",\"isPartOf\":{\"@id\":\"https:\/\/lindstromgroup.com\/fi\/#website\"},\"primaryImageOfPage\":{\"@id\":\"https:\/\/lindstromgroup.com\/fi\/artikkelit\/tauko-berliinin-muotiviikoilla-designvaatteita-ylijaamatekstiileista\/#primaryimage\"},\"image\":{\"@id\":\"https:\/\/lindstromgroup.com\/fi\/artikkelit\/tauko-berliinin-muotiviikoilla-designvaatteita-ylijaamatekstiileista\/#primaryimage\"},\"thumbnailUrl\":\"https:\/\/d2ris6qfzcz0wn.cloudfront.net\/wp-content\/uploads\/sites\/8\/2023\/11\/tauko-touch-berlin-kirja-Lindstrom-hero-post-narrow-1600x600-1.jpg\",\"datePublished\":\"2020-02-25T07:27:00+00:00\",\"dateModified\":\"2025-01-03T09:50:47+00:00\",\"description\":\"Uusin TAUKO-mallisto julkistettiin Berliinin muotiviikkojen Seek-messuilla tammikuussa 2020. Mallisto on tehty Lindstr\u00f6min ylij\u00e4\u00e4m\u00e4tekstiileit\u00e4.\",\"breadcrumb\":{\"@id\":\"https:\/\/lindstromgroup.com\/fi\/artikkelit\/tauko-berliinin-muotiviikoilla-designvaatteita-ylijaamatekstiileista\/#breadcrumb\"},\"inLanguage\":\"fi\",\"potentialAction\":[{\"@type\":\"ReadAction\",\"target\":[\"https:\/\/lindstromgroup.com\/fi\/artikkelit\/tauko-berliinin-muotiviikoilla-designvaatteita-ylijaamatekstiileista\/\"]}]},{\"@type\":\"ImageObject\",\"inLanguage\":\"fi\",\"@id\":\"https:\/\/lindstromgroup.com\/fi\/artikkelit\/tauko-berliinin-muotiviikoilla-designvaatteita-ylijaamatekstiileista\/#primaryimage\",\"url\":\"https:\/\/d2ris6qfzcz0wn.cloudfront.net\/wp-content\/uploads\/sites\/8\/2023\/11\/tauko-touch-berlin-kirja-Lindstrom-hero-post-narrow-1600x600-1.jpg\",\"contentUrl\":\"https:\/\/d2ris6qfzcz0wn.cloudfront.net\/wp-content\/uploads\/sites\/8\/2023\/11\/tauko-touch-berlin-kirja-Lindstrom-hero-post-narrow-1600x600-1.jpg\",\"width\":1600,\"height\":600},{\"@type\":\"BreadcrumbList\",\"@id\":\"https:\/\/lindstromgroup.com\/fi\/artikkelit\/tauko-berliinin-muotiviikoilla-designvaatteita-ylijaamatekstiileista\/#breadcrumb\",\"itemListElement\":[{\"@type\":\"ListItem\",\"position\":1,\"name\":\"Kotisivu\",\"item\":\"https:\/\/lindstromgroup.com\/fi\/\"},{\"@type\":\"ListItem\",\"position\":2,\"name\":\"Artikkelit\",\"item\":\"https:\/\/lindstromgroup.com\/fi\/category\/artikkelit\/\"},{\"@type\":\"ListItem\",\"position\":3,\"name\":\"TAUKO Berliinin muotiviikoilla \u2013 designvaatteita ylij\u00e4\u00e4m\u00e4tekstiileist\u00e4\"}]},{\"@type\":\"WebSite\",\"@id\":\"https:\/\/lindstromgroup.com\/fi\/#website\",\"url\":\"https:\/\/lindstromgroup.com\/fi\/\",\"name\":\"Lindstr\u00f6m Suomi\",\"description\":\"\",\"publisher\":{\"@id\":\"https:\/\/lindstromgroup.com\/fi\/#organization\"},\"potentialAction\":[{\"@type\":\"SearchAction\",\"target\":{\"@type\":\"EntryPoint\",\"urlTemplate\":\"https:\/\/lindstromgroup.com\/fi\/?s={search_term_string}\"},\"query-input\":{\"@type\":\"PropertyValueSpecification\",\"valueRequired\":true,\"valueName\":\"search_term_string\"}}],\"inLanguage\":\"fi\"},{\"@type\":\"Organization\",\"@id\":\"https:\/\/lindstromgroup.com\/fi\/#organization\",\"name\":\"Lindstr\u00f6m Suomi\",\"url\":\"https:\/\/lindstromgroup.com\/fi\/\",\"logo\":{\"@type\":\"ImageObject\",\"inLanguage\":\"fi\",\"@id\":\"https:\/\/lindstromgroup.com\/fi\/#\/schema\/logo\/image\/\",\"url\":\"https:\/\/d2ris6qfzcz0wn.cloudfront.net\/wp-content\/uploads\/sites\/8\/2023\/10\/Logo512.png\",\"contentUrl\":\"https:\/\/d2ris6qfzcz0wn.cloudfront.net\/wp-content\/uploads\/sites\/8\/2023\/10\/Logo512.png\",\"width\":512,\"height\":109,\"caption\":\"Lindstr\u00f6m Suomi\"},\"image\":{\"@id\":\"https:\/\/lindstromgroup.com\/fi\/#\/schema\/logo\/image\/\"},\"sameAs\":[\"https:\/\/www.facebook.com\/lindstromsuomi\"]},{\"@type\":\"Person\",\"@id\":\"https:\/\/lindstromgroup.com\/fi\/#\/schema\/person\/89e6d35d52e407a3682ebd7654b883a0\",\"name\":\"Nea Myllynen\",\"image\":{\"@type\":\"ImageObject\",\"inLanguage\":\"fi\",\"@id\":\"https:\/\/secure.gravatar.com\/avatar\/fdd66b6e16c1786da70d40b93b164fe9f887d23cd88422f65e4362e26d851407?s=96&d=mm&r=gb303791763ae5c1b114fc4662526fa7e\",\"url\":\"https:\/\/secure.gravatar.com\/avatar\/fdd66b6e16c1786da70d40b93b164fe9f887d23cd88422f65e4362e26d851407?s=96&d=mm&r=g\",\"contentUrl\":\"https:\/\/secure.gravatar.com\/avatar\/fdd66b6e16c1786da70d40b93b164fe9f887d23cd88422f65e4362e26d851407?s=96&d=mm&r=g\",\"caption\":\"Nea Myllynen\"},\"url\":\"https:\/\/lindstromgroup.com\/fi\/author\/neamyllynen\/\"}]}<\/script>\n<!-- \/ Yoast SEO plugin. -->","yoast_head_json":{"title":"TAUKO Berliinin muotiviikoilla \u2013 designvaatteita ylij\u00e4\u00e4m\u00e4tekstiileist\u00e4 - Lindstr\u00f6m Suomi","description":"Uusin TAUKO-mallisto julkistettiin Berliinin muotiviikkojen Seek-messuilla tammikuussa 2020. Mallisto on tehty Lindstr\u00f6min ylij\u00e4\u00e4m\u00e4tekstiileit\u00e4.","robots":{"index":"index","follow":"follow","max-snippet":"max-snippet:-1","max-image-preview":"max-image-preview:large","max-video-preview":"max-video-preview:-1"},"og_locale":"fi_FI","og_type":"article","og_title":"TAUKO Berliinin muotiviikoilla \u2013 designvaatteita ylij\u00e4\u00e4m\u00e4tekstiileist\u00e4 - Lindstr\u00f6m Suomi","og_description":"Uusin TAUKO-mallisto julkistettiin Berliinin muotiviikkojen Seek-messuilla tammikuussa 2020. Mallisto on tehty Lindstr\u00f6min ylij\u00e4\u00e4m\u00e4tekstiileit\u00e4.","og_url":"https:\/\/lindstromgroup.com\/fi\/artikkelit\/tauko-berliinin-muotiviikoilla-designvaatteita-ylijaamatekstiileista\/","og_site_name":"Lindstr\u00f6m Suomi","article_publisher":"https:\/\/www.facebook.com\/lindstromsuomi","article_published_time":"2020-02-25T07:27:00+00:00","article_modified_time":"2025-01-03T09:50:47+00:00","og_image":[{"width":1200,"height":630,"url":"https:\/\/lindstrom-sites.s3.eu-north-1.amazonaws.com\/wp-content\/uploads\/sites\/8\/2023\/11\/tauko-touch-berlin-kirja-Facebook-shared-link-1200x630-1.jpg","type":"image\/jpeg"}],"author":"Lindstr\u00f6m","twitter_card":"summary_large_image","twitter_image":"https:\/\/d2ris6qfzcz0wn.cloudfront.net\/wp-content\/uploads\/sites\/8\/2023\/11\/tauko-touch-berlin-kirja-Facebook-shared-link-1200x630-1.jpg","twitter_misc":{"Kirjoittanut":"Nea Myllynen","Arvioitu lukuaika":"5 minuuttia","Written by":"Lindstr\u00f6m"},"schema":{"@context":"https:\/\/schema.org","@graph":[{"@type":"Article","@id":"https:\/\/lindstromgroup.com\/fi\/artikkelit\/tauko-berliinin-muotiviikoilla-designvaatteita-ylijaamatekstiileista\/#article","isPartOf":{"@id":"https:\/\/lindstromgroup.com\/fi\/artikkelit\/tauko-berliinin-muotiviikoilla-designvaatteita-ylijaamatekstiileista\/"},"author":{"name":"Nea Myllynen","@id":"https:\/\/lindstromgroup.com\/fi\/#\/schema\/person\/89e6d35d52e407a3682ebd7654b883a0"},"headline":"TAUKO Berliinin muotiviikoilla \u2013 designvaatteita ylij\u00e4\u00e4m\u00e4tekstiileist\u00e4","datePublished":"2020-02-25T07:27:00+00:00","dateModified":"2025-01-03T09:50:47+00:00","mainEntityOfPage":{"@id":"https:\/\/lindstromgroup.com\/fi\/artikkelit\/tauko-berliinin-muotiviikoilla-designvaatteita-ylijaamatekstiileista\/"},"wordCount":394,"publisher":{"@id":"https:\/\/lindstromgroup.com\/fi\/#organization"},"image":{"@id":"https:\/\/lindstromgroup.com\/fi\/artikkelit\/tauko-berliinin-muotiviikoilla-designvaatteita-ylijaamatekstiileista\/#primaryimage"},"thumbnailUrl":"https:\/\/d2ris6qfzcz0wn.cloudfront.net\/wp-content\/uploads\/sites\/8\/2023\/11\/tauko-touch-berlin-kirja-Lindstrom-hero-post-narrow-1600x600-1.jpg","keywords":["#vastuullisuus"],"articleSection":["Artikkelit"],"inLanguage":"fi"},{"@type":"WebPage","@id":"https:\/\/lindstromgroup.com\/fi\/artikkelit\/tauko-berliinin-muotiviikoilla-designvaatteita-ylijaamatekstiileista\/","url":"https:\/\/lindstromgroup.com\/fi\/artikkelit\/tauko-berliinin-muotiviikoilla-designvaatteita-ylijaamatekstiileista\/","name":"TAUKO Berliinin muotiviikoilla \u2013 designvaatteita ylij\u00e4\u00e4m\u00e4tekstiileist\u00e4 - Lindstr\u00f6m Suomi","isPartOf":{"@id":"https:\/\/lindstromgroup.com\/fi\/#website"},"primaryImageOfPage":{"@id":"https:\/\/lindstromgroup.com\/fi\/artikkelit\/tauko-berliinin-muotiviikoilla-designvaatteita-ylijaamatekstiileista\/#primaryimage"},"image":{"@id":"https:\/\/lindstromgroup.com\/fi\/artikkelit\/tauko-berliinin-muotiviikoilla-designvaatteita-ylijaamatekstiileista\/#primaryimage"},"thumbnailUrl":"https:\/\/d2ris6qfzcz0wn.cloudfront.net\/wp-content\/uploads\/sites\/8\/2023\/11\/tauko-touch-berlin-kirja-Lindstrom-hero-post-narrow-1600x600-1.jpg","datePublished":"2020-02-25T07:27:00+00:00","dateModified":"2025-01-03T09:50:47+00:00","description":"Uusin TAUKO-mallisto julkistettiin Berliinin muotiviikkojen Seek-messuilla tammikuussa 2020. Mallisto on tehty Lindstr\u00f6min ylij\u00e4\u00e4m\u00e4tekstiileit\u00e4.","breadcrumb":{"@id":"https:\/\/lindstromgroup.com\/fi\/artikkelit\/tauko-berliinin-muotiviikoilla-designvaatteita-ylijaamatekstiileista\/#breadcrumb"},"inLanguage":"fi","potentialAction":[{"@type":"ReadAction","target":["https:\/\/lindstromgroup.com\/fi\/artikkelit\/tauko-berliinin-muotiviikoilla-designvaatteita-ylijaamatekstiileista\/"]}]},{"@type":"ImageObject","inLanguage":"fi","@id":"https:\/\/lindstromgroup.com\/fi\/artikkelit\/tauko-berliinin-muotiviikoilla-designvaatteita-ylijaamatekstiileista\/#primaryimage","url":"https:\/\/d2ris6qfzcz0wn.cloudfront.net\/wp-content\/uploads\/sites\/8\/2023\/11\/tauko-touch-berlin-kirja-Lindstrom-hero-post-narrow-1600x600-1.jpg","contentUrl":"https:\/\/d2ris6qfzcz0wn.cloudfront.net\/wp-content\/uploads\/sites\/8\/2023\/11\/tauko-touch-berlin-kirja-Lindstrom-hero-post-narrow-1600x600-1.jpg","width":1600,"height":600},{"@type":"BreadcrumbList","@id":"https:\/\/lindstromgroup.com\/fi\/artikkelit\/tauko-berliinin-muotiviikoilla-designvaatteita-ylijaamatekstiileista\/#breadcrumb","itemListElement":[{"@type":"ListItem","position":1,"name":"Kotisivu","item":"https:\/\/lindstromgroup.com\/fi\/"},{"@type":"ListItem","position":2,"name":"Artikkelit","item":"https:\/\/lindstromgroup.com\/fi\/category\/artikkelit\/"},{"@type":"ListItem","position":3,"name":"TAUKO Berliinin muotiviikoilla \u2013 designvaatteita ylij\u00e4\u00e4m\u00e4tekstiileist\u00e4"}]},{"@type":"WebSite","@id":"https:\/\/lindstromgroup.com\/fi\/#website","url":"https:\/\/lindstromgroup.com\/fi\/","name":"Lindstr\u00f6m Suomi","description":"","publisher":{"@id":"https:\/\/lindstromgroup.com\/fi\/#organization"},"potentialAction":[{"@type":"SearchAction","target":{"@type":"EntryPoint","urlTemplate":"https:\/\/lindstromgroup.com\/fi\/?s={search_term_string}"},"query-input":{"@type":"PropertyValueSpecification","valueRequired":true,"valueName":"search_term_string"}}],"inLanguage":"fi"},{"@type":"Organization","@id":"https:\/\/lindstromgroup.com\/fi\/#organization","name":"Lindstr\u00f6m Suomi","url":"https:\/\/lindstromgroup.com\/fi\/","logo":{"@type":"ImageObject","inLanguage":"fi","@id":"https:\/\/lindstromgroup.com\/fi\/#\/schema\/logo\/image\/","url":"https:\/\/d2ris6qfzcz0wn.cloudfront.net\/wp-content\/uploads\/sites\/8\/2023\/10\/Logo512.png","contentUrl":"https:\/\/d2ris6qfzcz0wn.cloudfront.net\/wp-content\/uploads\/sites\/8\/2023\/10\/Logo512.png","width":512,"height":109,"caption":"Lindstr\u00f6m Suomi"},"image":{"@id":"https:\/\/lindstromgroup.com\/fi\/#\/schema\/logo\/image\/"},"sameAs":["https:\/\/www.facebook.com\/lindstromsuomi"]},{"@type":"Person","@id":"https:\/\/lindstromgroup.com\/fi\/#\/schema\/person\/89e6d35d52e407a3682ebd7654b883a0","name":"Nea Myllynen","image":{"@type":"ImageObject","inLanguage":"fi","@id":"https:\/\/secure.gravatar.com\/avatar\/fdd66b6e16c1786da70d40b93b164fe9f887d23cd88422f65e4362e26d851407?s=96&d=mm&r=gb303791763ae5c1b114fc4662526fa7e","url":"https:\/\/secure.gravatar.com\/avatar\/fdd66b6e16c1786da70d40b93b164fe9f887d23cd88422f65e4362e26d851407?s=96&d=mm&r=g","contentUrl":"https:\/\/secure.gravatar.com\/avatar\/fdd66b6e16c1786da70d40b93b164fe9f887d23cd88422f65e4362e26d851407?s=96&d=mm&r=g","caption":"Nea Myllynen"},"url":"https:\/\/lindstromgroup.com\/fi\/author\/neamyllynen\/"}]}},"publishpress_future_workflow_manual_trigger":{"enabledWorkflows":[]},"distributor_meta":false,"distributor_terms":false,"distributor_media":false,"distributor_original_site_name":"Lindstr\u00f6m Suomi","distributor_original_site_url":"https:\/\/lindstromgroup.com\/fi","push-errors":false,"_links":{"self":[{"href":"https:\/\/lindstromgroup.com\/fi\/wp-json\/wp\/v2\/posts\/438","targetHints":{"allow":["GET"]}}],"collection":[{"href":"https:\/\/lindstromgroup.com\/fi\/wp-json\/wp\/v2\/posts"}],"about":[{"href":"https:\/\/lindstromgroup.com\/fi\/wp-json\/wp\/v2\/types\/post"}],"author":[{"embeddable":true,"href":"https:\/\/lindstromgroup.com\/fi\/wp-json\/wp\/v2\/users\/34"}],"replies":[{"embeddable":true,"href":"https:\/\/lindstromgroup.com\/fi\/wp-json\/wp\/v2\/comments?post=438"}],"version-history":[{"count":0,"href":"https:\/\/lindstromgroup.com\/fi\/wp-json\/wp\/v2\/posts\/438\/revisions"}],"wp:featuredmedia":[{"embeddable":true,"href":"https:\/\/lindstromgroup.com\/fi\/wp-json\/wp\/v2\/media\/1180"}],"wp:attachment":[{"href":"https:\/\/lindstromgroup.com\/fi\/wp-json\/wp\/v2\/media?parent=438"}],"wp:term":[{"taxonomy":"category","embeddable":true,"href":"https:\/\/lindstromgroup.com\/fi\/wp-json\/wp\/v2\/categories?post=438"},{"taxonomy":"post_tag","embeddable":true,"href":"https:\/\/lindstromgroup.com\/fi\/wp-json\/wp\/v2\/tags?post=438"},{"taxonomy":"post_folder","embeddable":true,"href":"https:\/\/lindstromgroup.com\/fi\/wp-json\/wp\/v2\/post_folder?post=438"},{"taxonomy":"author","embeddable":true,"href":"https:\/\/lindstromgroup.com\/fi\/wp-json\/wp\/v2\/coauthors?post=438"}],"curies":[{"name":"wp","href":"https:\/\/api.w.org\/{rel}","templated":true}]}}