
    {"id":240,"date":"2022-05-19T11:18:00","date_gmt":"2022-05-19T09:18:00","guid":{"rendered":"https:\/\/lindstromgroup.com\/fi\/?p=240"},"modified":"2025-01-02T15:31:29","modified_gmt":"2025-01-02T13:31:29","slug":"s-ryhmalaiset-suunnittelivat-itse-uudet-tyovaatteensa-nama-ovat-nyt-taydelliset-meille","status":"publish","type":"post","link":"https:\/\/lindstromgroup.com\/fi\/artikkelit\/s-ryhmalaiset-suunnittelivat-itse-uudet-tyovaatteensa-nama-ovat-nyt-taydelliset-meille\/","title":{"rendered":"S-ryhm\u00e4l\u00e4iset suunnittelivat itse uudet ty\u00f6vaatteensa: \u201dN\u00e4m\u00e4 ovat nyt t\u00e4ydelliset meille!\u201d"},"content":{"rendered":"\n<p><strong>T\u00e4m\u00e4n ja ensi vuoden aikana noin 20 000 s-ryhm\u00e4l\u00e4ist\u00e4 tulee saamaan uudet ty\u00f6asut. <a href=\"https:\/\/lindstromgroup.com\/fi\/tyovaatteet\/\" target=\"_blank\" rel=\"noreferrer noopener\">Ty\u00f6va<\/a><a href=\"https:\/\/lindstromgroup.com\/fi\/palvelut\/tyovaatteet\/\" target=\"_blank\" rel=\"noreferrer noopener\">atteet<\/a> on suunniteltu yhdess\u00e4 S-ryhm\u00e4n ty\u00f6ntekij\u00f6iden kanssa ja niit\u00e4 on koek\u00e4ytetty useissa eri myym\u00e4l\u00f6iss\u00e4, jotta ne sopivat varmasti kaupan arkeen.<\/strong><\/p>\n\n\n\n<p>\u201dSuosikkity\u00f6asumme on ehdottomasti housut, jotka ovat todella hyv\u00e4t, joustavat ja istuvat. My\u00f6s takin ja liivin materiaali on tosi miellytt\u00e4v\u00e4\u00e4\u201d, iloitsee Jyv\u00e4skyl\u00e4ss\u00e4 sijaitsevan Prisma Palokan palvelup\u00e4\u00e4llikk\u00f6 <strong>Hannele Roine<\/strong>, joka oli tiimeineen mukana <a href=\"https:\/\/s-ryhma.fi\/\" target=\"_blank\" rel=\"noreferrer noopener\">S-ryhm\u00e4n<\/a> uusien ty\u00f6vaatteiden suunnittelussa ja koek\u00e4yt\u00f6ss\u00e4.<\/p>\n\n\n\n<p>Uuden market-malliston suunnittelun l\u00e4ht\u00f6kohtana oli s-ryhm\u00e4l\u00e4isten toiveet ja palautteet. \u201dTy\u00f6ntekij\u00e4kokemus ja ty\u00f6ntekij\u00f6idemme hyvinvointi ovat meille ihan ykk\u00f6sasioita. Siksi oli hienoa, ett\u00e4 saimme market-henkil\u00f6st\u00f6\u00e4mme mukaan ty\u00f6vaatteidemme ideointiin ja suunnitteluun. Ty\u00f6vaatteidemme uudistus on my\u00f6s osa mittavaa ruokakauppojemme uudistuskierrosta, jossa asiakkaat p\u00e4\u00e4sev\u00e4t nauttimaan uudistettujen myym\u00e4l\u00f6iden entist\u00e4 paremmasta ruokatarjonnasta ja raikkaasta myym\u00e4l\u00e4milj\u00f6\u00f6st\u00e4,\u201d kertoo ty\u00f6vaateuudistuksesta vastannut SOK:n Marketkaupan myym\u00e4l\u00e4suunnittelun ja tilanhallinnan johtaja <strong>Veera Vuorinen<\/strong>.<\/p>\n\n\n\n<p class=\"has-h-3-font-size\">\u201dIhana haaste\u201d<\/p>\n\n\n\n<div class=\"wp-block-columns is-layout-flex wp-container-core-columns-is-layout-28f84493 wp-block-columns-is-layout-flex\">\n<div class=\"wp-block-column is-layout-flow wp-block-column-is-layout-flow\" style=\"flex-basis:66.66%\">\n<p>Lindstr\u00f6min ty\u00f6vaatesuunnittelija Minna Kuivam\u00e4en mukaan uusien ty\u00f6vaatteiden suunnittelu oli ihana haaste. Minna on hakenut inspiraatiota mallistoon muun muassa retail-alan trendeist\u00e4 ja urheilu- ja vapaa-ajanvaatteista.<\/p>\n\n\n\n<p>\u201dS-ryhm\u00e4n market-malliston uudistaminen oli ihana haaste. Erityisen innostavaa oli p\u00e4ivitt\u00e4\u00e4 ty\u00f6vaatteet t\u00e4h\u00e4n p\u00e4iv\u00e4\u00e4n ja luoda ty\u00f6ntekij\u00f6ille trendik\u00e4s, mukava ja toiminnallinen ty\u00f6asu. Malliston suunnitteluvaiheessa tutkimme retail-alan trendej\u00e4, tutustuimme S-ryhm\u00e4n uusiin myym\u00e4l\u00e4konsepteihin ja etsimme ideoita urheilu- ja vapaa-ajan vaatteista. Minulle on t\u00e4rke\u00e4\u00e4 suunnitella sellaisia ty\u00f6vaatteita, joita itsekin haluaisin k\u00e4ytt\u00e4\u00e4. T\u00e4st\u00e4 hyv\u00e4n\u00e4 esimerkkin\u00e4 malliston v\u00e4rimaailma, jossa on kirkkaiden br\u00e4ndiv\u00e4rien sijaan k\u00e4ytetty vaatetukseen paremmin sopivia maanl\u00e4heisi\u00e4 s\u00e4vyj\u00e4. Vastuullisuus on itselleni t\u00e4rke\u00e4 arvo, joka ohjaa my\u00f6s Lindstr\u00f6min ja S-ryhm\u00e4n toimintoja. Mallistossa se n\u00e4kyy esimerkiksi kierr\u00e4tysmateriaalista tehdyiss\u00e4 esiliinoissa, joiden raaka-aineena k\u00e4ytet\u00e4\u00e4n k\u00e4yt\u00f6st\u00e4 poistuvia vanhoja ty\u00f6vaatteita,\u201d kertoo <strong>Minna Kuivam\u00e4ki<\/strong>.<\/p>\n<\/div>\n\n\n\n<div class=\"wp-block-column is-layout-flow wp-block-column-is-layout-flow\" style=\"flex-basis:33.33%\">\n<figure class=\"wp-block-image size-full\"><img decoding=\"async\" width=\"300\" height=\"300\" src=\"https:\/\/d2ris6qfzcz0wn.cloudfront.net\/wp-content\/uploads\/sites\/8\/2023\/11\/Refe-s-ryhma-kuopio-prisma-tyontekija-2607-WWS-300x300-1.jpg\" alt=\"\" class=\"wp-image-842\" srcset=\"https:\/\/d2ris6qfzcz0wn.cloudfront.net\/wp-content\/uploads\/sites\/8\/2023\/11\/Refe-s-ryhma-kuopio-prisma-tyontekija-2607-WWS-300x300-1.jpg 300w, https:\/\/d2ris6qfzcz0wn.cloudfront.net\/wp-content\/uploads\/sites\/8\/2023\/11\/Refe-s-ryhma-kuopio-prisma-tyontekija-2607-WWS-300x300-1-150x150.jpg 150w\" sizes=\"(max-width: 300px) 100vw, 300px\" \/><figcaption class=\"wp-element-caption\">Uudet ty\u00f6vaatteet ovat jo k\u00e4yt\u00f6ss\u00e4 S-market Hakaniemess\u00e4<br><\/figcaption><\/figure>\n<\/div>\n<\/div>\n\n\n\n<p><\/p>\n\n\n\n<p>Uuteen market-mallistoon kuuluu runsaasti erilaisia yl\u00e4- ja alaosia ja niit\u00e4 t\u00e4ydent\u00e4vi\u00e4 asusteita, kuten erilaisia p\u00e4\u00e4hineit\u00e4, vaatteisiin kiinnitett\u00e4v\u00e4t irtotaskut, polvisuojat ja l\u00e4mp\u00f6kerrasto. Ty\u00f6vaatteet tulevat t\u00e4n\u00e4 ja ensi vuonna n\u00e4kym\u00e4\u00e4n S-ryhm\u00e4n Prismoissa, S-marketeissa ja Saleissa.<\/p>\n\n\n\n<p>\u201dUusi market-mallisto on ilahduttavan monipuolinen. Mallisto on rakennettu niin, ett\u00e4 peruselementit ja kaavarungot ovat samanlaiset sek\u00e4 S-marketin, Prisman ett\u00e4 Salen mallistoissa. Kuitenkin v\u00e4rimaailmaa ja br\u00e4ndikohtaisia elementtej\u00e4 kuten merkkej\u00e4 ja brodeerauksia muuttamalla saimme kaikille ketjuille omann\u00e4k\u00f6iset mallistokokonaisuudet. Mallistoissa on toki hy\u00f6dynnetty my\u00f6s samoja perustuotteita, kuten housuja ja kokin takkeja. Malliston v\u00e4rimaailma on mukava, murrettu, lempe\u00e4 k\u00e4ytt\u00e4j\u00e4lle, mutta kuitenkin myym\u00e4l\u00e4ss\u00e4 tunnistettava,\u201d kertoo my\u00f6s projektissa mukana ollut Lindstr\u00f6min ty\u00f6vaatesuunnittelija <strong>Riikka Sivonen<\/strong> ja jatkaa:<\/p>\n\n\n\n<p>\u201dTy\u00f6ss\u00e4 viihtyminen kokonaisuudessaan oli yksi t\u00e4rkeimmist\u00e4 suunnittelua ohjaavista tekij\u00f6ist\u00e4. Mallistosta haluttiin ennen kaikkea toiminnallinen, kompakti ja yhdenn\u00e4k\u00f6inen, sis\u00e4lt\u00e4en samalla tuotteita, joiden avulla ty\u00f6ntekij\u00e4t voivat rakentaa asukokonaisuuden itselleen paitsi ty\u00f6teht\u00e4v\u00e4n mukaan, mutta my\u00f6s niin, ett\u00e4 se olisi my\u00f6s itse\u00e4 visuaalisesti miellytt\u00e4v\u00e4.\u201d<\/p>\n\n\n\n<p class=\"has-h-3-font-size\">Koek\u00e4yt\u00f6ist\u00e4 arvokasta palautetta<\/p>\n\n\n\n<p>Ty\u00f6vaatteita koek\u00e4ytettiin nelj\u00e4ss\u00e4 S-ryhm\u00e4n myym\u00e4l\u00e4ss\u00e4 ennen p\u00e4\u00e4t\u00f6st\u00e4 lopullisesta ty\u00f6vaatemallistosta. Koek\u00e4yt\u00f6iss\u00e4 testattiin vaatteiden toimivuutta, ty\u00f6turvallisuutta, hygieenisyytt\u00e4 ja ergonomisuutta kaikissa ty\u00f6teht\u00e4viss\u00e4.<\/p>\n\n\n\n<div class=\"wp-block-columns is-layout-flex wp-container-core-columns-is-layout-28f84493 wp-block-columns-is-layout-flex\">\n<div class=\"wp-block-column is-layout-flow wp-block-column-is-layout-flow\" style=\"flex-basis:33.33%\">\n<figure class=\"wp-block-image size-full\"><img decoding=\"async\" width=\"300\" height=\"300\" src=\"https:\/\/d2ris6qfzcz0wn.cloudfront.net\/wp-content\/uploads\/sites\/8\/2023\/11\/Refe-s-ryhma-kuopio-prisma-tyontekija-2725-WWS-300x300-1.jpg\" alt=\"\" class=\"wp-image-844\" srcset=\"https:\/\/d2ris6qfzcz0wn.cloudfront.net\/wp-content\/uploads\/sites\/8\/2023\/11\/Refe-s-ryhma-kuopio-prisma-tyontekija-2725-WWS-300x300-1.jpg 300w, https:\/\/d2ris6qfzcz0wn.cloudfront.net\/wp-content\/uploads\/sites\/8\/2023\/11\/Refe-s-ryhma-kuopio-prisma-tyontekija-2725-WWS-300x300-1-150x150.jpg 150w\" sizes=\"(max-width: 300px) 100vw, 300px\" \/><figcaption class=\"wp-element-caption\">Radiopuhelin on ty\u00f6vaatteen sis\u00e4ll\u00e4, mik\u00e4 helpottaa ty\u00f6n tekoa<br><\/figcaption><\/figure>\n<\/div>\n\n\n\n<div class=\"wp-block-column is-layout-flow wp-block-column-is-layout-flow\" style=\"flex-basis:66.66%\">\n<p>\u201dTy\u00f6vaatteiden koek\u00e4yt\u00f6t meniv\u00e4t S-ryhm\u00e4ss\u00e4 loistavasti. Koek\u00e4ytt\u00f6 on t\u00e4rke\u00e4 osa suunnitteluprosessiamme, jonka pohjalta rakennamme lopullisen ty\u00f6vaatemalliston yhdess\u00e4 asiakkaan kanssa. Koek\u00e4ytt\u00f6jen aikana saimme paljon arvokasta palautetta s-ryhm\u00e4l\u00e4isilt\u00e4 muun muassa vaaterunkojen, materiaalien ja ty\u00f6asujen yksityiskohtien toimivuudesta arjessa. Ty\u00f6vaatteisiin toivottiin uudenlaisia yksityiskohtia, jotka nyt helpottavat s-ryhm\u00e4l\u00e4isten arkea,\u201d kertoo Riikka Sivonen ja jatkaa esimerkein muutamista esiin tulleista toiveista, joita on toteutettu uudessa mallistossa:<\/p>\n<\/div>\n<\/div>\n\n\n\n<p>\u201dS-ryhm\u00e4l\u00e4isten yhten\u00e4 toiveena oli, ett\u00e4 pohtisimme ratkaisua radiopuhelimen ja sen kuulokkeiden johdon kiinnitt\u00e4miseen vaatteessa. Haasteena oli aikaisemmin ollut, ett\u00e4 puhelimenkuulokkeen johto on ty\u00f6skennelless\u00e4 tiell\u00e4 ja sen sijoittelu vaatteisiin oli haasteellista. Ratkaisimme ongelman liivien tilavilla sis\u00e4taskuilla ja taskumaisella l\u00e4piviennill\u00e4 sek\u00e4 kauluspaidoissa ett\u00e4 liiveiss\u00e4 ja takeissa. Radiopuhelinta voi nyt s\u00e4ilytt\u00e4\u00e4 kokonaisuudessaan vaatteen sis\u00e4ll\u00e4 eik\u00e4 kerrospukeutuminen tuota haasteita. Ulkopuolelle tulee n\u00e4kyviin vain korvakuuloke ja sen ulostulo vaatteen yl\u00e4osasta.\u201d<\/p>\n\n\n\n<p>\u201dToisena toiveena oli mietti\u00e4 ratkaisua erilaisen tavaran s\u00e4ilytt\u00e4miselle ja kuljettamiselle arjen ty\u00f6ss\u00e4. T\u00e4m\u00e4n ratkaisimme ty\u00f6vaatteissa olevilla d-lenkeill\u00e4, irrallisilla taskuilla ja muun muassa tarvikevy\u00f6ll\u00e4, jossa voi kantaa painavampia tarvikkeita lantiolla, jolloin tavarat eiv\u00e4t rasita taskuissa ja aiheuta painokuormaa esimerkiksi niskalle.\u201d<\/p>\n\n\n\n<p>\u201dTy\u00f6nantajan puolelta kolmantena toiveena oli, ett\u00e4 polvipehmusteiden k\u00e4yt\u00f6st\u00e4 teht\u00e4isiin sujuvampaa ja helpompaa ty\u00f6ntekij\u00f6ille, jolloin hyv\u00e4- ja turvallinen ty\u00f6ergonomia toteutuisi my\u00f6s polvillaan ty\u00f6skennelless\u00e4. T\u00e4m\u00e4n ratkaisimme niin, ett\u00e4 sijoitimme polvitaskut lahkeen p\u00e4\u00e4lle, jolloin ne toimisivat kuten tavalliset taskut. T\u00e4ll\u00f6in pehmusteen sujauttaminen ei vie aikaa eik\u00e4 vaadi muun muassa housujen pois ottamista, kuten silloin, jos polvitaskut ovat lahkeen sis\u00e4ll\u00e4.\u201d<\/p>\n\n\n\n<p>Hannele Roine kehuu sit\u00e4, miten s-ryhm\u00e4l\u00e4isi\u00e4 haluttiin kuunnella uusista ty\u00f6vaatteista. \u201dOli hienoa, ett\u00e4 p\u00e4\u00e4simme osallistumaan uusien ty\u00f6vaatteidemme suunnitteluun. P\u00e4\u00e4simme antamaan vaatteista palautetta ja pystyimme vaikuttamaan tarvittaviin muutoksiin. Ja viel\u00e4 ennen p\u00e4\u00e4t\u00f6st\u00e4 lopullisesta mallistosta, kaikki s-ryhm\u00e4l\u00e4iset saivat \u00e4\u00e4nest\u00e4\u00e4 uusien ty\u00f6vaatteiden kuoseista osuuskaupparyhm\u00e4mme intrassa. On pirist\u00e4v\u00e4\u00e4 saada uudet ty\u00f6vaatteet ja nyt ne ovat t\u00e4ydelliset juuri meille. Lis\u00e4ksi on hienoa, ett\u00e4 Lindstr\u00f6m hoitaa vaatteiden pesun ja huoltamisen. Se s\u00e4\u00e4st\u00e4\u00e4 itselt\u00e4 aikaa ja vaivaa,\u201d iloitsee Roine.<\/p>\n\n\n\n<p class=\"has-h-3-font-size\">Ergonomia prioriteettin\u00e4<\/p>\n\n\n\n<p>Uudet ty\u00f6vaatteet ovat osa S-ryhm\u00e4-tasoista ty\u00f6ergonomian kehitysohjelmaa S-ergoa, jossa fokus on ty\u00f6skentelyn terveellisyydess\u00e4 ja turvallisuudessa. Malliston k\u00e4ytt\u00f6\u00f6notossa oli mukana my\u00f6s ty\u00f6fysioterapeutti.<\/p>\n\n\n\n<figure class=\"wp-block-image size-large\"><img decoding=\"async\" width=\"1024\" height=\"768\" src=\"https:\/\/d2ris6qfzcz0wn.cloudfront.net\/wp-content\/uploads\/sites\/8\/2024\/01\/refe-s-ryhma-myyja-hyllyttamassa-3-3146-WWS-Lindstrom-general-post-1600x1200-1-1024x768.jpg\" alt=\"\" class=\"wp-image-2633\" srcset=\"https:\/\/d2ris6qfzcz0wn.cloudfront.net\/wp-content\/uploads\/sites\/8\/2024\/01\/refe-s-ryhma-myyja-hyllyttamassa-3-3146-WWS-Lindstrom-general-post-1600x1200-1-1024x768.jpg 1024w, https:\/\/d2ris6qfzcz0wn.cloudfront.net\/wp-content\/uploads\/sites\/8\/2024\/01\/refe-s-ryhma-myyja-hyllyttamassa-3-3146-WWS-Lindstrom-general-post-1600x1200-1-300x225.jpg 300w, https:\/\/d2ris6qfzcz0wn.cloudfront.net\/wp-content\/uploads\/sites\/8\/2024\/01\/refe-s-ryhma-myyja-hyllyttamassa-3-3146-WWS-Lindstrom-general-post-1600x1200-1-768x576.jpg 768w, https:\/\/d2ris6qfzcz0wn.cloudfront.net\/wp-content\/uploads\/sites\/8\/2024\/01\/refe-s-ryhma-myyja-hyllyttamassa-3-3146-WWS-Lindstrom-general-post-1600x1200-1-1536x1152.jpg 1536w, https:\/\/d2ris6qfzcz0wn.cloudfront.net\/wp-content\/uploads\/sites\/8\/2024\/01\/refe-s-ryhma-myyja-hyllyttamassa-3-3146-WWS-Lindstrom-general-post-1600x1200-1.jpg 1600w\" sizes=\"(max-width: 1024px) 100vw, 1024px\" \/><figcaption class=\"wp-element-caption\">Hyv\u00e4ll\u00e4 ergonomialla ja sopivilla ty\u00f6vaatteilla v\u00e4hennet\u00e4\u00e4n ty\u00f6n kuormitusta<\/figcaption><\/figure>\n\n\n\n<p>\u201dMyym\u00e4l\u00e4ty\u00f6 on keskiraskasta fyysist\u00e4 ty\u00f6st\u00e4. Siihen kuuluu paljon k\u00e4sin teht\u00e4vi\u00e4 nostoja sek\u00e4 staattista toistoty\u00f6t\u00e4 kuten esimerkiksi kuormanpurkua, hyllytyst\u00e4 ja kassaty\u00f6t\u00e4. Hyv\u00e4ll\u00e4 ergonomialla ja sopivalla pukeutumisella voimme v\u00e4hent\u00e4\u00e4 ty\u00f6n kuormitusta ja varmistaa, ettei keho kuormitu tarpeettomasti. Ergonomiaan kuuluvat my\u00f6s ty\u00f6vaatteet ja -asusteet,\u201d sanoo Vuorinen.<\/p>\n\n\n\n<p>Ennen lopullisen malliston lukkoon ly\u00f6mist\u00e4 ty\u00f6ergonomiaa testattiin muun muassa koek\u00e4ytt\u00f6jen aikana \u2013 kyykkien, kurotellen ja ollen polvillaan erilaisissa myym\u00e4l\u00e4teht\u00e4viss\u00e4.<\/p>\n\n\n\n<p>\u201dTy\u00f6n toiminnallinen luonne ohjasi hyvin vahvasti ty\u00f6vaatteiden suunnittelua. Ty\u00f6ntekij\u00e4t ty\u00f6skentelev\u00e4t eripuolilla myym\u00e4l\u00e4\u00e4 monenlaisissa teht\u00e4viss\u00e4, joten olennaista asukokonaisuuksien rakentamisessa oli toimivat materiaalivalinnat, kerrospukeutuminen ja l\u00e4mp\u00f6kuorman helppo s\u00e4\u00e4t\u00e4minen &#8211; kuin my\u00f6s ty\u00f6v\u00e4lineiden sijoittelu vaatteisiin. Ty\u00f6ntekij\u00e4t istuvat kassalla, ovat polvillaan, kyykistelev\u00e4t, kurottelevat ja nostelevat tavaroita, joten vaatteiden mitoituksessa ja kaavoituksessa oli t\u00e4rke\u00e4\u00e4 huomioida ergonomia ja laajat liikeradat. Ty\u00f6vaateen on hyv\u00e4 tukea luonnollista liikkumista ja olla k\u00e4ytt\u00e4j\u00e4lleen sopiva. Vaatteen tulee my\u00f6s istua hyvin, jotta sit\u00e4 ei tarvitse korjailla p\u00e4\u00e4ll\u00e4 koko ajan. Ty\u00f6ergonomiaan liittyy my\u00f6s se, ett\u00e4 ty\u00f6vaate on helppohoitoinen eik\u00e4 se aiheuta vaaratilanteita, kuten esimerkiksi roikkuvat lenksut tai johdot saattaisivat aiheuttaa. N\u00e4in ollen my\u00f6s turvallisuus lis\u00e4\u00e4ntyy ja tulee v\u00e4hemm\u00e4n tapaturmia,\u201d kertoo Sivonen ja jatkaa viel\u00e4:<\/p>\n\n\n\n<p>\u201dVaatteiden taskuissa s\u00e4ilytet\u00e4\u00e4n my\u00f6s paljon tavaraa, joten kiinnitimme huomiota niiden sijoitteluun ja kokoon. Tavarat tulee olla helposti saatavilla, ne eiv\u00e4t saa olla tiell\u00e4, eiv\u00e4tk\u00e4 ne saa pudota taskuista. Projektin suunnittelu- ja koek\u00e4ytt\u00f6vaiheen ajan ty\u00f6ryhm\u00e4ss\u00e4 oli mukana my\u00f6s ty\u00f6fysioterapeutti, joka oli muun muassa laatimassa kanssamme asiakkaalle pukeutumisopasta sovitustilanteisiin ja vaatteen k\u00e4ytt\u00e4miseen ty\u00f6ergonomian l\u00e4ht\u00f6kohdista.\u201d<\/p>\n\n\n\n<p class=\"has-h-3-font-size\">Pitk\u00e4 kumppanuus ponnahduslautana<\/p>\n\n\n\n<p>Lindstr\u00f6min suunnittelija Riikka Sivonen kertoo, ett\u00e4 salaisuus hienon suunnitteluty\u00f6n takana on Lindstr\u00f6min ja S-ryhm\u00e4n pitk\u00e4 kumppanuus ja lennokaskin ideointi yhdess\u00e4. \u201dSuunnittelijan n\u00e4k\u00f6kulmasta S-ryhm\u00e4 on rohkea kumppani, joka ennakkoluulottomasti sek\u00e4 haastaa meit\u00e4 lindstr\u00f6mil\u00e4isi\u00e4 ett\u00e4 ottaa vastaan uusia ajatuksia. Meill\u00e4 on kokemusta useammista ty\u00f6vaateprojekteista S-ryhm\u00e4n kanssa niin kaupanpuolella kuin ravintoloiden parissakin, ja joka kerta meill\u00e4 on hyvin toiminut avoin vuoropuhelu ja lennokas ideoiden peilaaminen. Tuotteet ovat sellaisia, joita mielell\u00e4\u00e4n itse k\u00e4ytt\u00e4isi my\u00f6s vapaa-ajalla,\u201d sanoo Sivonen.<\/p>\n\n\n\n<p><strong>Kuvat:<\/strong>&nbsp;Anssi Vuohelainen<\/p>\n\n\n\n<p><strong><a href=\"https:\/\/lindstromgroup.com\/fi\/asiakastarinat\/s-ryhma-toimiva-tyylikas-tyolook\/\" target=\"_blank\" rel=\"noreferrer noopener\">Lue my\u00f6s S-ryhm\u00e4n asiakastarinamme<\/a><\/strong><\/p>\n\n\n\n<figure class=\"wp-block-gallery has-nested-images columns-default is-cropped wp-block-gallery-1 is-layout-flex wp-block-gallery-is-layout-flex\">\n<figure class=\"wp-block-image size-large\"><img decoding=\"async\" width=\"300\" height=\"300\" data-id=\"848\" src=\"https:\/\/d2ris6qfzcz0wn.cloudfront.net\/wp-content\/uploads\/sites\/8\/2023\/11\/Refe-s-ryhma-kuopio-prisma-tyontekija-3446-WWS-300x300-1.jpg\" alt=\"\" class=\"wp-image-848\" srcset=\"https:\/\/d2ris6qfzcz0wn.cloudfront.net\/wp-content\/uploads\/sites\/8\/2023\/11\/Refe-s-ryhma-kuopio-prisma-tyontekija-3446-WWS-300x300-1.jpg 300w, https:\/\/d2ris6qfzcz0wn.cloudfront.net\/wp-content\/uploads\/sites\/8\/2023\/11\/Refe-s-ryhma-kuopio-prisma-tyontekija-3446-WWS-300x300-1-150x150.jpg 150w\" sizes=\"(max-width: 300px) 100vw, 300px\" \/><\/figure>\n\n\n\n<figure class=\"wp-block-image size-large\"><img decoding=\"async\" width=\"300\" height=\"300\" data-id=\"2642\" src=\"https:\/\/d2ris6qfzcz0wn.cloudfront.net\/wp-content\/uploads\/sites\/8\/2024\/01\/refe-s-ryhma-myyjat-WWS-Lindstrom-post-300x300-1.jpg\" alt=\"\" class=\"wp-image-2642\" srcset=\"https:\/\/d2ris6qfzcz0wn.cloudfront.net\/wp-content\/uploads\/sites\/8\/2024\/01\/refe-s-ryhma-myyjat-WWS-Lindstrom-post-300x300-1.jpg 300w, https:\/\/d2ris6qfzcz0wn.cloudfront.net\/wp-content\/uploads\/sites\/8\/2024\/01\/refe-s-ryhma-myyjat-WWS-Lindstrom-post-300x300-1-150x150.jpg 150w\" sizes=\"(max-width: 300px) 100vw, 300px\" \/><\/figure>\n\n\n\n<figure class=\"wp-block-image size-large\"><img decoding=\"async\" width=\"300\" height=\"300\" data-id=\"2641\" src=\"https:\/\/d2ris6qfzcz0wn.cloudfront.net\/wp-content\/uploads\/sites\/8\/2024\/01\/refe-s-ryhma-myyja-2776-WWS-Lindstrom-post-300x300-1.jpg\" alt=\"\" class=\"wp-image-2641\" srcset=\"https:\/\/d2ris6qfzcz0wn.cloudfront.net\/wp-content\/uploads\/sites\/8\/2024\/01\/refe-s-ryhma-myyja-2776-WWS-Lindstrom-post-300x300-1.jpg 300w, https:\/\/d2ris6qfzcz0wn.cloudfront.net\/wp-content\/uploads\/sites\/8\/2024\/01\/refe-s-ryhma-myyja-2776-WWS-Lindstrom-post-300x300-1-150x150.jpg 150w\" sizes=\"(max-width: 300px) 100vw, 300px\" \/><\/figure>\n\n\n\n<figure class=\"wp-block-image size-large\"><img decoding=\"async\" width=\"300\" height=\"300\" data-id=\"2640\" src=\"https:\/\/d2ris6qfzcz0wn.cloudfront.net\/wp-content\/uploads\/sites\/8\/2024\/01\/refe-s-ryhma-myyja-hyllyttamassa-2-2874-WWS-Lindstrom-post-300x300-1.jpg\" alt=\"\" class=\"wp-image-2640\" srcset=\"https:\/\/d2ris6qfzcz0wn.cloudfront.net\/wp-content\/uploads\/sites\/8\/2024\/01\/refe-s-ryhma-myyja-hyllyttamassa-2-2874-WWS-Lindstrom-post-300x300-1.jpg 300w, https:\/\/d2ris6qfzcz0wn.cloudfront.net\/wp-content\/uploads\/sites\/8\/2024\/01\/refe-s-ryhma-myyja-hyllyttamassa-2-2874-WWS-Lindstrom-post-300x300-1-150x150.jpg 150w\" sizes=\"(max-width: 300px) 100vw, 300px\" \/><\/figure>\n\n\n\n<figure class=\"wp-block-image size-large\"><img decoding=\"async\" width=\"300\" height=\"300\" data-id=\"845\" src=\"https:\/\/d2ris6qfzcz0wn.cloudfront.net\/wp-content\/uploads\/sites\/8\/2023\/11\/Refe-s-ryhma-kuopio-prisma-tyontekija-2824-WWS-300x300-1.jpg\" alt=\"\" class=\"wp-image-845\" srcset=\"https:\/\/d2ris6qfzcz0wn.cloudfront.net\/wp-content\/uploads\/sites\/8\/2023\/11\/Refe-s-ryhma-kuopio-prisma-tyontekija-2824-WWS-300x300-1.jpg 300w, https:\/\/d2ris6qfzcz0wn.cloudfront.net\/wp-content\/uploads\/sites\/8\/2023\/11\/Refe-s-ryhma-kuopio-prisma-tyontekija-2824-WWS-300x300-1-150x150.jpg 150w\" sizes=\"(max-width: 300px) 100vw, 300px\" \/><\/figure>\n\n\n\n<figure class=\"wp-block-image size-large\"><img decoding=\"async\" width=\"300\" height=\"300\" data-id=\"843\" src=\"https:\/\/d2ris6qfzcz0wn.cloudfront.net\/wp-content\/uploads\/sites\/8\/2023\/11\/Refe-s-ryhma-kuopio-prisma-tyontekija-2669-WWS-300x300-1.jpg\" alt=\"\" class=\"wp-image-843\" srcset=\"https:\/\/d2ris6qfzcz0wn.cloudfront.net\/wp-content\/uploads\/sites\/8\/2023\/11\/Refe-s-ryhma-kuopio-prisma-tyontekija-2669-WWS-300x300-1.jpg 300w, https:\/\/d2ris6qfzcz0wn.cloudfront.net\/wp-content\/uploads\/sites\/8\/2023\/11\/Refe-s-ryhma-kuopio-prisma-tyontekija-2669-WWS-300x300-1-150x150.jpg 150w\" sizes=\"(max-width: 300px) 100vw, 300px\" \/><\/figure>\n<\/figure>\n","protected":false},"excerpt":{"rendered":"<p>T\u00e4m\u00e4n ja ensi vuoden aikana noin 20 000 s-ryhm\u00e4l\u00e4ist\u00e4 tulee saamaan uudet ty\u00f6asut. Ty\u00f6vaatteet on suunniteltu yhdess\u00e4 S-ryhm\u00e4n ty\u00f6ntekij\u00f6iden kanssa ja niit\u00e4 on koek\u00e4ytetty useissa&#8230;<\/p>\n","protected":false},"author":34,"featured_media":2624,"comment_status":"closed","ping_status":"open","sticky":false,"template":"","format":"standard","meta":{"_acf_changed":false,"inline_featured_image":false,"_eb_attr":"","site-sidebar-layout":"default","site-content-layout":"default","ast-site-content-layout":"default","site-content-style":"default","site-sidebar-style":"default","ast-global-header-display":"","ast-banner-title-visibility":"","ast-main-header-display":"","ast-hfb-above-header-display":"","ast-hfb-below-header-display":"","ast-hfb-mobile-header-display":"","site-post-title":"","ast-breadcrumbs-content":"","ast-featured-img":"","footer-sml-layout":"","ast-disable-related-posts":"","theme-transparent-header-meta":"","adv-header-id-meta":"","stick-header-meta":"","header-above-stick-meta":"","header-main-stick-meta":"","header-below-stick-meta":"","astra-migrate-meta-layouts":"default","ast-page-background-enabled":"default","ast-page-background-meta":{"desktop":{"background-color":"var(--ast-global-color-4)","background-image":"","background-repeat":"repeat","background-position":"center center","background-size":"auto","background-attachment":"scroll","background-type":"","background-media":"","overlay-type":"","overlay-color":"","overlay-opacity":"","overlay-gradient":""},"tablet":{"background-color":"","background-image":"","background-repeat":"repeat","background-position":"center center","background-size":"auto","background-attachment":"scroll","background-type":"","background-media":"","overlay-type":"","overlay-color":"","overlay-opacity":"","overlay-gradient":""},"mobile":{"background-color":"","background-image":"","background-repeat":"repeat","background-position":"center center","background-size":"auto","background-attachment":"scroll","background-type":"","background-media":"","overlay-type":"","overlay-color":"","overlay-opacity":"","overlay-gradient":""}},"ast-content-background-meta":{"desktop":{"background-color":"var(--ast-global-color-5)","background-image":"","background-repeat":"repeat","background-position":"center center","background-size":"auto","background-attachment":"scroll","background-type":"","background-media":"","overlay-type":"","overlay-color":"","overlay-opacity":"","overlay-gradient":""},"tablet":{"background-color":"var(--ast-global-color-5)","background-image":"","background-repeat":"repeat","background-position":"center center","background-size":"auto","background-attachment":"scroll","background-type":"","background-media":"","overlay-type":"","overlay-color":"","overlay-opacity":"","overlay-gradient":""},"mobile":{"background-color":"var(--ast-global-color-5)","background-image":"","background-repeat":"repeat","background-position":"center center","background-size":"auto","background-attachment":"scroll","background-type":"","background-media":"","overlay-type":"","overlay-color":"","overlay-opacity":"","overlay-gradient":""}},"footnotes":""},"categories":[21],"tags":[27,30],"post_folder":[],"coauthors":[48],"class_list":["post-240","post","type-post","status-publish","format-standard","has-post-thumbnail","hentry","category-artikkelit","tag-kaupanala","tag-tyovaate"],"acf":[],"yoast_head":"<!-- This site is optimized with the Yoast SEO plugin v27.2 - https:\/\/yoast.com\/product\/yoast-seo-wordpress\/ -->\n<title>S-ryhm\u00e4l\u00e4iset suunnittelivat itse uudet ty\u00f6vaatteensa: \u201dN\u00e4m\u00e4 ovat nyt t\u00e4ydelliset meille!\u201d - Lindstr\u00f6m Suomi<\/title>\n<meta name=\"description\" content=\"T\u00e4m\u00e4n ja ensi vuoden aikana noin 20 000 s-ryhm\u00e4l\u00e4ist\u00e4 tulee saamaan uudet ty\u00f6asut. Ty\u00f6vaatteet on suunniteltu yhdess\u00e4 S-ryhm\u00e4n ty\u00f6ntekij\u00f6iden kanssa.\" \/>\n<meta name=\"robots\" content=\"index, follow, max-snippet:-1, max-image-preview:large, max-video-preview:-1\" \/>\n<meta property=\"og:locale\" content=\"fi_FI\" \/>\n<meta property=\"og:type\" content=\"article\" \/>\n<meta property=\"og:title\" content=\"S-ryhm\u00e4l\u00e4iset suunnittelivat itse uudet ty\u00f6vaatteensa: \u201dN\u00e4m\u00e4 ovat nyt t\u00e4ydelliset meille!\u201d - Lindstr\u00f6m Suomi\" \/>\n<meta property=\"og:description\" content=\"T\u00e4m\u00e4n ja ensi vuoden aikana noin 20 000 s-ryhm\u00e4l\u00e4ist\u00e4 tulee saamaan uudet ty\u00f6asut. Ty\u00f6vaatteet on suunniteltu yhdess\u00e4 S-ryhm\u00e4n ty\u00f6ntekij\u00f6iden kanssa.\" \/>\n<meta property=\"og:url\" content=\"https:\/\/lindstromgroup.com\/fi\/artikkelit\/s-ryhmalaiset-suunnittelivat-itse-uudet-tyovaatteensa-nama-ovat-nyt-taydelliset-meille\/\" \/>\n<meta property=\"og:site_name\" content=\"Lindstr\u00f6m Suomi\" \/>\n<meta property=\"article:publisher\" content=\"https:\/\/www.facebook.com\/lindstromsuomi\" \/>\n<meta property=\"article:published_time\" content=\"2022-05-19T09:18:00+00:00\" \/>\n<meta property=\"article:modified_time\" content=\"2025-01-02T13:31:29+00:00\" \/>\n<meta property=\"og:image\" content=\"https:\/\/lindstrom-sites.s3.eu-north-1.amazonaws.com\/wp-content\/uploads\/sites\/8\/2024\/01\/refe-s-ryhma-myyjat-3554-WWS-Facebook-shared-link-1200x630-1.jpg\" \/>\n\t<meta property=\"og:image:width\" content=\"1200\" \/>\n\t<meta property=\"og:image:height\" content=\"630\" \/>\n\t<meta property=\"og:image:type\" content=\"image\/jpeg\" \/>\n<meta name=\"author\" content=\"Lindstr\u00f6m\" \/>\n<meta name=\"twitter:card\" content=\"summary_large_image\" \/>\n<meta name=\"twitter:label1\" content=\"Kirjoittanut\" \/>\n\t<meta name=\"twitter:data1\" content=\"Nea Myllynen\" \/>\n\t<meta name=\"twitter:label2\" content=\"Arvioitu lukuaika\" \/>\n\t<meta name=\"twitter:data2\" content=\"9 minuuttia\" \/>\n\t<meta name=\"twitter:label3\" content=\"Written by\" \/>\n\t<meta name=\"twitter:data3\" content=\"Lindstr\u00f6m\" \/>\n<script type=\"application\/ld+json\" class=\"yoast-schema-graph\">{\"@context\":\"https:\/\/schema.org\",\"@graph\":[{\"@type\":\"Article\",\"@id\":\"https:\/\/lindstromgroup.com\/fi\/artikkelit\/s-ryhmalaiset-suunnittelivat-itse-uudet-tyovaatteensa-nama-ovat-nyt-taydelliset-meille\/#article\",\"isPartOf\":{\"@id\":\"https:\/\/lindstromgroup.com\/fi\/artikkelit\/s-ryhmalaiset-suunnittelivat-itse-uudet-tyovaatteensa-nama-ovat-nyt-taydelliset-meille\/\"},\"author\":{\"name\":\"Nea Myllynen\",\"@id\":\"https:\/\/lindstromgroup.com\/fi\/#\/schema\/person\/89e6d35d52e407a3682ebd7654b883a0\"},\"headline\":\"S-ryhm\u00e4l\u00e4iset suunnittelivat itse uudet ty\u00f6vaatteensa: \u201dN\u00e4m\u00e4 ovat nyt t\u00e4ydelliset meille!\u201d\",\"datePublished\":\"2022-05-19T09:18:00+00:00\",\"dateModified\":\"2025-01-02T13:31:29+00:00\",\"mainEntityOfPage\":{\"@id\":\"https:\/\/lindstromgroup.com\/fi\/artikkelit\/s-ryhmalaiset-suunnittelivat-itse-uudet-tyovaatteensa-nama-ovat-nyt-taydelliset-meille\/\"},\"wordCount\":1389,\"publisher\":{\"@id\":\"https:\/\/lindstromgroup.com\/fi\/#organization\"},\"image\":{\"@id\":\"https:\/\/lindstromgroup.com\/fi\/artikkelit\/s-ryhmalaiset-suunnittelivat-itse-uudet-tyovaatteensa-nama-ovat-nyt-taydelliset-meille\/#primaryimage\"},\"thumbnailUrl\":\"https:\/\/d2ris6qfzcz0wn.cloudfront.net\/wp-content\/uploads\/sites\/8\/2024\/01\/refe-s-ryhma-myyjat-3554-WWS-Lindstrom-hero-post-narrow-1600x600-1.jpg\",\"keywords\":[\"#kaupanala\",\"#ty\u00f6vaate\"],\"articleSection\":[\"Artikkelit\"],\"inLanguage\":\"fi\"},{\"@type\":\"WebPage\",\"@id\":\"https:\/\/lindstromgroup.com\/fi\/artikkelit\/s-ryhmalaiset-suunnittelivat-itse-uudet-tyovaatteensa-nama-ovat-nyt-taydelliset-meille\/\",\"url\":\"https:\/\/lindstromgroup.com\/fi\/artikkelit\/s-ryhmalaiset-suunnittelivat-itse-uudet-tyovaatteensa-nama-ovat-nyt-taydelliset-meille\/\",\"name\":\"S-ryhm\u00e4l\u00e4iset suunnittelivat itse uudet ty\u00f6vaatteensa: \u201dN\u00e4m\u00e4 ovat nyt t\u00e4ydelliset meille!\u201d - Lindstr\u00f6m Suomi\",\"isPartOf\":{\"@id\":\"https:\/\/lindstromgroup.com\/fi\/#website\"},\"primaryImageOfPage\":{\"@id\":\"https:\/\/lindstromgroup.com\/fi\/artikkelit\/s-ryhmalaiset-suunnittelivat-itse-uudet-tyovaatteensa-nama-ovat-nyt-taydelliset-meille\/#primaryimage\"},\"image\":{\"@id\":\"https:\/\/lindstromgroup.com\/fi\/artikkelit\/s-ryhmalaiset-suunnittelivat-itse-uudet-tyovaatteensa-nama-ovat-nyt-taydelliset-meille\/#primaryimage\"},\"thumbnailUrl\":\"https:\/\/d2ris6qfzcz0wn.cloudfront.net\/wp-content\/uploads\/sites\/8\/2024\/01\/refe-s-ryhma-myyjat-3554-WWS-Lindstrom-hero-post-narrow-1600x600-1.jpg\",\"datePublished\":\"2022-05-19T09:18:00+00:00\",\"dateModified\":\"2025-01-02T13:31:29+00:00\",\"description\":\"T\u00e4m\u00e4n ja ensi vuoden aikana noin 20 000 s-ryhm\u00e4l\u00e4ist\u00e4 tulee saamaan uudet ty\u00f6asut. Ty\u00f6vaatteet on suunniteltu yhdess\u00e4 S-ryhm\u00e4n ty\u00f6ntekij\u00f6iden kanssa.\",\"breadcrumb\":{\"@id\":\"https:\/\/lindstromgroup.com\/fi\/artikkelit\/s-ryhmalaiset-suunnittelivat-itse-uudet-tyovaatteensa-nama-ovat-nyt-taydelliset-meille\/#breadcrumb\"},\"inLanguage\":\"fi\",\"potentialAction\":[{\"@type\":\"ReadAction\",\"target\":[\"https:\/\/lindstromgroup.com\/fi\/artikkelit\/s-ryhmalaiset-suunnittelivat-itse-uudet-tyovaatteensa-nama-ovat-nyt-taydelliset-meille\/\"]}]},{\"@type\":\"ImageObject\",\"inLanguage\":\"fi\",\"@id\":\"https:\/\/lindstromgroup.com\/fi\/artikkelit\/s-ryhmalaiset-suunnittelivat-itse-uudet-tyovaatteensa-nama-ovat-nyt-taydelliset-meille\/#primaryimage\",\"url\":\"https:\/\/d2ris6qfzcz0wn.cloudfront.net\/wp-content\/uploads\/sites\/8\/2024\/01\/refe-s-ryhma-myyjat-3554-WWS-Lindstrom-hero-post-narrow-1600x600-1.jpg\",\"contentUrl\":\"https:\/\/d2ris6qfzcz0wn.cloudfront.net\/wp-content\/uploads\/sites\/8\/2024\/01\/refe-s-ryhma-myyjat-3554-WWS-Lindstrom-hero-post-narrow-1600x600-1.jpg\",\"width\":1600,\"height\":600},{\"@type\":\"BreadcrumbList\",\"@id\":\"https:\/\/lindstromgroup.com\/fi\/artikkelit\/s-ryhmalaiset-suunnittelivat-itse-uudet-tyovaatteensa-nama-ovat-nyt-taydelliset-meille\/#breadcrumb\",\"itemListElement\":[{\"@type\":\"ListItem\",\"position\":1,\"name\":\"Kotisivu\",\"item\":\"https:\/\/lindstromgroup.com\/fi\/\"},{\"@type\":\"ListItem\",\"position\":2,\"name\":\"Artikkelit\",\"item\":\"https:\/\/lindstromgroup.com\/fi\/category\/artikkelit\/\"},{\"@type\":\"ListItem\",\"position\":3,\"name\":\"S-ryhm\u00e4l\u00e4iset suunnittelivat itse uudet ty\u00f6vaatteensa: \u201dN\u00e4m\u00e4 ovat nyt t\u00e4ydelliset meille!\u201d\"}]},{\"@type\":\"WebSite\",\"@id\":\"https:\/\/lindstromgroup.com\/fi\/#website\",\"url\":\"https:\/\/lindstromgroup.com\/fi\/\",\"name\":\"Lindstr\u00f6m Suomi\",\"description\":\"\",\"publisher\":{\"@id\":\"https:\/\/lindstromgroup.com\/fi\/#organization\"},\"potentialAction\":[{\"@type\":\"SearchAction\",\"target\":{\"@type\":\"EntryPoint\",\"urlTemplate\":\"https:\/\/lindstromgroup.com\/fi\/?s={search_term_string}\"},\"query-input\":{\"@type\":\"PropertyValueSpecification\",\"valueRequired\":true,\"valueName\":\"search_term_string\"}}],\"inLanguage\":\"fi\"},{\"@type\":\"Organization\",\"@id\":\"https:\/\/lindstromgroup.com\/fi\/#organization\",\"name\":\"Lindstr\u00f6m Suomi\",\"url\":\"https:\/\/lindstromgroup.com\/fi\/\",\"logo\":{\"@type\":\"ImageObject\",\"inLanguage\":\"fi\",\"@id\":\"https:\/\/lindstromgroup.com\/fi\/#\/schema\/logo\/image\/\",\"url\":\"https:\/\/d2ris6qfzcz0wn.cloudfront.net\/wp-content\/uploads\/sites\/8\/2023\/10\/Logo512.png\",\"contentUrl\":\"https:\/\/d2ris6qfzcz0wn.cloudfront.net\/wp-content\/uploads\/sites\/8\/2023\/10\/Logo512.png\",\"width\":512,\"height\":109,\"caption\":\"Lindstr\u00f6m Suomi\"},\"image\":{\"@id\":\"https:\/\/lindstromgroup.com\/fi\/#\/schema\/logo\/image\/\"},\"sameAs\":[\"https:\/\/www.facebook.com\/lindstromsuomi\"]},{\"@type\":\"Person\",\"@id\":\"https:\/\/lindstromgroup.com\/fi\/#\/schema\/person\/89e6d35d52e407a3682ebd7654b883a0\",\"name\":\"Nea Myllynen\",\"image\":{\"@type\":\"ImageObject\",\"inLanguage\":\"fi\",\"@id\":\"https:\/\/secure.gravatar.com\/avatar\/fdd66b6e16c1786da70d40b93b164fe9f887d23cd88422f65e4362e26d851407?s=96&d=mm&r=gb303791763ae5c1b114fc4662526fa7e\",\"url\":\"https:\/\/secure.gravatar.com\/avatar\/fdd66b6e16c1786da70d40b93b164fe9f887d23cd88422f65e4362e26d851407?s=96&d=mm&r=g\",\"contentUrl\":\"https:\/\/secure.gravatar.com\/avatar\/fdd66b6e16c1786da70d40b93b164fe9f887d23cd88422f65e4362e26d851407?s=96&d=mm&r=g\",\"caption\":\"Nea Myllynen\"},\"url\":\"https:\/\/lindstromgroup.com\/fi\/author\/neamyllynen\/\"}]}<\/script>\n<!-- \/ Yoast SEO plugin. -->","yoast_head_json":{"title":"S-ryhm\u00e4l\u00e4iset suunnittelivat itse uudet ty\u00f6vaatteensa: \u201dN\u00e4m\u00e4 ovat nyt t\u00e4ydelliset meille!\u201d - Lindstr\u00f6m Suomi","description":"T\u00e4m\u00e4n ja ensi vuoden aikana noin 20 000 s-ryhm\u00e4l\u00e4ist\u00e4 tulee saamaan uudet ty\u00f6asut. Ty\u00f6vaatteet on suunniteltu yhdess\u00e4 S-ryhm\u00e4n ty\u00f6ntekij\u00f6iden kanssa.","robots":{"index":"index","follow":"follow","max-snippet":"max-snippet:-1","max-image-preview":"max-image-preview:large","max-video-preview":"max-video-preview:-1"},"og_locale":"fi_FI","og_type":"article","og_title":"S-ryhm\u00e4l\u00e4iset suunnittelivat itse uudet ty\u00f6vaatteensa: \u201dN\u00e4m\u00e4 ovat nyt t\u00e4ydelliset meille!\u201d - Lindstr\u00f6m Suomi","og_description":"T\u00e4m\u00e4n ja ensi vuoden aikana noin 20 000 s-ryhm\u00e4l\u00e4ist\u00e4 tulee saamaan uudet ty\u00f6asut. Ty\u00f6vaatteet on suunniteltu yhdess\u00e4 S-ryhm\u00e4n ty\u00f6ntekij\u00f6iden kanssa.","og_url":"https:\/\/lindstromgroup.com\/fi\/artikkelit\/s-ryhmalaiset-suunnittelivat-itse-uudet-tyovaatteensa-nama-ovat-nyt-taydelliset-meille\/","og_site_name":"Lindstr\u00f6m Suomi","article_publisher":"https:\/\/www.facebook.com\/lindstromsuomi","article_published_time":"2022-05-19T09:18:00+00:00","article_modified_time":"2025-01-02T13:31:29+00:00","og_image":[{"width":1200,"height":630,"url":"https:\/\/lindstrom-sites.s3.eu-north-1.amazonaws.com\/wp-content\/uploads\/sites\/8\/2024\/01\/refe-s-ryhma-myyjat-3554-WWS-Facebook-shared-link-1200x630-1.jpg","type":"image\/jpeg"}],"author":"Lindstr\u00f6m","twitter_card":"summary_large_image","twitter_misc":{"Kirjoittanut":"Nea Myllynen","Arvioitu lukuaika":"9 minuuttia","Written by":"Lindstr\u00f6m"},"schema":{"@context":"https:\/\/schema.org","@graph":[{"@type":"Article","@id":"https:\/\/lindstromgroup.com\/fi\/artikkelit\/s-ryhmalaiset-suunnittelivat-itse-uudet-tyovaatteensa-nama-ovat-nyt-taydelliset-meille\/#article","isPartOf":{"@id":"https:\/\/lindstromgroup.com\/fi\/artikkelit\/s-ryhmalaiset-suunnittelivat-itse-uudet-tyovaatteensa-nama-ovat-nyt-taydelliset-meille\/"},"author":{"name":"Nea Myllynen","@id":"https:\/\/lindstromgroup.com\/fi\/#\/schema\/person\/89e6d35d52e407a3682ebd7654b883a0"},"headline":"S-ryhm\u00e4l\u00e4iset suunnittelivat itse uudet ty\u00f6vaatteensa: \u201dN\u00e4m\u00e4 ovat nyt t\u00e4ydelliset meille!\u201d","datePublished":"2022-05-19T09:18:00+00:00","dateModified":"2025-01-02T13:31:29+00:00","mainEntityOfPage":{"@id":"https:\/\/lindstromgroup.com\/fi\/artikkelit\/s-ryhmalaiset-suunnittelivat-itse-uudet-tyovaatteensa-nama-ovat-nyt-taydelliset-meille\/"},"wordCount":1389,"publisher":{"@id":"https:\/\/lindstromgroup.com\/fi\/#organization"},"image":{"@id":"https:\/\/lindstromgroup.com\/fi\/artikkelit\/s-ryhmalaiset-suunnittelivat-itse-uudet-tyovaatteensa-nama-ovat-nyt-taydelliset-meille\/#primaryimage"},"thumbnailUrl":"https:\/\/d2ris6qfzcz0wn.cloudfront.net\/wp-content\/uploads\/sites\/8\/2024\/01\/refe-s-ryhma-myyjat-3554-WWS-Lindstrom-hero-post-narrow-1600x600-1.jpg","keywords":["#kaupanala","#ty\u00f6vaate"],"articleSection":["Artikkelit"],"inLanguage":"fi"},{"@type":"WebPage","@id":"https:\/\/lindstromgroup.com\/fi\/artikkelit\/s-ryhmalaiset-suunnittelivat-itse-uudet-tyovaatteensa-nama-ovat-nyt-taydelliset-meille\/","url":"https:\/\/lindstromgroup.com\/fi\/artikkelit\/s-ryhmalaiset-suunnittelivat-itse-uudet-tyovaatteensa-nama-ovat-nyt-taydelliset-meille\/","name":"S-ryhm\u00e4l\u00e4iset suunnittelivat itse uudet ty\u00f6vaatteensa: \u201dN\u00e4m\u00e4 ovat nyt t\u00e4ydelliset meille!\u201d - Lindstr\u00f6m Suomi","isPartOf":{"@id":"https:\/\/lindstromgroup.com\/fi\/#website"},"primaryImageOfPage":{"@id":"https:\/\/lindstromgroup.com\/fi\/artikkelit\/s-ryhmalaiset-suunnittelivat-itse-uudet-tyovaatteensa-nama-ovat-nyt-taydelliset-meille\/#primaryimage"},"image":{"@id":"https:\/\/lindstromgroup.com\/fi\/artikkelit\/s-ryhmalaiset-suunnittelivat-itse-uudet-tyovaatteensa-nama-ovat-nyt-taydelliset-meille\/#primaryimage"},"thumbnailUrl":"https:\/\/d2ris6qfzcz0wn.cloudfront.net\/wp-content\/uploads\/sites\/8\/2024\/01\/refe-s-ryhma-myyjat-3554-WWS-Lindstrom-hero-post-narrow-1600x600-1.jpg","datePublished":"2022-05-19T09:18:00+00:00","dateModified":"2025-01-02T13:31:29+00:00","description":"T\u00e4m\u00e4n ja ensi vuoden aikana noin 20 000 s-ryhm\u00e4l\u00e4ist\u00e4 tulee saamaan uudet ty\u00f6asut. Ty\u00f6vaatteet on suunniteltu yhdess\u00e4 S-ryhm\u00e4n ty\u00f6ntekij\u00f6iden kanssa.","breadcrumb":{"@id":"https:\/\/lindstromgroup.com\/fi\/artikkelit\/s-ryhmalaiset-suunnittelivat-itse-uudet-tyovaatteensa-nama-ovat-nyt-taydelliset-meille\/#breadcrumb"},"inLanguage":"fi","potentialAction":[{"@type":"ReadAction","target":["https:\/\/lindstromgroup.com\/fi\/artikkelit\/s-ryhmalaiset-suunnittelivat-itse-uudet-tyovaatteensa-nama-ovat-nyt-taydelliset-meille\/"]}]},{"@type":"ImageObject","inLanguage":"fi","@id":"https:\/\/lindstromgroup.com\/fi\/artikkelit\/s-ryhmalaiset-suunnittelivat-itse-uudet-tyovaatteensa-nama-ovat-nyt-taydelliset-meille\/#primaryimage","url":"https:\/\/d2ris6qfzcz0wn.cloudfront.net\/wp-content\/uploads\/sites\/8\/2024\/01\/refe-s-ryhma-myyjat-3554-WWS-Lindstrom-hero-post-narrow-1600x600-1.jpg","contentUrl":"https:\/\/d2ris6qfzcz0wn.cloudfront.net\/wp-content\/uploads\/sites\/8\/2024\/01\/refe-s-ryhma-myyjat-3554-WWS-Lindstrom-hero-post-narrow-1600x600-1.jpg","width":1600,"height":600},{"@type":"BreadcrumbList","@id":"https:\/\/lindstromgroup.com\/fi\/artikkelit\/s-ryhmalaiset-suunnittelivat-itse-uudet-tyovaatteensa-nama-ovat-nyt-taydelliset-meille\/#breadcrumb","itemListElement":[{"@type":"ListItem","position":1,"name":"Kotisivu","item":"https:\/\/lindstromgroup.com\/fi\/"},{"@type":"ListItem","position":2,"name":"Artikkelit","item":"https:\/\/lindstromgroup.com\/fi\/category\/artikkelit\/"},{"@type":"ListItem","position":3,"name":"S-ryhm\u00e4l\u00e4iset suunnittelivat itse uudet ty\u00f6vaatteensa: \u201dN\u00e4m\u00e4 ovat nyt t\u00e4ydelliset meille!\u201d"}]},{"@type":"WebSite","@id":"https:\/\/lindstromgroup.com\/fi\/#website","url":"https:\/\/lindstromgroup.com\/fi\/","name":"Lindstr\u00f6m Suomi","description":"","publisher":{"@id":"https:\/\/lindstromgroup.com\/fi\/#organization"},"potentialAction":[{"@type":"SearchAction","target":{"@type":"EntryPoint","urlTemplate":"https:\/\/lindstromgroup.com\/fi\/?s={search_term_string}"},"query-input":{"@type":"PropertyValueSpecification","valueRequired":true,"valueName":"search_term_string"}}],"inLanguage":"fi"},{"@type":"Organization","@id":"https:\/\/lindstromgroup.com\/fi\/#organization","name":"Lindstr\u00f6m Suomi","url":"https:\/\/lindstromgroup.com\/fi\/","logo":{"@type":"ImageObject","inLanguage":"fi","@id":"https:\/\/lindstromgroup.com\/fi\/#\/schema\/logo\/image\/","url":"https:\/\/d2ris6qfzcz0wn.cloudfront.net\/wp-content\/uploads\/sites\/8\/2023\/10\/Logo512.png","contentUrl":"https:\/\/d2ris6qfzcz0wn.cloudfront.net\/wp-content\/uploads\/sites\/8\/2023\/10\/Logo512.png","width":512,"height":109,"caption":"Lindstr\u00f6m Suomi"},"image":{"@id":"https:\/\/lindstromgroup.com\/fi\/#\/schema\/logo\/image\/"},"sameAs":["https:\/\/www.facebook.com\/lindstromsuomi"]},{"@type":"Person","@id":"https:\/\/lindstromgroup.com\/fi\/#\/schema\/person\/89e6d35d52e407a3682ebd7654b883a0","name":"Nea Myllynen","image":{"@type":"ImageObject","inLanguage":"fi","@id":"https:\/\/secure.gravatar.com\/avatar\/fdd66b6e16c1786da70d40b93b164fe9f887d23cd88422f65e4362e26d851407?s=96&d=mm&r=gb303791763ae5c1b114fc4662526fa7e","url":"https:\/\/secure.gravatar.com\/avatar\/fdd66b6e16c1786da70d40b93b164fe9f887d23cd88422f65e4362e26d851407?s=96&d=mm&r=g","contentUrl":"https:\/\/secure.gravatar.com\/avatar\/fdd66b6e16c1786da70d40b93b164fe9f887d23cd88422f65e4362e26d851407?s=96&d=mm&r=g","caption":"Nea Myllynen"},"url":"https:\/\/lindstromgroup.com\/fi\/author\/neamyllynen\/"}]}},"publishpress_future_workflow_manual_trigger":{"enabledWorkflows":[]},"distributor_meta":false,"distributor_terms":false,"distributor_media":false,"distributor_original_site_name":"Lindstr\u00f6m Suomi","distributor_original_site_url":"https:\/\/lindstromgroup.com\/fi","push-errors":false,"_links":{"self":[{"href":"https:\/\/lindstromgroup.com\/fi\/wp-json\/wp\/v2\/posts\/240","targetHints":{"allow":["GET"]}}],"collection":[{"href":"https:\/\/lindstromgroup.com\/fi\/wp-json\/wp\/v2\/posts"}],"about":[{"href":"https:\/\/lindstromgroup.com\/fi\/wp-json\/wp\/v2\/types\/post"}],"author":[{"embeddable":true,"href":"https:\/\/lindstromgroup.com\/fi\/wp-json\/wp\/v2\/users\/34"}],"replies":[{"embeddable":true,"href":"https:\/\/lindstromgroup.com\/fi\/wp-json\/wp\/v2\/comments?post=240"}],"version-history":[{"count":0,"href":"https:\/\/lindstromgroup.com\/fi\/wp-json\/wp\/v2\/posts\/240\/revisions"}],"wp:featuredmedia":[{"embeddable":true,"href":"https:\/\/lindstromgroup.com\/fi\/wp-json\/wp\/v2\/media\/2624"}],"wp:attachment":[{"href":"https:\/\/lindstromgroup.com\/fi\/wp-json\/wp\/v2\/media?parent=240"}],"wp:term":[{"taxonomy":"category","embeddable":true,"href":"https:\/\/lindstromgroup.com\/fi\/wp-json\/wp\/v2\/categories?post=240"},{"taxonomy":"post_tag","embeddable":true,"href":"https:\/\/lindstromgroup.com\/fi\/wp-json\/wp\/v2\/tags?post=240"},{"taxonomy":"post_folder","embeddable":true,"href":"https:\/\/lindstromgroup.com\/fi\/wp-json\/wp\/v2\/post_folder?post=240"},{"taxonomy":"author","embeddable":true,"href":"https:\/\/lindstromgroup.com\/fi\/wp-json\/wp\/v2\/coauthors?post=240"}],"curies":[{"name":"wp","href":"https:\/\/api.w.org\/{rel}","templated":true}]}}