
    {"id":17862,"date":"2024-04-10T08:31:17","date_gmt":"2024-04-10T06:31:17","guid":{"rendered":"https:\/\/lindstromgroup.com\/ee\/?p=17862"},"modified":"2024-04-10T08:31:18","modified_gmt":"2024-04-10T06:31:18","slug":"kas-nailonist-ja-kummist-porivaip-saab-olla-keskkonnasobralik","status":"publish","type":"post","link":"https:\/\/lindstromgroup.com\/ee\/artikkel\/kas-nailonist-ja-kummist-porivaip-saab-olla-keskkonnasobralik\/","title":{"rendered":"Kas nailonist ja kummist porivaip saab olla keskkonnas\u00f5bralik?"},"content":{"rendered":"\n<p>Rendivaiba teenuse osutaja Lindstr\u00f6m teatas \u00e4sja, et k\u00f5iki <a href=\"https:\/\/lindstromgroup.com\/ee\/teenused\/vahetusvaibad\/\">vahetusvaipade <\/a>kliente ootab ees muutus, mis on \u00fchteaegu v\u00e4ga suur ja t\u00e4iesti m\u00e4rkamatu. Nimelt vahetab ettev\u00f5te j\u00e4rk-j\u00e4rgult nii Eestis kui ka mujal maailmas v\u00e4lja kogu oma porivaipade kollektsiooni. N\u00fc\u00fcdsest valmistatakse k\u00f5ik Lindstr\u00f6mi standardkollektsiooni vaibad 75% ulatuses \u00fcmbert\u00f6\u00f6deldud nailonkiududest.<\/p>\n\n\n\n<p>Tegemist on \u00fchega paljudest sammudest, mis aitab Lindstr\u00f6mil saavutada eesm\u00e4rki v\u00e4hendada 2030. aastaks kasvuhoonegaaside emissioone kogu tarneahelas poole v\u00f5rra ning j\u00f5uda neto-null tasemele 2050. aastaks.<\/p>\n\n\n\n<p>Lindstr\u00f6mi juhi s\u00f5nul j\u00e4\u00e4b aga muutus klientidele paljuski n\u00e4htamatuks \u2013 vaipade v\u00e4ljan\u00e4gemine, kvaliteet, nende hooldus ja renditeenuse toimimine on selline nagu alati. \u201eAinus meie klientide jaoks n\u00e4htav muutus on see, et vaipade servale tekib meie logo k\u00f5rvale v\u00e4ike ringlusse v\u00f5etud materjali s\u00fcmbol. Lisaks r\u00f5\u00f5mustab meie kliente teadmine, et nende keskkonnajalaj\u00e4lg on n\u00fc\u00fcdsest veelgi v\u00e4iksem,\u201c kinnitas ta.<\/p>\n\n\n\n<h2 class=\"wp-block-heading\"><strong>Kunstkiu kahjud ja kasud<\/strong><\/h2>\n\n\n\n<p>Samas t\u00f5des Lindstr\u00f6mi juht, et paljudel klientidel on tekkinud k\u00fcsimus, et kas porivaip, mille peamine koostisosa on rohelise planeedi \u00fcheks suurimaks vaenlaseks tituleeritud nailon, on \u00fcldse v\u00f5imalik r\u00e4\u00e4kida keskkonnas\u00f5bralikkusest.<\/p>\n\n\n\n<p>\u201eKuna nailonit valmistatakse naftast ja p\u00f5levkivist, hoogustab selle tootmine kasvuhoonegaaside teket. Ka merebioloogid peavad nailonit keskkonnaprobleemide allikaks \u2013 nimelt moodustavad nailonist kalav\u00f5rgud hinnanguliselt 46% ookeanides leiduvast plastikust. Seega k\u00fcsimus vaiba keskkonnam\u00f5ju osas on igati \u00f5igustatud,\u201c tunnistas Lindstr\u00f6mi juht probleemi.<\/p>\n\n\n\n<p>Nailon n\u00e4gi ilmavalgust 1938. aastal kui maailma esimene t\u00e4ielikult s\u00fcnteetiline pol\u00fcmeerkiud. Selle eeliseks oli tugevus ja venivus, mist\u00f5ttu hakati seda kohe kasutama hambaharja harjaste ja naiste sukkade valmistamiseks. S\u00f5ja-aastatel hakati nailonist tootma langevarje, k\u00f6isi, telke ja muid vastupidavaid tekstiiltooteid, p\u00e4rast mida sai alguse ka selle materjali v\u00f5iduk\u00e4ik r\u00f5ivat\u00f6\u00f6stuses. Kuna nailonj\u00e4\u00e4tmed ei ole biolagunevad, on selle j\u00e4\u00e4tmete hulk muutunud t\u00e4na teravaks keskkonnaprobleemiks.<\/p>\n\n\n\n<p>\u201eMeie oleme oma vaibatootmises \u00fcle l\u00e4inud nii-\u00f6elda\u00a0<em>renycling<\/em>\u00a0ehk nailoni \u00fcmbert\u00f6\u00f6tlemise tehnoloogiale, mis toodab \u00e4ravisatud vanast nailonist k\u00f5rgekvaliteedilist kangakiudu. \u00dchelt poolt panustame me nii nailonj\u00e4\u00e4tmete hulga ja uue nailoni tootmishulkade v\u00e4hendamisse. Teisalt aga on vanast nailonist kanga tootmine hulga keskkonnas\u00e4\u00e4stlikum kui uue nailoni tootmisprotsess. Selleks kulub uue nailoni valmistamisest 84% v\u00e4hem energiat, 54% v\u00e4hem vett ning tootmise k\u00e4igus atmosf\u00e4\u00e4ri paiskuvate kasvuhoonegaaside maht on tervelt 55% v\u00e4iksem,\u201c selgitas Lindstr\u00f6mi juht.<\/p>\n\n\n\n<h2 class=\"wp-block-heading\"><strong>V\u00e4hem keemilist t\u00f6\u00f6tlust<\/strong><\/h2>\n\n\n\n<p>Lindstr\u00f6mi vaipades kasutatav \u00fcmbert\u00f6\u00f6deldud nailon on keskkonnas\u00f5bralikum ka selle poolest, et \u00fcmbert\u00f6\u00f6tlemisprotsess on mehaaniline, mitte keemiline.<\/p>\n\n\n\n<p>\u201eJ\u00e4\u00e4tmed sulatatakse ning sellest massist vormitakse mehaanilisel teel taaskasutatavaid pelleteid ja kiude. Eriti t\u00f5hus on \u00fcmbert\u00f6\u00f6tlemisprotsess siis, kui toormaterjali moodustavad just nailontekstiili j\u00e4\u00e4tmed. Mehaaniline protsess kulutab v\u00e4hem energiat kui erinevate keemiliste reaktsioonide esilekutsumine ning erinevalt keemilisest t\u00f6\u00f6tlusest ei teki selle k\u00e4igus kahjulikke heitaineid ega k\u00f5rvalprodukte. T\u00e4nu sellele ei ole vaja tegeleda ka keerulise ja kuluka ohtlike j\u00e4\u00e4tmete k\u00e4itlemisega,\u201c loetles Lindstr\u00f6mi juht mehaanilise \u00fcmbert\u00f6\u00f6tlemise h\u00fcvesid.<\/p>\n\n\n\n<p>Kuigi katsetused on n\u00e4idanud, et m\u00f5ningatel juhtudel on mehaaniliselt \u00fcmbert\u00f6\u00f6deldud nailon oma toormaterjalist isegi paremate tugevusn\u00e4itajatega, siis esialgu on Lindstr\u00f6mi standardvaipade koostises siiski ka 25% uut nailonit.<\/p>\n\n\n\n<p>\u201eMe kasutasime, pesime ja kuivatasime oma katsetuste k\u00e4igus erineva koostisega vaipu sadu kordi. Nii j\u00f5udsime t\u00e4nase \u201eretseptini\u201c, mis tagab parima tugevuse ja eluts\u00fckli pikkuse ning mis avardab ka vaipade endi \u00fcmbert\u00f6\u00f6tlemise v\u00f5imalusi. 100% \u00fcmbert\u00f6\u00f6deldud nailonist vaipade efekt j\u00e4\u00e4ks tagasihoidlikuks, kui peaksime neid maha kandma sagedamini v\u00f5i kui need j\u00f5uaksid oma eluea l\u00f5pus ikka p\u00f5letusahju. K\u00f5ige keskkonnas\u00f5bralikuma lahenduse otsingud j\u00e4tkuvad kindlasti ka tulevikus,\u201c kinnitas Lindstr\u00f6mi juht.<\/p>\n\n\n\n<h2 class=\"wp-block-heading\"><strong>Vaiba t\u00f6\u00f6v\u00f5ime peab s\u00e4ilima<\/strong><\/h2>\n\n\n\n<p>Sobiva nailonkiu otsingute k\u00e4igus oli v\u00e4ga oluline ka see, et \u00fcmbert\u00f6\u00f6deldud materjali kasutamine ei m\u00f5jutaks vaipade v\u00f5imet koguda mustust ja vett. Lindstr\u00f6mi juhi s\u00f5nul on <a href=\"https:\/\/lindstromgroup.com\/ee\/teenused\/vahetusvaibad\/standardvaibad\/\">porivaibaks <\/a>sobilik nailonkiud koostatud selliselt, et see kinnituks tugevasti vaiba p\u00f5hjaks oleva kummi k\u00fclge. 8-12 millimeetri k\u00f5rgused nailonist harjased kannavad hoolt selle eest, et \u00fche ruutmeetri suurune Lindstr\u00f6mi porivaip suudaks koguda endale kuni 2,3 liitrit vedelikku ning 2 kilogrammi mustust.<\/p>\n\n\n\n<p>\u201eSee t\u00e4hendab, et nailonkiud peavad olema paigaldatud t\u00e4pselt \u00f5ige tihedusega. Nii j\u00e4\u00e4b mustus ja pori kiudude vahele kinni, aga samas on piisavalt \u00f5hku, et niiskus saaks kiirelt aurustuda,\u201c selgitas ta.<\/p>\n\n\n\n<p>2024. aastal k\u00e4ivitab Lindstr\u00f6m ka teise olulise uuenduse \u2013 vaipade valmistamisel hakatakse kasutama 15% ulatuses \u00fcmbert\u00f6\u00f6deldud ftalaadivaba kummi.<\/p>\n\n\n\n<p>\u201eKuigi ftalaate kasutatakse materjalit\u00f6\u00f6stuses laialdaselt juba \u00fcle poole sajandi elastsuse suurendamiseks, on hakatud \u00fcha rohkem teadvustama selle kahjulikku m\u00f5ju tervisele ja keskkonnale. Usun, et varem v\u00f5i hiljem j\u00f5utakse t\u00f5demuseni, et ftalaatide kasutamist tuleb hakata piirama. Me ei j\u00e4\u00e4nud seda hetke ootama, vaid asusime juba ennetavalt otsima v\u00f5imalusi kaitsta oma kliente ja t\u00f6\u00f6tajaid ning toota oma porivaipu ftalaadivabalt, tegemata sealjuures kompromisse vaipade vastupidavuses. Mul on v\u00e4ga hea meel, et liigume \u00fcha j\u00f5udsamalt s\u00e4\u00e4stlikumate lahenduste suunas,\u201c lisas ta.<\/p>\n\n\n\n<h2 class=\"wp-block-heading\"><strong>Kumm j\u00e4tkuvalt kuum teema<\/strong><\/h2>\n\n\n\n<figure class=\"wp-block-image alignleft is-resized\"><img decoding=\"async\" src=\"https:\/\/old.lindstromgroup.com\/wp-content\/uploads\/sites\/24\/2023\/11\/mats_pilt-300x300.jpg\" alt=\"Ringlusse v\u00f5etud materjali s\u00fcmboliga porivaip.\" class=\"wp-image-10121\" style=\"width:325px;height:auto\"\/><figcaption class=\"wp-element-caption\">Ringlusse v\u00f5etud materjali s\u00fcmboliga porivaip.<\/figcaption><\/figure>\n\n\n\n<p>Porivaiba kummist p\u00f5hja keskkonnaj\u00e4lje m\u00f5\u00f5tmisel on taaskord v\u00e4ga oluline n\u00fcanss see, mil moel kumm p\u00e4rast oma eluts\u00fckli l\u00f5ppu uut v\u00e4\u00e4rtust loob. \u201ePeame pidevalt erinevaid lahendusi avastades kaaluma, kas \u00fche v\u00f5i teise \u00fcmbert\u00f6\u00f6tlemisprotsessi ja sellega kaasneva rahvusvahelise logistika korraldamine on keskkonna vaates parem alternatiiv kui vaipade kohalik p\u00f5letamine toasooja saamise eesm\u00e4rgil,\u201c nentis Lindstr\u00f6mi juht.<\/p>\n\n\n\n<p>Tema s\u00f5nul ei ole Lindstr\u00f6m enam v\u00e4ga kaugel eesm\u00e4rgist leida lahendus, mis tagab, et vanast vaibanailonist saab uus nailon ja kasutatud kummist uus kumm.<\/p>\n\n\n\n<p>\u201e2022. aastal suutsime anda uue elu pisut \u00fcle 14% oma vaipadest. N\u00e4iteks lihviti neid graanuliteks, mida saab kasutada golfisimulaatorite ja jalgpalliv\u00e4ljakutse t\u00e4idismaterjalina, aga ka vibratsiooni t\u00f5kestavate mattide ja paneelide valmistamisel. T\u00fckeldatud porivaip on osutunud heaks t\u00e4itematerjaliks ka toodetes, millega tagatakse p\u00f5randate ja seinte heliisolatsioon. Aga unistame sellest, et \u00fchel p\u00e4eval saavutame t\u00e4ieliku ringluse ning saame toota vanadest vaipadest uusi vaipu,\u201c \u00fctles Lindstr\u00f6mi juht.<\/p>\n","protected":false},"excerpt":{"rendered":"<p>Rendivaiba teenuse osutaja Lindstr\u00f6m teatas \u00e4sja, et k\u00f5iki vahetusvaipade kliente ootab ees muutus, mis on \u00fchteaegu v\u00e4ga suur ja t\u00e4iesti m\u00e4rkamatu. Nimelt vahetab ettev\u00f5te j\u00e4rk-j\u00e4rgult&#8230;<\/p>\n","protected":false},"author":14,"featured_media":17865,"comment_status":"closed","ping_status":"open","sticky":false,"template":"","format":"standard","meta":{"_acf_changed":false,"inline_featured_image":false,"_eb_attr":"","site-sidebar-layout":"default","site-content-layout":"","ast-site-content-layout":"default","site-content-style":"default","site-sidebar-style":"default","ast-global-header-display":"","ast-banner-title-visibility":"","ast-main-header-display":"","ast-hfb-above-header-display":"","ast-hfb-below-header-display":"","ast-hfb-mobile-header-display":"","site-post-title":"","ast-breadcrumbs-content":"","ast-featured-img":"","footer-sml-layout":"","ast-disable-related-posts":"","theme-transparent-header-meta":"","adv-header-id-meta":"","stick-header-meta":"","header-above-stick-meta":"","header-main-stick-meta":"","header-below-stick-meta":"","astra-migrate-meta-layouts":"default","ast-page-background-enabled":"default","ast-page-background-meta":{"desktop":{"background-color":"var(--ast-global-color-4)","background-image":"","background-repeat":"repeat","background-position":"center center","background-size":"auto","background-attachment":"scroll","background-type":"","background-media":"","overlay-type":"","overlay-color":"","overlay-opacity":"","overlay-gradient":""},"tablet":{"background-color":"","background-image":"","background-repeat":"repeat","background-position":"center center","background-size":"auto","background-attachment":"scroll","background-type":"","background-media":"","overlay-type":"","overlay-color":"","overlay-opacity":"","overlay-gradient":""},"mobile":{"background-color":"","background-image":"","background-repeat":"repeat","background-position":"center center","background-size":"auto","background-attachment":"scroll","background-type":"","background-media":"","overlay-type":"","overlay-color":"","overlay-opacity":"","overlay-gradient":""}},"ast-content-background-meta":{"desktop":{"background-color":"var(--ast-global-color-5)","background-image":"","background-repeat":"repeat","background-position":"center center","background-size":"auto","background-attachment":"scroll","background-type":"","background-media":"","overlay-type":"","overlay-color":"","overlay-opacity":"","overlay-gradient":""},"tablet":{"background-color":"var(--ast-global-color-5)","background-image":"","background-repeat":"repeat","background-position":"center center","background-size":"auto","background-attachment":"scroll","background-type":"","background-media":"","overlay-type":"","overlay-color":"","overlay-opacity":"","overlay-gradient":""},"mobile":{"background-color":"var(--ast-global-color-5)","background-image":"","background-repeat":"repeat","background-position":"center center","background-size":"auto","background-attachment":"scroll","background-type":"","background-media":"","overlay-type":"","overlay-color":"","overlay-opacity":"","overlay-gradient":""}},"footnotes":""},"categories":[14],"tags":[38,39,49,53,25],"coauthors":[20],"class_list":["post-17862","post","type-post","status-publish","format-standard","has-post-thumbnail","hentry","category-artikkel","tag-jatkusuutlikkus","tag-jaatmekaitlus","tag-taaskasutus","tag-tekstiilijaagid","tag-vahetusvaibateenus"],"acf":[],"yoast_head":"<!-- This site is optimized with the Yoast SEO plugin v27.2 - https:\/\/yoast.com\/product\/yoast-seo-wordpress\/ -->\n<title>Kas nailonist porivaip saab olla keskkonnas\u00f5bralik? - Lindstr\u00f6m<\/title>\n<meta name=\"description\" content=\"Kas nailonist porivaip saab olla keskkonnas\u00f5bralik? Loe lisaks, millised on Lindstr\u00f6mi eesm\u00e4rgid vahetusvaipade tuleviku suunas.\" \/>\n<meta name=\"robots\" content=\"index, follow, max-snippet:-1, max-image-preview:large, max-video-preview:-1\" \/>\n<meta property=\"og:locale\" content=\"et_EE\" \/>\n<meta property=\"og:type\" content=\"article\" \/>\n<meta property=\"og:title\" content=\"Kas nailonist porivaip saab olla keskkonnas\u00f5bralik? - Lindstr\u00f6m\" \/>\n<meta property=\"og:description\" content=\"Kas nailonist porivaip saab olla keskkonnas\u00f5bralik? Loe lisaks, millised on Lindstr\u00f6mi eesm\u00e4rgid vahetusvaipade tuleviku suunas.\" \/>\n<meta property=\"og:url\" content=\"https:\/\/lindstromgroup.com\/ee\/artikkel\/kas-nailonist-ja-kummist-porivaip-saab-olla-keskkonnasobralik\/\" \/>\n<meta property=\"og:site_name\" content=\"Lindstr\u00f6m Eesti\" \/>\n<meta property=\"article:published_time\" content=\"2024-04-10T06:31:17+00:00\" \/>\n<meta property=\"article:modified_time\" content=\"2024-04-10T06:31:18+00:00\" \/>\n<meta property=\"og:image\" content=\"https:\/\/d2ris6qfzcz0wn.cloudfront.net\/wp-content\/uploads\/sites\/13\/2024\/04\/1-1.jpg\" \/>\n\t<meta property=\"og:image:width\" content=\"1500\" \/>\n\t<meta property=\"og:image:height\" content=\"662\" \/>\n\t<meta property=\"og:image:type\" content=\"image\/jpeg\" \/>\n<meta name=\"author\" content=\"Lindstr\u00f6m Group\" \/>\n<meta name=\"twitter:card\" content=\"summary_large_image\" \/>\n<meta name=\"twitter:label1\" content=\"Written by\" \/>\n\t<meta name=\"twitter:data1\" content=\"Lindstr\u00f6m Group\" \/>\n\t<meta name=\"twitter:label2\" content=\"Est. reading time\" \/>\n\t<meta name=\"twitter:data2\" content=\"6 minutit\" \/>\n<script type=\"application\/ld+json\" class=\"yoast-schema-graph\">{\"@context\":\"https:\/\/schema.org\",\"@graph\":[{\"@type\":\"Article\",\"@id\":\"https:\/\/lindstromgroup.com\/ee\/artikkel\/kas-nailonist-ja-kummist-porivaip-saab-olla-keskkonnasobralik\/#article\",\"isPartOf\":{\"@id\":\"https:\/\/lindstromgroup.com\/ee\/artikkel\/kas-nailonist-ja-kummist-porivaip-saab-olla-keskkonnasobralik\/\"},\"author\":{\"name\":\"Lindstr\u00f6m Group\",\"@id\":\"https:\/\/lindstromgroup.com\/ee\/#\/schema\/person\/9111900e3f15be99cf4a104112bf0bc3\"},\"headline\":\"Kas nailonist ja kummist porivaip saab olla keskkonnas\u00f5bralik?\",\"datePublished\":\"2024-04-10T06:31:17+00:00\",\"dateModified\":\"2024-04-10T06:31:18+00:00\",\"mainEntityOfPage\":{\"@id\":\"https:\/\/lindstromgroup.com\/ee\/artikkel\/kas-nailonist-ja-kummist-porivaip-saab-olla-keskkonnasobralik\/\"},\"wordCount\":1011,\"publisher\":{\"@id\":\"https:\/\/lindstromgroup.com\/ee\/#organization\"},\"image\":{\"@id\":\"https:\/\/lindstromgroup.com\/ee\/artikkel\/kas-nailonist-ja-kummist-porivaip-saab-olla-keskkonnasobralik\/#primaryimage\"},\"thumbnailUrl\":\"https:\/\/d2ris6qfzcz0wn.cloudfront.net\/wp-content\/uploads\/sites\/13\/2024\/04\/1-1.jpg\",\"keywords\":[\"#j\u00e4tkusuutlikkus\",\"#j\u00e4\u00e4tmek\u00e4itlus\",\"#taaskasutus\",\"#tekstiilij\u00e4\u00e4gid\",\"#vahetusvaibateenus\"],\"articleSection\":[\"Artikkel\"],\"inLanguage\":\"et\"},{\"@type\":\"WebPage\",\"@id\":\"https:\/\/lindstromgroup.com\/ee\/artikkel\/kas-nailonist-ja-kummist-porivaip-saab-olla-keskkonnasobralik\/\",\"url\":\"https:\/\/lindstromgroup.com\/ee\/artikkel\/kas-nailonist-ja-kummist-porivaip-saab-olla-keskkonnasobralik\/\",\"name\":\"Kas nailonist porivaip saab olla keskkonnas\u00f5bralik? - Lindstr\u00f6m\",\"isPartOf\":{\"@id\":\"https:\/\/lindstromgroup.com\/ee\/#website\"},\"primaryImageOfPage\":{\"@id\":\"https:\/\/lindstromgroup.com\/ee\/artikkel\/kas-nailonist-ja-kummist-porivaip-saab-olla-keskkonnasobralik\/#primaryimage\"},\"image\":{\"@id\":\"https:\/\/lindstromgroup.com\/ee\/artikkel\/kas-nailonist-ja-kummist-porivaip-saab-olla-keskkonnasobralik\/#primaryimage\"},\"thumbnailUrl\":\"https:\/\/d2ris6qfzcz0wn.cloudfront.net\/wp-content\/uploads\/sites\/13\/2024\/04\/1-1.jpg\",\"datePublished\":\"2024-04-10T06:31:17+00:00\",\"dateModified\":\"2024-04-10T06:31:18+00:00\",\"description\":\"Kas nailonist porivaip saab olla keskkonnas\u00f5bralik? Loe lisaks, millised on Lindstr\u00f6mi eesm\u00e4rgid vahetusvaipade tuleviku suunas.\",\"breadcrumb\":{\"@id\":\"https:\/\/lindstromgroup.com\/ee\/artikkel\/kas-nailonist-ja-kummist-porivaip-saab-olla-keskkonnasobralik\/#breadcrumb\"},\"inLanguage\":\"et\",\"potentialAction\":[{\"@type\":\"ReadAction\",\"target\":[\"https:\/\/lindstromgroup.com\/ee\/artikkel\/kas-nailonist-ja-kummist-porivaip-saab-olla-keskkonnasobralik\/\"]}]},{\"@type\":\"ImageObject\",\"inLanguage\":\"et\",\"@id\":\"https:\/\/lindstromgroup.com\/ee\/artikkel\/kas-nailonist-ja-kummist-porivaip-saab-olla-keskkonnasobralik\/#primaryimage\",\"url\":\"https:\/\/d2ris6qfzcz0wn.cloudfront.net\/wp-content\/uploads\/sites\/13\/2024\/04\/1-1.jpg\",\"contentUrl\":\"https:\/\/d2ris6qfzcz0wn.cloudfront.net\/wp-content\/uploads\/sites\/13\/2024\/04\/1-1.jpg\",\"width\":1500,\"height\":662},{\"@type\":\"BreadcrumbList\",\"@id\":\"https:\/\/lindstromgroup.com\/ee\/artikkel\/kas-nailonist-ja-kummist-porivaip-saab-olla-keskkonnasobralik\/#breadcrumb\",\"itemListElement\":[{\"@type\":\"ListItem\",\"position\":1,\"name\":\"Artikkel\",\"item\":\"https:\/\/lindstromgroup.com\/ee\/category\/artikkel\/\"},{\"@type\":\"ListItem\",\"position\":2,\"name\":\"Kas nailonist ja kummist porivaip saab olla keskkonnas\u00f5bralik?\"}]},{\"@type\":\"WebSite\",\"@id\":\"https:\/\/lindstromgroup.com\/ee\/#website\",\"url\":\"https:\/\/lindstromgroup.com\/ee\/\",\"name\":\"Lindstr\u00f6m Eesti\",\"description\":\"\",\"publisher\":{\"@id\":\"https:\/\/lindstromgroup.com\/ee\/#organization\"},\"potentialAction\":[{\"@type\":\"SearchAction\",\"target\":{\"@type\":\"EntryPoint\",\"urlTemplate\":\"https:\/\/lindstromgroup.com\/ee\/?s={search_term_string}\"},\"query-input\":{\"@type\":\"PropertyValueSpecification\",\"valueRequired\":true,\"valueName\":\"search_term_string\"}}],\"inLanguage\":\"et\"},{\"@type\":\"Organization\",\"@id\":\"https:\/\/lindstromgroup.com\/ee\/#organization\",\"name\":\"Lindstr\u00f6m Eesti\",\"url\":\"https:\/\/lindstromgroup.com\/ee\/\",\"logo\":{\"@type\":\"ImageObject\",\"inLanguage\":\"et\",\"@id\":\"https:\/\/lindstromgroup.com\/ee\/#\/schema\/logo\/image\/\",\"url\":\"https:\/\/d2ris6qfzcz0wn.cloudfront.net\/wp-content\/uploads\/sites\/13\/2023\/10\/Logo512.png\",\"contentUrl\":\"https:\/\/d2ris6qfzcz0wn.cloudfront.net\/wp-content\/uploads\/sites\/13\/2023\/10\/Logo512.png\",\"width\":512,\"height\":109,\"caption\":\"Lindstr\u00f6m Eesti\"},\"image\":{\"@id\":\"https:\/\/lindstromgroup.com\/ee\/#\/schema\/logo\/image\/\"}},{\"@type\":\"Person\",\"@id\":\"https:\/\/lindstromgroup.com\/ee\/#\/schema\/person\/9111900e3f15be99cf4a104112bf0bc3\",\"name\":\"Lindstr\u00f6m Group\",\"image\":{\"@type\":\"ImageObject\",\"inLanguage\":\"et\",\"@id\":\"https:\/\/d2ris6qfzcz0wn.cloudfront.net\/wp-content\/uploads\/sites\/13\/2024\/11\/Red-Logo-150x150.pngdc172a6bb4807003fd396d3bf661b0f5\",\"url\":\"https:\/\/d2ris6qfzcz0wn.cloudfront.net\/wp-content\/uploads\/sites\/13\/2024\/11\/Red-Logo-150x150.png\",\"contentUrl\":\"https:\/\/d2ris6qfzcz0wn.cloudfront.net\/wp-content\/uploads\/sites\/13\/2024\/11\/Red-Logo-150x150.png\",\"caption\":\"Lindstr\u00f6m Group\"}}]}<\/script>\n<!-- \/ Yoast SEO plugin. -->","yoast_head_json":{"title":"Kas nailonist porivaip saab olla keskkonnas\u00f5bralik? - Lindstr\u00f6m","description":"Kas nailonist porivaip saab olla keskkonnas\u00f5bralik? Loe lisaks, millised on Lindstr\u00f6mi eesm\u00e4rgid vahetusvaipade tuleviku suunas.","robots":{"index":"index","follow":"follow","max-snippet":"max-snippet:-1","max-image-preview":"max-image-preview:large","max-video-preview":"max-video-preview:-1"},"og_locale":"et_EE","og_type":"article","og_title":"Kas nailonist porivaip saab olla keskkonnas\u00f5bralik? - Lindstr\u00f6m","og_description":"Kas nailonist porivaip saab olla keskkonnas\u00f5bralik? Loe lisaks, millised on Lindstr\u00f6mi eesm\u00e4rgid vahetusvaipade tuleviku suunas.","og_url":"https:\/\/lindstromgroup.com\/ee\/artikkel\/kas-nailonist-ja-kummist-porivaip-saab-olla-keskkonnasobralik\/","og_site_name":"Lindstr\u00f6m Eesti","article_published_time":"2024-04-10T06:31:17+00:00","article_modified_time":"2024-04-10T06:31:18+00:00","og_image":[{"width":1500,"height":662,"url":"https:\/\/d2ris6qfzcz0wn.cloudfront.net\/wp-content\/uploads\/sites\/13\/2024\/04\/1-1.jpg","type":"image\/jpeg"}],"author":"Lindstr\u00f6m Group","twitter_card":"summary_large_image","twitter_misc":{"Written by":"Lindstr\u00f6m Group","Est. reading time":"6 minutit"},"schema":{"@context":"https:\/\/schema.org","@graph":[{"@type":"Article","@id":"https:\/\/lindstromgroup.com\/ee\/artikkel\/kas-nailonist-ja-kummist-porivaip-saab-olla-keskkonnasobralik\/#article","isPartOf":{"@id":"https:\/\/lindstromgroup.com\/ee\/artikkel\/kas-nailonist-ja-kummist-porivaip-saab-olla-keskkonnasobralik\/"},"author":{"name":"Lindstr\u00f6m Group","@id":"https:\/\/lindstromgroup.com\/ee\/#\/schema\/person\/9111900e3f15be99cf4a104112bf0bc3"},"headline":"Kas nailonist ja kummist porivaip saab olla keskkonnas\u00f5bralik?","datePublished":"2024-04-10T06:31:17+00:00","dateModified":"2024-04-10T06:31:18+00:00","mainEntityOfPage":{"@id":"https:\/\/lindstromgroup.com\/ee\/artikkel\/kas-nailonist-ja-kummist-porivaip-saab-olla-keskkonnasobralik\/"},"wordCount":1011,"publisher":{"@id":"https:\/\/lindstromgroup.com\/ee\/#organization"},"image":{"@id":"https:\/\/lindstromgroup.com\/ee\/artikkel\/kas-nailonist-ja-kummist-porivaip-saab-olla-keskkonnasobralik\/#primaryimage"},"thumbnailUrl":"https:\/\/d2ris6qfzcz0wn.cloudfront.net\/wp-content\/uploads\/sites\/13\/2024\/04\/1-1.jpg","keywords":["#j\u00e4tkusuutlikkus","#j\u00e4\u00e4tmek\u00e4itlus","#taaskasutus","#tekstiilij\u00e4\u00e4gid","#vahetusvaibateenus"],"articleSection":["Artikkel"],"inLanguage":"et"},{"@type":"WebPage","@id":"https:\/\/lindstromgroup.com\/ee\/artikkel\/kas-nailonist-ja-kummist-porivaip-saab-olla-keskkonnasobralik\/","url":"https:\/\/lindstromgroup.com\/ee\/artikkel\/kas-nailonist-ja-kummist-porivaip-saab-olla-keskkonnasobralik\/","name":"Kas nailonist porivaip saab olla keskkonnas\u00f5bralik? - Lindstr\u00f6m","isPartOf":{"@id":"https:\/\/lindstromgroup.com\/ee\/#website"},"primaryImageOfPage":{"@id":"https:\/\/lindstromgroup.com\/ee\/artikkel\/kas-nailonist-ja-kummist-porivaip-saab-olla-keskkonnasobralik\/#primaryimage"},"image":{"@id":"https:\/\/lindstromgroup.com\/ee\/artikkel\/kas-nailonist-ja-kummist-porivaip-saab-olla-keskkonnasobralik\/#primaryimage"},"thumbnailUrl":"https:\/\/d2ris6qfzcz0wn.cloudfront.net\/wp-content\/uploads\/sites\/13\/2024\/04\/1-1.jpg","datePublished":"2024-04-10T06:31:17+00:00","dateModified":"2024-04-10T06:31:18+00:00","description":"Kas nailonist porivaip saab olla keskkonnas\u00f5bralik? Loe lisaks, millised on Lindstr\u00f6mi eesm\u00e4rgid vahetusvaipade tuleviku suunas.","breadcrumb":{"@id":"https:\/\/lindstromgroup.com\/ee\/artikkel\/kas-nailonist-ja-kummist-porivaip-saab-olla-keskkonnasobralik\/#breadcrumb"},"inLanguage":"et","potentialAction":[{"@type":"ReadAction","target":["https:\/\/lindstromgroup.com\/ee\/artikkel\/kas-nailonist-ja-kummist-porivaip-saab-olla-keskkonnasobralik\/"]}]},{"@type":"ImageObject","inLanguage":"et","@id":"https:\/\/lindstromgroup.com\/ee\/artikkel\/kas-nailonist-ja-kummist-porivaip-saab-olla-keskkonnasobralik\/#primaryimage","url":"https:\/\/d2ris6qfzcz0wn.cloudfront.net\/wp-content\/uploads\/sites\/13\/2024\/04\/1-1.jpg","contentUrl":"https:\/\/d2ris6qfzcz0wn.cloudfront.net\/wp-content\/uploads\/sites\/13\/2024\/04\/1-1.jpg","width":1500,"height":662},{"@type":"BreadcrumbList","@id":"https:\/\/lindstromgroup.com\/ee\/artikkel\/kas-nailonist-ja-kummist-porivaip-saab-olla-keskkonnasobralik\/#breadcrumb","itemListElement":[{"@type":"ListItem","position":1,"name":"Artikkel","item":"https:\/\/lindstromgroup.com\/ee\/category\/artikkel\/"},{"@type":"ListItem","position":2,"name":"Kas nailonist ja kummist porivaip saab olla keskkonnas\u00f5bralik?"}]},{"@type":"WebSite","@id":"https:\/\/lindstromgroup.com\/ee\/#website","url":"https:\/\/lindstromgroup.com\/ee\/","name":"Lindstr\u00f6m Eesti","description":"","publisher":{"@id":"https:\/\/lindstromgroup.com\/ee\/#organization"},"potentialAction":[{"@type":"SearchAction","target":{"@type":"EntryPoint","urlTemplate":"https:\/\/lindstromgroup.com\/ee\/?s={search_term_string}"},"query-input":{"@type":"PropertyValueSpecification","valueRequired":true,"valueName":"search_term_string"}}],"inLanguage":"et"},{"@type":"Organization","@id":"https:\/\/lindstromgroup.com\/ee\/#organization","name":"Lindstr\u00f6m Eesti","url":"https:\/\/lindstromgroup.com\/ee\/","logo":{"@type":"ImageObject","inLanguage":"et","@id":"https:\/\/lindstromgroup.com\/ee\/#\/schema\/logo\/image\/","url":"https:\/\/d2ris6qfzcz0wn.cloudfront.net\/wp-content\/uploads\/sites\/13\/2023\/10\/Logo512.png","contentUrl":"https:\/\/d2ris6qfzcz0wn.cloudfront.net\/wp-content\/uploads\/sites\/13\/2023\/10\/Logo512.png","width":512,"height":109,"caption":"Lindstr\u00f6m Eesti"},"image":{"@id":"https:\/\/lindstromgroup.com\/ee\/#\/schema\/logo\/image\/"}},{"@type":"Person","@id":"https:\/\/lindstromgroup.com\/ee\/#\/schema\/person\/9111900e3f15be99cf4a104112bf0bc3","name":"Lindstr\u00f6m Group","image":{"@type":"ImageObject","inLanguage":"et","@id":"https:\/\/d2ris6qfzcz0wn.cloudfront.net\/wp-content\/uploads\/sites\/13\/2024\/11\/Red-Logo-150x150.pngdc172a6bb4807003fd396d3bf661b0f5","url":"https:\/\/d2ris6qfzcz0wn.cloudfront.net\/wp-content\/uploads\/sites\/13\/2024\/11\/Red-Logo-150x150.png","contentUrl":"https:\/\/d2ris6qfzcz0wn.cloudfront.net\/wp-content\/uploads\/sites\/13\/2024\/11\/Red-Logo-150x150.png","caption":"Lindstr\u00f6m Group"}}]}},"publishpress_future_workflow_manual_trigger":{"enabledWorkflows":[]},"distributor_meta":false,"distributor_terms":false,"distributor_media":false,"distributor_original_site_name":"Lindstr\u00f6m Eesti","distributor_original_site_url":"https:\/\/lindstromgroup.com\/ee","push-errors":false,"_links":{"self":[{"href":"https:\/\/lindstromgroup.com\/ee\/wp-json\/wp\/v2\/posts\/17862","targetHints":{"allow":["GET"]}}],"collection":[{"href":"https:\/\/lindstromgroup.com\/ee\/wp-json\/wp\/v2\/posts"}],"about":[{"href":"https:\/\/lindstromgroup.com\/ee\/wp-json\/wp\/v2\/types\/post"}],"author":[{"embeddable":true,"href":"https:\/\/lindstromgroup.com\/ee\/wp-json\/wp\/v2\/users\/14"}],"replies":[{"embeddable":true,"href":"https:\/\/lindstromgroup.com\/ee\/wp-json\/wp\/v2\/comments?post=17862"}],"version-history":[{"count":0,"href":"https:\/\/lindstromgroup.com\/ee\/wp-json\/wp\/v2\/posts\/17862\/revisions"}],"wp:featuredmedia":[{"embeddable":true,"href":"https:\/\/lindstromgroup.com\/ee\/wp-json\/wp\/v2\/media\/17865"}],"wp:attachment":[{"href":"https:\/\/lindstromgroup.com\/ee\/wp-json\/wp\/v2\/media?parent=17862"}],"wp:term":[{"taxonomy":"category","embeddable":true,"href":"https:\/\/lindstromgroup.com\/ee\/wp-json\/wp\/v2\/categories?post=17862"},{"taxonomy":"post_tag","embeddable":true,"href":"https:\/\/lindstromgroup.com\/ee\/wp-json\/wp\/v2\/tags?post=17862"},{"taxonomy":"author","embeddable":true,"href":"https:\/\/lindstromgroup.com\/ee\/wp-json\/wp\/v2\/coauthors?post=17862"}],"curies":[{"name":"wp","href":"https:\/\/api.w.org\/{rel}","templated":true}]}}