
    {"id":17681,"date":"2024-04-02T10:52:09","date_gmt":"2024-04-02T08:52:09","guid":{"rendered":"https:\/\/lindstromgroup.com\/ee\/?p=17681"},"modified":"2024-04-02T10:52:11","modified_gmt":"2024-04-02T08:52:11","slug":"lindstrom-on-valmis-vedama-roherevolutsiooni","status":"publish","type":"post","link":"https:\/\/lindstromgroup.com\/ee\/artikkel\/lindstrom-on-valmis-vedama-roherevolutsiooni\/","title":{"rendered":"Juubeliaasta kinnitas, et Lindstr\u00f6m on valmis vedama roherevolutsiooni tekstiilisektoris"},"content":{"rendered":"\n<p>2022. aastal t\u00e4itus Lindstr\u00f6mil 30 tegevusaastat Eestis. Juubeliaasta andis hea v\u00f5imaluse vaadata tagasi ettev\u00f5tte arengule, tunda uhkust saavutuste \u00fcle ning tuletada veelkord meelde, mis on need <a href=\"https:\/\/lindstromgroup.com\/ee\/avaleht-lindstrom\/ettevote\/\">v\u00e4\u00e4rtused ja eesm\u00e4rgid<\/a>, millest kantuna me iga p\u00e4ev pingutame.<\/p>\n\n\n\n<p>Lindstr\u00f6mi juhib m\u00f5tteviis&nbsp;<strong>\u201eMe hoolime\u201c<\/strong>&nbsp;\u2013 hoolime inimestest ja meie planeedist, inspireerides inimesi s\u00e4rama ja ettev\u00f5tteid j\u00e4tkusuutlikul viisil kasvama. Meie sihiks on, et see juhtm\u00f5te kajastuks k\u00f5igis meie tegevustes ja t\u00f6\u00f6tajate igap\u00e4evapraktikas \u2013 nii m\u00fc\u00fcgiesindajatel, tootmist\u00f6\u00f6tajatel, koristajatel, autojuhtidel kui klienditeenindajatel.<\/p>\n\n\n\n<p>Me hoolime oma tegevuse \u00fcha paremaks muutmisest ja selle m\u00f5ju kasvatamisest. Alates 90ndate algusest oleme tekstiilipesemise energiatarvet v\u00e4hendanud 50%, p\u00e4\u00e4stnud parandamise teel 4,5 miljonit tekstiili ja 2004. aastaga v\u00f5rreldes kahandanud tekstiilipesu CO<sub>2<\/sub>&nbsp;heitkoguseid 30%.<\/p>\n\n\n\n<p>V\u00f5tame aktiivselt osa ka erinevatest rohep\u00f6\u00f6rdega seotud initsiatiividest, nagu Rohetiigri liikumine. Osaleme <a href=\"https:\/\/lindstromgroup.com\/ee\/avaleht-lindstrom\/ettevote\/vastutustundlikkus\/\">vastutustundliku <\/a>ettev\u00f5tluse indeksi programmis ja paljudes muudes ettev\u00f5tmistes, millega loome m\u00f5ju ja saame inspiratsiooni ka oma tegevuse edendamiseks.<\/p>\n\n\n\n<h2 class=\"wp-block-heading\"><strong>Juubeliaasta heategevusaktsioonid \u2013 kassimaja katusest kalmistut\u00f6\u00f6deni<\/strong><\/h2>\n\n\n\n<p>T\u00e4navusel juubeliaastal tahtsime oma hoolimiskultuurile uue m\u00f5\u00f5tme anda. Lindstr\u00f6m Eesti erinevad tiimid valisid endale s\u00fcdamel\u00e4hedased heategevusprojektid, millesse panustasid. \u00c4ra sai tehtud palju \u2013 alates vaprusehelmete valmistamisest krooniliste haigustega laste ravi toetamiseks ning l\u00f5petades Toidupangas v\u00f5i loomade varjupaikades abistamise ja varustuse annetamisega.<\/p>\n\n\n\n<p>Tavap\u00e4rasemate tegevuste, nagu veredoonorluse, turvakeskuses meisterdamise v\u00f5i lastekodule tehtud annetuste k\u00f5rval saime k\u00e4e k\u00fclge panna ka remondi-, ehitus- ja isegi kalmistut\u00f6\u00f6del. Lindstr\u00f6mi Tartu m\u00fc\u00fcgitiim meenutab eredalt, kuidas k\u00e4idi SOS Lastek\u00fcla Narva-J\u00f5esuu majas \u00fche teismelise poisi toa seinu v\u00e4rvimas ja maja terrassi \u00f5litamas. Poiss oli sama ajal koolis ja koju saabudes oli \u00fcllatus suur, et tema tuba on saanud uue v\u00e4ljan\u00e4gemise. \u201eN\u00e4hes pereema silmis r\u00f5\u00f5mupisaraid, tundis meie tiim, et olime saanud hakkama suurep\u00e4rase teoga ja tulime koju, t\u00f5eliselt soe tunne s\u00fcdames,\u201c r\u00e4\u00e4kis Lindstr\u00f6mi m\u00fc\u00fcgijuht Heli Tappo. Ta meenutas ka kassimaja katuse panekut, mida Tartu meeskond tegi Eestimaa Loomakaitse Liidu kassimajas \u2013 \u00fchiste j\u00f5udude abil said kassid endale vettpidava maja ja t\u00f6\u00f6hoos soojustati \u00e4ra ka kohaliku koera Nuffi kuudi katus.<\/p>\n\n\n\n<p>Heategevusaktsioonid ei piirdunud vaid haigete, loomade ja j\u00e4reltuleva p\u00f5lve eest hoolitsemisega, vaid ulatusid koguni juba manalateed l\u00e4inute m\u00e4lestuse hoidmiseni. Nimelt k\u00e4is kliendikogemuse tiim Puhja kalmistul mahaj\u00e4etud hauaplatse ning surnuaia territooriumi korrastamas. \u201cMeie soov oli t\u00e4helepanu p\u00f6\u00f6rata haudadele, kus ei k\u00e4i enam kedagi, kes nende eest hoolitseks. Lisaks abistasime oma tegevusega suuresti ka kohalikku surnuaia hooldajat Zojat, kes oli \u00e4\u00e4rmiselt \u00f5nnelik ja t\u00e4nulik. P\u00e4eva l\u00f5puks korrastasime \u00fcle 10 mahaj\u00e4etud haua ja riisusime puhtaks k\u00f5ik suuremad vahek\u00e4igud. See oli eriline ja s\u00fcdamlik kogemus,\u201c meenutas kliendikogemuse juht Katrin Fjodorova.<\/p>\n\n\n\n<h2 class=\"wp-block-heading\"><strong>Juubeli\u00fcritus pani juhtkonna proovile<\/strong><\/h2>\n\n\n\n<p>Juubeliaasta puhul tegime ka kliendikogemuse n\u00e4dala tavap\u00e4rasest magusamaks \u2013 \u00fcllatasime kliente, kellega t\u00f6\u00f6tajad suhtlesid, maitsva \u0161okolaadiga. Magus \u00fcllatus sai t\u00e4nuliku vastuv\u00f5tu osaliseks.<\/p>\n\n\n\n<p>Eriliselt piduliku punkti panime aastale kahe uhke s\u00fcndmusega \u2013 klientidele korraldatud juubeli\u00fcritus ning meeskonnaga maha peetud pidu. Galal tunnustasime meie tublisid t\u00f6\u00f6tajaid \u201cWe Care\u201d auhindadega ja erilise t\u00e4helepanu said kolm kolleegi, kes on Lindstr\u00f6m Eestis tegutsenud k\u00f5ik need 30 aastat! Need on meie Ulvi, Sergei ja Tanja \u2013 t\u00f6\u00f6tajad, kes m\u00e4rkavad, m\u00f5istavad ja kuulavad ning on t\u00f5estanud, et heas ettev\u00f5ttes on v\u00f5imalik aastak\u00fcmneid s\u00e4rasilmselt t\u00f6\u00f6tada.<\/p>\n\n\n\n<p>Kirsiks tordil oli peol juhtkonna meeleolukas tantsuetteaste, kus juhtkonna liikmed olid kehastunud muuhulgas Freddie Mercuryks, Michael Jacksoniks ja \u00dcllar J\u00f6rbergiks. \u201eMa pole kunagi tundnud end nii \u201eomast elemendist\u201c v\u00e4ljas. &nbsp;Samas teadsin, et t\u00e4nutunne, mida oma meeskonna suhtes tunnen, v\u00e4\u00e4rib millegi t\u00e4iesti p\u00f6\u00f6rase tegemist. Siiras positiivne tagasiside t\u00f6\u00f6tajatelt oli 100% v\u00e4\u00e4rt k\u00f5iki neid kuude kaupa tehtud trenne, pingutusi ja kohati tekkinud paanikat,\u201c meenutas ekstreemset, aga t\u00e4nuv\u00e4\u00e4rset kogemust Lindstr\u00f6m Eesti juht ja Baltikumi asepresident Kadrian Jaagund.<\/p>\n\n\n\n<p>Miks me seda tegime? Julgustame oma ettev\u00f5ttes pidevalt inimesi v\u00e4lja tulema oma mugavustsoonist&nbsp; ja mitte andma alla esimese k\u00f5hkluse v\u00f5i eba\u00f5nnestumise peale. Taoline enda haavatavasse olukorda panemine oli ehe demonstratsioon, kuidas ennast \u00fcletades ja \u00fchiselt pingutades saavad elamuse nii publik kui tegijad ise. \u201eKahtlemata oli see ka h\u00e4davajalik positiivsuses\u00fcst praegusesse ebakindlasse aega,\u201c lisas Kadrian.<\/p>\n\n\n\n<figure class=\"wp-block-image\"><img decoding=\"async\" src=\"https:\/\/old.lindstromgroup.com\/old\/wp-content\/uploads\/sites\/24\/2022\/12\/lindstrom_164-600x400.jpg\" alt=\"\" class=\"wp-image-9600\"\/><figcaption class=\"wp-element-caption\">Lindstr\u00f6m Eesti juhtr\u00fchm 2022.aastal<\/figcaption><\/figure>\n\n\n\n<h2 class=\"wp-block-heading\"><strong>Roherevolutsioon j\u00e4tkub<\/strong><\/h2>\n\n\n\n<p>Kolmek\u00fcmne tegevusaasta verstapost j\u00e4i selja taha, kuid j\u00e4rgmised k\u00fcmnendid ei tule v\u00e4hem ambitsioonikad.&nbsp; T\u00f6\u00f6tame edasi lahendustega, mis aitavad meie klientidel j\u00e4tkusuutlikumalt tegutseda. &nbsp;Pingutame selle nimel, et juba aastaks 2025 suudaksime oma tekstiilist \u00fcmber t\u00f6\u00f6delda 100% ja v\u00e4hendada igal aastal kasvuhoonegaaside heitkoguseid 7%. Tahame pakkuda valdkonna parimat kliendikogemust ning tegutseme v\u00f5rgustike ja partnerlustega, mis tagavad meie klientidele terviklikud teenused ja aitavad s\u00e4\u00e4sta keskkonda. K\u00f5ike seda saame teha oma s\u00e4rasilmsete t\u00f6\u00f6tajate abil, kelle p\u00fchendumuse hoidmisse ja kasvatamisse panustame.<\/p>\n\n\n\n<p>Meie ees on rohkem v\u00e4ljakutseid kui kunagi varem \u2013 seda peegeldab ka Euroopa Liidu tekstiilistrateegia, mis seab sihiks muuta tekstiilid vastupidavaks, parandatavaks, kordus -ja taaskasutatavaks. Juba aastaks 2025 tuleb ka Eestis koguda k\u00f5ik tekstiilij\u00e4\u00e4tmed muudest j\u00e4\u00e4tmetest eraldi ning pr\u00fcgim\u00e4ele v\u00f5i p\u00f5letusahju neid saata ei tohi. See t\u00e4hendab teistmoodi tegutsemise vajadust nii l\u00f5pptarbijatele, ettev\u00f5tetele kui ka avalikule sektorile.<\/p>\n\n\n\n<p>30 aastat \u00f5iges suunas liikumist n\u00e4itavad, et Lindstr\u00f6m saab kestlikus tekstiilikasutuses olla eestvedaja \u2212 et j\u00e4tkusuutlikkus ei seisneks ainult s\u00f5nades, vaid eelk\u00f5ige tegudes.<\/p>\n\n\n\n<p>T\u00e4name siiralt k\u00f5iki oma t\u00f6\u00f6tajaid, kliente ja koost\u00f6\u00f6partnereid, kellega \u00fcheskoos oleme suutnud v\u00e4\u00e4rtust luua nii inimestele kui ka keskkonnale \u2212 ja teeme seda ka edaspidi. Ait\u00e4h!<\/p>\n\n\n\n<figure class=\"wp-block-image is-resized\"><a href=\"https:\/\/old.lindstromgroup.com\/old\/wp-content\/uploads\/sites\/24\/2022\/12\/Lindstrom30_EE_circle_V01.svg\"><img decoding=\"async\" src=\"https:\/\/old.lindstromgroup.com\/old\/wp-content\/uploads\/sites\/24\/2022\/12\/Lindstrom30_EE_circle_V01.svg\" alt=\"\" class=\"wp-image-9602\" style=\"width:182px;height:auto\"\/><\/a><\/figure>\n","protected":false},"excerpt":{"rendered":"<p>2022. aastal t\u00e4itus Lindstr\u00f6mil 30 tegevusaastat Eestis. Juubeliaasta andis hea v\u00f5imaluse vaadata tagasi ettev\u00f5tte arengule, tunda uhkust saavutuste \u00fcle ning tuletada veelkord meelde, mis on&#8230;<\/p>\n","protected":false},"author":14,"featured_media":17682,"comment_status":"closed","ping_status":"open","sticky":false,"template":"","format":"standard","meta":{"_acf_changed":true,"inline_featured_image":false,"_eb_attr":"","site-sidebar-layout":"default","site-content-layout":"","ast-site-content-layout":"default","site-content-style":"default","site-sidebar-style":"default","ast-global-header-display":"","ast-banner-title-visibility":"","ast-main-header-display":"","ast-hfb-above-header-display":"","ast-hfb-below-header-display":"","ast-hfb-mobile-header-display":"","site-post-title":"","ast-breadcrumbs-content":"","ast-featured-img":"","footer-sml-layout":"","ast-disable-related-posts":"","theme-transparent-header-meta":"","adv-header-id-meta":"","stick-header-meta":"","header-above-stick-meta":"","header-main-stick-meta":"","header-below-stick-meta":"","astra-migrate-meta-layouts":"default","ast-page-background-enabled":"default","ast-page-background-meta":{"desktop":{"background-color":"var(--ast-global-color-4)","background-image":"","background-repeat":"repeat","background-position":"center center","background-size":"auto","background-attachment":"scroll","background-type":"","background-media":"","overlay-type":"","overlay-color":"","overlay-opacity":"","overlay-gradient":""},"tablet":{"background-color":"","background-image":"","background-repeat":"repeat","background-position":"center center","background-size":"auto","background-attachment":"scroll","background-type":"","background-media":"","overlay-type":"","overlay-color":"","overlay-opacity":"","overlay-gradient":""},"mobile":{"background-color":"","background-image":"","background-repeat":"repeat","background-position":"center center","background-size":"auto","background-attachment":"scroll","background-type":"","background-media":"","overlay-type":"","overlay-color":"","overlay-opacity":"","overlay-gradient":""}},"ast-content-background-meta":{"desktop":{"background-color":"var(--ast-global-color-5)","background-image":"","background-repeat":"repeat","background-position":"center center","background-size":"auto","background-attachment":"scroll","background-type":"","background-media":"","overlay-type":"","overlay-color":"","overlay-opacity":"","overlay-gradient":""},"tablet":{"background-color":"var(--ast-global-color-5)","background-image":"","background-repeat":"repeat","background-position":"center center","background-size":"auto","background-attachment":"scroll","background-type":"","background-media":"","overlay-type":"","overlay-color":"","overlay-opacity":"","overlay-gradient":""},"mobile":{"background-color":"var(--ast-global-color-5)","background-image":"","background-repeat":"repeat","background-position":"center center","background-size":"auto","background-attachment":"scroll","background-type":"","background-media":"","overlay-type":"","overlay-color":"","overlay-opacity":"","overlay-gradient":""}},"footnotes":""},"categories":[14],"tags":[33,38,50],"coauthors":[20],"class_list":["post-17681","post","type-post","status-publish","format-standard","has-post-thumbnail","hentry","category-artikkel","tag-hoolimine","tag-jatkusuutlikkus","tag-vastutustundlikkus"],"acf":[],"yoast_head":"<!-- This site is optimized with the Yoast SEO plugin v27.2 - https:\/\/yoast.com\/product\/yoast-seo-wordpress\/ -->\n<title>Oleme valmis vedama roherevolutsiooni tekstiilisektoris - Lindstr\u00f6m<\/title>\n<meta name=\"description\" content=\"Juubeliaasta n\u00e4itas, et oleme valmis vedama roherevolutsiooni \u2212 j\u00e4tkusuutlikkus ei seisne ainult s\u00f5nades, vaid eelk\u00f5ige tegudes.\" \/>\n<meta name=\"robots\" content=\"index, follow, max-snippet:-1, max-image-preview:large, max-video-preview:-1\" \/>\n<meta property=\"og:locale\" content=\"et_EE\" \/>\n<meta property=\"og:type\" content=\"article\" \/>\n<meta property=\"og:title\" content=\"Oleme valmis vedama roherevolutsiooni tekstiilisektoris - Lindstr\u00f6m\" \/>\n<meta property=\"og:description\" content=\"Juubeliaasta n\u00e4itas, et oleme valmis vedama roherevolutsiooni \u2212 j\u00e4tkusuutlikkus ei seisne ainult s\u00f5nades, vaid eelk\u00f5ige tegudes.\" \/>\n<meta property=\"og:url\" content=\"https:\/\/lindstromgroup.com\/ee\/artikkel\/lindstrom-on-valmis-vedama-roherevolutsiooni\/\" \/>\n<meta property=\"og:site_name\" content=\"Lindstr\u00f6m Eesti\" \/>\n<meta property=\"article:published_time\" content=\"2024-04-02T08:52:09+00:00\" \/>\n<meta property=\"article:modified_time\" content=\"2024-04-02T08:52:11+00:00\" \/>\n<meta property=\"og:image\" content=\"https:\/\/d2ris6qfzcz0wn.cloudfront.net\/wp-content\/uploads\/sites\/13\/2024\/04\/lindstrom_179-1.jpg\" \/>\n\t<meta property=\"og:image:width\" content=\"1536\" \/>\n\t<meta property=\"og:image:height\" content=\"1024\" \/>\n\t<meta property=\"og:image:type\" content=\"image\/jpeg\" \/>\n<meta name=\"author\" content=\"Lindstr\u00f6m Group\" \/>\n<meta name=\"twitter:card\" content=\"summary_large_image\" \/>\n<meta name=\"twitter:label1\" content=\"Written by\" \/>\n\t<meta name=\"twitter:data1\" content=\"Lindstr\u00f6m Group\" \/>\n\t<meta name=\"twitter:label2\" content=\"Est. reading time\" \/>\n\t<meta name=\"twitter:data2\" content=\"6 minutit\" \/>\n<script type=\"application\/ld+json\" class=\"yoast-schema-graph\">{\"@context\":\"https:\/\/schema.org\",\"@graph\":[{\"@type\":\"Article\",\"@id\":\"https:\/\/lindstromgroup.com\/ee\/artikkel\/lindstrom-on-valmis-vedama-roherevolutsiooni\/#article\",\"isPartOf\":{\"@id\":\"https:\/\/lindstromgroup.com\/ee\/artikkel\/lindstrom-on-valmis-vedama-roherevolutsiooni\/\"},\"author\":{\"name\":\"Lindstr\u00f6m Group\",\"@id\":\"https:\/\/lindstromgroup.com\/ee\/#\/schema\/person\/9111900e3f15be99cf4a104112bf0bc3\"},\"headline\":\"Juubeliaasta kinnitas, et Lindstr\u00f6m on valmis vedama roherevolutsiooni tekstiilisektoris\",\"datePublished\":\"2024-04-02T08:52:09+00:00\",\"dateModified\":\"2024-04-02T08:52:11+00:00\",\"mainEntityOfPage\":{\"@id\":\"https:\/\/lindstromgroup.com\/ee\/artikkel\/lindstrom-on-valmis-vedama-roherevolutsiooni\/\"},\"wordCount\":944,\"publisher\":{\"@id\":\"https:\/\/lindstromgroup.com\/ee\/#organization\"},\"image\":{\"@id\":\"https:\/\/lindstromgroup.com\/ee\/artikkel\/lindstrom-on-valmis-vedama-roherevolutsiooni\/#primaryimage\"},\"thumbnailUrl\":\"https:\/\/d2ris6qfzcz0wn.cloudfront.net\/wp-content\/uploads\/sites\/13\/2024\/04\/lindstrom_179-1.jpg\",\"keywords\":[\"#hoolimine\",\"#j\u00e4tkusuutlikkus\",\"#vastutustundlikkus\"],\"articleSection\":[\"Artikkel\"],\"inLanguage\":\"et\"},{\"@type\":\"WebPage\",\"@id\":\"https:\/\/lindstromgroup.com\/ee\/artikkel\/lindstrom-on-valmis-vedama-roherevolutsiooni\/\",\"url\":\"https:\/\/lindstromgroup.com\/ee\/artikkel\/lindstrom-on-valmis-vedama-roherevolutsiooni\/\",\"name\":\"Oleme valmis vedama roherevolutsiooni tekstiilisektoris - Lindstr\u00f6m\",\"isPartOf\":{\"@id\":\"https:\/\/lindstromgroup.com\/ee\/#website\"},\"primaryImageOfPage\":{\"@id\":\"https:\/\/lindstromgroup.com\/ee\/artikkel\/lindstrom-on-valmis-vedama-roherevolutsiooni\/#primaryimage\"},\"image\":{\"@id\":\"https:\/\/lindstromgroup.com\/ee\/artikkel\/lindstrom-on-valmis-vedama-roherevolutsiooni\/#primaryimage\"},\"thumbnailUrl\":\"https:\/\/d2ris6qfzcz0wn.cloudfront.net\/wp-content\/uploads\/sites\/13\/2024\/04\/lindstrom_179-1.jpg\",\"datePublished\":\"2024-04-02T08:52:09+00:00\",\"dateModified\":\"2024-04-02T08:52:11+00:00\",\"description\":\"Juubeliaasta n\u00e4itas, et oleme valmis vedama roherevolutsiooni \u2212 j\u00e4tkusuutlikkus ei seisne ainult s\u00f5nades, vaid eelk\u00f5ige tegudes.\",\"breadcrumb\":{\"@id\":\"https:\/\/lindstromgroup.com\/ee\/artikkel\/lindstrom-on-valmis-vedama-roherevolutsiooni\/#breadcrumb\"},\"inLanguage\":\"et\",\"potentialAction\":[{\"@type\":\"ReadAction\",\"target\":[\"https:\/\/lindstromgroup.com\/ee\/artikkel\/lindstrom-on-valmis-vedama-roherevolutsiooni\/\"]}]},{\"@type\":\"ImageObject\",\"inLanguage\":\"et\",\"@id\":\"https:\/\/lindstromgroup.com\/ee\/artikkel\/lindstrom-on-valmis-vedama-roherevolutsiooni\/#primaryimage\",\"url\":\"https:\/\/d2ris6qfzcz0wn.cloudfront.net\/wp-content\/uploads\/sites\/13\/2024\/04\/lindstrom_179-1.jpg\",\"contentUrl\":\"https:\/\/d2ris6qfzcz0wn.cloudfront.net\/wp-content\/uploads\/sites\/13\/2024\/04\/lindstrom_179-1.jpg\",\"width\":1536,\"height\":1024},{\"@type\":\"BreadcrumbList\",\"@id\":\"https:\/\/lindstromgroup.com\/ee\/artikkel\/lindstrom-on-valmis-vedama-roherevolutsiooni\/#breadcrumb\",\"itemListElement\":[{\"@type\":\"ListItem\",\"position\":1,\"name\":\"Artikkel\",\"item\":\"https:\/\/lindstromgroup.com\/ee\/category\/artikkel\/\"},{\"@type\":\"ListItem\",\"position\":2,\"name\":\"Juubeliaasta kinnitas, et Lindstr\u00f6m on valmis vedama roherevolutsiooni tekstiilisektoris\"}]},{\"@type\":\"WebSite\",\"@id\":\"https:\/\/lindstromgroup.com\/ee\/#website\",\"url\":\"https:\/\/lindstromgroup.com\/ee\/\",\"name\":\"Lindstr\u00f6m Eesti\",\"description\":\"\",\"publisher\":{\"@id\":\"https:\/\/lindstromgroup.com\/ee\/#organization\"},\"potentialAction\":[{\"@type\":\"SearchAction\",\"target\":{\"@type\":\"EntryPoint\",\"urlTemplate\":\"https:\/\/lindstromgroup.com\/ee\/?s={search_term_string}\"},\"query-input\":{\"@type\":\"PropertyValueSpecification\",\"valueRequired\":true,\"valueName\":\"search_term_string\"}}],\"inLanguage\":\"et\"},{\"@type\":\"Organization\",\"@id\":\"https:\/\/lindstromgroup.com\/ee\/#organization\",\"name\":\"Lindstr\u00f6m Eesti\",\"url\":\"https:\/\/lindstromgroup.com\/ee\/\",\"logo\":{\"@type\":\"ImageObject\",\"inLanguage\":\"et\",\"@id\":\"https:\/\/lindstromgroup.com\/ee\/#\/schema\/logo\/image\/\",\"url\":\"https:\/\/d2ris6qfzcz0wn.cloudfront.net\/wp-content\/uploads\/sites\/13\/2023\/10\/Logo512.png\",\"contentUrl\":\"https:\/\/d2ris6qfzcz0wn.cloudfront.net\/wp-content\/uploads\/sites\/13\/2023\/10\/Logo512.png\",\"width\":512,\"height\":109,\"caption\":\"Lindstr\u00f6m Eesti\"},\"image\":{\"@id\":\"https:\/\/lindstromgroup.com\/ee\/#\/schema\/logo\/image\/\"}},{\"@type\":\"Person\",\"@id\":\"https:\/\/lindstromgroup.com\/ee\/#\/schema\/person\/9111900e3f15be99cf4a104112bf0bc3\",\"name\":\"Lindstr\u00f6m Group\",\"image\":{\"@type\":\"ImageObject\",\"inLanguage\":\"et\",\"@id\":\"https:\/\/d2ris6qfzcz0wn.cloudfront.net\/wp-content\/uploads\/sites\/13\/2024\/11\/Red-Logo-150x150.pngdc172a6bb4807003fd396d3bf661b0f5\",\"url\":\"https:\/\/d2ris6qfzcz0wn.cloudfront.net\/wp-content\/uploads\/sites\/13\/2024\/11\/Red-Logo-150x150.png\",\"contentUrl\":\"https:\/\/d2ris6qfzcz0wn.cloudfront.net\/wp-content\/uploads\/sites\/13\/2024\/11\/Red-Logo-150x150.png\",\"caption\":\"Lindstr\u00f6m Group\"}}]}<\/script>\n<!-- \/ Yoast SEO plugin. -->","yoast_head_json":{"title":"Oleme valmis vedama roherevolutsiooni tekstiilisektoris - Lindstr\u00f6m","description":"Juubeliaasta n\u00e4itas, et oleme valmis vedama roherevolutsiooni \u2212 j\u00e4tkusuutlikkus ei seisne ainult s\u00f5nades, vaid eelk\u00f5ige tegudes.","robots":{"index":"index","follow":"follow","max-snippet":"max-snippet:-1","max-image-preview":"max-image-preview:large","max-video-preview":"max-video-preview:-1"},"og_locale":"et_EE","og_type":"article","og_title":"Oleme valmis vedama roherevolutsiooni tekstiilisektoris - Lindstr\u00f6m","og_description":"Juubeliaasta n\u00e4itas, et oleme valmis vedama roherevolutsiooni \u2212 j\u00e4tkusuutlikkus ei seisne ainult s\u00f5nades, vaid eelk\u00f5ige tegudes.","og_url":"https:\/\/lindstromgroup.com\/ee\/artikkel\/lindstrom-on-valmis-vedama-roherevolutsiooni\/","og_site_name":"Lindstr\u00f6m Eesti","article_published_time":"2024-04-02T08:52:09+00:00","article_modified_time":"2024-04-02T08:52:11+00:00","og_image":[{"width":1536,"height":1024,"url":"https:\/\/d2ris6qfzcz0wn.cloudfront.net\/wp-content\/uploads\/sites\/13\/2024\/04\/lindstrom_179-1.jpg","type":"image\/jpeg"}],"author":"Lindstr\u00f6m Group","twitter_card":"summary_large_image","twitter_misc":{"Written by":"Lindstr\u00f6m Group","Est. reading time":"6 minutit"},"schema":{"@context":"https:\/\/schema.org","@graph":[{"@type":"Article","@id":"https:\/\/lindstromgroup.com\/ee\/artikkel\/lindstrom-on-valmis-vedama-roherevolutsiooni\/#article","isPartOf":{"@id":"https:\/\/lindstromgroup.com\/ee\/artikkel\/lindstrom-on-valmis-vedama-roherevolutsiooni\/"},"author":{"name":"Lindstr\u00f6m Group","@id":"https:\/\/lindstromgroup.com\/ee\/#\/schema\/person\/9111900e3f15be99cf4a104112bf0bc3"},"headline":"Juubeliaasta kinnitas, et Lindstr\u00f6m on valmis vedama roherevolutsiooni tekstiilisektoris","datePublished":"2024-04-02T08:52:09+00:00","dateModified":"2024-04-02T08:52:11+00:00","mainEntityOfPage":{"@id":"https:\/\/lindstromgroup.com\/ee\/artikkel\/lindstrom-on-valmis-vedama-roherevolutsiooni\/"},"wordCount":944,"publisher":{"@id":"https:\/\/lindstromgroup.com\/ee\/#organization"},"image":{"@id":"https:\/\/lindstromgroup.com\/ee\/artikkel\/lindstrom-on-valmis-vedama-roherevolutsiooni\/#primaryimage"},"thumbnailUrl":"https:\/\/d2ris6qfzcz0wn.cloudfront.net\/wp-content\/uploads\/sites\/13\/2024\/04\/lindstrom_179-1.jpg","keywords":["#hoolimine","#j\u00e4tkusuutlikkus","#vastutustundlikkus"],"articleSection":["Artikkel"],"inLanguage":"et"},{"@type":"WebPage","@id":"https:\/\/lindstromgroup.com\/ee\/artikkel\/lindstrom-on-valmis-vedama-roherevolutsiooni\/","url":"https:\/\/lindstromgroup.com\/ee\/artikkel\/lindstrom-on-valmis-vedama-roherevolutsiooni\/","name":"Oleme valmis vedama roherevolutsiooni tekstiilisektoris - Lindstr\u00f6m","isPartOf":{"@id":"https:\/\/lindstromgroup.com\/ee\/#website"},"primaryImageOfPage":{"@id":"https:\/\/lindstromgroup.com\/ee\/artikkel\/lindstrom-on-valmis-vedama-roherevolutsiooni\/#primaryimage"},"image":{"@id":"https:\/\/lindstromgroup.com\/ee\/artikkel\/lindstrom-on-valmis-vedama-roherevolutsiooni\/#primaryimage"},"thumbnailUrl":"https:\/\/d2ris6qfzcz0wn.cloudfront.net\/wp-content\/uploads\/sites\/13\/2024\/04\/lindstrom_179-1.jpg","datePublished":"2024-04-02T08:52:09+00:00","dateModified":"2024-04-02T08:52:11+00:00","description":"Juubeliaasta n\u00e4itas, et oleme valmis vedama roherevolutsiooni \u2212 j\u00e4tkusuutlikkus ei seisne ainult s\u00f5nades, vaid eelk\u00f5ige tegudes.","breadcrumb":{"@id":"https:\/\/lindstromgroup.com\/ee\/artikkel\/lindstrom-on-valmis-vedama-roherevolutsiooni\/#breadcrumb"},"inLanguage":"et","potentialAction":[{"@type":"ReadAction","target":["https:\/\/lindstromgroup.com\/ee\/artikkel\/lindstrom-on-valmis-vedama-roherevolutsiooni\/"]}]},{"@type":"ImageObject","inLanguage":"et","@id":"https:\/\/lindstromgroup.com\/ee\/artikkel\/lindstrom-on-valmis-vedama-roherevolutsiooni\/#primaryimage","url":"https:\/\/d2ris6qfzcz0wn.cloudfront.net\/wp-content\/uploads\/sites\/13\/2024\/04\/lindstrom_179-1.jpg","contentUrl":"https:\/\/d2ris6qfzcz0wn.cloudfront.net\/wp-content\/uploads\/sites\/13\/2024\/04\/lindstrom_179-1.jpg","width":1536,"height":1024},{"@type":"BreadcrumbList","@id":"https:\/\/lindstromgroup.com\/ee\/artikkel\/lindstrom-on-valmis-vedama-roherevolutsiooni\/#breadcrumb","itemListElement":[{"@type":"ListItem","position":1,"name":"Artikkel","item":"https:\/\/lindstromgroup.com\/ee\/category\/artikkel\/"},{"@type":"ListItem","position":2,"name":"Juubeliaasta kinnitas, et Lindstr\u00f6m on valmis vedama roherevolutsiooni tekstiilisektoris"}]},{"@type":"WebSite","@id":"https:\/\/lindstromgroup.com\/ee\/#website","url":"https:\/\/lindstromgroup.com\/ee\/","name":"Lindstr\u00f6m Eesti","description":"","publisher":{"@id":"https:\/\/lindstromgroup.com\/ee\/#organization"},"potentialAction":[{"@type":"SearchAction","target":{"@type":"EntryPoint","urlTemplate":"https:\/\/lindstromgroup.com\/ee\/?s={search_term_string}"},"query-input":{"@type":"PropertyValueSpecification","valueRequired":true,"valueName":"search_term_string"}}],"inLanguage":"et"},{"@type":"Organization","@id":"https:\/\/lindstromgroup.com\/ee\/#organization","name":"Lindstr\u00f6m Eesti","url":"https:\/\/lindstromgroup.com\/ee\/","logo":{"@type":"ImageObject","inLanguage":"et","@id":"https:\/\/lindstromgroup.com\/ee\/#\/schema\/logo\/image\/","url":"https:\/\/d2ris6qfzcz0wn.cloudfront.net\/wp-content\/uploads\/sites\/13\/2023\/10\/Logo512.png","contentUrl":"https:\/\/d2ris6qfzcz0wn.cloudfront.net\/wp-content\/uploads\/sites\/13\/2023\/10\/Logo512.png","width":512,"height":109,"caption":"Lindstr\u00f6m Eesti"},"image":{"@id":"https:\/\/lindstromgroup.com\/ee\/#\/schema\/logo\/image\/"}},{"@type":"Person","@id":"https:\/\/lindstromgroup.com\/ee\/#\/schema\/person\/9111900e3f15be99cf4a104112bf0bc3","name":"Lindstr\u00f6m Group","image":{"@type":"ImageObject","inLanguage":"et","@id":"https:\/\/d2ris6qfzcz0wn.cloudfront.net\/wp-content\/uploads\/sites\/13\/2024\/11\/Red-Logo-150x150.pngdc172a6bb4807003fd396d3bf661b0f5","url":"https:\/\/d2ris6qfzcz0wn.cloudfront.net\/wp-content\/uploads\/sites\/13\/2024\/11\/Red-Logo-150x150.png","contentUrl":"https:\/\/d2ris6qfzcz0wn.cloudfront.net\/wp-content\/uploads\/sites\/13\/2024\/11\/Red-Logo-150x150.png","caption":"Lindstr\u00f6m Group"}}]}},"publishpress_future_workflow_manual_trigger":{"enabledWorkflows":[]},"distributor_meta":false,"distributor_terms":false,"distributor_media":false,"distributor_original_site_name":"Lindstr\u00f6m Eesti","distributor_original_site_url":"https:\/\/lindstromgroup.com\/ee","push-errors":false,"_links":{"self":[{"href":"https:\/\/lindstromgroup.com\/ee\/wp-json\/wp\/v2\/posts\/17681","targetHints":{"allow":["GET"]}}],"collection":[{"href":"https:\/\/lindstromgroup.com\/ee\/wp-json\/wp\/v2\/posts"}],"about":[{"href":"https:\/\/lindstromgroup.com\/ee\/wp-json\/wp\/v2\/types\/post"}],"author":[{"embeddable":true,"href":"https:\/\/lindstromgroup.com\/ee\/wp-json\/wp\/v2\/users\/14"}],"replies":[{"embeddable":true,"href":"https:\/\/lindstromgroup.com\/ee\/wp-json\/wp\/v2\/comments?post=17681"}],"version-history":[{"count":0,"href":"https:\/\/lindstromgroup.com\/ee\/wp-json\/wp\/v2\/posts\/17681\/revisions"}],"wp:featuredmedia":[{"embeddable":true,"href":"https:\/\/lindstromgroup.com\/ee\/wp-json\/wp\/v2\/media\/17682"}],"wp:attachment":[{"href":"https:\/\/lindstromgroup.com\/ee\/wp-json\/wp\/v2\/media?parent=17681"}],"wp:term":[{"taxonomy":"category","embeddable":true,"href":"https:\/\/lindstromgroup.com\/ee\/wp-json\/wp\/v2\/categories?post=17681"},{"taxonomy":"post_tag","embeddable":true,"href":"https:\/\/lindstromgroup.com\/ee\/wp-json\/wp\/v2\/tags?post=17681"},{"taxonomy":"author","embeddable":true,"href":"https:\/\/lindstromgroup.com\/ee\/wp-json\/wp\/v2\/coauthors?post=17681"}],"curies":[{"name":"wp","href":"https:\/\/api.w.org\/{rel}","templated":true}]}}