
    {"id":17192,"date":"2024-03-19T15:34:32","date_gmt":"2024-03-19T13:34:32","guid":{"rendered":"https:\/\/lindstromgroup.com\/ee-renewal\/?p=17192"},"modified":"2024-11-21T11:01:45","modified_gmt":"2024-11-21T09:01:45","slug":"elav-elva-keskuse-juht-kulastajad-kiidavad-kui-korras-meil-koik-on","status":"publish","type":"post","link":"https:\/\/lindstromgroup.com\/ee\/klientide-soovitused\/elav-elva-keskuse-juht-kulastajad-kiidavad-kui-korras-meil-koik-on\/","title":{"rendered":"Elav Elva juht: k\u00fclastajad kiidavad meie korda ja puhtust"},"content":{"rendered":"\n<p>SA Elva Kultuur ja Sport avas sel suvel Elva jaamahoones uue turismiinfo- ja k\u00fclastuskeskuse Elav Elva, mis sai koheselt linna k\u00fclastajate aga ka kohalike seas v\u00e4ga sooja vastuv\u00f5tu. Kui Lindstr\u00f6mi m\u00fc\u00fcgikonsultant k\u00e4is Elva turismivaldkonna juhile Krete Ennole v\u00e4lja idee valmistada uude keskusse <a href=\"https:\/\/lindstromgroup.com\/ee-renewal\/teenused\/vahetusvaibad\/disainvaibad\/\">disainvaip<\/a>, oli meeskond uuendusega kohe n\u00f5us.<\/p>\n\n\n\n<figure class=\"wp-block-image size-large\"><img decoding=\"async\" width=\"1289\" height=\"725\" src=\"https:\/\/lindstromgroup.com\/ee-renewal\/wp-content\/uploads\/sites\/13\/2024\/03\/elav_elva-1-edited.jpg\" alt=\"\" class=\"wp-image-17195\" srcset=\"https:\/\/d2ris6qfzcz0wn.cloudfront.net\/wp-content\/uploads\/sites\/13\/2024\/03\/elav_elva-1-edited.jpg 1289w, https:\/\/d2ris6qfzcz0wn.cloudfront.net\/wp-content\/uploads\/sites\/13\/2024\/03\/elav_elva-1-edited-300x169.jpg 300w, https:\/\/d2ris6qfzcz0wn.cloudfront.net\/wp-content\/uploads\/sites\/13\/2024\/03\/elav_elva-1-edited-1024x576.jpg 1024w, https:\/\/d2ris6qfzcz0wn.cloudfront.net\/wp-content\/uploads\/sites\/13\/2024\/03\/elav_elva-1-edited-768x432.jpg 768w\" sizes=\"(max-width: 1289px) 100vw, 1289px\" \/><figcaption class=\"wp-element-caption\">Lindstr\u00f6mi disainvaip  Elav Elva keskuses<\/figcaption><\/figure>\n\n\n\n<h2 class=\"wp-block-heading\">Disainvaip Elav Elva Keskuses<\/h2>\n\n\n\n<p>\u201eSaatsime logo, saime kiirelt digitaalse n\u00e4idise, andsime kinnituse ja vaip l\u00e4ks tr\u00fckki. M\u00fc\u00fcgikonsultant hoidis meid pidevalt protsessi arengutega kursis ning t\u00f5i m\u00f5ne n\u00e4dala p\u00e4rast vaiba ka ise kohale. Tunneme, et meie keskusest on saanud t\u00f5eline \u0161\u00f5uruum \u2013 disainvaip annab selle ilmele nii palju juurde ning vahetus ja puhastus toimub \u00fclimalt sujuvalt,\u201c r\u00e4\u00e4kis Enno.<\/p>\n\n\n\n<p>Disainvaiba rent ei olnud aga esimene Lindstr\u00f6mist tellitud teenus. Elva Kultuurikeskuses olid juba varem kasutusel Lindstr\u00f6mi <a href=\"https:\/\/lindstromgroup.com\/ee-renewal\/teenused\/vahetusvaibad\/\">vahetusvaibad <\/a>ning Elav Elva keskuse avamise j\u00e4rel ilmnenud tualettide heakorraprobleemidele leidus lahendus Lindstr\u00f6mi <a href=\"https:\/\/lindstromgroup.com\/ee-renewal\/teenused\/tualettruumiteenus\/\">tualettruumide <\/a>teenuse n\u00e4ol.<\/p>\n\n\n\n<h2 class=\"wp-block-heading\">Tualettruumiteenuse abil korra hoidmine <\/h2>\n\n\n\n<p>\u201eMeil k\u00e4ib v\u00e4ga palju rahvast ning tualettides oli seet\u00f5ttu v\u00e4ga keeruline korda hoida. Paberr\u00e4tikud said pidevalt otsa ja vedelesid p\u00f5randal, seebidosaatorid olid koledad ja katkised, koristajal polnud lihtsalt inimlikult v\u00f5imalik seda seisu parandada. V\u00f5tsime kasutusele k\u00e4tekuivatusrullid, t\u00e4nu millele ei teki enam praktiliselt \u00fcldse pr\u00fcgi. Meil on kasutusel tugevad lukustatavad seebidosaatorid, mille kasutamine on v\u00e4hendanud m\u00e4rkimisv\u00e4\u00e4rselt seebikulu. Eriti mugav on see, et tualettruumi teenus kasutab sellist kaasaegset tehnoloogiat nagu mobiili\u00e4pp. Saan oma telefoni kohe teavituse, kui k\u00e4ter\u00e4tirull vajab vahetust,\u201c r\u00f5\u00f5mustas Elav Elva keskuse juht.<\/p>\n\n\n\n<p>Tema s\u00f5nul on hetkel kaalumisel m\u00f5te laiendada tualettruumi teenust ka Elva Kultuuri- ja Spordikeskusesse. \u201eT\u00e4na kasutame seal k\u00e4tekuivatamiseks puhureid, mis on m\u00fcrarikkad ning ei pruugi teatavasti olla kuigi h\u00fcgieeniline lahendus,\u201c t\u00f5des ta.<\/p>\n\n\n\n<h2 class=\"wp-block-heading\">J\u00e4tkusuutlikkus ja keskkonnateadlikkus<\/h2>\n\n\n\n<p>Tema s\u00f5nul on k\u00e4tekuivatusrullide puhul \u00fcllatav see, kui mitu korda \u00fchte rulli korraliku pesu korral kasutada saab. \u201eMe tahtsime uut keskust avades kanda hoolt ka selle eest, et hoone keskkonnajalaj\u00e4lg oleks v\u00f5imalikult v\u00e4ike. On t\u00e4nuv\u00e4\u00e4rne, et Lindstr\u00f6m on partner, kes looduse hoidmisele nii palju t\u00e4helepanu p\u00f6\u00f6rab ja aitab ka meil j\u00e4tkusuutlikum olla. See, mis saab tekstiilidest eluts\u00fckli l\u00f5pus, on kogu maailmas saanud v\u00e4ga t\u00f5siseks probleemiks. Mul on hea meel, et Lindstr\u00f6m meie eest selle probleemi lahendab ja oma tekstiilitoodetele uue elu annab,\u201c lisas ta.<\/p>\n\n\n\n<p>Krete Enno s\u00f5nul on Lindstr\u00f6mi teenuse \u00fcks hinnalisemaid v\u00e4\u00e4rtusi asjalik n\u00f5u, mida m\u00fc\u00fcgiesindaja kohapealsete ruumidega tutvudes andis.<\/p>\n\n\n\n<p>\u201eMeil on lisaks ootesaalile mitu teist ruumi ning m\u00fc\u00fcgiesindaja oskas meid k\u00fclastades v\u00e4lja tuua kohad, mis hakkavad m\u00e4rjal ja porisel perioodil meile peavalu tekitama. Saime nendesse kohtadesse paigutada v\u00e4iksemad vaibad ja t\u00e4nu sellele on kogu hoone korrashoid palju lihtsam. Saame ka vastavalt hooajale muuta seda, kui tihti vaibavahetus aset leiab. Ma ei kujutaks ette, et peaksime selliste muredega omade j\u00f5ududega tegelema,\u201c r\u00e4\u00e4kis Enno.<\/p>\n\n\n\n<p>Elav Elva keskuse juhi s\u00f5nul on Lindstr\u00f6mi teenusega kaasnenud muutus olnud n\u00e4htav ka t\u00f6\u00f6tajatele ja k\u00fclastajatele.<\/p>\n\n\n\n<p>\u201eOleme saanud klientidelt positiivset tagasisidet, mis ei \u00fcllata, sest meil on varasemaga v\u00f5rreldes palju lihtsam puhtust hoida. Ka meid k\u00fclastanud koost\u00f6\u00f6partnerid on k\u00fcsinud, kuidas oleme sellise taseme suutnud saavutada. Me pole soovitusega kitsi olnud ja jagame meelsasti Lindstr\u00f6mi kontakte k\u00f5igile huvilistele. Ma usun, et see teenus on \u00fclivajalik igale asutusele, kus on palju kliente ja t\u00f6\u00f6tajaid. \u00dcldine mulje on palju parem ning koristaja elu samuti kergem,\u201c kinnitas ta.<\/p>\n","protected":false},"excerpt":{"rendered":"<p>SA Elva Kultuur ja Sport avas sel suvel Elva jaamahoones uue turismiinfo- ja k\u00fclastuskeskuse Elav Elva, mis sai koheselt linna k\u00fclastajate aga ka kohalike seas&#8230;<\/p>\n","protected":false},"author":14,"featured_media":17194,"comment_status":"closed","ping_status":"open","sticky":false,"template":"","format":"standard","meta":{"_acf_changed":false,"inline_featured_image":false,"_eb_attr":"","site-sidebar-layout":"default","site-content-layout":"","ast-site-content-layout":"default","site-content-style":"default","site-sidebar-style":"default","ast-global-header-display":"","ast-banner-title-visibility":"","ast-main-header-display":"","ast-hfb-above-header-display":"","ast-hfb-below-header-display":"","ast-hfb-mobile-header-display":"","site-post-title":"","ast-breadcrumbs-content":"","ast-featured-img":"","footer-sml-layout":"","ast-disable-related-posts":"","theme-transparent-header-meta":"","adv-header-id-meta":"","stick-header-meta":"","header-above-stick-meta":"","header-main-stick-meta":"","header-below-stick-meta":"","astra-migrate-meta-layouts":"default","ast-page-background-enabled":"default","ast-page-background-meta":{"desktop":{"background-color":"var(--ast-global-color-4)","background-image":"","background-repeat":"repeat","background-position":"center center","background-size":"auto","background-attachment":"scroll","background-type":"","background-media":"","overlay-type":"","overlay-color":"","overlay-opacity":"","overlay-gradient":""},"tablet":{"background-color":"","background-image":"","background-repeat":"repeat","background-position":"center center","background-size":"auto","background-attachment":"scroll","background-type":"","background-media":"","overlay-type":"","overlay-color":"","overlay-opacity":"","overlay-gradient":""},"mobile":{"background-color":"","background-image":"","background-repeat":"repeat","background-position":"center center","background-size":"auto","background-attachment":"scroll","background-type":"","background-media":"","overlay-type":"","overlay-color":"","overlay-opacity":"","overlay-gradient":""}},"ast-content-background-meta":{"desktop":{"background-color":"var(--ast-global-color-5)","background-image":"","background-repeat":"repeat","background-position":"center center","background-size":"auto","background-attachment":"scroll","background-type":"","background-media":"","overlay-type":"","overlay-color":"","overlay-opacity":"","overlay-gradient":""},"tablet":{"background-color":"var(--ast-global-color-5)","background-image":"","background-repeat":"repeat","background-position":"center center","background-size":"auto","background-attachment":"scroll","background-type":"","background-media":"","overlay-type":"","overlay-color":"","overlay-opacity":"","overlay-gradient":""},"mobile":{"background-color":"var(--ast-global-color-5)","background-image":"","background-repeat":"repeat","background-position":"center center","background-size":"auto","background-attachment":"scroll","background-type":"","background-media":"","overlay-type":"","overlay-color":"","overlay-opacity":"","overlay-gradient":""}},"footnotes":""},"categories":[29],"tags":[51,30,25],"coauthors":[20],"class_list":["post-17192","post","type-post","status-publish","format-standard","has-post-thumbnail","hentry","category-klientide-soovitused","tag-kliendikogemus","tag-tualettruumiteenus","tag-vahetusvaibateenus"],"acf":[],"yoast_head":"<!-- This site is optimized with the Yoast SEO plugin v27.2 - https:\/\/yoast.com\/product\/yoast-seo-wordpress\/ -->\n<title>Elav Elva: k\u00fclastajad kiidavad, kui korras meil k\u00f5ik on - Lindstr\u00f6m<\/title>\n<meta name=\"description\" content=\"Elva jaamahoones avatis uus turismiinfo- ja k\u00fclastuskeskuse Elav Elva, kus on kasutusel Lindstr\u00f6mi disainvaibad ja tualettruumiteenus.\" \/>\n<meta name=\"robots\" content=\"index, follow, max-snippet:-1, max-image-preview:large, max-video-preview:-1\" \/>\n<meta property=\"og:locale\" content=\"et_EE\" \/>\n<meta property=\"og:type\" content=\"article\" \/>\n<meta property=\"og:title\" content=\"Elav Elva: k\u00fclastajad kiidavad, kui korras meil k\u00f5ik on - Lindstr\u00f6m\" \/>\n<meta property=\"og:description\" content=\"Elva jaamahoones avatis uus turismiinfo- ja k\u00fclastuskeskuse Elav Elva, kus on kasutusel Lindstr\u00f6mi disainvaibad ja tualettruumiteenus.\" \/>\n<meta property=\"og:url\" content=\"https:\/\/lindstromgroup.com\/ee\/klientide-soovitused\/elav-elva-keskuse-juht-kulastajad-kiidavad-kui-korras-meil-koik-on\/\" \/>\n<meta property=\"og:site_name\" content=\"Lindstr\u00f6m Eesti\" \/>\n<meta property=\"article:published_time\" content=\"2024-03-19T13:34:32+00:00\" \/>\n<meta property=\"article:modified_time\" content=\"2024-11-21T09:01:45+00:00\" \/>\n<meta property=\"og:image\" content=\"https:\/\/d2ris6qfzcz0wn.cloudfront.net\/wp-content\/uploads\/sites\/13\/2024\/03\/elav_elva-1.jpg\" \/>\n\t<meta property=\"og:image:width\" content=\"1600\" \/>\n\t<meta property=\"og:image:height\" content=\"725\" \/>\n\t<meta property=\"og:image:type\" content=\"image\/jpeg\" \/>\n<meta name=\"author\" content=\"Lindstr\u00f6m Group\" \/>\n<meta name=\"twitter:card\" content=\"summary_large_image\" \/>\n<meta name=\"twitter:label1\" content=\"Written by\" \/>\n\t<meta name=\"twitter:data1\" content=\"Lindstr\u00f6m Group\" \/>\n\t<meta name=\"twitter:label2\" content=\"Est. reading time\" \/>\n\t<meta name=\"twitter:data2\" content=\"4 minutit\" \/>\n<script type=\"application\/ld+json\" class=\"yoast-schema-graph\">{\"@context\":\"https:\/\/schema.org\",\"@graph\":[{\"@type\":\"Article\",\"@id\":\"https:\/\/lindstromgroup.com\/ee\/klientide-soovitused\/elav-elva-keskuse-juht-kulastajad-kiidavad-kui-korras-meil-koik-on\/#article\",\"isPartOf\":{\"@id\":\"https:\/\/lindstromgroup.com\/ee\/klientide-soovitused\/elav-elva-keskuse-juht-kulastajad-kiidavad-kui-korras-meil-koik-on\/\"},\"author\":{\"name\":\"Lindstr\u00f6m Group\",\"@id\":\"https:\/\/lindstromgroup.com\/ee\/#\/schema\/person\/9111900e3f15be99cf4a104112bf0bc3\"},\"headline\":\"Elav Elva juht: k\u00fclastajad kiidavad meie korda ja puhtust\",\"datePublished\":\"2024-03-19T13:34:32+00:00\",\"dateModified\":\"2024-11-21T09:01:45+00:00\",\"mainEntityOfPage\":{\"@id\":\"https:\/\/lindstromgroup.com\/ee\/klientide-soovitused\/elav-elva-keskuse-juht-kulastajad-kiidavad-kui-korras-meil-koik-on\/\"},\"wordCount\":613,\"publisher\":{\"@id\":\"https:\/\/lindstromgroup.com\/ee\/#organization\"},\"image\":{\"@id\":\"https:\/\/lindstromgroup.com\/ee\/klientide-soovitused\/elav-elva-keskuse-juht-kulastajad-kiidavad-kui-korras-meil-koik-on\/#primaryimage\"},\"thumbnailUrl\":\"https:\/\/d2ris6qfzcz0wn.cloudfront.net\/wp-content\/uploads\/sites\/13\/2024\/03\/elav_elva-1.jpg\",\"keywords\":[\"#kliendikogemus\",\"#tualettruumiteenus\",\"#vahetusvaibateenus\"],\"articleSection\":[\"Kliendilugu\"],\"inLanguage\":\"et\"},{\"@type\":\"WebPage\",\"@id\":\"https:\/\/lindstromgroup.com\/ee\/klientide-soovitused\/elav-elva-keskuse-juht-kulastajad-kiidavad-kui-korras-meil-koik-on\/\",\"url\":\"https:\/\/lindstromgroup.com\/ee\/klientide-soovitused\/elav-elva-keskuse-juht-kulastajad-kiidavad-kui-korras-meil-koik-on\/\",\"name\":\"Elav Elva: k\u00fclastajad kiidavad, kui korras meil k\u00f5ik on - Lindstr\u00f6m\",\"isPartOf\":{\"@id\":\"https:\/\/lindstromgroup.com\/ee\/#website\"},\"primaryImageOfPage\":{\"@id\":\"https:\/\/lindstromgroup.com\/ee\/klientide-soovitused\/elav-elva-keskuse-juht-kulastajad-kiidavad-kui-korras-meil-koik-on\/#primaryimage\"},\"image\":{\"@id\":\"https:\/\/lindstromgroup.com\/ee\/klientide-soovitused\/elav-elva-keskuse-juht-kulastajad-kiidavad-kui-korras-meil-koik-on\/#primaryimage\"},\"thumbnailUrl\":\"https:\/\/d2ris6qfzcz0wn.cloudfront.net\/wp-content\/uploads\/sites\/13\/2024\/03\/elav_elva-1.jpg\",\"datePublished\":\"2024-03-19T13:34:32+00:00\",\"dateModified\":\"2024-11-21T09:01:45+00:00\",\"description\":\"Elva jaamahoones avatis uus turismiinfo- ja k\u00fclastuskeskuse Elav Elva, kus on kasutusel Lindstr\u00f6mi disainvaibad ja tualettruumiteenus.\",\"breadcrumb\":{\"@id\":\"https:\/\/lindstromgroup.com\/ee\/klientide-soovitused\/elav-elva-keskuse-juht-kulastajad-kiidavad-kui-korras-meil-koik-on\/#breadcrumb\"},\"inLanguage\":\"et\",\"potentialAction\":[{\"@type\":\"ReadAction\",\"target\":[\"https:\/\/lindstromgroup.com\/ee\/klientide-soovitused\/elav-elva-keskuse-juht-kulastajad-kiidavad-kui-korras-meil-koik-on\/\"]}]},{\"@type\":\"ImageObject\",\"inLanguage\":\"et\",\"@id\":\"https:\/\/lindstromgroup.com\/ee\/klientide-soovitused\/elav-elva-keskuse-juht-kulastajad-kiidavad-kui-korras-meil-koik-on\/#primaryimage\",\"url\":\"https:\/\/d2ris6qfzcz0wn.cloudfront.net\/wp-content\/uploads\/sites\/13\/2024\/03\/elav_elva-1.jpg\",\"contentUrl\":\"https:\/\/d2ris6qfzcz0wn.cloudfront.net\/wp-content\/uploads\/sites\/13\/2024\/03\/elav_elva-1.jpg\",\"width\":1600,\"height\":725},{\"@type\":\"BreadcrumbList\",\"@id\":\"https:\/\/lindstromgroup.com\/ee\/klientide-soovitused\/elav-elva-keskuse-juht-kulastajad-kiidavad-kui-korras-meil-koik-on\/#breadcrumb\",\"itemListElement\":[{\"@type\":\"ListItem\",\"position\":1,\"name\":\"Kliendilugu\",\"item\":\"https:\/\/lindstromgroup.com\/ee\/category\/klientide-soovitused\/\"},{\"@type\":\"ListItem\",\"position\":2,\"name\":\"Elav Elva juht: k\u00fclastajad kiidavad meie korda ja puhtust\"}]},{\"@type\":\"WebSite\",\"@id\":\"https:\/\/lindstromgroup.com\/ee\/#website\",\"url\":\"https:\/\/lindstromgroup.com\/ee\/\",\"name\":\"Lindstr\u00f6m Eesti\",\"description\":\"\",\"publisher\":{\"@id\":\"https:\/\/lindstromgroup.com\/ee\/#organization\"},\"potentialAction\":[{\"@type\":\"SearchAction\",\"target\":{\"@type\":\"EntryPoint\",\"urlTemplate\":\"https:\/\/lindstromgroup.com\/ee\/?s={search_term_string}\"},\"query-input\":{\"@type\":\"PropertyValueSpecification\",\"valueRequired\":true,\"valueName\":\"search_term_string\"}}],\"inLanguage\":\"et\"},{\"@type\":\"Organization\",\"@id\":\"https:\/\/lindstromgroup.com\/ee\/#organization\",\"name\":\"Lindstr\u00f6m Eesti\",\"url\":\"https:\/\/lindstromgroup.com\/ee\/\",\"logo\":{\"@type\":\"ImageObject\",\"inLanguage\":\"et\",\"@id\":\"https:\/\/lindstromgroup.com\/ee\/#\/schema\/logo\/image\/\",\"url\":\"https:\/\/d2ris6qfzcz0wn.cloudfront.net\/wp-content\/uploads\/sites\/13\/2023\/10\/Logo512.png\",\"contentUrl\":\"https:\/\/d2ris6qfzcz0wn.cloudfront.net\/wp-content\/uploads\/sites\/13\/2023\/10\/Logo512.png\",\"width\":512,\"height\":109,\"caption\":\"Lindstr\u00f6m Eesti\"},\"image\":{\"@id\":\"https:\/\/lindstromgroup.com\/ee\/#\/schema\/logo\/image\/\"}},{\"@type\":\"Person\",\"@id\":\"https:\/\/lindstromgroup.com\/ee\/#\/schema\/person\/9111900e3f15be99cf4a104112bf0bc3\",\"name\":\"Lindstr\u00f6m Group\",\"image\":{\"@type\":\"ImageObject\",\"inLanguage\":\"et\",\"@id\":\"https:\/\/d2ris6qfzcz0wn.cloudfront.net\/wp-content\/uploads\/sites\/13\/2024\/11\/Red-Logo-150x150.pngdc172a6bb4807003fd396d3bf661b0f5\",\"url\":\"https:\/\/d2ris6qfzcz0wn.cloudfront.net\/wp-content\/uploads\/sites\/13\/2024\/11\/Red-Logo-150x150.png\",\"contentUrl\":\"https:\/\/d2ris6qfzcz0wn.cloudfront.net\/wp-content\/uploads\/sites\/13\/2024\/11\/Red-Logo-150x150.png\",\"caption\":\"Lindstr\u00f6m Group\"}}]}<\/script>\n<!-- \/ Yoast SEO plugin. -->","yoast_head_json":{"title":"Elav Elva: k\u00fclastajad kiidavad, kui korras meil k\u00f5ik on - Lindstr\u00f6m","description":"Elva jaamahoones avatis uus turismiinfo- ja k\u00fclastuskeskuse Elav Elva, kus on kasutusel Lindstr\u00f6mi disainvaibad ja tualettruumiteenus.","robots":{"index":"index","follow":"follow","max-snippet":"max-snippet:-1","max-image-preview":"max-image-preview:large","max-video-preview":"max-video-preview:-1"},"og_locale":"et_EE","og_type":"article","og_title":"Elav Elva: k\u00fclastajad kiidavad, kui korras meil k\u00f5ik on - Lindstr\u00f6m","og_description":"Elva jaamahoones avatis uus turismiinfo- ja k\u00fclastuskeskuse Elav Elva, kus on kasutusel Lindstr\u00f6mi disainvaibad ja tualettruumiteenus.","og_url":"https:\/\/lindstromgroup.com\/ee\/klientide-soovitused\/elav-elva-keskuse-juht-kulastajad-kiidavad-kui-korras-meil-koik-on\/","og_site_name":"Lindstr\u00f6m Eesti","article_published_time":"2024-03-19T13:34:32+00:00","article_modified_time":"2024-11-21T09:01:45+00:00","og_image":[{"width":1600,"height":725,"url":"https:\/\/d2ris6qfzcz0wn.cloudfront.net\/wp-content\/uploads\/sites\/13\/2024\/03\/elav_elva-1.jpg","type":"image\/jpeg"}],"author":"Lindstr\u00f6m Group","twitter_card":"summary_large_image","twitter_misc":{"Written by":"Lindstr\u00f6m Group","Est. reading time":"4 minutit"},"schema":{"@context":"https:\/\/schema.org","@graph":[{"@type":"Article","@id":"https:\/\/lindstromgroup.com\/ee\/klientide-soovitused\/elav-elva-keskuse-juht-kulastajad-kiidavad-kui-korras-meil-koik-on\/#article","isPartOf":{"@id":"https:\/\/lindstromgroup.com\/ee\/klientide-soovitused\/elav-elva-keskuse-juht-kulastajad-kiidavad-kui-korras-meil-koik-on\/"},"author":{"name":"Lindstr\u00f6m Group","@id":"https:\/\/lindstromgroup.com\/ee\/#\/schema\/person\/9111900e3f15be99cf4a104112bf0bc3"},"headline":"Elav Elva juht: k\u00fclastajad kiidavad meie korda ja puhtust","datePublished":"2024-03-19T13:34:32+00:00","dateModified":"2024-11-21T09:01:45+00:00","mainEntityOfPage":{"@id":"https:\/\/lindstromgroup.com\/ee\/klientide-soovitused\/elav-elva-keskuse-juht-kulastajad-kiidavad-kui-korras-meil-koik-on\/"},"wordCount":613,"publisher":{"@id":"https:\/\/lindstromgroup.com\/ee\/#organization"},"image":{"@id":"https:\/\/lindstromgroup.com\/ee\/klientide-soovitused\/elav-elva-keskuse-juht-kulastajad-kiidavad-kui-korras-meil-koik-on\/#primaryimage"},"thumbnailUrl":"https:\/\/d2ris6qfzcz0wn.cloudfront.net\/wp-content\/uploads\/sites\/13\/2024\/03\/elav_elva-1.jpg","keywords":["#kliendikogemus","#tualettruumiteenus","#vahetusvaibateenus"],"articleSection":["Kliendilugu"],"inLanguage":"et"},{"@type":"WebPage","@id":"https:\/\/lindstromgroup.com\/ee\/klientide-soovitused\/elav-elva-keskuse-juht-kulastajad-kiidavad-kui-korras-meil-koik-on\/","url":"https:\/\/lindstromgroup.com\/ee\/klientide-soovitused\/elav-elva-keskuse-juht-kulastajad-kiidavad-kui-korras-meil-koik-on\/","name":"Elav Elva: k\u00fclastajad kiidavad, kui korras meil k\u00f5ik on - Lindstr\u00f6m","isPartOf":{"@id":"https:\/\/lindstromgroup.com\/ee\/#website"},"primaryImageOfPage":{"@id":"https:\/\/lindstromgroup.com\/ee\/klientide-soovitused\/elav-elva-keskuse-juht-kulastajad-kiidavad-kui-korras-meil-koik-on\/#primaryimage"},"image":{"@id":"https:\/\/lindstromgroup.com\/ee\/klientide-soovitused\/elav-elva-keskuse-juht-kulastajad-kiidavad-kui-korras-meil-koik-on\/#primaryimage"},"thumbnailUrl":"https:\/\/d2ris6qfzcz0wn.cloudfront.net\/wp-content\/uploads\/sites\/13\/2024\/03\/elav_elva-1.jpg","datePublished":"2024-03-19T13:34:32+00:00","dateModified":"2024-11-21T09:01:45+00:00","description":"Elva jaamahoones avatis uus turismiinfo- ja k\u00fclastuskeskuse Elav Elva, kus on kasutusel Lindstr\u00f6mi disainvaibad ja tualettruumiteenus.","breadcrumb":{"@id":"https:\/\/lindstromgroup.com\/ee\/klientide-soovitused\/elav-elva-keskuse-juht-kulastajad-kiidavad-kui-korras-meil-koik-on\/#breadcrumb"},"inLanguage":"et","potentialAction":[{"@type":"ReadAction","target":["https:\/\/lindstromgroup.com\/ee\/klientide-soovitused\/elav-elva-keskuse-juht-kulastajad-kiidavad-kui-korras-meil-koik-on\/"]}]},{"@type":"ImageObject","inLanguage":"et","@id":"https:\/\/lindstromgroup.com\/ee\/klientide-soovitused\/elav-elva-keskuse-juht-kulastajad-kiidavad-kui-korras-meil-koik-on\/#primaryimage","url":"https:\/\/d2ris6qfzcz0wn.cloudfront.net\/wp-content\/uploads\/sites\/13\/2024\/03\/elav_elva-1.jpg","contentUrl":"https:\/\/d2ris6qfzcz0wn.cloudfront.net\/wp-content\/uploads\/sites\/13\/2024\/03\/elav_elva-1.jpg","width":1600,"height":725},{"@type":"BreadcrumbList","@id":"https:\/\/lindstromgroup.com\/ee\/klientide-soovitused\/elav-elva-keskuse-juht-kulastajad-kiidavad-kui-korras-meil-koik-on\/#breadcrumb","itemListElement":[{"@type":"ListItem","position":1,"name":"Kliendilugu","item":"https:\/\/lindstromgroup.com\/ee\/category\/klientide-soovitused\/"},{"@type":"ListItem","position":2,"name":"Elav Elva juht: k\u00fclastajad kiidavad meie korda ja puhtust"}]},{"@type":"WebSite","@id":"https:\/\/lindstromgroup.com\/ee\/#website","url":"https:\/\/lindstromgroup.com\/ee\/","name":"Lindstr\u00f6m Eesti","description":"","publisher":{"@id":"https:\/\/lindstromgroup.com\/ee\/#organization"},"potentialAction":[{"@type":"SearchAction","target":{"@type":"EntryPoint","urlTemplate":"https:\/\/lindstromgroup.com\/ee\/?s={search_term_string}"},"query-input":{"@type":"PropertyValueSpecification","valueRequired":true,"valueName":"search_term_string"}}],"inLanguage":"et"},{"@type":"Organization","@id":"https:\/\/lindstromgroup.com\/ee\/#organization","name":"Lindstr\u00f6m Eesti","url":"https:\/\/lindstromgroup.com\/ee\/","logo":{"@type":"ImageObject","inLanguage":"et","@id":"https:\/\/lindstromgroup.com\/ee\/#\/schema\/logo\/image\/","url":"https:\/\/d2ris6qfzcz0wn.cloudfront.net\/wp-content\/uploads\/sites\/13\/2023\/10\/Logo512.png","contentUrl":"https:\/\/d2ris6qfzcz0wn.cloudfront.net\/wp-content\/uploads\/sites\/13\/2023\/10\/Logo512.png","width":512,"height":109,"caption":"Lindstr\u00f6m Eesti"},"image":{"@id":"https:\/\/lindstromgroup.com\/ee\/#\/schema\/logo\/image\/"}},{"@type":"Person","@id":"https:\/\/lindstromgroup.com\/ee\/#\/schema\/person\/9111900e3f15be99cf4a104112bf0bc3","name":"Lindstr\u00f6m Group","image":{"@type":"ImageObject","inLanguage":"et","@id":"https:\/\/d2ris6qfzcz0wn.cloudfront.net\/wp-content\/uploads\/sites\/13\/2024\/11\/Red-Logo-150x150.pngdc172a6bb4807003fd396d3bf661b0f5","url":"https:\/\/d2ris6qfzcz0wn.cloudfront.net\/wp-content\/uploads\/sites\/13\/2024\/11\/Red-Logo-150x150.png","contentUrl":"https:\/\/d2ris6qfzcz0wn.cloudfront.net\/wp-content\/uploads\/sites\/13\/2024\/11\/Red-Logo-150x150.png","caption":"Lindstr\u00f6m Group"}}]}},"publishpress_future_workflow_manual_trigger":{"enabledWorkflows":[]},"distributor_meta":false,"distributor_terms":false,"distributor_media":false,"distributor_original_site_name":"Lindstr\u00f6m Eesti","distributor_original_site_url":"https:\/\/lindstromgroup.com\/ee","push-errors":false,"_links":{"self":[{"href":"https:\/\/lindstromgroup.com\/ee\/wp-json\/wp\/v2\/posts\/17192","targetHints":{"allow":["GET"]}}],"collection":[{"href":"https:\/\/lindstromgroup.com\/ee\/wp-json\/wp\/v2\/posts"}],"about":[{"href":"https:\/\/lindstromgroup.com\/ee\/wp-json\/wp\/v2\/types\/post"}],"author":[{"embeddable":true,"href":"https:\/\/lindstromgroup.com\/ee\/wp-json\/wp\/v2\/users\/14"}],"replies":[{"embeddable":true,"href":"https:\/\/lindstromgroup.com\/ee\/wp-json\/wp\/v2\/comments?post=17192"}],"version-history":[{"count":0,"href":"https:\/\/lindstromgroup.com\/ee\/wp-json\/wp\/v2\/posts\/17192\/revisions"}],"wp:featuredmedia":[{"embeddable":true,"href":"https:\/\/lindstromgroup.com\/ee\/wp-json\/wp\/v2\/media\/17194"}],"wp:attachment":[{"href":"https:\/\/lindstromgroup.com\/ee\/wp-json\/wp\/v2\/media?parent=17192"}],"wp:term":[{"taxonomy":"category","embeddable":true,"href":"https:\/\/lindstromgroup.com\/ee\/wp-json\/wp\/v2\/categories?post=17192"},{"taxonomy":"post_tag","embeddable":true,"href":"https:\/\/lindstromgroup.com\/ee\/wp-json\/wp\/v2\/tags?post=17192"},{"taxonomy":"author","embeddable":true,"href":"https:\/\/lindstromgroup.com\/ee\/wp-json\/wp\/v2\/coauthors?post=17192"}],"curies":[{"name":"wp","href":"https:\/\/api.w.org\/{rel}","templated":true}]}}