
    {"id":17803,"date":"2025-11-16T20:02:28","date_gmt":"2025-11-16T19:02:28","guid":{"rendered":"https:\/\/lindstromgroup.com\/de\/?p=17803"},"modified":"2025-11-16T20:02:29","modified_gmt":"2025-11-16T19:02:29","slug":"von-black-friday-zu-circular-monday","status":"publish","type":"post","link":"https:\/\/lindstromgroup.com\/de\/articles\/von-black-friday-zu-circular-monday\/","title":{"rendered":"Vom Black Friday zum Circular Monday: Wenn sich die Art und Weise \u00e4ndert, wie wir Konsum wahrnehmen"},"content":{"rendered":"\n<p><strong>Der Black Friday ist die gr\u00f6\u00dfte Rabattaktion des Jahres. Dieser \u201eFeiertag\u201c entstand in den USA in den 80er Jahren und ist heute nicht nur ein Symbol f\u00fcr billige Weihnachtsgeschenke, sondern vor allem f\u00fcr \u00fcberm\u00e4\u00dfigen Konsum, Verschwendung, irref\u00fchrende Werbung und die verh\u00e4ngnisvollen Auswirkungen auf die Umwelt. Probieren Sie in diesem Jahr etwas Neues machen Sie anstatt beim Black Friday bei der Initiative Circular Monday mit. Sie ersparen sich nicht nur den Stress des Kaufwahns, sondern verringern gleichzeitig die Auswirkungen der Weihnachtseink\u00e4ufe auf den Planeten.<\/strong><\/p>\n\n\n\n<h2 class=\"wp-block-heading\">Von Rabatten hin zu Verantwortung<\/h2>\n\n\n\n<p>Weihnachtliche Rabattaktionen sind f\u00fcr manche attraktiv, aber <strong>immer mehr Kunden sehen sie negativ<\/strong>. Einige <a href=\"https:\/\/www.climatepartner.com\/en\/knowledge\/blog\/black-friday-carbon-data\" target=\"_blank\" rel=\"noreferrer noopener\">Daten \u00fcber den Black Friday<\/a> sind n\u00e4mlich wirklich beunruhigend:<\/p>\n\n\n\n<ul class=\"wp-block-list\">\n<li>Bis zu 80 % der am Black Friday gekauften Produkte werden <strong>nach einigen Verwendungen weggeworfen<\/strong>.<\/li>\n\n\n\n<li>Bis zu 33 % der gekauften Produkte werden zur\u00fcckgegeben, was bis zu <strong>30 % mehr Emissionen<\/strong> pro Artikel verursachen kann als die urspr\u00fcngliche Zustellung.<\/li>\n\n\n\n<li>Zwischen dem Black Friday und Neujahr <strong>erh\u00f6ht sich die Abfallmenge von Haushalten in den USA um 25 %<\/strong>, wobei Verpackungen h\u00e4ufig nicht recycelt werden.<\/li>\n\n\n\n<li>Es wird gesch\u00e4tzt, dass es am Black Friday zur <strong>Emission von bis zu 429 000 Tonnen CO\u2082 allein f\u00fcr den Transport der Produkte kommt<\/strong>, was 435 Hin- und R\u00fcckfl\u00fcgen aus London nach New York entspricht.<\/li>\n<\/ul>\n\n\n\n<p>Der <a href=\"https:\/\/www.circularmonday.com\/\" target=\"_blank\" rel=\"noreferrer noopener\">Circular Monday<\/a> ist eine weithin anerkannte globale Bewegung, die in Schweden in Reaktion auf die negativen Auswirkungen der Weihnachtszeit auf den Planeten entstand. Der Circular Monday wird jedes Jahr am Montag vor dem Black Friday gefeiert, dieses Jahr also am <strong>24. November 2025<\/strong>.<\/p>\n\n\n\n<p>Sein Hauptgedanke ist die <strong>Ablehnung des \u00fcberm\u00e4\u00dfigen und linearen Konsums<\/strong>, der durch den Black Friday gef\u00f6rdert wird. Der Circular Monday, wie bereits der Name sagt, beruht auf dem Gedanken der <a href=\"https:\/\/lindstromgroup.com\/de\/articles\/kreislaufwirtschaft\/\" target=\"_blank\" rel=\"noreferrer noopener\">Kreislaufwirtschaft<\/a> und propagiert verantwortungsbewusste und gem\u00e4\u00dfigte Weihnachtseink\u00e4ufe und Recycling.<\/p>\n\n\n\n<p>Der Circular Monday hat das Ziel, <strong>die Abfallmenge an Weihnachten zu verringern, den Konsum einzuschr\u00e4nken und Ressourcen effizienter zu nutzen<\/strong>. An diesem Tag schlie\u00dfen sich verantwortungsbewusste H\u00e4ndler zusammen, um ihre nachhaltigen Erzeugnisse zu reduzierten Preisen anzubieten. Sie k\u00f6nnen auf diese Weise g\u00fcnstig recycelte Waren oder Second-Hand-Artikel kaufen oder Dienstleistungen wie Reparatur, Vermietung und Sharing nutzen.<\/p>\n\n\n\n<figure class=\"wp-block-image size-large\"><img decoding=\"async\" width=\"1024\" height=\"683\" src=\"https:\/\/d2ris6qfzcz0wn.cloudfront.net\/wp-content\/uploads\/sites\/26\/2025\/11\/lindstrom-von-black-friday-zu-circular-monday-112025-2-de-1024x683.jpg\" alt=\"Ausverkauf in einem Gesch\u00e4ft mit dem Schild \u201e50 % Rabatt\u201c w\u00e4hrend des Black Friday.\" class=\"wp-image-17805\" srcset=\"https:\/\/d2ris6qfzcz0wn.cloudfront.net\/wp-content\/uploads\/sites\/26\/2025\/11\/lindstrom-von-black-friday-zu-circular-monday-112025-2-de-1024x683.jpg 1024w, https:\/\/d2ris6qfzcz0wn.cloudfront.net\/wp-content\/uploads\/sites\/26\/2025\/11\/lindstrom-von-black-friday-zu-circular-monday-112025-2-de-300x200.jpg 300w, https:\/\/d2ris6qfzcz0wn.cloudfront.net\/wp-content\/uploads\/sites\/26\/2025\/11\/lindstrom-von-black-friday-zu-circular-monday-112025-2-de-768x512.jpg 768w, https:\/\/d2ris6qfzcz0wn.cloudfront.net\/wp-content\/uploads\/sites\/26\/2025\/11\/lindstrom-von-black-friday-zu-circular-monday-112025-2-de-1536x1024.jpg 1536w, https:\/\/d2ris6qfzcz0wn.cloudfront.net\/wp-content\/uploads\/sites\/26\/2025\/11\/lindstrom-von-black-friday-zu-circular-monday-112025-2-de.jpg 1920w\" sizes=\"(max-width: 1024px) 100vw, 1024px\" \/><figcaption class=\"wp-element-caption\"><em>Der Black Friday ist heute ein Symbol f\u00fcr den \u00fcberm\u00e4\u00dfigen Konsum, der unseren Planeten zerst\u00f6rt.<\/em><\/figcaption><\/figure>\n\n\n\n<p>Auch unsere Firmenphilosophie beruht auf den Prinzipien der Kreislaufwirtschaft. <a href=\"https:\/\/lindstromgroup.com\/de\/services\/\">Die Vermietung nachhaltiger Arbeitskleidung<\/a> anstelle ihres Kaufs <strong>verringert die Menge an <a href=\"https:\/\/lindstromgroup.com\/de\/articles\/wo-landen-textilabfaelle-und-pet-flaschen\/\">Textilabfall<\/a> betr\u00e4chtlich<\/strong>, indem sie es erm\u00f6glicht, die einzelnen Teile wiederholt zu verwenden. Dank unserer Dienstleistungen m\u00fcssen Sie Arbeitskleidung nicht kaufen und sich nicht damit befassen, was mit ungebrauchter oder aussortierter Kleidung passiert \u2013 um alles k\u00fcmmern wir uns, und zwar mit maximaler R\u00fccksicht auf die Umwelt.<\/p>\n\n\n\n<h2 class=\"wp-block-heading\">Wie kann man sich dem Circular Monday anschlie\u00dfen?<\/h2>\n\n\n\n<p>Jeder kann diese Initiative durch seine aktive Teilnahme unterst\u00fctzen: durch den Einkauf bei verantwortungsbewussten Firmen und H\u00e4ndlern oder durch <strong>Teilen von Informationen mit dem Hashtag #circularmonday<\/strong>.<\/p>\n\n\n\n<p>Ein wichtiger Schritt zu einem echten Wandel sind jedoch Daten. Mithilfe des <a href=\"https:\/\/climatehero.me\/\" target=\"_blank\" rel=\"noreferrer noopener\">pers\u00f6nlichen Climate-Hero-Rechners<\/a> k\u00f6nnen Sie Ihren CO\u2082-Fu\u00dfabdruck berechnen. Sie m\u00fcssen nur wenigen Angaben eingeben und k\u00f6nnen innerhalb von 5 Minuten feststellen, welche Auswirkungen Ihr Leben auf die Umwelt hat und was Sie leicht verbessern k\u00f6nnen. Es wird Sie m\u00f6glicherweise \u00fcberraschen, dass auch eine kleine \u00c4nderung der Gewohnheiten gro\u00dfen Einfluss auf die Verringerung der Treibhausgasemissionen haben kann.<\/p>\n\n\n\n<p>Am Circular Monday <strong>k\u00f6nnen sich<\/strong> selbstverst\u00e4ndlich <strong>auch Firmen beteiligen, und zwar auch dann, wenn sie selbst keine \u00f6kologischen Produkte anbieten<\/strong>. Sie k\u00f6nnen zum Beispiel recycelte Firmengeschenke f\u00fcr Kunden und Mitarbeiter kaufen, einen Weihnachtstausch organisieren, nicht mehr ben\u00f6tigte Sachen an gemeinn\u00fctzige Organisationen oder Reuse-Plattformen verschenken oder ein Weiterbildungsseminar und einen Workshop zum Thema Upcycling f\u00fcr Mitarbeiter organisieren.<\/p>\n\n\n\n<p>Der Schl\u00fcssel zu einer nachhaltigen Entwicklung sind auch Ihre Zulieferer. Am Circular Monday k\u00f6nnen Sie Kontakte zu einem lokalen Zero-Waste-Catering-Unternehmen kn\u00fcpfen oder beginnen, <strong>Ausstattung zu mieten statt sie zu kaufen<\/strong>.<\/p>\n\n\n\n<p>Wenn Sie beschlie\u00dfen, Lindstr\u00f6m-Arbeitskleidung zu mieten, verringern Sie nicht nur nachweislich Ihren CO\u2082-Fu\u00dfabdruck, sondern <a href=\"https:\/\/lindstromgroup.com\/de\/elindstroem\/\">in der App eLindstr\u00f6m<\/a> errechnen wir f\u00fcr Sie auch <strong>die konkreten Vorteile unserer Dienstleistungen f\u00fcr die Umwelt<\/strong>. Auf diese Weise erh\u00f6hen Sie Ihre Reputation bei Kunden und Mitarbeitern, denen an Nachhaltigkeit mehr liegt, als Sie m\u00f6glicherweise annehmen.<\/p>\n\n\n\n<h2 class=\"wp-block-heading\">Die Norstat-Studie hat gezeigt, dass Arbeitnehmer h\u00f6here \u00f6kologische Standards an Arbeitspl\u00e4tzen verlangen.<\/h2>\n\n\n\n<p>F\u00fcr Firmen und Arbeitgeber ist die Feststellung der Agentur Norstat interessant, die eine gro\u00dfangelegte Erhebung unter Arbeitnehmern in 11 L\u00e4ndern durchf\u00fchrte. Aus den Daten ging hervor, dass Nachhaltigkeit f\u00fcr <strong>70 % der Befragten <\/strong>aus der Tschechischen und Slowakischen Republik ein sehr wichtiger oder wichtiger Wert ist, und mehr als die H\u00e4lfte h\u00e4tte gern mehr Informationen \u00fcber die \u00f6kologischen Auswirkungen ihrer Arbeitskleidung.<\/p>\n\n\n\n<p>Bei Lindstr\u00f6m <strong>wird <\/strong>Arbeitskleidung <strong>\u00f6kologisch hergestellt, gereinigt, gepflegt, repariert und recycelt<\/strong>, und wir stellen transparente Daten \u00fcber alle Schritte zur Verf\u00fcgung. Wir sind stolzer Inhaber der renommierten Platinmedaille Ecovadis, die uns im Bereich der Nachhaltigkeit zu den f\u00fchrenden 1 % der bewerteten Firmen z\u00e4hlt.<\/p>\n\n\n\n<figure class=\"wp-block-image size-large\"><img decoding=\"async\" width=\"1024\" height=\"683\" src=\"https:\/\/d2ris6qfzcz0wn.cloudfront.net\/wp-content\/uploads\/sites\/26\/2025\/11\/lindstrom-von-black-friday-zu-circular-monday-112025-3-de-1024x683.webp\" alt=\"Mitarbeitende eines Unternehmens in nachhaltiger Arbeitskleidung von Lindstr\u00f6m.\" class=\"wp-image-17806\" srcset=\"https:\/\/d2ris6qfzcz0wn.cloudfront.net\/wp-content\/uploads\/sites\/26\/2025\/11\/lindstrom-von-black-friday-zu-circular-monday-112025-3-de-1024x683.webp 1024w, https:\/\/d2ris6qfzcz0wn.cloudfront.net\/wp-content\/uploads\/sites\/26\/2025\/11\/lindstrom-von-black-friday-zu-circular-monday-112025-3-de-300x200.webp 300w, https:\/\/d2ris6qfzcz0wn.cloudfront.net\/wp-content\/uploads\/sites\/26\/2025\/11\/lindstrom-von-black-friday-zu-circular-monday-112025-3-de-768x512.webp 768w, https:\/\/d2ris6qfzcz0wn.cloudfront.net\/wp-content\/uploads\/sites\/26\/2025\/11\/lindstrom-von-black-friday-zu-circular-monday-112025-3-de.webp 1500w\" sizes=\"(max-width: 1024px) 100vw, 1024px\" \/><figcaption class=\"wp-element-caption\"><em>Lindstr\u00f6m-Arbeitskleidung ist praktisch, bequem und nachhaltig.<\/em><\/figcaption><\/figure>\n\n\n\n<h2 class=\"wp-block-heading\">Kreislaufwirtschaft in der Praxis: Jeder Schritt z\u00e4hlt.<\/h2>\n\n\n\n<p>Der Black Friday ist ein \u00fcberholtes Relikt, das zu einem traurigen Symbol der verantwortungslosen Konsumgesellschaft wurde. Tragen auch Sie dazu bei, eine <strong>neue Norm f\u00fcr bewussten Konsum<\/strong> zu schaffen, und ersetzen Sie den impulsiven Kauf von Weihnachtsgeschenken in diesem Jahr durch Ihre Teilnahme am Circular Monday.<\/p>\n\n\n\n<p>Verantwortung f\u00fcr die Umwelt ist ein langfristiger Prozess, der nicht an Weihnachten enden sollte. Firmen k\u00f6nnen die <strong>Nutzung zirkul\u00e4rer Dienstleistungen<\/strong> in Betracht ziehen, ihre Emissionen effektiv verfolgen und ihre Mitarbeiter schulen. Nachhaltigkeit ist f\u00fcr Firmen bei weitem nicht nur eine gesetzliche Pflicht. Durch die Einf\u00fchrung zirkul\u00e4r-\u00f6konomischer und ressourcensparender Prozesse <strong>sparen Sie sowohl Kosten als auch Zeit und steigern Ihre Wettbewerbsf\u00e4higkeit<\/strong>. Immer mehr Verbraucher geben n\u00e4mlich umweltfreundlichen Marken den Vorzug und sind bereit, daf\u00fcr mehr zu bezahlen.<\/p>\n\n\n\n<p>Jeder kann zirkul\u00e4r handeln und einen nachhaltigen Lebensstil w\u00e4hlen. Errechnen Sie einfach Ihren <a href=\"https:\/\/lindstromgroup.com\/de\/articles\/kohlenstoff-fussabdruck-und-textilabfaelle\/\">CO\u2082-Fu\u00dfabdruck<\/a> und lernen Sie, mit Bedacht einzukaufen und Sachen, wenn m\u00f6glich, <strong>zu reparieren, zu mieten oder zu teilen<\/strong>. Jeder Schritt z\u00e4hlt.<\/p>\n","protected":false},"excerpt":{"rendered":"<p>Der Black Friday ist die gr\u00f6\u00dfte Rabattaktion des Jahres. Dieser \u201eFeiertag\u201c entstand in den USA in den 80er Jahren und ist heute nicht nur ein&#8230;<\/p>\n","protected":false},"author":14,"featured_media":17804,"comment_status":"closed","ping_status":"open","sticky":false,"template":"","format":"standard","meta":{"_acf_changed":false,"inline_featured_image":false,"_eb_attr":"","site-sidebar-layout":"default","site-content-layout":"","ast-site-content-layout":"default","site-content-style":"default","site-sidebar-style":"default","ast-global-header-display":"","ast-banner-title-visibility":"","ast-main-header-display":"","ast-hfb-above-header-display":"","ast-hfb-below-header-display":"","ast-hfb-mobile-header-display":"","site-post-title":"","ast-breadcrumbs-content":"","ast-featured-img":"","footer-sml-layout":"","ast-disable-related-posts":"","theme-transparent-header-meta":"","adv-header-id-meta":"","stick-header-meta":"","header-above-stick-meta":"","header-main-stick-meta":"","header-below-stick-meta":"","astra-migrate-meta-layouts":"set","ast-page-background-enabled":"default","ast-page-background-meta":{"desktop":{"background-color":"var(--ast-global-color-4)","background-image":"","background-repeat":"repeat","background-position":"center center","background-size":"auto","background-attachment":"scroll","background-type":"","background-media":"","overlay-type":"","overlay-color":"","overlay-opacity":"","overlay-gradient":""},"tablet":{"background-color":"","background-image":"","background-repeat":"repeat","background-position":"center center","background-size":"auto","background-attachment":"scroll","background-type":"","background-media":"","overlay-type":"","overlay-color":"","overlay-opacity":"","overlay-gradient":""},"mobile":{"background-color":"","background-image":"","background-repeat":"repeat","background-position":"center center","background-size":"auto","background-attachment":"scroll","background-type":"","background-media":"","overlay-type":"","overlay-color":"","overlay-opacity":"","overlay-gradient":""}},"ast-content-background-meta":{"desktop":{"background-color":"var(--ast-global-color-5)","background-image":"","background-repeat":"repeat","background-position":"center center","background-size":"auto","background-attachment":"scroll","background-type":"","background-media":"","overlay-type":"","overlay-color":"","overlay-opacity":"","overlay-gradient":""},"tablet":{"background-color":"var(--ast-global-color-5)","background-image":"","background-repeat":"repeat","background-position":"center center","background-size":"auto","background-attachment":"scroll","background-type":"","background-media":"","overlay-type":"","overlay-color":"","overlay-opacity":"","overlay-gradient":""},"mobile":{"background-color":"var(--ast-global-color-5)","background-image":"","background-repeat":"repeat","background-position":"center center","background-size":"auto","background-attachment":"scroll","background-type":"","background-media":"","overlay-type":"","overlay-color":"","overlay-opacity":"","overlay-gradient":""}},"footnotes":""},"categories":[14],"tags":[],"coauthors":[20],"class_list":["post-17803","post","type-post","status-publish","format-standard","has-post-thumbnail","hentry","category-articles"],"acf":[],"yoast_head":"<!-- This site is optimized with the Yoast SEO plugin v27.2 - https:\/\/yoast.com\/product\/yoast-seo-wordpress\/ -->\n<title>Von Black Friday zu Circular Monday \u2013 Lindstr\u00f6m Germany<\/title>\n<meta name=\"description\" content=\"W\u00e4hlen Sie statt Black Friday den Circular Monday. Entdecken Sie nachhaltige Alternativen, die Umwelt und Unternehmen zugutekommen.\" \/>\n<meta name=\"robots\" content=\"index, follow, max-snippet:-1, max-image-preview:large, max-video-preview:-1\" \/>\n<meta property=\"og:locale\" content=\"de_DE\" \/>\n<meta property=\"og:type\" content=\"article\" \/>\n<meta property=\"og:title\" content=\"Von Black Friday zu Circular Monday \u2013 Lindstr\u00f6m Germany\" \/>\n<meta property=\"og:description\" content=\"W\u00e4hlen Sie statt Black Friday den Circular Monday. Entdecken Sie nachhaltige Alternativen, die Umwelt und Unternehmen zugutekommen.\" \/>\n<meta property=\"og:url\" content=\"https:\/\/lindstromgroup.com\/de\/articles\/von-black-friday-zu-circular-monday\/\" \/>\n<meta property=\"og:site_name\" content=\"Lindstr\u00f6m Germany\" \/>\n<meta property=\"article:published_time\" content=\"2025-11-16T19:02:28+00:00\" \/>\n<meta property=\"article:modified_time\" content=\"2025-11-16T19:02:29+00:00\" \/>\n<meta property=\"og:image\" content=\"https:\/\/d2ris6qfzcz0wn.cloudfront.net\/wp-content\/uploads\/sites\/26\/2025\/11\/lindstrom-von-black-friday-zu-circular-monday-112025-1-de.jpg\" \/>\n\t<meta property=\"og:image:width\" content=\"1920\" \/>\n\t<meta property=\"og:image:height\" content=\"1301\" \/>\n\t<meta property=\"og:image:type\" content=\"image\/jpeg\" \/>\n<meta name=\"author\" content=\"Lindstr\u00f6m Group\" \/>\n<meta name=\"twitter:card\" content=\"summary_large_image\" \/>\n<meta name=\"twitter:label1\" content=\"Verfasst von\" \/>\n\t<meta name=\"twitter:data1\" content=\"Lindstr\u00f6m Group\" \/>\n\t<meta name=\"twitter:label2\" content=\"Gesch\u00e4tzte Lesezeit\" \/>\n\t<meta name=\"twitter:data2\" content=\"6 Minuten\" \/>\n\t<meta name=\"twitter:label3\" content=\"Written by\" \/>\n\t<meta name=\"twitter:data3\" content=\"Lindstr\u00f6m Group\" \/>\n<script type=\"application\/ld+json\" class=\"yoast-schema-graph\">{\"@context\":\"https:\/\/schema.org\",\"@graph\":[{\"@type\":\"Article\",\"@id\":\"https:\/\/lindstromgroup.com\/de\/articles\/von-black-friday-zu-circular-monday\/#article\",\"isPartOf\":{\"@id\":\"https:\/\/lindstromgroup.com\/de\/articles\/von-black-friday-zu-circular-monday\/\"},\"author\":{\"name\":\"Lindstr\u00f6m Group\",\"@id\":\"https:\/\/lindstromgroup.com\/de\/#\/schema\/person\/9111900e3f15be99cf4a104112bf0bc3\"},\"headline\":\"Vom Black Friday zum Circular Monday: Wenn sich die Art und Weise \u00e4ndert, wie wir Konsum wahrnehmen\",\"datePublished\":\"2025-11-16T19:02:28+00:00\",\"dateModified\":\"2025-11-16T19:02:29+00:00\",\"mainEntityOfPage\":{\"@id\":\"https:\/\/lindstromgroup.com\/de\/articles\/von-black-friday-zu-circular-monday\/\"},\"wordCount\":1046,\"publisher\":{\"@id\":\"https:\/\/lindstromgroup.com\/de\/#organization\"},\"image\":{\"@id\":\"https:\/\/lindstromgroup.com\/de\/articles\/von-black-friday-zu-circular-monday\/#primaryimage\"},\"thumbnailUrl\":\"https:\/\/d2ris6qfzcz0wn.cloudfront.net\/wp-content\/uploads\/sites\/26\/2025\/11\/lindstrom-von-black-friday-zu-circular-monday-112025-1-de.jpg\",\"articleSection\":[\"Artikel\"],\"inLanguage\":\"de-DE\"},{\"@type\":\"WebPage\",\"@id\":\"https:\/\/lindstromgroup.com\/de\/articles\/von-black-friday-zu-circular-monday\/\",\"url\":\"https:\/\/lindstromgroup.com\/de\/articles\/von-black-friday-zu-circular-monday\/\",\"name\":\"Von Black Friday zu Circular Monday \u2013 Lindstr\u00f6m Germany\",\"isPartOf\":{\"@id\":\"https:\/\/lindstromgroup.com\/de\/#website\"},\"primaryImageOfPage\":{\"@id\":\"https:\/\/lindstromgroup.com\/de\/articles\/von-black-friday-zu-circular-monday\/#primaryimage\"},\"image\":{\"@id\":\"https:\/\/lindstromgroup.com\/de\/articles\/von-black-friday-zu-circular-monday\/#primaryimage\"},\"thumbnailUrl\":\"https:\/\/d2ris6qfzcz0wn.cloudfront.net\/wp-content\/uploads\/sites\/26\/2025\/11\/lindstrom-von-black-friday-zu-circular-monday-112025-1-de.jpg\",\"datePublished\":\"2025-11-16T19:02:28+00:00\",\"dateModified\":\"2025-11-16T19:02:29+00:00\",\"description\":\"W\u00e4hlen Sie statt Black Friday den Circular Monday. Entdecken Sie nachhaltige Alternativen, die Umwelt und Unternehmen zugutekommen.\",\"breadcrumb\":{\"@id\":\"https:\/\/lindstromgroup.com\/de\/articles\/von-black-friday-zu-circular-monday\/#breadcrumb\"},\"inLanguage\":\"de-DE\",\"potentialAction\":[{\"@type\":\"ReadAction\",\"target\":[\"https:\/\/lindstromgroup.com\/de\/articles\/von-black-friday-zu-circular-monday\/\"]}]},{\"@type\":\"ImageObject\",\"inLanguage\":\"de-DE\",\"@id\":\"https:\/\/lindstromgroup.com\/de\/articles\/von-black-friday-zu-circular-monday\/#primaryimage\",\"url\":\"https:\/\/d2ris6qfzcz0wn.cloudfront.net\/wp-content\/uploads\/sites\/26\/2025\/11\/lindstrom-von-black-friday-zu-circular-monday-112025-1-de.jpg\",\"contentUrl\":\"https:\/\/d2ris6qfzcz0wn.cloudfront.net\/wp-content\/uploads\/sites\/26\/2025\/11\/lindstrom-von-black-friday-zu-circular-monday-112025-1-de.jpg\",\"width\":1920,\"height\":1301,\"caption\":\"Nachhaltige Weihnachtsgeschenke \u2013 Lindstr\u00f6m Germany\"},{\"@type\":\"BreadcrumbList\",\"@id\":\"https:\/\/lindstromgroup.com\/de\/articles\/von-black-friday-zu-circular-monday\/#breadcrumb\",\"itemListElement\":[{\"@type\":\"ListItem\",\"position\":1,\"name\":\"Home\",\"item\":\"https:\/\/lindstromgroup.com\/de\/\"},{\"@type\":\"ListItem\",\"position\":2,\"name\":\"Artikel\",\"item\":\"https:\/\/lindstromgroup.com\/de\/category\/articles\/\"},{\"@type\":\"ListItem\",\"position\":3,\"name\":\"Vom Black Friday zum Circular Monday: Wenn sich die Art und Weise \u00e4ndert, wie wir Konsum wahrnehmen\"}]},{\"@type\":\"WebSite\",\"@id\":\"https:\/\/lindstromgroup.com\/de\/#website\",\"url\":\"https:\/\/lindstromgroup.com\/de\/\",\"name\":\"Lindstr\u00f6m Germany\",\"description\":\"\",\"publisher\":{\"@id\":\"https:\/\/lindstromgroup.com\/de\/#organization\"},\"potentialAction\":[{\"@type\":\"SearchAction\",\"target\":{\"@type\":\"EntryPoint\",\"urlTemplate\":\"https:\/\/lindstromgroup.com\/de\/?s={search_term_string}\"},\"query-input\":{\"@type\":\"PropertyValueSpecification\",\"valueRequired\":true,\"valueName\":\"search_term_string\"}}],\"inLanguage\":\"de-DE\"},{\"@type\":\"Organization\",\"@id\":\"https:\/\/lindstromgroup.com\/de\/#organization\",\"name\":\"Lindstr\u00f6m Germany\",\"url\":\"https:\/\/lindstromgroup.com\/de\/\",\"logo\":{\"@type\":\"ImageObject\",\"inLanguage\":\"de-DE\",\"@id\":\"https:\/\/lindstromgroup.com\/de\/#\/schema\/logo\/image\/\",\"url\":\"https:\/\/d2ris6qfzcz0wn.cloudfront.net\/wp-content\/uploads\/sites\/26\/2023\/10\/Logo512.png\",\"contentUrl\":\"https:\/\/d2ris6qfzcz0wn.cloudfront.net\/wp-content\/uploads\/sites\/26\/2023\/10\/Logo512.png\",\"width\":512,\"height\":109,\"caption\":\"Lindstr\u00f6m Germany\"},\"image\":{\"@id\":\"https:\/\/lindstromgroup.com\/de\/#\/schema\/logo\/image\/\"}},{\"@type\":\"Person\",\"@id\":\"https:\/\/lindstromgroup.com\/de\/#\/schema\/person\/9111900e3f15be99cf4a104112bf0bc3\",\"name\":\"Lindstr\u00f6m Group\",\"image\":{\"@type\":\"ImageObject\",\"inLanguage\":\"de-DE\",\"@id\":\"https:\/\/secure.gravatar.com\/avatar\/db72e9a46e0f7c5c437401114209c070c0ed0871f3f73ed82792b5cf14c95b5c?s=96&d=mm&r=g93dbf206f3a4403aba72a0da0a795367\",\"url\":\"https:\/\/secure.gravatar.com\/avatar\/db72e9a46e0f7c5c437401114209c070c0ed0871f3f73ed82792b5cf14c95b5c?s=96&d=mm&r=g\",\"contentUrl\":\"https:\/\/secure.gravatar.com\/avatar\/db72e9a46e0f7c5c437401114209c070c0ed0871f3f73ed82792b5cf14c95b5c?s=96&d=mm&r=g\",\"caption\":\"Lindstr\u00f6m Group\"}}]}<\/script>\n<!-- \/ Yoast SEO plugin. -->","yoast_head_json":{"title":"Von Black Friday zu Circular Monday \u2013 Lindstr\u00f6m Germany","description":"W\u00e4hlen Sie statt Black Friday den Circular Monday. Entdecken Sie nachhaltige Alternativen, die Umwelt und Unternehmen zugutekommen.","robots":{"index":"index","follow":"follow","max-snippet":"max-snippet:-1","max-image-preview":"max-image-preview:large","max-video-preview":"max-video-preview:-1"},"og_locale":"de_DE","og_type":"article","og_title":"Von Black Friday zu Circular Monday \u2013 Lindstr\u00f6m Germany","og_description":"W\u00e4hlen Sie statt Black Friday den Circular Monday. Entdecken Sie nachhaltige Alternativen, die Umwelt und Unternehmen zugutekommen.","og_url":"https:\/\/lindstromgroup.com\/de\/articles\/von-black-friday-zu-circular-monday\/","og_site_name":"Lindstr\u00f6m Germany","article_published_time":"2025-11-16T19:02:28+00:00","article_modified_time":"2025-11-16T19:02:29+00:00","og_image":[{"width":1920,"height":1301,"url":"https:\/\/d2ris6qfzcz0wn.cloudfront.net\/wp-content\/uploads\/sites\/26\/2025\/11\/lindstrom-von-black-friday-zu-circular-monday-112025-1-de.jpg","type":"image\/jpeg"}],"author":"Lindstr\u00f6m Group","twitter_card":"summary_large_image","twitter_misc":{"Verfasst von":"Lindstr\u00f6m Group","Gesch\u00e4tzte Lesezeit":"6 Minuten","Written by":"Lindstr\u00f6m Group"},"schema":{"@context":"https:\/\/schema.org","@graph":[{"@type":"Article","@id":"https:\/\/lindstromgroup.com\/de\/articles\/von-black-friday-zu-circular-monday\/#article","isPartOf":{"@id":"https:\/\/lindstromgroup.com\/de\/articles\/von-black-friday-zu-circular-monday\/"},"author":{"name":"Lindstr\u00f6m Group","@id":"https:\/\/lindstromgroup.com\/de\/#\/schema\/person\/9111900e3f15be99cf4a104112bf0bc3"},"headline":"Vom Black Friday zum Circular Monday: Wenn sich die Art und Weise \u00e4ndert, wie wir Konsum wahrnehmen","datePublished":"2025-11-16T19:02:28+00:00","dateModified":"2025-11-16T19:02:29+00:00","mainEntityOfPage":{"@id":"https:\/\/lindstromgroup.com\/de\/articles\/von-black-friday-zu-circular-monday\/"},"wordCount":1046,"publisher":{"@id":"https:\/\/lindstromgroup.com\/de\/#organization"},"image":{"@id":"https:\/\/lindstromgroup.com\/de\/articles\/von-black-friday-zu-circular-monday\/#primaryimage"},"thumbnailUrl":"https:\/\/d2ris6qfzcz0wn.cloudfront.net\/wp-content\/uploads\/sites\/26\/2025\/11\/lindstrom-von-black-friday-zu-circular-monday-112025-1-de.jpg","articleSection":["Artikel"],"inLanguage":"de-DE"},{"@type":"WebPage","@id":"https:\/\/lindstromgroup.com\/de\/articles\/von-black-friday-zu-circular-monday\/","url":"https:\/\/lindstromgroup.com\/de\/articles\/von-black-friday-zu-circular-monday\/","name":"Von Black Friday zu Circular Monday \u2013 Lindstr\u00f6m Germany","isPartOf":{"@id":"https:\/\/lindstromgroup.com\/de\/#website"},"primaryImageOfPage":{"@id":"https:\/\/lindstromgroup.com\/de\/articles\/von-black-friday-zu-circular-monday\/#primaryimage"},"image":{"@id":"https:\/\/lindstromgroup.com\/de\/articles\/von-black-friday-zu-circular-monday\/#primaryimage"},"thumbnailUrl":"https:\/\/d2ris6qfzcz0wn.cloudfront.net\/wp-content\/uploads\/sites\/26\/2025\/11\/lindstrom-von-black-friday-zu-circular-monday-112025-1-de.jpg","datePublished":"2025-11-16T19:02:28+00:00","dateModified":"2025-11-16T19:02:29+00:00","description":"W\u00e4hlen Sie statt Black Friday den Circular Monday. Entdecken Sie nachhaltige Alternativen, die Umwelt und Unternehmen zugutekommen.","breadcrumb":{"@id":"https:\/\/lindstromgroup.com\/de\/articles\/von-black-friday-zu-circular-monday\/#breadcrumb"},"inLanguage":"de-DE","potentialAction":[{"@type":"ReadAction","target":["https:\/\/lindstromgroup.com\/de\/articles\/von-black-friday-zu-circular-monday\/"]}]},{"@type":"ImageObject","inLanguage":"de-DE","@id":"https:\/\/lindstromgroup.com\/de\/articles\/von-black-friday-zu-circular-monday\/#primaryimage","url":"https:\/\/d2ris6qfzcz0wn.cloudfront.net\/wp-content\/uploads\/sites\/26\/2025\/11\/lindstrom-von-black-friday-zu-circular-monday-112025-1-de.jpg","contentUrl":"https:\/\/d2ris6qfzcz0wn.cloudfront.net\/wp-content\/uploads\/sites\/26\/2025\/11\/lindstrom-von-black-friday-zu-circular-monday-112025-1-de.jpg","width":1920,"height":1301,"caption":"Nachhaltige Weihnachtsgeschenke \u2013 Lindstr\u00f6m Germany"},{"@type":"BreadcrumbList","@id":"https:\/\/lindstromgroup.com\/de\/articles\/von-black-friday-zu-circular-monday\/#breadcrumb","itemListElement":[{"@type":"ListItem","position":1,"name":"Home","item":"https:\/\/lindstromgroup.com\/de\/"},{"@type":"ListItem","position":2,"name":"Artikel","item":"https:\/\/lindstromgroup.com\/de\/category\/articles\/"},{"@type":"ListItem","position":3,"name":"Vom Black Friday zum Circular Monday: Wenn sich die Art und Weise \u00e4ndert, wie wir Konsum wahrnehmen"}]},{"@type":"WebSite","@id":"https:\/\/lindstromgroup.com\/de\/#website","url":"https:\/\/lindstromgroup.com\/de\/","name":"Lindstr\u00f6m Germany","description":"","publisher":{"@id":"https:\/\/lindstromgroup.com\/de\/#organization"},"potentialAction":[{"@type":"SearchAction","target":{"@type":"EntryPoint","urlTemplate":"https:\/\/lindstromgroup.com\/de\/?s={search_term_string}"},"query-input":{"@type":"PropertyValueSpecification","valueRequired":true,"valueName":"search_term_string"}}],"inLanguage":"de-DE"},{"@type":"Organization","@id":"https:\/\/lindstromgroup.com\/de\/#organization","name":"Lindstr\u00f6m Germany","url":"https:\/\/lindstromgroup.com\/de\/","logo":{"@type":"ImageObject","inLanguage":"de-DE","@id":"https:\/\/lindstromgroup.com\/de\/#\/schema\/logo\/image\/","url":"https:\/\/d2ris6qfzcz0wn.cloudfront.net\/wp-content\/uploads\/sites\/26\/2023\/10\/Logo512.png","contentUrl":"https:\/\/d2ris6qfzcz0wn.cloudfront.net\/wp-content\/uploads\/sites\/26\/2023\/10\/Logo512.png","width":512,"height":109,"caption":"Lindstr\u00f6m Germany"},"image":{"@id":"https:\/\/lindstromgroup.com\/de\/#\/schema\/logo\/image\/"}},{"@type":"Person","@id":"https:\/\/lindstromgroup.com\/de\/#\/schema\/person\/9111900e3f15be99cf4a104112bf0bc3","name":"Lindstr\u00f6m Group","image":{"@type":"ImageObject","inLanguage":"de-DE","@id":"https:\/\/secure.gravatar.com\/avatar\/db72e9a46e0f7c5c437401114209c070c0ed0871f3f73ed82792b5cf14c95b5c?s=96&d=mm&r=g93dbf206f3a4403aba72a0da0a795367","url":"https:\/\/secure.gravatar.com\/avatar\/db72e9a46e0f7c5c437401114209c070c0ed0871f3f73ed82792b5cf14c95b5c?s=96&d=mm&r=g","contentUrl":"https:\/\/secure.gravatar.com\/avatar\/db72e9a46e0f7c5c437401114209c070c0ed0871f3f73ed82792b5cf14c95b5c?s=96&d=mm&r=g","caption":"Lindstr\u00f6m Group"}}]}},"publishpress_future_workflow_manual_trigger":{"enabledWorkflows":[]},"distributor_meta":false,"distributor_terms":false,"distributor_media":false,"distributor_original_site_name":"Lindstr\u00f6m Germany","distributor_original_site_url":"https:\/\/lindstromgroup.com\/de","push-errors":false,"_links":{"self":[{"href":"https:\/\/lindstromgroup.com\/de\/wp-json\/wp\/v2\/posts\/17803","targetHints":{"allow":["GET"]}}],"collection":[{"href":"https:\/\/lindstromgroup.com\/de\/wp-json\/wp\/v2\/posts"}],"about":[{"href":"https:\/\/lindstromgroup.com\/de\/wp-json\/wp\/v2\/types\/post"}],"author":[{"embeddable":true,"href":"https:\/\/lindstromgroup.com\/de\/wp-json\/wp\/v2\/users\/14"}],"replies":[{"embeddable":true,"href":"https:\/\/lindstromgroup.com\/de\/wp-json\/wp\/v2\/comments?post=17803"}],"version-history":[{"count":0,"href":"https:\/\/lindstromgroup.com\/de\/wp-json\/wp\/v2\/posts\/17803\/revisions"}],"wp:featuredmedia":[{"embeddable":true,"href":"https:\/\/lindstromgroup.com\/de\/wp-json\/wp\/v2\/media\/17804"}],"wp:attachment":[{"href":"https:\/\/lindstromgroup.com\/de\/wp-json\/wp\/v2\/media?parent=17803"}],"wp:term":[{"taxonomy":"category","embeddable":true,"href":"https:\/\/lindstromgroup.com\/de\/wp-json\/wp\/v2\/categories?post=17803"},{"taxonomy":"post_tag","embeddable":true,"href":"https:\/\/lindstromgroup.com\/de\/wp-json\/wp\/v2\/tags?post=17803"},{"taxonomy":"author","embeddable":true,"href":"https:\/\/lindstromgroup.com\/de\/wp-json\/wp\/v2\/coauthors?post=17803"}],"curies":[{"name":"wp","href":"https:\/\/api.w.org\/{rel}","templated":true}]}}