
    {"id":19410,"date":"2025-06-03T09:48:44","date_gmt":"2025-06-03T08:48:44","guid":{"rendered":"https:\/\/lindstromgroup.com\/cz\/?p=19410"},"modified":"2025-06-03T09:48:45","modified_gmt":"2025-06-03T08:48:45","slug":"koordinatorka-zakaznickeho-servisu-dagmar-hasmanova","status":"publish","type":"post","link":"https:\/\/lindstromgroup.com\/cz\/karierni-pribehy\/koordinatorka-zakaznickeho-servisu-dagmar-hasmanova\/","title":{"rendered":"Koordin\u00e1torka z\u00e1kaznick\u00e9ho servisu: Dagmar Hasmanov\u00e1"},"content":{"rendered":"\n        <style>\n            .lindstrom-container--block_a6d55189e537948a651d47efdee9b3aa {                \n                padding-top: 35px;\n                padding-bottom: 35px;\n            }\n\n            @media screen and (min-width: 768px) {\n                .lindstrom-container--block_a6d55189e537948a651d47efdee9b3aa {\n                    padding-top: 0px;\n                    padding-bottom: 0px;\n                }\n            }\n        <\/style>\n    \n<div\n    class=\"lindstrom-container-wrapper lindstrom-container lindstrom-container--block_a6d55189e537948a651d47efdee9b3aa \"\n    id=\"block_a6d55189e537948a651d47efdee9b3aa\"\n    style=\"background-color: #ffffff\"\n    >\n    <div class=\"lindstrom-container lindstrom-container--text items-stretch\">\n        \n\n<h2 class=\"wp-block-heading has-text-align-center\">Z kr\u00e1tk\u00e9 zast\u00e1vky, dlouh\u00e1 pracovn\u00ed kari\u00e9ra<\/h2>\n\n\n\n<p class=\"has-text-align-center\">D\u00e1\u0161a do Lindstr\u00f6m nastoupila hned p\u0159i studiu vysok\u00e9 \u0161koly. P\u016fvodn\u011b to m\u011bla b\u00fdt jen kr\u00e1tk\u00e1 zast\u00e1vka \u2013 p\u0159estupn\u00ed stanice na cest\u011b za jin\u00fdmi c\u00edli. Jen\u017ee postupem \u010dasu D\u00e1\u0161a zjistila, \u017ee pr\u00e1v\u011b tady se c\u00edt\u00ed dob\u0159e. A tak z\u016fstala \u2013 a v\u00a0Lindstr\u00f6m je u\u017e od b\u0159ezna 2013. <\/p>\n\n\n\n<p class=\"has-text-align-center\">Sv\u016fj kari\u00e9rn\u00ed p\u0159\u00edb\u011bh v\u00a0Lindstr\u00f6m za\u010dala \u00fapln\u011b od z\u00e1kladu \u2013 jako brig\u00e1dn\u00edk v pr\u00e1deln\u011b. Vybalovala \u0161pinav\u00e9 pr\u00e1dlo, prala a pom\u00e1hala tam, kde bylo pot\u0159eba. N\u00e1sledn\u011b se p\u0159esunula do skladu a postupn\u011b z\u00edsk\u00e1vala zku\u0161enosti, kter\u00e9 ji posunuly d\u00e1l. \u010casem dostala p\u0159\u00edle\u017eitost pracovat na z\u00e1kaznick\u00e9m servisu, kde se v\u011bnovala komunikaci a p\u00e9\u010di o na\u0161e z\u00e1kazn\u00edky. Na z\u00e1kaznick\u00e9m servisu st\u00e1le pracuje, dnes u\u017e jako koordin\u00e1tor cel\u00e9ho t\u00fdmu z\u00e1kaznick\u00e9ho servisu.<\/p>\n\n\n    <\/div>\n<\/div>\n\n\n\n        <style>\n            .lindstrom-container--block_220a521029e75688d4801cb633e54c5e {                \n                padding-top: 35px;\n                padding-bottom: 35px;\n            }\n\n            @media screen and (min-width: 768px) {\n                .lindstrom-container--block_220a521029e75688d4801cb633e54c5e {\n                    padding-top: 0px;\n                    padding-bottom: 10px;\n                }\n            }\n        <\/style>\n    \n<div\n    class=\"lindstrom-container-wrapper lindstrom-container lindstrom-container--block_220a521029e75688d4801cb633e54c5e \"\n    id=\"block_220a521029e75688d4801cb633e54c5e\"\n    style=\"background-color: #ffffff\"\n    >\n    <div class=\"lindstrom-container lindstrom-container--text items-stretch\">\n        \n\n<h2 class=\"wp-block-heading has-text-align-center\">Kdy\u017e se v pr\u00e1ci c\u00edt\u00edte jako doma<\/h2>\n\n\n\n<p class=\"has-text-align-center\">Na sv\u00e9 pr\u00e1ci si nejv\u00edc v\u00e1\u017e\u00ed jej\u00ed rozmanitosti. Ka\u017ed\u00fd den p\u0159in\u00e1\u0161\u00ed nov\u00e9 v\u00fdzvy a ne\u010dekan\u00e9 situace, kter\u00e9 je pot\u0159eba \u0159e\u0161it. D\u00edky tomu je pro D\u00e1\u0161u jej\u00ed pr\u00e1ce zaj\u00edmav\u00e1 a nikdy nen\u00ed stereotypn\u00ed. D\u00e1\u0161a \u0159\u00edk\u00e1:<\/p>\n\n\n\n<p class=\"has-text-align-center\"><em>\u201eNejv\u00edc m\u011b na pr\u00e1ci v Lindstr\u00f6m bav\u00ed, \u017ee ka\u017ed\u00fd den je jin\u00fd a pln\u00fd nov\u00fdch v\u00fdzev. A kdy\u017e m\u00e1te kolem sebe t\u00fdm, kde se c\u00edt\u00edte jako doma, je radost se do pr\u00e1ce vracet.\u201c<\/em><\/p>\n\n\n\n<p class=\"has-text-align-center\">A co D\u00e1\u0161u t\u011b\u0161\u00ed je\u0161t\u011b v\u00edc? Skv\u011bl\u00fd kolektiv. M\u016f\u017ee to zn\u00edt jako kli\u0161\u00e9, ale D\u00e1\u0161a je p\u0159esv\u011bd\u010den\u00e1, \u017ee s kolegyn\u011bmi v\u00a0kancel\u00e1\u0159i vlastn\u011b tvo\u0159\u00ed jednu velkou rodinu. P\u0159\u00e1telsk\u00e1 a pozitivn\u00ed atmosf\u00e9ra v t\u00fdmu je pro D\u00e1\u0161u kl\u00ed\u010dov\u00e1 \u2013 d\u00edky n\u00ed se do pr\u00e1ce ka\u017ed\u00fd den t\u011b\u0161\u00ed.<\/p>\n\n\n\n<h2 class=\"wp-block-heading has-text-align-center\">Hory, lesy a um\u011bn\u00ed odpo\u010dinku<\/h2>\n\n\n\n<p class=\"has-text-align-center\">Moment\u00e1ln\u011b D\u00e1\u0161e v\u0161ak v\u011bt\u0161inu voln\u00e9ho \u010dasu zab\u00edr\u00e1 stavba sv\u00e9ho vysn\u011bn\u00e9ho domova. Kdy\u017e zrovna nestav\u00ed, r\u00e1da vyr\u00e1\u017e\u00ed na v\u00fdlety do p\u0159\u00edrody se sv\u00fdmi ps\u00edmi par\u0165\u00e1ky. Sta\u010d\u00ed ji sbalit batoh, sva\u010dinu a vyrazit do lesa nebo na vrcholky hor. Krom\u011b toho tr\u00e1v\u00ed sv\u016fj voln\u00fd \u010das s p\u0159\u00edtelem, rodinou a p\u0159\u00e1teli, a kdy\u017e si chce dokonale odpo\u010dinout a vy\u010distit hlavu, s\u00e1hne po kn\u00ed\u017ece, pust\u00ed si film nebo seri\u00e1l, p\u0159\u00edpadn\u011b vezme do ruky fo\u0165\u00e1k a zachycuje kr\u00e1sy \u017eivota.<\/p>\n\n\n    <\/div>\n<\/div>\n\n\n\n        <style>\n            .lindstrom-container--block_972786309510cb00ee9c22fbad45bdc2 {                \n                padding-top: 35px;\n                padding-bottom: 35px;\n            }\n\n            @media screen and (min-width: 768px) {\n                .lindstrom-container--block_972786309510cb00ee9c22fbad45bdc2 {\n                    padding-top: 35px;\n                    padding-bottom: 35px;\n                }\n            }\n        <\/style>\n    \n<div\n    class=\"lindstrom-container-wrapper lindstrom-container lindstrom-container--block_972786309510cb00ee9c22fbad45bdc2 \"\n    id=\"block_972786309510cb00ee9c22fbad45bdc2\"\n    style=\"background-color: #dddddd\"\n    >\n    <div class=\"lindstrom-container lindstrom-container--text items-stretch\">\n        \n\n<div class=\"wp-block-columns is-layout-flex wp-container-core-columns-is-layout-28f84493 wp-block-columns-is-layout-flex\">\n<div class=\"wp-block-column is-layout-flow wp-block-column-is-layout-flow\" style=\"flex-basis:33.33%\">\n<figure class=\"wp-block-image size-full is-resized alignnone\"><img decoding=\"async\" width=\"750\" height=\"1000\" src=\"https:\/\/d2ris6qfzcz0wn.cloudfront.net\/wp-content\/uploads\/sites\/25\/2025\/06\/Dasa_pejsci.jpg\" alt=\"\" class=\"wp-image-19412\" style=\"width:245px;height:auto\" srcset=\"https:\/\/d2ris6qfzcz0wn.cloudfront.net\/wp-content\/uploads\/sites\/25\/2025\/06\/Dasa_pejsci.jpg 750w, https:\/\/d2ris6qfzcz0wn.cloudfront.net\/wp-content\/uploads\/sites\/25\/2025\/06\/Dasa_pejsci-225x300.jpg 225w\" sizes=\"(max-width: 750px) 100vw, 750px\" \/><\/figure>\n<\/div>\n\n\n\n<div class=\"wp-block-column is-layout-flow wp-block-column-is-layout-flow\" style=\"flex-basis:66.66%\">\n<ul class=\"wp-block-list\">\n<li><strong>Kdo: <\/strong>Dagmar Hasmanov\u00e1<\/li>\n\n\n\n<li><strong>Pracovn\u00ed pozice:<\/strong> Koordin\u00e1torka z\u00e1kaznick\u00e9ho servisu<\/li>\n\n\n\n<li><strong>Kdy\u017e nen\u00ed v pr\u00e1ci, tak:<\/strong> stav\u00ed vysn\u011bn\u00fd d\u016fm nebo tr\u00e1v\u00ed \u010das s sv\u00fdmi ps\u00edmi par\u0165\u00e1ky, rodinou nebo p\u0159\u00e1teli<\/li>\n<\/ul>\n<\/div>\n<\/div>\n\n\n    <\/div>\n<\/div>\n\n\n\n<div aria-hidden=\"true\" class=\"wp-block-fsb-flexible-spacer fsb-flexible-spacer\"><div class=\"fsb-flexible-spacer__device fsb-flexible-spacer__device--lg\" style=\"height:25px\"><\/div><div class=\"fsb-flexible-spacer__device fsb-flexible-spacer__device--md\" style=\"height:25px\"><\/div><div class=\"fsb-flexible-spacer__device fsb-flexible-spacer__device--sm\" style=\"height:25px\"><\/div><\/div>\n\n\n\n<!-- HTML -->\n            <div\n            id=\"block_be96f4a2348ed55b6a172e1a69da54c6\"\n            class=\"banner-cta banner-cta--block_be96f4a2348ed55b6a172e1a69da54c6  relative\"\n        >\n            <div class=\"banner-cta__background\" style=\"background-color: #003F72\"><\/div>\n            <div\n                class=\"flex gap-3 min-h-[100px] content-center self-stretch flex-wrap lindstrom-container lindstrom-container--content banner-cta__content banner-cta__content--horizontal\">\n                <div class=\"flex-grow flex-shrink-0 basis-0 min-w-[270px] w-full banner-cta__text\">\n                                            <h3 class=\"font-bold mt-0 !mb-1 !text-white text-title-small\">\n                            M\u00e1te z\u00e1jem o pr\u00e1ci v Lindstr\u00f6m?                        <\/h3>\n                                                            <p class=\"m-0 !text-white !text-body\">\n                        Jsme v\u017edy otev\u0159en\u00ed nov\u00fdm koleg\u016fm, aby se k n\u00e1m p\u0159idali. Pod\u00edvejte se na na\u0161e otev\u0159en\u00e9 \r\npracovn\u00ed pozice nebo kontaktujte na\u0161e HR odd\u011blen\u00ed.                     <\/p>\n                                    <\/div>\n                \n                                    <div class=\"flex flex-wrap items-start gap-4\">\n                                            <div class=\"flex h-10 border-2 border-white rounded-full banner-cta__button button-outlined--white\">\n                            <a\n                                class=\"!no-underline !text-white bg-transparent py-3 px-5 pr-4 font-bold text-[15px]\/[21px] flex items-center gap-3\"\n                                href=\"https:\/\/lindstromgroup.com\/cz\/volne-pracovni-pozice\/\"\n                                target=\"_self\"\n                            >\n                                Prohl\u00e9dnout voln\u00e9 pracovn\u00ed pozice                                                                    <span class=\"material-symbols-outlined !text-[35px]\">arrow_right_alt<\/span>\n                                                            <\/a>\n                        <\/div>\n                                                                <\/div>\n                            <\/div>\n        <\/div>\n    ","protected":false},"excerpt":{"rendered":"<p>D\u00e1\u0161a do Lindstr\u00f6m nastoupila hned p\u0159i studiu vysok\u00e9 \u0161koly. P\u016fvodn\u011b to m\u011bla b\u00fdt jen kr\u00e1tk\u00e1 zast\u00e1vka \u2013 p\u0159estupn\u00ed stanice na cest\u011b za jin\u00fdmi c\u00edli. Jen\u017ee postupem \u010dasu D\u00e1\u0161a zjistila, \u017ee pr\u00e1v\u011b tady se c\u00edt\u00ed dob\u0159e. A tak z\u016fstala \u2013 a v\u00a0Lindstr\u00f6m je u\u017e od b\u0159ezna 2013.<\/p>\n","protected":false},"author":14,"featured_media":17576,"comment_status":"closed","ping_status":"open","sticky":false,"template":"","format":"standard","meta":{"_acf_changed":false,"inline_featured_image":false,"_eb_attr":"","site-sidebar-layout":"default","site-content-layout":"default","ast-site-content-layout":"default","site-content-style":"default","site-sidebar-style":"default","ast-global-header-display":"","ast-banner-title-visibility":"","ast-main-header-display":"","ast-hfb-above-header-display":"","ast-hfb-below-header-display":"","ast-hfb-mobile-header-display":"","site-post-title":"","ast-breadcrumbs-content":"","ast-featured-img":"","footer-sml-layout":"","ast-disable-related-posts":"","theme-transparent-header-meta":"","adv-header-id-meta":"","stick-header-meta":"","header-above-stick-meta":"","header-main-stick-meta":"","header-below-stick-meta":"","astra-migrate-meta-layouts":"default","ast-page-background-enabled":"default","ast-page-background-meta":{"desktop":{"background-color":"var(--ast-global-color-4)","background-image":"","background-repeat":"repeat","background-position":"center center","background-size":"auto","background-attachment":"scroll","background-type":"","background-media":"","overlay-type":"","overlay-color":"","overlay-opacity":"","overlay-gradient":""},"tablet":{"background-color":"","background-image":"","background-repeat":"repeat","background-position":"center center","background-size":"auto","background-attachment":"scroll","background-type":"","background-media":"","overlay-type":"","overlay-color":"","overlay-opacity":"","overlay-gradient":""},"mobile":{"background-color":"","background-image":"","background-repeat":"repeat","background-position":"center center","background-size":"auto","background-attachment":"scroll","background-type":"","background-media":"","overlay-type":"","overlay-color":"","overlay-opacity":"","overlay-gradient":""}},"ast-content-background-meta":{"desktop":{"background-color":"var(--ast-global-color-5)","background-image":"","background-repeat":"repeat","background-position":"center center","background-size":"auto","background-attachment":"scroll","background-type":"","background-media":"","overlay-type":"","overlay-color":"","overlay-opacity":"","overlay-gradient":""},"tablet":{"background-color":"var(--ast-global-color-5)","background-image":"","background-repeat":"repeat","background-position":"center center","background-size":"auto","background-attachment":"scroll","background-type":"","background-media":"","overlay-type":"","overlay-color":"","overlay-opacity":"","overlay-gradient":""},"mobile":{"background-color":"var(--ast-global-color-5)","background-image":"","background-repeat":"repeat","background-position":"center center","background-size":"auto","background-attachment":"scroll","background-type":"","background-media":"","overlay-type":"","overlay-color":"","overlay-opacity":"","overlay-gradient":""}},"footnotes":""},"categories":[32],"tags":[72],"coauthors":[20],"class_list":["post-19410","post","type-post","status-publish","format-standard","has-post-thumbnail","hentry","category-karierni-pribehy","tag-kariernipribeh"],"acf":[],"yoast_head":"<!-- This site is optimized with the Yoast SEO plugin v27.2 - https:\/\/yoast.com\/product\/yoast-seo-wordpress\/ -->\n<title>Koordin\u00e1torka z\u00e1kaznick\u00e9ho servisu: Dagmar Hasmanov\u00e1 - Lindstr\u00f6m Czech<\/title>\n<meta name=\"robots\" content=\"index, follow, max-snippet:-1, max-image-preview:large, max-video-preview:-1\" \/>\n<meta property=\"og:locale\" content=\"cs_CZ\" \/>\n<meta property=\"og:type\" content=\"article\" \/>\n<meta property=\"og:title\" content=\"Koordin\u00e1torka z\u00e1kaznick\u00e9ho servisu: Dagmar Hasmanov\u00e1 - Lindstr\u00f6m Czech\" \/>\n<meta property=\"og:description\" content=\"D\u00e1\u0161a do Lindstr\u00f6m nastoupila hned p\u0159i studiu vysok\u00e9 \u0161koly. P\u016fvodn\u011b to m\u011bla b\u00fdt jen kr\u00e1tk\u00e1 zast\u00e1vka \u2013 p\u0159estupn\u00ed stanice na cest\u011b za jin\u00fdmi c\u00edli. Jen\u017ee postupem \u010dasu D\u00e1\u0161a zjistila, \u017ee pr\u00e1v\u011b tady se c\u00edt\u00ed dob\u0159e. A tak z\u016fstala \u2013 a v\u00a0Lindstr\u00f6m je u\u017e od b\u0159ezna 2013.\" \/>\n<meta property=\"og:url\" content=\"https:\/\/lindstromgroup.com\/cz\/karierni-pribehy\/koordinatorka-zakaznickeho-servisu-dagmar-hasmanova\/\" \/>\n<meta property=\"og:site_name\" content=\"Lindstr\u00f6m Czech\" \/>\n<meta property=\"article:published_time\" content=\"2025-06-03T08:48:44+00:00\" \/>\n<meta property=\"article:modified_time\" content=\"2025-06-03T08:48:45+00:00\" \/>\n<meta property=\"og:image\" content=\"https:\/\/lindstrom-sites.s3.eu-north-1.amazonaws.com\/wp-content\/uploads\/sites\/25\/2024\/04\/crop-high-1496-LINDSTROM-employer-branding-02-2022-1.jpg\" \/>\n\t<meta property=\"og:image:width\" content=\"2048\" \/>\n\t<meta property=\"og:image:height\" content=\"1365\" \/>\n\t<meta property=\"og:image:type\" content=\"image\/jpeg\" \/>\n<meta name=\"author\" content=\"Lindstr\u00f6m Group\" \/>\n<meta name=\"twitter:card\" content=\"summary_large_image\" \/>\n<meta name=\"twitter:label1\" content=\"Napsal(a)\" \/>\n\t<meta name=\"twitter:data1\" content=\"Lindstr\u00f6m Group\" \/>\n\t<meta name=\"twitter:label2\" content=\"Odhadovan\u00e1 doba \u010dten\u00ed\" \/>\n\t<meta name=\"twitter:data2\" content=\"3 minuty\" \/>\n\t<meta name=\"twitter:label3\" content=\"Written by\" \/>\n\t<meta name=\"twitter:data3\" content=\"Lindstr\u00f6m Group\" \/>\n<script type=\"application\/ld+json\" class=\"yoast-schema-graph\">{\"@context\":\"https:\/\/schema.org\",\"@graph\":[{\"@type\":\"Article\",\"@id\":\"https:\/\/lindstromgroup.com\/cz\/karierni-pribehy\/koordinatorka-zakaznickeho-servisu-dagmar-hasmanova\/#article\",\"isPartOf\":{\"@id\":\"https:\/\/lindstromgroup.com\/cz\/karierni-pribehy\/koordinatorka-zakaznickeho-servisu-dagmar-hasmanova\/\"},\"author\":{\"name\":\"Lindstr\u00f6m Group\",\"@id\":\"https:\/\/lindstromgroup.com\/cz\/#\/schema\/person\/9111900e3f15be99cf4a104112bf0bc3\"},\"headline\":\"Koordin\u00e1torka z\u00e1kaznick\u00e9ho servisu: Dagmar Hasmanov\u00e1\",\"datePublished\":\"2025-06-03T08:48:44+00:00\",\"dateModified\":\"2025-06-03T08:48:45+00:00\",\"mainEntityOfPage\":{\"@id\":\"https:\/\/lindstromgroup.com\/cz\/karierni-pribehy\/koordinatorka-zakaznickeho-servisu-dagmar-hasmanova\/\"},\"wordCount\":494,\"publisher\":{\"@id\":\"https:\/\/lindstromgroup.com\/cz\/#organization\"},\"image\":{\"@id\":\"https:\/\/lindstromgroup.com\/cz\/karierni-pribehy\/koordinatorka-zakaznickeho-servisu-dagmar-hasmanova\/#primaryimage\"},\"thumbnailUrl\":\"https:\/\/d2ris6qfzcz0wn.cloudfront.net\/wp-content\/uploads\/sites\/25\/2024\/04\/crop-high-1496-LINDSTROM-employer-branding-02-2022-1.jpg\",\"keywords\":[\"#kariernipribeh\"],\"articleSection\":[\"Kari\u00e9rn\u00ed p\u0159\u00edb\u011bhy\"],\"inLanguage\":\"cs\"},{\"@type\":\"WebPage\",\"@id\":\"https:\/\/lindstromgroup.com\/cz\/karierni-pribehy\/koordinatorka-zakaznickeho-servisu-dagmar-hasmanova\/\",\"url\":\"https:\/\/lindstromgroup.com\/cz\/karierni-pribehy\/koordinatorka-zakaznickeho-servisu-dagmar-hasmanova\/\",\"name\":\"Koordin\u00e1torka z\u00e1kaznick\u00e9ho servisu: Dagmar Hasmanov\u00e1 - Lindstr\u00f6m Czech\",\"isPartOf\":{\"@id\":\"https:\/\/lindstromgroup.com\/cz\/#website\"},\"primaryImageOfPage\":{\"@id\":\"https:\/\/lindstromgroup.com\/cz\/karierni-pribehy\/koordinatorka-zakaznickeho-servisu-dagmar-hasmanova\/#primaryimage\"},\"image\":{\"@id\":\"https:\/\/lindstromgroup.com\/cz\/karierni-pribehy\/koordinatorka-zakaznickeho-servisu-dagmar-hasmanova\/#primaryimage\"},\"thumbnailUrl\":\"https:\/\/d2ris6qfzcz0wn.cloudfront.net\/wp-content\/uploads\/sites\/25\/2024\/04\/crop-high-1496-LINDSTROM-employer-branding-02-2022-1.jpg\",\"datePublished\":\"2025-06-03T08:48:44+00:00\",\"dateModified\":\"2025-06-03T08:48:45+00:00\",\"breadcrumb\":{\"@id\":\"https:\/\/lindstromgroup.com\/cz\/karierni-pribehy\/koordinatorka-zakaznickeho-servisu-dagmar-hasmanova\/#breadcrumb\"},\"inLanguage\":\"cs\",\"potentialAction\":[{\"@type\":\"ReadAction\",\"target\":[\"https:\/\/lindstromgroup.com\/cz\/karierni-pribehy\/koordinatorka-zakaznickeho-servisu-dagmar-hasmanova\/\"]}]},{\"@type\":\"ImageObject\",\"inLanguage\":\"cs\",\"@id\":\"https:\/\/lindstromgroup.com\/cz\/karierni-pribehy\/koordinatorka-zakaznickeho-servisu-dagmar-hasmanova\/#primaryimage\",\"url\":\"https:\/\/d2ris6qfzcz0wn.cloudfront.net\/wp-content\/uploads\/sites\/25\/2024\/04\/crop-high-1496-LINDSTROM-employer-branding-02-2022-1.jpg\",\"contentUrl\":\"https:\/\/d2ris6qfzcz0wn.cloudfront.net\/wp-content\/uploads\/sites\/25\/2024\/04\/crop-high-1496-LINDSTROM-employer-branding-02-2022-1.jpg\",\"width\":2048,\"height\":1365,\"caption\":\"20220209 HELSINKI Lindstr\u00f6m Group Employer branding photo shoot, responsibility report illustrations. Photo copyright \u00a9Riitta Supperi\"},{\"@type\":\"BreadcrumbList\",\"@id\":\"https:\/\/lindstromgroup.com\/cz\/karierni-pribehy\/koordinatorka-zakaznickeho-servisu-dagmar-hasmanova\/#breadcrumb\",\"itemListElement\":[{\"@type\":\"ListItem\",\"position\":1,\"name\":\"Home\",\"item\":\"https:\/\/lindstromgroup.com\/cz\/\"},{\"@type\":\"ListItem\",\"position\":2,\"name\":\"Kari\u00e9rn\u00ed p\u0159\u00edb\u011bhy\",\"item\":\"https:\/\/lindstromgroup.com\/cz\/category\/karierni-pribehy\/\"},{\"@type\":\"ListItem\",\"position\":3,\"name\":\"Koordin\u00e1torka z\u00e1kaznick\u00e9ho servisu: Dagmar Hasmanov\u00e1\"}]},{\"@type\":\"WebSite\",\"@id\":\"https:\/\/lindstromgroup.com\/cz\/#website\",\"url\":\"https:\/\/lindstromgroup.com\/cz\/\",\"name\":\"Lindstr\u00f6m Czech\",\"description\":\"\",\"publisher\":{\"@id\":\"https:\/\/lindstromgroup.com\/cz\/#organization\"},\"potentialAction\":[{\"@type\":\"SearchAction\",\"target\":{\"@type\":\"EntryPoint\",\"urlTemplate\":\"https:\/\/lindstromgroup.com\/cz\/?s={search_term_string}\"},\"query-input\":{\"@type\":\"PropertyValueSpecification\",\"valueRequired\":true,\"valueName\":\"search_term_string\"}}],\"inLanguage\":\"cs\"},{\"@type\":\"Organization\",\"@id\":\"https:\/\/lindstromgroup.com\/cz\/#organization\",\"name\":\"Lindstr\u00f6m\",\"url\":\"https:\/\/lindstromgroup.com\/cz\/\",\"logo\":{\"@type\":\"ImageObject\",\"inLanguage\":\"cs\",\"@id\":\"https:\/\/lindstromgroup.com\/cz\/#\/schema\/logo\/image\/\",\"url\":\"https:\/\/d2ris6qfzcz0wn.cloudfront.net\/wp-content\/uploads\/sites\/25\/2023\/10\/Logo512.png\",\"contentUrl\":\"https:\/\/d2ris6qfzcz0wn.cloudfront.net\/wp-content\/uploads\/sites\/25\/2023\/10\/Logo512.png\",\"width\":512,\"height\":109,\"caption\":\"Lindstr\u00f6m\"},\"image\":{\"@id\":\"https:\/\/lindstromgroup.com\/cz\/#\/schema\/logo\/image\/\"}},{\"@type\":\"Person\",\"@id\":\"https:\/\/lindstromgroup.com\/cz\/#\/schema\/person\/9111900e3f15be99cf4a104112bf0bc3\",\"name\":\"Lindstr\u00f6m Group\",\"image\":{\"@type\":\"ImageObject\",\"inLanguage\":\"cs\",\"@id\":\"https:\/\/secure.gravatar.com\/avatar\/db72e9a46e0f7c5c437401114209c070c0ed0871f3f73ed82792b5cf14c95b5c?s=96&d=mm&r=g93dbf206f3a4403aba72a0da0a795367\",\"url\":\"https:\/\/secure.gravatar.com\/avatar\/db72e9a46e0f7c5c437401114209c070c0ed0871f3f73ed82792b5cf14c95b5c?s=96&d=mm&r=g\",\"contentUrl\":\"https:\/\/secure.gravatar.com\/avatar\/db72e9a46e0f7c5c437401114209c070c0ed0871f3f73ed82792b5cf14c95b5c?s=96&d=mm&r=g\",\"caption\":\"Lindstr\u00f6m Group\"}}]}<\/script>\n<!-- \/ Yoast SEO plugin. -->","yoast_head_json":{"title":"Koordin\u00e1torka z\u00e1kaznick\u00e9ho servisu: Dagmar Hasmanov\u00e1 - Lindstr\u00f6m Czech","robots":{"index":"index","follow":"follow","max-snippet":"max-snippet:-1","max-image-preview":"max-image-preview:large","max-video-preview":"max-video-preview:-1"},"og_locale":"cs_CZ","og_type":"article","og_title":"Koordin\u00e1torka z\u00e1kaznick\u00e9ho servisu: Dagmar Hasmanov\u00e1 - Lindstr\u00f6m Czech","og_description":"D\u00e1\u0161a do Lindstr\u00f6m nastoupila hned p\u0159i studiu vysok\u00e9 \u0161koly. P\u016fvodn\u011b to m\u011bla b\u00fdt jen kr\u00e1tk\u00e1 zast\u00e1vka \u2013 p\u0159estupn\u00ed stanice na cest\u011b za jin\u00fdmi c\u00edli. Jen\u017ee postupem \u010dasu D\u00e1\u0161a zjistila, \u017ee pr\u00e1v\u011b tady se c\u00edt\u00ed dob\u0159e. A tak z\u016fstala \u2013 a v\u00a0Lindstr\u00f6m je u\u017e od b\u0159ezna 2013.","og_url":"https:\/\/lindstromgroup.com\/cz\/karierni-pribehy\/koordinatorka-zakaznickeho-servisu-dagmar-hasmanova\/","og_site_name":"Lindstr\u00f6m Czech","article_published_time":"2025-06-03T08:48:44+00:00","article_modified_time":"2025-06-03T08:48:45+00:00","og_image":[{"width":2048,"height":1365,"url":"https:\/\/lindstrom-sites.s3.eu-north-1.amazonaws.com\/wp-content\/uploads\/sites\/25\/2024\/04\/crop-high-1496-LINDSTROM-employer-branding-02-2022-1.jpg","type":"image\/jpeg"}],"author":"Lindstr\u00f6m Group","twitter_card":"summary_large_image","twitter_misc":{"Napsal(a)":"Lindstr\u00f6m Group","Odhadovan\u00e1 doba \u010dten\u00ed":"3 minuty","Written by":"Lindstr\u00f6m Group"},"schema":{"@context":"https:\/\/schema.org","@graph":[{"@type":"Article","@id":"https:\/\/lindstromgroup.com\/cz\/karierni-pribehy\/koordinatorka-zakaznickeho-servisu-dagmar-hasmanova\/#article","isPartOf":{"@id":"https:\/\/lindstromgroup.com\/cz\/karierni-pribehy\/koordinatorka-zakaznickeho-servisu-dagmar-hasmanova\/"},"author":{"name":"Lindstr\u00f6m Group","@id":"https:\/\/lindstromgroup.com\/cz\/#\/schema\/person\/9111900e3f15be99cf4a104112bf0bc3"},"headline":"Koordin\u00e1torka z\u00e1kaznick\u00e9ho servisu: Dagmar Hasmanov\u00e1","datePublished":"2025-06-03T08:48:44+00:00","dateModified":"2025-06-03T08:48:45+00:00","mainEntityOfPage":{"@id":"https:\/\/lindstromgroup.com\/cz\/karierni-pribehy\/koordinatorka-zakaznickeho-servisu-dagmar-hasmanova\/"},"wordCount":494,"publisher":{"@id":"https:\/\/lindstromgroup.com\/cz\/#organization"},"image":{"@id":"https:\/\/lindstromgroup.com\/cz\/karierni-pribehy\/koordinatorka-zakaznickeho-servisu-dagmar-hasmanova\/#primaryimage"},"thumbnailUrl":"https:\/\/d2ris6qfzcz0wn.cloudfront.net\/wp-content\/uploads\/sites\/25\/2024\/04\/crop-high-1496-LINDSTROM-employer-branding-02-2022-1.jpg","keywords":["#kariernipribeh"],"articleSection":["Kari\u00e9rn\u00ed p\u0159\u00edb\u011bhy"],"inLanguage":"cs"},{"@type":"WebPage","@id":"https:\/\/lindstromgroup.com\/cz\/karierni-pribehy\/koordinatorka-zakaznickeho-servisu-dagmar-hasmanova\/","url":"https:\/\/lindstromgroup.com\/cz\/karierni-pribehy\/koordinatorka-zakaznickeho-servisu-dagmar-hasmanova\/","name":"Koordin\u00e1torka z\u00e1kaznick\u00e9ho servisu: Dagmar Hasmanov\u00e1 - Lindstr\u00f6m Czech","isPartOf":{"@id":"https:\/\/lindstromgroup.com\/cz\/#website"},"primaryImageOfPage":{"@id":"https:\/\/lindstromgroup.com\/cz\/karierni-pribehy\/koordinatorka-zakaznickeho-servisu-dagmar-hasmanova\/#primaryimage"},"image":{"@id":"https:\/\/lindstromgroup.com\/cz\/karierni-pribehy\/koordinatorka-zakaznickeho-servisu-dagmar-hasmanova\/#primaryimage"},"thumbnailUrl":"https:\/\/d2ris6qfzcz0wn.cloudfront.net\/wp-content\/uploads\/sites\/25\/2024\/04\/crop-high-1496-LINDSTROM-employer-branding-02-2022-1.jpg","datePublished":"2025-06-03T08:48:44+00:00","dateModified":"2025-06-03T08:48:45+00:00","breadcrumb":{"@id":"https:\/\/lindstromgroup.com\/cz\/karierni-pribehy\/koordinatorka-zakaznickeho-servisu-dagmar-hasmanova\/#breadcrumb"},"inLanguage":"cs","potentialAction":[{"@type":"ReadAction","target":["https:\/\/lindstromgroup.com\/cz\/karierni-pribehy\/koordinatorka-zakaznickeho-servisu-dagmar-hasmanova\/"]}]},{"@type":"ImageObject","inLanguage":"cs","@id":"https:\/\/lindstromgroup.com\/cz\/karierni-pribehy\/koordinatorka-zakaznickeho-servisu-dagmar-hasmanova\/#primaryimage","url":"https:\/\/d2ris6qfzcz0wn.cloudfront.net\/wp-content\/uploads\/sites\/25\/2024\/04\/crop-high-1496-LINDSTROM-employer-branding-02-2022-1.jpg","contentUrl":"https:\/\/d2ris6qfzcz0wn.cloudfront.net\/wp-content\/uploads\/sites\/25\/2024\/04\/crop-high-1496-LINDSTROM-employer-branding-02-2022-1.jpg","width":2048,"height":1365,"caption":"20220209 HELSINKI Lindstr\u00f6m Group Employer branding photo shoot, responsibility report illustrations. Photo copyright \u00a9Riitta Supperi"},{"@type":"BreadcrumbList","@id":"https:\/\/lindstromgroup.com\/cz\/karierni-pribehy\/koordinatorka-zakaznickeho-servisu-dagmar-hasmanova\/#breadcrumb","itemListElement":[{"@type":"ListItem","position":1,"name":"Home","item":"https:\/\/lindstromgroup.com\/cz\/"},{"@type":"ListItem","position":2,"name":"Kari\u00e9rn\u00ed p\u0159\u00edb\u011bhy","item":"https:\/\/lindstromgroup.com\/cz\/category\/karierni-pribehy\/"},{"@type":"ListItem","position":3,"name":"Koordin\u00e1torka z\u00e1kaznick\u00e9ho servisu: Dagmar Hasmanov\u00e1"}]},{"@type":"WebSite","@id":"https:\/\/lindstromgroup.com\/cz\/#website","url":"https:\/\/lindstromgroup.com\/cz\/","name":"Lindstr\u00f6m Czech","description":"","publisher":{"@id":"https:\/\/lindstromgroup.com\/cz\/#organization"},"potentialAction":[{"@type":"SearchAction","target":{"@type":"EntryPoint","urlTemplate":"https:\/\/lindstromgroup.com\/cz\/?s={search_term_string}"},"query-input":{"@type":"PropertyValueSpecification","valueRequired":true,"valueName":"search_term_string"}}],"inLanguage":"cs"},{"@type":"Organization","@id":"https:\/\/lindstromgroup.com\/cz\/#organization","name":"Lindstr\u00f6m","url":"https:\/\/lindstromgroup.com\/cz\/","logo":{"@type":"ImageObject","inLanguage":"cs","@id":"https:\/\/lindstromgroup.com\/cz\/#\/schema\/logo\/image\/","url":"https:\/\/d2ris6qfzcz0wn.cloudfront.net\/wp-content\/uploads\/sites\/25\/2023\/10\/Logo512.png","contentUrl":"https:\/\/d2ris6qfzcz0wn.cloudfront.net\/wp-content\/uploads\/sites\/25\/2023\/10\/Logo512.png","width":512,"height":109,"caption":"Lindstr\u00f6m"},"image":{"@id":"https:\/\/lindstromgroup.com\/cz\/#\/schema\/logo\/image\/"}},{"@type":"Person","@id":"https:\/\/lindstromgroup.com\/cz\/#\/schema\/person\/9111900e3f15be99cf4a104112bf0bc3","name":"Lindstr\u00f6m Group","image":{"@type":"ImageObject","inLanguage":"cs","@id":"https:\/\/secure.gravatar.com\/avatar\/db72e9a46e0f7c5c437401114209c070c0ed0871f3f73ed82792b5cf14c95b5c?s=96&d=mm&r=g93dbf206f3a4403aba72a0da0a795367","url":"https:\/\/secure.gravatar.com\/avatar\/db72e9a46e0f7c5c437401114209c070c0ed0871f3f73ed82792b5cf14c95b5c?s=96&d=mm&r=g","contentUrl":"https:\/\/secure.gravatar.com\/avatar\/db72e9a46e0f7c5c437401114209c070c0ed0871f3f73ed82792b5cf14c95b5c?s=96&d=mm&r=g","caption":"Lindstr\u00f6m Group"}}]}},"publishpress_future_workflow_manual_trigger":{"enabledWorkflows":[]},"distributor_meta":false,"distributor_terms":false,"distributor_media":false,"distributor_original_site_name":"Lindstr\u00f6m Czech","distributor_original_site_url":"https:\/\/lindstromgroup.com\/cz","push-errors":false,"_links":{"self":[{"href":"https:\/\/lindstromgroup.com\/cz\/wp-json\/wp\/v2\/posts\/19410","targetHints":{"allow":["GET"]}}],"collection":[{"href":"https:\/\/lindstromgroup.com\/cz\/wp-json\/wp\/v2\/posts"}],"about":[{"href":"https:\/\/lindstromgroup.com\/cz\/wp-json\/wp\/v2\/types\/post"}],"author":[{"embeddable":true,"href":"https:\/\/lindstromgroup.com\/cz\/wp-json\/wp\/v2\/users\/14"}],"replies":[{"embeddable":true,"href":"https:\/\/lindstromgroup.com\/cz\/wp-json\/wp\/v2\/comments?post=19410"}],"version-history":[{"count":0,"href":"https:\/\/lindstromgroup.com\/cz\/wp-json\/wp\/v2\/posts\/19410\/revisions"}],"wp:featuredmedia":[{"embeddable":true,"href":"https:\/\/lindstromgroup.com\/cz\/wp-json\/wp\/v2\/media\/17576"}],"wp:attachment":[{"href":"https:\/\/lindstromgroup.com\/cz\/wp-json\/wp\/v2\/media?parent=19410"}],"wp:term":[{"taxonomy":"category","embeddable":true,"href":"https:\/\/lindstromgroup.com\/cz\/wp-json\/wp\/v2\/categories?post=19410"},{"taxonomy":"post_tag","embeddable":true,"href":"https:\/\/lindstromgroup.com\/cz\/wp-json\/wp\/v2\/tags?post=19410"},{"taxonomy":"author","embeddable":true,"href":"https:\/\/lindstromgroup.com\/cz\/wp-json\/wp\/v2\/coauthors?post=19410"}],"curies":[{"name":"wp","href":"https:\/\/api.w.org\/{rel}","templated":true}]}}