
    {"id":19036,"date":"2024-12-03T14:41:51","date_gmt":"2024-12-03T13:41:51","guid":{"rendered":"https:\/\/lindstromgroup.com\/cz\/?p=19036"},"modified":"2024-12-03T14:41:52","modified_gmt":"2024-12-03T13:41:52","slug":"adventni-kalendar-2024","status":"publish","type":"post","link":"https:\/\/lindstromgroup.com\/cz\/article\/adventni-kalendar-2024\/","title":{"rendered":"Adventn\u00ed kalend\u00e1\u0159 2024"},"content":{"rendered":"\n<p>Je \u010das otev\u0159\u00edt prvn\u00ed ok\u00e9nko na\u0161eho adventn\u00edho kalend\u00e1\u0159e!  <\/p>\n\n\n\n        <style>\n            .lindstrom-container--block_7131c297ef271366c8260aa284dce011 {                \n                padding-top: 35px;\n                padding-bottom: 35px;\n            }\n\n            @media screen and (min-width: 768px) {\n                .lindstrom-container--block_7131c297ef271366c8260aa284dce011 {\n                    padding-top: 35px;\n                    padding-bottom: 75px;\n                }\n            }\n        <\/style>\n    \n<div\n    class=\"lindstrom-container-wrapper lindstrom-container lindstrom-container--block_7131c297ef271366c8260aa284dce011 \"\n    id=\"block_7131c297ef271366c8260aa284dce011\"\n    style=\"background-color: #ffffff\"\n    >\n    <div class=\"lindstrom-container lindstrom-container--text items-stretch\">\n        \n\n<p>Ka\u017ed\u00fd den na v\u00e1s \u010dek\u00e1 mal\u00e1 kv\u00edzov\u00e1 ot\u00e1zka o <a href=\"https:\/\/lindstromgroup.com\/cz\/servisni-sluzby\/kolekce-pracovnich-odevu-workerpro\/\">nov\u00e9 kolekci pracovn\u00edch od\u011bv\u016f WorkerPro<\/a>.<\/p>\n\n\n\n<p>Nezapome\u0148te se vracet ka\u017ed\u00fd den, proto\u017ee z adventn\u00edch otv\u00edra\u010d\u016f, kte\u0159\u00ed budou m\u00edt nejv\u00edc spr\u00e1vn\u00fdch odpov\u011bd\u00ed vylosujeme 5 v\u00fdherc\u016f a ti z\u00edskaj\u00ed v\u00e1no\u010dn\u00ed bal\u00ed\u010dek Lindstr\u00f6m. <\/p>\n\n\n\n<p><\/p>\n\n\n\n        <div \n        id=\"cta-country-block_89cdfdb5474bd2f894aa59f4fa898dbd\" \n        class=\"cta-country\"\n    >\n        <div class=\"flex flex-col gap-5\" style=\"align-items: flex-start\">\n                                        <div class=\"cta-text\"><p><img decoding=\"async\" class=\"alignnone size-medium wp-image-19037\" src=\"https:\/\/d2ris6qfzcz0wn.cloudfront.net\/wp-content\/uploads\/sites\/25\/2024\/12\/Background_WorkerPro_2-300x180.png\" alt=\"\" width=\"300\" height=\"180\" srcset=\"https:\/\/d2ris6qfzcz0wn.cloudfront.net\/wp-content\/uploads\/sites\/25\/2024\/12\/Background_WorkerPro_2-300x180.png 300w, https:\/\/d2ris6qfzcz0wn.cloudfront.net\/wp-content\/uploads\/sites\/25\/2024\/12\/Background_WorkerPro_2-768x461.png 768w, https:\/\/d2ris6qfzcz0wn.cloudfront.net\/wp-content\/uploads\/sites\/25\/2024\/12\/Background_WorkerPro_2.png 1000w\" sizes=\"(max-width: 300px) 100vw, 300px\" \/><\/p>\n<\/div>\n                        <div class=\"cta-button-container cta-button-container--row\">\n                                                                                        <div class=\"flex rounded-full h-10 min-w-[150px] mt-auto cta-button button-solid--blue\">\n                                <a \n                                    class=\"flex flex-grow !no-underline py-3 px-5 font-bold text-[15px]\/[21px] justify-center items-center gap-2 text-center border-2 rounded-full cta-button__inner\" \n                                    href=\"https:\/\/lindstrom.campaign.playable.com\/cz-adventni-kalendar-workerpro-2024\"\n                                    style=\"border-color: #003F72; background-color: #003F72; color: #FFFFFF;\"\n                                    target=\"_self\"\n                                >\n                                    Chci vid\u011bt adventn\u00ed kalend\u00e1\u0159                                                                            <div class=\"flex justify-center items-center w-[35px] h-[35px] cta-button__inner-icon\">\n                                                                                                <span class=\"!text-[35px] material-symbols-outlined\" style=\"color: #FFFFFF\">open_in_new<\/span>\n                                                                                    <\/div>\n                                                                    <\/a>\n                            <\/div>\n                                                                        <\/div>\n        <\/div>\n    <\/div>\n    \n\n    <\/div>\n<\/div>\n","protected":false},"excerpt":{"rendered":"<p>Je \u010das otev\u0159\u00edt prvn\u00ed ok\u00e9nko na\u0161eho adventn\u00edho kalend\u00e1\u0159e!<\/p>\n","protected":false},"author":14,"featured_media":19037,"comment_status":"closed","ping_status":"open","sticky":false,"template":"","format":"standard","meta":{"_acf_changed":false,"inline_featured_image":false,"_eb_attr":"","site-sidebar-layout":"default","site-content-layout":"","ast-site-content-layout":"default","site-content-style":"default","site-sidebar-style":"default","ast-global-header-display":"","ast-banner-title-visibility":"","ast-main-header-display":"","ast-hfb-above-header-display":"","ast-hfb-below-header-display":"","ast-hfb-mobile-header-display":"","site-post-title":"","ast-breadcrumbs-content":"","ast-featured-img":"","footer-sml-layout":"","ast-disable-related-posts":"","theme-transparent-header-meta":"","adv-header-id-meta":"","stick-header-meta":"","header-above-stick-meta":"","header-main-stick-meta":"","header-below-stick-meta":"","astra-migrate-meta-layouts":"default","ast-page-background-enabled":"default","ast-page-background-meta":{"desktop":{"background-color":"var(--ast-global-color-4)","background-image":"","background-repeat":"repeat","background-position":"center center","background-size":"auto","background-attachment":"scroll","background-type":"","background-media":"","overlay-type":"","overlay-color":"","overlay-opacity":"","overlay-gradient":""},"tablet":{"background-color":"","background-image":"","background-repeat":"repeat","background-position":"center center","background-size":"auto","background-attachment":"scroll","background-type":"","background-media":"","overlay-type":"","overlay-color":"","overlay-opacity":"","overlay-gradient":""},"mobile":{"background-color":"","background-image":"","background-repeat":"repeat","background-position":"center center","background-size":"auto","background-attachment":"scroll","background-type":"","background-media":"","overlay-type":"","overlay-color":"","overlay-opacity":"","overlay-gradient":""}},"ast-content-background-meta":{"desktop":{"background-color":"var(--ast-global-color-5)","background-image":"","background-repeat":"repeat","background-position":"center center","background-size":"auto","background-attachment":"scroll","background-type":"","background-media":"","overlay-type":"","overlay-color":"","overlay-opacity":"","overlay-gradient":""},"tablet":{"background-color":"var(--ast-global-color-5)","background-image":"","background-repeat":"repeat","background-position":"center center","background-size":"auto","background-attachment":"scroll","background-type":"","background-media":"","overlay-type":"","overlay-color":"","overlay-opacity":"","overlay-gradient":""},"mobile":{"background-color":"var(--ast-global-color-5)","background-image":"","background-repeat":"repeat","background-position":"center center","background-size":"auto","background-attachment":"scroll","background-type":"","background-media":"","overlay-type":"","overlay-color":"","overlay-opacity":"","overlay-gradient":""}},"footnotes":""},"categories":[14],"tags":[],"coauthors":[20],"class_list":["post-19036","post","type-post","status-publish","format-standard","has-post-thumbnail","hentry","category-article"],"acf":[],"yoast_head":"<!-- This site is optimized with the Yoast SEO plugin v27.2 - https:\/\/yoast.com\/product\/yoast-seo-wordpress\/ -->\n<title>Adventn\u00ed kalend\u00e1\u0159 2024 - Lindstr\u00f6m Czech<\/title>\n<meta name=\"robots\" content=\"index, follow, max-snippet:-1, max-image-preview:large, max-video-preview:-1\" \/>\n<meta property=\"og:locale\" content=\"cs_CZ\" \/>\n<meta property=\"og:type\" content=\"article\" \/>\n<meta property=\"og:title\" content=\"Adventn\u00ed kalend\u00e1\u0159 2024 - Lindstr\u00f6m Czech\" \/>\n<meta property=\"og:description\" content=\"Je \u010das otev\u0159\u00edt prvn\u00ed ok\u00e9nko na\u0161eho adventn\u00edho kalend\u00e1\u0159e!\" \/>\n<meta property=\"og:url\" content=\"https:\/\/lindstromgroup.com\/cz\/article\/adventni-kalendar-2024\/\" \/>\n<meta property=\"og:site_name\" content=\"Lindstr\u00f6m Czech\" \/>\n<meta property=\"article:published_time\" content=\"2024-12-03T13:41:51+00:00\" \/>\n<meta property=\"article:modified_time\" content=\"2024-12-03T13:41:52+00:00\" \/>\n<meta property=\"og:image\" content=\"https:\/\/lindstrom-sites.s3.eu-north-1.amazonaws.com\/wp-content\/uploads\/sites\/25\/2024\/12\/Background_WorkerPro_2.png\" \/>\n\t<meta property=\"og:image:width\" content=\"1000\" \/>\n\t<meta property=\"og:image:height\" content=\"600\" \/>\n\t<meta property=\"og:image:type\" content=\"image\/png\" \/>\n<meta name=\"author\" content=\"Lindstr\u00f6m Group\" \/>\n<meta name=\"twitter:card\" content=\"summary_large_image\" \/>\n<meta name=\"twitter:label1\" content=\"Napsal(a)\" \/>\n\t<meta name=\"twitter:data1\" content=\"Lindstr\u00f6m Group\" \/>\n\t<meta name=\"twitter:label2\" content=\"Odhadovan\u00e1 doba \u010dten\u00ed\" \/>\n\t<meta name=\"twitter:data2\" content=\"1 minuta\" \/>\n\t<meta name=\"twitter:label3\" content=\"Written by\" \/>\n\t<meta name=\"twitter:data3\" content=\"Lindstr\u00f6m Group\" \/>\n<script type=\"application\/ld+json\" class=\"yoast-schema-graph\">{\"@context\":\"https:\/\/schema.org\",\"@graph\":[{\"@type\":\"Article\",\"@id\":\"https:\/\/lindstromgroup.com\/cz\/article\/adventni-kalendar-2024\/#article\",\"isPartOf\":{\"@id\":\"https:\/\/lindstromgroup.com\/cz\/article\/adventni-kalendar-2024\/\"},\"author\":{\"name\":\"Lindstr\u00f6m Group\",\"@id\":\"https:\/\/lindstromgroup.com\/cz\/#\/schema\/person\/9111900e3f15be99cf4a104112bf0bc3\"},\"headline\":\"Adventn\u00ed kalend\u00e1\u0159 2024\",\"datePublished\":\"2024-12-03T13:41:51+00:00\",\"dateModified\":\"2024-12-03T13:41:52+00:00\",\"mainEntityOfPage\":{\"@id\":\"https:\/\/lindstromgroup.com\/cz\/article\/adventni-kalendar-2024\/\"},\"wordCount\":74,\"publisher\":{\"@id\":\"https:\/\/lindstromgroup.com\/cz\/#organization\"},\"image\":{\"@id\":\"https:\/\/lindstromgroup.com\/cz\/article\/adventni-kalendar-2024\/#primaryimage\"},\"thumbnailUrl\":\"https:\/\/d2ris6qfzcz0wn.cloudfront.net\/wp-content\/uploads\/sites\/25\/2024\/12\/Background_WorkerPro_2.png\",\"articleSection\":[\"\u010cl\u00e1nek\"],\"inLanguage\":\"cs\"},{\"@type\":\"WebPage\",\"@id\":\"https:\/\/lindstromgroup.com\/cz\/article\/adventni-kalendar-2024\/\",\"url\":\"https:\/\/lindstromgroup.com\/cz\/article\/adventni-kalendar-2024\/\",\"name\":\"Adventn\u00ed kalend\u00e1\u0159 2024 - Lindstr\u00f6m Czech\",\"isPartOf\":{\"@id\":\"https:\/\/lindstromgroup.com\/cz\/#website\"},\"primaryImageOfPage\":{\"@id\":\"https:\/\/lindstromgroup.com\/cz\/article\/adventni-kalendar-2024\/#primaryimage\"},\"image\":{\"@id\":\"https:\/\/lindstromgroup.com\/cz\/article\/adventni-kalendar-2024\/#primaryimage\"},\"thumbnailUrl\":\"https:\/\/d2ris6qfzcz0wn.cloudfront.net\/wp-content\/uploads\/sites\/25\/2024\/12\/Background_WorkerPro_2.png\",\"datePublished\":\"2024-12-03T13:41:51+00:00\",\"dateModified\":\"2024-12-03T13:41:52+00:00\",\"breadcrumb\":{\"@id\":\"https:\/\/lindstromgroup.com\/cz\/article\/adventni-kalendar-2024\/#breadcrumb\"},\"inLanguage\":\"cs\",\"potentialAction\":[{\"@type\":\"ReadAction\",\"target\":[\"https:\/\/lindstromgroup.com\/cz\/article\/adventni-kalendar-2024\/\"]}]},{\"@type\":\"ImageObject\",\"inLanguage\":\"cs\",\"@id\":\"https:\/\/lindstromgroup.com\/cz\/article\/adventni-kalendar-2024\/#primaryimage\",\"url\":\"https:\/\/d2ris6qfzcz0wn.cloudfront.net\/wp-content\/uploads\/sites\/25\/2024\/12\/Background_WorkerPro_2.png\",\"contentUrl\":\"https:\/\/d2ris6qfzcz0wn.cloudfront.net\/wp-content\/uploads\/sites\/25\/2024\/12\/Background_WorkerPro_2.png\",\"width\":1000,\"height\":600},{\"@type\":\"BreadcrumbList\",\"@id\":\"https:\/\/lindstromgroup.com\/cz\/article\/adventni-kalendar-2024\/#breadcrumb\",\"itemListElement\":[{\"@type\":\"ListItem\",\"position\":1,\"name\":\"Home\",\"item\":\"https:\/\/lindstromgroup.com\/cz\/\"},{\"@type\":\"ListItem\",\"position\":2,\"name\":\"\u010cl\u00e1nek\",\"item\":\"https:\/\/lindstromgroup.com\/cz\/category\/article\/\"},{\"@type\":\"ListItem\",\"position\":3,\"name\":\"Adventn\u00ed kalend\u00e1\u0159 2024\"}]},{\"@type\":\"WebSite\",\"@id\":\"https:\/\/lindstromgroup.com\/cz\/#website\",\"url\":\"https:\/\/lindstromgroup.com\/cz\/\",\"name\":\"Lindstr\u00f6m Czech\",\"description\":\"\",\"publisher\":{\"@id\":\"https:\/\/lindstromgroup.com\/cz\/#organization\"},\"potentialAction\":[{\"@type\":\"SearchAction\",\"target\":{\"@type\":\"EntryPoint\",\"urlTemplate\":\"https:\/\/lindstromgroup.com\/cz\/?s={search_term_string}\"},\"query-input\":{\"@type\":\"PropertyValueSpecification\",\"valueRequired\":true,\"valueName\":\"search_term_string\"}}],\"inLanguage\":\"cs\"},{\"@type\":\"Organization\",\"@id\":\"https:\/\/lindstromgroup.com\/cz\/#organization\",\"name\":\"Lindstr\u00f6m\",\"url\":\"https:\/\/lindstromgroup.com\/cz\/\",\"logo\":{\"@type\":\"ImageObject\",\"inLanguage\":\"cs\",\"@id\":\"https:\/\/lindstromgroup.com\/cz\/#\/schema\/logo\/image\/\",\"url\":\"https:\/\/d2ris6qfzcz0wn.cloudfront.net\/wp-content\/uploads\/sites\/25\/2023\/10\/Logo512.png\",\"contentUrl\":\"https:\/\/d2ris6qfzcz0wn.cloudfront.net\/wp-content\/uploads\/sites\/25\/2023\/10\/Logo512.png\",\"width\":512,\"height\":109,\"caption\":\"Lindstr\u00f6m\"},\"image\":{\"@id\":\"https:\/\/lindstromgroup.com\/cz\/#\/schema\/logo\/image\/\"}},{\"@type\":\"Person\",\"@id\":\"https:\/\/lindstromgroup.com\/cz\/#\/schema\/person\/9111900e3f15be99cf4a104112bf0bc3\",\"name\":\"Lindstr\u00f6m Group\",\"image\":{\"@type\":\"ImageObject\",\"inLanguage\":\"cs\",\"@id\":\"https:\/\/secure.gravatar.com\/avatar\/db72e9a46e0f7c5c437401114209c070c0ed0871f3f73ed82792b5cf14c95b5c?s=96&d=mm&r=g93dbf206f3a4403aba72a0da0a795367\",\"url\":\"https:\/\/secure.gravatar.com\/avatar\/db72e9a46e0f7c5c437401114209c070c0ed0871f3f73ed82792b5cf14c95b5c?s=96&d=mm&r=g\",\"contentUrl\":\"https:\/\/secure.gravatar.com\/avatar\/db72e9a46e0f7c5c437401114209c070c0ed0871f3f73ed82792b5cf14c95b5c?s=96&d=mm&r=g\",\"caption\":\"Lindstr\u00f6m Group\"}}]}<\/script>\n<!-- \/ Yoast SEO plugin. -->","yoast_head_json":{"title":"Adventn\u00ed kalend\u00e1\u0159 2024 - Lindstr\u00f6m Czech","robots":{"index":"index","follow":"follow","max-snippet":"max-snippet:-1","max-image-preview":"max-image-preview:large","max-video-preview":"max-video-preview:-1"},"og_locale":"cs_CZ","og_type":"article","og_title":"Adventn\u00ed kalend\u00e1\u0159 2024 - Lindstr\u00f6m Czech","og_description":"Je \u010das otev\u0159\u00edt prvn\u00ed ok\u00e9nko na\u0161eho adventn\u00edho kalend\u00e1\u0159e!","og_url":"https:\/\/lindstromgroup.com\/cz\/article\/adventni-kalendar-2024\/","og_site_name":"Lindstr\u00f6m Czech","article_published_time":"2024-12-03T13:41:51+00:00","article_modified_time":"2024-12-03T13:41:52+00:00","og_image":[{"width":1000,"height":600,"url":"https:\/\/lindstrom-sites.s3.eu-north-1.amazonaws.com\/wp-content\/uploads\/sites\/25\/2024\/12\/Background_WorkerPro_2.png","type":"image\/png"}],"author":"Lindstr\u00f6m Group","twitter_card":"summary_large_image","twitter_misc":{"Napsal(a)":"Lindstr\u00f6m Group","Odhadovan\u00e1 doba \u010dten\u00ed":"1 minuta","Written by":"Lindstr\u00f6m Group"},"schema":{"@context":"https:\/\/schema.org","@graph":[{"@type":"Article","@id":"https:\/\/lindstromgroup.com\/cz\/article\/adventni-kalendar-2024\/#article","isPartOf":{"@id":"https:\/\/lindstromgroup.com\/cz\/article\/adventni-kalendar-2024\/"},"author":{"name":"Lindstr\u00f6m Group","@id":"https:\/\/lindstromgroup.com\/cz\/#\/schema\/person\/9111900e3f15be99cf4a104112bf0bc3"},"headline":"Adventn\u00ed kalend\u00e1\u0159 2024","datePublished":"2024-12-03T13:41:51+00:00","dateModified":"2024-12-03T13:41:52+00:00","mainEntityOfPage":{"@id":"https:\/\/lindstromgroup.com\/cz\/article\/adventni-kalendar-2024\/"},"wordCount":74,"publisher":{"@id":"https:\/\/lindstromgroup.com\/cz\/#organization"},"image":{"@id":"https:\/\/lindstromgroup.com\/cz\/article\/adventni-kalendar-2024\/#primaryimage"},"thumbnailUrl":"https:\/\/d2ris6qfzcz0wn.cloudfront.net\/wp-content\/uploads\/sites\/25\/2024\/12\/Background_WorkerPro_2.png","articleSection":["\u010cl\u00e1nek"],"inLanguage":"cs"},{"@type":"WebPage","@id":"https:\/\/lindstromgroup.com\/cz\/article\/adventni-kalendar-2024\/","url":"https:\/\/lindstromgroup.com\/cz\/article\/adventni-kalendar-2024\/","name":"Adventn\u00ed kalend\u00e1\u0159 2024 - Lindstr\u00f6m Czech","isPartOf":{"@id":"https:\/\/lindstromgroup.com\/cz\/#website"},"primaryImageOfPage":{"@id":"https:\/\/lindstromgroup.com\/cz\/article\/adventni-kalendar-2024\/#primaryimage"},"image":{"@id":"https:\/\/lindstromgroup.com\/cz\/article\/adventni-kalendar-2024\/#primaryimage"},"thumbnailUrl":"https:\/\/d2ris6qfzcz0wn.cloudfront.net\/wp-content\/uploads\/sites\/25\/2024\/12\/Background_WorkerPro_2.png","datePublished":"2024-12-03T13:41:51+00:00","dateModified":"2024-12-03T13:41:52+00:00","breadcrumb":{"@id":"https:\/\/lindstromgroup.com\/cz\/article\/adventni-kalendar-2024\/#breadcrumb"},"inLanguage":"cs","potentialAction":[{"@type":"ReadAction","target":["https:\/\/lindstromgroup.com\/cz\/article\/adventni-kalendar-2024\/"]}]},{"@type":"ImageObject","inLanguage":"cs","@id":"https:\/\/lindstromgroup.com\/cz\/article\/adventni-kalendar-2024\/#primaryimage","url":"https:\/\/d2ris6qfzcz0wn.cloudfront.net\/wp-content\/uploads\/sites\/25\/2024\/12\/Background_WorkerPro_2.png","contentUrl":"https:\/\/d2ris6qfzcz0wn.cloudfront.net\/wp-content\/uploads\/sites\/25\/2024\/12\/Background_WorkerPro_2.png","width":1000,"height":600},{"@type":"BreadcrumbList","@id":"https:\/\/lindstromgroup.com\/cz\/article\/adventni-kalendar-2024\/#breadcrumb","itemListElement":[{"@type":"ListItem","position":1,"name":"Home","item":"https:\/\/lindstromgroup.com\/cz\/"},{"@type":"ListItem","position":2,"name":"\u010cl\u00e1nek","item":"https:\/\/lindstromgroup.com\/cz\/category\/article\/"},{"@type":"ListItem","position":3,"name":"Adventn\u00ed kalend\u00e1\u0159 2024"}]},{"@type":"WebSite","@id":"https:\/\/lindstromgroup.com\/cz\/#website","url":"https:\/\/lindstromgroup.com\/cz\/","name":"Lindstr\u00f6m Czech","description":"","publisher":{"@id":"https:\/\/lindstromgroup.com\/cz\/#organization"},"potentialAction":[{"@type":"SearchAction","target":{"@type":"EntryPoint","urlTemplate":"https:\/\/lindstromgroup.com\/cz\/?s={search_term_string}"},"query-input":{"@type":"PropertyValueSpecification","valueRequired":true,"valueName":"search_term_string"}}],"inLanguage":"cs"},{"@type":"Organization","@id":"https:\/\/lindstromgroup.com\/cz\/#organization","name":"Lindstr\u00f6m","url":"https:\/\/lindstromgroup.com\/cz\/","logo":{"@type":"ImageObject","inLanguage":"cs","@id":"https:\/\/lindstromgroup.com\/cz\/#\/schema\/logo\/image\/","url":"https:\/\/d2ris6qfzcz0wn.cloudfront.net\/wp-content\/uploads\/sites\/25\/2023\/10\/Logo512.png","contentUrl":"https:\/\/d2ris6qfzcz0wn.cloudfront.net\/wp-content\/uploads\/sites\/25\/2023\/10\/Logo512.png","width":512,"height":109,"caption":"Lindstr\u00f6m"},"image":{"@id":"https:\/\/lindstromgroup.com\/cz\/#\/schema\/logo\/image\/"}},{"@type":"Person","@id":"https:\/\/lindstromgroup.com\/cz\/#\/schema\/person\/9111900e3f15be99cf4a104112bf0bc3","name":"Lindstr\u00f6m Group","image":{"@type":"ImageObject","inLanguage":"cs","@id":"https:\/\/secure.gravatar.com\/avatar\/db72e9a46e0f7c5c437401114209c070c0ed0871f3f73ed82792b5cf14c95b5c?s=96&d=mm&r=g93dbf206f3a4403aba72a0da0a795367","url":"https:\/\/secure.gravatar.com\/avatar\/db72e9a46e0f7c5c437401114209c070c0ed0871f3f73ed82792b5cf14c95b5c?s=96&d=mm&r=g","contentUrl":"https:\/\/secure.gravatar.com\/avatar\/db72e9a46e0f7c5c437401114209c070c0ed0871f3f73ed82792b5cf14c95b5c?s=96&d=mm&r=g","caption":"Lindstr\u00f6m Group"}}]}},"publishpress_future_workflow_manual_trigger":{"enabledWorkflows":[]},"distributor_meta":false,"distributor_terms":false,"distributor_media":false,"distributor_original_site_name":"Lindstr\u00f6m Czech","distributor_original_site_url":"https:\/\/lindstromgroup.com\/cz","push-errors":false,"_links":{"self":[{"href":"https:\/\/lindstromgroup.com\/cz\/wp-json\/wp\/v2\/posts\/19036","targetHints":{"allow":["GET"]}}],"collection":[{"href":"https:\/\/lindstromgroup.com\/cz\/wp-json\/wp\/v2\/posts"}],"about":[{"href":"https:\/\/lindstromgroup.com\/cz\/wp-json\/wp\/v2\/types\/post"}],"author":[{"embeddable":true,"href":"https:\/\/lindstromgroup.com\/cz\/wp-json\/wp\/v2\/users\/14"}],"replies":[{"embeddable":true,"href":"https:\/\/lindstromgroup.com\/cz\/wp-json\/wp\/v2\/comments?post=19036"}],"version-history":[{"count":0,"href":"https:\/\/lindstromgroup.com\/cz\/wp-json\/wp\/v2\/posts\/19036\/revisions"}],"wp:featuredmedia":[{"embeddable":true,"href":"https:\/\/lindstromgroup.com\/cz\/wp-json\/wp\/v2\/media\/19037"}],"wp:attachment":[{"href":"https:\/\/lindstromgroup.com\/cz\/wp-json\/wp\/v2\/media?parent=19036"}],"wp:term":[{"taxonomy":"category","embeddable":true,"href":"https:\/\/lindstromgroup.com\/cz\/wp-json\/wp\/v2\/categories?post=19036"},{"taxonomy":"post_tag","embeddable":true,"href":"https:\/\/lindstromgroup.com\/cz\/wp-json\/wp\/v2\/tags?post=19036"},{"taxonomy":"author","embeddable":true,"href":"https:\/\/lindstromgroup.com\/cz\/wp-json\/wp\/v2\/coauthors?post=19036"}],"curies":[{"name":"wp","href":"https:\/\/api.w.org\/{rel}","templated":true}]}}