
    {"id":18887,"date":"2024-10-10T11:42:17","date_gmt":"2024-10-10T10:42:17","guid":{"rendered":"https:\/\/lindstromgroup.com\/cz\/?p=18887"},"modified":"2025-05-26T13:11:58","modified_gmt":"2025-05-26T12:11:58","slug":"svetovy-den-urazu-ochrana-zamestnancu","status":"publish","type":"post","link":"https:\/\/lindstromgroup.com\/cz\/article\/svetovy-den-urazu-ochrana-zamestnancu\/","title":{"rendered":"Sv\u011btov\u00fd den \u00faraz\u016f"},"content":{"rendered":"\n<p><a href=\"https:\/\/nationaltoday.com\/world-trauma-day\/\" target=\"_blank\" rel=\"noreferrer noopener\">Sv\u011btov\u00fd den \u00faraz\u016f<\/a> se ka\u017edoro\u010dn\u011b p\u0159ipom\u00edn\u00e1 17. \u0159\u00edjna. Byl vyhl\u00e1\u0161en Organizac\u00ed spojen\u00fdch n\u00e1rod\u016f v roce 1992 jako sou\u010d\u00e1st \u0161ir\u0161\u00ed glob\u00e1ln\u00ed kampan\u011b na sni\u017eov\u00e1n\u00ed \u00faraz\u016f a zvy\u0161ov\u00e1n\u00ed pov\u011bdom\u00ed o jejich prevenci. Jeho hlavn\u00edm c\u00edlem je zv\u00fd\u0161it pov\u011bdom\u00ed o prevenci zran\u011bn\u00ed a \u00faraz\u016f, kter\u00e9 mohou m\u00edt devastuj\u00edc\u00ed dopad na jednotlivce i spole\u010dnost. \u00darazy jsou celosv\u011btov\u011b jednou z hlavn\u00edch p\u0159\u00ed\u010din smrti a invalidity, p\u0159i\u010dem\u017e postihuj\u00ed nejen ob\u011bti, ale i jejich rodiny a cel\u00fd zdravotn\u00ed syst\u00e9m. Tento den m\u00e1 proto kl\u00ed\u010dov\u00fd v\u00fdznam pro <strong>zlep\u0161en\u00ed bezpe\u010dnostn\u00edch opat\u0159en\u00ed<\/strong> a sn\u00ed\u017een\u00ed rizik \u00faraz\u016f zvl\u00e1\u0161t\u011b na pracovi\u0161ti.<\/p>\n\n\n\n<h2 class=\"wp-block-heading\">Prevence a ochrana zam\u011bstnanc\u016f v rizikov\u00fdch povol\u00e1n\u00edch<\/h2>\n\n\n\n<p>V <a href=\"https:\/\/lindstromgroup.com\/cz\/article\/rizikove-povolani-a-ochrana-zamestnancu\/\">rizikov\u00fdch povol\u00e1n\u00edch<\/a>, kde je zv\u00fd\u0161en\u00e9 nebezpe\u010d\u00ed pracovn\u00edch \u00faraz\u016f, hraje kl\u00ed\u010dovou roli v ochran\u011b zam\u011bstnanc\u016f <strong>prevence<\/strong>. Jedn\u00edm z hlavn\u00edch preventivn\u00edch opat\u0159en\u00ed je zaji\u0161t\u011bn\u00ed vhodn\u00e9ho <strong>pracovn\u00edho od\u011bvu a ochrann\u00fdch pom\u016fcek<\/strong>, kter\u00e9 pom\u00e1haj\u00ed minimalizovat riziko \u00faraz\u016f a zlep\u0161uj\u00ed bezpe\u010dnost na pracovi\u0161ti.<\/p>\n\n\n\n<h2 class=\"wp-block-heading\">Pracovn\u00ed od\u011bvy a ochrann\u00e9 pom\u016fcky<\/h2>\n\n\n\n<p><strong>Pron\u00e1jem pracovn\u00edch od\u011bv\u016f<\/strong> a pravideln\u00e9 poskytov\u00e1n\u00ed osobn\u00edch ochrann\u00fdch pracovn\u00edch pom\u016fcek zam\u011bstnavatelem hraje d\u016fle\u017eitou roli v zaji\u0161t\u011bn\u00ed st\u00e1l\u00e9ho p\u0159\u00edstupu k aktu\u00e1ln\u00edm, funk\u010dn\u00edm a certifikovan\u00fdm bezpe\u010dnostn\u00edm prvk\u016fm.<\/p>\n\n\n\n<figure class=\"wp-block-image size-large\"><img decoding=\"async\" width=\"1024\" height=\"576\" src=\"https:\/\/d2ris6qfzcz0wn.cloudfront.net\/wp-content\/uploads\/sites\/25\/2024\/10\/lindstrom-svetovy-den-urazu-102024-2-1024x576.jpg\" alt=\"Pron\u00e1jem ochrann\u00fdch pracovn\u00edch od\u011bv\u016f\" class=\"wp-image-18889\" srcset=\"https:\/\/d2ris6qfzcz0wn.cloudfront.net\/wp-content\/uploads\/sites\/25\/2024\/10\/lindstrom-svetovy-den-urazu-102024-2-1024x576.jpg 1024w, https:\/\/d2ris6qfzcz0wn.cloudfront.net\/wp-content\/uploads\/sites\/25\/2024\/10\/lindstrom-svetovy-den-urazu-102024-2-300x169.jpg 300w, https:\/\/d2ris6qfzcz0wn.cloudfront.net\/wp-content\/uploads\/sites\/25\/2024\/10\/lindstrom-svetovy-den-urazu-102024-2-768x432.jpg 768w, https:\/\/d2ris6qfzcz0wn.cloudfront.net\/wp-content\/uploads\/sites\/25\/2024\/10\/lindstrom-svetovy-den-urazu-102024-2-1536x864.jpg 1536w, https:\/\/d2ris6qfzcz0wn.cloudfront.net\/wp-content\/uploads\/sites\/25\/2024\/10\/lindstrom-svetovy-den-urazu-102024-2.jpg 2048w\" sizes=\"(max-width: 1024px) 100vw, 1024px\" \/><figcaption class=\"wp-element-caption\"><em>Pr\u00e1ce s ohn\u011bm, elektrick\u00fdm proudem \u010di chemik\u00e1liemi vy\u017eaduje speci\u00e1ln\u00ed pracovn\u00ed od\u011bv a ochrann\u00e9 pom\u016fcky<\/em><\/figcaption><\/figure>\n\n\n\n<h3 class=\"wp-block-heading\">P\u0159\u00edklady ochrann\u00fdch pracovn\u00edch od\u011bv\u016f pro specifick\u00e9 profese<\/h3>\n\n\n\n<p><strong>Elektrik\u00e1\u0159i <\/strong>pot\u0159ebuj\u00ed speci\u00e1ln\u00ed od\u011bvy s izola\u010dn\u00edmi vlastnostmi, kter\u00e9 je chr\u00e1n\u00ed p\u0159ed elektrick\u00fdm v\u00fdbojem.<\/p>\n\n\n\n<p><strong>Na staveni\u0161t\u00edch<\/strong> je \u010dasto omezen\u00e1 viditelnost, reflexn\u00ed vesty pom\u00e1haj\u00ed zlep\u0161it viditelnost pracovn\u00edk\u016f, co\u017e sni\u017euje riziko nehod p\u0159i pr\u00e1ci s t\u011b\u017ekou technikou.<\/p>\n\n\n\n<p><strong>Z\u00e1chran\u00e1\u0159i<\/strong>, ale tak\u00e9 t\u0159eba <strong>sv\u00e1\u0159e\u010di <\/strong>\u010di pracovn\u00edci v t\u011b\u017ek\u00e9m pr\u016fmyslu \u010del\u00ed r\u016fzn\u00fdm krizov\u00fdm situac\u00edm, kde hroz\u00ed pop\u00e1leniny, chemick\u00e9 zran\u011bn\u00ed nebo mechanick\u00e9 po\u0161kozen\u00ed. Pracovn\u00ed od\u011bvy jsou proto navr\u017eeny tak, aby poskytovaly vysokou odolnost a ochranu p\u0159i nehod\u00e1ch.<\/p>\n\n\n\n<p><strong>Pracovn\u00edci v chemick\u00e9m pr\u016fmyslu<\/strong> pracuj\u00ed s chemik\u00e1liemi, kter\u00e9 mohou b\u00fdt vysoce nebezpe\u010dn\u00e9 p\u0159i p\u0159\u00edm\u00e9m kontaktu s poko\u017ekou, a proto jsou nezbytn\u00e9 od\u011bvy odoln\u00e9 v\u016f\u010di chemik\u00e1li\u00edm.<\/p>\n\n\n\n<h2 class=\"wp-block-heading\">Jak m\u016f\u017ee Lindstr\u00f6m p\u0159isp\u011bt k zaji\u0161t\u011bn\u00ed bezpe\u010dn\u00e9ho pracovi\u0161t\u011b<\/h2>\n\n\n\n<p>Spole\u010dnost <strong>Lindstr\u00f6m <\/strong>hraje kl\u00ed\u010dovou roli nejen v <strong>zaji\u0161t\u011bn\u00ed vhodn\u00e9ho vybaven\u00ed<\/strong>, ale i v <strong>podpo\u0159e bezpe\u010dnosti pr\u00e1ce na konkr\u00e9tn\u00edm pracovi\u0161ti<\/strong> prost\u0159ednictv\u00edm sv\u00fdch slu\u017eeb a odborn\u00fdch znalost\u00ed. Na\u0161e spole\u010dnost sv\u00fdm p\u0159\u00edstupem ke kvalitn\u00edm ochrann\u00fdm od\u011bv\u016fm a slu\u017eb\u00e1m spojen\u00fdm s jejich \u00fadr\u017ebou v\u00fdznamn\u011b p\u0159isp\u00edv\u00e1 k ochran\u011b zam\u011bstnanc\u016f v r\u016fzn\u00fdch pracovn\u00edch prost\u0159ed\u00edch. <a href=\"https:\/\/lindstromgroup.com\/cz\/article\/pravidla-pro-bezpecnost-prace-pracovni-odevy\/\">Investice do bezpe\u010dnosti<\/a> vede k prevenci pracovn\u00edch \u00faraz\u016f, vy\u0161\u0161\u00ed produktivit\u011b a dodr\u017eov\u00e1n\u00ed legislativn\u00edch p\u0159edpis\u016f.<\/p>\n","protected":false},"excerpt":{"rendered":"<p>Sv\u011btov\u00fd den \u00faraz\u016f se ka\u017edoro\u010dn\u011b p\u0159ipom\u00edn\u00e1 17. \u0159\u00edjna. Byl vyhl\u00e1\u0161en Organizac\u00ed spojen\u00fdch n\u00e1rod\u016f v roce 1992 jako sou\u010d\u00e1st \u0161ir\u0161\u00ed glob\u00e1ln\u00ed kampan\u011b na sni\u017eov\u00e1n\u00ed \u00faraz\u016f a&#8230;<\/p>\n","protected":false},"author":14,"featured_media":18888,"comment_status":"closed","ping_status":"open","sticky":false,"template":"","format":"standard","meta":{"_acf_changed":false,"inline_featured_image":false,"_eb_attr":"","site-sidebar-layout":"default","site-content-layout":"","ast-site-content-layout":"default","site-content-style":"default","site-sidebar-style":"default","ast-global-header-display":"","ast-banner-title-visibility":"","ast-main-header-display":"","ast-hfb-above-header-display":"","ast-hfb-below-header-display":"","ast-hfb-mobile-header-display":"","site-post-title":"","ast-breadcrumbs-content":"","ast-featured-img":"","footer-sml-layout":"","ast-disable-related-posts":"","theme-transparent-header-meta":"","adv-header-id-meta":"","stick-header-meta":"","header-above-stick-meta":"","header-main-stick-meta":"","header-below-stick-meta":"","astra-migrate-meta-layouts":"default","ast-page-background-enabled":"default","ast-page-background-meta":{"desktop":{"background-color":"var(--ast-global-color-4)","background-image":"","background-repeat":"repeat","background-position":"center center","background-size":"auto","background-attachment":"scroll","background-type":"","background-media":"","overlay-type":"","overlay-color":"","overlay-opacity":"","overlay-gradient":""},"tablet":{"background-color":"","background-image":"","background-repeat":"repeat","background-position":"center center","background-size":"auto","background-attachment":"scroll","background-type":"","background-media":"","overlay-type":"","overlay-color":"","overlay-opacity":"","overlay-gradient":""},"mobile":{"background-color":"","background-image":"","background-repeat":"repeat","background-position":"center center","background-size":"auto","background-attachment":"scroll","background-type":"","background-media":"","overlay-type":"","overlay-color":"","overlay-opacity":"","overlay-gradient":""}},"ast-content-background-meta":{"desktop":{"background-color":"var(--ast-global-color-5)","background-image":"","background-repeat":"repeat","background-position":"center center","background-size":"auto","background-attachment":"scroll","background-type":"","background-media":"","overlay-type":"","overlay-color":"","overlay-opacity":"","overlay-gradient":""},"tablet":{"background-color":"var(--ast-global-color-5)","background-image":"","background-repeat":"repeat","background-position":"center center","background-size":"auto","background-attachment":"scroll","background-type":"","background-media":"","overlay-type":"","overlay-color":"","overlay-opacity":"","overlay-gradient":""},"mobile":{"background-color":"var(--ast-global-color-5)","background-image":"","background-repeat":"repeat","background-position":"center center","background-size":"auto","background-attachment":"scroll","background-type":"","background-media":"","overlay-type":"","overlay-color":"","overlay-opacity":"","overlay-gradient":""}},"footnotes":""},"categories":[14],"tags":[47,46,51],"coauthors":[20],"class_list":["post-18887","post","type-post","status-publish","format-standard","has-post-thumbnail","hentry","category-article","tag-bezpecnost","tag-cisticirohoze","tag-pracovniodevy"],"acf":[],"yoast_head":"<!-- This site is optimized with the Yoast SEO plugin v27.2 - https:\/\/yoast.com\/product\/yoast-seo-wordpress\/ -->\n<title>Sv\u011btov\u00fd den \u00faraz\u016f - Lindstr\u00f6m Czech<\/title>\n<meta name=\"description\" content=\"Sv\u011btov\u00fd den \u00faraz\u016f zd\u016fraz\u0148uje prevenci zran\u011bn\u00ed. Lindstr\u00f6m zaji\u0161\u0165uje pracovn\u00ed od\u011bvy a ochrann\u00e9 pom\u016fcky pro bezpe\u010dn\u011bj\u0161\u00ed pracovi\u0161t\u011b.\" \/>\n<meta name=\"robots\" content=\"index, follow, max-snippet:-1, max-image-preview:large, max-video-preview:-1\" \/>\n<meta property=\"og:locale\" content=\"cs_CZ\" \/>\n<meta property=\"og:type\" content=\"article\" \/>\n<meta property=\"og:title\" content=\"Sv\u011btov\u00fd den \u00faraz\u016f - Lindstr\u00f6m Czech\" \/>\n<meta property=\"og:description\" content=\"Sv\u011btov\u00fd den \u00faraz\u016f zd\u016fraz\u0148uje prevenci zran\u011bn\u00ed. Lindstr\u00f6m zaji\u0161\u0165uje pracovn\u00ed od\u011bvy a ochrann\u00e9 pom\u016fcky pro bezpe\u010dn\u011bj\u0161\u00ed pracovi\u0161t\u011b.\" \/>\n<meta property=\"og:url\" content=\"https:\/\/lindstromgroup.com\/cz\/article\/svetovy-den-urazu-ochrana-zamestnancu\/\" \/>\n<meta property=\"og:site_name\" content=\"Lindstr\u00f6m Czech\" \/>\n<meta property=\"article:published_time\" content=\"2024-10-10T10:42:17+00:00\" \/>\n<meta property=\"article:modified_time\" content=\"2025-05-26T12:11:58+00:00\" \/>\n<meta property=\"og:image\" content=\"https:\/\/lindstrom-sites.s3.eu-north-1.amazonaws.com\/wp-content\/uploads\/sites\/25\/2024\/10\/lindstrom-svetovy-den-urazu-102024-1.jpg\" \/>\n\t<meta property=\"og:image:width\" content=\"1672\" \/>\n\t<meta property=\"og:image:height\" content=\"1254\" \/>\n\t<meta property=\"og:image:type\" content=\"image\/jpeg\" \/>\n<meta name=\"author\" content=\"Lindstr\u00f6m Group\" \/>\n<meta name=\"twitter:card\" content=\"summary_large_image\" \/>\n<meta name=\"twitter:label1\" content=\"Napsal(a)\" \/>\n\t<meta name=\"twitter:data1\" content=\"Lindstr\u00f6m Group\" \/>\n\t<meta name=\"twitter:label2\" content=\"Odhadovan\u00e1 doba \u010dten\u00ed\" \/>\n\t<meta name=\"twitter:data2\" content=\"3 minuty\" \/>\n\t<meta name=\"twitter:label3\" content=\"Written by\" \/>\n\t<meta name=\"twitter:data3\" content=\"Lindstr\u00f6m Group\" \/>\n<script type=\"application\/ld+json\" class=\"yoast-schema-graph\">{\"@context\":\"https:\/\/schema.org\",\"@graph\":[{\"@type\":\"Article\",\"@id\":\"https:\/\/lindstromgroup.com\/cz\/article\/svetovy-den-urazu-ochrana-zamestnancu\/#article\",\"isPartOf\":{\"@id\":\"https:\/\/lindstromgroup.com\/cz\/article\/svetovy-den-urazu-ochrana-zamestnancu\/\"},\"author\":{\"name\":\"Lindstr\u00f6m Group\",\"@id\":\"https:\/\/lindstromgroup.com\/cz\/#\/schema\/person\/9111900e3f15be99cf4a104112bf0bc3\"},\"headline\":\"Sv\u011btov\u00fd den \u00faraz\u016f\",\"datePublished\":\"2024-10-10T10:42:17+00:00\",\"dateModified\":\"2025-05-26T12:11:58+00:00\",\"mainEntityOfPage\":{\"@id\":\"https:\/\/lindstromgroup.com\/cz\/article\/svetovy-den-urazu-ochrana-zamestnancu\/\"},\"wordCount\":562,\"publisher\":{\"@id\":\"https:\/\/lindstromgroup.com\/cz\/#organization\"},\"image\":{\"@id\":\"https:\/\/lindstromgroup.com\/cz\/article\/svetovy-den-urazu-ochrana-zamestnancu\/#primaryimage\"},\"thumbnailUrl\":\"https:\/\/d2ris6qfzcz0wn.cloudfront.net\/wp-content\/uploads\/sites\/25\/2024\/10\/lindstrom-svetovy-den-urazu-102024-1.jpg\",\"keywords\":[\"#bezpe\u010dnost\",\"#cisticirohoze\",\"#pracovniodevy\"],\"articleSection\":[\"\u010cl\u00e1nek\"],\"inLanguage\":\"cs\"},{\"@type\":\"WebPage\",\"@id\":\"https:\/\/lindstromgroup.com\/cz\/article\/svetovy-den-urazu-ochrana-zamestnancu\/\",\"url\":\"https:\/\/lindstromgroup.com\/cz\/article\/svetovy-den-urazu-ochrana-zamestnancu\/\",\"name\":\"Sv\u011btov\u00fd den \u00faraz\u016f - Lindstr\u00f6m Czech\",\"isPartOf\":{\"@id\":\"https:\/\/lindstromgroup.com\/cz\/#website\"},\"primaryImageOfPage\":{\"@id\":\"https:\/\/lindstromgroup.com\/cz\/article\/svetovy-den-urazu-ochrana-zamestnancu\/#primaryimage\"},\"image\":{\"@id\":\"https:\/\/lindstromgroup.com\/cz\/article\/svetovy-den-urazu-ochrana-zamestnancu\/#primaryimage\"},\"thumbnailUrl\":\"https:\/\/d2ris6qfzcz0wn.cloudfront.net\/wp-content\/uploads\/sites\/25\/2024\/10\/lindstrom-svetovy-den-urazu-102024-1.jpg\",\"datePublished\":\"2024-10-10T10:42:17+00:00\",\"dateModified\":\"2025-05-26T12:11:58+00:00\",\"description\":\"Sv\u011btov\u00fd den \u00faraz\u016f zd\u016fraz\u0148uje prevenci zran\u011bn\u00ed. Lindstr\u00f6m zaji\u0161\u0165uje pracovn\u00ed od\u011bvy a ochrann\u00e9 pom\u016fcky pro bezpe\u010dn\u011bj\u0161\u00ed pracovi\u0161t\u011b.\",\"breadcrumb\":{\"@id\":\"https:\/\/lindstromgroup.com\/cz\/article\/svetovy-den-urazu-ochrana-zamestnancu\/#breadcrumb\"},\"inLanguage\":\"cs\",\"potentialAction\":[{\"@type\":\"ReadAction\",\"target\":[\"https:\/\/lindstromgroup.com\/cz\/article\/svetovy-den-urazu-ochrana-zamestnancu\/\"]}]},{\"@type\":\"ImageObject\",\"inLanguage\":\"cs\",\"@id\":\"https:\/\/lindstromgroup.com\/cz\/article\/svetovy-den-urazu-ochrana-zamestnancu\/#primaryimage\",\"url\":\"https:\/\/d2ris6qfzcz0wn.cloudfront.net\/wp-content\/uploads\/sites\/25\/2024\/10\/lindstrom-svetovy-den-urazu-102024-1.jpg\",\"contentUrl\":\"https:\/\/d2ris6qfzcz0wn.cloudfront.net\/wp-content\/uploads\/sites\/25\/2024\/10\/lindstrom-svetovy-den-urazu-102024-1.jpg\",\"width\":1672,\"height\":1254},{\"@type\":\"BreadcrumbList\",\"@id\":\"https:\/\/lindstromgroup.com\/cz\/article\/svetovy-den-urazu-ochrana-zamestnancu\/#breadcrumb\",\"itemListElement\":[{\"@type\":\"ListItem\",\"position\":1,\"name\":\"Home\",\"item\":\"https:\/\/lindstromgroup.com\/cz\/\"},{\"@type\":\"ListItem\",\"position\":2,\"name\":\"\u010cl\u00e1nek\",\"item\":\"https:\/\/lindstromgroup.com\/cz\/category\/article\/\"},{\"@type\":\"ListItem\",\"position\":3,\"name\":\"Sv\u011btov\u00fd den \u00faraz\u016f\"}]},{\"@type\":\"WebSite\",\"@id\":\"https:\/\/lindstromgroup.com\/cz\/#website\",\"url\":\"https:\/\/lindstromgroup.com\/cz\/\",\"name\":\"Lindstr\u00f6m Czech\",\"description\":\"\",\"publisher\":{\"@id\":\"https:\/\/lindstromgroup.com\/cz\/#organization\"},\"potentialAction\":[{\"@type\":\"SearchAction\",\"target\":{\"@type\":\"EntryPoint\",\"urlTemplate\":\"https:\/\/lindstromgroup.com\/cz\/?s={search_term_string}\"},\"query-input\":{\"@type\":\"PropertyValueSpecification\",\"valueRequired\":true,\"valueName\":\"search_term_string\"}}],\"inLanguage\":\"cs\"},{\"@type\":\"Organization\",\"@id\":\"https:\/\/lindstromgroup.com\/cz\/#organization\",\"name\":\"Lindstr\u00f6m\",\"url\":\"https:\/\/lindstromgroup.com\/cz\/\",\"logo\":{\"@type\":\"ImageObject\",\"inLanguage\":\"cs\",\"@id\":\"https:\/\/lindstromgroup.com\/cz\/#\/schema\/logo\/image\/\",\"url\":\"https:\/\/d2ris6qfzcz0wn.cloudfront.net\/wp-content\/uploads\/sites\/25\/2023\/10\/Logo512.png\",\"contentUrl\":\"https:\/\/d2ris6qfzcz0wn.cloudfront.net\/wp-content\/uploads\/sites\/25\/2023\/10\/Logo512.png\",\"width\":512,\"height\":109,\"caption\":\"Lindstr\u00f6m\"},\"image\":{\"@id\":\"https:\/\/lindstromgroup.com\/cz\/#\/schema\/logo\/image\/\"}},{\"@type\":\"Person\",\"@id\":\"https:\/\/lindstromgroup.com\/cz\/#\/schema\/person\/9111900e3f15be99cf4a104112bf0bc3\",\"name\":\"Lindstr\u00f6m Group\",\"image\":{\"@type\":\"ImageObject\",\"inLanguage\":\"cs\",\"@id\":\"https:\/\/secure.gravatar.com\/avatar\/db72e9a46e0f7c5c437401114209c070c0ed0871f3f73ed82792b5cf14c95b5c?s=96&d=mm&r=g93dbf206f3a4403aba72a0da0a795367\",\"url\":\"https:\/\/secure.gravatar.com\/avatar\/db72e9a46e0f7c5c437401114209c070c0ed0871f3f73ed82792b5cf14c95b5c?s=96&d=mm&r=g\",\"contentUrl\":\"https:\/\/secure.gravatar.com\/avatar\/db72e9a46e0f7c5c437401114209c070c0ed0871f3f73ed82792b5cf14c95b5c?s=96&d=mm&r=g\",\"caption\":\"Lindstr\u00f6m Group\"}}]}<\/script>\n<!-- \/ Yoast SEO plugin. -->","yoast_head_json":{"title":"Sv\u011btov\u00fd den \u00faraz\u016f - Lindstr\u00f6m Czech","description":"Sv\u011btov\u00fd den \u00faraz\u016f zd\u016fraz\u0148uje prevenci zran\u011bn\u00ed. Lindstr\u00f6m zaji\u0161\u0165uje pracovn\u00ed od\u011bvy a ochrann\u00e9 pom\u016fcky pro bezpe\u010dn\u011bj\u0161\u00ed pracovi\u0161t\u011b.","robots":{"index":"index","follow":"follow","max-snippet":"max-snippet:-1","max-image-preview":"max-image-preview:large","max-video-preview":"max-video-preview:-1"},"og_locale":"cs_CZ","og_type":"article","og_title":"Sv\u011btov\u00fd den \u00faraz\u016f - Lindstr\u00f6m Czech","og_description":"Sv\u011btov\u00fd den \u00faraz\u016f zd\u016fraz\u0148uje prevenci zran\u011bn\u00ed. Lindstr\u00f6m zaji\u0161\u0165uje pracovn\u00ed od\u011bvy a ochrann\u00e9 pom\u016fcky pro bezpe\u010dn\u011bj\u0161\u00ed pracovi\u0161t\u011b.","og_url":"https:\/\/lindstromgroup.com\/cz\/article\/svetovy-den-urazu-ochrana-zamestnancu\/","og_site_name":"Lindstr\u00f6m Czech","article_published_time":"2024-10-10T10:42:17+00:00","article_modified_time":"2025-05-26T12:11:58+00:00","og_image":[{"width":1672,"height":1254,"url":"https:\/\/lindstrom-sites.s3.eu-north-1.amazonaws.com\/wp-content\/uploads\/sites\/25\/2024\/10\/lindstrom-svetovy-den-urazu-102024-1.jpg","type":"image\/jpeg"}],"author":"Lindstr\u00f6m Group","twitter_card":"summary_large_image","twitter_misc":{"Napsal(a)":"Lindstr\u00f6m Group","Odhadovan\u00e1 doba \u010dten\u00ed":"3 minuty","Written by":"Lindstr\u00f6m Group"},"schema":{"@context":"https:\/\/schema.org","@graph":[{"@type":"Article","@id":"https:\/\/lindstromgroup.com\/cz\/article\/svetovy-den-urazu-ochrana-zamestnancu\/#article","isPartOf":{"@id":"https:\/\/lindstromgroup.com\/cz\/article\/svetovy-den-urazu-ochrana-zamestnancu\/"},"author":{"name":"Lindstr\u00f6m Group","@id":"https:\/\/lindstromgroup.com\/cz\/#\/schema\/person\/9111900e3f15be99cf4a104112bf0bc3"},"headline":"Sv\u011btov\u00fd den \u00faraz\u016f","datePublished":"2024-10-10T10:42:17+00:00","dateModified":"2025-05-26T12:11:58+00:00","mainEntityOfPage":{"@id":"https:\/\/lindstromgroup.com\/cz\/article\/svetovy-den-urazu-ochrana-zamestnancu\/"},"wordCount":562,"publisher":{"@id":"https:\/\/lindstromgroup.com\/cz\/#organization"},"image":{"@id":"https:\/\/lindstromgroup.com\/cz\/article\/svetovy-den-urazu-ochrana-zamestnancu\/#primaryimage"},"thumbnailUrl":"https:\/\/d2ris6qfzcz0wn.cloudfront.net\/wp-content\/uploads\/sites\/25\/2024\/10\/lindstrom-svetovy-den-urazu-102024-1.jpg","keywords":["#bezpe\u010dnost","#cisticirohoze","#pracovniodevy"],"articleSection":["\u010cl\u00e1nek"],"inLanguage":"cs"},{"@type":"WebPage","@id":"https:\/\/lindstromgroup.com\/cz\/article\/svetovy-den-urazu-ochrana-zamestnancu\/","url":"https:\/\/lindstromgroup.com\/cz\/article\/svetovy-den-urazu-ochrana-zamestnancu\/","name":"Sv\u011btov\u00fd den \u00faraz\u016f - Lindstr\u00f6m Czech","isPartOf":{"@id":"https:\/\/lindstromgroup.com\/cz\/#website"},"primaryImageOfPage":{"@id":"https:\/\/lindstromgroup.com\/cz\/article\/svetovy-den-urazu-ochrana-zamestnancu\/#primaryimage"},"image":{"@id":"https:\/\/lindstromgroup.com\/cz\/article\/svetovy-den-urazu-ochrana-zamestnancu\/#primaryimage"},"thumbnailUrl":"https:\/\/d2ris6qfzcz0wn.cloudfront.net\/wp-content\/uploads\/sites\/25\/2024\/10\/lindstrom-svetovy-den-urazu-102024-1.jpg","datePublished":"2024-10-10T10:42:17+00:00","dateModified":"2025-05-26T12:11:58+00:00","description":"Sv\u011btov\u00fd den \u00faraz\u016f zd\u016fraz\u0148uje prevenci zran\u011bn\u00ed. Lindstr\u00f6m zaji\u0161\u0165uje pracovn\u00ed od\u011bvy a ochrann\u00e9 pom\u016fcky pro bezpe\u010dn\u011bj\u0161\u00ed pracovi\u0161t\u011b.","breadcrumb":{"@id":"https:\/\/lindstromgroup.com\/cz\/article\/svetovy-den-urazu-ochrana-zamestnancu\/#breadcrumb"},"inLanguage":"cs","potentialAction":[{"@type":"ReadAction","target":["https:\/\/lindstromgroup.com\/cz\/article\/svetovy-den-urazu-ochrana-zamestnancu\/"]}]},{"@type":"ImageObject","inLanguage":"cs","@id":"https:\/\/lindstromgroup.com\/cz\/article\/svetovy-den-urazu-ochrana-zamestnancu\/#primaryimage","url":"https:\/\/d2ris6qfzcz0wn.cloudfront.net\/wp-content\/uploads\/sites\/25\/2024\/10\/lindstrom-svetovy-den-urazu-102024-1.jpg","contentUrl":"https:\/\/d2ris6qfzcz0wn.cloudfront.net\/wp-content\/uploads\/sites\/25\/2024\/10\/lindstrom-svetovy-den-urazu-102024-1.jpg","width":1672,"height":1254},{"@type":"BreadcrumbList","@id":"https:\/\/lindstromgroup.com\/cz\/article\/svetovy-den-urazu-ochrana-zamestnancu\/#breadcrumb","itemListElement":[{"@type":"ListItem","position":1,"name":"Home","item":"https:\/\/lindstromgroup.com\/cz\/"},{"@type":"ListItem","position":2,"name":"\u010cl\u00e1nek","item":"https:\/\/lindstromgroup.com\/cz\/category\/article\/"},{"@type":"ListItem","position":3,"name":"Sv\u011btov\u00fd den \u00faraz\u016f"}]},{"@type":"WebSite","@id":"https:\/\/lindstromgroup.com\/cz\/#website","url":"https:\/\/lindstromgroup.com\/cz\/","name":"Lindstr\u00f6m Czech","description":"","publisher":{"@id":"https:\/\/lindstromgroup.com\/cz\/#organization"},"potentialAction":[{"@type":"SearchAction","target":{"@type":"EntryPoint","urlTemplate":"https:\/\/lindstromgroup.com\/cz\/?s={search_term_string}"},"query-input":{"@type":"PropertyValueSpecification","valueRequired":true,"valueName":"search_term_string"}}],"inLanguage":"cs"},{"@type":"Organization","@id":"https:\/\/lindstromgroup.com\/cz\/#organization","name":"Lindstr\u00f6m","url":"https:\/\/lindstromgroup.com\/cz\/","logo":{"@type":"ImageObject","inLanguage":"cs","@id":"https:\/\/lindstromgroup.com\/cz\/#\/schema\/logo\/image\/","url":"https:\/\/d2ris6qfzcz0wn.cloudfront.net\/wp-content\/uploads\/sites\/25\/2023\/10\/Logo512.png","contentUrl":"https:\/\/d2ris6qfzcz0wn.cloudfront.net\/wp-content\/uploads\/sites\/25\/2023\/10\/Logo512.png","width":512,"height":109,"caption":"Lindstr\u00f6m"},"image":{"@id":"https:\/\/lindstromgroup.com\/cz\/#\/schema\/logo\/image\/"}},{"@type":"Person","@id":"https:\/\/lindstromgroup.com\/cz\/#\/schema\/person\/9111900e3f15be99cf4a104112bf0bc3","name":"Lindstr\u00f6m Group","image":{"@type":"ImageObject","inLanguage":"cs","@id":"https:\/\/secure.gravatar.com\/avatar\/db72e9a46e0f7c5c437401114209c070c0ed0871f3f73ed82792b5cf14c95b5c?s=96&d=mm&r=g93dbf206f3a4403aba72a0da0a795367","url":"https:\/\/secure.gravatar.com\/avatar\/db72e9a46e0f7c5c437401114209c070c0ed0871f3f73ed82792b5cf14c95b5c?s=96&d=mm&r=g","contentUrl":"https:\/\/secure.gravatar.com\/avatar\/db72e9a46e0f7c5c437401114209c070c0ed0871f3f73ed82792b5cf14c95b5c?s=96&d=mm&r=g","caption":"Lindstr\u00f6m Group"}}]}},"publishpress_future_workflow_manual_trigger":{"enabledWorkflows":[]},"distributor_meta":false,"distributor_terms":false,"distributor_media":false,"distributor_original_site_name":"Lindstr\u00f6m Czech","distributor_original_site_url":"https:\/\/lindstromgroup.com\/cz","push-errors":false,"_links":{"self":[{"href":"https:\/\/lindstromgroup.com\/cz\/wp-json\/wp\/v2\/posts\/18887","targetHints":{"allow":["GET"]}}],"collection":[{"href":"https:\/\/lindstromgroup.com\/cz\/wp-json\/wp\/v2\/posts"}],"about":[{"href":"https:\/\/lindstromgroup.com\/cz\/wp-json\/wp\/v2\/types\/post"}],"author":[{"embeddable":true,"href":"https:\/\/lindstromgroup.com\/cz\/wp-json\/wp\/v2\/users\/14"}],"replies":[{"embeddable":true,"href":"https:\/\/lindstromgroup.com\/cz\/wp-json\/wp\/v2\/comments?post=18887"}],"version-history":[{"count":0,"href":"https:\/\/lindstromgroup.com\/cz\/wp-json\/wp\/v2\/posts\/18887\/revisions"}],"wp:featuredmedia":[{"embeddable":true,"href":"https:\/\/lindstromgroup.com\/cz\/wp-json\/wp\/v2\/media\/18888"}],"wp:attachment":[{"href":"https:\/\/lindstromgroup.com\/cz\/wp-json\/wp\/v2\/media?parent=18887"}],"wp:term":[{"taxonomy":"category","embeddable":true,"href":"https:\/\/lindstromgroup.com\/cz\/wp-json\/wp\/v2\/categories?post=18887"},{"taxonomy":"post_tag","embeddable":true,"href":"https:\/\/lindstromgroup.com\/cz\/wp-json\/wp\/v2\/tags?post=18887"},{"taxonomy":"author","embeddable":true,"href":"https:\/\/lindstromgroup.com\/cz\/wp-json\/wp\/v2\/coauthors?post=18887"}],"curies":[{"name":"wp","href":"https:\/\/api.w.org\/{rel}","templated":true}]}}