
    {"id":18612,"date":"2024-06-27T13:46:31","date_gmt":"2024-06-27T12:46:31","guid":{"rendered":"https:\/\/lindstromgroup.com\/cz\/?p=18612"},"modified":"2025-05-26T13:36:25","modified_gmt":"2025-05-26T12:36:25","slug":"vyhody-rizeni-zasob-pracovnich-odevu","status":"publish","type":"post","link":"https:\/\/lindstromgroup.com\/cz\/article\/vyhody-rizeni-zasob-pracovnich-odevu\/","title":{"rendered":"V\u00fdhody \u0159\u00edzen\u00ed z\u00e1sob pracovn\u00edch od\u011bv\u016f"},"content":{"rendered":"\n        <style>\n            .lindstrom-container--block_329a2c983264149cc4eec1350c7c00b1 {                \n                padding-top: 35px;\n                padding-bottom: 35px;\n            }\n\n            @media screen and (min-width: 768px) {\n                .lindstrom-container--block_329a2c983264149cc4eec1350c7c00b1 {\n                    padding-top: 35px;\n                    padding-bottom: 35px;\n                }\n            }\n        <\/style>\n    \n<div\n    class=\"lindstrom-container-wrapper lindstrom-container lindstrom-container--block_329a2c983264149cc4eec1350c7c00b1 \"\n    id=\"block_329a2c983264149cc4eec1350c7c00b1\"\n    style=\"background-color: #ffffff\"\n    >\n    <div class=\"lindstrom-container lindstrom-container--text items-stretch\">\n        \n\n<p>Optimalizace z\u00e1sob pracovn\u00edch od\u011bv\u016f je d\u016fle\u017eit\u00e1 pro hladk\u00fd chod va\u0161eho podnik\u00e1n\u00ed. Proto je v\u00fdb\u011br nejlep\u0161\u00edho \u0159e\u0161en\u00ed spr\u00e1vy pracovn\u00edch od\u011bv\u016f kl\u00ed\u010dovou prioritou v mnoha spole\u010dnostech. Mana\u017ee\u0159i n\u00e1kupu, vedouc\u00ed v\u00fdroby nebo jin\u00ed pracovn\u00edci s rozhodovac\u00ed pravomoc\u00ed pravd\u011bpodobn\u011b velmi dob\u0159e znaj\u00ed probl\u00e9my spojen\u00e9 se sledov\u00e1n\u00edm kolob\u011bhu pracovn\u00edch od\u011bv\u016f v jejich spole\u010dnosti.<\/p>\n\n\n\n<p>Ka\u017ed\u00fd sektor a spole\u010dnost m\u00e1 trochu jinou politiku a podm\u00ednky pro zaji\u0161t\u011bn\u00ed pracovn\u00edch od\u011bv\u016f. Hygienick\u00e9 normy, typy pracovn\u00edch od\u011bv\u016f a v\u00fdrobn\u00ed procesy se v jednotliv\u00fdch pr\u016fmyslov\u00fdch odv\u011btv\u00edch li\u0161\u00ed. Nav\u00edc i spole\u010dnosti ve stejn\u00e9m sektoru maj\u00ed r\u016fzn\u00e9 skladovac\u00ed kapacity a pot\u0159eby.<\/p>\n\n\n\n<p>Navzdory t\u011bmto rozd\u00edl\u016fm jsou v\u00fdzvy spojen\u00e9 se spr\u00e1vou z\u00e1sob pracovn\u00edch od\u011bv\u016f ve v\u0161ech odv\u011btv\u00edch podobn\u00e9. A v\u00fdhody \u0159\u00edzen\u00ed z\u00e1sob, pokud se prov\u00e1d\u00ed dob\u0159e, p\u0159in\u00e1\u0161ej\u00ed pozitivn\u00ed v\u00fdsledky pro jak\u00fdkoli podnik.<\/p>\n\n\n\n<h2 class=\"wp-block-heading\">V\u00fdzvy p\u0159i spr\u00e1v\u011b z\u00e1sob pracovn\u00edch od\u011bv\u016f<\/h2>\n\n\n\n<p>Zde je n\u011bkolik v\u00fdzev, kter\u00fdm m\u016f\u017eete \u010delit, pokud va\u0161e organizace \u0159e\u0161\u00ed spr\u00e1vu z\u00e1sob pracovn\u00edch od\u011bv\u016f ve vlastn\u00ed re\u017eii:<\/p>\n\n\n\n<div class=\"wp-block-columns is-layout-flex wp-container-core-columns-is-layout-28f84493 wp-block-columns-is-layout-flex\">\n<div class=\"wp-block-column is-layout-flow wp-block-column-is-layout-flow\">\n<h4 class=\"wp-block-heading has-pink-color has-text-color has-link-color wp-elements-54afc2df35a60024820f2c091bd8d0ff\"><strong>Podz\u00e1soben\u00ed a p\u0159ez\u00e1soben\u00ed<\/strong><\/h4>\n\n\n\n<p>Po\u010det zam\u011bstnanc\u016f ve va\u0161\u00ed organizaci se m\u016f\u017ee v pr\u016fb\u011bhu roku li\u0161it. To m\u00e1 \u010dasto za n\u00e1sledek p\u0159\u00edli\u0161 m\u00e1lo nebo p\u0159\u00edli\u0161 mnoho pracovn\u00edch od\u011bv\u016f na sklad\u011b. Velk\u00e9 z\u00e1soby vedou k vy\u0161\u0161\u00edm n\u00e1klad\u016fm na skladov\u00e1n\u00ed a zab\u00edraj\u00ed zbyte\u010dn\u00fd skladovac\u00ed prostor. Nav\u00edc, pokud jsou nepou\u017eit\u00e9 pracovn\u00ed od\u011bvy skladov\u00e1ny p\u0159\u00edli\u0161 dlouho, hroz\u00ed jejich po\u0161kozen\u00ed nebo ztr\u00e1ta.<\/p>\n<\/div>\n\n\n\n<div class=\"wp-block-column is-layout-flow wp-block-column-is-layout-flow\">\n<h4 class=\"wp-block-heading has-pink-color has-text-color has-link-color wp-elements-f707b1861ae45cc36e5e5b403e2caeff\"><strong>P\u0159izp\u016fsoben\u00ed od\u011bv\u016f va\u0161im pot\u0159eb\u00e1m<\/strong><\/h4>\n\n\n\n<p>Existuje mnoho r\u016fzn\u00fdch typ\u016f zam\u011bstn\u00e1n\u00ed, kter\u00e9 vy\u017eaduj\u00ed vlastn\u00ed, jedine\u010dn\u00fd pracovn\u00ed od\u011bv. Pokud nap\u0159\u00edklad pracujete ve v\u00fdrobn\u00edm z\u00e1vod\u011b, pracovn\u00edci v\u00fdrobn\u00ed linky budou pot\u0159ebovat jeden typ od\u011bvu, zat\u00edmco \u00faklidov\u00fd person\u00e1l bude pot\u0159ebovat jin\u00fd. Zaji\u0161t\u011bn\u00ed spr\u00e1vn\u00e9 jednotn\u00e9 velikosti a typu tak, aby byl k dispozici v\u0161em, je hodn\u011b n\u00e1ro\u010dn\u00e9.<\/p>\n<\/div>\n\n\n\n<div class=\"wp-block-column is-layout-flow wp-block-column-is-layout-flow\">\n<h4 class=\"wp-block-heading has-pink-color has-text-color has-link-color wp-elements-2e07942127c8667a0b57fd04d4cd3b0a\"><strong>Kontrola kvality<\/strong><\/h4>\n\n\n\n<p>Pravideln\u00e1 kontrola va\u0161ich pracovn\u00edch od\u011bv\u016f, zda nejsou zne\u010di\u0161t\u011bn\u00e9, natr\u017een\u00e9 nebo jinak po\u0161kozen\u00e9, je z\u00e1sadn\u00ed pro udr\u017een\u00ed standard\u016f kvality a hygieny \u2013 stejn\u011b jako pro bezpe\u010dnost zam\u011bstnanc\u016f \u2013 ale tak\u00e9 p\u0159edstavuje v\u00fdzvy pro \u0159\u00edzen\u00ed z\u00e1sob. Oprava od\u011bv\u016f a zaji\u0161t\u011bn\u00ed v\u00fdm\u011bny ovliv\u0148uje \u00farove\u0148 z\u00e1sob a vy\u017eaduje zvl\u00e1\u0161tn\u00ed \u00fasil\u00ed p\u0159i spr\u00e1v\u011b.<\/p>\n<\/div>\n<\/div>\n\n\n\n<div class=\"wp-block-columns is-layout-flex wp-container-core-columns-is-layout-28f84493 wp-block-columns-is-layout-flex\">\n<div class=\"wp-block-column is-layout-flow wp-block-column-is-layout-flow\">\n<h4 class=\"wp-block-heading has-pink-color has-text-color has-link-color wp-elements-cd7c4a3e810d679b43ea1994bebf36c9\"><strong>Nedostatek skladovac\u00edch prostor<\/strong><\/h4>\n\n\n\n<p>Mnoho firem m\u00e1 probl\u00e9my se skladov\u00e1n\u00edm pracovn\u00edch od\u011bv\u016f kv\u016fli omezen\u00e9mu prostoru. To m\u016f\u017ee v\u00e9st k dezorganizaci, tak\u017ee je pro zam\u011bstnance obt\u00ed\u017en\u00e9 naj\u00edt \u010dist\u00e9 a bezpe\u010dn\u00e9 od\u011bvy. Bez \u0159\u00e1dn\u00e9ho skladov\u00e1n\u00ed se od\u011bvy mohou po\u0161kodit, u\u0161pinit nebo ztratit, co\u017e m\u00e1 vliv na hygienu a zvy\u0161uje n\u00e1klady na v\u00fdm\u011bnu.<\/p>\n\n\n\n<p><\/p>\n<\/div>\n\n\n\n<div class=\"wp-block-column is-layout-flow wp-block-column-is-layout-flow\">\n<h4 class=\"wp-block-heading has-pink-color has-text-color has-link-color wp-elements-1c6bb9a7ae156a28e70fde268f5b9177\"><strong>Ztracen\u00e9 nebo \u0161patn\u011b um\u00edst\u011bn\u00e9 oble\u010den\u00ed<\/strong><\/h4>\n\n\n\n<p>Je nejsp\u00ed\u0161 norm\u00e1ln\u00ed, \u017ee pracovn\u00ed od\u011bvy n\u011bkdy zmiz\u00ed. Zam\u011bstnanci je mohou zapomenout vr\u00e1tit nebo je omylem odn\u00e9st dom\u016f. Identifikace a lokalizace chyb\u011bj\u00edc\u00edch od\u011bv\u016f se bez \u0159\u00e1dn\u00fdch sledovac\u00edch syst\u00e9m\u016f st\u00e1v\u00e1 \u010dasov\u011b n\u00e1ro\u010dn\u00fdm \u00fakolem.<\/p>\n<\/div>\n\n\n\n<div class=\"wp-block-column is-layout-flow wp-block-column-is-layout-flow\">\n<h4 class=\"wp-block-heading has-pink-color has-text-color has-link-color wp-elements-e6fe7db0877b461e3ab807c438d2c91e\"><strong>Neefektivn\u00ed vyu\u017e\u00edv\u00e1n\u00ed zdroj\u016f<\/strong><\/h4>\n\n\n\n<p>P\u0159ebytek nebo nedostatek pracovn\u00edch od\u011bv\u016f vede k nehospod\u00e1rn\u00e9mu vyu\u017e\u00edv\u00e1n\u00ed materi\u00e1l\u016f a zdroj\u016f. Nav\u00edc existuje \u0161ance, \u017ee se od\u011bvy po\u0161kod\u00ed, ztrat\u00ed nebo zastaraj\u00ed, co\u017e d\u00e1le p\u0159isp\u00edv\u00e1 k odpadu.<\/p>\n<\/div>\n<\/div>\n\n\n\n<p>Pokud se v\u00e1m v\u0161echny tyto v\u00fdzvy p\u0159i spr\u00e1v\u011b z\u00e1sob pracovn\u00edch od\u011bv\u016f deptaj\u00ed a stresuj\u00ed, nebojte se, ur\u010dit\u011b v tom nemus\u00edte b\u00fdt sami. Vyvinuli jsme chytr\u00e9 zp\u016fsoby, kter\u00e9 v\u00e1m pomohou spravovat v\u00e1\u0161 invent\u00e1\u0159 pracovn\u00edch od\u011bv\u016f a vypo\u0159\u00e1dat se s t\u011bmito v\u00fdzvami.<\/p>\n\n\n\n<h2 class=\"wp-block-heading\">Pron\u00e1jem pracovn\u00edch od\u011bv\u016f nab\u00edz\u00ed flexibilitu a p\u0159esnost<\/h2>\n\n\n\n<p><a href=\"https:\/\/lindstromgroup.com\/cz\/servisni-sluzby\/pronajem-pracovnich-odevu\/\">Servisn\u00ed slu\u017eba pron\u00e1jmu pracovn\u00edch od\u011bv\u016f<\/a> nab\u00edz\u00ed komplexn\u00ed p\u0159\u00edstup k \u0159e\u0161en\u00edm \u0159\u00edzen\u00ed z\u00e1sob od\u011bv\u016f. Lindstr\u00f6m se star\u00e1 o v\u0161e od skladov\u00e1n\u00ed od\u011bv\u016f a\u017e po spr\u00e1vu \u017eivotn\u00edho cyklu. D\u00edky m\u00edstn\u00edm pr\u00e1deln\u00e1m, efektivn\u00edm prac\u00edm a \u010dist\u00edc\u00edm proces\u016fm, rozs\u00e1hl\u00fdm odborn\u00fdm znalostem a digit\u00e1ln\u00edm n\u00e1stroj\u016fm zefektivn\u00edme spr\u00e1vu pracovn\u00edch od\u011bv\u016f pro va\u0161i spole\u010dnost.<\/p>\n\n\n\n<p>Ch\u00e1peme, \u017ee po\u010det pracovn\u00edch od\u011bv\u016f, kter\u00e9 pot\u0159ebujete, m\u016f\u017ee kol\u00edsat v z\u00e1vislosti na po\u010dtu va\u0161ich zam\u011bstnanc\u016f. Servisn\u00ed slu\u017eba pracovn\u00edch od\u011bv\u016f je dostate\u010dn\u011b flexibiln\u00ed, umo\u017en\u00ed V\u00e1m optimalizovat po\u010det pracovn\u00edch od\u011bv\u016f, kter\u00e9 poskytujeme. Nam\u00edsto skladov\u00e1n\u00ed p\u0159ebyte\u010dn\u00fdch od\u011bv\u016f ve va\u0161ich prostor\u00e1ch zaji\u0161\u0165ujeme, \u017ee si ponech\u00e1te pouze oble\u010den\u00ed, kter\u00e9 pot\u0159ebujete na t\u00fdden dop\u0159edu.<\/p>\n\n\n\n<p>Kontrola kvality je jednou z na\u0161ich nejvy\u0161\u0161\u00edch priorit. V r\u00e1mci na\u0161eho b\u011b\u017en\u00e9ho prac\u00edho procesu prov\u00e1d\u00edme d\u016fkladn\u00e9 kontroly kvality. Prost\u0159ednictv\u00edm t\u011bchto kontrol nejen \u0159\u00edd\u00edme \u017eivotn\u00ed cyklus va\u0161ich od\u011bv\u016f, ale aktivn\u011b dodr\u017eujeme principy cirkul\u00e1rn\u00ed ekonomiky. To znamen\u00e1, \u017ee va\u0161e od\u011bvy opravujeme tak dlouho, dokud spl\u0148uj\u00ed na\u0161e krit\u00e9ria vysok\u00e9 kvality. Kdy\u017e je pot\u0159eba, nahrad\u00edme je nov\u00fdm pracovn\u00edm od\u011bvem. Krom\u011b toho pracovn\u00ed od\u011bvy, kter\u00e9 ji\u017e nejsou pot\u0159eba na jednom m\u00edst\u011b, mohou b\u00fdt pou\u017eity u jin\u00e9ho z\u00e1kazn\u00edka, \u010d\u00edm\u017e se maximalizuje jejich \u017eivotnost a sni\u017euje se pot\u0159eba nov\u00fdch n\u00e1kup\u016f.<\/p>\n\n\n\n<p>S na\u0161\u00edm <a href=\"https:\/\/lindstromgroup.com\/cz\/article\/pracovni-odevy-s-rfid-cipy\/\">digit\u00e1ln\u00edm sledovac\u00edm syst\u00e9mem<\/a> budete v\u017edy v\u011bd\u011bt, kde jsou va\u0161e od\u011bvy. A\u0165 u\u017e se perou, opravuj\u00ed nebo p\u0159epravuj\u00ed, m\u016f\u017eete sledovat jejich polohu v re\u00e1ln\u00e9m \u010dase, co\u017e v\u00e1m poskytne klid a \u00fapln\u00fd p\u0159ehled o va\u0161em invent\u00e1\u0159i.<\/p>\n\n\n\n<p>Optimalizujeme spr\u00e1vu z\u00e1sob a umo\u017e\u0148ujeme va\u0161\u00ed spole\u010dnosti prosperovat bez obav z probl\u00e9m\u016f se z\u00e1sobami.<\/p>\n\n\n\n<p class=\"has-white-color has-orange-background-color has-text-color has-background has-link-color wp-elements-643dee87f76e22116af2f58f7122f92a\"><a href=\"https:\/\/lindstromgroup.com\/cz\/article\/vyroba-ve-vlastni-rezii\/\">PRODEM<\/a> (PROduction on DEMand) je v\u00fdrobn\u00ed praxe, kterou vyvinula spole\u010dnost Lindstr\u00f6m, aby uspokojila pot\u0159eby z\u00e1kazn\u00edk\u016f a z\u00e1rove\u0148 sn\u00ed\u017eila dopad na \u017eivotn\u00ed prost\u0159ed\u00ed. V\u00fdrobn\u00ed z\u00e1vody PRODEM, kter\u00fd byly zalo\u017eeny v letech 2015-2016, n\u00e1m umo\u017e\u0148uje b\u00fdt bl\u00ed\u017ee na\u0161im z\u00e1kazn\u00edk\u016fm a rychle reagovat na jejich po\u017eadavky t\u00edm, \u017ee pracovn\u00ed od\u011bvy vyr\u00e1b\u00edme pouze na objedn\u00e1vku. V\u00fdrobn\u00ed z\u00e1vody PRODEM m\u00e1me v Loty\u0161sku, Ma\u010farsku a Indii.<\/p>\n\n\n\n<p class=\"has-white-color has-orange-background-color has-text-color has-background has-link-color wp-elements-06d9c5081378b80a629c3fe763b9f602\">Zaji\u0161t\u011bn\u00edm v\u00fdroby od\u011bv\u016f na z\u00e1klad\u011b z\u00e1kaznick\u00fdch objedn\u00e1vek se vyhneme nadprodukci a minimalizujeme textiln\u00ed odpad. Tento proaktivn\u00ed p\u0159\u00edstup zabra\u0148uje hromad\u011bn\u00ed nepou\u017e\u00edvan\u00fdch od\u011bv\u016f, zlep\u0161uje udr\u017eitelnost a zjednodu\u0161uje spr\u00e1vu z\u00e1sob pro na\u0161e z\u00e1kazn\u00edky. PRODEM zaji\u0161\u0165uje, \u017ee na\u0161i z\u00e1kazn\u00edci dostanou oble\u010den\u00ed, kter\u00e9 pot\u0159ebuj\u00ed, bez nadm\u011brn\u00e9ho skladov\u00e1n\u00ed nebo odpadu.<\/p>\n\n\n\n<figure class=\"wp-block-image size-large\"><img decoding=\"async\" width=\"1024\" height=\"342\" src=\"https:\/\/d2ris6qfzcz0wn.cloudfront.net\/wp-content\/uploads\/sites\/25\/2024\/06\/Prodem-Latvia-factory-2020-16-1024x342.jpg\" alt=\"\" class=\"wp-image-18615\" srcset=\"https:\/\/d2ris6qfzcz0wn.cloudfront.net\/wp-content\/uploads\/sites\/25\/2024\/06\/Prodem-Latvia-factory-2020-16-1024x342.jpg 1024w, https:\/\/d2ris6qfzcz0wn.cloudfront.net\/wp-content\/uploads\/sites\/25\/2024\/06\/Prodem-Latvia-factory-2020-16-300x100.jpg 300w, https:\/\/d2ris6qfzcz0wn.cloudfront.net\/wp-content\/uploads\/sites\/25\/2024\/06\/Prodem-Latvia-factory-2020-16-768x256.jpg 768w, https:\/\/d2ris6qfzcz0wn.cloudfront.net\/wp-content\/uploads\/sites\/25\/2024\/06\/Prodem-Latvia-factory-2020-16-1536x512.jpg 1536w, https:\/\/d2ris6qfzcz0wn.cloudfront.net\/wp-content\/uploads\/sites\/25\/2024\/06\/Prodem-Latvia-factory-2020-16.jpg 2048w\" sizes=\"(max-width: 1024px) 100vw, 1024px\" \/><\/figure>\n\n\n\n<h2 class=\"wp-block-heading\">V\u00fdhody Lindstr\u00f6m spr\u00e1vy z\u00e1sob pracovn\u00edch od\u011bv\u016f<\/h2>\n\n\n\n<p>D\u00edky partnerstv\u00ed s n\u00e1mi m\u016f\u017eete o\u010dek\u00e1vat \u0159adu v\u00fdhod spr\u00e1vy z\u00e1sob a je\u0161t\u011b v\u00edce!<\/p>\n\n\n\n<div class=\"wp-block-columns is-layout-flex wp-container-core-columns-is-layout-28f84493 wp-block-columns-is-layout-flex\">\n<div class=\"wp-block-column is-layout-flow wp-block-column-is-layout-flow\">\n<h4 class=\"wp-block-heading has-green-color has-text-color has-link-color wp-elements-3323261085ae27139cdd3fe6ce8902ea\"><strong>Uvoln\u011bn\u00fd kapit\u00e1l<\/strong><\/h4>\n\n\n\n<p>P\u0159i pron\u00e1jmu pracovn\u00edch od\u011bv\u016f m\u016f\u017eete po\u010det od\u011bv\u016f na m\u00edst\u011b flexibiln\u011b upravit podle sv\u00fdch m\u011bn\u00edc\u00edch se pot\u0159eb. Na rozd\u00edl od toho, kdy nakupujete pracovn\u00ed od\u011bvy od dodavatele ve velk\u00e9m, pro va\u0161i firmu nejsou \u017e\u00e1dn\u00e9 velk\u00e9 po\u010d\u00e1te\u010dn\u00ed investice. P\u0159i vyu\u017e\u00edv\u00e1n\u00ed na\u0161ich slu\u017eeb plat\u00edte flexibiln\u011b.<\/p>\n<\/div>\n\n\n\n<div class=\"wp-block-column is-layout-flow wp-block-column-is-layout-flow\">\n<h4 class=\"wp-block-heading has-green-color has-text-color has-link-color wp-elements-6126643e9bf424f030b18bc2fc27f13f\"><strong>Zaru\u010den\u00e1 dostupnost oble\u010den\u00ed<\/strong><\/h4>\n\n\n\n<p>S Lindstr\u00f6m v\u00e1m nikdy nedojdou z\u00e1kladn\u00ed pracovn\u00ed od\u011bvy, kdy\u017e je nejv\u00edce pot\u0159ebujete. Pom\u016f\u017eeme v\u00e1m zajistit, aby byly va\u0161e z\u00e1soby v\u017edy optim\u00e1ln\u00ed. A\u0165 u\u017e se jedn\u00e1 o n\u00e1hl\u00fd n\u00e1r\u016fst po\u010dtu zam\u011bstnanc\u016f nebo ne\u010dekan\u00e9 zm\u011bny v pracovn\u00ed z\u00e1t\u011b\u017ei, m\u016f\u017eete n\u00e1m v\u011b\u0159it, \u017ee v\u00e1s pokryjeme.<\/p>\n<\/div>\n\n\n\n<div class=\"wp-block-column is-layout-flow wp-block-column-is-layout-flow\">\n<h4 class=\"wp-block-heading has-green-color has-text-color has-link-color wp-elements-a4668c5be67db346cbbc5d2f6c2077db\"><strong>Dostatek skladovac\u00edch prostor<\/strong><\/h4>\n\n\n\n<p>Omezen\u00fd skladovac\u00ed prostor je b\u011b\u017enou v\u00fdzvou pro podniky v\u0161ech velikost\u00ed. Pron\u00e1jmem pracovn\u00edch od\u011bv\u016f se vyhnete skladov\u00e1n\u00ed. P\u0159i maxim\u00e1ln\u00edm vyu\u017eit\u00ed dostupn\u00e9ho \u00falo\u017en\u00e9ho prostoru je pro zam\u011bstnance st\u00e1le snadn\u00e9 naj\u00edt pracovn\u00ed od\u011bv, kter\u00fd pot\u0159ebuj\u00ed.<\/p>\n<\/div>\n<\/div>\n\n\n\n<div class=\"wp-block-columns is-layout-flex wp-container-core-columns-is-layout-28f84493 wp-block-columns-is-layout-flex\">\n<div class=\"wp-block-column is-layout-flow wp-block-column-is-layout-flow\">\n<h4 class=\"wp-block-heading has-green-color has-text-color has-link-color wp-elements-75cb0f36b5decb7c1b74f089c72b3e7e\"><strong>Zam\u011b\u0159te se na hlavn\u00ed \u00fakoly<\/strong><\/h4>\n\n\n\n<p>Spr\u00e1va z\u00e1sob pracovn\u00edch od\u011bv\u016f je \u010dasov\u011b n\u00e1ro\u010dn\u00e1 a vy\u017eaduje, aby zam\u011bstnanci vy\u0159izovali objedn\u00e1vky, skladov\u00e1n\u00ed a \u00fadr\u017ebu. Partnerstv\u00ed s n\u00e1mi umo\u017e\u0148uje va\u0161im zam\u011bstnanc\u016fm soust\u0159edit se na sv\u00e9 z\u00e1kladn\u00ed pracovn\u00ed povinnosti.<\/p>\n<\/div>\n\n\n\n<div class=\"wp-block-column is-layout-flow wp-block-column-is-layout-flow\">\n<h4 class=\"wp-block-heading has-green-color has-text-color has-link-color wp-elements-cc34e4b9ec18d430a40f6786532bb35c\"><strong>Orientace na udr\u017eitelnost<\/strong><\/h4>\n\n\n\n<p>Se slu\u017ebami Lindstr\u00f6m je textiln\u00ed odpad minimalizov\u00e1n op\u011btovn\u00fdm pou\u017eit\u00edm od\u011bv\u016f. Na\u0161e kontroly kvality a \u00fadr\u017eba prodlu\u017euj\u00ed \u017eivotnost va\u0161ich pracovn\u00edch od\u011bv\u016f a podporuj\u00ed va\u0161e c\u00edle udr\u017eitelnosti. <a href=\"https:\/\/lindstromgroup.com\/cz\/udrzitelnost\/\">Recyklujeme <\/a>tak\u00e9 va\u0161e od\u011bvy na konci jejich \u017eivotn\u00edho cyklu.<\/p>\n<\/div>\n<\/div>\n\n\n    <\/div>\n<\/div>\n\n\n\n    <div \n        id=\"cta-with-image-block_6a44b452d84631be17aeffac1e93515d\" \n        class=\"cta-with-image\"\n    >\n        <div class=\"cta__content\" style=\"color: #222222; background-color: \">\n            <div class=\"content__title\">Pron\u00e1jem pracovn\u00edch od\u011bv\u016f<\/div>\n            <div class=\"content__description\">P\u0159i v\u00fdb\u011bru text\u00edli\u00ed pro va\u0161e podnik\u00e1n\u00ed je pron\u00e1jem textilu nejjednodu\u0161\u0161\u00ed zp\u016fsob, jak maximalizovat bezpe\u010dnost, pohodl\u00ed a \u010distotu pracovn\u00edho prost\u0159ed\u00ed.<\/div>\n            <div class=\"content__button-links\">\n                                    <div class=\"button-link\">\n                        <a \n                            href=\"https:\/\/lindstromgroup.com\/cz\/services\/\" \n                            style=\"background-color: #578200; color: #FFFFFF; border: 2px solid \"\n                        >\n                            Chci zjistit v\u00edc                        <\/a>\n                    <\/div>\n                            <\/div>\n        <\/div>\n        <div class=\"cta__image\"><img decoding=\"async\" src=\"https:\/\/d2ris6qfzcz0wn.cloudfront.net\/wp-content\/uploads\/sites\/25\/2024\/04\/Service-representative_with-customer_007_Lindstrom-1024x684.jpg\" alt=\"\" \/><\/div>\n    <\/div>\n","protected":false},"excerpt":{"rendered":"<p>Optimalizace z\u00e1sob pracovn\u00edch od\u011bv\u016f je d\u016fle\u017eit\u00e1 pro hladk\u00fd chod va\u0161eho podnik\u00e1n\u00ed. Proto je v\u00fdb\u011br nejlep\u0161\u00edho \u0159e\u0161en\u00ed spr\u00e1vy pracovn\u00edch od\u011bv\u016f kl\u00ed\u010dovou prioritou v mnoha spole\u010dnostech.<\/p>\n","protected":false},"author":79,"featured_media":18509,"comment_status":"closed","ping_status":"open","sticky":false,"template":"","format":"standard","meta":{"_acf_changed":false,"inline_featured_image":false,"_eb_attr":"","site-sidebar-layout":"default","site-content-layout":"","ast-site-content-layout":"default","site-content-style":"default","site-sidebar-style":"default","ast-global-header-display":"","ast-banner-title-visibility":"","ast-main-header-display":"","ast-hfb-above-header-display":"","ast-hfb-below-header-display":"","ast-hfb-mobile-header-display":"","site-post-title":"","ast-breadcrumbs-content":"","ast-featured-img":"","footer-sml-layout":"","ast-disable-related-posts":"","theme-transparent-header-meta":"","adv-header-id-meta":"","stick-header-meta":"","header-above-stick-meta":"","header-main-stick-meta":"","header-below-stick-meta":"","astra-migrate-meta-layouts":"default","ast-page-background-enabled":"default","ast-page-background-meta":{"desktop":{"background-color":"var(--ast-global-color-4)","background-image":"","background-repeat":"repeat","background-position":"center center","background-size":"auto","background-attachment":"scroll","background-type":"","background-media":"","overlay-type":"","overlay-color":"","overlay-opacity":"","overlay-gradient":""},"tablet":{"background-color":"","background-image":"","background-repeat":"repeat","background-position":"center center","background-size":"auto","background-attachment":"scroll","background-type":"","background-media":"","overlay-type":"","overlay-color":"","overlay-opacity":"","overlay-gradient":""},"mobile":{"background-color":"","background-image":"","background-repeat":"repeat","background-position":"center center","background-size":"auto","background-attachment":"scroll","background-type":"","background-media":"","overlay-type":"","overlay-color":"","overlay-opacity":"","overlay-gradient":""}},"ast-content-background-meta":{"desktop":{"background-color":"var(--ast-global-color-5)","background-image":"","background-repeat":"repeat","background-position":"center center","background-size":"auto","background-attachment":"scroll","background-type":"","background-media":"","overlay-type":"","overlay-color":"","overlay-opacity":"","overlay-gradient":""},"tablet":{"background-color":"var(--ast-global-color-5)","background-image":"","background-repeat":"repeat","background-position":"center center","background-size":"auto","background-attachment":"scroll","background-type":"","background-media":"","overlay-type":"","overlay-color":"","overlay-opacity":"","overlay-gradient":""},"mobile":{"background-color":"var(--ast-global-color-5)","background-image":"","background-repeat":"repeat","background-position":"center center","background-size":"auto","background-attachment":"scroll","background-type":"","background-media":"","overlay-type":"","overlay-color":"","overlay-opacity":"","overlay-gradient":""}},"footnotes":""},"categories":[14],"tags":[51],"coauthors":[25],"class_list":["post-18612","post","type-post","status-publish","format-standard","has-post-thumbnail","hentry","category-article","tag-pracovniodevy"],"acf":[],"yoast_head":"<!-- This site is optimized with the Yoast SEO plugin v27.2 - https:\/\/yoast.com\/product\/yoast-seo-wordpress\/ -->\n<title>V\u00fdhody \u0159\u00edzen\u00ed z\u00e1sob pracovn\u00edch od\u011bv\u016f - Lindstr\u00f6m Czech<\/title>\n<meta name=\"robots\" content=\"index, follow, max-snippet:-1, max-image-preview:large, max-video-preview:-1\" \/>\n<meta property=\"og:locale\" content=\"cs_CZ\" \/>\n<meta property=\"og:type\" content=\"article\" \/>\n<meta property=\"og:title\" content=\"V\u00fdhody \u0159\u00edzen\u00ed z\u00e1sob pracovn\u00edch od\u011bv\u016f - Lindstr\u00f6m Czech\" \/>\n<meta property=\"og:description\" content=\"Optimalizace z\u00e1sob pracovn\u00edch od\u011bv\u016f je d\u016fle\u017eit\u00e1 pro hladk\u00fd chod va\u0161eho podnik\u00e1n\u00ed. Proto je v\u00fdb\u011br nejlep\u0161\u00edho \u0159e\u0161en\u00ed spr\u00e1vy pracovn\u00edch od\u011bv\u016f kl\u00ed\u010dovou prioritou v mnoha spole\u010dnostech.\" \/>\n<meta property=\"og:url\" content=\"https:\/\/lindstromgroup.com\/cz\/article\/vyhody-rizeni-zasob-pracovnich-odevu\/\" \/>\n<meta property=\"og:site_name\" content=\"Lindstr\u00f6m Czech\" \/>\n<meta property=\"article:published_time\" content=\"2024-06-27T12:46:31+00:00\" \/>\n<meta property=\"article:modified_time\" content=\"2025-05-26T12:36:25+00:00\" \/>\n<meta property=\"og:image\" content=\"https:\/\/lindstrom-sites.s3.eu-north-1.amazonaws.com\/wp-content\/uploads\/sites\/25\/2024\/05\/Lindstrom_PR_s-79.jpg\" \/>\n\t<meta property=\"og:image:width\" content=\"1500\" \/>\n\t<meta property=\"og:image:height\" content=\"1000\" \/>\n\t<meta property=\"og:image:type\" content=\"image\/jpeg\" \/>\n<meta name=\"author\" content=\"zuzananasincova\" \/>\n<meta name=\"twitter:card\" content=\"summary_large_image\" \/>\n<meta name=\"twitter:label1\" content=\"Napsal(a)\" \/>\n\t<meta name=\"twitter:data1\" content=\"zuzananasincova\" \/>\n\t<meta name=\"twitter:label2\" content=\"Odhadovan\u00e1 doba \u010dten\u00ed\" \/>\n\t<meta name=\"twitter:data2\" content=\"13 minut\" \/>\n\t<meta name=\"twitter:label3\" content=\"Written by\" \/>\n\t<meta name=\"twitter:data3\" content=\"zuzananasincova\" \/>\n<script type=\"application\/ld+json\" class=\"yoast-schema-graph\">{\"@context\":\"https:\/\/schema.org\",\"@graph\":[{\"@type\":\"Article\",\"@id\":\"https:\/\/lindstromgroup.com\/cz\/article\/vyhody-rizeni-zasob-pracovnich-odevu\/#article\",\"isPartOf\":{\"@id\":\"https:\/\/lindstromgroup.com\/cz\/article\/vyhody-rizeni-zasob-pracovnich-odevu\/\"},\"author\":{\"name\":\"zuzananasincova\",\"@id\":\"https:\/\/lindstromgroup.com\/cz\/#\/schema\/person\/f5cf7da231acd0ad6fde35ab8777e128\"},\"headline\":\"V\u00fdhody \u0159\u00edzen\u00ed z\u00e1sob pracovn\u00edch od\u011bv\u016f\",\"datePublished\":\"2024-06-27T12:46:31+00:00\",\"dateModified\":\"2025-05-26T12:36:25+00:00\",\"mainEntityOfPage\":{\"@id\":\"https:\/\/lindstromgroup.com\/cz\/article\/vyhody-rizeni-zasob-pracovnich-odevu\/\"},\"wordCount\":1597,\"publisher\":{\"@id\":\"https:\/\/lindstromgroup.com\/cz\/#organization\"},\"image\":{\"@id\":\"https:\/\/lindstromgroup.com\/cz\/article\/vyhody-rizeni-zasob-pracovnich-odevu\/#primaryimage\"},\"thumbnailUrl\":\"https:\/\/d2ris6qfzcz0wn.cloudfront.net\/wp-content\/uploads\/sites\/25\/2024\/05\/Lindstrom_PR_s-79.jpg\",\"keywords\":[\"#pracovniodevy\"],\"articleSection\":[\"\u010cl\u00e1nek\"],\"inLanguage\":\"cs\"},{\"@type\":\"WebPage\",\"@id\":\"https:\/\/lindstromgroup.com\/cz\/article\/vyhody-rizeni-zasob-pracovnich-odevu\/\",\"url\":\"https:\/\/lindstromgroup.com\/cz\/article\/vyhody-rizeni-zasob-pracovnich-odevu\/\",\"name\":\"V\u00fdhody \u0159\u00edzen\u00ed z\u00e1sob pracovn\u00edch od\u011bv\u016f - Lindstr\u00f6m Czech\",\"isPartOf\":{\"@id\":\"https:\/\/lindstromgroup.com\/cz\/#website\"},\"primaryImageOfPage\":{\"@id\":\"https:\/\/lindstromgroup.com\/cz\/article\/vyhody-rizeni-zasob-pracovnich-odevu\/#primaryimage\"},\"image\":{\"@id\":\"https:\/\/lindstromgroup.com\/cz\/article\/vyhody-rizeni-zasob-pracovnich-odevu\/#primaryimage\"},\"thumbnailUrl\":\"https:\/\/d2ris6qfzcz0wn.cloudfront.net\/wp-content\/uploads\/sites\/25\/2024\/05\/Lindstrom_PR_s-79.jpg\",\"datePublished\":\"2024-06-27T12:46:31+00:00\",\"dateModified\":\"2025-05-26T12:36:25+00:00\",\"breadcrumb\":{\"@id\":\"https:\/\/lindstromgroup.com\/cz\/article\/vyhody-rizeni-zasob-pracovnich-odevu\/#breadcrumb\"},\"inLanguage\":\"cs\",\"potentialAction\":[{\"@type\":\"ReadAction\",\"target\":[\"https:\/\/lindstromgroup.com\/cz\/article\/vyhody-rizeni-zasob-pracovnich-odevu\/\"]}]},{\"@type\":\"ImageObject\",\"inLanguage\":\"cs\",\"@id\":\"https:\/\/lindstromgroup.com\/cz\/article\/vyhody-rizeni-zasob-pracovnich-odevu\/#primaryimage\",\"url\":\"https:\/\/d2ris6qfzcz0wn.cloudfront.net\/wp-content\/uploads\/sites\/25\/2024\/05\/Lindstrom_PR_s-79.jpg\",\"contentUrl\":\"https:\/\/d2ris6qfzcz0wn.cloudfront.net\/wp-content\/uploads\/sites\/25\/2024\/05\/Lindstrom_PR_s-79.jpg\",\"width\":1500,\"height\":1000},{\"@type\":\"BreadcrumbList\",\"@id\":\"https:\/\/lindstromgroup.com\/cz\/article\/vyhody-rizeni-zasob-pracovnich-odevu\/#breadcrumb\",\"itemListElement\":[{\"@type\":\"ListItem\",\"position\":1,\"name\":\"Home\",\"item\":\"https:\/\/lindstromgroup.com\/cz\/\"},{\"@type\":\"ListItem\",\"position\":2,\"name\":\"\u010cl\u00e1nek\",\"item\":\"https:\/\/lindstromgroup.com\/cz\/category\/article\/\"},{\"@type\":\"ListItem\",\"position\":3,\"name\":\"V\u00fdhody \u0159\u00edzen\u00ed z\u00e1sob pracovn\u00edch od\u011bv\u016f\"}]},{\"@type\":\"WebSite\",\"@id\":\"https:\/\/lindstromgroup.com\/cz\/#website\",\"url\":\"https:\/\/lindstromgroup.com\/cz\/\",\"name\":\"Lindstr\u00f6m Czech\",\"description\":\"\",\"publisher\":{\"@id\":\"https:\/\/lindstromgroup.com\/cz\/#organization\"},\"potentialAction\":[{\"@type\":\"SearchAction\",\"target\":{\"@type\":\"EntryPoint\",\"urlTemplate\":\"https:\/\/lindstromgroup.com\/cz\/?s={search_term_string}\"},\"query-input\":{\"@type\":\"PropertyValueSpecification\",\"valueRequired\":true,\"valueName\":\"search_term_string\"}}],\"inLanguage\":\"cs\"},{\"@type\":\"Organization\",\"@id\":\"https:\/\/lindstromgroup.com\/cz\/#organization\",\"name\":\"Lindstr\u00f6m\",\"url\":\"https:\/\/lindstromgroup.com\/cz\/\",\"logo\":{\"@type\":\"ImageObject\",\"inLanguage\":\"cs\",\"@id\":\"https:\/\/lindstromgroup.com\/cz\/#\/schema\/logo\/image\/\",\"url\":\"https:\/\/d2ris6qfzcz0wn.cloudfront.net\/wp-content\/uploads\/sites\/25\/2023\/10\/Logo512.png\",\"contentUrl\":\"https:\/\/d2ris6qfzcz0wn.cloudfront.net\/wp-content\/uploads\/sites\/25\/2023\/10\/Logo512.png\",\"width\":512,\"height\":109,\"caption\":\"Lindstr\u00f6m\"},\"image\":{\"@id\":\"https:\/\/lindstromgroup.com\/cz\/#\/schema\/logo\/image\/\"}},{\"@type\":\"Person\",\"@id\":\"https:\/\/lindstromgroup.com\/cz\/#\/schema\/person\/f5cf7da231acd0ad6fde35ab8777e128\",\"name\":\"zuzananasincova\",\"image\":{\"@type\":\"ImageObject\",\"inLanguage\":\"cs\",\"@id\":\"https:\/\/secure.gravatar.com\/avatar\/7f5ef256e2e1ad323b412d9019932dd0e7db73320aeb51b45086e8df20df9c4f?s=96&d=mm&r=g2db65b86f4e2fe4ef4cc5fa9a5e7d73c\",\"url\":\"https:\/\/secure.gravatar.com\/avatar\/7f5ef256e2e1ad323b412d9019932dd0e7db73320aeb51b45086e8df20df9c4f?s=96&d=mm&r=g\",\"contentUrl\":\"https:\/\/secure.gravatar.com\/avatar\/7f5ef256e2e1ad323b412d9019932dd0e7db73320aeb51b45086e8df20df9c4f?s=96&d=mm&r=g\",\"caption\":\"zuzananasincova\"}}]}<\/script>\n<!-- \/ Yoast SEO plugin. -->","yoast_head_json":{"title":"V\u00fdhody \u0159\u00edzen\u00ed z\u00e1sob pracovn\u00edch od\u011bv\u016f - Lindstr\u00f6m Czech","robots":{"index":"index","follow":"follow","max-snippet":"max-snippet:-1","max-image-preview":"max-image-preview:large","max-video-preview":"max-video-preview:-1"},"og_locale":"cs_CZ","og_type":"article","og_title":"V\u00fdhody \u0159\u00edzen\u00ed z\u00e1sob pracovn\u00edch od\u011bv\u016f - Lindstr\u00f6m Czech","og_description":"Optimalizace z\u00e1sob pracovn\u00edch od\u011bv\u016f je d\u016fle\u017eit\u00e1 pro hladk\u00fd chod va\u0161eho podnik\u00e1n\u00ed. Proto je v\u00fdb\u011br nejlep\u0161\u00edho \u0159e\u0161en\u00ed spr\u00e1vy pracovn\u00edch od\u011bv\u016f kl\u00ed\u010dovou prioritou v mnoha spole\u010dnostech.","og_url":"https:\/\/lindstromgroup.com\/cz\/article\/vyhody-rizeni-zasob-pracovnich-odevu\/","og_site_name":"Lindstr\u00f6m Czech","article_published_time":"2024-06-27T12:46:31+00:00","article_modified_time":"2025-05-26T12:36:25+00:00","og_image":[{"width":1500,"height":1000,"url":"https:\/\/lindstrom-sites.s3.eu-north-1.amazonaws.com\/wp-content\/uploads\/sites\/25\/2024\/05\/Lindstrom_PR_s-79.jpg","type":"image\/jpeg"}],"author":"zuzananasincova","twitter_card":"summary_large_image","twitter_misc":{"Napsal(a)":"zuzananasincova","Odhadovan\u00e1 doba \u010dten\u00ed":"13 minut","Written by":"zuzananasincova"},"schema":{"@context":"https:\/\/schema.org","@graph":[{"@type":"Article","@id":"https:\/\/lindstromgroup.com\/cz\/article\/vyhody-rizeni-zasob-pracovnich-odevu\/#article","isPartOf":{"@id":"https:\/\/lindstromgroup.com\/cz\/article\/vyhody-rizeni-zasob-pracovnich-odevu\/"},"author":{"name":"zuzananasincova","@id":"https:\/\/lindstromgroup.com\/cz\/#\/schema\/person\/f5cf7da231acd0ad6fde35ab8777e128"},"headline":"V\u00fdhody \u0159\u00edzen\u00ed z\u00e1sob pracovn\u00edch od\u011bv\u016f","datePublished":"2024-06-27T12:46:31+00:00","dateModified":"2025-05-26T12:36:25+00:00","mainEntityOfPage":{"@id":"https:\/\/lindstromgroup.com\/cz\/article\/vyhody-rizeni-zasob-pracovnich-odevu\/"},"wordCount":1597,"publisher":{"@id":"https:\/\/lindstromgroup.com\/cz\/#organization"},"image":{"@id":"https:\/\/lindstromgroup.com\/cz\/article\/vyhody-rizeni-zasob-pracovnich-odevu\/#primaryimage"},"thumbnailUrl":"https:\/\/d2ris6qfzcz0wn.cloudfront.net\/wp-content\/uploads\/sites\/25\/2024\/05\/Lindstrom_PR_s-79.jpg","keywords":["#pracovniodevy"],"articleSection":["\u010cl\u00e1nek"],"inLanguage":"cs"},{"@type":"WebPage","@id":"https:\/\/lindstromgroup.com\/cz\/article\/vyhody-rizeni-zasob-pracovnich-odevu\/","url":"https:\/\/lindstromgroup.com\/cz\/article\/vyhody-rizeni-zasob-pracovnich-odevu\/","name":"V\u00fdhody \u0159\u00edzen\u00ed z\u00e1sob pracovn\u00edch od\u011bv\u016f - Lindstr\u00f6m Czech","isPartOf":{"@id":"https:\/\/lindstromgroup.com\/cz\/#website"},"primaryImageOfPage":{"@id":"https:\/\/lindstromgroup.com\/cz\/article\/vyhody-rizeni-zasob-pracovnich-odevu\/#primaryimage"},"image":{"@id":"https:\/\/lindstromgroup.com\/cz\/article\/vyhody-rizeni-zasob-pracovnich-odevu\/#primaryimage"},"thumbnailUrl":"https:\/\/d2ris6qfzcz0wn.cloudfront.net\/wp-content\/uploads\/sites\/25\/2024\/05\/Lindstrom_PR_s-79.jpg","datePublished":"2024-06-27T12:46:31+00:00","dateModified":"2025-05-26T12:36:25+00:00","breadcrumb":{"@id":"https:\/\/lindstromgroup.com\/cz\/article\/vyhody-rizeni-zasob-pracovnich-odevu\/#breadcrumb"},"inLanguage":"cs","potentialAction":[{"@type":"ReadAction","target":["https:\/\/lindstromgroup.com\/cz\/article\/vyhody-rizeni-zasob-pracovnich-odevu\/"]}]},{"@type":"ImageObject","inLanguage":"cs","@id":"https:\/\/lindstromgroup.com\/cz\/article\/vyhody-rizeni-zasob-pracovnich-odevu\/#primaryimage","url":"https:\/\/d2ris6qfzcz0wn.cloudfront.net\/wp-content\/uploads\/sites\/25\/2024\/05\/Lindstrom_PR_s-79.jpg","contentUrl":"https:\/\/d2ris6qfzcz0wn.cloudfront.net\/wp-content\/uploads\/sites\/25\/2024\/05\/Lindstrom_PR_s-79.jpg","width":1500,"height":1000},{"@type":"BreadcrumbList","@id":"https:\/\/lindstromgroup.com\/cz\/article\/vyhody-rizeni-zasob-pracovnich-odevu\/#breadcrumb","itemListElement":[{"@type":"ListItem","position":1,"name":"Home","item":"https:\/\/lindstromgroup.com\/cz\/"},{"@type":"ListItem","position":2,"name":"\u010cl\u00e1nek","item":"https:\/\/lindstromgroup.com\/cz\/category\/article\/"},{"@type":"ListItem","position":3,"name":"V\u00fdhody \u0159\u00edzen\u00ed z\u00e1sob pracovn\u00edch od\u011bv\u016f"}]},{"@type":"WebSite","@id":"https:\/\/lindstromgroup.com\/cz\/#website","url":"https:\/\/lindstromgroup.com\/cz\/","name":"Lindstr\u00f6m Czech","description":"","publisher":{"@id":"https:\/\/lindstromgroup.com\/cz\/#organization"},"potentialAction":[{"@type":"SearchAction","target":{"@type":"EntryPoint","urlTemplate":"https:\/\/lindstromgroup.com\/cz\/?s={search_term_string}"},"query-input":{"@type":"PropertyValueSpecification","valueRequired":true,"valueName":"search_term_string"}}],"inLanguage":"cs"},{"@type":"Organization","@id":"https:\/\/lindstromgroup.com\/cz\/#organization","name":"Lindstr\u00f6m","url":"https:\/\/lindstromgroup.com\/cz\/","logo":{"@type":"ImageObject","inLanguage":"cs","@id":"https:\/\/lindstromgroup.com\/cz\/#\/schema\/logo\/image\/","url":"https:\/\/d2ris6qfzcz0wn.cloudfront.net\/wp-content\/uploads\/sites\/25\/2023\/10\/Logo512.png","contentUrl":"https:\/\/d2ris6qfzcz0wn.cloudfront.net\/wp-content\/uploads\/sites\/25\/2023\/10\/Logo512.png","width":512,"height":109,"caption":"Lindstr\u00f6m"},"image":{"@id":"https:\/\/lindstromgroup.com\/cz\/#\/schema\/logo\/image\/"}},{"@type":"Person","@id":"https:\/\/lindstromgroup.com\/cz\/#\/schema\/person\/f5cf7da231acd0ad6fde35ab8777e128","name":"zuzananasincova","image":{"@type":"ImageObject","inLanguage":"cs","@id":"https:\/\/secure.gravatar.com\/avatar\/7f5ef256e2e1ad323b412d9019932dd0e7db73320aeb51b45086e8df20df9c4f?s=96&d=mm&r=g2db65b86f4e2fe4ef4cc5fa9a5e7d73c","url":"https:\/\/secure.gravatar.com\/avatar\/7f5ef256e2e1ad323b412d9019932dd0e7db73320aeb51b45086e8df20df9c4f?s=96&d=mm&r=g","contentUrl":"https:\/\/secure.gravatar.com\/avatar\/7f5ef256e2e1ad323b412d9019932dd0e7db73320aeb51b45086e8df20df9c4f?s=96&d=mm&r=g","caption":"zuzananasincova"}}]}},"publishpress_future_workflow_manual_trigger":{"enabledWorkflows":[]},"distributor_meta":false,"distributor_terms":false,"distributor_media":false,"distributor_original_site_name":"Lindstr\u00f6m Czech","distributor_original_site_url":"https:\/\/lindstromgroup.com\/cz","push-errors":false,"_links":{"self":[{"href":"https:\/\/lindstromgroup.com\/cz\/wp-json\/wp\/v2\/posts\/18612","targetHints":{"allow":["GET"]}}],"collection":[{"href":"https:\/\/lindstromgroup.com\/cz\/wp-json\/wp\/v2\/posts"}],"about":[{"href":"https:\/\/lindstromgroup.com\/cz\/wp-json\/wp\/v2\/types\/post"}],"author":[{"embeddable":true,"href":"https:\/\/lindstromgroup.com\/cz\/wp-json\/wp\/v2\/users\/79"}],"replies":[{"embeddable":true,"href":"https:\/\/lindstromgroup.com\/cz\/wp-json\/wp\/v2\/comments?post=18612"}],"version-history":[{"count":0,"href":"https:\/\/lindstromgroup.com\/cz\/wp-json\/wp\/v2\/posts\/18612\/revisions"}],"wp:featuredmedia":[{"embeddable":true,"href":"https:\/\/lindstromgroup.com\/cz\/wp-json\/wp\/v2\/media\/18509"}],"wp:attachment":[{"href":"https:\/\/lindstromgroup.com\/cz\/wp-json\/wp\/v2\/media?parent=18612"}],"wp:term":[{"taxonomy":"category","embeddable":true,"href":"https:\/\/lindstromgroup.com\/cz\/wp-json\/wp\/v2\/categories?post=18612"},{"taxonomy":"post_tag","embeddable":true,"href":"https:\/\/lindstromgroup.com\/cz\/wp-json\/wp\/v2\/tags?post=18612"},{"taxonomy":"author","embeddable":true,"href":"https:\/\/lindstromgroup.com\/cz\/wp-json\/wp\/v2\/coauthors?post=18612"}],"curies":[{"name":"wp","href":"https:\/\/api.w.org\/{rel}","templated":true}]}}