
    {"id":17835,"date":"2022-05-24T10:19:00","date_gmt":"2022-05-24T09:19:00","guid":{"rendered":"https:\/\/lindstromgroup.com\/cz\/?p=17835"},"modified":"2025-05-26T14:14:51","modified_gmt":"2025-05-26T13:14:51","slug":"design-pracovnich-odevu-v-retailu-rozhovor","status":"publish","type":"post","link":"https:\/\/lindstromgroup.com\/cz\/nasi-zakaznici\/design-pracovnich-odevu-v-retailu-rozhovor\/","title":{"rendered":"\u201eReprezentativn\u00ed vzhled a n\u00e1padit\u00fd design pracovn\u00edch od\u011bv\u016f je v retailu velmi d\u016fle\u017eit\u00fd\u201c, \u0159\u00edk\u00e1 Ond\u0159ej \u0160\u00edda"},"content":{"rendered":"\n<p>Ond\u0159ej \u0160\u00edda se v Lindstr\u00f6m star\u00e1 o klienty z retailu. Zku\u0161enosti jeho klient\u016f potvrzuj\u00ed, \u017ee v\u011bt\u0161ina nakupuj\u00edc\u00edch si obchod <strong>vyb\u00edr\u00e1 podle vzhledu<\/strong> a jednotn\u00fd a upraven\u00fd vzhled zam\u011bstnanc\u016f jednozna\u010dn\u011b p\u0159isp\u00edv\u00e1 k image cel\u00e9 spole\u010dnosti.<\/p>\n\n\n\n<h2 class=\"wp-block-heading\">Co v\u0161echno m\u00e1te jako Key Account Manager v Lindstr\u00f6m na starosti?<\/h2>\n\n\n\n<p>Ve spole\u010dnosti Lindstr\u00f6m m\u00e1m na starost <strong>p\u00e9\u010di o strategick\u00e9 z\u00e1kazn\u00edky<\/strong>, a to hlavn\u011b z <a href=\"https:\/\/lindstromgroup.com\/cz\/odvetvi\/retail-a-maloobchod\/\">oblasti retailu<\/a>. M\u00fdm hlavn\u00edm \u00fakolem je rozvoj z\u00e1kazn\u00edk\u016f a p\u00e9\u010de o bezprobl\u00e9mov\u00fd pr\u016fb\u011bh slu\u017eby a z\u00e1kaznickou spokojenost. Ned\u00edlnou sou\u010d\u00e1st\u00ed je tak\u00e9 \u0159\u00edzen\u00ed intern\u00edch proces\u016f a projektov\u00e9 \u0159\u00edzen\u00ed.<\/p>\n\n\n\n<h2 class=\"wp-block-heading\">Z jak\u00fdch oblast\u00ed retailu jsou klienti nej\u010dast\u011bji?<\/h2>\n\n\n\n<p>Nejv\u011bt\u0161\u00edmi z\u00e1kazn\u00edky jsou celorepublikov\u00e9 obchodn\u00ed s\u00edt\u011b supermarket\u016f s potravinami. Na\u0161i d\u016fle\u017eit\u00ed retailov\u00ed z\u00e1kazn\u00edci jsou v\u0161ak i jin\u00e9 prodejn\u00ed \u0159et\u011bzce, nap\u0159. <strong>l\u00e9k\u00e1rny, stavebniny, pek\u00e1rny<\/strong> nebo <strong>\u0159eznictv\u00ed<\/strong>.<\/p>\n\n\n\n<h2 class=\"wp-block-heading\">O kter\u00e9 nejv\u011bt\u0161\u00ed retailov\u00e9 klienty se star\u00e1te?<\/h2>\n\n\n\n<p>Jsou to spole\u010dnosti, kter\u00e9 vlastn\u00ed retailov\u00e9 prodejny ve v\u0161ech v\u011bt\u0161\u00edch m\u011bstech po cel\u00e9 \u010cesk\u00e9 republice. <strong>Mezi na\u0161e z\u00e1kazn\u00edky<\/strong>, kter\u00e9 m\u00e1m na starosti, pat\u0159\u00ed t\u0159eba <a href=\"https:\/\/lindstromgroup.com\/cz\/nasi-zakaznici\/dr-max\/\">Dr. Max<\/a>, <a href=\"https:\/\/lindstromgroup.com\/cz\/nasi-zakaznici\/benu-ceska-republika\/\">BENU l\u00e9k\u00e1rna<\/a>, Rohl\u00edk.cz, Penny Market, Zeman maso-uzeniny, Pro-Doma. T\u011bmto z\u00e1kazn\u00edk\u016fm zabezpe\u010dujeme p\u0159edev\u0161\u00edm <a href=\"https:\/\/lindstromgroup.com\/cz\/servisni-sluzby\/pronajem-pracovnich-odevu\/\">servis pracovn\u00edch od\u011bv\u016f<\/a>, ale u n\u011bkter\u00fdch se star\u00e1me i o <a href=\"https:\/\/lindstromgroup.com\/cz\/servisni-sluzby\/pronajem-cisticich-rohozi\/\">\u010dist\u00edc\u00ed roho\u017ee<\/a>.<\/p>\n\n\n\n<figure class=\"wp-block-image size-large alignnone\"><img decoding=\"async\" width=\"1024\" height=\"682\" src=\"https:\/\/d2ris6qfzcz0wn.cloudfront.net\/wp-content\/uploads\/sites\/25\/2022\/05\/lindstrom-reprezentativni-vzhled-a-napadity-design-092024-01-1024x682.jpg\" alt=\"Pron\u00e1jem pracovn\u00edch od\u011bv\u016f a \u010dist\u00edc\u00edch roho\u017e\u00ed\" class=\"wp-image-18839\" srcset=\"https:\/\/d2ris6qfzcz0wn.cloudfront.net\/wp-content\/uploads\/sites\/25\/2022\/05\/lindstrom-reprezentativni-vzhled-a-napadity-design-092024-01-1024x682.jpg 1024w, https:\/\/d2ris6qfzcz0wn.cloudfront.net\/wp-content\/uploads\/sites\/25\/2022\/05\/lindstrom-reprezentativni-vzhled-a-napadity-design-092024-01-300x200.jpg 300w, https:\/\/d2ris6qfzcz0wn.cloudfront.net\/wp-content\/uploads\/sites\/25\/2022\/05\/lindstrom-reprezentativni-vzhled-a-napadity-design-092024-01-768x512.jpg 768w, https:\/\/d2ris6qfzcz0wn.cloudfront.net\/wp-content\/uploads\/sites\/25\/2022\/05\/lindstrom-reprezentativni-vzhled-a-napadity-design-092024-01-1536x1024.jpg 1536w, https:\/\/d2ris6qfzcz0wn.cloudfront.net\/wp-content\/uploads\/sites\/25\/2022\/05\/lindstrom-reprezentativni-vzhled-a-napadity-design-092024-01.jpg 2000w\" sizes=\"(max-width: 1024px) 100vw, 1024px\" \/><figcaption class=\"wp-element-caption\"><em>Mezi spokojen\u00e9 klienty Lindstr\u00f6m pat\u0159\u00ed i l\u00e9k\u00e1rny Dr. Max.<\/em><\/figcaption><\/figure>\n\n\n\n<h2 class=\"wp-block-heading\">Jak prob\u00edh\u00e1 spolupr\u00e1ce s klientem ve f\u00e1zi v\u00fdb\u011bru oble\u010den\u00ed? M\u00e1te n\u011bjak\u00fd seznam ot\u00e1zek, na kter\u00e9 se klienta zept\u00e1te a dle toho doporu\u010d\u00edte konkr\u00e9tn\u00ed pracovn\u00ed od\u011bvy?<\/h2>\n\n\n\n<p>V\u00fdb\u011br od\u011bv\u016f je <strong>pro retailov\u00e9 z\u00e1kazn\u00edky velmi d\u016fle\u017eit\u00fd<\/strong>. Zam\u011bstnanci retailov\u00fdch prodejen jsou v ka\u017edodenn\u00edm styku s koncov\u00fdm z\u00e1kazn\u00edkem a pro jejich zam\u011bstnavatele je proto velmi d\u016fle\u017eit\u00fd reprezentativn\u00ed vzhled a n\u00e1padit\u00fd design jejich pracovn\u00edch od\u011bv\u016f.<\/p>\n\n\n\n<p>V\u00fdb\u011br pracovn\u00edch od\u011bv\u016f tedy velmi \u010dasto prob\u00edh\u00e1 v \u0161ir\u0161\u00edm t\u00fdmu, jak ze strany z\u00e1kazn\u00edka, tak ze strany Lindstr\u00f6m. Za Lindstr\u00f6m se v\u011bt\u0161inou jedn\u00e1 o t\u00fdm na\u0161ich intern\u00edch, ale i <strong>extern\u00edch design\u00e9r\u016f<\/strong>, za z\u00e1kazn\u00edka se v\u00fdb\u011bru z\u00fa\u010dastn\u00ed HR manager nebo manager, kter\u00fd se star\u00e1 o bezpe\u010dnost pr\u00e1ce a dodr\u017eov\u00e1n\u00ed hygienick\u00fdch standard\u016f. \u010casto do v\u00fdb\u011bru vstupuje i marketingov\u00e9 odd\u011blen\u00ed z\u00e1kazn\u00edka, kter\u00e9 hl\u00edd\u00e1, aby byly zaji\u0161t\u011bny po\u017eadavky brand designu. Samoz\u0159ejm\u011b ve v\u00fdb\u011brov\u00e9 f\u00e1zi tak\u00e9 nav\u0161t\u011bvujeme provozovny z\u00e1kazn\u00edka, kde zji\u0161\u0165ujeme, v jak\u00e9m prost\u0159ed\u00ed budou od\u011bvy pou\u017e\u00edv\u00e1ny. P\u0159ed fin\u00e1ln\u00edm zaveden\u00edm nov\u00e9 kolekce pracovn\u00edch od\u011bv\u016f prov\u00e1d\u00edme testov\u00e1n\u00ed v provozu, aby bylo zaji\u0161t\u011bno, \u017ee nov\u00e9 pracovn\u00ed od\u011bvy budou spl\u0148ovat o\u010dek\u00e1v\u00e1n\u00ed z\u00e1kazn\u00edka a u\u017eivatel\u016f.<\/p>\n\n\n\n<h2 class=\"wp-block-heading\">Rad\u00edte klient\u016fm i s designem od\u011bv\u016f v retailu?<\/h2>\n\n\n\n<p>Ano, s na\u0161imi design\u00e9ry navrhujeme nov\u00e9 modely od\u011bv\u016f, postaven\u00e9 <strong>na m\u00edru jednotliv\u00fdm z\u00e1kazn\u00edk\u016fm<\/strong>. Nap\u0159\u00edklad pro zam\u011bstnance \u0159et\u011bzce l\u00e9k\u00e1ren Dr. Max jsme vytvo\u0159ili kolekci pracovn\u00edch od\u011bv\u016f, kter\u00e1 vznikla ve spolupr\u00e1ci s <strong>p\u0159edn\u00ed \u010deskou n\u00e1vrh\u00e1\u0159kou Beatou Rajskou<\/strong> a je specifick\u00e1 pro zna\u010dku Dr. Max.<\/p>\n\n\n\n<h2 class=\"wp-block-heading\">Mysl\u00edte, \u017ee pr\u00e1v\u011b image obchodn\u00edka m\u016f\u017ee pomoci k tomu, aby se ze zna\u010dky stal lovebrand?<\/h2>\n\n\n\n<p>S t\u00edm pln\u011b souhlas\u00edm. Zku\u0161enosti na\u0161ich z\u00e1kazn\u00edk\u016f potvrzuj\u00ed, \u017ee v\u011bt\u0161ina nakupuj\u00edc\u00edch si obchod <strong>vyb\u00edr\u00e1 podle vzhledu<\/strong> a jednotn\u00fd a upraven\u00fd vzhled zam\u011bstnanc\u016f jednozna\u010dn\u011b p\u0159isp\u00edv\u00e1 k image cel\u00e9 spole\u010dnosti.<\/p>\n\n\n\n<h2 class=\"wp-block-heading\">Co klienti nej\u010dast\u011bji \u2013 s ohledem na po\u017eadovanou kvalitu \u2013 vy\u017eaduj\u00ed a co si na va\u0161\u00ed slu\u017eb\u011b cen\u00ed?<\/h2>\n\n\n\n<p>Na\u0161i retailov\u00ed z\u00e1kazn\u00edci samoz\u0159ejm\u011b <strong>vy\u017eaduj\u00ed vysokou kvalitu servisn\u00ed slu\u017eby<\/strong> a vysokou kvalitu pracovn\u00edch od\u011bv\u016f. Ale to nen\u00ed nic neobvykl\u00e9ho, to v podstat\u011b cht\u011bj\u00ed v\u0161ichni z\u00e1kazn\u00edci. Retailov\u00ed z\u00e1kazn\u00edci jsou mo\u017en\u00e1 specifi\u010dt\u00ed t\u00edm, \u017ee se neboj\u00ed inovac\u00ed a velmi oce\u0148uj\u00ed proaktivn\u00ed p\u0159\u00edstup, kter\u00fd jim pom\u00e1h\u00e1 <strong>z\u00edskat konkuren\u010dn\u00ed v\u00fdhodu<\/strong>.<\/p>\n\n\n\n<figure class=\"wp-block-image size-full alignnone\"><img decoding=\"async\" width=\"2048\" height=\"1354\" src=\"https:\/\/d2ris6qfzcz0wn.cloudfront.net\/wp-content\/uploads\/sites\/25\/2024\/05\/MAS_K1960-3_lemon.jpg\" alt=\"\" class=\"wp-image-18460\" srcset=\"https:\/\/d2ris6qfzcz0wn.cloudfront.net\/wp-content\/uploads\/sites\/25\/2024\/05\/MAS_K1960-3_lemon.jpg 2048w, https:\/\/d2ris6qfzcz0wn.cloudfront.net\/wp-content\/uploads\/sites\/25\/2024\/05\/MAS_K1960-3_lemon-300x198.jpg 300w, https:\/\/d2ris6qfzcz0wn.cloudfront.net\/wp-content\/uploads\/sites\/25\/2024\/05\/MAS_K1960-3_lemon-1024x677.jpg 1024w, https:\/\/d2ris6qfzcz0wn.cloudfront.net\/wp-content\/uploads\/sites\/25\/2024\/05\/MAS_K1960-3_lemon-768x508.jpg 768w, https:\/\/d2ris6qfzcz0wn.cloudfront.net\/wp-content\/uploads\/sites\/25\/2024\/05\/MAS_K1960-3_lemon-1536x1016.jpg 1536w\" sizes=\"(max-width: 2048px) 100vw, 2048px\" \/><figcaption class=\"wp-element-caption\"><em>Kvalita a reprezentativn\u00ed vzhled pracovn\u00edch od\u011bv\u016f jsou v retailu velmi d\u016fle\u017eit\u00e9. <\/em><\/figcaption><\/figure>\n\n\n\n<h2 class=\"wp-block-heading\">Firma Lindstr\u00f6m si zakl\u00e1d\u00e1 na udr\u017eitelnosti v\u00fdroby, recyklaci a ekologick\u00fdch postupech \u010di\u0161t\u011bn\u00ed pracovn\u00edch od\u011bv\u016f. Rezonuje tento aspekt mezi va\u0161imi klienty?<\/h2>\n\n\n\n<p>Ano, ur\u010dit\u011b. V posledn\u00ed dob\u011b zaznamen\u00e1v\u00e1me, \u017ee se na\u0161i z\u00e1kazn\u00edci za\u010d\u00ednaj\u00ed o udr\u017eitelnost v\u00edce zaj\u00edmat. V retailu se <a href=\"https:\/\/lindstromgroup.com\/cz\/udrzitelnost\/\">udr\u017eitelnost<\/a> \u0159e\u0161\u00ed p\u0159edev\u0161\u00edm <strong>v r\u00e1mci obalov\u00fdch materi\u00e1l\u016f<\/strong>. Obchodn\u00edci se sna\u017e\u00ed nahradit jednor\u00e1zov\u00e9 obaly ekologi\u010dt\u011bj\u0161\u00edmi variantami nebo <strong>vratn\u00fdmi obaly<\/strong>, kter\u00e9 cirkuluj\u00ed. I zde m\u016f\u017ee Lindstr\u00f6m pomoci, nap\u0159. textiln\u00edmi <a href=\"https:\/\/lindstromgroup.com\/cz\/servisni-sluzby\/vratne-nakupni-tasky\/\">n\u00e1kupn\u00edmi ta\u0161kami se servisem<\/a> jejich pran\u00ed a \u00fadr\u017eby nebo \u010dist\u00edc\u00edmi roho\u017eemi, jejich\u017e vl\u00e1kna jsou vyrobena z recyklovan\u00fdch PET lahv\u00ed.<\/p>\n\n\n\n<h2 class=\"wp-block-heading\">Zm\u011bnilo se mno\u017estv\u00ed popt\u00e1vek v dob\u011b p\u0159ed pandemi\u00ed a pot\u00e9?<\/h2>\n\n\n\n<p>B\u011bhem pandemie byl kladen <strong>vy\u0161\u0161\u00ed d\u016fraz na hygienu<\/strong>, kterou Lindstr\u00f6m jako servisn\u00ed spole\u010dnost zaji\u0161\u0165uje certifikovanou slu\u017ebou pran\u00ed a \u010di\u0161t\u011bn\u00ed.<\/p>\n\n\n\n<p>B\u011bhem pandemie na\u0161i z\u00e1kazn\u00edci ocenili p\u0159edev\u0161\u00edm to, \u017ee jsme po celou dobu jej\u00edho trv\u00e1n\u00ed pln\u011b zaji\u0161\u0165ovali slu\u017ebu a na\u0161i z\u00e1kazn\u00edci nemuseli narychlo hledat jin\u00e1 \u0159e\u0161en\u00ed. Dnes u\u017e se situace uklidnila, ale m\u00edrn\u011b se <strong>zm\u011bnilo chov\u00e1n\u00ed u\u017eivatel\u016f na\u0161ich pracovn\u00edch od\u011bv\u016f<\/strong>. Mysl\u00edm, \u017ee by se dalo \u0159\u00edct, \u017ee jsou v\u00edce opatrn\u00ed a pozorn\u00ed k hygien\u011b a \u010distot\u011b. Kladou na sebe i na sv\u00e9 pracovn\u00ed od\u011bvy v\u011bt\u0161\u00ed n\u00e1roky, co\u017e se samoz\u0159ejm\u011b pozitivn\u011b odr\u00e1\u017e\u00ed ve vzhledu prodejen.<\/p>\n\n\n\n<h2 class=\"wp-block-heading\">Vn\u00edm\u00e1te, \u017ee pandemie zm\u011bnila n\u00e1kupn\u00ed chov\u00e1n\u00ed? Co to z Va\u0161eho pohledu m\u016f\u017ee znamenat pro obchodn\u00edky? Maj\u00ed po pandemii jin\u00e9 n\u00e1roky na bezpe\u010dnost a hygienu, co se t\u00fdk\u00e1 od\u011bv\u016f?<\/h2>\n\n\n\n<p>Vysok\u00e9 standardy hygieny <strong>zaji\u0161\u0165ujeme z\u00e1kazn\u00edk\u016fm dlouhodob\u011b<\/strong>, na tom pandemie nic nezm\u011bnila. Nap\u0159\u00edklad v prodejn\u00e1ch potravin se po\u017eadavky na bezpe\u010dnost a hygienu pracovn\u00edch od\u011bv\u016f z\u00e1sadn\u011b nezm\u011bnily, proto\u017ee jsou d\u00e1ny hygienick\u00fdmi normami pro bezpe\u010dnou manipulaci a nakl\u00e1d\u00e1n\u00ed s potravinami.<\/p>\n\n\n\n<p>Na\u0161e pracovn\u00ed od\u011bvy jsou hygienicky \u010dist\u00e9, proto\u017ee b\u011bhem procesu pran\u00ed pou\u017e\u00edv\u00e1me <strong>tepelnou a n\u011bkdy i chemickou dezinfekci<\/strong>. Pr\u00e1dlo se pere p\u0159i teplot\u00e1ch kolem 50-55 \u00b0C s pomoc\u00ed speci\u00e1ln\u00edch prac\u00edch prost\u0159edk\u016f. Na\u0161e postupy pran\u00ed a su\u0161en\u00ed zajist\u00ed likvidaci a\u017e 99 % v\u0161ech mikroorganism\u016f z od\u011bvu.<\/p>\n\n\n\n<p>Nav\u00edc pr\u016fb\u011bh t\u011bchto prac\u00edch a \u010dist\u00edc\u00edch proces\u016f <strong>neust\u00e1le kontrolujeme<\/strong>. Vzorky odeb\u00edr\u00e1me v pravideln\u00fdch intervalech v r\u016fzn\u00fdch kontroln\u00edch bodech procesu a v\u00fdsledky se zpracov\u00e1vaj\u00ed v certifikovan\u00fdch za\u0159\u00edzen\u00edch.<\/p>\n\n\n\n<p>Na\u0161i z\u00e1kazn\u00edci se tak mohou spolehnout, \u017ee pracovn\u00ed od\u011bvy jejich zam\u011bstnanc\u016f <strong>budou \u010dist\u00e9 a bezpe\u010dn\u00e9<\/strong>.<\/p>\n","protected":false},"excerpt":{"rendered":"<p>Ond\u0159ej \u0160\u00edda se v Lindstr\u00f6m star\u00e1 o klienty z retailu. Zku\u0161enosti jeho klient\u016f potvrzuj\u00ed, \u017ee v\u011bt\u0161ina nakupuj\u00edc\u00edch si obchod vyb\u00edr\u00e1 podle vzhledu a jednotn\u00fd a&#8230;<\/p>\n","protected":false},"author":14,"featured_media":17836,"comment_status":"closed","ping_status":"open","sticky":false,"template":"","format":"standard","meta":{"_acf_changed":false,"inline_featured_image":false,"_eb_attr":"","site-sidebar-layout":"default","site-content-layout":"","ast-site-content-layout":"default","site-content-style":"default","site-sidebar-style":"default","ast-global-header-display":"","ast-banner-title-visibility":"","ast-main-header-display":"","ast-hfb-above-header-display":"","ast-hfb-below-header-display":"","ast-hfb-mobile-header-display":"","site-post-title":"","ast-breadcrumbs-content":"","ast-featured-img":"","footer-sml-layout":"","ast-disable-related-posts":"","theme-transparent-header-meta":"","adv-header-id-meta":"","stick-header-meta":"","header-above-stick-meta":"","header-main-stick-meta":"","header-below-stick-meta":"","astra-migrate-meta-layouts":"default","ast-page-background-enabled":"default","ast-page-background-meta":{"desktop":{"background-color":"var(--ast-global-color-4)","background-image":"","background-repeat":"repeat","background-position":"center center","background-size":"auto","background-attachment":"scroll","background-type":"","background-media":"","overlay-type":"","overlay-color":"","overlay-opacity":"","overlay-gradient":""},"tablet":{"background-color":"","background-image":"","background-repeat":"repeat","background-position":"center center","background-size":"auto","background-attachment":"scroll","background-type":"","background-media":"","overlay-type":"","overlay-color":"","overlay-opacity":"","overlay-gradient":""},"mobile":{"background-color":"","background-image":"","background-repeat":"repeat","background-position":"center center","background-size":"auto","background-attachment":"scroll","background-type":"","background-media":"","overlay-type":"","overlay-color":"","overlay-opacity":"","overlay-gradient":""}},"ast-content-background-meta":{"desktop":{"background-color":"var(--ast-global-color-5)","background-image":"","background-repeat":"repeat","background-position":"center center","background-size":"auto","background-attachment":"scroll","background-type":"","background-media":"","overlay-type":"","overlay-color":"","overlay-opacity":"","overlay-gradient":""},"tablet":{"background-color":"var(--ast-global-color-5)","background-image":"","background-repeat":"repeat","background-position":"center center","background-size":"auto","background-attachment":"scroll","background-type":"","background-media":"","overlay-type":"","overlay-color":"","overlay-opacity":"","overlay-gradient":""},"mobile":{"background-color":"var(--ast-global-color-5)","background-image":"","background-repeat":"repeat","background-position":"center center","background-size":"auto","background-attachment":"scroll","background-type":"","background-media":"","overlay-type":"","overlay-color":"","overlay-opacity":"","overlay-gradient":""}},"footnotes":""},"categories":[28],"tags":[55,51,74],"coauthors":[20],"class_list":["post-17835","post","type-post","status-publish","format-standard","has-post-thumbnail","hentry","category-nasi-zakaznici","tag-hygiena","tag-pracovniodevy","tag-zkusenostizakazniku"],"acf":[],"yoast_head":"<!-- This site is optimized with the Yoast SEO plugin v27.2 - https:\/\/yoast.com\/product\/yoast-seo-wordpress\/ -->\n<title>\u201eReprezentativn\u00ed vzhled a n\u00e1padit\u00fd design pracovn\u00edch od\u011bv\u016f je v retailu velmi d\u016fle\u017eit\u00fd\u201c, \u0159\u00edk\u00e1 Ond\u0159ej \u0160\u00edda - Lindstr\u00f6m Czech<\/title>\n<meta name=\"description\" content=\"P\u0159e\u010dt\u011bte si rozhovor s Ond\u0159ejem \u0160\u00eddou. Co v\u0161echno m\u00e1 jako Key Account Manager v Lindstr\u00f6m na starosti?\" \/>\n<meta name=\"robots\" content=\"index, follow, max-snippet:-1, max-image-preview:large, max-video-preview:-1\" \/>\n<meta property=\"og:locale\" content=\"cs_CZ\" \/>\n<meta property=\"og:type\" content=\"article\" \/>\n<meta property=\"og:title\" content=\"\u201eReprezentativn\u00ed vzhled a n\u00e1padit\u00fd design pracovn\u00edch od\u011bv\u016f je v retailu velmi d\u016fle\u017eit\u00fd\u201c, \u0159\u00edk\u00e1 Ond\u0159ej \u0160\u00edda - Lindstr\u00f6m Czech\" \/>\n<meta property=\"og:description\" content=\"P\u0159e\u010dt\u011bte si rozhovor s Ond\u0159ejem \u0160\u00eddou. Co v\u0161echno m\u00e1 jako Key Account Manager v Lindstr\u00f6m na starosti?\" \/>\n<meta property=\"og:url\" content=\"https:\/\/lindstromgroup.com\/cz\/nasi-zakaznici\/design-pracovnich-odevu-v-retailu-rozhovor\/\" \/>\n<meta property=\"og:site_name\" content=\"Lindstr\u00f6m Czech\" \/>\n<meta property=\"article:published_time\" content=\"2022-05-24T09:19:00+00:00\" \/>\n<meta property=\"article:modified_time\" content=\"2025-05-26T13:14:51+00:00\" \/>\n<meta property=\"og:image\" content=\"https:\/\/lindstrom-sites.s3.eu-north-1.amazonaws.com\/wp-content\/uploads\/sites\/25\/2024\/04\/lindstrom-design-pracovnich-odevu-v-retailu-rozhovor-042024-1.jpg\" \/>\n\t<meta property=\"og:image:width\" content=\"1024\" \/>\n\t<meta property=\"og:image:height\" content=\"768\" \/>\n\t<meta property=\"og:image:type\" content=\"image\/jpeg\" \/>\n<meta name=\"author\" content=\"Lindstr\u00f6m Group\" \/>\n<meta name=\"twitter:card\" content=\"summary_large_image\" \/>\n<meta name=\"twitter:label1\" content=\"Napsal(a)\" \/>\n\t<meta name=\"twitter:data1\" content=\"Lindstr\u00f6m Group\" \/>\n\t<meta name=\"twitter:label2\" content=\"Odhadovan\u00e1 doba \u010dten\u00ed\" \/>\n\t<meta name=\"twitter:data2\" content=\"6 minut\" \/>\n\t<meta name=\"twitter:label3\" content=\"Written by\" \/>\n\t<meta name=\"twitter:data3\" content=\"Lindstr\u00f6m Group\" \/>\n<script type=\"application\/ld+json\" class=\"yoast-schema-graph\">{\"@context\":\"https:\/\/schema.org\",\"@graph\":[{\"@type\":\"Article\",\"@id\":\"https:\/\/lindstromgroup.com\/cz\/nasi-zakaznici\/design-pracovnich-odevu-v-retailu-rozhovor\/#article\",\"isPartOf\":{\"@id\":\"https:\/\/lindstromgroup.com\/cz\/nasi-zakaznici\/design-pracovnich-odevu-v-retailu-rozhovor\/\"},\"author\":{\"name\":\"Lindstr\u00f6m Group\",\"@id\":\"https:\/\/lindstromgroup.com\/cz\/#\/schema\/person\/9111900e3f15be99cf4a104112bf0bc3\"},\"headline\":\"\u201eReprezentativn\u00ed vzhled a n\u00e1padit\u00fd design pracovn\u00edch od\u011bv\u016f je v retailu velmi d\u016fle\u017eit\u00fd\u201c, \u0159\u00edk\u00e1 Ond\u0159ej \u0160\u00edda\",\"datePublished\":\"2022-05-24T09:19:00+00:00\",\"dateModified\":\"2025-05-26T13:14:51+00:00\",\"mainEntityOfPage\":{\"@id\":\"https:\/\/lindstromgroup.com\/cz\/nasi-zakaznici\/design-pracovnich-odevu-v-retailu-rozhovor\/\"},\"wordCount\":1294,\"publisher\":{\"@id\":\"https:\/\/lindstromgroup.com\/cz\/#organization\"},\"image\":{\"@id\":\"https:\/\/lindstromgroup.com\/cz\/nasi-zakaznici\/design-pracovnich-odevu-v-retailu-rozhovor\/#primaryimage\"},\"thumbnailUrl\":\"https:\/\/d2ris6qfzcz0wn.cloudfront.net\/wp-content\/uploads\/sites\/25\/2024\/04\/lindstrom-design-pracovnich-odevu-v-retailu-rozhovor-042024-1.jpg\",\"keywords\":[\"#hygiena\",\"#pracovniodevy\",\"#zkusenostizakazniku\"],\"articleSection\":[\"Na\u0161i z\u00e1kazn\u00edci\"],\"inLanguage\":\"cs\"},{\"@type\":\"WebPage\",\"@id\":\"https:\/\/lindstromgroup.com\/cz\/nasi-zakaznici\/design-pracovnich-odevu-v-retailu-rozhovor\/\",\"url\":\"https:\/\/lindstromgroup.com\/cz\/nasi-zakaznici\/design-pracovnich-odevu-v-retailu-rozhovor\/\",\"name\":\"\u201eReprezentativn\u00ed vzhled a n\u00e1padit\u00fd design pracovn\u00edch od\u011bv\u016f je v retailu velmi d\u016fle\u017eit\u00fd\u201c, \u0159\u00edk\u00e1 Ond\u0159ej \u0160\u00edda - Lindstr\u00f6m Czech\",\"isPartOf\":{\"@id\":\"https:\/\/lindstromgroup.com\/cz\/#website\"},\"primaryImageOfPage\":{\"@id\":\"https:\/\/lindstromgroup.com\/cz\/nasi-zakaznici\/design-pracovnich-odevu-v-retailu-rozhovor\/#primaryimage\"},\"image\":{\"@id\":\"https:\/\/lindstromgroup.com\/cz\/nasi-zakaznici\/design-pracovnich-odevu-v-retailu-rozhovor\/#primaryimage\"},\"thumbnailUrl\":\"https:\/\/d2ris6qfzcz0wn.cloudfront.net\/wp-content\/uploads\/sites\/25\/2024\/04\/lindstrom-design-pracovnich-odevu-v-retailu-rozhovor-042024-1.jpg\",\"datePublished\":\"2022-05-24T09:19:00+00:00\",\"dateModified\":\"2025-05-26T13:14:51+00:00\",\"description\":\"P\u0159e\u010dt\u011bte si rozhovor s Ond\u0159ejem \u0160\u00eddou. Co v\u0161echno m\u00e1 jako Key Account Manager v Lindstr\u00f6m na starosti?\",\"breadcrumb\":{\"@id\":\"https:\/\/lindstromgroup.com\/cz\/nasi-zakaznici\/design-pracovnich-odevu-v-retailu-rozhovor\/#breadcrumb\"},\"inLanguage\":\"cs\",\"potentialAction\":[{\"@type\":\"ReadAction\",\"target\":[\"https:\/\/lindstromgroup.com\/cz\/nasi-zakaznici\/design-pracovnich-odevu-v-retailu-rozhovor\/\"]}]},{\"@type\":\"ImageObject\",\"inLanguage\":\"cs\",\"@id\":\"https:\/\/lindstromgroup.com\/cz\/nasi-zakaznici\/design-pracovnich-odevu-v-retailu-rozhovor\/#primaryimage\",\"url\":\"https:\/\/d2ris6qfzcz0wn.cloudfront.net\/wp-content\/uploads\/sites\/25\/2024\/04\/lindstrom-design-pracovnich-odevu-v-retailu-rozhovor-042024-1.jpg\",\"contentUrl\":\"https:\/\/d2ris6qfzcz0wn.cloudfront.net\/wp-content\/uploads\/sites\/25\/2024\/04\/lindstrom-design-pracovnich-odevu-v-retailu-rozhovor-042024-1.jpg\",\"width\":1024,\"height\":768},{\"@type\":\"BreadcrumbList\",\"@id\":\"https:\/\/lindstromgroup.com\/cz\/nasi-zakaznici\/design-pracovnich-odevu-v-retailu-rozhovor\/#breadcrumb\",\"itemListElement\":[{\"@type\":\"ListItem\",\"position\":1,\"name\":\"Home\",\"item\":\"https:\/\/lindstromgroup.com\/cz\/\"},{\"@type\":\"ListItem\",\"position\":2,\"name\":\"Na\u0161i z\u00e1kazn\u00edci\",\"item\":\"https:\/\/lindstromgroup.com\/cz\/category\/nasi-zakaznici\/\"},{\"@type\":\"ListItem\",\"position\":3,\"name\":\"\u201eReprezentativn\u00ed vzhled a n\u00e1padit\u00fd design pracovn\u00edch od\u011bv\u016f je v retailu velmi d\u016fle\u017eit\u00fd\u201c, \u0159\u00edk\u00e1 Ond\u0159ej \u0160\u00edda\"}]},{\"@type\":\"WebSite\",\"@id\":\"https:\/\/lindstromgroup.com\/cz\/#website\",\"url\":\"https:\/\/lindstromgroup.com\/cz\/\",\"name\":\"Lindstr\u00f6m Czech\",\"description\":\"\",\"publisher\":{\"@id\":\"https:\/\/lindstromgroup.com\/cz\/#organization\"},\"potentialAction\":[{\"@type\":\"SearchAction\",\"target\":{\"@type\":\"EntryPoint\",\"urlTemplate\":\"https:\/\/lindstromgroup.com\/cz\/?s={search_term_string}\"},\"query-input\":{\"@type\":\"PropertyValueSpecification\",\"valueRequired\":true,\"valueName\":\"search_term_string\"}}],\"inLanguage\":\"cs\"},{\"@type\":\"Organization\",\"@id\":\"https:\/\/lindstromgroup.com\/cz\/#organization\",\"name\":\"Lindstr\u00f6m\",\"url\":\"https:\/\/lindstromgroup.com\/cz\/\",\"logo\":{\"@type\":\"ImageObject\",\"inLanguage\":\"cs\",\"@id\":\"https:\/\/lindstromgroup.com\/cz\/#\/schema\/logo\/image\/\",\"url\":\"https:\/\/d2ris6qfzcz0wn.cloudfront.net\/wp-content\/uploads\/sites\/25\/2023\/10\/Logo512.png\",\"contentUrl\":\"https:\/\/d2ris6qfzcz0wn.cloudfront.net\/wp-content\/uploads\/sites\/25\/2023\/10\/Logo512.png\",\"width\":512,\"height\":109,\"caption\":\"Lindstr\u00f6m\"},\"image\":{\"@id\":\"https:\/\/lindstromgroup.com\/cz\/#\/schema\/logo\/image\/\"}},{\"@type\":\"Person\",\"@id\":\"https:\/\/lindstromgroup.com\/cz\/#\/schema\/person\/9111900e3f15be99cf4a104112bf0bc3\",\"name\":\"Lindstr\u00f6m Group\",\"image\":{\"@type\":\"ImageObject\",\"inLanguage\":\"cs\",\"@id\":\"https:\/\/secure.gravatar.com\/avatar\/db72e9a46e0f7c5c437401114209c070c0ed0871f3f73ed82792b5cf14c95b5c?s=96&d=mm&r=g93dbf206f3a4403aba72a0da0a795367\",\"url\":\"https:\/\/secure.gravatar.com\/avatar\/db72e9a46e0f7c5c437401114209c070c0ed0871f3f73ed82792b5cf14c95b5c?s=96&d=mm&r=g\",\"contentUrl\":\"https:\/\/secure.gravatar.com\/avatar\/db72e9a46e0f7c5c437401114209c070c0ed0871f3f73ed82792b5cf14c95b5c?s=96&d=mm&r=g\",\"caption\":\"Lindstr\u00f6m Group\"}}]}<\/script>\n<!-- \/ Yoast SEO plugin. -->","yoast_head_json":{"title":"\u201eReprezentativn\u00ed vzhled a n\u00e1padit\u00fd design pracovn\u00edch od\u011bv\u016f je v retailu velmi d\u016fle\u017eit\u00fd\u201c, \u0159\u00edk\u00e1 Ond\u0159ej \u0160\u00edda - Lindstr\u00f6m Czech","description":"P\u0159e\u010dt\u011bte si rozhovor s Ond\u0159ejem \u0160\u00eddou. Co v\u0161echno m\u00e1 jako Key Account Manager v Lindstr\u00f6m na starosti?","robots":{"index":"index","follow":"follow","max-snippet":"max-snippet:-1","max-image-preview":"max-image-preview:large","max-video-preview":"max-video-preview:-1"},"og_locale":"cs_CZ","og_type":"article","og_title":"\u201eReprezentativn\u00ed vzhled a n\u00e1padit\u00fd design pracovn\u00edch od\u011bv\u016f je v retailu velmi d\u016fle\u017eit\u00fd\u201c, \u0159\u00edk\u00e1 Ond\u0159ej \u0160\u00edda - Lindstr\u00f6m Czech","og_description":"P\u0159e\u010dt\u011bte si rozhovor s Ond\u0159ejem \u0160\u00eddou. Co v\u0161echno m\u00e1 jako Key Account Manager v Lindstr\u00f6m na starosti?","og_url":"https:\/\/lindstromgroup.com\/cz\/nasi-zakaznici\/design-pracovnich-odevu-v-retailu-rozhovor\/","og_site_name":"Lindstr\u00f6m Czech","article_published_time":"2022-05-24T09:19:00+00:00","article_modified_time":"2025-05-26T13:14:51+00:00","og_image":[{"width":1024,"height":768,"url":"https:\/\/lindstrom-sites.s3.eu-north-1.amazonaws.com\/wp-content\/uploads\/sites\/25\/2024\/04\/lindstrom-design-pracovnich-odevu-v-retailu-rozhovor-042024-1.jpg","type":"image\/jpeg"}],"author":"Lindstr\u00f6m Group","twitter_card":"summary_large_image","twitter_misc":{"Napsal(a)":"Lindstr\u00f6m Group","Odhadovan\u00e1 doba \u010dten\u00ed":"6 minut","Written by":"Lindstr\u00f6m Group"},"schema":{"@context":"https:\/\/schema.org","@graph":[{"@type":"Article","@id":"https:\/\/lindstromgroup.com\/cz\/nasi-zakaznici\/design-pracovnich-odevu-v-retailu-rozhovor\/#article","isPartOf":{"@id":"https:\/\/lindstromgroup.com\/cz\/nasi-zakaznici\/design-pracovnich-odevu-v-retailu-rozhovor\/"},"author":{"name":"Lindstr\u00f6m Group","@id":"https:\/\/lindstromgroup.com\/cz\/#\/schema\/person\/9111900e3f15be99cf4a104112bf0bc3"},"headline":"\u201eReprezentativn\u00ed vzhled a n\u00e1padit\u00fd design pracovn\u00edch od\u011bv\u016f je v retailu velmi d\u016fle\u017eit\u00fd\u201c, \u0159\u00edk\u00e1 Ond\u0159ej \u0160\u00edda","datePublished":"2022-05-24T09:19:00+00:00","dateModified":"2025-05-26T13:14:51+00:00","mainEntityOfPage":{"@id":"https:\/\/lindstromgroup.com\/cz\/nasi-zakaznici\/design-pracovnich-odevu-v-retailu-rozhovor\/"},"wordCount":1294,"publisher":{"@id":"https:\/\/lindstromgroup.com\/cz\/#organization"},"image":{"@id":"https:\/\/lindstromgroup.com\/cz\/nasi-zakaznici\/design-pracovnich-odevu-v-retailu-rozhovor\/#primaryimage"},"thumbnailUrl":"https:\/\/d2ris6qfzcz0wn.cloudfront.net\/wp-content\/uploads\/sites\/25\/2024\/04\/lindstrom-design-pracovnich-odevu-v-retailu-rozhovor-042024-1.jpg","keywords":["#hygiena","#pracovniodevy","#zkusenostizakazniku"],"articleSection":["Na\u0161i z\u00e1kazn\u00edci"],"inLanguage":"cs"},{"@type":"WebPage","@id":"https:\/\/lindstromgroup.com\/cz\/nasi-zakaznici\/design-pracovnich-odevu-v-retailu-rozhovor\/","url":"https:\/\/lindstromgroup.com\/cz\/nasi-zakaznici\/design-pracovnich-odevu-v-retailu-rozhovor\/","name":"\u201eReprezentativn\u00ed vzhled a n\u00e1padit\u00fd design pracovn\u00edch od\u011bv\u016f je v retailu velmi d\u016fle\u017eit\u00fd\u201c, \u0159\u00edk\u00e1 Ond\u0159ej \u0160\u00edda - Lindstr\u00f6m Czech","isPartOf":{"@id":"https:\/\/lindstromgroup.com\/cz\/#website"},"primaryImageOfPage":{"@id":"https:\/\/lindstromgroup.com\/cz\/nasi-zakaznici\/design-pracovnich-odevu-v-retailu-rozhovor\/#primaryimage"},"image":{"@id":"https:\/\/lindstromgroup.com\/cz\/nasi-zakaznici\/design-pracovnich-odevu-v-retailu-rozhovor\/#primaryimage"},"thumbnailUrl":"https:\/\/d2ris6qfzcz0wn.cloudfront.net\/wp-content\/uploads\/sites\/25\/2024\/04\/lindstrom-design-pracovnich-odevu-v-retailu-rozhovor-042024-1.jpg","datePublished":"2022-05-24T09:19:00+00:00","dateModified":"2025-05-26T13:14:51+00:00","description":"P\u0159e\u010dt\u011bte si rozhovor s Ond\u0159ejem \u0160\u00eddou. Co v\u0161echno m\u00e1 jako Key Account Manager v Lindstr\u00f6m na starosti?","breadcrumb":{"@id":"https:\/\/lindstromgroup.com\/cz\/nasi-zakaznici\/design-pracovnich-odevu-v-retailu-rozhovor\/#breadcrumb"},"inLanguage":"cs","potentialAction":[{"@type":"ReadAction","target":["https:\/\/lindstromgroup.com\/cz\/nasi-zakaznici\/design-pracovnich-odevu-v-retailu-rozhovor\/"]}]},{"@type":"ImageObject","inLanguage":"cs","@id":"https:\/\/lindstromgroup.com\/cz\/nasi-zakaznici\/design-pracovnich-odevu-v-retailu-rozhovor\/#primaryimage","url":"https:\/\/d2ris6qfzcz0wn.cloudfront.net\/wp-content\/uploads\/sites\/25\/2024\/04\/lindstrom-design-pracovnich-odevu-v-retailu-rozhovor-042024-1.jpg","contentUrl":"https:\/\/d2ris6qfzcz0wn.cloudfront.net\/wp-content\/uploads\/sites\/25\/2024\/04\/lindstrom-design-pracovnich-odevu-v-retailu-rozhovor-042024-1.jpg","width":1024,"height":768},{"@type":"BreadcrumbList","@id":"https:\/\/lindstromgroup.com\/cz\/nasi-zakaznici\/design-pracovnich-odevu-v-retailu-rozhovor\/#breadcrumb","itemListElement":[{"@type":"ListItem","position":1,"name":"Home","item":"https:\/\/lindstromgroup.com\/cz\/"},{"@type":"ListItem","position":2,"name":"Na\u0161i z\u00e1kazn\u00edci","item":"https:\/\/lindstromgroup.com\/cz\/category\/nasi-zakaznici\/"},{"@type":"ListItem","position":3,"name":"\u201eReprezentativn\u00ed vzhled a n\u00e1padit\u00fd design pracovn\u00edch od\u011bv\u016f je v retailu velmi d\u016fle\u017eit\u00fd\u201c, \u0159\u00edk\u00e1 Ond\u0159ej \u0160\u00edda"}]},{"@type":"WebSite","@id":"https:\/\/lindstromgroup.com\/cz\/#website","url":"https:\/\/lindstromgroup.com\/cz\/","name":"Lindstr\u00f6m Czech","description":"","publisher":{"@id":"https:\/\/lindstromgroup.com\/cz\/#organization"},"potentialAction":[{"@type":"SearchAction","target":{"@type":"EntryPoint","urlTemplate":"https:\/\/lindstromgroup.com\/cz\/?s={search_term_string}"},"query-input":{"@type":"PropertyValueSpecification","valueRequired":true,"valueName":"search_term_string"}}],"inLanguage":"cs"},{"@type":"Organization","@id":"https:\/\/lindstromgroup.com\/cz\/#organization","name":"Lindstr\u00f6m","url":"https:\/\/lindstromgroup.com\/cz\/","logo":{"@type":"ImageObject","inLanguage":"cs","@id":"https:\/\/lindstromgroup.com\/cz\/#\/schema\/logo\/image\/","url":"https:\/\/d2ris6qfzcz0wn.cloudfront.net\/wp-content\/uploads\/sites\/25\/2023\/10\/Logo512.png","contentUrl":"https:\/\/d2ris6qfzcz0wn.cloudfront.net\/wp-content\/uploads\/sites\/25\/2023\/10\/Logo512.png","width":512,"height":109,"caption":"Lindstr\u00f6m"},"image":{"@id":"https:\/\/lindstromgroup.com\/cz\/#\/schema\/logo\/image\/"}},{"@type":"Person","@id":"https:\/\/lindstromgroup.com\/cz\/#\/schema\/person\/9111900e3f15be99cf4a104112bf0bc3","name":"Lindstr\u00f6m Group","image":{"@type":"ImageObject","inLanguage":"cs","@id":"https:\/\/secure.gravatar.com\/avatar\/db72e9a46e0f7c5c437401114209c070c0ed0871f3f73ed82792b5cf14c95b5c?s=96&d=mm&r=g93dbf206f3a4403aba72a0da0a795367","url":"https:\/\/secure.gravatar.com\/avatar\/db72e9a46e0f7c5c437401114209c070c0ed0871f3f73ed82792b5cf14c95b5c?s=96&d=mm&r=g","contentUrl":"https:\/\/secure.gravatar.com\/avatar\/db72e9a46e0f7c5c437401114209c070c0ed0871f3f73ed82792b5cf14c95b5c?s=96&d=mm&r=g","caption":"Lindstr\u00f6m Group"}}]}},"publishpress_future_workflow_manual_trigger":{"enabledWorkflows":[]},"distributor_meta":false,"distributor_terms":false,"distributor_media":false,"distributor_original_site_name":"Lindstr\u00f6m Czech","distributor_original_site_url":"https:\/\/lindstromgroup.com\/cz","push-errors":false,"_links":{"self":[{"href":"https:\/\/lindstromgroup.com\/cz\/wp-json\/wp\/v2\/posts\/17835","targetHints":{"allow":["GET"]}}],"collection":[{"href":"https:\/\/lindstromgroup.com\/cz\/wp-json\/wp\/v2\/posts"}],"about":[{"href":"https:\/\/lindstromgroup.com\/cz\/wp-json\/wp\/v2\/types\/post"}],"author":[{"embeddable":true,"href":"https:\/\/lindstromgroup.com\/cz\/wp-json\/wp\/v2\/users\/14"}],"replies":[{"embeddable":true,"href":"https:\/\/lindstromgroup.com\/cz\/wp-json\/wp\/v2\/comments?post=17835"}],"version-history":[{"count":0,"href":"https:\/\/lindstromgroup.com\/cz\/wp-json\/wp\/v2\/posts\/17835\/revisions"}],"wp:featuredmedia":[{"embeddable":true,"href":"https:\/\/lindstromgroup.com\/cz\/wp-json\/wp\/v2\/media\/17836"}],"wp:attachment":[{"href":"https:\/\/lindstromgroup.com\/cz\/wp-json\/wp\/v2\/media?parent=17835"}],"wp:term":[{"taxonomy":"category","embeddable":true,"href":"https:\/\/lindstromgroup.com\/cz\/wp-json\/wp\/v2\/categories?post=17835"},{"taxonomy":"post_tag","embeddable":true,"href":"https:\/\/lindstromgroup.com\/cz\/wp-json\/wp\/v2\/tags?post=17835"},{"taxonomy":"author","embeddable":true,"href":"https:\/\/lindstromgroup.com\/cz\/wp-json\/wp\/v2\/coauthors?post=17835"}],"curies":[{"name":"wp","href":"https:\/\/api.w.org\/{rel}","templated":true}]}}