
    {"id":17833,"date":"2022-04-29T10:14:00","date_gmt":"2022-04-29T09:14:00","guid":{"rendered":"https:\/\/lindstromgroup.com\/cz\/?p=17833"},"modified":"2025-05-26T13:41:30","modified_gmt":"2025-05-26T12:41:30","slug":"jak-prodlouzit-zivotnost-pracovnich-odevu","status":"publish","type":"post","link":"https:\/\/lindstromgroup.com\/cz\/article\/jak-prodlouzit-zivotnost-pracovnich-odevu\/","title":{"rendered":"Jak prodlou\u017eit \u017eivotnost pracovn\u00edch od\u011bv\u016f"},"content":{"rendered":"\n<p>Problematice pracovn\u00edch od\u011bv\u016f se firmy v\u011bnuj\u00ed \u010d\u00edm d\u00e1l v\u00edce a d\u016fkladn\u011bji hned z n\u011bkolika d\u016fvod\u016f. V r\u016fzn\u00fdch odv\u011btv\u00edch bude po\u0159ad\u00ed d\u016fle\u017eitosti rozd\u00edln\u00e9, ale v podstat\u011b se v\u017edy jedn\u00e1 o tato t\u00e9mata: ochrana zam\u011bstnanc\u016f p\u0159ed nebezpe\u010d\u00edm, ochrana v\u00fdroby p\u0159ed bezpe\u010dnostn\u00edmi a hygienick\u00fdmi riziky, reprezentace spole\u010dnosti v slu\u0161iv\u00fdch uniform\u00e1ch, <a href=\"https:\/\/lindstromgroup.com\/cz\/article\/cena-pracovniho-obleceni\/\">\u00faspora finan\u010dn\u00edch prost\u0159edk\u016f<\/a> p\u0159i profesion\u00e1ln\u00ed p\u00e9\u010di o pracovn\u00ed oble\u010den\u00ed a st\u00e1le nal\u00e9hav\u011bj\u0161\u00ed snaha o udr\u017eitelnost.<\/p>\n\n\n\n<h2 class=\"wp-block-heading\">Specifick\u00e9 pracovn\u00ed od\u011bvy a mont\u00e9rky pro konkr\u00e9tn\u00ed firmu<\/h2>\n\n\n\n<p>Ka\u017ed\u00e1 pr\u00e1ce vy\u017eaduje ur\u010dit\u00e9 podm\u00ednky dan\u00e9 ze z\u00e1kona. V n\u011bkter\u00fdch oborech je nutn\u00e9 vybavit zam\u011bstnance <a href=\"https:\/\/lindstromgroup.com\/cz\/article\/pravidla-pro-bezpecnost-prace-pracovni-odevy\/\"><strong>bezpe\u010dnostn\u00edmi pracovn\u00edmi od\u011bvy<\/strong><\/a> ze speci\u00e1ln\u00ed tkaniny, o kter\u00e9 je pak t\u0159eba profesion\u00e1ln\u011b pe\u010dovat, aby plnily sv\u016fj \u00fa\u010del. Nap\u0159\u00edklad sv\u00e1\u0159e\u010di pot\u0159ebuj\u00ed <a href=\"https:\/\/lindstromgroup.com\/cz\/servisni-sluzby\/pronajem-pracovnich-odevu\/antistaticke-pracovni-odevy-odolne-proti-plameni\/\">ohnivzdorn\u00fd pracovn\u00ed od\u011bv<\/a>, d\u011bln\u00edci na <a href=\"https:\/\/www.poptavkystavebnichpraci.cz\/\" target=\"_blank\" rel=\"noopener\">stavb\u011b<\/a> pot\u0159ebuj\u00ed <a href=\"https:\/\/lindstromgroup.com\/cz\/servisni-sluzby\/pronajem-pracovnich-odevu\/reflexni-pracovni-odevy\/\">b\u00fdt dob\u0159e vid\u011bt<\/a>, <a href=\"https:\/\/lindstromgroup.com\/cz\/servisni-sluzby\/pronajem-pracovnich-odevu\/pro-vyrobu-potravin\/\">potravin\u00e1\u0159i<\/a> pot\u0159ebuj\u00ed oble\u010den\u00ed, kter\u00e9 odpov\u00edd\u00e1 p\u0159\u00edsn\u00fdm hygienick\u00fdm norm\u00e1m.<\/p>\n\n\n\n<figure class=\"wp-block-image size-large alignnone\"><img decoding=\"async\" width=\"1024\" height=\"683\" src=\"https:\/\/d2ris6qfzcz0wn.cloudfront.net\/wp-content\/uploads\/sites\/25\/2024\/05\/Lindstrom_PR_s-19-1024x683.jpg\" alt=\"\" class=\"wp-image-18507\" srcset=\"https:\/\/d2ris6qfzcz0wn.cloudfront.net\/wp-content\/uploads\/sites\/25\/2024\/05\/Lindstrom_PR_s-19-1024x683.jpg 1024w, https:\/\/d2ris6qfzcz0wn.cloudfront.net\/wp-content\/uploads\/sites\/25\/2024\/05\/Lindstrom_PR_s-19-300x200.jpg 300w, https:\/\/d2ris6qfzcz0wn.cloudfront.net\/wp-content\/uploads\/sites\/25\/2024\/05\/Lindstrom_PR_s-19-768x512.jpg 768w, https:\/\/d2ris6qfzcz0wn.cloudfront.net\/wp-content\/uploads\/sites\/25\/2024\/05\/Lindstrom_PR_s-19.jpg 1500w\" sizes=\"(max-width: 1024px) 100vw, 1024px\" \/><figcaption class=\"wp-element-caption\"><em>Obr\u00e1zek: Speci\u00e1ln\u00ed ochrann\u00e9 pracovn\u00ed od\u011bvy vy\u017eaduj\u00ed zvl\u00e1\u0161tn\u00ed p\u00e9\u010di.<\/em><\/figcaption><\/figure>\n\n\n\n<p>Problematiku upravuje na\u0159\u00edzen\u00ed vl\u00e1dy \u010d. 495\/2001 Sb. V p\u0159\u00edpad\u011b, \u017ee pracovn\u00ed od\u011bv spad\u00e1 do <strong>ochrann\u00fdch pracovn\u00edch prost\u0159edk\u016f<\/strong>, m\u00e1te jako zam\u011bstnavatel povinnost od\u011bv uhradit a pokud ztrat\u00ed svoje ochrann\u00e9 vlastnosti, mus\u00edte zajistit v\u00fdm\u011bnu po\u0161kozen\u00e9ho pracovn\u00edho oble\u010den\u00ed za nov\u00e9. Spr\u00e1vn\u00fd v\u00fdb\u011br kvalitn\u00edho pracovn\u00edho od\u011bvu a n\u00e1sledn\u00e1 p\u00e9\u010de o n\u011bj v\u00e1m m\u016f\u017ee zaru\u010dit \u0159adu let jeho bezchybn\u00e9ho u\u017e\u00edv\u00e1n\u00ed.<\/p>\n\n\n\n<p>M\u00e1me pro v\u00e1s n\u011bkolik tip\u016f, d\u00edky kter\u00fdm prodlou\u017e\u00edte \u017eivotnost pracovn\u00edm od\u011bv\u016fm va\u0161ich zam\u011bstnanc\u016f.<\/p>\n\n\n\n<h2 class=\"wp-block-heading\">Pracovn\u00ed od\u011bvy z kvalitn\u00edch materi\u00e1l\u016f maj\u00ed del\u0161\u00ed \u017eivotnost<\/h2>\n\n\n\n<p>Vyb\u00edrejte kvalitn\u00ed materi\u00e1ly, kter\u00e9 si udr\u017e\u00ed dlouhou dobu p\u0159i spr\u00e1vn\u00e9 p\u00e9\u010di sv\u00e9 vlastnosti jako neho\u0159lavost, viditelnost reflexn\u00edch prvk\u016f, st\u00e1lost barev, prodlou\u017eenou \u017eivotnost atd. Stejn\u011b d\u016fle\u017eit\u00e9 jako kvalitn\u00ed l\u00e1tky jsou u pracovn\u00edch od\u011bv\u016f i dal\u0161\u00ed nezbytn\u00e9 dopl\u0148ky \u2013 zipy, knofl\u00edky, patenty, nit\u011b, kter\u00e9 dr\u017e\u00ed v\u017edy v\u0161e na sv\u00e9m m\u00edst\u011b a nesm\u00ed \u010dlov\u011bka p\u0159i pr\u00e1ci zradit.<\/p>\n\n\n\n<p><strong>Pr\u016fm\u011brn\u00e1 \u017eivotnost pracovn\u00edch od\u011bv\u016f<\/strong> nebo to, jak \u010dasto je t\u0159eba je pr\u00e1t, hraje z\u00e1sadn\u00ed roli p\u0159i rozhodov\u00e1n\u00ed, zda si pracovn\u00ed od\u011bvy koupit, nebo pronajmout. Pro v\u011bt\u0161inu spole\u010dnost\u00ed p\u0159edstavuje n\u00e1kup a \u00fadr\u017eba pracovn\u00edch od\u011bv\u016f n\u00e1klady, kter\u00e9 v\u00fdrazn\u011b p\u0159ekra\u010duj\u00ed jejich pl\u00e1novan\u00fd rozpo\u010det.<\/p>\n\n\n\n<h2 class=\"wp-block-heading\">Pron\u00e1jem pracovn\u00edch od\u011bv\u016f sn\u00ed\u017e\u00ed va\u0161e n\u00e1klady<\/h2>\n\n\n\n<p>Sv\u00e9 n\u00e1klady tedy sn\u00ed\u017e\u00edte, kdy\u017e si pracovn\u00ed od\u011bvy pronajmete. Ve spole\u010dnosti Lindstr\u00f6m v\u00e1m nejen navrhneme a dod\u00e1me kvalitn\u00ed pracovn\u00ed oble\u010den\u00ed spl\u0148uj\u00edc\u00ed <strong>p\u0159\u00edsn\u00e9 hygienick\u00e9 a bezpe\u010dnostn\u00ed normy<\/strong>, ale usnadn\u00edme v\u00e1m i pr\u00e1ci s v\u00fdb\u011brem a \u00fadr\u017ebou od\u011bv\u016f. Pom\u016f\u017eeme v\u00e1m s ur\u010den\u00edm optim\u00e1ln\u00edho mno\u017estv\u00ed uniforem jednotliv\u00fdch velikost\u00ed a st\u0159ih\u016f nebo se stanoven\u00edm ide\u00e1ln\u00edch interval\u016f pran\u00ed. Vy se tak nemus\u00edte v\u016fbec o nic starat, my budeme va\u0161im zam\u011bstnanc\u016fm pravideln\u011b dod\u00e1vat \u010dist\u00e9 pracovn\u00ed uniformy a\u017e do jejich sk\u0159\u00ed\u0148ky.<\/p>\n\n\n\n<figure class=\"wp-block-image size-large alignnone\"><img decoding=\"async\" width=\"1024\" height=\"684\" src=\"https:\/\/d2ris6qfzcz0wn.cloudfront.net\/wp-content\/uploads\/sites\/25\/2021\/11\/022_Lindstrom_Tyovaate_hires-1024x684.jpg\" alt=\"\" class=\"wp-image-18408\" style=\"aspect-ratio:1;object-fit:cover\" srcset=\"https:\/\/d2ris6qfzcz0wn.cloudfront.net\/wp-content\/uploads\/sites\/25\/2021\/11\/022_Lindstrom_Tyovaate_hires-1024x684.jpg 1024w, https:\/\/d2ris6qfzcz0wn.cloudfront.net\/wp-content\/uploads\/sites\/25\/2021\/11\/022_Lindstrom_Tyovaate_hires-300x200.jpg 300w, https:\/\/d2ris6qfzcz0wn.cloudfront.net\/wp-content\/uploads\/sites\/25\/2021\/11\/022_Lindstrom_Tyovaate_hires-768x513.jpg 768w, https:\/\/d2ris6qfzcz0wn.cloudfront.net\/wp-content\/uploads\/sites\/25\/2021\/11\/022_Lindstrom_Tyovaate_hires-1536x1025.jpg 1536w, https:\/\/d2ris6qfzcz0wn.cloudfront.net\/wp-content\/uploads\/sites\/25\/2021\/11\/022_Lindstrom_Tyovaate_hires.jpg 2048w\" sizes=\"(max-width: 1024px) 100vw, 1024px\" \/><figcaption class=\"wp-element-caption\"><em>Obr\u00e1zek: Slu\u0161iv\u00e9 a v\u017edy hygienicky \u010dist\u00e9 pracovn\u00ed oble\u010den\u00ed.<\/em><\/figcaption><\/figure>\n\n\n\n<h2 class=\"wp-block-heading\">\u00dadr\u017ebu pracovn\u00edch od\u011bv\u016f sv\u011b\u0159te profesion\u00e1l\u016fm<\/h2>\n\n\n\n<p>Slu\u017eba pron\u00e1jmu a \u00fadr\u017eby pracovn\u00edch od\u011bv\u016f je z dlouhodob\u00e9ho hlediska cenov\u011b v\u00fdhodn\u011bj\u0161\u00ed \u0159e\u0161en\u00ed ne\u017e n\u00e1kup od\u011bv\u016f. Tak\u00e9 \u0161et\u0159\u00ed v\u00e1\u0161 \u010das na pl\u00e1nov\u00e1n\u00ed, inventury a optimalizaci pomoc\u00ed online sledov\u00e1n\u00ed jednotliv\u00fdch kus\u016f od\u011bv\u016f, kter\u00e9 v sob\u011b maj\u00ed sledovac\u00ed \u010dip.<\/p>\n\n\n\n<p>Pracovn\u00ed od\u011bvy samoz\u0159ejm\u011b vy\u017eaduj\u00ed pravideln\u00e9 pran\u00ed a p\u0159\u00edpadn\u011b i chemick\u00e9 \u010di\u0161t\u011bn\u00ed. Nevhodnou \u00fadr\u017ebou mohou <strong>speci\u00e1ln\u00ed pracovn\u00ed od\u011bvy<\/strong> ztratit svou funk\u010dnost. Pozornost proto v\u011bnujte zp\u016fsobu \u010di\u0161t\u011bn\u00ed konkr\u00e9tn\u00edch svr\u0161k\u016f, jako jsou reflexn\u00ed vesty a bundy. N\u011bkter\u00e9 kusy oble\u010den\u00ed s povrchovou \u00fapravou dokonce nelze pr\u00e1t v dom\u00e1c\u00edm prost\u0159ed\u00ed, mus\u00edte je proto sv\u011b\u0159it k vy\u010di\u0161t\u011bn\u00ed p\u0159\u00edmo profesion\u00e1l\u016fm.<\/p>\n\n\n\n<h2 class=\"wp-block-heading\">Po\u0161kozen\u00e9 pracovn\u00ed od\u011bvy opravujte<\/h2>\n\n\n\n<p>Ka\u017ed\u00fd kus pracovn\u00edho od\u011bvu vy\u017eaduje jinou p\u00e9\u010di. Oby\u010dejn\u00e1 flanelov\u00e1 ko\u0161ile nebo tri\u010dko jist\u011b nejsou tak n\u00e1ro\u010dn\u00e9 na pran\u00ed jako neho\u0159lav\u00fd oblek s povrchovou impregnac\u00ed. K t\u011b\u017ek\u00e9 pr\u00e1ci pat\u0159\u00ed i situace, kdy se poda\u0159\u00ed si od\u011bv prop\u00e1lit nebo natrhnout. Ani s men\u0161\u00edm po\u0161kozen\u00edm od\u011bvu neot\u00e1lejte a rovnou zajist\u011bte jeho opravu, aby mohl <strong>je\u0161t\u011b d\u00e1l slou\u017eit a vy jste p\u0159isp\u011bli k udr\u017eitelnosti (zero waste)<\/strong>.<\/p>\n\n\n\n<figure class=\"wp-block-image size-large alignnone\"><img decoding=\"async\" width=\"1024\" height=\"683\" src=\"https:\/\/d2ris6qfzcz0wn.cloudfront.net\/wp-content\/uploads\/sites\/25\/2024\/05\/Lindstrom_PR_s-79-1024x683.jpg\" alt=\"\" class=\"wp-image-18509\" srcset=\"https:\/\/d2ris6qfzcz0wn.cloudfront.net\/wp-content\/uploads\/sites\/25\/2024\/05\/Lindstrom_PR_s-79-1024x683.jpg 1024w, https:\/\/d2ris6qfzcz0wn.cloudfront.net\/wp-content\/uploads\/sites\/25\/2024\/05\/Lindstrom_PR_s-79-300x200.jpg 300w, https:\/\/d2ris6qfzcz0wn.cloudfront.net\/wp-content\/uploads\/sites\/25\/2024\/05\/Lindstrom_PR_s-79-768x512.jpg 768w, https:\/\/d2ris6qfzcz0wn.cloudfront.net\/wp-content\/uploads\/sites\/25\/2024\/05\/Lindstrom_PR_s-79.jpg 1500w\" sizes=\"(max-width: 1024px) 100vw, 1024px\" \/><figcaption class=\"wp-element-caption\"><em>Na\u0161e slu\u017eba pron\u00e1jmu pracovn\u00edho oble\u010den\u00ed v\u00e1m pom\u016f\u017ee naplnit va\u0161e c\u00edle v oblasti recyklace a ekologie. <\/em><\/figcaption><\/figure>\n\n\n\n<h2 class=\"wp-block-heading\">Lindstr\u00f6m nab\u00edz\u00ed udr\u017eiteln\u00e1 \u0159e\u0161en\u00ed<\/h2>\n\n\n\n<p>St\u00e1le v\u00edce firem m\u00e1 snahu se zapojit do <strong>cirkul\u00e1rn\u00ed ekonomiky<\/strong> a st\u00e1le v\u00edce lid\u00ed se zaj\u00edm\u00e1 o dopady sv\u00e9 \u010dinnosti na \u017eivotn\u00ed prost\u0159ed\u00ed. <a href=\"https:\/\/lindstromgroup.com\/cz\/servisni-sluzby\/pronajem-pracovnich-odevu\/\">Pron\u00e1jem pracovn\u00edch od\u011bv\u016f<\/a> p\u0159in\u00e1\u0161\u00ed \u0159adu v\u00fdhod: krom\u011b u\u0161et\u0159en\u00e9ho \u010dasu a pen\u011bz se jedn\u00e1 o udr\u017eiteln\u00fd p\u0159\u00edstup a jistotu kvalitn\u00edch pracovn\u00edch od\u011bv\u016f, je\u017e spl\u0148uj\u00ed hygienick\u00e9 p\u0159edpisy i nejvy\u0161\u0161\u00ed po\u017eadavky na bezpe\u010d\u00ed a komfort zam\u011bstnanc\u016f.<\/p>\n\n\n\n<p>Po\u017eadavkem dne\u0161n\u00ed doby je tak\u00e9 zaji\u0161t\u011bn\u00ed <strong>rozpoznateln\u00fdch reprezentativn\u00edch od\u011bv\u016f ve firemn\u00edch barv\u00e1ch a s logem firmy<\/strong>. Pracovn\u00ed oble\u010den\u00ed je do zna\u010dn\u00e9 m\u00edry vizitkou ka\u017ed\u00e9 firmy. Pokud je nav\u00edc oble\u010den\u00ed slu\u0161iv\u00e9 a pohodln\u00e9, c\u00edt\u00ed se v n\u011bm zam\u011bstnanci dob\u0159e a odv\u00e1d\u00ed lep\u0161\u00ed pracovn\u00ed v\u00fdkony.<\/p>\n\n\n\n<p>D\u016fle\u017eit\u00e9 taky je, co se s pracovn\u00edmi od\u011bvy stane, a\u017e doslou\u017e\u00ed. U n\u00e1s v Lindstr\u00f6m z nich vyrob\u00edme n\u011bco jin\u00e9ho (tzv. upcyklace) \u2013 pr\u016fmyslov\u00e9 ut\u011brky, vratn\u00e9 n\u00e1kupn\u00ed ta\u0161ky nebo \u010distic\u00ed roho\u017ee. A kdy\u017e u\u017e se nehod\u00ed v\u016fbec k ni\u010demu, <strong>ekologicky je zlikvidujeme<\/strong>.<\/p>\n","protected":false},"excerpt":{"rendered":"<p>Problematice pracovn\u00edch od\u011bv\u016f se firmy v\u011bnuj\u00ed \u010d\u00edm d\u00e1l v\u00edce a d\u016fkladn\u011bji hned z n\u011bkolika d\u016fvod\u016f. V r\u016fzn\u00fdch odv\u011btv\u00edch bude po\u0159ad\u00ed d\u016fle\u017eitosti rozd\u00edln\u00e9, ale v podstat\u011b&#8230;<\/p>\n","protected":false},"author":14,"featured_media":17834,"comment_status":"closed","ping_status":"open","sticky":false,"template":"","format":"standard","meta":{"_acf_changed":false,"inline_featured_image":false,"_eb_attr":"","site-sidebar-layout":"default","site-content-layout":"","ast-site-content-layout":"default","site-content-style":"default","site-sidebar-style":"default","ast-global-header-display":"","ast-banner-title-visibility":"","ast-main-header-display":"","ast-hfb-above-header-display":"","ast-hfb-below-header-display":"","ast-hfb-mobile-header-display":"","site-post-title":"","ast-breadcrumbs-content":"","ast-featured-img":"","footer-sml-layout":"","ast-disable-related-posts":"","theme-transparent-header-meta":"","adv-header-id-meta":"","stick-header-meta":"","header-above-stick-meta":"","header-main-stick-meta":"","header-below-stick-meta":"","astra-migrate-meta-layouts":"default","ast-page-background-enabled":"default","ast-page-background-meta":{"desktop":{"background-color":"var(--ast-global-color-4)","background-image":"","background-repeat":"repeat","background-position":"center center","background-size":"auto","background-attachment":"scroll","background-type":"","background-media":"","overlay-type":"","overlay-color":"","overlay-opacity":"","overlay-gradient":""},"tablet":{"background-color":"","background-image":"","background-repeat":"repeat","background-position":"center center","background-size":"auto","background-attachment":"scroll","background-type":"","background-media":"","overlay-type":"","overlay-color":"","overlay-opacity":"","overlay-gradient":""},"mobile":{"background-color":"","background-image":"","background-repeat":"repeat","background-position":"center center","background-size":"auto","background-attachment":"scroll","background-type":"","background-media":"","overlay-type":"","overlay-color":"","overlay-opacity":"","overlay-gradient":""}},"ast-content-background-meta":{"desktop":{"background-color":"var(--ast-global-color-5)","background-image":"","background-repeat":"repeat","background-position":"center center","background-size":"auto","background-attachment":"scroll","background-type":"","background-media":"","overlay-type":"","overlay-color":"","overlay-opacity":"","overlay-gradient":""},"tablet":{"background-color":"var(--ast-global-color-5)","background-image":"","background-repeat":"repeat","background-position":"center center","background-size":"auto","background-attachment":"scroll","background-type":"","background-media":"","overlay-type":"","overlay-color":"","overlay-opacity":"","overlay-gradient":""},"mobile":{"background-color":"var(--ast-global-color-5)","background-image":"","background-repeat":"repeat","background-position":"center center","background-size":"auto","background-attachment":"scroll","background-type":"","background-media":"","overlay-type":"","overlay-color":"","overlay-opacity":"","overlay-gradient":""}},"footnotes":""},"categories":[14],"tags":[51],"coauthors":[20],"class_list":["post-17833","post","type-post","status-publish","format-standard","has-post-thumbnail","hentry","category-article","tag-pracovniodevy"],"acf":[],"yoast_head":"<!-- This site is optimized with the Yoast SEO plugin v27.2 - https:\/\/yoast.com\/product\/yoast-seo-wordpress\/ -->\n<title>Jak prodlou\u017eit \u017eivotnost pracovn\u00edch od\u011bv\u016f - Lindstr\u00f6m Czech<\/title>\n<meta name=\"description\" content=\"M\u00e1me pro v\u00e1s n\u011bkolik tip\u016f, d\u00edky kter\u00fdm prodlou\u017e\u00edte \u017eivotnost pracovn\u00edm od\u011bv\u016fm va\u0161ich zam\u011bstnanc\u016f.\" \/>\n<meta name=\"robots\" content=\"index, follow, max-snippet:-1, max-image-preview:large, max-video-preview:-1\" \/>\n<meta property=\"og:locale\" content=\"cs_CZ\" \/>\n<meta property=\"og:type\" content=\"article\" \/>\n<meta property=\"og:title\" content=\"Jak prodlou\u017eit \u017eivotnost pracovn\u00edch od\u011bv\u016f - Lindstr\u00f6m Czech\" \/>\n<meta property=\"og:description\" content=\"M\u00e1me pro v\u00e1s n\u011bkolik tip\u016f, d\u00edky kter\u00fdm prodlou\u017e\u00edte \u017eivotnost pracovn\u00edm od\u011bv\u016fm va\u0161ich zam\u011bstnanc\u016f.\" \/>\n<meta property=\"og:url\" content=\"https:\/\/lindstromgroup.com\/cz\/article\/jak-prodlouzit-zivotnost-pracovnich-odevu\/\" \/>\n<meta property=\"og:site_name\" content=\"Lindstr\u00f6m Czech\" \/>\n<meta property=\"article:published_time\" content=\"2022-04-29T09:14:00+00:00\" \/>\n<meta property=\"article:modified_time\" content=\"2025-05-26T12:41:30+00:00\" \/>\n<meta property=\"og:image\" content=\"https:\/\/lindstrom-sites.s3.eu-north-1.amazonaws.com\/wp-content\/uploads\/sites\/25\/2024\/04\/lindstrom-jak-prodlouzit-zivotnost-pracovnich-odevu-042024-1.jpg\" \/>\n\t<meta property=\"og:image:width\" content=\"800\" \/>\n\t<meta property=\"og:image:height\" content=\"534\" \/>\n\t<meta property=\"og:image:type\" content=\"image\/jpeg\" \/>\n<meta name=\"author\" content=\"Lindstr\u00f6m Group\" \/>\n<meta name=\"twitter:card\" content=\"summary_large_image\" \/>\n<meta name=\"twitter:label1\" content=\"Napsal(a)\" \/>\n\t<meta name=\"twitter:data1\" content=\"Lindstr\u00f6m Group\" \/>\n\t<meta name=\"twitter:label2\" content=\"Odhadovan\u00e1 doba \u010dten\u00ed\" \/>\n\t<meta name=\"twitter:data2\" content=\"5 minut\" \/>\n\t<meta name=\"twitter:label3\" content=\"Written by\" \/>\n\t<meta name=\"twitter:data3\" content=\"Lindstr\u00f6m Group\" \/>\n<script type=\"application\/ld+json\" class=\"yoast-schema-graph\">{\"@context\":\"https:\/\/schema.org\",\"@graph\":[{\"@type\":\"Article\",\"@id\":\"https:\/\/lindstromgroup.com\/cz\/article\/jak-prodlouzit-zivotnost-pracovnich-odevu\/#article\",\"isPartOf\":{\"@id\":\"https:\/\/lindstromgroup.com\/cz\/article\/jak-prodlouzit-zivotnost-pracovnich-odevu\/\"},\"author\":{\"name\":\"Lindstr\u00f6m Group\",\"@id\":\"https:\/\/lindstromgroup.com\/cz\/#\/schema\/person\/9111900e3f15be99cf4a104112bf0bc3\"},\"headline\":\"Jak prodlou\u017eit \u017eivotnost pracovn\u00edch od\u011bv\u016f\",\"datePublished\":\"2022-04-29T09:14:00+00:00\",\"dateModified\":\"2025-05-26T12:41:30+00:00\",\"mainEntityOfPage\":{\"@id\":\"https:\/\/lindstromgroup.com\/cz\/article\/jak-prodlouzit-zivotnost-pracovnich-odevu\/\"},\"wordCount\":1100,\"publisher\":{\"@id\":\"https:\/\/lindstromgroup.com\/cz\/#organization\"},\"image\":{\"@id\":\"https:\/\/lindstromgroup.com\/cz\/article\/jak-prodlouzit-zivotnost-pracovnich-odevu\/#primaryimage\"},\"thumbnailUrl\":\"https:\/\/d2ris6qfzcz0wn.cloudfront.net\/wp-content\/uploads\/sites\/25\/2024\/04\/lindstrom-jak-prodlouzit-zivotnost-pracovnich-odevu-042024-1.jpg\",\"keywords\":[\"#pracovniodevy\"],\"articleSection\":[\"\u010cl\u00e1nek\"],\"inLanguage\":\"cs\"},{\"@type\":\"WebPage\",\"@id\":\"https:\/\/lindstromgroup.com\/cz\/article\/jak-prodlouzit-zivotnost-pracovnich-odevu\/\",\"url\":\"https:\/\/lindstromgroup.com\/cz\/article\/jak-prodlouzit-zivotnost-pracovnich-odevu\/\",\"name\":\"Jak prodlou\u017eit \u017eivotnost pracovn\u00edch od\u011bv\u016f - Lindstr\u00f6m Czech\",\"isPartOf\":{\"@id\":\"https:\/\/lindstromgroup.com\/cz\/#website\"},\"primaryImageOfPage\":{\"@id\":\"https:\/\/lindstromgroup.com\/cz\/article\/jak-prodlouzit-zivotnost-pracovnich-odevu\/#primaryimage\"},\"image\":{\"@id\":\"https:\/\/lindstromgroup.com\/cz\/article\/jak-prodlouzit-zivotnost-pracovnich-odevu\/#primaryimage\"},\"thumbnailUrl\":\"https:\/\/d2ris6qfzcz0wn.cloudfront.net\/wp-content\/uploads\/sites\/25\/2024\/04\/lindstrom-jak-prodlouzit-zivotnost-pracovnich-odevu-042024-1.jpg\",\"datePublished\":\"2022-04-29T09:14:00+00:00\",\"dateModified\":\"2025-05-26T12:41:30+00:00\",\"description\":\"M\u00e1me pro v\u00e1s n\u011bkolik tip\u016f, d\u00edky kter\u00fdm prodlou\u017e\u00edte \u017eivotnost pracovn\u00edm od\u011bv\u016fm va\u0161ich zam\u011bstnanc\u016f.\",\"breadcrumb\":{\"@id\":\"https:\/\/lindstromgroup.com\/cz\/article\/jak-prodlouzit-zivotnost-pracovnich-odevu\/#breadcrumb\"},\"inLanguage\":\"cs\",\"potentialAction\":[{\"@type\":\"ReadAction\",\"target\":[\"https:\/\/lindstromgroup.com\/cz\/article\/jak-prodlouzit-zivotnost-pracovnich-odevu\/\"]}]},{\"@type\":\"ImageObject\",\"inLanguage\":\"cs\",\"@id\":\"https:\/\/lindstromgroup.com\/cz\/article\/jak-prodlouzit-zivotnost-pracovnich-odevu\/#primaryimage\",\"url\":\"https:\/\/d2ris6qfzcz0wn.cloudfront.net\/wp-content\/uploads\/sites\/25\/2024\/04\/lindstrom-jak-prodlouzit-zivotnost-pracovnich-odevu-042024-1.jpg\",\"contentUrl\":\"https:\/\/d2ris6qfzcz0wn.cloudfront.net\/wp-content\/uploads\/sites\/25\/2024\/04\/lindstrom-jak-prodlouzit-zivotnost-pracovnich-odevu-042024-1.jpg\",\"width\":800,\"height\":534},{\"@type\":\"BreadcrumbList\",\"@id\":\"https:\/\/lindstromgroup.com\/cz\/article\/jak-prodlouzit-zivotnost-pracovnich-odevu\/#breadcrumb\",\"itemListElement\":[{\"@type\":\"ListItem\",\"position\":1,\"name\":\"Home\",\"item\":\"https:\/\/lindstromgroup.com\/cz\/\"},{\"@type\":\"ListItem\",\"position\":2,\"name\":\"\u010cl\u00e1nek\",\"item\":\"https:\/\/lindstromgroup.com\/cz\/category\/article\/\"},{\"@type\":\"ListItem\",\"position\":3,\"name\":\"Jak prodlou\u017eit \u017eivotnost pracovn\u00edch od\u011bv\u016f\"}]},{\"@type\":\"WebSite\",\"@id\":\"https:\/\/lindstromgroup.com\/cz\/#website\",\"url\":\"https:\/\/lindstromgroup.com\/cz\/\",\"name\":\"Lindstr\u00f6m Czech\",\"description\":\"\",\"publisher\":{\"@id\":\"https:\/\/lindstromgroup.com\/cz\/#organization\"},\"potentialAction\":[{\"@type\":\"SearchAction\",\"target\":{\"@type\":\"EntryPoint\",\"urlTemplate\":\"https:\/\/lindstromgroup.com\/cz\/?s={search_term_string}\"},\"query-input\":{\"@type\":\"PropertyValueSpecification\",\"valueRequired\":true,\"valueName\":\"search_term_string\"}}],\"inLanguage\":\"cs\"},{\"@type\":\"Organization\",\"@id\":\"https:\/\/lindstromgroup.com\/cz\/#organization\",\"name\":\"Lindstr\u00f6m\",\"url\":\"https:\/\/lindstromgroup.com\/cz\/\",\"logo\":{\"@type\":\"ImageObject\",\"inLanguage\":\"cs\",\"@id\":\"https:\/\/lindstromgroup.com\/cz\/#\/schema\/logo\/image\/\",\"url\":\"https:\/\/d2ris6qfzcz0wn.cloudfront.net\/wp-content\/uploads\/sites\/25\/2023\/10\/Logo512.png\",\"contentUrl\":\"https:\/\/d2ris6qfzcz0wn.cloudfront.net\/wp-content\/uploads\/sites\/25\/2023\/10\/Logo512.png\",\"width\":512,\"height\":109,\"caption\":\"Lindstr\u00f6m\"},\"image\":{\"@id\":\"https:\/\/lindstromgroup.com\/cz\/#\/schema\/logo\/image\/\"}},{\"@type\":\"Person\",\"@id\":\"https:\/\/lindstromgroup.com\/cz\/#\/schema\/person\/9111900e3f15be99cf4a104112bf0bc3\",\"name\":\"Lindstr\u00f6m Group\",\"image\":{\"@type\":\"ImageObject\",\"inLanguage\":\"cs\",\"@id\":\"https:\/\/secure.gravatar.com\/avatar\/db72e9a46e0f7c5c437401114209c070c0ed0871f3f73ed82792b5cf14c95b5c?s=96&d=mm&r=g93dbf206f3a4403aba72a0da0a795367\",\"url\":\"https:\/\/secure.gravatar.com\/avatar\/db72e9a46e0f7c5c437401114209c070c0ed0871f3f73ed82792b5cf14c95b5c?s=96&d=mm&r=g\",\"contentUrl\":\"https:\/\/secure.gravatar.com\/avatar\/db72e9a46e0f7c5c437401114209c070c0ed0871f3f73ed82792b5cf14c95b5c?s=96&d=mm&r=g\",\"caption\":\"Lindstr\u00f6m Group\"}}]}<\/script>\n<!-- \/ Yoast SEO plugin. -->","yoast_head_json":{"title":"Jak prodlou\u017eit \u017eivotnost pracovn\u00edch od\u011bv\u016f - Lindstr\u00f6m Czech","description":"M\u00e1me pro v\u00e1s n\u011bkolik tip\u016f, d\u00edky kter\u00fdm prodlou\u017e\u00edte \u017eivotnost pracovn\u00edm od\u011bv\u016fm va\u0161ich zam\u011bstnanc\u016f.","robots":{"index":"index","follow":"follow","max-snippet":"max-snippet:-1","max-image-preview":"max-image-preview:large","max-video-preview":"max-video-preview:-1"},"og_locale":"cs_CZ","og_type":"article","og_title":"Jak prodlou\u017eit \u017eivotnost pracovn\u00edch od\u011bv\u016f - Lindstr\u00f6m Czech","og_description":"M\u00e1me pro v\u00e1s n\u011bkolik tip\u016f, d\u00edky kter\u00fdm prodlou\u017e\u00edte \u017eivotnost pracovn\u00edm od\u011bv\u016fm va\u0161ich zam\u011bstnanc\u016f.","og_url":"https:\/\/lindstromgroup.com\/cz\/article\/jak-prodlouzit-zivotnost-pracovnich-odevu\/","og_site_name":"Lindstr\u00f6m Czech","article_published_time":"2022-04-29T09:14:00+00:00","article_modified_time":"2025-05-26T12:41:30+00:00","og_image":[{"width":800,"height":534,"url":"https:\/\/lindstrom-sites.s3.eu-north-1.amazonaws.com\/wp-content\/uploads\/sites\/25\/2024\/04\/lindstrom-jak-prodlouzit-zivotnost-pracovnich-odevu-042024-1.jpg","type":"image\/jpeg"}],"author":"Lindstr\u00f6m Group","twitter_card":"summary_large_image","twitter_misc":{"Napsal(a)":"Lindstr\u00f6m Group","Odhadovan\u00e1 doba \u010dten\u00ed":"5 minut","Written by":"Lindstr\u00f6m Group"},"schema":{"@context":"https:\/\/schema.org","@graph":[{"@type":"Article","@id":"https:\/\/lindstromgroup.com\/cz\/article\/jak-prodlouzit-zivotnost-pracovnich-odevu\/#article","isPartOf":{"@id":"https:\/\/lindstromgroup.com\/cz\/article\/jak-prodlouzit-zivotnost-pracovnich-odevu\/"},"author":{"name":"Lindstr\u00f6m Group","@id":"https:\/\/lindstromgroup.com\/cz\/#\/schema\/person\/9111900e3f15be99cf4a104112bf0bc3"},"headline":"Jak prodlou\u017eit \u017eivotnost pracovn\u00edch od\u011bv\u016f","datePublished":"2022-04-29T09:14:00+00:00","dateModified":"2025-05-26T12:41:30+00:00","mainEntityOfPage":{"@id":"https:\/\/lindstromgroup.com\/cz\/article\/jak-prodlouzit-zivotnost-pracovnich-odevu\/"},"wordCount":1100,"publisher":{"@id":"https:\/\/lindstromgroup.com\/cz\/#organization"},"image":{"@id":"https:\/\/lindstromgroup.com\/cz\/article\/jak-prodlouzit-zivotnost-pracovnich-odevu\/#primaryimage"},"thumbnailUrl":"https:\/\/d2ris6qfzcz0wn.cloudfront.net\/wp-content\/uploads\/sites\/25\/2024\/04\/lindstrom-jak-prodlouzit-zivotnost-pracovnich-odevu-042024-1.jpg","keywords":["#pracovniodevy"],"articleSection":["\u010cl\u00e1nek"],"inLanguage":"cs"},{"@type":"WebPage","@id":"https:\/\/lindstromgroup.com\/cz\/article\/jak-prodlouzit-zivotnost-pracovnich-odevu\/","url":"https:\/\/lindstromgroup.com\/cz\/article\/jak-prodlouzit-zivotnost-pracovnich-odevu\/","name":"Jak prodlou\u017eit \u017eivotnost pracovn\u00edch od\u011bv\u016f - Lindstr\u00f6m Czech","isPartOf":{"@id":"https:\/\/lindstromgroup.com\/cz\/#website"},"primaryImageOfPage":{"@id":"https:\/\/lindstromgroup.com\/cz\/article\/jak-prodlouzit-zivotnost-pracovnich-odevu\/#primaryimage"},"image":{"@id":"https:\/\/lindstromgroup.com\/cz\/article\/jak-prodlouzit-zivotnost-pracovnich-odevu\/#primaryimage"},"thumbnailUrl":"https:\/\/d2ris6qfzcz0wn.cloudfront.net\/wp-content\/uploads\/sites\/25\/2024\/04\/lindstrom-jak-prodlouzit-zivotnost-pracovnich-odevu-042024-1.jpg","datePublished":"2022-04-29T09:14:00+00:00","dateModified":"2025-05-26T12:41:30+00:00","description":"M\u00e1me pro v\u00e1s n\u011bkolik tip\u016f, d\u00edky kter\u00fdm prodlou\u017e\u00edte \u017eivotnost pracovn\u00edm od\u011bv\u016fm va\u0161ich zam\u011bstnanc\u016f.","breadcrumb":{"@id":"https:\/\/lindstromgroup.com\/cz\/article\/jak-prodlouzit-zivotnost-pracovnich-odevu\/#breadcrumb"},"inLanguage":"cs","potentialAction":[{"@type":"ReadAction","target":["https:\/\/lindstromgroup.com\/cz\/article\/jak-prodlouzit-zivotnost-pracovnich-odevu\/"]}]},{"@type":"ImageObject","inLanguage":"cs","@id":"https:\/\/lindstromgroup.com\/cz\/article\/jak-prodlouzit-zivotnost-pracovnich-odevu\/#primaryimage","url":"https:\/\/d2ris6qfzcz0wn.cloudfront.net\/wp-content\/uploads\/sites\/25\/2024\/04\/lindstrom-jak-prodlouzit-zivotnost-pracovnich-odevu-042024-1.jpg","contentUrl":"https:\/\/d2ris6qfzcz0wn.cloudfront.net\/wp-content\/uploads\/sites\/25\/2024\/04\/lindstrom-jak-prodlouzit-zivotnost-pracovnich-odevu-042024-1.jpg","width":800,"height":534},{"@type":"BreadcrumbList","@id":"https:\/\/lindstromgroup.com\/cz\/article\/jak-prodlouzit-zivotnost-pracovnich-odevu\/#breadcrumb","itemListElement":[{"@type":"ListItem","position":1,"name":"Home","item":"https:\/\/lindstromgroup.com\/cz\/"},{"@type":"ListItem","position":2,"name":"\u010cl\u00e1nek","item":"https:\/\/lindstromgroup.com\/cz\/category\/article\/"},{"@type":"ListItem","position":3,"name":"Jak prodlou\u017eit \u017eivotnost pracovn\u00edch od\u011bv\u016f"}]},{"@type":"WebSite","@id":"https:\/\/lindstromgroup.com\/cz\/#website","url":"https:\/\/lindstromgroup.com\/cz\/","name":"Lindstr\u00f6m Czech","description":"","publisher":{"@id":"https:\/\/lindstromgroup.com\/cz\/#organization"},"potentialAction":[{"@type":"SearchAction","target":{"@type":"EntryPoint","urlTemplate":"https:\/\/lindstromgroup.com\/cz\/?s={search_term_string}"},"query-input":{"@type":"PropertyValueSpecification","valueRequired":true,"valueName":"search_term_string"}}],"inLanguage":"cs"},{"@type":"Organization","@id":"https:\/\/lindstromgroup.com\/cz\/#organization","name":"Lindstr\u00f6m","url":"https:\/\/lindstromgroup.com\/cz\/","logo":{"@type":"ImageObject","inLanguage":"cs","@id":"https:\/\/lindstromgroup.com\/cz\/#\/schema\/logo\/image\/","url":"https:\/\/d2ris6qfzcz0wn.cloudfront.net\/wp-content\/uploads\/sites\/25\/2023\/10\/Logo512.png","contentUrl":"https:\/\/d2ris6qfzcz0wn.cloudfront.net\/wp-content\/uploads\/sites\/25\/2023\/10\/Logo512.png","width":512,"height":109,"caption":"Lindstr\u00f6m"},"image":{"@id":"https:\/\/lindstromgroup.com\/cz\/#\/schema\/logo\/image\/"}},{"@type":"Person","@id":"https:\/\/lindstromgroup.com\/cz\/#\/schema\/person\/9111900e3f15be99cf4a104112bf0bc3","name":"Lindstr\u00f6m Group","image":{"@type":"ImageObject","inLanguage":"cs","@id":"https:\/\/secure.gravatar.com\/avatar\/db72e9a46e0f7c5c437401114209c070c0ed0871f3f73ed82792b5cf14c95b5c?s=96&d=mm&r=g93dbf206f3a4403aba72a0da0a795367","url":"https:\/\/secure.gravatar.com\/avatar\/db72e9a46e0f7c5c437401114209c070c0ed0871f3f73ed82792b5cf14c95b5c?s=96&d=mm&r=g","contentUrl":"https:\/\/secure.gravatar.com\/avatar\/db72e9a46e0f7c5c437401114209c070c0ed0871f3f73ed82792b5cf14c95b5c?s=96&d=mm&r=g","caption":"Lindstr\u00f6m Group"}}]}},"publishpress_future_workflow_manual_trigger":{"enabledWorkflows":[]},"distributor_meta":false,"distributor_terms":false,"distributor_media":false,"distributor_original_site_name":"Lindstr\u00f6m Czech","distributor_original_site_url":"https:\/\/lindstromgroup.com\/cz","push-errors":false,"_links":{"self":[{"href":"https:\/\/lindstromgroup.com\/cz\/wp-json\/wp\/v2\/posts\/17833","targetHints":{"allow":["GET"]}}],"collection":[{"href":"https:\/\/lindstromgroup.com\/cz\/wp-json\/wp\/v2\/posts"}],"about":[{"href":"https:\/\/lindstromgroup.com\/cz\/wp-json\/wp\/v2\/types\/post"}],"author":[{"embeddable":true,"href":"https:\/\/lindstromgroup.com\/cz\/wp-json\/wp\/v2\/users\/14"}],"replies":[{"embeddable":true,"href":"https:\/\/lindstromgroup.com\/cz\/wp-json\/wp\/v2\/comments?post=17833"}],"version-history":[{"count":0,"href":"https:\/\/lindstromgroup.com\/cz\/wp-json\/wp\/v2\/posts\/17833\/revisions"}],"wp:featuredmedia":[{"embeddable":true,"href":"https:\/\/lindstromgroup.com\/cz\/wp-json\/wp\/v2\/media\/17834"}],"wp:attachment":[{"href":"https:\/\/lindstromgroup.com\/cz\/wp-json\/wp\/v2\/media?parent=17833"}],"wp:term":[{"taxonomy":"category","embeddable":true,"href":"https:\/\/lindstromgroup.com\/cz\/wp-json\/wp\/v2\/categories?post=17833"},{"taxonomy":"post_tag","embeddable":true,"href":"https:\/\/lindstromgroup.com\/cz\/wp-json\/wp\/v2\/tags?post=17833"},{"taxonomy":"author","embeddable":true,"href":"https:\/\/lindstromgroup.com\/cz\/wp-json\/wp\/v2\/coauthors?post=17833"}],"curies":[{"name":"wp","href":"https:\/\/api.w.org\/{rel}","templated":true}]}}