
    {"id":17813,"date":"2021-10-17T20:47:00","date_gmt":"2021-10-17T19:47:00","guid":{"rendered":"https:\/\/lindstromgroup.com\/cz\/?p=17813"},"modified":"2025-05-26T13:42:43","modified_gmt":"2025-05-26T12:42:43","slug":"zimni-obleceni-pro-zamestnance","status":"publish","type":"post","link":"https:\/\/lindstromgroup.com\/cz\/article\/zimni-obleceni-pro-zamestnance\/","title":{"rendered":"Sv\u011btla ub\u00fdv\u00e1, za p\u00e1r dn\u00ed za\u010dne zimn\u00ed \u010das. Jak obl\u00e9ct sv\u00e9 zam\u011bstnance?"},"content":{"rendered":"\n<p>Pro spoustu lid\u00ed je <strong>zm\u011bna \u010dasu<\/strong> velmi nep\u0159\u00edjemn\u00fdm z\u00e1sahem do jejich biorytm\u016f, kter\u00e9mu budou brzy zase \u010delit. Letos si p\u0159eto\u010d\u00edme hodinky na <strong>zimn\u00ed \u010das<\/strong> 31. \u0159\u00edjna. I kdy\u017e tyto zm\u011bny m\u011bly u\u017e skon\u010dit (p\u016fvodn\u011b v roce 2019, potom letos), st\u0159\u00edd\u00e1n\u00ed zimn\u00edho a letn\u00edho \u010dasu bude je\u0161t\u011b pokra\u010dovat nejm\u00e9n\u011b do roku 2025.<\/p>\n\n\n\n<figure class=\"wp-block-image aligncenter size-full\"><img decoding=\"async\" width=\"1024\" height=\"675\" src=\"https:\/\/d2ris6qfzcz0wn.cloudfront.net\/wp-content\/uploads\/sites\/25\/2024\/05\/lindstrom-zimni-cas-obleceni-1024x675-1.jpg\" alt=\"\" class=\"wp-image-18475\" srcset=\"https:\/\/d2ris6qfzcz0wn.cloudfront.net\/wp-content\/uploads\/sites\/25\/2024\/05\/lindstrom-zimni-cas-obleceni-1024x675-1.jpg 1024w, https:\/\/d2ris6qfzcz0wn.cloudfront.net\/wp-content\/uploads\/sites\/25\/2024\/05\/lindstrom-zimni-cas-obleceni-1024x675-1-300x198.jpg 300w, https:\/\/d2ris6qfzcz0wn.cloudfront.net\/wp-content\/uploads\/sites\/25\/2024\/05\/lindstrom-zimni-cas-obleceni-1024x675-1-768x506.jpg 768w\" sizes=\"(max-width: 1024px) 100vw, 1024px\" \/><figcaption class=\"wp-element-caption\">Obr\u00e1zek: Zimn\u00ed \u010das p\u0159in\u00e1\u0161\u00ed spoustu nep\u0159\u00edjemnost\u00ed a komplikac\u00ed.<\/figcaption><\/figure>\n\n\n\n<p>Letn\u00ed \u010das se zav\u00e1d\u011bl p\u016fvodn\u011b kv\u016fli sn\u00ed\u017een\u00ed spot\u0159eby energie. Podle podklad\u016f pro vl\u00e1du anal\u00fdzy z n\u011bkter\u00fdch st\u00e1t\u016f uk\u00e1zaly, \u017ee \u00faspory jsou ale minim\u00e1ln\u00ed. Ze zji\u0161t\u011bn\u00ed Evropsk\u00e9 komise z roku 2007 v\u011bt\u0161ina dot\u00e1zan\u00fdch unijn\u00edch zem\u00ed uv\u00e1d\u011bla, \u017ee <strong>letn\u00ed \u010das<\/strong> nem\u00e1 v\u00fdznamn\u011bj\u0161\u00ed vliv ani na zem\u011bd\u011blstv\u00ed, dopravu \u010di cestovn\u00ed ruch.<\/p>\n\n\n\n<h2 class=\"wp-block-heading\">Pro\u010d se zav\u00e1d\u011bl letn\u00ed \u010das?<\/h2>\n\n\n\n<p>Poprv\u00e9 se zav\u00e1d\u011bl <strong>letn\u00ed \u010das<\/strong> v roce 1916, v polovin\u011b prvn\u00ed sv\u011btov\u00e9 v\u00e1lky, z d\u016fvodu \u00faspor v\u00fddaj\u016f za paliva. Po v\u00e1lce byl zru\u0161en a znovu zaveden z podobn\u00fdch d\u016fvod\u016f za druh\u00e9 sv\u011btov\u00e9 v\u00e1lky. Po v\u00e1lce byl v\u0161ak op\u011bt letn\u00ed \u010das zru\u0161en. Dal\u0161\u00ed jeho zaveden\u00ed si u\u017e mnoz\u00ed pamatuj\u00ed, nastalo v obdob\u00ed energetick\u00e9 krize v roce 1979. Od roku 1996 se p\u0159izp\u016fsobil Evropsk\u00e9 unii a jeho konec se posunul na konec \u0159\u00edjna, tzn. \u017ee letn\u00ed \u010das trv\u00e1 sedm m\u011bs\u00edc\u016f a zimn\u00ed p\u011bt.<\/p>\n\n\n\n<p>Zat\u00edmco se vliv na hospod\u00e1\u0159sk\u00e9 ukazatele moc neprojevil, <strong>dopady \u010dasov\u00fdch posun\u016f<\/strong> na lidsk\u00e9 zdrav\u00ed jsou prokazateln\u00e9. P\u0159i v\u00fdzkumu biorytm\u016f p\u0159i p\u0159echodu na letn\u00ed \u010das se potvrdilo, \u017ee \u201echyb\u011bj\u00edc\u00ed hodina\u201c zp\u016fsobuje probl\u00e9my s psychickou i fyzickou v\u00fdkonnost\u00ed. Lid\u00e9 si st\u011b\u017euj\u00ed na zhor\u0161en\u00ed sp\u00e1nku, pozornosti, \u00fanavu nebo nevolnost. Konkr\u00e9tn\u011b se to projevuje i v\u011bt\u0161\u00ed nehodovost\u00ed v rann\u00edch hodin\u00e1ch. V\u00edce nehod se ale st\u00e1v\u00e1 v zimn\u00edch m\u011bs\u00edc\u00edch, kdy je za \u0161era a p\u0159i mlh\u00e1ch hor\u0161\u00ed viditelnost a lid\u00e9 jsou p\u0159i <strong>nedostatku sv\u011btla<\/strong> unaven\u011bj\u0161\u00ed.<\/p>\n\n\n\n<h2 class=\"wp-block-heading\">Jak p\u0159edch\u00e1zet nehod\u00e1m a pracovn\u00edm \u00faraz\u016fm<\/h2>\n\n\n\n<p>Nejv\u00edc jsou v zimn\u00edch m\u011bs\u00edc\u00edch ohro\u017eeni pracovn\u00edci na silnic\u00edch, na stavb\u00e1ch, z\u00e1chran\u00e1\u0159i, hasi\u010di a dal\u0161\u00ed, kte\u0159\u00ed mus\u00ed navzdory \u0161patn\u00e9mu po\u010das\u00ed a \u00fanav\u011b pracovat venku v nebezpe\u010dn\u00e9m prost\u0159ed\u00ed.<\/p>\n\n\n\n<p>Pr\u00e1ce venku v zim\u011b je z pohledu BOZP toti\u017e velice n\u00e1ro\u010dn\u00e1. Zam\u011bstnanci kv\u016fli nevhodn\u00e9mu <strong>pracovn\u00edmu oble\u010den\u00ed<\/strong> mohou nejen prochladnout, ale \u010dasto se jim ze zimy rozv\u00edj\u00ed i dal\u0161\u00ed zdravotn\u00ed probl\u00e9my, nap\u0159. s klouby \u010di dokonce omrzliny. V neposledn\u00ed \u0159ad\u011b neust\u00e1l\u00fd pocit chladu a vlhka vede ke \u0161patn\u00e9 n\u00e1lad\u011b a \u00fazkostem. <strong>V zim\u011b jsou rovn\u011b\u017e \u010dast\u011bj\u0161\u00ed pracovn\u00ed \u00farazy<\/strong>, a to zejm\u00e9na kv\u016fli sn\u00ed\u017een\u00e9 viditelnosti a kluzk\u00fdm povrch\u016fm.<\/p>\n\n\n\n<p><strong>Vybaven\u00ed pro pr\u00e1ci venku v zimn\u00edm obdob\u00ed<\/strong> by proto m\u011blo zahrnovat p\u0159edev\u0161\u00edm tepl\u00e9 a nepromokav\u00e9 pracovn\u00ed od\u011bvy, kter\u00e9 pracovn\u00edky ochr\u00e1n\u00ed p\u0159ed zimou a vlhkem: <strong>zateplen\u00e9 pracovn\u00ed kalhoty<\/strong> a tri\u010dko dopln\u00ed pracovn\u00ed mikinou a <strong>nepromokavou pracovn\u00ed reflexn\u00ed bundou<\/strong>.<\/p>\n\n\n\n<figure class=\"wp-block-image aligncenter size-full\"><img decoding=\"async\" width=\"1024\" height=\"986\" src=\"https:\/\/d2ris6qfzcz0wn.cloudfront.net\/wp-content\/uploads\/sites\/25\/2024\/05\/lindstrom-zimni-cas-obleceni-02-1024x986-1.jpg\" alt=\"\" class=\"wp-image-18476\" srcset=\"https:\/\/d2ris6qfzcz0wn.cloudfront.net\/wp-content\/uploads\/sites\/25\/2024\/05\/lindstrom-zimni-cas-obleceni-02-1024x986-1.jpg 1024w, https:\/\/d2ris6qfzcz0wn.cloudfront.net\/wp-content\/uploads\/sites\/25\/2024\/05\/lindstrom-zimni-cas-obleceni-02-1024x986-1-300x289.jpg 300w, https:\/\/d2ris6qfzcz0wn.cloudfront.net\/wp-content\/uploads\/sites\/25\/2024\/05\/lindstrom-zimni-cas-obleceni-02-1024x986-1-768x740.jpg 768w\" sizes=\"(max-width: 1024px) 100vw, 1024px\" \/><figcaption class=\"wp-element-caption\">Obr\u00e1zek: P\u0159i sn\u00ed\u017een\u00e9 viditelnosti jsou d\u016fle\u017eit\u00e9 reflexn\u00ed pracovn\u00ed od\u011bvy.<\/figcaption><\/figure>\n\n\n\n<p>Oble\u010den\u00ed se m\u016f\u017ee vrstvit a d\u00edky tomu se l\u00e9pe kumuluje t\u011blesn\u00e9 teplo a z\u00e1rove\u0148 odv\u00e1d\u00ed pot. V kolekci <strong>zimn\u00edho pracovn\u00edho oble\u010den\u00ed<\/strong> Lindstr\u00f6m najdete pracovn\u00ed bundy vyroben\u00e9 z kvalitn\u00edch funk\u010dn\u00edch materi\u00e1l\u016f s vysokou odolnost\u00ed v\u016f\u010di pr\u016fniku vody. Zam\u011bstnanci jsou tak chr\u00e1n\u011bni i p\u0159ed de\u0161t\u011bm a sn\u011bhem \u010di siln\u00fdm v\u011btrem. Zateplen\u00e9 a nepromokav\u00e9 pracovn\u00ed <strong>reflexn\u00ed pracovn\u00ed bundy<\/strong> jsou u\u0161it\u00e9 na m\u00edru, ve va\u0161ich firemn\u00edch barv\u00e1ch, s logy.<\/p>\n\n\n\n<p>V zim\u011b je brzy tma, a \u010dast\u00e9 mlhy a sychrav\u00e9 po\u010das\u00ed nav\u00edc zp\u016fsobuj\u00ed sn\u00ed\u017eenou viditelnost i p\u0159es den. Tyto faktory v\u00fdrazn\u011b zvy\u0161uj\u00ed <strong>riziko \u00farazu pracovn\u00edk\u016f<\/strong> nejen na silnic\u00edch, ale t\u0159eba i na stavb\u00e1ch, kde se pracuje s t\u011b\u017ekou technikou. Proto by m\u011bl zam\u011bstnavatel sv\u00fdm pracovn\u00edk\u016fm dle BOZP poskytnout takov\u00e9 pracovn\u00ed oble\u010den\u00ed, kter\u00e9 jim zajist\u00ed tak\u00e9 dostate\u010dnou viditelnost. Pr\u00e1v\u011b <strong>viditelnost je kl\u00ed\u010dem k ochran\u011b zdrav\u00ed zam\u011bstnanc\u016f<\/strong>, kte\u0159\u00ed pracuj\u00ed venku v zim\u011b \u010di dokonce v noci.<\/p>\n\n\n\n<h2 class=\"wp-block-heading\">Kolekce reflexn\u00edch pracovn\u00edch od\u011bv\u016f HighVis Pro<\/h2>\n\n\n\n<p>Dostate\u010dnou viditelnost zajist\u00ed <strong>reflexn\u00ed pracovn\u00ed od\u011bvy<\/strong> a dopl\u0148ky z na\u0161\u00ed kolekce HighVisPro. Oble\u010den\u00ed z t\u00e9to kolekce obsahuje reflexn\u00ed prvky nebo je u\u0161ito v klasick\u00e9 reflexn\u00ed \u017elut\u00e9 nebo oran\u017eov\u00e9 barv\u011b. <a href=\"https:\/\/lindstromgroup.com\/cz\/servisni-sluzby\/pronajem-pracovnich-odevu\/reflexni-pracovni-odevy\/\">Pracovn\u00ed od\u011bvy kolekce HighVis Pro<\/a> jsou certifikov\u00e1ny dle EN ISO 20471:2013. Maj\u00ed vysokou viditelnost p\u0159i jak\u00fdchkoliv sv\u011bteln\u00fdch podm\u00ednk\u00e1ch, za denn\u00edho sv\u011btla i ve tm\u011b. V\u011bt\u0161ina od\u011bv\u016f z t\u00e9to kolekce spl\u0148uje viditelnost t\u0159\u00eddy 1.<\/p>\n\n\n\n<figure class=\"wp-block-image aligncenter size-full\"><img decoding=\"async\" width=\"600\" height=\"503\" src=\"https:\/\/d2ris6qfzcz0wn.cloudfront.net\/wp-content\/uploads\/sites\/25\/2024\/05\/Lindstrom_HighVisPro-600x503-1.jpg\" alt=\"\" class=\"wp-image-18436\" srcset=\"https:\/\/d2ris6qfzcz0wn.cloudfront.net\/wp-content\/uploads\/sites\/25\/2024\/05\/Lindstrom_HighVisPro-600x503-1.jpg 600w, https:\/\/d2ris6qfzcz0wn.cloudfront.net\/wp-content\/uploads\/sites\/25\/2024\/05\/Lindstrom_HighVisPro-600x503-1-300x252.jpg 300w\" sizes=\"(max-width: 600px) 100vw, 600px\" \/><figcaption class=\"wp-element-caption\">Obr\u00e1zek: Reflexn\u00ed bundy a kalhoty. Zdroj: Lindstr\u00f6mgroup.com<\/figcaption><\/figure>\n\n\n\n<p>Hlavn\u00edm materi\u00e1lem pro v\u00fdrobu <strong>od\u011bv\u016f kolekce HighVisPro<\/strong> je odoln\u00e1 a funk\u010dn\u00ed tkanina Pro Outdoor 235 s vysokou viditelnost\u00ed. Slo\u017een\u00ed: 70 % polyester \/ 30 % bavlna, 235 g. Je jednoduch\u00e1 na \u00fadr\u017ebu, pran\u00ed a \u010di\u0161t\u011bn\u00ed. Barvy a st\u00e1lobarvenost materi\u00e1lu jsou certifikov\u00e1ny normou EN ISO 20471 a certifik\u00e1tem OekoTex 100.<\/p>\n\n\n\n<h2 class=\"wp-block-heading\">Pron\u00e1jem reflexn\u00edch pracovn\u00edch od\u011bv\u016f m\u00e1 spoustu v\u00fdhod<\/h2>\n\n\n\n<p>Sv\u00fdm klient\u016fm nab\u00edz\u00edme komplexn\u00ed slu\u017eby <a href=\"https:\/\/group.lindstromgroup.com\/cz\/kolekce_reflexnich_pracovnich_odevu\">pron\u00e1jmu pracovn\u00edho oble\u010den\u00ed<\/a>. Navrhneme v\u00e1m vhodnou kolekci podle va\u0161ich po\u017eadavk\u016f a zajist\u00edme v\u00e1m pravidelnou dod\u00e1vku oble\u010den\u00ed pro va\u0161e pracovn\u00edky, ekologick\u00e9 pr\u016fmyslov\u00e9 pran\u00ed a \u00fadr\u017ebu.<\/p>\n\n\n\n<p>U <strong>reflexn\u00edho oble\u010den\u00ed a dopl\u0148k\u016f<\/strong> je spr\u00e1vn\u00e1 \u00fadr\u017eba velice d\u016fle\u017eit\u00e1, proto\u017ee ne\u0161etrn\u00e9 pran\u00ed sni\u017euje \u00fa\u010dinek fluorescen\u010dn\u00ed tkaniny a po\u0161kozuje reflexn\u00ed prvky. My v Lindstr\u00f6m v\u00edme jak na <strong>pran\u00ed reflexn\u00edho pracovn\u00edho oble\u010den\u00ed<\/strong>, aby jeho funkce z\u016fstaly zachov\u00e1ny v nejvy\u0161\u0161\u00ed mo\u017en\u00e9 kvalit\u011b.<\/p>\n\n\n\n<p>S pron\u00e1jmem pracovn\u00edch od\u011bv\u016f Lindstr\u00f6m z\u00edsk\u00e1te:<\/p>\n\n\n\n<ul class=\"wp-block-list\">\n<li><a href=\"https:\/\/lindstromgroup.com\/cz\/frontpage\/clean-does-not-equal-hygienic\/\">\u010cist\u00e9 a udr\u017eovan\u00e9<\/a> pracovn\u00ed od\u011bvy jsou v\u017edy va\u0161im pracovn\u00edk\u016fm k dispozici.<\/li>\n\n\n\n<li>Cenov\u011b efektivn\u011bj\u0161\u00ed \u0159e\u0161en\u00ed nevy\u017eaduje \u017e\u00e1dn\u00e9 investice do skladov\u00fdch z\u00e1sob.<\/li>\n\n\n\n<li><a href=\"https:\/\/lindstromgroup.com\/cz\/article\/cirkularni-ekonomika-aneb-odpad-jako-hodnotny-zdroj-surovin\/\"><strong>Cirkul\u00e1rn\u00ed ekonomika<\/strong><\/a> m\u00e1 men\u0161\u00ed dopad na \u017eivotn\u00ed prost\u0159ed\u00ed.<\/li>\n\n\n\n<li>Pracovn\u00ed od\u011bvy spl\u0148uj\u00ed po\u017eadavky bezpe\u010dnostn\u00edch norem a maj\u00ed vysokou \u00farove\u0148 hygieny.<\/li>\n\n\n\n<li><strong>Speci\u00e1ln\u00ed od\u011bvy s reflexn\u00edmi prvky<\/strong> na\u0161e firma odborn\u011b \u010dist\u00ed a udr\u017euje ve v\u00fdborn\u00e9m stavu.<\/li>\n<\/ul>\n","protected":false},"excerpt":{"rendered":"<p>Pro spoustu lid\u00ed je zm\u011bna \u010dasu velmi nep\u0159\u00edjemn\u00fdm z\u00e1sahem do jejich biorytm\u016f, kter\u00e9mu budou brzy zase \u010delit. Letos si p\u0159eto\u010d\u00edme hodinky na zimn\u00ed \u010das 31&#8230;.<\/p>\n","protected":false},"author":14,"featured_media":17814,"comment_status":"closed","ping_status":"open","sticky":false,"template":"","format":"standard","meta":{"_acf_changed":false,"inline_featured_image":false,"_eb_attr":"","site-sidebar-layout":"default","site-content-layout":"","ast-site-content-layout":"default","site-content-style":"default","site-sidebar-style":"default","ast-global-header-display":"","ast-banner-title-visibility":"","ast-main-header-display":"","ast-hfb-above-header-display":"","ast-hfb-below-header-display":"","ast-hfb-mobile-header-display":"","site-post-title":"","ast-breadcrumbs-content":"","ast-featured-img":"","footer-sml-layout":"","ast-disable-related-posts":"","theme-transparent-header-meta":"","adv-header-id-meta":"","stick-header-meta":"","header-above-stick-meta":"","header-main-stick-meta":"","header-below-stick-meta":"","astra-migrate-meta-layouts":"default","ast-page-background-enabled":"default","ast-page-background-meta":{"desktop":{"background-color":"var(--ast-global-color-4)","background-image":"","background-repeat":"repeat","background-position":"center center","background-size":"auto","background-attachment":"scroll","background-type":"","background-media":"","overlay-type":"","overlay-color":"","overlay-opacity":"","overlay-gradient":""},"tablet":{"background-color":"","background-image":"","background-repeat":"repeat","background-position":"center center","background-size":"auto","background-attachment":"scroll","background-type":"","background-media":"","overlay-type":"","overlay-color":"","overlay-opacity":"","overlay-gradient":""},"mobile":{"background-color":"","background-image":"","background-repeat":"repeat","background-position":"center center","background-size":"auto","background-attachment":"scroll","background-type":"","background-media":"","overlay-type":"","overlay-color":"","overlay-opacity":"","overlay-gradient":""}},"ast-content-background-meta":{"desktop":{"background-color":"var(--ast-global-color-5)","background-image":"","background-repeat":"repeat","background-position":"center center","background-size":"auto","background-attachment":"scroll","background-type":"","background-media":"","overlay-type":"","overlay-color":"","overlay-opacity":"","overlay-gradient":""},"tablet":{"background-color":"var(--ast-global-color-5)","background-image":"","background-repeat":"repeat","background-position":"center center","background-size":"auto","background-attachment":"scroll","background-type":"","background-media":"","overlay-type":"","overlay-color":"","overlay-opacity":"","overlay-gradient":""},"mobile":{"background-color":"var(--ast-global-color-5)","background-image":"","background-repeat":"repeat","background-position":"center center","background-size":"auto","background-attachment":"scroll","background-type":"","background-media":"","overlay-type":"","overlay-color":"","overlay-opacity":"","overlay-gradient":""}},"footnotes":""},"categories":[14],"tags":[51],"coauthors":[20],"class_list":["post-17813","post","type-post","status-publish","format-standard","has-post-thumbnail","hentry","category-article","tag-pracovniodevy"],"acf":[],"yoast_head":"<!-- This site is optimized with the Yoast SEO plugin v27.2 - https:\/\/yoast.com\/product\/yoast-seo-wordpress\/ -->\n<title>Sv\u011btla ub\u00fdv\u00e1, za p\u00e1r dn\u00ed za\u010dne zimn\u00ed \u010das. Jak obl\u00e9ct sv\u00e9 zam\u011bstnance? - Lindstr\u00f6m Czech<\/title>\n<meta name=\"robots\" content=\"index, follow, max-snippet:-1, max-image-preview:large, max-video-preview:-1\" \/>\n<meta property=\"og:locale\" content=\"cs_CZ\" \/>\n<meta property=\"og:type\" content=\"article\" \/>\n<meta property=\"og:title\" content=\"Sv\u011btla ub\u00fdv\u00e1, za p\u00e1r dn\u00ed za\u010dne zimn\u00ed \u010das. Jak obl\u00e9ct sv\u00e9 zam\u011bstnance? - Lindstr\u00f6m Czech\" \/>\n<meta property=\"og:description\" content=\"Pro spoustu lid\u00ed je zm\u011bna \u010dasu velmi nep\u0159\u00edjemn\u00fdm z\u00e1sahem do jejich biorytm\u016f, kter\u00e9mu budou brzy zase \u010delit. Letos si p\u0159eto\u010d\u00edme hodinky na zimn\u00ed \u010das 31....\" \/>\n<meta property=\"og:url\" content=\"https:\/\/lindstromgroup.com\/cz\/article\/zimni-obleceni-pro-zamestnance\/\" \/>\n<meta property=\"og:site_name\" content=\"Lindstr\u00f6m Czech\" \/>\n<meta property=\"article:published_time\" content=\"2021-10-17T19:47:00+00:00\" \/>\n<meta property=\"article:modified_time\" content=\"2025-05-26T12:42:43+00:00\" \/>\n<meta property=\"og:image\" content=\"https:\/\/lindstrom-sites.s3.eu-north-1.amazonaws.com\/wp-content\/uploads\/sites\/25\/2024\/04\/lindstrom-zimni-obleceni-pro-zamestnance-042024-1.jpg\" \/>\n\t<meta property=\"og:image:width\" content=\"1024\" \/>\n\t<meta property=\"og:image:height\" content=\"683\" \/>\n\t<meta property=\"og:image:type\" content=\"image\/jpeg\" \/>\n<meta name=\"author\" content=\"Lindstr\u00f6m Group\" \/>\n<meta name=\"twitter:card\" content=\"summary_large_image\" \/>\n<meta name=\"twitter:label1\" content=\"Napsal(a)\" \/>\n\t<meta name=\"twitter:data1\" content=\"Lindstr\u00f6m Group\" \/>\n\t<meta name=\"twitter:label2\" content=\"Odhadovan\u00e1 doba \u010dten\u00ed\" \/>\n\t<meta name=\"twitter:data2\" content=\"6 minut\" \/>\n\t<meta name=\"twitter:label3\" content=\"Written by\" \/>\n\t<meta name=\"twitter:data3\" content=\"Lindstr\u00f6m Group\" \/>\n<script type=\"application\/ld+json\" class=\"yoast-schema-graph\">{\"@context\":\"https:\/\/schema.org\",\"@graph\":[{\"@type\":\"Article\",\"@id\":\"https:\/\/lindstromgroup.com\/cz\/article\/zimni-obleceni-pro-zamestnance\/#article\",\"isPartOf\":{\"@id\":\"https:\/\/lindstromgroup.com\/cz\/article\/zimni-obleceni-pro-zamestnance\/\"},\"author\":{\"name\":\"Lindstr\u00f6m Group\",\"@id\":\"https:\/\/lindstromgroup.com\/cz\/#\/schema\/person\/9111900e3f15be99cf4a104112bf0bc3\"},\"headline\":\"Sv\u011btla ub\u00fdv\u00e1, za p\u00e1r dn\u00ed za\u010dne zimn\u00ed \u010das. Jak obl\u00e9ct sv\u00e9 zam\u011bstnance?\",\"datePublished\":\"2021-10-17T19:47:00+00:00\",\"dateModified\":\"2025-05-26T12:42:43+00:00\",\"mainEntityOfPage\":{\"@id\":\"https:\/\/lindstromgroup.com\/cz\/article\/zimni-obleceni-pro-zamestnance\/\"},\"wordCount\":1142,\"publisher\":{\"@id\":\"https:\/\/lindstromgroup.com\/cz\/#organization\"},\"image\":{\"@id\":\"https:\/\/lindstromgroup.com\/cz\/article\/zimni-obleceni-pro-zamestnance\/#primaryimage\"},\"thumbnailUrl\":\"https:\/\/d2ris6qfzcz0wn.cloudfront.net\/wp-content\/uploads\/sites\/25\/2024\/04\/lindstrom-zimni-obleceni-pro-zamestnance-042024-1.jpg\",\"keywords\":[\"#pracovniodevy\"],\"articleSection\":[\"\u010cl\u00e1nek\"],\"inLanguage\":\"cs\"},{\"@type\":\"WebPage\",\"@id\":\"https:\/\/lindstromgroup.com\/cz\/article\/zimni-obleceni-pro-zamestnance\/\",\"url\":\"https:\/\/lindstromgroup.com\/cz\/article\/zimni-obleceni-pro-zamestnance\/\",\"name\":\"Sv\u011btla ub\u00fdv\u00e1, za p\u00e1r dn\u00ed za\u010dne zimn\u00ed \u010das. Jak obl\u00e9ct sv\u00e9 zam\u011bstnance? - Lindstr\u00f6m Czech\",\"isPartOf\":{\"@id\":\"https:\/\/lindstromgroup.com\/cz\/#website\"},\"primaryImageOfPage\":{\"@id\":\"https:\/\/lindstromgroup.com\/cz\/article\/zimni-obleceni-pro-zamestnance\/#primaryimage\"},\"image\":{\"@id\":\"https:\/\/lindstromgroup.com\/cz\/article\/zimni-obleceni-pro-zamestnance\/#primaryimage\"},\"thumbnailUrl\":\"https:\/\/d2ris6qfzcz0wn.cloudfront.net\/wp-content\/uploads\/sites\/25\/2024\/04\/lindstrom-zimni-obleceni-pro-zamestnance-042024-1.jpg\",\"datePublished\":\"2021-10-17T19:47:00+00:00\",\"dateModified\":\"2025-05-26T12:42:43+00:00\",\"breadcrumb\":{\"@id\":\"https:\/\/lindstromgroup.com\/cz\/article\/zimni-obleceni-pro-zamestnance\/#breadcrumb\"},\"inLanguage\":\"cs\",\"potentialAction\":[{\"@type\":\"ReadAction\",\"target\":[\"https:\/\/lindstromgroup.com\/cz\/article\/zimni-obleceni-pro-zamestnance\/\"]}]},{\"@type\":\"ImageObject\",\"inLanguage\":\"cs\",\"@id\":\"https:\/\/lindstromgroup.com\/cz\/article\/zimni-obleceni-pro-zamestnance\/#primaryimage\",\"url\":\"https:\/\/d2ris6qfzcz0wn.cloudfront.net\/wp-content\/uploads\/sites\/25\/2024\/04\/lindstrom-zimni-obleceni-pro-zamestnance-042024-1.jpg\",\"contentUrl\":\"https:\/\/d2ris6qfzcz0wn.cloudfront.net\/wp-content\/uploads\/sites\/25\/2024\/04\/lindstrom-zimni-obleceni-pro-zamestnance-042024-1.jpg\",\"width\":1024,\"height\":683},{\"@type\":\"BreadcrumbList\",\"@id\":\"https:\/\/lindstromgroup.com\/cz\/article\/zimni-obleceni-pro-zamestnance\/#breadcrumb\",\"itemListElement\":[{\"@type\":\"ListItem\",\"position\":1,\"name\":\"Home\",\"item\":\"https:\/\/lindstromgroup.com\/cz\/\"},{\"@type\":\"ListItem\",\"position\":2,\"name\":\"\u010cl\u00e1nek\",\"item\":\"https:\/\/lindstromgroup.com\/cz\/category\/article\/\"},{\"@type\":\"ListItem\",\"position\":3,\"name\":\"Sv\u011btla ub\u00fdv\u00e1, za p\u00e1r dn\u00ed za\u010dne zimn\u00ed \u010das. Jak obl\u00e9ct sv\u00e9 zam\u011bstnance?\"}]},{\"@type\":\"WebSite\",\"@id\":\"https:\/\/lindstromgroup.com\/cz\/#website\",\"url\":\"https:\/\/lindstromgroup.com\/cz\/\",\"name\":\"Lindstr\u00f6m Czech\",\"description\":\"\",\"publisher\":{\"@id\":\"https:\/\/lindstromgroup.com\/cz\/#organization\"},\"potentialAction\":[{\"@type\":\"SearchAction\",\"target\":{\"@type\":\"EntryPoint\",\"urlTemplate\":\"https:\/\/lindstromgroup.com\/cz\/?s={search_term_string}\"},\"query-input\":{\"@type\":\"PropertyValueSpecification\",\"valueRequired\":true,\"valueName\":\"search_term_string\"}}],\"inLanguage\":\"cs\"},{\"@type\":\"Organization\",\"@id\":\"https:\/\/lindstromgroup.com\/cz\/#organization\",\"name\":\"Lindstr\u00f6m\",\"url\":\"https:\/\/lindstromgroup.com\/cz\/\",\"logo\":{\"@type\":\"ImageObject\",\"inLanguage\":\"cs\",\"@id\":\"https:\/\/lindstromgroup.com\/cz\/#\/schema\/logo\/image\/\",\"url\":\"https:\/\/d2ris6qfzcz0wn.cloudfront.net\/wp-content\/uploads\/sites\/25\/2023\/10\/Logo512.png\",\"contentUrl\":\"https:\/\/d2ris6qfzcz0wn.cloudfront.net\/wp-content\/uploads\/sites\/25\/2023\/10\/Logo512.png\",\"width\":512,\"height\":109,\"caption\":\"Lindstr\u00f6m\"},\"image\":{\"@id\":\"https:\/\/lindstromgroup.com\/cz\/#\/schema\/logo\/image\/\"}},{\"@type\":\"Person\",\"@id\":\"https:\/\/lindstromgroup.com\/cz\/#\/schema\/person\/9111900e3f15be99cf4a104112bf0bc3\",\"name\":\"Lindstr\u00f6m Group\",\"image\":{\"@type\":\"ImageObject\",\"inLanguage\":\"cs\",\"@id\":\"https:\/\/secure.gravatar.com\/avatar\/db72e9a46e0f7c5c437401114209c070c0ed0871f3f73ed82792b5cf14c95b5c?s=96&d=mm&r=g93dbf206f3a4403aba72a0da0a795367\",\"url\":\"https:\/\/secure.gravatar.com\/avatar\/db72e9a46e0f7c5c437401114209c070c0ed0871f3f73ed82792b5cf14c95b5c?s=96&d=mm&r=g\",\"contentUrl\":\"https:\/\/secure.gravatar.com\/avatar\/db72e9a46e0f7c5c437401114209c070c0ed0871f3f73ed82792b5cf14c95b5c?s=96&d=mm&r=g\",\"caption\":\"Lindstr\u00f6m Group\"}}]}<\/script>\n<!-- \/ Yoast SEO plugin. -->","yoast_head_json":{"title":"Sv\u011btla ub\u00fdv\u00e1, za p\u00e1r dn\u00ed za\u010dne zimn\u00ed \u010das. Jak obl\u00e9ct sv\u00e9 zam\u011bstnance? - Lindstr\u00f6m Czech","robots":{"index":"index","follow":"follow","max-snippet":"max-snippet:-1","max-image-preview":"max-image-preview:large","max-video-preview":"max-video-preview:-1"},"og_locale":"cs_CZ","og_type":"article","og_title":"Sv\u011btla ub\u00fdv\u00e1, za p\u00e1r dn\u00ed za\u010dne zimn\u00ed \u010das. Jak obl\u00e9ct sv\u00e9 zam\u011bstnance? - Lindstr\u00f6m Czech","og_description":"Pro spoustu lid\u00ed je zm\u011bna \u010dasu velmi nep\u0159\u00edjemn\u00fdm z\u00e1sahem do jejich biorytm\u016f, kter\u00e9mu budou brzy zase \u010delit. Letos si p\u0159eto\u010d\u00edme hodinky na zimn\u00ed \u010das 31....","og_url":"https:\/\/lindstromgroup.com\/cz\/article\/zimni-obleceni-pro-zamestnance\/","og_site_name":"Lindstr\u00f6m Czech","article_published_time":"2021-10-17T19:47:00+00:00","article_modified_time":"2025-05-26T12:42:43+00:00","og_image":[{"width":1024,"height":683,"url":"https:\/\/lindstrom-sites.s3.eu-north-1.amazonaws.com\/wp-content\/uploads\/sites\/25\/2024\/04\/lindstrom-zimni-obleceni-pro-zamestnance-042024-1.jpg","type":"image\/jpeg"}],"author":"Lindstr\u00f6m Group","twitter_card":"summary_large_image","twitter_misc":{"Napsal(a)":"Lindstr\u00f6m Group","Odhadovan\u00e1 doba \u010dten\u00ed":"6 minut","Written by":"Lindstr\u00f6m Group"},"schema":{"@context":"https:\/\/schema.org","@graph":[{"@type":"Article","@id":"https:\/\/lindstromgroup.com\/cz\/article\/zimni-obleceni-pro-zamestnance\/#article","isPartOf":{"@id":"https:\/\/lindstromgroup.com\/cz\/article\/zimni-obleceni-pro-zamestnance\/"},"author":{"name":"Lindstr\u00f6m Group","@id":"https:\/\/lindstromgroup.com\/cz\/#\/schema\/person\/9111900e3f15be99cf4a104112bf0bc3"},"headline":"Sv\u011btla ub\u00fdv\u00e1, za p\u00e1r dn\u00ed za\u010dne zimn\u00ed \u010das. Jak obl\u00e9ct sv\u00e9 zam\u011bstnance?","datePublished":"2021-10-17T19:47:00+00:00","dateModified":"2025-05-26T12:42:43+00:00","mainEntityOfPage":{"@id":"https:\/\/lindstromgroup.com\/cz\/article\/zimni-obleceni-pro-zamestnance\/"},"wordCount":1142,"publisher":{"@id":"https:\/\/lindstromgroup.com\/cz\/#organization"},"image":{"@id":"https:\/\/lindstromgroup.com\/cz\/article\/zimni-obleceni-pro-zamestnance\/#primaryimage"},"thumbnailUrl":"https:\/\/d2ris6qfzcz0wn.cloudfront.net\/wp-content\/uploads\/sites\/25\/2024\/04\/lindstrom-zimni-obleceni-pro-zamestnance-042024-1.jpg","keywords":["#pracovniodevy"],"articleSection":["\u010cl\u00e1nek"],"inLanguage":"cs"},{"@type":"WebPage","@id":"https:\/\/lindstromgroup.com\/cz\/article\/zimni-obleceni-pro-zamestnance\/","url":"https:\/\/lindstromgroup.com\/cz\/article\/zimni-obleceni-pro-zamestnance\/","name":"Sv\u011btla ub\u00fdv\u00e1, za p\u00e1r dn\u00ed za\u010dne zimn\u00ed \u010das. Jak obl\u00e9ct sv\u00e9 zam\u011bstnance? - Lindstr\u00f6m Czech","isPartOf":{"@id":"https:\/\/lindstromgroup.com\/cz\/#website"},"primaryImageOfPage":{"@id":"https:\/\/lindstromgroup.com\/cz\/article\/zimni-obleceni-pro-zamestnance\/#primaryimage"},"image":{"@id":"https:\/\/lindstromgroup.com\/cz\/article\/zimni-obleceni-pro-zamestnance\/#primaryimage"},"thumbnailUrl":"https:\/\/d2ris6qfzcz0wn.cloudfront.net\/wp-content\/uploads\/sites\/25\/2024\/04\/lindstrom-zimni-obleceni-pro-zamestnance-042024-1.jpg","datePublished":"2021-10-17T19:47:00+00:00","dateModified":"2025-05-26T12:42:43+00:00","breadcrumb":{"@id":"https:\/\/lindstromgroup.com\/cz\/article\/zimni-obleceni-pro-zamestnance\/#breadcrumb"},"inLanguage":"cs","potentialAction":[{"@type":"ReadAction","target":["https:\/\/lindstromgroup.com\/cz\/article\/zimni-obleceni-pro-zamestnance\/"]}]},{"@type":"ImageObject","inLanguage":"cs","@id":"https:\/\/lindstromgroup.com\/cz\/article\/zimni-obleceni-pro-zamestnance\/#primaryimage","url":"https:\/\/d2ris6qfzcz0wn.cloudfront.net\/wp-content\/uploads\/sites\/25\/2024\/04\/lindstrom-zimni-obleceni-pro-zamestnance-042024-1.jpg","contentUrl":"https:\/\/d2ris6qfzcz0wn.cloudfront.net\/wp-content\/uploads\/sites\/25\/2024\/04\/lindstrom-zimni-obleceni-pro-zamestnance-042024-1.jpg","width":1024,"height":683},{"@type":"BreadcrumbList","@id":"https:\/\/lindstromgroup.com\/cz\/article\/zimni-obleceni-pro-zamestnance\/#breadcrumb","itemListElement":[{"@type":"ListItem","position":1,"name":"Home","item":"https:\/\/lindstromgroup.com\/cz\/"},{"@type":"ListItem","position":2,"name":"\u010cl\u00e1nek","item":"https:\/\/lindstromgroup.com\/cz\/category\/article\/"},{"@type":"ListItem","position":3,"name":"Sv\u011btla ub\u00fdv\u00e1, za p\u00e1r dn\u00ed za\u010dne zimn\u00ed \u010das. Jak obl\u00e9ct sv\u00e9 zam\u011bstnance?"}]},{"@type":"WebSite","@id":"https:\/\/lindstromgroup.com\/cz\/#website","url":"https:\/\/lindstromgroup.com\/cz\/","name":"Lindstr\u00f6m Czech","description":"","publisher":{"@id":"https:\/\/lindstromgroup.com\/cz\/#organization"},"potentialAction":[{"@type":"SearchAction","target":{"@type":"EntryPoint","urlTemplate":"https:\/\/lindstromgroup.com\/cz\/?s={search_term_string}"},"query-input":{"@type":"PropertyValueSpecification","valueRequired":true,"valueName":"search_term_string"}}],"inLanguage":"cs"},{"@type":"Organization","@id":"https:\/\/lindstromgroup.com\/cz\/#organization","name":"Lindstr\u00f6m","url":"https:\/\/lindstromgroup.com\/cz\/","logo":{"@type":"ImageObject","inLanguage":"cs","@id":"https:\/\/lindstromgroup.com\/cz\/#\/schema\/logo\/image\/","url":"https:\/\/d2ris6qfzcz0wn.cloudfront.net\/wp-content\/uploads\/sites\/25\/2023\/10\/Logo512.png","contentUrl":"https:\/\/d2ris6qfzcz0wn.cloudfront.net\/wp-content\/uploads\/sites\/25\/2023\/10\/Logo512.png","width":512,"height":109,"caption":"Lindstr\u00f6m"},"image":{"@id":"https:\/\/lindstromgroup.com\/cz\/#\/schema\/logo\/image\/"}},{"@type":"Person","@id":"https:\/\/lindstromgroup.com\/cz\/#\/schema\/person\/9111900e3f15be99cf4a104112bf0bc3","name":"Lindstr\u00f6m Group","image":{"@type":"ImageObject","inLanguage":"cs","@id":"https:\/\/secure.gravatar.com\/avatar\/db72e9a46e0f7c5c437401114209c070c0ed0871f3f73ed82792b5cf14c95b5c?s=96&d=mm&r=g93dbf206f3a4403aba72a0da0a795367","url":"https:\/\/secure.gravatar.com\/avatar\/db72e9a46e0f7c5c437401114209c070c0ed0871f3f73ed82792b5cf14c95b5c?s=96&d=mm&r=g","contentUrl":"https:\/\/secure.gravatar.com\/avatar\/db72e9a46e0f7c5c437401114209c070c0ed0871f3f73ed82792b5cf14c95b5c?s=96&d=mm&r=g","caption":"Lindstr\u00f6m Group"}}]}},"publishpress_future_workflow_manual_trigger":{"enabledWorkflows":[]},"distributor_meta":false,"distributor_terms":false,"distributor_media":false,"distributor_original_site_name":"Lindstr\u00f6m Czech","distributor_original_site_url":"https:\/\/lindstromgroup.com\/cz","push-errors":false,"_links":{"self":[{"href":"https:\/\/lindstromgroup.com\/cz\/wp-json\/wp\/v2\/posts\/17813","targetHints":{"allow":["GET"]}}],"collection":[{"href":"https:\/\/lindstromgroup.com\/cz\/wp-json\/wp\/v2\/posts"}],"about":[{"href":"https:\/\/lindstromgroup.com\/cz\/wp-json\/wp\/v2\/types\/post"}],"author":[{"embeddable":true,"href":"https:\/\/lindstromgroup.com\/cz\/wp-json\/wp\/v2\/users\/14"}],"replies":[{"embeddable":true,"href":"https:\/\/lindstromgroup.com\/cz\/wp-json\/wp\/v2\/comments?post=17813"}],"version-history":[{"count":0,"href":"https:\/\/lindstromgroup.com\/cz\/wp-json\/wp\/v2\/posts\/17813\/revisions"}],"wp:featuredmedia":[{"embeddable":true,"href":"https:\/\/lindstromgroup.com\/cz\/wp-json\/wp\/v2\/media\/17814"}],"wp:attachment":[{"href":"https:\/\/lindstromgroup.com\/cz\/wp-json\/wp\/v2\/media?parent=17813"}],"wp:term":[{"taxonomy":"category","embeddable":true,"href":"https:\/\/lindstromgroup.com\/cz\/wp-json\/wp\/v2\/categories?post=17813"},{"taxonomy":"post_tag","embeddable":true,"href":"https:\/\/lindstromgroup.com\/cz\/wp-json\/wp\/v2\/tags?post=17813"},{"taxonomy":"author","embeddable":true,"href":"https:\/\/lindstromgroup.com\/cz\/wp-json\/wp\/v2\/coauthors?post=17813"}],"curies":[{"name":"wp","href":"https:\/\/api.w.org\/{rel}","templated":true}]}}