
    {"id":17802,"date":"2021-06-08T20:23:00","date_gmt":"2021-06-08T19:23:00","guid":{"rendered":"https:\/\/lindstromgroup.com\/cz\/?p=17802"},"modified":"2025-05-26T14:17:17","modified_gmt":"2025-05-26T13:17:17","slug":"zvyseni-prodeju-v-prodejnach","status":"publish","type":"post","link":"https:\/\/lindstromgroup.com\/cz\/article\/zvyseni-prodeju-v-prodejnach\/","title":{"rendered":"Jak op\u011bt zv\u00fd\u0161it prodeje v kamenn\u00fdch prodejn\u00e1ch?"},"content":{"rendered":"\n<p>Minul\u00fd rok p\u0159inesl kv\u016fli koronavirov\u00e9 pandemii revolu\u010dn\u00ed zm\u011bnu n\u00e1kupn\u00edho chov\u00e1n\u00ed snad po cel\u00e9m sv\u011bt\u011b. Protiepidemick\u00e1 opat\u0159en\u00ed a uzav\u00edrky <strong>kamenn\u00fdch obchod\u016f<\/strong> a dal\u0161\u00edch provozoven prom\u011bnily na\u0161e pot\u0159eby a n\u00e1kupn\u00ed zvyky. Ze dne na den za\u010daly r\u016fst online prodeje. B\u011bhem nouzov\u00e9ho stavu nakupovalo na internetu v\u00edce ne\u017e obvykle 37 % z\u00e1kazn\u00edk\u016f. A po jeho skon\u010den\u00ed v e-shopech nakupuje st\u00e1le je\u0161t\u011b o 21 % v\u00edc lid\u00ed ne\u017e p\u0159ed mimo\u0159\u00e1dn\u00fdmi opat\u0159en\u00edmi. Zm\u011bnil se chod dom\u00e1cnost\u00ed, po\u010det n\u00e1kup\u016f a prom\u011bnilo se i slo\u017een\u00ed nakupovan\u00e9ho zbo\u017e\u00ed.<\/p>\n\n\n\n<figure class=\"wp-block-image aligncenter size-large is-resized\"><img decoding=\"async\" width=\"1024\" height=\"683\" src=\"https:\/\/d2ris6qfzcz0wn.cloudfront.net\/wp-content\/uploads\/sites\/25\/2024\/01\/MAS_J9260_2_pink-1024x683.jpg\" alt=\"\" class=\"wp-image-16356\" style=\"aspect-ratio:1;width:682px;height:auto\" srcset=\"https:\/\/d2ris6qfzcz0wn.cloudfront.net\/wp-content\/uploads\/sites\/25\/2024\/01\/MAS_J9260_2_pink-1024x683.jpg 1024w, https:\/\/d2ris6qfzcz0wn.cloudfront.net\/wp-content\/uploads\/sites\/25\/2024\/01\/MAS_J9260_2_pink-300x200.jpg 300w, https:\/\/d2ris6qfzcz0wn.cloudfront.net\/wp-content\/uploads\/sites\/25\/2024\/01\/MAS_J9260_2_pink-768x512.jpg 768w, https:\/\/d2ris6qfzcz0wn.cloudfront.net\/wp-content\/uploads\/sites\/25\/2024\/01\/MAS_J9260_2_pink.jpg 1500w\" sizes=\"(max-width: 1024px) 100vw, 1024px\" \/><figcaption class=\"wp-element-caption\"><em>Obr\u00e1zek: Mil\u00e1 a upraven\u00e1 prodava\u010dka, kv\u016fli kter\u00e9 se z\u00e1kazn\u00edk vrac\u00ed.<\/em><\/figcaption><\/figure>\n\n\n\n<h2 class=\"wp-block-heading\">Vr\u00e1t\u00ed se n\u00e1kupn\u00ed chov\u00e1n\u00ed k norm\u00e1lu p\u0159ed koronakriz\u00ed?<\/h2>\n\n\n\n<p>Obchody u\u017e jsou zase otev\u0159eny a majitel\u00e9 hlavn\u011b t\u011bch men\u0161\u00edch s nap\u011bt\u00edm o\u010dek\u00e1vaj\u00ed, jestli se jejich z\u00e1kazn\u00edci vr\u00e1t\u00ed, nebo zm\u011bny n\u00e1kupn\u00edho chov\u00e1n\u00ed budou trval\u00e9. N\u00e1vratu z\u00e1kazn\u00edk\u016f do kamenn\u00fdch obchod\u016f nahr\u00e1v\u00e1 opakovan\u011b potvrzen\u00e1 skute\u010dnost, \u017ee <strong>obchody nejsou rizikov\u00fdm m\u00edstem<\/strong>. Svaz obchodu a cestovn\u00edho ruchu \u010cR provedl nez\u00e1vislou anal\u00fdzu v\u00fdskytu viru SARS-CoV-2 v prodejn\u00e1ch. <a href=\"https:\/\/www.olomouc.cz\/koronavirus\/Vedci-provedli-v-Santovce-desitky-steru-z-ruznych-povrchu-Pruzkum-neprokazal-sireni-koronaviru-32575\" target=\"_blank\" rel=\"noopener\">Pr\u016fzkum<\/a>, kter\u00fd prob\u00edhal letos v \u00fanoru, nezaznamenal p\u0159\u00edtomnost viru v \u017e\u00e1dn\u00e9m z 52 odebran\u00fdch vzork\u016f. St\u011bry byly p\u0159itom prov\u00e1d\u011bny z exponovan\u00fdch m\u00edst, jak\u00fdmi jsou madla eskal\u00e1tor\u016f, tla\u010d\u00edtka ve v\u00fdtaz\u00edch, ruce pokladn\u00edch nebo n\u00e1kupn\u00ed voz\u00edky.<\/p>\n\n\n\n<p><strong>Bezpe\u010dnost z\u00e1kazn\u00edk\u016f a viditeln\u00e1 \u010distota prostor<\/strong> ale nen\u00ed to jedin\u00e9, co m\u016f\u017ee znovu p\u0159it\u00e1hnout lidi do obchod\u016f, kdy\u017e u\u017e si zvykli objedn\u00e1vat zbo\u017e\u00ed z pohodl\u00ed domova. V\u00fdhod proti online n\u00e1kup\u016fm je v\u00edc, obchodn\u00edci by se na n\u011b m\u011bli zam\u011b\u0159it a vyj\u00edt sv\u00fdm z\u00e1kazn\u00edk\u016fm vst\u0159\u00edc.<\/p>\n\n\n\n<p><strong>Osobn\u00ed kontakt je v\u00fdhodou pro z\u00e1kazn\u00edky<\/strong>, kte\u0159\u00ed maj\u00ed r\u00e1di komunikaci s \u017eiv\u00fdmi lidmi. Cel\u00e9 jedn\u00e1n\u00ed d\u00edky tomu m\u00e1 lidsk\u00fd rozm\u011br. Vst\u0159\u00edcn\u00fd prodava\u010d m\u016f\u017ee z\u00e1kazn\u00edkovi poradit s v\u00fdb\u011brem zbo\u017e\u00ed, p\u0159edvede mu ho, vyzkou\u0161\u00ed nebo zjist\u00ed, jestli maj\u00ed zbo\u017e\u00ed na sklad\u011b v prodejn\u011b nebo na jin\u00e9 pobo\u010dce. Zvl\u00e1\u0161\u0165 u dra\u017e\u0161\u00edho zbo\u017e\u00ed se z\u00e1kazn\u00edk r\u00e1d p\u0159esv\u011bd\u010d\u00ed na vlastn\u00ed o\u010di, \u017ee v\u00fdrobek je takov\u00fd, jak si ho p\u0159edstavoval, a mo\u017en\u00e1 si nakonec v obchod\u011b vybere n\u011bco jin\u00e9ho.<\/p>\n\n\n\n<p>Dal\u0161\u00ed v\u00fdhoda je, \u017ee <strong>zbo\u017e\u00ed zakoupen\u00e9 v kamenn\u00e9 prodejn\u011b se tak\u00e9 v t\u00e9to prodejn\u011b<\/strong> <strong>reklamuje.<\/strong> Nemus\u00edte ho pos\u00edlat po\u0161tou dodavateli (jako u n\u00e1kupu p\u0159es internet). Osobn\u00ed jedn\u00e1n\u00ed s prodejcem \u010dasto vede k okam\u017eit\u00e9 v\u00fdm\u011bn\u011b zbo\u017e\u00ed, bez nutnosti \u010dekat na vy\u0159\u00edzen\u00ed reklamace.<\/p>\n\n\n\n<p>Pro mnoho lid\u00ed je tak\u00e9 plusem <strong>okam\u017eit\u00e9 p\u0159evzet\u00ed zbo\u017e\u00ed po zaplacen\u00ed<\/strong> a mo\u017enost hned ho u\u017e\u00edvat.<\/p>\n\n\n\n<h2 class=\"wp-block-heading\">Jak z\u00edskat sv\u00e9 z\u00e1kazn\u00edky zp\u011bt a p\u0159il\u00e1kat nov\u00e9?<\/h2>\n\n\n\n<p>Pokud cht\u011bj\u00ed maloobchodn\u00ed prodejci obst\u00e1t v konkurenci prodejen s podobn\u00fdm zbo\u017e\u00edm, mus\u00ed se odli\u0161it, vystoupit z davu a pos\u00edlit vztahy se z\u00e1kazn\u00edky a jejich v\u011brnost. Odborn\u00edci se shoduj\u00ed na tom, \u017ee \u0159e\u0161en\u00edm je vytvo\u0159it p\u0159\u00edv\u011btivou, unik\u00e1tn\u00ed a <strong>konzistentn\u00ed z\u00e1kaznickou zku\u0161enost<\/strong>. Z\u00e1kazn\u00edci se toti\u017e dnes vyd\u00e1vaj\u00ed do obchodu pouze v p\u0159\u00edpad\u011b, \u017ee jsou si jisti p\u0159\u00edjemn\u00fdm z\u00e1\u017eitkem a dostupnost\u00ed zbo\u017e\u00ed.<\/p>\n\n\n\n<figure class=\"wp-block-image aligncenter size-large\"><img decoding=\"async\" width=\"1024\" height=\"677\" src=\"https:\/\/d2ris6qfzcz0wn.cloudfront.net\/wp-content\/uploads\/sites\/25\/2024\/05\/MAS_K1960-3_lemon-1024x677.jpg\" alt=\"\" class=\"wp-image-18460\" srcset=\"https:\/\/d2ris6qfzcz0wn.cloudfront.net\/wp-content\/uploads\/sites\/25\/2024\/05\/MAS_K1960-3_lemon-1024x677.jpg 1024w, https:\/\/d2ris6qfzcz0wn.cloudfront.net\/wp-content\/uploads\/sites\/25\/2024\/05\/MAS_K1960-3_lemon-300x198.jpg 300w, https:\/\/d2ris6qfzcz0wn.cloudfront.net\/wp-content\/uploads\/sites\/25\/2024\/05\/MAS_K1960-3_lemon-768x508.jpg 768w, https:\/\/d2ris6qfzcz0wn.cloudfront.net\/wp-content\/uploads\/sites\/25\/2024\/05\/MAS_K1960-3_lemon-1536x1016.jpg 1536w, https:\/\/d2ris6qfzcz0wn.cloudfront.net\/wp-content\/uploads\/sites\/25\/2024\/05\/MAS_K1960-3_lemon.jpg 2048w\" sizes=\"(max-width: 1024px) 100vw, 1024px\" \/><figcaption class=\"wp-element-caption\"><em>Obr\u00e1zek: P\u0159\u00edjemn\u00e9 a \u010dist\u00e9 prostory zvou k n\u00e1v\u0161t\u011bv\u011b. Zdroj: Lindstr\u00f6mgroup.com<\/em><\/figcaption><\/figure>\n\n\n\n<p>Kl\u00ed\u010dem k \u00fasp\u011bchu obvykle b\u00fdv\u00e1 odhalit, \u010d\u00edm se m\u016f\u017eete v o\u010d\u00edch z\u00e1kazn\u00edk\u016f odli\u0161it pr\u00e1v\u011b vy, a zformulovat va\u0161i jinakost tak, aby ji z\u00e1kazn\u00edk ihned pochopil a vn\u00edmal jej\u00ed hodnotu. Pak m\u016f\u017eete vyu\u017e\u00edt tuto unik\u00e1tnost v prodeji a k z\u00edsk\u00e1v\u00e1n\u00ed z\u00e1kazn\u00edk\u016f. Jak se ale konkr\u00e9tn\u011b <strong>odli\u0161it od konkurence<\/strong>, kdy\u017e prod\u00e1v\u00e1te to stejn\u00e9 zbo\u017e\u00ed, ty stejn\u00e9 potraviny, stejn\u00e9 l\u00e9ky, stejn\u00e9 mobily atd., kter\u00e9 si \u010dlov\u011bk m\u016f\u017ee koupit i o p\u00e1r krok\u016f vedle?<\/p>\n\n\n\n<h2 class=\"wp-block-heading\">Bu\u010fte na prvn\u00ed pohled rozeznateln\u00ed d\u00edky reprezentativn\u00edmu vzhledu<\/h2>\n\n\n\n<p>Celkem jednoduch\u00fdm zp\u016fsobem, jak zap\u016fsobit na sv\u00e9 z\u00e1kazn\u00edky, je jasn\u011b definovan\u00e1 a rozpoznateln\u00e1 firemn\u00ed identita, jej\u00ed\u017e sou\u010d\u00e1st\u00ed je i <strong>jednotn\u00e9 pracovn\u00ed oble\u010den\u00ed<\/strong>. Ve velk\u00fdch supermarketech a \u0159et\u011bzc\u00edch u\u017e maj\u00ed zam\u011bstnanci pracovn\u00ed od\u011bvy ve firemn\u00edch barv\u00e1ch. Pokud m\u00e1te men\u0161\u00ed obchod, inspirujte se. Pohled na p\u0159\u00edjemnou prodava\u010dku, oble\u010denou ve <a href=\"https:\/\/lindstromgroup.com\/cz\/servisni-sluzby\/pronajem-pracovnich-odevu\/pracovni-odevy-pro-retail-a-maloobchod\/\">slu\u0161iv\u00e9m pracovn\u00edm oble\u010den\u00ed<\/a>, kter\u00e9 z\u00e1kazn\u00edk\u016fm v\u017edy p\u0159ipomene, kde se nach\u00e1z\u00ed a kde je v\u017edycky r\u00e1di obslou\u017e\u00ed, v nich vyvol\u00e1 z\u00e1\u017eitky, kter\u00e9 budou cht\u00edt opakovat.<\/p>\n\n\n\n<p>V Lindstr\u00f6m v\u00e1m pom\u016f\u017eeme vytvo\u0159it <strong>slu\u0161iv\u00e9 firemn\u00ed od\u011bvy<\/strong> pro va\u0161e zam\u011bstnance &#8211; prodava\u010de, prodava\u010dky, skladn\u00edky, skladnice, pokladn\u00ed, recep\u010dn\u00ed a dal\u0161\u00ed. Z na\u0161\u00ed nab\u00eddky m\u016f\u017eete poskl\u00e1dat kolekci reprezentativn\u00edho oble\u010den\u00ed padnouc\u00edch st\u0159ih\u016f, ve kter\u00fdch se ka\u017ed\u00fd bude c\u00edtit skv\u011ble. M\u016f\u017eete si vybrat z na\u0161\u00ed st\u00e1l\u00e9 nab\u00eddky, nebo m\u016f\u017eeme navrhnout <strong>pracovn\u00ed oble\u010den\u00ed p\u0159\u00edmo pro va\u0161i firmu<\/strong> ve firemn\u00edch barv\u00e1ch, s logem, sloganem a dal\u0161\u00edmi dopl\u0148ky dle va\u0161eho p\u0159\u00e1n\u00ed.<\/p>\n\n\n\n<p>Dal\u0161\u00edm prvkem firemn\u00ed identity, kter\u00fd m\u00e1 i praktick\u00e9 vyu\u017eit\u00ed, jsou <strong><a href=\"https:\/\/lindstromgroup.com\/cz\/servisni-sluzby\/pronajem-cisticich-rohozi\/\">vstupn\u00ed \u010dist\u00edc\u00ed roho\u017ee<\/a><\/strong>. Nejen\u017ee pom\u00e1haj\u00ed udr\u017eet \u010distotu ve va\u0161\u00ed prodejn\u011b nebo provozovn\u011b, kterou denn\u011b nav\u0161t\u00edv\u00ed des\u00edtky nebo stovky lid\u00ed, z\u00e1rove\u0148 mohou z\u00e1kazn\u00edky p\u0159iv\u00edtat, informovat, d\u00e1t jim v\u011bd\u011bt, kde se nach\u00e1zej\u00ed. To se bav\u00edme p\u0159edev\u0161\u00edm o <a href=\"https:\/\/lindstromgroup.com\/cz\/servisni-sluzby\/cistici-rohoze-na-miru\/\">designov\u00fdch vstupn\u00edch roho\u017e\u00edch<\/a>, vyroben\u00fdch ve firemn\u00edch barv\u00e1ch, s logem \u010di sloganem.<\/p>\n\n\n\n<figure class=\"wp-block-image aligncenter size-full is-resized\"><img decoding=\"async\" width=\"1500\" height=\"1000\" src=\"https:\/\/d2ris6qfzcz0wn.cloudfront.net\/wp-content\/uploads\/sites\/25\/2024\/01\/MAS_J9260_2_pink.jpg\" alt=\"\" class=\"wp-image-16356\" style=\"width:547px;height:auto\" srcset=\"https:\/\/d2ris6qfzcz0wn.cloudfront.net\/wp-content\/uploads\/sites\/25\/2024\/01\/MAS_J9260_2_pink.jpg 1500w, https:\/\/d2ris6qfzcz0wn.cloudfront.net\/wp-content\/uploads\/sites\/25\/2024\/01\/MAS_J9260_2_pink-300x200.jpg 300w, https:\/\/d2ris6qfzcz0wn.cloudfront.net\/wp-content\/uploads\/sites\/25\/2024\/01\/MAS_J9260_2_pink-1024x683.jpg 1024w, https:\/\/d2ris6qfzcz0wn.cloudfront.net\/wp-content\/uploads\/sites\/25\/2024\/01\/MAS_J9260_2_pink-768x512.jpg 768w\" sizes=\"(max-width: 1500px) 100vw, 1500px\" \/><figcaption class=\"wp-element-caption\"><em>Obr\u00e1zek: Vstupn\u00ed roho\u017ee l\u00e1kaj\u00ed z\u00e1kazn\u00edky k n\u00e1v\u0161t\u011bv\u011b. Zdroj: Lindstr\u00f6mgroup.com<\/em><\/figcaption><\/figure>\n\n\n\n<h2 class=\"wp-block-heading\">Z\u00e1kazn\u00edci si v\u0161\u00edmaj\u00ed i upravenosti zam\u011bstnanc\u016f a \u010distoty prostor<\/h2>\n\n\n\n<p>Kdy\u017e se nad t\u00edm zamysl\u00edte, ur\u010dit\u011b se shodneme na tom, \u017ee si podv\u011bdom\u011b vyb\u00edr\u00e1me takov\u00e9 obchody, kde n\u00e1s v\u00edt\u00e1 usm\u011bvav\u00fd person\u00e1l ve slu\u0161iv\u00e9m a \u010dist\u00e9m firemn\u00edm oble\u010den\u00ed, kde je za\u0159\u00edzen\u00ed slad\u011bno do firemn\u00edch barev. Je\u0161t\u011b d\u016fle\u017eit\u011bj\u0161\u00ed ne\u017e d\u0159\u00edv je dodr\u017eov\u00e1n\u00ed hygienick\u00fdch pravidel a d\u016fkladn\u00e9ho \u00faklidu, toho si z\u00e1kazn\u00edci taky v\u0161\u00edmaj\u00ed je\u0161t\u011b o n\u011bco v\u00edc. Nemus\u00edte v\u0161ak na cel\u00fd proces b\u00fdt sami, r\u00e1di p\u0159evezmeme starost o <strong>pran\u00ed a \u010di\u0161t\u011bn\u00ed pracovn\u00edch od\u011bv\u016f<\/strong> a vstupn\u00edch \u010dist\u00edc\u00edch roho\u017e\u00ed za v\u00e1s. Vybran\u00e9 textilie si od n\u00e1s pronajmete, domluv\u00edte si intervaly svozu \u0161pinav\u00fdch pracovn\u00edch od\u011bv\u016f nebo roho\u017e\u00ed a jejich v\u00fdm\u011bnu za \u010dist\u00e9. Va\u0161i pracovn\u00edci budou v\u017edy jak ze \u017eurn\u00e1lu a va\u0161e prostory v pln\u00e9m lesku.<\/p>\n","protected":false},"excerpt":{"rendered":"<p>Minul\u00fd rok p\u0159inesl kv\u016fli koronavirov\u00e9 pandemii revolu\u010dn\u00ed zm\u011bnu n\u00e1kupn\u00edho chov\u00e1n\u00ed snad po cel\u00e9m sv\u011bt\u011b. Protiepidemick\u00e1 opat\u0159en\u00ed a uzav\u00edrky kamenn\u00fdch obchod\u016f a dal\u0161\u00edch provozoven prom\u011bnily na\u0161e&#8230;<\/p>\n","protected":false},"author":14,"featured_media":17803,"comment_status":"closed","ping_status":"open","sticky":false,"template":"","format":"standard","meta":{"_acf_changed":false,"inline_featured_image":false,"_eb_attr":"","site-sidebar-layout":"default","site-content-layout":"","ast-site-content-layout":"default","site-content-style":"default","site-sidebar-style":"default","ast-global-header-display":"","ast-banner-title-visibility":"","ast-main-header-display":"","ast-hfb-above-header-display":"","ast-hfb-below-header-display":"","ast-hfb-mobile-header-display":"","site-post-title":"","ast-breadcrumbs-content":"","ast-featured-img":"","footer-sml-layout":"","ast-disable-related-posts":"","theme-transparent-header-meta":"","adv-header-id-meta":"","stick-header-meta":"","header-above-stick-meta":"","header-main-stick-meta":"","header-below-stick-meta":"","astra-migrate-meta-layouts":"default","ast-page-background-enabled":"default","ast-page-background-meta":{"desktop":{"background-color":"var(--ast-global-color-4)","background-image":"","background-repeat":"repeat","background-position":"center center","background-size":"auto","background-attachment":"scroll","background-type":"","background-media":"","overlay-type":"","overlay-color":"","overlay-opacity":"","overlay-gradient":""},"tablet":{"background-color":"","background-image":"","background-repeat":"repeat","background-position":"center center","background-size":"auto","background-attachment":"scroll","background-type":"","background-media":"","overlay-type":"","overlay-color":"","overlay-opacity":"","overlay-gradient":""},"mobile":{"background-color":"","background-image":"","background-repeat":"repeat","background-position":"center center","background-size":"auto","background-attachment":"scroll","background-type":"","background-media":"","overlay-type":"","overlay-color":"","overlay-opacity":"","overlay-gradient":""}},"ast-content-background-meta":{"desktop":{"background-color":"var(--ast-global-color-5)","background-image":"","background-repeat":"repeat","background-position":"center center","background-size":"auto","background-attachment":"scroll","background-type":"","background-media":"","overlay-type":"","overlay-color":"","overlay-opacity":"","overlay-gradient":""},"tablet":{"background-color":"var(--ast-global-color-5)","background-image":"","background-repeat":"repeat","background-position":"center center","background-size":"auto","background-attachment":"scroll","background-type":"","background-media":"","overlay-type":"","overlay-color":"","overlay-opacity":"","overlay-gradient":""},"mobile":{"background-color":"var(--ast-global-color-5)","background-image":"","background-repeat":"repeat","background-position":"center center","background-size":"auto","background-attachment":"scroll","background-type":"","background-media":"","overlay-type":"","overlay-color":"","overlay-opacity":"","overlay-gradient":""}},"footnotes":""},"categories":[14],"tags":[46,51,56],"coauthors":[20],"class_list":["post-17802","post","type-post","status-publish","format-standard","has-post-thumbnail","hentry","category-article","tag-cisticirohoze","tag-pracovniodevy","tag-retail"],"acf":[],"yoast_head":"<!-- This site is optimized with the Yoast SEO plugin v27.2 - https:\/\/yoast.com\/product\/yoast-seo-wordpress\/ -->\n<title>Jak op\u011bt zv\u00fd\u0161it prodeje v kamenn\u00fdch prodejn\u00e1ch? - Lindstr\u00f6m Czech<\/title>\n<meta name=\"robots\" content=\"index, follow, max-snippet:-1, max-image-preview:large, max-video-preview:-1\" \/>\n<meta property=\"og:locale\" content=\"cs_CZ\" \/>\n<meta property=\"og:type\" content=\"article\" \/>\n<meta property=\"og:title\" content=\"Jak op\u011bt zv\u00fd\u0161it prodeje v kamenn\u00fdch prodejn\u00e1ch? - Lindstr\u00f6m Czech\" \/>\n<meta property=\"og:description\" content=\"Minul\u00fd rok p\u0159inesl kv\u016fli koronavirov\u00e9 pandemii revolu\u010dn\u00ed zm\u011bnu n\u00e1kupn\u00edho chov\u00e1n\u00ed snad po cel\u00e9m sv\u011bt\u011b. Protiepidemick\u00e1 opat\u0159en\u00ed a uzav\u00edrky kamenn\u00fdch obchod\u016f a dal\u0161\u00edch provozoven prom\u011bnily na\u0161e...\" \/>\n<meta property=\"og:url\" content=\"https:\/\/lindstromgroup.com\/cz\/article\/zvyseni-prodeju-v-prodejnach\/\" \/>\n<meta property=\"og:site_name\" content=\"Lindstr\u00f6m Czech\" \/>\n<meta property=\"article:published_time\" content=\"2021-06-08T19:23:00+00:00\" \/>\n<meta property=\"article:modified_time\" content=\"2025-05-26T13:17:17+00:00\" \/>\n<meta property=\"og:image\" content=\"https:\/\/lindstrom-sites.s3.eu-north-1.amazonaws.com\/wp-content\/uploads\/sites\/25\/2024\/04\/lindstrom-zvyseni-prodeju-v-prodejnach-042024-1.jpg\" \/>\n\t<meta property=\"og:image:width\" content=\"1024\" \/>\n\t<meta property=\"og:image:height\" content=\"682\" \/>\n\t<meta property=\"og:image:type\" content=\"image\/jpeg\" \/>\n<meta name=\"author\" content=\"Lindstr\u00f6m Group\" \/>\n<meta name=\"twitter:card\" content=\"summary_large_image\" \/>\n<meta name=\"twitter:label1\" content=\"Napsal(a)\" \/>\n\t<meta name=\"twitter:data1\" content=\"Lindstr\u00f6m Group\" \/>\n\t<meta name=\"twitter:label2\" content=\"Odhadovan\u00e1 doba \u010dten\u00ed\" \/>\n\t<meta name=\"twitter:data2\" content=\"6 minut\" \/>\n\t<meta name=\"twitter:label3\" content=\"Written by\" \/>\n\t<meta name=\"twitter:data3\" content=\"Lindstr\u00f6m Group\" \/>\n<script type=\"application\/ld+json\" class=\"yoast-schema-graph\">{\"@context\":\"https:\/\/schema.org\",\"@graph\":[{\"@type\":\"Article\",\"@id\":\"https:\/\/lindstromgroup.com\/cz\/article\/zvyseni-prodeju-v-prodejnach\/#article\",\"isPartOf\":{\"@id\":\"https:\/\/lindstromgroup.com\/cz\/article\/zvyseni-prodeju-v-prodejnach\/\"},\"author\":{\"name\":\"Lindstr\u00f6m Group\",\"@id\":\"https:\/\/lindstromgroup.com\/cz\/#\/schema\/person\/9111900e3f15be99cf4a104112bf0bc3\"},\"headline\":\"Jak op\u011bt zv\u00fd\u0161it prodeje v kamenn\u00fdch prodejn\u00e1ch?\",\"datePublished\":\"2021-06-08T19:23:00+00:00\",\"dateModified\":\"2025-05-26T13:17:17+00:00\",\"mainEntityOfPage\":{\"@id\":\"https:\/\/lindstromgroup.com\/cz\/article\/zvyseni-prodeju-v-prodejnach\/\"},\"wordCount\":1238,\"publisher\":{\"@id\":\"https:\/\/lindstromgroup.com\/cz\/#organization\"},\"image\":{\"@id\":\"https:\/\/lindstromgroup.com\/cz\/article\/zvyseni-prodeju-v-prodejnach\/#primaryimage\"},\"thumbnailUrl\":\"https:\/\/d2ris6qfzcz0wn.cloudfront.net\/wp-content\/uploads\/sites\/25\/2024\/04\/lindstrom-zvyseni-prodeju-v-prodejnach-042024-1.jpg\",\"keywords\":[\"#cisticirohoze\",\"#pracovniodevy\",\"#retail\"],\"articleSection\":[\"\u010cl\u00e1nek\"],\"inLanguage\":\"cs\"},{\"@type\":\"WebPage\",\"@id\":\"https:\/\/lindstromgroup.com\/cz\/article\/zvyseni-prodeju-v-prodejnach\/\",\"url\":\"https:\/\/lindstromgroup.com\/cz\/article\/zvyseni-prodeju-v-prodejnach\/\",\"name\":\"Jak op\u011bt zv\u00fd\u0161it prodeje v kamenn\u00fdch prodejn\u00e1ch? - Lindstr\u00f6m Czech\",\"isPartOf\":{\"@id\":\"https:\/\/lindstromgroup.com\/cz\/#website\"},\"primaryImageOfPage\":{\"@id\":\"https:\/\/lindstromgroup.com\/cz\/article\/zvyseni-prodeju-v-prodejnach\/#primaryimage\"},\"image\":{\"@id\":\"https:\/\/lindstromgroup.com\/cz\/article\/zvyseni-prodeju-v-prodejnach\/#primaryimage\"},\"thumbnailUrl\":\"https:\/\/d2ris6qfzcz0wn.cloudfront.net\/wp-content\/uploads\/sites\/25\/2024\/04\/lindstrom-zvyseni-prodeju-v-prodejnach-042024-1.jpg\",\"datePublished\":\"2021-06-08T19:23:00+00:00\",\"dateModified\":\"2025-05-26T13:17:17+00:00\",\"breadcrumb\":{\"@id\":\"https:\/\/lindstromgroup.com\/cz\/article\/zvyseni-prodeju-v-prodejnach\/#breadcrumb\"},\"inLanguage\":\"cs\",\"potentialAction\":[{\"@type\":\"ReadAction\",\"target\":[\"https:\/\/lindstromgroup.com\/cz\/article\/zvyseni-prodeju-v-prodejnach\/\"]}]},{\"@type\":\"ImageObject\",\"inLanguage\":\"cs\",\"@id\":\"https:\/\/lindstromgroup.com\/cz\/article\/zvyseni-prodeju-v-prodejnach\/#primaryimage\",\"url\":\"https:\/\/d2ris6qfzcz0wn.cloudfront.net\/wp-content\/uploads\/sites\/25\/2024\/04\/lindstrom-zvyseni-prodeju-v-prodejnach-042024-1.jpg\",\"contentUrl\":\"https:\/\/d2ris6qfzcz0wn.cloudfront.net\/wp-content\/uploads\/sites\/25\/2024\/04\/lindstrom-zvyseni-prodeju-v-prodejnach-042024-1.jpg\",\"width\":1024,\"height\":682},{\"@type\":\"BreadcrumbList\",\"@id\":\"https:\/\/lindstromgroup.com\/cz\/article\/zvyseni-prodeju-v-prodejnach\/#breadcrumb\",\"itemListElement\":[{\"@type\":\"ListItem\",\"position\":1,\"name\":\"Home\",\"item\":\"https:\/\/lindstromgroup.com\/cz\/\"},{\"@type\":\"ListItem\",\"position\":2,\"name\":\"\u010cl\u00e1nek\",\"item\":\"https:\/\/lindstromgroup.com\/cz\/category\/article\/\"},{\"@type\":\"ListItem\",\"position\":3,\"name\":\"Jak op\u011bt zv\u00fd\u0161it prodeje v kamenn\u00fdch prodejn\u00e1ch?\"}]},{\"@type\":\"WebSite\",\"@id\":\"https:\/\/lindstromgroup.com\/cz\/#website\",\"url\":\"https:\/\/lindstromgroup.com\/cz\/\",\"name\":\"Lindstr\u00f6m Czech\",\"description\":\"\",\"publisher\":{\"@id\":\"https:\/\/lindstromgroup.com\/cz\/#organization\"},\"potentialAction\":[{\"@type\":\"SearchAction\",\"target\":{\"@type\":\"EntryPoint\",\"urlTemplate\":\"https:\/\/lindstromgroup.com\/cz\/?s={search_term_string}\"},\"query-input\":{\"@type\":\"PropertyValueSpecification\",\"valueRequired\":true,\"valueName\":\"search_term_string\"}}],\"inLanguage\":\"cs\"},{\"@type\":\"Organization\",\"@id\":\"https:\/\/lindstromgroup.com\/cz\/#organization\",\"name\":\"Lindstr\u00f6m\",\"url\":\"https:\/\/lindstromgroup.com\/cz\/\",\"logo\":{\"@type\":\"ImageObject\",\"inLanguage\":\"cs\",\"@id\":\"https:\/\/lindstromgroup.com\/cz\/#\/schema\/logo\/image\/\",\"url\":\"https:\/\/d2ris6qfzcz0wn.cloudfront.net\/wp-content\/uploads\/sites\/25\/2023\/10\/Logo512.png\",\"contentUrl\":\"https:\/\/d2ris6qfzcz0wn.cloudfront.net\/wp-content\/uploads\/sites\/25\/2023\/10\/Logo512.png\",\"width\":512,\"height\":109,\"caption\":\"Lindstr\u00f6m\"},\"image\":{\"@id\":\"https:\/\/lindstromgroup.com\/cz\/#\/schema\/logo\/image\/\"}},{\"@type\":\"Person\",\"@id\":\"https:\/\/lindstromgroup.com\/cz\/#\/schema\/person\/9111900e3f15be99cf4a104112bf0bc3\",\"name\":\"Lindstr\u00f6m Group\",\"image\":{\"@type\":\"ImageObject\",\"inLanguage\":\"cs\",\"@id\":\"https:\/\/secure.gravatar.com\/avatar\/db72e9a46e0f7c5c437401114209c070c0ed0871f3f73ed82792b5cf14c95b5c?s=96&d=mm&r=g93dbf206f3a4403aba72a0da0a795367\",\"url\":\"https:\/\/secure.gravatar.com\/avatar\/db72e9a46e0f7c5c437401114209c070c0ed0871f3f73ed82792b5cf14c95b5c?s=96&d=mm&r=g\",\"contentUrl\":\"https:\/\/secure.gravatar.com\/avatar\/db72e9a46e0f7c5c437401114209c070c0ed0871f3f73ed82792b5cf14c95b5c?s=96&d=mm&r=g\",\"caption\":\"Lindstr\u00f6m Group\"}}]}<\/script>\n<!-- \/ Yoast SEO plugin. -->","yoast_head_json":{"title":"Jak op\u011bt zv\u00fd\u0161it prodeje v kamenn\u00fdch prodejn\u00e1ch? - Lindstr\u00f6m Czech","robots":{"index":"index","follow":"follow","max-snippet":"max-snippet:-1","max-image-preview":"max-image-preview:large","max-video-preview":"max-video-preview:-1"},"og_locale":"cs_CZ","og_type":"article","og_title":"Jak op\u011bt zv\u00fd\u0161it prodeje v kamenn\u00fdch prodejn\u00e1ch? - Lindstr\u00f6m Czech","og_description":"Minul\u00fd rok p\u0159inesl kv\u016fli koronavirov\u00e9 pandemii revolu\u010dn\u00ed zm\u011bnu n\u00e1kupn\u00edho chov\u00e1n\u00ed snad po cel\u00e9m sv\u011bt\u011b. Protiepidemick\u00e1 opat\u0159en\u00ed a uzav\u00edrky kamenn\u00fdch obchod\u016f a dal\u0161\u00edch provozoven prom\u011bnily na\u0161e...","og_url":"https:\/\/lindstromgroup.com\/cz\/article\/zvyseni-prodeju-v-prodejnach\/","og_site_name":"Lindstr\u00f6m Czech","article_published_time":"2021-06-08T19:23:00+00:00","article_modified_time":"2025-05-26T13:17:17+00:00","og_image":[{"width":1024,"height":682,"url":"https:\/\/lindstrom-sites.s3.eu-north-1.amazonaws.com\/wp-content\/uploads\/sites\/25\/2024\/04\/lindstrom-zvyseni-prodeju-v-prodejnach-042024-1.jpg","type":"image\/jpeg"}],"author":"Lindstr\u00f6m Group","twitter_card":"summary_large_image","twitter_misc":{"Napsal(a)":"Lindstr\u00f6m Group","Odhadovan\u00e1 doba \u010dten\u00ed":"6 minut","Written by":"Lindstr\u00f6m Group"},"schema":{"@context":"https:\/\/schema.org","@graph":[{"@type":"Article","@id":"https:\/\/lindstromgroup.com\/cz\/article\/zvyseni-prodeju-v-prodejnach\/#article","isPartOf":{"@id":"https:\/\/lindstromgroup.com\/cz\/article\/zvyseni-prodeju-v-prodejnach\/"},"author":{"name":"Lindstr\u00f6m Group","@id":"https:\/\/lindstromgroup.com\/cz\/#\/schema\/person\/9111900e3f15be99cf4a104112bf0bc3"},"headline":"Jak op\u011bt zv\u00fd\u0161it prodeje v kamenn\u00fdch prodejn\u00e1ch?","datePublished":"2021-06-08T19:23:00+00:00","dateModified":"2025-05-26T13:17:17+00:00","mainEntityOfPage":{"@id":"https:\/\/lindstromgroup.com\/cz\/article\/zvyseni-prodeju-v-prodejnach\/"},"wordCount":1238,"publisher":{"@id":"https:\/\/lindstromgroup.com\/cz\/#organization"},"image":{"@id":"https:\/\/lindstromgroup.com\/cz\/article\/zvyseni-prodeju-v-prodejnach\/#primaryimage"},"thumbnailUrl":"https:\/\/d2ris6qfzcz0wn.cloudfront.net\/wp-content\/uploads\/sites\/25\/2024\/04\/lindstrom-zvyseni-prodeju-v-prodejnach-042024-1.jpg","keywords":["#cisticirohoze","#pracovniodevy","#retail"],"articleSection":["\u010cl\u00e1nek"],"inLanguage":"cs"},{"@type":"WebPage","@id":"https:\/\/lindstromgroup.com\/cz\/article\/zvyseni-prodeju-v-prodejnach\/","url":"https:\/\/lindstromgroup.com\/cz\/article\/zvyseni-prodeju-v-prodejnach\/","name":"Jak op\u011bt zv\u00fd\u0161it prodeje v kamenn\u00fdch prodejn\u00e1ch? - Lindstr\u00f6m Czech","isPartOf":{"@id":"https:\/\/lindstromgroup.com\/cz\/#website"},"primaryImageOfPage":{"@id":"https:\/\/lindstromgroup.com\/cz\/article\/zvyseni-prodeju-v-prodejnach\/#primaryimage"},"image":{"@id":"https:\/\/lindstromgroup.com\/cz\/article\/zvyseni-prodeju-v-prodejnach\/#primaryimage"},"thumbnailUrl":"https:\/\/d2ris6qfzcz0wn.cloudfront.net\/wp-content\/uploads\/sites\/25\/2024\/04\/lindstrom-zvyseni-prodeju-v-prodejnach-042024-1.jpg","datePublished":"2021-06-08T19:23:00+00:00","dateModified":"2025-05-26T13:17:17+00:00","breadcrumb":{"@id":"https:\/\/lindstromgroup.com\/cz\/article\/zvyseni-prodeju-v-prodejnach\/#breadcrumb"},"inLanguage":"cs","potentialAction":[{"@type":"ReadAction","target":["https:\/\/lindstromgroup.com\/cz\/article\/zvyseni-prodeju-v-prodejnach\/"]}]},{"@type":"ImageObject","inLanguage":"cs","@id":"https:\/\/lindstromgroup.com\/cz\/article\/zvyseni-prodeju-v-prodejnach\/#primaryimage","url":"https:\/\/d2ris6qfzcz0wn.cloudfront.net\/wp-content\/uploads\/sites\/25\/2024\/04\/lindstrom-zvyseni-prodeju-v-prodejnach-042024-1.jpg","contentUrl":"https:\/\/d2ris6qfzcz0wn.cloudfront.net\/wp-content\/uploads\/sites\/25\/2024\/04\/lindstrom-zvyseni-prodeju-v-prodejnach-042024-1.jpg","width":1024,"height":682},{"@type":"BreadcrumbList","@id":"https:\/\/lindstromgroup.com\/cz\/article\/zvyseni-prodeju-v-prodejnach\/#breadcrumb","itemListElement":[{"@type":"ListItem","position":1,"name":"Home","item":"https:\/\/lindstromgroup.com\/cz\/"},{"@type":"ListItem","position":2,"name":"\u010cl\u00e1nek","item":"https:\/\/lindstromgroup.com\/cz\/category\/article\/"},{"@type":"ListItem","position":3,"name":"Jak op\u011bt zv\u00fd\u0161it prodeje v kamenn\u00fdch prodejn\u00e1ch?"}]},{"@type":"WebSite","@id":"https:\/\/lindstromgroup.com\/cz\/#website","url":"https:\/\/lindstromgroup.com\/cz\/","name":"Lindstr\u00f6m Czech","description":"","publisher":{"@id":"https:\/\/lindstromgroup.com\/cz\/#organization"},"potentialAction":[{"@type":"SearchAction","target":{"@type":"EntryPoint","urlTemplate":"https:\/\/lindstromgroup.com\/cz\/?s={search_term_string}"},"query-input":{"@type":"PropertyValueSpecification","valueRequired":true,"valueName":"search_term_string"}}],"inLanguage":"cs"},{"@type":"Organization","@id":"https:\/\/lindstromgroup.com\/cz\/#organization","name":"Lindstr\u00f6m","url":"https:\/\/lindstromgroup.com\/cz\/","logo":{"@type":"ImageObject","inLanguage":"cs","@id":"https:\/\/lindstromgroup.com\/cz\/#\/schema\/logo\/image\/","url":"https:\/\/d2ris6qfzcz0wn.cloudfront.net\/wp-content\/uploads\/sites\/25\/2023\/10\/Logo512.png","contentUrl":"https:\/\/d2ris6qfzcz0wn.cloudfront.net\/wp-content\/uploads\/sites\/25\/2023\/10\/Logo512.png","width":512,"height":109,"caption":"Lindstr\u00f6m"},"image":{"@id":"https:\/\/lindstromgroup.com\/cz\/#\/schema\/logo\/image\/"}},{"@type":"Person","@id":"https:\/\/lindstromgroup.com\/cz\/#\/schema\/person\/9111900e3f15be99cf4a104112bf0bc3","name":"Lindstr\u00f6m Group","image":{"@type":"ImageObject","inLanguage":"cs","@id":"https:\/\/secure.gravatar.com\/avatar\/db72e9a46e0f7c5c437401114209c070c0ed0871f3f73ed82792b5cf14c95b5c?s=96&d=mm&r=g93dbf206f3a4403aba72a0da0a795367","url":"https:\/\/secure.gravatar.com\/avatar\/db72e9a46e0f7c5c437401114209c070c0ed0871f3f73ed82792b5cf14c95b5c?s=96&d=mm&r=g","contentUrl":"https:\/\/secure.gravatar.com\/avatar\/db72e9a46e0f7c5c437401114209c070c0ed0871f3f73ed82792b5cf14c95b5c?s=96&d=mm&r=g","caption":"Lindstr\u00f6m Group"}}]}},"publishpress_future_workflow_manual_trigger":{"enabledWorkflows":[]},"distributor_meta":false,"distributor_terms":false,"distributor_media":false,"distributor_original_site_name":"Lindstr\u00f6m Czech","distributor_original_site_url":"https:\/\/lindstromgroup.com\/cz","push-errors":false,"_links":{"self":[{"href":"https:\/\/lindstromgroup.com\/cz\/wp-json\/wp\/v2\/posts\/17802","targetHints":{"allow":["GET"]}}],"collection":[{"href":"https:\/\/lindstromgroup.com\/cz\/wp-json\/wp\/v2\/posts"}],"about":[{"href":"https:\/\/lindstromgroup.com\/cz\/wp-json\/wp\/v2\/types\/post"}],"author":[{"embeddable":true,"href":"https:\/\/lindstromgroup.com\/cz\/wp-json\/wp\/v2\/users\/14"}],"replies":[{"embeddable":true,"href":"https:\/\/lindstromgroup.com\/cz\/wp-json\/wp\/v2\/comments?post=17802"}],"version-history":[{"count":0,"href":"https:\/\/lindstromgroup.com\/cz\/wp-json\/wp\/v2\/posts\/17802\/revisions"}],"wp:featuredmedia":[{"embeddable":true,"href":"https:\/\/lindstromgroup.com\/cz\/wp-json\/wp\/v2\/media\/17803"}],"wp:attachment":[{"href":"https:\/\/lindstromgroup.com\/cz\/wp-json\/wp\/v2\/media?parent=17802"}],"wp:term":[{"taxonomy":"category","embeddable":true,"href":"https:\/\/lindstromgroup.com\/cz\/wp-json\/wp\/v2\/categories?post=17802"},{"taxonomy":"post_tag","embeddable":true,"href":"https:\/\/lindstromgroup.com\/cz\/wp-json\/wp\/v2\/tags?post=17802"},{"taxonomy":"author","embeddable":true,"href":"https:\/\/lindstromgroup.com\/cz\/wp-json\/wp\/v2\/coauthors?post=17802"}],"curies":[{"name":"wp","href":"https:\/\/api.w.org\/{rel}","templated":true}]}}