
    {"id":17779,"date":"2020-11-20T19:26:00","date_gmt":"2020-11-20T18:26:00","guid":{"rendered":"https:\/\/lindstromgroup.com\/cz\/?p=17779"},"modified":"2025-05-26T14:23:36","modified_gmt":"2025-05-26T13:23:36","slug":"uhlikova-stopa-a-textilni-odpad","status":"publish","type":"post","link":"https:\/\/lindstromgroup.com\/cz\/article\/uhlikova-stopa-a-textilni-odpad\/","title":{"rendered":"Uhl\u00edkov\u00e1 stopa a textiln\u00ed odpad"},"content":{"rendered":"\n<p><span style=\"font-weight: 400;\">V tomto zvl\u00e1\u0161tn\u00edm obdob\u00ed st\u00e1le v\u011bt\u0161\u00ed \u010d\u00e1sti lid\u00ed doch\u00e1z\u00ed, \u017ee mus\u00edme zm\u011bnit sv\u00e9 my\u0161len\u00ed, sv\u016fj p\u0159\u00edstup k p\u0159\u00edrod\u011b a planet\u011b, abychom m\u011bli p\u0159ed sebou n\u011bjakou budoucnost. St\u00e1ty, firmy i jednotlivci se sna\u017e\u00ed m\u011bnit nejenom sv\u00e9 postoje, ale z\u00e1rove\u0148 i chov\u00e1n\u00ed \u2013 sni\u017eovat nadm\u011brnou spot\u0159ebu, zam\u011b\u0159it se na aktivity, kter\u00e9 lidem prosp\u00edvaj\u00ed, chr\u00e1nit \u017eivotn\u00ed prost\u0159ed\u00ed.<\/span><\/p>\n\n\n\n<p><span style=\"font-weight: 400;\">Jedn\u00edm z kl\u00ed\u010dov\u00fdch indik\u00e1tor\u016f udr\u017eiteln\u00e9ho rozvoje je <\/span><b>uhl\u00edkov\u00e1 stopa<\/b><span style=\"font-weight: 400;\">. V\u00fdhodou tohoto ukazatele je univerz\u00e1lnost, nebo\u0165 ji lze stanovit na r\u016fzn\u00fdch \u00farovn\u00edch \u2013 od mezin\u00e1rodn\u00ed, p\u0159es n\u00e1rodn\u00ed a m\u00edstn\u00ed, a\u017e po \u00farove\u0148 jednotlivc\u016f \u010di v\u00fdrobk\u016f a slu\u017eeb.<\/span><\/p>\n\n\n\n<h2 class=\"wp-block-heading\"><b>Sni\u017eov\u00e1n\u00ed uhl\u00edkov\u00e9 stopy<\/b><\/h2>\n\n\n\n<p><span style=\"font-weight: 400;\">D\u016fle\u017eitou v\u011bc\u00ed, kterou m\u016f\u017eeme m\u011b\u0159it a v\u011bdom\u011b d\u011blat, je <\/span><b>sni\u017eov\u00e1n\u00ed uhl\u00edkov\u00e9 stopy<\/b><span style=\"font-weight: 400;\">. Uhl\u00edkov\u00e1 stopa je ukazatel, kter\u00fd ud\u00e1v\u00e1 mno\u017estv\u00ed emis\u00ed CO<\/span><span style=\"font-weight: 400;\">2 <\/span><span style=\"font-weight: 400;\">vyprodukovan\u00fdch b\u011bhem jednotliv\u00fdch lidsk\u00fdch aktivit, tzn. souhrnnou spot\u0159ebu energi\u00ed (zejm\u00e9na fosiln\u00edch paliv), materi\u00e1l\u016f a slu\u017eeb. M\u011b\u0159\u00ed mno\u017estv\u00ed <\/span><b>sklen\u00edkov\u00fdch plyn\u016f<\/b><span style=\"font-weight: 400;\">, kter\u00e9 odpov\u00eddaj\u00ed ur\u010dit\u00e9 aktivit\u011b, a je vyj\u00e1d\u0159en\u00e1 v ekvivalentech CO\u2082 (CO\u2082e). V p\u0159\u00edpad\u011b firmy stanovuje anal\u00fdza mno\u017estv\u00ed sklen\u00edkov\u00fdch plyn\u016f, kter\u00e9 souvis\u00ed s \u010dinnost\u00ed podniku.<\/span><\/p>\n\n\n\n<h2 class=\"wp-block-heading\"><b>Ro\u010dn\u00ed uhl\u00edkov\u00e1 stopa jednotlivce<\/b><\/h2>\n\n\n\n<p><span style=\"font-weight: 400;\">Co si pod pojmem <\/span><b>ro\u010dn\u00ed uhl\u00edkov\u00e1 stopa<\/b><span style=\"font-weight: 400;\"> konkr\u00e9tn\u011b p\u0159edstavit? P\u0159edstavte si, \u017ee se d\u00e1 vypo\u010d\u00edtat dopad na \u017eivotn\u00ed prost\u0159ed\u00ed (mno\u017estv\u00ed vyprodukovan\u00e9ho CO<\/span><span style=\"font-weight: 400;\">2<\/span><span style=\"font-weight: 400;\">) t\u0159eba va\u0161\u00ed cesty do pr\u00e1ce a porovnat mezi sebou r\u016fzn\u00e9 alternativy (cestu p\u011b\u0161ky, j\u00edzdu MHD nebo autem). Stejn\u00fdm zp\u016fsobem m\u016f\u017eete porovn\u00e1vat r\u016fzn\u00e9 oblasti va\u0161eho \u017eivota, nap\u0159\u00edklad co si d\u00e1te k sn\u00eddani a je \u0161etrn\u011bj\u0161\u00ed &#8211; dom\u00e1c\u00ed vaj\u00ed\u010dko nebo pr\u016fmyslov\u011b vyroben\u00e1 ovesn\u00e1 ka\u0161e. Zkr\u00e1tka v\u0161echno, co d\u011bl\u00e1me, za sebou zanech\u00e1v\u00e1 uhl\u00edkovou stopu.<\/span><\/p>\n\n\n\n<p><span style=\"font-weight: 400;\">Zaj\u00edmav\u00e9 jsou <\/span><b>v\u00fdpo\u010dty uhl\u00edkov\u00e9 stopy<\/b><span style=\"font-weight: 400;\"> bydlen\u00ed, dopravy, j\u00eddla, produkovan\u00fdch odpad\u016f a textilu na obyvatele Prahy. M\u016f\u017eeme si podle nich ud\u011blat orienta\u010dn\u011b p\u0159edstavu. Nejvy\u0161\u0161\u00ed uhl\u00edkov\u00e1 stopa vy\u0161la u j\u00eddla, asi 2 t CO<\/span><span style=\"font-weight: 400;\">2<\/span><span style=\"font-weight: 400;\"> e\/ob\u010dan\/rok. Na druh\u00e9m m\u00edst\u011b byla uhl\u00edkov\u00e1 stopa bydlen\u00ed, cca 1,5 t <\/span><span style=\"font-weight: 400;\">CO<\/span><span style=\"font-weight: 400;\">2<\/span><span style=\"font-weight: 400;\"> e\/ob\/rok. Na t\u0159et\u00edm m\u00edst\u011b se um\u00edstila doprava s uhl\u00edkovou stopou cca 1 t <\/span><span style=\"font-weight: 400;\">CO<\/span><span style=\"font-weight: 400;\">2<\/span><span style=\"font-weight: 400;\"> e\/ob\/rok. U odpad\u016f vy\u0161la uhl\u00edkov\u00e1 stopa cca 750 kg CO<\/span><span style=\"font-weight: 400;\">2<\/span><span style=\"font-weight: 400;\"> e\/ob\/rok. Samotn\u00e9 <\/span><b>nakl\u00e1d\u00e1n\u00ed s odpady<\/b><span style=\"font-weight: 400;\"> a jejich recyklace jsou odpov\u011bdn\u00e9 za cca 15 % t\u00e9to hodnoty.<\/span><\/p>\n\n\n\n<p><span style=\"font-weight: 400;\">Nejv\u011bt\u0161\u00ed dopady na \u017eivotn\u00ed prost\u0159ed\u00ed m\u00e1 spot\u0159eba a <strong>nakl\u00e1d\u00e1n\u00ed s plasty<\/strong>. Vysokou uhl\u00edkovou stopu m\u00e1 ale i <\/span><a href=\"https:\/\/lindstromgroup.com\/cz\/article\/kde-konci-textilni-odpad-pet-lahve\/\"><b>oble\u010den\u00ed a dal\u0161\u00ed textiln\u00ed v\u00fdrobky<\/b><\/a><span style=\"font-weight: 400;\">. V p\u0159\u00edpad\u011b, \u017ee v \u010cR skute\u010dn\u011b na jednoho obyvatele spot\u0159ebujeme 20 kg oble\u010den\u00ed, textilu a koberc\u016f za rok, pak uhl\u00edkov\u00e1 stopa t\u00e9to spot\u0159eby je 500 kg CO2 e\/ob\/rok. P\u0159itom jeden pr\u016fm\u011brn\u00fd strom za 100 let absorbuje pouze 1 tunu CO2.<\/span><\/p>\n\n\n\n<h2 class=\"wp-block-heading\"><b>Ro\u010dn\u00ed uhl\u00edkov\u00e1 stopa firem<\/b><\/h2>\n\n\n\n<p><span style=\"font-weight: 400;\">Uhl\u00edkov\u00e1 stopa podniku odpov\u00edd\u00e1 p\u0159\u00edm\u00fdm a nep\u0159\u00edm\u00fdm emis\u00edm spojen\u00fdm s fungov\u00e1n\u00edm firmy. U jej\u00edch \u010dinnost\u00ed je d\u016fle\u017eit\u00e1 <\/span><b>uhl\u00edkov\u00e1 stopa produktu<\/b><span style=\"font-weight: 400;\">, kter\u00e1 zahrnuje emise sklen\u00edkov\u00fdch plyn\u016f vznikl\u00e9 b\u011bhem \u017eivotn\u00edho cyklu v\u00fdrobku \u2013 od v\u00fdroby po likvidaci. K hodnocen\u00ed jsou nutn\u00e1 data z posouzen\u00ed \u017eivotn\u00edho cyklu v\u00fdrobk\u016f. V\u00fdsledky je mo\u017en\u00e9 pou\u017e\u00edt k porovn\u00e1v\u00e1n\u00ed jednotliv\u00fdch produkt\u016f z hlediska <\/span><b>udr\u017eiteln\u00e9ho rozvoje<\/b><span style=\"font-weight: 400;\">.<\/span><\/p>\n\n\n\n<h2 class=\"wp-block-heading\"><b>Na\u0161e firma Lindstr\u00f6m a udr\u017eitelnost<\/b><\/h2>\n\n\n\n<p><span style=\"font-weight: 400;\">Na\u0161e firma nab\u00edz\u00ed <\/span><a href=\"https:\/\/lindstromgroup.com\/cz\/services-different-industries\/\"><span style=\"font-weight: 400;\">slu\u017eby pron\u00e1jmu textilu<\/span><\/a><span style=\"font-weight: 400;\">, mezi kter\u00e9 pat\u0159\u00ed v\u00fdb\u011br textilu, navrhov\u00e1n\u00ed a zad\u00e1n\u00ed v\u00fdroby pracovn\u00edch od\u011bv\u016f, spr\u00e1va z\u00e1sob, logistika a dod\u00e1vka, ekologick\u00e1 p\u00e9\u010de o firemn\u00ed textilie a jejich \u00fadr\u017eba. K pronaj\u00edman\u00fdm textili\u00edm pat\u0159\u00ed <\/span><b>firemn\u00ed pracovn\u00ed od\u011bvy<\/b><span style=\"font-weight: 400;\">, textilie pro hotely, restaurace a o\u0161et\u0159ovatelsk\u00e9 domy, podlahov\u00e9 roho\u017ee a pr\u016fmyslov\u00e9 ut\u011brky.<\/span><\/p>\n\n\n\n<div class=\"inherit-container-width wp-block-group alignfull is-layout-constrained wp-block-group-is-layout-constrained\">\n<div class=\"wp-block-cover aligncenter is-light\"><span aria-hidden=\"true\" class=\"wp-block-cover__background has-background-dim-100 has-background-dim\" style=\"background-color:#ffffff\"><\/span><div class=\"wp-block-cover__inner-container is-layout-flow wp-block-cover-is-layout-flow\">\n<div class=\"wp-block-media-text alignwide is-stacked-on-mobile is-vertically-aligned-center is-image-fill\" style=\"grid-template-columns:56% auto\"><figure class=\"wp-block-media-text__media\" style=\"background-image:url(https:\/\/d2ris6qfzcz0wn.cloudfront.net\/wp-content\/uploads\/sites\/25\/2020\/11\/lindstrom-uhlikova-stopa-a-textilni-odpad-092024-01.jpg);background-position:50% 50%\"><img decoding=\"async\" width=\"1024\" height=\"717\" src=\"https:\/\/d2ris6qfzcz0wn.cloudfront.net\/wp-content\/uploads\/sites\/25\/2020\/11\/lindstrom-uhlikova-stopa-a-textilni-odpad-092024-01.jpg\" alt=\"Pron\u00e1jem pracovn\u00edch od\u011bv\u016f sni\u017euje uhl\u00edkovou stopu\" class=\"wp-image-18827 size-full\" srcset=\"https:\/\/d2ris6qfzcz0wn.cloudfront.net\/wp-content\/uploads\/sites\/25\/2020\/11\/lindstrom-uhlikova-stopa-a-textilni-odpad-092024-01.jpg 1024w, https:\/\/d2ris6qfzcz0wn.cloudfront.net\/wp-content\/uploads\/sites\/25\/2020\/11\/lindstrom-uhlikova-stopa-a-textilni-odpad-092024-01-300x210.jpg 300w, https:\/\/d2ris6qfzcz0wn.cloudfront.net\/wp-content\/uploads\/sites\/25\/2020\/11\/lindstrom-uhlikova-stopa-a-textilni-odpad-092024-01-768x538.jpg 768w\" sizes=\"(max-width: 1024px) 100vw, 1024px\" \/><\/figure><div class=\"wp-block-media-text__content\">\n<h2 class=\"wp-block-heading has-purple-color has-text-color\" style=\"font-size:32px\"><strong>Pracovn\u00ed od\u011bvy pro r\u016fzn\u00e9 obory<\/strong><\/h2>\n\n\n\n<p>Pros\u00edm vyberte si kolekci pracovn\u00edho oble\u010den\u00ed, kter\u00e1 V\u00e1s zaj\u00edm\u00e1 a my za\u0161leme katalog na V\u00e1\u0161 e-mail.<\/p>\n\n\n\n<div class=\"wp-block-buttons is-layout-flex wp-block-buttons-is-layout-flex\">\n<div class=\"wp-block-button\"><a class=\"wp-block-button__link wp-element-button\" href=\"https:\/\/group.lindstromgroup.com\/cz\/kolekce_pracovn%C3%ADch_od%C4%9Bv%C5%AF_potravin%C3%A1%C5%99stv%C3%AD?_gl=1*u8f5l9*_ga*ODI0OTY4NDU2LjE2NTY0MTY1MjE.*_ga_WMQL1BGZ96*MTY3NjYzMjg4MS41MDcuMS4xNjc2NjMyODk0LjAuMC4w&amp;_ga=2.268313544.710660524.1676272779-824968456.1656416521\">Chci vybrat kolekci a zaslat ji na m\u016fj email<\/a><\/div>\n<\/div>\n<\/div><\/div>\n<\/div><\/div>\n<\/div>\n\n\n\n<p><\/p>\n\n\n\n<p><span style=\"font-weight: 400;\">V sou\u010dasn\u00e9m obdob\u00ed <\/span><a href=\"https:\/\/lindstromgroup.com\/cz\/article\/jak-ovlivnil-koronavirus-hygienu-v-potravinarstvi-a-v-obchodech-s-potravinami\/\"><span style=\"font-weight: 400;\">koronavirov\u00e9 pandemie<\/span><\/a><span style=\"font-weight: 400;\"> oce\u0148uj\u00ed firmy a podnikatel\u00e9 je\u0161t\u011b v\u00edce v\u00fdhody na\u0161ich slu\u017eeb (<\/span><b>pronaj\u00edm\u00e1n\u00ed a <a href=\"https:\/\/lindstromgroup.com\/cz\/frontpage\/clean-does-not-equal-hygienic\/\">hygienick\u00e9 \u010di\u0161t\u011bn\u00ed<\/a> pracovn\u00edch od\u011bv\u016f<\/b><span style=\"font-weight: 400;\"> a dal\u0161\u00edch firemn\u00edch textili\u00ed, t\u0159eba prateln\u00fdch hygienick\u00fdch rou\u0161ek).<\/span><\/p>\n\n\n\n<p><span style=\"font-weight: 400;\">Hygienick\u00e1 a v\u010dasn\u00e1 dod\u00e1vka je je\u0161t\u011b d\u016fle\u017eit\u011bj\u0161\u00ed ne\u017e d\u0159\u00edv. Zejm\u00e9na pro v dne\u0161n\u00ed dob\u011b exponovan\u00e1 odv\u011btv\u00ed, jako je zdravotnictv\u00ed, p\u00e9\u010de o seniory, zpracov\u00e1n\u00ed potravin &#8211; zkr\u00e1tka v\u0161echna, kter\u00e1 zaji\u0161\u0165uj\u00ed p\u00e9\u010di o nemocn\u00e9 a nezbytn\u00fd chod spole\u010dnosti. Opakovan\u011b pou\u017eiteln\u00e9 materi\u00e1ly jsou nav\u00edc <\/span><a href=\"https:\/\/lindstromgroup.com\/cz\/udrzatelnost\/\"><span style=\"font-weight: 400;\">\u0161etrn\u011bj\u0161\u00ed k \u017eivotn\u00edmu prost\u0159ed\u00ed<\/span><\/a><span style=\"font-weight: 400;\"> a <\/span><b>minimalizuj\u00ed uhl\u00edkovou stopu textiln\u00ed produkce<\/b><span style=\"font-weight: 400;\">.<\/span><\/p>\n\n\n\n<figure class=\"wp-block-image size-large is-resized alignnone lazyload wp-image-9298 size-full\"><img decoding=\"async\" width=\"1024\" height=\"683\" src=\"https:\/\/d2ris6qfzcz0wn.cloudfront.net\/wp-content\/uploads\/sites\/25\/2024\/05\/Lindstrom-Latvia-WWS-laundry-1024x683.jpg\" alt=\"\" class=\"wp-image-18393\" style=\"aspect-ratio:4\/3;object-fit:cover;width:445px;height:auto\" srcset=\"https:\/\/d2ris6qfzcz0wn.cloudfront.net\/wp-content\/uploads\/sites\/25\/2024\/05\/Lindstrom-Latvia-WWS-laundry-1024x683.jpg 1024w, https:\/\/d2ris6qfzcz0wn.cloudfront.net\/wp-content\/uploads\/sites\/25\/2024\/05\/Lindstrom-Latvia-WWS-laundry-300x200.jpg 300w, https:\/\/d2ris6qfzcz0wn.cloudfront.net\/wp-content\/uploads\/sites\/25\/2024\/05\/Lindstrom-Latvia-WWS-laundry-768x513.jpg 768w, https:\/\/d2ris6qfzcz0wn.cloudfront.net\/wp-content\/uploads\/sites\/25\/2024\/05\/Lindstrom-Latvia-WWS-laundry.jpg 1500w\" sizes=\"(max-width: 1024px) 100vw, 1024px\" \/><figcaption class=\"wp-element-caption\">Hygienick\u00e9 a ekologick\u00e9 pran\u00ed pr\u00e1dla v na\u0161\u00ed firm\u011b.<\/figcaption><\/figure>\n\n\n\n<h3 class=\"wp-block-heading\"><b>\u010clenstv\u00ed v mezin\u00e1rodn\u00ed organizaci ETSA<\/b><\/h3>\n\n\n\n<p><span style=\"font-weight: 400;\">Jsme sou\u010d\u00e1st\u00ed p\u0159edn\u00ed evropsk\u00e9 asociace pro p\u016fj\u010dovny textilu a n\u00e1rodn\u00ed asociace textiln\u00edch slu\u017eeb v Evrop\u011b <\/span><a href=\"https:\/\/www.textile-services.eu\/\" target=\"_blank\" rel=\"noopener noreferrer\"><b>ETSA<\/b><\/a><span style=\"font-weight: 400;\">, kter\u00e1 je platformou pro vytv\u00e1\u0159en\u00ed s\u00edt\u00ed a sd\u00edlen\u00ed osv\u011bd\u010den\u00fdch postup\u016f na vy\u0161\u0161\u00ed \u00farovni. ETSA zastupuje spole\u010dnosti evropsk\u00e9ho <\/span><b>odv\u011btv\u00ed textiln\u00edch slu\u017eeb<\/b><span style=\"font-weight: 400;\">, pro kter\u00e9 jsou udr\u017eitelnost a spole\u010densk\u00e1 odpov\u011bdnost z\u00e1kladn\u00edmi stavebn\u00edmi kameny jejich obchodn\u00ed strategie a ziskovosti spole\u010dnosti.<\/span><\/p>\n\n\n\n<p><span style=\"font-weight: 400;\">\u010cinnosti firem poskytuj\u00edc\u00edch textiln\u00ed slu\u017eby jsou certifikov\u00e1ny v souladu s mezin\u00e1rodn\u00edmi syst\u00e9my \u0159\u00edzen\u00ed, jako jsou ISO 9001 (management kvality) a ISO 14001 (environment\u00e1ln\u00ed management). \u010clenov\u00e9 ETSA mus\u00ed tak\u00e9 dodr\u017eovat p\u0159\u00edsn\u00e9 pr\u00e1vn\u00ed p\u0159edpisy EU a normy CEN.&nbsp;<\/span><\/p>\n\n\n\n<h2 class=\"wp-block-heading\"><b>Udr\u017eitelnost jako jedin\u00e1 spr\u00e1vn\u00e1 cesta<\/b><\/h2>\n\n\n\n<p><span style=\"font-weight: 400;\">Udr\u017eiteln\u00e1 spole\u010dnost mus\u00ed b\u00fdt vybudov\u00e1na tak, aby jej\u00ed \u017eivotn\u00ed styl a podnik\u00e1n\u00ed nebyly v rozporu se <\/span><b>schopnost\u00ed p\u0159\u00edrody udr\u017eet \u017eivot<\/b><span style=\"font-weight: 400;\">. Udr\u017eitelnost nen\u00ed mo\u017en\u00e1, jestli\u017ee lidsk\u00e1 spole\u010dnost dob\u00fdv\u00e1 a rozptyluje l\u00e1tky rychleji, ne\u017e se vracej\u00ed zp\u011bt do zemsk\u00e9 k\u016fry (ropa, uhl\u00ed, kovy), produkuje l\u00e1tky rychleji, ne\u017e mohou b\u00fdt rozlo\u017eeny p\u0159\u00edrodn\u00edmi procesy, progresivn\u011b ni\u010d\u00ed ekosyst\u00e9my\u2026&nbsp;<\/span><\/p>\n\n\n\n<p><b>Udr\u017eiteln\u00fd rozvoj<\/b><span style=\"font-weight: 400;\"> je zp\u016fsob rozvoje lidsk\u00e9 spole\u010dnosti, kter\u00fd uv\u00e1d\u00ed v soulad hospod\u00e1\u0159sk\u00fd a spole\u010densk\u00fd pokrok s plnohodnotn\u00fdm zachov\u00e1n\u00edm \u017eivotn\u00edho prost\u0159ed\u00ed<\/span><span style=\"font-weight: 400;\">. <\/span><span style=\"font-weight: 400;\">Udr\u017eiteln\u00fd rozvoj ve skute\u010dnosti neznamen\u00e1 nic v\u00edc ne\u017e ekologicky citliv\u011bj\u0161\u00ed r\u016fst. Je takov\u00fdm rozvojem, kter\u00fd napl\u0148uje pot\u0159eby p\u0159\u00edtomn\u00fdch generac\u00ed, ani\u017e by ohrozil schopnost napl\u0148ovat je i generac\u00edm budouc\u00edm.<\/span><\/p>\n\n\n\n<p><span style=\"font-weight: 400;\">Mottem udr\u017eiteln\u00e9ho rozvoje je cit\u00e1t Antoina de Saint-Exup\u00e9ry:<\/span> <i><span style=\"font-weight: 400;\">\u201eNed\u011bd\u00edme Zemi po na\u0161ich p\u0159edc\u00edch, n\u00fdbr\u017e si ji vyp\u016fj\u010dujeme od na\u0161ich d\u011bt\u00ed.\u201d<\/span><\/i><\/p>\n","protected":false},"excerpt":{"rendered":"<p>V tomto zvl\u00e1\u0161tn\u00edm obdob\u00ed st\u00e1le v\u011bt\u0161\u00ed \u010d\u00e1sti lid\u00ed doch\u00e1z\u00ed, \u017ee mus\u00edme zm\u011bnit sv\u00e9 my\u0161len\u00ed, sv\u016fj p\u0159\u00edstup k p\u0159\u00edrod\u011b a planet\u011b, abychom m\u011bli p\u0159ed sebou n\u011bjakou&#8230;<\/p>\n","protected":false},"author":14,"featured_media":17780,"comment_status":"closed","ping_status":"open","sticky":false,"template":"","format":"standard","meta":{"_acf_changed":false,"inline_featured_image":false,"_eb_attr":"","site-sidebar-layout":"default","site-content-layout":"","ast-site-content-layout":"default","site-content-style":"default","site-sidebar-style":"default","ast-global-header-display":"","ast-banner-title-visibility":"","ast-main-header-display":"","ast-hfb-above-header-display":"","ast-hfb-below-header-display":"","ast-hfb-mobile-header-display":"","site-post-title":"","ast-breadcrumbs-content":"","ast-featured-img":"","footer-sml-layout":"","ast-disable-related-posts":"","theme-transparent-header-meta":"","adv-header-id-meta":"","stick-header-meta":"","header-above-stick-meta":"","header-main-stick-meta":"","header-below-stick-meta":"","astra-migrate-meta-layouts":"default","ast-page-background-enabled":"default","ast-page-background-meta":{"desktop":{"background-color":"var(--ast-global-color-4)","background-image":"","background-repeat":"repeat","background-position":"center center","background-size":"auto","background-attachment":"scroll","background-type":"","background-media":"","overlay-type":"","overlay-color":"","overlay-opacity":"","overlay-gradient":""},"tablet":{"background-color":"","background-image":"","background-repeat":"repeat","background-position":"center center","background-size":"auto","background-attachment":"scroll","background-type":"","background-media":"","overlay-type":"","overlay-color":"","overlay-opacity":"","overlay-gradient":""},"mobile":{"background-color":"","background-image":"","background-repeat":"repeat","background-position":"center center","background-size":"auto","background-attachment":"scroll","background-type":"","background-media":"","overlay-type":"","overlay-color":"","overlay-opacity":"","overlay-gradient":""}},"ast-content-background-meta":{"desktop":{"background-color":"var(--ast-global-color-5)","background-image":"","background-repeat":"repeat","background-position":"center center","background-size":"auto","background-attachment":"scroll","background-type":"","background-media":"","overlay-type":"","overlay-color":"","overlay-opacity":"","overlay-gradient":""},"tablet":{"background-color":"var(--ast-global-color-5)","background-image":"","background-repeat":"repeat","background-position":"center center","background-size":"auto","background-attachment":"scroll","background-type":"","background-media":"","overlay-type":"","overlay-color":"","overlay-opacity":"","overlay-gradient":""},"mobile":{"background-color":"var(--ast-global-color-5)","background-image":"","background-repeat":"repeat","background-position":"center center","background-size":"auto","background-attachment":"scroll","background-type":"","background-media":"","overlay-type":"","overlay-color":"","overlay-opacity":"","overlay-gradient":""}},"footnotes":""},"categories":[14],"tags":[51,57],"coauthors":[20],"class_list":["post-17779","post","type-post","status-publish","format-standard","has-post-thumbnail","hentry","category-article","tag-pracovniodevy","tag-udrzitelnost"],"acf":[],"yoast_head":"<!-- This site is optimized with the Yoast SEO plugin v27.2 - https:\/\/yoast.com\/product\/yoast-seo-wordpress\/ -->\n<title>Uhl\u00edkov\u00e1 stopa a textiln\u00ed odpad - Lindstr\u00f6m Czech<\/title>\n<meta name=\"description\" content=\"D\u016fle\u017eitou v\u011bc\u00ed, kterou m\u016f\u017eeme m\u011b\u0159it a v\u011bdom\u011b d\u011blat, je sni\u017eov\u00e1n\u00ed uhl\u00edkov\u00e9 stopy. Jak v na\u0161\u00ed firm\u011b ke sn\u00ed\u017een\u00ed dopom\u00e1h\u00e1me?\" \/>\n<meta name=\"robots\" content=\"index, follow, max-snippet:-1, max-image-preview:large, max-video-preview:-1\" \/>\n<meta property=\"og:locale\" content=\"cs_CZ\" \/>\n<meta property=\"og:type\" content=\"article\" \/>\n<meta property=\"og:title\" content=\"Uhl\u00edkov\u00e1 stopa a textiln\u00ed odpad - Lindstr\u00f6m Czech\" \/>\n<meta property=\"og:description\" content=\"D\u016fle\u017eitou v\u011bc\u00ed, kterou m\u016f\u017eeme m\u011b\u0159it a v\u011bdom\u011b d\u011blat, je sni\u017eov\u00e1n\u00ed uhl\u00edkov\u00e9 stopy. Jak v na\u0161\u00ed firm\u011b ke sn\u00ed\u017een\u00ed dopom\u00e1h\u00e1me?\" \/>\n<meta property=\"og:url\" content=\"https:\/\/lindstromgroup.com\/cz\/article\/uhlikova-stopa-a-textilni-odpad\/\" \/>\n<meta property=\"og:site_name\" content=\"Lindstr\u00f6m Czech\" \/>\n<meta property=\"article:published_time\" content=\"2020-11-20T18:26:00+00:00\" \/>\n<meta property=\"article:modified_time\" content=\"2025-05-26T13:23:36+00:00\" \/>\n<meta property=\"og:image\" content=\"https:\/\/lindstrom-sites.s3.eu-north-1.amazonaws.com\/wp-content\/uploads\/sites\/25\/2024\/04\/lindstromgroup-uhlikova-stopa.jpg\" \/>\n\t<meta property=\"og:image:width\" content=\"1280\" \/>\n\t<meta property=\"og:image:height\" content=\"795\" \/>\n\t<meta property=\"og:image:type\" content=\"image\/jpeg\" \/>\n<meta name=\"author\" content=\"Lindstr\u00f6m Group\" \/>\n<meta name=\"twitter:card\" content=\"summary_large_image\" \/>\n<meta name=\"twitter:label1\" content=\"Napsal(a)\" \/>\n\t<meta name=\"twitter:data1\" content=\"Lindstr\u00f6m Group\" \/>\n\t<meta name=\"twitter:label2\" content=\"Odhadovan\u00e1 doba \u010dten\u00ed\" \/>\n\t<meta name=\"twitter:data2\" content=\"6 minut\" \/>\n\t<meta name=\"twitter:label3\" content=\"Written by\" \/>\n\t<meta name=\"twitter:data3\" content=\"Lindstr\u00f6m Group\" \/>\n<script type=\"application\/ld+json\" class=\"yoast-schema-graph\">{\"@context\":\"https:\/\/schema.org\",\"@graph\":[{\"@type\":\"Article\",\"@id\":\"https:\/\/lindstromgroup.com\/cz\/article\/uhlikova-stopa-a-textilni-odpad\/#article\",\"isPartOf\":{\"@id\":\"https:\/\/lindstromgroup.com\/cz\/article\/uhlikova-stopa-a-textilni-odpad\/\"},\"author\":{\"name\":\"Lindstr\u00f6m Group\",\"@id\":\"https:\/\/lindstromgroup.com\/cz\/#\/schema\/person\/9111900e3f15be99cf4a104112bf0bc3\"},\"headline\":\"Uhl\u00edkov\u00e1 stopa a textiln\u00ed odpad\",\"datePublished\":\"2020-11-20T18:26:00+00:00\",\"dateModified\":\"2025-05-26T13:23:36+00:00\",\"mainEntityOfPage\":{\"@id\":\"https:\/\/lindstromgroup.com\/cz\/article\/uhlikova-stopa-a-textilni-odpad\/\"},\"wordCount\":1210,\"publisher\":{\"@id\":\"https:\/\/lindstromgroup.com\/cz\/#organization\"},\"image\":{\"@id\":\"https:\/\/lindstromgroup.com\/cz\/article\/uhlikova-stopa-a-textilni-odpad\/#primaryimage\"},\"thumbnailUrl\":\"https:\/\/d2ris6qfzcz0wn.cloudfront.net\/wp-content\/uploads\/sites\/25\/2024\/04\/lindstromgroup-uhlikova-stopa.jpg\",\"keywords\":[\"#pracovniodevy\",\"#udrzitelnost\"],\"articleSection\":[\"\u010cl\u00e1nek\"],\"inLanguage\":\"cs\"},{\"@type\":\"WebPage\",\"@id\":\"https:\/\/lindstromgroup.com\/cz\/article\/uhlikova-stopa-a-textilni-odpad\/\",\"url\":\"https:\/\/lindstromgroup.com\/cz\/article\/uhlikova-stopa-a-textilni-odpad\/\",\"name\":\"Uhl\u00edkov\u00e1 stopa a textiln\u00ed odpad - Lindstr\u00f6m Czech\",\"isPartOf\":{\"@id\":\"https:\/\/lindstromgroup.com\/cz\/#website\"},\"primaryImageOfPage\":{\"@id\":\"https:\/\/lindstromgroup.com\/cz\/article\/uhlikova-stopa-a-textilni-odpad\/#primaryimage\"},\"image\":{\"@id\":\"https:\/\/lindstromgroup.com\/cz\/article\/uhlikova-stopa-a-textilni-odpad\/#primaryimage\"},\"thumbnailUrl\":\"https:\/\/d2ris6qfzcz0wn.cloudfront.net\/wp-content\/uploads\/sites\/25\/2024\/04\/lindstromgroup-uhlikova-stopa.jpg\",\"datePublished\":\"2020-11-20T18:26:00+00:00\",\"dateModified\":\"2025-05-26T13:23:36+00:00\",\"description\":\"D\u016fle\u017eitou v\u011bc\u00ed, kterou m\u016f\u017eeme m\u011b\u0159it a v\u011bdom\u011b d\u011blat, je sni\u017eov\u00e1n\u00ed uhl\u00edkov\u00e9 stopy. Jak v na\u0161\u00ed firm\u011b ke sn\u00ed\u017een\u00ed dopom\u00e1h\u00e1me?\",\"breadcrumb\":{\"@id\":\"https:\/\/lindstromgroup.com\/cz\/article\/uhlikova-stopa-a-textilni-odpad\/#breadcrumb\"},\"inLanguage\":\"cs\",\"potentialAction\":[{\"@type\":\"ReadAction\",\"target\":[\"https:\/\/lindstromgroup.com\/cz\/article\/uhlikova-stopa-a-textilni-odpad\/\"]}]},{\"@type\":\"ImageObject\",\"inLanguage\":\"cs\",\"@id\":\"https:\/\/lindstromgroup.com\/cz\/article\/uhlikova-stopa-a-textilni-odpad\/#primaryimage\",\"url\":\"https:\/\/d2ris6qfzcz0wn.cloudfront.net\/wp-content\/uploads\/sites\/25\/2024\/04\/lindstromgroup-uhlikova-stopa.jpg\",\"contentUrl\":\"https:\/\/d2ris6qfzcz0wn.cloudfront.net\/wp-content\/uploads\/sites\/25\/2024\/04\/lindstromgroup-uhlikova-stopa.jpg\",\"width\":1280,\"height\":795},{\"@type\":\"BreadcrumbList\",\"@id\":\"https:\/\/lindstromgroup.com\/cz\/article\/uhlikova-stopa-a-textilni-odpad\/#breadcrumb\",\"itemListElement\":[{\"@type\":\"ListItem\",\"position\":1,\"name\":\"Home\",\"item\":\"https:\/\/lindstromgroup.com\/cz\/\"},{\"@type\":\"ListItem\",\"position\":2,\"name\":\"\u010cl\u00e1nek\",\"item\":\"https:\/\/lindstromgroup.com\/cz\/category\/article\/\"},{\"@type\":\"ListItem\",\"position\":3,\"name\":\"Uhl\u00edkov\u00e1 stopa a textiln\u00ed odpad\"}]},{\"@type\":\"WebSite\",\"@id\":\"https:\/\/lindstromgroup.com\/cz\/#website\",\"url\":\"https:\/\/lindstromgroup.com\/cz\/\",\"name\":\"Lindstr\u00f6m Czech\",\"description\":\"\",\"publisher\":{\"@id\":\"https:\/\/lindstromgroup.com\/cz\/#organization\"},\"potentialAction\":[{\"@type\":\"SearchAction\",\"target\":{\"@type\":\"EntryPoint\",\"urlTemplate\":\"https:\/\/lindstromgroup.com\/cz\/?s={search_term_string}\"},\"query-input\":{\"@type\":\"PropertyValueSpecification\",\"valueRequired\":true,\"valueName\":\"search_term_string\"}}],\"inLanguage\":\"cs\"},{\"@type\":\"Organization\",\"@id\":\"https:\/\/lindstromgroup.com\/cz\/#organization\",\"name\":\"Lindstr\u00f6m\",\"url\":\"https:\/\/lindstromgroup.com\/cz\/\",\"logo\":{\"@type\":\"ImageObject\",\"inLanguage\":\"cs\",\"@id\":\"https:\/\/lindstromgroup.com\/cz\/#\/schema\/logo\/image\/\",\"url\":\"https:\/\/d2ris6qfzcz0wn.cloudfront.net\/wp-content\/uploads\/sites\/25\/2023\/10\/Logo512.png\",\"contentUrl\":\"https:\/\/d2ris6qfzcz0wn.cloudfront.net\/wp-content\/uploads\/sites\/25\/2023\/10\/Logo512.png\",\"width\":512,\"height\":109,\"caption\":\"Lindstr\u00f6m\"},\"image\":{\"@id\":\"https:\/\/lindstromgroup.com\/cz\/#\/schema\/logo\/image\/\"}},{\"@type\":\"Person\",\"@id\":\"https:\/\/lindstromgroup.com\/cz\/#\/schema\/person\/9111900e3f15be99cf4a104112bf0bc3\",\"name\":\"Lindstr\u00f6m Group\",\"image\":{\"@type\":\"ImageObject\",\"inLanguage\":\"cs\",\"@id\":\"https:\/\/secure.gravatar.com\/avatar\/db72e9a46e0f7c5c437401114209c070c0ed0871f3f73ed82792b5cf14c95b5c?s=96&d=mm&r=g93dbf206f3a4403aba72a0da0a795367\",\"url\":\"https:\/\/secure.gravatar.com\/avatar\/db72e9a46e0f7c5c437401114209c070c0ed0871f3f73ed82792b5cf14c95b5c?s=96&d=mm&r=g\",\"contentUrl\":\"https:\/\/secure.gravatar.com\/avatar\/db72e9a46e0f7c5c437401114209c070c0ed0871f3f73ed82792b5cf14c95b5c?s=96&d=mm&r=g\",\"caption\":\"Lindstr\u00f6m Group\"}}]}<\/script>\n<!-- \/ Yoast SEO plugin. -->","yoast_head_json":{"title":"Uhl\u00edkov\u00e1 stopa a textiln\u00ed odpad - Lindstr\u00f6m Czech","description":"D\u016fle\u017eitou v\u011bc\u00ed, kterou m\u016f\u017eeme m\u011b\u0159it a v\u011bdom\u011b d\u011blat, je sni\u017eov\u00e1n\u00ed uhl\u00edkov\u00e9 stopy. Jak v na\u0161\u00ed firm\u011b ke sn\u00ed\u017een\u00ed dopom\u00e1h\u00e1me?","robots":{"index":"index","follow":"follow","max-snippet":"max-snippet:-1","max-image-preview":"max-image-preview:large","max-video-preview":"max-video-preview:-1"},"og_locale":"cs_CZ","og_type":"article","og_title":"Uhl\u00edkov\u00e1 stopa a textiln\u00ed odpad - Lindstr\u00f6m Czech","og_description":"D\u016fle\u017eitou v\u011bc\u00ed, kterou m\u016f\u017eeme m\u011b\u0159it a v\u011bdom\u011b d\u011blat, je sni\u017eov\u00e1n\u00ed uhl\u00edkov\u00e9 stopy. Jak v na\u0161\u00ed firm\u011b ke sn\u00ed\u017een\u00ed dopom\u00e1h\u00e1me?","og_url":"https:\/\/lindstromgroup.com\/cz\/article\/uhlikova-stopa-a-textilni-odpad\/","og_site_name":"Lindstr\u00f6m Czech","article_published_time":"2020-11-20T18:26:00+00:00","article_modified_time":"2025-05-26T13:23:36+00:00","og_image":[{"width":1280,"height":795,"url":"https:\/\/lindstrom-sites.s3.eu-north-1.amazonaws.com\/wp-content\/uploads\/sites\/25\/2024\/04\/lindstromgroup-uhlikova-stopa.jpg","type":"image\/jpeg"}],"author":"Lindstr\u00f6m Group","twitter_card":"summary_large_image","twitter_misc":{"Napsal(a)":"Lindstr\u00f6m Group","Odhadovan\u00e1 doba \u010dten\u00ed":"6 minut","Written by":"Lindstr\u00f6m Group"},"schema":{"@context":"https:\/\/schema.org","@graph":[{"@type":"Article","@id":"https:\/\/lindstromgroup.com\/cz\/article\/uhlikova-stopa-a-textilni-odpad\/#article","isPartOf":{"@id":"https:\/\/lindstromgroup.com\/cz\/article\/uhlikova-stopa-a-textilni-odpad\/"},"author":{"name":"Lindstr\u00f6m Group","@id":"https:\/\/lindstromgroup.com\/cz\/#\/schema\/person\/9111900e3f15be99cf4a104112bf0bc3"},"headline":"Uhl\u00edkov\u00e1 stopa a textiln\u00ed odpad","datePublished":"2020-11-20T18:26:00+00:00","dateModified":"2025-05-26T13:23:36+00:00","mainEntityOfPage":{"@id":"https:\/\/lindstromgroup.com\/cz\/article\/uhlikova-stopa-a-textilni-odpad\/"},"wordCount":1210,"publisher":{"@id":"https:\/\/lindstromgroup.com\/cz\/#organization"},"image":{"@id":"https:\/\/lindstromgroup.com\/cz\/article\/uhlikova-stopa-a-textilni-odpad\/#primaryimage"},"thumbnailUrl":"https:\/\/d2ris6qfzcz0wn.cloudfront.net\/wp-content\/uploads\/sites\/25\/2024\/04\/lindstromgroup-uhlikova-stopa.jpg","keywords":["#pracovniodevy","#udrzitelnost"],"articleSection":["\u010cl\u00e1nek"],"inLanguage":"cs"},{"@type":"WebPage","@id":"https:\/\/lindstromgroup.com\/cz\/article\/uhlikova-stopa-a-textilni-odpad\/","url":"https:\/\/lindstromgroup.com\/cz\/article\/uhlikova-stopa-a-textilni-odpad\/","name":"Uhl\u00edkov\u00e1 stopa a textiln\u00ed odpad - Lindstr\u00f6m Czech","isPartOf":{"@id":"https:\/\/lindstromgroup.com\/cz\/#website"},"primaryImageOfPage":{"@id":"https:\/\/lindstromgroup.com\/cz\/article\/uhlikova-stopa-a-textilni-odpad\/#primaryimage"},"image":{"@id":"https:\/\/lindstromgroup.com\/cz\/article\/uhlikova-stopa-a-textilni-odpad\/#primaryimage"},"thumbnailUrl":"https:\/\/d2ris6qfzcz0wn.cloudfront.net\/wp-content\/uploads\/sites\/25\/2024\/04\/lindstromgroup-uhlikova-stopa.jpg","datePublished":"2020-11-20T18:26:00+00:00","dateModified":"2025-05-26T13:23:36+00:00","description":"D\u016fle\u017eitou v\u011bc\u00ed, kterou m\u016f\u017eeme m\u011b\u0159it a v\u011bdom\u011b d\u011blat, je sni\u017eov\u00e1n\u00ed uhl\u00edkov\u00e9 stopy. Jak v na\u0161\u00ed firm\u011b ke sn\u00ed\u017een\u00ed dopom\u00e1h\u00e1me?","breadcrumb":{"@id":"https:\/\/lindstromgroup.com\/cz\/article\/uhlikova-stopa-a-textilni-odpad\/#breadcrumb"},"inLanguage":"cs","potentialAction":[{"@type":"ReadAction","target":["https:\/\/lindstromgroup.com\/cz\/article\/uhlikova-stopa-a-textilni-odpad\/"]}]},{"@type":"ImageObject","inLanguage":"cs","@id":"https:\/\/lindstromgroup.com\/cz\/article\/uhlikova-stopa-a-textilni-odpad\/#primaryimage","url":"https:\/\/d2ris6qfzcz0wn.cloudfront.net\/wp-content\/uploads\/sites\/25\/2024\/04\/lindstromgroup-uhlikova-stopa.jpg","contentUrl":"https:\/\/d2ris6qfzcz0wn.cloudfront.net\/wp-content\/uploads\/sites\/25\/2024\/04\/lindstromgroup-uhlikova-stopa.jpg","width":1280,"height":795},{"@type":"BreadcrumbList","@id":"https:\/\/lindstromgroup.com\/cz\/article\/uhlikova-stopa-a-textilni-odpad\/#breadcrumb","itemListElement":[{"@type":"ListItem","position":1,"name":"Home","item":"https:\/\/lindstromgroup.com\/cz\/"},{"@type":"ListItem","position":2,"name":"\u010cl\u00e1nek","item":"https:\/\/lindstromgroup.com\/cz\/category\/article\/"},{"@type":"ListItem","position":3,"name":"Uhl\u00edkov\u00e1 stopa a textiln\u00ed odpad"}]},{"@type":"WebSite","@id":"https:\/\/lindstromgroup.com\/cz\/#website","url":"https:\/\/lindstromgroup.com\/cz\/","name":"Lindstr\u00f6m Czech","description":"","publisher":{"@id":"https:\/\/lindstromgroup.com\/cz\/#organization"},"potentialAction":[{"@type":"SearchAction","target":{"@type":"EntryPoint","urlTemplate":"https:\/\/lindstromgroup.com\/cz\/?s={search_term_string}"},"query-input":{"@type":"PropertyValueSpecification","valueRequired":true,"valueName":"search_term_string"}}],"inLanguage":"cs"},{"@type":"Organization","@id":"https:\/\/lindstromgroup.com\/cz\/#organization","name":"Lindstr\u00f6m","url":"https:\/\/lindstromgroup.com\/cz\/","logo":{"@type":"ImageObject","inLanguage":"cs","@id":"https:\/\/lindstromgroup.com\/cz\/#\/schema\/logo\/image\/","url":"https:\/\/d2ris6qfzcz0wn.cloudfront.net\/wp-content\/uploads\/sites\/25\/2023\/10\/Logo512.png","contentUrl":"https:\/\/d2ris6qfzcz0wn.cloudfront.net\/wp-content\/uploads\/sites\/25\/2023\/10\/Logo512.png","width":512,"height":109,"caption":"Lindstr\u00f6m"},"image":{"@id":"https:\/\/lindstromgroup.com\/cz\/#\/schema\/logo\/image\/"}},{"@type":"Person","@id":"https:\/\/lindstromgroup.com\/cz\/#\/schema\/person\/9111900e3f15be99cf4a104112bf0bc3","name":"Lindstr\u00f6m Group","image":{"@type":"ImageObject","inLanguage":"cs","@id":"https:\/\/secure.gravatar.com\/avatar\/db72e9a46e0f7c5c437401114209c070c0ed0871f3f73ed82792b5cf14c95b5c?s=96&d=mm&r=g93dbf206f3a4403aba72a0da0a795367","url":"https:\/\/secure.gravatar.com\/avatar\/db72e9a46e0f7c5c437401114209c070c0ed0871f3f73ed82792b5cf14c95b5c?s=96&d=mm&r=g","contentUrl":"https:\/\/secure.gravatar.com\/avatar\/db72e9a46e0f7c5c437401114209c070c0ed0871f3f73ed82792b5cf14c95b5c?s=96&d=mm&r=g","caption":"Lindstr\u00f6m Group"}}]}},"publishpress_future_workflow_manual_trigger":{"enabledWorkflows":[]},"distributor_meta":false,"distributor_terms":false,"distributor_media":false,"distributor_original_site_name":"Lindstr\u00f6m Czech","distributor_original_site_url":"https:\/\/lindstromgroup.com\/cz","push-errors":false,"_links":{"self":[{"href":"https:\/\/lindstromgroup.com\/cz\/wp-json\/wp\/v2\/posts\/17779","targetHints":{"allow":["GET"]}}],"collection":[{"href":"https:\/\/lindstromgroup.com\/cz\/wp-json\/wp\/v2\/posts"}],"about":[{"href":"https:\/\/lindstromgroup.com\/cz\/wp-json\/wp\/v2\/types\/post"}],"author":[{"embeddable":true,"href":"https:\/\/lindstromgroup.com\/cz\/wp-json\/wp\/v2\/users\/14"}],"replies":[{"embeddable":true,"href":"https:\/\/lindstromgroup.com\/cz\/wp-json\/wp\/v2\/comments?post=17779"}],"version-history":[{"count":0,"href":"https:\/\/lindstromgroup.com\/cz\/wp-json\/wp\/v2\/posts\/17779\/revisions"}],"wp:featuredmedia":[{"embeddable":true,"href":"https:\/\/lindstromgroup.com\/cz\/wp-json\/wp\/v2\/media\/17780"}],"wp:attachment":[{"href":"https:\/\/lindstromgroup.com\/cz\/wp-json\/wp\/v2\/media?parent=17779"}],"wp:term":[{"taxonomy":"category","embeddable":true,"href":"https:\/\/lindstromgroup.com\/cz\/wp-json\/wp\/v2\/categories?post=17779"},{"taxonomy":"post_tag","embeddable":true,"href":"https:\/\/lindstromgroup.com\/cz\/wp-json\/wp\/v2\/tags?post=17779"},{"taxonomy":"author","embeddable":true,"href":"https:\/\/lindstromgroup.com\/cz\/wp-json\/wp\/v2\/coauthors?post=17779"}],"curies":[{"name":"wp","href":"https:\/\/api.w.org\/{rel}","templated":true}]}}